{"id":21731,"date":"2016-08-18T18:56:31","date_gmt":"2016-08-18T21:56:31","guid":{"rendered":"http:\/\/blogdoprosperi.com\/?p=21731"},"modified":"2016-08-18T19:00:47","modified_gmt":"2016-08-18T22:00:47","slug":"corinthians-se-esfarela-com-saida-de-jogadores-e-cristovao-borges-sob-ameaca","status":"publish","type":"post","link":"https:\/\/blogdoprosperi.com\/?p=21731","title":{"rendered":"Corinthians se esfarela com sa\u00edda de jogadores e Crist\u00f3v\u00e3o Borges sob amea\u00e7a"},"content":{"rendered":"<p><span class=\"alignnone\"><a href=\"http:\/\/blogdoprosperi.com\/2016\/08\/14\/corinthians-se-enfraquece-na-disputa-do-titulo-e-cristovao-borges-pode-pagar-a-conta-que-nao-e-dele\/\"><img data-recalc-dims=\"1\" loading=\"lazy\" decoding=\"async\" data-attachment-id=\"21791\" data-permalink=\"https:\/\/blogdoprosperi.com\/?attachment_id=21791\" data-orig-file=\"https:\/\/i0.wp.com\/blogdoprosperi.com\/wp-content\/uploads\/2016\/08\/1232.jpg?fit=620%2C465&amp;ssl=1\" data-orig-size=\"620,465\" data-comments-opened=\"1\" data-image-meta=\"{&quot;aperture&quot;:&quot;0&quot;,&quot;credit&quot;:&quot;&quot;,&quot;camera&quot;:&quot;&quot;,&quot;caption&quot;:&quot;&quot;,&quot;created_timestamp&quot;:&quot;0&quot;,&quot;copyright&quot;:&quot;&quot;,&quot;focal_length&quot;:&quot;0&quot;,&quot;iso&quot;:&quot;0&quot;,&quot;shutter_speed&quot;:&quot;0&quot;,&quot;title&quot;:&quot;&quot;,&quot;orientation&quot;:&quot;0&quot;}\" data-image-title=\"1232\" data-image-description=\"\" data-image-caption=\"\" data-large-file=\"https:\/\/i0.wp.com\/blogdoprosperi.com\/wp-content\/uploads\/2016\/08\/1232.jpg?fit=620%2C465&amp;ssl=1\" class=\"alignnone size-full wp-image-21791\" src=\"https:\/\/i0.wp.com\/blogdoprosperi.com\/wp-content\/uploads\/2016\/08\/1232.jpg?resize=620%2C465&#038;ssl=1\" alt=\"1232\" width=\"620\" height=\"465\" \/><\/a><\/span><\/p>\n<p><a href=\"http:\/\/blogdoprosperi.com\/2016\/08\/14\/corinthians-se-enfraquece-na-disputa-do-titulo-e-cristovao-borges-pode-pagar-a-conta-que-nao-e-dele\/\">Corinthians<\/a> vai perder dois jogadores nesta janela de transfer\u00eancia no futebol europeu. Luciano, atacante em baixa no time, pediu para jogar no modesto Legan\u00e9s, da Espanha, e Bruno Henrique, volante titular, tem proposta de clubes italianos. Diante da sa\u00edda iminente dos dois e com o treinador <a href=\"http:\/\/blogdoprosperi.com\/2016\/08\/08\/corinthians-ve-palmeiras-campeao-do-primeiro-turno-e-nao-tera-vida-facil-na-segunda-parte-do-brasileirao\/\">Crist\u00f3v\u00e3o Borges <\/a>sob amea\u00e7a de cair, se n\u00e3o retomar a rota de vit\u00f3rias, o atual campe\u00e3o brasileiro pode embicar ladeira abaixo.<!--more--><\/p>\n<p>Insatisfeito no banco de reservas e pouco utilizado por Crist\u00f3v\u00e3o, Luciano pode ser negociado por empr\u00e9stimo com Legan\u00e9s, promovido \u00e0 S\u00e9rie A do Campeonato Espanhol nesta temporada.<\/p>\n<p>Bruno Henrique, informa o site calciomercato.it, deve tomar o rumo do Palermo. Clube italiano oferece 3,5 milh\u00f5es de euros (R$ 12,7 milh\u00f5es). Titular com Tite desde a sa\u00edda de Ralf, no in\u00edcio do ano, e tamb\u00e9m com o novo treinador, o jogador n\u00e3o descarta a transfer\u00eancia ao futebol europeu.<\/p>\n<p>Se perder Bruno Henrique, Williams, encostado pelo t\u00e9cnico, jogaria ao lado de Elias, outro em descr\u00e9dito com a torcida e louco para ir embora.<\/p>\n<figure id=\"attachment_21793\" aria-describedby=\"caption-attachment-21793\" style=\"width: 850px\" class=\"wp-caption alignnone\"><img data-recalc-dims=\"1\" loading=\"lazy\" decoding=\"async\" data-attachment-id=\"21793\" data-permalink=\"https:\/\/blogdoprosperi.com\/?attachment_id=21793\" data-orig-file=\"https:\/\/i0.wp.com\/blogdoprosperi.com\/wp-content\/uploads\/2016\/08\/andrc3a92.jpg?fit=850%2C567&amp;ssl=1\" data-orig-size=\"850,567\" data-comments-opened=\"1\" data-image-meta=\"{&quot;aperture&quot;:&quot;5.6&quot;,&quot;credit&quot;:&quot;() \\u00a9 Jr., Daniel Augusto&quot;,&quot;camera&quot;:&quot;Canon EOS-1D X&quot;,&quot;caption&quot;:&quot;durante o treino esta manha no CT Joaquim Grava, zona leste da cidade. O proximo jogo da equipe sera amanha, dia 14\/02 contra o Sao Paulo\/SP, na Arena Corinthians  pela 4a. rodada do Campeonato Paulista 2016. Juiz: Luis Flavio de Oliveira - Sao Paulo \/ SP - Brasil - 13\/02\/2016. Foto: \\u00a9 Daniel Augusto Jr. \/ Ag. Corinthians&quot;,&quot;created_timestamp&quot;:&quot;1455368084&quot;,&quot;copyright&quot;:&quot;Esta imagem e protegida pela Lei do Direito Autoral. Sua publicacao sem autorizacao constitui contrafacao grave a Lei 9610\/98 e&quot;,&quot;focal_length&quot;:&quot;420&quot;,&quot;iso&quot;:&quot;160&quot;,&quot;shutter_speed&quot;:&quot;0.00125&quot;,&quot;title&quot;:&quot;() SPO&quot;,&quot;orientation&quot;:&quot;1&quot;}\" data-image-title=\"() SPO\" data-image-description=\"\" data-image-caption=\"&lt;p&gt;durante o treino esta manha no CT Joaquim Grava, zona leste da cidade. O proximo jogo da equipe sera amanha, dia 14\/02 contra o Sao Paulo\/SP, na Arena Corinthians  pela 4a. rodada do Campeonato Paulista 2016. Juiz: Luis Flavio de Oliveira &amp;#8211; Sao Paulo \/ SP &amp;#8211; Brasil &amp;#8211; 13\/02\/2016. Foto: \u00a9 Daniel Augusto Jr. \/ Ag. Corinthians&lt;\/p&gt;\n\" data-large-file=\"https:\/\/i0.wp.com\/blogdoprosperi.com\/wp-content\/uploads\/2016\/08\/andrc3a92.jpg?fit=850%2C567&amp;ssl=1\" class=\"alignnone size-full wp-image-21793\" src=\"https:\/\/i0.wp.com\/blogdoprosperi.com\/wp-content\/uploads\/2016\/08\/andrc3a92.jpg?resize=850%2C567&#038;ssl=1\" alt=\"() SPO\" width=\"850\" height=\"567\" \/><figcaption id=\"caption-attachment-21793\" class=\"wp-caption-text\">Andr\u00e9 n\u00e3o tem vida f\u00e1cil no Corinthians &#8211; Foto: Ag\u00eancia Corinthians<\/figcaption><\/figure>\n<p>As duas eventuais baixas enfraquecem o Corinthians e complicam ainda mais a situa\u00e7\u00e3o de Crist\u00f3v\u00e3o. O treinador pede refor\u00e7os. Dirigentes negam e insistem em dizer que o grupo \u00e9 forte. Argumentam que o caixa est\u00e1 vazio e n\u00e3o h\u00e1 boas alternativas no mercado.<\/p>\n<p>Sem op\u00e7\u00f5es, o t\u00e9cnico pretende sustentar o <a href=\"http:\/\/blogdoprosperi.com\/2016\/08\/04\/corinthians-sem-atacantes-de-lastro-cai-aos-pes-do-gordinho-walter\/\">atacante Andr\u00e9, detestado pela torcida, <\/a>como seu centroavante titular. Conta ainda com a volta do velho Danilo, recuperado de les\u00e3o, e mais Romero, Lucca e Rildo como op\u00e7\u00f5es de ataque. Sem falar de dois jovens, Gabriel Vasconcelos e Isaac. D\u00e3o para o gasto?<\/p>\n<p>Fora os problemas na linha de frente, o treinador promete mudar o time com a entrada de Guilherme e Marlone nos lugares de Giovanni Augusto e Marquinhos Gabriel. Convenhamos, seria seis por meia-d\u00fazia.<\/p>\n<figure id=\"attachment_21792\" aria-describedby=\"caption-attachment-21792\" style=\"width: 1237px\" class=\"wp-caption alignnone\"><img data-recalc-dims=\"1\" loading=\"lazy\" decoding=\"async\" data-attachment-id=\"21792\" data-permalink=\"https:\/\/blogdoprosperi.com\/?attachment_id=21792\" data-orig-file=\"https:\/\/i0.wp.com\/blogdoprosperi.com\/wp-content\/uploads\/2016\/08\/marlone4.jpg?fit=1237%2C842&amp;ssl=1\" data-orig-size=\"1237,842\" data-comments-opened=\"1\" data-image-meta=\"{&quot;aperture&quot;:&quot;0&quot;,&quot;credit&quot;:&quot;&quot;,&quot;camera&quot;:&quot;&quot;,&quot;caption&quot;:&quot;&quot;,&quot;created_timestamp&quot;:&quot;0&quot;,&quot;copyright&quot;:&quot;&quot;,&quot;focal_length&quot;:&quot;0&quot;,&quot;iso&quot;:&quot;0&quot;,&quot;shutter_speed&quot;:&quot;0&quot;,&quot;title&quot;:&quot;&quot;,&quot;orientation&quot;:&quot;0&quot;}\" data-image-title=\"marlone4\" data-image-description=\"\" data-image-caption=\"\" data-large-file=\"https:\/\/i0.wp.com\/blogdoprosperi.com\/wp-content\/uploads\/2016\/08\/marlone4.jpg?fit=940%2C640&amp;ssl=1\" class=\"alignnone size-full wp-image-21792\" src=\"https:\/\/i0.wp.com\/blogdoprosperi.com\/wp-content\/uploads\/2016\/08\/marlone4.jpg?resize=940%2C640&#038;ssl=1\" alt=\"marlone4\" width=\"940\" height=\"640\" \/><figcaption id=\"caption-attachment-21792\" class=\"wp-caption-text\">Marlene vira solu\u00e7\u00e3o no time de incertezas<\/figcaption><\/figure>\n<p>Diante desse quadro de pen\u00faria e de resultados ruins, a passagem de Crist\u00f3v\u00e3o Borges deve ser abreviada no Corinthians.<\/p>\n<p>Derrotas para Atl\u00e9tico-PR (2 a 0) e Gr\u00eamio (3 a 0) fora de casa e empate (1 a 1) contra Cruzeiro no Pacaembu preencheram o bilhete vermelho ao treinador. E ser\u00e1 entregue diretamente a Crist\u00f3v\u00e3o se o time n\u00e3o vencer o Vit\u00f3ria nesta segunda-feira (22\/8) na volta ao Itaquer\u00e3o.<\/p>\n","protected":false},"excerpt":{"rendered":"<p>Corinthians vai perder dois jogadores nesta janela de transfer\u00eancia no futebol europeu. Luciano, atacante em baixa no time, [&hellip;]<\/p>\n","protected":false},"author":102107496,"featured_media":0,"comment_status":"open","ping_status":"open","sticky":false,"template":"","format":"standard","meta":{"_coblocks_attr":"","_coblocks_dimensions":"","_coblocks_responsive_height":"","_coblocks_accordion_ie_support":"","_jetpack_newsletter_access":"","_jetpack_dont_email_post_to_subs":false,"_jetpack_newsletter_tier_id":0,"_jetpack_memberships_contains_paywalled_content":false,"_wpcom_ai_launchpad_first_post":false,"_jetpack_feature_clip_id":0,"_jetpack_memberships_contains_paid_content":false,"footnotes":"","jetpack_publicize_message":"","jetpack_publicize_feature_enabled":true,"jetpack_social_post_already_shared":false,"jetpack_social_options":{"image_generator_settings":{"template":"highway","default_image_id":0,"font":"","enabled":false},"version":2},"jetpack_post_was_ever_published":false},"categories":[355071,53870],"tags":[458467419,362595295,20897925,177066,63615441,789560560],"class_list":["post-21731","post","type-post","status-publish","format-standard","hentry","category-campeonato-brasileiro","category-futebol","tag-andre-corinthians","tag-brasileirao-2016","tag-bruno-henrique","tag-corinthians","tag-cristovao-borges","tag-futebol"],"yoast_head":"<!-- This site is optimized with the Yoast SEO plugin v28.4 - https:\/\/yoast.com\/product\/yoast-seo-wordpress\/ -->\n<title>Corinthians se esfarela com sa\u00edda de jogadores e Crist\u00f3v\u00e3o Borges sob amea\u00e7a - PR\u00d3SPERI NEWS<\/title>\n<meta name=\"robots\" content=\"index, follow, max-snippet:-1, max-image-preview:large, max-video-preview:-1\" \/>\n<link rel=\"canonical\" href=\"https:\/\/blogdoprosperi.com\/?p=21731\" \/>\n<meta property=\"og:locale\" content=\"pt_BR\" \/>\n<meta property=\"og:type\" content=\"article\" \/>\n<meta property=\"og:title\" content=\"Corinthians se esfarela com sa\u00edda de jogadores e Crist\u00f3v\u00e3o Borges sob amea\u00e7a - PR\u00d3SPERI NEWS\" \/>\n<meta property=\"og:description\" content=\"Corinthians vai perder dois jogadores nesta janela de transfer\u00eancia no futebol europeu. Luciano, atacante em baixa no time, [&hellip;]\" \/>\n<meta property=\"og:url\" content=\"https:\/\/blogdoprosperi.com\/?p=21731\" \/>\n<meta property=\"og:site_name\" content=\"PR\u00d3SPERI NEWS\" \/>\n<meta property=\"article:publisher\" content=\"Luiz Pr\u00f3speri\" \/>\n<meta property=\"article:author\" content=\"Luiz Pr\u00f3speri\" \/>\n<meta property=\"article:published_time\" content=\"2016-08-18T21:56:31+00:00\" \/>\n<meta property=\"article:modified_time\" content=\"2016-08-18T22:00:47+00:00\" \/>\n<meta property=\"og:image\" content=\"https:\/\/blogdoprosperi.com\/wp-content\/uploads\/2016\/08\/1232.jpg\" \/>\n<meta name=\"author\" content=\"Luiz Ant\u00f4nio Pr\u00f3speri\" \/>\n<meta name=\"twitter:card\" content=\"summary_large_image\" \/>\n<meta name=\"twitter:creator\" content=\"@Luizprosperi\" \/>\n<meta name=\"twitter:site\" content=\"@Luizprosperi\" \/>\n<meta name=\"twitter:label1\" content=\"Escrito por\" \/>\n\t<meta name=\"twitter:data1\" content=\"Luiz Ant\u00f4nio Pr\u00f3speri\" \/>\n\t<meta name=\"twitter:label2\" content=\"Est. tempo de leitura\" \/>\n\t<meta name=\"twitter:data2\" content=\"2 minutos\" \/>\n<script type=\"application\/ld+json\" class=\"yoast-schema-graph\">{\"@context\":\"https:\\\/\\\/schema.org\",\"@graph\":[{\"@type\":\"Article\",\"@id\":\"https:\\\/\\\/blogdoprosperi.com\\\/?p=21731#article\",\"isPartOf\":{\"@id\":\"https:\\\/\\\/blogdoprosperi.com\\\/?p=21731\"},\"author\":{\"name\":\"Luiz Ant\u00f4nio Pr\u00f3speri\",\"@id\":\"https:\\\/\\\/blogdoprosperi.com\\\/#\\\/schema\\\/person\\\/38100755ce3601861ee4fab9b5aa78e9\"},\"headline\":\"Corinthians se esfarela com sa\u00edda de jogadores e Crist\u00f3v\u00e3o Borges sob amea\u00e7a\",\"datePublished\":\"2016-08-18T21:56:31+00:00\",\"dateModified\":\"2016-08-18T22:00:47+00:00\",\"mainEntityOfPage\":{\"@id\":\"https:\\\/\\\/blogdoprosperi.com\\\/?p=21731\"},\"wordCount\":447,\"commentCount\":0,\"publisher\":{\"@id\":\"https:\\\/\\\/blogdoprosperi.com\\\/#\\\/schema\\\/person\\\/38100755ce3601861ee4fab9b5aa78e9\"},\"image\":{\"@id\":\"https:\\\/\\\/blogdoprosperi.com\\\/?p=21731#primaryimage\"},\"thumbnailUrl\":\"https:\\\/\\\/blogdoprosperi.com\\\/wp-content\\\/uploads\\\/2016\\\/08\\\/1232.jpg\",\"keywords\":[\"Andr\u00e9 Corinthians\",\"Brasileir\u00e3o-2016\",\"Bruno Henrique\",\"Corinthians\",\"Crist\u00f3v\u00e3o Borges\",\"futebol\"],\"articleSection\":[\"Campeonato Brasileiro\",\"futebol\"],\"inLanguage\":\"pt-BR\",\"potentialAction\":[{\"@type\":\"CommentAction\",\"name\":\"Comment\",\"target\":[\"https:\\\/\\\/blogdoprosperi.com\\\/?p=21731#respond\"]}]},{\"@type\":\"WebPage\",\"@id\":\"https:\\\/\\\/blogdoprosperi.com\\\/?p=21731\",\"url\":\"https:\\\/\\\/blogdoprosperi.com\\\/?p=21731\",\"name\":\"Corinthians se esfarela com sa\u00edda de jogadores e Crist\u00f3v\u00e3o Borges sob amea\u00e7a - PR\u00d3SPERI NEWS\",\"isPartOf\":{\"@id\":\"https:\\\/\\\/blogdoprosperi.com\\\/#website\"},\"primaryImageOfPage\":{\"@id\":\"https:\\\/\\\/blogdoprosperi.com\\\/?p=21731#primaryimage\"},\"image\":{\"@id\":\"https:\\\/\\\/blogdoprosperi.com\\\/?p=21731#primaryimage\"},\"thumbnailUrl\":\"https:\\\/\\\/blogdoprosperi.com\\\/wp-content\\\/uploads\\\/2016\\\/08\\\/1232.jpg\",\"datePublished\":\"2016-08-18T21:56:31+00:00\",\"dateModified\":\"2016-08-18T22:00:47+00:00\",\"breadcrumb\":{\"@id\":\"https:\\\/\\\/blogdoprosperi.com\\\/?p=21731#breadcrumb\"},\"inLanguage\":\"pt-BR\",\"potentialAction\":[{\"@type\":\"ReadAction\",\"target\":[\"https:\\\/\\\/blogdoprosperi.com\\\/?p=21731\"]}]},{\"@type\":\"ImageObject\",\"inLanguage\":\"pt-BR\",\"@id\":\"https:\\\/\\\/blogdoprosperi.com\\\/?p=21731#primaryimage\",\"url\":\"https:\\\/\\\/i0.wp.com\\\/blogdoprosperi.com\\\/wp-content\\\/uploads\\\/2016\\\/08\\\/1232.jpg?fit=620%2C465&ssl=1\",\"contentUrl\":\"https:\\\/\\\/i0.wp.com\\\/blogdoprosperi.com\\\/wp-content\\\/uploads\\\/2016\\\/08\\\/1232.jpg?fit=620%2C465&ssl=1\",\"width\":620,\"height\":465},{\"@type\":\"BreadcrumbList\",\"@id\":\"https:\\\/\\\/blogdoprosperi.com\\\/?p=21731#breadcrumb\",\"itemListElement\":[{\"@type\":\"ListItem\",\"position\":1,\"name\":\"In\u00edcio\",\"item\":\"https:\\\/\\\/blogdoprosperi.com\\\/\"},{\"@type\":\"ListItem\",\"position\":2,\"name\":\"Corinthians se esfarela com sa\u00edda de jogadores e Crist\u00f3v\u00e3o Borges sob amea\u00e7a\"}]},{\"@type\":\"WebSite\",\"@id\":\"https:\\\/\\\/blogdoprosperi.com\\\/#website\",\"url\":\"https:\\\/\\\/blogdoprosperi.com\\\/\",\"name\":\"PR\u00d3SPERI NEWS\",\"description\":\"TUDO \u00c9  FUTEBOL\",\"publisher\":{\"@id\":\"https:\\\/\\\/blogdoprosperi.com\\\/#\\\/schema\\\/person\\\/38100755ce3601861ee4fab9b5aa78e9\"},\"alternateName\":\"blogdoprosperi.com\",\"potentialAction\":[{\"@type\":\"SearchAction\",\"target\":{\"@type\":\"EntryPoint\",\"urlTemplate\":\"https:\\\/\\\/blogdoprosperi.com\\\/?s={search_term_string}\"},\"query-input\":{\"@type\":\"PropertyValueSpecification\",\"valueRequired\":true,\"valueName\":\"search_term_string\"}}],\"inLanguage\":\"pt-BR\"},{\"@type\":[\"Person\",\"Organization\"],\"@id\":\"https:\\\/\\\/blogdoprosperi.com\\\/#\\\/schema\\\/person\\\/38100755ce3601861ee4fab9b5aa78e9\",\"name\":\"Luiz Ant\u00f4nio Pr\u00f3speri\",\"pronouns\":\"ele\",\"image\":{\"@type\":\"ImageObject\",\"inLanguage\":\"pt-BR\",\"@id\":\"https:\\\/\\\/i0.wp.com\\\/blogdoprosperi.com\\\/wp-content\\\/uploads\\\/2026\\\/05\\\/cropped-8059e613-6002-42fa-961e-8e275f575d71-2-5.jpg?fit=1360%2C931&ssl=1\",\"url\":\"https:\\\/\\\/i0.wp.com\\\/blogdoprosperi.com\\\/wp-content\\\/uploads\\\/2026\\\/05\\\/cropped-8059e613-6002-42fa-961e-8e275f575d71-2-5.jpg?fit=1360%2C931&ssl=1\",\"contentUrl\":\"https:\\\/\\\/i0.wp.com\\\/blogdoprosperi.com\\\/wp-content\\\/uploads\\\/2026\\\/05\\\/cropped-8059e613-6002-42fa-961e-8e275f575d71-2-5.jpg?fit=1360%2C931&ssl=1\",\"width\":1360,\"height\":931,\"caption\":\"Luiz Ant\u00f4nio Pr\u00f3speri\"},\"logo\":{\"@id\":\"https:\\\/\\\/i0.wp.com\\\/blogdoprosperi.com\\\/wp-content\\\/uploads\\\/2026\\\/05\\\/cropped-8059e613-6002-42fa-961e-8e275f575d71-2-5.jpg?fit=1360%2C931&ssl=1\"},\"description\":\"Jornalista com carreira dedicada ao esporte. Cobriu 9 Copas do Mundo in loco, 1990 na It\u00e1lia, 1994 nos EUA, 1998 na Fran\u00e7a, 2002 na Coreia do Sul e Jap\u00e3o, 2006 na Alemanha, 2010 na \u00c1frica do Sul, 2014 no Brasil, 2018 na R\u00fassia e 2022 no Qatar. Eurocopas, 1992 na Su\u00e9cia e 1996 na Inglaterra. Copa das Confedera\u00e7\u00f5es de 2005 na Alemanha e 2009 na \u00c1frica do Sul. Rep\u00f3rter e Editor, trabalhou no Jornal da Tarde e Estad\u00e3o, de 1984 a fevereiro de 2016. Colunista, blogueiro. E comentarista de futebol na R\u00e1dio Estad\u00e3o, de 2013 a fevereiro de 2016. Jornalista respons\u00e1vel do \\\"Pr\u00f3speri News\\\" (blogdoprosperi.com).\",\"sameAs\":[\"http:\\\/\\\/blogdoprosperi.com\",\"Luiz Pr\u00f3speri\",\"@luiz_prosperi\",\"https:\\\/\\\/x.com\\\/Luizprosperi\",\"@prosperinacopa\",\"luiz.prosperi@icloud.com\"],\"url\":\"https:\\\/\\\/blogdoprosperi.com\\\/?author=102107496\"}]}<\/script>\n<!-- \/ Yoast SEO plugin. -->","yoast_head_json":{"title":"Corinthians se esfarela com sa\u00edda de jogadores e Crist\u00f3v\u00e3o Borges sob amea\u00e7a - PR\u00d3SPERI NEWS","robots":{"index":"index","follow":"follow","max-snippet":"max-snippet:-1","max-image-preview":"max-image-preview:large","max-video-preview":"max-video-preview:-1"},"canonical":"https:\/\/blogdoprosperi.com\/?p=21731","og_locale":"pt_BR","og_type":"article","og_title":"Corinthians se esfarela com sa\u00edda de jogadores e Crist\u00f3v\u00e3o Borges sob amea\u00e7a - PR\u00d3SPERI NEWS","og_description":"Corinthians vai perder dois jogadores nesta janela de transfer\u00eancia no futebol europeu. Luciano, atacante em baixa no time, [&hellip;]","og_url":"https:\/\/blogdoprosperi.com\/?p=21731","og_site_name":"PR\u00d3SPERI NEWS","article_publisher":"Luiz Pr\u00f3speri","article_author":"Luiz Pr\u00f3speri","article_published_time":"2016-08-18T21:56:31+00:00","article_modified_time":"2016-08-18T22:00:47+00:00","og_image":[{"url":"https:\/\/blogdoprosperi.com\/wp-content\/uploads\/2016\/08\/1232.jpg","type":"","width":"","height":""}],"author":"Luiz Ant\u00f4nio Pr\u00f3speri","twitter_card":"summary_large_image","twitter_creator":"@Luizprosperi","twitter_site":"@Luizprosperi","twitter_misc":{"Escrito por":"Luiz Ant\u00f4nio Pr\u00f3speri","Est. tempo de leitura":"2 minutos"},"schema":{"@context":"https:\/\/schema.org","@graph":[{"@type":"Article","@id":"https:\/\/blogdoprosperi.com\/?p=21731#article","isPartOf":{"@id":"https:\/\/blogdoprosperi.com\/?p=21731"},"author":{"name":"Luiz Ant\u00f4nio Pr\u00f3speri","@id":"https:\/\/blogdoprosperi.com\/#\/schema\/person\/38100755ce3601861ee4fab9b5aa78e9"},"headline":"Corinthians se esfarela com sa\u00edda de jogadores e Crist\u00f3v\u00e3o Borges sob amea\u00e7a","datePublished":"2016-08-18T21:56:31+00:00","dateModified":"2016-08-18T22:00:47+00:00","mainEntityOfPage":{"@id":"https:\/\/blogdoprosperi.com\/?p=21731"},"wordCount":447,"commentCount":0,"publisher":{"@id":"https:\/\/blogdoprosperi.com\/#\/schema\/person\/38100755ce3601861ee4fab9b5aa78e9"},"image":{"@id":"https:\/\/blogdoprosperi.com\/?p=21731#primaryimage"},"thumbnailUrl":"https:\/\/blogdoprosperi.com\/wp-content\/uploads\/2016\/08\/1232.jpg","keywords":["Andr\u00e9 Corinthians","Brasileir\u00e3o-2016","Bruno Henrique","Corinthians","Crist\u00f3v\u00e3o Borges","futebol"],"articleSection":["Campeonato Brasileiro","futebol"],"inLanguage":"pt-BR","potentialAction":[{"@type":"CommentAction","name":"Comment","target":["https:\/\/blogdoprosperi.com\/?p=21731#respond"]}]},{"@type":"WebPage","@id":"https:\/\/blogdoprosperi.com\/?p=21731","url":"https:\/\/blogdoprosperi.com\/?p=21731","name":"Corinthians se esfarela com sa\u00edda de jogadores e Crist\u00f3v\u00e3o Borges sob amea\u00e7a - PR\u00d3SPERI NEWS","isPartOf":{"@id":"https:\/\/blogdoprosperi.com\/#website"},"primaryImageOfPage":{"@id":"https:\/\/blogdoprosperi.com\/?p=21731#primaryimage"},"image":{"@id":"https:\/\/blogdoprosperi.com\/?p=21731#primaryimage"},"thumbnailUrl":"https:\/\/blogdoprosperi.com\/wp-content\/uploads\/2016\/08\/1232.jpg","datePublished":"2016-08-18T21:56:31+00:00","dateModified":"2016-08-18T22:00:47+00:00","breadcrumb":{"@id":"https:\/\/blogdoprosperi.com\/?p=21731#breadcrumb"},"inLanguage":"pt-BR","potentialAction":[{"@type":"ReadAction","target":["https:\/\/blogdoprosperi.com\/?p=21731"]}]},{"@type":"ImageObject","inLanguage":"pt-BR","@id":"https:\/\/blogdoprosperi.com\/?p=21731#primaryimage","url":"https:\/\/i0.wp.com\/blogdoprosperi.com\/wp-content\/uploads\/2016\/08\/1232.jpg?fit=620%2C465&ssl=1","contentUrl":"https:\/\/i0.wp.com\/blogdoprosperi.com\/wp-content\/uploads\/2016\/08\/1232.jpg?fit=620%2C465&ssl=1","width":620,"height":465},{"@type":"BreadcrumbList","@id":"https:\/\/blogdoprosperi.com\/?p=21731#breadcrumb","itemListElement":[{"@type":"ListItem","position":1,"name":"In\u00edcio","item":"https:\/\/blogdoprosperi.com\/"},{"@type":"ListItem","position":2,"name":"Corinthians se esfarela com sa\u00edda de jogadores e Crist\u00f3v\u00e3o Borges sob amea\u00e7a"}]},{"@type":"WebSite","@id":"https:\/\/blogdoprosperi.com\/#website","url":"https:\/\/blogdoprosperi.com\/","name":"PR\u00d3SPERI NEWS","description":"TUDO \u00c9  FUTEBOL","publisher":{"@id":"https:\/\/blogdoprosperi.com\/#\/schema\/person\/38100755ce3601861ee4fab9b5aa78e9"},"alternateName":"blogdoprosperi.com","potentialAction":[{"@type":"SearchAction","target":{"@type":"EntryPoint","urlTemplate":"https:\/\/blogdoprosperi.com\/?s={search_term_string}"},"query-input":{"@type":"PropertyValueSpecification","valueRequired":true,"valueName":"search_term_string"}}],"inLanguage":"pt-BR"},{"@type":["Person","Organization"],"@id":"https:\/\/blogdoprosperi.com\/#\/schema\/person\/38100755ce3601861ee4fab9b5aa78e9","name":"Luiz Ant\u00f4nio Pr\u00f3speri","pronouns":"ele","image":{"@type":"ImageObject","inLanguage":"pt-BR","@id":"https:\/\/i0.wp.com\/blogdoprosperi.com\/wp-content\/uploads\/2026\/05\/cropped-8059e613-6002-42fa-961e-8e275f575d71-2-5.jpg?fit=1360%2C931&ssl=1","url":"https:\/\/i0.wp.com\/blogdoprosperi.com\/wp-content\/uploads\/2026\/05\/cropped-8059e613-6002-42fa-961e-8e275f575d71-2-5.jpg?fit=1360%2C931&ssl=1","contentUrl":"https:\/\/i0.wp.com\/blogdoprosperi.com\/wp-content\/uploads\/2026\/05\/cropped-8059e613-6002-42fa-961e-8e275f575d71-2-5.jpg?fit=1360%2C931&ssl=1","width":1360,"height":931,"caption":"Luiz Ant\u00f4nio Pr\u00f3speri"},"logo":{"@id":"https:\/\/i0.wp.com\/blogdoprosperi.com\/wp-content\/uploads\/2026\/05\/cropped-8059e613-6002-42fa-961e-8e275f575d71-2-5.jpg?fit=1360%2C931&ssl=1"},"description":"Jornalista com carreira dedicada ao esporte. Cobriu 9 Copas do Mundo in loco, 1990 na It\u00e1lia, 1994 nos EUA, 1998 na Fran\u00e7a, 2002 na Coreia do Sul e Jap\u00e3o, 2006 na Alemanha, 2010 na \u00c1frica do Sul, 2014 no Brasil, 2018 na R\u00fassia e 2022 no Qatar. Eurocopas, 1992 na Su\u00e9cia e 1996 na Inglaterra. Copa das Confedera\u00e7\u00f5es de 2005 na Alemanha e 2009 na \u00c1frica do Sul. Rep\u00f3rter e Editor, trabalhou no Jornal da Tarde e Estad\u00e3o, de 1984 a fevereiro de 2016. Colunista, blogueiro. E comentarista de futebol na R\u00e1dio Estad\u00e3o, de 2013 a fevereiro de 2016. Jornalista respons\u00e1vel do \"Pr\u00f3speri News\" (blogdoprosperi.com).","sameAs":["http:\/\/blogdoprosperi.com","Luiz Pr\u00f3speri","@luiz_prosperi","https:\/\/x.com\/Luizprosperi","@prosperinacopa","luiz.prosperi@icloud.com"],"url":"https:\/\/blogdoprosperi.com\/?author=102107496"}]}},"jetpack_publicize_connections":[],"jetpack_likes_enabled":false,"jetpack_sharing_enabled":true,"jetpack_shortlink":"https:\/\/wp.me\/p7jvdk-5Ev","jetpack-related-posts":[{"id":23590,"url":"https:\/\/blogdoprosperi.com\/?p=23590","url_meta":{"origin":21731,"position":0},"title":"Corinthians abre m\u00e3o do Brasileir\u00e3o e da Copa do Brasil","author":"Luiz Ant\u00f4nio Pr\u00f3speri","date":"30 de agosto de 2016","format":false,"excerpt":"Corinthians desiste da temporada 2016 neste in\u00edcio do segundo turno do Campeonato Brasileiro e na abertura das oitavas de final da Copa do Brasil. O comando do clube, mesmo sem admitir, tomou essa decis\u00e3o ao negociar quatro jogadores importantes do time em menos de um m\u00eas. A mais recente sa\u00edda\u2026","rel":"","context":"Em &quot;Campeonato Brasileiro&quot;","block_context":{"text":"Campeonato Brasileiro","link":"https:\/\/blogdoprosperi.com\/?cat=355071"},"img":{"alt_text":"","src":"https:\/\/i0.wp.com\/blogdoprosperi.com\/wp-content\/uploads\/2016\/08\/622_9fb77997-c794-3778-86b9-59c37343edca.jpg?resize=350%2C200&ssl=1","width":350,"height":200,"srcset":"https:\/\/i0.wp.com\/blogdoprosperi.com\/wp-content\/uploads\/2016\/08\/622_9fb77997-c794-3778-86b9-59c37343edca.jpg?resize=350%2C200&ssl=1 1x, https:\/\/i0.wp.com\/blogdoprosperi.com\/wp-content\/uploads\/2016\/08\/622_9fb77997-c794-3778-86b9-59c37343edca.jpg?resize=525%2C300&ssl=1 1.5x"},"classes":[]},{"id":12465,"url":"https:\/\/blogdoprosperi.com\/?p=12465","url_meta":{"origin":21731,"position":1},"title":"Corinthians n\u00e3o pode culpar garoto por derrota em Minas","author":"Luiz Ant\u00f4nio Pr\u00f3speri","date":"23 de junho de 2016","format":false,"excerpt":"Corinthians precisa entender que perder jogadores importantes na defesa \u00e9 t\u00e3o cruel como ficar sem atacantes de ponta. Quando Gil foi embora, disseram tudo bem. Felipe e Yago dariam conta. Felipe saiu. O garoto Pedro Henrique e Balbuena e Vilson seriam suficiente. N\u00e3o \u00e9 bem assim. Pedro Henrique pagou pelo\u2026","rel":"","context":"Em &quot;Campeonato Brasileiro&quot;","block_context":{"text":"Campeonato Brasileiro","link":"https:\/\/blogdoprosperi.com\/?cat=355071"},"img":{"alt_text":"","src":"https:\/\/i0.wp.com\/blogdoprosperi.com\/wp-content\/uploads\/2016\/06\/1c6e20365262060f0d93231ffa126323.jpg?resize=350%2C200&ssl=1","width":350,"height":200,"srcset":"https:\/\/i0.wp.com\/blogdoprosperi.com\/wp-content\/uploads\/2016\/06\/1c6e20365262060f0d93231ffa126323.jpg?resize=350%2C200&ssl=1 1x, https:\/\/i0.wp.com\/blogdoprosperi.com\/wp-content\/uploads\/2016\/06\/1c6e20365262060f0d93231ffa126323.jpg?resize=525%2C300&ssl=1 1.5x"},"classes":[]},{"id":14051,"url":"https:\/\/blogdoprosperi.com\/?p=14051","url_meta":{"origin":21731,"position":2},"title":"Corinthians vence mais uma com modelo de Crist\u00f3v\u00e3o Borges","author":"Luiz Ant\u00f4nio Pr\u00f3speri","date":"30 de junho de 2016","format":false,"excerpt":"Corinthians de Crist\u00f3v\u00e3o Borges n\u00e3o \u00e9 o Corinthians de Tite. Nem adianta argumentar que ainda \u00e9 cedo para conclus\u00f5es a respeito do comportamento do time com a troca de treinadores. Tr\u00eas jogos j\u00e1 deixam ind\u00edcios fortes das diferen\u00e7as. A vit\u00f3ria por 2 a 0 contra o Am\u00e9rica-MG, nesta quarta-feira (29\/6)\u2026","rel":"","context":"Em &quot;Campeonato Brasileiro&quot;","block_context":{"text":"Campeonato Brasileiro","link":"https:\/\/blogdoprosperi.com\/?cat=355071"},"img":{"alt_text":"","src":"https:\/\/i0.wp.com\/blogdoprosperi.com\/wp-content\/uploads\/2016\/06\/d9c937d355fa4d4adec6a823ac7a130c.jpg?resize=350%2C200&ssl=1","width":350,"height":200,"srcset":"https:\/\/i0.wp.com\/blogdoprosperi.com\/wp-content\/uploads\/2016\/06\/d9c937d355fa4d4adec6a823ac7a130c.jpg?resize=350%2C200&ssl=1 1x, https:\/\/i0.wp.com\/blogdoprosperi.com\/wp-content\/uploads\/2016\/06\/d9c937d355fa4d4adec6a823ac7a130c.jpg?resize=525%2C300&ssl=1 1.5x"},"classes":[]},{"id":11745,"url":"https:\/\/blogdoprosperi.com\/?p=11745","url_meta":{"origin":21731,"position":3},"title":"Corinthians vira p\u00e1gina de Tite e entrega a vit\u00f3ria a Crist\u00f3v\u00e3o Borges","author":"Luiz Ant\u00f4nio Pr\u00f3speri","date":"19 de junho de 2016","format":false,"excerpt":"Corinthians n\u00e3o tem tempo a perder nem a lamentar a sa\u00edda de seu mentor das \u00faltimas temporadas. Seu norte \u00e9 virar a p\u00e1gina, repensar estrat\u00e9gias e pedir passagem neste Campeonato Brasileiro. Vencer a todo custo surge como primeira obriga\u00e7\u00e3o. Por isso, na segunda partida sem Tite, teria de derrotar o\u2026","rel":"","context":"Em &quot;futebol&quot;","block_context":{"text":"futebol","link":"https:\/\/blogdoprosperi.com\/?cat=53870"},"img":{"alt_text":"","src":"https:\/\/i0.wp.com\/blogdoprosperi.com\/wp-content\/uploads\/2016\/06\/rib_3298.jpg?resize=350%2C200&ssl=1","width":350,"height":200,"srcset":"https:\/\/i0.wp.com\/blogdoprosperi.com\/wp-content\/uploads\/2016\/06\/rib_3298.jpg?resize=350%2C200&ssl=1 1x, https:\/\/i0.wp.com\/blogdoprosperi.com\/wp-content\/uploads\/2016\/06\/rib_3298.jpg?resize=525%2C300&ssl=1 1.5x"},"classes":[]},{"id":18166,"url":"https:\/\/blogdoprosperi.com\/?p=18166","url_meta":{"origin":21731,"position":4},"title":"Corinthians mostra for\u00e7a no Sul e continua firme na sua toada em busca da ta\u00e7a","author":"Luiz Ant\u00f4nio Pr\u00f3speri","date":"31 de julho de 2016","format":false,"excerpt":"Corinthians se reencontra com a vit\u00f3ria no momento em que se come\u00e7ava a desconfiar de Crist\u00f3v\u00e3o Borges, ap\u00f3s dois empates consecutivos em casa. Venceu o Inter por 1 a 0, sem sofrer na sua visita ao Sul, na 17.\u00aa rodada do Brasileir\u00e3o. Neste triunfo, o time n\u00e3o teve um comportamento\u2026","rel":"","context":"Em &quot;Campeonato Brasileiro&quot;","block_context":{"text":"Campeonato Brasileiro","link":"https:\/\/blogdoprosperi.com\/?cat=355071"},"img":{"alt_text":"","src":"https:\/\/i0.wp.com\/blogdoprosperi.com\/wp-content\/uploads\/2016\/07\/20519848.jpg?resize=350%2C200&ssl=1","width":350,"height":200,"srcset":"https:\/\/i0.wp.com\/blogdoprosperi.com\/wp-content\/uploads\/2016\/07\/20519848.jpg?resize=350%2C200&ssl=1 1x, https:\/\/i0.wp.com\/blogdoprosperi.com\/wp-content\/uploads\/2016\/07\/20519848.jpg?resize=525%2C300&ssl=1 1.5x, https:\/\/i0.wp.com\/blogdoprosperi.com\/wp-content\/uploads\/2016\/07\/20519848.jpg?resize=700%2C400&ssl=1 2x"},"classes":[]},{"id":17463,"url":"https:\/\/blogdoprosperi.com\/?p=17463","url_meta":{"origin":21731,"position":5},"title":"Corinthians patina contra Figueirense e deixa sua torcida preocupada com futuro no Brasileir\u00e3o","author":"Luiz Ant\u00f4nio Pr\u00f3speri","date":"23 de julho de 2016","format":false,"excerpt":"Corinthians perdeu o prumo nesta reta final de primeiro turno do Campeonato Brasileiro. N\u00e3o cria, n\u00e3o se imp\u00f5e em casa e n\u00e3o organiza o sistema defensivo, cada vez mais vulner\u00e1vel. Tudo isso ficou muito claro no empate por 1 a 1 diante do Figueirense no Itaquer\u00e3o abarrotado de torcedores. Demolidor\u2026","rel":"","context":"Em &quot;Campeonato Brasileiro&quot;","block_context":{"text":"Campeonato Brasileiro","link":"https:\/\/blogdoprosperi.com\/?cat=355071"},"img":{"alt_text":"","src":"https:\/\/i0.wp.com\/blogdoprosperi.com\/wp-content\/uploads\/2016\/07\/esporte-futebol-corinthians-figueirense.jpg?resize=350%2C200&ssl=1","width":350,"height":200,"srcset":"https:\/\/i0.wp.com\/blogdoprosperi.com\/wp-content\/uploads\/2016\/07\/esporte-futebol-corinthians-figueirense.jpg?resize=350%2C200&ssl=1 1x, https:\/\/i0.wp.com\/blogdoprosperi.com\/wp-content\/uploads\/2016\/07\/esporte-futebol-corinthians-figueirense.jpg?resize=525%2C300&ssl=1 1.5x"},"classes":[]}],"jetpack_featured_media_url":"","_links":{"self":[{"href":"https:\/\/blogdoprosperi.com\/index.php?rest_route=\/wp\/v2\/posts\/21731","targetHints":{"allow":["GET"]}}],"collection":[{"href":"https:\/\/blogdoprosperi.com\/index.php?rest_route=\/wp\/v2\/posts"}],"about":[{"href":"https:\/\/blogdoprosperi.com\/index.php?rest_route=\/wp\/v2\/types\/post"}],"author":[{"embeddable":true,"href":"https:\/\/blogdoprosperi.com\/index.php?rest_route=\/wp\/v2\/users\/102107496"}],"replies":[{"embeddable":true,"href":"https:\/\/blogdoprosperi.com\/index.php?rest_route=%2Fwp%2Fv2%2Fcomments&post=21731"}],"version-history":[{"count":25,"href":"https:\/\/blogdoprosperi.com\/index.php?rest_route=\/wp\/v2\/posts\/21731\/revisions"}],"predecessor-version":[{"id":21798,"href":"https:\/\/blogdoprosperi.com\/index.php?rest_route=\/wp\/v2\/posts\/21731\/revisions\/21798"}],"wp:attachment":[{"href":"https:\/\/blogdoprosperi.com\/index.php?rest_route=%2Fwp%2Fv2%2Fmedia&parent=21731"}],"wp:term":[{"taxonomy":"category","embeddable":true,"href":"https:\/\/blogdoprosperi.com\/index.php?rest_route=%2Fwp%2Fv2%2Fcategories&post=21731"},{"taxonomy":"post_tag","embeddable":true,"href":"https:\/\/blogdoprosperi.com\/index.php?rest_route=%2Fwp%2Fv2%2Ftags&post=21731"}],"curies":[{"name":"wp","href":"https:\/\/api.w.org\/{rel}","templated":true}]}}