{"id":21951,"date":"2016-08-20T21:04:49","date_gmt":"2016-08-21T00:04:49","guid":{"rendered":"http:\/\/blogdoprosperi.com\/?p=21951"},"modified":"2016-08-20T22:29:40","modified_gmt":"2016-08-21T01:29:40","slug":"futebol-brasileiro-se-ajoelha-aos-pes-de-neymar-e-chora-a-conquista-do-ouro","status":"publish","type":"post","link":"https:\/\/blogdoprosperi.com\/?p=21951","title":{"rendered":"Futebol brasileiro se ajoelha aos p\u00e9s de Neymar e chora a conquista do ouro"},"content":{"rendered":"<p><span class=\"alignnone\"><img data-recalc-dims=\"1\" loading=\"lazy\" decoding=\"async\" data-attachment-id=\"22012\" data-permalink=\"https:\/\/blogdoprosperi.com\/?attachment_id=22012\" data-orig-file=\"https:\/\/i0.wp.com\/blogdoprosperi.com\/wp-content\/uploads\/2016\/08\/5532-2.jpg?fit=1225%2C735&amp;ssl=1\" data-orig-size=\"1225,735\" data-comments-opened=\"1\" data-image-meta=\"{&quot;aperture&quot;:&quot;0&quot;,&quot;credit&quot;:&quot;&quot;,&quot;camera&quot;:&quot;&quot;,&quot;caption&quot;:&quot;&quot;,&quot;created_timestamp&quot;:&quot;0&quot;,&quot;copyright&quot;:&quot;&quot;,&quot;focal_length&quot;:&quot;0&quot;,&quot;iso&quot;:&quot;0&quot;,&quot;shutter_speed&quot;:&quot;0&quot;,&quot;title&quot;:&quot;&quot;,&quot;orientation&quot;:&quot;0&quot;}\" data-image-title=\"5532-2\" data-image-description=\"\" data-image-caption=\"\" data-large-file=\"https:\/\/i0.wp.com\/blogdoprosperi.com\/wp-content\/uploads\/2016\/08\/5532-2.jpg?fit=940%2C564&amp;ssl=1\" class=\"alignnone size-full wp-image-22012\" src=\"https:\/\/i0.wp.com\/blogdoprosperi.com\/wp-content\/uploads\/2016\/08\/5532-2.jpg?resize=940%2C564&#038;ssl=1\" alt=\"5532-2\" width=\"940\" height=\"564\" \/><\/span>Neymar est\u00e1 em paz com sua consci\u00eancia e n\u00e3o deve mais sofrer ao vestir a camisa da institui\u00e7\u00e3o Sele\u00e7\u00e3o Brasileira. Quando o Pa\u00eds estava nas suas costas, quando a desconfian\u00e7a era maior do que todas as certezas, quando o mundo j\u00e1 o relegava ao lugar dos comuns mortais, Neymar apareceu. Colocou seu destino debaixo do bra\u00e7o e deu ao Brasil a primeira medalha de ouro do futebol na Olimp\u00edada. Feito para poucos, dos diferentes. Dos que podem agora assumir o pante\u00e3o dos \u00eddolos.<\/p>\n<p><!--more--><\/p>\n<p>Vencer a emblem\u00e1tica Alemanha numa final no Maracan\u00e3, ainda mais nos p\u00eanaltis, mesmo que n\u00e3o seja aquela dos 7 a 1, encaminha a reconcilia\u00e7\u00e3o do futebol brasileiro com a sua origem. Desde o princ\u00edpio se depositava nesta Sele\u00e7\u00e3o Ol\u00edmpica uma esperan\u00e7a de que o rio voltaria ao curso normal. Havia um punhado de garotos diferentes, intr\u00e9pidos com a bola nos p\u00e9s, e um extraclasse para fazer a diferen\u00e7a.<\/p>\n<p>N\u00e3o era poss\u00edvel mais suportar tanta desilus\u00e3o, descaso, covardia e t\u00e9dio dos \u00faltimos tempos da Sele\u00e7\u00e3o. Algum abnegado teria de assumir a coragem de resgatar o futebol que deu ao Brasil as cinco estrelas bordadas na camisa amarela. Coube ao desconhecido e bonach\u00e3o Rogerio Micale a fa\u00e7anha. Por conta e risco e fiel aos seus princ\u00edpios apostou neste conceito e se rendeu a Neymar quando muitos torciam o nariz. E foi em frente.<\/p>\n<p>Nos dois primeiros jogos, sofreu como um condenado \u00e0 cruz. Depois embicou tr\u00eas vit\u00f3rias de patente at\u00e9 chegar \u00e0 decis\u00e3o com os alem\u00e3es. Eles de novo \u00e0 nossa frente.<\/p>\n<p>Ent\u00e3o veio o jogo. No palco dos palcos. No Maracan\u00e3 impregnado de hist\u00f3rias de infinita alegria e da maior dor do mundo com a Copa de 1950.<\/p>\n<p>Capitaneados por Neymar, l\u00e1 foram os meninos enfrentar um advers\u00e1rio rigoroso, duro e frio como uma rocha e que gosta de jogar e joga o bom futebol.<\/p>\n<p><span class=\"alignnone\"><img data-recalc-dims=\"1\" loading=\"lazy\" decoding=\"async\" data-attachment-id=\"22015\" data-permalink=\"https:\/\/blogdoprosperi.com\/?attachment_id=22015\" data-orig-file=\"https:\/\/i0.wp.com\/blogdoprosperi.com\/wp-content\/uploads\/2016\/08\/neymar-ap2.jpg?fit=640%2C443&amp;ssl=1\" data-orig-size=\"640,443\" data-comments-opened=\"1\" data-image-meta=\"{&quot;aperture&quot;:&quot;0&quot;,&quot;credit&quot;:&quot;&quot;,&quot;camera&quot;:&quot;&quot;,&quot;caption&quot;:&quot;&quot;,&quot;created_timestamp&quot;:&quot;0&quot;,&quot;copyright&quot;:&quot;&quot;,&quot;focal_length&quot;:&quot;0&quot;,&quot;iso&quot;:&quot;0&quot;,&quot;shutter_speed&quot;:&quot;0&quot;,&quot;title&quot;:&quot;&quot;,&quot;orientation&quot;:&quot;0&quot;}\" data-image-title=\"neymar-ap2\" data-image-description=\"\" data-image-caption=\"\" data-large-file=\"https:\/\/i0.wp.com\/blogdoprosperi.com\/wp-content\/uploads\/2016\/08\/neymar-ap2.jpg?fit=640%2C443&amp;ssl=1\" class=\"alignnone size-full wp-image-22015\" src=\"https:\/\/i0.wp.com\/blogdoprosperi.com\/wp-content\/uploads\/2016\/08\/neymar-ap2.jpg?resize=640%2C443&#038;ssl=1\" alt=\"neymar-ap2\" width=\"640\" height=\"443\" \/><\/span><\/p>\n<p>Fortes vibra\u00e7\u00f5es contagiavam o est\u00e1dio abarrotado e vestido de amarelo. Era preciso mais do que nunca fazer hist\u00f3ria.<\/p>\n<p>Neste cen\u00e1rio de confian\u00e7a, tivemos um primeiro tempo intenso, com direito a tr\u00eas bolas triscando no travess\u00e3o de Weverton e um gol espetacular em cobran\u00e7a de falta que h\u00e1 muito tempo n\u00e3o se via.<\/p>\n<p>Alem\u00e3es deram o primeiro susto com a jogada mais letal deles. Gnabry domina bola na esquerda, chama Zeca e serve Brant para bater colocado por cima de Weverton e carimbando o travess\u00e3o. Um susto digno dos 7 a 1 quando a Alemanha na Copa de 2014 saiu na frente e massacrou at\u00e9 o fim.<\/p>\n<p>Salvo e refeito do golpe, o Brasil passou a trocar mais passes, virar o jogo e a procurar mais Neymar. Era um ant\u00eddoto contra a r\u00e1pida transi\u00e7\u00e3o alem\u00e3 em busca do contra-ataque. Funcionou.<\/p>\n<div class=\"tiled-gallery type-rectangular tiled-gallery-unresized\" data-original-width=\"940\" data-carousel-extra='{&quot;blog_id&quot;:1,&quot;permalink&quot;:&quot;https:\\\/\\\/blogdoprosperi.com\\\/?p=21951&quot;,&quot;likes_blog_id&quot;:108082574}' itemscope itemtype=\"http:\/\/schema.org\/ImageGallery\" > <div class=\"gallery-row\" style=\"width: 940px; height: 301px;\" data-original-width=\"940\" data-original-height=\"301\" > <div class=\"gallery-group images-1\" style=\"width: 940px; height: 301px;\" data-original-width=\"940\" data-original-height=\"301\" > <div class=\"tiled-gallery-item tiled-gallery-item-large\" itemprop=\"associatedMedia\" itemscope itemtype=\"http:\/\/schema.org\/ImageObject\"> <a href=\"https:\/\/blogdoprosperi.com\/?attachment_id=22013\" border=\"0\" itemprop=\"url\"> <meta itemprop=\"width\" content=\"936\"> <meta itemprop=\"height\" content=\"297\"> <img decoding=\"async\" class=\"\" data-attachment-id=\"22013\" data-orig-file=\"https:\/\/blogdoprosperi.com\/wp-content\/uploads\/2016\/08\/2843.jpg\" data-orig-size=\"779,247\" data-comments-opened=\"1\" data-image-meta=\"{&quot;aperture&quot;:&quot;0&quot;,&quot;credit&quot;:&quot;&quot;,&quot;camera&quot;:&quot;&quot;,&quot;caption&quot;:&quot;&quot;,&quot;created_timestamp&quot;:&quot;0&quot;,&quot;copyright&quot;:&quot;&quot;,&quot;focal_length&quot;:&quot;0&quot;,&quot;iso&quot;:&quot;0&quot;,&quot;shutter_speed&quot;:&quot;0&quot;,&quot;title&quot;:&quot;&quot;,&quot;orientation&quot;:&quot;0&quot;}\" data-image-title=\"2843\" data-image-description=\"\" data-medium-file=\"https:\/\/i0.wp.com\/blogdoprosperi.com\/wp-content\/uploads\/2016\/08\/2843.jpg?fit=650%2C206&#038;ssl=1\" data-large-file=\"https:\/\/i0.wp.com\/blogdoprosperi.com\/wp-content\/uploads\/2016\/08\/2843.jpg?fit=779%2C247&#038;ssl=1\" src=\"https:\/\/i0.wp.com\/blogdoprosperi.com\/wp-content\/uploads\/2016\/08\/2843.jpg?w=936&#038;h=297&#038;ssl=1\" width=\"936\" height=\"297\" loading=\"lazy\" data-original-width=\"936\" data-original-height=\"297\" itemprop=\"http:\/\/schema.org\/image\" title=\"2843\" alt=\"2843\" style=\"width: 936px; height: 297px;\" \/> <\/a> <\/div> <\/div> <!-- close group --> <\/div> <!-- close row --> <div class=\"gallery-row\" style=\"width: 940px; height: 268px;\" data-original-width=\"940\" data-original-height=\"268\" > <div class=\"gallery-group images-1\" style=\"width: 399px; height: 268px;\" data-original-width=\"399\" data-original-height=\"268\" > <div class=\"tiled-gallery-item tiled-gallery-item-large\" itemprop=\"associatedMedia\" itemscope itemtype=\"http:\/\/schema.org\/ImageObject\"> <a href=\"https:\/\/blogdoprosperi.com\/?attachment_id=21997\" border=\"0\" itemprop=\"url\"> <meta itemprop=\"width\" content=\"395\"> <meta itemprop=\"height\" content=\"264\"> <img decoding=\"async\" class=\"\" data-attachment-id=\"21997\" data-orig-file=\"https:\/\/blogdoprosperi.com\/wp-content\/uploads\/2016\/08\/21soccer-1779-superjumbo.jpg\" data-orig-size=\"2048,1365\" data-comments-opened=\"1\" data-image-meta=\"{&quot;aperture&quot;:&quot;0&quot;,&quot;credit&quot;:&quot;&quot;,&quot;camera&quot;:&quot;&quot;,&quot;caption&quot;:&quot;&quot;,&quot;created_timestamp&quot;:&quot;0&quot;,&quot;copyright&quot;:&quot;&quot;,&quot;focal_length&quot;:&quot;0&quot;,&quot;iso&quot;:&quot;0&quot;,&quot;shutter_speed&quot;:&quot;0&quot;,&quot;title&quot;:&quot;&quot;,&quot;orientation&quot;:&quot;0&quot;}\" data-image-title=\"21SOCCER-1779-superJumbo\" data-image-description=\"\" data-medium-file=\"https:\/\/i0.wp.com\/blogdoprosperi.com\/wp-content\/uploads\/2016\/08\/21soccer-1779-superjumbo.jpg?fit=567%2C378&#038;ssl=1\" data-large-file=\"https:\/\/i0.wp.com\/blogdoprosperi.com\/wp-content\/uploads\/2016\/08\/21soccer-1779-superjumbo.jpg?fit=940%2C627&#038;ssl=1\" src=\"https:\/\/i0.wp.com\/blogdoprosperi.com\/wp-content\/uploads\/2016\/08\/21soccer-1779-superjumbo.jpg?w=395&#038;h=264&#038;ssl=1\" width=\"395\" height=\"264\" loading=\"lazy\" data-original-width=\"395\" data-original-height=\"264\" itemprop=\"http:\/\/schema.org\/image\" title=\"21SOCCER-1779-superJumbo\" alt=\"21SOCCER-1779-superJumbo\" style=\"width: 395px; height: 264px;\" \/> <\/a> <\/div> <\/div> <!-- close group --> <div class=\"gallery-group images-1\" style=\"width: 541px; height: 268px;\" data-original-width=\"541\" data-original-height=\"268\" > <div class=\"tiled-gallery-item tiled-gallery-item-large\" itemprop=\"associatedMedia\" itemscope itemtype=\"http:\/\/schema.org\/ImageObject\"> <a href=\"https:\/\/blogdoprosperi.com\/?attachment_id=22014\" border=\"0\" itemprop=\"url\"> <meta itemprop=\"width\" content=\"537\"> <meta itemprop=\"height\" content=\"264\"> <img decoding=\"async\" class=\"\" data-attachment-id=\"22014\" data-orig-file=\"https:\/\/blogdoprosperi.com\/wp-content\/uploads\/2016\/08\/2365.jpg\" data-orig-size=\"780,383\" data-comments-opened=\"1\" data-image-meta=\"{&quot;aperture&quot;:&quot;0&quot;,&quot;credit&quot;:&quot;&quot;,&quot;camera&quot;:&quot;&quot;,&quot;caption&quot;:&quot;&quot;,&quot;created_timestamp&quot;:&quot;0&quot;,&quot;copyright&quot;:&quot;&quot;,&quot;focal_length&quot;:&quot;0&quot;,&quot;iso&quot;:&quot;0&quot;,&quot;shutter_speed&quot;:&quot;0&quot;,&quot;title&quot;:&quot;&quot;,&quot;orientation&quot;:&quot;0&quot;}\" data-image-title=\"2365\" data-image-description=\"\" data-medium-file=\"https:\/\/i0.wp.com\/blogdoprosperi.com\/wp-content\/uploads\/2016\/08\/2365.jpg?fit=650%2C319&#038;ssl=1\" data-large-file=\"https:\/\/i0.wp.com\/blogdoprosperi.com\/wp-content\/uploads\/2016\/08\/2365.jpg?fit=780%2C383&#038;ssl=1\" src=\"https:\/\/i0.wp.com\/blogdoprosperi.com\/wp-content\/uploads\/2016\/08\/2365.jpg?w=537&#038;h=264&#038;ssl=1\" width=\"537\" height=\"264\" loading=\"lazy\" data-original-width=\"537\" data-original-height=\"264\" itemprop=\"http:\/\/schema.org\/image\" title=\"2365\" alt=\"2365\" style=\"width: 537px; height: 264px;\" \/> <\/a> <\/div> <\/div> <!-- close group --> <\/div> <!-- close row --> <\/div>\n<p>A Sele\u00e7\u00e3o Ol\u00edmpica ampliou seu campo de a\u00e7\u00e3o, passou a jogar dentro do territ\u00f3rio germ\u00e2nico. E a chamar a falta, sempre com Neymar carregando a bola. De tanto insistir com essa vertente, o craque do Brasil sofreu uma falta perto da grande \u00e1rea.<\/p>\n<p>Era hora de o jogador mais importante do jogo fazer a diferen\u00e7a. Era o momento de se fazer presente, de contar ao mundo que, sim, ele poderia ser decisivo. Ent\u00e3o, com um capricho dos perfeccionistas, Neymar bateu a falta ideal e fez o gol, aos 27.<\/p>\n<p>Ao sentir a explos\u00e3o do Maracan\u00e3, disse assim &#8220;eu estou aqui&#8221;, um recado aos alem\u00e3es de que no 7 a 1 ele n\u00e3o estava no jogo. Em seguida, imitou o raio de Usain Bolt, presente no Maracan\u00e3 vibrando como um verde-amarelo nativo. Era um sinal de que algo maior estava reservado a Neymar.<\/p>\n<p><span class=\"alignnone\"><a href=\"https:\/\/i0.wp.com\/blogdoprosperi.com\/wp-content\/uploads\/2016\/08\/wp-image-51275538jpg.jpg\"><img data-recalc-dims=\"1\" loading=\"lazy\" decoding=\"async\" data-attachment-id=\"22020\" data-permalink=\"https:\/\/blogdoprosperi.com\/?attachment_id=22020\" data-orig-file=\"https:\/\/i0.wp.com\/blogdoprosperi.com\/wp-content\/uploads\/2016\/08\/wp-image-51275538jpg.jpg?fit=2000%2C1333&amp;ssl=1\" data-orig-size=\"2000,1333\" data-comments-opened=\"1\" data-image-meta=\"{&quot;aperture&quot;:&quot;0&quot;,&quot;credit&quot;:&quot;&quot;,&quot;camera&quot;:&quot;&quot;,&quot;caption&quot;:&quot;&quot;,&quot;created_timestamp&quot;:&quot;0&quot;,&quot;copyright&quot;:&quot;&quot;,&quot;focal_length&quot;:&quot;0&quot;,&quot;iso&quot;:&quot;0&quot;,&quot;shutter_speed&quot;:&quot;0&quot;,&quot;title&quot;:&quot;&quot;,&quot;orientation&quot;:&quot;0&quot;}\" data-image-title=\"wp-image-51275538jpg.jpg\" data-image-description=\"\" data-image-caption=\"\" data-large-file=\"https:\/\/i0.wp.com\/blogdoprosperi.com\/wp-content\/uploads\/2016\/08\/wp-image-51275538jpg.jpg?fit=940%2C627&amp;ssl=1\" class=\"wp-image-22020 alignnone size-full\" src=\"https:\/\/i0.wp.com\/blogdoprosperi.com\/wp-content\/uploads\/2016\/08\/wp-image-51275538jpg.jpg?resize=940%2C627\" alt=\"\" width=\"940\" height=\"627\" \/><\/a><\/span><br \/>\nNo segundo tempo, os alem\u00e3es arrega\u00e7aram as mangas e foram em busca do seu lugar na final Ol\u00edmpica. Empataram o jogo, com Meyer, aos 14 minutos, e endureceram cora\u00e7\u00f5es no Maracan\u00e3. Certezas se transformaram em ang\u00fastias. E assim se passaram os segundos e mais segundos at\u00e9 os 30 minutos ag\u00f4nicos da prorroga\u00e7\u00e3o e, por fim, os p\u00eanaltis.<\/p>\n<p>A\u00ed vem o bendito do destino se ajoelhar aos p\u00e9s de Neymar. Quando as cobran\u00e7as estavam 4 a 4, o \u00faltimo p\u00eanalti coube a ele. Ajeitou a bola na marca com um leve beijo. Tomou dist\u00e2ncia, deu uma paradinha e chutou a bola de ouro. Tudo estava consumado.<\/p>\n<p>Agora era por a medalha no peito, ouvir o hino nacional cantado por quase 70 mil pessoas no Maracan\u00e3 e dar in\u00edcio ao resgate do verdadeiro futebol brasileiro. Que assim seja.<\/p>\n<p><strong>FICHA DO JOGO<\/strong><\/p>\n<p><strong>Brasil 1 (5) x \u00a01 (4) Alemanha<\/strong><\/p>\n<p><strong>Gols<\/strong>: Neymar, aos 27 do primeiro tempo; e Meyer, aos 14 minutos do segundo tempo.<\/p>\n<p><strong>Brasil<\/strong>: Weverton, Zeca, Marquinhos, Rodrigo Caio e Douglas Santos; Wallace e Renato Augusto; Gabriel (Felipe Anderson), Luan, Neymar e Gabriel Jesus (Rafinha) \u00a0.\u00a0<strong>T\u00e9cnico:<\/strong>\u00a0Rogerio Micale<\/p>\n<p><strong>Alemanha:<\/strong>\u00a0Horn, Klostermann, S\u00fcnder, Ginter e Toljan; Sven Bender, Lars Bender (Pr\u00f6mel) e Meyer; Brandt, Selke (Petersen) e Gnabry.\u00a0<strong>T\u00e9cnico:<\/strong>\u00a0Horst Hrubesch<strong>\u00a0\u00a0<\/strong><\/p>\n<p><strong>Juiz:<\/strong> Alirezean Saghane<br \/>\n<strong>Cart\u00f5es amarelos:\u00a0<\/strong>Zeca, Gabriel. Selke, Sven Bender, S\u00fcle,<br \/>\n<strong>P\u00fablico: 63.707<\/strong><br \/>\n<strong>Local:<\/strong>\u00a0Maracan\u00e3.<\/p>\n","protected":false},"excerpt":{"rendered":"<p>Neymar est\u00e1 em paz com sua consci\u00eancia e n\u00e3o deve mais sofrer ao vestir a camisa da institui\u00e7\u00e3o [&hellip;]<\/p>\n","protected":false},"author":102107496,"featured_media":0,"comment_status":"open","ping_status":"open","sticky":false,"template":"","format":"standard","meta":{"_coblocks_attr":"","_coblocks_dimensions":"","_coblocks_responsive_height":"","_coblocks_accordion_ie_support":"","_jetpack_newsletter_access":"","_jetpack_dont_email_post_to_subs":false,"_jetpack_newsletter_tier_id":0,"_jetpack_memberships_contains_paywalled_content":false,"_wpcom_ai_launchpad_first_post":false,"_jetpack_feature_clip_id":0,"_jetpack_memberships_contains_paid_content":false,"footnotes":"","jetpack_publicize_message":"","jetpack_publicize_feature_enabled":true,"jetpack_social_post_already_shared":false,"jetpack_social_options":{"image_generator_settings":{"template":"highway","default_image_id":0,"font":"","enabled":false},"version":2},"jetpack_post_was_ever_published":false},"categories":[53870,77187843],"tags":[789560560,222804940,4112146,10021936,789560562,3135268],"class_list":["post-21951","post","type-post","status-publish","format-standard","hentry","category-futebol","category-olimpiada-do-rio","tag-futebol","tag-jogos-do-rio-2016","tag-neymar","tag-olimpiada-2016","tag-selecao-brasileira","tag-selecao-olimpica"],"yoast_head":"<!-- This site is optimized with the Yoast SEO plugin v28.3 - https:\/\/yoast.com\/product\/yoast-seo-wordpress\/ -->\n<title>Futebol brasileiro se ajoelha aos p\u00e9s de Neymar e chora a conquista do ouro - PR\u00d3SPERI NEWS<\/title>\n<meta name=\"robots\" content=\"index, follow, max-snippet:-1, max-image-preview:large, max-video-preview:-1\" \/>\n<link rel=\"canonical\" href=\"https:\/\/blogdoprosperi.com\/?p=21951\" \/>\n<meta property=\"og:locale\" content=\"pt_BR\" \/>\n<meta property=\"og:type\" content=\"article\" \/>\n<meta property=\"og:title\" content=\"Futebol brasileiro se ajoelha aos p\u00e9s de Neymar e chora a conquista do ouro - PR\u00d3SPERI NEWS\" \/>\n<meta property=\"og:description\" content=\"Neymar est\u00e1 em paz com sua consci\u00eancia e n\u00e3o deve mais sofrer ao vestir a camisa da institui\u00e7\u00e3o [&hellip;]\" \/>\n<meta property=\"og:url\" content=\"https:\/\/blogdoprosperi.com\/?p=21951\" \/>\n<meta property=\"og:site_name\" content=\"PR\u00d3SPERI NEWS\" \/>\n<meta property=\"article:publisher\" content=\"Luiz Pr\u00f3speri\" \/>\n<meta property=\"article:author\" content=\"Luiz Pr\u00f3speri\" \/>\n<meta property=\"article:published_time\" content=\"2016-08-21T00:04:49+00:00\" \/>\n<meta property=\"article:modified_time\" content=\"2016-08-21T01:29:40+00:00\" \/>\n<meta property=\"og:image\" content=\"https:\/\/i0.wp.com\/blogdoprosperi.com\/wp-content\/uploads\/2016\/08\/2843.jpg?w=936&#038;h=297&#038;ssl=1\" \/>\n<meta name=\"author\" content=\"Luiz Ant\u00f4nio Pr\u00f3speri\" \/>\n<meta name=\"twitter:card\" content=\"summary_large_image\" \/>\n<meta name=\"twitter:creator\" content=\"@Luizprosperi\" \/>\n<meta name=\"twitter:site\" content=\"@Luizprosperi\" \/>\n<meta name=\"twitter:label1\" content=\"Escrito por\" \/>\n\t<meta name=\"twitter:data1\" content=\"Luiz Ant\u00f4nio Pr\u00f3speri\" \/>\n\t<meta name=\"twitter:label2\" content=\"Est. tempo de leitura\" \/>\n\t<meta name=\"twitter:data2\" content=\"4 minutos\" \/>\n<script type=\"application\/ld+json\" class=\"yoast-schema-graph\">{\"@context\":\"https:\\\/\\\/schema.org\",\"@graph\":[{\"@type\":\"Article\",\"@id\":\"https:\\\/\\\/blogdoprosperi.com\\\/?p=21951#article\",\"isPartOf\":{\"@id\":\"https:\\\/\\\/blogdoprosperi.com\\\/?p=21951\"},\"author\":{\"name\":\"Luiz Ant\u00f4nio Pr\u00f3speri\",\"@id\":\"https:\\\/\\\/blogdoprosperi.com\\\/#\\\/schema\\\/person\\\/38100755ce3601861ee4fab9b5aa78e9\"},\"headline\":\"Futebol brasileiro se ajoelha aos p\u00e9s de Neymar e chora a conquista do ouro\",\"datePublished\":\"2016-08-21T00:04:49+00:00\",\"dateModified\":\"2016-08-21T01:29:40+00:00\",\"mainEntityOfPage\":{\"@id\":\"https:\\\/\\\/blogdoprosperi.com\\\/?p=21951\"},\"wordCount\":885,\"commentCount\":8,\"publisher\":{\"@id\":\"https:\\\/\\\/blogdoprosperi.com\\\/#\\\/schema\\\/person\\\/38100755ce3601861ee4fab9b5aa78e9\"},\"image\":{\"@id\":\"https:\\\/\\\/blogdoprosperi.com\\\/?p=21951#primaryimage\"},\"thumbnailUrl\":\"https:\\\/\\\/blogdoprosperi.com\\\/wp-content\\\/uploads\\\/2016\\\/08\\\/5532-2.jpg\",\"keywords\":[\"futebol\",\"Jogos do Rio 2016\",\"Neymar\",\"Olimp\u00edada 2016\",\"Sele\u00e7\u00e3o Brasileira\",\"Sele\u00e7\u00e3o Ol\u00edmpica\"],\"articleSection\":[\"futebol\",\"Olimp\u00edada do Rio\"],\"inLanguage\":\"pt-BR\",\"potentialAction\":[{\"@type\":\"CommentAction\",\"name\":\"Comment\",\"target\":[\"https:\\\/\\\/blogdoprosperi.com\\\/?p=21951#respond\"]}]},{\"@type\":\"WebPage\",\"@id\":\"https:\\\/\\\/blogdoprosperi.com\\\/?p=21951\",\"url\":\"https:\\\/\\\/blogdoprosperi.com\\\/?p=21951\",\"name\":\"Futebol brasileiro se ajoelha aos p\u00e9s de Neymar e chora a conquista do ouro - PR\u00d3SPERI NEWS\",\"isPartOf\":{\"@id\":\"https:\\\/\\\/blogdoprosperi.com\\\/#website\"},\"primaryImageOfPage\":{\"@id\":\"https:\\\/\\\/blogdoprosperi.com\\\/?p=21951#primaryimage\"},\"image\":{\"@id\":\"https:\\\/\\\/blogdoprosperi.com\\\/?p=21951#primaryimage\"},\"thumbnailUrl\":\"https:\\\/\\\/blogdoprosperi.com\\\/wp-content\\\/uploads\\\/2016\\\/08\\\/5532-2.jpg\",\"datePublished\":\"2016-08-21T00:04:49+00:00\",\"dateModified\":\"2016-08-21T01:29:40+00:00\",\"breadcrumb\":{\"@id\":\"https:\\\/\\\/blogdoprosperi.com\\\/?p=21951#breadcrumb\"},\"inLanguage\":\"pt-BR\",\"potentialAction\":[{\"@type\":\"ReadAction\",\"target\":[\"https:\\\/\\\/blogdoprosperi.com\\\/?p=21951\"]}]},{\"@type\":\"ImageObject\",\"inLanguage\":\"pt-BR\",\"@id\":\"https:\\\/\\\/blogdoprosperi.com\\\/?p=21951#primaryimage\",\"url\":\"https:\\\/\\\/i0.wp.com\\\/blogdoprosperi.com\\\/wp-content\\\/uploads\\\/2016\\\/08\\\/5532-2.jpg?fit=1225%2C735&ssl=1\",\"contentUrl\":\"https:\\\/\\\/i0.wp.com\\\/blogdoprosperi.com\\\/wp-content\\\/uploads\\\/2016\\\/08\\\/5532-2.jpg?fit=1225%2C735&ssl=1\",\"width\":1225,\"height\":735},{\"@type\":\"BreadcrumbList\",\"@id\":\"https:\\\/\\\/blogdoprosperi.com\\\/?p=21951#breadcrumb\",\"itemListElement\":[{\"@type\":\"ListItem\",\"position\":1,\"name\":\"In\u00edcio\",\"item\":\"https:\\\/\\\/blogdoprosperi.com\\\/\"},{\"@type\":\"ListItem\",\"position\":2,\"name\":\"Futebol brasileiro se ajoelha aos p\u00e9s de Neymar e chora a conquista do ouro\"}]},{\"@type\":\"WebSite\",\"@id\":\"https:\\\/\\\/blogdoprosperi.com\\\/#website\",\"url\":\"https:\\\/\\\/blogdoprosperi.com\\\/\",\"name\":\"PR\u00d3SPERI NEWS\",\"description\":\"TUDO \u00c9  FUTEBOL\",\"publisher\":{\"@id\":\"https:\\\/\\\/blogdoprosperi.com\\\/#\\\/schema\\\/person\\\/38100755ce3601861ee4fab9b5aa78e9\"},\"alternateName\":\"blogdoprosperi.com\",\"potentialAction\":[{\"@type\":\"SearchAction\",\"target\":{\"@type\":\"EntryPoint\",\"urlTemplate\":\"https:\\\/\\\/blogdoprosperi.com\\\/?s={search_term_string}\"},\"query-input\":{\"@type\":\"PropertyValueSpecification\",\"valueRequired\":true,\"valueName\":\"search_term_string\"}}],\"inLanguage\":\"pt-BR\"},{\"@type\":[\"Person\",\"Organization\"],\"@id\":\"https:\\\/\\\/blogdoprosperi.com\\\/#\\\/schema\\\/person\\\/38100755ce3601861ee4fab9b5aa78e9\",\"name\":\"Luiz Ant\u00f4nio Pr\u00f3speri\",\"pronouns\":\"ele\",\"image\":{\"@type\":\"ImageObject\",\"inLanguage\":\"pt-BR\",\"@id\":\"https:\\\/\\\/i0.wp.com\\\/blogdoprosperi.com\\\/wp-content\\\/uploads\\\/2026\\\/05\\\/cropped-8059e613-6002-42fa-961e-8e275f575d71-2-5.jpg?fit=1360%2C931&ssl=1\",\"url\":\"https:\\\/\\\/i0.wp.com\\\/blogdoprosperi.com\\\/wp-content\\\/uploads\\\/2026\\\/05\\\/cropped-8059e613-6002-42fa-961e-8e275f575d71-2-5.jpg?fit=1360%2C931&ssl=1\",\"contentUrl\":\"https:\\\/\\\/i0.wp.com\\\/blogdoprosperi.com\\\/wp-content\\\/uploads\\\/2026\\\/05\\\/cropped-8059e613-6002-42fa-961e-8e275f575d71-2-5.jpg?fit=1360%2C931&ssl=1\",\"width\":1360,\"height\":931,\"caption\":\"Luiz Ant\u00f4nio Pr\u00f3speri\"},\"logo\":{\"@id\":\"https:\\\/\\\/i0.wp.com\\\/blogdoprosperi.com\\\/wp-content\\\/uploads\\\/2026\\\/05\\\/cropped-8059e613-6002-42fa-961e-8e275f575d71-2-5.jpg?fit=1360%2C931&ssl=1\"},\"description\":\"Jornalista com carreira dedicada ao esporte. Cobriu 9 Copas do Mundo in loco, 1990 na It\u00e1lia, 1994 nos EUA, 1998 na Fran\u00e7a, 2002 na Coreia do Sul e Jap\u00e3o, 2006 na Alemanha, 2010 na \u00c1frica do Sul, 2014 no Brasil, 2018 na R\u00fassia e 2022 no Qatar. Eurocopas, 1992 na Su\u00e9cia e 1996 na Inglaterra. Copa das Confedera\u00e7\u00f5es de 2005 na Alemanha e 2009 na \u00c1frica do Sul. Rep\u00f3rter e Editor, trabalhou no Jornal da Tarde e Estad\u00e3o, de 1984 a fevereiro de 2016. Colunista, blogueiro. E comentarista de futebol na R\u00e1dio Estad\u00e3o, de 2013 a fevereiro de 2016. Jornalista respons\u00e1vel do \\\"Pr\u00f3speri News\\\" (blogdoprosperi.com).\",\"sameAs\":[\"http:\\\/\\\/blogdoprosperi.com\",\"Luiz Pr\u00f3speri\",\"@luiz_prosperi\",\"https:\\\/\\\/x.com\\\/Luizprosperi\",\"@prosperinacopa\",\"luiz.prosperi@icloud.com\"],\"url\":\"https:\\\/\\\/blogdoprosperi.com\\\/?author=102107496\"}]}<\/script>\n<!-- \/ Yoast SEO plugin. -->","yoast_head_json":{"title":"Futebol brasileiro se ajoelha aos p\u00e9s de Neymar e chora a conquista do ouro - PR\u00d3SPERI NEWS","robots":{"index":"index","follow":"follow","max-snippet":"max-snippet:-1","max-image-preview":"max-image-preview:large","max-video-preview":"max-video-preview:-1"},"canonical":"https:\/\/blogdoprosperi.com\/?p=21951","og_locale":"pt_BR","og_type":"article","og_title":"Futebol brasileiro se ajoelha aos p\u00e9s de Neymar e chora a conquista do ouro - PR\u00d3SPERI NEWS","og_description":"Neymar est\u00e1 em paz com sua consci\u00eancia e n\u00e3o deve mais sofrer ao vestir a camisa da institui\u00e7\u00e3o [&hellip;]","og_url":"https:\/\/blogdoprosperi.com\/?p=21951","og_site_name":"PR\u00d3SPERI NEWS","article_publisher":"Luiz Pr\u00f3speri","article_author":"Luiz Pr\u00f3speri","article_published_time":"2016-08-21T00:04:49+00:00","article_modified_time":"2016-08-21T01:29:40+00:00","og_image":[{"url":"https:\/\/i0.wp.com\/blogdoprosperi.com\/wp-content\/uploads\/2016\/08\/2843.jpg?w=936&#038;h=297&#038;ssl=1","type":"","width":"","height":""}],"author":"Luiz Ant\u00f4nio Pr\u00f3speri","twitter_card":"summary_large_image","twitter_creator":"@Luizprosperi","twitter_site":"@Luizprosperi","twitter_misc":{"Escrito por":"Luiz Ant\u00f4nio Pr\u00f3speri","Est. tempo de leitura":"4 minutos"},"schema":{"@context":"https:\/\/schema.org","@graph":[{"@type":"Article","@id":"https:\/\/blogdoprosperi.com\/?p=21951#article","isPartOf":{"@id":"https:\/\/blogdoprosperi.com\/?p=21951"},"author":{"name":"Luiz Ant\u00f4nio Pr\u00f3speri","@id":"https:\/\/blogdoprosperi.com\/#\/schema\/person\/38100755ce3601861ee4fab9b5aa78e9"},"headline":"Futebol brasileiro se ajoelha aos p\u00e9s de Neymar e chora a conquista do ouro","datePublished":"2016-08-21T00:04:49+00:00","dateModified":"2016-08-21T01:29:40+00:00","mainEntityOfPage":{"@id":"https:\/\/blogdoprosperi.com\/?p=21951"},"wordCount":885,"commentCount":8,"publisher":{"@id":"https:\/\/blogdoprosperi.com\/#\/schema\/person\/38100755ce3601861ee4fab9b5aa78e9"},"image":{"@id":"https:\/\/blogdoprosperi.com\/?p=21951#primaryimage"},"thumbnailUrl":"https:\/\/blogdoprosperi.com\/wp-content\/uploads\/2016\/08\/5532-2.jpg","keywords":["futebol","Jogos do Rio 2016","Neymar","Olimp\u00edada 2016","Sele\u00e7\u00e3o Brasileira","Sele\u00e7\u00e3o Ol\u00edmpica"],"articleSection":["futebol","Olimp\u00edada do Rio"],"inLanguage":"pt-BR","potentialAction":[{"@type":"CommentAction","name":"Comment","target":["https:\/\/blogdoprosperi.com\/?p=21951#respond"]}]},{"@type":"WebPage","@id":"https:\/\/blogdoprosperi.com\/?p=21951","url":"https:\/\/blogdoprosperi.com\/?p=21951","name":"Futebol brasileiro se ajoelha aos p\u00e9s de Neymar e chora a conquista do ouro - PR\u00d3SPERI NEWS","isPartOf":{"@id":"https:\/\/blogdoprosperi.com\/#website"},"primaryImageOfPage":{"@id":"https:\/\/blogdoprosperi.com\/?p=21951#primaryimage"},"image":{"@id":"https:\/\/blogdoprosperi.com\/?p=21951#primaryimage"},"thumbnailUrl":"https:\/\/blogdoprosperi.com\/wp-content\/uploads\/2016\/08\/5532-2.jpg","datePublished":"2016-08-21T00:04:49+00:00","dateModified":"2016-08-21T01:29:40+00:00","breadcrumb":{"@id":"https:\/\/blogdoprosperi.com\/?p=21951#breadcrumb"},"inLanguage":"pt-BR","potentialAction":[{"@type":"ReadAction","target":["https:\/\/blogdoprosperi.com\/?p=21951"]}]},{"@type":"ImageObject","inLanguage":"pt-BR","@id":"https:\/\/blogdoprosperi.com\/?p=21951#primaryimage","url":"https:\/\/i0.wp.com\/blogdoprosperi.com\/wp-content\/uploads\/2016\/08\/5532-2.jpg?fit=1225%2C735&ssl=1","contentUrl":"https:\/\/i0.wp.com\/blogdoprosperi.com\/wp-content\/uploads\/2016\/08\/5532-2.jpg?fit=1225%2C735&ssl=1","width":1225,"height":735},{"@type":"BreadcrumbList","@id":"https:\/\/blogdoprosperi.com\/?p=21951#breadcrumb","itemListElement":[{"@type":"ListItem","position":1,"name":"In\u00edcio","item":"https:\/\/blogdoprosperi.com\/"},{"@type":"ListItem","position":2,"name":"Futebol brasileiro se ajoelha aos p\u00e9s de Neymar e chora a conquista do ouro"}]},{"@type":"WebSite","@id":"https:\/\/blogdoprosperi.com\/#website","url":"https:\/\/blogdoprosperi.com\/","name":"PR\u00d3SPERI NEWS","description":"TUDO \u00c9  FUTEBOL","publisher":{"@id":"https:\/\/blogdoprosperi.com\/#\/schema\/person\/38100755ce3601861ee4fab9b5aa78e9"},"alternateName":"blogdoprosperi.com","potentialAction":[{"@type":"SearchAction","target":{"@type":"EntryPoint","urlTemplate":"https:\/\/blogdoprosperi.com\/?s={search_term_string}"},"query-input":{"@type":"PropertyValueSpecification","valueRequired":true,"valueName":"search_term_string"}}],"inLanguage":"pt-BR"},{"@type":["Person","Organization"],"@id":"https:\/\/blogdoprosperi.com\/#\/schema\/person\/38100755ce3601861ee4fab9b5aa78e9","name":"Luiz Ant\u00f4nio Pr\u00f3speri","pronouns":"ele","image":{"@type":"ImageObject","inLanguage":"pt-BR","@id":"https:\/\/i0.wp.com\/blogdoprosperi.com\/wp-content\/uploads\/2026\/05\/cropped-8059e613-6002-42fa-961e-8e275f575d71-2-5.jpg?fit=1360%2C931&ssl=1","url":"https:\/\/i0.wp.com\/blogdoprosperi.com\/wp-content\/uploads\/2026\/05\/cropped-8059e613-6002-42fa-961e-8e275f575d71-2-5.jpg?fit=1360%2C931&ssl=1","contentUrl":"https:\/\/i0.wp.com\/blogdoprosperi.com\/wp-content\/uploads\/2026\/05\/cropped-8059e613-6002-42fa-961e-8e275f575d71-2-5.jpg?fit=1360%2C931&ssl=1","width":1360,"height":931,"caption":"Luiz Ant\u00f4nio Pr\u00f3speri"},"logo":{"@id":"https:\/\/i0.wp.com\/blogdoprosperi.com\/wp-content\/uploads\/2026\/05\/cropped-8059e613-6002-42fa-961e-8e275f575d71-2-5.jpg?fit=1360%2C931&ssl=1"},"description":"Jornalista com carreira dedicada ao esporte. Cobriu 9 Copas do Mundo in loco, 1990 na It\u00e1lia, 1994 nos EUA, 1998 na Fran\u00e7a, 2002 na Coreia do Sul e Jap\u00e3o, 2006 na Alemanha, 2010 na \u00c1frica do Sul, 2014 no Brasil, 2018 na R\u00fassia e 2022 no Qatar. Eurocopas, 1992 na Su\u00e9cia e 1996 na Inglaterra. Copa das Confedera\u00e7\u00f5es de 2005 na Alemanha e 2009 na \u00c1frica do Sul. Rep\u00f3rter e Editor, trabalhou no Jornal da Tarde e Estad\u00e3o, de 1984 a fevereiro de 2016. Colunista, blogueiro. E comentarista de futebol na R\u00e1dio Estad\u00e3o, de 2013 a fevereiro de 2016. Jornalista respons\u00e1vel do \"Pr\u00f3speri News\" (blogdoprosperi.com).","sameAs":["http:\/\/blogdoprosperi.com","Luiz Pr\u00f3speri","@luiz_prosperi","https:\/\/x.com\/Luizprosperi","@prosperinacopa","luiz.prosperi@icloud.com"],"url":"https:\/\/blogdoprosperi.com\/?author=102107496"}]}},"jetpack_publicize_connections":[],"jetpack_likes_enabled":false,"jetpack_sharing_enabled":true,"jetpack_shortlink":"https:\/\/wp.me\/p7jvdk-5I3","jetpack-related-posts":[{"id":18862,"url":"https:\/\/blogdoprosperi.com\/?p=18862","url_meta":{"origin":21951,"position":0},"title":"Sele\u00e7\u00e3o estreia nos Jogos do Rio com a miss\u00e3o de resgatar futebol brasileiro","author":"Luiz Ant\u00f4nio Pr\u00f3speri","date":"4 de agosto de 2016","format":false,"excerpt":"Futebol brasileiro est\u00e1 muito perto de um renascimento, a partir deste 4 de agosto de 2016. No est\u00e1dio batizado com o nome da lenda Man\u00e9 Garrincha, em Bras\u00edlia, a Sele\u00e7\u00e3o Ol\u00edmpica entra em campo contra \u00c1frica do Sul, \u00e0s 16h, com a enorme responsabilidade de dar in\u00edcio ao resgate da\u2026","rel":"","context":"Em &quot;futebol&quot;","block_context":{"text":"futebol","link":"https:\/\/blogdoprosperi.com\/?cat=53870"},"img":{"alt_text":"","src":"https:\/\/i0.wp.com\/blogdoprosperi.com\/wp-content\/uploads\/2016\/08\/36cca79200000578-3719494-image-a-14_1470128847963.jpg?resize=350%2C200","width":350,"height":200,"srcset":"https:\/\/i0.wp.com\/blogdoprosperi.com\/wp-content\/uploads\/2016\/08\/36cca79200000578-3719494-image-a-14_1470128847963.jpg?resize=350%2C200 1x, https:\/\/i0.wp.com\/blogdoprosperi.com\/wp-content\/uploads\/2016\/08\/36cca79200000578-3719494-image-a-14_1470128847963.jpg?resize=525%2C300 1.5x"},"classes":[]},{"id":20184,"url":"https:\/\/blogdoprosperi.com\/?p=20184","url_meta":{"origin":21951,"position":1},"title":"Neymar n\u00e3o \u00e9 o culpado","author":"Luiz Ant\u00f4nio Pr\u00f3speri","date":"9 de agosto de 2016","format":false,"excerpt":"Futebol brasileiro corre risco enorme de cair na primeira fase da Olimp\u00edada nesta quarta-feira no jogo contra a Dinamarca. Seria um desastre do tamanho do 7 a 1. Devastador. Um tiro no cora\u00e7\u00e3o da institui\u00e7\u00e3o Sele\u00e7\u00e3o Brasileira, sem credibilidade e em crise permanente desde o fracasso na Copa do Mundo\u2026","rel":"","context":"Em &quot;futebol&quot;","block_context":{"text":"futebol","link":"https:\/\/blogdoprosperi.com\/?cat=53870"},"img":{"alt_text":"","src":"https:\/\/i0.wp.com\/blogdoprosperi.com\/wp-content\/uploads\/2016\/08\/pro2-9.jpg?resize=350%2C200&ssl=1","width":350,"height":200,"srcset":"https:\/\/i0.wp.com\/blogdoprosperi.com\/wp-content\/uploads\/2016\/08\/pro2-9.jpg?resize=350%2C200&ssl=1 1x, https:\/\/i0.wp.com\/blogdoprosperi.com\/wp-content\/uploads\/2016\/08\/pro2-9.jpg?resize=525%2C300&ssl=1 1.5x, https:\/\/i0.wp.com\/blogdoprosperi.com\/wp-content\/uploads\/2016\/08\/pro2-9.jpg?resize=700%2C400&ssl=1 2x, https:\/\/i0.wp.com\/blogdoprosperi.com\/wp-content\/uploads\/2016\/08\/pro2-9.jpg?resize=1050%2C600&ssl=1 3x, https:\/\/i0.wp.com\/blogdoprosperi.com\/wp-content\/uploads\/2016\/08\/pro2-9.jpg?resize=1400%2C800&ssl=1 4x"},"classes":[]},{"id":21421,"url":"https:\/\/blogdoprosperi.com\/?p=21421","url_meta":{"origin":21951,"position":2},"title":"Sele\u00e7\u00e3o Ol\u00edmpica pressionada a salvar a honra dos esportes coletivos do Brasil nos Jogos do Rio","author":"Luiz Ant\u00f4nio Pr\u00f3speri","date":"17 de agosto de 2016","format":false,"excerpt":"Brasil favorito nos esportes coletivos esfarela na reta final dos Jogos do Rio. Uma das \u00faltimas apostas \u00e9 a sele\u00e7\u00e3o do futebol masculino, ap\u00f3s a queda do time de Marta, a derrocada do v\u00f4lei feminino, do handebol, do basquete e das incertezas com o v\u00f4lei de quadra dos rapazes. At\u00e9\u2026","rel":"","context":"Em &quot;futebol&quot;","block_context":{"text":"futebol","link":"https:\/\/blogdoprosperi.com\/?cat=53870"},"img":{"alt_text":"","src":"https:\/\/i0.wp.com\/blogdoprosperi.com\/wp-content\/uploads\/2016\/08\/joao-havelange-esq-e-ricardo-teixeira-olham-para-copa-do-mundo-1319639845195_615x300.jpg?resize=350%2C200&ssl=1","width":350,"height":200,"srcset":"https:\/\/i0.wp.com\/blogdoprosperi.com\/wp-content\/uploads\/2016\/08\/joao-havelange-esq-e-ricardo-teixeira-olham-para-copa-do-mundo-1319639845195_615x300.jpg?resize=350%2C200&ssl=1 1x, https:\/\/i0.wp.com\/blogdoprosperi.com\/wp-content\/uploads\/2016\/08\/joao-havelange-esq-e-ricardo-teixeira-olham-para-copa-do-mundo-1319639845195_615x300.jpg?resize=525%2C300&ssl=1 1.5x"},"classes":[]},{"id":5986,"url":"https:\/\/blogdoprosperi.com\/?p=5986","url_meta":{"origin":21951,"position":3},"title":"Neymar desiste de concorrer a melhor do mundo em 2016","author":"Luiz Ant\u00f4nio Pr\u00f3speri","date":"17 de maio de 2016","format":false,"excerpt":"\u00a0 Craque sai de cena em junho, ao aceitar pedido da CBF para disputar a Olimp\u00edada do Rio, e v\u00ea distante projeto de ser eleito o Bola de Ouro da Fifa no fim do ano Neymar desistiu de se credenciar a melhor jogador do mundo nesta temporada de 2016, na\u2026","rel":"","context":"Em &quot;futebol&quot;","block_context":{"text":"futebol","link":"https:\/\/blogdoprosperi.com\/?cat=53870"},"img":{"alt_text":"","src":"https:\/\/i0.wp.com\/blogdoprosperi.com\/wp-content\/uploads\/2016\/05\/16085103.jpeg?resize=350%2C200&ssl=1","width":350,"height":200,"srcset":"https:\/\/i0.wp.com\/blogdoprosperi.com\/wp-content\/uploads\/2016\/05\/16085103.jpeg?resize=350%2C200&ssl=1 1x, https:\/\/i0.wp.com\/blogdoprosperi.com\/wp-content\/uploads\/2016\/05\/16085103.jpeg?resize=525%2C300&ssl=1 1.5x"},"classes":[]},{"id":21517,"url":"https:\/\/blogdoprosperi.com\/?p=21517","url_meta":{"origin":21951,"position":4},"title":"Sele\u00e7\u00e3o Ol\u00edmpica consagra Neymar e Gabriel Jesus e vai encarar Alemanha na disputa do ouro","author":"Luiz Ant\u00f4nio Pr\u00f3speri","date":"17 de agosto de 2016","format":false,"excerpt":"Duro \u00e9 convencer a torcida brasileira de que os alem\u00e3es n\u00e3o merecem levar uma sova na final dos Jogos do Rio 2016 Brasil se reconciliou com seu futebol, t\u00e3o maltratado nos \u00faltimos tempos, ao despachar Honduras por 6 a 0 na semifinal dos Jogos do Rio. H\u00e1 quem possa argumentar\u2026","rel":"","context":"Em &quot;futebol&quot;","block_context":{"text":"futebol","link":"https:\/\/blogdoprosperi.com\/?cat=53870"},"img":{"alt_text":"","src":"https:\/\/i0.wp.com\/blogdoprosperi.com\/wp-content\/uploads\/2016\/08\/u9kmit0v.jpg?resize=350%2C200&ssl=1","width":350,"height":200,"srcset":"https:\/\/i0.wp.com\/blogdoprosperi.com\/wp-content\/uploads\/2016\/08\/u9kmit0v.jpg?resize=350%2C200&ssl=1 1x, https:\/\/i0.wp.com\/blogdoprosperi.com\/wp-content\/uploads\/2016\/08\/u9kmit0v.jpg?resize=525%2C300&ssl=1 1.5x"},"classes":[]},{"id":30842,"url":"https:\/\/blogdoprosperi.com\/?p=30842","url_meta":{"origin":21951,"position":5},"title":"Neymar, estrela solit\u00e1ria do Brasil na lista dos 23 melhores do mundo da Fifa, n\u00e3o vai ficar entre os tr\u00eas finalistas","author":"Luiz Ant\u00f4nio Pr\u00f3speri","date":"4 de novembro de 2016","format":false,"excerpt":"Neymar vai pagar um pre\u00e7o alto na corrida para ser o melhor do mundo na elei\u00e7\u00e3o da Fifa. Pesa contra o craque brasileiro sua op\u00e7\u00e3o de n\u00e3o disputar a Copa Am\u00e9rica Centen\u00e1rio nos Estados Unidos. Preferiu jogar a Olimp\u00edada do Rio, quando conquistou a medalha de ouro, que tem valor\u2026","rel":"","context":"Em &quot;futebol&quot;","block_context":{"text":"futebol","link":"https:\/\/blogdoprosperi.com\/?cat=53870"},"img":{"alt_text":"","src":"https:\/\/i0.wp.com\/blogdoprosperi.com\/wp-content\/uploads\/2016\/11\/cwa5a6cxeau2vj6.jpg?resize=350%2C200&ssl=1","width":350,"height":200,"srcset":"https:\/\/i0.wp.com\/blogdoprosperi.com\/wp-content\/uploads\/2016\/11\/cwa5a6cxeau2vj6.jpg?resize=350%2C200&ssl=1 1x, https:\/\/i0.wp.com\/blogdoprosperi.com\/wp-content\/uploads\/2016\/11\/cwa5a6cxeau2vj6.jpg?resize=525%2C300&ssl=1 1.5x, https:\/\/i0.wp.com\/blogdoprosperi.com\/wp-content\/uploads\/2016\/11\/cwa5a6cxeau2vj6.jpg?resize=700%2C400&ssl=1 2x"},"classes":[]}],"jetpack_featured_media_url":"","_links":{"self":[{"href":"https:\/\/blogdoprosperi.com\/index.php?rest_route=\/wp\/v2\/posts\/21951","targetHints":{"allow":["GET"]}}],"collection":[{"href":"https:\/\/blogdoprosperi.com\/index.php?rest_route=\/wp\/v2\/posts"}],"about":[{"href":"https:\/\/blogdoprosperi.com\/index.php?rest_route=\/wp\/v2\/types\/post"}],"author":[{"embeddable":true,"href":"https:\/\/blogdoprosperi.com\/index.php?rest_route=\/wp\/v2\/users\/102107496"}],"replies":[{"embeddable":true,"href":"https:\/\/blogdoprosperi.com\/index.php?rest_route=%2Fwp%2Fv2%2Fcomments&post=21951"}],"version-history":[{"count":25,"href":"https:\/\/blogdoprosperi.com\/index.php?rest_route=\/wp\/v2\/posts\/21951\/revisions"}],"predecessor-version":[{"id":22023,"href":"https:\/\/blogdoprosperi.com\/index.php?rest_route=\/wp\/v2\/posts\/21951\/revisions\/22023"}],"wp:attachment":[{"href":"https:\/\/blogdoprosperi.com\/index.php?rest_route=%2Fwp%2Fv2%2Fmedia&parent=21951"}],"wp:term":[{"taxonomy":"category","embeddable":true,"href":"https:\/\/blogdoprosperi.com\/index.php?rest_route=%2Fwp%2Fv2%2Fcategories&post=21951"},{"taxonomy":"post_tag","embeddable":true,"href":"https:\/\/blogdoprosperi.com\/index.php?rest_route=%2Fwp%2Fv2%2Ftags&post=21951"}],"curies":[{"name":"wp","href":"https:\/\/api.w.org\/{rel}","templated":true}]}}