{"id":2200,"date":"2016-04-22T03:18:04","date_gmt":"2016-04-22T03:18:04","guid":{"rendered":"https:\/\/blogdoprosperi.com\/?p=2200"},"modified":"2016-04-22T03:28:01","modified_gmt":"2016-04-22T03:28:01","slug":"sao-paulo-avanca-na-libertadores-apesar-do-goleiro-denis","status":"publish","type":"post","link":"https:\/\/blogdoprosperi.com\/?p=2200","title":{"rendered":"S\u00e3o Paulo avan\u00e7a na Libertadores, apesar do goleiro Denis"},"content":{"rendered":"<p>&nbsp;<\/p>\n<figure id=\"attachment_2258\" aria-describedby=\"caption-attachment-2258\" style=\"width: 912px\" class=\"wp-caption alignnone\"><img data-recalc-dims=\"1\" loading=\"lazy\" decoding=\"async\" data-attachment-id=\"2258\" data-permalink=\"https:\/\/blogdoprosperi.com\/?attachment_id=2258\" data-orig-file=\"https:\/\/i0.wp.com\/blogdoprosperi.com\/wp-content\/uploads\/2016\/04\/image1.jpeg?fit=912%2C554&amp;ssl=1\" data-orig-size=\"912,554\" data-comments-opened=\"1\" data-image-meta=\"{&quot;aperture&quot;:&quot;0&quot;,&quot;credit&quot;:&quot;&quot;,&quot;camera&quot;:&quot;&quot;,&quot;caption&quot;:&quot;&quot;,&quot;created_timestamp&quot;:&quot;0&quot;,&quot;copyright&quot;:&quot;&quot;,&quot;focal_length&quot;:&quot;0&quot;,&quot;iso&quot;:&quot;0&quot;,&quot;shutter_speed&quot;:&quot;0&quot;,&quot;title&quot;:&quot;&quot;,&quot;orientation&quot;:&quot;0&quot;}\" data-image-title=\"image1\" data-image-description=\"\" data-image-caption=\"\" data-large-file=\"https:\/\/i0.wp.com\/blogdoprosperi.com\/wp-content\/uploads\/2016\/04\/image1.jpeg?fit=912%2C554&amp;ssl=1\" class=\"alignnone size-full wp-image-2258\" src=\"https:\/\/i0.wp.com\/blogdoprosperi.com\/wp-content\/uploads\/2016\/04\/image1.jpeg?resize=912%2C554&#038;ssl=1\" alt=\"image1\" width=\"912\" height=\"554\" \/><figcaption id=\"caption-attachment-2258\" class=\"wp-caption-text\">Calleri, um le\u00e3o antes e depois do jogo<\/figcaption><\/figure>\n<p>O S\u00e3o Paulo derrotou a altitude de La Paz e eliminou o The Strongest ao empatar por 1 a 1, resultado que leva o time brasileiro \u00e0s oitavas de final da Copa Libertadores. A classifica\u00e7\u00e3o foi dram\u00e1tica com a expuls\u00e3o do goleiro Denis &#8211; Maicon foi para o gol \u2013 e as provoca\u00e7\u00f5es do atacante Calleri. Um exemplo do lixo hist\u00f3rico que \u00e9 a Libertadores, a Champions League das Am\u00e9ricas.<\/p>\n<p>Com a vaga garantida, o S\u00e3o Paulo vai enfrentar o Toluca, do M\u00e9xico, nas oitavas de final. Viagem longa, altitude mais ou menos. Mas o que valeu foi a classifica\u00e7\u00e3o.<\/p>\n<p>Um primeiro tempo dif\u00edcil, com um gol sofrido em falha de Denis, mais uma, e um empate com Calleri, sempre ele, pode resumir o sacrif\u00edcio do S\u00e3o Paulo no quase no c\u00e9u de La Paz na primeira parte da partida.<\/p>\n<p>Muito se discutiu nas redes sociais a op\u00e7\u00e3o de Edgardo Bauza em deixar Ganso, o melhor do time, no banco de reservas e escalar o Tricolor com tr\u00eas volantes (Hudson, Wesley e Thiago Mendes). Muita gente condenou, assinei embaixo.<\/p>\n<p>Por mais acertada que tenha sido a estrat\u00e9gia de Bauza, n\u00e3o se esconde um jogador como Ganso no banco. Quando se tira o craque para apostar nos medianos, imaginando que eles v\u00e3o fazer o servi\u00e7o sujo, \u00e9 um sinal de que n\u00e3o acredita no advers\u00e1rio ou \u00e9 preciso mais de \u00a0for\u00e7a que talento na altitude de quase 4 mil metros acima do n\u00edvel do mar.<\/p>\n<p>Bauza acreditou na sua f\u00e9. Seguiu o enredo no segundo tempo, estacionando um \u00f4nibus na frente da grande \u00e1rea e, na posse de bola, r\u00e1pidos passes at\u00e9 entregar a responsabilidade a Kelvin. Pouco. Mas, como diz um amigo, era o que ele tinha em m\u00e3os, desde que optou por Ganso no banco e Michel Bastos jogando com a miss\u00e3o de pensar no jogo.<\/p>\n<p>Bazuca n\u00e3o atentou para um detalhe. Uma hora o g\u00e1s de Kelvin ia acabar. O ar seria um artigo raro no pulm\u00e3o. E a\u00ed, sem pernas e oxig\u00eanio, era preciso intelig\u00eancia. Coisa rara no jogo, dos dois lados. Ent\u00e3o o treinador argentino do Tricolor lan\u00e7ou Ganso aos le\u00f5es no lugar de Michel Bastos, aos 22 do segundo tempo.<\/p>\n<p>Queria uma transforma\u00e7\u00e3o radical no jeito de o S\u00e3o Paulo jogar. Ganso deveria se desdobrar. Correr como um Pernalonga com f\u00f4lego de um Bip Bip. Fantasia? Pode ser, mas La Paz \u00e9 um caso s\u00e9rio.<\/p>\n<p>Estive l\u00e1 em 1993, nas Eliminat\u00f3rias da Copa de 94 nos EUA, e s\u00f3 sobrevivi, a tempo de mandar as mat\u00e9rias ao <em>Jornal da Tarde<\/em>, gra\u00e7as \u00e0s jarras de ch\u00e1 de coca servidas no hotel. Se quase morri sufocado sem ar, apenas batucando as teclas, imaginem como sofrem os jogadores num jogo a 4 mil de altitude.<\/p>\n<figure id=\"attachment_2261\" aria-describedby=\"caption-attachment-2261\" style=\"width: 800px\" class=\"wp-caption alignnone\"><img data-recalc-dims=\"1\" loading=\"lazy\" decoding=\"async\" data-attachment-id=\"2261\" data-permalink=\"https:\/\/blogdoprosperi.com\/?attachment_id=2261\" data-orig-file=\"https:\/\/i0.wp.com\/blogdoprosperi.com\/wp-content\/uploads\/2016\/04\/dc3aanis-sp-x-oeste2-1.jpg?fit=800%2C515&amp;ssl=1\" data-orig-size=\"800,515\" data-comments-opened=\"1\" data-image-meta=\"{&quot;aperture&quot;:&quot;0&quot;,&quot;credit&quot;:&quot;&quot;,&quot;camera&quot;:&quot;&quot;,&quot;caption&quot;:&quot;&quot;,&quot;created_timestamp&quot;:&quot;0&quot;,&quot;copyright&quot;:&quot;&quot;,&quot;focal_length&quot;:&quot;0&quot;,&quot;iso&quot;:&quot;0&quot;,&quot;shutter_speed&quot;:&quot;0&quot;,&quot;title&quot;:&quot;&quot;,&quot;orientation&quot;:&quot;0&quot;}\" data-image-title=\"D\u00eanis-SP-x-Oeste2-1\" data-image-description=\"\" data-image-caption=\"\" data-large-file=\"https:\/\/i0.wp.com\/blogdoprosperi.com\/wp-content\/uploads\/2016\/04\/dc3aanis-sp-x-oeste2-1.jpg?fit=800%2C515&amp;ssl=1\" class=\"alignnone size-full wp-image-2261\" src=\"https:\/\/i0.wp.com\/blogdoprosperi.com\/wp-content\/uploads\/2016\/04\/dc3aanis-sp-x-oeste2-1.jpg?resize=800%2C515&#038;ssl=1\" alt=\"D\u00eanis-SP-x-Oeste2-1\" width=\"800\" height=\"515\" \/><figcaption id=\"caption-attachment-2261\" class=\"wp-caption-text\">Denis entrega o ouro e quase compromete o S\u00e3o Paulo<\/figcaption><\/figure>\n<p>O S\u00e3o Paulo viveu esse drama. Foi colocado dentro de uma panela de press\u00e3o. Respondeu bem at\u00e9 onde as veias suportaram. Ganso perdeu uma chance incr\u00edvel, aos 44. E os coadjuvantes, como Wesley, Kelvin, Thiago Mendes e at\u00e9 Maicon, foram gigantes.<\/p>\n<p>No final do jogo, Denis, sempre ele, foi expulso aos 42 minutos, com justi\u00e7a, por retardar o jogo. T\u00e3o inocente como se comporta debaixo dos tr\u00eas paus. N\u00e3o \u00e9 goleiro \u00e0 altura do S\u00e3o Paulo. Entregou no gol do Strongest e comprometeu o time nos \u00faltimos minutos com a expuls\u00e3o.<\/p>\n<p>O zagueiro Maicon foi para gol e salvou o S\u00e3o Paulo. Deveria ficar no lugar do in\u00fatil Denis. Ao apito final, pancadaria entre os jogadores em confus\u00e3o com Calleri. Nada assustador. Essa \u00e9 a Libertadores, um retrato da corrupta e falida Confedera\u00e7\u00e3o Sul-Americana de Futebol, a famigerada Conmebol.<\/p>\n<p>Contra o Toluca, no jogo de ida, o S\u00e3o Paulo n\u00e3o ter\u00e1 Denis e Calleri. O goleiro, dentro do que est\u00e1 jogando, n\u00e3o vai fazer falta. E o artilheiro do time&#8230; \u00c9 bom nem falar<\/p>\n","protected":false},"excerpt":{"rendered":"<p>&nbsp; O S\u00e3o Paulo derrotou a altitude de La Paz e eliminou o The Strongest ao empatar por [&hellip;]<\/p>\n","protected":false},"author":102107496,"featured_media":0,"comment_status":"open","ping_status":"open","sticky":false,"template":"","format":"standard","meta":{"_coblocks_attr":"","_coblocks_dimensions":"","_coblocks_responsive_height":"","_coblocks_accordion_ie_support":"","_jetpack_newsletter_access":"","_jetpack_dont_email_post_to_subs":false,"_jetpack_newsletter_tier_id":0,"_jetpack_memberships_contains_paywalled_content":false,"_wpcom_ai_launchpad_first_post":false,"_jetpack_feature_clip_id":0,"_jetpack_memberships_contains_paid_content":false,"footnotes":"","jetpack_publicize_message":"","jetpack_publicize_feature_enabled":true,"jetpack_social_post_already_shared":false,"jetpack_social_options":{"image_generator_settings":{"template":"highway","default_image_id":0,"font":"","enabled":false},"version":2},"jetpack_post_was_ever_published":false},"categories":[53870],"tags":[1308366,789560565,20600486,789560560,972018,142359639],"class_list":["post-2200","post","type-post","status-publish","format-standard","hentry","category-futebol","tag-calleri","tag-copa-libertadores","tag-denis-goleiro","tag-futebol","tag-sao-paulo-fc","tag-sao-paulo-x-the-strongest"],"yoast_head":"<!-- This site is optimized with the Yoast SEO plugin v28.3 - https:\/\/yoast.com\/product\/yoast-seo-wordpress\/ -->\n<title>S\u00e3o Paulo avan\u00e7a na Libertadores, apesar do goleiro Denis - PR\u00d3SPERI NEWS<\/title>\n<meta name=\"robots\" content=\"index, follow, max-snippet:-1, max-image-preview:large, max-video-preview:-1\" \/>\n<link rel=\"canonical\" href=\"https:\/\/blogdoprosperi.com\/?p=2200\" \/>\n<meta property=\"og:locale\" content=\"pt_BR\" \/>\n<meta property=\"og:type\" content=\"article\" \/>\n<meta property=\"og:title\" content=\"S\u00e3o Paulo avan\u00e7a na Libertadores, apesar do goleiro Denis - PR\u00d3SPERI NEWS\" \/>\n<meta property=\"og:description\" content=\"&nbsp; O S\u00e3o Paulo derrotou a altitude de La Paz e eliminou o The Strongest ao empatar por [&hellip;]\" \/>\n<meta property=\"og:url\" content=\"https:\/\/blogdoprosperi.com\/?p=2200\" \/>\n<meta property=\"og:site_name\" content=\"PR\u00d3SPERI NEWS\" \/>\n<meta property=\"article:publisher\" content=\"Luiz Pr\u00f3speri\" \/>\n<meta property=\"article:author\" content=\"Luiz Pr\u00f3speri\" \/>\n<meta property=\"article:published_time\" content=\"2016-04-22T03:18:04+00:00\" \/>\n<meta property=\"article:modified_time\" content=\"2016-04-22T03:28:01+00:00\" \/>\n<meta property=\"og:image\" content=\"https:\/\/blogdoprosperi.com\/wp-content\/uploads\/2016\/04\/image1.jpeg\" \/>\n<meta name=\"author\" content=\"Luiz Ant\u00f4nio Pr\u00f3speri\" \/>\n<meta name=\"twitter:card\" content=\"summary_large_image\" \/>\n<meta name=\"twitter:creator\" content=\"@Luizprosperi\" \/>\n<meta name=\"twitter:site\" content=\"@Luizprosperi\" \/>\n<meta name=\"twitter:label1\" content=\"Escrito por\" \/>\n\t<meta name=\"twitter:data1\" content=\"Luiz Ant\u00f4nio Pr\u00f3speri\" \/>\n\t<meta name=\"twitter:label2\" content=\"Est. tempo de leitura\" \/>\n\t<meta name=\"twitter:data2\" content=\"4 minutos\" \/>\n<script type=\"application\/ld+json\" class=\"yoast-schema-graph\">{\"@context\":\"https:\\\/\\\/schema.org\",\"@graph\":[{\"@type\":\"Article\",\"@id\":\"https:\\\/\\\/blogdoprosperi.com\\\/?p=2200#article\",\"isPartOf\":{\"@id\":\"https:\\\/\\\/blogdoprosperi.com\\\/?p=2200\"},\"author\":{\"name\":\"Luiz Ant\u00f4nio Pr\u00f3speri\",\"@id\":\"https:\\\/\\\/blogdoprosperi.com\\\/#\\\/schema\\\/person\\\/38100755ce3601861ee4fab9b5aa78e9\"},\"headline\":\"S\u00e3o Paulo avan\u00e7a na Libertadores, apesar do goleiro Denis\",\"datePublished\":\"2016-04-22T03:18:04+00:00\",\"dateModified\":\"2016-04-22T03:28:01+00:00\",\"mainEntityOfPage\":{\"@id\":\"https:\\\/\\\/blogdoprosperi.com\\\/?p=2200\"},\"wordCount\":717,\"commentCount\":0,\"publisher\":{\"@id\":\"https:\\\/\\\/blogdoprosperi.com\\\/#\\\/schema\\\/person\\\/38100755ce3601861ee4fab9b5aa78e9\"},\"image\":{\"@id\":\"https:\\\/\\\/blogdoprosperi.com\\\/?p=2200#primaryimage\"},\"thumbnailUrl\":\"https:\\\/\\\/blogdoprosperi.com\\\/wp-content\\\/uploads\\\/2016\\\/04\\\/image1.jpeg\",\"keywords\":[\"Calleri\",\"Copa Libertadores\",\"Denis goleiro\",\"futebol\",\"S\u00e3o Paulo FC\",\"S\u00e3o Paulo x The Strongest\"],\"articleSection\":[\"futebol\"],\"inLanguage\":\"pt-BR\",\"potentialAction\":[{\"@type\":\"CommentAction\",\"name\":\"Comment\",\"target\":[\"https:\\\/\\\/blogdoprosperi.com\\\/?p=2200#respond\"]}]},{\"@type\":\"WebPage\",\"@id\":\"https:\\\/\\\/blogdoprosperi.com\\\/?p=2200\",\"url\":\"https:\\\/\\\/blogdoprosperi.com\\\/?p=2200\",\"name\":\"S\u00e3o Paulo avan\u00e7a na Libertadores, apesar do goleiro Denis - PR\u00d3SPERI NEWS\",\"isPartOf\":{\"@id\":\"https:\\\/\\\/blogdoprosperi.com\\\/#website\"},\"primaryImageOfPage\":{\"@id\":\"https:\\\/\\\/blogdoprosperi.com\\\/?p=2200#primaryimage\"},\"image\":{\"@id\":\"https:\\\/\\\/blogdoprosperi.com\\\/?p=2200#primaryimage\"},\"thumbnailUrl\":\"https:\\\/\\\/blogdoprosperi.com\\\/wp-content\\\/uploads\\\/2016\\\/04\\\/image1.jpeg\",\"datePublished\":\"2016-04-22T03:18:04+00:00\",\"dateModified\":\"2016-04-22T03:28:01+00:00\",\"breadcrumb\":{\"@id\":\"https:\\\/\\\/blogdoprosperi.com\\\/?p=2200#breadcrumb\"},\"inLanguage\":\"pt-BR\",\"potentialAction\":[{\"@type\":\"ReadAction\",\"target\":[\"https:\\\/\\\/blogdoprosperi.com\\\/?p=2200\"]}]},{\"@type\":\"ImageObject\",\"inLanguage\":\"pt-BR\",\"@id\":\"https:\\\/\\\/blogdoprosperi.com\\\/?p=2200#primaryimage\",\"url\":\"https:\\\/\\\/i0.wp.com\\\/blogdoprosperi.com\\\/wp-content\\\/uploads\\\/2016\\\/04\\\/image1.jpeg?fit=912%2C554&ssl=1\",\"contentUrl\":\"https:\\\/\\\/i0.wp.com\\\/blogdoprosperi.com\\\/wp-content\\\/uploads\\\/2016\\\/04\\\/image1.jpeg?fit=912%2C554&ssl=1\",\"width\":912,\"height\":554},{\"@type\":\"BreadcrumbList\",\"@id\":\"https:\\\/\\\/blogdoprosperi.com\\\/?p=2200#breadcrumb\",\"itemListElement\":[{\"@type\":\"ListItem\",\"position\":1,\"name\":\"In\u00edcio\",\"item\":\"https:\\\/\\\/blogdoprosperi.com\\\/\"},{\"@type\":\"ListItem\",\"position\":2,\"name\":\"S\u00e3o Paulo avan\u00e7a na Libertadores, apesar do goleiro Denis\"}]},{\"@type\":\"WebSite\",\"@id\":\"https:\\\/\\\/blogdoprosperi.com\\\/#website\",\"url\":\"https:\\\/\\\/blogdoprosperi.com\\\/\",\"name\":\"PR\u00d3SPERI NEWS\",\"description\":\"TUDO \u00c9  FUTEBOL\",\"publisher\":{\"@id\":\"https:\\\/\\\/blogdoprosperi.com\\\/#\\\/schema\\\/person\\\/38100755ce3601861ee4fab9b5aa78e9\"},\"alternateName\":\"blogdoprosperi.com\",\"potentialAction\":[{\"@type\":\"SearchAction\",\"target\":{\"@type\":\"EntryPoint\",\"urlTemplate\":\"https:\\\/\\\/blogdoprosperi.com\\\/?s={search_term_string}\"},\"query-input\":{\"@type\":\"PropertyValueSpecification\",\"valueRequired\":true,\"valueName\":\"search_term_string\"}}],\"inLanguage\":\"pt-BR\"},{\"@type\":[\"Person\",\"Organization\"],\"@id\":\"https:\\\/\\\/blogdoprosperi.com\\\/#\\\/schema\\\/person\\\/38100755ce3601861ee4fab9b5aa78e9\",\"name\":\"Luiz Ant\u00f4nio Pr\u00f3speri\",\"pronouns\":\"ele\",\"image\":{\"@type\":\"ImageObject\",\"inLanguage\":\"pt-BR\",\"@id\":\"https:\\\/\\\/i0.wp.com\\\/blogdoprosperi.com\\\/wp-content\\\/uploads\\\/2026\\\/05\\\/cropped-8059e613-6002-42fa-961e-8e275f575d71-2-5.jpg?fit=1360%2C931&ssl=1\",\"url\":\"https:\\\/\\\/i0.wp.com\\\/blogdoprosperi.com\\\/wp-content\\\/uploads\\\/2026\\\/05\\\/cropped-8059e613-6002-42fa-961e-8e275f575d71-2-5.jpg?fit=1360%2C931&ssl=1\",\"contentUrl\":\"https:\\\/\\\/i0.wp.com\\\/blogdoprosperi.com\\\/wp-content\\\/uploads\\\/2026\\\/05\\\/cropped-8059e613-6002-42fa-961e-8e275f575d71-2-5.jpg?fit=1360%2C931&ssl=1\",\"width\":1360,\"height\":931,\"caption\":\"Luiz Ant\u00f4nio Pr\u00f3speri\"},\"logo\":{\"@id\":\"https:\\\/\\\/i0.wp.com\\\/blogdoprosperi.com\\\/wp-content\\\/uploads\\\/2026\\\/05\\\/cropped-8059e613-6002-42fa-961e-8e275f575d71-2-5.jpg?fit=1360%2C931&ssl=1\"},\"description\":\"Jornalista com carreira dedicada ao esporte. Cobriu 9 Copas do Mundo in loco, 1990 na It\u00e1lia, 1994 nos EUA, 1998 na Fran\u00e7a, 2002 na Coreia do Sul e Jap\u00e3o, 2006 na Alemanha, 2010 na \u00c1frica do Sul, 2014 no Brasil, 2018 na R\u00fassia e 2022 no Qatar. Eurocopas, 1992 na Su\u00e9cia e 1996 na Inglaterra. Copa das Confedera\u00e7\u00f5es de 2005 na Alemanha e 2009 na \u00c1frica do Sul. Rep\u00f3rter e Editor, trabalhou no Jornal da Tarde e Estad\u00e3o, de 1984 a fevereiro de 2016. Colunista, blogueiro. E comentarista de futebol na R\u00e1dio Estad\u00e3o, de 2013 a fevereiro de 2016. Jornalista respons\u00e1vel do \\\"Pr\u00f3speri News\\\" (blogdoprosperi.com).\",\"sameAs\":[\"http:\\\/\\\/blogdoprosperi.com\",\"Luiz Pr\u00f3speri\",\"@luiz_prosperi\",\"https:\\\/\\\/x.com\\\/Luizprosperi\",\"@prosperinacopa\",\"luiz.prosperi@icloud.com\"],\"url\":\"https:\\\/\\\/blogdoprosperi.com\\\/?author=102107496\"}]}<\/script>\n<!-- \/ Yoast SEO plugin. -->","yoast_head_json":{"title":"S\u00e3o Paulo avan\u00e7a na Libertadores, apesar do goleiro Denis - PR\u00d3SPERI NEWS","robots":{"index":"index","follow":"follow","max-snippet":"max-snippet:-1","max-image-preview":"max-image-preview:large","max-video-preview":"max-video-preview:-1"},"canonical":"https:\/\/blogdoprosperi.com\/?p=2200","og_locale":"pt_BR","og_type":"article","og_title":"S\u00e3o Paulo avan\u00e7a na Libertadores, apesar do goleiro Denis - PR\u00d3SPERI NEWS","og_description":"&nbsp; O S\u00e3o Paulo derrotou a altitude de La Paz e eliminou o The Strongest ao empatar por [&hellip;]","og_url":"https:\/\/blogdoprosperi.com\/?p=2200","og_site_name":"PR\u00d3SPERI NEWS","article_publisher":"Luiz Pr\u00f3speri","article_author":"Luiz Pr\u00f3speri","article_published_time":"2016-04-22T03:18:04+00:00","article_modified_time":"2016-04-22T03:28:01+00:00","og_image":[{"url":"https:\/\/blogdoprosperi.com\/wp-content\/uploads\/2016\/04\/image1.jpeg","type":"","width":"","height":""}],"author":"Luiz Ant\u00f4nio Pr\u00f3speri","twitter_card":"summary_large_image","twitter_creator":"@Luizprosperi","twitter_site":"@Luizprosperi","twitter_misc":{"Escrito por":"Luiz Ant\u00f4nio Pr\u00f3speri","Est. tempo de leitura":"4 minutos"},"schema":{"@context":"https:\/\/schema.org","@graph":[{"@type":"Article","@id":"https:\/\/blogdoprosperi.com\/?p=2200#article","isPartOf":{"@id":"https:\/\/blogdoprosperi.com\/?p=2200"},"author":{"name":"Luiz Ant\u00f4nio Pr\u00f3speri","@id":"https:\/\/blogdoprosperi.com\/#\/schema\/person\/38100755ce3601861ee4fab9b5aa78e9"},"headline":"S\u00e3o Paulo avan\u00e7a na Libertadores, apesar do goleiro Denis","datePublished":"2016-04-22T03:18:04+00:00","dateModified":"2016-04-22T03:28:01+00:00","mainEntityOfPage":{"@id":"https:\/\/blogdoprosperi.com\/?p=2200"},"wordCount":717,"commentCount":0,"publisher":{"@id":"https:\/\/blogdoprosperi.com\/#\/schema\/person\/38100755ce3601861ee4fab9b5aa78e9"},"image":{"@id":"https:\/\/blogdoprosperi.com\/?p=2200#primaryimage"},"thumbnailUrl":"https:\/\/blogdoprosperi.com\/wp-content\/uploads\/2016\/04\/image1.jpeg","keywords":["Calleri","Copa Libertadores","Denis goleiro","futebol","S\u00e3o Paulo FC","S\u00e3o Paulo x The Strongest"],"articleSection":["futebol"],"inLanguage":"pt-BR","potentialAction":[{"@type":"CommentAction","name":"Comment","target":["https:\/\/blogdoprosperi.com\/?p=2200#respond"]}]},{"@type":"WebPage","@id":"https:\/\/blogdoprosperi.com\/?p=2200","url":"https:\/\/blogdoprosperi.com\/?p=2200","name":"S\u00e3o Paulo avan\u00e7a na Libertadores, apesar do goleiro Denis - PR\u00d3SPERI NEWS","isPartOf":{"@id":"https:\/\/blogdoprosperi.com\/#website"},"primaryImageOfPage":{"@id":"https:\/\/blogdoprosperi.com\/?p=2200#primaryimage"},"image":{"@id":"https:\/\/blogdoprosperi.com\/?p=2200#primaryimage"},"thumbnailUrl":"https:\/\/blogdoprosperi.com\/wp-content\/uploads\/2016\/04\/image1.jpeg","datePublished":"2016-04-22T03:18:04+00:00","dateModified":"2016-04-22T03:28:01+00:00","breadcrumb":{"@id":"https:\/\/blogdoprosperi.com\/?p=2200#breadcrumb"},"inLanguage":"pt-BR","potentialAction":[{"@type":"ReadAction","target":["https:\/\/blogdoprosperi.com\/?p=2200"]}]},{"@type":"ImageObject","inLanguage":"pt-BR","@id":"https:\/\/blogdoprosperi.com\/?p=2200#primaryimage","url":"https:\/\/i0.wp.com\/blogdoprosperi.com\/wp-content\/uploads\/2016\/04\/image1.jpeg?fit=912%2C554&ssl=1","contentUrl":"https:\/\/i0.wp.com\/blogdoprosperi.com\/wp-content\/uploads\/2016\/04\/image1.jpeg?fit=912%2C554&ssl=1","width":912,"height":554},{"@type":"BreadcrumbList","@id":"https:\/\/blogdoprosperi.com\/?p=2200#breadcrumb","itemListElement":[{"@type":"ListItem","position":1,"name":"In\u00edcio","item":"https:\/\/blogdoprosperi.com\/"},{"@type":"ListItem","position":2,"name":"S\u00e3o Paulo avan\u00e7a na Libertadores, apesar do goleiro Denis"}]},{"@type":"WebSite","@id":"https:\/\/blogdoprosperi.com\/#website","url":"https:\/\/blogdoprosperi.com\/","name":"PR\u00d3SPERI NEWS","description":"TUDO \u00c9  FUTEBOL","publisher":{"@id":"https:\/\/blogdoprosperi.com\/#\/schema\/person\/38100755ce3601861ee4fab9b5aa78e9"},"alternateName":"blogdoprosperi.com","potentialAction":[{"@type":"SearchAction","target":{"@type":"EntryPoint","urlTemplate":"https:\/\/blogdoprosperi.com\/?s={search_term_string}"},"query-input":{"@type":"PropertyValueSpecification","valueRequired":true,"valueName":"search_term_string"}}],"inLanguage":"pt-BR"},{"@type":["Person","Organization"],"@id":"https:\/\/blogdoprosperi.com\/#\/schema\/person\/38100755ce3601861ee4fab9b5aa78e9","name":"Luiz Ant\u00f4nio Pr\u00f3speri","pronouns":"ele","image":{"@type":"ImageObject","inLanguage":"pt-BR","@id":"https:\/\/i0.wp.com\/blogdoprosperi.com\/wp-content\/uploads\/2026\/05\/cropped-8059e613-6002-42fa-961e-8e275f575d71-2-5.jpg?fit=1360%2C931&ssl=1","url":"https:\/\/i0.wp.com\/blogdoprosperi.com\/wp-content\/uploads\/2026\/05\/cropped-8059e613-6002-42fa-961e-8e275f575d71-2-5.jpg?fit=1360%2C931&ssl=1","contentUrl":"https:\/\/i0.wp.com\/blogdoprosperi.com\/wp-content\/uploads\/2026\/05\/cropped-8059e613-6002-42fa-961e-8e275f575d71-2-5.jpg?fit=1360%2C931&ssl=1","width":1360,"height":931,"caption":"Luiz Ant\u00f4nio Pr\u00f3speri"},"logo":{"@id":"https:\/\/i0.wp.com\/blogdoprosperi.com\/wp-content\/uploads\/2026\/05\/cropped-8059e613-6002-42fa-961e-8e275f575d71-2-5.jpg?fit=1360%2C931&ssl=1"},"description":"Jornalista com carreira dedicada ao esporte. Cobriu 9 Copas do Mundo in loco, 1990 na It\u00e1lia, 1994 nos EUA, 1998 na Fran\u00e7a, 2002 na Coreia do Sul e Jap\u00e3o, 2006 na Alemanha, 2010 na \u00c1frica do Sul, 2014 no Brasil, 2018 na R\u00fassia e 2022 no Qatar. Eurocopas, 1992 na Su\u00e9cia e 1996 na Inglaterra. Copa das Confedera\u00e7\u00f5es de 2005 na Alemanha e 2009 na \u00c1frica do Sul. Rep\u00f3rter e Editor, trabalhou no Jornal da Tarde e Estad\u00e3o, de 1984 a fevereiro de 2016. Colunista, blogueiro. E comentarista de futebol na R\u00e1dio Estad\u00e3o, de 2013 a fevereiro de 2016. Jornalista respons\u00e1vel do \"Pr\u00f3speri News\" (blogdoprosperi.com).","sameAs":["http:\/\/blogdoprosperi.com","Luiz Pr\u00f3speri","@luiz_prosperi","https:\/\/x.com\/Luizprosperi","@prosperinacopa","luiz.prosperi@icloud.com"],"url":"https:\/\/blogdoprosperi.com\/?author=102107496"}]}},"jetpack_publicize_connections":[],"jetpack_likes_enabled":false,"jetpack_sharing_enabled":true,"jetpack_shortlink":"https:\/\/wp.me\/p7jvdk-zu","jetpack-related-posts":[{"id":1162,"url":"https:\/\/blogdoprosperi.com\/?p=1162","url_meta":{"origin":2200,"position":0},"title":"Torcida e Calleri empurram o S\u00e3o Paulo no Morumbi","author":"Luiz Ant\u00f4nio Pr\u00f3speri","date":"14 de abril de 2016","format":false,"excerpt":"\u00a0 O argentino Calleri e a imensid\u00e3o do Morumbi incendiaram o S\u00e3o Paulo nesta quarta-feira, 13\/04. Dessa comunh\u00e3o nasceu a importante vit\u00f3ria do Tricolor na Copa Libertadores por 2 a 1 contra o encardido River Plate, da Argentina. Basta ao time paulista um empate no \"c\u00e9u\" de La Paz contra\u2026","rel":"","context":"Em &quot;futebol&quot;","block_context":{"text":"futebol","link":"https:\/\/blogdoprosperi.com\/?cat=53870"},"img":{"alt_text":"","src":"https:\/\/i0.wp.com\/blogdoprosperi.com\/wp-content\/uploads\/2016\/04\/img_3074-4.jpg?resize=350%2C200&ssl=1","width":350,"height":200,"srcset":"https:\/\/i0.wp.com\/blogdoprosperi.com\/wp-content\/uploads\/2016\/04\/img_3074-4.jpg?resize=350%2C200&ssl=1 1x, https:\/\/i0.wp.com\/blogdoprosperi.com\/wp-content\/uploads\/2016\/04\/img_3074-4.jpg?resize=525%2C300&ssl=1 1.5x, https:\/\/i0.wp.com\/blogdoprosperi.com\/wp-content\/uploads\/2016\/04\/img_3074-4.jpg?resize=700%2C400&ssl=1 2x"},"classes":[]},{"id":3422,"url":"https:\/\/blogdoprosperi.com\/?p=3422","url_meta":{"origin":2200,"position":1},"title":"Bauza encaixa o S\u00e3o Paulo na Libertadores 2016","author":"Luiz Ant\u00f4nio Pr\u00f3speri","date":"5 de maio de 2016","format":false,"excerpt":"\u00a0 Eduardo Bauza, t\u00e9cnico argentino com dois t\u00edtulos da Copa Libertadores, parece ter encaixado o S\u00e3o Paulo nesta competi\u00e7\u00e3o. Depois de uma primeira fase melanc\u00f3lica, com a classifica\u00e7\u00e3o no limite, o Tricolor se endireitou e j\u00e1 est\u00e1 nas quartas de final ao eliminar o Toluca com a vit\u00f3ria por 4\u2026","rel":"","context":"Em &quot;futebol&quot;","block_context":{"text":"futebol","link":"https:\/\/blogdoprosperi.com\/?cat=53870"},"img":{"alt_text":"","src":"https:\/\/i0.wp.com\/blogdoprosperi.com\/wp-content\/uploads\/2016\/05\/michel-bastos-comemora-primeiro-gol-do-sao-paulo-contra-o-toluca-no-morumbi-1461895618182_956x500.jpg?resize=350%2C200&ssl=1","width":350,"height":200,"srcset":"https:\/\/i0.wp.com\/blogdoprosperi.com\/wp-content\/uploads\/2016\/05\/michel-bastos-comemora-primeiro-gol-do-sao-paulo-contra-o-toluca-no-morumbi-1461895618182_956x500.jpg?resize=350%2C200&ssl=1 1x, https:\/\/i0.wp.com\/blogdoprosperi.com\/wp-content\/uploads\/2016\/05\/michel-bastos-comemora-primeiro-gol-do-sao-paulo-contra-o-toluca-no-morumbi-1461895618182_956x500.jpg?resize=525%2C300&ssl=1 1.5x, https:\/\/i0.wp.com\/blogdoprosperi.com\/wp-content\/uploads\/2016\/05\/michel-bastos-comemora-primeiro-gol-do-sao-paulo-contra-o-toluca-no-morumbi-1461895618182_956x500.jpg?resize=700%2C400&ssl=1 2x"},"classes":[]},{"id":3711,"url":"https:\/\/blogdoprosperi.com\/?p=3711","url_meta":{"origin":2200,"position":2},"title":"Atl\u00e9tico-MG parte como favorito diante do renascido S\u00e3o Paulo","author":"Luiz Ant\u00f4nio Pr\u00f3speri","date":"6 de maio de 2016","format":false,"excerpt":"Definidos os confrontos das quartas de final da Copa Libertadores 2016, teremos pelo menos um clube brasileiro, dos cinco que iniciaram na competi\u00e7\u00e3o, nas semifinais. Um deles sair\u00e1 do confronto entre o Atl\u00e9tico-MG e S\u00e3o Paulo. De in\u00edcio, n\u00e3o \u00e9 muito complicado afirmar que o time mineiro \u00e9 o favorito\u2026","rel":"","context":"Em &quot;futebol&quot;","block_context":{"text":"futebol","link":"https:\/\/blogdoprosperi.com\/?cat=53870"},"img":{"alt_text":"","src":"https:\/\/i0.wp.com\/blogdoprosperi.com\/wp-content\/uploads\/2016\/05\/festejo-primer-gol-ruben_oleima20160505_0182_28.jpg?resize=350%2C200&ssl=1","width":350,"height":200,"srcset":"https:\/\/i0.wp.com\/blogdoprosperi.com\/wp-content\/uploads\/2016\/05\/festejo-primer-gol-ruben_oleima20160505_0182_28.jpg?resize=350%2C200&ssl=1 1x, https:\/\/i0.wp.com\/blogdoprosperi.com\/wp-content\/uploads\/2016\/05\/festejo-primer-gol-ruben_oleima20160505_0182_28.jpg?resize=525%2C300&ssl=1 1.5x, https:\/\/i0.wp.com\/blogdoprosperi.com\/wp-content\/uploads\/2016\/05\/festejo-primer-gol-ruben_oleima20160505_0182_28.jpg?resize=700%2C400&ssl=1 2x"},"classes":[]},{"id":11831,"url":"https:\/\/blogdoprosperi.com\/?p=11831","url_meta":{"origin":2200,"position":3},"title":"S\u00e3o Paulo tem mais um preju\u00edzo com o argentino Calleri","author":"Luiz Ant\u00f4nio Pr\u00f3speri","date":"19 de junho de 2016","format":false,"excerpt":"Calleri n\u00e3o tem salvo-conduto para fazer o que bem entende no S\u00e3o Paulo. De nada adianta fazer dois gols e depois deixar o time na m\u00e3o, quase o segundo tempo inteiro, como fez no empate (2 a 2) com o Flamengo neste domingo (19\/6). Sorte de Calleri \u00e9 que Alan\u2026","rel":"","context":"Em &quot;futebol&quot;","block_context":{"text":"futebol","link":"https:\/\/blogdoprosperi.com\/?cat=53870"},"img":{"alt_text":"","src":"https:\/\/i0.wp.com\/blogdoprosperi.com\/wp-content\/uploads\/2016\/06\/maxresdefault1.jpg?resize=350%2C200&ssl=1","width":350,"height":200,"srcset":"https:\/\/i0.wp.com\/blogdoprosperi.com\/wp-content\/uploads\/2016\/06\/maxresdefault1.jpg?resize=350%2C200&ssl=1 1x, https:\/\/i0.wp.com\/blogdoprosperi.com\/wp-content\/uploads\/2016\/06\/maxresdefault1.jpg?resize=525%2C300&ssl=1 1.5x, https:\/\/i0.wp.com\/blogdoprosperi.com\/wp-content\/uploads\/2016\/06\/maxresdefault1.jpg?resize=700%2C400&ssl=1 2x, https:\/\/i0.wp.com\/blogdoprosperi.com\/wp-content\/uploads\/2016\/06\/maxresdefault1.jpg?resize=1050%2C600&ssl=1 3x"},"classes":[]},{"id":481,"url":"https:\/\/blogdoprosperi.com\/?p=481","url_meta":{"origin":2200,"position":4},"title":"S\u00e3o Paulo renasce com Calleri no &#8216;treino&#8217; contra o Trujillanos","author":"Luiz Ant\u00f4nio Pr\u00f3speri","date":"6 de abril de 2016","format":false,"excerpt":"\u00a0 Golear o modesto e inocente Trujillanos por 6 a 0 era uma obriga\u00e7\u00e3o. Seria inadmiss\u00edvel o S\u00e3o Paulo ceder um pontinho que fosse a um time prim\u00e1rio, sem os fundamentos de uma equipe qualificada para disputar a Copa Libertadores. Com boa atua\u00e7\u00e3o de todos seus jogadores, o Tricolor venceu\u2026","rel":"","context":"Em &quot;futebol&quot;","block_context":{"text":"futebol","link":"https:\/\/blogdoprosperi.com\/?cat=53870"},"img":{"alt_text":"","src":"https:\/\/i0.wp.com\/blogdoprosperi.com\/wp-content\/uploads\/2016\/04\/622_167c065b-97cf-3a3f-9933-f154e343d35a.jpg?resize=350%2C200&ssl=1","width":350,"height":200,"srcset":"https:\/\/i0.wp.com\/blogdoprosperi.com\/wp-content\/uploads\/2016\/04\/622_167c065b-97cf-3a3f-9933-f154e343d35a.jpg?resize=350%2C200&ssl=1 1x, https:\/\/i0.wp.com\/blogdoprosperi.com\/wp-content\/uploads\/2016\/04\/622_167c065b-97cf-3a3f-9933-f154e343d35a.jpg?resize=525%2C300&ssl=1 1.5x"},"classes":[]},{"id":1594,"url":"https:\/\/blogdoprosperi.com\/?p=1594","url_meta":{"origin":2200,"position":5},"title":"S\u00e3o Paulo paga caro por apostas erradas","author":"Luiz Ant\u00f4nio Pr\u00f3speri","date":"18 de abril de 2016","format":false,"excerpt":"Desde o colapso do clube com o impeachment de Carlos Miguel Aidar, seguido de ren\u00fancia, na temporada passada, o S\u00e3o Paulo n\u00e3o para de errar. H\u00e1 um ac\u00famulo de enganos e apostas equivocadas. N\u00e3o consegue se reerguer e a cada dia se apequena na gest\u00e3o do futebol. Tem sa\u00edda? Se\u2026","rel":"","context":"Em &quot;futebol&quot;","block_context":{"text":"futebol","link":"https:\/\/blogdoprosperi.com\/?cat=53870"},"img":{"alt_text":"","src":"https:\/\/i0.wp.com\/blogdoprosperi.com\/wp-content\/uploads\/2016\/04\/alx_sp-audax_original.jpeg?resize=350%2C200&ssl=1","width":350,"height":200,"srcset":"https:\/\/i0.wp.com\/blogdoprosperi.com\/wp-content\/uploads\/2016\/04\/alx_sp-audax_original.jpeg?resize=350%2C200&ssl=1 1x, https:\/\/i0.wp.com\/blogdoprosperi.com\/wp-content\/uploads\/2016\/04\/alx_sp-audax_original.jpeg?resize=525%2C300&ssl=1 1.5x"},"classes":[]}],"jetpack_featured_media_url":"","_links":{"self":[{"href":"https:\/\/blogdoprosperi.com\/index.php?rest_route=\/wp\/v2\/posts\/2200","targetHints":{"allow":["GET"]}}],"collection":[{"href":"https:\/\/blogdoprosperi.com\/index.php?rest_route=\/wp\/v2\/posts"}],"about":[{"href":"https:\/\/blogdoprosperi.com\/index.php?rest_route=\/wp\/v2\/types\/post"}],"author":[{"embeddable":true,"href":"https:\/\/blogdoprosperi.com\/index.php?rest_route=\/wp\/v2\/users\/102107496"}],"replies":[{"embeddable":true,"href":"https:\/\/blogdoprosperi.com\/index.php?rest_route=%2Fwp%2Fv2%2Fcomments&post=2200"}],"version-history":[{"count":25,"href":"https:\/\/blogdoprosperi.com\/index.php?rest_route=\/wp\/v2\/posts\/2200\/revisions"}],"predecessor-version":[{"id":2274,"href":"https:\/\/blogdoprosperi.com\/index.php?rest_route=\/wp\/v2\/posts\/2200\/revisions\/2274"}],"wp:attachment":[{"href":"https:\/\/blogdoprosperi.com\/index.php?rest_route=%2Fwp%2Fv2%2Fmedia&parent=2200"}],"wp:term":[{"taxonomy":"category","embeddable":true,"href":"https:\/\/blogdoprosperi.com\/index.php?rest_route=%2Fwp%2Fv2%2Fcategories&post=2200"},{"taxonomy":"post_tag","embeddable":true,"href":"https:\/\/blogdoprosperi.com\/index.php?rest_route=%2Fwp%2Fv2%2Ftags&post=2200"}],"curies":[{"name":"wp","href":"https:\/\/api.w.org\/{rel}","templated":true}]}}