{"id":22118,"date":"2016-08-21T19:43:01","date_gmt":"2016-08-21T22:43:01","guid":{"rendered":"http:\/\/blogdoprosperi.com\/?p=22118"},"modified":"2016-08-21T19:46:28","modified_gmt":"2016-08-21T22:46:28","slug":"sao-paulo-empata-no-sul-e-vai-dar-muito-trabalho-a-ricardo-gomes","status":"publish","type":"post","link":"https:\/\/blogdoprosperi.com\/?p=22118","title":{"rendered":"S\u00e3o Paulo empata no Sul e vai dar muito trabalho a Ricardo Gomes"},"content":{"rendered":"<p><span class=\"alignnone\"><img data-recalc-dims=\"1\" loading=\"lazy\" decoding=\"async\" data-attachment-id=\"22155\" data-permalink=\"https:\/\/blogdoprosperi.com\/?attachment_id=22155\" data-orig-file=\"https:\/\/i0.wp.com\/blogdoprosperi.com\/wp-content\/uploads\/2016\/08\/valdivia_t2fplx7.jpg?fit=640%2C409&amp;ssl=1\" data-orig-size=\"640,409\" data-comments-opened=\"1\" data-image-meta=\"{&quot;aperture&quot;:&quot;0&quot;,&quot;credit&quot;:&quot;&quot;,&quot;camera&quot;:&quot;&quot;,&quot;caption&quot;:&quot;&quot;,&quot;created_timestamp&quot;:&quot;0&quot;,&quot;copyright&quot;:&quot;&quot;,&quot;focal_length&quot;:&quot;0&quot;,&quot;iso&quot;:&quot;0&quot;,&quot;shutter_speed&quot;:&quot;0&quot;,&quot;title&quot;:&quot;&quot;,&quot;orientation&quot;:&quot;0&quot;}\" data-image-title=\"valdivia_T2fPLx7\" data-image-description=\"\" data-image-caption=\"\" data-large-file=\"https:\/\/i0.wp.com\/blogdoprosperi.com\/wp-content\/uploads\/2016\/08\/valdivia_t2fplx7.jpg?fit=640%2C409&amp;ssl=1\" class=\"alignnone size-full wp-image-22155\" src=\"https:\/\/i0.wp.com\/blogdoprosperi.com\/wp-content\/uploads\/2016\/08\/valdivia_t2fplx7.jpg?resize=640%2C409&#038;ssl=1\" alt=\"valdivia_T2fPLx7\" width=\"640\" height=\"409\" \/><\/span><\/p>\n<p>S\u00e3o Paulo, sob nova dire\u00e7\u00e3o, continua em situa\u00e7\u00e3o delicada no Campeonato Brasileiro ao empatar por 1 a 1 contra o Internacional na estreia de Ricardo Gomes. O time mostrou os mesmos problemas dos tempos de Edgardo Bauza. Esqu\u00e1lido no ataque e vulner\u00e1vel na defesa, n\u00e3o voltou de Porto Alegre com a derrota por causa do p\u00eanalti perdido por Valdivia, aos 45 minutos do segundo tempo.<!--more--><\/p>\n<p>N\u00e3o se pode atribuir ainda o p\u00e9ssimo futebol do time ao trabalho de Ricardo Gomes. O novo chefe est\u00e1 \u00e0 frente do time apenas h\u00e1 uma semana. Pouco tempo para reorganizar a casa e se impor com autoridade.<\/p>\n<p>Um dos problemas mais graves do time \u00e9 a falta de compet\u00eancia do ataque. N\u00fameros do jogo no Sul indicam apenas quatro finaliza\u00e7\u00f5es do Tricolor ao gol do Inter, que chutou 25 vezes na meta defendida por Denis.<\/p>\n<p>Sem fortalecer o ataque, Ricardo Gomes vai passar por maus bocados como Bauza viveu nos seus dias no clube paulista. Mas como dar vida nova a um setor do time se faltam jogadores de qualidade, daqueles de meter medo nas defesas?<\/p>\n<p>Outra quest\u00e3o a resolver passa pela cria\u00e7\u00e3o. Desde a sa\u00edda de Ganso, n\u00e3o h\u00e1 um jogador no elenco com intelig\u00eancia de um armador. Sobra correria, no caso o peruano Cueva, e falta artimanha. Esse defeito apareceu mais uma vez nesta partida no Sul.<\/p>\n<div class=\"jetpack-video-wrapper\"><span class=\"embed-youtube\" style=\"text-align:center; display: block;\"><iframe loading=\"lazy\" class=\"youtube-player\" width=\"560\" height=\"315\" src=\"https:\/\/www.youtube.com\/embed\/SESrgep8dKA?version=3&#038;rel=1&#038;showsearch=0&#038;showinfo=1&#038;iv_load_policy=1&#038;fs=1&#038;hl=pt-BR&#038;autohide=2&#038;wmode=transparent\" allowfullscreen=\"true\" style=\"border:0;\" sandbox=\"allow-scripts allow-same-origin allow-popups allow-presentation allow-popups-to-escape-sandbox\"><\/iframe><\/span><\/div>\n<p>Apesar da falta de pe\u00e7as qualificadas, o S\u00e3o Paulo saiu na frente com um gol de p\u00eanalti contestado pelos ga\u00fachos e convertido por Cueva, ainda no primeiro tempo. Vantagem \u00a0que n\u00e3o deu ao time de Gomes a compet\u00eancia para minar o Inter, que naquele momento n\u00e3o vencia h\u00e1 12 jogos.<\/p>\n<p>N\u00e3o apertou e ainda viu o advers\u00e1rio crescer, em especial no segundo tempo quando jogou dentro da \u00e1rea de Denis com um intenso bombardeio a\u00e9reo. E, claro, chegou ao gol de empate com o zagueiro Ernando.\u00a0Poderia ter sido pior se Valdivia n\u00e3o tivesse chutado o p\u00eanalti para fora, aos 45 minutos.<\/p>\n<p>Ricardo Gomes sentiu na pele o tamanho da encrenca em que se meteu. Dar um jeito no S\u00e3o Paulo e n\u00e3o sofrer neste segundo turno parece uma tarefa quase imposs\u00edvel.<\/p>\n<p><strong>FICHA DO JOGO<\/strong><\/p>\n<p><strong>Internacional 1 x 1 S\u00e3o Paulo<\/strong><\/p>\n<p><strong>Gols:<\/strong>\u00a0Cueva, aos 36 minutos do primeiro tempo; Ernando, aos 39 do segundo tempo.<\/p>\n<p><strong>Internacional:\u00a0<\/strong>Danilo Fernandes; Cear\u00e1 (Andrigo), Paul\u00e3o, Ernando e Artur; Fabinho, Eduardo Henrique, Seijas e Valdivia; Eduardo Sasha (Willian) e Nico L\u00f3pez (Ariel).\u00a0<strong>T\u00e9cnico:\u00a0<\/strong>Celso Roth.<\/p>\n<p><strong>S\u00e3o Paulo:<\/strong>\u00a0Denis;\u00a0Buffarini, Maicon, Lyanco e Mena; Jo\u00e3o Schmidt; Kelvin (Wesley), Hudson (Carlinhos), Michel Bastos (Gilberto) e Cueva; Chavez.\u00a0<strong>T\u00e9cnico:<\/strong>\u00a0Ricardo Gomes<\/p>\n<p><strong>Juiz:\u00a0<\/strong>Gilberto Rodrigues Junior<br \/>\n<strong>P\u00fablico:\u00a0<\/strong>23.079 pagantes<br \/>\n<strong>Renda:<\/strong>\u00a0R$ 595.210,00<br \/>\n<strong>Local:<\/strong> Beira-Rio<\/p>\n","protected":false},"excerpt":{"rendered":"<p>S\u00e3o Paulo, sob nova dire\u00e7\u00e3o, continua em situa\u00e7\u00e3o delicada no Campeonato Brasileiro ao empatar por 1 a 1 [&hellip;]<\/p>\n","protected":false},"author":102107496,"featured_media":0,"comment_status":"open","ping_status":"open","sticky":false,"template":"","format":"standard","meta":{"_coblocks_attr":"","_coblocks_dimensions":"","_coblocks_responsive_height":"","_coblocks_accordion_ie_support":"","_jetpack_newsletter_access":"","_jetpack_dont_email_post_to_subs":false,"_jetpack_newsletter_tier_id":0,"_jetpack_memberships_contains_paywalled_content":false,"_wpcom_ai_launchpad_first_post":false,"_jetpack_feature_clip_id":0,"_jetpack_memberships_contains_paid_content":false,"footnotes":"","jetpack_publicize_message":"","jetpack_publicize_feature_enabled":true,"jetpack_social_post_already_shared":false,"jetpack_social_options":{"image_generator_settings":{"template":"highway","default_image_id":0,"font":"","enabled":false},"version":2},"jetpack_post_was_ever_published":false},"categories":[355071],"tags":[362595295,789560566,754167,8732,9067060,5807372,972018],"class_list":["post-22118","post","type-post","status-publish","format-standard","hentry","category-campeonato-brasileiro","tag-brasileirao-2016","tag-campeonato-brasileiro","tag-cueva","tag-internacional","tag-internacional-x-sao-paulo","tag-ricardo-gomes","tag-sao-paulo-fc"],"yoast_head":"<!-- This site is optimized with the Yoast SEO plugin v28.4 - https:\/\/yoast.com\/product\/yoast-seo-wordpress\/ -->\n<title>S\u00e3o Paulo empata no Sul e vai dar muito trabalho a Ricardo Gomes - PR\u00d3SPERI NEWS<\/title>\n<meta name=\"robots\" content=\"index, follow, max-snippet:-1, max-image-preview:large, max-video-preview:-1\" \/>\n<link rel=\"canonical\" href=\"https:\/\/blogdoprosperi.com\/?p=22118\" \/>\n<meta property=\"og:locale\" content=\"pt_BR\" \/>\n<meta property=\"og:type\" content=\"article\" \/>\n<meta property=\"og:title\" content=\"S\u00e3o Paulo empata no Sul e vai dar muito trabalho a Ricardo Gomes - PR\u00d3SPERI NEWS\" \/>\n<meta property=\"og:description\" content=\"S\u00e3o Paulo, sob nova dire\u00e7\u00e3o, continua em situa\u00e7\u00e3o delicada no Campeonato Brasileiro ao empatar por 1 a 1 [&hellip;]\" \/>\n<meta property=\"og:url\" content=\"https:\/\/blogdoprosperi.com\/?p=22118\" \/>\n<meta property=\"og:site_name\" content=\"PR\u00d3SPERI NEWS\" \/>\n<meta property=\"article:publisher\" content=\"Luiz Pr\u00f3speri\" \/>\n<meta property=\"article:author\" content=\"Luiz Pr\u00f3speri\" \/>\n<meta property=\"article:published_time\" content=\"2016-08-21T22:43:01+00:00\" \/>\n<meta property=\"article:modified_time\" content=\"2016-08-21T22:46:28+00:00\" \/>\n<meta property=\"og:image\" content=\"https:\/\/blogdoprosperi.com\/wp-content\/uploads\/2016\/08\/valdivia_t2fplx7.jpg\" \/>\n<meta name=\"author\" content=\"Luiz Ant\u00f4nio Pr\u00f3speri\" \/>\n<meta name=\"twitter:card\" content=\"summary_large_image\" \/>\n<meta name=\"twitter:creator\" content=\"@Luizprosperi\" \/>\n<meta name=\"twitter:site\" content=\"@Luizprosperi\" \/>\n<meta name=\"twitter:label1\" content=\"Escrito por\" \/>\n\t<meta name=\"twitter:data1\" content=\"Luiz Ant\u00f4nio Pr\u00f3speri\" \/>\n\t<meta name=\"twitter:label2\" content=\"Est. tempo de leitura\" \/>\n\t<meta name=\"twitter:data2\" content=\"2 minutos\" \/>\n<script type=\"application\/ld+json\" class=\"yoast-schema-graph\">{\"@context\":\"https:\\\/\\\/schema.org\",\"@graph\":[{\"@type\":\"Article\",\"@id\":\"https:\\\/\\\/blogdoprosperi.com\\\/?p=22118#article\",\"isPartOf\":{\"@id\":\"https:\\\/\\\/blogdoprosperi.com\\\/?p=22118\"},\"author\":{\"name\":\"Luiz Ant\u00f4nio Pr\u00f3speri\",\"@id\":\"https:\\\/\\\/blogdoprosperi.com\\\/#\\\/schema\\\/person\\\/38100755ce3601861ee4fab9b5aa78e9\"},\"headline\":\"S\u00e3o Paulo empata no Sul e vai dar muito trabalho a Ricardo Gomes\",\"datePublished\":\"2016-08-21T22:43:01+00:00\",\"dateModified\":\"2016-08-21T22:46:28+00:00\",\"mainEntityOfPage\":{\"@id\":\"https:\\\/\\\/blogdoprosperi.com\\\/?p=22118\"},\"wordCount\":491,\"commentCount\":1,\"publisher\":{\"@id\":\"https:\\\/\\\/blogdoprosperi.com\\\/#\\\/schema\\\/person\\\/38100755ce3601861ee4fab9b5aa78e9\"},\"image\":{\"@id\":\"https:\\\/\\\/blogdoprosperi.com\\\/?p=22118#primaryimage\"},\"thumbnailUrl\":\"https:\\\/\\\/blogdoprosperi.com\\\/wp-content\\\/uploads\\\/2016\\\/08\\\/valdivia_t2fplx7.jpg\",\"keywords\":[\"Brasileir\u00e3o-2016\",\"Campeonato Brasileiro\",\"Cueva\",\"Internacional\",\"Internacional x S\u00e3o Paulo\",\"Ricardo Gomes\",\"S\u00e3o Paulo FC\"],\"articleSection\":[\"Campeonato Brasileiro\"],\"inLanguage\":\"pt-BR\",\"potentialAction\":[{\"@type\":\"CommentAction\",\"name\":\"Comment\",\"target\":[\"https:\\\/\\\/blogdoprosperi.com\\\/?p=22118#respond\"]}]},{\"@type\":\"WebPage\",\"@id\":\"https:\\\/\\\/blogdoprosperi.com\\\/?p=22118\",\"url\":\"https:\\\/\\\/blogdoprosperi.com\\\/?p=22118\",\"name\":\"S\u00e3o Paulo empata no Sul e vai dar muito trabalho a Ricardo Gomes - PR\u00d3SPERI NEWS\",\"isPartOf\":{\"@id\":\"https:\\\/\\\/blogdoprosperi.com\\\/#website\"},\"primaryImageOfPage\":{\"@id\":\"https:\\\/\\\/blogdoprosperi.com\\\/?p=22118#primaryimage\"},\"image\":{\"@id\":\"https:\\\/\\\/blogdoprosperi.com\\\/?p=22118#primaryimage\"},\"thumbnailUrl\":\"https:\\\/\\\/blogdoprosperi.com\\\/wp-content\\\/uploads\\\/2016\\\/08\\\/valdivia_t2fplx7.jpg\",\"datePublished\":\"2016-08-21T22:43:01+00:00\",\"dateModified\":\"2016-08-21T22:46:28+00:00\",\"breadcrumb\":{\"@id\":\"https:\\\/\\\/blogdoprosperi.com\\\/?p=22118#breadcrumb\"},\"inLanguage\":\"pt-BR\",\"potentialAction\":[{\"@type\":\"ReadAction\",\"target\":[\"https:\\\/\\\/blogdoprosperi.com\\\/?p=22118\"]}]},{\"@type\":\"ImageObject\",\"inLanguage\":\"pt-BR\",\"@id\":\"https:\\\/\\\/blogdoprosperi.com\\\/?p=22118#primaryimage\",\"url\":\"https:\\\/\\\/i0.wp.com\\\/blogdoprosperi.com\\\/wp-content\\\/uploads\\\/2016\\\/08\\\/valdivia_t2fplx7.jpg?fit=640%2C409&ssl=1\",\"contentUrl\":\"https:\\\/\\\/i0.wp.com\\\/blogdoprosperi.com\\\/wp-content\\\/uploads\\\/2016\\\/08\\\/valdivia_t2fplx7.jpg?fit=640%2C409&ssl=1\",\"width\":640,\"height\":409},{\"@type\":\"BreadcrumbList\",\"@id\":\"https:\\\/\\\/blogdoprosperi.com\\\/?p=22118#breadcrumb\",\"itemListElement\":[{\"@type\":\"ListItem\",\"position\":1,\"name\":\"In\u00edcio\",\"item\":\"https:\\\/\\\/blogdoprosperi.com\\\/\"},{\"@type\":\"ListItem\",\"position\":2,\"name\":\"S\u00e3o Paulo empata no Sul e vai dar muito trabalho a Ricardo Gomes\"}]},{\"@type\":\"WebSite\",\"@id\":\"https:\\\/\\\/blogdoprosperi.com\\\/#website\",\"url\":\"https:\\\/\\\/blogdoprosperi.com\\\/\",\"name\":\"PR\u00d3SPERI NEWS\",\"description\":\"TUDO \u00c9  FUTEBOL\",\"publisher\":{\"@id\":\"https:\\\/\\\/blogdoprosperi.com\\\/#\\\/schema\\\/person\\\/38100755ce3601861ee4fab9b5aa78e9\"},\"alternateName\":\"blogdoprosperi.com\",\"potentialAction\":[{\"@type\":\"SearchAction\",\"target\":{\"@type\":\"EntryPoint\",\"urlTemplate\":\"https:\\\/\\\/blogdoprosperi.com\\\/?s={search_term_string}\"},\"query-input\":{\"@type\":\"PropertyValueSpecification\",\"valueRequired\":true,\"valueName\":\"search_term_string\"}}],\"inLanguage\":\"pt-BR\"},{\"@type\":[\"Person\",\"Organization\"],\"@id\":\"https:\\\/\\\/blogdoprosperi.com\\\/#\\\/schema\\\/person\\\/38100755ce3601861ee4fab9b5aa78e9\",\"name\":\"Luiz Ant\u00f4nio Pr\u00f3speri\",\"pronouns\":\"ele\",\"image\":{\"@type\":\"ImageObject\",\"inLanguage\":\"pt-BR\",\"@id\":\"https:\\\/\\\/i0.wp.com\\\/blogdoprosperi.com\\\/wp-content\\\/uploads\\\/2026\\\/05\\\/cropped-8059e613-6002-42fa-961e-8e275f575d71-2-5.jpg?fit=1360%2C931&ssl=1\",\"url\":\"https:\\\/\\\/i0.wp.com\\\/blogdoprosperi.com\\\/wp-content\\\/uploads\\\/2026\\\/05\\\/cropped-8059e613-6002-42fa-961e-8e275f575d71-2-5.jpg?fit=1360%2C931&ssl=1\",\"contentUrl\":\"https:\\\/\\\/i0.wp.com\\\/blogdoprosperi.com\\\/wp-content\\\/uploads\\\/2026\\\/05\\\/cropped-8059e613-6002-42fa-961e-8e275f575d71-2-5.jpg?fit=1360%2C931&ssl=1\",\"width\":1360,\"height\":931,\"caption\":\"Luiz Ant\u00f4nio Pr\u00f3speri\"},\"logo\":{\"@id\":\"https:\\\/\\\/i0.wp.com\\\/blogdoprosperi.com\\\/wp-content\\\/uploads\\\/2026\\\/05\\\/cropped-8059e613-6002-42fa-961e-8e275f575d71-2-5.jpg?fit=1360%2C931&ssl=1\"},\"description\":\"Jornalista com carreira dedicada ao esporte. Cobriu 9 Copas do Mundo in loco, 1990 na It\u00e1lia, 1994 nos EUA, 1998 na Fran\u00e7a, 2002 na Coreia do Sul e Jap\u00e3o, 2006 na Alemanha, 2010 na \u00c1frica do Sul, 2014 no Brasil, 2018 na R\u00fassia e 2022 no Qatar. Eurocopas, 1992 na Su\u00e9cia e 1996 na Inglaterra. Copa das Confedera\u00e7\u00f5es de 2005 na Alemanha e 2009 na \u00c1frica do Sul. Rep\u00f3rter e Editor, trabalhou no Jornal da Tarde e Estad\u00e3o, de 1984 a fevereiro de 2016. Colunista, blogueiro. E comentarista de futebol na R\u00e1dio Estad\u00e3o, de 2013 a fevereiro de 2016. Jornalista respons\u00e1vel do \\\"Pr\u00f3speri News\\\" (blogdoprosperi.com).\",\"sameAs\":[\"http:\\\/\\\/blogdoprosperi.com\",\"Luiz Pr\u00f3speri\",\"@luiz_prosperi\",\"https:\\\/\\\/x.com\\\/Luizprosperi\",\"@prosperinacopa\",\"luiz.prosperi@icloud.com\"],\"url\":\"https:\\\/\\\/blogdoprosperi.com\\\/?author=102107496\"}]}<\/script>\n<!-- \/ Yoast SEO plugin. -->","yoast_head_json":{"title":"S\u00e3o Paulo empata no Sul e vai dar muito trabalho a Ricardo Gomes - PR\u00d3SPERI NEWS","robots":{"index":"index","follow":"follow","max-snippet":"max-snippet:-1","max-image-preview":"max-image-preview:large","max-video-preview":"max-video-preview:-1"},"canonical":"https:\/\/blogdoprosperi.com\/?p=22118","og_locale":"pt_BR","og_type":"article","og_title":"S\u00e3o Paulo empata no Sul e vai dar muito trabalho a Ricardo Gomes - PR\u00d3SPERI NEWS","og_description":"S\u00e3o Paulo, sob nova dire\u00e7\u00e3o, continua em situa\u00e7\u00e3o delicada no Campeonato Brasileiro ao empatar por 1 a 1 [&hellip;]","og_url":"https:\/\/blogdoprosperi.com\/?p=22118","og_site_name":"PR\u00d3SPERI NEWS","article_publisher":"Luiz Pr\u00f3speri","article_author":"Luiz Pr\u00f3speri","article_published_time":"2016-08-21T22:43:01+00:00","article_modified_time":"2016-08-21T22:46:28+00:00","og_image":[{"url":"https:\/\/blogdoprosperi.com\/wp-content\/uploads\/2016\/08\/valdivia_t2fplx7.jpg","type":"","width":"","height":""}],"author":"Luiz Ant\u00f4nio Pr\u00f3speri","twitter_card":"summary_large_image","twitter_creator":"@Luizprosperi","twitter_site":"@Luizprosperi","twitter_misc":{"Escrito por":"Luiz Ant\u00f4nio Pr\u00f3speri","Est. tempo de leitura":"2 minutos"},"schema":{"@context":"https:\/\/schema.org","@graph":[{"@type":"Article","@id":"https:\/\/blogdoprosperi.com\/?p=22118#article","isPartOf":{"@id":"https:\/\/blogdoprosperi.com\/?p=22118"},"author":{"name":"Luiz Ant\u00f4nio Pr\u00f3speri","@id":"https:\/\/blogdoprosperi.com\/#\/schema\/person\/38100755ce3601861ee4fab9b5aa78e9"},"headline":"S\u00e3o Paulo empata no Sul e vai dar muito trabalho a Ricardo Gomes","datePublished":"2016-08-21T22:43:01+00:00","dateModified":"2016-08-21T22:46:28+00:00","mainEntityOfPage":{"@id":"https:\/\/blogdoprosperi.com\/?p=22118"},"wordCount":491,"commentCount":1,"publisher":{"@id":"https:\/\/blogdoprosperi.com\/#\/schema\/person\/38100755ce3601861ee4fab9b5aa78e9"},"image":{"@id":"https:\/\/blogdoprosperi.com\/?p=22118#primaryimage"},"thumbnailUrl":"https:\/\/blogdoprosperi.com\/wp-content\/uploads\/2016\/08\/valdivia_t2fplx7.jpg","keywords":["Brasileir\u00e3o-2016","Campeonato Brasileiro","Cueva","Internacional","Internacional x S\u00e3o Paulo","Ricardo Gomes","S\u00e3o Paulo FC"],"articleSection":["Campeonato Brasileiro"],"inLanguage":"pt-BR","potentialAction":[{"@type":"CommentAction","name":"Comment","target":["https:\/\/blogdoprosperi.com\/?p=22118#respond"]}]},{"@type":"WebPage","@id":"https:\/\/blogdoprosperi.com\/?p=22118","url":"https:\/\/blogdoprosperi.com\/?p=22118","name":"S\u00e3o Paulo empata no Sul e vai dar muito trabalho a Ricardo Gomes - PR\u00d3SPERI NEWS","isPartOf":{"@id":"https:\/\/blogdoprosperi.com\/#website"},"primaryImageOfPage":{"@id":"https:\/\/blogdoprosperi.com\/?p=22118#primaryimage"},"image":{"@id":"https:\/\/blogdoprosperi.com\/?p=22118#primaryimage"},"thumbnailUrl":"https:\/\/blogdoprosperi.com\/wp-content\/uploads\/2016\/08\/valdivia_t2fplx7.jpg","datePublished":"2016-08-21T22:43:01+00:00","dateModified":"2016-08-21T22:46:28+00:00","breadcrumb":{"@id":"https:\/\/blogdoprosperi.com\/?p=22118#breadcrumb"},"inLanguage":"pt-BR","potentialAction":[{"@type":"ReadAction","target":["https:\/\/blogdoprosperi.com\/?p=22118"]}]},{"@type":"ImageObject","inLanguage":"pt-BR","@id":"https:\/\/blogdoprosperi.com\/?p=22118#primaryimage","url":"https:\/\/i0.wp.com\/blogdoprosperi.com\/wp-content\/uploads\/2016\/08\/valdivia_t2fplx7.jpg?fit=640%2C409&ssl=1","contentUrl":"https:\/\/i0.wp.com\/blogdoprosperi.com\/wp-content\/uploads\/2016\/08\/valdivia_t2fplx7.jpg?fit=640%2C409&ssl=1","width":640,"height":409},{"@type":"BreadcrumbList","@id":"https:\/\/blogdoprosperi.com\/?p=22118#breadcrumb","itemListElement":[{"@type":"ListItem","position":1,"name":"In\u00edcio","item":"https:\/\/blogdoprosperi.com\/"},{"@type":"ListItem","position":2,"name":"S\u00e3o Paulo empata no Sul e vai dar muito trabalho a Ricardo Gomes"}]},{"@type":"WebSite","@id":"https:\/\/blogdoprosperi.com\/#website","url":"https:\/\/blogdoprosperi.com\/","name":"PR\u00d3SPERI NEWS","description":"TUDO \u00c9  FUTEBOL","publisher":{"@id":"https:\/\/blogdoprosperi.com\/#\/schema\/person\/38100755ce3601861ee4fab9b5aa78e9"},"alternateName":"blogdoprosperi.com","potentialAction":[{"@type":"SearchAction","target":{"@type":"EntryPoint","urlTemplate":"https:\/\/blogdoprosperi.com\/?s={search_term_string}"},"query-input":{"@type":"PropertyValueSpecification","valueRequired":true,"valueName":"search_term_string"}}],"inLanguage":"pt-BR"},{"@type":["Person","Organization"],"@id":"https:\/\/blogdoprosperi.com\/#\/schema\/person\/38100755ce3601861ee4fab9b5aa78e9","name":"Luiz Ant\u00f4nio Pr\u00f3speri","pronouns":"ele","image":{"@type":"ImageObject","inLanguage":"pt-BR","@id":"https:\/\/i0.wp.com\/blogdoprosperi.com\/wp-content\/uploads\/2026\/05\/cropped-8059e613-6002-42fa-961e-8e275f575d71-2-5.jpg?fit=1360%2C931&ssl=1","url":"https:\/\/i0.wp.com\/blogdoprosperi.com\/wp-content\/uploads\/2026\/05\/cropped-8059e613-6002-42fa-961e-8e275f575d71-2-5.jpg?fit=1360%2C931&ssl=1","contentUrl":"https:\/\/i0.wp.com\/blogdoprosperi.com\/wp-content\/uploads\/2026\/05\/cropped-8059e613-6002-42fa-961e-8e275f575d71-2-5.jpg?fit=1360%2C931&ssl=1","width":1360,"height":931,"caption":"Luiz Ant\u00f4nio Pr\u00f3speri"},"logo":{"@id":"https:\/\/i0.wp.com\/blogdoprosperi.com\/wp-content\/uploads\/2026\/05\/cropped-8059e613-6002-42fa-961e-8e275f575d71-2-5.jpg?fit=1360%2C931&ssl=1"},"description":"Jornalista com carreira dedicada ao esporte. Cobriu 9 Copas do Mundo in loco, 1990 na It\u00e1lia, 1994 nos EUA, 1998 na Fran\u00e7a, 2002 na Coreia do Sul e Jap\u00e3o, 2006 na Alemanha, 2010 na \u00c1frica do Sul, 2014 no Brasil, 2018 na R\u00fassia e 2022 no Qatar. Eurocopas, 1992 na Su\u00e9cia e 1996 na Inglaterra. Copa das Confedera\u00e7\u00f5es de 2005 na Alemanha e 2009 na \u00c1frica do Sul. Rep\u00f3rter e Editor, trabalhou no Jornal da Tarde e Estad\u00e3o, de 1984 a fevereiro de 2016. Colunista, blogueiro. E comentarista de futebol na R\u00e1dio Estad\u00e3o, de 2013 a fevereiro de 2016. Jornalista respons\u00e1vel do \"Pr\u00f3speri News\" (blogdoprosperi.com).","sameAs":["http:\/\/blogdoprosperi.com","Luiz Pr\u00f3speri","@luiz_prosperi","https:\/\/x.com\/Luizprosperi","@prosperinacopa","luiz.prosperi@icloud.com"],"url":"https:\/\/blogdoprosperi.com\/?author=102107496"}]}},"jetpack_publicize_connections":[],"jetpack_likes_enabled":false,"jetpack_sharing_enabled":true,"jetpack_shortlink":"https:\/\/wp.me\/p7jvdk-5KK","jetpack-related-posts":[{"id":20609,"url":"https:\/\/blogdoprosperi.com\/?p=20609","url_meta":{"origin":22118,"position":0},"title":"S\u00e3o Paulo, sem projeto, joga suas fichas em Ricardo Gomes","author":"Luiz Ant\u00f4nio Pr\u00f3speri","date":"12 de agosto de 2016","format":false,"excerpt":"S\u00e3o Paulo anunciou a contrata\u00e7\u00e3o de Ricardo Gomes, t\u00e9cnico do Botafogo, neste in\u00edcio de noite desta sexta-feira (12\/8). Ao investir em um treinador empregado, o clube paulista deixou de lado a possibilidade de efetivar Andr\u00e9 Jardine, interino que veio da base em socorro do time de cima. E, mais uma\u2026","rel":"","context":"Em &quot;Campeonato Brasileiro&quot;","block_context":{"text":"Campeonato Brasileiro","link":"https:\/\/blogdoprosperi.com\/?cat=355071"},"img":{"alt_text":"","src":"https:\/\/i0.wp.com\/blogdoprosperi.com\/wp-content\/uploads\/2016\/08\/2593_crop_galeria.jpg?resize=350%2C200","width":350,"height":200,"srcset":"https:\/\/i0.wp.com\/blogdoprosperi.com\/wp-content\/uploads\/2016\/08\/2593_crop_galeria.jpg?resize=350%2C200 1x, https:\/\/i0.wp.com\/blogdoprosperi.com\/wp-content\/uploads\/2016\/08\/2593_crop_galeria.jpg?resize=525%2C300 1.5x, https:\/\/i0.wp.com\/blogdoprosperi.com\/wp-content\/uploads\/2016\/08\/2593_crop_galeria.jpg?resize=700%2C400 2x"},"classes":[]},{"id":24138,"url":"https:\/\/blogdoprosperi.com\/?p=24138","url_meta":{"origin":22118,"position":1},"title":"Ricardo Gomes escala S\u00e3o Paulo com medo do Palmeiras no cl\u00e1ssico","author":"Luiz Ant\u00f4nio Pr\u00f3speri","date":"5 de setembro de 2016","format":false,"excerpt":"Ricardo Gomes ensaia o S\u00e3o Paulo com tr\u00eas volantes e uma zaga lenta no cl\u00e1ssico contra o Palmeiras nesta quarta-feira (07\/9) no Allianz Parque. A d\u00favida: o treinador do Tricolor vai jogar na retranca com medo do l\u00edder ou n\u00e3o tem outra op\u00e7\u00e3o diante dos desfalques? \u00c0 dist\u00e2ncia, parece que\u2026","rel":"","context":"Em &quot;Campeonato Brasileiro&quot;","block_context":{"text":"Campeonato Brasileiro","link":"https:\/\/blogdoprosperi.com\/?cat=355071"},"img":{"alt_text":"","src":"https:\/\/i0.wp.com\/blogdoprosperi.com\/wp-content\/uploads\/2016\/09\/apresentac3a7c3a3o-do-tc3a9cnico-ricardo-gomes-no-spfc-02.jpg?resize=350%2C200&ssl=1","width":350,"height":200,"srcset":"https:\/\/i0.wp.com\/blogdoprosperi.com\/wp-content\/uploads\/2016\/09\/apresentac3a7c3a3o-do-tc3a9cnico-ricardo-gomes-no-spfc-02.jpg?resize=350%2C200&ssl=1 1x, https:\/\/i0.wp.com\/blogdoprosperi.com\/wp-content\/uploads\/2016\/09\/apresentac3a7c3a3o-do-tc3a9cnico-ricardo-gomes-no-spfc-02.jpg?resize=525%2C300&ssl=1 1.5x, https:\/\/i0.wp.com\/blogdoprosperi.com\/wp-content\/uploads\/2016\/09\/apresentac3a7c3a3o-do-tc3a9cnico-ricardo-gomes-no-spfc-02.jpg?resize=700%2C400&ssl=1 2x"},"classes":[]},{"id":28666,"url":"https:\/\/blogdoprosperi.com\/?p=28666","url_meta":{"origin":22118,"position":2},"title":"Corinthians, S\u00e3o Paulo, Inter&#8230; quando o passado me condena","author":"Luiz Ant\u00f4nio Pr\u00f3speri","date":"15 de outubro de 2016","format":false,"excerpt":"Oswaldo de Oliveira assumiu o comando do time do Corinthians nesta sexta-feira (14\/10) falando grosso. Disse que quem ama n\u00e3o vaia, em busca do apoio da torcida. Voltou ao passado, fim dos anos 90 e come\u00e7o dos 2000, quando ganhou tudo no time da Fiel. H\u00e1 pouco mais de um\u2026","rel":"","context":"Em &quot;Campeonato Brasileiro&quot;","block_context":{"text":"Campeonato Brasileiro","link":"https:\/\/blogdoprosperi.com\/?cat=355071"},"img":{"alt_text":"","src":"https:\/\/i0.wp.com\/blogdoprosperi.com\/wp-content\/uploads\/2016\/10\/101214tristeza_inter_f_020.jpg?resize=350%2C200","width":350,"height":200,"srcset":"https:\/\/i0.wp.com\/blogdoprosperi.com\/wp-content\/uploads\/2016\/10\/101214tristeza_inter_f_020.jpg?resize=350%2C200 1x, https:\/\/i0.wp.com\/blogdoprosperi.com\/wp-content\/uploads\/2016\/10\/101214tristeza_inter_f_020.jpg?resize=525%2C300 1.5x, https:\/\/i0.wp.com\/blogdoprosperi.com\/wp-content\/uploads\/2016\/10\/101214tristeza_inter_f_020.jpg?resize=700%2C400 2x"},"classes":[]},{"id":22876,"url":"https:\/\/blogdoprosperi.com\/?p=22876","url_meta":{"origin":22118,"position":3},"title":"S\u00e3o Paulo sofre derrota a time da S\u00e9rie C e j\u00e1 pode pensar na pr\u00f3xima temporada","author":"Luiz Ant\u00f4nio Pr\u00f3speri","date":"24 de agosto de 2016","format":false,"excerpt":"Copa do Brasil para o S\u00e3o Paulo tem de ser uma Copa do Mundo, pedia Hudson na v\u00e9spera do jogo contra o Juventude na abertura das oitavas de final. A proje\u00e7\u00e3o do volante levava em conta a frustra\u00e7\u00e3o do Tricolor na Libertadores e a situa\u00e7\u00e3o delicada no Brasileir\u00e3o. At\u00e9 por\u2026","rel":"","context":"Em &quot;futebol&quot;","block_context":{"text":"futebol","link":"https:\/\/blogdoprosperi.com\/?cat=53870"},"img":{"alt_text":"","src":"https:\/\/i0.wp.com\/blogdoprosperi.com\/wp-content\/uploads\/2016\/08\/00915324-1024x682.jpg?resize=350%2C200&ssl=1","width":350,"height":200,"srcset":"https:\/\/i0.wp.com\/blogdoprosperi.com\/wp-content\/uploads\/2016\/08\/00915324-1024x682.jpg?resize=350%2C200&ssl=1 1x, https:\/\/i0.wp.com\/blogdoprosperi.com\/wp-content\/uploads\/2016\/08\/00915324-1024x682.jpg?resize=525%2C300&ssl=1 1.5x, https:\/\/i0.wp.com\/blogdoprosperi.com\/wp-content\/uploads\/2016\/08\/00915324-1024x682.jpg?resize=700%2C400&ssl=1 2x"},"classes":[]},{"id":27113,"url":"https:\/\/blogdoprosperi.com\/?p=27113","url_meta":{"origin":22118,"position":4},"title":"S\u00e3o Paulo chora aos p\u00e9s de Ch\u00e1vez diante do Flamengo no Morumbi","author":"Luiz Ant\u00f4nio Pr\u00f3speri","date":"1 de outubro de 2016","format":false,"excerpt":"Ch\u00e1vez tirou do S\u00e3o Paulo uma vit\u00f3ria importante na sua corrida contra a zona de rebaixamento no Brasileir\u00e3o. Aos 38 minutos do segundo tempo, atacante argentino aparece na cara do gol, chuta mal e Alex Muralha defende. Esse gol daria tr\u00eas pontos ao Tricolor, incomodado na parte debaixo da tabela\u2026","rel":"","context":"Em &quot;Campeonato Brasileiro&quot;","block_context":{"text":"Campeonato Brasileiro","link":"https:\/\/blogdoprosperi.com\/?cat=355071"},"img":{"alt_text":"","src":"https:\/\/i0.wp.com\/blogdoprosperi.com\/wp-content\/uploads\/2016\/10\/sp133.jpg?resize=350%2C200&ssl=1","width":350,"height":200,"srcset":"https:\/\/i0.wp.com\/blogdoprosperi.com\/wp-content\/uploads\/2016\/10\/sp133.jpg?resize=350%2C200&ssl=1 1x, https:\/\/i0.wp.com\/blogdoprosperi.com\/wp-content\/uploads\/2016\/10\/sp133.jpg?resize=525%2C300&ssl=1 1.5x"},"classes":[]},{"id":28469,"url":"https:\/\/blogdoprosperi.com\/?p=28469","url_meta":{"origin":22118,"position":5},"title":"S\u00e3o Paulo parte firme rumo ao rebaixamento e Santos sonha","author":"Luiz Ant\u00f4nio Pr\u00f3speri","date":"13 de outubro de 2016","format":false,"excerpt":"S\u00e3o Paulo \u00e9 candidato s\u00e9rio ao rebaixamento a oito rodadas do fim do Brasileir\u00e3o. Est\u00e1 apenas a tr\u00eas pontos da zona da degola. Pior, n\u00e3o tem como reagir. A derrota por 1 a 0 no cl\u00e1ssico contra o Santos escancara, mais uma vez, o quanto o time \u00e9 desequilibrado. Quando\u2026","rel":"","context":"Em &quot;Campeonato Brasileiro&quot;","block_context":{"text":"Campeonato Brasileiro","link":"https:\/\/blogdoprosperi.com\/?cat=355071"},"img":{"alt_text":"","src":"https:\/\/i0.wp.com\/blogdoprosperi.com\/wp-content\/uploads\/2016\/10\/pro3-20.jpg?resize=350%2C200","width":350,"height":200,"srcset":"https:\/\/i0.wp.com\/blogdoprosperi.com\/wp-content\/uploads\/2016\/10\/pro3-20.jpg?resize=350%2C200 1x, https:\/\/i0.wp.com\/blogdoprosperi.com\/wp-content\/uploads\/2016\/10\/pro3-20.jpg?resize=525%2C300 1.5x, https:\/\/i0.wp.com\/blogdoprosperi.com\/wp-content\/uploads\/2016\/10\/pro3-20.jpg?resize=700%2C400 2x, https:\/\/i0.wp.com\/blogdoprosperi.com\/wp-content\/uploads\/2016\/10\/pro3-20.jpg?resize=1050%2C600 3x, https:\/\/i0.wp.com\/blogdoprosperi.com\/wp-content\/uploads\/2016\/10\/pro3-20.jpg?resize=1400%2C800 4x"},"classes":[]}],"jetpack_featured_media_url":"","_links":{"self":[{"href":"https:\/\/blogdoprosperi.com\/index.php?rest_route=\/wp\/v2\/posts\/22118","targetHints":{"allow":["GET"]}}],"collection":[{"href":"https:\/\/blogdoprosperi.com\/index.php?rest_route=\/wp\/v2\/posts"}],"about":[{"href":"https:\/\/blogdoprosperi.com\/index.php?rest_route=\/wp\/v2\/types\/post"}],"author":[{"embeddable":true,"href":"https:\/\/blogdoprosperi.com\/index.php?rest_route=\/wp\/v2\/users\/102107496"}],"replies":[{"embeddable":true,"href":"https:\/\/blogdoprosperi.com\/index.php?rest_route=%2Fwp%2Fv2%2Fcomments&post=22118"}],"version-history":[{"count":25,"href":"https:\/\/blogdoprosperi.com\/index.php?rest_route=\/wp\/v2\/posts\/22118\/revisions"}],"predecessor-version":[{"id":22163,"href":"https:\/\/blogdoprosperi.com\/index.php?rest_route=\/wp\/v2\/posts\/22118\/revisions\/22163"}],"wp:attachment":[{"href":"https:\/\/blogdoprosperi.com\/index.php?rest_route=%2Fwp%2Fv2%2Fmedia&parent=22118"}],"wp:term":[{"taxonomy":"category","embeddable":true,"href":"https:\/\/blogdoprosperi.com\/index.php?rest_route=%2Fwp%2Fv2%2Fcategories&post=22118"},{"taxonomy":"post_tag","embeddable":true,"href":"https:\/\/blogdoprosperi.com\/index.php?rest_route=%2Fwp%2Fv2%2Ftags&post=22118"}],"curies":[{"name":"wp","href":"https:\/\/api.w.org\/{rel}","templated":true}]}}