{"id":22307,"date":"2016-08-22T12:33:01","date_gmt":"2016-08-22T15:33:01","guid":{"rendered":"http:\/\/blogdoprosperi.com\/?p=22307"},"modified":"2016-08-22T18:20:01","modified_gmt":"2016-08-22T21:20:01","slug":"tite-promete-selecao-no-ataque-e-se-rende-aos-garotos-da-medalha-de-ouro","status":"publish","type":"post","link":"https:\/\/blogdoprosperi.com\/?p=22307","title":{"rendered":"Tite promete Sele\u00e7\u00e3o no ataque e se rende aos garotos da medalha de ouro"},"content":{"rendered":"<p><span class=\"alignnone\"><img data-recalc-dims=\"1\" loading=\"lazy\" decoding=\"async\" data-attachment-id=\"22418\" data-permalink=\"https:\/\/blogdoprosperi.com\/?attachment_id=22418\" data-orig-file=\"https:\/\/i0.wp.com\/blogdoprosperi.com\/wp-content\/uploads\/2016\/08\/19559687-3.jpg?fit=640%2C426&amp;ssl=1\" data-orig-size=\"640,426\" data-comments-opened=\"1\" data-image-meta=\"{&quot;aperture&quot;:&quot;0&quot;,&quot;credit&quot;:&quot;&quot;,&quot;camera&quot;:&quot;&quot;,&quot;caption&quot;:&quot;&quot;,&quot;created_timestamp&quot;:&quot;0&quot;,&quot;copyright&quot;:&quot;&quot;,&quot;focal_length&quot;:&quot;0&quot;,&quot;iso&quot;:&quot;0&quot;,&quot;shutter_speed&quot;:&quot;0&quot;,&quot;title&quot;:&quot;&quot;,&quot;orientation&quot;:&quot;0&quot;}\" data-image-title=\"19559687-3\" data-image-description=\"\" data-image-caption=\"\" data-large-file=\"https:\/\/i0.wp.com\/blogdoprosperi.com\/wp-content\/uploads\/2016\/08\/19559687-3.jpg?fit=640%2C426&amp;ssl=1\" class=\"alignnone size-full wp-image-22418\" src=\"https:\/\/i0.wp.com\/blogdoprosperi.com\/wp-content\/uploads\/2016\/08\/19559687-3.jpg?resize=640%2C426&#038;ssl=1\" alt=\"19559687-3\" width=\"640\" height=\"426\" \/><\/span><\/p>\n<p>Tite deixou claro na sua primeira convoca\u00e7\u00e3o da <a href=\"http:\/\/blogdoprosperi.com\/2016\/08\/15\/tite-convoca-a-selecao-e-esconde-lista-dos-garotos-do-time-olimpico\/\">Sele\u00e7\u00e3o Brasileira a promessa de montar um time voltado ao ataque<\/a>. N\u00e3o deu detalhes, apenas ressaltou o projeto de liberar seis jogadores para atacar. E, mais importante, destacou um fato esquecido pelos \u00faltimos treinadores do escrete. &#8220;\u00c9 preciso jogar bem e vencer&#8221;, disse Tite, que estreia no comando da Sele\u00e7\u00e3o contra o Equador, dia 1.\u00ba de setembro, em Quito, e dia 6 conta a Col\u00f4mbia, em Manaus, jogos das Eliminat\u00f3rias da Copa de 2018.<!--more--><\/p>\n<p>Na exposi\u00e7\u00e3o de seu pensamento sobre como o Brasil vai se comportar daqui para frente fez quest\u00e3o de falar da &#8220;ideia brasileira de jogar futebol&#8221;. Embutiu a\u00ed o aproveitamento do ataque da <a href=\"http:\/\/blogdoprosperi.com\/2016\/08\/20\/futebol-brasileiro-se-ajoelha-aos-pes-de-neymar-e-chora-a-conquista-do-ouro\/\">sele\u00e7\u00e3o medalha de ouro nos Jogos do Rio.<\/a> N\u00e3o por acaso, chamou tr\u00eas atacantes do time de Rogerio Micale: Neymar, \u00f3bvio, e mais os meninos Gabriel e Gabriel Jesus. \u00danico nome fora dessa curva foi Taison, do Shakhtar Donestk.<\/p>\n<p>Se insistir nessa vertente ofensiva, pode ser mesmo uma retomada do bom futebol da Sele\u00e7\u00e3o, uma institui\u00e7\u00e3o em baixa ap\u00f3s anos de descr\u00e9dito.<\/p>\n<p>Da lista dos 23 convocados, Tite chamou sete que conquistaram a medalha de ouro no s\u00e1bado (20\/8) no Maracan\u00e3: <a href=\"http:\/\/blogdoprosperi.com\/2016\/08\/20\/futebol-brasileiro-se-ajoelha-aos-pes-de-neymar-e-chora-a-conquista-do-ouro\/\">Neymar,<\/a> Gabriel, Gabriel Jesus, Renato Augusto, Rodrigo Caio, Marquinhos e Weverton.<\/p>\n<p><span class=\"alignnone\"><img data-recalc-dims=\"1\" loading=\"lazy\" decoding=\"async\" data-attachment-id=\"22266\" data-permalink=\"https:\/\/blogdoprosperi.com\/?attachment_id=22266\" data-orig-file=\"https:\/\/i0.wp.com\/blogdoprosperi.com\/wp-content\/uploads\/2016\/08\/pro3-16.jpg?fit=3756%2C2190&amp;ssl=1\" data-orig-size=\"3756,2190\" data-comments-opened=\"1\" data-image-meta=\"{&quot;aperture&quot;:&quot;4.5&quot;,&quot;credit&quot;:&quot;&quot;,&quot;camera&quot;:&quot;Canon EOS-1D X&quot;,&quot;caption&quot;:&quot;&quot;,&quot;created_timestamp&quot;:&quot;1471725834&quot;,&quot;copyright&quot;:&quot;&quot;,&quot;focal_length&quot;:&quot;200&quot;,&quot;iso&quot;:&quot;1600&quot;,&quot;shutter_speed&quot;:&quot;0.00125&quot;,&quot;title&quot;:&quot;&quot;,&quot;orientation&quot;:&quot;1&quot;}\" data-image-title=\"pro3-16\" data-image-description=\"\" data-image-caption=\"\" data-large-file=\"https:\/\/i0.wp.com\/blogdoprosperi.com\/wp-content\/uploads\/2016\/08\/pro3-16.jpg?fit=940%2C548&amp;ssl=1\" class=\"alignnone size-full wp-image-22266\" src=\"https:\/\/i0.wp.com\/blogdoprosperi.com\/wp-content\/uploads\/2016\/08\/pro3-16.jpg?resize=940%2C548&#038;ssl=1\" alt=\"pro3-16\" width=\"940\" height=\"548\" \/><\/span><\/p>\n<p>Dos que apareciam nas listas de Dunga, continuam os goleiros Alisson (Roma) e Marcelo Grohe (Gr\u00eamio); os zagueiros Gil, Marquinhos e Miranda; os laterais Daniel Alves e Filipe Luiz; os meias e volantes Casemiro, Renato Augusto, Willian, Lucas Lima e Phillipe Coutinho; e os atacantes <a href=\"http:\/\/blogdoprosperi.com\/2016\/08\/09\/neymar-nao-e-o-culpado\/\">Gabriel e Neymar.<\/a><\/p>\n<p>Dos remanescentes da Copa de 2014, sobraram Daniel Alves, Marcelo, Neymar, Willian e Paulinho, que s\u00f3 volta agora depois do fracasso no Mundial.<\/p>\n<p>Dos que chegam agora com Tite, aparecem Weverton, Giuliano (ex-Gr\u00eamio e hoje no Zenit), Taison (Shakhtar Donestk) e Rafael Carioca (Atl\u00e9tico-MG).<\/p>\n<p>Cabe ainda ressaltar que o treinador chamou quatro jogadores com quem trabalhou no Corinthians, casos de Fagner, Gil, Paulinho e Renato Augusto.<\/p>\n<p><span class=\"alignnone\"><img data-recalc-dims=\"1\" loading=\"lazy\" decoding=\"async\" data-attachment-id=\"22437\" data-permalink=\"https:\/\/blogdoprosperi.com\/?attachment_id=22437\" data-orig-file=\"https:\/\/i0.wp.com\/blogdoprosperi.com\/wp-content\/uploads\/2016\/08\/20160822112051_57bb0a433afe9.jpg?fit=690%2C459&amp;ssl=1\" data-orig-size=\"690,459\" data-comments-opened=\"1\" data-image-meta=\"{&quot;aperture&quot;:&quot;0&quot;,&quot;credit&quot;:&quot;&quot;,&quot;camera&quot;:&quot;&quot;,&quot;caption&quot;:&quot;&quot;,&quot;created_timestamp&quot;:&quot;0&quot;,&quot;copyright&quot;:&quot;&quot;,&quot;focal_length&quot;:&quot;0&quot;,&quot;iso&quot;:&quot;0&quot;,&quot;shutter_speed&quot;:&quot;0&quot;,&quot;title&quot;:&quot;&quot;,&quot;orientation&quot;:&quot;0&quot;}\" data-image-title=\"20160822112051_57bb0a433afe9\" data-image-description=\"\" data-image-caption=\"\" data-large-file=\"https:\/\/i0.wp.com\/blogdoprosperi.com\/wp-content\/uploads\/2016\/08\/20160822112051_57bb0a433afe9.jpg?fit=690%2C459&amp;ssl=1\" class=\"alignnone size-full wp-image-22437\" src=\"https:\/\/i0.wp.com\/blogdoprosperi.com\/wp-content\/uploads\/2016\/08\/20160822112051_57bb0a433afe9.jpg?resize=690%2C459&#038;ssl=1\" alt=\"20160822112051_57bb0a433afe9\" width=\"690\" height=\"459\" \/><\/span><\/p>\n<p>Veja o que disse Tite na sua primeira coletiva ap\u00f3s a convoca\u00e7\u00e3o<\/p>\n<blockquote><p>&#8220;Eu n\u00e3o gosto de ser o cara que quer ser o pessimista, mas tamb\u00e9m n\u00e3o quero ser o otimista irrespons\u00e1vel, dizer que est\u00e1 tudo bem e ficar fascinado pelo posto que estou no momento. O real \u00e9 que a gente precisa entrar na zona de classifica\u00e7\u00e3o (da Copa 2018), ter resultado. Mas antes do resultado vem o desempenho, jogar bem. Que a equipe tenha ofensividade, cria\u00e7\u00e3o e tamb\u00e9m consist\u00eancia de marca\u00e7\u00e3o. Esses tr\u00eas fatores t\u00eam que andar juntos&#8221;<\/p>\n<p>&#8220;Eu tenho ideias de futebol. Temos uma ideia brasileira, de que mais do que sistema, n\u00fameros de meias ou atacantes, a ideia principal est\u00e1 um pouco mais al\u00e9m, mais acima. Como a din\u00e2mica da equipe responde. Uma ideia que est\u00e1 em compreens\u00e3o al\u00e9m de que uma equipe ofensiva tem dois ou tr\u00eas defensores ou tr\u00eas ou quatro atacantes. Eu busco ser equilibrado. Uma ideia \u00e9 clara: seis jogadores liberadores para o ataque. Se s\u00e3o os laterais, dois meias, isso \u00e9 outro aspecto&#8221;<\/p><\/blockquote>\n<div id=\"glb-feed-post-57bb0fdc1133932f342cd818\" class=\"post-container glb-feed-post clearfix\">\n<div class=\"clearfix glb-feed-post-content-wrapper glb-feed-post-with-thumbs\">\n<blockquote>\n<div class=\"glb-feed-post-body\">\n<p class=\"glb-feed-post-content\"><span class=\"alignnone\"><img data-recalc-dims=\"1\" loading=\"lazy\" decoding=\"async\" data-attachment-id=\"21628\" data-permalink=\"https:\/\/blogdoprosperi.com\/?attachment_id=21628\" data-orig-file=\"https:\/\/i0.wp.com\/blogdoprosperi.com\/wp-content\/uploads\/2016\/08\/gabrieljesus-afp.jpg?fit=640%2C360&amp;ssl=1\" data-orig-size=\"640,360\" data-comments-opened=\"1\" data-image-meta=\"{&quot;aperture&quot;:&quot;0&quot;,&quot;credit&quot;:&quot;&quot;,&quot;camera&quot;:&quot;&quot;,&quot;caption&quot;:&quot;&quot;,&quot;created_timestamp&quot;:&quot;0&quot;,&quot;copyright&quot;:&quot;&quot;,&quot;focal_length&quot;:&quot;0&quot;,&quot;iso&quot;:&quot;0&quot;,&quot;shutter_speed&quot;:&quot;0&quot;,&quot;title&quot;:&quot;&quot;,&quot;orientation&quot;:&quot;0&quot;}\" data-image-title=\"gabrieljesus-afp\" data-image-description=\"\" data-image-caption=\"\" data-large-file=\"https:\/\/i0.wp.com\/blogdoprosperi.com\/wp-content\/uploads\/2016\/08\/gabrieljesus-afp.jpg?fit=640%2C360&amp;ssl=1\" class=\"alignnone size-full wp-image-21628\" src=\"https:\/\/i0.wp.com\/blogdoprosperi.com\/wp-content\/uploads\/2016\/08\/gabrieljesus-afp.jpg?resize=640%2C360&#038;ssl=1\" alt=\"gabrieljesus-afp\" width=\"640\" height=\"360\" \/><\/span><\/p>\n<\/div>\n<\/blockquote>\n<div class=\"glb-feed-post-body\">\n<blockquote>\n<p class=\"glb-feed-post-content\">&#8220;Jogando de 9, ele (Gabriel Jesus) permanece como goleador do campeonato. Ele pode jogar pelo lado, mas de 9 ele tem sido o goleador com o tamanho da dificuldade que \u00e9 o Campeonato Brasileiro&#8221;<\/p>\n<\/blockquote>\n<\/div>\n<\/div>\n<\/div>\n<div id=\"glb-feed-post-57bb0f86c22d62307f6aa9ab\" class=\"post-container glb-feed-post clearfix\">\n<div class=\"clearfix glb-feed-post-content-wrapper glb-feed-post-with-thumbs\">\n<div class=\"glb-feed-post-body\">\n<blockquote>\n<p class=\"glb-feed-post-content\">&#8220;Dois jogadores foram trabalhados para esse fun\u00e7\u00e3o de 9, o Jesus e o Gabigol. H\u00e1 um legado dentro da Sele\u00e7\u00e3o com rela\u00e7\u00e3o ao Dunga e ao trabalho realizado. O Gabigol de 9 teve um grande desempenho. Teve o jogo contra o Peru e uma parte que jogou contra Equador e Haiti&#8221;<\/p>\n<p class=\"glb-feed-post-content\"><span class=\"alignnone\"><img data-recalc-dims=\"1\" loading=\"lazy\" decoding=\"async\" data-attachment-id=\"22436\" data-permalink=\"https:\/\/blogdoprosperi.com\/?attachment_id=22436\" data-orig-file=\"https:\/\/i0.wp.com\/blogdoprosperi.com\/wp-content\/uploads\/2016\/08\/pro-16.jpg?fit=2097%2C1398&amp;ssl=1\" data-orig-size=\"2097,1398\" data-comments-opened=\"1\" data-image-meta=\"{&quot;aperture&quot;:&quot;3.5&quot;,&quot;credit&quot;:&quot;&quot;,&quot;camera&quot;:&quot;Canon EOS-1D X&quot;,&quot;caption&quot;:&quot;&quot;,&quot;created_timestamp&quot;:&quot;1471726242&quot;,&quot;copyright&quot;:&quot;ALEX SILVA\/ESTADAO&quot;,&quot;focal_length&quot;:&quot;400&quot;,&quot;iso&quot;:&quot;1600&quot;,&quot;shutter_speed&quot;:&quot;0.0008&quot;,&quot;title&quot;:&quot;&quot;,&quot;orientation&quot;:&quot;1&quot;}\" data-image-title=\"PRO-16\" data-image-description=\"\" data-image-caption=\"&lt;p&gt;Neymar exibe seu ouro&lt;\/p&gt;\n\" data-large-file=\"https:\/\/i0.wp.com\/blogdoprosperi.com\/wp-content\/uploads\/2016\/08\/pro-16.jpg?fit=940%2C627&amp;ssl=1\" class=\"alignnone size-full wp-image-22436\" src=\"https:\/\/i0.wp.com\/blogdoprosperi.com\/wp-content\/uploads\/2016\/08\/pro-16.jpg?resize=940%2C627&#038;ssl=1\" alt=\"PRO-16\" width=\"940\" height=\"627\" \/><\/span><\/p>\n<p class=\"glb-feed-post-content\">&#8220;O Neymar pode trabalhar em uma ou outra, onde ele tenha uma rotina maior no lugar. Nos clubes onde esteve, onde se sente mais confort\u00e1vel \u00e9 do lado esquerdo. Mas pode ser utilizado de forma central, dependendo do jogo. Mas sempre observado e deixando o atleta onde ele se sente mais confort\u00e1vel, pois ali ele produz mais&#8221;<\/p>\n<div class=\"tiled-gallery type-rectangular tiled-gallery-unresized\" data-original-width=\"940\" data-carousel-extra='{&quot;blog_id&quot;:1,&quot;permalink&quot;:&quot;https:\\\/\\\/blogdoprosperi.com\\\/?p=22307&quot;,&quot;likes_blog_id&quot;:108082574}' itemscope itemtype=\"http:\/\/schema.org\/ImageGallery\" > <div class=\"gallery-row\" style=\"width: 940px; height: 288px;\" data-original-width=\"940\" data-original-height=\"288\" > <div class=\"gallery-group images-1\" style=\"width: 509px; height: 288px;\" data-original-width=\"509\" data-original-height=\"288\" > <div class=\"tiled-gallery-item tiled-gallery-item-large\" itemprop=\"associatedMedia\" itemscope itemtype=\"http:\/\/schema.org\/ImageObject\"> <a href=\"https:\/\/blogdoprosperi.com\/?attachment_id=22438\" border=\"0\" itemprop=\"url\"> <meta itemprop=\"width\" content=\"505\"> <meta itemprop=\"height\" content=\"284\"> <img decoding=\"async\" class=\"\" data-attachment-id=\"22438\" data-orig-file=\"https:\/\/blogdoprosperi.com\/wp-content\/uploads\/2016\/08\/622_18bb6f30-67a6-3d28-b2c8-964ae9d090b6.jpg\" data-orig-size=\"622,350\" data-comments-opened=\"1\" data-image-meta=\"{&quot;aperture&quot;:&quot;0&quot;,&quot;credit&quot;:&quot;&quot;,&quot;camera&quot;:&quot;&quot;,&quot;caption&quot;:&quot;&quot;,&quot;created_timestamp&quot;:&quot;0&quot;,&quot;copyright&quot;:&quot;&quot;,&quot;focal_length&quot;:&quot;0&quot;,&quot;iso&quot;:&quot;0&quot;,&quot;shutter_speed&quot;:&quot;0&quot;,&quot;title&quot;:&quot;&quot;,&quot;orientation&quot;:&quot;0&quot;}\" data-image-title=\"622_18bb6f30-67a6-3d28-b2c8-964ae9d090b6\" data-image-description=\"\" data-medium-file=\"https:\/\/i0.wp.com\/blogdoprosperi.com\/wp-content\/uploads\/2016\/08\/622_18bb6f30-67a6-3d28-b2c8-964ae9d090b6.jpg?fit=622%2C350&#038;ssl=1\" data-large-file=\"https:\/\/i0.wp.com\/blogdoprosperi.com\/wp-content\/uploads\/2016\/08\/622_18bb6f30-67a6-3d28-b2c8-964ae9d090b6.jpg?fit=622%2C350&#038;ssl=1\" src=\"https:\/\/i0.wp.com\/blogdoprosperi.com\/wp-content\/uploads\/2016\/08\/622_18bb6f30-67a6-3d28-b2c8-964ae9d090b6.jpg?w=505&#038;h=284&#038;ssl=1\" width=\"505\" height=\"284\" loading=\"lazy\" data-original-width=\"505\" data-original-height=\"284\" itemprop=\"http:\/\/schema.org\/image\" title=\"622_18bb6f30-67a6-3d28-b2c8-964ae9d090b6\" alt=\"Paulinho volta ao escrete\" style=\"width: 505px; height: 284px;\" \/> <\/a> <div class=\"tiled-gallery-caption\" itemprop=\"caption description\"> Paulinho volta ao escrete <\/div> <\/div> <\/div> <!-- close group --> <div class=\"gallery-group images-1\" style=\"width: 431px; height: 288px;\" data-original-width=\"431\" data-original-height=\"288\" > <div class=\"tiled-gallery-item tiled-gallery-item-large\" itemprop=\"associatedMedia\" itemscope itemtype=\"http:\/\/schema.org\/ImageObject\"> <a href=\"https:\/\/blogdoprosperi.com\/?attachment_id=22439\" border=\"0\" itemprop=\"url\"> <meta itemprop=\"width\" content=\"427\"> <meta itemprop=\"height\" content=\"284\"> <img decoding=\"async\" class=\"\" data-attachment-id=\"22439\" data-orig-file=\"https:\/\/blogdoprosperi.com\/wp-content\/uploads\/2016\/08\/57518ce07bd59.jpeg\" data-orig-size=\"460,306\" data-comments-opened=\"1\" data-image-meta=\"{&quot;aperture&quot;:&quot;0&quot;,&quot;credit&quot;:&quot;&quot;,&quot;camera&quot;:&quot;&quot;,&quot;caption&quot;:&quot;&quot;,&quot;created_timestamp&quot;:&quot;0&quot;,&quot;copyright&quot;:&quot;&quot;,&quot;focal_length&quot;:&quot;0&quot;,&quot;iso&quot;:&quot;0&quot;,&quot;shutter_speed&quot;:&quot;0&quot;,&quot;title&quot;:&quot;&quot;,&quot;orientation&quot;:&quot;0&quot;}\" data-image-title=\"57518ce07bd59\" data-image-description=\"\" data-medium-file=\"https:\/\/i0.wp.com\/blogdoprosperi.com\/wp-content\/uploads\/2016\/08\/57518ce07bd59.jpeg?fit=460%2C306&#038;ssl=1\" data-large-file=\"https:\/\/i0.wp.com\/blogdoprosperi.com\/wp-content\/uploads\/2016\/08\/57518ce07bd59.jpeg?fit=460%2C306&#038;ssl=1\" src=\"https:\/\/i0.wp.com\/blogdoprosperi.com\/wp-content\/uploads\/2016\/08\/57518ce07bd59.jpeg?w=427&#038;h=284&#038;ssl=1\" width=\"427\" height=\"284\" loading=\"lazy\" data-original-width=\"427\" data-original-height=\"284\" itemprop=\"http:\/\/schema.org\/image\" title=\"57518ce07bd59\" alt=\"Giuliano pede passagem\" style=\"width: 427px; height: 284px;\" \/> <\/a> <div class=\"tiled-gallery-caption\" itemprop=\"caption description\"> Giuliano pede passagem <\/div> <\/div> <\/div> <!-- close group --> <\/div> <!-- close row --> <div class=\"gallery-row\" style=\"width: 940px; height: 531px;\" data-original-width=\"940\" data-original-height=\"531\" > <div class=\"gallery-group images-1\" style=\"width: 940px; height: 531px;\" data-original-width=\"940\" data-original-height=\"531\" > <div class=\"tiled-gallery-item tiled-gallery-item-large\" itemprop=\"associatedMedia\" itemscope itemtype=\"http:\/\/schema.org\/ImageObject\"> <a href=\"https:\/\/blogdoprosperi.com\/?attachment_id=22440\" border=\"0\" itemprop=\"url\"> <meta itemprop=\"width\" content=\"936\"> <meta itemprop=\"height\" content=\"527\"> <img decoding=\"async\" class=\"\" data-attachment-id=\"22440\" data-orig-file=\"https:\/\/blogdoprosperi.com\/wp-content\/uploads\/2016\/08\/taison-of-fc-shakhtar-donetsk.jpg\" data-orig-size=\"800,450\" data-comments-opened=\"1\" data-image-meta=\"{&quot;aperture&quot;:&quot;3.2&quot;,&quot;credit&quot;:&quot;Getty Images&quot;,&quot;camera&quot;:&quot;NIKON D4&quot;,&quot;caption&quot;:&quot;SAN SEBASTIAN, SPAIN - SEPTEMBER 17: Taison of FC Shakhtar Donetsk in action during the UEFA Champions League group stage match between Real Sociedad de Futbol and Shakhtar Donetsk held on September 17, 2013 at the Anoeta Stadium in San Sebastian, Spain. (Photo by Dani Pozo\\\/EuroFootball\\\/Getty Images)&quot;,&quot;created_timestamp&quot;:&quot;1379451800&quot;,&quot;copyright&quot;:&quot;2013 AFP&quot;,&quot;focal_length&quot;:&quot;400&quot;,&quot;iso&quot;:&quot;1600&quot;,&quot;shutter_speed&quot;:&quot;0.001&quot;,&quot;title&quot;:&quot;Real Sociedad de Futbol v FC Shakhtar Donetsk - UEFA Champions League&quot;,&quot;orientation&quot;:&quot;1&quot;}\" data-image-title=\"Real Sociedad de Futbol v FC Shakhtar Donetsk &amp;#8211; UEFA Champions League\" data-image-description=\"\" data-medium-file=\"https:\/\/i0.wp.com\/blogdoprosperi.com\/wp-content\/uploads\/2016\/08\/taison-of-fc-shakhtar-donetsk.jpg?fit=650%2C366&#038;ssl=1\" data-large-file=\"https:\/\/i0.wp.com\/blogdoprosperi.com\/wp-content\/uploads\/2016\/08\/taison-of-fc-shakhtar-donetsk.jpg?fit=800%2C450&#038;ssl=1\" src=\"https:\/\/i0.wp.com\/blogdoprosperi.com\/wp-content\/uploads\/2016\/08\/taison-of-fc-shakhtar-donetsk.jpg?w=936&#038;h=527&#038;ssl=1\" width=\"936\" height=\"527\" loading=\"lazy\" data-original-width=\"936\" data-original-height=\"527\" itemprop=\"http:\/\/schema.org\/image\" title=\"Real Sociedad de Futbol v FC Shakhtar Donetsk - UEFA Champions League\" alt=\"Taison \u00e9 a surpresa\" style=\"width: 936px; height: 527px;\" \/> <\/a> <div class=\"tiled-gallery-caption\" itemprop=\"caption description\"> Taison \u00e9 a surpresa <\/div> <\/div> <\/div> <!-- close group --> <\/div> <!-- close row --> <\/div>\n<p class=\"glb-feed-post-content\">&#8220;Eu gostaria que tivesse uma conota\u00e7\u00e3o diferente de &#8220;par\u00e7as&#8221;. Tem uma conota\u00e7\u00e3o de privil\u00e9gio, e eu n\u00e3o busco. Eu acompanhei o Taison in loco, ele joga numa posi\u00e7\u00e3o que me d\u00e1 a possibilidade de jogar com uma forma, com dois atacantes centralizados, com jogo apoiado e ter triangula\u00e7\u00f5es. \u00c9 assim que ele tem jogado. E o Giuliano h\u00e1 duas temporadas tem jogado bem. O Paulinho fala por si s\u00f3. Se eu tivesse assim, falando de &#8220;Par\u00e7as&#8221;, eu traria o Elias. N\u00e3o foi f\u00e1cil deixar ele de fora, foi meu jogador at\u00e9 ontem. Mas falando de um ritmo e retomada de seu padr\u00e3o normal. Tento, na medida do poss\u00edvel, ser justo e avaliar o momento.&#8221;<\/p>\n<\/blockquote>\n<\/div>\n<\/div>\n<\/div>\n<p><strong>OS 23 CONVOCADOS<\/strong><\/p>\n<p><strong>Goleiros<\/strong><br \/>\nAlisson (Roma)<br \/>\nMarcelo Grohe (Gr\u00eamio)<br \/>\nWeverton (Atl\u00e9tico-PR)<\/p>\n<p><strong>Laterais<\/strong><br \/>\nDaniel Alves (Juventus)<br \/>\nFagner (Corinthians)<br \/>\nMarcelo (Real Madrid)<br \/>\nFilipe Lu\u00eds (Atl\u00e9tico de Madrid)<\/p>\n<p><strong>Zagueiros<\/strong><br \/>\nGil (Shandong Luneng)<br \/>\nMarquinhos (PSG)<br \/>\nMiranda (Inter de Mil\u00e3o)<br \/>\nRodrigo Caio (S\u00e3o Paulo)<\/p>\n<p><strong>Volantes<\/strong><br \/>\nCasemiro (Real Madrid)<br \/>\nRafael Carioca (Atl\u00e9tico-MG)<\/p>\n<p><strong>Meias<\/strong><br \/>\nRenato Augusto (Beijing Goan)<br \/>\nWillian (Chelsea)<br \/>\nPhilippe Coutinho (Liverpool)<br \/>\nPaulinho (Guangzhou Evergrande)<br \/>\nLucas Lima (Santos)<br \/>\nGiuliano (Zenit)<\/p>\n<p><strong>Atacantes<\/strong><br \/>\nNeymar (Barcelona)<br \/>\nGabriel Jesus (Palmeiras)<br \/>\nGabriel (Santos)<br \/>\nTaison (Shakhtar Donestk)<\/p>\n","protected":false},"excerpt":{"rendered":"<p>Tite deixou claro na sua primeira convoca\u00e7\u00e3o da Sele\u00e7\u00e3o Brasileira a promessa de montar um time voltado ao [&hellip;]<\/p>\n","protected":false},"author":102107496,"featured_media":0,"comment_status":"open","ping_status":"open","sticky":false,"template":"","format":"standard","meta":{"_coblocks_attr":"","_coblocks_dimensions":"","_coblocks_responsive_height":"","_coblocks_accordion_ie_support":"","_jetpack_newsletter_access":"","_jetpack_dont_email_post_to_subs":false,"_jetpack_newsletter_tier_id":0,"_jetpack_memberships_contains_paywalled_content":false,"_wpcom_ai_launchpad_first_post":false,"_jetpack_feature_clip_id":0,"_jetpack_memberships_contains_paid_content":false,"footnotes":"","jetpack_publicize_message":"","jetpack_publicize_feature_enabled":true,"jetpack_social_post_already_shared":false,"jetpack_social_options":{"image_generator_settings":{"template":"highway","default_image_id":0,"font":"","enabled":false},"version":2},"jetpack_post_was_ever_published":false},"categories":[53870],"tags":[789560569,31287162,394618492,789560560,533134506,789560562,4793018,1814220],"class_list":["post-22307","post","type-post","status-publish","format-standard","hentry","category-futebol","tag-cbf","tag-convocacao-selecao","tag-eliminatorias-copa-2018","tag-futebol","tag-paulinho-ex-corinthians","tag-selecao-brasileira","tag-taison","tag-tite"],"yoast_head":"<!-- This site is optimized with the Yoast SEO plugin v28.3 - https:\/\/yoast.com\/product\/yoast-seo-wordpress\/ -->\n<title>Tite promete Sele\u00e7\u00e3o no ataque e se rende aos garotos da medalha de ouro - PR\u00d3SPERI NEWS<\/title>\n<meta name=\"robots\" content=\"index, follow, max-snippet:-1, max-image-preview:large, max-video-preview:-1\" \/>\n<link rel=\"canonical\" href=\"https:\/\/blogdoprosperi.com\/?p=22307\" \/>\n<meta property=\"og:locale\" content=\"pt_BR\" \/>\n<meta property=\"og:type\" content=\"article\" \/>\n<meta property=\"og:title\" content=\"Tite promete Sele\u00e7\u00e3o no ataque e se rende aos garotos da medalha de ouro - PR\u00d3SPERI NEWS\" \/>\n<meta property=\"og:description\" content=\"Tite deixou claro na sua primeira convoca\u00e7\u00e3o da Sele\u00e7\u00e3o Brasileira a promessa de montar um time voltado ao [&hellip;]\" \/>\n<meta property=\"og:url\" content=\"https:\/\/blogdoprosperi.com\/?p=22307\" \/>\n<meta property=\"og:site_name\" content=\"PR\u00d3SPERI NEWS\" \/>\n<meta property=\"article:publisher\" content=\"Luiz Pr\u00f3speri\" \/>\n<meta property=\"article:author\" content=\"Luiz Pr\u00f3speri\" \/>\n<meta property=\"article:published_time\" content=\"2016-08-22T15:33:01+00:00\" \/>\n<meta property=\"article:modified_time\" content=\"2016-08-22T21:20:01+00:00\" \/>\n<meta property=\"og:image\" content=\"https:\/\/i0.wp.com\/blogdoprosperi.com\/wp-content\/uploads\/2016\/08\/622_18bb6f30-67a6-3d28-b2c8-964ae9d090b6.jpg?w=505&#038;h=284&#038;ssl=1\" \/>\n<meta name=\"author\" content=\"Luiz Ant\u00f4nio Pr\u00f3speri\" \/>\n<meta name=\"twitter:card\" content=\"summary_large_image\" \/>\n<meta name=\"twitter:creator\" content=\"@Luizprosperi\" \/>\n<meta name=\"twitter:site\" content=\"@Luizprosperi\" \/>\n<meta name=\"twitter:label1\" content=\"Escrito por\" \/>\n\t<meta name=\"twitter:data1\" content=\"Luiz Ant\u00f4nio Pr\u00f3speri\" \/>\n\t<meta name=\"twitter:label2\" content=\"Est. tempo de leitura\" \/>\n\t<meta name=\"twitter:data2\" content=\"4 minutos\" \/>\n<script type=\"application\/ld+json\" class=\"yoast-schema-graph\">{\"@context\":\"https:\\\/\\\/schema.org\",\"@graph\":[{\"@type\":\"Article\",\"@id\":\"https:\\\/\\\/blogdoprosperi.com\\\/?p=22307#article\",\"isPartOf\":{\"@id\":\"https:\\\/\\\/blogdoprosperi.com\\\/?p=22307\"},\"author\":{\"name\":\"Luiz Ant\u00f4nio Pr\u00f3speri\",\"@id\":\"https:\\\/\\\/blogdoprosperi.com\\\/#\\\/schema\\\/person\\\/38100755ce3601861ee4fab9b5aa78e9\"},\"headline\":\"Tite promete Sele\u00e7\u00e3o no ataque e se rende aos garotos da medalha de ouro\",\"datePublished\":\"2016-08-22T15:33:01+00:00\",\"dateModified\":\"2016-08-22T21:20:01+00:00\",\"mainEntityOfPage\":{\"@id\":\"https:\\\/\\\/blogdoprosperi.com\\\/?p=22307\"},\"wordCount\":887,\"commentCount\":4,\"publisher\":{\"@id\":\"https:\\\/\\\/blogdoprosperi.com\\\/#\\\/schema\\\/person\\\/38100755ce3601861ee4fab9b5aa78e9\"},\"image\":{\"@id\":\"https:\\\/\\\/blogdoprosperi.com\\\/?p=22307#primaryimage\"},\"thumbnailUrl\":\"https:\\\/\\\/blogdoprosperi.com\\\/wp-content\\\/uploads\\\/2016\\\/08\\\/19559687-3.jpg\",\"keywords\":[\"CBF\",\"convoca\u00e7\u00e3o sele\u00e7\u00e3o\",\"Eliminat\u00f3rias Copa 2018\",\"futebol\",\"Paulinho ex-Corinthians\",\"Sele\u00e7\u00e3o Brasileira\",\"Taison\",\"Tite\"],\"articleSection\":[\"futebol\"],\"inLanguage\":\"pt-BR\",\"potentialAction\":[{\"@type\":\"CommentAction\",\"name\":\"Comment\",\"target\":[\"https:\\\/\\\/blogdoprosperi.com\\\/?p=22307#respond\"]}]},{\"@type\":\"WebPage\",\"@id\":\"https:\\\/\\\/blogdoprosperi.com\\\/?p=22307\",\"url\":\"https:\\\/\\\/blogdoprosperi.com\\\/?p=22307\",\"name\":\"Tite promete Sele\u00e7\u00e3o no ataque e se rende aos garotos da medalha de ouro - PR\u00d3SPERI NEWS\",\"isPartOf\":{\"@id\":\"https:\\\/\\\/blogdoprosperi.com\\\/#website\"},\"primaryImageOfPage\":{\"@id\":\"https:\\\/\\\/blogdoprosperi.com\\\/?p=22307#primaryimage\"},\"image\":{\"@id\":\"https:\\\/\\\/blogdoprosperi.com\\\/?p=22307#primaryimage\"},\"thumbnailUrl\":\"https:\\\/\\\/blogdoprosperi.com\\\/wp-content\\\/uploads\\\/2016\\\/08\\\/19559687-3.jpg\",\"datePublished\":\"2016-08-22T15:33:01+00:00\",\"dateModified\":\"2016-08-22T21:20:01+00:00\",\"breadcrumb\":{\"@id\":\"https:\\\/\\\/blogdoprosperi.com\\\/?p=22307#breadcrumb\"},\"inLanguage\":\"pt-BR\",\"potentialAction\":[{\"@type\":\"ReadAction\",\"target\":[\"https:\\\/\\\/blogdoprosperi.com\\\/?p=22307\"]}]},{\"@type\":\"ImageObject\",\"inLanguage\":\"pt-BR\",\"@id\":\"https:\\\/\\\/blogdoprosperi.com\\\/?p=22307#primaryimage\",\"url\":\"https:\\\/\\\/i0.wp.com\\\/blogdoprosperi.com\\\/wp-content\\\/uploads\\\/2016\\\/08\\\/19559687-3.jpg?fit=640%2C426&ssl=1\",\"contentUrl\":\"https:\\\/\\\/i0.wp.com\\\/blogdoprosperi.com\\\/wp-content\\\/uploads\\\/2016\\\/08\\\/19559687-3.jpg?fit=640%2C426&ssl=1\",\"width\":640,\"height\":426},{\"@type\":\"BreadcrumbList\",\"@id\":\"https:\\\/\\\/blogdoprosperi.com\\\/?p=22307#breadcrumb\",\"itemListElement\":[{\"@type\":\"ListItem\",\"position\":1,\"name\":\"In\u00edcio\",\"item\":\"https:\\\/\\\/blogdoprosperi.com\\\/\"},{\"@type\":\"ListItem\",\"position\":2,\"name\":\"Tite promete Sele\u00e7\u00e3o no ataque e se rende aos garotos da medalha de ouro\"}]},{\"@type\":\"WebSite\",\"@id\":\"https:\\\/\\\/blogdoprosperi.com\\\/#website\",\"url\":\"https:\\\/\\\/blogdoprosperi.com\\\/\",\"name\":\"PR\u00d3SPERI NEWS\",\"description\":\"TUDO \u00c9  FUTEBOL\",\"publisher\":{\"@id\":\"https:\\\/\\\/blogdoprosperi.com\\\/#\\\/schema\\\/person\\\/38100755ce3601861ee4fab9b5aa78e9\"},\"alternateName\":\"blogdoprosperi.com\",\"potentialAction\":[{\"@type\":\"SearchAction\",\"target\":{\"@type\":\"EntryPoint\",\"urlTemplate\":\"https:\\\/\\\/blogdoprosperi.com\\\/?s={search_term_string}\"},\"query-input\":{\"@type\":\"PropertyValueSpecification\",\"valueRequired\":true,\"valueName\":\"search_term_string\"}}],\"inLanguage\":\"pt-BR\"},{\"@type\":[\"Person\",\"Organization\"],\"@id\":\"https:\\\/\\\/blogdoprosperi.com\\\/#\\\/schema\\\/person\\\/38100755ce3601861ee4fab9b5aa78e9\",\"name\":\"Luiz Ant\u00f4nio Pr\u00f3speri\",\"pronouns\":\"ele\",\"image\":{\"@type\":\"ImageObject\",\"inLanguage\":\"pt-BR\",\"@id\":\"https:\\\/\\\/i0.wp.com\\\/blogdoprosperi.com\\\/wp-content\\\/uploads\\\/2026\\\/05\\\/cropped-8059e613-6002-42fa-961e-8e275f575d71-2-5.jpg?fit=1360%2C931&ssl=1\",\"url\":\"https:\\\/\\\/i0.wp.com\\\/blogdoprosperi.com\\\/wp-content\\\/uploads\\\/2026\\\/05\\\/cropped-8059e613-6002-42fa-961e-8e275f575d71-2-5.jpg?fit=1360%2C931&ssl=1\",\"contentUrl\":\"https:\\\/\\\/i0.wp.com\\\/blogdoprosperi.com\\\/wp-content\\\/uploads\\\/2026\\\/05\\\/cropped-8059e613-6002-42fa-961e-8e275f575d71-2-5.jpg?fit=1360%2C931&ssl=1\",\"width\":1360,\"height\":931,\"caption\":\"Luiz Ant\u00f4nio Pr\u00f3speri\"},\"logo\":{\"@id\":\"https:\\\/\\\/i0.wp.com\\\/blogdoprosperi.com\\\/wp-content\\\/uploads\\\/2026\\\/05\\\/cropped-8059e613-6002-42fa-961e-8e275f575d71-2-5.jpg?fit=1360%2C931&ssl=1\"},\"description\":\"Jornalista com carreira dedicada ao esporte. Cobriu 9 Copas do Mundo in loco, 1990 na It\u00e1lia, 1994 nos EUA, 1998 na Fran\u00e7a, 2002 na Coreia do Sul e Jap\u00e3o, 2006 na Alemanha, 2010 na \u00c1frica do Sul, 2014 no Brasil, 2018 na R\u00fassia e 2022 no Qatar. Eurocopas, 1992 na Su\u00e9cia e 1996 na Inglaterra. Copa das Confedera\u00e7\u00f5es de 2005 na Alemanha e 2009 na \u00c1frica do Sul. Rep\u00f3rter e Editor, trabalhou no Jornal da Tarde e Estad\u00e3o, de 1984 a fevereiro de 2016. Colunista, blogueiro. E comentarista de futebol na R\u00e1dio Estad\u00e3o, de 2013 a fevereiro de 2016. Jornalista respons\u00e1vel do \\\"Pr\u00f3speri News\\\" (blogdoprosperi.com).\",\"sameAs\":[\"http:\\\/\\\/blogdoprosperi.com\",\"Luiz Pr\u00f3speri\",\"@luiz_prosperi\",\"https:\\\/\\\/x.com\\\/Luizprosperi\",\"@prosperinacopa\",\"luiz.prosperi@icloud.com\"],\"url\":\"https:\\\/\\\/blogdoprosperi.com\\\/?author=102107496\"}]}<\/script>\n<!-- \/ Yoast SEO plugin. -->","yoast_head_json":{"title":"Tite promete Sele\u00e7\u00e3o no ataque e se rende aos garotos da medalha de ouro - PR\u00d3SPERI NEWS","robots":{"index":"index","follow":"follow","max-snippet":"max-snippet:-1","max-image-preview":"max-image-preview:large","max-video-preview":"max-video-preview:-1"},"canonical":"https:\/\/blogdoprosperi.com\/?p=22307","og_locale":"pt_BR","og_type":"article","og_title":"Tite promete Sele\u00e7\u00e3o no ataque e se rende aos garotos da medalha de ouro - PR\u00d3SPERI NEWS","og_description":"Tite deixou claro na sua primeira convoca\u00e7\u00e3o da Sele\u00e7\u00e3o Brasileira a promessa de montar um time voltado ao [&hellip;]","og_url":"https:\/\/blogdoprosperi.com\/?p=22307","og_site_name":"PR\u00d3SPERI NEWS","article_publisher":"Luiz Pr\u00f3speri","article_author":"Luiz Pr\u00f3speri","article_published_time":"2016-08-22T15:33:01+00:00","article_modified_time":"2016-08-22T21:20:01+00:00","og_image":[{"url":"https:\/\/i0.wp.com\/blogdoprosperi.com\/wp-content\/uploads\/2016\/08\/622_18bb6f30-67a6-3d28-b2c8-964ae9d090b6.jpg?w=505&#038;h=284&#038;ssl=1","type":"","width":"","height":""}],"author":"Luiz Ant\u00f4nio Pr\u00f3speri","twitter_card":"summary_large_image","twitter_creator":"@Luizprosperi","twitter_site":"@Luizprosperi","twitter_misc":{"Escrito por":"Luiz Ant\u00f4nio Pr\u00f3speri","Est. tempo de leitura":"4 minutos"},"schema":{"@context":"https:\/\/schema.org","@graph":[{"@type":"Article","@id":"https:\/\/blogdoprosperi.com\/?p=22307#article","isPartOf":{"@id":"https:\/\/blogdoprosperi.com\/?p=22307"},"author":{"name":"Luiz Ant\u00f4nio Pr\u00f3speri","@id":"https:\/\/blogdoprosperi.com\/#\/schema\/person\/38100755ce3601861ee4fab9b5aa78e9"},"headline":"Tite promete Sele\u00e7\u00e3o no ataque e se rende aos garotos da medalha de ouro","datePublished":"2016-08-22T15:33:01+00:00","dateModified":"2016-08-22T21:20:01+00:00","mainEntityOfPage":{"@id":"https:\/\/blogdoprosperi.com\/?p=22307"},"wordCount":887,"commentCount":4,"publisher":{"@id":"https:\/\/blogdoprosperi.com\/#\/schema\/person\/38100755ce3601861ee4fab9b5aa78e9"},"image":{"@id":"https:\/\/blogdoprosperi.com\/?p=22307#primaryimage"},"thumbnailUrl":"https:\/\/blogdoprosperi.com\/wp-content\/uploads\/2016\/08\/19559687-3.jpg","keywords":["CBF","convoca\u00e7\u00e3o sele\u00e7\u00e3o","Eliminat\u00f3rias Copa 2018","futebol","Paulinho ex-Corinthians","Sele\u00e7\u00e3o Brasileira","Taison","Tite"],"articleSection":["futebol"],"inLanguage":"pt-BR","potentialAction":[{"@type":"CommentAction","name":"Comment","target":["https:\/\/blogdoprosperi.com\/?p=22307#respond"]}]},{"@type":"WebPage","@id":"https:\/\/blogdoprosperi.com\/?p=22307","url":"https:\/\/blogdoprosperi.com\/?p=22307","name":"Tite promete Sele\u00e7\u00e3o no ataque e se rende aos garotos da medalha de ouro - PR\u00d3SPERI NEWS","isPartOf":{"@id":"https:\/\/blogdoprosperi.com\/#website"},"primaryImageOfPage":{"@id":"https:\/\/blogdoprosperi.com\/?p=22307#primaryimage"},"image":{"@id":"https:\/\/blogdoprosperi.com\/?p=22307#primaryimage"},"thumbnailUrl":"https:\/\/blogdoprosperi.com\/wp-content\/uploads\/2016\/08\/19559687-3.jpg","datePublished":"2016-08-22T15:33:01+00:00","dateModified":"2016-08-22T21:20:01+00:00","breadcrumb":{"@id":"https:\/\/blogdoprosperi.com\/?p=22307#breadcrumb"},"inLanguage":"pt-BR","potentialAction":[{"@type":"ReadAction","target":["https:\/\/blogdoprosperi.com\/?p=22307"]}]},{"@type":"ImageObject","inLanguage":"pt-BR","@id":"https:\/\/blogdoprosperi.com\/?p=22307#primaryimage","url":"https:\/\/i0.wp.com\/blogdoprosperi.com\/wp-content\/uploads\/2016\/08\/19559687-3.jpg?fit=640%2C426&ssl=1","contentUrl":"https:\/\/i0.wp.com\/blogdoprosperi.com\/wp-content\/uploads\/2016\/08\/19559687-3.jpg?fit=640%2C426&ssl=1","width":640,"height":426},{"@type":"BreadcrumbList","@id":"https:\/\/blogdoprosperi.com\/?p=22307#breadcrumb","itemListElement":[{"@type":"ListItem","position":1,"name":"In\u00edcio","item":"https:\/\/blogdoprosperi.com\/"},{"@type":"ListItem","position":2,"name":"Tite promete Sele\u00e7\u00e3o no ataque e se rende aos garotos da medalha de ouro"}]},{"@type":"WebSite","@id":"https:\/\/blogdoprosperi.com\/#website","url":"https:\/\/blogdoprosperi.com\/","name":"PR\u00d3SPERI NEWS","description":"TUDO \u00c9  FUTEBOL","publisher":{"@id":"https:\/\/blogdoprosperi.com\/#\/schema\/person\/38100755ce3601861ee4fab9b5aa78e9"},"alternateName":"blogdoprosperi.com","potentialAction":[{"@type":"SearchAction","target":{"@type":"EntryPoint","urlTemplate":"https:\/\/blogdoprosperi.com\/?s={search_term_string}"},"query-input":{"@type":"PropertyValueSpecification","valueRequired":true,"valueName":"search_term_string"}}],"inLanguage":"pt-BR"},{"@type":["Person","Organization"],"@id":"https:\/\/blogdoprosperi.com\/#\/schema\/person\/38100755ce3601861ee4fab9b5aa78e9","name":"Luiz Ant\u00f4nio Pr\u00f3speri","pronouns":"ele","image":{"@type":"ImageObject","inLanguage":"pt-BR","@id":"https:\/\/i0.wp.com\/blogdoprosperi.com\/wp-content\/uploads\/2026\/05\/cropped-8059e613-6002-42fa-961e-8e275f575d71-2-5.jpg?fit=1360%2C931&ssl=1","url":"https:\/\/i0.wp.com\/blogdoprosperi.com\/wp-content\/uploads\/2026\/05\/cropped-8059e613-6002-42fa-961e-8e275f575d71-2-5.jpg?fit=1360%2C931&ssl=1","contentUrl":"https:\/\/i0.wp.com\/blogdoprosperi.com\/wp-content\/uploads\/2026\/05\/cropped-8059e613-6002-42fa-961e-8e275f575d71-2-5.jpg?fit=1360%2C931&ssl=1","width":1360,"height":931,"caption":"Luiz Ant\u00f4nio Pr\u00f3speri"},"logo":{"@id":"https:\/\/i0.wp.com\/blogdoprosperi.com\/wp-content\/uploads\/2026\/05\/cropped-8059e613-6002-42fa-961e-8e275f575d71-2-5.jpg?fit=1360%2C931&ssl=1"},"description":"Jornalista com carreira dedicada ao esporte. Cobriu 9 Copas do Mundo in loco, 1990 na It\u00e1lia, 1994 nos EUA, 1998 na Fran\u00e7a, 2002 na Coreia do Sul e Jap\u00e3o, 2006 na Alemanha, 2010 na \u00c1frica do Sul, 2014 no Brasil, 2018 na R\u00fassia e 2022 no Qatar. Eurocopas, 1992 na Su\u00e9cia e 1996 na Inglaterra. Copa das Confedera\u00e7\u00f5es de 2005 na Alemanha e 2009 na \u00c1frica do Sul. Rep\u00f3rter e Editor, trabalhou no Jornal da Tarde e Estad\u00e3o, de 1984 a fevereiro de 2016. Colunista, blogueiro. E comentarista de futebol na R\u00e1dio Estad\u00e3o, de 2013 a fevereiro de 2016. Jornalista respons\u00e1vel do \"Pr\u00f3speri News\" (blogdoprosperi.com).","sameAs":["http:\/\/blogdoprosperi.com","Luiz Pr\u00f3speri","@luiz_prosperi","https:\/\/x.com\/Luizprosperi","@prosperinacopa","luiz.prosperi@icloud.com"],"url":"https:\/\/blogdoprosperi.com\/?author=102107496"}]}},"jetpack_publicize_connections":[],"jetpack_likes_enabled":false,"jetpack_sharing_enabled":true,"jetpack_shortlink":"https:\/\/wp.me\/p7jvdk-5NN","jetpack-related-posts":[{"id":21208,"url":"https:\/\/blogdoprosperi.com\/?p=21208","url_meta":{"origin":22307,"position":0},"title":"Tite convoca a sele\u00e7\u00e3o e esconde lista dos garotos do time ol\u00edmpico","author":"Luiz Ant\u00f4nio Pr\u00f3speri","date":"15 de agosto de 2016","format":false,"excerpt":"\u00a0 Tite n\u00e3o queria provocar euforia e tristeza entre os garotos da Sele\u00e7\u00e3o Ol\u00edmpica, concentrados em Teres\u00f3polis para enfrentar Honduras nas semifinais dos Jogos do Rio. Por isso acertou com a CBF o sigilo absoluto na divulga\u00e7\u00e3o da lista dos 23 jogadores convocados para os jogos contra Equador e Col\u00f4mbia,\u2026","rel":"","context":"Em &quot;futebol&quot;","block_context":{"text":"futebol","link":"https:\/\/blogdoprosperi.com\/?cat=53870"},"img":{"alt_text":"","src":"https:\/\/i0.wp.com\/blogdoprosperi.com\/wp-content\/uploads\/2016\/08\/pro-14.jpg?resize=350%2C200","width":350,"height":200,"srcset":"https:\/\/i0.wp.com\/blogdoprosperi.com\/wp-content\/uploads\/2016\/08\/pro-14.jpg?resize=350%2C200 1x, https:\/\/i0.wp.com\/blogdoprosperi.com\/wp-content\/uploads\/2016\/08\/pro-14.jpg?resize=525%2C300 1.5x, https:\/\/i0.wp.com\/blogdoprosperi.com\/wp-content\/uploads\/2016\/08\/pro-14.jpg?resize=700%2C400 2x, https:\/\/i0.wp.com\/blogdoprosperi.com\/wp-content\/uploads\/2016\/08\/pro-14.jpg?resize=1050%2C600 3x, https:\/\/i0.wp.com\/blogdoprosperi.com\/wp-content\/uploads\/2016\/08\/pro-14.jpg?resize=1400%2C800 4x"},"classes":[]},{"id":38771,"url":"https:\/\/blogdoprosperi.com\/?p=38771","url_meta":{"origin":22307,"position":1},"title":"Brasil vence Peru, maldito 5 de julho","author":"Luiz Ant\u00f4nio Pr\u00f3speri","date":"5 de julho de 2021","format":false,"excerpt":"Brasil vence Peru, vai \u00e0 final da Copa Am\u00e9rica e n\u00e3o entusiasma. Tem sido assim com Tite. Maldito 5 de julho.","rel":"","context":"Em &quot;futebol&quot;","block_context":{"text":"futebol","link":"https:\/\/blogdoprosperi.com\/?cat=53870"},"img":{"alt_text":"Brasil vence Peru","src":"https:\/\/i0.wp.com\/blogdoprosperi.com\/wp-content\/uploads\/2021\/07\/51292011012_5e744c6385_c.jpg?fit=799%2C533&ssl=1&resize=350%2C200","width":350,"height":200,"srcset":"https:\/\/i0.wp.com\/blogdoprosperi.com\/wp-content\/uploads\/2021\/07\/51292011012_5e744c6385_c.jpg?fit=799%2C533&ssl=1&resize=350%2C200 1x, https:\/\/i0.wp.com\/blogdoprosperi.com\/wp-content\/uploads\/2021\/07\/51292011012_5e744c6385_c.jpg?fit=799%2C533&ssl=1&resize=525%2C300 1.5x, https:\/\/i0.wp.com\/blogdoprosperi.com\/wp-content\/uploads\/2021\/07\/51292011012_5e744c6385_c.jpg?fit=799%2C533&ssl=1&resize=700%2C400 2x"},"classes":[]},{"id":22443,"url":"https:\/\/blogdoprosperi.com\/?p=22443","url_meta":{"origin":22307,"position":2},"title":"Veja an\u00e1lise dos 23 jogadores da primeira convoca\u00e7\u00e3o de Tite","author":"Luiz Ant\u00f4nio Pr\u00f3speri","date":"22 de agosto de 2016","format":false,"excerpt":"Tite surpreendeu em pelo menos tr\u00eas nomes na sua primeira convoca\u00e7\u00e3o da Sele\u00e7\u00e3o Brasileira. Os mais destacados foram Taison, atacante do Shakhtar Donestk (Ucr\u00e2nia), o meia Giuliano, ex-Gr\u00eamio e hoje no Zenit (R\u00fassia), e Paulinho, ex-Corinthians e h\u00e1 oito meses no Guangzhou (China). O treinador recorreu ainda \u00e0 base dos\u2026","rel":"","context":"Em &quot;futebol&quot;","block_context":{"text":"futebol","link":"https:\/\/blogdoprosperi.com\/?cat=53870"},"img":{"alt_text":"","src":"https:\/\/i0.wp.com\/blogdoprosperi.com\/wp-content\/uploads\/2016\/08\/pro-16.jpg?resize=350%2C200","width":350,"height":200,"srcset":"https:\/\/i0.wp.com\/blogdoprosperi.com\/wp-content\/uploads\/2016\/08\/pro-16.jpg?resize=350%2C200 1x, https:\/\/i0.wp.com\/blogdoprosperi.com\/wp-content\/uploads\/2016\/08\/pro-16.jpg?resize=525%2C300 1.5x, https:\/\/i0.wp.com\/blogdoprosperi.com\/wp-content\/uploads\/2016\/08\/pro-16.jpg?resize=700%2C400 2x, https:\/\/i0.wp.com\/blogdoprosperi.com\/wp-content\/uploads\/2016\/08\/pro-16.jpg?resize=1050%2C600 3x, https:\/\/i0.wp.com\/blogdoprosperi.com\/wp-content\/uploads\/2016\/08\/pro-16.jpg?resize=1400%2C800 4x"},"classes":[]},{"id":23420,"url":"https:\/\/blogdoprosperi.com\/?p=23420","url_meta":{"origin":22307,"position":3},"title":"Tite elege seus titulares na Sele\u00e7\u00e3o e Gabriel Jesus ganha a camisa 9","author":"Luiz Ant\u00f4nio Pr\u00f3speri","date":"29 de agosto de 2016","format":false,"excerpt":"Tite escolheu os n\u00fameros dos jogadores da Sele\u00e7\u00e3o Brasileira para os jogos contra o Equador (dia 01\/9) e Col\u00f4mbia (06\/9) na sua estreia no comando do escrete. Se seguirmos a sequ\u00eancia de 1 a 11, j\u00e1 teremos o time titular no esquema 4-1-4-1, t\u00e3o apreciado ao treinador. A Sele\u00e7\u00e3o de\u2026","rel":"","context":"Em &quot;futebol&quot;","block_context":{"text":"futebol","link":"https:\/\/blogdoprosperi.com\/?cat=53870"},"img":{"alt_text":"","src":"https:\/\/i0.wp.com\/blogdoprosperi.com\/wp-content\/uploads\/2016\/08\/brasil-pentacampec3a3o-de-2002.jpg?resize=350%2C200&ssl=1","width":350,"height":200,"srcset":"https:\/\/i0.wp.com\/blogdoprosperi.com\/wp-content\/uploads\/2016\/08\/brasil-pentacampec3a3o-de-2002.jpg?resize=350%2C200&ssl=1 1x, https:\/\/i0.wp.com\/blogdoprosperi.com\/wp-content\/uploads\/2016\/08\/brasil-pentacampec3a3o-de-2002.jpg?resize=525%2C300&ssl=1 1.5x"},"classes":[]},{"id":23972,"url":"https:\/\/blogdoprosperi.com\/?p=23972","url_meta":{"origin":22307,"position":4},"title":"Tite estreia com vit\u00f3ria na Sele\u00e7\u00e3o e lan\u00e7a ao mundo um novo fen\u00f4meno do futebol brasileiro: Gabriel Jesus","author":"Luiz Ant\u00f4nio Pr\u00f3speri","date":"1 de setembro de 2016","format":false,"excerpt":"Quando dirigia o Corinthians Tite se impressionou com Gabriel Jesus, ainda na temporada de 2015. Em conversas reservadas repetia que o garoto do Palmeiras estava pronto, era diferente. Pep Guardiola, depois de sacramentada a contrata\u00e7\u00e3o do atacante pelo Manchester City, disse assim: \"Compramos gols, Jesus \u00e9 fazedor de gols\".\u00a0Na sua\u2026","rel":"","context":"Em &quot;futebol&quot;","block_context":{"text":"futebol","link":"https:\/\/blogdoprosperi.com\/?cat=53870"},"img":{"alt_text":"","src":"https:\/\/i0.wp.com\/blogdoprosperi.com\/wp-content\/uploads\/2016\/09\/brasil-x-equador-20160901-0017.jpg?resize=350%2C200&ssl=1","width":350,"height":200,"srcset":"https:\/\/i0.wp.com\/blogdoprosperi.com\/wp-content\/uploads\/2016\/09\/brasil-x-equador-20160901-0017.jpg?resize=350%2C200&ssl=1 1x, https:\/\/i0.wp.com\/blogdoprosperi.com\/wp-content\/uploads\/2016\/09\/brasil-x-equador-20160901-0017.jpg?resize=525%2C300&ssl=1 1.5x, https:\/\/i0.wp.com\/blogdoprosperi.com\/wp-content\/uploads\/2016\/09\/brasil-x-equador-20160901-0017.jpg?resize=700%2C400&ssl=1 2x, https:\/\/i0.wp.com\/blogdoprosperi.com\/wp-content\/uploads\/2016\/09\/brasil-x-equador-20160901-0017.jpg?resize=1050%2C600&ssl=1 3x, https:\/\/i0.wp.com\/blogdoprosperi.com\/wp-content\/uploads\/2016\/09\/brasil-x-equador-20160901-0017.jpg?resize=1400%2C800&ssl=1 4x"},"classes":[]},{"id":38548,"url":"https:\/\/blogdoprosperi.com\/?p=38548","url_meta":{"origin":22307,"position":5},"title":"Sele\u00e7\u00e3o joga por Tite, vence Equador e deixa bomba no colo da CBF","author":"Luiz Ant\u00f4nio Pr\u00f3speri","date":"4 de junho de 2021","format":false,"excerpt":"Vencer o Equador era uma obriga\u00e7\u00e3o da Sele\u00e7\u00e3o Brasileira. N\u00e3o por uma suposta fragilidade do advers\u00e1rio e sim por solidariedade a Tite. T\u00e9cnico est\u00e1 no pared\u00e3o por obra do presidente da CBF e de bolsonaristas de plant\u00e3o. E os jogadores n\u00e3o decepcionaram. Venceram por 2 a 0, sustentaram o primeiro\u2026","rel":"","context":"Em &quot;futebol&quot;","block_context":{"text":"futebol","link":"https:\/\/blogdoprosperi.com\/?cat=53870"},"img":{"alt_text":"","src":"https:\/\/i0.wp.com\/blogdoprosperi.com\/wp-content\/uploads\/2021\/06\/51224836377_77ff1d0fbe_w.jpg?fit=400%2C267&ssl=1&resize=350%2C200","width":350,"height":200},"classes":[]}],"jetpack_featured_media_url":"","_links":{"self":[{"href":"https:\/\/blogdoprosperi.com\/index.php?rest_route=\/wp\/v2\/posts\/22307","targetHints":{"allow":["GET"]}}],"collection":[{"href":"https:\/\/blogdoprosperi.com\/index.php?rest_route=\/wp\/v2\/posts"}],"about":[{"href":"https:\/\/blogdoprosperi.com\/index.php?rest_route=\/wp\/v2\/types\/post"}],"author":[{"embeddable":true,"href":"https:\/\/blogdoprosperi.com\/index.php?rest_route=\/wp\/v2\/users\/102107496"}],"replies":[{"embeddable":true,"href":"https:\/\/blogdoprosperi.com\/index.php?rest_route=%2Fwp%2Fv2%2Fcomments&post=22307"}],"version-history":[{"count":25,"href":"https:\/\/blogdoprosperi.com\/index.php?rest_route=\/wp\/v2\/posts\/22307\/revisions"}],"predecessor-version":[{"id":22569,"href":"https:\/\/blogdoprosperi.com\/index.php?rest_route=\/wp\/v2\/posts\/22307\/revisions\/22569"}],"wp:attachment":[{"href":"https:\/\/blogdoprosperi.com\/index.php?rest_route=%2Fwp%2Fv2%2Fmedia&parent=22307"}],"wp:term":[{"taxonomy":"category","embeddable":true,"href":"https:\/\/blogdoprosperi.com\/index.php?rest_route=%2Fwp%2Fv2%2Fcategories&post=22307"},{"taxonomy":"post_tag","embeddable":true,"href":"https:\/\/blogdoprosperi.com\/index.php?rest_route=%2Fwp%2Fv2%2Ftags&post=22307"}],"curies":[{"name":"wp","href":"https:\/\/api.w.org\/{rel}","templated":true}]}}