{"id":22443,"date":"2016-08-22T16:12:47","date_gmt":"2016-08-22T19:12:47","guid":{"rendered":"http:\/\/blogdoprosperi.com\/?p=22443"},"modified":"2016-08-23T16:02:56","modified_gmt":"2016-08-23T19:02:56","slug":"veja-analise-dos-23-jogadores-da-primeira-convocacao-de-tite","status":"publish","type":"post","link":"https:\/\/blogdoprosperi.com\/?p=22443","title":{"rendered":"Veja an\u00e1lise dos 23 jogadores da primeira convoca\u00e7\u00e3o de Tite"},"content":{"rendered":"<figure id=\"attachment_22541\" aria-describedby=\"caption-attachment-22541\" style=\"width: 594px\" class=\"wp-caption alignnone\"><img data-recalc-dims=\"1\" loading=\"lazy\" decoding=\"async\" data-attachment-id=\"22541\" data-permalink=\"https:\/\/blogdoprosperi.com\/?attachment_id=22541\" data-orig-file=\"https:\/\/i0.wp.com\/blogdoprosperi.com\/wp-content\/uploads\/2016\/08\/485173680.jpg?fit=594%2C397&amp;ssl=1\" data-orig-size=\"594,397\" data-comments-opened=\"1\" data-image-meta=\"{&quot;aperture&quot;:&quot;2.8&quot;,&quot;credit&quot;:&quot;ChinaFotoPress via Getty Images&quot;,&quot;camera&quot;:&quot;Canon EOS-1D X&quot;,&quot;caption&quot;:&quot;KASHIWA, JAPAN - AUGUST 25:  (CHINA OUT) Paulinho #48 of Guangzhou Evergrande celebrates after scoring his team&#039;s second goal during the AFC Champions League quarter-final football match between Kashiwa Reysol and Guangzhou Evergrande at Hitachi Kashiwa Soccer Stadium on August 25, 2015 in Kashiwa, Japan.  (Photo by ChinaFotoPress\/ChinaFotoPress via Getty Images)&quot;,&quot;created_timestamp&quot;:&quot;1440527916&quot;,&quot;copyright&quot;:&quot;2015 ChinaFotoPress&quot;,&quot;focal_length&quot;:&quot;300&quot;,&quot;iso&quot;:&quot;2000&quot;,&quot;shutter_speed&quot;:&quot;0.000625&quot;,&quot;title&quot;:&quot;Kashiwa Reysol v Guangzhou Evergrande - AFC Champions League Quarter Final&quot;,&quot;orientation&quot;:&quot;0&quot;}\" data-image-title=\"Kashiwa Reysol v Guangzhou Evergrande &amp;#8211; AFC Champions League Quarter Final\" data-image-description=\"\" data-image-caption=\"&lt;p&gt;KASHIWA, JAPAN &amp;#8211; AUGUST 25:  (CHINA OUT) Paulinho #48 of Guangzhou Evergrande celebrates after scoring his team&amp;#8217;s second goal during the AFC Champions League quarter-final football match between Kashiwa Reysol and Guangzhou Evergrande at Hitachi Kashiwa Soccer Stadium on August 25, 2015 in Kashiwa, Japan.  (Photo by ChinaFotoPress\/ChinaFotoPress via Getty Images)&lt;\/p&gt;\n\" data-large-file=\"https:\/\/i0.wp.com\/blogdoprosperi.com\/wp-content\/uploads\/2016\/08\/485173680.jpg?fit=594%2C397&amp;ssl=1\" class=\"alignnone size-full wp-image-22541\" src=\"https:\/\/i0.wp.com\/blogdoprosperi.com\/wp-content\/uploads\/2016\/08\/485173680.jpg?resize=594%2C397&#038;ssl=1\" alt=\"Kashiwa Reysol v Guangzhou Evergrande - AFC Champions League Quarter Final\" width=\"594\" height=\"397\" \/><figcaption id=\"caption-attachment-22541\" class=\"wp-caption-text\">Paulinho celebra gol do Guangzhou Evergrande &#8211; Foto: Getty Images<\/figcaption><\/figure>\n<p><a href=\"http:\/\/blogdoprosperi.com\/2016\/08\/22\/tite-promete-selecao-no-ataque-e-se-rende-aos-garotos-da-medalha-de-ouro\/\">Tite surpreendeu <\/a>em pelo menos tr\u00eas nomes na sua primeira convoca\u00e7\u00e3o da Sele\u00e7\u00e3o Brasileira. Os mais destacados foram Taison, atacante do Shakhtar Donestk (Ucr\u00e2nia), o meia Giuliano, ex-Gr\u00eamio e hoje no Zenit (R\u00fassia), e Paulinho, ex-Corinthians e h\u00e1 oito meses no Guangzhou (China).<!--more--><\/p>\n<p>O treinador recorreu ainda \u00e0 base dos \u00faltimos dois anos do time sob o reinado de Dunga. Apostou no ataque da<a href=\"http:\/\/blogdoprosperi.com\/2016\/08\/20\/futebol-brasileiro-se-ajoelha-aos-pes-de-neymar-e-chora-a-conquista-do-ouro\/\"> Sele\u00e7\u00e3o medalha de ouro na Olimp\u00edada do Rio<\/a> e se apoiou em jogadores da sua confian\u00e7a com quem trabalhou at\u00e9 pouco tempo no Corinthians.<\/p>\n<p>Acompanhe an\u00e1lise deste <strong>Blog do Pr\u00f3speri<\/strong> sobre cada um dos 23 da lista de Tite para os jogos contra Equador e Col\u00f4mbia pelas Eliminat\u00f3rias da Copa de 2018.<\/p>\n<p><em>GOLEIROS<\/em><br \/>\n<span class=\"alignnone\"><img data-recalc-dims=\"1\" loading=\"lazy\" decoding=\"async\" data-attachment-id=\"22539\" data-permalink=\"https:\/\/blogdoprosperi.com\/?attachment_id=22539\" data-orig-file=\"https:\/\/i0.wp.com\/blogdoprosperi.com\/wp-content\/uploads\/2016\/08\/asfdcsads-6987362261.jpg?fit=700%2C467&amp;ssl=1\" data-orig-size=\"700,467\" data-comments-opened=\"1\" data-image-meta=\"{&quot;aperture&quot;:&quot;0&quot;,&quot;credit&quot;:&quot;&quot;,&quot;camera&quot;:&quot;&quot;,&quot;caption&quot;:&quot;&quot;,&quot;created_timestamp&quot;:&quot;0&quot;,&quot;copyright&quot;:&quot;&quot;,&quot;focal_length&quot;:&quot;0&quot;,&quot;iso&quot;:&quot;0&quot;,&quot;shutter_speed&quot;:&quot;0&quot;,&quot;title&quot;:&quot;&quot;,&quot;orientation&quot;:&quot;0&quot;}\" data-image-title=\"asfdcsads-6987362261\" data-image-description=\"\" data-image-caption=\"\" data-large-file=\"https:\/\/i0.wp.com\/blogdoprosperi.com\/wp-content\/uploads\/2016\/08\/asfdcsads-6987362261.jpg?fit=700%2C467&amp;ssl=1\" class=\"alignnone size-full wp-image-22539\" src=\"https:\/\/i0.wp.com\/blogdoprosperi.com\/wp-content\/uploads\/2016\/08\/asfdcsads-6987362261.jpg?resize=700%2C467&#038;ssl=1\" alt=\"asfdcsads-6987362261\" width=\"700\" height=\"467\" \/><\/span><\/p>\n<p><strong>Alisson (Roma) &#8211; <\/strong><em>(foto)<\/em><br \/>\nChamado por Dunga, decepcionou na Copa Am\u00e9rica Centen\u00e1rio. Inseguro e sem quilometragem para ser titular da Sele\u00e7\u00e3o.<\/p>\n<p><strong>Marcelo Grohe (Gr\u00eamio)<\/strong><br \/>\nOutro remanescente do grupo de Dunga, est\u00e1 bem no Gr\u00eamio, apesar da n\u00e3o manter a regularidade. Deve ser reserva com Tite.<\/p>\n<p><strong>Weverton (Atl\u00e9tico-PR)<\/strong><br \/>\nEntrou na Sele\u00e7\u00e3o Ol\u00edmpica no v\u00e1cuo de <a href=\"http:\/\/blogdoprosperi.com\/2016\/08\/05\/palmeiras-esquece-academia-de-goleiros-e-procura-sucessor-de-fernando-prass\/\">Fernando Prass.<\/a> Pouco exigido nos Jogos do Rio, se destacou na decis\u00e3o nos p\u00eanaltis contra Alemanha.<\/p>\n<p><em>ZAGUEIROS<\/em><br \/>\n<strong>Gil (Shandong Luneng)<\/strong><br \/>\nTitular com Tite no Corinthians e convocado por Dunga nos \u00faltimos jogos da Sele\u00e7\u00e3o. Se n\u00e3o desaprendeu na China, pode guardar lugar no escrete at\u00e9 Thiago Silva voltar.<\/p>\n<p><strong>Miranda (Inter de Mil\u00e3o)<\/strong><br \/>\nAbsoluto com Dunga, caiu de rendimento no futebol italiano e n\u00e3o foi bem na Copa Centen\u00e1rio. Vai ter de suar a camisa para se manter na zaga.<\/p>\n<p><strong><span class=\"alignnone\"><img data-recalc-dims=\"1\" loading=\"lazy\" decoding=\"async\" data-attachment-id=\"22538\" data-permalink=\"https:\/\/blogdoprosperi.com\/?attachment_id=22538\" data-orig-file=\"https:\/\/i0.wp.com\/blogdoprosperi.com\/wp-content\/uploads\/2016\/08\/gettyimages-476138676_1.jpg?fit=300%2C420&amp;ssl=1\" data-orig-size=\"300,420\" data-comments-opened=\"1\" data-image-meta=\"{&quot;aperture&quot;:&quot;0&quot;,&quot;credit&quot;:&quot;&quot;,&quot;camera&quot;:&quot;&quot;,&quot;caption&quot;:&quot;&quot;,&quot;created_timestamp&quot;:&quot;0&quot;,&quot;copyright&quot;:&quot;&quot;,&quot;focal_length&quot;:&quot;0&quot;,&quot;iso&quot;:&quot;0&quot;,&quot;shutter_speed&quot;:&quot;0&quot;,&quot;title&quot;:&quot;&quot;,&quot;orientation&quot;:&quot;0&quot;}\" data-image-title=\"gettyimages-476138676_1\" data-image-description=\"\" data-image-caption=\"\" data-large-file=\"https:\/\/i0.wp.com\/blogdoprosperi.com\/wp-content\/uploads\/2016\/08\/gettyimages-476138676_1.jpg?fit=300%2C420&amp;ssl=1\" class=\"alignnone size-full wp-image-22538 alignright\" src=\"https:\/\/i0.wp.com\/blogdoprosperi.com\/wp-content\/uploads\/2016\/08\/gettyimages-476138676_1.jpg?resize=300%2C420&#038;ssl=1\" alt=\"gettyimages-476138676_1\" width=\"300\" height=\"420\" \/><\/span>Marquinhos (PSG) &#8211;\u00a0<\/strong>(<em>foto<\/em>)<br \/>\nMostrou bom servi\u00e7o na Sele\u00e7\u00e3o Ol\u00edmpica e n\u00e3o ser\u00e1 surpresa se aparecer de titular com Tite. Tem lideran\u00e7a e personalidade. Precisar mostrar que \u00e9 tudo isso no escrete.<\/p>\n<p><strong>Rodrigo Caio (S\u00e3o Paulo)<\/strong><br \/>\nIrregular no seu clube, cresceu muito nos Jogos Ol\u00edmpicos. Leve, joga bem pelo setor esquerdo da zaga e sai bem com a bola dominada. Falta mais for\u00e7a f\u00edsica de zagueiro.<\/p>\n<p><em>LATERAIS<\/em><br \/>\n<strong>Daniel Alves (Juventus)<\/strong><br \/>\nCadeira cativa desde a Copa de 2010. Brilhante nos tempos de Barcelona, alterna \u00f3timos jogos no escrete e outros abaixo do que pode produzir. Vai ser titular com Tite.<\/p>\n<p><strong>Fagner (Corinthians)<\/strong><br \/>\n\u00c9 da cota dos que t\u00eam a confian\u00e7a de Tite. Muito bem no Corinthians na temporada passada, n\u00e3o decepciona no Brasileir\u00e3o. Deve ser reserva na Sele\u00e7\u00e3o.<\/p>\n<p><strong>Marcelo (Real Madrid)<\/strong><br \/>\nMuito elogiado na Espanha, estava na geladeira nos tempos de Dunga. Deve ser o dono da lateral-esquerda com Tite. Prescisa mostrar na Sele\u00e7\u00e3o o futebol que joga no Real.<\/p>\n<p><strong>Filipe Lu\u00eds (Atl\u00e9tico de Madrid)<\/strong><br \/>\nDono da posi\u00e7\u00e3o com Dunga. N\u00e3o \u00e9 um lateral ofensivo, mas compensa na marca\u00e7\u00e3o. Voou na temporada passada no Atl\u00e9tico e decepcionou na Sele\u00e7\u00e3o.<\/p>\n<p><em>VOLANTES<\/em><br \/>\n<strong>Casemiro (Real Madrid)<\/strong><br \/>\nConquistou Zidane no Real e foi lembrado por Dunga na Copa Centen\u00e1rio. \u00c9 bom na marca\u00e7\u00e3o, n\u00e3o carrega a bola na sa\u00edda do jogo. Precisa de mostrar servi\u00e7o na Sele\u00e7\u00e3o.<\/p>\n<p><strong>Rafael Carioca (Atl\u00e9tico-MG)<\/strong><br \/>\nMerecia ser convocado h\u00e1 muito tempo. Joga mais que Casemiro. Marca bem, tem bom passe e sabe sair para o jogo. Deve ganhar a posi\u00e7\u00e3o de titular no escrete em breve.<\/p>\n<p><em>MEIAS<\/em><\/p>\n<p class=\"jetpack-slideshow-noscript robots-nocontent\">Este slideshow necessita de JavaScript.<\/p><div id=\"gallery-22443-1-slideshow\" class=\"jetpack-slideshow-window jetpack-slideshow jetpack-slideshow-black\" data-trans=\"fade\" data-autostart=\"1\" data-gallery=\"[{&quot;src&quot;:&quot;https:\\\/\\\/i0.wp.com\\\/blogdoprosperi.com\\\/wp-content\\\/uploads\\\/2016\\\/08\\\/pro9-8.jpg?fit=1983%2C1322\\u0026ssl=1&quot;,&quot;id&quot;:&quot;21367&quot;,&quot;title&quot;:&quot;pro9-8&quot;,&quot;alt&quot;:&quot;&quot;,&quot;caption&quot;:&quot;Gabriel quer a camisa 9&quot;,&quot;itemprop&quot;:&quot;image&quot;},{&quot;src&quot;:&quot;https:\\\/\\\/i0.wp.com\\\/blogdoprosperi.com\\\/wp-content\\\/uploads\\\/2016\\\/08\\\/micale_neymar_gabrieljesus_reu.jpg?fit=640%2C360\\u0026ssl=1&quot;,&quot;id&quot;:&quot;21630&quot;,&quot;title&quot;:&quot;micale_neymar_gabrieljesus_reu&quot;,&quot;alt&quot;:&quot;&quot;,&quot;caption&quot;:&quot;Micale fortalece Neymar e Jesus&quot;,&quot;itemprop&quot;:&quot;image&quot;},{&quot;src&quot;:&quot;https:\\\/\\\/i0.wp.com\\\/blogdoprosperi.com\\\/wp-content\\\/uploads\\\/2016\\\/08\\\/57518ce07bd59.jpeg?fit=460%2C306\\u0026ssl=1&quot;,&quot;id&quot;:&quot;22439&quot;,&quot;title&quot;:&quot;57518ce07bd59&quot;,&quot;alt&quot;:&quot;&quot;,&quot;caption&quot;:&quot;Giuliano pede passagem&quot;,&quot;itemprop&quot;:&quot;image&quot;},{&quot;src&quot;:&quot;https:\\\/\\\/i0.wp.com\\\/blogdoprosperi.com\\\/wp-content\\\/uploads\\\/2016\\\/08\\\/622_18bb6f30-67a6-3d28-b2c8-964ae9d090b6.jpg?fit=622%2C350\\u0026ssl=1&quot;,&quot;id&quot;:&quot;22438&quot;,&quot;title&quot;:&quot;622_18bb6f30-67a6-3d28-b2c8-964ae9d090b6&quot;,&quot;alt&quot;:&quot;&quot;,&quot;caption&quot;:&quot;Paulinho volta ao escrete&quot;,&quot;itemprop&quot;:&quot;image&quot;},{&quot;src&quot;:&quot;https:\\\/\\\/i0.wp.com\\\/blogdoprosperi.com\\\/wp-content\\\/uploads\\\/2016\\\/08\\\/pro-16.jpg?fit=2097%2C1398\\u0026ssl=1&quot;,&quot;id&quot;:&quot;22436&quot;,&quot;title&quot;:&quot;PRO-16&quot;,&quot;alt&quot;:&quot;&quot;,&quot;caption&quot;:&quot;Neymar exibe seu ouro&quot;,&quot;itemprop&quot;:&quot;image&quot;},{&quot;src&quot;:&quot;https:\\\/\\\/i0.wp.com\\\/blogdoprosperi.com\\\/wp-content\\\/uploads\\\/2016\\\/08\\\/pro3-12.jpg?fit=1782%2C1188\\u0026ssl=1&quot;,&quot;id&quot;:&quot;21365&quot;,&quot;title&quot;:&quot;pro3-12&quot;,&quot;alt&quot;:&quot;&quot;,&quot;caption&quot;:&quot;Renato Augusto deve ser capit\\u00e3o&quot;,&quot;itemprop&quot;:&quot;image&quot;},{&quot;src&quot;:&quot;https:\\\/\\\/i0.wp.com\\\/blogdoprosperi.com\\\/wp-content\\\/uploads\\\/2016\\\/08\\\/taison-of-fc-shakhtar-donetsk.jpg?fit=800%2C450\\u0026ssl=1&quot;,&quot;id&quot;:&quot;22440&quot;,&quot;title&quot;:&quot;Real Sociedad de Futbol v FC Shakhtar Donetsk \\u0026#8211; UEFA Champions League&quot;,&quot;alt&quot;:&quot;&quot;,&quot;caption&quot;:&quot;Taison \\u00e9 a surpresa&quot;,&quot;itemprop&quot;:&quot;image&quot;},{&quot;src&quot;:&quot;https:\\\/\\\/i0.wp.com\\\/blogdoprosperi.com\\\/wp-content\\\/uploads\\\/2016\\\/08\\\/pro3-13.jpg?fit=2500%2C1667\\u0026ssl=1&quot;,&quot;id&quot;:&quot;21698&quot;,&quot;title&quot;:&quot;PRO3-13&quot;,&quot;alt&quot;:&quot;&quot;,&quot;caption&quot;:&quot;Luan merecia ser chamado&quot;,&quot;itemprop&quot;:&quot;image&quot;}]\" itemscope itemtype=\"https:\/\/schema.org\/ImageGallery\"><\/div>\n<p><strong>Renato Augusto (Beijing\u00a0Goan)<\/strong><br \/>\nMostrou na Sele\u00e7\u00e3o Ol\u00edmpica a sua import\u00e2ncia. Faz a fun\u00e7\u00e3o de meia e volante. Tem lideran\u00e7a e pode at\u00e9 ser o capit\u00e3o de Tite.<\/p>\n<p><strong>Willian (Chelsea)<\/strong><br \/>\nCadeira cativa no escrete desde a Copa de 2014. Absoluto com Dunga, pode perder status com Tite. Sofreu uma les\u00e3o neste fim de semana e corre risco de ser cortado.<\/p>\n<p><strong>Phillipe Coutinho (Liverpool)<\/strong><br \/>\nBem no Liverpool, apareceu nas \u00faltimas convoca\u00e7\u00f5es de Dunga. Falta ainda mais confian\u00e7a e personalidade na Sele\u00e7\u00e3o. Tem bons concorrentes no grupo de Tite.<\/p>\n<p><strong>Paulinho (Guangzhou Evergrande)<\/strong><br \/>\nDecepcionou na Copa de 2014 quando come\u00e7ou como titular e virou reserva. N\u00e3o foi bem no Tottenham. Na China h\u00e1 oito meses, chega como inc\u00f3gnita. A seu favor a confian\u00e7a que tem de Tite.<\/p>\n<p><strong>Lucas Lima (Santos)<\/strong><br \/>\nFaz um p\u00e9ssima temporada desde que se machucou na decis\u00e3o do Campeonato Paulista no in\u00edcio de maio. Vive um momento ruim. Tem talento para se recuperar. Paulo Henrique Ganso deveria ocupar essa vaga.<\/p>\n<div class=\"tiled-gallery type-rectangular tiled-gallery-unresized\" data-original-width=\"940\" data-carousel-extra='{&quot;blog_id&quot;:1,&quot;permalink&quot;:&quot;https:\\\/\\\/blogdoprosperi.com\\\/?p=22443&quot;,&quot;likes_blog_id&quot;:108082574}' itemscope itemtype=\"http:\/\/schema.org\/ImageGallery\" > <div class=\"gallery-row\" style=\"width: 940px; height: 313px;\" data-original-width=\"940\" data-original-height=\"313\" > <div class=\"gallery-group images-1\" style=\"width: 489px; height: 313px;\" data-original-width=\"489\" data-original-height=\"313\" > <div class=\"tiled-gallery-item tiled-gallery-item-large\" itemprop=\"associatedMedia\" itemscope itemtype=\"http:\/\/schema.org\/ImageObject\"> <a href=\"https:\/\/blogdoprosperi.com\/?attachment_id=22537\" border=\"0\" itemprop=\"url\"> <meta itemprop=\"width\" content=\"485\"> <meta itemprop=\"height\" content=\"309\"> <img decoding=\"async\" class=\"\" data-attachment-id=\"22537\" data-orig-file=\"https:\/\/blogdoprosperi.com\/wp-content\/uploads\/2016\/08\/57ae34b333354.jpeg\" data-orig-size=\"460,293\" data-comments-opened=\"1\" data-image-meta=\"{&quot;aperture&quot;:&quot;0&quot;,&quot;credit&quot;:&quot;&quot;,&quot;camera&quot;:&quot;&quot;,&quot;caption&quot;:&quot;&quot;,&quot;created_timestamp&quot;:&quot;0&quot;,&quot;copyright&quot;:&quot;&quot;,&quot;focal_length&quot;:&quot;0&quot;,&quot;iso&quot;:&quot;0&quot;,&quot;shutter_speed&quot;:&quot;0&quot;,&quot;title&quot;:&quot;&quot;,&quot;orientation&quot;:&quot;0&quot;}\" data-image-title=\"57ae34b333354\" data-image-description=\"\" data-medium-file=\"https:\/\/i0.wp.com\/blogdoprosperi.com\/wp-content\/uploads\/2016\/08\/57ae34b333354.jpeg?fit=460%2C293&#038;ssl=1\" data-large-file=\"https:\/\/i0.wp.com\/blogdoprosperi.com\/wp-content\/uploads\/2016\/08\/57ae34b333354.jpeg?fit=460%2C293&#038;ssl=1\" src=\"https:\/\/i0.wp.com\/blogdoprosperi.com\/wp-content\/uploads\/2016\/08\/57ae34b333354.jpeg?w=485&#038;h=309&#038;ssl=1\" width=\"485\" height=\"309\" loading=\"lazy\" data-original-width=\"485\" data-original-height=\"309\" itemprop=\"http:\/\/schema.org\/image\" title=\"57ae34b333354\" alt=\"57ae34b333354\" style=\"width: 485px; height: 309px;\" \/> <\/a> <\/div> <\/div> <!-- close group --> <div class=\"gallery-group images-1\" style=\"width: 451px; height: 313px;\" data-original-width=\"451\" data-original-height=\"313\" > <div class=\"tiled-gallery-item tiled-gallery-item-large\" itemprop=\"associatedMedia\" itemscope itemtype=\"http:\/\/schema.org\/ImageObject\"> <a href=\"https:\/\/blogdoprosperi.com\/?attachment_id=22536\" border=\"0\" itemprop=\"url\"> <meta itemprop=\"width\" content=\"447\"> <meta itemprop=\"height\" content=\"309\"> <img decoding=\"async\" class=\"\" data-attachment-id=\"22536\" data-orig-file=\"https:\/\/blogdoprosperi.com\/wp-content\/uploads\/2016\/08\/164870__max_news.jpg\" data-orig-size=\"580,400\" data-comments-opened=\"1\" data-image-meta=\"{&quot;aperture&quot;:&quot;0&quot;,&quot;credit&quot;:&quot;&quot;,&quot;camera&quot;:&quot;&quot;,&quot;caption&quot;:&quot;&quot;,&quot;created_timestamp&quot;:&quot;0&quot;,&quot;copyright&quot;:&quot;&quot;,&quot;focal_length&quot;:&quot;0&quot;,&quot;iso&quot;:&quot;0&quot;,&quot;shutter_speed&quot;:&quot;0&quot;,&quot;title&quot;:&quot;&quot;,&quot;orientation&quot;:&quot;0&quot;}\" data-image-title=\"164870__max_news\" data-image-description=\"\" data-medium-file=\"https:\/\/i0.wp.com\/blogdoprosperi.com\/wp-content\/uploads\/2016\/08\/164870__max_news.jpg?fit=548%2C378&#038;ssl=1\" data-large-file=\"https:\/\/i0.wp.com\/blogdoprosperi.com\/wp-content\/uploads\/2016\/08\/164870__max_news.jpg?fit=580%2C400&#038;ssl=1\" src=\"https:\/\/i0.wp.com\/blogdoprosperi.com\/wp-content\/uploads\/2016\/08\/164870__max_news.jpg?w=447&#038;h=309&#038;ssl=1\" width=\"447\" height=\"309\" loading=\"lazy\" data-original-width=\"447\" data-original-height=\"309\" itemprop=\"http:\/\/schema.org\/image\" title=\"164870__max_news\" alt=\"164870__max_news\" style=\"width: 447px; height: 309px;\" \/> <\/a> <\/div> <\/div> <!-- close group --> <\/div> <!-- close row --> <\/div>\n<p><strong>Giuliano (Zenit) &#8211; <\/strong><em>(fot0 de camisa azul)<\/em><br \/>\n\u00c9 outro da confian\u00e7a de Tite. Fazia um bom Brasileir\u00e3o pelo Gr\u00eamio na fun\u00e7\u00e3o de segundo volante at\u00e9 se transferir ao Zenit. Deve ser reserva de Renato Augusto.<\/p>\n<p><em>ATACANTES<\/em><br \/>\n<strong>Taison (Shakhtar Donetsk) &#8211; <\/strong><em>(foto de\u00a0camisa listrada)<\/em><br \/>\nMais um que chega \u00e0 Sele\u00e7\u00e3o da cota de confian\u00e7a de Tite, com quem trabalhou nas categorias de base no futebol ga\u00facho. \u00c9 uma aposta arriscada do treinador. Luan, do Gr\u00eamio e do time Ol\u00edmpico, deveria ocupar esta vaga.<\/p>\n<p><span class=\"alignnone\"><img data-recalc-dims=\"1\" loading=\"lazy\" decoding=\"async\" data-attachment-id=\"22561\" data-permalink=\"https:\/\/blogdoprosperi.com\/?attachment_id=22561\" data-orig-file=\"https:\/\/i0.wp.com\/blogdoprosperi.com\/wp-content\/uploads\/2016\/08\/pro2-14.jpg?fit=5184%2C3456&amp;ssl=1\" data-orig-size=\"5184,3456\" data-comments-opened=\"1\" data-image-meta=\"{&quot;aperture&quot;:&quot;4&quot;,&quot;credit&quot;:&quot;&quot;,&quot;camera&quot;:&quot;Canon EOS-1D X&quot;,&quot;caption&quot;:&quot;&quot;,&quot;created_timestamp&quot;:&quot;1471725688&quot;,&quot;copyright&quot;:&quot;&quot;,&quot;focal_length&quot;:&quot;70&quot;,&quot;iso&quot;:&quot;1600&quot;,&quot;shutter_speed&quot;:&quot;0.00125&quot;,&quot;title&quot;:&quot;&quot;,&quot;orientation&quot;:&quot;1&quot;}\" data-image-title=\"pro2-14\" data-image-description=\"\" data-image-caption=\"\" data-large-file=\"https:\/\/i0.wp.com\/blogdoprosperi.com\/wp-content\/uploads\/2016\/08\/pro2-14.jpg?fit=940%2C627&amp;ssl=1\" class=\"alignnone size-full wp-image-22561\" src=\"https:\/\/i0.wp.com\/blogdoprosperi.com\/wp-content\/uploads\/2016\/08\/pro2-14.jpg?resize=940%2C627&#038;ssl=1\" alt=\"pro2-14\" width=\"940\" height=\"627\" \/><\/span><\/p>\n<p><strong>Gabigol (Santos)<\/strong><br \/>\nChegou na Sele\u00e7\u00e3o pelas m\u00e3os de Dunga. Tem futebol para ir longe se n\u00e3o se perder em pol\u00eamicas. Pode ser o camisa 9 com Tite.<\/p>\n<p><strong>Gabriel Jesus (Palmeiras)<\/strong><br \/>\nArtilheiro do Brasileir\u00e3o, sempre esteve no radar de Tite. Cresceu nos \u00faltimos jogos da Sele\u00e7\u00e3o Ol\u00edmpica. Tem bola para ser titular no ataque do escrete.<\/p>\n<p><strong>Neymar (Barcelona)<\/strong><br \/>\nDispensa coment\u00e1rios. E ainda deu uma boa not\u00edcia ao treinador: n\u00e3o quer mais ser o <a href=\"http:\/\/blogdoprosperi.com\/2016\/08\/19\/medalha-de-ouro-nao-vai-transformar-neymar-em-idolo-nacional\/\">capit\u00e3o da Sele\u00e7\u00e3o.<\/a><\/p>\n<p>Das \u00faltimas listas e apostas de Dunga, Ricardo Oliveira n\u00e3o foi lembrado por Tite. E David Luiz, preterido nas \u00faltimas convoca\u00e7\u00f5es, tamb\u00e9m n\u00e3o foi chamado agora.<\/p>\n<p><span class=\"alignnone\"><img data-recalc-dims=\"1\" loading=\"lazy\" decoding=\"async\" data-attachment-id=\"22566\" data-permalink=\"https:\/\/blogdoprosperi.com\/?attachment_id=22566\" data-orig-file=\"https:\/\/i0.wp.com\/blogdoprosperi.com\/wp-content\/uploads\/2016\/08\/841.jpg?fit=956%2C500&amp;ssl=1\" data-orig-size=\"956,500\" data-comments-opened=\"1\" data-image-meta=\"{&quot;aperture&quot;:&quot;0&quot;,&quot;credit&quot;:&quot;&quot;,&quot;camera&quot;:&quot;&quot;,&quot;caption&quot;:&quot;&quot;,&quot;created_timestamp&quot;:&quot;0&quot;,&quot;copyright&quot;:&quot;&quot;,&quot;focal_length&quot;:&quot;0&quot;,&quot;iso&quot;:&quot;0&quot;,&quot;shutter_speed&quot;:&quot;0&quot;,&quot;title&quot;:&quot;&quot;,&quot;orientation&quot;:&quot;0&quot;}\" data-image-title=\"84\" data-image-description=\"\" data-image-caption=\"\" data-large-file=\"https:\/\/i0.wp.com\/blogdoprosperi.com\/wp-content\/uploads\/2016\/08\/841.jpg?fit=940%2C492&amp;ssl=1\" class=\"alignnone size-full wp-image-22566\" src=\"https:\/\/i0.wp.com\/blogdoprosperi.com\/wp-content\/uploads\/2016\/08\/841.jpg?resize=940%2C492&#038;ssl=1\" alt=\"84\" width=\"940\" height=\"492\" \/><\/span><\/p>\n<p><span class=\"alignnone\"><img data-recalc-dims=\"1\" loading=\"lazy\" decoding=\"async\" data-attachment-id=\"22567\" data-permalink=\"https:\/\/blogdoprosperi.com\/?attachment_id=22567\" data-orig-file=\"https:\/\/i0.wp.com\/blogdoprosperi.com\/wp-content\/uploads\/2016\/08\/david_luiz_em_primeiro_jogo_pelo_psg1.jpg?fit=768%2C512&amp;ssl=1\" data-orig-size=\"768,512\" data-comments-opened=\"1\" data-image-meta=\"{&quot;aperture&quot;:&quot;0&quot;,&quot;credit&quot;:&quot;NurPhoto&quot;,&quot;camera&quot;:&quot;&quot;,&quot;caption&quot;:&quot;David Luiz celebrates victory during a soccer match between Napoli and Paris St. Germain, at the San Paolo stadium in Naples, Italy. (Photo by Marco Cantile\/NurPhoto)&quot;,&quot;created_timestamp&quot;:&quot;1407786514&quot;,&quot;copyright&quot;:&quot;&quot;,&quot;focal_length&quot;:&quot;0&quot;,&quot;iso&quot;:&quot;0&quot;,&quot;shutter_speed&quot;:&quot;0&quot;,&quot;title&quot;:&quot;Soccer match Napoli - Paris St. Germain&quot;,&quot;orientation&quot;:&quot;0&quot;}\" data-image-title=\"Soccer match Napoli &amp;#8211; Paris St. Germain\" data-image-description=\"\" data-image-caption=\"&lt;p&gt;David Luiz celebrates victory during a soccer match between Napoli and Paris St. Germain, at the San Paolo stadium in Naples, Italy. (Photo by Marco Cantile\/NurPhoto)&lt;\/p&gt;\n\" data-large-file=\"https:\/\/i0.wp.com\/blogdoprosperi.com\/wp-content\/uploads\/2016\/08\/david_luiz_em_primeiro_jogo_pelo_psg1.jpg?fit=768%2C512&amp;ssl=1\" class=\"alignnone size-full wp-image-22567\" src=\"https:\/\/i0.wp.com\/blogdoprosperi.com\/wp-content\/uploads\/2016\/08\/david_luiz_em_primeiro_jogo_pelo_psg1.jpg?resize=768%2C512&#038;ssl=1\" alt=\"Soccer match Napoli - Paris St. Germain\" width=\"768\" height=\"512\" \/><\/span><\/p>\n<p>Tite disse que jogadores machucados ou em processo de recupera\u00e7\u00e3o de les\u00f5es se auto-exclu\u00edram da convoca\u00e7\u00e3o e podem ser chamados na pr\u00f3xima em outubro. Casos do zagueiro Thiago Silva e do atacante Douglas Costa, entre outros. A conferir.<\/p>\n<p><span class=\"alignnone\"><img data-recalc-dims=\"1\" loading=\"lazy\" decoding=\"async\" data-attachment-id=\"22565\" data-permalink=\"https:\/\/blogdoprosperi.com\/?attachment_id=22565\" data-orig-file=\"https:\/\/i0.wp.com\/blogdoprosperi.com\/wp-content\/uploads\/2016\/08\/20160822114048_57bb0ef0479b41.jpg?fit=699%2C420&amp;ssl=1\" data-orig-size=\"699,420\" data-comments-opened=\"1\" data-image-meta=\"{&quot;aperture&quot;:&quot;0&quot;,&quot;credit&quot;:&quot;&quot;,&quot;camera&quot;:&quot;&quot;,&quot;caption&quot;:&quot;&quot;,&quot;created_timestamp&quot;:&quot;0&quot;,&quot;copyright&quot;:&quot;&quot;,&quot;focal_length&quot;:&quot;0&quot;,&quot;iso&quot;:&quot;0&quot;,&quot;shutter_speed&quot;:&quot;0&quot;,&quot;title&quot;:&quot;&quot;,&quot;orientation&quot;:&quot;0&quot;}\" data-image-title=\"20160822114048_57bb0ef0479b4\" data-image-description=\"\" data-image-caption=\"\" data-large-file=\"https:\/\/i0.wp.com\/blogdoprosperi.com\/wp-content\/uploads\/2016\/08\/20160822114048_57bb0ef0479b41.jpg?fit=699%2C420&amp;ssl=1\" class=\"alignnone size-full wp-image-22565\" src=\"https:\/\/i0.wp.com\/blogdoprosperi.com\/wp-content\/uploads\/2016\/08\/20160822114048_57bb0ef0479b41.jpg?resize=699%2C420&#038;ssl=1\" alt=\"20160822114048_57bb0ef0479b4\" width=\"699\" height=\"420\" \/><\/span><\/p>\n","protected":false},"excerpt":{"rendered":"<p>Tite surpreendeu em pelo menos tr\u00eas nomes na sua primeira convoca\u00e7\u00e3o da Sele\u00e7\u00e3o Brasileira. Os mais destacados foram [&hellip;]<\/p>\n","protected":false},"author":102107496,"featured_media":0,"comment_status":"open","ping_status":"open","sticky":false,"template":"","format":"standard","meta":{"_coblocks_attr":"","_coblocks_dimensions":"","_coblocks_responsive_height":"","_coblocks_accordion_ie_support":"","_jetpack_newsletter_access":"","_jetpack_dont_email_post_to_subs":false,"_jetpack_newsletter_tier_id":0,"_jetpack_memberships_contains_paywalled_content":false,"_wpcom_ai_launchpad_first_post":false,"_jetpack_feature_clip_id":0,"_jetpack_memberships_contains_paid_content":false,"footnotes":"","jetpack_publicize_message":"","jetpack_publicize_feature_enabled":true,"jetpack_social_post_already_shared":false,"jetpack_social_options":{"image_generator_settings":{"template":"highway","default_image_id":0,"font":"","enabled":false},"version":2},"jetpack_post_was_ever_published":false},"categories":[53870],"tags":[789560569,406159014,789560560,4112146,533134506,789560562,4793018,1814220],"class_list":["post-22443","post","type-post","status-publish","format-standard","hentry","category-futebol","tag-cbf","tag-eliminatorias-da-copa-de-2018","tag-futebol","tag-neymar","tag-paulinho-ex-corinthians","tag-selecao-brasileira","tag-taison","tag-tite"],"yoast_head":"<!-- This site is optimized with the Yoast SEO plugin v28.3 - https:\/\/yoast.com\/product\/yoast-seo-wordpress\/ -->\n<title>Veja an\u00e1lise dos 23 jogadores da primeira convoca\u00e7\u00e3o de Tite - PR\u00d3SPERI NEWS<\/title>\n<meta name=\"robots\" content=\"index, follow, max-snippet:-1, max-image-preview:large, max-video-preview:-1\" \/>\n<link rel=\"canonical\" href=\"https:\/\/blogdoprosperi.com\/?p=22443\" \/>\n<meta property=\"og:locale\" content=\"pt_BR\" \/>\n<meta property=\"og:type\" content=\"article\" \/>\n<meta property=\"og:title\" content=\"Veja an\u00e1lise dos 23 jogadores da primeira convoca\u00e7\u00e3o de Tite - PR\u00d3SPERI NEWS\" \/>\n<meta property=\"og:description\" content=\"Tite surpreendeu em pelo menos tr\u00eas nomes na sua primeira convoca\u00e7\u00e3o da Sele\u00e7\u00e3o Brasileira. Os mais destacados foram [&hellip;]\" \/>\n<meta property=\"og:url\" content=\"https:\/\/blogdoprosperi.com\/?p=22443\" \/>\n<meta property=\"og:site_name\" content=\"PR\u00d3SPERI NEWS\" \/>\n<meta property=\"article:publisher\" content=\"Luiz Pr\u00f3speri\" \/>\n<meta property=\"article:author\" content=\"Luiz Pr\u00f3speri\" \/>\n<meta property=\"article:published_time\" content=\"2016-08-22T19:12:47+00:00\" \/>\n<meta property=\"article:modified_time\" content=\"2016-08-23T19:02:56+00:00\" \/>\n<meta property=\"og:image\" content=\"https:\/\/blogdoprosperi.com\/wp-content\/uploads\/2016\/08\/485173680.jpg\" \/>\n<meta name=\"author\" content=\"Luiz Ant\u00f4nio Pr\u00f3speri\" \/>\n<meta name=\"twitter:card\" content=\"summary_large_image\" \/>\n<meta name=\"twitter:creator\" content=\"@Luizprosperi\" \/>\n<meta name=\"twitter:site\" content=\"@Luizprosperi\" \/>\n<meta name=\"twitter:label1\" content=\"Escrito por\" \/>\n\t<meta name=\"twitter:data1\" content=\"Luiz Ant\u00f4nio Pr\u00f3speri\" \/>\n\t<meta name=\"twitter:label2\" content=\"Est. tempo de leitura\" \/>\n\t<meta name=\"twitter:data2\" content=\"5 minutos\" \/>\n<script type=\"application\/ld+json\" class=\"yoast-schema-graph\">{\"@context\":\"https:\\\/\\\/schema.org\",\"@graph\":[{\"@type\":\"Article\",\"@id\":\"https:\\\/\\\/blogdoprosperi.com\\\/?p=22443#article\",\"isPartOf\":{\"@id\":\"https:\\\/\\\/blogdoprosperi.com\\\/?p=22443\"},\"author\":{\"name\":\"Luiz Ant\u00f4nio Pr\u00f3speri\",\"@id\":\"https:\\\/\\\/blogdoprosperi.com\\\/#\\\/schema\\\/person\\\/38100755ce3601861ee4fab9b5aa78e9\"},\"headline\":\"Veja an\u00e1lise dos 23 jogadores da primeira convoca\u00e7\u00e3o de Tite\",\"datePublished\":\"2016-08-22T19:12:47+00:00\",\"dateModified\":\"2016-08-23T19:02:56+00:00\",\"mainEntityOfPage\":{\"@id\":\"https:\\\/\\\/blogdoprosperi.com\\\/?p=22443\"},\"wordCount\":1020,\"commentCount\":3,\"publisher\":{\"@id\":\"https:\\\/\\\/blogdoprosperi.com\\\/#\\\/schema\\\/person\\\/38100755ce3601861ee4fab9b5aa78e9\"},\"image\":{\"@id\":\"https:\\\/\\\/blogdoprosperi.com\\\/?p=22443#primaryimage\"},\"thumbnailUrl\":\"https:\\\/\\\/blogdoprosperi.com\\\/wp-content\\\/uploads\\\/2016\\\/08\\\/485173680.jpg\",\"keywords\":[\"CBF\",\"Eliminat\u00f3rias da Copa de 2018\",\"futebol\",\"Neymar\",\"Paulinho ex-Corinthians\",\"Sele\u00e7\u00e3o Brasileira\",\"Taison\",\"Tite\"],\"articleSection\":[\"futebol\"],\"inLanguage\":\"pt-BR\",\"potentialAction\":[{\"@type\":\"CommentAction\",\"name\":\"Comment\",\"target\":[\"https:\\\/\\\/blogdoprosperi.com\\\/?p=22443#respond\"]}]},{\"@type\":\"WebPage\",\"@id\":\"https:\\\/\\\/blogdoprosperi.com\\\/?p=22443\",\"url\":\"https:\\\/\\\/blogdoprosperi.com\\\/?p=22443\",\"name\":\"Veja an\u00e1lise dos 23 jogadores da primeira convoca\u00e7\u00e3o de Tite - PR\u00d3SPERI NEWS\",\"isPartOf\":{\"@id\":\"https:\\\/\\\/blogdoprosperi.com\\\/#website\"},\"primaryImageOfPage\":{\"@id\":\"https:\\\/\\\/blogdoprosperi.com\\\/?p=22443#primaryimage\"},\"image\":{\"@id\":\"https:\\\/\\\/blogdoprosperi.com\\\/?p=22443#primaryimage\"},\"thumbnailUrl\":\"https:\\\/\\\/blogdoprosperi.com\\\/wp-content\\\/uploads\\\/2016\\\/08\\\/485173680.jpg\",\"datePublished\":\"2016-08-22T19:12:47+00:00\",\"dateModified\":\"2016-08-23T19:02:56+00:00\",\"breadcrumb\":{\"@id\":\"https:\\\/\\\/blogdoprosperi.com\\\/?p=22443#breadcrumb\"},\"inLanguage\":\"pt-BR\",\"potentialAction\":[{\"@type\":\"ReadAction\",\"target\":[\"https:\\\/\\\/blogdoprosperi.com\\\/?p=22443\"]}]},{\"@type\":\"ImageObject\",\"inLanguage\":\"pt-BR\",\"@id\":\"https:\\\/\\\/blogdoprosperi.com\\\/?p=22443#primaryimage\",\"url\":\"https:\\\/\\\/i0.wp.com\\\/blogdoprosperi.com\\\/wp-content\\\/uploads\\\/2016\\\/08\\\/485173680.jpg?fit=594%2C397&ssl=1\",\"contentUrl\":\"https:\\\/\\\/i0.wp.com\\\/blogdoprosperi.com\\\/wp-content\\\/uploads\\\/2016\\\/08\\\/485173680.jpg?fit=594%2C397&ssl=1\",\"width\":594,\"height\":397,\"caption\":\"KASHIWA, JAPAN - AUGUST 25: (CHINA OUT) Paulinho #48 of Guangzhou Evergrande celebrates after scoring his team's second goal during the AFC Champions League quarter-final football match between Kashiwa Reysol and Guangzhou Evergrande at Hitachi Kashiwa Soccer Stadium on August 25, 2015 in Kashiwa, Japan. (Photo by ChinaFotoPress\\\/ChinaFotoPress via Getty Images)\"},{\"@type\":\"BreadcrumbList\",\"@id\":\"https:\\\/\\\/blogdoprosperi.com\\\/?p=22443#breadcrumb\",\"itemListElement\":[{\"@type\":\"ListItem\",\"position\":1,\"name\":\"In\u00edcio\",\"item\":\"https:\\\/\\\/blogdoprosperi.com\\\/\"},{\"@type\":\"ListItem\",\"position\":2,\"name\":\"Veja an\u00e1lise dos 23 jogadores da primeira convoca\u00e7\u00e3o de Tite\"}]},{\"@type\":\"WebSite\",\"@id\":\"https:\\\/\\\/blogdoprosperi.com\\\/#website\",\"url\":\"https:\\\/\\\/blogdoprosperi.com\\\/\",\"name\":\"PR\u00d3SPERI NEWS\",\"description\":\"TUDO \u00c9  FUTEBOL\",\"publisher\":{\"@id\":\"https:\\\/\\\/blogdoprosperi.com\\\/#\\\/schema\\\/person\\\/38100755ce3601861ee4fab9b5aa78e9\"},\"alternateName\":\"blogdoprosperi.com\",\"potentialAction\":[{\"@type\":\"SearchAction\",\"target\":{\"@type\":\"EntryPoint\",\"urlTemplate\":\"https:\\\/\\\/blogdoprosperi.com\\\/?s={search_term_string}\"},\"query-input\":{\"@type\":\"PropertyValueSpecification\",\"valueRequired\":true,\"valueName\":\"search_term_string\"}}],\"inLanguage\":\"pt-BR\"},{\"@type\":[\"Person\",\"Organization\"],\"@id\":\"https:\\\/\\\/blogdoprosperi.com\\\/#\\\/schema\\\/person\\\/38100755ce3601861ee4fab9b5aa78e9\",\"name\":\"Luiz Ant\u00f4nio Pr\u00f3speri\",\"pronouns\":\"ele\",\"image\":{\"@type\":\"ImageObject\",\"inLanguage\":\"pt-BR\",\"@id\":\"https:\\\/\\\/i0.wp.com\\\/blogdoprosperi.com\\\/wp-content\\\/uploads\\\/2026\\\/05\\\/cropped-8059e613-6002-42fa-961e-8e275f575d71-2-5.jpg?fit=1360%2C931&ssl=1\",\"url\":\"https:\\\/\\\/i0.wp.com\\\/blogdoprosperi.com\\\/wp-content\\\/uploads\\\/2026\\\/05\\\/cropped-8059e613-6002-42fa-961e-8e275f575d71-2-5.jpg?fit=1360%2C931&ssl=1\",\"contentUrl\":\"https:\\\/\\\/i0.wp.com\\\/blogdoprosperi.com\\\/wp-content\\\/uploads\\\/2026\\\/05\\\/cropped-8059e613-6002-42fa-961e-8e275f575d71-2-5.jpg?fit=1360%2C931&ssl=1\",\"width\":1360,\"height\":931,\"caption\":\"Luiz Ant\u00f4nio Pr\u00f3speri\"},\"logo\":{\"@id\":\"https:\\\/\\\/i0.wp.com\\\/blogdoprosperi.com\\\/wp-content\\\/uploads\\\/2026\\\/05\\\/cropped-8059e613-6002-42fa-961e-8e275f575d71-2-5.jpg?fit=1360%2C931&ssl=1\"},\"description\":\"Jornalista com carreira dedicada ao esporte. Cobriu 9 Copas do Mundo in loco, 1990 na It\u00e1lia, 1994 nos EUA, 1998 na Fran\u00e7a, 2002 na Coreia do Sul e Jap\u00e3o, 2006 na Alemanha, 2010 na \u00c1frica do Sul, 2014 no Brasil, 2018 na R\u00fassia e 2022 no Qatar. Eurocopas, 1992 na Su\u00e9cia e 1996 na Inglaterra. Copa das Confedera\u00e7\u00f5es de 2005 na Alemanha e 2009 na \u00c1frica do Sul. Rep\u00f3rter e Editor, trabalhou no Jornal da Tarde e Estad\u00e3o, de 1984 a fevereiro de 2016. Colunista, blogueiro. E comentarista de futebol na R\u00e1dio Estad\u00e3o, de 2013 a fevereiro de 2016. Jornalista respons\u00e1vel do \\\"Pr\u00f3speri News\\\" (blogdoprosperi.com).\",\"sameAs\":[\"http:\\\/\\\/blogdoprosperi.com\",\"Luiz Pr\u00f3speri\",\"@luiz_prosperi\",\"https:\\\/\\\/x.com\\\/Luizprosperi\",\"@prosperinacopa\",\"luiz.prosperi@icloud.com\"],\"url\":\"https:\\\/\\\/blogdoprosperi.com\\\/?author=102107496\"}]}<\/script>\n<!-- \/ Yoast SEO plugin. -->","yoast_head_json":{"title":"Veja an\u00e1lise dos 23 jogadores da primeira convoca\u00e7\u00e3o de Tite - PR\u00d3SPERI NEWS","robots":{"index":"index","follow":"follow","max-snippet":"max-snippet:-1","max-image-preview":"max-image-preview:large","max-video-preview":"max-video-preview:-1"},"canonical":"https:\/\/blogdoprosperi.com\/?p=22443","og_locale":"pt_BR","og_type":"article","og_title":"Veja an\u00e1lise dos 23 jogadores da primeira convoca\u00e7\u00e3o de Tite - PR\u00d3SPERI NEWS","og_description":"Tite surpreendeu em pelo menos tr\u00eas nomes na sua primeira convoca\u00e7\u00e3o da Sele\u00e7\u00e3o Brasileira. Os mais destacados foram [&hellip;]","og_url":"https:\/\/blogdoprosperi.com\/?p=22443","og_site_name":"PR\u00d3SPERI NEWS","article_publisher":"Luiz Pr\u00f3speri","article_author":"Luiz Pr\u00f3speri","article_published_time":"2016-08-22T19:12:47+00:00","article_modified_time":"2016-08-23T19:02:56+00:00","og_image":[{"url":"https:\/\/blogdoprosperi.com\/wp-content\/uploads\/2016\/08\/485173680.jpg","type":"","width":"","height":""}],"author":"Luiz Ant\u00f4nio Pr\u00f3speri","twitter_card":"summary_large_image","twitter_creator":"@Luizprosperi","twitter_site":"@Luizprosperi","twitter_misc":{"Escrito por":"Luiz Ant\u00f4nio Pr\u00f3speri","Est. tempo de leitura":"5 minutos"},"schema":{"@context":"https:\/\/schema.org","@graph":[{"@type":"Article","@id":"https:\/\/blogdoprosperi.com\/?p=22443#article","isPartOf":{"@id":"https:\/\/blogdoprosperi.com\/?p=22443"},"author":{"name":"Luiz Ant\u00f4nio Pr\u00f3speri","@id":"https:\/\/blogdoprosperi.com\/#\/schema\/person\/38100755ce3601861ee4fab9b5aa78e9"},"headline":"Veja an\u00e1lise dos 23 jogadores da primeira convoca\u00e7\u00e3o de Tite","datePublished":"2016-08-22T19:12:47+00:00","dateModified":"2016-08-23T19:02:56+00:00","mainEntityOfPage":{"@id":"https:\/\/blogdoprosperi.com\/?p=22443"},"wordCount":1020,"commentCount":3,"publisher":{"@id":"https:\/\/blogdoprosperi.com\/#\/schema\/person\/38100755ce3601861ee4fab9b5aa78e9"},"image":{"@id":"https:\/\/blogdoprosperi.com\/?p=22443#primaryimage"},"thumbnailUrl":"https:\/\/blogdoprosperi.com\/wp-content\/uploads\/2016\/08\/485173680.jpg","keywords":["CBF","Eliminat\u00f3rias da Copa de 2018","futebol","Neymar","Paulinho ex-Corinthians","Sele\u00e7\u00e3o Brasileira","Taison","Tite"],"articleSection":["futebol"],"inLanguage":"pt-BR","potentialAction":[{"@type":"CommentAction","name":"Comment","target":["https:\/\/blogdoprosperi.com\/?p=22443#respond"]}]},{"@type":"WebPage","@id":"https:\/\/blogdoprosperi.com\/?p=22443","url":"https:\/\/blogdoprosperi.com\/?p=22443","name":"Veja an\u00e1lise dos 23 jogadores da primeira convoca\u00e7\u00e3o de Tite - PR\u00d3SPERI NEWS","isPartOf":{"@id":"https:\/\/blogdoprosperi.com\/#website"},"primaryImageOfPage":{"@id":"https:\/\/blogdoprosperi.com\/?p=22443#primaryimage"},"image":{"@id":"https:\/\/blogdoprosperi.com\/?p=22443#primaryimage"},"thumbnailUrl":"https:\/\/blogdoprosperi.com\/wp-content\/uploads\/2016\/08\/485173680.jpg","datePublished":"2016-08-22T19:12:47+00:00","dateModified":"2016-08-23T19:02:56+00:00","breadcrumb":{"@id":"https:\/\/blogdoprosperi.com\/?p=22443#breadcrumb"},"inLanguage":"pt-BR","potentialAction":[{"@type":"ReadAction","target":["https:\/\/blogdoprosperi.com\/?p=22443"]}]},{"@type":"ImageObject","inLanguage":"pt-BR","@id":"https:\/\/blogdoprosperi.com\/?p=22443#primaryimage","url":"https:\/\/i0.wp.com\/blogdoprosperi.com\/wp-content\/uploads\/2016\/08\/485173680.jpg?fit=594%2C397&ssl=1","contentUrl":"https:\/\/i0.wp.com\/blogdoprosperi.com\/wp-content\/uploads\/2016\/08\/485173680.jpg?fit=594%2C397&ssl=1","width":594,"height":397,"caption":"KASHIWA, JAPAN - AUGUST 25: (CHINA OUT) Paulinho #48 of Guangzhou Evergrande celebrates after scoring his team's second goal during the AFC Champions League quarter-final football match between Kashiwa Reysol and Guangzhou Evergrande at Hitachi Kashiwa Soccer Stadium on August 25, 2015 in Kashiwa, Japan. (Photo by ChinaFotoPress\/ChinaFotoPress via Getty Images)"},{"@type":"BreadcrumbList","@id":"https:\/\/blogdoprosperi.com\/?p=22443#breadcrumb","itemListElement":[{"@type":"ListItem","position":1,"name":"In\u00edcio","item":"https:\/\/blogdoprosperi.com\/"},{"@type":"ListItem","position":2,"name":"Veja an\u00e1lise dos 23 jogadores da primeira convoca\u00e7\u00e3o de Tite"}]},{"@type":"WebSite","@id":"https:\/\/blogdoprosperi.com\/#website","url":"https:\/\/blogdoprosperi.com\/","name":"PR\u00d3SPERI NEWS","description":"TUDO \u00c9  FUTEBOL","publisher":{"@id":"https:\/\/blogdoprosperi.com\/#\/schema\/person\/38100755ce3601861ee4fab9b5aa78e9"},"alternateName":"blogdoprosperi.com","potentialAction":[{"@type":"SearchAction","target":{"@type":"EntryPoint","urlTemplate":"https:\/\/blogdoprosperi.com\/?s={search_term_string}"},"query-input":{"@type":"PropertyValueSpecification","valueRequired":true,"valueName":"search_term_string"}}],"inLanguage":"pt-BR"},{"@type":["Person","Organization"],"@id":"https:\/\/blogdoprosperi.com\/#\/schema\/person\/38100755ce3601861ee4fab9b5aa78e9","name":"Luiz Ant\u00f4nio Pr\u00f3speri","pronouns":"ele","image":{"@type":"ImageObject","inLanguage":"pt-BR","@id":"https:\/\/i0.wp.com\/blogdoprosperi.com\/wp-content\/uploads\/2026\/05\/cropped-8059e613-6002-42fa-961e-8e275f575d71-2-5.jpg?fit=1360%2C931&ssl=1","url":"https:\/\/i0.wp.com\/blogdoprosperi.com\/wp-content\/uploads\/2026\/05\/cropped-8059e613-6002-42fa-961e-8e275f575d71-2-5.jpg?fit=1360%2C931&ssl=1","contentUrl":"https:\/\/i0.wp.com\/blogdoprosperi.com\/wp-content\/uploads\/2026\/05\/cropped-8059e613-6002-42fa-961e-8e275f575d71-2-5.jpg?fit=1360%2C931&ssl=1","width":1360,"height":931,"caption":"Luiz Ant\u00f4nio Pr\u00f3speri"},"logo":{"@id":"https:\/\/i0.wp.com\/blogdoprosperi.com\/wp-content\/uploads\/2026\/05\/cropped-8059e613-6002-42fa-961e-8e275f575d71-2-5.jpg?fit=1360%2C931&ssl=1"},"description":"Jornalista com carreira dedicada ao esporte. Cobriu 9 Copas do Mundo in loco, 1990 na It\u00e1lia, 1994 nos EUA, 1998 na Fran\u00e7a, 2002 na Coreia do Sul e Jap\u00e3o, 2006 na Alemanha, 2010 na \u00c1frica do Sul, 2014 no Brasil, 2018 na R\u00fassia e 2022 no Qatar. Eurocopas, 1992 na Su\u00e9cia e 1996 na Inglaterra. Copa das Confedera\u00e7\u00f5es de 2005 na Alemanha e 2009 na \u00c1frica do Sul. Rep\u00f3rter e Editor, trabalhou no Jornal da Tarde e Estad\u00e3o, de 1984 a fevereiro de 2016. Colunista, blogueiro. E comentarista de futebol na R\u00e1dio Estad\u00e3o, de 2013 a fevereiro de 2016. Jornalista respons\u00e1vel do \"Pr\u00f3speri News\" (blogdoprosperi.com).","sameAs":["http:\/\/blogdoprosperi.com","Luiz Pr\u00f3speri","@luiz_prosperi","https:\/\/x.com\/Luizprosperi","@prosperinacopa","luiz.prosperi@icloud.com"],"url":"https:\/\/blogdoprosperi.com\/?author=102107496"}]}},"jetpack_publicize_connections":[],"jetpack_likes_enabled":false,"jetpack_sharing_enabled":true,"jetpack_shortlink":"https:\/\/wp.me\/p7jvdk-5PZ","jetpack-related-posts":[{"id":22307,"url":"https:\/\/blogdoprosperi.com\/?p=22307","url_meta":{"origin":22443,"position":0},"title":"Tite promete Sele\u00e7\u00e3o no ataque e se rende aos garotos da medalha de ouro","author":"Luiz Ant\u00f4nio Pr\u00f3speri","date":"22 de agosto de 2016","format":false,"excerpt":"Tite deixou claro na sua primeira convoca\u00e7\u00e3o da Sele\u00e7\u00e3o Brasileira a promessa de montar um time voltado ao ataque. N\u00e3o deu detalhes, apenas ressaltou o projeto de liberar seis jogadores para atacar. E, mais importante, destacou um fato esquecido pelos \u00faltimos treinadores do escrete. \"\u00c9 preciso jogar bem e vencer\",\u2026","rel":"","context":"Em &quot;futebol&quot;","block_context":{"text":"futebol","link":"https:\/\/blogdoprosperi.com\/?cat=53870"},"img":{"alt_text":"","src":"https:\/\/i0.wp.com\/blogdoprosperi.com\/wp-content\/uploads\/2016\/08\/622_18bb6f30-67a6-3d28-b2c8-964ae9d090b6.jpg?resize=350%2C200","width":350,"height":200,"srcset":"https:\/\/i0.wp.com\/blogdoprosperi.com\/wp-content\/uploads\/2016\/08\/622_18bb6f30-67a6-3d28-b2c8-964ae9d090b6.jpg?resize=350%2C200 1x, https:\/\/i0.wp.com\/blogdoprosperi.com\/wp-content\/uploads\/2016\/08\/622_18bb6f30-67a6-3d28-b2c8-964ae9d090b6.jpg?resize=525%2C300 1.5x"},"classes":[]},{"id":37700,"url":"https:\/\/blogdoprosperi.com\/?p=37700","url_meta":{"origin":22443,"position":1},"title":"A insensatez de Tite","author":"Luiz Ant\u00f4nio Pr\u00f3speri","date":"10 de maio de 2019","format":false,"excerpt":"Tite estava na China quando Liverpool e Tottenham reviravam o mundo do futebol na Liga dos Campe\u00f5es em jogos na Inglaterra e Holanda nesta primeira semana de maio. Treinador da Sele\u00e7\u00e3o Brasileira atravessou o planeta para acompanhar in loco seus velhos conhecidos Paulinho e Renato Augusto nos jogos do\u00a0Guangzhou Evergrande\u2026","rel":"","context":"Em &quot;futebol&quot;","block_context":{"text":"futebol","link":"https:\/\/blogdoprosperi.com\/?cat=53870"},"img":{"alt_text":"","src":"https:\/\/i0.wp.com\/blogdoprosperi.com\/wp-content\/uploads\/2018\/07\/24159119.jpg?fit=700%2C466&ssl=1&resize=350%2C200","width":350,"height":200,"srcset":"https:\/\/i0.wp.com\/blogdoprosperi.com\/wp-content\/uploads\/2018\/07\/24159119.jpg?fit=700%2C466&ssl=1&resize=350%2C200 1x, https:\/\/i0.wp.com\/blogdoprosperi.com\/wp-content\/uploads\/2018\/07\/24159119.jpg?fit=700%2C466&ssl=1&resize=525%2C300 1.5x, https:\/\/i0.wp.com\/blogdoprosperi.com\/wp-content\/uploads\/2018\/07\/24159119.jpg?fit=700%2C466&ssl=1&resize=700%2C400 2x"},"classes":[]},{"id":25687,"url":"https:\/\/blogdoprosperi.com\/?p=25687","url_meta":{"origin":22443,"position":2},"title":"Tite acerta ao resgatar Thiago Silva, capit\u00e3o de Felip\u00e3o na Copa de 2014","author":"Luiz Ant\u00f4nio Pr\u00f3speri","date":"16 de setembro de 2016","format":false,"excerpt":"Tite resgatou Thiago Silva, capit\u00e3o do Brasil na Copa de 2014, ap\u00f3s um ano longe da Sele\u00e7\u00e3o. O zagueiro do PSG estava afastado desde a Copa Am\u00e9rica de 2015 no Chile por ter cometido um p\u00eanalti. Dunga n\u00e3o quis saber mais de Thiago Silva, apontado pelos europeus como um dos\u2026","rel":"","context":"Em &quot;Campeonato Brasileiro&quot;","block_context":{"text":"Campeonato Brasileiro","link":"https:\/\/blogdoprosperi.com\/?cat=355071"},"img":{"alt_text":"","src":"https:\/\/i0.wp.com\/blogdoprosperi.com\/wp-content\/uploads\/2016\/09\/manchester-city-fernandinho-comemora-aponta-torcida-480-getty.jpg?resize=350%2C200","width":350,"height":200,"srcset":"https:\/\/i0.wp.com\/blogdoprosperi.com\/wp-content\/uploads\/2016\/09\/manchester-city-fernandinho-comemora-aponta-torcida-480-getty.jpg?resize=350%2C200 1x, https:\/\/i0.wp.com\/blogdoprosperi.com\/wp-content\/uploads\/2016\/09\/manchester-city-fernandinho-comemora-aponta-torcida-480-getty.jpg?resize=525%2C300 1.5x"},"classes":[]},{"id":39468,"url":"https:\/\/blogdoprosperi.com\/?p=39468","url_meta":{"origin":22443,"position":3},"title":"O medo de Tite: repetir fracasso da Copa 2018","author":"Luiz Ant\u00f4nio Pr\u00f3speri","date":"9 de setembro de 2022","format":false,"excerpt":"Tite carrega o medo de novo fracasso na Copa, por isso n\u00e3o fecha grupo da Sele\u00e7\u00e3o que vai ao Qatar.","rel":"","context":"Em &quot;catar 2022&quot;","block_context":{"text":"catar 2022","link":"https:\/\/blogdoprosperi.com\/?cat=47094043"},"img":{"alt_text":"Tite volta, Neymar e Fiel sonham","src":"https:\/\/i0.wp.com\/blogdoprosperi.com\/wp-content\/uploads\/2019\/06\/tite-brasil-bolivia-copa-america-14062019_7vayb96nx9dm1s6fvpi6p480l.jpg?fit=1200%2C675&ssl=1&resize=350%2C200","width":350,"height":200,"srcset":"https:\/\/i0.wp.com\/blogdoprosperi.com\/wp-content\/uploads\/2019\/06\/tite-brasil-bolivia-copa-america-14062019_7vayb96nx9dm1s6fvpi6p480l.jpg?fit=1200%2C675&ssl=1&resize=350%2C200 1x, https:\/\/i0.wp.com\/blogdoprosperi.com\/wp-content\/uploads\/2019\/06\/tite-brasil-bolivia-copa-america-14062019_7vayb96nx9dm1s6fvpi6p480l.jpg?fit=1200%2C675&ssl=1&resize=525%2C300 1.5x, https:\/\/i0.wp.com\/blogdoprosperi.com\/wp-content\/uploads\/2019\/06\/tite-brasil-bolivia-copa-america-14062019_7vayb96nx9dm1s6fvpi6p480l.jpg?fit=1200%2C675&ssl=1&resize=700%2C400 2x, https:\/\/i0.wp.com\/blogdoprosperi.com\/wp-content\/uploads\/2019\/06\/tite-brasil-bolivia-copa-america-14062019_7vayb96nx9dm1s6fvpi6p480l.jpg?fit=1200%2C675&ssl=1&resize=1050%2C600 3x"},"classes":[]},{"id":23972,"url":"https:\/\/blogdoprosperi.com\/?p=23972","url_meta":{"origin":22443,"position":4},"title":"Tite estreia com vit\u00f3ria na Sele\u00e7\u00e3o e lan\u00e7a ao mundo um novo fen\u00f4meno do futebol brasileiro: Gabriel Jesus","author":"Luiz Ant\u00f4nio Pr\u00f3speri","date":"1 de setembro de 2016","format":false,"excerpt":"Quando dirigia o Corinthians Tite se impressionou com Gabriel Jesus, ainda na temporada de 2015. Em conversas reservadas repetia que o garoto do Palmeiras estava pronto, era diferente. Pep Guardiola, depois de sacramentada a contrata\u00e7\u00e3o do atacante pelo Manchester City, disse assim: \"Compramos gols, Jesus \u00e9 fazedor de gols\".\u00a0Na sua\u2026","rel":"","context":"Em &quot;futebol&quot;","block_context":{"text":"futebol","link":"https:\/\/blogdoprosperi.com\/?cat=53870"},"img":{"alt_text":"","src":"https:\/\/i0.wp.com\/blogdoprosperi.com\/wp-content\/uploads\/2016\/09\/brasil-x-equador-20160901-0017.jpg?resize=350%2C200&ssl=1","width":350,"height":200,"srcset":"https:\/\/i0.wp.com\/blogdoprosperi.com\/wp-content\/uploads\/2016\/09\/brasil-x-equador-20160901-0017.jpg?resize=350%2C200&ssl=1 1x, https:\/\/i0.wp.com\/blogdoprosperi.com\/wp-content\/uploads\/2016\/09\/brasil-x-equador-20160901-0017.jpg?resize=525%2C300&ssl=1 1.5x, https:\/\/i0.wp.com\/blogdoprosperi.com\/wp-content\/uploads\/2016\/09\/brasil-x-equador-20160901-0017.jpg?resize=700%2C400&ssl=1 2x, https:\/\/i0.wp.com\/blogdoprosperi.com\/wp-content\/uploads\/2016\/09\/brasil-x-equador-20160901-0017.jpg?resize=1050%2C600&ssl=1 3x, https:\/\/i0.wp.com\/blogdoprosperi.com\/wp-content\/uploads\/2016\/09\/brasil-x-equador-20160901-0017.jpg?resize=1400%2C800&ssl=1 4x"},"classes":[]},{"id":29457,"url":"https:\/\/blogdoprosperi.com\/?p=29457","url_meta":{"origin":22443,"position":5},"title":"O que faz Lucas Lima na Sele\u00e7\u00e3o Brasileira?","author":"Luiz Ant\u00f4nio Pr\u00f3speri","date":"21 de outubro de 2016","format":false,"excerpt":"Tite mandou um recado aos jogadores convocados por ele para os dois pr\u00f3ximos jogos da Sele\u00e7\u00e3o Brasileira - contra Argentina, dia 10\/11, e Peru, 15\/11, rodada das Eliminat\u00f3rias da Copa de 2018. \"Arrebentem em seus clubes\", disse o treinador. S\u00f3 assim, jogando muito em seus times, poder\u00e3o se manter no\u2026","rel":"","context":"Em &quot;futebol&quot;","block_context":{"text":"futebol","link":"https:\/\/blogdoprosperi.com\/?cat=53870"},"img":{"alt_text":"","src":"https:\/\/i0.wp.com\/blogdoprosperi.com\/wp-content\/uploads\/2016\/10\/589403158.jpg?resize=350%2C200&ssl=1","width":350,"height":200},"classes":[]}],"jetpack_featured_media_url":"","_links":{"self":[{"href":"https:\/\/blogdoprosperi.com\/index.php?rest_route=\/wp\/v2\/posts\/22443","targetHints":{"allow":["GET"]}}],"collection":[{"href":"https:\/\/blogdoprosperi.com\/index.php?rest_route=\/wp\/v2\/posts"}],"about":[{"href":"https:\/\/blogdoprosperi.com\/index.php?rest_route=\/wp\/v2\/types\/post"}],"author":[{"embeddable":true,"href":"https:\/\/blogdoprosperi.com\/index.php?rest_route=\/wp\/v2\/users\/102107496"}],"replies":[{"embeddable":true,"href":"https:\/\/blogdoprosperi.com\/index.php?rest_route=%2Fwp%2Fv2%2Fcomments&post=22443"}],"version-history":[{"count":25,"href":"https:\/\/blogdoprosperi.com\/index.php?rest_route=\/wp\/v2\/posts\/22443\/revisions"}],"predecessor-version":[{"id":22669,"href":"https:\/\/blogdoprosperi.com\/index.php?rest_route=\/wp\/v2\/posts\/22443\/revisions\/22669"}],"wp:attachment":[{"href":"https:\/\/blogdoprosperi.com\/index.php?rest_route=%2Fwp%2Fv2%2Fmedia&parent=22443"}],"wp:term":[{"taxonomy":"category","embeddable":true,"href":"https:\/\/blogdoprosperi.com\/index.php?rest_route=%2Fwp%2Fv2%2Fcategories&post=22443"},{"taxonomy":"post_tag","embeddable":true,"href":"https:\/\/blogdoprosperi.com\/index.php?rest_route=%2Fwp%2Fv2%2Ftags&post=22443"}],"curies":[{"name":"wp","href":"https:\/\/api.w.org\/{rel}","templated":true}]}}