{"id":22670,"date":"2016-08-23T23:45:11","date_gmt":"2016-08-24T02:45:11","guid":{"rendered":"http:\/\/blogdoprosperi.com\/?p=22670"},"modified":"2016-08-24T00:34:13","modified_gmt":"2016-08-24T03:34:13","slug":"a-culpa-que-o-futebol-nao-tem","status":"publish","type":"post","link":"https:\/\/blogdoprosperi.com\/?p=22670","title":{"rendered":"A culpa que o futebol n\u00e3o tem"},"content":{"rendered":"<p><span class=\"alignnone\"><img data-recalc-dims=\"1\" loading=\"lazy\" decoding=\"async\" data-attachment-id=\"22718\" data-permalink=\"https:\/\/blogdoprosperi.com\/?attachment_id=22718\" data-orig-file=\"https:\/\/i0.wp.com\/blogdoprosperi.com\/wp-content\/uploads\/2016\/08\/00914167.jpg?fit=3000%2C1997&amp;ssl=1\" data-orig-size=\"3000,1997\" data-comments-opened=\"1\" data-image-meta=\"{&quot;aperture&quot;:&quot;0&quot;,&quot;credit&quot;:&quot;&quot;,&quot;camera&quot;:&quot;&quot;,&quot;caption&quot;:&quot;&quot;,&quot;created_timestamp&quot;:&quot;0&quot;,&quot;copyright&quot;:&quot;&quot;,&quot;focal_length&quot;:&quot;0&quot;,&quot;iso&quot;:&quot;0&quot;,&quot;shutter_speed&quot;:&quot;0&quot;,&quot;title&quot;:&quot;&quot;,&quot;orientation&quot;:&quot;0&quot;}\" data-image-title=\"00914167\" data-image-description=\"\" data-image-caption=\"\" data-large-file=\"https:\/\/i0.wp.com\/blogdoprosperi.com\/wp-content\/uploads\/2016\/08\/00914167.jpg?fit=940%2C626&amp;ssl=1\" class=\"alignnone size-full wp-image-22718\" src=\"https:\/\/i0.wp.com\/blogdoprosperi.com\/wp-content\/uploads\/2016\/08\/00914167.jpg?resize=940%2C626&#038;ssl=1\" alt=\"00914167.jpg\" width=\"940\" height=\"626\" \/><\/span><\/p>\n<p>Gabriel Jesus voltou a treinar no Palmeiras nesta ter\u00e7a-feira, tr\u00eas dias ap\u00f3s a conquista da medalha de ouro no Maracan\u00e3. Levaram o menino de 19 anos, nascido no pobre Jardim Peri, na capital, a dar entrevista coletiva no clube. Inevit\u00e1vel a necessidade de extrair das entranhas do garoto a enorme diferen\u00e7a que separa o futebol de outros esportes no Brasil, dois dias depois do encerramento da <a href=\"http:\/\/blogdoprosperi.com\/2016\/08\/20\/futebol-brasileiro-se-ajoelha-aos-pes-de-neymar-e-chora-a-conquista-do-ouro\/\">Olimp\u00edada do Rio.<\/a><!--more--><\/p>\n<p>Entre outras perguntas, questionaram se sua cabe\u00e7a est\u00e1 no <a href=\"http:\/\/blogdoprosperi.com\/2016\/08\/03\/palmeiras-vende-gabriel-jesus-ao-manchester-city-por-r-124-milhoes\/\">Palmeiras ou no Manchester City<\/a>, clube que o comprou a menos de 15 dias pela bagatela de R$ 116 milh\u00f5es.<\/p>\n<p>Questionaram ainda se ele achava justo o pr\u00eamio de R$ 500 mil pago pela CBF a cada um dos jogadores medalha de ouro da <a href=\"http:\/\/blogdoprosperi.com\/2016\/08\/20\/futebol-brasileiro-se-ajoelha-aos-pes-de-neymar-e-chora-a-conquista-do-ouro\/\">Sele\u00e7\u00e3o Ol\u00edmpica de futebol<\/a>, valor bem mais alto do que o destinado a outros atletas de ouro no jud\u00f4, canoagem, atletismo, v\u00f4lei, valorosos brasileiros tamb\u00e9m medalhistas nos Jogos do Rio.<\/p>\n<p>Antes de tudo, questionamentos execr\u00e1veis. Que culpa tem Jesus de ser negociado por pouco menos de R$ 120 milh\u00f5es? Que culpa tem os jogadores agraciados com o milion\u00e1rio <a href=\"http:\/\/blogdoprosperi.com\/2016\/08\/19\/medalha-de-ouro-nao-vai-transformar-neymar-em-idolo-nacional\/\">pr\u00eamio pago pela CBF aos meninos medalhistas<\/a>?<\/p>\n<p><span class=\"alignnone\"><img data-recalc-dims=\"1\" loading=\"lazy\" decoding=\"async\" data-attachment-id=\"19354\" data-permalink=\"https:\/\/blogdoprosperi.com\/?attachment_id=19354\" data-orig-file=\"https:\/\/i0.wp.com\/blogdoprosperi.com\/wp-content\/uploads\/2016\/08\/jules-rimet.jpg?fit=620%2C465&amp;ssl=1\" data-orig-size=\"620,465\" data-comments-opened=\"1\" data-image-meta=\"{&quot;aperture&quot;:&quot;0&quot;,&quot;credit&quot;:&quot;&quot;,&quot;camera&quot;:&quot;&quot;,&quot;caption&quot;:&quot;&quot;,&quot;created_timestamp&quot;:&quot;0&quot;,&quot;copyright&quot;:&quot;&quot;,&quot;focal_length&quot;:&quot;0&quot;,&quot;iso&quot;:&quot;0&quot;,&quot;shutter_speed&quot;:&quot;0&quot;,&quot;title&quot;:&quot;&quot;,&quot;orientation&quot;:&quot;0&quot;}\" data-image-title=\"jules-rimet\" data-image-description=\"\" data-image-caption=\"\" data-large-file=\"https:\/\/i0.wp.com\/blogdoprosperi.com\/wp-content\/uploads\/2016\/08\/jules-rimet.jpg?fit=620%2C465&amp;ssl=1\" class=\"alignnone size-full wp-image-19354\" src=\"https:\/\/i0.wp.com\/blogdoprosperi.com\/wp-content\/uploads\/2016\/08\/jules-rimet.jpg?resize=620%2C465&#038;ssl=1\" alt=\"jules-rimet\" width=\"620\" height=\"465\" \/><\/span><\/p>\n<p>Que culpa tem o futebol por ter levado o ouro nos Jogos do Rio? Como bem diz o ex-jogador Z\u00e9 Elias, nesta ter\u00e7a-feira no programa Bola da Vez da ESPN ao lan\u00e7ar no ar: Que culpa tem o futebol brasileiro por Pel\u00e9 ter sido eleito o melhor de todos os tempos, o Rei?<\/p>\n<p>Diz mais o Z\u00e9 Elias. Quantos daqueles jogadores da Sele\u00e7\u00e3o Ol\u00edmpica n\u00e3o tiveram a mesma origem como teve a judoca <a href=\"http:\/\/blogdoprosperi.com\/2016\/08\/08\/rafaela-silva-coloca-o-brasil-aos-seus-pes\/\">Rafaela Silva<\/a>, nascida na comunidade miser\u00e1vel de nome Cidade de Deus no Rio de Janeiro?<\/p>\n<p><span class=\"alignnone\"><img data-recalc-dims=\"1\" loading=\"lazy\" decoding=\"async\" data-attachment-id=\"22434\" data-permalink=\"https:\/\/blogdoprosperi.com\/?attachment_id=22434\" data-orig-file=\"https:\/\/i0.wp.com\/blogdoprosperi.com\/wp-content\/uploads\/2016\/08\/pro-17.jpg?fit=2097%2C1398&amp;ssl=1\" data-orig-size=\"2097,1398\" data-comments-opened=\"1\" data-image-meta=\"{&quot;aperture&quot;:&quot;3.5&quot;,&quot;credit&quot;:&quot;&quot;,&quot;camera&quot;:&quot;Canon EOS-1D X&quot;,&quot;caption&quot;:&quot;&quot;,&quot;created_timestamp&quot;:&quot;1471726242&quot;,&quot;copyright&quot;:&quot;ALEX SILVA\/ESTADAO&quot;,&quot;focal_length&quot;:&quot;400&quot;,&quot;iso&quot;:&quot;1600&quot;,&quot;shutter_speed&quot;:&quot;0.0008&quot;,&quot;title&quot;:&quot;&quot;,&quot;orientation&quot;:&quot;1&quot;}\" data-image-title=\"PRO-17\" data-image-description=\"\" data-image-caption=\"\" data-large-file=\"https:\/\/i0.wp.com\/blogdoprosperi.com\/wp-content\/uploads\/2016\/08\/pro-17.jpg?fit=940%2C627&amp;ssl=1\" class=\"alignnone size-full wp-image-22434\" src=\"https:\/\/i0.wp.com\/blogdoprosperi.com\/wp-content\/uploads\/2016\/08\/pro-17.jpg?resize=940%2C627&#038;ssl=1\" alt=\"PRO-17\" width=\"940\" height=\"627\" \/><\/span><\/p>\n<p>O futebol n\u00e3o tem nada com isso. Os outros esportes ol\u00edmpicos precisam de aten\u00e7\u00e3o de quem vive deles, cabem a\u00ed atletas, gestores, governo, patrocinadores, m\u00eddia, empres\u00e1rios, torcedores e muitos que n\u00e3o se esfolam no ch\u00e3o e faturam boa grana em cima dessa mazela na p\u00e1tria das chuteiras.<\/p>\n<p>O futebol n\u00e3o tem culpa por ser o futebol no Brasil. O \u00eaxtase de gl\u00f3ria naquele s\u00e1bado \u00e0 tarde no Maracan\u00e3 e pa\u00eds afora com a pepita de ouro cavoucada na grama verde n\u00e3o \u00e9 fruto de um esporte privilegiado. O futebol nasceu como todos os outros esportes, a diferen\u00e7a \u00e9 a paix\u00e3o.<\/p>\n","protected":false},"excerpt":{"rendered":"<p>Gabriel Jesus voltou a treinar no Palmeiras nesta ter\u00e7a-feira, tr\u00eas dias ap\u00f3s a conquista da medalha de ouro [&hellip;]<\/p>\n","protected":false},"author":102107496,"featured_media":0,"comment_status":"open","ping_status":"open","sticky":false,"template":"","format":"standard","meta":{"_coblocks_attr":"","_coblocks_dimensions":"","_coblocks_responsive_height":"","_coblocks_accordion_ie_support":"","_jetpack_newsletter_access":"","_jetpack_dont_email_post_to_subs":false,"_jetpack_newsletter_tier_id":0,"_jetpack_memberships_contains_paywalled_content":false,"_wpcom_ai_launchpad_first_post":false,"_jetpack_feature_clip_id":0,"_jetpack_memberships_contains_paid_content":false,"footnotes":"","jetpack_publicize_message":"","jetpack_publicize_feature_enabled":true,"jetpack_social_post_already_shared":false,"jetpack_social_options":{"image_generator_settings":{"template":"highway","default_image_id":0,"font":"","enabled":false},"version":2},"jetpack_post_was_ever_published":false},"categories":[53870,77187843],"tags":[789560569,90475,789560560,6217,232826435,222804940,192540322,4672632],"class_list":["post-22670","post","type-post","status-publish","format-standard","hentry","category-futebol","category-olimpiada-do-rio","tag-cbf","tag-espn","tag-futebol","tag-futebol-brasileiro","tag-gabriel-jesus","tag-jogos-do-rio-2016","tag-olimpiada-do-rio-2016","tag-ze-elias"],"yoast_head":"<!-- This site is optimized with the Yoast SEO plugin v28.3 - https:\/\/yoast.com\/product\/yoast-seo-wordpress\/ -->\n<title>A culpa que o futebol n\u00e3o tem - PR\u00d3SPERI NEWS<\/title>\n<meta name=\"robots\" content=\"index, follow, max-snippet:-1, max-image-preview:large, max-video-preview:-1\" \/>\n<link rel=\"canonical\" href=\"https:\/\/blogdoprosperi.com\/?p=22670\" \/>\n<meta property=\"og:locale\" content=\"pt_BR\" \/>\n<meta property=\"og:type\" content=\"article\" \/>\n<meta property=\"og:title\" content=\"A culpa que o futebol n\u00e3o tem - PR\u00d3SPERI NEWS\" \/>\n<meta property=\"og:description\" content=\"Gabriel Jesus voltou a treinar no Palmeiras nesta ter\u00e7a-feira, tr\u00eas dias ap\u00f3s a conquista da medalha de ouro [&hellip;]\" \/>\n<meta property=\"og:url\" content=\"https:\/\/blogdoprosperi.com\/?p=22670\" \/>\n<meta property=\"og:site_name\" content=\"PR\u00d3SPERI NEWS\" \/>\n<meta property=\"article:publisher\" content=\"Luiz Pr\u00f3speri\" \/>\n<meta property=\"article:author\" content=\"Luiz Pr\u00f3speri\" \/>\n<meta property=\"article:published_time\" content=\"2016-08-24T02:45:11+00:00\" \/>\n<meta property=\"article:modified_time\" content=\"2016-08-24T03:34:13+00:00\" \/>\n<meta property=\"og:image\" content=\"https:\/\/blogdoprosperi.com\/wp-content\/uploads\/2016\/08\/00914167.jpg\" \/>\n<meta name=\"author\" content=\"Luiz Ant\u00f4nio Pr\u00f3speri\" \/>\n<meta name=\"twitter:card\" content=\"summary_large_image\" \/>\n<meta name=\"twitter:creator\" content=\"@Luizprosperi\" \/>\n<meta name=\"twitter:site\" content=\"@Luizprosperi\" \/>\n<meta name=\"twitter:label1\" content=\"Escrito por\" \/>\n\t<meta name=\"twitter:data1\" content=\"Luiz Ant\u00f4nio Pr\u00f3speri\" \/>\n\t<meta name=\"twitter:label2\" content=\"Est. tempo de leitura\" \/>\n\t<meta name=\"twitter:data2\" content=\"2 minutos\" \/>\n<script type=\"application\/ld+json\" class=\"yoast-schema-graph\">{\"@context\":\"https:\\\/\\\/schema.org\",\"@graph\":[{\"@type\":\"Article\",\"@id\":\"https:\\\/\\\/blogdoprosperi.com\\\/?p=22670#article\",\"isPartOf\":{\"@id\":\"https:\\\/\\\/blogdoprosperi.com\\\/?p=22670\"},\"author\":{\"name\":\"Luiz Ant\u00f4nio Pr\u00f3speri\",\"@id\":\"https:\\\/\\\/blogdoprosperi.com\\\/#\\\/schema\\\/person\\\/38100755ce3601861ee4fab9b5aa78e9\"},\"headline\":\"A culpa que o futebol n\u00e3o tem\",\"datePublished\":\"2016-08-24T02:45:11+00:00\",\"dateModified\":\"2016-08-24T03:34:13+00:00\",\"mainEntityOfPage\":{\"@id\":\"https:\\\/\\\/blogdoprosperi.com\\\/?p=22670\"},\"wordCount\":413,\"commentCount\":0,\"publisher\":{\"@id\":\"https:\\\/\\\/blogdoprosperi.com\\\/#\\\/schema\\\/person\\\/38100755ce3601861ee4fab9b5aa78e9\"},\"image\":{\"@id\":\"https:\\\/\\\/blogdoprosperi.com\\\/?p=22670#primaryimage\"},\"thumbnailUrl\":\"https:\\\/\\\/blogdoprosperi.com\\\/wp-content\\\/uploads\\\/2016\\\/08\\\/00914167.jpg\",\"keywords\":[\"CBF\",\"ESPN\",\"futebol\",\"Futebol brasileiro\",\"Gabriel Jesus\",\"Jogos do Rio 2016\",\"Olimp\u00edada do Rio-2016\",\"Z\u00e9 Elias\"],\"articleSection\":[\"futebol\",\"Olimp\u00edada do Rio\"],\"inLanguage\":\"pt-BR\",\"potentialAction\":[{\"@type\":\"CommentAction\",\"name\":\"Comment\",\"target\":[\"https:\\\/\\\/blogdoprosperi.com\\\/?p=22670#respond\"]}]},{\"@type\":\"WebPage\",\"@id\":\"https:\\\/\\\/blogdoprosperi.com\\\/?p=22670\",\"url\":\"https:\\\/\\\/blogdoprosperi.com\\\/?p=22670\",\"name\":\"A culpa que o futebol n\u00e3o tem - PR\u00d3SPERI NEWS\",\"isPartOf\":{\"@id\":\"https:\\\/\\\/blogdoprosperi.com\\\/#website\"},\"primaryImageOfPage\":{\"@id\":\"https:\\\/\\\/blogdoprosperi.com\\\/?p=22670#primaryimage\"},\"image\":{\"@id\":\"https:\\\/\\\/blogdoprosperi.com\\\/?p=22670#primaryimage\"},\"thumbnailUrl\":\"https:\\\/\\\/blogdoprosperi.com\\\/wp-content\\\/uploads\\\/2016\\\/08\\\/00914167.jpg\",\"datePublished\":\"2016-08-24T02:45:11+00:00\",\"dateModified\":\"2016-08-24T03:34:13+00:00\",\"breadcrumb\":{\"@id\":\"https:\\\/\\\/blogdoprosperi.com\\\/?p=22670#breadcrumb\"},\"inLanguage\":\"pt-BR\",\"potentialAction\":[{\"@type\":\"ReadAction\",\"target\":[\"https:\\\/\\\/blogdoprosperi.com\\\/?p=22670\"]}]},{\"@type\":\"ImageObject\",\"inLanguage\":\"pt-BR\",\"@id\":\"https:\\\/\\\/blogdoprosperi.com\\\/?p=22670#primaryimage\",\"url\":\"https:\\\/\\\/i0.wp.com\\\/blogdoprosperi.com\\\/wp-content\\\/uploads\\\/2016\\\/08\\\/00914167.jpg?fit=3000%2C1997&ssl=1\",\"contentUrl\":\"https:\\\/\\\/i0.wp.com\\\/blogdoprosperi.com\\\/wp-content\\\/uploads\\\/2016\\\/08\\\/00914167.jpg?fit=3000%2C1997&ssl=1\",\"width\":3000,\"height\":1997},{\"@type\":\"BreadcrumbList\",\"@id\":\"https:\\\/\\\/blogdoprosperi.com\\\/?p=22670#breadcrumb\",\"itemListElement\":[{\"@type\":\"ListItem\",\"position\":1,\"name\":\"In\u00edcio\",\"item\":\"https:\\\/\\\/blogdoprosperi.com\\\/\"},{\"@type\":\"ListItem\",\"position\":2,\"name\":\"A culpa que o futebol n\u00e3o tem\"}]},{\"@type\":\"WebSite\",\"@id\":\"https:\\\/\\\/blogdoprosperi.com\\\/#website\",\"url\":\"https:\\\/\\\/blogdoprosperi.com\\\/\",\"name\":\"PR\u00d3SPERI NEWS\",\"description\":\"TUDO \u00c9  FUTEBOL\",\"publisher\":{\"@id\":\"https:\\\/\\\/blogdoprosperi.com\\\/#\\\/schema\\\/person\\\/38100755ce3601861ee4fab9b5aa78e9\"},\"alternateName\":\"blogdoprosperi.com\",\"potentialAction\":[{\"@type\":\"SearchAction\",\"target\":{\"@type\":\"EntryPoint\",\"urlTemplate\":\"https:\\\/\\\/blogdoprosperi.com\\\/?s={search_term_string}\"},\"query-input\":{\"@type\":\"PropertyValueSpecification\",\"valueRequired\":true,\"valueName\":\"search_term_string\"}}],\"inLanguage\":\"pt-BR\"},{\"@type\":[\"Person\",\"Organization\"],\"@id\":\"https:\\\/\\\/blogdoprosperi.com\\\/#\\\/schema\\\/person\\\/38100755ce3601861ee4fab9b5aa78e9\",\"name\":\"Luiz Ant\u00f4nio Pr\u00f3speri\",\"pronouns\":\"ele\",\"image\":{\"@type\":\"ImageObject\",\"inLanguage\":\"pt-BR\",\"@id\":\"https:\\\/\\\/i0.wp.com\\\/blogdoprosperi.com\\\/wp-content\\\/uploads\\\/2026\\\/05\\\/cropped-8059e613-6002-42fa-961e-8e275f575d71-2-5.jpg?fit=1360%2C931&ssl=1\",\"url\":\"https:\\\/\\\/i0.wp.com\\\/blogdoprosperi.com\\\/wp-content\\\/uploads\\\/2026\\\/05\\\/cropped-8059e613-6002-42fa-961e-8e275f575d71-2-5.jpg?fit=1360%2C931&ssl=1\",\"contentUrl\":\"https:\\\/\\\/i0.wp.com\\\/blogdoprosperi.com\\\/wp-content\\\/uploads\\\/2026\\\/05\\\/cropped-8059e613-6002-42fa-961e-8e275f575d71-2-5.jpg?fit=1360%2C931&ssl=1\",\"width\":1360,\"height\":931,\"caption\":\"Luiz Ant\u00f4nio Pr\u00f3speri\"},\"logo\":{\"@id\":\"https:\\\/\\\/i0.wp.com\\\/blogdoprosperi.com\\\/wp-content\\\/uploads\\\/2026\\\/05\\\/cropped-8059e613-6002-42fa-961e-8e275f575d71-2-5.jpg?fit=1360%2C931&ssl=1\"},\"description\":\"Jornalista com carreira dedicada ao esporte. Cobriu 9 Copas do Mundo in loco, 1990 na It\u00e1lia, 1994 nos EUA, 1998 na Fran\u00e7a, 2002 na Coreia do Sul e Jap\u00e3o, 2006 na Alemanha, 2010 na \u00c1frica do Sul, 2014 no Brasil, 2018 na R\u00fassia e 2022 no Qatar. Eurocopas, 1992 na Su\u00e9cia e 1996 na Inglaterra. Copa das Confedera\u00e7\u00f5es de 2005 na Alemanha e 2009 na \u00c1frica do Sul. Rep\u00f3rter e Editor, trabalhou no Jornal da Tarde e Estad\u00e3o, de 1984 a fevereiro de 2016. Colunista, blogueiro. E comentarista de futebol na R\u00e1dio Estad\u00e3o, de 2013 a fevereiro de 2016. Jornalista respons\u00e1vel do \\\"Pr\u00f3speri News\\\" (blogdoprosperi.com).\",\"sameAs\":[\"http:\\\/\\\/blogdoprosperi.com\",\"Luiz Pr\u00f3speri\",\"@luiz_prosperi\",\"https:\\\/\\\/x.com\\\/Luizprosperi\",\"@prosperinacopa\",\"luiz.prosperi@icloud.com\"],\"url\":\"https:\\\/\\\/blogdoprosperi.com\\\/?author=102107496\"}]}<\/script>\n<!-- \/ Yoast SEO plugin. -->","yoast_head_json":{"title":"A culpa que o futebol n\u00e3o tem - PR\u00d3SPERI NEWS","robots":{"index":"index","follow":"follow","max-snippet":"max-snippet:-1","max-image-preview":"max-image-preview:large","max-video-preview":"max-video-preview:-1"},"canonical":"https:\/\/blogdoprosperi.com\/?p=22670","og_locale":"pt_BR","og_type":"article","og_title":"A culpa que o futebol n\u00e3o tem - PR\u00d3SPERI NEWS","og_description":"Gabriel Jesus voltou a treinar no Palmeiras nesta ter\u00e7a-feira, tr\u00eas dias ap\u00f3s a conquista da medalha de ouro [&hellip;]","og_url":"https:\/\/blogdoprosperi.com\/?p=22670","og_site_name":"PR\u00d3SPERI NEWS","article_publisher":"Luiz Pr\u00f3speri","article_author":"Luiz Pr\u00f3speri","article_published_time":"2016-08-24T02:45:11+00:00","article_modified_time":"2016-08-24T03:34:13+00:00","og_image":[{"url":"https:\/\/blogdoprosperi.com\/wp-content\/uploads\/2016\/08\/00914167.jpg","type":"","width":"","height":""}],"author":"Luiz Ant\u00f4nio Pr\u00f3speri","twitter_card":"summary_large_image","twitter_creator":"@Luizprosperi","twitter_site":"@Luizprosperi","twitter_misc":{"Escrito por":"Luiz Ant\u00f4nio Pr\u00f3speri","Est. tempo de leitura":"2 minutos"},"schema":{"@context":"https:\/\/schema.org","@graph":[{"@type":"Article","@id":"https:\/\/blogdoprosperi.com\/?p=22670#article","isPartOf":{"@id":"https:\/\/blogdoprosperi.com\/?p=22670"},"author":{"name":"Luiz Ant\u00f4nio Pr\u00f3speri","@id":"https:\/\/blogdoprosperi.com\/#\/schema\/person\/38100755ce3601861ee4fab9b5aa78e9"},"headline":"A culpa que o futebol n\u00e3o tem","datePublished":"2016-08-24T02:45:11+00:00","dateModified":"2016-08-24T03:34:13+00:00","mainEntityOfPage":{"@id":"https:\/\/blogdoprosperi.com\/?p=22670"},"wordCount":413,"commentCount":0,"publisher":{"@id":"https:\/\/blogdoprosperi.com\/#\/schema\/person\/38100755ce3601861ee4fab9b5aa78e9"},"image":{"@id":"https:\/\/blogdoprosperi.com\/?p=22670#primaryimage"},"thumbnailUrl":"https:\/\/blogdoprosperi.com\/wp-content\/uploads\/2016\/08\/00914167.jpg","keywords":["CBF","ESPN","futebol","Futebol brasileiro","Gabriel Jesus","Jogos do Rio 2016","Olimp\u00edada do Rio-2016","Z\u00e9 Elias"],"articleSection":["futebol","Olimp\u00edada do Rio"],"inLanguage":"pt-BR","potentialAction":[{"@type":"CommentAction","name":"Comment","target":["https:\/\/blogdoprosperi.com\/?p=22670#respond"]}]},{"@type":"WebPage","@id":"https:\/\/blogdoprosperi.com\/?p=22670","url":"https:\/\/blogdoprosperi.com\/?p=22670","name":"A culpa que o futebol n\u00e3o tem - PR\u00d3SPERI NEWS","isPartOf":{"@id":"https:\/\/blogdoprosperi.com\/#website"},"primaryImageOfPage":{"@id":"https:\/\/blogdoprosperi.com\/?p=22670#primaryimage"},"image":{"@id":"https:\/\/blogdoprosperi.com\/?p=22670#primaryimage"},"thumbnailUrl":"https:\/\/blogdoprosperi.com\/wp-content\/uploads\/2016\/08\/00914167.jpg","datePublished":"2016-08-24T02:45:11+00:00","dateModified":"2016-08-24T03:34:13+00:00","breadcrumb":{"@id":"https:\/\/blogdoprosperi.com\/?p=22670#breadcrumb"},"inLanguage":"pt-BR","potentialAction":[{"@type":"ReadAction","target":["https:\/\/blogdoprosperi.com\/?p=22670"]}]},{"@type":"ImageObject","inLanguage":"pt-BR","@id":"https:\/\/blogdoprosperi.com\/?p=22670#primaryimage","url":"https:\/\/i0.wp.com\/blogdoprosperi.com\/wp-content\/uploads\/2016\/08\/00914167.jpg?fit=3000%2C1997&ssl=1","contentUrl":"https:\/\/i0.wp.com\/blogdoprosperi.com\/wp-content\/uploads\/2016\/08\/00914167.jpg?fit=3000%2C1997&ssl=1","width":3000,"height":1997},{"@type":"BreadcrumbList","@id":"https:\/\/blogdoprosperi.com\/?p=22670#breadcrumb","itemListElement":[{"@type":"ListItem","position":1,"name":"In\u00edcio","item":"https:\/\/blogdoprosperi.com\/"},{"@type":"ListItem","position":2,"name":"A culpa que o futebol n\u00e3o tem"}]},{"@type":"WebSite","@id":"https:\/\/blogdoprosperi.com\/#website","url":"https:\/\/blogdoprosperi.com\/","name":"PR\u00d3SPERI NEWS","description":"TUDO \u00c9  FUTEBOL","publisher":{"@id":"https:\/\/blogdoprosperi.com\/#\/schema\/person\/38100755ce3601861ee4fab9b5aa78e9"},"alternateName":"blogdoprosperi.com","potentialAction":[{"@type":"SearchAction","target":{"@type":"EntryPoint","urlTemplate":"https:\/\/blogdoprosperi.com\/?s={search_term_string}"},"query-input":{"@type":"PropertyValueSpecification","valueRequired":true,"valueName":"search_term_string"}}],"inLanguage":"pt-BR"},{"@type":["Person","Organization"],"@id":"https:\/\/blogdoprosperi.com\/#\/schema\/person\/38100755ce3601861ee4fab9b5aa78e9","name":"Luiz Ant\u00f4nio Pr\u00f3speri","pronouns":"ele","image":{"@type":"ImageObject","inLanguage":"pt-BR","@id":"https:\/\/i0.wp.com\/blogdoprosperi.com\/wp-content\/uploads\/2026\/05\/cropped-8059e613-6002-42fa-961e-8e275f575d71-2-5.jpg?fit=1360%2C931&ssl=1","url":"https:\/\/i0.wp.com\/blogdoprosperi.com\/wp-content\/uploads\/2026\/05\/cropped-8059e613-6002-42fa-961e-8e275f575d71-2-5.jpg?fit=1360%2C931&ssl=1","contentUrl":"https:\/\/i0.wp.com\/blogdoprosperi.com\/wp-content\/uploads\/2026\/05\/cropped-8059e613-6002-42fa-961e-8e275f575d71-2-5.jpg?fit=1360%2C931&ssl=1","width":1360,"height":931,"caption":"Luiz Ant\u00f4nio Pr\u00f3speri"},"logo":{"@id":"https:\/\/i0.wp.com\/blogdoprosperi.com\/wp-content\/uploads\/2026\/05\/cropped-8059e613-6002-42fa-961e-8e275f575d71-2-5.jpg?fit=1360%2C931&ssl=1"},"description":"Jornalista com carreira dedicada ao esporte. Cobriu 9 Copas do Mundo in loco, 1990 na It\u00e1lia, 1994 nos EUA, 1998 na Fran\u00e7a, 2002 na Coreia do Sul e Jap\u00e3o, 2006 na Alemanha, 2010 na \u00c1frica do Sul, 2014 no Brasil, 2018 na R\u00fassia e 2022 no Qatar. Eurocopas, 1992 na Su\u00e9cia e 1996 na Inglaterra. Copa das Confedera\u00e7\u00f5es de 2005 na Alemanha e 2009 na \u00c1frica do Sul. Rep\u00f3rter e Editor, trabalhou no Jornal da Tarde e Estad\u00e3o, de 1984 a fevereiro de 2016. Colunista, blogueiro. E comentarista de futebol na R\u00e1dio Estad\u00e3o, de 2013 a fevereiro de 2016. Jornalista respons\u00e1vel do \"Pr\u00f3speri News\" (blogdoprosperi.com).","sameAs":["http:\/\/blogdoprosperi.com","Luiz Pr\u00f3speri","@luiz_prosperi","https:\/\/x.com\/Luizprosperi","@prosperinacopa","luiz.prosperi@icloud.com"],"url":"https:\/\/blogdoprosperi.com\/?author=102107496"}]}},"jetpack_publicize_connections":[],"jetpack_likes_enabled":false,"jetpack_sharing_enabled":true,"jetpack_shortlink":"https:\/\/wp.me\/p7jvdk-5TE","jetpack-related-posts":[{"id":16000,"url":"https:\/\/blogdoprosperi.com\/?p=16000","url_meta":{"origin":22670,"position":0},"title":"Clubes europeus atrapalham sele\u00e7\u00e3o brasileira ol\u00edmpica","author":"Luiz Ant\u00f4nio Pr\u00f3speri","date":"14 de julho de 2016","format":false,"excerpt":"Gabriel Jesus, Gabigol, Rodrigo Caio e Marquinhos t\u00eam propostas para trocar de clubes e negocia\u00e7\u00f5es podem se arrastar at\u00e9 Olimp\u00edada do Rio","rel":"","context":"Em &quot;futebol&quot;","block_context":{"text":"futebol","link":"https:\/\/blogdoprosperi.com\/?cat=53870"},"img":{"alt_text":"","src":"https:\/\/i0.wp.com\/blogdoprosperi.com\/wp-content\/uploads\/2016\/07\/selecao-brasileira-gabriel-jesus-480-fifa-divulgacao-1.jpg?resize=350%2C200","width":350,"height":200,"srcset":"https:\/\/i0.wp.com\/blogdoprosperi.com\/wp-content\/uploads\/2016\/07\/selecao-brasileira-gabriel-jesus-480-fifa-divulgacao-1.jpg?resize=350%2C200 1x, https:\/\/i0.wp.com\/blogdoprosperi.com\/wp-content\/uploads\/2016\/07\/selecao-brasileira-gabriel-jesus-480-fifa-divulgacao-1.jpg?resize=525%2C300 1.5x"},"classes":[]},{"id":18425,"url":"https:\/\/blogdoprosperi.com\/?p=18425","url_meta":{"origin":22670,"position":1},"title":"Sele\u00e7\u00e3o Brasileira Ol\u00edmpica vira um balc\u00e3o de neg\u00f3cios de jogadores","author":"Luiz Ant\u00f4nio Pr\u00f3speri","date":"1 de agosto de 2016","format":false,"excerpt":"Sele\u00e7\u00e3o Brasileira Ol\u00edmpica vai estrear na Olimp\u00edada do Rio nesta quinta-feira com muitos de seus jovens jogadores no balc\u00e3o de transfer\u00eancias aos clubes europeus. Neg\u00f3cios ultrapassam a casa dos 100 milh\u00f5es de euros (R$ 361 milh\u00f5es) e n\u00e3o ser\u00e3o conclu\u00eddos ainda nesta semana. O Brasil vai correr atr\u00e1s da medalha\u2026","rel":"","context":"Em &quot;futebol&quot;","block_context":{"text":"futebol","link":"https:\/\/blogdoprosperi.com\/?cat=53870"},"img":{"alt_text":"","src":"https:\/\/i0.wp.com\/blogdoprosperi.com\/wp-content\/uploads\/2016\/08\/rodriocaio.jpg?resize=350%2C200&ssl=1","width":350,"height":200,"srcset":"https:\/\/i0.wp.com\/blogdoprosperi.com\/wp-content\/uploads\/2016\/08\/rodriocaio.jpg?resize=350%2C200&ssl=1 1x, https:\/\/i0.wp.com\/blogdoprosperi.com\/wp-content\/uploads\/2016\/08\/rodriocaio.jpg?resize=525%2C300&ssl=1 1.5x"},"classes":[]},{"id":18684,"url":"https:\/\/blogdoprosperi.com\/?p=18684","url_meta":{"origin":22670,"position":2},"title":"Gabriel Jesus assina contrato de cinco anos com Manchester City e leva b\u00f4nus de R$ 17,3 milh\u00f5es","author":"Luiz Ant\u00f4nio Pr\u00f3speri","date":"3 de agosto de 2016","format":false,"excerpt":"Gabriel Jesus assinou contrato de cinco anos com Manchester City e se apresenta ao clube ingl\u00eas em dezembro, ao encerramento do Campeonato Brasileiro. No acordo, o jogador tem direito a um b\u00f4nus de 4,7 milh\u00f5es (R$ 17,3 milh\u00f5es) ao longo do seu contrato que contempla, entre outras conquistas, a Bola\u2026","rel":"","context":"Em &quot;futebol&quot;","block_context":{"text":"futebol","link":"https:\/\/blogdoprosperi.com\/?cat=53870"},"img":{"alt_text":"","src":"","width":0,"height":0},"classes":[]},{"id":18008,"url":"https:\/\/blogdoprosperi.com\/?p=18008","url_meta":{"origin":22670,"position":3},"title":"Palmeiras n\u00e3o vai se indispor com CBF por causa do drama de Fernando Prass","author":"Luiz Ant\u00f4nio Pr\u00f3speri","date":"30 de julho de 2016","format":false,"excerpt":"Fernando Prass seria o l\u00edder da Sele\u00e7\u00e3o Ol\u00edmpica a dividir com Neymar a responsabilidade de comandar os meninos na busca do ouro. Seria tamb\u00e9m avaliado por Tite na Olimp\u00edada do Rio, com boas possibilidades de ser o goleiro da sele\u00e7\u00e3o principal nas Eliminat\u00f3rias da Copa do Mundo de 2018. O\u2026","rel":"","context":"Em &quot;Campeonato Brasileiro&quot;","block_context":{"text":"Campeonato Brasileiro","link":"https:\/\/blogdoprosperi.com\/?cat=355071"},"img":{"alt_text":"","src":"https:\/\/i0.wp.com\/blogdoprosperi.com\/wp-content\/uploads\/2016\/07\/2016-925627216-201607251823552191_20160725.jpg?resize=350%2C200","width":350,"height":200,"srcset":"https:\/\/i0.wp.com\/blogdoprosperi.com\/wp-content\/uploads\/2016\/07\/2016-925627216-201607251823552191_20160725.jpg?resize=350%2C200 1x, https:\/\/i0.wp.com\/blogdoprosperi.com\/wp-content\/uploads\/2016\/07\/2016-925627216-201607251823552191_20160725.jpg?resize=525%2C300 1.5x"},"classes":[]},{"id":33693,"url":"https:\/\/blogdoprosperi.com\/?p=33693","url_meta":{"origin":22670,"position":4},"title":"Gabigol no inferno, Gabriel Jesus no c\u00e9u","author":"Luiz Ant\u00f4nio Pr\u00f3speri","date":"7 de dezembro de 2016","format":false,"excerpt":"Gabriel Jesus se despediu do Palmeiras nesta quarta-feira (07\/12). Vai embora campe\u00e3o brasileiro e ao encontro de Pep Guardiola, um dos treinadores mais badalados do mundo, no Manchester City. Ao mesmo tempo do adeus do menino ao Palestra, na It\u00e1lia a imprensa noticia o prov\u00e1vel empr\u00e9stimo de Gabigol por parte\u2026","rel":"","context":"Em &quot;futebol&quot;","block_context":{"text":"futebol","link":"https:\/\/blogdoprosperi.com\/?cat=53870"},"img":{"alt_text":"","src":"https:\/\/i0.wp.com\/blogdoprosperi.com\/wp-content\/uploads\/2016\/12\/622_c3d4d4f5-d569-3c7a-930c-b9501e809a1b.jpg?resize=350%2C200&ssl=1","width":350,"height":200,"srcset":"https:\/\/i0.wp.com\/blogdoprosperi.com\/wp-content\/uploads\/2016\/12\/622_c3d4d4f5-d569-3c7a-930c-b9501e809a1b.jpg?resize=350%2C200&ssl=1 1x, https:\/\/i0.wp.com\/blogdoprosperi.com\/wp-content\/uploads\/2016\/12\/622_c3d4d4f5-d569-3c7a-930c-b9501e809a1b.jpg?resize=525%2C300&ssl=1 1.5x"},"classes":[]},{"id":30292,"url":"https:\/\/blogdoprosperi.com\/?p=30292","url_meta":{"origin":22670,"position":5},"title":"Cuca n\u00e3o tem tempo para recuperar Gabriel Jesus","author":"Luiz Ant\u00f4nio Pr\u00f3speri","date":"30 de outubro de 2016","format":false,"excerpt":"Cuca assumiu o compromisso p\u00fablico de recuperar o futebol de Gabriel Jesus, ap\u00f3s derrota (1 a 0) diante do Santos s\u00e1bado na Vila. Disse que esta \u00e9 uma de suas miss\u00f5es na reta final do Campeonato Brasileiro - restam cinco rodadas. N\u00e3o parece uma tarefa f\u00e1cil. Treinador do Palmeiras n\u00e3o\u2026","rel":"","context":"Em &quot;Campeonato Brasileiro&quot;","block_context":{"text":"Campeonato Brasileiro","link":"https:\/\/blogdoprosperi.com\/?cat=355071"},"img":{"alt_text":"pro3-22","src":"https:\/\/i0.wp.com\/blogdoprosperi.com\/wp-content\/uploads\/2016\/10\/pro3-22.jpg?resize=350%2C200&ssl=1","width":350,"height":200,"srcset":"https:\/\/i0.wp.com\/blogdoprosperi.com\/wp-content\/uploads\/2016\/10\/pro3-22.jpg?resize=350%2C200&ssl=1 1x, https:\/\/i0.wp.com\/blogdoprosperi.com\/wp-content\/uploads\/2016\/10\/pro3-22.jpg?resize=525%2C300&ssl=1 1.5x, https:\/\/i0.wp.com\/blogdoprosperi.com\/wp-content\/uploads\/2016\/10\/pro3-22.jpg?resize=700%2C400&ssl=1 2x, https:\/\/i0.wp.com\/blogdoprosperi.com\/wp-content\/uploads\/2016\/10\/pro3-22.jpg?resize=1050%2C600&ssl=1 3x, https:\/\/i0.wp.com\/blogdoprosperi.com\/wp-content\/uploads\/2016\/10\/pro3-22.jpg?resize=1400%2C800&ssl=1 4x"},"classes":[]}],"jetpack_featured_media_url":"","_links":{"self":[{"href":"https:\/\/blogdoprosperi.com\/index.php?rest_route=\/wp\/v2\/posts\/22670","targetHints":{"allow":["GET"]}}],"collection":[{"href":"https:\/\/blogdoprosperi.com\/index.php?rest_route=\/wp\/v2\/posts"}],"about":[{"href":"https:\/\/blogdoprosperi.com\/index.php?rest_route=\/wp\/v2\/types\/post"}],"author":[{"embeddable":true,"href":"https:\/\/blogdoprosperi.com\/index.php?rest_route=\/wp\/v2\/users\/102107496"}],"replies":[{"embeddable":true,"href":"https:\/\/blogdoprosperi.com\/index.php?rest_route=%2Fwp%2Fv2%2Fcomments&post=22670"}],"version-history":[{"count":25,"href":"https:\/\/blogdoprosperi.com\/index.php?rest_route=\/wp\/v2\/posts\/22670\/revisions"}],"predecessor-version":[{"id":22726,"href":"https:\/\/blogdoprosperi.com\/index.php?rest_route=\/wp\/v2\/posts\/22670\/revisions\/22726"}],"wp:attachment":[{"href":"https:\/\/blogdoprosperi.com\/index.php?rest_route=%2Fwp%2Fv2%2Fmedia&parent=22670"}],"wp:term":[{"taxonomy":"category","embeddable":true,"href":"https:\/\/blogdoprosperi.com\/index.php?rest_route=%2Fwp%2Fv2%2Fcategories&post=22670"},{"taxonomy":"post_tag","embeddable":true,"href":"https:\/\/blogdoprosperi.com\/index.php?rest_route=%2Fwp%2Fv2%2Ftags&post=22670"}],"curies":[{"name":"wp","href":"https:\/\/api.w.org\/{rel}","templated":true}]}}