{"id":22799,"date":"2016-08-24T21:54:03","date_gmt":"2016-08-25T00:54:03","guid":{"rendered":"http:\/\/blogdoprosperi.com\/?p=22799"},"modified":"2016-08-24T22:01:25","modified_gmt":"2016-08-25T01:01:25","slug":"santos-se-desconcentra-e-sofre-castigo-do-vasco-na-copa-do-brasil","status":"publish","type":"post","link":"https:\/\/blogdoprosperi.com\/?p=22799","title":{"rendered":"Santos se desconcentra e sofre castigo do Vasco na Copa do Brasil"},"content":{"rendered":"<p><span class=\"alignnone\"><img data-recalc-dims=\"1\" loading=\"lazy\" decoding=\"async\" data-attachment-id=\"22866\" data-permalink=\"https:\/\/blogdoprosperi.com\/?attachment_id=22866\" data-orig-file=\"https:\/\/i0.wp.com\/blogdoprosperi.com\/wp-content\/uploads\/2016\/08\/frm20160824297_gqd7xlq.jpg?fit=640%2C360&amp;ssl=1\" data-orig-size=\"640,360\" data-comments-opened=\"1\" data-image-meta=\"{&quot;aperture&quot;:&quot;0&quot;,&quot;credit&quot;:&quot;&quot;,&quot;camera&quot;:&quot;&quot;,&quot;caption&quot;:&quot;&quot;,&quot;created_timestamp&quot;:&quot;0&quot;,&quot;copyright&quot;:&quot;&quot;,&quot;focal_length&quot;:&quot;0&quot;,&quot;iso&quot;:&quot;0&quot;,&quot;shutter_speed&quot;:&quot;0&quot;,&quot;title&quot;:&quot;&quot;,&quot;orientation&quot;:&quot;0&quot;}\" data-image-title=\"frm20160824297_gQd7xlQ\" data-image-description=\"\" data-image-caption=\"\" data-large-file=\"https:\/\/i0.wp.com\/blogdoprosperi.com\/wp-content\/uploads\/2016\/08\/frm20160824297_gqd7xlq.jpg?fit=640%2C360&amp;ssl=1\" class=\"alignnone size-full wp-image-22866\" src=\"https:\/\/i0.wp.com\/blogdoprosperi.com\/wp-content\/uploads\/2016\/08\/frm20160824297_gqd7xlq.jpg?resize=640%2C360&#038;ssl=1\" alt=\"frm20160824297_gQd7xlQ\" width=\"640\" height=\"360\" \/><\/span><\/p>\n<p>Santos \u00e9 time de S\u00e9rie A e o Vasco \u00e9 de S\u00e9rie B. Essa diferen\u00e7a de status por si s\u00f3 j\u00e1 dava ao dono da casa amplo favoritismo na abertura das oitavas de final da Copa do Brasil na Vila Belmiro, nesta noite de quarta-feira (24\/8). N\u00e3o fosse apenas por esse detalhe, era imposs\u00edvel exigir do time carioca algo de surpreendente, ainda mais com sua estrat\u00e9gia covarde de apenas se defender. Resultado: levou um esfrega de 3 a 1 e no jogo da volta, dia 21 de setembro, em S\u00e3o Janu\u00e1rio, ter\u00e1 de vencer por 2 a 0 para avan\u00e7ar \u00e0s quartas de final.<\/p>\n<p>Em jogos com essa caracter\u00edstica n\u00e3o \u00e9 dif\u00edcil imaginar a vit\u00f3ria de quem pensa em atacar contra um advers\u00e1rio sem repert\u00f3rio, com um meio-campo alquebrado pela idade &#8211; caso de Rodriguinho, Andrezinho e Jorge Henrique -, e medroso.<\/p>\n<p>Santos foi ativo em busca dos gols na tentativa de liquidar o jogo o mais r\u00e1pido poss\u00edvel contra um Vasco acanhado sem entender como marcar. Saiu na frente, com dois gols de bola parada, obras de Renato e Ricardo Oliveira, no primeiro tempo e perdeu outros dois. Levou apenas um susto, em falha coletiva da zaga, e por pouco n\u00e3o sofreu gol de Andrezinho, que mostrou rara incompet\u00eancia na hora de abater o goleiro Vanderlei.<\/p>\n<p>No segundo tempo, o jogo foi paralisado por alguns minutos. Jogadores sentiram os efeitos do g\u00e1s pimenta despejado pela Pol\u00edcia Militar fora do est\u00e1dio na tentativa de conter mais uma batalha entre torcedores de Santos e Vasco.<\/p>\n<div class=\"jetpack-video-wrapper\"><span class=\"embed-youtube\" style=\"text-align:center; display: block;\"><iframe loading=\"lazy\" class=\"youtube-player\" width=\"560\" height=\"315\" src=\"https:\/\/www.youtube.com\/embed\/via3hM0fP2k?version=3&#038;rel=1&#038;showsearch=0&#038;showinfo=1&#038;iv_load_policy=1&#038;fs=1&#038;hl=pt-BR&#038;autohide=2&#038;wmode=transparent\" allowfullscreen=\"true\" style=\"border:0;\" sandbox=\"allow-scripts allow-same-origin allow-popups allow-presentation allow-popups-to-escape-sandbox\"><\/iframe><\/span><\/div>\n<p>No campo, ap\u00f3s o rein\u00edcio da partida, o time carioca ainda insistiu em segurar o dono da casa e beliscar um gol salvador para jogar com mais folga no Rio. Durou apenas 20 minutos. Em passe excelente de Renato, Lucas Lima fez o terceiro gol santista.<\/p>\n<p>O gol foi um pr\u00eamio \u00e0 boa atua\u00e7\u00e3o de Lucas Lima, o l\u00edder t\u00e9cnico do time santista. E serviu tamb\u00e9m para marcar diferen\u00e7a em rela\u00e7\u00e3o a Nen\u00ea, centro de gravidade do Vasco, que n\u00e3o apareceu em nenhum momento do jogo.<\/p>\n<p>Enquanto Lucas Lima cravava seu gol, fora da Vila Belmiro a Pol\u00edcia Militar sofria barbaridade para acabar com o confronto entre torcedores.<\/p>\n<p>Ao sofrer o terceiro gol, Jorginho optou pela correria com a entrada de Pikachu e Eder Luis. Era o que restava. E funcionou pela insist\u00eancia. Nos acr\u00e9scimos, Eder Luis fez o gol que recoloca o Vasco na disputa por vaga nas quartas-final. Precisa vencer o jogo de volta por 2 a 0. Um duro castigo ao Santos que se desconcentrou no \u00faltimo minuto e deixou de pulverizar o advers\u00e1rio.<\/p>\n<p><strong>FICHA DO JOGO<\/strong><\/p>\n<p><strong>Santos 3 x 1 Vasco<\/strong><\/p>\n<p><strong>Gols<\/strong>: Renato, aos 30; Ricardo Oliveira, aos 36 minutos do primeiro tempo; Lucas Lima, aos 20; e Eder Luis, aos 50 minutos do segundo tempo.<\/p>\n<p><strong>Santos:<\/strong> Vanderlei, Victor Ferraz, Luiz Felipe, Gustavo Henrique e Zeca; Thiago Maia, Renato e Lucas Limas (Leo Citadini); Gabriel (Copete), Ricardo Oliveira e Vitor Bueno. <strong>T\u00e9cnico:<\/strong> Dorival J\u00fanior<\/p>\n<p><strong>Vasco:<\/strong> Mart\u00edn Silva, Madson, Luan, Rodrigo, Julio Cesar; Diguinho, William (Yago Pikachu), Andrezinho e Jorge Henrique; Nen\u00ea \u00a0(Eder Luis) e Ederson. <strong>T\u00e9cnico:<\/strong> Jorginho<\/p>\n<p><strong>Juiz:<\/strong> Heber Roberto Lopes<br \/>\n<strong>Cart\u00f5es amarelos:<\/strong> Lucas Lima, Madson, Diguinho<br \/>\n<strong>Local:<\/strong> Vila Belmiro<\/p>\n","protected":false},"excerpt":{"rendered":"<p>Santos \u00e9 time de S\u00e9rie A e o Vasco \u00e9 de S\u00e9rie B. Essa diferen\u00e7a de status por [&hellip;]<\/p>\n","protected":false},"author":102107496,"featured_media":0,"comment_status":"open","ping_status":"open","sticky":false,"template":"","format":"standard","meta":{"_coblocks_attr":"","_coblocks_dimensions":"","_coblocks_responsive_height":"","_coblocks_accordion_ie_support":"","_jetpack_newsletter_access":"","_jetpack_dont_email_post_to_subs":false,"_jetpack_newsletter_tier_id":0,"_jetpack_memberships_contains_paywalled_content":false,"_wpcom_ai_launchpad_first_post":false,"_jetpack_feature_clip_id":0,"_jetpack_memberships_contains_paid_content":false,"footnotes":"","jetpack_publicize_message":"","jetpack_publicize_feature_enabled":true,"jetpack_social_post_already_shared":false,"jetpack_social_options":{"image_generator_settings":{"template":"highway","default_image_id":0,"font":"","enabled":false},"version":2},"jetpack_post_was_ever_published":false},"categories":[53870],"tags":[789560570,2788195,789560560,7202411],"class_list":["post-22799","post","type-post","status-publish","format-standard","hentry","category-futebol","tag-copa-do-brasil","tag-eder-luis","tag-futebol","tag-lucas-lima"],"yoast_head":"<!-- This site is optimized with the Yoast SEO plugin v28.3 - https:\/\/yoast.com\/product\/yoast-seo-wordpress\/ -->\n<title>Santos se desconcentra e sofre castigo do Vasco na Copa do Brasil - PR\u00d3SPERI NEWS<\/title>\n<meta name=\"robots\" content=\"index, follow, max-snippet:-1, max-image-preview:large, max-video-preview:-1\" \/>\n<link rel=\"canonical\" href=\"https:\/\/blogdoprosperi.com\/?p=22799\" \/>\n<meta property=\"og:locale\" content=\"pt_BR\" \/>\n<meta property=\"og:type\" content=\"article\" \/>\n<meta property=\"og:title\" content=\"Santos se desconcentra e sofre castigo do Vasco na Copa do Brasil - PR\u00d3SPERI NEWS\" \/>\n<meta property=\"og:description\" content=\"Santos \u00e9 time de S\u00e9rie A e o Vasco \u00e9 de S\u00e9rie B. Essa diferen\u00e7a de status por [&hellip;]\" \/>\n<meta property=\"og:url\" content=\"https:\/\/blogdoprosperi.com\/?p=22799\" \/>\n<meta property=\"og:site_name\" content=\"PR\u00d3SPERI NEWS\" \/>\n<meta property=\"article:publisher\" content=\"Luiz Pr\u00f3speri\" \/>\n<meta property=\"article:author\" content=\"Luiz Pr\u00f3speri\" \/>\n<meta property=\"article:published_time\" content=\"2016-08-25T00:54:03+00:00\" \/>\n<meta property=\"article:modified_time\" content=\"2016-08-25T01:01:25+00:00\" \/>\n<meta property=\"og:image\" content=\"https:\/\/blogdoprosperi.com\/wp-content\/uploads\/2016\/08\/frm20160824297_gqd7xlq.jpg\" \/>\n<meta name=\"author\" content=\"Luiz Ant\u00f4nio Pr\u00f3speri\" \/>\n<meta name=\"twitter:card\" content=\"summary_large_image\" \/>\n<meta name=\"twitter:creator\" content=\"@Luizprosperi\" \/>\n<meta name=\"twitter:site\" content=\"@Luizprosperi\" \/>\n<meta name=\"twitter:label1\" content=\"Escrito por\" \/>\n\t<meta name=\"twitter:data1\" content=\"Luiz Ant\u00f4nio Pr\u00f3speri\" \/>\n\t<meta name=\"twitter:label2\" content=\"Est. tempo de leitura\" \/>\n\t<meta name=\"twitter:data2\" content=\"3 minutos\" \/>\n<script type=\"application\/ld+json\" class=\"yoast-schema-graph\">{\"@context\":\"https:\\\/\\\/schema.org\",\"@graph\":[{\"@type\":\"Article\",\"@id\":\"https:\\\/\\\/blogdoprosperi.com\\\/?p=22799#article\",\"isPartOf\":{\"@id\":\"https:\\\/\\\/blogdoprosperi.com\\\/?p=22799\"},\"author\":{\"name\":\"Luiz Ant\u00f4nio Pr\u00f3speri\",\"@id\":\"https:\\\/\\\/blogdoprosperi.com\\\/#\\\/schema\\\/person\\\/38100755ce3601861ee4fab9b5aa78e9\"},\"headline\":\"Santos se desconcentra e sofre castigo do Vasco na Copa do Brasil\",\"datePublished\":\"2016-08-25T00:54:03+00:00\",\"dateModified\":\"2016-08-25T01:01:25+00:00\",\"mainEntityOfPage\":{\"@id\":\"https:\\\/\\\/blogdoprosperi.com\\\/?p=22799\"},\"wordCount\":575,\"commentCount\":2,\"publisher\":{\"@id\":\"https:\\\/\\\/blogdoprosperi.com\\\/#\\\/schema\\\/person\\\/38100755ce3601861ee4fab9b5aa78e9\"},\"image\":{\"@id\":\"https:\\\/\\\/blogdoprosperi.com\\\/?p=22799#primaryimage\"},\"thumbnailUrl\":\"https:\\\/\\\/blogdoprosperi.com\\\/wp-content\\\/uploads\\\/2016\\\/08\\\/frm20160824297_gqd7xlq.jpg\",\"keywords\":[\"Copa do Brasil\",\"eder Luis\",\"futebol\",\"Lucas Lima\"],\"articleSection\":[\"futebol\"],\"inLanguage\":\"pt-BR\",\"potentialAction\":[{\"@type\":\"CommentAction\",\"name\":\"Comment\",\"target\":[\"https:\\\/\\\/blogdoprosperi.com\\\/?p=22799#respond\"]}]},{\"@type\":\"WebPage\",\"@id\":\"https:\\\/\\\/blogdoprosperi.com\\\/?p=22799\",\"url\":\"https:\\\/\\\/blogdoprosperi.com\\\/?p=22799\",\"name\":\"Santos se desconcentra e sofre castigo do Vasco na Copa do Brasil - PR\u00d3SPERI NEWS\",\"isPartOf\":{\"@id\":\"https:\\\/\\\/blogdoprosperi.com\\\/#website\"},\"primaryImageOfPage\":{\"@id\":\"https:\\\/\\\/blogdoprosperi.com\\\/?p=22799#primaryimage\"},\"image\":{\"@id\":\"https:\\\/\\\/blogdoprosperi.com\\\/?p=22799#primaryimage\"},\"thumbnailUrl\":\"https:\\\/\\\/blogdoprosperi.com\\\/wp-content\\\/uploads\\\/2016\\\/08\\\/frm20160824297_gqd7xlq.jpg\",\"datePublished\":\"2016-08-25T00:54:03+00:00\",\"dateModified\":\"2016-08-25T01:01:25+00:00\",\"breadcrumb\":{\"@id\":\"https:\\\/\\\/blogdoprosperi.com\\\/?p=22799#breadcrumb\"},\"inLanguage\":\"pt-BR\",\"potentialAction\":[{\"@type\":\"ReadAction\",\"target\":[\"https:\\\/\\\/blogdoprosperi.com\\\/?p=22799\"]}]},{\"@type\":\"ImageObject\",\"inLanguage\":\"pt-BR\",\"@id\":\"https:\\\/\\\/blogdoprosperi.com\\\/?p=22799#primaryimage\",\"url\":\"https:\\\/\\\/i0.wp.com\\\/blogdoprosperi.com\\\/wp-content\\\/uploads\\\/2016\\\/08\\\/frm20160824297_gqd7xlq.jpg?fit=640%2C360&ssl=1\",\"contentUrl\":\"https:\\\/\\\/i0.wp.com\\\/blogdoprosperi.com\\\/wp-content\\\/uploads\\\/2016\\\/08\\\/frm20160824297_gqd7xlq.jpg?fit=640%2C360&ssl=1\",\"width\":640,\"height\":360},{\"@type\":\"BreadcrumbList\",\"@id\":\"https:\\\/\\\/blogdoprosperi.com\\\/?p=22799#breadcrumb\",\"itemListElement\":[{\"@type\":\"ListItem\",\"position\":1,\"name\":\"In\u00edcio\",\"item\":\"https:\\\/\\\/blogdoprosperi.com\\\/\"},{\"@type\":\"ListItem\",\"position\":2,\"name\":\"Santos se desconcentra e sofre castigo do Vasco na Copa do Brasil\"}]},{\"@type\":\"WebSite\",\"@id\":\"https:\\\/\\\/blogdoprosperi.com\\\/#website\",\"url\":\"https:\\\/\\\/blogdoprosperi.com\\\/\",\"name\":\"PR\u00d3SPERI NEWS\",\"description\":\"TUDO \u00c9  FUTEBOL\",\"publisher\":{\"@id\":\"https:\\\/\\\/blogdoprosperi.com\\\/#\\\/schema\\\/person\\\/38100755ce3601861ee4fab9b5aa78e9\"},\"alternateName\":\"blogdoprosperi.com\",\"potentialAction\":[{\"@type\":\"SearchAction\",\"target\":{\"@type\":\"EntryPoint\",\"urlTemplate\":\"https:\\\/\\\/blogdoprosperi.com\\\/?s={search_term_string}\"},\"query-input\":{\"@type\":\"PropertyValueSpecification\",\"valueRequired\":true,\"valueName\":\"search_term_string\"}}],\"inLanguage\":\"pt-BR\"},{\"@type\":[\"Person\",\"Organization\"],\"@id\":\"https:\\\/\\\/blogdoprosperi.com\\\/#\\\/schema\\\/person\\\/38100755ce3601861ee4fab9b5aa78e9\",\"name\":\"Luiz Ant\u00f4nio Pr\u00f3speri\",\"pronouns\":\"ele\",\"image\":{\"@type\":\"ImageObject\",\"inLanguage\":\"pt-BR\",\"@id\":\"https:\\\/\\\/i0.wp.com\\\/blogdoprosperi.com\\\/wp-content\\\/uploads\\\/2026\\\/05\\\/cropped-8059e613-6002-42fa-961e-8e275f575d71-2-5.jpg?fit=1360%2C931&ssl=1\",\"url\":\"https:\\\/\\\/i0.wp.com\\\/blogdoprosperi.com\\\/wp-content\\\/uploads\\\/2026\\\/05\\\/cropped-8059e613-6002-42fa-961e-8e275f575d71-2-5.jpg?fit=1360%2C931&ssl=1\",\"contentUrl\":\"https:\\\/\\\/i0.wp.com\\\/blogdoprosperi.com\\\/wp-content\\\/uploads\\\/2026\\\/05\\\/cropped-8059e613-6002-42fa-961e-8e275f575d71-2-5.jpg?fit=1360%2C931&ssl=1\",\"width\":1360,\"height\":931,\"caption\":\"Luiz Ant\u00f4nio Pr\u00f3speri\"},\"logo\":{\"@id\":\"https:\\\/\\\/i0.wp.com\\\/blogdoprosperi.com\\\/wp-content\\\/uploads\\\/2026\\\/05\\\/cropped-8059e613-6002-42fa-961e-8e275f575d71-2-5.jpg?fit=1360%2C931&ssl=1\"},\"description\":\"Jornalista com carreira dedicada ao esporte. Cobriu 9 Copas do Mundo in loco, 1990 na It\u00e1lia, 1994 nos EUA, 1998 na Fran\u00e7a, 2002 na Coreia do Sul e Jap\u00e3o, 2006 na Alemanha, 2010 na \u00c1frica do Sul, 2014 no Brasil, 2018 na R\u00fassia e 2022 no Qatar. Eurocopas, 1992 na Su\u00e9cia e 1996 na Inglaterra. Copa das Confedera\u00e7\u00f5es de 2005 na Alemanha e 2009 na \u00c1frica do Sul. Rep\u00f3rter e Editor, trabalhou no Jornal da Tarde e Estad\u00e3o, de 1984 a fevereiro de 2016. Colunista, blogueiro. E comentarista de futebol na R\u00e1dio Estad\u00e3o, de 2013 a fevereiro de 2016. Jornalista respons\u00e1vel do \\\"Pr\u00f3speri News\\\" (blogdoprosperi.com).\",\"sameAs\":[\"http:\\\/\\\/blogdoprosperi.com\",\"Luiz Pr\u00f3speri\",\"@luiz_prosperi\",\"https:\\\/\\\/x.com\\\/Luizprosperi\",\"@prosperinacopa\",\"luiz.prosperi@icloud.com\"],\"url\":\"https:\\\/\\\/blogdoprosperi.com\\\/?author=102107496\"}]}<\/script>\n<!-- \/ Yoast SEO plugin. -->","yoast_head_json":{"title":"Santos se desconcentra e sofre castigo do Vasco na Copa do Brasil - PR\u00d3SPERI NEWS","robots":{"index":"index","follow":"follow","max-snippet":"max-snippet:-1","max-image-preview":"max-image-preview:large","max-video-preview":"max-video-preview:-1"},"canonical":"https:\/\/blogdoprosperi.com\/?p=22799","og_locale":"pt_BR","og_type":"article","og_title":"Santos se desconcentra e sofre castigo do Vasco na Copa do Brasil - PR\u00d3SPERI NEWS","og_description":"Santos \u00e9 time de S\u00e9rie A e o Vasco \u00e9 de S\u00e9rie B. Essa diferen\u00e7a de status por [&hellip;]","og_url":"https:\/\/blogdoprosperi.com\/?p=22799","og_site_name":"PR\u00d3SPERI NEWS","article_publisher":"Luiz Pr\u00f3speri","article_author":"Luiz Pr\u00f3speri","article_published_time":"2016-08-25T00:54:03+00:00","article_modified_time":"2016-08-25T01:01:25+00:00","og_image":[{"url":"https:\/\/blogdoprosperi.com\/wp-content\/uploads\/2016\/08\/frm20160824297_gqd7xlq.jpg","type":"","width":"","height":""}],"author":"Luiz Ant\u00f4nio Pr\u00f3speri","twitter_card":"summary_large_image","twitter_creator":"@Luizprosperi","twitter_site":"@Luizprosperi","twitter_misc":{"Escrito por":"Luiz Ant\u00f4nio Pr\u00f3speri","Est. tempo de leitura":"3 minutos"},"schema":{"@context":"https:\/\/schema.org","@graph":[{"@type":"Article","@id":"https:\/\/blogdoprosperi.com\/?p=22799#article","isPartOf":{"@id":"https:\/\/blogdoprosperi.com\/?p=22799"},"author":{"name":"Luiz Ant\u00f4nio Pr\u00f3speri","@id":"https:\/\/blogdoprosperi.com\/#\/schema\/person\/38100755ce3601861ee4fab9b5aa78e9"},"headline":"Santos se desconcentra e sofre castigo do Vasco na Copa do Brasil","datePublished":"2016-08-25T00:54:03+00:00","dateModified":"2016-08-25T01:01:25+00:00","mainEntityOfPage":{"@id":"https:\/\/blogdoprosperi.com\/?p=22799"},"wordCount":575,"commentCount":2,"publisher":{"@id":"https:\/\/blogdoprosperi.com\/#\/schema\/person\/38100755ce3601861ee4fab9b5aa78e9"},"image":{"@id":"https:\/\/blogdoprosperi.com\/?p=22799#primaryimage"},"thumbnailUrl":"https:\/\/blogdoprosperi.com\/wp-content\/uploads\/2016\/08\/frm20160824297_gqd7xlq.jpg","keywords":["Copa do Brasil","eder Luis","futebol","Lucas Lima"],"articleSection":["futebol"],"inLanguage":"pt-BR","potentialAction":[{"@type":"CommentAction","name":"Comment","target":["https:\/\/blogdoprosperi.com\/?p=22799#respond"]}]},{"@type":"WebPage","@id":"https:\/\/blogdoprosperi.com\/?p=22799","url":"https:\/\/blogdoprosperi.com\/?p=22799","name":"Santos se desconcentra e sofre castigo do Vasco na Copa do Brasil - PR\u00d3SPERI NEWS","isPartOf":{"@id":"https:\/\/blogdoprosperi.com\/#website"},"primaryImageOfPage":{"@id":"https:\/\/blogdoprosperi.com\/?p=22799#primaryimage"},"image":{"@id":"https:\/\/blogdoprosperi.com\/?p=22799#primaryimage"},"thumbnailUrl":"https:\/\/blogdoprosperi.com\/wp-content\/uploads\/2016\/08\/frm20160824297_gqd7xlq.jpg","datePublished":"2016-08-25T00:54:03+00:00","dateModified":"2016-08-25T01:01:25+00:00","breadcrumb":{"@id":"https:\/\/blogdoprosperi.com\/?p=22799#breadcrumb"},"inLanguage":"pt-BR","potentialAction":[{"@type":"ReadAction","target":["https:\/\/blogdoprosperi.com\/?p=22799"]}]},{"@type":"ImageObject","inLanguage":"pt-BR","@id":"https:\/\/blogdoprosperi.com\/?p=22799#primaryimage","url":"https:\/\/i0.wp.com\/blogdoprosperi.com\/wp-content\/uploads\/2016\/08\/frm20160824297_gqd7xlq.jpg?fit=640%2C360&ssl=1","contentUrl":"https:\/\/i0.wp.com\/blogdoprosperi.com\/wp-content\/uploads\/2016\/08\/frm20160824297_gqd7xlq.jpg?fit=640%2C360&ssl=1","width":640,"height":360},{"@type":"BreadcrumbList","@id":"https:\/\/blogdoprosperi.com\/?p=22799#breadcrumb","itemListElement":[{"@type":"ListItem","position":1,"name":"In\u00edcio","item":"https:\/\/blogdoprosperi.com\/"},{"@type":"ListItem","position":2,"name":"Santos se desconcentra e sofre castigo do Vasco na Copa do Brasil"}]},{"@type":"WebSite","@id":"https:\/\/blogdoprosperi.com\/#website","url":"https:\/\/blogdoprosperi.com\/","name":"PR\u00d3SPERI NEWS","description":"TUDO \u00c9  FUTEBOL","publisher":{"@id":"https:\/\/blogdoprosperi.com\/#\/schema\/person\/38100755ce3601861ee4fab9b5aa78e9"},"alternateName":"blogdoprosperi.com","potentialAction":[{"@type":"SearchAction","target":{"@type":"EntryPoint","urlTemplate":"https:\/\/blogdoprosperi.com\/?s={search_term_string}"},"query-input":{"@type":"PropertyValueSpecification","valueRequired":true,"valueName":"search_term_string"}}],"inLanguage":"pt-BR"},{"@type":["Person","Organization"],"@id":"https:\/\/blogdoprosperi.com\/#\/schema\/person\/38100755ce3601861ee4fab9b5aa78e9","name":"Luiz Ant\u00f4nio Pr\u00f3speri","pronouns":"ele","image":{"@type":"ImageObject","inLanguage":"pt-BR","@id":"https:\/\/i0.wp.com\/blogdoprosperi.com\/wp-content\/uploads\/2026\/05\/cropped-8059e613-6002-42fa-961e-8e275f575d71-2-5.jpg?fit=1360%2C931&ssl=1","url":"https:\/\/i0.wp.com\/blogdoprosperi.com\/wp-content\/uploads\/2026\/05\/cropped-8059e613-6002-42fa-961e-8e275f575d71-2-5.jpg?fit=1360%2C931&ssl=1","contentUrl":"https:\/\/i0.wp.com\/blogdoprosperi.com\/wp-content\/uploads\/2026\/05\/cropped-8059e613-6002-42fa-961e-8e275f575d71-2-5.jpg?fit=1360%2C931&ssl=1","width":1360,"height":931,"caption":"Luiz Ant\u00f4nio Pr\u00f3speri"},"logo":{"@id":"https:\/\/i0.wp.com\/blogdoprosperi.com\/wp-content\/uploads\/2026\/05\/cropped-8059e613-6002-42fa-961e-8e275f575d71-2-5.jpg?fit=1360%2C931&ssl=1"},"description":"Jornalista com carreira dedicada ao esporte. Cobriu 9 Copas do Mundo in loco, 1990 na It\u00e1lia, 1994 nos EUA, 1998 na Fran\u00e7a, 2002 na Coreia do Sul e Jap\u00e3o, 2006 na Alemanha, 2010 na \u00c1frica do Sul, 2014 no Brasil, 2018 na R\u00fassia e 2022 no Qatar. Eurocopas, 1992 na Su\u00e9cia e 1996 na Inglaterra. Copa das Confedera\u00e7\u00f5es de 2005 na Alemanha e 2009 na \u00c1frica do Sul. Rep\u00f3rter e Editor, trabalhou no Jornal da Tarde e Estad\u00e3o, de 1984 a fevereiro de 2016. Colunista, blogueiro. E comentarista de futebol na R\u00e1dio Estad\u00e3o, de 2013 a fevereiro de 2016. Jornalista respons\u00e1vel do \"Pr\u00f3speri News\" (blogdoprosperi.com).","sameAs":["http:\/\/blogdoprosperi.com","Luiz Pr\u00f3speri","@luiz_prosperi","https:\/\/x.com\/Luizprosperi","@prosperinacopa","luiz.prosperi@icloud.com"],"url":"https:\/\/blogdoprosperi.com\/?author=102107496"}]}},"jetpack_publicize_connections":[],"jetpack_likes_enabled":false,"jetpack_sharing_enabled":true,"jetpack_shortlink":"https:\/\/wp.me\/p7jvdk-5VJ","jetpack-related-posts":[{"id":47341,"url":"https:\/\/blogdoprosperi.com\/?p=47341","url_meta":{"origin":22799,"position":0},"title":"Paulistas x Cariocas | Palmeiras Vem Sozinho Contra o Rio","author":"Luiz Ant\u00f4nio Pr\u00f3speri","date":"7 de janeiro de 2025","format":false,"excerpt":"Luiz Ant\u00f4nio Pr\u00f3speri \u2013 7 janeiro (13h35) \u2013 Futebol paulista perde terreno na rivalidade contra os cariocas. A batalha da bola anda desigual. Do lado de S\u00e3o Paulo, apenas o Palmeiras faz frente aos oponentes do Rio. E n\u00e3o ser\u00e1 muito diferente na temporada de 2025. Cabe um alerta: ningu\u00e9m\u2026","rel":"","context":"Em &quot;futebol&quot;","block_context":{"text":"futebol","link":"https:\/\/blogdoprosperi.com\/?cat=53870"},"img":{"alt_text":"Paulistas x Cariocas","src":"https:\/\/i0.wp.com\/blogdoprosperi.com\/wp-content\/uploads\/2025\/01\/captura-de-tela-2025-01-07-as-14.12.26.png?fit=1092%2C828&ssl=1&resize=350%2C200","width":350,"height":200,"srcset":"https:\/\/i0.wp.com\/blogdoprosperi.com\/wp-content\/uploads\/2025\/01\/captura-de-tela-2025-01-07-as-14.12.26.png?fit=1092%2C828&ssl=1&resize=350%2C200 1x, https:\/\/i0.wp.com\/blogdoprosperi.com\/wp-content\/uploads\/2025\/01\/captura-de-tela-2025-01-07-as-14.12.26.png?fit=1092%2C828&ssl=1&resize=525%2C300 1.5x, https:\/\/i0.wp.com\/blogdoprosperi.com\/wp-content\/uploads\/2025\/01\/captura-de-tela-2025-01-07-as-14.12.26.png?fit=1092%2C828&ssl=1&resize=700%2C400 2x, https:\/\/i0.wp.com\/blogdoprosperi.com\/wp-content\/uploads\/2025\/01\/captura-de-tela-2025-01-07-as-14.12.26.png?fit=1092%2C828&ssl=1&resize=1050%2C600 3x"},"classes":[]},{"id":61993,"url":"https:\/\/blogdoprosperi.com\/?p=61993","url_meta":{"origin":22799,"position":1},"title":"Copa do Brasil | Quartas de Final: conhe\u00e7a os confrontos e favoritos a chegar nas semifinais","author":"Luiz Ant\u00f4nio Pr\u00f3speri","date":"11 de agosto de 2026","format":false,"excerpt":"Luiz Antonio Pr\u00f3speri \u2013 11 agosto 2026 (12h19) Sorteio da Copa do Brasil define confrontos das quartas de final. Teremos tr\u00eas cl\u00e1ssicos regionais com chaveamento mais favor\u00e1vel a Palmeiras e Cruzeiro at\u00e9 a final a ser disputada em jogo \u00fanico. Premia\u00e7\u00e3o ao campe\u00e3o \u00e9 de R$ 78 milh\u00f5es. De acordo\u2026","rel":"","context":"Em &quot;Copa do Brasil&quot;","block_context":{"text":"Copa do Brasil","link":"https:\/\/blogdoprosperi.com\/?cat=821950"},"img":{"alt_text":"","src":"https:\/\/i0.wp.com\/blogdoprosperi.com\/wp-content\/uploads\/2026\/08\/Captura-de-Tela-2026-08-11-as-12.23.59.png?fit=1200%2C803&ssl=1&resize=350%2C200","width":350,"height":200,"srcset":"https:\/\/i0.wp.com\/blogdoprosperi.com\/wp-content\/uploads\/2026\/08\/Captura-de-Tela-2026-08-11-as-12.23.59.png?fit=1200%2C803&ssl=1&resize=350%2C200 1x, https:\/\/i0.wp.com\/blogdoprosperi.com\/wp-content\/uploads\/2026\/08\/Captura-de-Tela-2026-08-11-as-12.23.59.png?fit=1200%2C803&ssl=1&resize=525%2C300 1.5x, https:\/\/i0.wp.com\/blogdoprosperi.com\/wp-content\/uploads\/2026\/08\/Captura-de-Tela-2026-08-11-as-12.23.59.png?fit=1200%2C803&ssl=1&resize=700%2C400 2x, https:\/\/i0.wp.com\/blogdoprosperi.com\/wp-content\/uploads\/2026\/08\/Captura-de-Tela-2026-08-11-as-12.23.59.png?fit=1200%2C803&ssl=1&resize=1050%2C600 3x"},"classes":[]},{"id":4584,"url":"https:\/\/blogdoprosperi.com\/?p=4584","url_meta":{"origin":22799,"position":2},"title":"Cinco an\u00e1lises de futebol para voc\u00ea ler nesta segunda-feira (09\/5) ao despertar","author":"Luiz Ant\u00f4nio Pr\u00f3speri","date":"9 de maio de 2016","format":false,"excerpt":"Entramos na semana do in\u00edcio do Campeonato Brasileiro com o fim dos Estaduais. Nesta segunda-feira, vale ainda um balan\u00e7o dos campe\u00f5es do domingo, os efeitos negativos e positivos nos clubes e como Santos e Audax v\u00e3o se virar ap\u00f3s a decis\u00e3o do Paulist\u00e3o-2016. Gostaria de lembrar o caro e raro\u2026","rel":"","context":"Em &quot;futebol&quot;","block_context":{"text":"futebol","link":"https:\/\/blogdoprosperi.com\/?cat=53870"},"img":{"alt_text":"","src":"https:\/\/i0.wp.com\/blogdoprosperi.com\/wp-content\/uploads\/2016\/05\/santos.jpg?resize=350%2C200&ssl=1","width":350,"height":200,"srcset":"https:\/\/i0.wp.com\/blogdoprosperi.com\/wp-content\/uploads\/2016\/05\/santos.jpg?resize=350%2C200&ssl=1 1x, https:\/\/i0.wp.com\/blogdoprosperi.com\/wp-content\/uploads\/2016\/05\/santos.jpg?resize=525%2C300&ssl=1 1.5x"},"classes":[]},{"id":34565,"url":"https:\/\/blogdoprosperi.com\/?p=34565","url_meta":{"origin":22799,"position":3},"title":"De Felipe Melo a Diego, est\u00e1 f\u00e1cil jogar no futebol brasileiro","author":"Luiz Ant\u00f4nio Pr\u00f3speri","date":"7 de janeiro de 2017","format":false,"excerpt":"Jogar no futebol brasileiro tem sido f\u00e1cil aos repatriados nos \u00faltimos anos. \u00c9 s\u00f3 ter um pouquinho de vontade. Veja o caso de Diego Ribas no Flamengo. Em pouco menos de cinco meses no clube carioca, virou refer\u00eancia. Pediram sua volta \u00e0 Sele\u00e7\u00e3o Brasileira. Diego estava h\u00e1 mais de dez\u2026","rel":"","context":"Em &quot;futebol&quot;","block_context":{"text":"futebol","link":"https:\/\/blogdoprosperi.com\/?cat=53870"},"img":{"alt_text":"622_384b435d-90c2-3f75-82c6-4673fdc383a6","src":"https:\/\/i0.wp.com\/blogdoprosperi.com\/wp-content\/uploads\/2017\/01\/622_384b435d-90c2-3f75-82c6-4673fdc383a6.jpg?resize=350%2C200&ssl=1","width":350,"height":200,"srcset":"https:\/\/i0.wp.com\/blogdoprosperi.com\/wp-content\/uploads\/2017\/01\/622_384b435d-90c2-3f75-82c6-4673fdc383a6.jpg?resize=350%2C200&ssl=1 1x, https:\/\/i0.wp.com\/blogdoprosperi.com\/wp-content\/uploads\/2017\/01\/622_384b435d-90c2-3f75-82c6-4673fdc383a6.jpg?resize=525%2C300&ssl=1 1.5x"},"classes":[]},{"id":50581,"url":"https:\/\/blogdoprosperi.com\/?p=50581","url_meta":{"origin":22799,"position":4},"title":"Copa do Brasil Sorteio |Palmeiras Decide Vaga Em Casa Contra Corinthians nas Oitavas","author":"Luiz Ant\u00f4nio Pr\u00f3speri","date":"2 de junho de 2025","format":false,"excerpt":"Palmeiras e Corinthians se enfrentam nas oitavas de final da Copa do Brasil. Sorteio da CBF aponta cl\u00e1ssico paulista como o \u00fanico estadual dessa fase. Outros confrontos de S\u00e9rie A: Atl\u00e9tico-MG e Flamengo, Internacional e Fluminense, Botafogo e Red Bull Bragantino. Jogos acontecem apenas em 30 de julho e 6\u2026","rel":"","context":"Em &quot;CBF&quot;","block_context":{"text":"CBF","link":"https:\/\/blogdoprosperi.com\/?cat=570700"},"img":{"alt_text":"CBF aumenta premia\u00e7\u00e3o da Copa do Brasil","src":"https:\/\/i0.wp.com\/blogdoprosperi.com\/wp-content\/uploads\/2024\/09\/captura-de-tela-2024-09-13-as-01.19.22.png?fit=1200%2C778&ssl=1&resize=350%2C200","width":350,"height":200,"srcset":"https:\/\/i0.wp.com\/blogdoprosperi.com\/wp-content\/uploads\/2024\/09\/captura-de-tela-2024-09-13-as-01.19.22.png?fit=1200%2C778&ssl=1&resize=350%2C200 1x, https:\/\/i0.wp.com\/blogdoprosperi.com\/wp-content\/uploads\/2024\/09\/captura-de-tela-2024-09-13-as-01.19.22.png?fit=1200%2C778&ssl=1&resize=525%2C300 1.5x, https:\/\/i0.wp.com\/blogdoprosperi.com\/wp-content\/uploads\/2024\/09\/captura-de-tela-2024-09-13-as-01.19.22.png?fit=1200%2C778&ssl=1&resize=700%2C400 2x, https:\/\/i0.wp.com\/blogdoprosperi.com\/wp-content\/uploads\/2024\/09\/captura-de-tela-2024-09-13-as-01.19.22.png?fit=1200%2C778&ssl=1&resize=1050%2C600 3x"},"classes":[]},{"id":26535,"url":"https:\/\/blogdoprosperi.com\/?p=26535","url_meta":{"origin":22799,"position":5},"title":"Arbitragem do Brasileir\u00e3o sob suspeita, admitem dirigentes de clubes","author":"Luiz Ant\u00f4nio Pr\u00f3speri","date":"24 de setembro de 2016","format":false,"excerpt":"CBF n\u00e3o reage \u00e0 a\u00e7\u00e3o de dirigentes de clubes que pedem a cabe\u00e7a de S\u00e9rgio Correia, presidente da Comiss\u00e3o Nacional de Arbitragem. Cartolas est\u00e3o indignados com as atua\u00e7\u00f5es dos \u00e1rbitros no Campeonato Brasileiro e Copa do Brasil. E prometem olhar com uma lupa as atitudes dos ju\u00edzes na 27.\u00aa rodada\u2026","rel":"","context":"Em &quot;Campeonato Brasileiro&quot;","block_context":{"text":"Campeonato Brasileiro","link":"https:\/\/blogdoprosperi.com\/?cat=355071"},"img":{"alt_text":"","src":"https:\/\/i0.wp.com\/blogdoprosperi.com\/wp-content\/uploads\/2016\/09\/2015052906003-gu227kjcd-1.jpg?resize=350%2C200&ssl=1","width":350,"height":200,"srcset":"https:\/\/i0.wp.com\/blogdoprosperi.com\/wp-content\/uploads\/2016\/09\/2015052906003-gu227kjcd-1.jpg?resize=350%2C200&ssl=1 1x, https:\/\/i0.wp.com\/blogdoprosperi.com\/wp-content\/uploads\/2016\/09\/2015052906003-gu227kjcd-1.jpg?resize=525%2C300&ssl=1 1.5x"},"classes":[]}],"jetpack_featured_media_url":"","_links":{"self":[{"href":"https:\/\/blogdoprosperi.com\/index.php?rest_route=\/wp\/v2\/posts\/22799","targetHints":{"allow":["GET"]}}],"collection":[{"href":"https:\/\/blogdoprosperi.com\/index.php?rest_route=\/wp\/v2\/posts"}],"about":[{"href":"https:\/\/blogdoprosperi.com\/index.php?rest_route=\/wp\/v2\/types\/post"}],"author":[{"embeddable":true,"href":"https:\/\/blogdoprosperi.com\/index.php?rest_route=\/wp\/v2\/users\/102107496"}],"replies":[{"embeddable":true,"href":"https:\/\/blogdoprosperi.com\/index.php?rest_route=%2Fwp%2Fv2%2Fcomments&post=22799"}],"version-history":[{"count":25,"href":"https:\/\/blogdoprosperi.com\/index.php?rest_route=\/wp\/v2\/posts\/22799\/revisions"}],"predecessor-version":[{"id":22875,"href":"https:\/\/blogdoprosperi.com\/index.php?rest_route=\/wp\/v2\/posts\/22799\/revisions\/22875"}],"wp:attachment":[{"href":"https:\/\/blogdoprosperi.com\/index.php?rest_route=%2Fwp%2Fv2%2Fmedia&parent=22799"}],"wp:term":[{"taxonomy":"category","embeddable":true,"href":"https:\/\/blogdoprosperi.com\/index.php?rest_route=%2Fwp%2Fv2%2Fcategories&post=22799"},{"taxonomy":"post_tag","embeddable":true,"href":"https:\/\/blogdoprosperi.com\/index.php?rest_route=%2Fwp%2Fv2%2Ftags&post=22799"}],"curies":[{"name":"wp","href":"https:\/\/api.w.org\/{rel}","templated":true}]}}