{"id":22876,"date":"2016-08-24T23:52:24","date_gmt":"2016-08-25T02:52:24","guid":{"rendered":"http:\/\/blogdoprosperi.com\/?p=22876"},"modified":"2016-08-25T00:07:18","modified_gmt":"2016-08-25T03:07:18","slug":"sao-paulo-sofre-derrota-a-time-da-serie-c-e-ja-pode-pensar-na-proxima-temporada","status":"publish","type":"post","link":"https:\/\/blogdoprosperi.com\/?p=22876","title":{"rendered":"S\u00e3o Paulo sofre derrota a time da S\u00e9rie C e j\u00e1 pode pensar na pr\u00f3xima temporada"},"content":{"rendered":"<p><span class=\"alignnone\"><img data-recalc-dims=\"1\" loading=\"lazy\" decoding=\"async\" data-attachment-id=\"22962\" data-permalink=\"https:\/\/blogdoprosperi.com\/?attachment_id=22962\" data-orig-file=\"https:\/\/i0.wp.com\/blogdoprosperi.com\/wp-content\/uploads\/2016\/08\/juventude.jpg?fit=640%2C360&amp;ssl=1\" data-orig-size=\"640,360\" data-comments-opened=\"1\" data-image-meta=\"{&quot;aperture&quot;:&quot;0&quot;,&quot;credit&quot;:&quot;&quot;,&quot;camera&quot;:&quot;&quot;,&quot;caption&quot;:&quot;&quot;,&quot;created_timestamp&quot;:&quot;0&quot;,&quot;copyright&quot;:&quot;&quot;,&quot;focal_length&quot;:&quot;0&quot;,&quot;iso&quot;:&quot;0&quot;,&quot;shutter_speed&quot;:&quot;0&quot;,&quot;title&quot;:&quot;&quot;,&quot;orientation&quot;:&quot;0&quot;}\" data-image-title=\"juventude\" data-image-description=\"\" data-image-caption=\"\" data-large-file=\"https:\/\/i0.wp.com\/blogdoprosperi.com\/wp-content\/uploads\/2016\/08\/juventude.jpg?fit=640%2C360&amp;ssl=1\" class=\"alignnone size-full wp-image-22962\" src=\"https:\/\/i0.wp.com\/blogdoprosperi.com\/wp-content\/uploads\/2016\/08\/juventude.jpg?resize=640%2C360&#038;ssl=1\" alt=\"juventude\" width=\"640\" height=\"360\" \/><\/span><\/p>\n<p>Copa do Brasil para o S\u00e3o Paulo tem de ser uma Copa do Mundo, pedia Hudson na v\u00e9spera do jogo contra o Juventude na abertura das oitavas de final. A proje\u00e7\u00e3o do volante levava em conta a frustra\u00e7\u00e3o do Tricolor na Libertadores e a situa\u00e7\u00e3o delicada no Brasileir\u00e3o. At\u00e9 por isso se fazia necess\u00e1rio vencer, e bem, o time ga\u00facho que est\u00e1 sofrendo na S\u00e9rie C do Campeonato Brasileiro. Em casa, no Morumbi quase vazio nesta noite de quarta-feira (24\/8), o S\u00e3o Paulo n\u00e3o atendeu ao chamamento de Hudson e, pior, caiu derrotado por 2 a 1.<!--more--><\/p>\n<p>A queda em casa obriga o S\u00e3o Paulo a vencer o jogo de volta por dois gols de diferen\u00e7a sob pena de por fim a uma das mais med\u00edocres temporadas de sua hist\u00f3ria. Uma l\u00e1stima.<\/p>\n<p>Muito do resultado ruim vem de uma verdade. O\u00a0S\u00e3o Paulo nos \u00faltimos meses se mostra um time desprovido de ideias. Quando perdeu Ganso ao Sevilla, ficou ainda mais ac\u00e9falo. Complica ainda mais ao jogar com tr\u00eas volantes (Schimidt, Hudson e Thiago Mendes) e o meia Cueva aberto na ponta-esquerda, como se exibiu no primeiro tempo contra o Juventude no segundo jogo sob o comando de Ricardo Gomes.<\/p>\n<figure id=\"attachment_22976\" aria-describedby=\"caption-attachment-22976\" style=\"width: 1024px\" class=\"wp-caption alignnone\"><img data-recalc-dims=\"1\" loading=\"lazy\" decoding=\"async\" data-attachment-id=\"22976\" data-permalink=\"https:\/\/blogdoprosperi.com\/?attachment_id=22976\" data-orig-file=\"https:\/\/i0.wp.com\/blogdoprosperi.com\/wp-content\/uploads\/2016\/08\/00915324-1024x682.jpg?fit=1024%2C682&amp;ssl=1\" data-orig-size=\"1024,682\" data-comments-opened=\"1\" data-image-meta=\"{&quot;aperture&quot;:&quot;0&quot;,&quot;credit&quot;:&quot;&quot;,&quot;camera&quot;:&quot;&quot;,&quot;caption&quot;:&quot;&quot;,&quot;created_timestamp&quot;:&quot;0&quot;,&quot;copyright&quot;:&quot;&quot;,&quot;focal_length&quot;:&quot;0&quot;,&quot;iso&quot;:&quot;0&quot;,&quot;shutter_speed&quot;:&quot;0&quot;,&quot;title&quot;:&quot;&quot;,&quot;orientation&quot;:&quot;0&quot;}\" data-image-title=\"00915324-1024&amp;#215;682\" data-image-description=\"\" data-image-caption=\"\" data-large-file=\"https:\/\/i0.wp.com\/blogdoprosperi.com\/wp-content\/uploads\/2016\/08\/00915324-1024x682.jpg?fit=940%2C626&amp;ssl=1\" class=\"alignnone size-full wp-image-22976\" src=\"https:\/\/i0.wp.com\/blogdoprosperi.com\/wp-content\/uploads\/2016\/08\/00915324-1024x682.jpg?resize=940%2C626&#038;ssl=1\" alt=\"00915324-1024x682\" width=\"940\" height=\"626\" \/><figcaption id=\"caption-attachment-22976\" class=\"wp-caption-text\">Ricardo Gomes, t\u00e9cnico do S\u00e3o Paulo &#8211; Foto: Gazeta Press<\/figcaption><\/figure>\n<p>Time sem um pensamento claro, sem criatividade n\u00e3o vai longe. Ao se deparar com um advers\u00e1rio bem armado na defesa, retrancado, n\u00e3o deslancha. Tem de se virar nos cruzamentos na \u00e1rea e n\u00e3o se descuidar de uma eventual investida do inimigo no contra-ataque.<\/p>\n<p>Com este enredo, o S\u00e3o Paulo sofreu um contra-golpe do Juventude, por volta dos dez minutos, e levou um gol que machuca em disputas de mata-mata. Roberson foi o autor da fa\u00e7anha a favor do Juventude em falha de Denis. E amenizou a trag\u00e9dia ao empatar o jogo com Ch\u00e1vez em cruzamento de Carlinhos, antes dos 40 minutos.<\/p>\n<div class=\"jetpack-video-wrapper\"><span class=\"embed-youtube\" style=\"text-align:center; display: block;\"><iframe loading=\"lazy\" class=\"youtube-player\" width=\"560\" height=\"315\" src=\"https:\/\/www.youtube.com\/embed\/kSGFrPwpLSc?version=3&#038;rel=1&#038;showsearch=0&#038;showinfo=1&#038;iv_load_policy=1&#038;fs=1&#038;hl=pt-BR&#038;autohide=2&#038;wmode=transparent\" allowfullscreen=\"true\" style=\"border:0;\" sandbox=\"allow-scripts allow-same-origin allow-popups allow-presentation allow-popups-to-escape-sandbox\"><\/iframe><\/span><\/div>\n<p>No segundo tempo, o time de Ricardo Gomes teria de mudar a receita. De nada adiantaria insistir apenas nos cruzamentos. Era necess\u00e1rio ampliar a margem de gols para n\u00e3o sofrer ainda mais no jogo de volta no Sul.<\/p>\n<p>Ent\u00e3o Ricardo Gomes retornou do intervalo com Michel Bastos no lugar do volante Jo\u00e3o Schimidt. Um jeito de criar mais e arriscar chutes de fora da \u00e1rea.<\/p>\n<p>Por 25 minutos, o S\u00e3o Paulo prensou o Juventude. Sem um pingo de criatividade, \u00e9 verdade, mas com muita vontade e cruzamentos na \u00e1rea. Nada feito.<\/p>\n<p>Na primeira descida do time do Sul, Thiago Mendes se envolve com Lucas e o \u00e1rbitro marca p\u00eanalti que ningu\u00e9m viu. Roberson bateu e converteu, aos 29: 2 a 1.<\/p>\n<figure id=\"attachment_22973\" aria-describedby=\"caption-attachment-22973\" style=\"width: 640px\" class=\"wp-caption alignnone\"><img data-recalc-dims=\"1\" loading=\"lazy\" decoding=\"async\" data-attachment-id=\"22973\" data-permalink=\"https:\/\/blogdoprosperi.com\/?attachment_id=22973\" data-orig-file=\"https:\/\/i0.wp.com\/blogdoprosperi.com\/wp-content\/uploads\/2016\/08\/rib_4048.jpg?fit=640%2C360&amp;ssl=1\" data-orig-size=\"640,360\" data-comments-opened=\"1\" data-image-meta=\"{&quot;aperture&quot;:&quot;0&quot;,&quot;credit&quot;:&quot;&quot;,&quot;camera&quot;:&quot;&quot;,&quot;caption&quot;:&quot;&quot;,&quot;created_timestamp&quot;:&quot;0&quot;,&quot;copyright&quot;:&quot;&quot;,&quot;focal_length&quot;:&quot;0&quot;,&quot;iso&quot;:&quot;0&quot;,&quot;shutter_speed&quot;:&quot;0&quot;,&quot;title&quot;:&quot;&quot;,&quot;orientation&quot;:&quot;0&quot;}\" data-image-title=\"rib_4048\" data-image-description=\"\" data-image-caption=\"\" data-large-file=\"https:\/\/i0.wp.com\/blogdoprosperi.com\/wp-content\/uploads\/2016\/08\/rib_4048.jpg?fit=640%2C360&amp;ssl=1\" class=\"alignnone size-full wp-image-22973\" src=\"https:\/\/i0.wp.com\/blogdoprosperi.com\/wp-content\/uploads\/2016\/08\/rib_4048.jpg?resize=640%2C360&#038;ssl=1\" alt=\"rib_4048\" width=\"640\" height=\"360\" \/><figcaption id=\"caption-attachment-22973\" class=\"wp-caption-text\">Ant\u00f4nio Carlos Zago, ex-jogador do S\u00e3o Paulo, t\u00e9cnico do Juventude<\/figcaption><\/figure>\n<p>Aumentava a agonia do Tricolor. A situa\u00e7\u00e3o passou de cr\u00edtica a muito grave. Se empatar em casa j\u00e1 era um absurdo, perder ent\u00e3o era um golpe quase fatal. Havia pressa. E mais ainda ap\u00f3s a expuls\u00e3o do zagueiro Ruan, aos 32.<\/p>\n<p>Com um a mais, o Sao Paulo tinha pelo menos mais 15 minutos para ao menos empatar. N\u00e3o deu. Morreu v\u00edtima da sua pr\u00f3pria incompet\u00eancia.<\/p>\n<p>No jogo de volta vai ter de vencer por dois gols de diferen\u00e7a para salvar uma das mais melanc\u00f3licas temporadas da hist\u00f3ria do clube.<\/p>\n<p><strong>FICHA DO JOGO<\/strong><\/p>\n<p><strong>S\u00e3o Paulo 1 x 2 Juventude<\/strong><\/p>\n<p><strong>Gols:<\/strong> Roberson, aos 9; e Ch\u00e1vez, aos 39 minutos do primeiro tempo; Roberson, aos 28 minutos do segundo tempo.<\/p>\n<p><strong>S\u00e3o Paulo<\/strong>: Denis, Bruno, Maicon, Lyanco e Carlinhos; Jo\u00e3o Schimidt (Michel Bastos), Hudson (Luiz Ara\u00fajo) e Thiago Mendes; Kelvin (Gilberto), Ch\u00e1vez e Cueva. <strong>T\u00e9cnico:<\/strong> Ricardo Gomes<\/p>\n<p><strong>Juventude:<\/strong> Elias, Neguete, William, Ruan e Par\u00e1; Bruninho, Vacaria (Wanderson), Felipe Lima (Lucas) e Wallacer; Roberson e Hugo (Caion). <strong>T\u00e9cnico:<\/strong> Antonio Carlos Zago<\/p>\n<p><strong>Juiz<\/strong>: Wilton Pereira<br \/>\n<strong>Cart\u00f5es amarelos<\/strong>: Ruan, Lyanco, Bruninho, Lugano<br \/>\n<strong>Cart\u00e3o vermelho:<\/strong> Ruan<br \/>\n<strong>Renda<\/strong>:\u00a0R$ 145.406,00<br \/>\n<strong>P\u00fablico: <\/strong>6.643 pagantes<br \/>\n<strong>Local:<\/strong>\u00a0Morumbi<\/p>\n","protected":false},"excerpt":{"rendered":"<p>Copa do Brasil para o S\u00e3o Paulo tem de ser uma Copa do Mundo, pedia Hudson na v\u00e9spera [&hellip;]<\/p>\n","protected":false},"author":102107496,"featured_media":0,"comment_status":"open","ping_status":"open","sticky":false,"template":"","format":"standard","meta":{"_coblocks_attr":"","_coblocks_dimensions":"","_coblocks_responsive_height":"","_coblocks_accordion_ie_support":"","_jetpack_newsletter_access":"","_jetpack_dont_email_post_to_subs":false,"_jetpack_newsletter_tier_id":0,"_jetpack_memberships_contains_paywalled_content":false,"_wpcom_ai_launchpad_first_post":false,"_jetpack_feature_clip_id":0,"_jetpack_memberships_contains_paid_content":false,"footnotes":"","jetpack_publicize_message":"","jetpack_publicize_feature_enabled":true,"jetpack_social_post_already_shared":false,"jetpack_social_options":{"image_generator_settings":{"template":"highway","default_image_id":0,"font":"","enabled":false},"version":2},"jetpack_post_was_ever_published":false},"categories":[53870,5078],"tags":[162414,789560570,333721,789560560,551319,908021,972018,326100409],"class_list":["post-22876","post","type-post","status-publish","format-standard","hentry","category-futebol","category-sem-categoria","tag-chavez","tag-copa-do-brasil","tag-denis","tag-futebol","tag-juventude","tag-roberson","tag-sao-paulo-fc","tag-sao-paulo-x-juventude"],"yoast_head":"<!-- This site is optimized with the Yoast SEO plugin v28.4 - https:\/\/yoast.com\/product\/yoast-seo-wordpress\/ -->\n<title>S\u00e3o Paulo sofre derrota a time da S\u00e9rie C e j\u00e1 pode pensar na pr\u00f3xima temporada - PR\u00d3SPERI NEWS<\/title>\n<meta name=\"robots\" content=\"index, follow, max-snippet:-1, max-image-preview:large, max-video-preview:-1\" \/>\n<link rel=\"canonical\" href=\"https:\/\/blogdoprosperi.com\/?p=22876\" \/>\n<meta property=\"og:locale\" content=\"pt_BR\" \/>\n<meta property=\"og:type\" content=\"article\" \/>\n<meta property=\"og:title\" content=\"S\u00e3o Paulo sofre derrota a time da S\u00e9rie C e j\u00e1 pode pensar na pr\u00f3xima temporada - PR\u00d3SPERI NEWS\" \/>\n<meta property=\"og:description\" content=\"Copa do Brasil para o S\u00e3o Paulo tem de ser uma Copa do Mundo, pedia Hudson na v\u00e9spera [&hellip;]\" \/>\n<meta property=\"og:url\" content=\"https:\/\/blogdoprosperi.com\/?p=22876\" \/>\n<meta property=\"og:site_name\" content=\"PR\u00d3SPERI NEWS\" \/>\n<meta property=\"article:publisher\" content=\"Luiz Pr\u00f3speri\" \/>\n<meta property=\"article:author\" content=\"Luiz Pr\u00f3speri\" \/>\n<meta property=\"article:published_time\" content=\"2016-08-25T02:52:24+00:00\" \/>\n<meta property=\"article:modified_time\" content=\"2016-08-25T03:07:18+00:00\" \/>\n<meta property=\"og:image\" content=\"https:\/\/blogdoprosperi.com\/wp-content\/uploads\/2016\/08\/juventude.jpg\" \/>\n<meta name=\"author\" content=\"Luiz Ant\u00f4nio Pr\u00f3speri\" \/>\n<meta name=\"twitter:card\" content=\"summary_large_image\" \/>\n<meta name=\"twitter:creator\" content=\"@Luizprosperi\" \/>\n<meta name=\"twitter:site\" content=\"@Luizprosperi\" \/>\n<meta name=\"twitter:label1\" content=\"Escrito por\" \/>\n\t<meta name=\"twitter:data1\" content=\"Luiz Ant\u00f4nio Pr\u00f3speri\" \/>\n\t<meta name=\"twitter:label2\" content=\"Est. tempo de leitura\" \/>\n\t<meta name=\"twitter:data2\" content=\"3 minutos\" \/>\n<script type=\"application\/ld+json\" class=\"yoast-schema-graph\">{\"@context\":\"https:\\\/\\\/schema.org\",\"@graph\":[{\"@type\":\"Article\",\"@id\":\"https:\\\/\\\/blogdoprosperi.com\\\/?p=22876#article\",\"isPartOf\":{\"@id\":\"https:\\\/\\\/blogdoprosperi.com\\\/?p=22876\"},\"author\":{\"name\":\"Luiz Ant\u00f4nio Pr\u00f3speri\",\"@id\":\"https:\\\/\\\/blogdoprosperi.com\\\/#\\\/schema\\\/person\\\/38100755ce3601861ee4fab9b5aa78e9\"},\"headline\":\"S\u00e3o Paulo sofre derrota a time da S\u00e9rie C e j\u00e1 pode pensar na pr\u00f3xima temporada\",\"datePublished\":\"2016-08-25T02:52:24+00:00\",\"dateModified\":\"2016-08-25T03:07:18+00:00\",\"mainEntityOfPage\":{\"@id\":\"https:\\\/\\\/blogdoprosperi.com\\\/?p=22876\"},\"wordCount\":718,\"commentCount\":2,\"publisher\":{\"@id\":\"https:\\\/\\\/blogdoprosperi.com\\\/#\\\/schema\\\/person\\\/38100755ce3601861ee4fab9b5aa78e9\"},\"image\":{\"@id\":\"https:\\\/\\\/blogdoprosperi.com\\\/?p=22876#primaryimage\"},\"thumbnailUrl\":\"https:\\\/\\\/blogdoprosperi.com\\\/wp-content\\\/uploads\\\/2016\\\/08\\\/juventude.jpg\",\"keywords\":[\"Chavez\",\"Copa do Brasil\",\"Denis\",\"futebol\",\"Juventude\",\"Roberson\",\"S\u00e3o Paulo FC\",\"S\u00e3o Paulo x Juventude\"],\"articleSection\":[\"futebol\"],\"inLanguage\":\"pt-BR\",\"potentialAction\":[{\"@type\":\"CommentAction\",\"name\":\"Comment\",\"target\":[\"https:\\\/\\\/blogdoprosperi.com\\\/?p=22876#respond\"]}]},{\"@type\":\"WebPage\",\"@id\":\"https:\\\/\\\/blogdoprosperi.com\\\/?p=22876\",\"url\":\"https:\\\/\\\/blogdoprosperi.com\\\/?p=22876\",\"name\":\"S\u00e3o Paulo sofre derrota a time da S\u00e9rie C e j\u00e1 pode pensar na pr\u00f3xima temporada - PR\u00d3SPERI NEWS\",\"isPartOf\":{\"@id\":\"https:\\\/\\\/blogdoprosperi.com\\\/#website\"},\"primaryImageOfPage\":{\"@id\":\"https:\\\/\\\/blogdoprosperi.com\\\/?p=22876#primaryimage\"},\"image\":{\"@id\":\"https:\\\/\\\/blogdoprosperi.com\\\/?p=22876#primaryimage\"},\"thumbnailUrl\":\"https:\\\/\\\/blogdoprosperi.com\\\/wp-content\\\/uploads\\\/2016\\\/08\\\/juventude.jpg\",\"datePublished\":\"2016-08-25T02:52:24+00:00\",\"dateModified\":\"2016-08-25T03:07:18+00:00\",\"breadcrumb\":{\"@id\":\"https:\\\/\\\/blogdoprosperi.com\\\/?p=22876#breadcrumb\"},\"inLanguage\":\"pt-BR\",\"potentialAction\":[{\"@type\":\"ReadAction\",\"target\":[\"https:\\\/\\\/blogdoprosperi.com\\\/?p=22876\"]}]},{\"@type\":\"ImageObject\",\"inLanguage\":\"pt-BR\",\"@id\":\"https:\\\/\\\/blogdoprosperi.com\\\/?p=22876#primaryimage\",\"url\":\"https:\\\/\\\/i0.wp.com\\\/blogdoprosperi.com\\\/wp-content\\\/uploads\\\/2016\\\/08\\\/juventude.jpg?fit=640%2C360&ssl=1\",\"contentUrl\":\"https:\\\/\\\/i0.wp.com\\\/blogdoprosperi.com\\\/wp-content\\\/uploads\\\/2016\\\/08\\\/juventude.jpg?fit=640%2C360&ssl=1\",\"width\":640,\"height\":360},{\"@type\":\"BreadcrumbList\",\"@id\":\"https:\\\/\\\/blogdoprosperi.com\\\/?p=22876#breadcrumb\",\"itemListElement\":[{\"@type\":\"ListItem\",\"position\":1,\"name\":\"In\u00edcio\",\"item\":\"https:\\\/\\\/blogdoprosperi.com\\\/\"},{\"@type\":\"ListItem\",\"position\":2,\"name\":\"S\u00e3o Paulo sofre derrota a time da S\u00e9rie C e j\u00e1 pode pensar na pr\u00f3xima temporada\"}]},{\"@type\":\"WebSite\",\"@id\":\"https:\\\/\\\/blogdoprosperi.com\\\/#website\",\"url\":\"https:\\\/\\\/blogdoprosperi.com\\\/\",\"name\":\"PR\u00d3SPERI NEWS\",\"description\":\"TUDO \u00c9  FUTEBOL\",\"publisher\":{\"@id\":\"https:\\\/\\\/blogdoprosperi.com\\\/#\\\/schema\\\/person\\\/38100755ce3601861ee4fab9b5aa78e9\"},\"alternateName\":\"blogdoprosperi.com\",\"potentialAction\":[{\"@type\":\"SearchAction\",\"target\":{\"@type\":\"EntryPoint\",\"urlTemplate\":\"https:\\\/\\\/blogdoprosperi.com\\\/?s={search_term_string}\"},\"query-input\":{\"@type\":\"PropertyValueSpecification\",\"valueRequired\":true,\"valueName\":\"search_term_string\"}}],\"inLanguage\":\"pt-BR\"},{\"@type\":[\"Person\",\"Organization\"],\"@id\":\"https:\\\/\\\/blogdoprosperi.com\\\/#\\\/schema\\\/person\\\/38100755ce3601861ee4fab9b5aa78e9\",\"name\":\"Luiz Ant\u00f4nio Pr\u00f3speri\",\"pronouns\":\"ele\",\"image\":{\"@type\":\"ImageObject\",\"inLanguage\":\"pt-BR\",\"@id\":\"https:\\\/\\\/i0.wp.com\\\/blogdoprosperi.com\\\/wp-content\\\/uploads\\\/2026\\\/05\\\/cropped-8059e613-6002-42fa-961e-8e275f575d71-2-5.jpg?fit=1360%2C931&ssl=1\",\"url\":\"https:\\\/\\\/i0.wp.com\\\/blogdoprosperi.com\\\/wp-content\\\/uploads\\\/2026\\\/05\\\/cropped-8059e613-6002-42fa-961e-8e275f575d71-2-5.jpg?fit=1360%2C931&ssl=1\",\"contentUrl\":\"https:\\\/\\\/i0.wp.com\\\/blogdoprosperi.com\\\/wp-content\\\/uploads\\\/2026\\\/05\\\/cropped-8059e613-6002-42fa-961e-8e275f575d71-2-5.jpg?fit=1360%2C931&ssl=1\",\"width\":1360,\"height\":931,\"caption\":\"Luiz Ant\u00f4nio Pr\u00f3speri\"},\"logo\":{\"@id\":\"https:\\\/\\\/i0.wp.com\\\/blogdoprosperi.com\\\/wp-content\\\/uploads\\\/2026\\\/05\\\/cropped-8059e613-6002-42fa-961e-8e275f575d71-2-5.jpg?fit=1360%2C931&ssl=1\"},\"description\":\"Jornalista com carreira dedicada ao esporte. Cobriu 9 Copas do Mundo in loco, 1990 na It\u00e1lia, 1994 nos EUA, 1998 na Fran\u00e7a, 2002 na Coreia do Sul e Jap\u00e3o, 2006 na Alemanha, 2010 na \u00c1frica do Sul, 2014 no Brasil, 2018 na R\u00fassia e 2022 no Qatar. Eurocopas, 1992 na Su\u00e9cia e 1996 na Inglaterra. Copa das Confedera\u00e7\u00f5es de 2005 na Alemanha e 2009 na \u00c1frica do Sul. Rep\u00f3rter e Editor, trabalhou no Jornal da Tarde e Estad\u00e3o, de 1984 a fevereiro de 2016. Colunista, blogueiro. E comentarista de futebol na R\u00e1dio Estad\u00e3o, de 2013 a fevereiro de 2016. Jornalista respons\u00e1vel do \\\"Pr\u00f3speri News\\\" (blogdoprosperi.com).\",\"sameAs\":[\"http:\\\/\\\/blogdoprosperi.com\",\"Luiz Pr\u00f3speri\",\"@luiz_prosperi\",\"https:\\\/\\\/x.com\\\/Luizprosperi\",\"@prosperinacopa\",\"luiz.prosperi@icloud.com\"],\"url\":\"https:\\\/\\\/blogdoprosperi.com\\\/?author=102107496\"}]}<\/script>\n<!-- \/ Yoast SEO plugin. -->","yoast_head_json":{"title":"S\u00e3o Paulo sofre derrota a time da S\u00e9rie C e j\u00e1 pode pensar na pr\u00f3xima temporada - PR\u00d3SPERI NEWS","robots":{"index":"index","follow":"follow","max-snippet":"max-snippet:-1","max-image-preview":"max-image-preview:large","max-video-preview":"max-video-preview:-1"},"canonical":"https:\/\/blogdoprosperi.com\/?p=22876","og_locale":"pt_BR","og_type":"article","og_title":"S\u00e3o Paulo sofre derrota a time da S\u00e9rie C e j\u00e1 pode pensar na pr\u00f3xima temporada - PR\u00d3SPERI NEWS","og_description":"Copa do Brasil para o S\u00e3o Paulo tem de ser uma Copa do Mundo, pedia Hudson na v\u00e9spera [&hellip;]","og_url":"https:\/\/blogdoprosperi.com\/?p=22876","og_site_name":"PR\u00d3SPERI NEWS","article_publisher":"Luiz Pr\u00f3speri","article_author":"Luiz Pr\u00f3speri","article_published_time":"2016-08-25T02:52:24+00:00","article_modified_time":"2016-08-25T03:07:18+00:00","og_image":[{"url":"https:\/\/blogdoprosperi.com\/wp-content\/uploads\/2016\/08\/juventude.jpg","type":"","width":"","height":""}],"author":"Luiz Ant\u00f4nio Pr\u00f3speri","twitter_card":"summary_large_image","twitter_creator":"@Luizprosperi","twitter_site":"@Luizprosperi","twitter_misc":{"Escrito por":"Luiz Ant\u00f4nio Pr\u00f3speri","Est. tempo de leitura":"3 minutos"},"schema":{"@context":"https:\/\/schema.org","@graph":[{"@type":"Article","@id":"https:\/\/blogdoprosperi.com\/?p=22876#article","isPartOf":{"@id":"https:\/\/blogdoprosperi.com\/?p=22876"},"author":{"name":"Luiz Ant\u00f4nio Pr\u00f3speri","@id":"https:\/\/blogdoprosperi.com\/#\/schema\/person\/38100755ce3601861ee4fab9b5aa78e9"},"headline":"S\u00e3o Paulo sofre derrota a time da S\u00e9rie C e j\u00e1 pode pensar na pr\u00f3xima temporada","datePublished":"2016-08-25T02:52:24+00:00","dateModified":"2016-08-25T03:07:18+00:00","mainEntityOfPage":{"@id":"https:\/\/blogdoprosperi.com\/?p=22876"},"wordCount":718,"commentCount":2,"publisher":{"@id":"https:\/\/blogdoprosperi.com\/#\/schema\/person\/38100755ce3601861ee4fab9b5aa78e9"},"image":{"@id":"https:\/\/blogdoprosperi.com\/?p=22876#primaryimage"},"thumbnailUrl":"https:\/\/blogdoprosperi.com\/wp-content\/uploads\/2016\/08\/juventude.jpg","keywords":["Chavez","Copa do Brasil","Denis","futebol","Juventude","Roberson","S\u00e3o Paulo FC","S\u00e3o Paulo x Juventude"],"articleSection":["futebol"],"inLanguage":"pt-BR","potentialAction":[{"@type":"CommentAction","name":"Comment","target":["https:\/\/blogdoprosperi.com\/?p=22876#respond"]}]},{"@type":"WebPage","@id":"https:\/\/blogdoprosperi.com\/?p=22876","url":"https:\/\/blogdoprosperi.com\/?p=22876","name":"S\u00e3o Paulo sofre derrota a time da S\u00e9rie C e j\u00e1 pode pensar na pr\u00f3xima temporada - PR\u00d3SPERI NEWS","isPartOf":{"@id":"https:\/\/blogdoprosperi.com\/#website"},"primaryImageOfPage":{"@id":"https:\/\/blogdoprosperi.com\/?p=22876#primaryimage"},"image":{"@id":"https:\/\/blogdoprosperi.com\/?p=22876#primaryimage"},"thumbnailUrl":"https:\/\/blogdoprosperi.com\/wp-content\/uploads\/2016\/08\/juventude.jpg","datePublished":"2016-08-25T02:52:24+00:00","dateModified":"2016-08-25T03:07:18+00:00","breadcrumb":{"@id":"https:\/\/blogdoprosperi.com\/?p=22876#breadcrumb"},"inLanguage":"pt-BR","potentialAction":[{"@type":"ReadAction","target":["https:\/\/blogdoprosperi.com\/?p=22876"]}]},{"@type":"ImageObject","inLanguage":"pt-BR","@id":"https:\/\/blogdoprosperi.com\/?p=22876#primaryimage","url":"https:\/\/i0.wp.com\/blogdoprosperi.com\/wp-content\/uploads\/2016\/08\/juventude.jpg?fit=640%2C360&ssl=1","contentUrl":"https:\/\/i0.wp.com\/blogdoprosperi.com\/wp-content\/uploads\/2016\/08\/juventude.jpg?fit=640%2C360&ssl=1","width":640,"height":360},{"@type":"BreadcrumbList","@id":"https:\/\/blogdoprosperi.com\/?p=22876#breadcrumb","itemListElement":[{"@type":"ListItem","position":1,"name":"In\u00edcio","item":"https:\/\/blogdoprosperi.com\/"},{"@type":"ListItem","position":2,"name":"S\u00e3o Paulo sofre derrota a time da S\u00e9rie C e j\u00e1 pode pensar na pr\u00f3xima temporada"}]},{"@type":"WebSite","@id":"https:\/\/blogdoprosperi.com\/#website","url":"https:\/\/blogdoprosperi.com\/","name":"PR\u00d3SPERI NEWS","description":"TUDO \u00c9  FUTEBOL","publisher":{"@id":"https:\/\/blogdoprosperi.com\/#\/schema\/person\/38100755ce3601861ee4fab9b5aa78e9"},"alternateName":"blogdoprosperi.com","potentialAction":[{"@type":"SearchAction","target":{"@type":"EntryPoint","urlTemplate":"https:\/\/blogdoprosperi.com\/?s={search_term_string}"},"query-input":{"@type":"PropertyValueSpecification","valueRequired":true,"valueName":"search_term_string"}}],"inLanguage":"pt-BR"},{"@type":["Person","Organization"],"@id":"https:\/\/blogdoprosperi.com\/#\/schema\/person\/38100755ce3601861ee4fab9b5aa78e9","name":"Luiz Ant\u00f4nio Pr\u00f3speri","pronouns":"ele","image":{"@type":"ImageObject","inLanguage":"pt-BR","@id":"https:\/\/i0.wp.com\/blogdoprosperi.com\/wp-content\/uploads\/2026\/05\/cropped-8059e613-6002-42fa-961e-8e275f575d71-2-5.jpg?fit=1360%2C931&ssl=1","url":"https:\/\/i0.wp.com\/blogdoprosperi.com\/wp-content\/uploads\/2026\/05\/cropped-8059e613-6002-42fa-961e-8e275f575d71-2-5.jpg?fit=1360%2C931&ssl=1","contentUrl":"https:\/\/i0.wp.com\/blogdoprosperi.com\/wp-content\/uploads\/2026\/05\/cropped-8059e613-6002-42fa-961e-8e275f575d71-2-5.jpg?fit=1360%2C931&ssl=1","width":1360,"height":931,"caption":"Luiz Ant\u00f4nio Pr\u00f3speri"},"logo":{"@id":"https:\/\/i0.wp.com\/blogdoprosperi.com\/wp-content\/uploads\/2026\/05\/cropped-8059e613-6002-42fa-961e-8e275f575d71-2-5.jpg?fit=1360%2C931&ssl=1"},"description":"Jornalista com carreira dedicada ao esporte. Cobriu 9 Copas do Mundo in loco, 1990 na It\u00e1lia, 1994 nos EUA, 1998 na Fran\u00e7a, 2002 na Coreia do Sul e Jap\u00e3o, 2006 na Alemanha, 2010 na \u00c1frica do Sul, 2014 no Brasil, 2018 na R\u00fassia e 2022 no Qatar. Eurocopas, 1992 na Su\u00e9cia e 1996 na Inglaterra. Copa das Confedera\u00e7\u00f5es de 2005 na Alemanha e 2009 na \u00c1frica do Sul. Rep\u00f3rter e Editor, trabalhou no Jornal da Tarde e Estad\u00e3o, de 1984 a fevereiro de 2016. Colunista, blogueiro. E comentarista de futebol na R\u00e1dio Estad\u00e3o, de 2013 a fevereiro de 2016. Jornalista respons\u00e1vel do \"Pr\u00f3speri News\" (blogdoprosperi.com).","sameAs":["http:\/\/blogdoprosperi.com","Luiz Pr\u00f3speri","@luiz_prosperi","https:\/\/x.com\/Luizprosperi","@prosperinacopa","luiz.prosperi@icloud.com"],"url":"https:\/\/blogdoprosperi.com\/?author=102107496"}]}},"jetpack_publicize_connections":[],"jetpack_likes_enabled":false,"jetpack_sharing_enabled":true,"jetpack_shortlink":"https:\/\/wp.me\/p7jvdk-5WY","jetpack-related-posts":[{"id":26366,"url":"https:\/\/blogdoprosperi.com\/?p=26366","url_meta":{"origin":22876,"position":0},"title":"S\u00e3o Paulo sai fora da Copa do Brasil e perde mais uma luta contra seus dem\u00f4nios","author":"Luiz Ant\u00f4nio Pr\u00f3speri","date":"22 de setembro de 2016","format":false,"excerpt":"S\u00e3o Paulo fez o que estava ao seu alcance na decis\u00e3o de uma vaga \u00e0s quartas de final da Copa do Brasil. Ao perder por 2 a 1 para o Juventude no Morumbi no jogo de ida, teria de vencer por dois gol de diferen\u00e7a em Caxias nesta quinta-feira (22\/9).\u2026","rel":"","context":"Em &quot;futebol&quot;","block_context":{"text":"futebol","link":"https:\/\/blogdoprosperi.com\/?cat=53870"},"img":{"alt_text":"","src":"https:\/\/i0.wp.com\/blogdoprosperi.com\/wp-content\/uploads\/2016\/09\/622_0373b94b-1a81-3ed5-b1d6-2cee3485c874.jpg?resize=350%2C200&ssl=1","width":350,"height":200,"srcset":"https:\/\/i0.wp.com\/blogdoprosperi.com\/wp-content\/uploads\/2016\/09\/622_0373b94b-1a81-3ed5-b1d6-2cee3485c874.jpg?resize=350%2C200&ssl=1 1x, https:\/\/i0.wp.com\/blogdoprosperi.com\/wp-content\/uploads\/2016\/09\/622_0373b94b-1a81-3ed5-b1d6-2cee3485c874.jpg?resize=525%2C300&ssl=1 1.5x"},"classes":[]},{"id":22979,"url":"https:\/\/blogdoprosperi.com\/?p=22979","url_meta":{"origin":22876,"position":1},"title":"Maicon cobra interven\u00e7\u00e3o dos dirigentes do S\u00e3o Paulo e uni\u00e3o dos jogadores","author":"Luiz Ant\u00f4nio Pr\u00f3speri","date":"25 de agosto de 2016","format":false,"excerpt":"\u00a0 S\u00e3o Paulo est\u00e1 \u00e0 beira de um colapso e muito perto de embicar em uma crise permanente at\u00e9 o fim desta temporada. H\u00e1 suspeita de relacionamento ruim entre jogadores. A derrota diante do Juventude, time em situa\u00e7\u00e3o complicada na S\u00e9rie C do Brasileir\u00e3o, s\u00f3 fez aumentar a fervura no\u2026","rel":"","context":"Em &quot;Campeonato Brasileiro&quot;","block_context":{"text":"Campeonato Brasileiro","link":"https:\/\/blogdoprosperi.com\/?cat=355071"},"img":{"alt_text":"","src":"https:\/\/i0.wp.com\/blogdoprosperi.com\/wp-content\/uploads\/2016\/08\/1reproducao.jpg?resize=350%2C200&ssl=1","width":350,"height":200,"srcset":"https:\/\/i0.wp.com\/blogdoprosperi.com\/wp-content\/uploads\/2016\/08\/1reproducao.jpg?resize=350%2C200&ssl=1 1x, https:\/\/i0.wp.com\/blogdoprosperi.com\/wp-content\/uploads\/2016\/08\/1reproducao.jpg?resize=525%2C300&ssl=1 1.5x"},"classes":[]},{"id":37677,"url":"https:\/\/blogdoprosperi.com\/?p=37677","url_meta":{"origin":22876,"position":2},"title":"Copa do Brasil \/ sorteio: Corinthians e Flamengo abrem oitavas de final, campe\u00e3o pode levar R$ 70 milh\u00f5es","author":"Luiz Ant\u00f4nio Pr\u00f3speri","date":"3 de maio de 2019","format":false,"excerpt":"Copa do Brasil 2019 ter\u00e1 confronto Corinthians x Flamengo nas oitavas de final e mais dois cl\u00e1ssicos nacionais entre Atl\u00e9tico-MG x Santos, e Cruzeiro x Fluminense, de acordo com sorteio realizado nesta quinta-feira (02\/5) na CBF. Esta fase vale R$ 2,5 milh\u00f5es ao clube que se classificar. E a cota\u2026","rel":"","context":"Em &quot;futebol&quot;","block_context":{"text":"futebol","link":"https:\/\/blogdoprosperi.com\/?cat=53870"},"img":{"alt_text":"","src":"https:\/\/i0.wp.com\/blogdoprosperi.com\/wp-content\/uploads\/2019\/05\/d5lpl7tw4autxlf.jpg?fit=1200%2C799&ssl=1&resize=350%2C200","width":350,"height":200,"srcset":"https:\/\/i0.wp.com\/blogdoprosperi.com\/wp-content\/uploads\/2019\/05\/d5lpl7tw4autxlf.jpg?fit=1200%2C799&ssl=1&resize=350%2C200 1x, https:\/\/i0.wp.com\/blogdoprosperi.com\/wp-content\/uploads\/2019\/05\/d5lpl7tw4autxlf.jpg?fit=1200%2C799&ssl=1&resize=525%2C300 1.5x, https:\/\/i0.wp.com\/blogdoprosperi.com\/wp-content\/uploads\/2019\/05\/d5lpl7tw4autxlf.jpg?fit=1200%2C799&ssl=1&resize=700%2C400 2x, https:\/\/i0.wp.com\/blogdoprosperi.com\/wp-content\/uploads\/2019\/05\/d5lpl7tw4autxlf.jpg?fit=1200%2C799&ssl=1&resize=1050%2C600 3x"},"classes":[]},{"id":24138,"url":"https:\/\/blogdoprosperi.com\/?p=24138","url_meta":{"origin":22876,"position":3},"title":"Ricardo Gomes escala S\u00e3o Paulo com medo do Palmeiras no cl\u00e1ssico","author":"Luiz Ant\u00f4nio Pr\u00f3speri","date":"5 de setembro de 2016","format":false,"excerpt":"Ricardo Gomes ensaia o S\u00e3o Paulo com tr\u00eas volantes e uma zaga lenta no cl\u00e1ssico contra o Palmeiras nesta quarta-feira (07\/9) no Allianz Parque. A d\u00favida: o treinador do Tricolor vai jogar na retranca com medo do l\u00edder ou n\u00e3o tem outra op\u00e7\u00e3o diante dos desfalques? \u00c0 dist\u00e2ncia, parece que\u2026","rel":"","context":"Em &quot;Campeonato Brasileiro&quot;","block_context":{"text":"Campeonato Brasileiro","link":"https:\/\/blogdoprosperi.com\/?cat=355071"},"img":{"alt_text":"","src":"https:\/\/i0.wp.com\/blogdoprosperi.com\/wp-content\/uploads\/2016\/09\/apresentac3a7c3a3o-do-tc3a9cnico-ricardo-gomes-no-spfc-02.jpg?resize=350%2C200&ssl=1","width":350,"height":200,"srcset":"https:\/\/i0.wp.com\/blogdoprosperi.com\/wp-content\/uploads\/2016\/09\/apresentac3a7c3a3o-do-tc3a9cnico-ricardo-gomes-no-spfc-02.jpg?resize=350%2C200&ssl=1 1x, https:\/\/i0.wp.com\/blogdoprosperi.com\/wp-content\/uploads\/2016\/09\/apresentac3a7c3a3o-do-tc3a9cnico-ricardo-gomes-no-spfc-02.jpg?resize=525%2C300&ssl=1 1.5x, https:\/\/i0.wp.com\/blogdoprosperi.com\/wp-content\/uploads\/2016\/09\/apresentac3a7c3a3o-do-tc3a9cnico-ricardo-gomes-no-spfc-02.jpg?resize=700%2C400&ssl=1 2x"},"classes":[]},{"id":23377,"url":"https:\/\/blogdoprosperi.com\/?p=23377","url_meta":{"origin":22876,"position":4},"title":"S\u00e3o Paulo aumenta valor de Rodrigo Caio e zagueiro n\u00e3o deve ser vendido","author":"Luiz Ant\u00f4nio Pr\u00f3speri","date":"29 de agosto de 2016","format":false,"excerpt":"S\u00e3o Paulo corre risco de n\u00e3o vender Rodrigo Caio nesta janela de transfer\u00eancia do futebol europeu que se fecha na quarta-feira (31\/8). Por decis\u00e3o do comando do clube, o valor pedido pelo jogador passou de 10 milh\u00f5es de euros para 15 milh\u00f5es depois da conquista da medalha de ouro nos\u2026","rel":"","context":"Em &quot;futebol&quot;","block_context":{"text":"futebol","link":"https:\/\/blogdoprosperi.com\/?cat=53870"},"img":{"alt_text":"","src":"https:\/\/i0.wp.com\/blogdoprosperi.com\/wp-content\/uploads\/2016\/08\/56ca2ed35ce04.jpeg?resize=350%2C200&ssl=1","width":350,"height":200,"srcset":"https:\/\/i0.wp.com\/blogdoprosperi.com\/wp-content\/uploads\/2016\/08\/56ca2ed35ce04.jpeg?resize=350%2C200&ssl=1 1x, https:\/\/i0.wp.com\/blogdoprosperi.com\/wp-content\/uploads\/2016\/08\/56ca2ed35ce04.jpeg?resize=525%2C300&ssl=1 1.5x"},"classes":[]},{"id":26425,"url":"https:\/\/blogdoprosperi.com\/?p=26425","url_meta":{"origin":22876,"position":5},"title":"Palmeiras, Cruzeiro, Santos e Atl\u00e9tico-MG partem como favoritos na Copa do Brasil","author":"Luiz Ant\u00f4nio Pr\u00f3speri","date":"23 de setembro de 2016","format":false,"excerpt":"Palmeiras, Cruzeiro,\u00a0Juventude e Internacional decidem em casa os confrontos das quartas de final da Copa do Brasil, como mostrou o sorteio dos jogos na CBF nesta sexta-feira (23\/9). Trata-se de uma vantagem consider\u00e1vel em uma competi\u00e7\u00e3o que leva o campe\u00e3o \u00e0 Copa Libertadores de 2017 e ainda paga ao vencedor\u2026","rel":"","context":"Em &quot;futebol&quot;","block_context":{"text":"futebol","link":"https:\/\/blogdoprosperi.com\/?cat=53870"},"img":{"alt_text":"","src":"https:\/\/i0.wp.com\/blogdoprosperi.com\/wp-content\/uploads\/2016\/09\/20160725124331694215a.jpg?resize=350%2C200","width":350,"height":200,"srcset":"https:\/\/i0.wp.com\/blogdoprosperi.com\/wp-content\/uploads\/2016\/09\/20160725124331694215a.jpg?resize=350%2C200 1x, https:\/\/i0.wp.com\/blogdoprosperi.com\/wp-content\/uploads\/2016\/09\/20160725124331694215a.jpg?resize=525%2C300 1.5x, https:\/\/i0.wp.com\/blogdoprosperi.com\/wp-content\/uploads\/2016\/09\/20160725124331694215a.jpg?resize=700%2C400 2x"},"classes":[]}],"jetpack_featured_media_url":"","_links":{"self":[{"href":"https:\/\/blogdoprosperi.com\/index.php?rest_route=\/wp\/v2\/posts\/22876","targetHints":{"allow":["GET"]}}],"collection":[{"href":"https:\/\/blogdoprosperi.com\/index.php?rest_route=\/wp\/v2\/posts"}],"about":[{"href":"https:\/\/blogdoprosperi.com\/index.php?rest_route=\/wp\/v2\/types\/post"}],"author":[{"embeddable":true,"href":"https:\/\/blogdoprosperi.com\/index.php?rest_route=\/wp\/v2\/users\/102107496"}],"replies":[{"embeddable":true,"href":"https:\/\/blogdoprosperi.com\/index.php?rest_route=%2Fwp%2Fv2%2Fcomments&post=22876"}],"version-history":[{"count":25,"href":"https:\/\/blogdoprosperi.com\/index.php?rest_route=\/wp\/v2\/posts\/22876\/revisions"}],"predecessor-version":[{"id":22978,"href":"https:\/\/blogdoprosperi.com\/index.php?rest_route=\/wp\/v2\/posts\/22876\/revisions\/22978"}],"wp:attachment":[{"href":"https:\/\/blogdoprosperi.com\/index.php?rest_route=%2Fwp%2Fv2%2Fmedia&parent=22876"}],"wp:term":[{"taxonomy":"category","embeddable":true,"href":"https:\/\/blogdoprosperi.com\/index.php?rest_route=%2Fwp%2Fv2%2Fcategories&post=22876"},{"taxonomy":"post_tag","embeddable":true,"href":"https:\/\/blogdoprosperi.com\/index.php?rest_route=%2Fwp%2Fv2%2Ftags&post=22876"}],"curies":[{"name":"wp","href":"https:\/\/api.w.org\/{rel}","templated":true}]}}