{"id":22979,"date":"2016-08-25T01:19:55","date_gmt":"2016-08-25T04:19:55","guid":{"rendered":"http:\/\/blogdoprosperi.com\/?p=22979"},"modified":"2016-08-25T01:22:33","modified_gmt":"2016-08-25T04:22:33","slug":"maicon-cobra-intervencao-dos-dirigentes-do-sao-paulo-e-uniao-dos-jogadores","status":"publish","type":"post","link":"https:\/\/blogdoprosperi.com\/?p=22979","title":{"rendered":"Maicon cobra interven\u00e7\u00e3o dos dirigentes do S\u00e3o Paulo e uni\u00e3o dos jogadores"},"content":{"rendered":"<p>&nbsp;<\/p>\n<p><span class=\"alignnone\"><img data-recalc-dims=\"1\" loading=\"lazy\" decoding=\"async\" data-attachment-id=\"23046\" data-permalink=\"https:\/\/blogdoprosperi.com\/?attachment_id=23046\" data-orig-file=\"https:\/\/i0.wp.com\/blogdoprosperi.com\/wp-content\/uploads\/2016\/08\/1reproducao.jpg?fit=640%2C480&amp;ssl=1\" data-orig-size=\"640,480\" data-comments-opened=\"1\" data-image-meta=\"{&quot;aperture&quot;:&quot;0&quot;,&quot;credit&quot;:&quot;&quot;,&quot;camera&quot;:&quot;&quot;,&quot;caption&quot;:&quot;&quot;,&quot;created_timestamp&quot;:&quot;0&quot;,&quot;copyright&quot;:&quot;&quot;,&quot;focal_length&quot;:&quot;0&quot;,&quot;iso&quot;:&quot;0&quot;,&quot;shutter_speed&quot;:&quot;0&quot;,&quot;title&quot;:&quot;&quot;,&quot;orientation&quot;:&quot;1&quot;}\" data-image-title=\"1reproducao\" data-image-description=\"\" data-image-caption=\"\" data-large-file=\"https:\/\/i0.wp.com\/blogdoprosperi.com\/wp-content\/uploads\/2016\/08\/1reproducao.jpg?fit=640%2C480&amp;ssl=1\" class=\"alignnone size-full wp-image-23046\" src=\"https:\/\/i0.wp.com\/blogdoprosperi.com\/wp-content\/uploads\/2016\/08\/1reproducao.jpg?resize=640%2C480&#038;ssl=1\" alt=\"1reproducao\" width=\"640\" height=\"480\" \/><\/span><\/p>\n<p>S\u00e3o Paulo est\u00e1 \u00e0 beira de um colapso e muito perto de embicar em uma crise permanente at\u00e9 o fim desta temporada. H\u00e1 suspeita de relacionamento ruim entre jogadores. A derrota diante do Juventude, time em situa\u00e7\u00e3o complicada na S\u00e9rie C do Brasileir\u00e3o, s\u00f3 fez aumentar a fervura no Morumbi. \u00c9 t\u00e3o n\u00edtida a gravidade do problema a ponto de o zagueiro Maicon, uma lideran\u00e7a no grupo, cobrar a interven\u00e7\u00e3o dos dirigentes. E urgente.<\/p>\n<p>Veja o apelo de Maicon ap\u00f3s o desastre no Morumbi com a derrota na Copa do Brasil:<\/p>\n<blockquote><p>&#8220;O que est\u00e1 acontecendo \u00e9 uma vergonha. Mudou de treinador, \u00e9 um treinador que tem feito um bom trabalho, apesar de pouco tempo. Mas a gente n\u00e3o est\u00e1 assimilando da melhor maneira poss\u00edvel. A gente est\u00e1 perdendo jogos dentro de casa que n\u00e3o \u00e9 para perder. A diretoria precisa intervir, descobrir onde est\u00e1 o erro, isso passa pelos jogadores e pela comiss\u00e3o t\u00e9cnica tamb\u00e9m&#8221;.<\/p><\/blockquote>\n<p>Quando um jogador de lideran\u00e7a pede a\u00e7\u00e3o r\u00e1pida dos cartolas \u00e9 porque o naufr\u00e1gio \u00e9 certo, \u00e9 quest\u00e3o de tempo.<\/p>\n<p><span class=\"alignnone\"><img data-recalc-dims=\"1\" loading=\"lazy\" decoding=\"async\" data-attachment-id=\"23038\" data-permalink=\"https:\/\/blogdoprosperi.com\/?attachment_id=23038\" data-orig-file=\"https:\/\/i0.wp.com\/blogdoprosperi.com\/wp-content\/uploads\/2016\/08\/luganoebuffa.jpg?fit=300%2C370&amp;ssl=1\" data-orig-size=\"300,370\" data-comments-opened=\"1\" data-image-meta=\"{&quot;aperture&quot;:&quot;0&quot;,&quot;credit&quot;:&quot;&quot;,&quot;camera&quot;:&quot;&quot;,&quot;caption&quot;:&quot;&quot;,&quot;created_timestamp&quot;:&quot;0&quot;,&quot;copyright&quot;:&quot;&quot;,&quot;focal_length&quot;:&quot;0&quot;,&quot;iso&quot;:&quot;0&quot;,&quot;shutter_speed&quot;:&quot;0&quot;,&quot;title&quot;:&quot;&quot;,&quot;orientation&quot;:&quot;0&quot;}\" data-image-title=\"luganoebuffa\" data-image-description=\"\" data-image-caption=\"\" data-large-file=\"https:\/\/i0.wp.com\/blogdoprosperi.com\/wp-content\/uploads\/2016\/08\/luganoebuffa.jpg?fit=300%2C370&amp;ssl=1\" class=\"alignnone size-full wp-image-23038 alignleft\" src=\"https:\/\/i0.wp.com\/blogdoprosperi.com\/wp-content\/uploads\/2016\/08\/luganoebuffa.jpg?resize=300%2C370&#038;ssl=1\" alt=\"luganoebuffa\" width=\"300\" height=\"370\" \/><\/span>Se desconfia de um famoso racha entre os jogadores. Um sintoma dessa diverg\u00eancia foi o longo di\u00e1logo entre o uruguaio Diego Lugano, um dos chefes do vesti\u00e1rio, e o argentino Buffarini, rec\u00e9m-chegado ao clube, ao final da partida sentados sozinhos no banco de reservas. Os dois conversaram por bons dez minutos quando n\u00e3o havia mais ningu\u00e9m no campo a n\u00e3o ser rep\u00f3rteres que cobriram o jogo no Morumbi.<\/p>\n<p>Dois estrangeiros isolados do grupo \u00e9 sintoma de que algo de muito estranho ronda o universo dos jogadores. N\u00e3o por acaso, Maicon cobrou uni\u00e3o. Veja o que disse o zagueiro:<\/p>\n<blockquote><p>&#8220;Todos t\u00eam que se unir e ver onde est\u00e1 o erro do S\u00e3o Paulo. A gente tem que estar sincronizado para tentar achar uma solu\u00e7\u00e3o para sair dessa situa\u00e7\u00e3o. Cada jogador est\u00e1 focado, ciente do que pode fazer. Claro que o S\u00e3o Paulo de hoje n\u00e3o \u00e9 o mesmo da Libertadores, isso tem que ficar bem claro. Sou bastante cobrado, principalmente em redes sociais, pelo Maicon de seis meses atr\u00e1s. Mas tem que ver que n\u00e3o \u00e9 o S\u00e3o Paulo de dois, tr\u00eas meses atr\u00e1s&#8221;.<\/p><\/blockquote>\n<p>A expectativa \u00e9 por um pronunciamento do comando do clube nesta quinta-feira (25\/8) diante de mais uma derrota desastrosa e dos sinais de crise de relacionamento entre os jogadores.<\/p>\n<p><span class=\"alignnone\"><img data-recalc-dims=\"1\" loading=\"lazy\" decoding=\"async\" data-attachment-id=\"23040\" data-permalink=\"https:\/\/blogdoprosperi.com\/?attachment_id=23040\" data-orig-file=\"https:\/\/i0.wp.com\/blogdoprosperi.com\/wp-content\/uploads\/2016\/08\/6992_crop_galeria1.jpg?fit=800%2C515&amp;ssl=1\" data-orig-size=\"800,515\" data-comments-opened=\"1\" data-image-meta=\"{&quot;aperture&quot;:&quot;0&quot;,&quot;credit&quot;:&quot;&quot;,&quot;camera&quot;:&quot;&quot;,&quot;caption&quot;:&quot;&quot;,&quot;created_timestamp&quot;:&quot;0&quot;,&quot;copyright&quot;:&quot;&quot;,&quot;focal_length&quot;:&quot;0&quot;,&quot;iso&quot;:&quot;0&quot;,&quot;shutter_speed&quot;:&quot;0&quot;,&quot;title&quot;:&quot;&quot;,&quot;orientation&quot;:&quot;0&quot;}\" data-image-title=\"6992_crop_galeria\" data-image-description=\"\" data-image-caption=\"\" data-large-file=\"https:\/\/i0.wp.com\/blogdoprosperi.com\/wp-content\/uploads\/2016\/08\/6992_crop_galeria1.jpg?fit=800%2C515&amp;ssl=1\" class=\"alignnone size-full wp-image-23040\" src=\"https:\/\/i0.wp.com\/blogdoprosperi.com\/wp-content\/uploads\/2016\/08\/6992_crop_galeria1.jpg?resize=800%2C515&#038;ssl=1\" alt=\"6992_crop_galeria\" width=\"800\" height=\"515\" \/><\/span><\/p>\n<p>Ao perder do Juventude por 2 a 1, no jogo de ida das oitavas de final da Copa do Brasil, o S\u00e3o Paulo precisa vencer o jogo de volta em Caxias por dois gols de diferen\u00e7a para continuar vivo na competi\u00e7\u00e3o.<\/p>\n<p>No Brasileir\u00e3o, a luta \u00e9 n\u00e3o se aproximar da zona de rebaixamento j\u00e1 neste in\u00edcio de segundo turno. O perigo \u00e9 logo ali.<\/p>\n<blockquote><p>&#8220;Nossa equipe n\u00e3o est\u00e1 conseguindo trocar tr\u00eas passes e a defesa fica exposta. Toda hora a bola chega ao nosso gol e uma acaba entrando. O S\u00e3o Paulo \u00e9 time grande e est\u00e1 jogando como time pequeno. A gente viu um S\u00e3o Paulo muito inferior contra o Inter (empate por 1 a 1 no Sul no domingo). Todos os jogadores t\u00eam de mostrar responsabilidade e vergonha na cara&#8221;, disse Maicon, encerrando o assunto.<\/p><\/blockquote>\n<p>Dirigentes que esfarelaram o time, com a venda de Ganso, a sa\u00edda de Alan Kardec e Calleri e a iminente perda de Rodrigo Caio, est\u00e3o com a palavra. Tamb\u00e9m n\u00e3o perceberam que n\u00e3o se preparam ao deixar escapar Edgardo Bauza, de p\u00edfios resultados em pouco mais de 50 jogos.<\/p>\n<p>O S\u00e3o Paulo entrou em um caminho, parece, sem volta. \u00c9 preciso pensar na temporada de 2017. A de 2016 acabou.<\/p>\n","protected":false},"excerpt":{"rendered":"<p>&nbsp; S\u00e3o Paulo est\u00e1 \u00e0 beira de um colapso e muito perto de embicar em uma crise permanente [&hellip;]<\/p>\n","protected":false},"author":102107496,"featured_media":0,"comment_status":"open","ping_status":"open","sticky":false,"template":"","format":"standard","meta":{"_coblocks_attr":"","_coblocks_dimensions":"","_coblocks_responsive_height":"","_coblocks_accordion_ie_support":"","_jetpack_newsletter_access":"","_jetpack_dont_email_post_to_subs":false,"_jetpack_newsletter_tier_id":0,"_jetpack_memberships_contains_paywalled_content":false,"_wpcom_ai_launchpad_first_post":false,"_jetpack_feature_clip_id":0,"_jetpack_memberships_contains_paid_content":false,"footnotes":"","jetpack_publicize_message":"","jetpack_publicize_feature_enabled":true,"jetpack_social_post_already_shared":false,"jetpack_social_options":{"image_generator_settings":{"template":"highway","default_image_id":0,"font":"","enabled":false},"version":2},"jetpack_post_was_ever_published":false},"categories":[355071,53870],"tags":[362595295,81368504,789560570,789560560,522681,656613,972018],"class_list":["post-22979","post","type-post","status-publish","format-standard","hentry","category-campeonato-brasileiro","category-futebol","tag-brasileirao-2016","tag-buffarini","tag-copa-do-brasil","tag-futebol","tag-lugano","tag-maicon","tag-sao-paulo-fc"],"yoast_head":"<!-- This site is optimized with the Yoast SEO plugin v28.4 - https:\/\/yoast.com\/product\/yoast-seo-wordpress\/ -->\n<title>Maicon cobra interven\u00e7\u00e3o dos dirigentes do S\u00e3o Paulo e uni\u00e3o dos jogadores - PR\u00d3SPERI NEWS<\/title>\n<meta name=\"robots\" content=\"index, follow, max-snippet:-1, max-image-preview:large, max-video-preview:-1\" \/>\n<link rel=\"canonical\" href=\"https:\/\/blogdoprosperi.com\/?p=22979\" \/>\n<meta property=\"og:locale\" content=\"pt_BR\" \/>\n<meta property=\"og:type\" content=\"article\" \/>\n<meta property=\"og:title\" content=\"Maicon cobra interven\u00e7\u00e3o dos dirigentes do S\u00e3o Paulo e uni\u00e3o dos jogadores - PR\u00d3SPERI NEWS\" \/>\n<meta property=\"og:description\" content=\"&nbsp; S\u00e3o Paulo est\u00e1 \u00e0 beira de um colapso e muito perto de embicar em uma crise permanente [&hellip;]\" \/>\n<meta property=\"og:url\" content=\"https:\/\/blogdoprosperi.com\/?p=22979\" \/>\n<meta property=\"og:site_name\" content=\"PR\u00d3SPERI NEWS\" \/>\n<meta property=\"article:publisher\" content=\"Luiz Pr\u00f3speri\" \/>\n<meta property=\"article:author\" content=\"Luiz Pr\u00f3speri\" \/>\n<meta property=\"article:published_time\" content=\"2016-08-25T04:19:55+00:00\" \/>\n<meta property=\"article:modified_time\" content=\"2016-08-25T04:22:33+00:00\" \/>\n<meta property=\"og:image\" content=\"https:\/\/blogdoprosperi.com\/wp-content\/uploads\/2016\/08\/1reproducao.jpg\" \/>\n<meta name=\"author\" content=\"Luiz Ant\u00f4nio Pr\u00f3speri\" \/>\n<meta name=\"twitter:card\" content=\"summary_large_image\" \/>\n<meta name=\"twitter:creator\" content=\"@Luizprosperi\" \/>\n<meta name=\"twitter:site\" content=\"@Luizprosperi\" \/>\n<meta name=\"twitter:label1\" content=\"Escrito por\" \/>\n\t<meta name=\"twitter:data1\" content=\"Luiz Ant\u00f4nio Pr\u00f3speri\" \/>\n\t<meta name=\"twitter:label2\" content=\"Est. tempo de leitura\" \/>\n\t<meta name=\"twitter:data2\" content=\"3 minutos\" \/>\n<script type=\"application\/ld+json\" class=\"yoast-schema-graph\">{\"@context\":\"https:\\\/\\\/schema.org\",\"@graph\":[{\"@type\":\"Article\",\"@id\":\"https:\\\/\\\/blogdoprosperi.com\\\/?p=22979#article\",\"isPartOf\":{\"@id\":\"https:\\\/\\\/blogdoprosperi.com\\\/?p=22979\"},\"author\":{\"name\":\"Luiz Ant\u00f4nio Pr\u00f3speri\",\"@id\":\"https:\\\/\\\/blogdoprosperi.com\\\/#\\\/schema\\\/person\\\/38100755ce3601861ee4fab9b5aa78e9\"},\"headline\":\"Maicon cobra interven\u00e7\u00e3o dos dirigentes do S\u00e3o Paulo e uni\u00e3o dos jogadores\",\"datePublished\":\"2016-08-25T04:19:55+00:00\",\"dateModified\":\"2016-08-25T04:22:33+00:00\",\"mainEntityOfPage\":{\"@id\":\"https:\\\/\\\/blogdoprosperi.com\\\/?p=22979\"},\"wordCount\":645,\"commentCount\":0,\"publisher\":{\"@id\":\"https:\\\/\\\/blogdoprosperi.com\\\/#\\\/schema\\\/person\\\/38100755ce3601861ee4fab9b5aa78e9\"},\"image\":{\"@id\":\"https:\\\/\\\/blogdoprosperi.com\\\/?p=22979#primaryimage\"},\"thumbnailUrl\":\"https:\\\/\\\/blogdoprosperi.com\\\/wp-content\\\/uploads\\\/2016\\\/08\\\/1reproducao.jpg\",\"keywords\":[\"Brasileir\u00e3o-2016\",\"Buffarini\",\"Copa do Brasil\",\"futebol\",\"Lugano\",\"Maicon\",\"S\u00e3o Paulo FC\"],\"articleSection\":[\"Campeonato Brasileiro\",\"futebol\"],\"inLanguage\":\"pt-BR\",\"potentialAction\":[{\"@type\":\"CommentAction\",\"name\":\"Comment\",\"target\":[\"https:\\\/\\\/blogdoprosperi.com\\\/?p=22979#respond\"]}]},{\"@type\":\"WebPage\",\"@id\":\"https:\\\/\\\/blogdoprosperi.com\\\/?p=22979\",\"url\":\"https:\\\/\\\/blogdoprosperi.com\\\/?p=22979\",\"name\":\"Maicon cobra interven\u00e7\u00e3o dos dirigentes do S\u00e3o Paulo e uni\u00e3o dos jogadores - PR\u00d3SPERI NEWS\",\"isPartOf\":{\"@id\":\"https:\\\/\\\/blogdoprosperi.com\\\/#website\"},\"primaryImageOfPage\":{\"@id\":\"https:\\\/\\\/blogdoprosperi.com\\\/?p=22979#primaryimage\"},\"image\":{\"@id\":\"https:\\\/\\\/blogdoprosperi.com\\\/?p=22979#primaryimage\"},\"thumbnailUrl\":\"https:\\\/\\\/blogdoprosperi.com\\\/wp-content\\\/uploads\\\/2016\\\/08\\\/1reproducao.jpg\",\"datePublished\":\"2016-08-25T04:19:55+00:00\",\"dateModified\":\"2016-08-25T04:22:33+00:00\",\"breadcrumb\":{\"@id\":\"https:\\\/\\\/blogdoprosperi.com\\\/?p=22979#breadcrumb\"},\"inLanguage\":\"pt-BR\",\"potentialAction\":[{\"@type\":\"ReadAction\",\"target\":[\"https:\\\/\\\/blogdoprosperi.com\\\/?p=22979\"]}]},{\"@type\":\"ImageObject\",\"inLanguage\":\"pt-BR\",\"@id\":\"https:\\\/\\\/blogdoprosperi.com\\\/?p=22979#primaryimage\",\"url\":\"https:\\\/\\\/i0.wp.com\\\/blogdoprosperi.com\\\/wp-content\\\/uploads\\\/2016\\\/08\\\/1reproducao.jpg?fit=640%2C480&ssl=1\",\"contentUrl\":\"https:\\\/\\\/i0.wp.com\\\/blogdoprosperi.com\\\/wp-content\\\/uploads\\\/2016\\\/08\\\/1reproducao.jpg?fit=640%2C480&ssl=1\",\"width\":640,\"height\":480},{\"@type\":\"BreadcrumbList\",\"@id\":\"https:\\\/\\\/blogdoprosperi.com\\\/?p=22979#breadcrumb\",\"itemListElement\":[{\"@type\":\"ListItem\",\"position\":1,\"name\":\"In\u00edcio\",\"item\":\"https:\\\/\\\/blogdoprosperi.com\\\/\"},{\"@type\":\"ListItem\",\"position\":2,\"name\":\"Maicon cobra interven\u00e7\u00e3o dos dirigentes do S\u00e3o Paulo e uni\u00e3o dos jogadores\"}]},{\"@type\":\"WebSite\",\"@id\":\"https:\\\/\\\/blogdoprosperi.com\\\/#website\",\"url\":\"https:\\\/\\\/blogdoprosperi.com\\\/\",\"name\":\"PR\u00d3SPERI NEWS\",\"description\":\"TUDO \u00c9  FUTEBOL\",\"publisher\":{\"@id\":\"https:\\\/\\\/blogdoprosperi.com\\\/#\\\/schema\\\/person\\\/38100755ce3601861ee4fab9b5aa78e9\"},\"alternateName\":\"blogdoprosperi.com\",\"potentialAction\":[{\"@type\":\"SearchAction\",\"target\":{\"@type\":\"EntryPoint\",\"urlTemplate\":\"https:\\\/\\\/blogdoprosperi.com\\\/?s={search_term_string}\"},\"query-input\":{\"@type\":\"PropertyValueSpecification\",\"valueRequired\":true,\"valueName\":\"search_term_string\"}}],\"inLanguage\":\"pt-BR\"},{\"@type\":[\"Person\",\"Organization\"],\"@id\":\"https:\\\/\\\/blogdoprosperi.com\\\/#\\\/schema\\\/person\\\/38100755ce3601861ee4fab9b5aa78e9\",\"name\":\"Luiz Ant\u00f4nio Pr\u00f3speri\",\"pronouns\":\"ele\",\"image\":{\"@type\":\"ImageObject\",\"inLanguage\":\"pt-BR\",\"@id\":\"https:\\\/\\\/i0.wp.com\\\/blogdoprosperi.com\\\/wp-content\\\/uploads\\\/2026\\\/05\\\/cropped-8059e613-6002-42fa-961e-8e275f575d71-2-5.jpg?fit=1360%2C931&ssl=1\",\"url\":\"https:\\\/\\\/i0.wp.com\\\/blogdoprosperi.com\\\/wp-content\\\/uploads\\\/2026\\\/05\\\/cropped-8059e613-6002-42fa-961e-8e275f575d71-2-5.jpg?fit=1360%2C931&ssl=1\",\"contentUrl\":\"https:\\\/\\\/i0.wp.com\\\/blogdoprosperi.com\\\/wp-content\\\/uploads\\\/2026\\\/05\\\/cropped-8059e613-6002-42fa-961e-8e275f575d71-2-5.jpg?fit=1360%2C931&ssl=1\",\"width\":1360,\"height\":931,\"caption\":\"Luiz Ant\u00f4nio Pr\u00f3speri\"},\"logo\":{\"@id\":\"https:\\\/\\\/i0.wp.com\\\/blogdoprosperi.com\\\/wp-content\\\/uploads\\\/2026\\\/05\\\/cropped-8059e613-6002-42fa-961e-8e275f575d71-2-5.jpg?fit=1360%2C931&ssl=1\"},\"description\":\"Jornalista com carreira dedicada ao esporte. Cobriu 9 Copas do Mundo in loco, 1990 na It\u00e1lia, 1994 nos EUA, 1998 na Fran\u00e7a, 2002 na Coreia do Sul e Jap\u00e3o, 2006 na Alemanha, 2010 na \u00c1frica do Sul, 2014 no Brasil, 2018 na R\u00fassia e 2022 no Qatar. Eurocopas, 1992 na Su\u00e9cia e 1996 na Inglaterra. Copa das Confedera\u00e7\u00f5es de 2005 na Alemanha e 2009 na \u00c1frica do Sul. Rep\u00f3rter e Editor, trabalhou no Jornal da Tarde e Estad\u00e3o, de 1984 a fevereiro de 2016. Colunista, blogueiro. E comentarista de futebol na R\u00e1dio Estad\u00e3o, de 2013 a fevereiro de 2016. Jornalista respons\u00e1vel do \\\"Pr\u00f3speri News\\\" (blogdoprosperi.com).\",\"sameAs\":[\"http:\\\/\\\/blogdoprosperi.com\",\"Luiz Pr\u00f3speri\",\"@luiz_prosperi\",\"https:\\\/\\\/x.com\\\/Luizprosperi\",\"@prosperinacopa\",\"luiz.prosperi@icloud.com\"],\"url\":\"https:\\\/\\\/blogdoprosperi.com\\\/?author=102107496\"}]}<\/script>\n<!-- \/ Yoast SEO plugin. -->","yoast_head_json":{"title":"Maicon cobra interven\u00e7\u00e3o dos dirigentes do S\u00e3o Paulo e uni\u00e3o dos jogadores - PR\u00d3SPERI NEWS","robots":{"index":"index","follow":"follow","max-snippet":"max-snippet:-1","max-image-preview":"max-image-preview:large","max-video-preview":"max-video-preview:-1"},"canonical":"https:\/\/blogdoprosperi.com\/?p=22979","og_locale":"pt_BR","og_type":"article","og_title":"Maicon cobra interven\u00e7\u00e3o dos dirigentes do S\u00e3o Paulo e uni\u00e3o dos jogadores - PR\u00d3SPERI NEWS","og_description":"&nbsp; S\u00e3o Paulo est\u00e1 \u00e0 beira de um colapso e muito perto de embicar em uma crise permanente [&hellip;]","og_url":"https:\/\/blogdoprosperi.com\/?p=22979","og_site_name":"PR\u00d3SPERI NEWS","article_publisher":"Luiz Pr\u00f3speri","article_author":"Luiz Pr\u00f3speri","article_published_time":"2016-08-25T04:19:55+00:00","article_modified_time":"2016-08-25T04:22:33+00:00","og_image":[{"url":"https:\/\/blogdoprosperi.com\/wp-content\/uploads\/2016\/08\/1reproducao.jpg","type":"","width":"","height":""}],"author":"Luiz Ant\u00f4nio Pr\u00f3speri","twitter_card":"summary_large_image","twitter_creator":"@Luizprosperi","twitter_site":"@Luizprosperi","twitter_misc":{"Escrito por":"Luiz Ant\u00f4nio Pr\u00f3speri","Est. tempo de leitura":"3 minutos"},"schema":{"@context":"https:\/\/schema.org","@graph":[{"@type":"Article","@id":"https:\/\/blogdoprosperi.com\/?p=22979#article","isPartOf":{"@id":"https:\/\/blogdoprosperi.com\/?p=22979"},"author":{"name":"Luiz Ant\u00f4nio Pr\u00f3speri","@id":"https:\/\/blogdoprosperi.com\/#\/schema\/person\/38100755ce3601861ee4fab9b5aa78e9"},"headline":"Maicon cobra interven\u00e7\u00e3o dos dirigentes do S\u00e3o Paulo e uni\u00e3o dos jogadores","datePublished":"2016-08-25T04:19:55+00:00","dateModified":"2016-08-25T04:22:33+00:00","mainEntityOfPage":{"@id":"https:\/\/blogdoprosperi.com\/?p=22979"},"wordCount":645,"commentCount":0,"publisher":{"@id":"https:\/\/blogdoprosperi.com\/#\/schema\/person\/38100755ce3601861ee4fab9b5aa78e9"},"image":{"@id":"https:\/\/blogdoprosperi.com\/?p=22979#primaryimage"},"thumbnailUrl":"https:\/\/blogdoprosperi.com\/wp-content\/uploads\/2016\/08\/1reproducao.jpg","keywords":["Brasileir\u00e3o-2016","Buffarini","Copa do Brasil","futebol","Lugano","Maicon","S\u00e3o Paulo FC"],"articleSection":["Campeonato Brasileiro","futebol"],"inLanguage":"pt-BR","potentialAction":[{"@type":"CommentAction","name":"Comment","target":["https:\/\/blogdoprosperi.com\/?p=22979#respond"]}]},{"@type":"WebPage","@id":"https:\/\/blogdoprosperi.com\/?p=22979","url":"https:\/\/blogdoprosperi.com\/?p=22979","name":"Maicon cobra interven\u00e7\u00e3o dos dirigentes do S\u00e3o Paulo e uni\u00e3o dos jogadores - PR\u00d3SPERI NEWS","isPartOf":{"@id":"https:\/\/blogdoprosperi.com\/#website"},"primaryImageOfPage":{"@id":"https:\/\/blogdoprosperi.com\/?p=22979#primaryimage"},"image":{"@id":"https:\/\/blogdoprosperi.com\/?p=22979#primaryimage"},"thumbnailUrl":"https:\/\/blogdoprosperi.com\/wp-content\/uploads\/2016\/08\/1reproducao.jpg","datePublished":"2016-08-25T04:19:55+00:00","dateModified":"2016-08-25T04:22:33+00:00","breadcrumb":{"@id":"https:\/\/blogdoprosperi.com\/?p=22979#breadcrumb"},"inLanguage":"pt-BR","potentialAction":[{"@type":"ReadAction","target":["https:\/\/blogdoprosperi.com\/?p=22979"]}]},{"@type":"ImageObject","inLanguage":"pt-BR","@id":"https:\/\/blogdoprosperi.com\/?p=22979#primaryimage","url":"https:\/\/i0.wp.com\/blogdoprosperi.com\/wp-content\/uploads\/2016\/08\/1reproducao.jpg?fit=640%2C480&ssl=1","contentUrl":"https:\/\/i0.wp.com\/blogdoprosperi.com\/wp-content\/uploads\/2016\/08\/1reproducao.jpg?fit=640%2C480&ssl=1","width":640,"height":480},{"@type":"BreadcrumbList","@id":"https:\/\/blogdoprosperi.com\/?p=22979#breadcrumb","itemListElement":[{"@type":"ListItem","position":1,"name":"In\u00edcio","item":"https:\/\/blogdoprosperi.com\/"},{"@type":"ListItem","position":2,"name":"Maicon cobra interven\u00e7\u00e3o dos dirigentes do S\u00e3o Paulo e uni\u00e3o dos jogadores"}]},{"@type":"WebSite","@id":"https:\/\/blogdoprosperi.com\/#website","url":"https:\/\/blogdoprosperi.com\/","name":"PR\u00d3SPERI NEWS","description":"TUDO \u00c9  FUTEBOL","publisher":{"@id":"https:\/\/blogdoprosperi.com\/#\/schema\/person\/38100755ce3601861ee4fab9b5aa78e9"},"alternateName":"blogdoprosperi.com","potentialAction":[{"@type":"SearchAction","target":{"@type":"EntryPoint","urlTemplate":"https:\/\/blogdoprosperi.com\/?s={search_term_string}"},"query-input":{"@type":"PropertyValueSpecification","valueRequired":true,"valueName":"search_term_string"}}],"inLanguage":"pt-BR"},{"@type":["Person","Organization"],"@id":"https:\/\/blogdoprosperi.com\/#\/schema\/person\/38100755ce3601861ee4fab9b5aa78e9","name":"Luiz Ant\u00f4nio Pr\u00f3speri","pronouns":"ele","image":{"@type":"ImageObject","inLanguage":"pt-BR","@id":"https:\/\/i0.wp.com\/blogdoprosperi.com\/wp-content\/uploads\/2026\/05\/cropped-8059e613-6002-42fa-961e-8e275f575d71-2-5.jpg?fit=1360%2C931&ssl=1","url":"https:\/\/i0.wp.com\/blogdoprosperi.com\/wp-content\/uploads\/2026\/05\/cropped-8059e613-6002-42fa-961e-8e275f575d71-2-5.jpg?fit=1360%2C931&ssl=1","contentUrl":"https:\/\/i0.wp.com\/blogdoprosperi.com\/wp-content\/uploads\/2026\/05\/cropped-8059e613-6002-42fa-961e-8e275f575d71-2-5.jpg?fit=1360%2C931&ssl=1","width":1360,"height":931,"caption":"Luiz Ant\u00f4nio Pr\u00f3speri"},"logo":{"@id":"https:\/\/i0.wp.com\/blogdoprosperi.com\/wp-content\/uploads\/2026\/05\/cropped-8059e613-6002-42fa-961e-8e275f575d71-2-5.jpg?fit=1360%2C931&ssl=1"},"description":"Jornalista com carreira dedicada ao esporte. Cobriu 9 Copas do Mundo in loco, 1990 na It\u00e1lia, 1994 nos EUA, 1998 na Fran\u00e7a, 2002 na Coreia do Sul e Jap\u00e3o, 2006 na Alemanha, 2010 na \u00c1frica do Sul, 2014 no Brasil, 2018 na R\u00fassia e 2022 no Qatar. Eurocopas, 1992 na Su\u00e9cia e 1996 na Inglaterra. Copa das Confedera\u00e7\u00f5es de 2005 na Alemanha e 2009 na \u00c1frica do Sul. Rep\u00f3rter e Editor, trabalhou no Jornal da Tarde e Estad\u00e3o, de 1984 a fevereiro de 2016. Colunista, blogueiro. E comentarista de futebol na R\u00e1dio Estad\u00e3o, de 2013 a fevereiro de 2016. Jornalista respons\u00e1vel do \"Pr\u00f3speri News\" (blogdoprosperi.com).","sameAs":["http:\/\/blogdoprosperi.com","Luiz Pr\u00f3speri","@luiz_prosperi","https:\/\/x.com\/Luizprosperi","@prosperinacopa","luiz.prosperi@icloud.com"],"url":"https:\/\/blogdoprosperi.com\/?author=102107496"}]}},"jetpack_publicize_connections":[],"jetpack_likes_enabled":false,"jetpack_sharing_enabled":true,"jetpack_shortlink":"https:\/\/wp.me\/p7jvdk-5YD","jetpack-related-posts":[{"id":9988,"url":"https:\/\/blogdoprosperi.com\/?p=9988","url_meta":{"origin":22979,"position":0},"title":"S\u00e3o Paulo n\u00e3o pode depender apenas de Maicon, virada do Atl\u00e9tico-PR serve como li\u00e7\u00e3o","author":"Luiz Ant\u00f4nio Pr\u00f3speri","date":"12 de junho de 2016","format":false,"excerpt":"O S\u00e3o Paulo jogou apenas o primeiro tempo, carregado por Maicon. No segundo, vacilou em \u00a0momentos decisivos para definir o jogo e levou a virada do Atl\u00e9tico-PR por 2 a 1, na s\u00e9tima rodada do Brasileir\u00e3o. A derrota serve como li\u00e7\u00e3o a um time que costuma ser forte fora de\u2026","rel":"","context":"Em &quot;futebol&quot;","block_context":{"text":"futebol","link":"https:\/\/blogdoprosperi.com\/?cat=53870"},"img":{"alt_text":"","src":"https:\/\/i0.wp.com\/blogdoprosperi.com\/wp-content\/uploads\/2016\/06\/sao13.jpg?resize=350%2C200","width":350,"height":200,"srcset":"https:\/\/i0.wp.com\/blogdoprosperi.com\/wp-content\/uploads\/2016\/06\/sao13.jpg?resize=350%2C200 1x, https:\/\/i0.wp.com\/blogdoprosperi.com\/wp-content\/uploads\/2016\/06\/sao13.jpg?resize=525%2C300 1.5x, https:\/\/i0.wp.com\/blogdoprosperi.com\/wp-content\/uploads\/2016\/06\/sao13.jpg?resize=700%2C400 2x, https:\/\/i0.wp.com\/blogdoprosperi.com\/wp-content\/uploads\/2016\/06\/sao13.jpg?resize=1050%2C600 3x, https:\/\/i0.wp.com\/blogdoprosperi.com\/wp-content\/uploads\/2016\/06\/sao13.jpg?resize=1400%2C800 4x"},"classes":[]},{"id":15192,"url":"https:\/\/blogdoprosperi.com\/?p=15192","url_meta":{"origin":22979,"position":1},"title":"Maicon derrota S\u00e3o Paulo na Libertadores","author":"Luiz Ant\u00f4nio Pr\u00f3speri","date":"7 de julho de 2016","format":false,"excerpt":"Um empurr\u00e3o na cara de um colombiano acabou com o S\u00e3o Paulo no primeiro jogo das semifinais da Copa Libertadores. Maicon, zagueiro de R$ 22 milh\u00f5es contratado para ser o xerife, virou vil\u00e3o ao ser expulso no segundo tempo. Sem seu l\u00edder em campo, o time se desmoronou e saiu\u2026","rel":"","context":"Em &quot;futebol&quot;","block_context":{"text":"futebol","link":"https:\/\/blogdoprosperi.com\/?cat=53870"},"img":{"alt_text":"","src":"https:\/\/i0.wp.com\/blogdoprosperi.com\/wp-content\/uploads\/2016\/07\/96e3ad149426edcf6e255374a755355b.jpg?resize=350%2C200&ssl=1","width":350,"height":200,"srcset":"https:\/\/i0.wp.com\/blogdoprosperi.com\/wp-content\/uploads\/2016\/07\/96e3ad149426edcf6e255374a755355b.jpg?resize=350%2C200&ssl=1 1x, https:\/\/i0.wp.com\/blogdoprosperi.com\/wp-content\/uploads\/2016\/07\/96e3ad149426edcf6e255374a755355b.jpg?resize=525%2C300&ssl=1 1.5x, https:\/\/i0.wp.com\/blogdoprosperi.com\/wp-content\/uploads\/2016\/07\/96e3ad149426edcf6e255374a755355b.jpg?resize=700%2C400&ssl=1 2x, https:\/\/i0.wp.com\/blogdoprosperi.com\/wp-content\/uploads\/2016\/07\/96e3ad149426edcf6e255374a755355b.jpg?resize=1050%2C600&ssl=1 3x, https:\/\/i0.wp.com\/blogdoprosperi.com\/wp-content\/uploads\/2016\/07\/96e3ad149426edcf6e255374a755355b.jpg?resize=1400%2C800&ssl=1 4x"},"classes":[]},{"id":19019,"url":"https:\/\/blogdoprosperi.com\/?p=19019","url_meta":{"origin":22979,"position":2},"title":"S\u00e3o Paulo sofre derrota no adeus a Bauza e torcida n\u00e3o vai sentir saudade do argentino","author":"Luiz Ant\u00f4nio Pr\u00f3speri","date":"4 de agosto de 2016","format":false,"excerpt":"S\u00e3o Paulo perder no Morumbi nesta temporada n\u00e3o \u00e9 um absurdo. A diferen\u00e7a \u00e9 que esta derrota marcou a despedida de Edgardo Bauza, novo treinador da Argentina. Isso mesmo, t\u00e9cnico da sele\u00e7\u00e3o de Lionel Messi. O treinador argentino vai embora e, segundo a torcida s\u00e3o-paulina, n\u00e3o vai deixar saudade. Nesta\u2026","rel":"","context":"Em &quot;Campeonato Brasileiro&quot;","block_context":{"text":"Campeonato Brasileiro","link":"https:\/\/blogdoprosperi.com\/?cat=355071"},"img":{"alt_text":"","src":"https:\/\/i0.wp.com\/blogdoprosperi.com\/wp-content\/uploads\/2016\/08\/rib_5600_sp9e0ge.jpg?resize=350%2C200&ssl=1","width":350,"height":200,"srcset":"https:\/\/i0.wp.com\/blogdoprosperi.com\/wp-content\/uploads\/2016\/08\/rib_5600_sp9e0ge.jpg?resize=350%2C200&ssl=1 1x, https:\/\/i0.wp.com\/blogdoprosperi.com\/wp-content\/uploads\/2016\/08\/rib_5600_sp9e0ge.jpg?resize=525%2C300&ssl=1 1.5x"},"classes":[]},{"id":16263,"url":"https:\/\/blogdoprosperi.com\/?p=16263","url_meta":{"origin":22979,"position":3},"title":"S\u00e3o Paulo perde jogadores, enfraquece time e abate despesas com Maicon e Cueva","author":"Luiz Ant\u00f4nio Pr\u00f3speri","date":"15 de julho de 2016","format":false,"excerpt":"S\u00e3o Paulo tem baixas importantes. Atl\u00e9tico Nacional \u00e9 alvo de suspeitas de corrup\u00e7\u00e3o","rel":"","context":"Em &quot;futebol&quot;","block_context":{"text":"futebol","link":"https:\/\/blogdoprosperi.com\/?cat=53870"},"img":{"alt_text":"","src":"https:\/\/i0.wp.com\/blogdoprosperi.com\/wp-content\/uploads\/2016\/07\/1398.jpg?resize=350%2C200&ssl=1","width":350,"height":200,"srcset":"https:\/\/i0.wp.com\/blogdoprosperi.com\/wp-content\/uploads\/2016\/07\/1398.jpg?resize=350%2C200&ssl=1 1x, https:\/\/i0.wp.com\/blogdoprosperi.com\/wp-content\/uploads\/2016\/07\/1398.jpg?resize=525%2C300&ssl=1 1.5x"},"classes":[]},{"id":7594,"url":"https:\/\/blogdoprosperi.com\/?p=7594","url_meta":{"origin":22979,"position":4},"title":"S\u00e3o Paulo encontra seu caminho, Palmeiras perde o rumo","author":"Luiz Ant\u00f4nio Pr\u00f3speri","date":"30 de maio de 2016","format":false,"excerpt":"O S\u00e3o Paulo deu mais uma prova de sua ambi\u00e7\u00e3o nesta temporada. Depois do salto gigantesco na Libertadores, quando passou de desacreditado a postulante ao t\u00edtulo, come\u00e7a a mostrar autoridade no Campeonato Brasileiro. Deixou isso bem claro ao derrotar o Palmeiras por 1 a 0 no cl\u00e1ssico no Morumbi, neste\u2026","rel":"","context":"Em &quot;futebol&quot;","block_context":{"text":"futebol","link":"https:\/\/blogdoprosperi.com\/?cat=53870"},"img":{"alt_text":"","src":"https:\/\/i0.wp.com\/blogdoprosperi.com\/wp-content\/uploads\/2016\/05\/ganso-gol-sp-x-palmeiras-1.jpg?resize=350%2C200&ssl=1","width":350,"height":200,"srcset":"https:\/\/i0.wp.com\/blogdoprosperi.com\/wp-content\/uploads\/2016\/05\/ganso-gol-sp-x-palmeiras-1.jpg?resize=350%2C200&ssl=1 1x, https:\/\/i0.wp.com\/blogdoprosperi.com\/wp-content\/uploads\/2016\/05\/ganso-gol-sp-x-palmeiras-1.jpg?resize=525%2C300&ssl=1 1.5x, https:\/\/i0.wp.com\/blogdoprosperi.com\/wp-content\/uploads\/2016\/05\/ganso-gol-sp-x-palmeiras-1.jpg?resize=700%2C400&ssl=1 2x"},"classes":[]},{"id":16941,"url":"https:\/\/blogdoprosperi.com\/?p=16941","url_meta":{"origin":22979,"position":5},"title":"S\u00e3o Paulo investe R$ 40 milh\u00f5es em refor\u00e7os e segura t\u00e9cnico Bauza","author":"Luiz Ant\u00f4nio Pr\u00f3speri","date":"20 de julho de 2016","format":false,"excerpt":"S\u00e3o Paulo estava no pared\u00e3o ap\u00f3s a queda na Libertadores. Contratava refor\u00e7os a pedido de Edgardo Bauza ou corria o risco de perder seu treinador. No desespero, o clube investiu R$ 40 milh\u00f5es em quatro jogadores, incluindo zagueiro Maicon, e garantiu a perman\u00eancia do t\u00e9cnico argentino no comando do time.\u2026","rel":"","context":"Em &quot;futebol&quot;","block_context":{"text":"futebol","link":"https:\/\/blogdoprosperi.com\/?cat=53870"},"img":{"alt_text":"","src":"https:\/\/i0.wp.com\/blogdoprosperi.com\/wp-content\/uploads\/2016\/07\/f_329107.jpg?resize=350%2C200","width":350,"height":200,"srcset":"https:\/\/i0.wp.com\/blogdoprosperi.com\/wp-content\/uploads\/2016\/07\/f_329107.jpg?resize=350%2C200 1x, https:\/\/i0.wp.com\/blogdoprosperi.com\/wp-content\/uploads\/2016\/07\/f_329107.jpg?resize=525%2C300 1.5x, https:\/\/i0.wp.com\/blogdoprosperi.com\/wp-content\/uploads\/2016\/07\/f_329107.jpg?resize=700%2C400 2x"},"classes":[]}],"jetpack_featured_media_url":"","_links":{"self":[{"href":"https:\/\/blogdoprosperi.com\/index.php?rest_route=\/wp\/v2\/posts\/22979","targetHints":{"allow":["GET"]}}],"collection":[{"href":"https:\/\/blogdoprosperi.com\/index.php?rest_route=\/wp\/v2\/posts"}],"about":[{"href":"https:\/\/blogdoprosperi.com\/index.php?rest_route=\/wp\/v2\/types\/post"}],"author":[{"embeddable":true,"href":"https:\/\/blogdoprosperi.com\/index.php?rest_route=\/wp\/v2\/users\/102107496"}],"replies":[{"embeddable":true,"href":"https:\/\/blogdoprosperi.com\/index.php?rest_route=%2Fwp%2Fv2%2Fcomments&post=22979"}],"version-history":[{"count":25,"href":"https:\/\/blogdoprosperi.com\/index.php?rest_route=\/wp\/v2\/posts\/22979\/revisions"}],"predecessor-version":[{"id":23050,"href":"https:\/\/blogdoprosperi.com\/index.php?rest_route=\/wp\/v2\/posts\/22979\/revisions\/23050"}],"wp:attachment":[{"href":"https:\/\/blogdoprosperi.com\/index.php?rest_route=%2Fwp%2Fv2%2Fmedia&parent=22979"}],"wp:term":[{"taxonomy":"category","embeddable":true,"href":"https:\/\/blogdoprosperi.com\/index.php?rest_route=%2Fwp%2Fv2%2Fcategories&post=22979"},{"taxonomy":"post_tag","embeddable":true,"href":"https:\/\/blogdoprosperi.com\/index.php?rest_route=%2Fwp%2Fv2%2Ftags&post=22979"}],"curies":[{"name":"wp","href":"https:\/\/api.w.org\/{rel}","templated":true}]}}