{"id":23051,"date":"2016-08-27T15:28:39","date_gmt":"2016-08-27T18:28:39","guid":{"rendered":"http:\/\/blogdoprosperi.com\/?p=23051"},"modified":"2016-08-27T15:28:40","modified_gmt":"2016-08-27T18:28:40","slug":"presidente-do-sao-paulo-reage-aos-vandalos-ou-renuncia","status":"publish","type":"post","link":"https:\/\/blogdoprosperi.com\/?p=23051","title":{"rendered":"Presidente do S\u00e3o Paulo reage aos v\u00e2ndalos ou renuncia"},"content":{"rendered":"<div class=\"tiled-gallery type-rectangular tiled-gallery-unresized\" data-original-width=\"940\" data-carousel-extra='{&quot;blog_id&quot;:1,&quot;permalink&quot;:&quot;https:\\\/\\\/blogdoprosperi.com\\\/?p=23051&quot;,&quot;likes_blog_id&quot;:108082574}' itemscope itemtype=\"http:\/\/schema.org\/ImageGallery\" > <div class=\"gallery-row\" style=\"width: 940px; height: 411px;\" data-original-width=\"940\" data-original-height=\"411\" > <div class=\"gallery-group images-1\" style=\"width: 940px; height: 411px;\" data-original-width=\"940\" data-original-height=\"411\" > <div class=\"tiled-gallery-item tiled-gallery-item-large\" itemprop=\"associatedMedia\" itemscope itemtype=\"http:\/\/schema.org\/ImageObject\"> <a href=\"https:\/\/blogdoprosperi.com\/?attachment_id=23074\" border=\"0\" itemprop=\"url\"> <meta itemprop=\"width\" content=\"936\"> <meta itemprop=\"height\" content=\"407\"> <img decoding=\"async\" class=\"\" data-attachment-id=\"23074\" data-orig-file=\"https:\/\/blogdoprosperi.com\/wp-content\/uploads\/2016\/08\/lugan3.jpg\" data-orig-size=\"690,300\" data-comments-opened=\"1\" data-image-meta=\"{&quot;aperture&quot;:&quot;0&quot;,&quot;credit&quot;:&quot;&quot;,&quot;camera&quot;:&quot;&quot;,&quot;caption&quot;:&quot;&quot;,&quot;created_timestamp&quot;:&quot;0&quot;,&quot;copyright&quot;:&quot;&quot;,&quot;focal_length&quot;:&quot;0&quot;,&quot;iso&quot;:&quot;0&quot;,&quot;shutter_speed&quot;:&quot;0&quot;,&quot;title&quot;:&quot;&quot;,&quot;orientation&quot;:&quot;0&quot;}\" data-image-title=\"lugan3\" data-image-description=\"\" data-medium-file=\"https:\/\/i0.wp.com\/blogdoprosperi.com\/wp-content\/uploads\/2016\/08\/lugan3.jpg?fit=650%2C283&#038;ssl=1\" data-large-file=\"https:\/\/i0.wp.com\/blogdoprosperi.com\/wp-content\/uploads\/2016\/08\/lugan3.jpg?fit=690%2C300&#038;ssl=1\" src=\"https:\/\/i0.wp.com\/blogdoprosperi.com\/wp-content\/uploads\/2016\/08\/lugan3.jpg?w=936&#038;h=407&#038;ssl=1\" width=\"936\" height=\"407\" loading=\"lazy\" data-original-width=\"936\" data-original-height=\"407\" itemprop=\"http:\/\/schema.org\/image\" title=\"lugan3\" alt=\"lugan3\" style=\"width: 936px; height: 407px;\" \/> <\/a> <\/div> <\/div> <!-- close group --> <\/div> <!-- close row --> <div class=\"gallery-row\" style=\"width: 940px; height: 274px;\" data-original-width=\"940\" data-original-height=\"274\" > <div class=\"gallery-group images-1\" style=\"width: 470px; height: 274px;\" data-original-width=\"470\" data-original-height=\"274\" > <div class=\"tiled-gallery-item tiled-gallery-item-large\" itemprop=\"associatedMedia\" itemscope itemtype=\"http:\/\/schema.org\/ImageObject\"> <a href=\"https:\/\/blogdoprosperi.com\/?attachment_id=23075\" border=\"0\" itemprop=\"url\"> <meta itemprop=\"width\" content=\"466\"> <meta itemprop=\"height\" content=\"270\"> <img decoding=\"async\" class=\"\" data-attachment-id=\"23075\" data-orig-file=\"https:\/\/blogdoprosperi.com\/wp-content\/uploads\/2016\/08\/age20160827100.jpg\" data-orig-size=\"690,400\" data-comments-opened=\"1\" data-image-meta=\"{&quot;aperture&quot;:&quot;0&quot;,&quot;credit&quot;:&quot;&quot;,&quot;camera&quot;:&quot;&quot;,&quot;caption&quot;:&quot;&quot;,&quot;created_timestamp&quot;:&quot;0&quot;,&quot;copyright&quot;:&quot;&quot;,&quot;focal_length&quot;:&quot;0&quot;,&quot;iso&quot;:&quot;0&quot;,&quot;shutter_speed&quot;:&quot;0&quot;,&quot;title&quot;:&quot;&quot;,&quot;orientation&quot;:&quot;0&quot;}\" data-image-title=\"age20160827100\" data-image-description=\"\" data-medium-file=\"https:\/\/i0.wp.com\/blogdoprosperi.com\/wp-content\/uploads\/2016\/08\/age20160827100.jpg?fit=650%2C378&#038;ssl=1\" data-large-file=\"https:\/\/i0.wp.com\/blogdoprosperi.com\/wp-content\/uploads\/2016\/08\/age20160827100.jpg?fit=690%2C400&#038;ssl=1\" src=\"https:\/\/i0.wp.com\/blogdoprosperi.com\/wp-content\/uploads\/2016\/08\/age20160827100.jpg?w=466&#038;h=270&#038;ssl=1\" width=\"466\" height=\"270\" loading=\"lazy\" data-original-width=\"466\" data-original-height=\"270\" itemprop=\"http:\/\/schema.org\/image\" title=\"age20160827100\" alt=\"age20160827100\" style=\"width: 466px; height: 270px;\" \/> <\/a> <\/div> <\/div> <!-- close group --> <div class=\"gallery-group images-1\" style=\"width: 470px; height: 274px;\" data-original-width=\"470\" data-original-height=\"274\" > <div class=\"tiled-gallery-item tiled-gallery-item-large\" itemprop=\"associatedMedia\" itemscope itemtype=\"http:\/\/schema.org\/ImageObject\"> <a href=\"https:\/\/blogdoprosperi.com\/?attachment_id=23076\" border=\"0\" itemprop=\"url\"> <meta itemprop=\"width\" content=\"466\"> <meta itemprop=\"height\" content=\"270\"> <img decoding=\"async\" class=\"\" data-attachment-id=\"23076\" data-orig-file=\"https:\/\/blogdoprosperi.com\/wp-content\/uploads\/2016\/08\/56.jpg\" data-orig-size=\"690,400\" data-comments-opened=\"1\" data-image-meta=\"{&quot;aperture&quot;:&quot;0&quot;,&quot;credit&quot;:&quot;&quot;,&quot;camera&quot;:&quot;&quot;,&quot;caption&quot;:&quot;&quot;,&quot;created_timestamp&quot;:&quot;0&quot;,&quot;copyright&quot;:&quot;&quot;,&quot;focal_length&quot;:&quot;0&quot;,&quot;iso&quot;:&quot;0&quot;,&quot;shutter_speed&quot;:&quot;0&quot;,&quot;title&quot;:&quot;&quot;,&quot;orientation&quot;:&quot;0&quot;}\" data-image-title=\"56\" data-image-description=\"\" data-medium-file=\"https:\/\/i0.wp.com\/blogdoprosperi.com\/wp-content\/uploads\/2016\/08\/56.jpg?fit=650%2C378&#038;ssl=1\" data-large-file=\"https:\/\/i0.wp.com\/blogdoprosperi.com\/wp-content\/uploads\/2016\/08\/56.jpg?fit=690%2C400&#038;ssl=1\" src=\"https:\/\/i0.wp.com\/blogdoprosperi.com\/wp-content\/uploads\/2016\/08\/56.jpg?w=466&#038;h=270&#038;ssl=1\" width=\"466\" height=\"270\" loading=\"lazy\" data-original-width=\"466\" data-original-height=\"270\" itemprop=\"http:\/\/schema.org\/image\" title=\"56\" alt=\"56\" style=\"width: 466px; height: 270px;\" \/> <\/a> <\/div> <\/div> <!-- close group --> <\/div> <!-- close row --> <\/div>\n<p>Presidente do S\u00e3o Paulo, Carlos Augusto Barros e Silva, o Leco, provou do seu pr\u00f3prio veneno nesta manh\u00e3 de s\u00e1bado quando torcedores de fac\u00e7\u00f5es organizadas invadiram o Centro de Treinamentos do clube. Em uma de suas entrevistas, n\u00e3o faz muito tempo, Leco disse que ajudava torcidas organizadas do Tricolor com dinheiro. Deu no que deu. Os v\u00e2ndalos tomaram conta do CT, protestaram, agrediram jogadores e ainda roubaram equipamentos.<\/p>\n<p>Curioso, para n\u00e3o dizer lament\u00e1vel, nessa hist\u00f3ria \u00e9 que torcedores abriram uma enorme faixa escrita em letras garrafais &#8220;FORA LECO&#8221;.<\/p>\n<p>De nada adiantou o afago do presidente, que depois teria se arrependido do apoio \u00e0s organizadas e rompido rela\u00e7\u00f5es.<\/p>\n<p>Dirigentes de clubes n\u00e3o devem ter rela\u00e7\u00f5es, nem p\u00fablicas nem diplom\u00e1ticas, com essas fac\u00e7\u00f5es. A maioria delas explora s\u00edmbolos do clube, ocupa espa\u00e7os mais vistosos dos est\u00e1dios e ainda tem privil\u00e9gios na hora de comprar, quando compram, ingressos dos jogos.<\/p>\n<p>A invas\u00e3o dessa manh\u00e3 no CT da Barra Funda obriga Leco romper de uma vez por todas com as fac\u00e7\u00f5es e ainda cobrar do Minist\u00e9rio P\u00fablico e for\u00e7as de seguran\u00e7as provid\u00eancias en\u00e9rgicas sob pena de perder o controle da situa\u00e7\u00e3o no S\u00e3o Paulo.<\/p>\n<p>Se n\u00e3o agir para valer, corre risco de perder autoridade e se enfraquecer no comando do S\u00e3o Paulo.<\/p>\n<p>Michel Bastos e Wesley, jogadores agredidos e alvos da ira das fac\u00e7\u00f5es, n\u00e3o t\u00eam mais condi\u00e7\u00e3o de continuar no clube. Que seguran\u00e7a ter\u00e3o para jogar?<\/p>\n<p>Invas\u00e3o de torcedores nos centros de treinamentos \u00e9 a tradu\u00e7\u00e3o perfeita do fracasso de gest\u00e3o de um presidente e seus diretores. Todos os que foram v\u00edtimas desses epis\u00f3dios semelhantes a esse e n\u00e3o reagiram, se enfraqueceram e perderam poder.<\/p>\n<p>A resposta est\u00e1 com Leco. Ou toma provid\u00eancias ou renuncia.<\/p>\n","protected":false},"excerpt":{"rendered":"<p>Presidente do S\u00e3o Paulo, Carlos Augusto Barros e Silva, o Leco, provou do seu pr\u00f3prio veneno nesta manh\u00e3 [&hellip;]<\/p>\n","protected":false},"author":102107496,"featured_media":0,"comment_status":"open","ping_status":"open","sticky":false,"template":"","format":"standard","meta":{"_coblocks_attr":"","_coblocks_dimensions":"","_coblocks_responsive_height":"","_coblocks_accordion_ie_support":"","_jetpack_newsletter_access":"","_jetpack_dont_email_post_to_subs":false,"_jetpack_newsletter_tier_id":0,"_jetpack_memberships_contains_paywalled_content":false,"_wpcom_ai_launchpad_first_post":false,"_jetpack_feature_clip_id":0,"_jetpack_memberships_contains_paid_content":false,"footnotes":"","jetpack_publicize_message":"","jetpack_publicize_feature_enabled":true,"jetpack_social_post_already_shared":false,"jetpack_social_options":{"image_generator_settings":{"template":"highway","default_image_id":0,"font":"","enabled":false},"version":2},"jetpack_post_was_ever_published":false},"categories":[355071,53870],"tags":[362595295,789560560,128768890,2009638,13539551,972018,299929],"class_list":["post-23051","post","type-post","status-publish","format-standard","hentry","category-campeonato-brasileiro","category-futebol","tag-brasileirao-2016","tag-futebol","tag-invasao-torcida","tag-leco","tag-michel-bastos","tag-sao-paulo-fc","tag-wesley"],"yoast_head":"<!-- This site is optimized with the Yoast SEO plugin v28.4 - https:\/\/yoast.com\/product\/yoast-seo-wordpress\/ -->\n<title>Presidente do S\u00e3o Paulo reage aos v\u00e2ndalos ou renuncia - PR\u00d3SPERI NEWS<\/title>\n<meta name=\"robots\" content=\"index, follow, max-snippet:-1, max-image-preview:large, max-video-preview:-1\" \/>\n<link rel=\"canonical\" href=\"https:\/\/blogdoprosperi.com\/?p=23051\" \/>\n<meta property=\"og:locale\" content=\"pt_BR\" \/>\n<meta property=\"og:type\" content=\"article\" \/>\n<meta property=\"og:title\" content=\"Presidente do S\u00e3o Paulo reage aos v\u00e2ndalos ou renuncia - PR\u00d3SPERI NEWS\" \/>\n<meta property=\"og:description\" content=\"Presidente do S\u00e3o Paulo, Carlos Augusto Barros e Silva, o Leco, provou do seu pr\u00f3prio veneno nesta manh\u00e3 [&hellip;]\" \/>\n<meta property=\"og:url\" content=\"https:\/\/blogdoprosperi.com\/?p=23051\" \/>\n<meta property=\"og:site_name\" content=\"PR\u00d3SPERI NEWS\" \/>\n<meta property=\"article:publisher\" content=\"Luiz Pr\u00f3speri\" \/>\n<meta property=\"article:author\" content=\"Luiz Pr\u00f3speri\" \/>\n<meta property=\"article:published_time\" content=\"2016-08-27T18:28:39+00:00\" \/>\n<meta property=\"article:modified_time\" content=\"2016-08-27T18:28:40+00:00\" \/>\n<meta property=\"og:image\" content=\"https:\/\/i0.wp.com\/blogdoprosperi.com\/wp-content\/uploads\/2016\/08\/lugan3.jpg?w=936&#038;h=407&#038;ssl=1\" \/>\n<meta name=\"author\" content=\"Luiz Ant\u00f4nio Pr\u00f3speri\" \/>\n<meta name=\"twitter:card\" content=\"summary_large_image\" \/>\n<meta name=\"twitter:creator\" content=\"@Luizprosperi\" \/>\n<meta name=\"twitter:site\" content=\"@Luizprosperi\" \/>\n<meta name=\"twitter:label1\" content=\"Escrito por\" \/>\n\t<meta name=\"twitter:data1\" content=\"Luiz Ant\u00f4nio Pr\u00f3speri\" \/>\n\t<meta name=\"twitter:label2\" content=\"Est. tempo de leitura\" \/>\n\t<meta name=\"twitter:data2\" content=\"2 minutos\" \/>\n<script type=\"application\/ld+json\" class=\"yoast-schema-graph\">{\"@context\":\"https:\\\/\\\/schema.org\",\"@graph\":[{\"@type\":\"Article\",\"@id\":\"https:\\\/\\\/blogdoprosperi.com\\\/?p=23051#article\",\"isPartOf\":{\"@id\":\"https:\\\/\\\/blogdoprosperi.com\\\/?p=23051\"},\"author\":{\"name\":\"Luiz Ant\u00f4nio Pr\u00f3speri\",\"@id\":\"https:\\\/\\\/blogdoprosperi.com\\\/#\\\/schema\\\/person\\\/38100755ce3601861ee4fab9b5aa78e9\"},\"headline\":\"Presidente do S\u00e3o Paulo reage aos v\u00e2ndalos ou renuncia\",\"datePublished\":\"2016-08-27T18:28:39+00:00\",\"dateModified\":\"2016-08-27T18:28:40+00:00\",\"mainEntityOfPage\":{\"@id\":\"https:\\\/\\\/blogdoprosperi.com\\\/?p=23051\"},\"wordCount\":339,\"commentCount\":1,\"publisher\":{\"@id\":\"https:\\\/\\\/blogdoprosperi.com\\\/#\\\/schema\\\/person\\\/38100755ce3601861ee4fab9b5aa78e9\"},\"keywords\":[\"Brasileir\u00e3o-2016\",\"futebol\",\"invas\u00e3o torcida\",\"Leco\",\"michel bastos\",\"S\u00e3o Paulo FC\",\"Wesley\"],\"articleSection\":[\"Campeonato Brasileiro\",\"futebol\"],\"inLanguage\":\"pt-BR\",\"potentialAction\":[{\"@type\":\"CommentAction\",\"name\":\"Comment\",\"target\":[\"https:\\\/\\\/blogdoprosperi.com\\\/?p=23051#respond\"]}]},{\"@type\":\"WebPage\",\"@id\":\"https:\\\/\\\/blogdoprosperi.com\\\/?p=23051\",\"url\":\"https:\\\/\\\/blogdoprosperi.com\\\/?p=23051\",\"name\":\"Presidente do S\u00e3o Paulo reage aos v\u00e2ndalos ou renuncia - PR\u00d3SPERI NEWS\",\"isPartOf\":{\"@id\":\"https:\\\/\\\/blogdoprosperi.com\\\/#website\"},\"datePublished\":\"2016-08-27T18:28:39+00:00\",\"dateModified\":\"2016-08-27T18:28:40+00:00\",\"breadcrumb\":{\"@id\":\"https:\\\/\\\/blogdoprosperi.com\\\/?p=23051#breadcrumb\"},\"inLanguage\":\"pt-BR\",\"potentialAction\":[{\"@type\":\"ReadAction\",\"target\":[\"https:\\\/\\\/blogdoprosperi.com\\\/?p=23051\"]}]},{\"@type\":\"BreadcrumbList\",\"@id\":\"https:\\\/\\\/blogdoprosperi.com\\\/?p=23051#breadcrumb\",\"itemListElement\":[{\"@type\":\"ListItem\",\"position\":1,\"name\":\"In\u00edcio\",\"item\":\"https:\\\/\\\/blogdoprosperi.com\\\/\"},{\"@type\":\"ListItem\",\"position\":2,\"name\":\"Presidente do S\u00e3o Paulo reage aos v\u00e2ndalos ou renuncia\"}]},{\"@type\":\"WebSite\",\"@id\":\"https:\\\/\\\/blogdoprosperi.com\\\/#website\",\"url\":\"https:\\\/\\\/blogdoprosperi.com\\\/\",\"name\":\"PR\u00d3SPERI NEWS\",\"description\":\"TUDO \u00c9  FUTEBOL\",\"publisher\":{\"@id\":\"https:\\\/\\\/blogdoprosperi.com\\\/#\\\/schema\\\/person\\\/38100755ce3601861ee4fab9b5aa78e9\"},\"alternateName\":\"blogdoprosperi.com\",\"potentialAction\":[{\"@type\":\"SearchAction\",\"target\":{\"@type\":\"EntryPoint\",\"urlTemplate\":\"https:\\\/\\\/blogdoprosperi.com\\\/?s={search_term_string}\"},\"query-input\":{\"@type\":\"PropertyValueSpecification\",\"valueRequired\":true,\"valueName\":\"search_term_string\"}}],\"inLanguage\":\"pt-BR\"},{\"@type\":[\"Person\",\"Organization\"],\"@id\":\"https:\\\/\\\/blogdoprosperi.com\\\/#\\\/schema\\\/person\\\/38100755ce3601861ee4fab9b5aa78e9\",\"name\":\"Luiz Ant\u00f4nio Pr\u00f3speri\",\"pronouns\":\"ele\",\"image\":{\"@type\":\"ImageObject\",\"inLanguage\":\"pt-BR\",\"@id\":\"https:\\\/\\\/i0.wp.com\\\/blogdoprosperi.com\\\/wp-content\\\/uploads\\\/2026\\\/05\\\/cropped-8059e613-6002-42fa-961e-8e275f575d71-2-5.jpg?fit=1360%2C931&ssl=1\",\"url\":\"https:\\\/\\\/i0.wp.com\\\/blogdoprosperi.com\\\/wp-content\\\/uploads\\\/2026\\\/05\\\/cropped-8059e613-6002-42fa-961e-8e275f575d71-2-5.jpg?fit=1360%2C931&ssl=1\",\"contentUrl\":\"https:\\\/\\\/i0.wp.com\\\/blogdoprosperi.com\\\/wp-content\\\/uploads\\\/2026\\\/05\\\/cropped-8059e613-6002-42fa-961e-8e275f575d71-2-5.jpg?fit=1360%2C931&ssl=1\",\"width\":1360,\"height\":931,\"caption\":\"Luiz Ant\u00f4nio Pr\u00f3speri\"},\"logo\":{\"@id\":\"https:\\\/\\\/i0.wp.com\\\/blogdoprosperi.com\\\/wp-content\\\/uploads\\\/2026\\\/05\\\/cropped-8059e613-6002-42fa-961e-8e275f575d71-2-5.jpg?fit=1360%2C931&ssl=1\"},\"description\":\"Jornalista com carreira dedicada ao esporte. Cobriu 9 Copas do Mundo in loco, 1990 na It\u00e1lia, 1994 nos EUA, 1998 na Fran\u00e7a, 2002 na Coreia do Sul e Jap\u00e3o, 2006 na Alemanha, 2010 na \u00c1frica do Sul, 2014 no Brasil, 2018 na R\u00fassia e 2022 no Qatar. Eurocopas, 1992 na Su\u00e9cia e 1996 na Inglaterra. Copa das Confedera\u00e7\u00f5es de 2005 na Alemanha e 2009 na \u00c1frica do Sul. Rep\u00f3rter e Editor, trabalhou no Jornal da Tarde e Estad\u00e3o, de 1984 a fevereiro de 2016. Colunista, blogueiro. E comentarista de futebol na R\u00e1dio Estad\u00e3o, de 2013 a fevereiro de 2016. Jornalista respons\u00e1vel do \\\"Pr\u00f3speri News\\\" (blogdoprosperi.com).\",\"sameAs\":[\"http:\\\/\\\/blogdoprosperi.com\",\"Luiz Pr\u00f3speri\",\"@luiz_prosperi\",\"https:\\\/\\\/x.com\\\/Luizprosperi\",\"@prosperinacopa\",\"luiz.prosperi@icloud.com\"],\"url\":\"https:\\\/\\\/blogdoprosperi.com\\\/?author=102107496\"}]}<\/script>\n<!-- \/ Yoast SEO plugin. -->","yoast_head_json":{"title":"Presidente do S\u00e3o Paulo reage aos v\u00e2ndalos ou renuncia - PR\u00d3SPERI NEWS","robots":{"index":"index","follow":"follow","max-snippet":"max-snippet:-1","max-image-preview":"max-image-preview:large","max-video-preview":"max-video-preview:-1"},"canonical":"https:\/\/blogdoprosperi.com\/?p=23051","og_locale":"pt_BR","og_type":"article","og_title":"Presidente do S\u00e3o Paulo reage aos v\u00e2ndalos ou renuncia - PR\u00d3SPERI NEWS","og_description":"Presidente do S\u00e3o Paulo, Carlos Augusto Barros e Silva, o Leco, provou do seu pr\u00f3prio veneno nesta manh\u00e3 [&hellip;]","og_url":"https:\/\/blogdoprosperi.com\/?p=23051","og_site_name":"PR\u00d3SPERI NEWS","article_publisher":"Luiz Pr\u00f3speri","article_author":"Luiz Pr\u00f3speri","article_published_time":"2016-08-27T18:28:39+00:00","article_modified_time":"2016-08-27T18:28:40+00:00","og_image":[{"url":"https:\/\/i0.wp.com\/blogdoprosperi.com\/wp-content\/uploads\/2016\/08\/lugan3.jpg?w=936&#038;h=407&#038;ssl=1","type":"","width":"","height":""}],"author":"Luiz Ant\u00f4nio Pr\u00f3speri","twitter_card":"summary_large_image","twitter_creator":"@Luizprosperi","twitter_site":"@Luizprosperi","twitter_misc":{"Escrito por":"Luiz Ant\u00f4nio Pr\u00f3speri","Est. tempo de leitura":"2 minutos"},"schema":{"@context":"https:\/\/schema.org","@graph":[{"@type":"Article","@id":"https:\/\/blogdoprosperi.com\/?p=23051#article","isPartOf":{"@id":"https:\/\/blogdoprosperi.com\/?p=23051"},"author":{"name":"Luiz Ant\u00f4nio Pr\u00f3speri","@id":"https:\/\/blogdoprosperi.com\/#\/schema\/person\/38100755ce3601861ee4fab9b5aa78e9"},"headline":"Presidente do S\u00e3o Paulo reage aos v\u00e2ndalos ou renuncia","datePublished":"2016-08-27T18:28:39+00:00","dateModified":"2016-08-27T18:28:40+00:00","mainEntityOfPage":{"@id":"https:\/\/blogdoprosperi.com\/?p=23051"},"wordCount":339,"commentCount":1,"publisher":{"@id":"https:\/\/blogdoprosperi.com\/#\/schema\/person\/38100755ce3601861ee4fab9b5aa78e9"},"keywords":["Brasileir\u00e3o-2016","futebol","invas\u00e3o torcida","Leco","michel bastos","S\u00e3o Paulo FC","Wesley"],"articleSection":["Campeonato Brasileiro","futebol"],"inLanguage":"pt-BR","potentialAction":[{"@type":"CommentAction","name":"Comment","target":["https:\/\/blogdoprosperi.com\/?p=23051#respond"]}]},{"@type":"WebPage","@id":"https:\/\/blogdoprosperi.com\/?p=23051","url":"https:\/\/blogdoprosperi.com\/?p=23051","name":"Presidente do S\u00e3o Paulo reage aos v\u00e2ndalos ou renuncia - PR\u00d3SPERI NEWS","isPartOf":{"@id":"https:\/\/blogdoprosperi.com\/#website"},"datePublished":"2016-08-27T18:28:39+00:00","dateModified":"2016-08-27T18:28:40+00:00","breadcrumb":{"@id":"https:\/\/blogdoprosperi.com\/?p=23051#breadcrumb"},"inLanguage":"pt-BR","potentialAction":[{"@type":"ReadAction","target":["https:\/\/blogdoprosperi.com\/?p=23051"]}]},{"@type":"BreadcrumbList","@id":"https:\/\/blogdoprosperi.com\/?p=23051#breadcrumb","itemListElement":[{"@type":"ListItem","position":1,"name":"In\u00edcio","item":"https:\/\/blogdoprosperi.com\/"},{"@type":"ListItem","position":2,"name":"Presidente do S\u00e3o Paulo reage aos v\u00e2ndalos ou renuncia"}]},{"@type":"WebSite","@id":"https:\/\/blogdoprosperi.com\/#website","url":"https:\/\/blogdoprosperi.com\/","name":"PR\u00d3SPERI NEWS","description":"TUDO \u00c9  FUTEBOL","publisher":{"@id":"https:\/\/blogdoprosperi.com\/#\/schema\/person\/38100755ce3601861ee4fab9b5aa78e9"},"alternateName":"blogdoprosperi.com","potentialAction":[{"@type":"SearchAction","target":{"@type":"EntryPoint","urlTemplate":"https:\/\/blogdoprosperi.com\/?s={search_term_string}"},"query-input":{"@type":"PropertyValueSpecification","valueRequired":true,"valueName":"search_term_string"}}],"inLanguage":"pt-BR"},{"@type":["Person","Organization"],"@id":"https:\/\/blogdoprosperi.com\/#\/schema\/person\/38100755ce3601861ee4fab9b5aa78e9","name":"Luiz Ant\u00f4nio Pr\u00f3speri","pronouns":"ele","image":{"@type":"ImageObject","inLanguage":"pt-BR","@id":"https:\/\/i0.wp.com\/blogdoprosperi.com\/wp-content\/uploads\/2026\/05\/cropped-8059e613-6002-42fa-961e-8e275f575d71-2-5.jpg?fit=1360%2C931&ssl=1","url":"https:\/\/i0.wp.com\/blogdoprosperi.com\/wp-content\/uploads\/2026\/05\/cropped-8059e613-6002-42fa-961e-8e275f575d71-2-5.jpg?fit=1360%2C931&ssl=1","contentUrl":"https:\/\/i0.wp.com\/blogdoprosperi.com\/wp-content\/uploads\/2026\/05\/cropped-8059e613-6002-42fa-961e-8e275f575d71-2-5.jpg?fit=1360%2C931&ssl=1","width":1360,"height":931,"caption":"Luiz Ant\u00f4nio Pr\u00f3speri"},"logo":{"@id":"https:\/\/i0.wp.com\/blogdoprosperi.com\/wp-content\/uploads\/2026\/05\/cropped-8059e613-6002-42fa-961e-8e275f575d71-2-5.jpg?fit=1360%2C931&ssl=1"},"description":"Jornalista com carreira dedicada ao esporte. Cobriu 9 Copas do Mundo in loco, 1990 na It\u00e1lia, 1994 nos EUA, 1998 na Fran\u00e7a, 2002 na Coreia do Sul e Jap\u00e3o, 2006 na Alemanha, 2010 na \u00c1frica do Sul, 2014 no Brasil, 2018 na R\u00fassia e 2022 no Qatar. Eurocopas, 1992 na Su\u00e9cia e 1996 na Inglaterra. Copa das Confedera\u00e7\u00f5es de 2005 na Alemanha e 2009 na \u00c1frica do Sul. Rep\u00f3rter e Editor, trabalhou no Jornal da Tarde e Estad\u00e3o, de 1984 a fevereiro de 2016. Colunista, blogueiro. E comentarista de futebol na R\u00e1dio Estad\u00e3o, de 2013 a fevereiro de 2016. Jornalista respons\u00e1vel do \"Pr\u00f3speri News\" (blogdoprosperi.com).","sameAs":["http:\/\/blogdoprosperi.com","Luiz Pr\u00f3speri","@luiz_prosperi","https:\/\/x.com\/Luizprosperi","@prosperinacopa","luiz.prosperi@icloud.com"],"url":"https:\/\/blogdoprosperi.com\/?author=102107496"}]}},"jetpack_publicize_connections":[],"jetpack_likes_enabled":false,"jetpack_sharing_enabled":true,"jetpack_shortlink":"https:\/\/wp.me\/p7jvdk-5ZN","jetpack-related-posts":[{"id":30035,"url":"https:\/\/blogdoprosperi.com\/?p=30035","url_meta":{"origin":23051,"position":0},"title":"Presidente do S\u00e3o Paulo admite fechar com Rogerio Ceni em dezembro","author":"Luiz Ant\u00f4nio Pr\u00f3speri","date":"27 de outubro de 2016","format":false,"excerpt":"Presidente do S\u00e3o Paulo, Carlos Augusto de Barros e Silva, o Leco, admitiu nesta quinta-feira (27\/10) entregar o time ao comando de Rog\u00e9rio Ceni ao final da atual temporada. O ex-goleiro assumiria como t\u00e9cnico no lugar de Ricardo Gomes. Ao fazer o balan\u00e7o de um ano de seu gest\u00e3o no\u2026","rel":"","context":"Em &quot;Campeonato Brasileiro&quot;","block_context":{"text":"Campeonato Brasileiro","link":"https:\/\/blogdoprosperi.com\/?cat=355071"},"img":{"alt_text":"rogerio_ceni_sao_paulo-284752-511562fbca901","src":"https:\/\/i0.wp.com\/blogdoprosperi.com\/wp-content\/uploads\/2016\/10\/rogerio_ceni_sao_paulo-284752-511562fbca901.jpg?resize=350%2C200&ssl=1","width":350,"height":200,"srcset":"https:\/\/i0.wp.com\/blogdoprosperi.com\/wp-content\/uploads\/2016\/10\/rogerio_ceni_sao_paulo-284752-511562fbca901.jpg?resize=350%2C200&ssl=1 1x, https:\/\/i0.wp.com\/blogdoprosperi.com\/wp-content\/uploads\/2016\/10\/rogerio_ceni_sao_paulo-284752-511562fbca901.jpg?resize=525%2C300&ssl=1 1.5x, https:\/\/i0.wp.com\/blogdoprosperi.com\/wp-content\/uploads\/2016\/10\/rogerio_ceni_sao_paulo-284752-511562fbca901.jpg?resize=700%2C400&ssl=1 2x"},"classes":[]},{"id":14964,"url":"https:\/\/blogdoprosperi.com\/?p=14964","url_meta":{"origin":23051,"position":1},"title":"Presidente do S\u00e3o Paulo confirma que Ganso quer jogar no Sevilla","author":"Luiz Ant\u00f4nio Pr\u00f3speri","date":"6 de julho de 2016","format":false,"excerpt":"Presidente do S\u00e3o Paulo confirma nesta ter\u00e7a-feira (05\/7) o interesse de Paulo Henrique Ganso em jogar no Sevilla. Carlos Augusto Barros e Silva, o Leco, disse, em entrevista ao site globoesporte, que o jogador quer mesmo trocar o clube paulista pelo espanhol nesta janela de transfer\u00eancia do futebol europeu. Veja\u2026","rel":"","context":"Em &quot;futebol&quot;","block_context":{"text":"futebol","link":"https:\/\/blogdoprosperi.com\/?cat=53870"},"img":{"alt_text":"","src":"https:\/\/i0.wp.com\/blogdoprosperi.com\/wp-content\/uploads\/2016\/07\/00806262.jpg?resize=350%2C200&ssl=1","width":350,"height":200,"srcset":"https:\/\/i0.wp.com\/blogdoprosperi.com\/wp-content\/uploads\/2016\/07\/00806262.jpg?resize=350%2C200&ssl=1 1x, https:\/\/i0.wp.com\/blogdoprosperi.com\/wp-content\/uploads\/2016\/07\/00806262.jpg?resize=525%2C300&ssl=1 1.5x, https:\/\/i0.wp.com\/blogdoprosperi.com\/wp-content\/uploads\/2016\/07\/00806262.jpg?resize=700%2C400&ssl=1 2x, https:\/\/i0.wp.com\/blogdoprosperi.com\/wp-content\/uploads\/2016\/07\/00806262.jpg?resize=1050%2C600&ssl=1 3x, https:\/\/i0.wp.com\/blogdoprosperi.com\/wp-content\/uploads\/2016\/07\/00806262.jpg?resize=1400%2C800&ssl=1 4x"},"classes":[]},{"id":24863,"url":"https:\/\/blogdoprosperi.com\/?p=24863","url_meta":{"origin":23051,"position":2},"title":"Marco Aur\u00e9lio Cunha n\u00e3o vai tirar S\u00e3o Paulo do buraco no Brasileir\u00e3o","author":"Luiz Ant\u00f4nio Pr\u00f3speri","date":"9 de setembro de 2016","format":false,"excerpt":"S\u00e3o Paulo se meteu num buraco sem fim nesta temporada. Decis\u00f5es equivocadas de gest\u00e3o levaram o time a ficar muito perto da zona de rebaixamento e n\u00e3o h\u00e1 no horizonte uma corda de salva\u00e7\u00e3o. A chegada de Marco Aur\u00e9lio Cunha, conselheiro vital\u00edcio do clube e ex-dirigente em cargos do alto\u2026","rel":"","context":"Em &quot;Campeonato Brasileiro&quot;","block_context":{"text":"Campeonato Brasileiro","link":"https:\/\/blogdoprosperi.com\/?cat=355071"},"img":{"alt_text":"","src":"https:\/\/i0.wp.com\/blogdoprosperi.com\/wp-content\/uploads\/2016\/09\/cunha-medicis-e-pintado.jpg?resize=350%2C200&ssl=1","width":350,"height":200,"srcset":"https:\/\/i0.wp.com\/blogdoprosperi.com\/wp-content\/uploads\/2016\/09\/cunha-medicis-e-pintado.jpg?resize=350%2C200&ssl=1 1x, https:\/\/i0.wp.com\/blogdoprosperi.com\/wp-content\/uploads\/2016\/09\/cunha-medicis-e-pintado.jpg?resize=525%2C300&ssl=1 1.5x, https:\/\/i0.wp.com\/blogdoprosperi.com\/wp-content\/uploads\/2016\/09\/cunha-medicis-e-pintado.jpg?resize=700%2C400&ssl=1 2x"},"classes":[]},{"id":34982,"url":"https:\/\/blogdoprosperi.com\/?p=34982","url_meta":{"origin":23051,"position":3},"title":"Conhe\u00e7a opera\u00e7\u00e3o do S\u00e3o Paulo em busca de Lucas Pratto","author":"Luiz Ant\u00f4nio Pr\u00f3speri","date":"9 de fevereiro de 2017","format":false,"excerpt":"S\u00e3o Paulo precisa de um jogador de peso, de nome no mercado. Uma contrata\u00e7\u00e3o para provocar impacto no time de Rogerio Ceni e refor\u00e7ar os alicerces da candidatura do atual presidente Carlos Augusto de Barros e Silva (Leco) \u00e0 reelei\u00e7\u00e3o no comando do clube. Lucas Pratto precisa de um time\u2026","rel":"","context":"Em &quot;futebol&quot;","block_context":{"text":"futebol","link":"https:\/\/blogdoprosperi.com\/?cat=53870"},"img":{"alt_text":"","src":"https:\/\/i0.wp.com\/blogdoprosperi.com\/wp-content\/uploads\/2017\/02\/32616769352_3aa202722d_z.jpg?resize=350%2C200&ssl=1","width":350,"height":200,"srcset":"https:\/\/i0.wp.com\/blogdoprosperi.com\/wp-content\/uploads\/2017\/02\/32616769352_3aa202722d_z.jpg?resize=350%2C200&ssl=1 1x, https:\/\/i0.wp.com\/blogdoprosperi.com\/wp-content\/uploads\/2017\/02\/32616769352_3aa202722d_z.jpg?resize=525%2C300&ssl=1 1.5x"},"classes":[]},{"id":34994,"url":"https:\/\/blogdoprosperi.com\/?p=34994","url_meta":{"origin":23051,"position":4},"title":"S\u00e3o Paulo despeja R$ 40 milh\u00f5es em Lucas Pratto na esperan\u00e7a de gols e votos ao presidente","author":"Luiz Ant\u00f4nio Pr\u00f3speri","date":"9 de fevereiro de 2017","format":false,"excerpt":"S\u00e3o Paulo fechou a contrata\u00e7\u00e3o de Lucas Pratto neste in\u00edcio de noite de quinta-feira (09\/2). Vai pagar cerca de R$ 40 milh\u00f5es ao Atl\u00e9tico-MG por 100% dos direitos do atacante argentino \u2013 65% \u00e0 vista e 35% divididos em tr\u00eas parcelas. O Atl\u00e9tico ter\u00e1 direito ainda a 15% em eventual\u2026","rel":"","context":"Em &quot;futebol&quot;","block_context":{"text":"futebol","link":"https:\/\/blogdoprosperi.com\/?cat=53870"},"img":{"alt_text":"pratto","src":"https:\/\/i0.wp.com\/blogdoprosperi.com\/wp-content\/uploads\/2016\/11\/pratto.jpg?resize=350%2C200&ssl=1","width":350,"height":200,"srcset":"https:\/\/i0.wp.com\/blogdoprosperi.com\/wp-content\/uploads\/2016\/11\/pratto.jpg?resize=350%2C200&ssl=1 1x, https:\/\/i0.wp.com\/blogdoprosperi.com\/wp-content\/uploads\/2016\/11\/pratto.jpg?resize=525%2C300&ssl=1 1.5x, https:\/\/i0.wp.com\/blogdoprosperi.com\/wp-content\/uploads\/2016\/11\/pratto.jpg?resize=700%2C400&ssl=1 2x, https:\/\/i0.wp.com\/blogdoprosperi.com\/wp-content\/uploads\/2016\/11\/pratto.jpg?resize=1050%2C600&ssl=1 3x, https:\/\/i0.wp.com\/blogdoprosperi.com\/wp-content\/uploads\/2016\/11\/pratto.jpg?resize=1400%2C800&ssl=1 4x"},"classes":[]},{"id":30784,"url":"https:\/\/blogdoprosperi.com\/?p=30784","url_meta":{"origin":23051,"position":5},"title":"S\u00e3o Paulo e Corinthians jogam cl\u00e1ssico de fim de feira neste s\u00e1bado","author":"Luiz Ant\u00f4nio Pr\u00f3speri","date":"3 de novembro de 2016","format":false,"excerpt":"S\u00e3o Paulo e Corinthians se enfrentam neste s\u00e1bado no Morumbi no pior momento dos dois times na temporada. O primeiro briga para n\u00e3o ser rebaixado \u00e0 S\u00e9rie B. O segundo finca unhas na rocha em busca da salvadora vaga na Copa Libertadores. Desespero resume bem a situa\u00e7\u00e3o desses gigantes no\u2026","rel":"","context":"Em &quot;Campeonato Brasileiro&quot;","block_context":{"text":"Campeonato Brasileiro","link":"https:\/\/blogdoprosperi.com\/?cat=355071"},"img":{"alt_text":"","src":"https:\/\/i0.wp.com\/blogdoprosperi.com\/wp-content\/uploads\/2016\/11\/luis-fabiano.jpg?resize=350%2C200&ssl=1","width":350,"height":200,"srcset":"https:\/\/i0.wp.com\/blogdoprosperi.com\/wp-content\/uploads\/2016\/11\/luis-fabiano.jpg?resize=350%2C200&ssl=1 1x, https:\/\/i0.wp.com\/blogdoprosperi.com\/wp-content\/uploads\/2016\/11\/luis-fabiano.jpg?resize=525%2C300&ssl=1 1.5x, https:\/\/i0.wp.com\/blogdoprosperi.com\/wp-content\/uploads\/2016\/11\/luis-fabiano.jpg?resize=700%2C400&ssl=1 2x"},"classes":[]}],"jetpack_featured_media_url":"","_links":{"self":[{"href":"https:\/\/blogdoprosperi.com\/index.php?rest_route=\/wp\/v2\/posts\/23051","targetHints":{"allow":["GET"]}}],"collection":[{"href":"https:\/\/blogdoprosperi.com\/index.php?rest_route=\/wp\/v2\/posts"}],"about":[{"href":"https:\/\/blogdoprosperi.com\/index.php?rest_route=\/wp\/v2\/types\/post"}],"author":[{"embeddable":true,"href":"https:\/\/blogdoprosperi.com\/index.php?rest_route=\/wp\/v2\/users\/102107496"}],"replies":[{"embeddable":true,"href":"https:\/\/blogdoprosperi.com\/index.php?rest_route=%2Fwp%2Fv2%2Fcomments&post=23051"}],"version-history":[{"count":25,"href":"https:\/\/blogdoprosperi.com\/index.php?rest_route=\/wp\/v2\/posts\/23051\/revisions"}],"predecessor-version":[{"id":23085,"href":"https:\/\/blogdoprosperi.com\/index.php?rest_route=\/wp\/v2\/posts\/23051\/revisions\/23085"}],"wp:attachment":[{"href":"https:\/\/blogdoprosperi.com\/index.php?rest_route=%2Fwp%2Fv2%2Fmedia&parent=23051"}],"wp:term":[{"taxonomy":"category","embeddable":true,"href":"https:\/\/blogdoprosperi.com\/index.php?rest_route=%2Fwp%2Fv2%2Fcategories&post=23051"},{"taxonomy":"post_tag","embeddable":true,"href":"https:\/\/blogdoprosperi.com\/index.php?rest_route=%2Fwp%2Fv2%2Ftags&post=23051"}],"curies":[{"name":"wp","href":"https:\/\/api.w.org\/{rel}","templated":true}]}}