{"id":23329,"date":"2016-08-28T19:55:39","date_gmt":"2016-08-28T22:55:39","guid":{"rendered":"http:\/\/blogdoprosperi.com\/?p=23329"},"modified":"2016-08-28T19:59:45","modified_gmt":"2016-08-28T22:59:45","slug":"sao-paulo-entra-na-contagem-regressiva-contra-zona-do-rebaixamento","status":"publish","type":"post","link":"https:\/\/blogdoprosperi.com\/?p=23329","title":{"rendered":"S\u00e3o Paulo entra na contagem regressiva contra zona do rebaixamento"},"content":{"rendered":"<p><span class=\"alignnone\"><img data-recalc-dims=\"1\" loading=\"lazy\" decoding=\"async\" data-attachment-id=\"23368\" data-permalink=\"https:\/\/blogdoprosperi.com\/?attachment_id=23368\" data-orig-file=\"https:\/\/i0.wp.com\/blogdoprosperi.com\/wp-content\/uploads\/2016\/08\/622_1488659c-2c09-31c6-9606-31bcf5b097a8.jpg?fit=622%2C350&amp;ssl=1\" data-orig-size=\"622,350\" data-comments-opened=\"1\" data-image-meta=\"{&quot;aperture&quot;:&quot;0&quot;,&quot;credit&quot;:&quot;&quot;,&quot;camera&quot;:&quot;&quot;,&quot;caption&quot;:&quot;&quot;,&quot;created_timestamp&quot;:&quot;0&quot;,&quot;copyright&quot;:&quot;&quot;,&quot;focal_length&quot;:&quot;0&quot;,&quot;iso&quot;:&quot;0&quot;,&quot;shutter_speed&quot;:&quot;0&quot;,&quot;title&quot;:&quot;&quot;,&quot;orientation&quot;:&quot;0&quot;}\" data-image-title=\"622_1488659c-2c09-31c6-9606-31bcf5b097a8\" data-image-description=\"\" data-image-caption=\"\" data-large-file=\"https:\/\/i0.wp.com\/blogdoprosperi.com\/wp-content\/uploads\/2016\/08\/622_1488659c-2c09-31c6-9606-31bcf5b097a8.jpg?fit=622%2C350&amp;ssl=1\" class=\"alignnone size-full wp-image-23368\" src=\"https:\/\/i0.wp.com\/blogdoprosperi.com\/wp-content\/uploads\/2016\/08\/622_1488659c-2c09-31c6-9606-31bcf5b097a8.jpg?resize=622%2C350&#038;ssl=1\" alt=\"622_1488659c-2c09-31c6-9606-31bcf5b097a8\" width=\"622\" height=\"350\" \/><\/span><\/p>\n<p>Ch\u00e1vez n\u00e3o \u00e9 Calleri e o time no Campeonato Brasileiro n\u00e3o \u00e9 o mesmo da Copa Libertadores. Dois detalhes ilustram bem o S\u00e3o Paulo neste momento de turbul\u00eancia em pleno voo sobre o oceano. Se Ch\u00e1vez fosse Calleri provavelmente n\u00e3o teria perdido os dois gols mais incr\u00edveis desta rodada do Brasileir\u00e3o no empate por 0 a 0 contra o Coritiba. Como eles t\u00eam em comum apenas o fato de serem argentinos, quem paga a conta \u00e9 parte boa da <a href=\"http:\/\/blogdoprosperi.com\/2016\/08\/27\/presidente-do-sao-paulo-reage-aos-vandalos-ou-renuncia\/\">torcida do Tricolor<\/a>. At\u00e9 porque a parte podre s\u00f3 incendeia ainda mais a crise com invas\u00f5es, agress\u00f5es e roubos no quartel-general do clube.<!--more--><\/p>\n<p>Os gols perdidos por Ch\u00e1vez n\u00e3o escondem tamb\u00e9m o fraco futebol mais uma vez apresentado pelo time contra um advers\u00e1rio da zona de rebaixamento. Ali\u00e1s, o S\u00e3o Paulo tem de prestar aten\u00e7\u00e3o nos rivais da rabeira da tabela. \u00c9 l\u00e1 que est\u00e3o os que v\u00e3o ficar nos calcanhares do time de Ricardo Gomes neste segundo turno.<\/p>\n<p>A se repetir a bola que jogou neste domingo no Morumbi e a falta de repert\u00f3rio na <a href=\"http:\/\/blogdoprosperi.com\/2016\/08\/24\/sao-paulo-sofre-derrota-a-time-da-serie-c-e-ja-pode-pensar-na-proxima-temporada\/\">derrota diante do Juventude na quarta-feira pela Copa do Brasil<\/a>, a contagem dos pontos passa a ser regressiva contra a zona da degola.<\/p>\n<p>O maior problema neste momento \u00e9 que n\u00e3o tem como pousar o avi\u00e3o e ajustar a engrenagem rumo a um voo de brigadeiro. O momento \u00e9 de ajustes urgentes a dez mil p\u00e9s de altitude do campo. N\u00e3o \u00e9 tarefa f\u00e1cil e exige esfor\u00e7o concentrado desde o presidente do clube ao roupeiro dos jogadores.<\/p>\n<p>Mas como encontrar uma sa\u00edda se a alta c\u00fapula tem de lidar cada vez mais contra a imbecilidade e viol\u00eancia das fac\u00e7\u00f5es organizadas e intrigas pol\u00edticas internas?<\/p>\n<p>A tomada do territ\u00f3rio do CT na Barra Funda no s\u00e1bado, com a petul\u00e2ncia de fincar bandeiras no gramado sagrado nos tempos de <a href=\"http:\/\/blogdoprosperi.com\/2016\/04\/21\/tele-santana-dez-anos-sem-o-mestre\/\">Tel\u00ea Santana,<\/a> por si s\u00f3 escancara a imensa fragilidade do presidente do S\u00e3o Paulo e de seus assessores imediatos.<\/p>\n<p><span class=\"alignnone\"><img data-recalc-dims=\"1\" loading=\"lazy\" decoding=\"async\" data-attachment-id=\"23369\" data-permalink=\"https:\/\/blogdoprosperi.com\/?attachment_id=23369\" data-orig-file=\"https:\/\/i0.wp.com\/blogdoprosperi.com\/wp-content\/uploads\/2016\/08\/rib_5264_bqtufpd.jpg?fit=640%2C360&amp;ssl=1\" data-orig-size=\"640,360\" data-comments-opened=\"1\" data-image-meta=\"{&quot;aperture&quot;:&quot;0&quot;,&quot;credit&quot;:&quot;&quot;,&quot;camera&quot;:&quot;&quot;,&quot;caption&quot;:&quot;&quot;,&quot;created_timestamp&quot;:&quot;0&quot;,&quot;copyright&quot;:&quot;&quot;,&quot;focal_length&quot;:&quot;0&quot;,&quot;iso&quot;:&quot;0&quot;,&quot;shutter_speed&quot;:&quot;0&quot;,&quot;title&quot;:&quot;&quot;,&quot;orientation&quot;:&quot;0&quot;}\" data-image-title=\"rib_5264_bQTufPd\" data-image-description=\"\" data-image-caption=\"\" data-large-file=\"https:\/\/i0.wp.com\/blogdoprosperi.com\/wp-content\/uploads\/2016\/08\/rib_5264_bqtufpd.jpg?fit=640%2C360&amp;ssl=1\" class=\"alignnone size-full wp-image-23369\" src=\"https:\/\/i0.wp.com\/blogdoprosperi.com\/wp-content\/uploads\/2016\/08\/rib_5264_bqtufpd.jpg?resize=640%2C360&#038;ssl=1\" alt=\"rib_5264_bQTufPd\" width=\"640\" height=\"360\" \/><\/span><\/p>\n<p>N\u00e3o h\u00e1 na hist\u00f3ria recente de clubes no futebol brasileiro uma rea\u00e7\u00e3o aos maus resultados nos jogos depois de invas\u00f5es de v\u00e2ndalos das arquibancadas. Essa receita j\u00e1 foi usada no Palmeiras e Corinthians, para ficar em clubes paulistas, e n\u00e3o deu certo.<\/p>\n<p>Soma-se a essa desgra\u00e7a a baix\u00edssima qualidade dos jogadores \u00e0 disposi\u00e7\u00e3o de Ricardo Gomes. Sem falar da falta de op\u00e7\u00f5es no grupo. N\u00e3o h\u00e1 Cristo que d\u00ea jeito na situa\u00e7\u00e3o.<\/p>\n<p>O S\u00e3o Paulo vai continuar na sua trilha de sofrimento, mesmo em jogos em que pode ser superior ao advers\u00e1rio, como mostrou neste domingo (28\/8) contra o Coritiba no Morumbi. E n\u00e3o tem mais o direito de pleitear algo mais do que uma vit\u00f3ria aqui outra mais tarde. Por enquanto todos os caminhos levam \u00e0s derrotas.<\/p>\n<p><strong>FICHA DO JOGO<\/strong><\/p>\n<p><strong>S\u00e3o Paulo 0 x 0 Coritiba<\/strong><\/p>\n<p><strong>S\u00e3o Paulo\u00a0<\/strong>Denis; Buffarini, Maicon, Lyanco e Mena; Hudson, Thiago Mendes, Cueva, Kelvin (Pedro) e Michel Bastos (Luiz Ara\u00fajo); Chavez.\u00a0<strong>T\u00e9cnico:<\/strong>\u00a0Ricardo Gomes<\/p>\n<p><strong>Coritiba:<\/strong>\u00a0Wilson; Dod\u00f4, Luccas Claro, Juninho e Ben\u00edtez; Jo\u00e3o Paulo (Walisson Maia), Edinho, Juan e Raphal Veiga; Vin\u00edcius (Iago) e Neto Bertola (Jorge Ortega).\u00a0<strong>T\u00e9cnico:<\/strong>\u00a0Carpegiani<\/p>\n<p><strong>Juiz:<\/strong>\u00a0Francisco Carlos do Nascimento<br \/>\n<strong>Cart\u00f5es Amarelos:\u00a0<\/strong>Buffarini, Mena\u00a0(S\u00e3o Paulo); Edinho\u00a0(Coritiba)<br \/>\n<strong>P\u00fablico:<\/strong>\u00a07.836 pagantes<br \/>\n<strong>Renda<\/strong>: R$ 182.596,00.<br \/>\n<strong>Local:<\/strong> Morumbi<\/p>\n","protected":false},"excerpt":{"rendered":"<p>Ch\u00e1vez n\u00e3o \u00e9 Calleri e o time no Campeonato Brasileiro n\u00e3o \u00e9 o mesmo da Copa Libertadores. Dois [&hellip;]<\/p>\n","protected":false},"author":102107496,"featured_media":0,"comment_status":"open","ping_status":"open","sticky":false,"template":"","format":"standard","meta":{"_coblocks_attr":"","_coblocks_dimensions":"","_coblocks_responsive_height":"","_coblocks_accordion_ie_support":"","_jetpack_newsletter_access":"","_jetpack_dont_email_post_to_subs":false,"_jetpack_newsletter_tier_id":0,"_jetpack_memberships_contains_paywalled_content":false,"_wpcom_ai_launchpad_first_post":false,"_jetpack_feature_clip_id":0,"_jetpack_memberships_contains_paid_content":false,"footnotes":"","jetpack_publicize_message":"","jetpack_publicize_feature_enabled":true,"jetpack_social_post_already_shared":false,"jetpack_social_options":{"image_generator_settings":{"template":"highway","default_image_id":0,"font":"","enabled":false},"version":2},"jetpack_post_was_ever_published":false},"categories":[355071,53870],"tags":[362595295,789560566,789560560,534542288,1026327,5807372,534542289,972018],"class_list":["post-23329","post","type-post","status-publish","format-standard","hentry","category-campeonato-brasileiro","category-futebol","tag-brasileirao-2016","tag-campeonato-brasileiro","tag-futebol","tag-invasao-da-torcida","tag-morumbi","tag-ricardo-gomes","tag-sao-palo-x-coritiba","tag-sao-paulo-fc"],"yoast_head":"<!-- This site is optimized with the Yoast SEO plugin v28.3 - https:\/\/yoast.com\/product\/yoast-seo-wordpress\/ -->\n<title>S\u00e3o Paulo entra na contagem regressiva contra zona do rebaixamento - PR\u00d3SPERI NEWS<\/title>\n<meta name=\"robots\" content=\"index, follow, max-snippet:-1, max-image-preview:large, max-video-preview:-1\" \/>\n<link rel=\"canonical\" href=\"https:\/\/blogdoprosperi.com\/?p=23329\" \/>\n<meta property=\"og:locale\" content=\"pt_BR\" \/>\n<meta property=\"og:type\" content=\"article\" \/>\n<meta property=\"og:title\" content=\"S\u00e3o Paulo entra na contagem regressiva contra zona do rebaixamento - PR\u00d3SPERI NEWS\" \/>\n<meta property=\"og:description\" content=\"Ch\u00e1vez n\u00e3o \u00e9 Calleri e o time no Campeonato Brasileiro n\u00e3o \u00e9 o mesmo da Copa Libertadores. Dois [&hellip;]\" \/>\n<meta property=\"og:url\" content=\"https:\/\/blogdoprosperi.com\/?p=23329\" \/>\n<meta property=\"og:site_name\" content=\"PR\u00d3SPERI NEWS\" \/>\n<meta property=\"article:publisher\" content=\"Luiz Pr\u00f3speri\" \/>\n<meta property=\"article:author\" content=\"Luiz Pr\u00f3speri\" \/>\n<meta property=\"article:published_time\" content=\"2016-08-28T22:55:39+00:00\" \/>\n<meta property=\"article:modified_time\" content=\"2016-08-28T22:59:45+00:00\" \/>\n<meta property=\"og:image\" content=\"https:\/\/blogdoprosperi.com\/wp-content\/uploads\/2016\/08\/622_1488659c-2c09-31c6-9606-31bcf5b097a8.jpg\" \/>\n<meta name=\"author\" content=\"Luiz Ant\u00f4nio Pr\u00f3speri\" \/>\n<meta name=\"twitter:card\" content=\"summary_large_image\" \/>\n<meta name=\"twitter:creator\" content=\"@Luizprosperi\" \/>\n<meta name=\"twitter:site\" content=\"@Luizprosperi\" \/>\n<meta name=\"twitter:label1\" content=\"Escrito por\" \/>\n\t<meta name=\"twitter:data1\" content=\"Luiz Ant\u00f4nio Pr\u00f3speri\" \/>\n\t<meta name=\"twitter:label2\" content=\"Est. tempo de leitura\" \/>\n\t<meta name=\"twitter:data2\" content=\"3 minutos\" \/>\n<script type=\"application\/ld+json\" class=\"yoast-schema-graph\">{\"@context\":\"https:\\\/\\\/schema.org\",\"@graph\":[{\"@type\":\"Article\",\"@id\":\"https:\\\/\\\/blogdoprosperi.com\\\/?p=23329#article\",\"isPartOf\":{\"@id\":\"https:\\\/\\\/blogdoprosperi.com\\\/?p=23329\"},\"author\":{\"name\":\"Luiz Ant\u00f4nio Pr\u00f3speri\",\"@id\":\"https:\\\/\\\/blogdoprosperi.com\\\/#\\\/schema\\\/person\\\/38100755ce3601861ee4fab9b5aa78e9\"},\"headline\":\"S\u00e3o Paulo entra na contagem regressiva contra zona do rebaixamento\",\"datePublished\":\"2016-08-28T22:55:39+00:00\",\"dateModified\":\"2016-08-28T22:59:45+00:00\",\"mainEntityOfPage\":{\"@id\":\"https:\\\/\\\/blogdoprosperi.com\\\/?p=23329\"},\"wordCount\":588,\"commentCount\":1,\"publisher\":{\"@id\":\"https:\\\/\\\/blogdoprosperi.com\\\/#\\\/schema\\\/person\\\/38100755ce3601861ee4fab9b5aa78e9\"},\"image\":{\"@id\":\"https:\\\/\\\/blogdoprosperi.com\\\/?p=23329#primaryimage\"},\"thumbnailUrl\":\"https:\\\/\\\/blogdoprosperi.com\\\/wp-content\\\/uploads\\\/2016\\\/08\\\/622_1488659c-2c09-31c6-9606-31bcf5b097a8.jpg\",\"keywords\":[\"Brasileir\u00e3o-2016\",\"Campeonato Brasileiro\",\"futebol\",\"invas\u00e3o da torcida\",\"Morumbi\",\"Ricardo Gomes\",\"S\u00e3o Palo x Coritiba\",\"S\u00e3o Paulo FC\"],\"articleSection\":[\"Campeonato Brasileiro\",\"futebol\"],\"inLanguage\":\"pt-BR\",\"potentialAction\":[{\"@type\":\"CommentAction\",\"name\":\"Comment\",\"target\":[\"https:\\\/\\\/blogdoprosperi.com\\\/?p=23329#respond\"]}]},{\"@type\":\"WebPage\",\"@id\":\"https:\\\/\\\/blogdoprosperi.com\\\/?p=23329\",\"url\":\"https:\\\/\\\/blogdoprosperi.com\\\/?p=23329\",\"name\":\"S\u00e3o Paulo entra na contagem regressiva contra zona do rebaixamento - PR\u00d3SPERI NEWS\",\"isPartOf\":{\"@id\":\"https:\\\/\\\/blogdoprosperi.com\\\/#website\"},\"primaryImageOfPage\":{\"@id\":\"https:\\\/\\\/blogdoprosperi.com\\\/?p=23329#primaryimage\"},\"image\":{\"@id\":\"https:\\\/\\\/blogdoprosperi.com\\\/?p=23329#primaryimage\"},\"thumbnailUrl\":\"https:\\\/\\\/blogdoprosperi.com\\\/wp-content\\\/uploads\\\/2016\\\/08\\\/622_1488659c-2c09-31c6-9606-31bcf5b097a8.jpg\",\"datePublished\":\"2016-08-28T22:55:39+00:00\",\"dateModified\":\"2016-08-28T22:59:45+00:00\",\"breadcrumb\":{\"@id\":\"https:\\\/\\\/blogdoprosperi.com\\\/?p=23329#breadcrumb\"},\"inLanguage\":\"pt-BR\",\"potentialAction\":[{\"@type\":\"ReadAction\",\"target\":[\"https:\\\/\\\/blogdoprosperi.com\\\/?p=23329\"]}]},{\"@type\":\"ImageObject\",\"inLanguage\":\"pt-BR\",\"@id\":\"https:\\\/\\\/blogdoprosperi.com\\\/?p=23329#primaryimage\",\"url\":\"https:\\\/\\\/i0.wp.com\\\/blogdoprosperi.com\\\/wp-content\\\/uploads\\\/2016\\\/08\\\/622_1488659c-2c09-31c6-9606-31bcf5b097a8.jpg?fit=622%2C350&ssl=1\",\"contentUrl\":\"https:\\\/\\\/i0.wp.com\\\/blogdoprosperi.com\\\/wp-content\\\/uploads\\\/2016\\\/08\\\/622_1488659c-2c09-31c6-9606-31bcf5b097a8.jpg?fit=622%2C350&ssl=1\",\"width\":622,\"height\":350},{\"@type\":\"BreadcrumbList\",\"@id\":\"https:\\\/\\\/blogdoprosperi.com\\\/?p=23329#breadcrumb\",\"itemListElement\":[{\"@type\":\"ListItem\",\"position\":1,\"name\":\"In\u00edcio\",\"item\":\"https:\\\/\\\/blogdoprosperi.com\\\/\"},{\"@type\":\"ListItem\",\"position\":2,\"name\":\"S\u00e3o Paulo entra na contagem regressiva contra zona do rebaixamento\"}]},{\"@type\":\"WebSite\",\"@id\":\"https:\\\/\\\/blogdoprosperi.com\\\/#website\",\"url\":\"https:\\\/\\\/blogdoprosperi.com\\\/\",\"name\":\"PR\u00d3SPERI NEWS\",\"description\":\"TUDO \u00c9  FUTEBOL\",\"publisher\":{\"@id\":\"https:\\\/\\\/blogdoprosperi.com\\\/#\\\/schema\\\/person\\\/38100755ce3601861ee4fab9b5aa78e9\"},\"alternateName\":\"blogdoprosperi.com\",\"potentialAction\":[{\"@type\":\"SearchAction\",\"target\":{\"@type\":\"EntryPoint\",\"urlTemplate\":\"https:\\\/\\\/blogdoprosperi.com\\\/?s={search_term_string}\"},\"query-input\":{\"@type\":\"PropertyValueSpecification\",\"valueRequired\":true,\"valueName\":\"search_term_string\"}}],\"inLanguage\":\"pt-BR\"},{\"@type\":[\"Person\",\"Organization\"],\"@id\":\"https:\\\/\\\/blogdoprosperi.com\\\/#\\\/schema\\\/person\\\/38100755ce3601861ee4fab9b5aa78e9\",\"name\":\"Luiz Ant\u00f4nio Pr\u00f3speri\",\"pronouns\":\"ele\",\"image\":{\"@type\":\"ImageObject\",\"inLanguage\":\"pt-BR\",\"@id\":\"https:\\\/\\\/i0.wp.com\\\/blogdoprosperi.com\\\/wp-content\\\/uploads\\\/2026\\\/05\\\/cropped-8059e613-6002-42fa-961e-8e275f575d71-2-5.jpg?fit=1360%2C931&ssl=1\",\"url\":\"https:\\\/\\\/i0.wp.com\\\/blogdoprosperi.com\\\/wp-content\\\/uploads\\\/2026\\\/05\\\/cropped-8059e613-6002-42fa-961e-8e275f575d71-2-5.jpg?fit=1360%2C931&ssl=1\",\"contentUrl\":\"https:\\\/\\\/i0.wp.com\\\/blogdoprosperi.com\\\/wp-content\\\/uploads\\\/2026\\\/05\\\/cropped-8059e613-6002-42fa-961e-8e275f575d71-2-5.jpg?fit=1360%2C931&ssl=1\",\"width\":1360,\"height\":931,\"caption\":\"Luiz Ant\u00f4nio Pr\u00f3speri\"},\"logo\":{\"@id\":\"https:\\\/\\\/i0.wp.com\\\/blogdoprosperi.com\\\/wp-content\\\/uploads\\\/2026\\\/05\\\/cropped-8059e613-6002-42fa-961e-8e275f575d71-2-5.jpg?fit=1360%2C931&ssl=1\"},\"description\":\"Jornalista com carreira dedicada ao esporte. Cobriu 9 Copas do Mundo in loco, 1990 na It\u00e1lia, 1994 nos EUA, 1998 na Fran\u00e7a, 2002 na Coreia do Sul e Jap\u00e3o, 2006 na Alemanha, 2010 na \u00c1frica do Sul, 2014 no Brasil, 2018 na R\u00fassia e 2022 no Qatar. Eurocopas, 1992 na Su\u00e9cia e 1996 na Inglaterra. Copa das Confedera\u00e7\u00f5es de 2005 na Alemanha e 2009 na \u00c1frica do Sul. Rep\u00f3rter e Editor, trabalhou no Jornal da Tarde e Estad\u00e3o, de 1984 a fevereiro de 2016. Colunista, blogueiro. E comentarista de futebol na R\u00e1dio Estad\u00e3o, de 2013 a fevereiro de 2016. Jornalista respons\u00e1vel do \\\"Pr\u00f3speri News\\\" (blogdoprosperi.com).\",\"sameAs\":[\"http:\\\/\\\/blogdoprosperi.com\",\"Luiz Pr\u00f3speri\",\"@luiz_prosperi\",\"https:\\\/\\\/x.com\\\/Luizprosperi\",\"@prosperinacopa\",\"luiz.prosperi@icloud.com\"],\"url\":\"https:\\\/\\\/blogdoprosperi.com\\\/?author=102107496\"}]}<\/script>\n<!-- \/ Yoast SEO plugin. -->","yoast_head_json":{"title":"S\u00e3o Paulo entra na contagem regressiva contra zona do rebaixamento - PR\u00d3SPERI NEWS","robots":{"index":"index","follow":"follow","max-snippet":"max-snippet:-1","max-image-preview":"max-image-preview:large","max-video-preview":"max-video-preview:-1"},"canonical":"https:\/\/blogdoprosperi.com\/?p=23329","og_locale":"pt_BR","og_type":"article","og_title":"S\u00e3o Paulo entra na contagem regressiva contra zona do rebaixamento - PR\u00d3SPERI NEWS","og_description":"Ch\u00e1vez n\u00e3o \u00e9 Calleri e o time no Campeonato Brasileiro n\u00e3o \u00e9 o mesmo da Copa Libertadores. Dois [&hellip;]","og_url":"https:\/\/blogdoprosperi.com\/?p=23329","og_site_name":"PR\u00d3SPERI NEWS","article_publisher":"Luiz Pr\u00f3speri","article_author":"Luiz Pr\u00f3speri","article_published_time":"2016-08-28T22:55:39+00:00","article_modified_time":"2016-08-28T22:59:45+00:00","og_image":[{"url":"https:\/\/blogdoprosperi.com\/wp-content\/uploads\/2016\/08\/622_1488659c-2c09-31c6-9606-31bcf5b097a8.jpg","type":"","width":"","height":""}],"author":"Luiz Ant\u00f4nio Pr\u00f3speri","twitter_card":"summary_large_image","twitter_creator":"@Luizprosperi","twitter_site":"@Luizprosperi","twitter_misc":{"Escrito por":"Luiz Ant\u00f4nio Pr\u00f3speri","Est. tempo de leitura":"3 minutos"},"schema":{"@context":"https:\/\/schema.org","@graph":[{"@type":"Article","@id":"https:\/\/blogdoprosperi.com\/?p=23329#article","isPartOf":{"@id":"https:\/\/blogdoprosperi.com\/?p=23329"},"author":{"name":"Luiz Ant\u00f4nio Pr\u00f3speri","@id":"https:\/\/blogdoprosperi.com\/#\/schema\/person\/38100755ce3601861ee4fab9b5aa78e9"},"headline":"S\u00e3o Paulo entra na contagem regressiva contra zona do rebaixamento","datePublished":"2016-08-28T22:55:39+00:00","dateModified":"2016-08-28T22:59:45+00:00","mainEntityOfPage":{"@id":"https:\/\/blogdoprosperi.com\/?p=23329"},"wordCount":588,"commentCount":1,"publisher":{"@id":"https:\/\/blogdoprosperi.com\/#\/schema\/person\/38100755ce3601861ee4fab9b5aa78e9"},"image":{"@id":"https:\/\/blogdoprosperi.com\/?p=23329#primaryimage"},"thumbnailUrl":"https:\/\/blogdoprosperi.com\/wp-content\/uploads\/2016\/08\/622_1488659c-2c09-31c6-9606-31bcf5b097a8.jpg","keywords":["Brasileir\u00e3o-2016","Campeonato Brasileiro","futebol","invas\u00e3o da torcida","Morumbi","Ricardo Gomes","S\u00e3o Palo x Coritiba","S\u00e3o Paulo FC"],"articleSection":["Campeonato Brasileiro","futebol"],"inLanguage":"pt-BR","potentialAction":[{"@type":"CommentAction","name":"Comment","target":["https:\/\/blogdoprosperi.com\/?p=23329#respond"]}]},{"@type":"WebPage","@id":"https:\/\/blogdoprosperi.com\/?p=23329","url":"https:\/\/blogdoprosperi.com\/?p=23329","name":"S\u00e3o Paulo entra na contagem regressiva contra zona do rebaixamento - PR\u00d3SPERI NEWS","isPartOf":{"@id":"https:\/\/blogdoprosperi.com\/#website"},"primaryImageOfPage":{"@id":"https:\/\/blogdoprosperi.com\/?p=23329#primaryimage"},"image":{"@id":"https:\/\/blogdoprosperi.com\/?p=23329#primaryimage"},"thumbnailUrl":"https:\/\/blogdoprosperi.com\/wp-content\/uploads\/2016\/08\/622_1488659c-2c09-31c6-9606-31bcf5b097a8.jpg","datePublished":"2016-08-28T22:55:39+00:00","dateModified":"2016-08-28T22:59:45+00:00","breadcrumb":{"@id":"https:\/\/blogdoprosperi.com\/?p=23329#breadcrumb"},"inLanguage":"pt-BR","potentialAction":[{"@type":"ReadAction","target":["https:\/\/blogdoprosperi.com\/?p=23329"]}]},{"@type":"ImageObject","inLanguage":"pt-BR","@id":"https:\/\/blogdoprosperi.com\/?p=23329#primaryimage","url":"https:\/\/i0.wp.com\/blogdoprosperi.com\/wp-content\/uploads\/2016\/08\/622_1488659c-2c09-31c6-9606-31bcf5b097a8.jpg?fit=622%2C350&ssl=1","contentUrl":"https:\/\/i0.wp.com\/blogdoprosperi.com\/wp-content\/uploads\/2016\/08\/622_1488659c-2c09-31c6-9606-31bcf5b097a8.jpg?fit=622%2C350&ssl=1","width":622,"height":350},{"@type":"BreadcrumbList","@id":"https:\/\/blogdoprosperi.com\/?p=23329#breadcrumb","itemListElement":[{"@type":"ListItem","position":1,"name":"In\u00edcio","item":"https:\/\/blogdoprosperi.com\/"},{"@type":"ListItem","position":2,"name":"S\u00e3o Paulo entra na contagem regressiva contra zona do rebaixamento"}]},{"@type":"WebSite","@id":"https:\/\/blogdoprosperi.com\/#website","url":"https:\/\/blogdoprosperi.com\/","name":"PR\u00d3SPERI NEWS","description":"TUDO \u00c9  FUTEBOL","publisher":{"@id":"https:\/\/blogdoprosperi.com\/#\/schema\/person\/38100755ce3601861ee4fab9b5aa78e9"},"alternateName":"blogdoprosperi.com","potentialAction":[{"@type":"SearchAction","target":{"@type":"EntryPoint","urlTemplate":"https:\/\/blogdoprosperi.com\/?s={search_term_string}"},"query-input":{"@type":"PropertyValueSpecification","valueRequired":true,"valueName":"search_term_string"}}],"inLanguage":"pt-BR"},{"@type":["Person","Organization"],"@id":"https:\/\/blogdoprosperi.com\/#\/schema\/person\/38100755ce3601861ee4fab9b5aa78e9","name":"Luiz Ant\u00f4nio Pr\u00f3speri","pronouns":"ele","image":{"@type":"ImageObject","inLanguage":"pt-BR","@id":"https:\/\/i0.wp.com\/blogdoprosperi.com\/wp-content\/uploads\/2026\/05\/cropped-8059e613-6002-42fa-961e-8e275f575d71-2-5.jpg?fit=1360%2C931&ssl=1","url":"https:\/\/i0.wp.com\/blogdoprosperi.com\/wp-content\/uploads\/2026\/05\/cropped-8059e613-6002-42fa-961e-8e275f575d71-2-5.jpg?fit=1360%2C931&ssl=1","contentUrl":"https:\/\/i0.wp.com\/blogdoprosperi.com\/wp-content\/uploads\/2026\/05\/cropped-8059e613-6002-42fa-961e-8e275f575d71-2-5.jpg?fit=1360%2C931&ssl=1","width":1360,"height":931,"caption":"Luiz Ant\u00f4nio Pr\u00f3speri"},"logo":{"@id":"https:\/\/i0.wp.com\/blogdoprosperi.com\/wp-content\/uploads\/2026\/05\/cropped-8059e613-6002-42fa-961e-8e275f575d71-2-5.jpg?fit=1360%2C931&ssl=1"},"description":"Jornalista com carreira dedicada ao esporte. Cobriu 9 Copas do Mundo in loco, 1990 na It\u00e1lia, 1994 nos EUA, 1998 na Fran\u00e7a, 2002 na Coreia do Sul e Jap\u00e3o, 2006 na Alemanha, 2010 na \u00c1frica do Sul, 2014 no Brasil, 2018 na R\u00fassia e 2022 no Qatar. Eurocopas, 1992 na Su\u00e9cia e 1996 na Inglaterra. Copa das Confedera\u00e7\u00f5es de 2005 na Alemanha e 2009 na \u00c1frica do Sul. Rep\u00f3rter e Editor, trabalhou no Jornal da Tarde e Estad\u00e3o, de 1984 a fevereiro de 2016. Colunista, blogueiro. E comentarista de futebol na R\u00e1dio Estad\u00e3o, de 2013 a fevereiro de 2016. Jornalista respons\u00e1vel do \"Pr\u00f3speri News\" (blogdoprosperi.com).","sameAs":["http:\/\/blogdoprosperi.com","Luiz Pr\u00f3speri","@luiz_prosperi","https:\/\/x.com\/Luizprosperi","@prosperinacopa","luiz.prosperi@icloud.com"],"url":"https:\/\/blogdoprosperi.com\/?author=102107496"}]}},"jetpack_publicize_connections":[],"jetpack_likes_enabled":false,"jetpack_sharing_enabled":true,"jetpack_shortlink":"https:\/\/wp.me\/p7jvdk-64h","jetpack-related-posts":[{"id":18054,"url":"https:\/\/blogdoprosperi.com\/?p=18054","url_meta":{"origin":23329,"position":0},"title":"S\u00e3o Paulo ainda paga por seus pecados no Campeonato Brasileiro","author":"Luiz Ant\u00f4nio Pr\u00f3speri","date":"31 de julho de 2016","format":false,"excerpt":"S\u00e3o Paulo empata por 2 a 2 com a Chapecoense e preocupa sua torcida, dona do recorde de p\u00fablico do Brasileir\u00e3o mais de 54 mil pagantes no Morumbi","rel":"","context":"Em &quot;Campeonato Brasileiro&quot;","block_context":{"text":"Campeonato Brasileiro","link":"https:\/\/blogdoprosperi.com\/?cat=355071"},"img":{"alt_text":"","src":"https:\/\/i0.wp.com\/blogdoprosperi.com\/wp-content\/uploads\/2016\/07\/dav_3147-1024x681.jpg?resize=350%2C200&ssl=1","width":350,"height":200,"srcset":"https:\/\/i0.wp.com\/blogdoprosperi.com\/wp-content\/uploads\/2016\/07\/dav_3147-1024x681.jpg?resize=350%2C200&ssl=1 1x, https:\/\/i0.wp.com\/blogdoprosperi.com\/wp-content\/uploads\/2016\/07\/dav_3147-1024x681.jpg?resize=525%2C300&ssl=1 1.5x, https:\/\/i0.wp.com\/blogdoprosperi.com\/wp-content\/uploads\/2016\/07\/dav_3147-1024x681.jpg?resize=700%2C400&ssl=1 2x"},"classes":[]},{"id":6094,"url":"https:\/\/blogdoprosperi.com\/?p=6094","url_meta":{"origin":23329,"position":1},"title":"Futebol brasileiro aos p\u00e9s de argentinos na Libertadores","author":"Luiz Ant\u00f4nio Pr\u00f3speri","date":"18 de maio de 2016","format":false,"excerpt":"Lucas Pratto e Calleri, argentinos, s\u00e3o apontados como refer\u00eancia de Atl\u00e9tico-MG e S\u00e3o Paulo na decis\u00e3o desta quarta-feira, valendo vaga na semifinal da Copa Libertadores. No banco, comandando os dois times, est\u00e3o o uruguaio Diego Aguirre e Edgardo Bauza, da Argentina. O \u00e1rbitro \u00e9 Andres Cunha, do Uruguai. \u00c9 um\u2026","rel":"","context":"Em &quot;futebol&quot;","block_context":{"text":"futebol","link":"https:\/\/blogdoprosperi.com\/?cat=53870"},"img":{"alt_text":"","src":"https:\/\/i0.wp.com\/blogdoprosperi.com\/wp-content\/uploads\/2016\/05\/20160513133634194582o.jpg?resize=350%2C200&ssl=1","width":350,"height":200,"srcset":"https:\/\/i0.wp.com\/blogdoprosperi.com\/wp-content\/uploads\/2016\/05\/20160513133634194582o.jpg?resize=350%2C200&ssl=1 1x, https:\/\/i0.wp.com\/blogdoprosperi.com\/wp-content\/uploads\/2016\/05\/20160513133634194582o.jpg?resize=525%2C300&ssl=1 1.5x, https:\/\/i0.wp.com\/blogdoprosperi.com\/wp-content\/uploads\/2016\/05\/20160513133634194582o.jpg?resize=700%2C400&ssl=1 2x"},"classes":[]},{"id":37037,"url":"https:\/\/blogdoprosperi.com\/?p=37037","url_meta":{"origin":23329,"position":2},"title":"Hernanes assina vit\u00f3ria do S\u00e3o Paulo, Lucas Lima rasura derrota do Santos","author":"Luiz Ant\u00f4nio Pr\u00f3speri","date":"28 de outubro de 2017","format":false,"excerpt":"S\u00e3o Paulo foge a passos largos do rebaixamento. A vit\u00f3ria contra o Santos, sem se ater aos n\u00fameros da classifica\u00e7\u00e3o na tabela, \u00e9 um recado tranquilizador a sua torcida. Desde as primeiras rodadas do Brasileir\u00e3o o time n\u00e3o vencia dois jogos seguidos. Conseguiu. Chegou aos 40 pontos, faltam sete para\u2026","rel":"","context":"Em &quot;Campeonato Brasileiro&quot;","block_context":{"text":"Campeonato Brasileiro","link":"https:\/\/blogdoprosperi.com\/?cat=355071"},"img":{"alt_text":"Cueva comemora gol na vit\u00f3ria do S\u00e3o Paulo","src":"https:\/\/i0.wp.com\/blogdoprosperi.com\/wp-content\/uploads\/2017\/10\/sao_paulo_2_x_1_santos_brasileirao_2017.jpg?fit=600%2C400&ssl=1&resize=350%2C200","width":350,"height":200,"srcset":"https:\/\/i0.wp.com\/blogdoprosperi.com\/wp-content\/uploads\/2017\/10\/sao_paulo_2_x_1_santos_brasileirao_2017.jpg?fit=600%2C400&ssl=1&resize=350%2C200 1x, https:\/\/i0.wp.com\/blogdoprosperi.com\/wp-content\/uploads\/2017\/10\/sao_paulo_2_x_1_santos_brasileirao_2017.jpg?fit=600%2C400&ssl=1&resize=525%2C300 1.5x"},"classes":[]},{"id":7406,"url":"https:\/\/blogdoprosperi.com\/?p=7406","url_meta":{"origin":23329,"position":3},"title":"Bauza n\u00e3o tem medo de arriscar com reservas do S\u00e3o Paulo","author":"Luiz Ant\u00f4nio Pr\u00f3speri","date":"26 de maio de 2016","format":false,"excerpt":"Edgardo Bauza percebeu cedo demais que n\u00e3o \u00e9 alto o n\u00edvel t\u00e9cnico do futebol brasileiro neste campeonato nacional. Em tr\u00eas rodadas, usou mais o time reserva do que o titular e n\u00e3o se decepcionou com os resultados do S\u00e3o Paulo: uma vit\u00f3ria, uma derrota e o empate (1 a 1)\u2026","rel":"","context":"Em &quot;Campeonato Brasileiro&quot;","block_context":{"text":"Campeonato Brasileiro","link":"https:\/\/blogdoprosperi.com\/?cat=355071"},"img":{"alt_text":"","src":"https:\/\/i0.wp.com\/blogdoprosperi.com\/wp-content\/uploads\/2016\/05\/rogerio1.png?resize=350%2C200&ssl=1","width":350,"height":200,"srcset":"https:\/\/i0.wp.com\/blogdoprosperi.com\/wp-content\/uploads\/2016\/05\/rogerio1.png?resize=350%2C200&ssl=1 1x, https:\/\/i0.wp.com\/blogdoprosperi.com\/wp-content\/uploads\/2016\/05\/rogerio1.png?resize=525%2C300&ssl=1 1.5x"},"classes":[]},{"id":24138,"url":"https:\/\/blogdoprosperi.com\/?p=24138","url_meta":{"origin":23329,"position":4},"title":"Ricardo Gomes escala S\u00e3o Paulo com medo do Palmeiras no cl\u00e1ssico","author":"Luiz Ant\u00f4nio Pr\u00f3speri","date":"5 de setembro de 2016","format":false,"excerpt":"Ricardo Gomes ensaia o S\u00e3o Paulo com tr\u00eas volantes e uma zaga lenta no cl\u00e1ssico contra o Palmeiras nesta quarta-feira (07\/9) no Allianz Parque. A d\u00favida: o treinador do Tricolor vai jogar na retranca com medo do l\u00edder ou n\u00e3o tem outra op\u00e7\u00e3o diante dos desfalques? \u00c0 dist\u00e2ncia, parece que\u2026","rel":"","context":"Em &quot;Campeonato Brasileiro&quot;","block_context":{"text":"Campeonato Brasileiro","link":"https:\/\/blogdoprosperi.com\/?cat=355071"},"img":{"alt_text":"","src":"https:\/\/i0.wp.com\/blogdoprosperi.com\/wp-content\/uploads\/2016\/09\/apresentac3a7c3a3o-do-tc3a9cnico-ricardo-gomes-no-spfc-02.jpg?resize=350%2C200&ssl=1","width":350,"height":200,"srcset":"https:\/\/i0.wp.com\/blogdoprosperi.com\/wp-content\/uploads\/2016\/09\/apresentac3a7c3a3o-do-tc3a9cnico-ricardo-gomes-no-spfc-02.jpg?resize=350%2C200&ssl=1 1x, https:\/\/i0.wp.com\/blogdoprosperi.com\/wp-content\/uploads\/2016\/09\/apresentac3a7c3a3o-do-tc3a9cnico-ricardo-gomes-no-spfc-02.jpg?resize=525%2C300&ssl=1 1.5x, https:\/\/i0.wp.com\/blogdoprosperi.com\/wp-content\/uploads\/2016\/09\/apresentac3a7c3a3o-do-tc3a9cnico-ricardo-gomes-no-spfc-02.jpg?resize=700%2C400&ssl=1 2x"},"classes":[]},{"id":7713,"url":"https:\/\/blogdoprosperi.com\/?p=7713","url_meta":{"origin":23329,"position":5},"title":"Em quatro rodadas, treinadores ainda n\u00e3o ca\u00edram neste Brasileir\u00e3o","author":"Luiz Ant\u00f4nio Pr\u00f3speri","date":"31 de maio de 2016","format":false,"excerpt":"Incr\u00edvel, chegamos na quinta rodada do Campeonato Brasileiro 2016 sem nenhuma demiss\u00e3o de treinadores. Quadro at\u00edpico se compararmos ao que aconteceu no Brasileir\u00e3o 2015. Naquela temporada, registramos mais de uma queda por rodada nas cinco primeiras. Fechamos na 38.\u00aa com 32 trocas de t\u00e9cnicos envolvendo 19 dos 20 clubes participantes\u2026","rel":"","context":"Em &quot;Campeonato Brasileiro&quot;","block_context":{"text":"Campeonato Brasileiro","link":"https:\/\/blogdoprosperi.com\/?cat=355071"},"img":{"alt_text":"","src":"https:\/\/i0.wp.com\/blogdoprosperi.com\/wp-content\/uploads\/2016\/05\/felipao-scolari-gremio-get.jpg?resize=350%2C200&ssl=1","width":350,"height":200,"srcset":"https:\/\/i0.wp.com\/blogdoprosperi.com\/wp-content\/uploads\/2016\/05\/felipao-scolari-gremio-get.jpg?resize=350%2C200&ssl=1 1x, https:\/\/i0.wp.com\/blogdoprosperi.com\/wp-content\/uploads\/2016\/05\/felipao-scolari-gremio-get.jpg?resize=525%2C300&ssl=1 1.5x, https:\/\/i0.wp.com\/blogdoprosperi.com\/wp-content\/uploads\/2016\/05\/felipao-scolari-gremio-get.jpg?resize=700%2C400&ssl=1 2x, https:\/\/i0.wp.com\/blogdoprosperi.com\/wp-content\/uploads\/2016\/05\/felipao-scolari-gremio-get.jpg?resize=1050%2C600&ssl=1 3x, https:\/\/i0.wp.com\/blogdoprosperi.com\/wp-content\/uploads\/2016\/05\/felipao-scolari-gremio-get.jpg?resize=1400%2C800&ssl=1 4x"},"classes":[]}],"jetpack_featured_media_url":"","_links":{"self":[{"href":"https:\/\/blogdoprosperi.com\/index.php?rest_route=\/wp\/v2\/posts\/23329","targetHints":{"allow":["GET"]}}],"collection":[{"href":"https:\/\/blogdoprosperi.com\/index.php?rest_route=\/wp\/v2\/posts"}],"about":[{"href":"https:\/\/blogdoprosperi.com\/index.php?rest_route=\/wp\/v2\/types\/post"}],"author":[{"embeddable":true,"href":"https:\/\/blogdoprosperi.com\/index.php?rest_route=\/wp\/v2\/users\/102107496"}],"replies":[{"embeddable":true,"href":"https:\/\/blogdoprosperi.com\/index.php?rest_route=%2Fwp%2Fv2%2Fcomments&post=23329"}],"version-history":[{"count":25,"href":"https:\/\/blogdoprosperi.com\/index.php?rest_route=\/wp\/v2\/posts\/23329\/revisions"}],"predecessor-version":[{"id":23375,"href":"https:\/\/blogdoprosperi.com\/index.php?rest_route=\/wp\/v2\/posts\/23329\/revisions\/23375"}],"wp:attachment":[{"href":"https:\/\/blogdoprosperi.com\/index.php?rest_route=%2Fwp%2Fv2%2Fmedia&parent=23329"}],"wp:term":[{"taxonomy":"category","embeddable":true,"href":"https:\/\/blogdoprosperi.com\/index.php?rest_route=%2Fwp%2Fv2%2Fcategories&post=23329"},{"taxonomy":"post_tag","embeddable":true,"href":"https:\/\/blogdoprosperi.com\/index.php?rest_route=%2Fwp%2Fv2%2Ftags&post=23329"}],"curies":[{"name":"wp","href":"https:\/\/api.w.org\/{rel}","templated":true}]}}