{"id":23377,"date":"2016-08-29T12:44:59","date_gmt":"2016-08-29T15:44:59","guid":{"rendered":"http:\/\/blogdoprosperi.com\/?p=23377"},"modified":"2016-08-29T21:41:04","modified_gmt":"2016-08-30T00:41:04","slug":"sao-paulo-aumenta-valor-de-rodrigo-caio-e-zagueiro-nao-deve-ser-vendido","status":"publish","type":"post","link":"https:\/\/blogdoprosperi.com\/?p=23377","title":{"rendered":"S\u00e3o Paulo aumenta valor de Rodrigo Caio e zagueiro n\u00e3o deve ser vendido"},"content":{"rendered":"<p><span class=\"alignnone\"><img data-recalc-dims=\"1\" loading=\"lazy\" decoding=\"async\" data-attachment-id=\"23411\" data-permalink=\"https:\/\/blogdoprosperi.com\/?attachment_id=23411\" data-orig-file=\"https:\/\/i0.wp.com\/blogdoprosperi.com\/wp-content\/uploads\/2016\/08\/56ca2ed35ce04.jpeg?fit=623%2C350&amp;ssl=1\" data-orig-size=\"623,350\" data-comments-opened=\"1\" data-image-meta=\"{&quot;aperture&quot;:&quot;0&quot;,&quot;credit&quot;:&quot;&quot;,&quot;camera&quot;:&quot;&quot;,&quot;caption&quot;:&quot;&quot;,&quot;created_timestamp&quot;:&quot;0&quot;,&quot;copyright&quot;:&quot;&quot;,&quot;focal_length&quot;:&quot;0&quot;,&quot;iso&quot;:&quot;0&quot;,&quot;shutter_speed&quot;:&quot;0&quot;,&quot;title&quot;:&quot;&quot;,&quot;orientation&quot;:&quot;0&quot;}\" data-image-title=\"56ca2ed35ce04\" data-image-description=\"\" data-image-caption=\"\" data-large-file=\"https:\/\/i0.wp.com\/blogdoprosperi.com\/wp-content\/uploads\/2016\/08\/56ca2ed35ce04.jpeg?fit=623%2C350&amp;ssl=1\" class=\"alignnone size-full wp-image-23411\" src=\"https:\/\/i0.wp.com\/blogdoprosperi.com\/wp-content\/uploads\/2016\/08\/56ca2ed35ce04.jpeg?resize=623%2C350&#038;ssl=1\" alt=\"56ca2ed35ce04\" width=\"623\" height=\"350\" \/><\/span><\/p>\n<p>S\u00e3o Paulo corre risco de n\u00e3o vender Rodrigo Caio nesta janela de transfer\u00eancia do futebol europeu que se fecha na quarta-feira (31\/8). Por decis\u00e3o do comando do clube, o valor pedido pelo jogador passou de 10 milh\u00f5es de euros para 15 milh\u00f5es depois da conquista da medalha de ouro nos Jogos Ol\u00edmpicos. Lazio, Sevilla, Milan e Napoli, interessados na contrata\u00e7\u00e3o, avaliaram que n\u00e3o valeria a pena investir todo esse dinheiro em um zagueiro.<!--more--><\/p>\n<p>Rodrigo Caio tinha e tem desejo de jogar na Europa ainda nesta temporada. N\u00e3o \u00e0 toa embarcou para a It\u00e1lia, logo ap\u00f3s a Olimp\u00edada, em busca de seu passaporte italiano em uma prov\u00edncia perto de N\u00e1poles. Estava satisfeito com as propostas de 10 milh\u00f5es de euros, em especial da Lazio, e o b\u00f4nus de 2 milh\u00f5es de euros que receberia da negocia\u00e7\u00e3o.<\/p>\n<p>O jogador esperava que a transa\u00e7\u00e3o fosse conclu\u00edda antes mesmo de se apresentar \u00e0 Sele\u00e7\u00e3o Brasileira neste domingo (28\/8) &#8211; por azar, sofreu uma les\u00e3o muscular e foi cortado por Tite.<\/p>\n<p>Quando o S\u00e3o Paulo resolveu aumentar o pedido de 10 milh\u00f5es para 15 milh\u00f5es, Rodrigo Caio ficou sem a\u00e7\u00e3o. E pode at\u00e9 virar um problema ao clube.<\/p>\n<p>Se n\u00e3o for mesmo negociado at\u00e9 quarta-feira, o jogador deve pedir uma equipara\u00e7\u00e3o salarial a do zagueiro Maicon, que recebe o teto da folha de pagamentos do clube.<\/p>\n<p>Segundo informa\u00e7\u00f5es de bastidores n\u00e3o oficiais, o sal\u00e1rio de Rodrigo \u00e9 quase um ter\u00e7o do valor que Maicon, contratado por R$ 22 milh\u00f5es em junho quando o time estava nas semifinais da Copa Libertadores, recebe por m\u00eas.<\/p>\n<p>Permanecendo no S\u00e3o Paulo, Rodrigo Caio corre risco at\u00e9 de ser desvalorizado. O time patina no Brasileir\u00e3o e j\u00e1 entrou na corrida contra o rebaixamento.<\/p>\n<p>Na Copa do Brasil, a derrota em casa para o Juventude no jogo de ida deixa o clube em situa\u00e7\u00e3o complicada.<\/p>\n<p>O S\u00e3o Paulo est\u00e1 sem caixa. N\u00e3o tem dinheiro para investir em refor\u00e7os. Vive uma ebuli\u00e7\u00e3o pol\u00edtica. E, lament\u00e1vel, virou v\u00edtima da viol\u00eancia de fac\u00e7\u00f5es organizadas.<\/p>\n<p>\u00c9 neste cen\u00e1rio que Rodrigo Caio vai ter de jogar e continuar a valer os 15 milh\u00f5es de euros exigidos pelo Tricolor. Ou o S\u00e3o Paulo negocia agora por 10 milh\u00f5es de euros ou vai correr risco mais tarde.<\/p>\n","protected":false},"excerpt":{"rendered":"<p>S\u00e3o Paulo corre risco de n\u00e3o vender Rodrigo Caio nesta janela de transfer\u00eancia do futebol europeu que se [&hellip;]<\/p>\n","protected":false},"author":102107496,"featured_media":0,"comment_status":"open","ping_status":"open","sticky":false,"template":"","format":"standard","meta":{"_coblocks_attr":"","_coblocks_dimensions":"","_coblocks_responsive_height":"","_coblocks_accordion_ie_support":"","_jetpack_newsletter_access":"","_jetpack_dont_email_post_to_subs":false,"_jetpack_newsletter_tier_id":0,"_jetpack_memberships_contains_paywalled_content":false,"_wpcom_ai_launchpad_first_post":false,"_jetpack_feature_clip_id":0,"_jetpack_memberships_contains_paid_content":false,"footnotes":"","jetpack_publicize_message":"","jetpack_publicize_feature_enabled":true,"jetpack_social_post_already_shared":false,"jetpack_social_options":{"image_generator_settings":{"template":"highway","default_image_id":0,"font":"","enabled":false},"version":2},"jetpack_post_was_ever_published":false},"categories":[53870],"tags":[789560560,65496,182315,4211,57801963,972018],"class_list":["post-23377","post","type-post","status-publish","format-standard","hentry","category-futebol","tag-futebol","tag-jogos-olimpicos","tag-lazio","tag-milan","tag-rodrigo-caio","tag-sao-paulo-fc"],"yoast_head":"<!-- This site is optimized with the Yoast SEO plugin v28.3 - https:\/\/yoast.com\/product\/yoast-seo-wordpress\/ -->\n<title>S\u00e3o Paulo aumenta valor de Rodrigo Caio e zagueiro n\u00e3o deve ser vendido - PR\u00d3SPERI NEWS<\/title>\n<meta name=\"robots\" content=\"index, follow, max-snippet:-1, max-image-preview:large, max-video-preview:-1\" \/>\n<link rel=\"canonical\" href=\"https:\/\/blogdoprosperi.com\/?p=23377\" \/>\n<meta property=\"og:locale\" content=\"pt_BR\" \/>\n<meta property=\"og:type\" content=\"article\" \/>\n<meta property=\"og:title\" content=\"S\u00e3o Paulo aumenta valor de Rodrigo Caio e zagueiro n\u00e3o deve ser vendido - PR\u00d3SPERI NEWS\" \/>\n<meta property=\"og:description\" content=\"S\u00e3o Paulo corre risco de n\u00e3o vender Rodrigo Caio nesta janela de transfer\u00eancia do futebol europeu que se [&hellip;]\" \/>\n<meta property=\"og:url\" content=\"https:\/\/blogdoprosperi.com\/?p=23377\" \/>\n<meta property=\"og:site_name\" content=\"PR\u00d3SPERI NEWS\" \/>\n<meta property=\"article:publisher\" content=\"Luiz Pr\u00f3speri\" \/>\n<meta property=\"article:author\" content=\"Luiz Pr\u00f3speri\" \/>\n<meta property=\"article:published_time\" content=\"2016-08-29T15:44:59+00:00\" \/>\n<meta property=\"article:modified_time\" content=\"2016-08-30T00:41:04+00:00\" \/>\n<meta property=\"og:image\" content=\"https:\/\/blogdoprosperi.com\/wp-content\/uploads\/2016\/08\/56ca2ed35ce04.jpeg\" \/>\n<meta name=\"author\" content=\"Luiz Ant\u00f4nio Pr\u00f3speri\" \/>\n<meta name=\"twitter:card\" content=\"summary_large_image\" \/>\n<meta name=\"twitter:creator\" content=\"@Luizprosperi\" \/>\n<meta name=\"twitter:site\" content=\"@Luizprosperi\" \/>\n<meta name=\"twitter:label1\" content=\"Escrito por\" \/>\n\t<meta name=\"twitter:data1\" content=\"Luiz Ant\u00f4nio Pr\u00f3speri\" \/>\n\t<meta name=\"twitter:label2\" content=\"Est. tempo de leitura\" \/>\n\t<meta name=\"twitter:data2\" content=\"2 minutos\" \/>\n<script type=\"application\/ld+json\" class=\"yoast-schema-graph\">{\"@context\":\"https:\\\/\\\/schema.org\",\"@graph\":[{\"@type\":\"Article\",\"@id\":\"https:\\\/\\\/blogdoprosperi.com\\\/?p=23377#article\",\"isPartOf\":{\"@id\":\"https:\\\/\\\/blogdoprosperi.com\\\/?p=23377\"},\"author\":{\"name\":\"Luiz Ant\u00f4nio Pr\u00f3speri\",\"@id\":\"https:\\\/\\\/blogdoprosperi.com\\\/#\\\/schema\\\/person\\\/38100755ce3601861ee4fab9b5aa78e9\"},\"headline\":\"S\u00e3o Paulo aumenta valor de Rodrigo Caio e zagueiro n\u00e3o deve ser vendido\",\"datePublished\":\"2016-08-29T15:44:59+00:00\",\"dateModified\":\"2016-08-30T00:41:04+00:00\",\"mainEntityOfPage\":{\"@id\":\"https:\\\/\\\/blogdoprosperi.com\\\/?p=23377\"},\"wordCount\":420,\"commentCount\":0,\"publisher\":{\"@id\":\"https:\\\/\\\/blogdoprosperi.com\\\/#\\\/schema\\\/person\\\/38100755ce3601861ee4fab9b5aa78e9\"},\"image\":{\"@id\":\"https:\\\/\\\/blogdoprosperi.com\\\/?p=23377#primaryimage\"},\"thumbnailUrl\":\"https:\\\/\\\/blogdoprosperi.com\\\/wp-content\\\/uploads\\\/2016\\\/08\\\/56ca2ed35ce04.jpeg\",\"keywords\":[\"futebol\",\"Jogos Ol\u00edmpicos\",\"Lazio\",\"Milan\",\"Rodrigo Caio\",\"S\u00e3o Paulo FC\"],\"articleSection\":[\"futebol\"],\"inLanguage\":\"pt-BR\",\"potentialAction\":[{\"@type\":\"CommentAction\",\"name\":\"Comment\",\"target\":[\"https:\\\/\\\/blogdoprosperi.com\\\/?p=23377#respond\"]}]},{\"@type\":\"WebPage\",\"@id\":\"https:\\\/\\\/blogdoprosperi.com\\\/?p=23377\",\"url\":\"https:\\\/\\\/blogdoprosperi.com\\\/?p=23377\",\"name\":\"S\u00e3o Paulo aumenta valor de Rodrigo Caio e zagueiro n\u00e3o deve ser vendido - PR\u00d3SPERI NEWS\",\"isPartOf\":{\"@id\":\"https:\\\/\\\/blogdoprosperi.com\\\/#website\"},\"primaryImageOfPage\":{\"@id\":\"https:\\\/\\\/blogdoprosperi.com\\\/?p=23377#primaryimage\"},\"image\":{\"@id\":\"https:\\\/\\\/blogdoprosperi.com\\\/?p=23377#primaryimage\"},\"thumbnailUrl\":\"https:\\\/\\\/blogdoprosperi.com\\\/wp-content\\\/uploads\\\/2016\\\/08\\\/56ca2ed35ce04.jpeg\",\"datePublished\":\"2016-08-29T15:44:59+00:00\",\"dateModified\":\"2016-08-30T00:41:04+00:00\",\"breadcrumb\":{\"@id\":\"https:\\\/\\\/blogdoprosperi.com\\\/?p=23377#breadcrumb\"},\"inLanguage\":\"pt-BR\",\"potentialAction\":[{\"@type\":\"ReadAction\",\"target\":[\"https:\\\/\\\/blogdoprosperi.com\\\/?p=23377\"]}]},{\"@type\":\"ImageObject\",\"inLanguage\":\"pt-BR\",\"@id\":\"https:\\\/\\\/blogdoprosperi.com\\\/?p=23377#primaryimage\",\"url\":\"https:\\\/\\\/i0.wp.com\\\/blogdoprosperi.com\\\/wp-content\\\/uploads\\\/2016\\\/08\\\/56ca2ed35ce04.jpeg?fit=623%2C350&ssl=1\",\"contentUrl\":\"https:\\\/\\\/i0.wp.com\\\/blogdoprosperi.com\\\/wp-content\\\/uploads\\\/2016\\\/08\\\/56ca2ed35ce04.jpeg?fit=623%2C350&ssl=1\",\"width\":623,\"height\":350},{\"@type\":\"BreadcrumbList\",\"@id\":\"https:\\\/\\\/blogdoprosperi.com\\\/?p=23377#breadcrumb\",\"itemListElement\":[{\"@type\":\"ListItem\",\"position\":1,\"name\":\"In\u00edcio\",\"item\":\"https:\\\/\\\/blogdoprosperi.com\\\/\"},{\"@type\":\"ListItem\",\"position\":2,\"name\":\"S\u00e3o Paulo aumenta valor de Rodrigo Caio e zagueiro n\u00e3o deve ser vendido\"}]},{\"@type\":\"WebSite\",\"@id\":\"https:\\\/\\\/blogdoprosperi.com\\\/#website\",\"url\":\"https:\\\/\\\/blogdoprosperi.com\\\/\",\"name\":\"PR\u00d3SPERI NEWS\",\"description\":\"TUDO \u00c9  FUTEBOL\",\"publisher\":{\"@id\":\"https:\\\/\\\/blogdoprosperi.com\\\/#\\\/schema\\\/person\\\/38100755ce3601861ee4fab9b5aa78e9\"},\"alternateName\":\"blogdoprosperi.com\",\"potentialAction\":[{\"@type\":\"SearchAction\",\"target\":{\"@type\":\"EntryPoint\",\"urlTemplate\":\"https:\\\/\\\/blogdoprosperi.com\\\/?s={search_term_string}\"},\"query-input\":{\"@type\":\"PropertyValueSpecification\",\"valueRequired\":true,\"valueName\":\"search_term_string\"}}],\"inLanguage\":\"pt-BR\"},{\"@type\":[\"Person\",\"Organization\"],\"@id\":\"https:\\\/\\\/blogdoprosperi.com\\\/#\\\/schema\\\/person\\\/38100755ce3601861ee4fab9b5aa78e9\",\"name\":\"Luiz Ant\u00f4nio Pr\u00f3speri\",\"pronouns\":\"ele\",\"image\":{\"@type\":\"ImageObject\",\"inLanguage\":\"pt-BR\",\"@id\":\"https:\\\/\\\/i0.wp.com\\\/blogdoprosperi.com\\\/wp-content\\\/uploads\\\/2026\\\/05\\\/cropped-8059e613-6002-42fa-961e-8e275f575d71-2-5.jpg?fit=1360%2C931&ssl=1\",\"url\":\"https:\\\/\\\/i0.wp.com\\\/blogdoprosperi.com\\\/wp-content\\\/uploads\\\/2026\\\/05\\\/cropped-8059e613-6002-42fa-961e-8e275f575d71-2-5.jpg?fit=1360%2C931&ssl=1\",\"contentUrl\":\"https:\\\/\\\/i0.wp.com\\\/blogdoprosperi.com\\\/wp-content\\\/uploads\\\/2026\\\/05\\\/cropped-8059e613-6002-42fa-961e-8e275f575d71-2-5.jpg?fit=1360%2C931&ssl=1\",\"width\":1360,\"height\":931,\"caption\":\"Luiz Ant\u00f4nio Pr\u00f3speri\"},\"logo\":{\"@id\":\"https:\\\/\\\/i0.wp.com\\\/blogdoprosperi.com\\\/wp-content\\\/uploads\\\/2026\\\/05\\\/cropped-8059e613-6002-42fa-961e-8e275f575d71-2-5.jpg?fit=1360%2C931&ssl=1\"},\"description\":\"Jornalista com carreira dedicada ao esporte. Cobriu 9 Copas do Mundo in loco, 1990 na It\u00e1lia, 1994 nos EUA, 1998 na Fran\u00e7a, 2002 na Coreia do Sul e Jap\u00e3o, 2006 na Alemanha, 2010 na \u00c1frica do Sul, 2014 no Brasil, 2018 na R\u00fassia e 2022 no Qatar. Eurocopas, 1992 na Su\u00e9cia e 1996 na Inglaterra. Copa das Confedera\u00e7\u00f5es de 2005 na Alemanha e 2009 na \u00c1frica do Sul. Rep\u00f3rter e Editor, trabalhou no Jornal da Tarde e Estad\u00e3o, de 1984 a fevereiro de 2016. Colunista, blogueiro. E comentarista de futebol na R\u00e1dio Estad\u00e3o, de 2013 a fevereiro de 2016. Jornalista respons\u00e1vel do \\\"Pr\u00f3speri News\\\" (blogdoprosperi.com).\",\"sameAs\":[\"http:\\\/\\\/blogdoprosperi.com\",\"Luiz Pr\u00f3speri\",\"@luiz_prosperi\",\"https:\\\/\\\/x.com\\\/Luizprosperi\",\"@prosperinacopa\",\"luiz.prosperi@icloud.com\"],\"url\":\"https:\\\/\\\/blogdoprosperi.com\\\/?author=102107496\"}]}<\/script>\n<!-- \/ Yoast SEO plugin. -->","yoast_head_json":{"title":"S\u00e3o Paulo aumenta valor de Rodrigo Caio e zagueiro n\u00e3o deve ser vendido - PR\u00d3SPERI NEWS","robots":{"index":"index","follow":"follow","max-snippet":"max-snippet:-1","max-image-preview":"max-image-preview:large","max-video-preview":"max-video-preview:-1"},"canonical":"https:\/\/blogdoprosperi.com\/?p=23377","og_locale":"pt_BR","og_type":"article","og_title":"S\u00e3o Paulo aumenta valor de Rodrigo Caio e zagueiro n\u00e3o deve ser vendido - PR\u00d3SPERI NEWS","og_description":"S\u00e3o Paulo corre risco de n\u00e3o vender Rodrigo Caio nesta janela de transfer\u00eancia do futebol europeu que se [&hellip;]","og_url":"https:\/\/blogdoprosperi.com\/?p=23377","og_site_name":"PR\u00d3SPERI NEWS","article_publisher":"Luiz Pr\u00f3speri","article_author":"Luiz Pr\u00f3speri","article_published_time":"2016-08-29T15:44:59+00:00","article_modified_time":"2016-08-30T00:41:04+00:00","og_image":[{"url":"https:\/\/blogdoprosperi.com\/wp-content\/uploads\/2016\/08\/56ca2ed35ce04.jpeg","type":"","width":"","height":""}],"author":"Luiz Ant\u00f4nio Pr\u00f3speri","twitter_card":"summary_large_image","twitter_creator":"@Luizprosperi","twitter_site":"@Luizprosperi","twitter_misc":{"Escrito por":"Luiz Ant\u00f4nio Pr\u00f3speri","Est. tempo de leitura":"2 minutos"},"schema":{"@context":"https:\/\/schema.org","@graph":[{"@type":"Article","@id":"https:\/\/blogdoprosperi.com\/?p=23377#article","isPartOf":{"@id":"https:\/\/blogdoprosperi.com\/?p=23377"},"author":{"name":"Luiz Ant\u00f4nio Pr\u00f3speri","@id":"https:\/\/blogdoprosperi.com\/#\/schema\/person\/38100755ce3601861ee4fab9b5aa78e9"},"headline":"S\u00e3o Paulo aumenta valor de Rodrigo Caio e zagueiro n\u00e3o deve ser vendido","datePublished":"2016-08-29T15:44:59+00:00","dateModified":"2016-08-30T00:41:04+00:00","mainEntityOfPage":{"@id":"https:\/\/blogdoprosperi.com\/?p=23377"},"wordCount":420,"commentCount":0,"publisher":{"@id":"https:\/\/blogdoprosperi.com\/#\/schema\/person\/38100755ce3601861ee4fab9b5aa78e9"},"image":{"@id":"https:\/\/blogdoprosperi.com\/?p=23377#primaryimage"},"thumbnailUrl":"https:\/\/blogdoprosperi.com\/wp-content\/uploads\/2016\/08\/56ca2ed35ce04.jpeg","keywords":["futebol","Jogos Ol\u00edmpicos","Lazio","Milan","Rodrigo Caio","S\u00e3o Paulo FC"],"articleSection":["futebol"],"inLanguage":"pt-BR","potentialAction":[{"@type":"CommentAction","name":"Comment","target":["https:\/\/blogdoprosperi.com\/?p=23377#respond"]}]},{"@type":"WebPage","@id":"https:\/\/blogdoprosperi.com\/?p=23377","url":"https:\/\/blogdoprosperi.com\/?p=23377","name":"S\u00e3o Paulo aumenta valor de Rodrigo Caio e zagueiro n\u00e3o deve ser vendido - PR\u00d3SPERI NEWS","isPartOf":{"@id":"https:\/\/blogdoprosperi.com\/#website"},"primaryImageOfPage":{"@id":"https:\/\/blogdoprosperi.com\/?p=23377#primaryimage"},"image":{"@id":"https:\/\/blogdoprosperi.com\/?p=23377#primaryimage"},"thumbnailUrl":"https:\/\/blogdoprosperi.com\/wp-content\/uploads\/2016\/08\/56ca2ed35ce04.jpeg","datePublished":"2016-08-29T15:44:59+00:00","dateModified":"2016-08-30T00:41:04+00:00","breadcrumb":{"@id":"https:\/\/blogdoprosperi.com\/?p=23377#breadcrumb"},"inLanguage":"pt-BR","potentialAction":[{"@type":"ReadAction","target":["https:\/\/blogdoprosperi.com\/?p=23377"]}]},{"@type":"ImageObject","inLanguage":"pt-BR","@id":"https:\/\/blogdoprosperi.com\/?p=23377#primaryimage","url":"https:\/\/i0.wp.com\/blogdoprosperi.com\/wp-content\/uploads\/2016\/08\/56ca2ed35ce04.jpeg?fit=623%2C350&ssl=1","contentUrl":"https:\/\/i0.wp.com\/blogdoprosperi.com\/wp-content\/uploads\/2016\/08\/56ca2ed35ce04.jpeg?fit=623%2C350&ssl=1","width":623,"height":350},{"@type":"BreadcrumbList","@id":"https:\/\/blogdoprosperi.com\/?p=23377#breadcrumb","itemListElement":[{"@type":"ListItem","position":1,"name":"In\u00edcio","item":"https:\/\/blogdoprosperi.com\/"},{"@type":"ListItem","position":2,"name":"S\u00e3o Paulo aumenta valor de Rodrigo Caio e zagueiro n\u00e3o deve ser vendido"}]},{"@type":"WebSite","@id":"https:\/\/blogdoprosperi.com\/#website","url":"https:\/\/blogdoprosperi.com\/","name":"PR\u00d3SPERI NEWS","description":"TUDO \u00c9  FUTEBOL","publisher":{"@id":"https:\/\/blogdoprosperi.com\/#\/schema\/person\/38100755ce3601861ee4fab9b5aa78e9"},"alternateName":"blogdoprosperi.com","potentialAction":[{"@type":"SearchAction","target":{"@type":"EntryPoint","urlTemplate":"https:\/\/blogdoprosperi.com\/?s={search_term_string}"},"query-input":{"@type":"PropertyValueSpecification","valueRequired":true,"valueName":"search_term_string"}}],"inLanguage":"pt-BR"},{"@type":["Person","Organization"],"@id":"https:\/\/blogdoprosperi.com\/#\/schema\/person\/38100755ce3601861ee4fab9b5aa78e9","name":"Luiz Ant\u00f4nio Pr\u00f3speri","pronouns":"ele","image":{"@type":"ImageObject","inLanguage":"pt-BR","@id":"https:\/\/i0.wp.com\/blogdoprosperi.com\/wp-content\/uploads\/2026\/05\/cropped-8059e613-6002-42fa-961e-8e275f575d71-2-5.jpg?fit=1360%2C931&ssl=1","url":"https:\/\/i0.wp.com\/blogdoprosperi.com\/wp-content\/uploads\/2026\/05\/cropped-8059e613-6002-42fa-961e-8e275f575d71-2-5.jpg?fit=1360%2C931&ssl=1","contentUrl":"https:\/\/i0.wp.com\/blogdoprosperi.com\/wp-content\/uploads\/2026\/05\/cropped-8059e613-6002-42fa-961e-8e275f575d71-2-5.jpg?fit=1360%2C931&ssl=1","width":1360,"height":931,"caption":"Luiz Ant\u00f4nio Pr\u00f3speri"},"logo":{"@id":"https:\/\/i0.wp.com\/blogdoprosperi.com\/wp-content\/uploads\/2026\/05\/cropped-8059e613-6002-42fa-961e-8e275f575d71-2-5.jpg?fit=1360%2C931&ssl=1"},"description":"Jornalista com carreira dedicada ao esporte. Cobriu 9 Copas do Mundo in loco, 1990 na It\u00e1lia, 1994 nos EUA, 1998 na Fran\u00e7a, 2002 na Coreia do Sul e Jap\u00e3o, 2006 na Alemanha, 2010 na \u00c1frica do Sul, 2014 no Brasil, 2018 na R\u00fassia e 2022 no Qatar. Eurocopas, 1992 na Su\u00e9cia e 1996 na Inglaterra. Copa das Confedera\u00e7\u00f5es de 2005 na Alemanha e 2009 na \u00c1frica do Sul. Rep\u00f3rter e Editor, trabalhou no Jornal da Tarde e Estad\u00e3o, de 1984 a fevereiro de 2016. Colunista, blogueiro. E comentarista de futebol na R\u00e1dio Estad\u00e3o, de 2013 a fevereiro de 2016. Jornalista respons\u00e1vel do \"Pr\u00f3speri News\" (blogdoprosperi.com).","sameAs":["http:\/\/blogdoprosperi.com","Luiz Pr\u00f3speri","@luiz_prosperi","https:\/\/x.com\/Luizprosperi","@prosperinacopa","luiz.prosperi@icloud.com"],"url":"https:\/\/blogdoprosperi.com\/?author=102107496"}]}},"jetpack_publicize_connections":[],"jetpack_likes_enabled":false,"jetpack_sharing_enabled":true,"jetpack_shortlink":"https:\/\/wp.me\/p7jvdk-653","jetpack-related-posts":[{"id":15026,"url":"https:\/\/blogdoprosperi.com\/?p=15026","url_meta":{"origin":23377,"position":0},"title":"Alexandre Pato e Rodrigo Caio est\u00e3o perto da  Lazio","author":"Luiz Ant\u00f4nio Pr\u00f3speri","date":"6 de julho de 2016","format":false,"excerpt":"Lazio tem como certa a transfer\u00eancia de Alexandre Pato, do Corinthians, por cerca de 5 milh\u00f5es de euros (R$ 18,2 milh\u00f5es) e tamb\u00e9m de Rodrigo Caio, do S\u00e3o Paulo, por 10 milh\u00f5es de euros (R$ 36,4 milh\u00f5es) mais 2 milh\u00f5es de euros (R$ 7,2 milh\u00f5es) de b\u00f4nus. As duas negocia\u00e7\u00f5es\u2026","rel":"","context":"Em &quot;futebol&quot;","block_context":{"text":"futebol","link":"https:\/\/blogdoprosperi.com\/?cat=53870"},"img":{"alt_text":"","src":"https:\/\/i0.wp.com\/blogdoprosperi.com\/wp-content\/uploads\/2016\/07\/2c385ddc00000578-0-image-a-58_1450278648907.jpg?resize=350%2C200&ssl=1","width":350,"height":200,"srcset":"https:\/\/i0.wp.com\/blogdoprosperi.com\/wp-content\/uploads\/2016\/07\/2c385ddc00000578-0-image-a-58_1450278648907.jpg?resize=350%2C200&ssl=1 1x, https:\/\/i0.wp.com\/blogdoprosperi.com\/wp-content\/uploads\/2016\/07\/2c385ddc00000578-0-image-a-58_1450278648907.jpg?resize=525%2C300&ssl=1 1.5x"},"classes":[]},{"id":16677,"url":"https:\/\/blogdoprosperi.com\/?p=16677","url_meta":{"origin":23377,"position":1},"title":"S\u00e3o Paulo acerta com Douglas para vaga de Rodrigo Caio e pode perder t\u00e9cnico Bauza","author":"Luiz Ant\u00f4nio Pr\u00f3speri","date":"19 de julho de 2016","format":false,"excerpt":"S\u00e3o Paulo em reconstru\u00e7\u00e3o, ap\u00f3s queda na Libertadores, sofre no mercado","rel":"","context":"Em &quot;futebol&quot;","block_context":{"text":"futebol","link":"https:\/\/blogdoprosperi.com\/?cat=53870"},"img":{"alt_text":"","src":"https:\/\/i0.wp.com\/blogdoprosperi.com\/wp-content\/uploads\/2016\/07\/20151218831327g.jpg?resize=350%2C200&ssl=1","width":350,"height":200,"srcset":"https:\/\/i0.wp.com\/blogdoprosperi.com\/wp-content\/uploads\/2016\/07\/20151218831327g.jpg?resize=350%2C200&ssl=1 1x, https:\/\/i0.wp.com\/blogdoprosperi.com\/wp-content\/uploads\/2016\/07\/20151218831327g.jpg?resize=525%2C300&ssl=1 1.5x"},"classes":[]},{"id":15872,"url":"https:\/\/blogdoprosperi.com\/?p=15872","url_meta":{"origin":23377,"position":2},"title":"Ganso \u00e9 do Sevilla, admite presidente do S\u00e3o Paulo","author":"Luiz Ant\u00f4nio Pr\u00f3speri","date":"12 de julho de 2016","format":false,"excerpt":"Paulo Henrique Ganso \u00e9 jogador do Sevilla por 9,5 milh\u00f5es de euros (R$ 34,6 milh\u00f5es). O S\u00e3o Paulo levar\u00e1 5 milh\u00f5es de euros (R$ 18,4 milh\u00f5es) e o grupo DIS deve ter direito a 4 milh\u00f5es de euros (R$ 14,6%) e 20% de uma eventual venda futura. A divis\u00e3o leva\u2026","rel":"","context":"Em &quot;futebol&quot;","block_context":{"text":"futebol","link":"https:\/\/blogdoprosperi.com\/?cat=53870"},"img":{"alt_text":"","src":"https:\/\/i0.wp.com\/blogdoprosperi.com\/wp-content\/uploads\/2016\/07\/8-20.jpg?resize=350%2C200","width":350,"height":200},"classes":[]},{"id":18425,"url":"https:\/\/blogdoprosperi.com\/?p=18425","url_meta":{"origin":23377,"position":3},"title":"Sele\u00e7\u00e3o Brasileira Ol\u00edmpica vira um balc\u00e3o de neg\u00f3cios de jogadores","author":"Luiz Ant\u00f4nio Pr\u00f3speri","date":"1 de agosto de 2016","format":false,"excerpt":"Sele\u00e7\u00e3o Brasileira Ol\u00edmpica vai estrear na Olimp\u00edada do Rio nesta quinta-feira com muitos de seus jovens jogadores no balc\u00e3o de transfer\u00eancias aos clubes europeus. Neg\u00f3cios ultrapassam a casa dos 100 milh\u00f5es de euros (R$ 361 milh\u00f5es) e n\u00e3o ser\u00e3o conclu\u00eddos ainda nesta semana. O Brasil vai correr atr\u00e1s da medalha\u2026","rel":"","context":"Em &quot;futebol&quot;","block_context":{"text":"futebol","link":"https:\/\/blogdoprosperi.com\/?cat=53870"},"img":{"alt_text":"","src":"https:\/\/i0.wp.com\/blogdoprosperi.com\/wp-content\/uploads\/2016\/08\/rodriocaio.jpg?resize=350%2C200&ssl=1","width":350,"height":200,"srcset":"https:\/\/i0.wp.com\/blogdoprosperi.com\/wp-content\/uploads\/2016\/08\/rodriocaio.jpg?resize=350%2C200&ssl=1 1x, https:\/\/i0.wp.com\/blogdoprosperi.com\/wp-content\/uploads\/2016\/08\/rodriocaio.jpg?resize=525%2C300&ssl=1 1.5x"},"classes":[]},{"id":16000,"url":"https:\/\/blogdoprosperi.com\/?p=16000","url_meta":{"origin":23377,"position":4},"title":"Clubes europeus atrapalham sele\u00e7\u00e3o brasileira ol\u00edmpica","author":"Luiz Ant\u00f4nio Pr\u00f3speri","date":"14 de julho de 2016","format":false,"excerpt":"Gabriel Jesus, Gabigol, Rodrigo Caio e Marquinhos t\u00eam propostas para trocar de clubes e negocia\u00e7\u00f5es podem se arrastar at\u00e9 Olimp\u00edada do Rio","rel":"","context":"Em &quot;futebol&quot;","block_context":{"text":"futebol","link":"https:\/\/blogdoprosperi.com\/?cat=53870"},"img":{"alt_text":"","src":"https:\/\/i0.wp.com\/blogdoprosperi.com\/wp-content\/uploads\/2016\/07\/selecao-brasileira-gabriel-jesus-480-fifa-divulgacao-1.jpg?resize=350%2C200","width":350,"height":200,"srcset":"https:\/\/i0.wp.com\/blogdoprosperi.com\/wp-content\/uploads\/2016\/07\/selecao-brasileira-gabriel-jesus-480-fifa-divulgacao-1.jpg?resize=350%2C200 1x, https:\/\/i0.wp.com\/blogdoprosperi.com\/wp-content\/uploads\/2016\/07\/selecao-brasileira-gabriel-jesus-480-fifa-divulgacao-1.jpg?resize=525%2C300 1.5x"},"classes":[]},{"id":15343,"url":"https:\/\/blogdoprosperi.com\/?p=15343","url_meta":{"origin":23377,"position":5},"title":"S\u00e3o Paulo pode perder Ganso, Rodrigo Caio, Calleri e Bauza","author":"Luiz Ant\u00f4nio Pr\u00f3speri","date":"7 de julho de 2016","format":false,"excerpt":"S\u00e3o Paulo vive um momento delicado ap\u00f3s a derrota ao Atl\u00e9tico Nacional nesta quarta-feira (06\/7). A pr\u00f3ximas semana ser\u00e1 decisiva ao futuro do clube paulista na temporada com a quase inevit\u00e1vel queda nas semifinais da Copa Libertadores. Pode ter perdas consider\u00e1veis. Paulo Henrique Ganso e Rodrigo Caio est\u00e3o de sa\u00edda.\u2026","rel":"","context":"Em &quot;futebol&quot;","block_context":{"text":"futebol","link":"https:\/\/blogdoprosperi.com\/?cat=53870"},"img":{"alt_text":"","src":"https:\/\/i0.wp.com\/blogdoprosperi.com\/wp-content\/uploads\/2016\/07\/85adb960-0246-11e6-8a5c-a362efbf840e_20160401111809396_3.jpg?resize=350%2C200&ssl=1","width":350,"height":200,"srcset":"https:\/\/i0.wp.com\/blogdoprosperi.com\/wp-content\/uploads\/2016\/07\/85adb960-0246-11e6-8a5c-a362efbf840e_20160401111809396_3.jpg?resize=350%2C200&ssl=1 1x, https:\/\/i0.wp.com\/blogdoprosperi.com\/wp-content\/uploads\/2016\/07\/85adb960-0246-11e6-8a5c-a362efbf840e_20160401111809396_3.jpg?resize=525%2C300&ssl=1 1.5x"},"classes":[]}],"jetpack_featured_media_url":"","_links":{"self":[{"href":"https:\/\/blogdoprosperi.com\/index.php?rest_route=\/wp\/v2\/posts\/23377","targetHints":{"allow":["GET"]}}],"collection":[{"href":"https:\/\/blogdoprosperi.com\/index.php?rest_route=\/wp\/v2\/posts"}],"about":[{"href":"https:\/\/blogdoprosperi.com\/index.php?rest_route=\/wp\/v2\/types\/post"}],"author":[{"embeddable":true,"href":"https:\/\/blogdoprosperi.com\/index.php?rest_route=\/wp\/v2\/users\/102107496"}],"replies":[{"embeddable":true,"href":"https:\/\/blogdoprosperi.com\/index.php?rest_route=%2Fwp%2Fv2%2Fcomments&post=23377"}],"version-history":[{"count":25,"href":"https:\/\/blogdoprosperi.com\/index.php?rest_route=\/wp\/v2\/posts\/23377\/revisions"}],"predecessor-version":[{"id":23468,"href":"https:\/\/blogdoprosperi.com\/index.php?rest_route=\/wp\/v2\/posts\/23377\/revisions\/23468"}],"wp:attachment":[{"href":"https:\/\/blogdoprosperi.com\/index.php?rest_route=%2Fwp%2Fv2%2Fmedia&parent=23377"}],"wp:term":[{"taxonomy":"category","embeddable":true,"href":"https:\/\/blogdoprosperi.com\/index.php?rest_route=%2Fwp%2Fv2%2Fcategories&post=23377"},{"taxonomy":"post_tag","embeddable":true,"href":"https:\/\/blogdoprosperi.com\/index.php?rest_route=%2Fwp%2Fv2%2Ftags&post=23377"}],"curies":[{"name":"wp","href":"https:\/\/api.w.org\/{rel}","templated":true}]}}