{"id":23420,"date":"2016-08-29T17:04:49","date_gmt":"2016-08-29T20:04:49","guid":{"rendered":"http:\/\/blogdoprosperi.com\/?p=23420"},"modified":"2016-08-29T17:19:58","modified_gmt":"2016-08-29T20:19:58","slug":"tite-elege-seus-titulares-na-selecao-e-gabriel-jesus-ganha-a-camisa-9","status":"publish","type":"post","link":"https:\/\/blogdoprosperi.com\/?p=23420","title":{"rendered":"Tite elege seus titulares na Sele\u00e7\u00e3o e Gabriel Jesus ganha a camisa 9"},"content":{"rendered":"<p><span class=\"alignnone\"><img data-recalc-dims=\"1\" loading=\"lazy\" decoding=\"async\" data-attachment-id=\"23425\" data-permalink=\"https:\/\/blogdoprosperi.com\/?attachment_id=23425\" data-orig-file=\"https:\/\/i0.wp.com\/blogdoprosperi.com\/wp-content\/uploads\/2016\/08\/20160829152129_0-1.jpeg?fit=974%2C730&amp;ssl=1\" data-orig-size=\"974,730\" data-comments-opened=\"1\" data-image-meta=\"{&quot;aperture&quot;:&quot;0&quot;,&quot;credit&quot;:&quot;&quot;,&quot;camera&quot;:&quot;&quot;,&quot;caption&quot;:&quot;&quot;,&quot;created_timestamp&quot;:&quot;0&quot;,&quot;copyright&quot;:&quot;&quot;,&quot;focal_length&quot;:&quot;0&quot;,&quot;iso&quot;:&quot;0&quot;,&quot;shutter_speed&quot;:&quot;0&quot;,&quot;title&quot;:&quot;&quot;,&quot;orientation&quot;:&quot;0&quot;}\" data-image-title=\"20160829152129_0-1\" data-image-description=\"\" data-image-caption=\"\" data-large-file=\"https:\/\/i0.wp.com\/blogdoprosperi.com\/wp-content\/uploads\/2016\/08\/20160829152129_0-1.jpeg?fit=940%2C705&amp;ssl=1\" class=\"alignnone size-full wp-image-23425\" src=\"https:\/\/i0.wp.com\/blogdoprosperi.com\/wp-content\/uploads\/2016\/08\/20160829152129_0-1.jpeg?resize=940%2C705&#038;ssl=1\" alt=\"20160829152129_0-1\" width=\"940\" height=\"705\" \/><\/span><\/p>\n<p>Tite escolheu os n\u00fameros dos jogadores da Sele\u00e7\u00e3o Brasileira para os jogos contra o Equador (dia 01\/9) e Col\u00f4mbia (06\/9) na sua estreia no comando do escrete. Se seguirmos a sequ\u00eancia de 1 a 11, j\u00e1 teremos o time titular no esquema 4-1-4-1, t\u00e3o apreciado ao treinador.<!--more--><\/p>\n<p>A <a href=\"http:\/\/blogdoprosperi.com\/2016\/08\/22\/tite-promete-selecao-no-ataque-e-se-rende-aos-garotos-da-medalha-de-ouro\/\">Sele\u00e7\u00e3o de Tite <\/a>ent\u00e3o seria formada com Alisson, Daniel Alves, Miranda, Gil e Filipe Luis; Casemiro; Rafael Carioca, Renato Augusto, Philipe Coutinho e Neymar; Gabriel Jesus.<\/p>\n<p>Evidente que, na hora de avaliar a condi\u00e7\u00e3o f\u00edsica de cada um, essa composi\u00e7\u00e3o possa mudar. Alguns jogadores est\u00e3o no in\u00edcio de temporada, sem muito ritmo e for\u00e7a.<\/p>\n<p>Uma certeza \u00e9 que Gabriel Jesus, neste momento, tem a prefer\u00eancia de Tite no comando do ataque na disputa com Gabigol. Um aut\u00eantico camisa 9.<\/p>\n<p>Cabe ainda lembrar um detalhe importante. Quando treinadores da Sele\u00e7\u00e3o elegem a numera\u00e7\u00e3o dos jogadores costumam ser fi\u00e9is aos eleitos at\u00e9 o fim. S\u00f3 mudam de opini\u00e3o em casos de queda de rendimento t\u00e9cnico ou les\u00f5es mais graves.<\/p>\n<p>Para ficar nas duas \u00faltimas conquistas do Brasil em Copas dos Mundo, em 1994 nos Estados Unidos e 2002 na Coreia do Sul e Jap\u00e3o, veja como reagiram Parreira e Felip\u00e3o.<\/p>\n<p>Parreira, treinador da Sele\u00e7\u00e3o na Copa de 94, disse a esse rep\u00f3rter logo ap\u00f3s a classifica\u00e7\u00e3o ao Mundial dos EUA, em setembro de 1993 no Maracan\u00e3, que o time da estreia era o mesmo que havia derrotado o Uruguai no Maracan\u00e3 na \u00faltima partida das Eliminat\u00f3rias daquela Copa. &#8220;Esse \u00e9 o time da estreia na Copa&#8221;, disse Parreira.<\/p>\n<p><span class=\"alignnone\"><img data-recalc-dims=\"1\" loading=\"lazy\" decoding=\"async\" data-attachment-id=\"23464\" data-permalink=\"https:\/\/blogdoprosperi.com\/?attachment_id=23464\" data-orig-file=\"https:\/\/i0.wp.com\/blogdoprosperi.com\/wp-content\/uploads\/2016\/08\/20090717selecaoestreiacopa1994.jpg?fit=602%2C452&amp;ssl=1\" data-orig-size=\"602,452\" data-comments-opened=\"1\" data-image-meta=\"{&quot;aperture&quot;:&quot;0&quot;,&quot;credit&quot;:&quot;&quot;,&quot;camera&quot;:&quot;&quot;,&quot;caption&quot;:&quot;&quot;,&quot;created_timestamp&quot;:&quot;0&quot;,&quot;copyright&quot;:&quot;&quot;,&quot;focal_length&quot;:&quot;0&quot;,&quot;iso&quot;:&quot;0&quot;,&quot;shutter_speed&quot;:&quot;0&quot;,&quot;title&quot;:&quot;&quot;,&quot;orientation&quot;:&quot;0&quot;}\" data-image-title=\"20090717selecaoestreiacopa1994\" data-image-description=\"\" data-image-caption=\"\" data-large-file=\"https:\/\/i0.wp.com\/blogdoprosperi.com\/wp-content\/uploads\/2016\/08\/20090717selecaoestreiacopa1994.jpg?fit=602%2C452&amp;ssl=1\" class=\"alignnone size-full wp-image-23464\" src=\"https:\/\/i0.wp.com\/blogdoprosperi.com\/wp-content\/uploads\/2016\/08\/20090717selecaoestreiacopa1994.jpg?resize=602%2C452&#038;ssl=1\" alt=\"20090717selecaoestreiacopa1994\" width=\"602\" height=\"452\" \/><\/span><\/p>\n<p>O Brasil jogou contra o Uruguai em 93 com Taffarel, Jorginho, Ricardo Gomes, Ricardo Rocha e Branco; Mauro Silva, Dunga, Ra\u00ed e Zinho; Bebeto e Rom\u00e1rio.<\/p>\n<p>Na estreia na Copa de 94, quase um ano depois, Parreira foi obrigado a mudar a dupla de zaga com as contus\u00f5es de Ricardo Gomes e Ricardo Rocha e na lateral com Branco, machucado. O resto do time se manteve e s\u00f3 foi alterado quando Ra\u00ed, na avalia\u00e7\u00e3o do treinador, teve uma queda de rendimento.<\/p>\n<p>Na Copa de 2002, Felip\u00e3o come\u00e7ou com Marcos, Cafu, L\u00facio, Roque J\u00fanior e Roberto Carlos; Edm\u00edlson, Gilberto Silva e Kleberson; Ronaldinho Ga\u00facho, Ronaldo e Rivaldo. Esse time estava na cabe\u00e7a do treinador bem antes de a Copa come\u00e7ar e ganhou corpo quando Felip\u00e3o teve a certeza que Ronaldo e Rivaldo, recuperados de les\u00f5es, estavam aptos a jogar.<\/p>\n<p><span class=\"alignnone\"><img data-recalc-dims=\"1\" loading=\"lazy\" decoding=\"async\" data-attachment-id=\"23465\" data-permalink=\"https:\/\/blogdoprosperi.com\/?attachment_id=23465\" data-orig-file=\"https:\/\/i0.wp.com\/blogdoprosperi.com\/wp-content\/uploads\/2016\/08\/brasil-pentacampec3a3o-de-2002.jpg?fit=615%2C470&amp;ssl=1\" data-orig-size=\"615,470\" data-comments-opened=\"1\" data-image-meta=\"{&quot;aperture&quot;:&quot;0&quot;,&quot;credit&quot;:&quot;&quot;,&quot;camera&quot;:&quot;&quot;,&quot;caption&quot;:&quot;&quot;,&quot;created_timestamp&quot;:&quot;0&quot;,&quot;copyright&quot;:&quot;&quot;,&quot;focal_length&quot;:&quot;0&quot;,&quot;iso&quot;:&quot;0&quot;,&quot;shutter_speed&quot;:&quot;0&quot;,&quot;title&quot;:&quot;&quot;,&quot;orientation&quot;:&quot;0&quot;}\" data-image-title=\"Brasil-pentacampe\u00e3o-de-2002\" data-image-description=\"\" data-image-caption=\"\" data-large-file=\"https:\/\/i0.wp.com\/blogdoprosperi.com\/wp-content\/uploads\/2016\/08\/brasil-pentacampec3a3o-de-2002.jpg?fit=615%2C470&amp;ssl=1\" class=\"alignnone size-full wp-image-23465\" src=\"https:\/\/i0.wp.com\/blogdoprosperi.com\/wp-content\/uploads\/2016\/08\/brasil-pentacampec3a3o-de-2002.jpg?resize=615%2C470&#038;ssl=1\" alt=\"Brasil-pentacampe\u00e3o-de-2002\" width=\"615\" height=\"470\" \/><\/span><\/p>\n<p>Com Tite n\u00e3o ser\u00e1 muito diferente se a Sele\u00e7\u00e3o responder com bons resultados nos jogos contra Equador e Col\u00f4mbia.<\/p>\n<p>\u00c9 bem prov\u00e1vel que Thiago Silva, ao voltar a jogar com normalidade, assumir\u00e1 um lugar na zaga. De resto, Tite dever\u00e1 promover poucas mudan\u00e7as.<\/p>\n<p>O ponto de partida de um bom trabalho de um treinador no comando da Sele\u00e7\u00e3o \u00e9 a rela\u00e7\u00e3o de confian\u00e7a entre o chefe e os jogadores. Corre\u00e7\u00f5es de rumo sempre s\u00e3o bem-vindas. Tite sabe que herdou um abacaxi e n\u00e3o tem o direito de errar.<\/p>\n<p><span class=\"alignnone\"><img data-recalc-dims=\"1\" loading=\"lazy\" decoding=\"async\" data-attachment-id=\"16168\" data-permalink=\"https:\/\/blogdoprosperi.com\/?attachment_id=16168\" data-orig-file=\"https:\/\/i0.wp.com\/blogdoprosperi.com\/wp-content\/uploads\/2016\/07\/selecao-brasileira-gabriel-jesus-480-fifa-divulgacao-1.jpg?fit=620%2C465&amp;ssl=1\" data-orig-size=\"620,465\" data-comments-opened=\"1\" data-image-meta=\"{&quot;aperture&quot;:&quot;0&quot;,&quot;credit&quot;:&quot;&quot;,&quot;camera&quot;:&quot;&quot;,&quot;caption&quot;:&quot;&quot;,&quot;created_timestamp&quot;:&quot;0&quot;,&quot;copyright&quot;:&quot;&quot;,&quot;focal_length&quot;:&quot;0&quot;,&quot;iso&quot;:&quot;0&quot;,&quot;shutter_speed&quot;:&quot;0&quot;,&quot;title&quot;:&quot;&quot;,&quot;orientation&quot;:&quot;0&quot;}\" data-image-title=\"selecao-brasileira-gabriel-jesus-480-fifa-divulgacao-1\" data-image-description=\"\" data-image-caption=\"&lt;p&gt;Gabriel Jesus espera chamado de Ancelotti \u2013 foto: CBF oficial&lt;\/p&gt;\n\" data-large-file=\"https:\/\/i0.wp.com\/blogdoprosperi.com\/wp-content\/uploads\/2016\/07\/selecao-brasileira-gabriel-jesus-480-fifa-divulgacao-1.jpg?fit=620%2C465&amp;ssl=1\" class=\"alignnone size-full wp-image-16168\" src=\"https:\/\/i0.wp.com\/blogdoprosperi.com\/wp-content\/uploads\/2016\/07\/selecao-brasileira-gabriel-jesus-480-fifa-divulgacao-1.jpg?resize=620%2C465&#038;ssl=1\" alt=\"selecao-brasileira-gabriel-jesus-480-fifa-divulgacao-1\" width=\"620\" height=\"465\" \/><\/span><\/p>\n","protected":false},"excerpt":{"rendered":"<p>Tite escolheu os n\u00fameros dos jogadores da Sele\u00e7\u00e3o Brasileira para os jogos contra o Equador (dia 01\/9) e [&hellip;]<\/p>\n","protected":false},"author":102107496,"featured_media":0,"comment_status":"open","ping_status":"open","sticky":false,"template":"","format":"standard","meta":{"_coblocks_attr":"","_coblocks_dimensions":"","_coblocks_responsive_height":"","_coblocks_accordion_ie_support":"","_jetpack_newsletter_access":"","_jetpack_dont_email_post_to_subs":false,"_jetpack_newsletter_tier_id":0,"_jetpack_memberships_contains_paywalled_content":false,"_wpcom_ai_launchpad_first_post":false,"_jetpack_feature_clip_id":0,"_jetpack_memberships_contains_paid_content":false,"footnotes":"","jetpack_publicize_message":"","jetpack_publicize_feature_enabled":true,"jetpack_social_post_already_shared":false,"jetpack_social_options":{"image_generator_settings":{"template":"highway","default_image_id":0,"font":"","enabled":false},"version":2},"jetpack_post_was_ever_published":false},"categories":[53870],"tags":[789560569,36082522,334242531,104071,789560560,232826435,4353713,789560562,1814220],"class_list":["post-23420","post","type-post","status-publish","format-standard","hentry","category-futebol","tag-cbf","tag-copa-do-mundo-de-2018","tag-eliminatorias-2018","tag-felipao","tag-futebol","tag-gabriel-jesus","tag-parreira","tag-selecao-brasileira","tag-tite"],"yoast_head":"<!-- This site is optimized with the Yoast SEO plugin v28.3 - https:\/\/yoast.com\/product\/yoast-seo-wordpress\/ -->\n<title>Tite elege seus titulares na Sele\u00e7\u00e3o e Gabriel Jesus ganha a camisa 9 - PR\u00d3SPERI NEWS<\/title>\n<meta name=\"robots\" content=\"index, follow, max-snippet:-1, max-image-preview:large, max-video-preview:-1\" \/>\n<link rel=\"canonical\" href=\"https:\/\/blogdoprosperi.com\/?p=23420\" \/>\n<meta property=\"og:locale\" content=\"pt_BR\" \/>\n<meta property=\"og:type\" content=\"article\" \/>\n<meta property=\"og:title\" content=\"Tite elege seus titulares na Sele\u00e7\u00e3o e Gabriel Jesus ganha a camisa 9 - PR\u00d3SPERI NEWS\" \/>\n<meta property=\"og:description\" content=\"Tite escolheu os n\u00fameros dos jogadores da Sele\u00e7\u00e3o Brasileira para os jogos contra o Equador (dia 01\/9) e [&hellip;]\" \/>\n<meta property=\"og:url\" content=\"https:\/\/blogdoprosperi.com\/?p=23420\" \/>\n<meta property=\"og:site_name\" content=\"PR\u00d3SPERI NEWS\" \/>\n<meta property=\"article:publisher\" content=\"Luiz Pr\u00f3speri\" \/>\n<meta property=\"article:author\" content=\"Luiz Pr\u00f3speri\" \/>\n<meta property=\"article:published_time\" content=\"2016-08-29T20:04:49+00:00\" \/>\n<meta property=\"article:modified_time\" content=\"2016-08-29T20:19:58+00:00\" \/>\n<meta property=\"og:image\" content=\"https:\/\/blogdoprosperi.com\/wp-content\/uploads\/2016\/08\/20160829152129_0-1.jpeg\" \/>\n<meta name=\"author\" content=\"Luiz Ant\u00f4nio Pr\u00f3speri\" \/>\n<meta name=\"twitter:card\" content=\"summary_large_image\" \/>\n<meta name=\"twitter:creator\" content=\"@Luizprosperi\" \/>\n<meta name=\"twitter:site\" content=\"@Luizprosperi\" \/>\n<meta name=\"twitter:label1\" content=\"Escrito por\" \/>\n\t<meta name=\"twitter:data1\" content=\"Luiz Ant\u00f4nio Pr\u00f3speri\" \/>\n\t<meta name=\"twitter:label2\" content=\"Est. tempo de leitura\" \/>\n\t<meta name=\"twitter:data2\" content=\"3 minutos\" \/>\n<script type=\"application\/ld+json\" class=\"yoast-schema-graph\">{\"@context\":\"https:\\\/\\\/schema.org\",\"@graph\":[{\"@type\":\"Article\",\"@id\":\"https:\\\/\\\/blogdoprosperi.com\\\/?p=23420#article\",\"isPartOf\":{\"@id\":\"https:\\\/\\\/blogdoprosperi.com\\\/?p=23420\"},\"author\":{\"name\":\"Luiz Ant\u00f4nio Pr\u00f3speri\",\"@id\":\"https:\\\/\\\/blogdoprosperi.com\\\/#\\\/schema\\\/person\\\/38100755ce3601861ee4fab9b5aa78e9\"},\"headline\":\"Tite elege seus titulares na Sele\u00e7\u00e3o e Gabriel Jesus ganha a camisa 9\",\"datePublished\":\"2016-08-29T20:04:49+00:00\",\"dateModified\":\"2016-08-29T20:19:58+00:00\",\"mainEntityOfPage\":{\"@id\":\"https:\\\/\\\/blogdoprosperi.com\\\/?p=23420\"},\"wordCount\":531,\"commentCount\":0,\"publisher\":{\"@id\":\"https:\\\/\\\/blogdoprosperi.com\\\/#\\\/schema\\\/person\\\/38100755ce3601861ee4fab9b5aa78e9\"},\"image\":{\"@id\":\"https:\\\/\\\/blogdoprosperi.com\\\/?p=23420#primaryimage\"},\"thumbnailUrl\":\"https:\\\/\\\/blogdoprosperi.com\\\/wp-content\\\/uploads\\\/2016\\\/08\\\/20160829152129_0-1.jpeg\",\"keywords\":[\"CBF\",\"Copa do Mundo de 2018\",\"Eliminat\u00f3rias 2018\",\"Felip\u00e3o\",\"futebol\",\"Gabriel Jesus\",\"Parreira\",\"Sele\u00e7\u00e3o Brasileira\",\"Tite\"],\"articleSection\":[\"futebol\"],\"inLanguage\":\"pt-BR\",\"potentialAction\":[{\"@type\":\"CommentAction\",\"name\":\"Comment\",\"target\":[\"https:\\\/\\\/blogdoprosperi.com\\\/?p=23420#respond\"]}]},{\"@type\":\"WebPage\",\"@id\":\"https:\\\/\\\/blogdoprosperi.com\\\/?p=23420\",\"url\":\"https:\\\/\\\/blogdoprosperi.com\\\/?p=23420\",\"name\":\"Tite elege seus titulares na Sele\u00e7\u00e3o e Gabriel Jesus ganha a camisa 9 - PR\u00d3SPERI NEWS\",\"isPartOf\":{\"@id\":\"https:\\\/\\\/blogdoprosperi.com\\\/#website\"},\"primaryImageOfPage\":{\"@id\":\"https:\\\/\\\/blogdoprosperi.com\\\/?p=23420#primaryimage\"},\"image\":{\"@id\":\"https:\\\/\\\/blogdoprosperi.com\\\/?p=23420#primaryimage\"},\"thumbnailUrl\":\"https:\\\/\\\/blogdoprosperi.com\\\/wp-content\\\/uploads\\\/2016\\\/08\\\/20160829152129_0-1.jpeg\",\"datePublished\":\"2016-08-29T20:04:49+00:00\",\"dateModified\":\"2016-08-29T20:19:58+00:00\",\"breadcrumb\":{\"@id\":\"https:\\\/\\\/blogdoprosperi.com\\\/?p=23420#breadcrumb\"},\"inLanguage\":\"pt-BR\",\"potentialAction\":[{\"@type\":\"ReadAction\",\"target\":[\"https:\\\/\\\/blogdoprosperi.com\\\/?p=23420\"]}]},{\"@type\":\"ImageObject\",\"inLanguage\":\"pt-BR\",\"@id\":\"https:\\\/\\\/blogdoprosperi.com\\\/?p=23420#primaryimage\",\"url\":\"https:\\\/\\\/i0.wp.com\\\/blogdoprosperi.com\\\/wp-content\\\/uploads\\\/2016\\\/08\\\/20160829152129_0-1.jpeg?fit=974%2C730&ssl=1\",\"contentUrl\":\"https:\\\/\\\/i0.wp.com\\\/blogdoprosperi.com\\\/wp-content\\\/uploads\\\/2016\\\/08\\\/20160829152129_0-1.jpeg?fit=974%2C730&ssl=1\",\"width\":974,\"height\":730},{\"@type\":\"BreadcrumbList\",\"@id\":\"https:\\\/\\\/blogdoprosperi.com\\\/?p=23420#breadcrumb\",\"itemListElement\":[{\"@type\":\"ListItem\",\"position\":1,\"name\":\"In\u00edcio\",\"item\":\"https:\\\/\\\/blogdoprosperi.com\\\/\"},{\"@type\":\"ListItem\",\"position\":2,\"name\":\"Tite elege seus titulares na Sele\u00e7\u00e3o e Gabriel Jesus ganha a camisa 9\"}]},{\"@type\":\"WebSite\",\"@id\":\"https:\\\/\\\/blogdoprosperi.com\\\/#website\",\"url\":\"https:\\\/\\\/blogdoprosperi.com\\\/\",\"name\":\"PR\u00d3SPERI NEWS\",\"description\":\"TUDO \u00c9  FUTEBOL\",\"publisher\":{\"@id\":\"https:\\\/\\\/blogdoprosperi.com\\\/#\\\/schema\\\/person\\\/38100755ce3601861ee4fab9b5aa78e9\"},\"alternateName\":\"blogdoprosperi.com\",\"potentialAction\":[{\"@type\":\"SearchAction\",\"target\":{\"@type\":\"EntryPoint\",\"urlTemplate\":\"https:\\\/\\\/blogdoprosperi.com\\\/?s={search_term_string}\"},\"query-input\":{\"@type\":\"PropertyValueSpecification\",\"valueRequired\":true,\"valueName\":\"search_term_string\"}}],\"inLanguage\":\"pt-BR\"},{\"@type\":[\"Person\",\"Organization\"],\"@id\":\"https:\\\/\\\/blogdoprosperi.com\\\/#\\\/schema\\\/person\\\/38100755ce3601861ee4fab9b5aa78e9\",\"name\":\"Luiz Ant\u00f4nio Pr\u00f3speri\",\"pronouns\":\"ele\",\"image\":{\"@type\":\"ImageObject\",\"inLanguage\":\"pt-BR\",\"@id\":\"https:\\\/\\\/i0.wp.com\\\/blogdoprosperi.com\\\/wp-content\\\/uploads\\\/2026\\\/05\\\/cropped-8059e613-6002-42fa-961e-8e275f575d71-2-5.jpg?fit=1360%2C931&ssl=1\",\"url\":\"https:\\\/\\\/i0.wp.com\\\/blogdoprosperi.com\\\/wp-content\\\/uploads\\\/2026\\\/05\\\/cropped-8059e613-6002-42fa-961e-8e275f575d71-2-5.jpg?fit=1360%2C931&ssl=1\",\"contentUrl\":\"https:\\\/\\\/i0.wp.com\\\/blogdoprosperi.com\\\/wp-content\\\/uploads\\\/2026\\\/05\\\/cropped-8059e613-6002-42fa-961e-8e275f575d71-2-5.jpg?fit=1360%2C931&ssl=1\",\"width\":1360,\"height\":931,\"caption\":\"Luiz Ant\u00f4nio Pr\u00f3speri\"},\"logo\":{\"@id\":\"https:\\\/\\\/i0.wp.com\\\/blogdoprosperi.com\\\/wp-content\\\/uploads\\\/2026\\\/05\\\/cropped-8059e613-6002-42fa-961e-8e275f575d71-2-5.jpg?fit=1360%2C931&ssl=1\"},\"description\":\"Jornalista com carreira dedicada ao esporte. Cobriu 9 Copas do Mundo in loco, 1990 na It\u00e1lia, 1994 nos EUA, 1998 na Fran\u00e7a, 2002 na Coreia do Sul e Jap\u00e3o, 2006 na Alemanha, 2010 na \u00c1frica do Sul, 2014 no Brasil, 2018 na R\u00fassia e 2022 no Qatar. Eurocopas, 1992 na Su\u00e9cia e 1996 na Inglaterra. Copa das Confedera\u00e7\u00f5es de 2005 na Alemanha e 2009 na \u00c1frica do Sul. Rep\u00f3rter e Editor, trabalhou no Jornal da Tarde e Estad\u00e3o, de 1984 a fevereiro de 2016. Colunista, blogueiro. E comentarista de futebol na R\u00e1dio Estad\u00e3o, de 2013 a fevereiro de 2016. Jornalista respons\u00e1vel do \\\"Pr\u00f3speri News\\\" (blogdoprosperi.com).\",\"sameAs\":[\"http:\\\/\\\/blogdoprosperi.com\",\"Luiz Pr\u00f3speri\",\"@luiz_prosperi\",\"https:\\\/\\\/x.com\\\/Luizprosperi\",\"@prosperinacopa\",\"luiz.prosperi@icloud.com\"],\"url\":\"https:\\\/\\\/blogdoprosperi.com\\\/?author=102107496\"}]}<\/script>\n<!-- \/ Yoast SEO plugin. -->","yoast_head_json":{"title":"Tite elege seus titulares na Sele\u00e7\u00e3o e Gabriel Jesus ganha a camisa 9 - PR\u00d3SPERI NEWS","robots":{"index":"index","follow":"follow","max-snippet":"max-snippet:-1","max-image-preview":"max-image-preview:large","max-video-preview":"max-video-preview:-1"},"canonical":"https:\/\/blogdoprosperi.com\/?p=23420","og_locale":"pt_BR","og_type":"article","og_title":"Tite elege seus titulares na Sele\u00e7\u00e3o e Gabriel Jesus ganha a camisa 9 - PR\u00d3SPERI NEWS","og_description":"Tite escolheu os n\u00fameros dos jogadores da Sele\u00e7\u00e3o Brasileira para os jogos contra o Equador (dia 01\/9) e [&hellip;]","og_url":"https:\/\/blogdoprosperi.com\/?p=23420","og_site_name":"PR\u00d3SPERI NEWS","article_publisher":"Luiz Pr\u00f3speri","article_author":"Luiz Pr\u00f3speri","article_published_time":"2016-08-29T20:04:49+00:00","article_modified_time":"2016-08-29T20:19:58+00:00","og_image":[{"url":"https:\/\/blogdoprosperi.com\/wp-content\/uploads\/2016\/08\/20160829152129_0-1.jpeg","type":"","width":"","height":""}],"author":"Luiz Ant\u00f4nio Pr\u00f3speri","twitter_card":"summary_large_image","twitter_creator":"@Luizprosperi","twitter_site":"@Luizprosperi","twitter_misc":{"Escrito por":"Luiz Ant\u00f4nio Pr\u00f3speri","Est. tempo de leitura":"3 minutos"},"schema":{"@context":"https:\/\/schema.org","@graph":[{"@type":"Article","@id":"https:\/\/blogdoprosperi.com\/?p=23420#article","isPartOf":{"@id":"https:\/\/blogdoprosperi.com\/?p=23420"},"author":{"name":"Luiz Ant\u00f4nio Pr\u00f3speri","@id":"https:\/\/blogdoprosperi.com\/#\/schema\/person\/38100755ce3601861ee4fab9b5aa78e9"},"headline":"Tite elege seus titulares na Sele\u00e7\u00e3o e Gabriel Jesus ganha a camisa 9","datePublished":"2016-08-29T20:04:49+00:00","dateModified":"2016-08-29T20:19:58+00:00","mainEntityOfPage":{"@id":"https:\/\/blogdoprosperi.com\/?p=23420"},"wordCount":531,"commentCount":0,"publisher":{"@id":"https:\/\/blogdoprosperi.com\/#\/schema\/person\/38100755ce3601861ee4fab9b5aa78e9"},"image":{"@id":"https:\/\/blogdoprosperi.com\/?p=23420#primaryimage"},"thumbnailUrl":"https:\/\/blogdoprosperi.com\/wp-content\/uploads\/2016\/08\/20160829152129_0-1.jpeg","keywords":["CBF","Copa do Mundo de 2018","Eliminat\u00f3rias 2018","Felip\u00e3o","futebol","Gabriel Jesus","Parreira","Sele\u00e7\u00e3o Brasileira","Tite"],"articleSection":["futebol"],"inLanguage":"pt-BR","potentialAction":[{"@type":"CommentAction","name":"Comment","target":["https:\/\/blogdoprosperi.com\/?p=23420#respond"]}]},{"@type":"WebPage","@id":"https:\/\/blogdoprosperi.com\/?p=23420","url":"https:\/\/blogdoprosperi.com\/?p=23420","name":"Tite elege seus titulares na Sele\u00e7\u00e3o e Gabriel Jesus ganha a camisa 9 - PR\u00d3SPERI NEWS","isPartOf":{"@id":"https:\/\/blogdoprosperi.com\/#website"},"primaryImageOfPage":{"@id":"https:\/\/blogdoprosperi.com\/?p=23420#primaryimage"},"image":{"@id":"https:\/\/blogdoprosperi.com\/?p=23420#primaryimage"},"thumbnailUrl":"https:\/\/blogdoprosperi.com\/wp-content\/uploads\/2016\/08\/20160829152129_0-1.jpeg","datePublished":"2016-08-29T20:04:49+00:00","dateModified":"2016-08-29T20:19:58+00:00","breadcrumb":{"@id":"https:\/\/blogdoprosperi.com\/?p=23420#breadcrumb"},"inLanguage":"pt-BR","potentialAction":[{"@type":"ReadAction","target":["https:\/\/blogdoprosperi.com\/?p=23420"]}]},{"@type":"ImageObject","inLanguage":"pt-BR","@id":"https:\/\/blogdoprosperi.com\/?p=23420#primaryimage","url":"https:\/\/i0.wp.com\/blogdoprosperi.com\/wp-content\/uploads\/2016\/08\/20160829152129_0-1.jpeg?fit=974%2C730&ssl=1","contentUrl":"https:\/\/i0.wp.com\/blogdoprosperi.com\/wp-content\/uploads\/2016\/08\/20160829152129_0-1.jpeg?fit=974%2C730&ssl=1","width":974,"height":730},{"@type":"BreadcrumbList","@id":"https:\/\/blogdoprosperi.com\/?p=23420#breadcrumb","itemListElement":[{"@type":"ListItem","position":1,"name":"In\u00edcio","item":"https:\/\/blogdoprosperi.com\/"},{"@type":"ListItem","position":2,"name":"Tite elege seus titulares na Sele\u00e7\u00e3o e Gabriel Jesus ganha a camisa 9"}]},{"@type":"WebSite","@id":"https:\/\/blogdoprosperi.com\/#website","url":"https:\/\/blogdoprosperi.com\/","name":"PR\u00d3SPERI NEWS","description":"TUDO \u00c9  FUTEBOL","publisher":{"@id":"https:\/\/blogdoprosperi.com\/#\/schema\/person\/38100755ce3601861ee4fab9b5aa78e9"},"alternateName":"blogdoprosperi.com","potentialAction":[{"@type":"SearchAction","target":{"@type":"EntryPoint","urlTemplate":"https:\/\/blogdoprosperi.com\/?s={search_term_string}"},"query-input":{"@type":"PropertyValueSpecification","valueRequired":true,"valueName":"search_term_string"}}],"inLanguage":"pt-BR"},{"@type":["Person","Organization"],"@id":"https:\/\/blogdoprosperi.com\/#\/schema\/person\/38100755ce3601861ee4fab9b5aa78e9","name":"Luiz Ant\u00f4nio Pr\u00f3speri","pronouns":"ele","image":{"@type":"ImageObject","inLanguage":"pt-BR","@id":"https:\/\/i0.wp.com\/blogdoprosperi.com\/wp-content\/uploads\/2026\/05\/cropped-8059e613-6002-42fa-961e-8e275f575d71-2-5.jpg?fit=1360%2C931&ssl=1","url":"https:\/\/i0.wp.com\/blogdoprosperi.com\/wp-content\/uploads\/2026\/05\/cropped-8059e613-6002-42fa-961e-8e275f575d71-2-5.jpg?fit=1360%2C931&ssl=1","contentUrl":"https:\/\/i0.wp.com\/blogdoprosperi.com\/wp-content\/uploads\/2026\/05\/cropped-8059e613-6002-42fa-961e-8e275f575d71-2-5.jpg?fit=1360%2C931&ssl=1","width":1360,"height":931,"caption":"Luiz Ant\u00f4nio Pr\u00f3speri"},"logo":{"@id":"https:\/\/i0.wp.com\/blogdoprosperi.com\/wp-content\/uploads\/2026\/05\/cropped-8059e613-6002-42fa-961e-8e275f575d71-2-5.jpg?fit=1360%2C931&ssl=1"},"description":"Jornalista com carreira dedicada ao esporte. Cobriu 9 Copas do Mundo in loco, 1990 na It\u00e1lia, 1994 nos EUA, 1998 na Fran\u00e7a, 2002 na Coreia do Sul e Jap\u00e3o, 2006 na Alemanha, 2010 na \u00c1frica do Sul, 2014 no Brasil, 2018 na R\u00fassia e 2022 no Qatar. Eurocopas, 1992 na Su\u00e9cia e 1996 na Inglaterra. Copa das Confedera\u00e7\u00f5es de 2005 na Alemanha e 2009 na \u00c1frica do Sul. Rep\u00f3rter e Editor, trabalhou no Jornal da Tarde e Estad\u00e3o, de 1984 a fevereiro de 2016. Colunista, blogueiro. E comentarista de futebol na R\u00e1dio Estad\u00e3o, de 2013 a fevereiro de 2016. Jornalista respons\u00e1vel do \"Pr\u00f3speri News\" (blogdoprosperi.com).","sameAs":["http:\/\/blogdoprosperi.com","Luiz Pr\u00f3speri","@luiz_prosperi","https:\/\/x.com\/Luizprosperi","@prosperinacopa","luiz.prosperi@icloud.com"],"url":"https:\/\/blogdoprosperi.com\/?author=102107496"}]}},"jetpack_publicize_connections":[],"jetpack_likes_enabled":false,"jetpack_sharing_enabled":true,"jetpack_shortlink":"https:\/\/wp.me\/p7jvdk-65K","jetpack-related-posts":[{"id":23834,"url":"https:\/\/blogdoprosperi.com\/?p=23834","url_meta":{"origin":23420,"position":0},"title":"Tite recebe aplausos antes da estreia e promete Sele\u00e7\u00e3o arrojada contra Equador","author":"Luiz Ant\u00f4nio Pr\u00f3speri","date":"1 de setembro de 2016","format":false,"excerpt":"Tite n\u00e3o escondeu o time muito menos o que pensa do jogo contra o Equador na sua estreia no comando da Sele\u00e7\u00e3o Brasileira. Para espanto de jornalistas acostumados aos mist\u00e9rios dos treinadores na cobertura do escrete, o novo chefe deu a escala\u00e7\u00e3o sem nenhuma cerim\u00f4nia. Arrancou aplausos do s\u00e9quito de\u2026","rel":"","context":"Em &quot;futebol&quot;","block_context":{"text":"futebol","link":"https:\/\/blogdoprosperi.com\/?cat=53870"},"img":{"alt_text":"","src":"https:\/\/i0.wp.com\/blogdoprosperi.com\/wp-content\/uploads\/2016\/09\/15585658d7e225dfa6aa688516068a1de6824a20-1.jpg?resize=350%2C200&ssl=1","width":350,"height":200},"classes":[]},{"id":23972,"url":"https:\/\/blogdoprosperi.com\/?p=23972","url_meta":{"origin":23420,"position":1},"title":"Tite estreia com vit\u00f3ria na Sele\u00e7\u00e3o e lan\u00e7a ao mundo um novo fen\u00f4meno do futebol brasileiro: Gabriel Jesus","author":"Luiz Ant\u00f4nio Pr\u00f3speri","date":"1 de setembro de 2016","format":false,"excerpt":"Quando dirigia o Corinthians Tite se impressionou com Gabriel Jesus, ainda na temporada de 2015. Em conversas reservadas repetia que o garoto do Palmeiras estava pronto, era diferente. Pep Guardiola, depois de sacramentada a contrata\u00e7\u00e3o do atacante pelo Manchester City, disse assim: \"Compramos gols, Jesus \u00e9 fazedor de gols\".\u00a0Na sua\u2026","rel":"","context":"Em &quot;futebol&quot;","block_context":{"text":"futebol","link":"https:\/\/blogdoprosperi.com\/?cat=53870"},"img":{"alt_text":"","src":"https:\/\/i0.wp.com\/blogdoprosperi.com\/wp-content\/uploads\/2016\/09\/brasil-x-equador-20160901-0017.jpg?resize=350%2C200&ssl=1","width":350,"height":200,"srcset":"https:\/\/i0.wp.com\/blogdoprosperi.com\/wp-content\/uploads\/2016\/09\/brasil-x-equador-20160901-0017.jpg?resize=350%2C200&ssl=1 1x, https:\/\/i0.wp.com\/blogdoprosperi.com\/wp-content\/uploads\/2016\/09\/brasil-x-equador-20160901-0017.jpg?resize=525%2C300&ssl=1 1.5x, https:\/\/i0.wp.com\/blogdoprosperi.com\/wp-content\/uploads\/2016\/09\/brasil-x-equador-20160901-0017.jpg?resize=700%2C400&ssl=1 2x, https:\/\/i0.wp.com\/blogdoprosperi.com\/wp-content\/uploads\/2016\/09\/brasil-x-equador-20160901-0017.jpg?resize=1050%2C600&ssl=1 3x, https:\/\/i0.wp.com\/blogdoprosperi.com\/wp-content\/uploads\/2016\/09\/brasil-x-equador-20160901-0017.jpg?resize=1400%2C800&ssl=1 4x"},"classes":[]},{"id":38548,"url":"https:\/\/blogdoprosperi.com\/?p=38548","url_meta":{"origin":23420,"position":2},"title":"Sele\u00e7\u00e3o joga por Tite, vence Equador e deixa bomba no colo da CBF","author":"Luiz Ant\u00f4nio Pr\u00f3speri","date":"4 de junho de 2021","format":false,"excerpt":"Vencer o Equador era uma obriga\u00e7\u00e3o da Sele\u00e7\u00e3o Brasileira. N\u00e3o por uma suposta fragilidade do advers\u00e1rio e sim por solidariedade a Tite. T\u00e9cnico est\u00e1 no pared\u00e3o por obra do presidente da CBF e de bolsonaristas de plant\u00e3o. E os jogadores n\u00e3o decepcionaram. Venceram por 2 a 0, sustentaram o primeiro\u2026","rel":"","context":"Em &quot;futebol&quot;","block_context":{"text":"futebol","link":"https:\/\/blogdoprosperi.com\/?cat=53870"},"img":{"alt_text":"","src":"https:\/\/i0.wp.com\/blogdoprosperi.com\/wp-content\/uploads\/2021\/06\/51224836377_77ff1d0fbe_w.jpg?fit=400%2C267&ssl=1&resize=350%2C200","width":350,"height":200},"classes":[]},{"id":40177,"url":"https:\/\/blogdoprosperi.com\/?p=40177","url_meta":{"origin":23420,"position":3},"title":"V\u00eddeo: Tite em apuros. Perde Jesus, Telles e improvisa escrete","author":"Luiz Ant\u00f4nio Pr\u00f3speri","date":"3 de dezembro de 2022","format":"video","excerpt":"Tite perde Gabriel Jesus e Alex Telles, fora da Copa por les\u00e3o. Em apuros, treinador improvisa a Sele\u00e7\u00e3o.","rel":"","context":"Em &quot;catar 2022&quot;","block_context":{"text":"catar 2022","link":"https:\/\/blogdoprosperi.com\/?cat=47094043"},"img":{"alt_text":"","src":"https:\/\/i0.wp.com\/img.youtube.com\/vi\/NQ4A_FO5y5c\/0.jpg?resize=350%2C200","width":350,"height":200},"classes":[]},{"id":24231,"url":"https:\/\/blogdoprosperi.com\/?p=24231","url_meta":{"origin":23420,"position":4},"title":"Veja como a Sele\u00e7\u00e3o Brasileira mudou com a troca Dunga por Tite","author":"Luiz Ant\u00f4nio Pr\u00f3speri","date":"6 de setembro de 2016","format":false,"excerpt":"Um jogo, uma vit\u00f3ria. O que era \u00e1gua virou vinho. Desde a ascens\u00e3o de Tite no comando da Sele\u00e7\u00e3o, logo ap\u00f3s o desastre na Copa Am\u00e9rica Centen\u00e1rio, se espera o resgate da excel\u00eancia do futebol brasileiro, t\u00e3o deprimido e entediante bem antes e depois do 7 a 1 da Alemanha.\u2026","rel":"","context":"Em &quot;futebol&quot;","block_context":{"text":"futebol","link":"https:\/\/blogdoprosperi.com\/?cat=53870"},"img":{"alt_text":"","src":"https:\/\/i0.wp.com\/blogdoprosperi.com\/wp-content\/uploads\/2016\/09\/20160905223537_57ce1d6989830.jpg?resize=350%2C200&ssl=1","width":350,"height":200,"srcset":"https:\/\/i0.wp.com\/blogdoprosperi.com\/wp-content\/uploads\/2016\/09\/20160905223537_57ce1d6989830.jpg?resize=350%2C200&ssl=1 1x, https:\/\/i0.wp.com\/blogdoprosperi.com\/wp-content\/uploads\/2016\/09\/20160905223537_57ce1d6989830.jpg?resize=525%2C300&ssl=1 1.5x, https:\/\/i0.wp.com\/blogdoprosperi.com\/wp-content\/uploads\/2016\/09\/20160905223537_57ce1d6989830.jpg?resize=700%2C400&ssl=1 2x, https:\/\/i0.wp.com\/blogdoprosperi.com\/wp-content\/uploads\/2016\/09\/20160905223537_57ce1d6989830.jpg?resize=1050%2C600&ssl=1 3x, https:\/\/i0.wp.com\/blogdoprosperi.com\/wp-content\/uploads\/2016\/09\/20160905223537_57ce1d6989830.jpg?resize=1400%2C800&ssl=1 4x"},"classes":[]},{"id":22307,"url":"https:\/\/blogdoprosperi.com\/?p=22307","url_meta":{"origin":23420,"position":5},"title":"Tite promete Sele\u00e7\u00e3o no ataque e se rende aos garotos da medalha de ouro","author":"Luiz Ant\u00f4nio Pr\u00f3speri","date":"22 de agosto de 2016","format":false,"excerpt":"Tite deixou claro na sua primeira convoca\u00e7\u00e3o da Sele\u00e7\u00e3o Brasileira a promessa de montar um time voltado ao ataque. N\u00e3o deu detalhes, apenas ressaltou o projeto de liberar seis jogadores para atacar. E, mais importante, destacou um fato esquecido pelos \u00faltimos treinadores do escrete. \"\u00c9 preciso jogar bem e vencer\",\u2026","rel":"","context":"Em &quot;futebol&quot;","block_context":{"text":"futebol","link":"https:\/\/blogdoprosperi.com\/?cat=53870"},"img":{"alt_text":"","src":"https:\/\/i0.wp.com\/blogdoprosperi.com\/wp-content\/uploads\/2016\/08\/622_18bb6f30-67a6-3d28-b2c8-964ae9d090b6.jpg?resize=350%2C200","width":350,"height":200,"srcset":"https:\/\/i0.wp.com\/blogdoprosperi.com\/wp-content\/uploads\/2016\/08\/622_18bb6f30-67a6-3d28-b2c8-964ae9d090b6.jpg?resize=350%2C200 1x, https:\/\/i0.wp.com\/blogdoprosperi.com\/wp-content\/uploads\/2016\/08\/622_18bb6f30-67a6-3d28-b2c8-964ae9d090b6.jpg?resize=525%2C300 1.5x"},"classes":[]}],"jetpack_featured_media_url":"","_links":{"self":[{"href":"https:\/\/blogdoprosperi.com\/index.php?rest_route=\/wp\/v2\/posts\/23420","targetHints":{"allow":["GET"]}}],"collection":[{"href":"https:\/\/blogdoprosperi.com\/index.php?rest_route=\/wp\/v2\/posts"}],"about":[{"href":"https:\/\/blogdoprosperi.com\/index.php?rest_route=\/wp\/v2\/types\/post"}],"author":[{"embeddable":true,"href":"https:\/\/blogdoprosperi.com\/index.php?rest_route=\/wp\/v2\/users\/102107496"}],"replies":[{"embeddable":true,"href":"https:\/\/blogdoprosperi.com\/index.php?rest_route=%2Fwp%2Fv2%2Fcomments&post=23420"}],"version-history":[{"count":25,"href":"https:\/\/blogdoprosperi.com\/index.php?rest_route=\/wp\/v2\/posts\/23420\/revisions"}],"predecessor-version":[{"id":23467,"href":"https:\/\/blogdoprosperi.com\/index.php?rest_route=\/wp\/v2\/posts\/23420\/revisions\/23467"}],"wp:attachment":[{"href":"https:\/\/blogdoprosperi.com\/index.php?rest_route=%2Fwp%2Fv2%2Fmedia&parent=23420"}],"wp:term":[{"taxonomy":"category","embeddable":true,"href":"https:\/\/blogdoprosperi.com\/index.php?rest_route=%2Fwp%2Fv2%2Fcategories&post=23420"},{"taxonomy":"post_tag","embeddable":true,"href":"https:\/\/blogdoprosperi.com\/index.php?rest_route=%2Fwp%2Fv2%2Ftags&post=23420"}],"curies":[{"name":"wp","href":"https:\/\/api.w.org\/{rel}","templated":true}]}}