{"id":23469,"date":"2016-08-30T12:28:00","date_gmt":"2016-08-30T15:28:00","guid":{"rendered":"http:\/\/blogdoprosperi.com\/?p=23469"},"modified":"2016-08-30T16:27:51","modified_gmt":"2016-08-30T19:27:51","slug":"david-luiz-sem-espaco-na-selecao-pode-deixar-o-psg-e-voltar-ao-chelsea","status":"publish","type":"post","link":"https:\/\/blogdoprosperi.com\/?p=23469","title":{"rendered":"David Luiz, sem espa\u00e7o na Sele\u00e7\u00e3o, pode deixar o PSG e voltar ao Chelsea"},"content":{"rendered":"<p><span class=\"alignnone\"><img data-recalc-dims=\"1\" loading=\"lazy\" decoding=\"async\" data-attachment-id=\"22567\" data-permalink=\"https:\/\/blogdoprosperi.com\/?attachment_id=22567\" data-orig-file=\"https:\/\/i0.wp.com\/blogdoprosperi.com\/wp-content\/uploads\/2016\/08\/david_luiz_em_primeiro_jogo_pelo_psg1.jpg?fit=768%2C512&amp;ssl=1\" data-orig-size=\"768,512\" data-comments-opened=\"1\" data-image-meta=\"{&quot;aperture&quot;:&quot;0&quot;,&quot;credit&quot;:&quot;NurPhoto&quot;,&quot;camera&quot;:&quot;&quot;,&quot;caption&quot;:&quot;David Luiz celebrates victory during a soccer match between Napoli and Paris St. Germain, at the San Paolo stadium in Naples, Italy. (Photo by Marco Cantile\/NurPhoto)&quot;,&quot;created_timestamp&quot;:&quot;1407786514&quot;,&quot;copyright&quot;:&quot;&quot;,&quot;focal_length&quot;:&quot;0&quot;,&quot;iso&quot;:&quot;0&quot;,&quot;shutter_speed&quot;:&quot;0&quot;,&quot;title&quot;:&quot;Soccer match Napoli - Paris St. Germain&quot;,&quot;orientation&quot;:&quot;0&quot;}\" data-image-title=\"Soccer match Napoli &amp;#8211; Paris St. Germain\" data-image-description=\"\" data-image-caption=\"&lt;p&gt;David Luiz celebrates victory during a soccer match between Napoli and Paris St. Germain, at the San Paolo stadium in Naples, Italy. (Photo by Marco Cantile\/NurPhoto)&lt;\/p&gt;\n\" data-large-file=\"https:\/\/i0.wp.com\/blogdoprosperi.com\/wp-content\/uploads\/2016\/08\/david_luiz_em_primeiro_jogo_pelo_psg1.jpg?fit=768%2C512&amp;ssl=1\" class=\"alignnone size-full wp-image-22567\" src=\"https:\/\/i0.wp.com\/blogdoprosperi.com\/wp-content\/uploads\/2016\/08\/david_luiz_em_primeiro_jogo_pelo_psg1.jpg?resize=768%2C512&#038;ssl=1\" alt=\"Soccer match Napoli - Paris St. Germain\" width=\"768\" height=\"512\" \/><\/span><\/p>\n<p>David Luiz, 29 anos, tem chance de retornar ao Chelsea ainda nesta janela de transfer\u00eancia do futebol europeu que se fecha na quarta-feira. O clube ingl\u00eas corre atr\u00e1s de um zagueiro, depois de concluir a contrata\u00e7\u00e3o do lateral-esquerdo espanhol Marcos Alonso, da Fiorentina, por 24 milh\u00f5es de libras (R$ 102,4 milh\u00f5es) nesta ter\u00e7a-feira (30\/8).<!--more--><\/p>\n<p>Antonio Conte, t\u00e9cnico Chelsea, precisa de um zagueiro de peso. Depois de v\u00e1rias tentativas frustradas com outros defensores, o nome de <a href=\"http:\/\/blogdoprosperi.com\/2016\/08\/22\/tite-promete-selecao-no-ataque-e-se-rende-aos-garotos-da-medalha-de-ouro\/\">David Luiz<\/a> entrou na pauta de Conte. E o neg\u00f3cio pode ser fechado at\u00e9 por empr\u00e9stimo.<\/p>\n<p>Quatro horas depois de publicado esse post no Blog do Pr\u00f3speri, o jornal <em>Daily Mail<\/em> confirmou a informa\u00e7\u00e3o no seu site oficial.<\/p>\n<p>Veja o link do <a href=\"http:\/\/www.dailymail.co.uk\/sport\/football\/article-3765683\/Chelsea-make-sensational-32m-bring-David-Luiz-Stamford-Bridge-two-years-PSG-exit.html\">Daily Mail<\/a>.\u00a0Segundo o di\u00e1rio ingl\u00eas, o Chelsea poderia pagar at\u00e9 R$ 136,5 milh\u00f5es por David Luiz.<\/p>\n<p>Unai Emery, treinador do Paris Saint-Germain, concorda em liberar o brasileiro. Sua zaga titular \u00e9 de Thiago Silva e Marquinhos.<\/p>\n<p><a href=\"http:\/\/blogdoprosperi.com\/2016\/08\/13\/campeonato-ingles-promete-assombrar-futebol-europeu-com-tecnicos-de-grife\/\">No Chelsea,<\/a> David Luiz viveu a melhor fase da sua carreira at\u00e9 aqui. Campe\u00e3o da Liga dos Campe\u00f5es da Europa (Champions League) em 2011\/2012, da Liga Uefa e da Copa da Inglaterra (2011\/2012). Em muitas partidas atuou como volante sob o comando do t\u00e9cnico Jos\u00e9 Mourinho. De 2011 a 2014, acumulou 143 jogos e 12 gols.<\/p>\n<p><span class=\"alignnone\"><img data-recalc-dims=\"1\" loading=\"lazy\" decoding=\"async\" data-attachment-id=\"23516\" data-permalink=\"https:\/\/blogdoprosperi.com\/?attachment_id=23516\" data-orig-file=\"https:\/\/i0.wp.com\/blogdoprosperi.com\/wp-content\/uploads\/2016\/08\/chelseas-david-luiz-celeb-008.jpeg?fit=460%2C276&amp;ssl=1\" data-orig-size=\"460,276\" data-comments-opened=\"1\" data-image-meta=\"{&quot;aperture&quot;:&quot;0&quot;,&quot;credit&quot;:&quot;Photograph: Eddie Keogh\/Reuters&quot;,&quot;camera&quot;:&quot;&quot;,&quot;caption&quot;:&quot;&quot;,&quot;created_timestamp&quot;:&quot;0&quot;,&quot;copyright&quot;:&quot;REUTERS&quot;,&quot;focal_length&quot;:&quot;0&quot;,&quot;iso&quot;:&quot;0&quot;,&quot;shutter_speed&quot;:&quot;0&quot;,&quot;title&quot;:&quot;Chelsea&#039;s David Luiz celebrates his goal against Aston Villa&quot;,&quot;orientation&quot;:&quot;0&quot;}\" data-image-title=\"Chelsea&amp;#8217;s David Luiz celebrates his goal against Aston Villa\" data-image-description=\"\" data-image-caption=\"\" data-large-file=\"https:\/\/i0.wp.com\/blogdoprosperi.com\/wp-content\/uploads\/2016\/08\/chelseas-david-luiz-celeb-008.jpeg?fit=460%2C276&amp;ssl=1\" class=\"alignnone size-full wp-image-23516 alignleft\" src=\"https:\/\/i0.wp.com\/blogdoprosperi.com\/wp-content\/uploads\/2016\/08\/chelseas-david-luiz-celeb-008.jpeg?resize=460%2C276&#038;ssl=1\" alt=\"Chelsea's David Luiz celebrates his goal against Aston Villa\" width=\"460\" height=\"276\" \/><\/span>Quando estava no Chelsea, se consolidou na Sele\u00e7\u00e3o Brasileira como titular da zaga ao lado de Thiago Silva nos tempos de Mano Menezes e depois com Felip\u00e3o. Viveu o drama do 7 a 1 na Copa de 2014.<\/p>\n<p>Na Sele\u00e7\u00e3o, ap\u00f3s o Mundial de 2014, David Luiz tinha a prefer\u00eancia de Dunga at\u00e9 o jogo contra o Uruguai pelas Eliminat\u00f3rias da Copa de 2018, dia 25 de mar\u00e7o de 2016. O Brasil vencia e cedeu o empate em casa. David falhou em lances capitais e perdeu espa\u00e7o com Dunga. E n\u00e3o apareceu na primeira lista de <a href=\"http:\/\/blogdoprosperi.com\/2016\/06\/20\/tite-leva-beijo-de-del-nero-na-face-e-faz-referencias-as-selecoes-das-copas-de-70-e-82\/\">Tite, nomeado pela CBF novo t\u00e9cnico do escrete<\/a>, nas partidas contra Equador e Col\u00f4mbia.<\/p>\n<p>A se confirmar sua transfer\u00eancia ao Chelsea, pode recuperar o tempo perdido e conquistar a confian\u00e7a de Tite na Sele\u00e7\u00e3o Brasileira. A conferir.<\/p>\n<p><span class=\"alignnone\"><img data-recalc-dims=\"1\" loading=\"lazy\" decoding=\"async\" data-attachment-id=\"21694\" data-permalink=\"https:\/\/blogdoprosperi.com\/?attachment_id=21694\" data-orig-file=\"https:\/\/i0.wp.com\/blogdoprosperi.com\/wp-content\/uploads\/2016\/08\/brasil-perde-de-7-a-1-para-a-alemanha-e-sofre-sua-pior-derrota-em-mundiais.jpg?fit=627%2C400&amp;ssl=1\" data-orig-size=\"627,400\" data-comments-opened=\"1\" data-image-meta=\"{&quot;aperture&quot;:&quot;2.8&quot;,&quot;credit&quot;:&quot;Jefferson Bernardes&quot;,&quot;camera&quot;:&quot;Canon EOS-1D X&quot;,&quot;caption&quot;:&quot;Thomas Mueller of Germany celebrates scoring his team&#039;s first goal with teammates during the 2014 FIFA World Cup Brazil Semi Final match between Brazil and Germany at Estadio Mineirao on July 8, 2014 in Belo Horizonte, Brazil.&quot;,&quot;created_timestamp&quot;:&quot;1404851346&quot;,&quot;copyright&quot;:&quot;Jefferson Bernardes&quot;,&quot;focal_length&quot;:&quot;400&quot;,&quot;iso&quot;:&quot;640&quot;,&quot;shutter_speed&quot;:&quot;0.00125&quot;,&quot;title&quot;:&quot;&quot;,&quot;orientation&quot;:&quot;0&quot;}\" data-image-title=\"brasil-perde-de-7-a-1-para-a-alemanha-e-sofre-sua-pior-derrota-em-mundiais\" data-image-description=\"\" data-image-caption=\"&lt;p&gt;Thomas Mueller of Germany celebrates scoring his team&amp;#8217;s first goal with teammates during the 2014 FIFA World Cup Brazil Semi Final match between Brazil and Germany at Estadio Mineirao on July 8, 2014 in Belo Horizonte, Brazil.&lt;\/p&gt;\n\" data-large-file=\"https:\/\/i0.wp.com\/blogdoprosperi.com\/wp-content\/uploads\/2016\/08\/brasil-perde-de-7-a-1-para-a-alemanha-e-sofre-sua-pior-derrota-em-mundiais.jpg?fit=627%2C400&amp;ssl=1\" class=\"alignnone size-full wp-image-21694\" src=\"https:\/\/i0.wp.com\/blogdoprosperi.com\/wp-content\/uploads\/2016\/08\/brasil-perde-de-7-a-1-para-a-alemanha-e-sofre-sua-pior-derrota-em-mundiais.jpg?resize=627%2C400&#038;ssl=1\" alt=\"brasil-perde-de-7-a-1-para-a-alemanha-e-sofre-sua-pior-derrota-em-mundiais\" width=\"627\" height=\"400\" \/><\/span><\/p>\n<p>&nbsp;<\/p>\n","protected":false},"excerpt":{"rendered":"<p>David Luiz, 29 anos, tem chance de retornar ao Chelsea ainda nesta janela de transfer\u00eancia do futebol europeu [&hellip;]<\/p>\n","protected":false},"author":102107496,"featured_media":0,"comment_status":"open","ping_status":"open","sticky":false,"template":"","format":"standard","meta":{"_coblocks_attr":"","_coblocks_dimensions":"","_coblocks_responsive_height":"","_coblocks_accordion_ie_support":"","_jetpack_newsletter_access":"","_jetpack_dont_email_post_to_subs":false,"_jetpack_newsletter_tier_id":0,"_jetpack_memberships_contains_paywalled_content":false,"_wpcom_ai_launchpad_first_post":false,"_jetpack_feature_clip_id":0,"_jetpack_memberships_contains_paid_content":false,"footnotes":"","jetpack_publicize_message":"","jetpack_publicize_feature_enabled":true,"jetpack_social_post_already_shared":false,"jetpack_social_options":{"image_generator_settings":{"template":"highway","default_image_id":0,"font":"","enabled":false},"version":2},"jetpack_post_was_ever_published":false},"categories":[9107,53870],"tags":[789560569,789560557,12734,7224716,789560560,789560567,361092,789560562],"class_list":["post-23469","post","type-post","status-publish","format-standard","hentry","category-champions-league","category-futebol","tag-cbf","tag-champions-league","tag-chelsea","tag-david-luiz","tag-futebol","tag-liga-dos-campeoes","tag-psg","tag-selecao-brasileira"],"yoast_head":"<!-- This site is optimized with the Yoast SEO plugin v28.3 - https:\/\/yoast.com\/product\/yoast-seo-wordpress\/ -->\n<title>David Luiz, sem espa\u00e7o na Sele\u00e7\u00e3o, pode deixar o PSG e voltar ao Chelsea - PR\u00d3SPERI NEWS<\/title>\n<meta name=\"robots\" content=\"index, follow, max-snippet:-1, max-image-preview:large, max-video-preview:-1\" \/>\n<link rel=\"canonical\" href=\"https:\/\/blogdoprosperi.com\/?p=23469\" \/>\n<meta property=\"og:locale\" content=\"pt_BR\" \/>\n<meta property=\"og:type\" content=\"article\" \/>\n<meta property=\"og:title\" content=\"David Luiz, sem espa\u00e7o na Sele\u00e7\u00e3o, pode deixar o PSG e voltar ao Chelsea - PR\u00d3SPERI NEWS\" \/>\n<meta property=\"og:description\" content=\"David Luiz, 29 anos, tem chance de retornar ao Chelsea ainda nesta janela de transfer\u00eancia do futebol europeu [&hellip;]\" \/>\n<meta property=\"og:url\" content=\"https:\/\/blogdoprosperi.com\/?p=23469\" \/>\n<meta property=\"og:site_name\" content=\"PR\u00d3SPERI NEWS\" \/>\n<meta property=\"article:publisher\" content=\"Luiz Pr\u00f3speri\" \/>\n<meta property=\"article:author\" content=\"Luiz Pr\u00f3speri\" \/>\n<meta property=\"article:published_time\" content=\"2016-08-30T15:28:00+00:00\" \/>\n<meta property=\"article:modified_time\" content=\"2016-08-30T19:27:51+00:00\" \/>\n<meta property=\"og:image\" content=\"https:\/\/blogdoprosperi.com\/wp-content\/uploads\/2016\/08\/david_luiz_em_primeiro_jogo_pelo_psg1.jpg\" \/>\n<meta name=\"author\" content=\"Luiz Ant\u00f4nio Pr\u00f3speri\" \/>\n<meta name=\"twitter:card\" content=\"summary_large_image\" \/>\n<meta name=\"twitter:creator\" content=\"@Luizprosperi\" \/>\n<meta name=\"twitter:site\" content=\"@Luizprosperi\" \/>\n<meta name=\"twitter:label1\" content=\"Escrito por\" \/>\n\t<meta name=\"twitter:data1\" content=\"Luiz Ant\u00f4nio Pr\u00f3speri\" \/>\n\t<meta name=\"twitter:label2\" content=\"Est. tempo de leitura\" \/>\n\t<meta name=\"twitter:data2\" content=\"2 minutos\" \/>\n<script type=\"application\/ld+json\" class=\"yoast-schema-graph\">{\"@context\":\"https:\\\/\\\/schema.org\",\"@graph\":[{\"@type\":\"Article\",\"@id\":\"https:\\\/\\\/blogdoprosperi.com\\\/?p=23469#article\",\"isPartOf\":{\"@id\":\"https:\\\/\\\/blogdoprosperi.com\\\/?p=23469\"},\"author\":{\"name\":\"Luiz Ant\u00f4nio Pr\u00f3speri\",\"@id\":\"https:\\\/\\\/blogdoprosperi.com\\\/#\\\/schema\\\/person\\\/38100755ce3601861ee4fab9b5aa78e9\"},\"headline\":\"David Luiz, sem espa\u00e7o na Sele\u00e7\u00e3o, pode deixar o PSG e voltar ao Chelsea\",\"datePublished\":\"2016-08-30T15:28:00+00:00\",\"dateModified\":\"2016-08-30T19:27:51+00:00\",\"mainEntityOfPage\":{\"@id\":\"https:\\\/\\\/blogdoprosperi.com\\\/?p=23469\"},\"wordCount\":374,\"commentCount\":0,\"publisher\":{\"@id\":\"https:\\\/\\\/blogdoprosperi.com\\\/#\\\/schema\\\/person\\\/38100755ce3601861ee4fab9b5aa78e9\"},\"image\":{\"@id\":\"https:\\\/\\\/blogdoprosperi.com\\\/?p=23469#primaryimage\"},\"thumbnailUrl\":\"https:\\\/\\\/blogdoprosperi.com\\\/wp-content\\\/uploads\\\/2016\\\/08\\\/david_luiz_em_primeiro_jogo_pelo_psg1.jpg\",\"keywords\":[\"CBF\",\"Champions League\",\"Chelsea\",\"David Luiz\",\"futebol\",\"Liga dos Campe\u00f5es\",\"PSG\",\"Sele\u00e7\u00e3o Brasileira\"],\"articleSection\":[\"Champions League\",\"futebol\"],\"inLanguage\":\"pt-BR\",\"potentialAction\":[{\"@type\":\"CommentAction\",\"name\":\"Comment\",\"target\":[\"https:\\\/\\\/blogdoprosperi.com\\\/?p=23469#respond\"]}]},{\"@type\":\"WebPage\",\"@id\":\"https:\\\/\\\/blogdoprosperi.com\\\/?p=23469\",\"url\":\"https:\\\/\\\/blogdoprosperi.com\\\/?p=23469\",\"name\":\"David Luiz, sem espa\u00e7o na Sele\u00e7\u00e3o, pode deixar o PSG e voltar ao Chelsea - PR\u00d3SPERI NEWS\",\"isPartOf\":{\"@id\":\"https:\\\/\\\/blogdoprosperi.com\\\/#website\"},\"primaryImageOfPage\":{\"@id\":\"https:\\\/\\\/blogdoprosperi.com\\\/?p=23469#primaryimage\"},\"image\":{\"@id\":\"https:\\\/\\\/blogdoprosperi.com\\\/?p=23469#primaryimage\"},\"thumbnailUrl\":\"https:\\\/\\\/blogdoprosperi.com\\\/wp-content\\\/uploads\\\/2016\\\/08\\\/david_luiz_em_primeiro_jogo_pelo_psg1.jpg\",\"datePublished\":\"2016-08-30T15:28:00+00:00\",\"dateModified\":\"2016-08-30T19:27:51+00:00\",\"breadcrumb\":{\"@id\":\"https:\\\/\\\/blogdoprosperi.com\\\/?p=23469#breadcrumb\"},\"inLanguage\":\"pt-BR\",\"potentialAction\":[{\"@type\":\"ReadAction\",\"target\":[\"https:\\\/\\\/blogdoprosperi.com\\\/?p=23469\"]}]},{\"@type\":\"ImageObject\",\"inLanguage\":\"pt-BR\",\"@id\":\"https:\\\/\\\/blogdoprosperi.com\\\/?p=23469#primaryimage\",\"url\":\"https:\\\/\\\/i0.wp.com\\\/blogdoprosperi.com\\\/wp-content\\\/uploads\\\/2016\\\/08\\\/david_luiz_em_primeiro_jogo_pelo_psg1.jpg?fit=768%2C512&ssl=1\",\"contentUrl\":\"https:\\\/\\\/i0.wp.com\\\/blogdoprosperi.com\\\/wp-content\\\/uploads\\\/2016\\\/08\\\/david_luiz_em_primeiro_jogo_pelo_psg1.jpg?fit=768%2C512&ssl=1\",\"width\":768,\"height\":512,\"caption\":\"David Luiz celebrates victory during a soccer match between Napoli and Paris St. Germain, at the San Paolo stadium in Naples, Italy. (Photo by Marco Cantile\\\/NurPhoto)\"},{\"@type\":\"BreadcrumbList\",\"@id\":\"https:\\\/\\\/blogdoprosperi.com\\\/?p=23469#breadcrumb\",\"itemListElement\":[{\"@type\":\"ListItem\",\"position\":1,\"name\":\"In\u00edcio\",\"item\":\"https:\\\/\\\/blogdoprosperi.com\\\/\"},{\"@type\":\"ListItem\",\"position\":2,\"name\":\"David Luiz, sem espa\u00e7o na Sele\u00e7\u00e3o, pode deixar o PSG e voltar ao Chelsea\"}]},{\"@type\":\"WebSite\",\"@id\":\"https:\\\/\\\/blogdoprosperi.com\\\/#website\",\"url\":\"https:\\\/\\\/blogdoprosperi.com\\\/\",\"name\":\"PR\u00d3SPERI NEWS\",\"description\":\"TUDO \u00c9  FUTEBOL\",\"publisher\":{\"@id\":\"https:\\\/\\\/blogdoprosperi.com\\\/#\\\/schema\\\/person\\\/38100755ce3601861ee4fab9b5aa78e9\"},\"alternateName\":\"blogdoprosperi.com\",\"potentialAction\":[{\"@type\":\"SearchAction\",\"target\":{\"@type\":\"EntryPoint\",\"urlTemplate\":\"https:\\\/\\\/blogdoprosperi.com\\\/?s={search_term_string}\"},\"query-input\":{\"@type\":\"PropertyValueSpecification\",\"valueRequired\":true,\"valueName\":\"search_term_string\"}}],\"inLanguage\":\"pt-BR\"},{\"@type\":[\"Person\",\"Organization\"],\"@id\":\"https:\\\/\\\/blogdoprosperi.com\\\/#\\\/schema\\\/person\\\/38100755ce3601861ee4fab9b5aa78e9\",\"name\":\"Luiz Ant\u00f4nio Pr\u00f3speri\",\"pronouns\":\"ele\",\"image\":{\"@type\":\"ImageObject\",\"inLanguage\":\"pt-BR\",\"@id\":\"https:\\\/\\\/i0.wp.com\\\/blogdoprosperi.com\\\/wp-content\\\/uploads\\\/2026\\\/05\\\/cropped-8059e613-6002-42fa-961e-8e275f575d71-2-5.jpg?fit=1360%2C931&ssl=1\",\"url\":\"https:\\\/\\\/i0.wp.com\\\/blogdoprosperi.com\\\/wp-content\\\/uploads\\\/2026\\\/05\\\/cropped-8059e613-6002-42fa-961e-8e275f575d71-2-5.jpg?fit=1360%2C931&ssl=1\",\"contentUrl\":\"https:\\\/\\\/i0.wp.com\\\/blogdoprosperi.com\\\/wp-content\\\/uploads\\\/2026\\\/05\\\/cropped-8059e613-6002-42fa-961e-8e275f575d71-2-5.jpg?fit=1360%2C931&ssl=1\",\"width\":1360,\"height\":931,\"caption\":\"Luiz Ant\u00f4nio Pr\u00f3speri\"},\"logo\":{\"@id\":\"https:\\\/\\\/i0.wp.com\\\/blogdoprosperi.com\\\/wp-content\\\/uploads\\\/2026\\\/05\\\/cropped-8059e613-6002-42fa-961e-8e275f575d71-2-5.jpg?fit=1360%2C931&ssl=1\"},\"description\":\"Jornalista com carreira dedicada ao esporte. Cobriu 9 Copas do Mundo in loco, 1990 na It\u00e1lia, 1994 nos EUA, 1998 na Fran\u00e7a, 2002 na Coreia do Sul e Jap\u00e3o, 2006 na Alemanha, 2010 na \u00c1frica do Sul, 2014 no Brasil, 2018 na R\u00fassia e 2022 no Qatar. Eurocopas, 1992 na Su\u00e9cia e 1996 na Inglaterra. Copa das Confedera\u00e7\u00f5es de 2005 na Alemanha e 2009 na \u00c1frica do Sul. Rep\u00f3rter e Editor, trabalhou no Jornal da Tarde e Estad\u00e3o, de 1984 a fevereiro de 2016. Colunista, blogueiro. E comentarista de futebol na R\u00e1dio Estad\u00e3o, de 2013 a fevereiro de 2016. Jornalista respons\u00e1vel do \\\"Pr\u00f3speri News\\\" (blogdoprosperi.com).\",\"sameAs\":[\"http:\\\/\\\/blogdoprosperi.com\",\"Luiz Pr\u00f3speri\",\"@luiz_prosperi\",\"https:\\\/\\\/x.com\\\/Luizprosperi\",\"@prosperinacopa\",\"luiz.prosperi@icloud.com\"],\"url\":\"https:\\\/\\\/blogdoprosperi.com\\\/?author=102107496\"}]}<\/script>\n<!-- \/ Yoast SEO plugin. -->","yoast_head_json":{"title":"David Luiz, sem espa\u00e7o na Sele\u00e7\u00e3o, pode deixar o PSG e voltar ao Chelsea - PR\u00d3SPERI NEWS","robots":{"index":"index","follow":"follow","max-snippet":"max-snippet:-1","max-image-preview":"max-image-preview:large","max-video-preview":"max-video-preview:-1"},"canonical":"https:\/\/blogdoprosperi.com\/?p=23469","og_locale":"pt_BR","og_type":"article","og_title":"David Luiz, sem espa\u00e7o na Sele\u00e7\u00e3o, pode deixar o PSG e voltar ao Chelsea - PR\u00d3SPERI NEWS","og_description":"David Luiz, 29 anos, tem chance de retornar ao Chelsea ainda nesta janela de transfer\u00eancia do futebol europeu [&hellip;]","og_url":"https:\/\/blogdoprosperi.com\/?p=23469","og_site_name":"PR\u00d3SPERI NEWS","article_publisher":"Luiz Pr\u00f3speri","article_author":"Luiz Pr\u00f3speri","article_published_time":"2016-08-30T15:28:00+00:00","article_modified_time":"2016-08-30T19:27:51+00:00","og_image":[{"url":"https:\/\/blogdoprosperi.com\/wp-content\/uploads\/2016\/08\/david_luiz_em_primeiro_jogo_pelo_psg1.jpg","type":"","width":"","height":""}],"author":"Luiz Ant\u00f4nio Pr\u00f3speri","twitter_card":"summary_large_image","twitter_creator":"@Luizprosperi","twitter_site":"@Luizprosperi","twitter_misc":{"Escrito por":"Luiz Ant\u00f4nio Pr\u00f3speri","Est. tempo de leitura":"2 minutos"},"schema":{"@context":"https:\/\/schema.org","@graph":[{"@type":"Article","@id":"https:\/\/blogdoprosperi.com\/?p=23469#article","isPartOf":{"@id":"https:\/\/blogdoprosperi.com\/?p=23469"},"author":{"name":"Luiz Ant\u00f4nio Pr\u00f3speri","@id":"https:\/\/blogdoprosperi.com\/#\/schema\/person\/38100755ce3601861ee4fab9b5aa78e9"},"headline":"David Luiz, sem espa\u00e7o na Sele\u00e7\u00e3o, pode deixar o PSG e voltar ao Chelsea","datePublished":"2016-08-30T15:28:00+00:00","dateModified":"2016-08-30T19:27:51+00:00","mainEntityOfPage":{"@id":"https:\/\/blogdoprosperi.com\/?p=23469"},"wordCount":374,"commentCount":0,"publisher":{"@id":"https:\/\/blogdoprosperi.com\/#\/schema\/person\/38100755ce3601861ee4fab9b5aa78e9"},"image":{"@id":"https:\/\/blogdoprosperi.com\/?p=23469#primaryimage"},"thumbnailUrl":"https:\/\/blogdoprosperi.com\/wp-content\/uploads\/2016\/08\/david_luiz_em_primeiro_jogo_pelo_psg1.jpg","keywords":["CBF","Champions League","Chelsea","David Luiz","futebol","Liga dos Campe\u00f5es","PSG","Sele\u00e7\u00e3o Brasileira"],"articleSection":["Champions League","futebol"],"inLanguage":"pt-BR","potentialAction":[{"@type":"CommentAction","name":"Comment","target":["https:\/\/blogdoprosperi.com\/?p=23469#respond"]}]},{"@type":"WebPage","@id":"https:\/\/blogdoprosperi.com\/?p=23469","url":"https:\/\/blogdoprosperi.com\/?p=23469","name":"David Luiz, sem espa\u00e7o na Sele\u00e7\u00e3o, pode deixar o PSG e voltar ao Chelsea - PR\u00d3SPERI NEWS","isPartOf":{"@id":"https:\/\/blogdoprosperi.com\/#website"},"primaryImageOfPage":{"@id":"https:\/\/blogdoprosperi.com\/?p=23469#primaryimage"},"image":{"@id":"https:\/\/blogdoprosperi.com\/?p=23469#primaryimage"},"thumbnailUrl":"https:\/\/blogdoprosperi.com\/wp-content\/uploads\/2016\/08\/david_luiz_em_primeiro_jogo_pelo_psg1.jpg","datePublished":"2016-08-30T15:28:00+00:00","dateModified":"2016-08-30T19:27:51+00:00","breadcrumb":{"@id":"https:\/\/blogdoprosperi.com\/?p=23469#breadcrumb"},"inLanguage":"pt-BR","potentialAction":[{"@type":"ReadAction","target":["https:\/\/blogdoprosperi.com\/?p=23469"]}]},{"@type":"ImageObject","inLanguage":"pt-BR","@id":"https:\/\/blogdoprosperi.com\/?p=23469#primaryimage","url":"https:\/\/i0.wp.com\/blogdoprosperi.com\/wp-content\/uploads\/2016\/08\/david_luiz_em_primeiro_jogo_pelo_psg1.jpg?fit=768%2C512&ssl=1","contentUrl":"https:\/\/i0.wp.com\/blogdoprosperi.com\/wp-content\/uploads\/2016\/08\/david_luiz_em_primeiro_jogo_pelo_psg1.jpg?fit=768%2C512&ssl=1","width":768,"height":512,"caption":"David Luiz celebrates victory during a soccer match between Napoli and Paris St. Germain, at the San Paolo stadium in Naples, Italy. (Photo by Marco Cantile\/NurPhoto)"},{"@type":"BreadcrumbList","@id":"https:\/\/blogdoprosperi.com\/?p=23469#breadcrumb","itemListElement":[{"@type":"ListItem","position":1,"name":"In\u00edcio","item":"https:\/\/blogdoprosperi.com\/"},{"@type":"ListItem","position":2,"name":"David Luiz, sem espa\u00e7o na Sele\u00e7\u00e3o, pode deixar o PSG e voltar ao Chelsea"}]},{"@type":"WebSite","@id":"https:\/\/blogdoprosperi.com\/#website","url":"https:\/\/blogdoprosperi.com\/","name":"PR\u00d3SPERI NEWS","description":"TUDO \u00c9  FUTEBOL","publisher":{"@id":"https:\/\/blogdoprosperi.com\/#\/schema\/person\/38100755ce3601861ee4fab9b5aa78e9"},"alternateName":"blogdoprosperi.com","potentialAction":[{"@type":"SearchAction","target":{"@type":"EntryPoint","urlTemplate":"https:\/\/blogdoprosperi.com\/?s={search_term_string}"},"query-input":{"@type":"PropertyValueSpecification","valueRequired":true,"valueName":"search_term_string"}}],"inLanguage":"pt-BR"},{"@type":["Person","Organization"],"@id":"https:\/\/blogdoprosperi.com\/#\/schema\/person\/38100755ce3601861ee4fab9b5aa78e9","name":"Luiz Ant\u00f4nio Pr\u00f3speri","pronouns":"ele","image":{"@type":"ImageObject","inLanguage":"pt-BR","@id":"https:\/\/i0.wp.com\/blogdoprosperi.com\/wp-content\/uploads\/2026\/05\/cropped-8059e613-6002-42fa-961e-8e275f575d71-2-5.jpg?fit=1360%2C931&ssl=1","url":"https:\/\/i0.wp.com\/blogdoprosperi.com\/wp-content\/uploads\/2026\/05\/cropped-8059e613-6002-42fa-961e-8e275f575d71-2-5.jpg?fit=1360%2C931&ssl=1","contentUrl":"https:\/\/i0.wp.com\/blogdoprosperi.com\/wp-content\/uploads\/2026\/05\/cropped-8059e613-6002-42fa-961e-8e275f575d71-2-5.jpg?fit=1360%2C931&ssl=1","width":1360,"height":931,"caption":"Luiz Ant\u00f4nio Pr\u00f3speri"},"logo":{"@id":"https:\/\/i0.wp.com\/blogdoprosperi.com\/wp-content\/uploads\/2026\/05\/cropped-8059e613-6002-42fa-961e-8e275f575d71-2-5.jpg?fit=1360%2C931&ssl=1"},"description":"Jornalista com carreira dedicada ao esporte. Cobriu 9 Copas do Mundo in loco, 1990 na It\u00e1lia, 1994 nos EUA, 1998 na Fran\u00e7a, 2002 na Coreia do Sul e Jap\u00e3o, 2006 na Alemanha, 2010 na \u00c1frica do Sul, 2014 no Brasil, 2018 na R\u00fassia e 2022 no Qatar. Eurocopas, 1992 na Su\u00e9cia e 1996 na Inglaterra. Copa das Confedera\u00e7\u00f5es de 2005 na Alemanha e 2009 na \u00c1frica do Sul. Rep\u00f3rter e Editor, trabalhou no Jornal da Tarde e Estad\u00e3o, de 1984 a fevereiro de 2016. Colunista, blogueiro. E comentarista de futebol na R\u00e1dio Estad\u00e3o, de 2013 a fevereiro de 2016. Jornalista respons\u00e1vel do \"Pr\u00f3speri News\" (blogdoprosperi.com).","sameAs":["http:\/\/blogdoprosperi.com","Luiz Pr\u00f3speri","@luiz_prosperi","https:\/\/x.com\/Luizprosperi","@prosperinacopa","luiz.prosperi@icloud.com"],"url":"https:\/\/blogdoprosperi.com\/?author=102107496"}]}},"jetpack_publicize_connections":[],"jetpack_likes_enabled":false,"jetpack_sharing_enabled":true,"jetpack_shortlink":"https:\/\/wp.me\/p7jvdk-66x","jetpack-related-posts":[{"id":53360,"url":"https:\/\/blogdoprosperi.com\/?p=53360","url_meta":{"origin":23469,"position":0},"title":"Ancelotti Ganha Um Camisa 9 de Sele\u00e7\u00e3o Brasileira no Mundial de Clubes","author":"Luiz Ant\u00f4nio Pr\u00f3speri","date":"14 de julho de 2025","format":false,"excerpt":"\u2295 Jogadores brasileiros no Mundial de Clubes chamam aten\u00e7\u00e3o de Ancelotti e podem crescer na Sele\u00e7\u00e3o Brasileira \u2295 Acompanhe quem foi bem e quem foi mal entre os selecion\u00e1veis no Mundial \u00a0Luiz Ant\u00f4nio Pr\u00f3speri \u2013 14 julho (13h05) \u2013 Jogadores brasileiros saem em alta do Mundial de Clubes. Bom para\u2026","rel":"","context":"Em &quot;futebol&quot;","block_context":{"text":"futebol","link":"https:\/\/blogdoprosperi.com\/?cat=53870"},"img":{"alt_text":"Jo\u00e3o Pedro e Andrey Santos, brasileiros do Chelsea campe\u00e3o","src":"https:\/\/i0.wp.com\/blogdoprosperi.com\/wp-content\/uploads\/2025\/07\/gvyad4iwiaaxwmt.jpeg?fit=1080%2C1080&ssl=1&resize=350%2C200","width":350,"height":200,"srcset":"https:\/\/i0.wp.com\/blogdoprosperi.com\/wp-content\/uploads\/2025\/07\/gvyad4iwiaaxwmt.jpeg?fit=1080%2C1080&ssl=1&resize=350%2C200 1x, https:\/\/i0.wp.com\/blogdoprosperi.com\/wp-content\/uploads\/2025\/07\/gvyad4iwiaaxwmt.jpeg?fit=1080%2C1080&ssl=1&resize=525%2C300 1.5x, https:\/\/i0.wp.com\/blogdoprosperi.com\/wp-content\/uploads\/2025\/07\/gvyad4iwiaaxwmt.jpeg?fit=1080%2C1080&ssl=1&resize=700%2C400 2x, https:\/\/i0.wp.com\/blogdoprosperi.com\/wp-content\/uploads\/2025\/07\/gvyad4iwiaaxwmt.jpeg?fit=1080%2C1080&ssl=1&resize=1050%2C600 3x"},"classes":[]},{"id":18425,"url":"https:\/\/blogdoprosperi.com\/?p=18425","url_meta":{"origin":23469,"position":1},"title":"Sele\u00e7\u00e3o Brasileira Ol\u00edmpica vira um balc\u00e3o de neg\u00f3cios de jogadores","author":"Luiz Ant\u00f4nio Pr\u00f3speri","date":"1 de agosto de 2016","format":false,"excerpt":"Sele\u00e7\u00e3o Brasileira Ol\u00edmpica vai estrear na Olimp\u00edada do Rio nesta quinta-feira com muitos de seus jovens jogadores no balc\u00e3o de transfer\u00eancias aos clubes europeus. Neg\u00f3cios ultrapassam a casa dos 100 milh\u00f5es de euros (R$ 361 milh\u00f5es) e n\u00e3o ser\u00e3o conclu\u00eddos ainda nesta semana. O Brasil vai correr atr\u00e1s da medalha\u2026","rel":"","context":"Em &quot;futebol&quot;","block_context":{"text":"futebol","link":"https:\/\/blogdoprosperi.com\/?cat=53870"},"img":{"alt_text":"","src":"https:\/\/i0.wp.com\/blogdoprosperi.com\/wp-content\/uploads\/2016\/08\/rodriocaio.jpg?resize=350%2C200&ssl=1","width":350,"height":200,"srcset":"https:\/\/i0.wp.com\/blogdoprosperi.com\/wp-content\/uploads\/2016\/08\/rodriocaio.jpg?resize=350%2C200&ssl=1 1x, https:\/\/i0.wp.com\/blogdoprosperi.com\/wp-content\/uploads\/2016\/08\/rodriocaio.jpg?resize=525%2C300&ssl=1 1.5x"},"classes":[]},{"id":18551,"url":"https:\/\/blogdoprosperi.com\/?p=18551","url_meta":{"origin":23469,"position":2},"title":"Santos em ebuli\u00e7\u00e3o pode perder Gabigol, Thiago Maia e Zeca at\u00e9 o fim da Olimp\u00edada do Rio","author":"Luiz Ant\u00f4nio Pr\u00f3speri","date":"2 de agosto de 2016","format":false,"excerpt":"Santos sofre ass\u00e9dio de grandes clubes europeus e pode sofrer baixas consider\u00e1veis at\u00e9 o fim da Olimp\u00edada do Rio. Inter de Mil\u00e3o j\u00e1 trata diretamente com o estafe de Gabriel, o Gabigol, e pode levar o atacante em breve. Chelsea, em negocia\u00e7\u00f5es avan\u00e7adas, corre atr\u00e1s do volante Thiago Maia. Paris\u2026","rel":"","context":"Em &quot;Campeonato Brasileiro&quot;","block_context":{"text":"Campeonato Brasileiro","link":"https:\/\/blogdoprosperi.com\/?cat=355071"},"img":{"alt_text":"","src":"https:\/\/i0.wp.com\/blogdoprosperi.com\/wp-content\/uploads\/2016\/08\/ricardo-saibun-santos-fc.jpg?resize=350%2C200&ssl=1","width":350,"height":200,"srcset":"https:\/\/i0.wp.com\/blogdoprosperi.com\/wp-content\/uploads\/2016\/08\/ricardo-saibun-santos-fc.jpg?resize=350%2C200&ssl=1 1x, https:\/\/i0.wp.com\/blogdoprosperi.com\/wp-content\/uploads\/2016\/08\/ricardo-saibun-santos-fc.jpg?resize=525%2C300&ssl=1 1.5x, https:\/\/i0.wp.com\/blogdoprosperi.com\/wp-content\/uploads\/2016\/08\/ricardo-saibun-santos-fc.jpg?resize=700%2C400&ssl=1 2x"},"classes":[]},{"id":23522,"url":"https:\/\/blogdoprosperi.com\/?p=23522","url_meta":{"origin":23469,"position":3},"title":"Venda de jogadores do Brasil ao futebol internacional movimenta R$ 382,5 milh\u00f5es","author":"Luiz Ant\u00f4nio Pr\u00f3speri","date":"30 de agosto de 2016","format":false,"excerpt":"Douglas Santos, lateral-esquerdo do Atl\u00e9tico-MG, foi negociado nesta tarde de ter\u00e7a-feira (30\/8) ao Hamburgo, da Alemanha. \u00c9 o terceiro jogador da Sele\u00e7\u00e3o Ol\u00edmpica medalha de ouro a ser vendido ao futebol europeu em menos de um m\u00eas. Gabriel Jesus trocou o Palmeiras pelo Manchester City por 32 milh\u00f5es de euros\u2026","rel":"","context":"Em &quot;futebol&quot;","block_context":{"text":"futebol","link":"https:\/\/blogdoprosperi.com\/?cat=53870"},"img":{"alt_text":"","src":"https:\/\/i0.wp.com\/blogdoprosperi.com\/wp-content\/uploads\/2016\/08\/20160829200827_57c4c06be79a5.jpg?resize=350%2C200","width":350,"height":200,"srcset":"https:\/\/i0.wp.com\/blogdoprosperi.com\/wp-content\/uploads\/2016\/08\/20160829200827_57c4c06be79a5.jpg?resize=350%2C200 1x, https:\/\/i0.wp.com\/blogdoprosperi.com\/wp-content\/uploads\/2016\/08\/20160829200827_57c4c06be79a5.jpg?resize=525%2C300 1.5x"},"classes":[]},{"id":37515,"url":"https:\/\/blogdoprosperi.com\/?p=37515","url_meta":{"origin":23469,"position":4},"title":"Neymar volta ao PSG com obriga\u00e7\u00e3o de reinventar a carreira","author":"Luiz Ant\u00f4nio Pr\u00f3speri","date":"2 de agosto de 2018","format":false,"excerpt":"Neymar volta ao PSG nesta quinta-feira depois de mais quatro meses longe das atividades do time franc\u00eas. N\u00e3o se trata de uma simples reapresenta\u00e7\u00e3o ao clube que desembolsou R$ 821,4 milh\u00f5es, em agosto de 2017, para ter seu futebol e explorar a imagem do craque. \u00c9 como se fosse um\u2026","rel":"","context":"Em &quot;futebol&quot;","block_context":{"text":"futebol","link":"https:\/\/blogdoprosperi.com\/?cat=53870"},"img":{"alt_text":"","src":"https:\/\/i0.wp.com\/blogdoprosperi.com\/wp-content\/uploads\/2018\/08\/neymar.png?fit=689%2C464&ssl=1&resize=350%2C200","width":350,"height":200,"srcset":"https:\/\/i0.wp.com\/blogdoprosperi.com\/wp-content\/uploads\/2018\/08\/neymar.png?fit=689%2C464&ssl=1&resize=350%2C200 1x, https:\/\/i0.wp.com\/blogdoprosperi.com\/wp-content\/uploads\/2018\/08\/neymar.png?fit=689%2C464&ssl=1&resize=525%2C300 1.5x"},"classes":[]},{"id":14781,"url":"https:\/\/blogdoprosperi.com\/?p=14781","url_meta":{"origin":23469,"position":5},"title":"Campeonato Ingl\u00eas promete assombrar futebol europeu com t\u00e9cnicos de grife","author":"Luiz Ant\u00f4nio Pr\u00f3speri","date":"13 de agosto de 2016","format":false,"excerpt":"\u00a0 O mais rico campeonato da Europa come\u00e7ou neste s\u00e1bado com a marca de 1 bilh\u00e3o de euros (R$ 3,5 bilh\u00f5es) em investimentos na compra e venda de jogadores. Apenas por esse detalhe, o Campeonato Ingl\u00eas, a Premier League, j\u00e1 seria um dos mais saborosos card\u00e1pios do futebol neste in\u00edcio\u2026","rel":"","context":"Em &quot;futebol&quot;","block_context":{"text":"futebol","link":"https:\/\/blogdoprosperi.com\/?cat=53870"},"img":{"alt_text":"","src":"https:\/\/i0.wp.com\/blogdoprosperi.com\/wp-content\/uploads\/2016\/07\/88041845_welcome_to_manchester.jpg?resize=350%2C200","width":350,"height":200,"srcset":"https:\/\/i0.wp.com\/blogdoprosperi.com\/wp-content\/uploads\/2016\/07\/88041845_welcome_to_manchester.jpg?resize=350%2C200 1x, https:\/\/i0.wp.com\/blogdoprosperi.com\/wp-content\/uploads\/2016\/07\/88041845_welcome_to_manchester.jpg?resize=525%2C300 1.5x"},"classes":[]}],"jetpack_featured_media_url":"","_links":{"self":[{"href":"https:\/\/blogdoprosperi.com\/index.php?rest_route=\/wp\/v2\/posts\/23469","targetHints":{"allow":["GET"]}}],"collection":[{"href":"https:\/\/blogdoprosperi.com\/index.php?rest_route=\/wp\/v2\/posts"}],"about":[{"href":"https:\/\/blogdoprosperi.com\/index.php?rest_route=\/wp\/v2\/types\/post"}],"author":[{"embeddable":true,"href":"https:\/\/blogdoprosperi.com\/index.php?rest_route=\/wp\/v2\/users\/102107496"}],"replies":[{"embeddable":true,"href":"https:\/\/blogdoprosperi.com\/index.php?rest_route=%2Fwp%2Fv2%2Fcomments&post=23469"}],"version-history":[{"count":25,"href":"https:\/\/blogdoprosperi.com\/index.php?rest_route=\/wp\/v2\/posts\/23469\/revisions"}],"predecessor-version":[{"id":23521,"href":"https:\/\/blogdoprosperi.com\/index.php?rest_route=\/wp\/v2\/posts\/23469\/revisions\/23521"}],"wp:attachment":[{"href":"https:\/\/blogdoprosperi.com\/index.php?rest_route=%2Fwp%2Fv2%2Fmedia&parent=23469"}],"wp:term":[{"taxonomy":"category","embeddable":true,"href":"https:\/\/blogdoprosperi.com\/index.php?rest_route=%2Fwp%2Fv2%2Fcategories&post=23469"},{"taxonomy":"post_tag","embeddable":true,"href":"https:\/\/blogdoprosperi.com\/index.php?rest_route=%2Fwp%2Fv2%2Ftags&post=23469"}],"curies":[{"name":"wp","href":"https:\/\/api.w.org\/{rel}","templated":true}]}}