{"id":23522,"date":"2016-08-30T17:54:08","date_gmt":"2016-08-30T20:54:08","guid":{"rendered":"http:\/\/blogdoprosperi.com\/?p=23522"},"modified":"2016-08-30T18:03:35","modified_gmt":"2016-08-30T21:03:35","slug":"venda-de-jogadores-do-brasil-ao-futebol-internacional-movimenta-r-3825-milhoes","status":"publish","type":"post","link":"https:\/\/blogdoprosperi.com\/?p=23522","title":{"rendered":"Venda de jogadores do Brasil ao futebol internacional movimenta R$ 382,5 milh\u00f5es"},"content":{"rendered":"<p><span class=\"alignnone\"><img data-recalc-dims=\"1\" loading=\"lazy\" decoding=\"async\" data-attachment-id=\"22561\" data-permalink=\"https:\/\/blogdoprosperi.com\/?attachment_id=22561\" data-orig-file=\"https:\/\/i0.wp.com\/blogdoprosperi.com\/wp-content\/uploads\/2016\/08\/pro2-14.jpg?fit=5184%2C3456&amp;ssl=1\" data-orig-size=\"5184,3456\" data-comments-opened=\"1\" data-image-meta=\"{&quot;aperture&quot;:&quot;4&quot;,&quot;credit&quot;:&quot;&quot;,&quot;camera&quot;:&quot;Canon EOS-1D X&quot;,&quot;caption&quot;:&quot;&quot;,&quot;created_timestamp&quot;:&quot;1471725688&quot;,&quot;copyright&quot;:&quot;&quot;,&quot;focal_length&quot;:&quot;70&quot;,&quot;iso&quot;:&quot;1600&quot;,&quot;shutter_speed&quot;:&quot;0.00125&quot;,&quot;title&quot;:&quot;&quot;,&quot;orientation&quot;:&quot;1&quot;}\" data-image-title=\"pro2-14\" data-image-description=\"\" data-image-caption=\"\" data-large-file=\"https:\/\/i0.wp.com\/blogdoprosperi.com\/wp-content\/uploads\/2016\/08\/pro2-14.jpg?fit=940%2C627&amp;ssl=1\" class=\"alignnone size-full wp-image-22561\" src=\"https:\/\/i0.wp.com\/blogdoprosperi.com\/wp-content\/uploads\/2016\/08\/pro2-14.jpg?resize=940%2C627&#038;ssl=1\" alt=\"pro2-14\" width=\"940\" height=\"627\" \/><\/span><\/p>\n<p>Douglas Santos, lateral-esquerdo do Atl\u00e9tico-MG, foi negociado nesta tarde de ter\u00e7a-feira (30\/8) ao Hamburgo, da Alemanha. \u00c9 o terceiro jogador da <a href=\"http:\/\/blogdoprosperi.com\/2016\/08\/17\/selecao-olimpica-pressionada-a-salvar-honra-dos-esportes-coletivos-do-brasil-nos-jogos-do-rio\/\">Sele\u00e7\u00e3o Ol\u00edmpica medalha de ouro<\/a> a ser vendido ao futebol europeu em menos de um m\u00eas. Gabriel Jesus trocou o Palmeiras pelo Manchester City por 32 milh\u00f5es de euros e Gabriel saiu do Santos para jogar na Inter de Mil\u00e3o por 29,5 milh\u00f5es de euros. Os tr\u00eas n\u00e3o entram no relat\u00f3rio divulgado hoje (30\/8) pela CBF com dados das transfer\u00eancias de jogadores do Brasil para o Exterior, at\u00e9 julho deste ano, que j\u00e1 alcan\u00e7aram a casa dos R$ 382,5 milh\u00f5es.<!--more--><\/p>\n<p>Rodrigo Caio (S\u00e3o Paulo) e Luan (Gr\u00eamio), tamb\u00e9m da Sele\u00e7\u00e3o Ol\u00edmpica, foram cobi\u00e7ados por clubes europeus. Como a janela de transfer\u00eancia se fecha apenas nesta quarta-feira (31\/8), ainda t\u00eam chance de ser negociados.<\/p>\n<p>Se consumadas essas duas vendas, restariam do time titular da Olimp\u00edada apenas o goleiro Weverton (Atl\u00e9tico-PR), o lateral Zeca (Santos) e o volante Wallace (Gr\u00eamio).<\/p>\n<p>Essas transa\u00e7\u00f5es refor\u00e7am as an\u00e1lises de que \u00e9 imposs\u00edvel formar uma Sele\u00e7\u00e3o com a maioria de jogadores que atuam no Brasil. Nem mesmo na Sub-23 \u00e9 poss\u00edvel montar o time com mais garotos que jogam em clubes brasileiros do que os de fora do Pa\u00eds.<\/p>\n<p>Veja a lista dos <a href=\"http:\/\/blogdoprosperi.com\/2016\/08\/22\/veja-analise-dos-23-jogadores-da-primeira-convocacao-de-tite\/\">23 convocados por Tite <\/a>para os jogos contra o Equador em Quito (01\/9) e Col\u00f4mbia em Manaus (06\/9).<\/p>\n<p class=\"jetpack-slideshow-noscript robots-nocontent\">Este slideshow necessita de JavaScript.<\/p><div id=\"gallery-23522-1-slideshow\" class=\"jetpack-slideshow-window jetpack-slideshow jetpack-slideshow-black\" data-trans=\"fade\" data-autostart=\"1\" data-gallery=\"[{&quot;src&quot;:&quot;https:\\\/\\\/i0.wp.com\\\/blogdoprosperi.com\\\/wp-content\\\/uploads\\\/2016\\\/08\\\/20160829200827_57c4c06be79a5.jpg?fit=699%2C420\\u0026ssl=1&quot;,&quot;id&quot;:&quot;23585&quot;,&quot;title&quot;:&quot;20160829200827_57c4c06be79a5&quot;,&quot;alt&quot;:&quot;&quot;,&quot;caption&quot;:&quot;&quot;,&quot;itemprop&quot;:&quot;image&quot;},{&quot;src&quot;:&quot;https:\\\/\\\/i0.wp.com\\\/blogdoprosperi.com\\\/wp-content\\\/uploads\\\/2016\\\/08\\\/image.jpeg?fit=974%2C546\\u0026ssl=1&quot;,&quot;id&quot;:&quot;23586&quot;,&quot;title&quot;:&quot;image&quot;,&quot;alt&quot;:&quot;&quot;,&quot;caption&quot;:&quot;&quot;,&quot;itemprop&quot;:&quot;image&quot;},{&quot;src&quot;:&quot;https:\\\/\\\/i0.wp.com\\\/blogdoprosperi.com\\\/wp-content\\\/uploads\\\/2016\\\/08\\\/0x58f3yqju2tip1ymdckz0cov.jpg?fit=700%2C470\\u0026ssl=1&quot;,&quot;id&quot;:&quot;23587&quot;,&quot;title&quot;:&quot;0x58f3yqju2tip1ymdckz0cov&quot;,&quot;alt&quot;:&quot;&quot;,&quot;caption&quot;:&quot;&quot;,&quot;itemprop&quot;:&quot;image&quot;},{&quot;src&quot;:&quot;https:\\\/\\\/i0.wp.com\\\/blogdoprosperi.com\\\/wp-content\\\/uploads\\\/2016\\\/08\\\/57c4d478a1655.jpeg?fit=531%2C350\\u0026ssl=1&quot;,&quot;id&quot;:&quot;23588&quot;,&quot;title&quot;:&quot;57c4d478a1655&quot;,&quot;alt&quot;:&quot;&quot;,&quot;caption&quot;:&quot;&quot;,&quot;itemprop&quot;:&quot;image&quot;}]\" itemscope itemtype=\"https:\/\/schema.org\/ImageGallery\"><\/div>\n<p>Atuam no Pa\u00eds: os goleiros Marcelo Grohe (Gr\u00eamio) e Weverton (Atl\u00e9tico-PR), o lateral Fagner (Corinthians), o zagueiro Ceromel (Gr\u00eamio), o volante Rafael Carioca (Atl\u00e9tico-MG), o meia Lucas Limas (Santos). e o atacante Gabriel Jesus (Palmeiras vendido ao Manchester City).<\/p>\n<p>Atuam fora do Brasil: Allisson (Roma), Daniel Alves (Juventus), Miranda (Inter de Mil\u00e3o), Gil (China), Marquinhos (PSG), Marcelo (Real Madrid), Filipe Luiz (Atl\u00e9tico de Madrid), Casemiro (Real Madrid), Renato Augusto (China), Paulinho (China), Philipe Coutinho (Liverpool), Giuliano (Zenit), Taison (Shakhtar), Gabriel (trocou o Santos pela Inter), Neymar (Barcelona) e Willian (Chelsea).<\/p>\n<p>Veja dados do relat\u00f3rio oficial divulgado pela CBF nesta ter\u00e7a-feira (30\/8) do mercado de compra e venda de jogadores do Brasil at\u00e9 julho deste ano:<\/p>\n<h6><strong>Transfer\u00eancias do Exterior para o Brasil:<\/strong>\u00a0 677<\/h6>\n<p>Profissionais: 593<br \/>\nAmador: 84<br \/>\nJogadores sem Contrato: 381<br \/>\nEmpr\u00e9stimos: 46<br \/>\nRetorno de Empr\u00e9stimos: 128<br \/>\n<strong>Transfer\u00eancias com Valores: 26 (R$ 188.128.262,00)<\/strong><br \/>\nEmpr\u00e9stimos com Valores: 12 (R$ 9.667.800,00)<br \/>\nTotal de Valores: R$ 197.796.062,00<\/p>\n<h6>Transfer\u00eancias do Brasil para o Exterior: 770<\/h6>\n<p>Profissionais: 439<br \/>\nProfissionais como Amadores: 168<br \/>\nAmador como Amador: 163<br \/>\nJogadores sem Contrato: 261<br \/>\nEmpr\u00e9stimos: 83<br \/>\nRetorno de Empr\u00e9stimos: 28<br \/>\n<strong>Transfer\u00eancias com Valores: 36 (R$ 365.158.956,00)<\/strong><br \/>\nEmpr\u00e9stimos com Valores: 31 (R$ 17.367.300,00)<br \/>\n<strong>Total de Valores: R$ 382.526.256,00<\/strong><\/p>\n","protected":false},"excerpt":{"rendered":"<p>Douglas Santos, lateral-esquerdo do Atl\u00e9tico-MG, foi negociado nesta tarde de ter\u00e7a-feira (30\/8) ao Hamburgo, da Alemanha. \u00c9 o [&hellip;]<\/p>\n","protected":false},"author":102107496,"featured_media":0,"comment_status":"open","ping_status":"open","sticky":false,"template":"","format":"standard","meta":{"_coblocks_attr":"","_coblocks_dimensions":"","_coblocks_responsive_height":"","_coblocks_accordion_ie_support":"","_jetpack_newsletter_access":"","_jetpack_dont_email_post_to_subs":false,"_jetpack_newsletter_tier_id":0,"_jetpack_memberships_contains_paywalled_content":false,"_wpcom_ai_launchpad_first_post":false,"_jetpack_feature_clip_id":0,"_jetpack_memberships_contains_paid_content":false,"footnotes":"","jetpack_publicize_message":"","jetpack_publicize_feature_enabled":true,"jetpack_social_post_already_shared":false,"jetpack_social_options":{"image_generator_settings":{"template":"highway","default_image_id":0,"font":"","enabled":false},"version":2},"jetpack_post_was_ever_published":false},"categories":[53870],"tags":[789560569,789560560,232826435,4112146,789560562,3135268,1814220,28440948],"class_list":["post-23522","post","type-post","status-publish","format-standard","hentry","category-futebol","tag-cbf","tag-futebol","tag-gabriel-jesus","tag-neymar","tag-selecao-brasileira","tag-selecao-olimpica","tag-tite","tag-transferencia-de-jogadores"],"yoast_head":"<!-- This site is optimized with the Yoast SEO plugin v28.3 - https:\/\/yoast.com\/product\/yoast-seo-wordpress\/ -->\n<title>Venda de jogadores do Brasil ao futebol internacional movimenta R$ 382,5 milh\u00f5es - PR\u00d3SPERI NEWS<\/title>\n<meta name=\"robots\" content=\"index, follow, max-snippet:-1, max-image-preview:large, max-video-preview:-1\" \/>\n<link rel=\"canonical\" href=\"https:\/\/blogdoprosperi.com\/?p=23522\" \/>\n<meta property=\"og:locale\" content=\"pt_BR\" \/>\n<meta property=\"og:type\" content=\"article\" \/>\n<meta property=\"og:title\" content=\"Venda de jogadores do Brasil ao futebol internacional movimenta R$ 382,5 milh\u00f5es - PR\u00d3SPERI NEWS\" \/>\n<meta property=\"og:description\" content=\"Douglas Santos, lateral-esquerdo do Atl\u00e9tico-MG, foi negociado nesta tarde de ter\u00e7a-feira (30\/8) ao Hamburgo, da Alemanha. \u00c9 o [&hellip;]\" \/>\n<meta property=\"og:url\" content=\"https:\/\/blogdoprosperi.com\/?p=23522\" \/>\n<meta property=\"og:site_name\" content=\"PR\u00d3SPERI NEWS\" \/>\n<meta property=\"article:publisher\" content=\"Luiz Pr\u00f3speri\" \/>\n<meta property=\"article:author\" content=\"Luiz Pr\u00f3speri\" \/>\n<meta property=\"article:published_time\" content=\"2016-08-30T20:54:08+00:00\" \/>\n<meta property=\"article:modified_time\" content=\"2016-08-30T21:03:35+00:00\" \/>\n<meta property=\"og:image\" content=\"https:\/\/blogdoprosperi.com\/wp-content\/uploads\/2016\/08\/pro2-14.jpg\" \/>\n<meta name=\"author\" content=\"Luiz Ant\u00f4nio Pr\u00f3speri\" \/>\n<meta name=\"twitter:card\" content=\"summary_large_image\" \/>\n<meta name=\"twitter:creator\" content=\"@Luizprosperi\" \/>\n<meta name=\"twitter:site\" content=\"@Luizprosperi\" \/>\n<meta name=\"twitter:label1\" content=\"Escrito por\" \/>\n\t<meta name=\"twitter:data1\" content=\"Luiz Ant\u00f4nio Pr\u00f3speri\" \/>\n\t<meta name=\"twitter:label2\" content=\"Est. tempo de leitura\" \/>\n\t<meta name=\"twitter:data2\" content=\"2 minutos\" \/>\n<script type=\"application\/ld+json\" class=\"yoast-schema-graph\">{\"@context\":\"https:\\\/\\\/schema.org\",\"@graph\":[{\"@type\":\"Article\",\"@id\":\"https:\\\/\\\/blogdoprosperi.com\\\/?p=23522#article\",\"isPartOf\":{\"@id\":\"https:\\\/\\\/blogdoprosperi.com\\\/?p=23522\"},\"author\":{\"name\":\"Luiz Ant\u00f4nio Pr\u00f3speri\",\"@id\":\"https:\\\/\\\/blogdoprosperi.com\\\/#\\\/schema\\\/person\\\/38100755ce3601861ee4fab9b5aa78e9\"},\"headline\":\"Venda de jogadores do Brasil ao futebol internacional movimenta R$ 382,5 milh\u00f5es\",\"datePublished\":\"2016-08-30T20:54:08+00:00\",\"dateModified\":\"2016-08-30T21:03:35+00:00\",\"mainEntityOfPage\":{\"@id\":\"https:\\\/\\\/blogdoprosperi.com\\\/?p=23522\"},\"wordCount\":455,\"commentCount\":0,\"publisher\":{\"@id\":\"https:\\\/\\\/blogdoprosperi.com\\\/#\\\/schema\\\/person\\\/38100755ce3601861ee4fab9b5aa78e9\"},\"image\":{\"@id\":\"https:\\\/\\\/blogdoprosperi.com\\\/?p=23522#primaryimage\"},\"thumbnailUrl\":\"https:\\\/\\\/blogdoprosperi.com\\\/wp-content\\\/uploads\\\/2016\\\/08\\\/pro2-14.jpg\",\"keywords\":[\"CBF\",\"futebol\",\"Gabriel Jesus\",\"Neymar\",\"Sele\u00e7\u00e3o Brasileira\",\"Sele\u00e7\u00e3o Ol\u00edmpica\",\"Tite\",\"transfer\u00eancia de jogadores\"],\"articleSection\":[\"futebol\"],\"inLanguage\":\"pt-BR\",\"potentialAction\":[{\"@type\":\"CommentAction\",\"name\":\"Comment\",\"target\":[\"https:\\\/\\\/blogdoprosperi.com\\\/?p=23522#respond\"]}]},{\"@type\":\"WebPage\",\"@id\":\"https:\\\/\\\/blogdoprosperi.com\\\/?p=23522\",\"url\":\"https:\\\/\\\/blogdoprosperi.com\\\/?p=23522\",\"name\":\"Venda de jogadores do Brasil ao futebol internacional movimenta R$ 382,5 milh\u00f5es - PR\u00d3SPERI NEWS\",\"isPartOf\":{\"@id\":\"https:\\\/\\\/blogdoprosperi.com\\\/#website\"},\"primaryImageOfPage\":{\"@id\":\"https:\\\/\\\/blogdoprosperi.com\\\/?p=23522#primaryimage\"},\"image\":{\"@id\":\"https:\\\/\\\/blogdoprosperi.com\\\/?p=23522#primaryimage\"},\"thumbnailUrl\":\"https:\\\/\\\/blogdoprosperi.com\\\/wp-content\\\/uploads\\\/2016\\\/08\\\/pro2-14.jpg\",\"datePublished\":\"2016-08-30T20:54:08+00:00\",\"dateModified\":\"2016-08-30T21:03:35+00:00\",\"breadcrumb\":{\"@id\":\"https:\\\/\\\/blogdoprosperi.com\\\/?p=23522#breadcrumb\"},\"inLanguage\":\"pt-BR\",\"potentialAction\":[{\"@type\":\"ReadAction\",\"target\":[\"https:\\\/\\\/blogdoprosperi.com\\\/?p=23522\"]}]},{\"@type\":\"ImageObject\",\"inLanguage\":\"pt-BR\",\"@id\":\"https:\\\/\\\/blogdoprosperi.com\\\/?p=23522#primaryimage\",\"url\":\"https:\\\/\\\/i0.wp.com\\\/blogdoprosperi.com\\\/wp-content\\\/uploads\\\/2016\\\/08\\\/pro2-14.jpg?fit=5184%2C3456&ssl=1\",\"contentUrl\":\"https:\\\/\\\/i0.wp.com\\\/blogdoprosperi.com\\\/wp-content\\\/uploads\\\/2016\\\/08\\\/pro2-14.jpg?fit=5184%2C3456&ssl=1\",\"width\":5184,\"height\":3456},{\"@type\":\"BreadcrumbList\",\"@id\":\"https:\\\/\\\/blogdoprosperi.com\\\/?p=23522#breadcrumb\",\"itemListElement\":[{\"@type\":\"ListItem\",\"position\":1,\"name\":\"In\u00edcio\",\"item\":\"https:\\\/\\\/blogdoprosperi.com\\\/\"},{\"@type\":\"ListItem\",\"position\":2,\"name\":\"Venda de jogadores do Brasil ao futebol internacional movimenta R$ 382,5 milh\u00f5es\"}]},{\"@type\":\"WebSite\",\"@id\":\"https:\\\/\\\/blogdoprosperi.com\\\/#website\",\"url\":\"https:\\\/\\\/blogdoprosperi.com\\\/\",\"name\":\"PR\u00d3SPERI NEWS\",\"description\":\"TUDO \u00c9  FUTEBOL\",\"publisher\":{\"@id\":\"https:\\\/\\\/blogdoprosperi.com\\\/#\\\/schema\\\/person\\\/38100755ce3601861ee4fab9b5aa78e9\"},\"alternateName\":\"blogdoprosperi.com\",\"potentialAction\":[{\"@type\":\"SearchAction\",\"target\":{\"@type\":\"EntryPoint\",\"urlTemplate\":\"https:\\\/\\\/blogdoprosperi.com\\\/?s={search_term_string}\"},\"query-input\":{\"@type\":\"PropertyValueSpecification\",\"valueRequired\":true,\"valueName\":\"search_term_string\"}}],\"inLanguage\":\"pt-BR\"},{\"@type\":[\"Person\",\"Organization\"],\"@id\":\"https:\\\/\\\/blogdoprosperi.com\\\/#\\\/schema\\\/person\\\/38100755ce3601861ee4fab9b5aa78e9\",\"name\":\"Luiz Ant\u00f4nio Pr\u00f3speri\",\"pronouns\":\"ele\",\"image\":{\"@type\":\"ImageObject\",\"inLanguage\":\"pt-BR\",\"@id\":\"https:\\\/\\\/i0.wp.com\\\/blogdoprosperi.com\\\/wp-content\\\/uploads\\\/2026\\\/05\\\/cropped-8059e613-6002-42fa-961e-8e275f575d71-2-5.jpg?fit=1360%2C931&ssl=1\",\"url\":\"https:\\\/\\\/i0.wp.com\\\/blogdoprosperi.com\\\/wp-content\\\/uploads\\\/2026\\\/05\\\/cropped-8059e613-6002-42fa-961e-8e275f575d71-2-5.jpg?fit=1360%2C931&ssl=1\",\"contentUrl\":\"https:\\\/\\\/i0.wp.com\\\/blogdoprosperi.com\\\/wp-content\\\/uploads\\\/2026\\\/05\\\/cropped-8059e613-6002-42fa-961e-8e275f575d71-2-5.jpg?fit=1360%2C931&ssl=1\",\"width\":1360,\"height\":931,\"caption\":\"Luiz Ant\u00f4nio Pr\u00f3speri\"},\"logo\":{\"@id\":\"https:\\\/\\\/i0.wp.com\\\/blogdoprosperi.com\\\/wp-content\\\/uploads\\\/2026\\\/05\\\/cropped-8059e613-6002-42fa-961e-8e275f575d71-2-5.jpg?fit=1360%2C931&ssl=1\"},\"description\":\"Jornalista com carreira dedicada ao esporte. Cobriu 9 Copas do Mundo in loco, 1990 na It\u00e1lia, 1994 nos EUA, 1998 na Fran\u00e7a, 2002 na Coreia do Sul e Jap\u00e3o, 2006 na Alemanha, 2010 na \u00c1frica do Sul, 2014 no Brasil, 2018 na R\u00fassia e 2022 no Qatar. Eurocopas, 1992 na Su\u00e9cia e 1996 na Inglaterra. Copa das Confedera\u00e7\u00f5es de 2005 na Alemanha e 2009 na \u00c1frica do Sul. Rep\u00f3rter e Editor, trabalhou no Jornal da Tarde e Estad\u00e3o, de 1984 a fevereiro de 2016. Colunista, blogueiro. E comentarista de futebol na R\u00e1dio Estad\u00e3o, de 2013 a fevereiro de 2016. Jornalista respons\u00e1vel do \\\"Pr\u00f3speri News\\\" (blogdoprosperi.com).\",\"sameAs\":[\"http:\\\/\\\/blogdoprosperi.com\",\"Luiz Pr\u00f3speri\",\"@luiz_prosperi\",\"https:\\\/\\\/x.com\\\/Luizprosperi\",\"@prosperinacopa\",\"luiz.prosperi@icloud.com\"],\"url\":\"https:\\\/\\\/blogdoprosperi.com\\\/?author=102107496\"}]}<\/script>\n<!-- \/ Yoast SEO plugin. -->","yoast_head_json":{"title":"Venda de jogadores do Brasil ao futebol internacional movimenta R$ 382,5 milh\u00f5es - PR\u00d3SPERI NEWS","robots":{"index":"index","follow":"follow","max-snippet":"max-snippet:-1","max-image-preview":"max-image-preview:large","max-video-preview":"max-video-preview:-1"},"canonical":"https:\/\/blogdoprosperi.com\/?p=23522","og_locale":"pt_BR","og_type":"article","og_title":"Venda de jogadores do Brasil ao futebol internacional movimenta R$ 382,5 milh\u00f5es - PR\u00d3SPERI NEWS","og_description":"Douglas Santos, lateral-esquerdo do Atl\u00e9tico-MG, foi negociado nesta tarde de ter\u00e7a-feira (30\/8) ao Hamburgo, da Alemanha. \u00c9 o [&hellip;]","og_url":"https:\/\/blogdoprosperi.com\/?p=23522","og_site_name":"PR\u00d3SPERI NEWS","article_publisher":"Luiz Pr\u00f3speri","article_author":"Luiz Pr\u00f3speri","article_published_time":"2016-08-30T20:54:08+00:00","article_modified_time":"2016-08-30T21:03:35+00:00","og_image":[{"url":"https:\/\/blogdoprosperi.com\/wp-content\/uploads\/2016\/08\/pro2-14.jpg","type":"","width":"","height":""}],"author":"Luiz Ant\u00f4nio Pr\u00f3speri","twitter_card":"summary_large_image","twitter_creator":"@Luizprosperi","twitter_site":"@Luizprosperi","twitter_misc":{"Escrito por":"Luiz Ant\u00f4nio Pr\u00f3speri","Est. tempo de leitura":"2 minutos"},"schema":{"@context":"https:\/\/schema.org","@graph":[{"@type":"Article","@id":"https:\/\/blogdoprosperi.com\/?p=23522#article","isPartOf":{"@id":"https:\/\/blogdoprosperi.com\/?p=23522"},"author":{"name":"Luiz Ant\u00f4nio Pr\u00f3speri","@id":"https:\/\/blogdoprosperi.com\/#\/schema\/person\/38100755ce3601861ee4fab9b5aa78e9"},"headline":"Venda de jogadores do Brasil ao futebol internacional movimenta R$ 382,5 milh\u00f5es","datePublished":"2016-08-30T20:54:08+00:00","dateModified":"2016-08-30T21:03:35+00:00","mainEntityOfPage":{"@id":"https:\/\/blogdoprosperi.com\/?p=23522"},"wordCount":455,"commentCount":0,"publisher":{"@id":"https:\/\/blogdoprosperi.com\/#\/schema\/person\/38100755ce3601861ee4fab9b5aa78e9"},"image":{"@id":"https:\/\/blogdoprosperi.com\/?p=23522#primaryimage"},"thumbnailUrl":"https:\/\/blogdoprosperi.com\/wp-content\/uploads\/2016\/08\/pro2-14.jpg","keywords":["CBF","futebol","Gabriel Jesus","Neymar","Sele\u00e7\u00e3o Brasileira","Sele\u00e7\u00e3o Ol\u00edmpica","Tite","transfer\u00eancia de jogadores"],"articleSection":["futebol"],"inLanguage":"pt-BR","potentialAction":[{"@type":"CommentAction","name":"Comment","target":["https:\/\/blogdoprosperi.com\/?p=23522#respond"]}]},{"@type":"WebPage","@id":"https:\/\/blogdoprosperi.com\/?p=23522","url":"https:\/\/blogdoprosperi.com\/?p=23522","name":"Venda de jogadores do Brasil ao futebol internacional movimenta R$ 382,5 milh\u00f5es - PR\u00d3SPERI NEWS","isPartOf":{"@id":"https:\/\/blogdoprosperi.com\/#website"},"primaryImageOfPage":{"@id":"https:\/\/blogdoprosperi.com\/?p=23522#primaryimage"},"image":{"@id":"https:\/\/blogdoprosperi.com\/?p=23522#primaryimage"},"thumbnailUrl":"https:\/\/blogdoprosperi.com\/wp-content\/uploads\/2016\/08\/pro2-14.jpg","datePublished":"2016-08-30T20:54:08+00:00","dateModified":"2016-08-30T21:03:35+00:00","breadcrumb":{"@id":"https:\/\/blogdoprosperi.com\/?p=23522#breadcrumb"},"inLanguage":"pt-BR","potentialAction":[{"@type":"ReadAction","target":["https:\/\/blogdoprosperi.com\/?p=23522"]}]},{"@type":"ImageObject","inLanguage":"pt-BR","@id":"https:\/\/blogdoprosperi.com\/?p=23522#primaryimage","url":"https:\/\/i0.wp.com\/blogdoprosperi.com\/wp-content\/uploads\/2016\/08\/pro2-14.jpg?fit=5184%2C3456&ssl=1","contentUrl":"https:\/\/i0.wp.com\/blogdoprosperi.com\/wp-content\/uploads\/2016\/08\/pro2-14.jpg?fit=5184%2C3456&ssl=1","width":5184,"height":3456},{"@type":"BreadcrumbList","@id":"https:\/\/blogdoprosperi.com\/?p=23522#breadcrumb","itemListElement":[{"@type":"ListItem","position":1,"name":"In\u00edcio","item":"https:\/\/blogdoprosperi.com\/"},{"@type":"ListItem","position":2,"name":"Venda de jogadores do Brasil ao futebol internacional movimenta R$ 382,5 milh\u00f5es"}]},{"@type":"WebSite","@id":"https:\/\/blogdoprosperi.com\/#website","url":"https:\/\/blogdoprosperi.com\/","name":"PR\u00d3SPERI NEWS","description":"TUDO \u00c9  FUTEBOL","publisher":{"@id":"https:\/\/blogdoprosperi.com\/#\/schema\/person\/38100755ce3601861ee4fab9b5aa78e9"},"alternateName":"blogdoprosperi.com","potentialAction":[{"@type":"SearchAction","target":{"@type":"EntryPoint","urlTemplate":"https:\/\/blogdoprosperi.com\/?s={search_term_string}"},"query-input":{"@type":"PropertyValueSpecification","valueRequired":true,"valueName":"search_term_string"}}],"inLanguage":"pt-BR"},{"@type":["Person","Organization"],"@id":"https:\/\/blogdoprosperi.com\/#\/schema\/person\/38100755ce3601861ee4fab9b5aa78e9","name":"Luiz Ant\u00f4nio Pr\u00f3speri","pronouns":"ele","image":{"@type":"ImageObject","inLanguage":"pt-BR","@id":"https:\/\/i0.wp.com\/blogdoprosperi.com\/wp-content\/uploads\/2026\/05\/cropped-8059e613-6002-42fa-961e-8e275f575d71-2-5.jpg?fit=1360%2C931&ssl=1","url":"https:\/\/i0.wp.com\/blogdoprosperi.com\/wp-content\/uploads\/2026\/05\/cropped-8059e613-6002-42fa-961e-8e275f575d71-2-5.jpg?fit=1360%2C931&ssl=1","contentUrl":"https:\/\/i0.wp.com\/blogdoprosperi.com\/wp-content\/uploads\/2026\/05\/cropped-8059e613-6002-42fa-961e-8e275f575d71-2-5.jpg?fit=1360%2C931&ssl=1","width":1360,"height":931,"caption":"Luiz Ant\u00f4nio Pr\u00f3speri"},"logo":{"@id":"https:\/\/i0.wp.com\/blogdoprosperi.com\/wp-content\/uploads\/2026\/05\/cropped-8059e613-6002-42fa-961e-8e275f575d71-2-5.jpg?fit=1360%2C931&ssl=1"},"description":"Jornalista com carreira dedicada ao esporte. Cobriu 9 Copas do Mundo in loco, 1990 na It\u00e1lia, 1994 nos EUA, 1998 na Fran\u00e7a, 2002 na Coreia do Sul e Jap\u00e3o, 2006 na Alemanha, 2010 na \u00c1frica do Sul, 2014 no Brasil, 2018 na R\u00fassia e 2022 no Qatar. Eurocopas, 1992 na Su\u00e9cia e 1996 na Inglaterra. Copa das Confedera\u00e7\u00f5es de 2005 na Alemanha e 2009 na \u00c1frica do Sul. Rep\u00f3rter e Editor, trabalhou no Jornal da Tarde e Estad\u00e3o, de 1984 a fevereiro de 2016. Colunista, blogueiro. E comentarista de futebol na R\u00e1dio Estad\u00e3o, de 2013 a fevereiro de 2016. Jornalista respons\u00e1vel do \"Pr\u00f3speri News\" (blogdoprosperi.com).","sameAs":["http:\/\/blogdoprosperi.com","Luiz Pr\u00f3speri","@luiz_prosperi","https:\/\/x.com\/Luizprosperi","@prosperinacopa","luiz.prosperi@icloud.com"],"url":"https:\/\/blogdoprosperi.com\/?author=102107496"}]}},"jetpack_publicize_connections":[],"jetpack_likes_enabled":false,"jetpack_sharing_enabled":true,"jetpack_shortlink":"https:\/\/wp.me\/p7jvdk-67o","jetpack-related-posts":[{"id":16000,"url":"https:\/\/blogdoprosperi.com\/?p=16000","url_meta":{"origin":23522,"position":0},"title":"Clubes europeus atrapalham sele\u00e7\u00e3o brasileira ol\u00edmpica","author":"Luiz Ant\u00f4nio Pr\u00f3speri","date":"14 de julho de 2016","format":false,"excerpt":"Gabriel Jesus, Gabigol, Rodrigo Caio e Marquinhos t\u00eam propostas para trocar de clubes e negocia\u00e7\u00f5es podem se arrastar at\u00e9 Olimp\u00edada do Rio","rel":"","context":"Em &quot;futebol&quot;","block_context":{"text":"futebol","link":"https:\/\/blogdoprosperi.com\/?cat=53870"},"img":{"alt_text":"","src":"https:\/\/i0.wp.com\/blogdoprosperi.com\/wp-content\/uploads\/2016\/07\/selecao-brasileira-gabriel-jesus-480-fifa-divulgacao-1.jpg?resize=350%2C200","width":350,"height":200,"srcset":"https:\/\/i0.wp.com\/blogdoprosperi.com\/wp-content\/uploads\/2016\/07\/selecao-brasileira-gabriel-jesus-480-fifa-divulgacao-1.jpg?resize=350%2C200 1x, https:\/\/i0.wp.com\/blogdoprosperi.com\/wp-content\/uploads\/2016\/07\/selecao-brasileira-gabriel-jesus-480-fifa-divulgacao-1.jpg?resize=525%2C300 1.5x"},"classes":[]},{"id":18425,"url":"https:\/\/blogdoprosperi.com\/?p=18425","url_meta":{"origin":23522,"position":1},"title":"Sele\u00e7\u00e3o Brasileira Ol\u00edmpica vira um balc\u00e3o de neg\u00f3cios de jogadores","author":"Luiz Ant\u00f4nio Pr\u00f3speri","date":"1 de agosto de 2016","format":false,"excerpt":"Sele\u00e7\u00e3o Brasileira Ol\u00edmpica vai estrear na Olimp\u00edada do Rio nesta quinta-feira com muitos de seus jovens jogadores no balc\u00e3o de transfer\u00eancias aos clubes europeus. Neg\u00f3cios ultrapassam a casa dos 100 milh\u00f5es de euros (R$ 361 milh\u00f5es) e n\u00e3o ser\u00e3o conclu\u00eddos ainda nesta semana. O Brasil vai correr atr\u00e1s da medalha\u2026","rel":"","context":"Em &quot;futebol&quot;","block_context":{"text":"futebol","link":"https:\/\/blogdoprosperi.com\/?cat=53870"},"img":{"alt_text":"","src":"https:\/\/i0.wp.com\/blogdoprosperi.com\/wp-content\/uploads\/2016\/08\/rodriocaio.jpg?resize=350%2C200&ssl=1","width":350,"height":200,"srcset":"https:\/\/i0.wp.com\/blogdoprosperi.com\/wp-content\/uploads\/2016\/08\/rodriocaio.jpg?resize=350%2C200&ssl=1 1x, https:\/\/i0.wp.com\/blogdoprosperi.com\/wp-content\/uploads\/2016\/08\/rodriocaio.jpg?resize=525%2C300&ssl=1 1.5x"},"classes":[]},{"id":18551,"url":"https:\/\/blogdoprosperi.com\/?p=18551","url_meta":{"origin":23522,"position":2},"title":"Santos em ebuli\u00e7\u00e3o pode perder Gabigol, Thiago Maia e Zeca at\u00e9 o fim da Olimp\u00edada do Rio","author":"Luiz Ant\u00f4nio Pr\u00f3speri","date":"2 de agosto de 2016","format":false,"excerpt":"Santos sofre ass\u00e9dio de grandes clubes europeus e pode sofrer baixas consider\u00e1veis at\u00e9 o fim da Olimp\u00edada do Rio. Inter de Mil\u00e3o j\u00e1 trata diretamente com o estafe de Gabriel, o Gabigol, e pode levar o atacante em breve. Chelsea, em negocia\u00e7\u00f5es avan\u00e7adas, corre atr\u00e1s do volante Thiago Maia. Paris\u2026","rel":"","context":"Em &quot;Campeonato Brasileiro&quot;","block_context":{"text":"Campeonato Brasileiro","link":"https:\/\/blogdoprosperi.com\/?cat=355071"},"img":{"alt_text":"","src":"https:\/\/i0.wp.com\/blogdoprosperi.com\/wp-content\/uploads\/2016\/08\/ricardo-saibun-santos-fc.jpg?resize=350%2C200&ssl=1","width":350,"height":200,"srcset":"https:\/\/i0.wp.com\/blogdoprosperi.com\/wp-content\/uploads\/2016\/08\/ricardo-saibun-santos-fc.jpg?resize=350%2C200&ssl=1 1x, https:\/\/i0.wp.com\/blogdoprosperi.com\/wp-content\/uploads\/2016\/08\/ricardo-saibun-santos-fc.jpg?resize=525%2C300&ssl=1 1.5x, https:\/\/i0.wp.com\/blogdoprosperi.com\/wp-content\/uploads\/2016\/08\/ricardo-saibun-santos-fc.jpg?resize=700%2C400&ssl=1 2x"},"classes":[]},{"id":22670,"url":"https:\/\/blogdoprosperi.com\/?p=22670","url_meta":{"origin":23522,"position":3},"title":"A culpa que o futebol n\u00e3o tem","author":"Luiz Ant\u00f4nio Pr\u00f3speri","date":"23 de agosto de 2016","format":false,"excerpt":"Gabriel Jesus voltou a treinar no Palmeiras nesta ter\u00e7a-feira, tr\u00eas dias ap\u00f3s a conquista da medalha de ouro no Maracan\u00e3. Levaram o menino de 19 anos, nascido no pobre Jardim Peri, na capital, a dar entrevista coletiva no clube. Inevit\u00e1vel a necessidade de extrair das entranhas do garoto a enorme\u2026","rel":"","context":"Em &quot;futebol&quot;","block_context":{"text":"futebol","link":"https:\/\/blogdoprosperi.com\/?cat=53870"},"img":{"alt_text":"","src":"https:\/\/i0.wp.com\/blogdoprosperi.com\/wp-content\/uploads\/2016\/08\/00914167.jpg?resize=350%2C200&ssl=1","width":350,"height":200,"srcset":"https:\/\/i0.wp.com\/blogdoprosperi.com\/wp-content\/uploads\/2016\/08\/00914167.jpg?resize=350%2C200&ssl=1 1x, https:\/\/i0.wp.com\/blogdoprosperi.com\/wp-content\/uploads\/2016\/08\/00914167.jpg?resize=525%2C300&ssl=1 1.5x, https:\/\/i0.wp.com\/blogdoprosperi.com\/wp-content\/uploads\/2016\/08\/00914167.jpg?resize=700%2C400&ssl=1 2x, https:\/\/i0.wp.com\/blogdoprosperi.com\/wp-content\/uploads\/2016\/08\/00914167.jpg?resize=1050%2C600&ssl=1 3x, https:\/\/i0.wp.com\/blogdoprosperi.com\/wp-content\/uploads\/2016\/08\/00914167.jpg?resize=1400%2C800&ssl=1 4x"},"classes":[]},{"id":33693,"url":"https:\/\/blogdoprosperi.com\/?p=33693","url_meta":{"origin":23522,"position":4},"title":"Gabigol no inferno, Gabriel Jesus no c\u00e9u","author":"Luiz Ant\u00f4nio Pr\u00f3speri","date":"7 de dezembro de 2016","format":false,"excerpt":"Gabriel Jesus se despediu do Palmeiras nesta quarta-feira (07\/12). Vai embora campe\u00e3o brasileiro e ao encontro de Pep Guardiola, um dos treinadores mais badalados do mundo, no Manchester City. Ao mesmo tempo do adeus do menino ao Palestra, na It\u00e1lia a imprensa noticia o prov\u00e1vel empr\u00e9stimo de Gabigol por parte\u2026","rel":"","context":"Em &quot;futebol&quot;","block_context":{"text":"futebol","link":"https:\/\/blogdoprosperi.com\/?cat=53870"},"img":{"alt_text":"","src":"https:\/\/i0.wp.com\/blogdoprosperi.com\/wp-content\/uploads\/2016\/12\/622_c3d4d4f5-d569-3c7a-930c-b9501e809a1b.jpg?resize=350%2C200&ssl=1","width":350,"height":200,"srcset":"https:\/\/i0.wp.com\/blogdoprosperi.com\/wp-content\/uploads\/2016\/12\/622_c3d4d4f5-d569-3c7a-930c-b9501e809a1b.jpg?resize=350%2C200&ssl=1 1x, https:\/\/i0.wp.com\/blogdoprosperi.com\/wp-content\/uploads\/2016\/12\/622_c3d4d4f5-d569-3c7a-930c-b9501e809a1b.jpg?resize=525%2C300&ssl=1 1.5x"},"classes":[]},{"id":18611,"url":"https:\/\/blogdoprosperi.com\/?p=18611","url_meta":{"origin":23522,"position":5},"title":"Palmeiras vende Gabriel Jesus ao Manchester City por R$ 124 milh\u00f5es","author":"Luiz Ant\u00f4nio Pr\u00f3speri","date":"3 de agosto de 2016","format":false,"excerpt":"Negocia\u00e7\u00e3o do jogador \u00e9 manchete em edi\u00e7\u00f5es matutinas desta quarta-feira na Inglaterra. Clube paulista esperava ceder sua pepita de ouro ao Barcelona antes de Guardiola entrar em a\u00e7\u00e3o. Vai levar cerca de R$ 80 milh\u00f5es na transa\u00e7\u00e3o Gabriel Jesus \u00e9 jogador do Manchester City no neg\u00f3cio de 34 milh\u00f5es de\u2026","rel":"","context":"Em &quot;Campeonato Brasileiro&quot;","block_context":{"text":"Campeonato Brasileiro","link":"https:\/\/blogdoprosperi.com\/?cat=355071"},"img":{"alt_text":"","src":"https:\/\/i0.wp.com\/blogdoprosperi.com\/wp-content\/uploads\/2016\/08\/img-20160802-wa0000.jpg?resize=350%2C200&ssl=1","width":350,"height":200,"srcset":"https:\/\/i0.wp.com\/blogdoprosperi.com\/wp-content\/uploads\/2016\/08\/img-20160802-wa0000.jpg?resize=350%2C200&ssl=1 1x, https:\/\/i0.wp.com\/blogdoprosperi.com\/wp-content\/uploads\/2016\/08\/img-20160802-wa0000.jpg?resize=525%2C300&ssl=1 1.5x, https:\/\/i0.wp.com\/blogdoprosperi.com\/wp-content\/uploads\/2016\/08\/img-20160802-wa0000.jpg?resize=700%2C400&ssl=1 2x"},"classes":[]}],"jetpack_featured_media_url":"","_links":{"self":[{"href":"https:\/\/blogdoprosperi.com\/index.php?rest_route=\/wp\/v2\/posts\/23522","targetHints":{"allow":["GET"]}}],"collection":[{"href":"https:\/\/blogdoprosperi.com\/index.php?rest_route=\/wp\/v2\/posts"}],"about":[{"href":"https:\/\/blogdoprosperi.com\/index.php?rest_route=\/wp\/v2\/types\/post"}],"author":[{"embeddable":true,"href":"https:\/\/blogdoprosperi.com\/index.php?rest_route=\/wp\/v2\/users\/102107496"}],"replies":[{"embeddable":true,"href":"https:\/\/blogdoprosperi.com\/index.php?rest_route=%2Fwp%2Fv2%2Fcomments&post=23522"}],"version-history":[{"count":25,"href":"https:\/\/blogdoprosperi.com\/index.php?rest_route=\/wp\/v2\/posts\/23522\/revisions"}],"predecessor-version":[{"id":23589,"href":"https:\/\/blogdoprosperi.com\/index.php?rest_route=\/wp\/v2\/posts\/23522\/revisions\/23589"}],"wp:attachment":[{"href":"https:\/\/blogdoprosperi.com\/index.php?rest_route=%2Fwp%2Fv2%2Fmedia&parent=23522"}],"wp:term":[{"taxonomy":"category","embeddable":true,"href":"https:\/\/blogdoprosperi.com\/index.php?rest_route=%2Fwp%2Fv2%2Fcategories&post=23522"},{"taxonomy":"post_tag","embeddable":true,"href":"https:\/\/blogdoprosperi.com\/index.php?rest_route=%2Fwp%2Fv2%2Ftags&post=23522"}],"curies":[{"name":"wp","href":"https:\/\/api.w.org\/{rel}","templated":true}]}}