{"id":2380,"date":"2016-04-24T22:37:17","date_gmt":"2016-04-24T22:37:17","guid":{"rendered":"https:\/\/blogdoprosperi.com\/?p=2380"},"modified":"2016-04-24T22:55:33","modified_gmt":"2016-04-24T22:55:33","slug":"santos-vai-a-final-com-vanderlei-em-tarde-de-fernando-prass","status":"publish","type":"post","link":"https:\/\/blogdoprosperi.com\/?p=2380","title":{"rendered":"Santos vai \u00e0 final com Vanderlei em tarde de Fernando Prass"},"content":{"rendered":"<figure id=\"attachment_2407\" aria-describedby=\"caption-attachment-2407\" style=\"width: 2300px\" class=\"wp-caption alignnone\"><img data-recalc-dims=\"1\" loading=\"lazy\" decoding=\"async\" data-attachment-id=\"2407\" data-permalink=\"https:\/\/blogdoprosperi.com\/?attachment_id=2407\" data-orig-file=\"https:\/\/i0.wp.com\/blogdoprosperi.com\/wp-content\/uploads\/2016\/04\/pro8.jpg?fit=2300%2C1533&amp;ssl=1\" data-orig-size=\"2300,1533\" data-comments-opened=\"1\" data-image-meta=\"{&quot;aperture&quot;:&quot;2.8&quot;,&quot;credit&quot;:&quot;ALEX SILVA&quot;,&quot;camera&quot;:&quot;Canon EOS-1D X&quot;,&quot;caption&quot;:&quot;&quot;,&quot;created_timestamp&quot;:&quot;1461521961&quot;,&quot;copyright&quot;:&quot;ALEX SILVA\/ESTADAO&quot;,&quot;focal_length&quot;:&quot;400&quot;,&quot;iso&quot;:&quot;5000&quot;,&quot;shutter_speed&quot;:&quot;0.00125&quot;,&quot;title&quot;:&quot;&quot;,&quot;orientation&quot;:&quot;1&quot;}\" data-image-title=\"PRO8\" data-image-description=\"\" data-image-caption=\"\" data-large-file=\"https:\/\/i0.wp.com\/blogdoprosperi.com\/wp-content\/uploads\/2016\/04\/pro8.jpg?fit=940%2C627&amp;ssl=1\" class=\"alignnone size-full wp-image-2407\" src=\"https:\/\/i0.wp.com\/blogdoprosperi.com\/wp-content\/uploads\/2016\/04\/pro8.jpg?resize=940%2C627&#038;ssl=1\" alt=\"PRO8\" width=\"940\" height=\"627\" \/><figcaption id=\"caption-attachment-2407\" class=\"wp-caption-text\">Vanderlei rouba a cena de Prass na decis\u00e3o por p\u00eanaltis<\/figcaption><\/figure>\n<h5>Dorival J\u00fanior vacila nos minutos finais e quase cai na Vila Belmiro na decis\u00e3o das semifinais contra o Palmeiras. Derrotado, Cuca promete enxugar o elenco no Brasileir\u00e3o-2016<\/h5>\n<p>Chegar \u00e0 oitava final seguida de Campeonato Paulista n\u00e3o \u00e9 para qualquer um. O Santos conseguiu essa fa\u00e7anha ao derrotar o Palmeiras na decis\u00e3o por p\u00eanaltis (3 a 2) neste domingo na Vila Belmiro &#8211; 2 a 2 nos 90 minutos. Vai brigar pelo t\u00edtulo contra o Audax.<\/p>\n<p>Antes de entrar no m\u00e9rito da classifica\u00e7\u00e3o, n\u00e3o custa alertar para o vacilo de Dorival J\u00fanior ao imaginar que o advers\u00e1rio estava morto, restando cinco minutos para o t\u00e9rmino do cl\u00e1ssico. Seu time vencia por 2 a 0. A torcida do Santos, \u00fanica na Vila por ordem pol\u00edtica, j\u00e1 gritava &#8220;eliminado&#8221;. Ent\u00e3o, Dorival sacou Gabriel, autor dos dois gols, e colocou um volante. E assistiu, complacente, seus jogadores tratarem os minutos finais com indol\u00eancia.<\/p>\n<p>Quando o Palmeiras empatou, com dois gols de Rafael Marques, aos 42 e 43 minutos, Dorival se desfigurou. Torcida e jogadores desabaram. A vantagem emocional mudou de lado. Na decis\u00e3o por p\u00eanaltis, o time de Cuca saiu na frente com Cleiton Xavier e o erro de Lucas Lima. Se Barrios tivesse convertido o segundo, a press\u00e3o seria ainda maior nas costas dos santistas, mas Barrios errou.<\/p>\n<p>Vanderlei defendeu o p\u00eanalti cobrado por Barrios, pegou o de Rafael Marques e ainda se vingou de Fernando Prass, que mandou a bola na trave saindo para fora na \u00faltima cobran\u00e7a do Palmeiras .<\/p>\n<figure id=\"attachment_2411\" aria-describedby=\"caption-attachment-2411\" style=\"width: 2300px\" class=\"wp-caption alignnone\"><img data-recalc-dims=\"1\" loading=\"lazy\" decoding=\"async\" data-attachment-id=\"2411\" data-permalink=\"https:\/\/blogdoprosperi.com\/?attachment_id=2411\" data-orig-file=\"https:\/\/i0.wp.com\/blogdoprosperi.com\/wp-content\/uploads\/2016\/04\/pro9-2.jpg?fit=2300%2C1533&amp;ssl=1\" data-orig-size=\"2300,1533\" data-comments-opened=\"1\" data-image-meta=\"{&quot;aperture&quot;:&quot;3.5&quot;,&quot;credit&quot;:&quot;ALEX SILVA&quot;,&quot;camera&quot;:&quot;Canon EOS-1D X&quot;,&quot;caption&quot;:&quot;&quot;,&quot;created_timestamp&quot;:&quot;1461520658&quot;,&quot;copyright&quot;:&quot;ALEX SILVA\/ESTADAO&quot;,&quot;focal_length&quot;:&quot;400&quot;,&quot;iso&quot;:&quot;3200&quot;,&quot;shutter_speed&quot;:&quot;0.0015625&quot;,&quot;title&quot;:&quot;&quot;,&quot;orientation&quot;:&quot;1&quot;}\" data-image-title=\"PRO9-2\" data-image-description=\"\" data-image-caption=\"\" data-large-file=\"https:\/\/i0.wp.com\/blogdoprosperi.com\/wp-content\/uploads\/2016\/04\/pro9-2.jpg?fit=940%2C627&amp;ssl=1\" class=\"alignnone size-full wp-image-2411\" src=\"https:\/\/i0.wp.com\/blogdoprosperi.com\/wp-content\/uploads\/2016\/04\/pro9-2.jpg?resize=940%2C627&#038;ssl=1\" alt=\"PRO9-2\" width=\"940\" height=\"627\" \/><figcaption id=\"caption-attachment-2411\" class=\"wp-caption-text\">Rafael Marques revira o cl\u00e1ssico com dois gols em dois minutos<\/figcaption><\/figure>\n<p>Dorival J\u00fanior disse que o Santos fez uma partida irrepreens\u00edvel. Garantiu que suas substitui\u00e7\u00f5es foram corretas e o cl\u00e1ssico estava sob controle&#8230; &#8220;Mas, \u00e9 futebol, gente! Pode acontecer de tudo. A nossa derrota seria uma injusti\u00e7a muito grande.&#8221;<\/p>\n<p>Foram explica\u00e7\u00f5es um tanto sem conte\u00fado para o grande risco que correu. Subestimou o advers\u00e1rio quando tinha de insistir na intensidade do seu time em cima do Palmeiras. Ao tirar Gabriel, perdeu tamb\u00e9m um cobrador de p\u00eanalti.<\/p>\n<figure id=\"attachment_2412\" aria-describedby=\"caption-attachment-2412\" style=\"width: 2300px\" class=\"wp-caption alignnone\"><img data-recalc-dims=\"1\" loading=\"lazy\" decoding=\"async\" data-attachment-id=\"2412\" data-permalink=\"https:\/\/blogdoprosperi.com\/?attachment_id=2412\" data-orig-file=\"https:\/\/i0.wp.com\/blogdoprosperi.com\/wp-content\/uploads\/2016\/04\/pro21.jpg?fit=2300%2C1534&amp;ssl=1\" data-orig-size=\"2300,1534\" data-comments-opened=\"1\" data-image-meta=\"{&quot;aperture&quot;:&quot;4&quot;,&quot;credit&quot;:&quot;ALEX SILVA&quot;,&quot;camera&quot;:&quot;Canon EOS-1D X&quot;,&quot;caption&quot;:&quot;&quot;,&quot;created_timestamp&quot;:&quot;1461516355&quot;,&quot;copyright&quot;:&quot;ALEX SILVA\/ESTADAO&quot;,&quot;focal_length&quot;:&quot;400&quot;,&quot;iso&quot;:&quot;400&quot;,&quot;shutter_speed&quot;:&quot;0.00125&quot;,&quot;title&quot;:&quot;&quot;,&quot;orientation&quot;:&quot;1&quot;}\" data-image-title=\"pro2\" data-image-description=\"\" data-image-caption=\"\" data-large-file=\"https:\/\/i0.wp.com\/blogdoprosperi.com\/wp-content\/uploads\/2016\/04\/pro21.jpg?fit=940%2C627&amp;ssl=1\" class=\"alignnone size-full wp-image-2412\" src=\"https:\/\/i0.wp.com\/blogdoprosperi.com\/wp-content\/uploads\/2016\/04\/pro21.jpg?resize=940%2C627&#038;ssl=1\" alt=\"pro2\" width=\"940\" height=\"627\" \/><figcaption id=\"caption-attachment-2412\" class=\"wp-caption-text\">Gabriel faz dois gols e sai substitu\u00eddo antes da hora por Dorival J\u00fanior<\/figcaption><\/figure>\n<p>Do lado do Palmeiras, Cuca demorou para tomar a decis\u00e3o na terceira substitui\u00e7\u00e3o com Barrios, de refer\u00eancia entre os zagueiros, por Gabriel Jesus, que tremeu na decis\u00e3o na Vila &#8211; perdeu um gol imperd\u00edvel.<\/p>\n<p>Cuca, a exemplo de Dorival, tamb\u00e9m disse que fez o que estava nas m\u00e3os. Desabafou apenas contra o quarto \u00e1rbitro pela sua expuls\u00e3o ao comemorar o segundo gol do Palmeiras. Disse que foi proibido de trabalhar com seus jogadores na decis\u00e3o por p\u00eanaltis.<\/p>\n<figure id=\"attachment_2417\" aria-describedby=\"caption-attachment-2417\" style=\"width: 2452px\" class=\"wp-caption alignnone\"><img data-recalc-dims=\"1\" loading=\"lazy\" decoding=\"async\" data-attachment-id=\"2417\" data-permalink=\"https:\/\/blogdoprosperi.com\/?attachment_id=2417\" data-orig-file=\"https:\/\/i0.wp.com\/blogdoprosperi.com\/wp-content\/uploads\/2016\/04\/pro-2.jpg?fit=2452%2C1634&amp;ssl=1\" data-orig-size=\"2452,1634\" data-comments-opened=\"1\" data-image-meta=\"{&quot;aperture&quot;:&quot;2.8&quot;,&quot;credit&quot;:&quot;ALEX SILVA&quot;,&quot;camera&quot;:&quot;Canon EOS-1D X&quot;,&quot;caption&quot;:&quot;&quot;,&quot;created_timestamp&quot;:&quot;1461514635&quot;,&quot;copyright&quot;:&quot;ALEX SILVA\/ESTADAO&quot;,&quot;focal_length&quot;:&quot;400&quot;,&quot;iso&quot;:&quot;250&quot;,&quot;shutter_speed&quot;:&quot;0.00125&quot;,&quot;title&quot;:&quot;&quot;,&quot;orientation&quot;:&quot;1&quot;}\" data-image-title=\"PRO-2\" data-image-description=\"\" data-image-caption=\"\" data-large-file=\"https:\/\/i0.wp.com\/blogdoprosperi.com\/wp-content\/uploads\/2016\/04\/pro-2.jpg?fit=940%2C626&amp;ssl=1\" class=\"alignnone size-full wp-image-2417\" src=\"https:\/\/i0.wp.com\/blogdoprosperi.com\/wp-content\/uploads\/2016\/04\/pro-2.jpg?resize=940%2C626&#038;ssl=1\" alt=\"PRO-2\" width=\"940\" height=\"626\" \/><figcaption id=\"caption-attachment-2417\" class=\"wp-caption-text\">Cuca promete enxugar o elenco e ser campe\u00e3o do Brasileir\u00e3o-2016<\/figcaption><\/figure>\n<p>O treinador do Palmeiras adiantou que vai enxugar um pouco o grupo de jogadores (39) e qualific\u00e1-lo para o Campeonato Brasileiro. &#8220;Agora sim vou ter tempo para armar o time do jeito que entendo seja o mais adequado. Vamos buscar o t\u00edtulo do Brasileiro&#8221;, avisou.<\/p>\n<p>Dorival J\u00fanior, por enquanto, vai cuidar da final do Paulist\u00e3o contra o invej\u00e1vel Audax. Ele sabe que pode perder pe\u00e7as importantes logo ap\u00f3s o Paulist\u00e3o. Lucas Lima, Gabriel e Zeca est\u00e3o na mira de grandes clubes europeus.<\/p>\n<p>&nbsp;<\/p>\n","protected":false},"excerpt":{"rendered":"<p>Dorival J\u00fanior vacila nos minutos finais e quase cai na Vila Belmiro na decis\u00e3o das semifinais contra o [&hellip;]<\/p>\n","protected":false},"author":102107496,"featured_media":0,"comment_status":"open","ping_status":"open","sticky":false,"template":"","format":"standard","meta":{"_coblocks_attr":"","_coblocks_dimensions":"","_coblocks_responsive_height":"","_coblocks_accordion_ie_support":"","_jetpack_newsletter_access":"","_jetpack_dont_email_post_to_subs":false,"_jetpack_newsletter_tier_id":0,"_jetpack_memberships_contains_paywalled_content":false,"_wpcom_ai_launchpad_first_post":false,"_jetpack_feature_clip_id":0,"_jetpack_memberships_contains_paid_content":false,"footnotes":"","jetpack_publicize_message":"","jetpack_publicize_feature_enabled":true,"jetpack_social_post_already_shared":false,"jetpack_social_options":{"image_generator_settings":{"template":"highway","default_image_id":0,"font":"","enabled":false},"version":2},"jetpack_post_was_ever_published":false},"categories":[53870],"tags":[84000,362595295,1058697,471113831,789560560,7202411,8328841,387179486,2588859,12961058],"class_list":["post-2380","post","type-post","status-publish","format-standard","hentry","category-futebol","tag-barrios","tag-brasileirao-2016","tag-campeonato-paulista","tag-cuca-palmeiras","tag-futebol","tag-lucas-lima","tag-palmeiras-clube","tag-paulistao-2016","tag-santos-fc","tag-santos-x-palmeiras"],"yoast_head":"<!-- This site is optimized with the Yoast SEO plugin v28.3 - https:\/\/yoast.com\/product\/yoast-seo-wordpress\/ -->\n<title>Santos vai \u00e0 final com Vanderlei em tarde de Fernando Prass - PR\u00d3SPERI NEWS<\/title>\n<meta name=\"robots\" content=\"index, follow, max-snippet:-1, max-image-preview:large, max-video-preview:-1\" \/>\n<link rel=\"canonical\" href=\"https:\/\/blogdoprosperi.com\/?p=2380\" \/>\n<meta property=\"og:locale\" content=\"pt_BR\" \/>\n<meta property=\"og:type\" content=\"article\" \/>\n<meta property=\"og:title\" content=\"Santos vai \u00e0 final com Vanderlei em tarde de Fernando Prass - PR\u00d3SPERI NEWS\" \/>\n<meta property=\"og:description\" content=\"Dorival J\u00fanior vacila nos minutos finais e quase cai na Vila Belmiro na decis\u00e3o das semifinais contra o [&hellip;]\" \/>\n<meta property=\"og:url\" content=\"https:\/\/blogdoprosperi.com\/?p=2380\" \/>\n<meta property=\"og:site_name\" content=\"PR\u00d3SPERI NEWS\" \/>\n<meta property=\"article:publisher\" content=\"Luiz Pr\u00f3speri\" \/>\n<meta property=\"article:author\" content=\"Luiz Pr\u00f3speri\" \/>\n<meta property=\"article:published_time\" content=\"2016-04-24T22:37:17+00:00\" \/>\n<meta property=\"article:modified_time\" content=\"2016-04-24T22:55:33+00:00\" \/>\n<meta property=\"og:image\" content=\"https:\/\/blogdoprosperi.com\/wp-content\/uploads\/2016\/04\/pro8.jpg\" \/>\n<meta name=\"author\" content=\"Luiz Ant\u00f4nio Pr\u00f3speri\" \/>\n<meta name=\"twitter:card\" content=\"summary_large_image\" \/>\n<meta name=\"twitter:creator\" content=\"@Luizprosperi\" \/>\n<meta name=\"twitter:site\" content=\"@Luizprosperi\" \/>\n<meta name=\"twitter:label1\" content=\"Escrito por\" \/>\n\t<meta name=\"twitter:data1\" content=\"Luiz Ant\u00f4nio Pr\u00f3speri\" \/>\n\t<meta name=\"twitter:label2\" content=\"Est. tempo de leitura\" \/>\n\t<meta name=\"twitter:data2\" content=\"3 minutos\" \/>\n<script type=\"application\/ld+json\" class=\"yoast-schema-graph\">{\"@context\":\"https:\\\/\\\/schema.org\",\"@graph\":[{\"@type\":\"Article\",\"@id\":\"https:\\\/\\\/blogdoprosperi.com\\\/?p=2380#article\",\"isPartOf\":{\"@id\":\"https:\\\/\\\/blogdoprosperi.com\\\/?p=2380\"},\"author\":{\"name\":\"Luiz Ant\u00f4nio Pr\u00f3speri\",\"@id\":\"https:\\\/\\\/blogdoprosperi.com\\\/#\\\/schema\\\/person\\\/38100755ce3601861ee4fab9b5aa78e9\"},\"headline\":\"Santos vai \u00e0 final com Vanderlei em tarde de Fernando Prass\",\"datePublished\":\"2016-04-24T22:37:17+00:00\",\"dateModified\":\"2016-04-24T22:55:33+00:00\",\"mainEntityOfPage\":{\"@id\":\"https:\\\/\\\/blogdoprosperi.com\\\/?p=2380\"},\"wordCount\":611,\"commentCount\":0,\"publisher\":{\"@id\":\"https:\\\/\\\/blogdoprosperi.com\\\/#\\\/schema\\\/person\\\/38100755ce3601861ee4fab9b5aa78e9\"},\"image\":{\"@id\":\"https:\\\/\\\/blogdoprosperi.com\\\/?p=2380#primaryimage\"},\"thumbnailUrl\":\"https:\\\/\\\/blogdoprosperi.com\\\/wp-content\\\/uploads\\\/2016\\\/04\\\/pro8.jpg\",\"keywords\":[\"Barrios\",\"Brasileir\u00e3o-2016\",\"Campeonato Paulista\",\"Cuca Palmeiras\",\"futebol\",\"Lucas Lima\",\"Palmeiras Clube\",\"Paulist\u00e3o 2016\",\"Santos FC\",\"Santos x Palmeiras\"],\"articleSection\":[\"futebol\"],\"inLanguage\":\"pt-BR\",\"potentialAction\":[{\"@type\":\"CommentAction\",\"name\":\"Comment\",\"target\":[\"https:\\\/\\\/blogdoprosperi.com\\\/?p=2380#respond\"]}]},{\"@type\":\"WebPage\",\"@id\":\"https:\\\/\\\/blogdoprosperi.com\\\/?p=2380\",\"url\":\"https:\\\/\\\/blogdoprosperi.com\\\/?p=2380\",\"name\":\"Santos vai \u00e0 final com Vanderlei em tarde de Fernando Prass - PR\u00d3SPERI NEWS\",\"isPartOf\":{\"@id\":\"https:\\\/\\\/blogdoprosperi.com\\\/#website\"},\"primaryImageOfPage\":{\"@id\":\"https:\\\/\\\/blogdoprosperi.com\\\/?p=2380#primaryimage\"},\"image\":{\"@id\":\"https:\\\/\\\/blogdoprosperi.com\\\/?p=2380#primaryimage\"},\"thumbnailUrl\":\"https:\\\/\\\/blogdoprosperi.com\\\/wp-content\\\/uploads\\\/2016\\\/04\\\/pro8.jpg\",\"datePublished\":\"2016-04-24T22:37:17+00:00\",\"dateModified\":\"2016-04-24T22:55:33+00:00\",\"breadcrumb\":{\"@id\":\"https:\\\/\\\/blogdoprosperi.com\\\/?p=2380#breadcrumb\"},\"inLanguage\":\"pt-BR\",\"potentialAction\":[{\"@type\":\"ReadAction\",\"target\":[\"https:\\\/\\\/blogdoprosperi.com\\\/?p=2380\"]}]},{\"@type\":\"ImageObject\",\"inLanguage\":\"pt-BR\",\"@id\":\"https:\\\/\\\/blogdoprosperi.com\\\/?p=2380#primaryimage\",\"url\":\"https:\\\/\\\/i0.wp.com\\\/blogdoprosperi.com\\\/wp-content\\\/uploads\\\/2016\\\/04\\\/pro8.jpg?fit=2300%2C1533&ssl=1\",\"contentUrl\":\"https:\\\/\\\/i0.wp.com\\\/blogdoprosperi.com\\\/wp-content\\\/uploads\\\/2016\\\/04\\\/pro8.jpg?fit=2300%2C1533&ssl=1\",\"width\":2300,\"height\":1533},{\"@type\":\"BreadcrumbList\",\"@id\":\"https:\\\/\\\/blogdoprosperi.com\\\/?p=2380#breadcrumb\",\"itemListElement\":[{\"@type\":\"ListItem\",\"position\":1,\"name\":\"In\u00edcio\",\"item\":\"https:\\\/\\\/blogdoprosperi.com\\\/\"},{\"@type\":\"ListItem\",\"position\":2,\"name\":\"Santos vai \u00e0 final com Vanderlei em tarde de Fernando Prass\"}]},{\"@type\":\"WebSite\",\"@id\":\"https:\\\/\\\/blogdoprosperi.com\\\/#website\",\"url\":\"https:\\\/\\\/blogdoprosperi.com\\\/\",\"name\":\"PR\u00d3SPERI NEWS\",\"description\":\"TUDO \u00c9  FUTEBOL\",\"publisher\":{\"@id\":\"https:\\\/\\\/blogdoprosperi.com\\\/#\\\/schema\\\/person\\\/38100755ce3601861ee4fab9b5aa78e9\"},\"alternateName\":\"blogdoprosperi.com\",\"potentialAction\":[{\"@type\":\"SearchAction\",\"target\":{\"@type\":\"EntryPoint\",\"urlTemplate\":\"https:\\\/\\\/blogdoprosperi.com\\\/?s={search_term_string}\"},\"query-input\":{\"@type\":\"PropertyValueSpecification\",\"valueRequired\":true,\"valueName\":\"search_term_string\"}}],\"inLanguage\":\"pt-BR\"},{\"@type\":[\"Person\",\"Organization\"],\"@id\":\"https:\\\/\\\/blogdoprosperi.com\\\/#\\\/schema\\\/person\\\/38100755ce3601861ee4fab9b5aa78e9\",\"name\":\"Luiz Ant\u00f4nio Pr\u00f3speri\",\"pronouns\":\"ele\",\"image\":{\"@type\":\"ImageObject\",\"inLanguage\":\"pt-BR\",\"@id\":\"https:\\\/\\\/i0.wp.com\\\/blogdoprosperi.com\\\/wp-content\\\/uploads\\\/2026\\\/05\\\/cropped-8059e613-6002-42fa-961e-8e275f575d71-2-5.jpg?fit=1360%2C931&ssl=1\",\"url\":\"https:\\\/\\\/i0.wp.com\\\/blogdoprosperi.com\\\/wp-content\\\/uploads\\\/2026\\\/05\\\/cropped-8059e613-6002-42fa-961e-8e275f575d71-2-5.jpg?fit=1360%2C931&ssl=1\",\"contentUrl\":\"https:\\\/\\\/i0.wp.com\\\/blogdoprosperi.com\\\/wp-content\\\/uploads\\\/2026\\\/05\\\/cropped-8059e613-6002-42fa-961e-8e275f575d71-2-5.jpg?fit=1360%2C931&ssl=1\",\"width\":1360,\"height\":931,\"caption\":\"Luiz Ant\u00f4nio Pr\u00f3speri\"},\"logo\":{\"@id\":\"https:\\\/\\\/i0.wp.com\\\/blogdoprosperi.com\\\/wp-content\\\/uploads\\\/2026\\\/05\\\/cropped-8059e613-6002-42fa-961e-8e275f575d71-2-5.jpg?fit=1360%2C931&ssl=1\"},\"description\":\"Jornalista com carreira dedicada ao esporte. Cobriu 9 Copas do Mundo in loco, 1990 na It\u00e1lia, 1994 nos EUA, 1998 na Fran\u00e7a, 2002 na Coreia do Sul e Jap\u00e3o, 2006 na Alemanha, 2010 na \u00c1frica do Sul, 2014 no Brasil, 2018 na R\u00fassia e 2022 no Qatar. Eurocopas, 1992 na Su\u00e9cia e 1996 na Inglaterra. Copa das Confedera\u00e7\u00f5es de 2005 na Alemanha e 2009 na \u00c1frica do Sul. Rep\u00f3rter e Editor, trabalhou no Jornal da Tarde e Estad\u00e3o, de 1984 a fevereiro de 2016. Colunista, blogueiro. E comentarista de futebol na R\u00e1dio Estad\u00e3o, de 2013 a fevereiro de 2016. Jornalista respons\u00e1vel do \\\"Pr\u00f3speri News\\\" (blogdoprosperi.com).\",\"sameAs\":[\"http:\\\/\\\/blogdoprosperi.com\",\"Luiz Pr\u00f3speri\",\"@luiz_prosperi\",\"https:\\\/\\\/x.com\\\/Luizprosperi\",\"@prosperinacopa\",\"luiz.prosperi@icloud.com\"],\"url\":\"https:\\\/\\\/blogdoprosperi.com\\\/?author=102107496\"}]}<\/script>\n<!-- \/ Yoast SEO plugin. -->","yoast_head_json":{"title":"Santos vai \u00e0 final com Vanderlei em tarde de Fernando Prass - PR\u00d3SPERI NEWS","robots":{"index":"index","follow":"follow","max-snippet":"max-snippet:-1","max-image-preview":"max-image-preview:large","max-video-preview":"max-video-preview:-1"},"canonical":"https:\/\/blogdoprosperi.com\/?p=2380","og_locale":"pt_BR","og_type":"article","og_title":"Santos vai \u00e0 final com Vanderlei em tarde de Fernando Prass - PR\u00d3SPERI NEWS","og_description":"Dorival J\u00fanior vacila nos minutos finais e quase cai na Vila Belmiro na decis\u00e3o das semifinais contra o [&hellip;]","og_url":"https:\/\/blogdoprosperi.com\/?p=2380","og_site_name":"PR\u00d3SPERI NEWS","article_publisher":"Luiz Pr\u00f3speri","article_author":"Luiz Pr\u00f3speri","article_published_time":"2016-04-24T22:37:17+00:00","article_modified_time":"2016-04-24T22:55:33+00:00","og_image":[{"url":"https:\/\/blogdoprosperi.com\/wp-content\/uploads\/2016\/04\/pro8.jpg","type":"","width":"","height":""}],"author":"Luiz Ant\u00f4nio Pr\u00f3speri","twitter_card":"summary_large_image","twitter_creator":"@Luizprosperi","twitter_site":"@Luizprosperi","twitter_misc":{"Escrito por":"Luiz Ant\u00f4nio Pr\u00f3speri","Est. tempo de leitura":"3 minutos"},"schema":{"@context":"https:\/\/schema.org","@graph":[{"@type":"Article","@id":"https:\/\/blogdoprosperi.com\/?p=2380#article","isPartOf":{"@id":"https:\/\/blogdoprosperi.com\/?p=2380"},"author":{"name":"Luiz Ant\u00f4nio Pr\u00f3speri","@id":"https:\/\/blogdoprosperi.com\/#\/schema\/person\/38100755ce3601861ee4fab9b5aa78e9"},"headline":"Santos vai \u00e0 final com Vanderlei em tarde de Fernando Prass","datePublished":"2016-04-24T22:37:17+00:00","dateModified":"2016-04-24T22:55:33+00:00","mainEntityOfPage":{"@id":"https:\/\/blogdoprosperi.com\/?p=2380"},"wordCount":611,"commentCount":0,"publisher":{"@id":"https:\/\/blogdoprosperi.com\/#\/schema\/person\/38100755ce3601861ee4fab9b5aa78e9"},"image":{"@id":"https:\/\/blogdoprosperi.com\/?p=2380#primaryimage"},"thumbnailUrl":"https:\/\/blogdoprosperi.com\/wp-content\/uploads\/2016\/04\/pro8.jpg","keywords":["Barrios","Brasileir\u00e3o-2016","Campeonato Paulista","Cuca Palmeiras","futebol","Lucas Lima","Palmeiras Clube","Paulist\u00e3o 2016","Santos FC","Santos x Palmeiras"],"articleSection":["futebol"],"inLanguage":"pt-BR","potentialAction":[{"@type":"CommentAction","name":"Comment","target":["https:\/\/blogdoprosperi.com\/?p=2380#respond"]}]},{"@type":"WebPage","@id":"https:\/\/blogdoprosperi.com\/?p=2380","url":"https:\/\/blogdoprosperi.com\/?p=2380","name":"Santos vai \u00e0 final com Vanderlei em tarde de Fernando Prass - PR\u00d3SPERI NEWS","isPartOf":{"@id":"https:\/\/blogdoprosperi.com\/#website"},"primaryImageOfPage":{"@id":"https:\/\/blogdoprosperi.com\/?p=2380#primaryimage"},"image":{"@id":"https:\/\/blogdoprosperi.com\/?p=2380#primaryimage"},"thumbnailUrl":"https:\/\/blogdoprosperi.com\/wp-content\/uploads\/2016\/04\/pro8.jpg","datePublished":"2016-04-24T22:37:17+00:00","dateModified":"2016-04-24T22:55:33+00:00","breadcrumb":{"@id":"https:\/\/blogdoprosperi.com\/?p=2380#breadcrumb"},"inLanguage":"pt-BR","potentialAction":[{"@type":"ReadAction","target":["https:\/\/blogdoprosperi.com\/?p=2380"]}]},{"@type":"ImageObject","inLanguage":"pt-BR","@id":"https:\/\/blogdoprosperi.com\/?p=2380#primaryimage","url":"https:\/\/i0.wp.com\/blogdoprosperi.com\/wp-content\/uploads\/2016\/04\/pro8.jpg?fit=2300%2C1533&ssl=1","contentUrl":"https:\/\/i0.wp.com\/blogdoprosperi.com\/wp-content\/uploads\/2016\/04\/pro8.jpg?fit=2300%2C1533&ssl=1","width":2300,"height":1533},{"@type":"BreadcrumbList","@id":"https:\/\/blogdoprosperi.com\/?p=2380#breadcrumb","itemListElement":[{"@type":"ListItem","position":1,"name":"In\u00edcio","item":"https:\/\/blogdoprosperi.com\/"},{"@type":"ListItem","position":2,"name":"Santos vai \u00e0 final com Vanderlei em tarde de Fernando Prass"}]},{"@type":"WebSite","@id":"https:\/\/blogdoprosperi.com\/#website","url":"https:\/\/blogdoprosperi.com\/","name":"PR\u00d3SPERI NEWS","description":"TUDO \u00c9  FUTEBOL","publisher":{"@id":"https:\/\/blogdoprosperi.com\/#\/schema\/person\/38100755ce3601861ee4fab9b5aa78e9"},"alternateName":"blogdoprosperi.com","potentialAction":[{"@type":"SearchAction","target":{"@type":"EntryPoint","urlTemplate":"https:\/\/blogdoprosperi.com\/?s={search_term_string}"},"query-input":{"@type":"PropertyValueSpecification","valueRequired":true,"valueName":"search_term_string"}}],"inLanguage":"pt-BR"},{"@type":["Person","Organization"],"@id":"https:\/\/blogdoprosperi.com\/#\/schema\/person\/38100755ce3601861ee4fab9b5aa78e9","name":"Luiz Ant\u00f4nio Pr\u00f3speri","pronouns":"ele","image":{"@type":"ImageObject","inLanguage":"pt-BR","@id":"https:\/\/i0.wp.com\/blogdoprosperi.com\/wp-content\/uploads\/2026\/05\/cropped-8059e613-6002-42fa-961e-8e275f575d71-2-5.jpg?fit=1360%2C931&ssl=1","url":"https:\/\/i0.wp.com\/blogdoprosperi.com\/wp-content\/uploads\/2026\/05\/cropped-8059e613-6002-42fa-961e-8e275f575d71-2-5.jpg?fit=1360%2C931&ssl=1","contentUrl":"https:\/\/i0.wp.com\/blogdoprosperi.com\/wp-content\/uploads\/2026\/05\/cropped-8059e613-6002-42fa-961e-8e275f575d71-2-5.jpg?fit=1360%2C931&ssl=1","width":1360,"height":931,"caption":"Luiz Ant\u00f4nio Pr\u00f3speri"},"logo":{"@id":"https:\/\/i0.wp.com\/blogdoprosperi.com\/wp-content\/uploads\/2026\/05\/cropped-8059e613-6002-42fa-961e-8e275f575d71-2-5.jpg?fit=1360%2C931&ssl=1"},"description":"Jornalista com carreira dedicada ao esporte. Cobriu 9 Copas do Mundo in loco, 1990 na It\u00e1lia, 1994 nos EUA, 1998 na Fran\u00e7a, 2002 na Coreia do Sul e Jap\u00e3o, 2006 na Alemanha, 2010 na \u00c1frica do Sul, 2014 no Brasil, 2018 na R\u00fassia e 2022 no Qatar. Eurocopas, 1992 na Su\u00e9cia e 1996 na Inglaterra. Copa das Confedera\u00e7\u00f5es de 2005 na Alemanha e 2009 na \u00c1frica do Sul. Rep\u00f3rter e Editor, trabalhou no Jornal da Tarde e Estad\u00e3o, de 1984 a fevereiro de 2016. Colunista, blogueiro. E comentarista de futebol na R\u00e1dio Estad\u00e3o, de 2013 a fevereiro de 2016. Jornalista respons\u00e1vel do \"Pr\u00f3speri News\" (blogdoprosperi.com).","sameAs":["http:\/\/blogdoprosperi.com","Luiz Pr\u00f3speri","@luiz_prosperi","https:\/\/x.com\/Luizprosperi","@prosperinacopa","luiz.prosperi@icloud.com"],"url":"https:\/\/blogdoprosperi.com\/?author=102107496"}]}},"jetpack_publicize_connections":[],"jetpack_likes_enabled":false,"jetpack_sharing_enabled":true,"jetpack_shortlink":"https:\/\/wp.me\/p7jvdk-Co","jetpack-related-posts":[{"id":1705,"url":"https:\/\/blogdoprosperi.com\/?p=1705","url_meta":{"origin":2380,"position":0},"title":"Jogos decisivos do Paulist\u00e3o 2016 ter\u00e3o torcida \u00fanica","author":"Luiz Ant\u00f4nio Pr\u00f3speri","date":"19 de abril de 2016","format":false,"excerpt":"\u00a0 Paulo Nobre, presidente do Palmeiras, foi um dos primeiros a defender a ordem autorit\u00e1ria da Secretaria de Seguran\u00e7a P\u00fablica de S\u00e3o Paulo (SSPSP) de estabelecer a presen\u00e7a torcida \u00fanica nos cl\u00e1ssicos em S\u00e3o Paulo. Cuca n\u00e3o concorda. O treinador sabe que se o seu time avan\u00e7ar \u00e0 final contra\u2026","rel":"","context":"Em &quot;futebol&quot;","block_context":{"text":"futebol","link":"https:\/\/blogdoprosperi.com\/?cat=53870"},"img":{"alt_text":"","src":"https:\/\/i0.wp.com\/blogdoprosperi.com\/wp-content\/uploads\/2016\/04\/rib3898.jpg?resize=350%2C200&ssl=1","width":350,"height":200,"srcset":"https:\/\/i0.wp.com\/blogdoprosperi.com\/wp-content\/uploads\/2016\/04\/rib3898.jpg?resize=350%2C200&ssl=1 1x, https:\/\/i0.wp.com\/blogdoprosperi.com\/wp-content\/uploads\/2016\/04\/rib3898.jpg?resize=525%2C300&ssl=1 1.5x"},"classes":[]},{"id":2900,"url":"https:\/\/blogdoprosperi.com\/?p=2900","url_meta":{"origin":2380,"position":1},"title":"Santos n\u00e3o \u00e9 favorito na Vila e vai sofrer diante do Audax","author":"Luiz Ant\u00f4nio Pr\u00f3speri","date":"1 de maio de 2016","format":false,"excerpt":"\u00a0 O Santos n\u00e3o \u00e9 favorito contra o Audax no jogo de volta da final do Paulist\u00e3o 2016, no pr\u00f3ximo domingo, na Vila Belmiro. Imbat\u00edvel na sua casa h\u00e1 um bom tempo, o time de Dorival J\u00fanior sabe que o advers\u00e1rio n\u00e3o \u00e9 de se intimidar contra os grandes. Nem\u2026","rel":"","context":"Em &quot;futebol&quot;","block_context":{"text":"futebol","link":"https:\/\/blogdoprosperi.com\/?cat=53870"},"img":{"alt_text":"","src":"https:\/\/i0.wp.com\/blogdoprosperi.com\/wp-content\/uploads\/2016\/05\/pro5-7.jpg?resize=350%2C200&ssl=1","width":350,"height":200,"srcset":"https:\/\/i0.wp.com\/blogdoprosperi.com\/wp-content\/uploads\/2016\/05\/pro5-7.jpg?resize=350%2C200&ssl=1 1x, https:\/\/i0.wp.com\/blogdoprosperi.com\/wp-content\/uploads\/2016\/05\/pro5-7.jpg?resize=525%2C300&ssl=1 1.5x, https:\/\/i0.wp.com\/blogdoprosperi.com\/wp-content\/uploads\/2016\/05\/pro5-7.jpg?resize=700%2C400&ssl=1 2x, https:\/\/i0.wp.com\/blogdoprosperi.com\/wp-content\/uploads\/2016\/05\/pro5-7.jpg?resize=1050%2C600&ssl=1 3x, https:\/\/i0.wp.com\/blogdoprosperi.com\/wp-content\/uploads\/2016\/05\/pro5-7.jpg?resize=1400%2C800&ssl=1 4x"},"classes":[]},{"id":30191,"url":"https:\/\/blogdoprosperi.com\/?p=30191","url_meta":{"origin":2380,"position":2},"title":"Palmeiras joga de olho no empate e paga caro com derrota na Vila Belmiro","author":"Luiz Ant\u00f4nio Pr\u00f3speri","date":"29 de outubro de 2016","format":false,"excerpt":"Palmeiras perdeu uma grande chance de abrir oito pontos de frente ao segundo colocado Flamengo. Diante de um Santos pouco inspirado, mas eficiente, o l\u00edder sofreu a derrota por 1 a 0 na Vila Belmiro. A diferen\u00e7a, que era de seis pontos, caiu para cinco, agora a cinco rodadas do\u2026","rel":"","context":"Em &quot;Campeonato Brasileiro&quot;","block_context":{"text":"Campeonato Brasileiro","link":"https:\/\/blogdoprosperi.com\/?cat=355071"},"img":{"alt_text":"","src":"https:\/\/i0.wp.com\/blogdoprosperi.com\/wp-content\/uploads\/2016\/10\/pro3-22.jpg?resize=350%2C200","width":350,"height":200,"srcset":"https:\/\/i0.wp.com\/blogdoprosperi.com\/wp-content\/uploads\/2016\/10\/pro3-22.jpg?resize=350%2C200 1x, https:\/\/i0.wp.com\/blogdoprosperi.com\/wp-content\/uploads\/2016\/10\/pro3-22.jpg?resize=525%2C300 1.5x, https:\/\/i0.wp.com\/blogdoprosperi.com\/wp-content\/uploads\/2016\/10\/pro3-22.jpg?resize=700%2C400 2x, https:\/\/i0.wp.com\/blogdoprosperi.com\/wp-content\/uploads\/2016\/10\/pro3-22.jpg?resize=1050%2C600 3x, https:\/\/i0.wp.com\/blogdoprosperi.com\/wp-content\/uploads\/2016\/10\/pro3-22.jpg?resize=1400%2C800 4x"},"classes":[]},{"id":4492,"url":"https:\/\/blogdoprosperi.com\/?p=4492","url_meta":{"origin":2380,"position":3},"title":"Santos estende seu reinado no futebol paulista e o corajoso Audax vai virar p\u00f3","author":"Luiz Ant\u00f4nio Pr\u00f3speri","date":"8 de maio de 2016","format":false,"excerpt":"O Santos chegou ao seu 22.\u00ba t\u00edtulo paulista jogando como um time pequeno contra o modesto, mas corajoso, Osasco Audax ao vencer por 1 a 0 na Vila Belmiro neste domingo. Diante de um advers\u00e1rio que gosta de grudar a bola no p\u00e9, jogou na retranca desde os 25 minutos\u2026","rel":"","context":"Em &quot;futebol&quot;","block_context":{"text":"futebol","link":"https:\/\/blogdoprosperi.com\/?cat=53870"},"img":{"alt_text":"","src":"https:\/\/i0.wp.com\/blogdoprosperi.com\/wp-content\/uploads\/2016\/05\/gol_ricardo_oliveira_santos_audax.jpg?resize=350%2C200&ssl=1","width":350,"height":200,"srcset":"https:\/\/i0.wp.com\/blogdoprosperi.com\/wp-content\/uploads\/2016\/05\/gol_ricardo_oliveira_santos_audax.jpg?resize=350%2C200&ssl=1 1x, https:\/\/i0.wp.com\/blogdoprosperi.com\/wp-content\/uploads\/2016\/05\/gol_ricardo_oliveira_santos_audax.jpg?resize=525%2C300&ssl=1 1.5x"},"classes":[]},{"id":18301,"url":"https:\/\/blogdoprosperi.com\/?p=18301","url_meta":{"origin":2380,"position":4},"title":"Santos supera Cruzeiro e seu treinador credencia time na corrida pelo t\u00edtulo","author":"Luiz Ant\u00f4nio Pr\u00f3speri","date":"31 de julho de 2016","format":false,"excerpt":"Dorival J\u00fanior projeta o Santos na briga pelo t\u00edtulo do Campeonato Brasileiro se n\u00e3o perder seus principais jogadores na janela de transfer\u00eancia, com fechamento no dia 30 de agosto. O treinador admitiu essa possibilidade logo ap\u00f3s a vit\u00f3ria do seu time diante do Cruzeiro por 2 a 0 neste domingo\u2026","rel":"","context":"Em &quot;Campeonato Brasileiro&quot;","block_context":{"text":"Campeonato Brasileiro","link":"https:\/\/blogdoprosperi.com\/?cat=355071"},"img":{"alt_text":"","src":"https:\/\/i0.wp.com\/blogdoprosperi.com\/wp-content\/uploads\/2016\/07\/santos-x-cruzeiro_fxzs9qlo0f721aa57xtfhbmga.jpg?resize=350%2C200&ssl=1","width":350,"height":200,"srcset":"https:\/\/i0.wp.com\/blogdoprosperi.com\/wp-content\/uploads\/2016\/07\/santos-x-cruzeiro_fxzs9qlo0f721aa57xtfhbmga.jpg?resize=350%2C200&ssl=1 1x, https:\/\/i0.wp.com\/blogdoprosperi.com\/wp-content\/uploads\/2016\/07\/santos-x-cruzeiro_fxzs9qlo0f721aa57xtfhbmga.jpg?resize=525%2C300&ssl=1 1.5x"},"classes":[]},{"id":1646,"url":"https:\/\/blogdoprosperi.com\/?p=1646","url_meta":{"origin":2380,"position":5},"title":"Palmeiras avan\u00e7a no Paulist\u00e3o e volta a desafiar o Santos na Vila","author":"Luiz Ant\u00f4nio Pr\u00f3speri","date":"19 de abril de 2016","format":false,"excerpt":"\u00a0 O Palmeiras tem um novo encontro marcado com o Santos, advers\u00e1rio derrotado na decis\u00e3o da Copa do Brasil de 2015. Desta vez vale vaga \u00e0 final do Paulist\u00e3o. \u00c9 jogo de sair fa\u00edsca, tamanha rivalidade acentuada nos \u00faltimos cl\u00e1ssicos. Para encarar o Santos, o time de Cuca teve de\u2026","rel":"","context":"Em &quot;futebol&quot;","block_context":{"text":"futebol","link":"https:\/\/blogdoprosperi.com\/?cat=53870"},"img":{"alt_text":"","src":"https:\/\/i0.wp.com\/blogdoprosperi.com\/wp-content\/uploads\/2016\/04\/pro5.jpg?resize=350%2C200&ssl=1","width":350,"height":200,"srcset":"https:\/\/i0.wp.com\/blogdoprosperi.com\/wp-content\/uploads\/2016\/04\/pro5.jpg?resize=350%2C200&ssl=1 1x, https:\/\/i0.wp.com\/blogdoprosperi.com\/wp-content\/uploads\/2016\/04\/pro5.jpg?resize=525%2C300&ssl=1 1.5x, https:\/\/i0.wp.com\/blogdoprosperi.com\/wp-content\/uploads\/2016\/04\/pro5.jpg?resize=700%2C400&ssl=1 2x, https:\/\/i0.wp.com\/blogdoprosperi.com\/wp-content\/uploads\/2016\/04\/pro5.jpg?resize=1050%2C600&ssl=1 3x, https:\/\/i0.wp.com\/blogdoprosperi.com\/wp-content\/uploads\/2016\/04\/pro5.jpg?resize=1400%2C800&ssl=1 4x"},"classes":[]}],"jetpack_featured_media_url":"","_links":{"self":[{"href":"https:\/\/blogdoprosperi.com\/index.php?rest_route=\/wp\/v2\/posts\/2380","targetHints":{"allow":["GET"]}}],"collection":[{"href":"https:\/\/blogdoprosperi.com\/index.php?rest_route=\/wp\/v2\/posts"}],"about":[{"href":"https:\/\/blogdoprosperi.com\/index.php?rest_route=\/wp\/v2\/types\/post"}],"author":[{"embeddable":true,"href":"https:\/\/blogdoprosperi.com\/index.php?rest_route=\/wp\/v2\/users\/102107496"}],"replies":[{"embeddable":true,"href":"https:\/\/blogdoprosperi.com\/index.php?rest_route=%2Fwp%2Fv2%2Fcomments&post=2380"}],"version-history":[{"count":25,"href":"https:\/\/blogdoprosperi.com\/index.php?rest_route=\/wp\/v2\/posts\/2380\/revisions"}],"predecessor-version":[{"id":2449,"href":"https:\/\/blogdoprosperi.com\/index.php?rest_route=\/wp\/v2\/posts\/2380\/revisions\/2449"}],"wp:attachment":[{"href":"https:\/\/blogdoprosperi.com\/index.php?rest_route=%2Fwp%2Fv2%2Fmedia&parent=2380"}],"wp:term":[{"taxonomy":"category","embeddable":true,"href":"https:\/\/blogdoprosperi.com\/index.php?rest_route=%2Fwp%2Fv2%2Fcategories&post=2380"},{"taxonomy":"post_tag","embeddable":true,"href":"https:\/\/blogdoprosperi.com\/index.php?rest_route=%2Fwp%2Fv2%2Ftags&post=2380"}],"curies":[{"name":"wp","href":"https:\/\/api.w.org\/{rel}","templated":true}]}}