{"id":23888,"date":"2016-09-01T15:55:31","date_gmt":"2016-09-01T18:55:31","guid":{"rendered":"http:\/\/blogdoprosperi.com\/?p=23888"},"modified":"2016-09-01T17:51:36","modified_gmt":"2016-09-01T20:51:36","slug":"stjd-pune-palmeiras-e-flamengo-por-briga-de-torcidas-organizadas-e-pode-prejudicar-dois-times-na-disputa-do-titulo","status":"publish","type":"post","link":"https:\/\/blogdoprosperi.com\/?p=23888","title":{"rendered":"STJD pune Palmeiras, Flamengo, organizadas e torcedores consumidores de ingressos mais baratos"},"content":{"rendered":"<p><span class=\"alignnone\"><img data-recalc-dims=\"1\" loading=\"lazy\" decoding=\"async\" data-attachment-id=\"23963\" data-permalink=\"https:\/\/blogdoprosperi.com\/?attachment_id=23963\" data-orig-file=\"https:\/\/i0.wp.com\/blogdoprosperi.com\/wp-content\/uploads\/2016\/09\/622_42ff1e5b-ab8e-361b-b322-3554f01540c4.jpg?fit=622%2C350&amp;ssl=1\" data-orig-size=\"622,350\" data-comments-opened=\"1\" data-image-meta=\"{&quot;aperture&quot;:&quot;0&quot;,&quot;credit&quot;:&quot;&quot;,&quot;camera&quot;:&quot;&quot;,&quot;caption&quot;:&quot;&quot;,&quot;created_timestamp&quot;:&quot;0&quot;,&quot;copyright&quot;:&quot;&quot;,&quot;focal_length&quot;:&quot;0&quot;,&quot;iso&quot;:&quot;0&quot;,&quot;shutter_speed&quot;:&quot;0&quot;,&quot;title&quot;:&quot;&quot;,&quot;orientation&quot;:&quot;0&quot;}\" data-image-title=\"622_42ff1e5b-ab8e-361b-b322-3554f01540c4\" data-image-description=\"\" data-image-caption=\"\" data-large-file=\"https:\/\/i0.wp.com\/blogdoprosperi.com\/wp-content\/uploads\/2016\/09\/622_42ff1e5b-ab8e-361b-b322-3554f01540c4.jpg?fit=622%2C350&amp;ssl=1\" class=\"alignnone size-full wp-image-23963\" src=\"https:\/\/i0.wp.com\/blogdoprosperi.com\/wp-content\/uploads\/2016\/09\/622_42ff1e5b-ab8e-361b-b322-3554f01540c4.jpg?resize=622%2C350&#038;ssl=1\" alt=\"622_42ff1e5b-ab8e-361b-b322-3554f01540c4\" width=\"622\" height=\"350\" \/><\/span><\/p>\n<p>STJD pune torcidas organizadas de Palmeiras e Flamengo com penas in\u00e9ditas e pode prejudicar os dois clubes na corrida do t\u00edtulo do Campeonato Brasileiro. Por decis\u00e3o do tribunal, as medidas come\u00e7am a vigorar no dia 14 deste m\u00eas, data do jogo entre Palmeiras e \u00a0Flamengo no Allianz Parque.<!--more--><\/p>\n<p>Sem poder vender ingressos de parte (Gol Norte) de seu est\u00e1dio, o Palmeiras ter\u00e1 preju\u00edzo financeiro e t\u00e9cnico. Neste setor da arena, os ingressos praticados s\u00e3o os mais baratos.<\/p>\n<p>Para se ter uma ideia desse problema, Cuca disse nesta quarta-feira, ap\u00f3s a vit\u00f3ria contra o Botafogo-PB pela Copa do Brasil, que as t<a href=\"http:\/\/blogdoprosperi.com\/2016\/06\/30\/ministerio-publico-ameaca-vetar-reduto-de-palmeirenses-ao-arredor-do-allianz-parque\/\">orcidas organizadas empurram seu time o tempo inteiro no Allianz Parque<\/a>. E ressaltou a diferen\u00e7a do comportamento dos torcedores comuns que costumam ocupar setores da arena localizados na parte superior ao banco de reservas e do t\u00fanel de acesso dos jogadores ao campo de jogo.<\/p>\n<p>Veja o que Cuca disse:<\/p>\n<blockquote><p>&#8220;\u00c9 l\u00f3gico que repercute (vaias da torcida). A organizada, que a gente sempre mete o pau e fala mal, puxa at\u00e9 o fim cantando, na boa, na ruim, perdendo. Puxa at\u00e9 o fim. Esses est\u00e3o de parab\u00e9ns. Atr\u00e1s do banco aqui, p\u00f4, os caras vaiarem um time que est\u00e1 dando tudo o que est\u00e1 dando para eles neste ano&#8230; Eles deveriam ter vergonha de fazer isso. Vaiando um produto dele porque jogou mal um tempo. Que absurdo! Eles deveriam colocar a m\u00e3o na cabe\u00e7a e ver o momento que eles vivem. \u00c9 uma minoria, n\u00e3o sei por que fazem isso.&#8221;<\/p><\/blockquote>\n<p><span class=\"alignnone\"><img data-recalc-dims=\"1\" loading=\"lazy\" decoding=\"async\" data-attachment-id=\"23968\" data-permalink=\"https:\/\/blogdoprosperi.com\/?attachment_id=23968\" data-orig-file=\"https:\/\/i0.wp.com\/blogdoprosperi.com\/wp-content\/uploads\/2016\/09\/protesto-mancha-verde-2014-32.jpg?fit=5184%2C3456&amp;ssl=1\" data-orig-size=\"5184,3456\" data-comments-opened=\"1\" data-image-meta=\"{&quot;aperture&quot;:&quot;4&quot;,&quot;credit&quot;:&quot;&quot;,&quot;camera&quot;:&quot;Canon EOS 7D&quot;,&quot;caption&quot;:&quot;&quot;,&quot;created_timestamp&quot;:&quot;1408192074&quot;,&quot;copyright&quot;:&quot;&quot;,&quot;focal_length&quot;:&quot;200&quot;,&quot;iso&quot;:&quot;125&quot;,&quot;shutter_speed&quot;:&quot;0.0015625&quot;,&quot;title&quot;:&quot;&quot;,&quot;orientation&quot;:&quot;0&quot;}\" data-image-title=\"protesto-mancha-verde-2014-32\" data-image-description=\"\" data-image-caption=\"\" data-large-file=\"https:\/\/i0.wp.com\/blogdoprosperi.com\/wp-content\/uploads\/2016\/09\/protesto-mancha-verde-2014-32.jpg?fit=940%2C627&amp;ssl=1\" class=\"alignnone size-full wp-image-23968\" src=\"https:\/\/i0.wp.com\/blogdoprosperi.com\/wp-content\/uploads\/2016\/09\/protesto-mancha-verde-2014-32.jpg?resize=940%2C627&#038;ssl=1\" alt=\"protesto-mancha-verde-2014-32.jpg\" width=\"940\" height=\"627\" \/><\/span><\/p>\n<p>Veja como foram as puni\u00e7\u00f5es impostas pelo Superior Tribunal de Justi\u00e7a Desportiva (STJD):<\/p>\n<p><strong>Palmeiras<\/strong><\/p>\n<p>5 jogos no Allianz Parque sem direito a torcida visitante<\/p>\n<p>5 cinco jogos Allianz Parque sem vender ingressos para o setor Gol Norte, habitualmente onde ficam as torcidas organizadas<\/p>\n<p>10 jogos sem qualquer representa\u00e7\u00e3o de torcidas organizadas (faixas, camisas, bandeiras etc)<\/p>\n<p>Multa de R$ 60 mil.<\/p>\n<p><strong>Flamengo<\/strong><\/p>\n<p>3 jogos sem direito a torcida visitante<\/p>\n<p>3 jogos sem torcida organizada e 20% do est\u00e1dio fechado como mandante<\/p>\n<p>10 jogos sem qualquer representa\u00e7\u00e3o de torcidas organizadas (faixas, camisas, bandeiras etc)<\/p>\n<p>Multa de R$ 30 mil<\/p>\n<p>De acordo com essa decis\u00e3o do STJD, o Palmeiras n\u00e3o ter\u00e1 torcida visitante e parte de suas fac\u00e7\u00f5es organizadas nas partidas contra: Flamengo (14\/9), Coritiba (24\/9), Cruzeiro (12\/10), Sport (23\/10) e Internacional (06\/11).<\/p>\n<p>Resta saber como as torcidas organizadas se comportar\u00e3o nos jogos no Allianz Parque e como o Palmeiras vai agir para impedir a presen\u00e7a das fac\u00e7\u00f5es em outros setores do seu est\u00e1dio.<\/p>\n<p>As penas foram adotadas em fun\u00e7\u00e3o dos confrontos entre fac\u00e7\u00f5es organizadas de <a href=\"http:\/\/blogdoprosperi.com\/2016\/06\/06\/stjd-ameaca-punir-flamengo-e-palmeiras-por-violencia-das-torcidas-cbf-escapa-ilesa\/\">Palmeiras e Flamengo no jogo no est\u00e1dio Man\u00e9 Garrincha<\/a>, em Bras\u00edlia, no primeiro turno do Brasileir\u00e3o &#8211; o mandante era o time do Rio.<\/p>\n<div class=\"jetpack-video-wrapper\"><span class=\"embed-youtube\" style=\"text-align:center; display: block;\"><iframe loading=\"lazy\" class=\"youtube-player\" width=\"560\" height=\"315\" src=\"https:\/\/www.youtube.com\/embed\/bGtUHqwWX7g?version=3&#038;rel=1&#038;showsearch=0&#038;showinfo=1&#038;iv_load_policy=1&#038;fs=1&#038;hl=pt-BR&#038;autohide=2&#038;wmode=transparent\" allowfullscreen=\"true\" style=\"border:0;\" sandbox=\"allow-scripts allow-same-origin allow-popups allow-presentation allow-popups-to-escape-sandbox\"><\/iframe><\/span><\/div>\n<p>A batalha aconteceu no intervalo da partida. A pol\u00edcia do DF entrou a\u00e7\u00e3o e jogou g\u00e1s pimenta nos torcedores. Os efeitos foram sentidos pelos torcedores comuns nas arquibancadas e no campo, provocando uma interrup\u00e7\u00e3o de 12 minutos do jogo.<\/p>\n<p>Durante os incidentes, um pai em desespero carregou seu filho cadeirante no colo em busca de socorro. A cena comovente correu o mundo. O Palmeiras fez uma homenagem ao garoto no jogo seguinte no Allianz Parque.<\/p>\n<p><strong>FORAGIDOS<\/strong><br \/>\nLucas Alves Lezo e Gabriel Augusto Silva, torcedores do Palmeiras envolvidos na briga no Man\u00e9 Garrincha, tiveram pris\u00e3o decretada por tentativa de homic\u00eddio e est\u00e3o foragidos, segundo informa os jornalistas Martin Fernandez e Vicente Seda do site<em> globoesporte<\/em>.<\/p>\n<p>Lezo j\u00e1 foi denunciado pelo Minist\u00e9rio P\u00fablico de S\u00e3o Paulo no <a href=\"http:\/\/blogdoprosperi.com\/2016\/04\/15\/governo-paulista-declara-guerra-as-torcidas-organizadas\/\">confronto entre fac\u00e7\u00f5es organizadas de Palmeiras e Corinthians <\/a>na avenida Inalar de Souza em 2012. Na batalha morreram dois palmeirenses, um deles era irm\u00e3o de Lucas Lezo.<\/p>\n","protected":false},"excerpt":{"rendered":"<p>STJD pune torcidas organizadas de Palmeiras e Flamengo com penas in\u00e9ditas e pode prejudicar os dois clubes na [&hellip;]<\/p>\n","protected":false},"author":102107496,"featured_media":0,"comment_status":"open","ping_status":"open","sticky":false,"template":"","format":"standard","meta":{"_coblocks_attr":"","_coblocks_dimensions":"","_coblocks_responsive_height":"","_coblocks_accordion_ie_support":"","_jetpack_newsletter_access":"","_jetpack_dont_email_post_to_subs":false,"_jetpack_newsletter_tier_id":0,"_jetpack_memberships_contains_paywalled_content":false,"_wpcom_ai_launchpad_first_post":false,"_jetpack_feature_clip_id":0,"_jetpack_memberships_contains_paid_content":false,"footnotes":"","jetpack_publicize_message":"","jetpack_publicize_feature_enabled":true,"jetpack_social_post_already_shared":false,"jetpack_social_options":{"image_generator_settings":{"template":"highway","default_image_id":0,"font":"","enabled":false},"version":2},"jetpack_post_was_ever_published":false},"categories":[355071,53870],"tags":[362595295,789560566,789560569,14283253,18471847,9371325,789560560,8328841,2245454,524506],"class_list":["post-23888","post","type-post","status-publish","format-standard","hentry","category-campeonato-brasileiro","category-futebol","tag-brasileirao-2016","tag-campeonato-brasileiro","tag-cbf","tag-crflamengo","tag-estadio-mane-garrincha","tag-flamengo-x-palmeiras","tag-futebol","tag-palmeiras-clube","tag-stjd","tag-torcidas-organizadas"],"yoast_head":"<!-- This site is optimized with the Yoast SEO plugin v28.3 - https:\/\/yoast.com\/product\/yoast-seo-wordpress\/ -->\n<title>STJD pune Palmeiras, Flamengo, organizadas e torcedores consumidores de ingressos mais baratos - PR\u00d3SPERI NEWS<\/title>\n<meta name=\"robots\" content=\"index, follow, max-snippet:-1, max-image-preview:large, max-video-preview:-1\" \/>\n<link rel=\"canonical\" href=\"https:\/\/blogdoprosperi.com\/?p=23888\" \/>\n<meta property=\"og:locale\" content=\"pt_BR\" \/>\n<meta property=\"og:type\" content=\"article\" \/>\n<meta property=\"og:title\" content=\"STJD pune Palmeiras, Flamengo, organizadas e torcedores consumidores de ingressos mais baratos - PR\u00d3SPERI NEWS\" \/>\n<meta property=\"og:description\" content=\"STJD pune torcidas organizadas de Palmeiras e Flamengo com penas in\u00e9ditas e pode prejudicar os dois clubes na [&hellip;]\" \/>\n<meta property=\"og:url\" content=\"https:\/\/blogdoprosperi.com\/?p=23888\" \/>\n<meta property=\"og:site_name\" content=\"PR\u00d3SPERI NEWS\" \/>\n<meta property=\"article:publisher\" content=\"Luiz Pr\u00f3speri\" \/>\n<meta property=\"article:author\" content=\"Luiz Pr\u00f3speri\" \/>\n<meta property=\"article:published_time\" content=\"2016-09-01T18:55:31+00:00\" \/>\n<meta property=\"article:modified_time\" content=\"2016-09-01T20:51:36+00:00\" \/>\n<meta property=\"og:image\" content=\"https:\/\/blogdoprosperi.com\/wp-content\/uploads\/2016\/09\/622_42ff1e5b-ab8e-361b-b322-3554f01540c4.jpg\" \/>\n<meta name=\"author\" content=\"Luiz Ant\u00f4nio Pr\u00f3speri\" \/>\n<meta name=\"twitter:card\" content=\"summary_large_image\" \/>\n<meta name=\"twitter:creator\" content=\"@Luizprosperi\" \/>\n<meta name=\"twitter:site\" content=\"@Luizprosperi\" \/>\n<meta name=\"twitter:label1\" content=\"Escrito por\" \/>\n\t<meta name=\"twitter:data1\" content=\"Luiz Ant\u00f4nio Pr\u00f3speri\" \/>\n\t<meta name=\"twitter:label2\" content=\"Est. tempo de leitura\" \/>\n\t<meta name=\"twitter:data2\" content=\"3 minutos\" \/>\n<script type=\"application\/ld+json\" class=\"yoast-schema-graph\">{\"@context\":\"https:\\\/\\\/schema.org\",\"@graph\":[{\"@type\":\"Article\",\"@id\":\"https:\\\/\\\/blogdoprosperi.com\\\/?p=23888#article\",\"isPartOf\":{\"@id\":\"https:\\\/\\\/blogdoprosperi.com\\\/?p=23888\"},\"author\":{\"name\":\"Luiz Ant\u00f4nio Pr\u00f3speri\",\"@id\":\"https:\\\/\\\/blogdoprosperi.com\\\/#\\\/schema\\\/person\\\/38100755ce3601861ee4fab9b5aa78e9\"},\"headline\":\"STJD pune Palmeiras, Flamengo, organizadas e torcedores consumidores de ingressos mais baratos\",\"datePublished\":\"2016-09-01T18:55:31+00:00\",\"dateModified\":\"2016-09-01T20:51:36+00:00\",\"mainEntityOfPage\":{\"@id\":\"https:\\\/\\\/blogdoprosperi.com\\\/?p=23888\"},\"wordCount\":654,\"commentCount\":4,\"publisher\":{\"@id\":\"https:\\\/\\\/blogdoprosperi.com\\\/#\\\/schema\\\/person\\\/38100755ce3601861ee4fab9b5aa78e9\"},\"image\":{\"@id\":\"https:\\\/\\\/blogdoprosperi.com\\\/?p=23888#primaryimage\"},\"thumbnailUrl\":\"https:\\\/\\\/blogdoprosperi.com\\\/wp-content\\\/uploads\\\/2016\\\/09\\\/622_42ff1e5b-ab8e-361b-b322-3554f01540c4.jpg\",\"keywords\":[\"Brasileir\u00e3o-2016\",\"Campeonato Brasileiro\",\"CBF\",\"CRFlamengo\",\"Est\u00e1dio Man\u00e9 Garrincha\",\"Flamengo x Palmeiras\",\"futebol\",\"Palmeiras Clube\",\"STJD\",\"torcidas organizadas\"],\"articleSection\":[\"Campeonato Brasileiro\",\"futebol\"],\"inLanguage\":\"pt-BR\",\"potentialAction\":[{\"@type\":\"CommentAction\",\"name\":\"Comment\",\"target\":[\"https:\\\/\\\/blogdoprosperi.com\\\/?p=23888#respond\"]}]},{\"@type\":\"WebPage\",\"@id\":\"https:\\\/\\\/blogdoprosperi.com\\\/?p=23888\",\"url\":\"https:\\\/\\\/blogdoprosperi.com\\\/?p=23888\",\"name\":\"STJD pune Palmeiras, Flamengo, organizadas e torcedores consumidores de ingressos mais baratos - PR\u00d3SPERI NEWS\",\"isPartOf\":{\"@id\":\"https:\\\/\\\/blogdoprosperi.com\\\/#website\"},\"primaryImageOfPage\":{\"@id\":\"https:\\\/\\\/blogdoprosperi.com\\\/?p=23888#primaryimage\"},\"image\":{\"@id\":\"https:\\\/\\\/blogdoprosperi.com\\\/?p=23888#primaryimage\"},\"thumbnailUrl\":\"https:\\\/\\\/blogdoprosperi.com\\\/wp-content\\\/uploads\\\/2016\\\/09\\\/622_42ff1e5b-ab8e-361b-b322-3554f01540c4.jpg\",\"datePublished\":\"2016-09-01T18:55:31+00:00\",\"dateModified\":\"2016-09-01T20:51:36+00:00\",\"breadcrumb\":{\"@id\":\"https:\\\/\\\/blogdoprosperi.com\\\/?p=23888#breadcrumb\"},\"inLanguage\":\"pt-BR\",\"potentialAction\":[{\"@type\":\"ReadAction\",\"target\":[\"https:\\\/\\\/blogdoprosperi.com\\\/?p=23888\"]}]},{\"@type\":\"ImageObject\",\"inLanguage\":\"pt-BR\",\"@id\":\"https:\\\/\\\/blogdoprosperi.com\\\/?p=23888#primaryimage\",\"url\":\"https:\\\/\\\/i0.wp.com\\\/blogdoprosperi.com\\\/wp-content\\\/uploads\\\/2016\\\/09\\\/622_42ff1e5b-ab8e-361b-b322-3554f01540c4.jpg?fit=622%2C350&ssl=1\",\"contentUrl\":\"https:\\\/\\\/i0.wp.com\\\/blogdoprosperi.com\\\/wp-content\\\/uploads\\\/2016\\\/09\\\/622_42ff1e5b-ab8e-361b-b322-3554f01540c4.jpg?fit=622%2C350&ssl=1\",\"width\":622,\"height\":350},{\"@type\":\"BreadcrumbList\",\"@id\":\"https:\\\/\\\/blogdoprosperi.com\\\/?p=23888#breadcrumb\",\"itemListElement\":[{\"@type\":\"ListItem\",\"position\":1,\"name\":\"In\u00edcio\",\"item\":\"https:\\\/\\\/blogdoprosperi.com\\\/\"},{\"@type\":\"ListItem\",\"position\":2,\"name\":\"STJD pune Palmeiras, Flamengo, organizadas e torcedores consumidores de ingressos mais baratos\"}]},{\"@type\":\"WebSite\",\"@id\":\"https:\\\/\\\/blogdoprosperi.com\\\/#website\",\"url\":\"https:\\\/\\\/blogdoprosperi.com\\\/\",\"name\":\"PR\u00d3SPERI NEWS\",\"description\":\"TUDO \u00c9  FUTEBOL\",\"publisher\":{\"@id\":\"https:\\\/\\\/blogdoprosperi.com\\\/#\\\/schema\\\/person\\\/38100755ce3601861ee4fab9b5aa78e9\"},\"alternateName\":\"blogdoprosperi.com\",\"potentialAction\":[{\"@type\":\"SearchAction\",\"target\":{\"@type\":\"EntryPoint\",\"urlTemplate\":\"https:\\\/\\\/blogdoprosperi.com\\\/?s={search_term_string}\"},\"query-input\":{\"@type\":\"PropertyValueSpecification\",\"valueRequired\":true,\"valueName\":\"search_term_string\"}}],\"inLanguage\":\"pt-BR\"},{\"@type\":[\"Person\",\"Organization\"],\"@id\":\"https:\\\/\\\/blogdoprosperi.com\\\/#\\\/schema\\\/person\\\/38100755ce3601861ee4fab9b5aa78e9\",\"name\":\"Luiz Ant\u00f4nio Pr\u00f3speri\",\"pronouns\":\"ele\",\"image\":{\"@type\":\"ImageObject\",\"inLanguage\":\"pt-BR\",\"@id\":\"https:\\\/\\\/i0.wp.com\\\/blogdoprosperi.com\\\/wp-content\\\/uploads\\\/2026\\\/05\\\/cropped-8059e613-6002-42fa-961e-8e275f575d71-2-5.jpg?fit=1360%2C931&ssl=1\",\"url\":\"https:\\\/\\\/i0.wp.com\\\/blogdoprosperi.com\\\/wp-content\\\/uploads\\\/2026\\\/05\\\/cropped-8059e613-6002-42fa-961e-8e275f575d71-2-5.jpg?fit=1360%2C931&ssl=1\",\"contentUrl\":\"https:\\\/\\\/i0.wp.com\\\/blogdoprosperi.com\\\/wp-content\\\/uploads\\\/2026\\\/05\\\/cropped-8059e613-6002-42fa-961e-8e275f575d71-2-5.jpg?fit=1360%2C931&ssl=1\",\"width\":1360,\"height\":931,\"caption\":\"Luiz Ant\u00f4nio Pr\u00f3speri\"},\"logo\":{\"@id\":\"https:\\\/\\\/i0.wp.com\\\/blogdoprosperi.com\\\/wp-content\\\/uploads\\\/2026\\\/05\\\/cropped-8059e613-6002-42fa-961e-8e275f575d71-2-5.jpg?fit=1360%2C931&ssl=1\"},\"description\":\"Jornalista com carreira dedicada ao esporte. Cobriu 9 Copas do Mundo in loco, 1990 na It\u00e1lia, 1994 nos EUA, 1998 na Fran\u00e7a, 2002 na Coreia do Sul e Jap\u00e3o, 2006 na Alemanha, 2010 na \u00c1frica do Sul, 2014 no Brasil, 2018 na R\u00fassia e 2022 no Qatar. Eurocopas, 1992 na Su\u00e9cia e 1996 na Inglaterra. Copa das Confedera\u00e7\u00f5es de 2005 na Alemanha e 2009 na \u00c1frica do Sul. Rep\u00f3rter e Editor, trabalhou no Jornal da Tarde e Estad\u00e3o, de 1984 a fevereiro de 2016. Colunista, blogueiro. E comentarista de futebol na R\u00e1dio Estad\u00e3o, de 2013 a fevereiro de 2016. Jornalista respons\u00e1vel do \\\"Pr\u00f3speri News\\\" (blogdoprosperi.com).\",\"sameAs\":[\"http:\\\/\\\/blogdoprosperi.com\",\"Luiz Pr\u00f3speri\",\"@luiz_prosperi\",\"https:\\\/\\\/x.com\\\/Luizprosperi\",\"@prosperinacopa\",\"luiz.prosperi@icloud.com\"],\"url\":\"https:\\\/\\\/blogdoprosperi.com\\\/?author=102107496\"}]}<\/script>\n<!-- \/ Yoast SEO plugin. -->","yoast_head_json":{"title":"STJD pune Palmeiras, Flamengo, organizadas e torcedores consumidores de ingressos mais baratos - PR\u00d3SPERI NEWS","robots":{"index":"index","follow":"follow","max-snippet":"max-snippet:-1","max-image-preview":"max-image-preview:large","max-video-preview":"max-video-preview:-1"},"canonical":"https:\/\/blogdoprosperi.com\/?p=23888","og_locale":"pt_BR","og_type":"article","og_title":"STJD pune Palmeiras, Flamengo, organizadas e torcedores consumidores de ingressos mais baratos - PR\u00d3SPERI NEWS","og_description":"STJD pune torcidas organizadas de Palmeiras e Flamengo com penas in\u00e9ditas e pode prejudicar os dois clubes na [&hellip;]","og_url":"https:\/\/blogdoprosperi.com\/?p=23888","og_site_name":"PR\u00d3SPERI NEWS","article_publisher":"Luiz Pr\u00f3speri","article_author":"Luiz Pr\u00f3speri","article_published_time":"2016-09-01T18:55:31+00:00","article_modified_time":"2016-09-01T20:51:36+00:00","og_image":[{"url":"https:\/\/blogdoprosperi.com\/wp-content\/uploads\/2016\/09\/622_42ff1e5b-ab8e-361b-b322-3554f01540c4.jpg","type":"","width":"","height":""}],"author":"Luiz Ant\u00f4nio Pr\u00f3speri","twitter_card":"summary_large_image","twitter_creator":"@Luizprosperi","twitter_site":"@Luizprosperi","twitter_misc":{"Escrito por":"Luiz Ant\u00f4nio Pr\u00f3speri","Est. tempo de leitura":"3 minutos"},"schema":{"@context":"https:\/\/schema.org","@graph":[{"@type":"Article","@id":"https:\/\/blogdoprosperi.com\/?p=23888#article","isPartOf":{"@id":"https:\/\/blogdoprosperi.com\/?p=23888"},"author":{"name":"Luiz Ant\u00f4nio Pr\u00f3speri","@id":"https:\/\/blogdoprosperi.com\/#\/schema\/person\/38100755ce3601861ee4fab9b5aa78e9"},"headline":"STJD pune Palmeiras, Flamengo, organizadas e torcedores consumidores de ingressos mais baratos","datePublished":"2016-09-01T18:55:31+00:00","dateModified":"2016-09-01T20:51:36+00:00","mainEntityOfPage":{"@id":"https:\/\/blogdoprosperi.com\/?p=23888"},"wordCount":654,"commentCount":4,"publisher":{"@id":"https:\/\/blogdoprosperi.com\/#\/schema\/person\/38100755ce3601861ee4fab9b5aa78e9"},"image":{"@id":"https:\/\/blogdoprosperi.com\/?p=23888#primaryimage"},"thumbnailUrl":"https:\/\/blogdoprosperi.com\/wp-content\/uploads\/2016\/09\/622_42ff1e5b-ab8e-361b-b322-3554f01540c4.jpg","keywords":["Brasileir\u00e3o-2016","Campeonato Brasileiro","CBF","CRFlamengo","Est\u00e1dio Man\u00e9 Garrincha","Flamengo x Palmeiras","futebol","Palmeiras Clube","STJD","torcidas organizadas"],"articleSection":["Campeonato Brasileiro","futebol"],"inLanguage":"pt-BR","potentialAction":[{"@type":"CommentAction","name":"Comment","target":["https:\/\/blogdoprosperi.com\/?p=23888#respond"]}]},{"@type":"WebPage","@id":"https:\/\/blogdoprosperi.com\/?p=23888","url":"https:\/\/blogdoprosperi.com\/?p=23888","name":"STJD pune Palmeiras, Flamengo, organizadas e torcedores consumidores de ingressos mais baratos - PR\u00d3SPERI NEWS","isPartOf":{"@id":"https:\/\/blogdoprosperi.com\/#website"},"primaryImageOfPage":{"@id":"https:\/\/blogdoprosperi.com\/?p=23888#primaryimage"},"image":{"@id":"https:\/\/blogdoprosperi.com\/?p=23888#primaryimage"},"thumbnailUrl":"https:\/\/blogdoprosperi.com\/wp-content\/uploads\/2016\/09\/622_42ff1e5b-ab8e-361b-b322-3554f01540c4.jpg","datePublished":"2016-09-01T18:55:31+00:00","dateModified":"2016-09-01T20:51:36+00:00","breadcrumb":{"@id":"https:\/\/blogdoprosperi.com\/?p=23888#breadcrumb"},"inLanguage":"pt-BR","potentialAction":[{"@type":"ReadAction","target":["https:\/\/blogdoprosperi.com\/?p=23888"]}]},{"@type":"ImageObject","inLanguage":"pt-BR","@id":"https:\/\/blogdoprosperi.com\/?p=23888#primaryimage","url":"https:\/\/i0.wp.com\/blogdoprosperi.com\/wp-content\/uploads\/2016\/09\/622_42ff1e5b-ab8e-361b-b322-3554f01540c4.jpg?fit=622%2C350&ssl=1","contentUrl":"https:\/\/i0.wp.com\/blogdoprosperi.com\/wp-content\/uploads\/2016\/09\/622_42ff1e5b-ab8e-361b-b322-3554f01540c4.jpg?fit=622%2C350&ssl=1","width":622,"height":350},{"@type":"BreadcrumbList","@id":"https:\/\/blogdoprosperi.com\/?p=23888#breadcrumb","itemListElement":[{"@type":"ListItem","position":1,"name":"In\u00edcio","item":"https:\/\/blogdoprosperi.com\/"},{"@type":"ListItem","position":2,"name":"STJD pune Palmeiras, Flamengo, organizadas e torcedores consumidores de ingressos mais baratos"}]},{"@type":"WebSite","@id":"https:\/\/blogdoprosperi.com\/#website","url":"https:\/\/blogdoprosperi.com\/","name":"PR\u00d3SPERI NEWS","description":"TUDO \u00c9  FUTEBOL","publisher":{"@id":"https:\/\/blogdoprosperi.com\/#\/schema\/person\/38100755ce3601861ee4fab9b5aa78e9"},"alternateName":"blogdoprosperi.com","potentialAction":[{"@type":"SearchAction","target":{"@type":"EntryPoint","urlTemplate":"https:\/\/blogdoprosperi.com\/?s={search_term_string}"},"query-input":{"@type":"PropertyValueSpecification","valueRequired":true,"valueName":"search_term_string"}}],"inLanguage":"pt-BR"},{"@type":["Person","Organization"],"@id":"https:\/\/blogdoprosperi.com\/#\/schema\/person\/38100755ce3601861ee4fab9b5aa78e9","name":"Luiz Ant\u00f4nio Pr\u00f3speri","pronouns":"ele","image":{"@type":"ImageObject","inLanguage":"pt-BR","@id":"https:\/\/i0.wp.com\/blogdoprosperi.com\/wp-content\/uploads\/2026\/05\/cropped-8059e613-6002-42fa-961e-8e275f575d71-2-5.jpg?fit=1360%2C931&ssl=1","url":"https:\/\/i0.wp.com\/blogdoprosperi.com\/wp-content\/uploads\/2026\/05\/cropped-8059e613-6002-42fa-961e-8e275f575d71-2-5.jpg?fit=1360%2C931&ssl=1","contentUrl":"https:\/\/i0.wp.com\/blogdoprosperi.com\/wp-content\/uploads\/2026\/05\/cropped-8059e613-6002-42fa-961e-8e275f575d71-2-5.jpg?fit=1360%2C931&ssl=1","width":1360,"height":931,"caption":"Luiz Ant\u00f4nio Pr\u00f3speri"},"logo":{"@id":"https:\/\/i0.wp.com\/blogdoprosperi.com\/wp-content\/uploads\/2026\/05\/cropped-8059e613-6002-42fa-961e-8e275f575d71-2-5.jpg?fit=1360%2C931&ssl=1"},"description":"Jornalista com carreira dedicada ao esporte. Cobriu 9 Copas do Mundo in loco, 1990 na It\u00e1lia, 1994 nos EUA, 1998 na Fran\u00e7a, 2002 na Coreia do Sul e Jap\u00e3o, 2006 na Alemanha, 2010 na \u00c1frica do Sul, 2014 no Brasil, 2018 na R\u00fassia e 2022 no Qatar. Eurocopas, 1992 na Su\u00e9cia e 1996 na Inglaterra. Copa das Confedera\u00e7\u00f5es de 2005 na Alemanha e 2009 na \u00c1frica do Sul. Rep\u00f3rter e Editor, trabalhou no Jornal da Tarde e Estad\u00e3o, de 1984 a fevereiro de 2016. Colunista, blogueiro. E comentarista de futebol na R\u00e1dio Estad\u00e3o, de 2013 a fevereiro de 2016. Jornalista respons\u00e1vel do \"Pr\u00f3speri News\" (blogdoprosperi.com).","sameAs":["http:\/\/blogdoprosperi.com","Luiz Pr\u00f3speri","@luiz_prosperi","https:\/\/x.com\/Luizprosperi","@prosperinacopa","luiz.prosperi@icloud.com"],"url":"https:\/\/blogdoprosperi.com\/?author=102107496"}]}},"jetpack_publicize_connections":[],"jetpack_likes_enabled":false,"jetpack_sharing_enabled":true,"jetpack_shortlink":"https:\/\/wp.me\/p7jvdk-6di","jetpack-related-posts":[{"id":9048,"url":"https:\/\/blogdoprosperi.com\/?p=9048","url_meta":{"origin":23888,"position":0},"title":"STJD amea\u00e7a punir Flamengo e Palmeiras por viol\u00eancia das torcidas, CBF escapa ilesa","author":"Luiz Ant\u00f4nio Pr\u00f3speri","date":"6 de junho de 2016","format":false,"excerpt":"Casos de viol\u00eancia no futebol brasileiro se alastram. Provid\u00eancias paliativas s\u00e3o tomadas a cada incidente, seja pelas por for\u00e7as de seguran\u00e7a, Minist\u00e9rio P\u00fablico e at\u00e9 entidades respons\u00e1veis pela gest\u00e3o do futebol. Nada se resolveu. Nesta segunda-feira, a Procuradoria do Superior Tribunal de Justi\u00e7a Desportiva (STJD) disse que vai denunciar Flamengo\u2026","rel":"","context":"Em &quot;Campeonato Brasileiro&quot;","block_context":{"text":"Campeonato Brasileiro","link":"https:\/\/blogdoprosperi.com\/?cat=355071"},"img":{"alt_text":"","src":"https:\/\/i0.wp.com\/blogdoprosperi.com\/wp-content\/uploads\/2016\/06\/torcedor-1.jpg?resize=350%2C200&ssl=1","width":350,"height":200,"srcset":"https:\/\/i0.wp.com\/blogdoprosperi.com\/wp-content\/uploads\/2016\/06\/torcedor-1.jpg?resize=350%2C200&ssl=1 1x, https:\/\/i0.wp.com\/blogdoprosperi.com\/wp-content\/uploads\/2016\/06\/torcedor-1.jpg?resize=525%2C300&ssl=1 1.5x"},"classes":[]},{"id":26478,"url":"https:\/\/blogdoprosperi.com\/?p=26478","url_meta":{"origin":23888,"position":1},"title":"Palmeiras cai na rede do Flamengo e pode ser punido no STJD","author":"Luiz Ant\u00f4nio Pr\u00f3speri","date":"23 de setembro de 2016","format":false,"excerpt":"Palmeiras \u00e9 denunciado no Superior Tribunal de Justi\u00e7a Desportiva (STJD) por atos hostis de parte de seus torcedores contra dirigentes do Flamengo, abrigados em um camarote no Allianz Parque. A bronca dos cartolas cariocas deu resultado. Alegam os flamenguistas que foram alvos de objetos atirados por palmeirenses no Setor Sul\u2026","rel":"","context":"Em &quot;Campeonato Brasileiro&quot;","block_context":{"text":"Campeonato Brasileiro","link":"https:\/\/blogdoprosperi.com\/?cat=355071"},"img":{"alt_text":"","src":"https:\/\/i0.wp.com\/blogdoprosperi.com\/wp-content\/uploads\/2016\/09\/palco-camp-nou-1080x720.jpg?resize=350%2C200&ssl=1","width":350,"height":200,"srcset":"https:\/\/i0.wp.com\/blogdoprosperi.com\/wp-content\/uploads\/2016\/09\/palco-camp-nou-1080x720.jpg?resize=350%2C200&ssl=1 1x, https:\/\/i0.wp.com\/blogdoprosperi.com\/wp-content\/uploads\/2016\/09\/palco-camp-nou-1080x720.jpg?resize=525%2C300&ssl=1 1.5x, https:\/\/i0.wp.com\/blogdoprosperi.com\/wp-content\/uploads\/2016\/09\/palco-camp-nou-1080x720.jpg?resize=700%2C400&ssl=1 2x, https:\/\/i0.wp.com\/blogdoprosperi.com\/wp-content\/uploads\/2016\/09\/palco-camp-nou-1080x720.jpg?resize=1050%2C600&ssl=1 3x"},"classes":[]},{"id":25430,"url":"https:\/\/blogdoprosperi.com\/?p=25430","url_meta":{"origin":23888,"position":2},"title":"STJD e Minist\u00e9rio P\u00fablico de olho no jogo Palmeiras x Flamengo","author":"Luiz Ant\u00f4nio Pr\u00f3speri","date":"14 de setembro de 2016","format":false,"excerpt":"Palmeiras x Flamengo \u00e9 a partida de mais relev\u00e2ncia at\u00e9 aqui no Brasileiro. N\u00e3o por acaso Cuca tenta engabelar Z\u00e9 Ricardo coma escala\u00e7\u00e3o ou n\u00e3o de Gabriel Jesus. N\u00e3o por acaso a massa flamenguista abra\u00e7a e aperta jogadores no embarque rumo a S\u00e3o Paulo. Dentro de campo se espera um\u2026","rel":"","context":"Em &quot;Campeonato Brasileiro&quot;","block_context":{"text":"Campeonato Brasileiro","link":"https:\/\/blogdoprosperi.com\/?cat=355071"},"img":{"alt_text":"","src":"https:\/\/i0.wp.com\/blogdoprosperi.com\/wp-content\/uploads\/2016\/09\/16152430.jpeg?resize=350%2C200&ssl=1","width":350,"height":200,"srcset":"https:\/\/i0.wp.com\/blogdoprosperi.com\/wp-content\/uploads\/2016\/09\/16152430.jpeg?resize=350%2C200&ssl=1 1x, https:\/\/i0.wp.com\/blogdoprosperi.com\/wp-content\/uploads\/2016\/09\/16152430.jpeg?resize=525%2C300&ssl=1 1.5x"},"classes":[]},{"id":29891,"url":"https:\/\/blogdoprosperi.com\/?p=29891","url_meta":{"origin":23888,"position":3},"title":"Futebol brasileiro n\u00e3o aprende nada com futebol ingl\u00eas","author":"Luiz Ant\u00f4nio Pr\u00f3speri","date":"25 de outubro de 2016","format":false,"excerpt":"Detidos no Rio, 31 corintianos foram autuados em flagrante no confronto com a Pol\u00edcia Militar domingo no Maracan\u00e3. Julgamento dos torcedores est\u00e1 previsto para esta ter\u00e7a-feira no Tribunal de Justi\u00e7a-RJ. Na noite desta segunda-feira, o Superior Tribunal de Justi\u00e7a Desportiva (STJD) puniu o Corinthians por causa dos incidentes. O clube\u2026","rel":"","context":"Em &quot;Campeonato Brasileiro&quot;","block_context":{"text":"Campeonato Brasileiro","link":"https:\/\/blogdoprosperi.com\/?cat=355071"},"img":{"alt_text":"","src":"https:\/\/i0.wp.com\/blogdoprosperi.com\/wp-content\/uploads\/2016\/10\/16297166.jpeg?resize=350%2C200&ssl=1","width":350,"height":200,"srcset":"https:\/\/i0.wp.com\/blogdoprosperi.com\/wp-content\/uploads\/2016\/10\/16297166.jpeg?resize=350%2C200&ssl=1 1x, https:\/\/i0.wp.com\/blogdoprosperi.com\/wp-content\/uploads\/2016\/10\/16297166.jpeg?resize=525%2C300&ssl=1 1.5x"},"classes":[]},{"id":8834,"url":"https:\/\/blogdoprosperi.com\/?p=8834","url_meta":{"origin":23888,"position":4},"title":"Palmeiras vence primeira fora de casa com tacada certeira de Cuca","author":"Luiz Ant\u00f4nio Pr\u00f3speri","date":"5 de junho de 2016","format":false,"excerpt":"Vencer fora de casa \u00e9 obriga\u00e7\u00e3o aos postulantes ao t\u00edtulo do Campeonato Brasileiro. Em cinco rodadas, o Palmeiras havia acumulado duas derrotas longe de seu est\u00e1dio. Neste domingo (05\/6), no Man\u00e9 Garrincha em Bras\u00edlia, come\u00e7ou a reverter essa desvantagem com a vit\u00f3ria por 2 a 1 contra o Flamengo, com\u2026","rel":"","context":"Em &quot;Campeonato Brasileiro&quot;","block_context":{"text":"Campeonato Brasileiro","link":"https:\/\/blogdoprosperi.com\/?cat=355071"},"img":{"alt_text":"","src":"https:\/\/i0.wp.com\/blogdoprosperi.com\/wp-content\/uploads\/2016\/06\/cuca-orienta-os-jogadores-do-palmeiras-na-partida-contra-a-ponte-preta-1463936958392_615x300-1.jpg?resize=350%2C200&ssl=1","width":350,"height":200,"srcset":"https:\/\/i0.wp.com\/blogdoprosperi.com\/wp-content\/uploads\/2016\/06\/cuca-orienta-os-jogadores-do-palmeiras-na-partida-contra-a-ponte-preta-1463936958392_615x300-1.jpg?resize=350%2C200&ssl=1 1x, https:\/\/i0.wp.com\/blogdoprosperi.com\/wp-content\/uploads\/2016\/06\/cuca-orienta-os-jogadores-do-palmeiras-na-partida-contra-a-ponte-preta-1463936958392_615x300-1.jpg?resize=525%2C300&ssl=1 1.5x"},"classes":[]},{"id":25288,"url":"https:\/\/blogdoprosperi.com\/?p=25288","url_meta":{"origin":23888,"position":5},"title":"\u00c1rbitro de Palmeiras x Flamengo n\u00e3o \u00e9 maior que Gabriel Jesus e Diego","author":"Luiz Ant\u00f4nio Pr\u00f3speri","date":"12 de setembro de 2016","format":false,"excerpt":"Quando antes de um jogo do quilate de Palmeiras x Flamengo, nesta quarta-feira, se fala muito no \u00e1rbitro eleito pela CBF para apitar a partida \u00e9 porque o futebol perdeu a raz\u00e3o. \u00c9 triste. Um campeonato com 38 rodadas, sempre sob o manto da desconfian\u00e7a, n\u00e3o tem \u00a0sentido. N\u00e3o \u00e9\u2026","rel":"","context":"Em &quot;Campeonato Brasileiro&quot;","block_context":{"text":"Campeonato Brasileiro","link":"https:\/\/blogdoprosperi.com\/?cat=355071"},"img":{"alt_text":"","src":"https:\/\/i0.wp.com\/blogdoprosperi.com\/wp-content\/uploads\/2016\/09\/gabriel-jesus-palmeiras-x-figueirense-3006_1q9xheoznipa1k9aaygnk5bdl.jpg?resize=350%2C200","width":350,"height":200,"srcset":"https:\/\/i0.wp.com\/blogdoprosperi.com\/wp-content\/uploads\/2016\/09\/gabriel-jesus-palmeiras-x-figueirense-3006_1q9xheoznipa1k9aaygnk5bdl.jpg?resize=350%2C200 1x, https:\/\/i0.wp.com\/blogdoprosperi.com\/wp-content\/uploads\/2016\/09\/gabriel-jesus-palmeiras-x-figueirense-3006_1q9xheoznipa1k9aaygnk5bdl.jpg?resize=525%2C300 1.5x"},"classes":[]}],"jetpack_featured_media_url":"","_links":{"self":[{"href":"https:\/\/blogdoprosperi.com\/index.php?rest_route=\/wp\/v2\/posts\/23888","targetHints":{"allow":["GET"]}}],"collection":[{"href":"https:\/\/blogdoprosperi.com\/index.php?rest_route=\/wp\/v2\/posts"}],"about":[{"href":"https:\/\/blogdoprosperi.com\/index.php?rest_route=\/wp\/v2\/types\/post"}],"author":[{"embeddable":true,"href":"https:\/\/blogdoprosperi.com\/index.php?rest_route=\/wp\/v2\/users\/102107496"}],"replies":[{"embeddable":true,"href":"https:\/\/blogdoprosperi.com\/index.php?rest_route=%2Fwp%2Fv2%2Fcomments&post=23888"}],"version-history":[{"count":25,"href":"https:\/\/blogdoprosperi.com\/index.php?rest_route=\/wp\/v2\/posts\/23888\/revisions"}],"predecessor-version":[{"id":23971,"href":"https:\/\/blogdoprosperi.com\/index.php?rest_route=\/wp\/v2\/posts\/23888\/revisions\/23971"}],"wp:attachment":[{"href":"https:\/\/blogdoprosperi.com\/index.php?rest_route=%2Fwp%2Fv2%2Fmedia&parent=23888"}],"wp:term":[{"taxonomy":"category","embeddable":true,"href":"https:\/\/blogdoprosperi.com\/index.php?rest_route=%2Fwp%2Fv2%2Fcategories&post=23888"},{"taxonomy":"post_tag","embeddable":true,"href":"https:\/\/blogdoprosperi.com\/index.php?rest_route=%2Fwp%2Fv2%2Ftags&post=23888"}],"curies":[{"name":"wp","href":"https:\/\/api.w.org\/{rel}","templated":true}]}}