{"id":23972,"date":"2016-09-01T20:48:01","date_gmt":"2016-09-01T23:48:01","guid":{"rendered":"http:\/\/blogdoprosperi.com\/?p=23972"},"modified":"2016-09-01T21:05:01","modified_gmt":"2016-09-02T00:05:01","slug":"tite-estreia-com-vitoria-na-selecao-e-lanca-ao-mundo-um-novo-fenomeno-do-futebol-brasileiro-gabriel-jesus","status":"publish","type":"post","link":"https:\/\/blogdoprosperi.com\/?p=23972","title":{"rendered":"Tite estreia com vit\u00f3ria na Sele\u00e7\u00e3o e lan\u00e7a ao mundo um novo fen\u00f4meno do futebol brasileiro: Gabriel Jesus"},"content":{"rendered":"<p><span class=\"alignnone\"><img data-recalc-dims=\"1\" loading=\"lazy\" decoding=\"async\" data-attachment-id=\"24046\" data-permalink=\"https:\/\/blogdoprosperi.com\/?attachment_id=24046\" data-orig-file=\"https:\/\/i0.wp.com\/blogdoprosperi.com\/wp-content\/uploads\/2016\/09\/equador_x_brasil.jpg?fit=600%2C399&amp;ssl=1\" data-orig-size=\"600,399\" data-comments-opened=\"1\" data-image-meta=\"{&quot;aperture&quot;:&quot;0&quot;,&quot;credit&quot;:&quot;&quot;,&quot;camera&quot;:&quot;&quot;,&quot;caption&quot;:&quot;&quot;,&quot;created_timestamp&quot;:&quot;0&quot;,&quot;copyright&quot;:&quot;&quot;,&quot;focal_length&quot;:&quot;0&quot;,&quot;iso&quot;:&quot;0&quot;,&quot;shutter_speed&quot;:&quot;0&quot;,&quot;title&quot;:&quot;&quot;,&quot;orientation&quot;:&quot;0&quot;}\" data-image-title=\"equador_x_brasil\" data-image-description=\"\" data-image-caption=\"\" data-large-file=\"https:\/\/i0.wp.com\/blogdoprosperi.com\/wp-content\/uploads\/2016\/09\/equador_x_brasil.jpg?fit=600%2C399&amp;ssl=1\" class=\"alignnone size-full wp-image-24046\" src=\"https:\/\/i0.wp.com\/blogdoprosperi.com\/wp-content\/uploads\/2016\/09\/equador_x_brasil.jpg?resize=600%2C399&#038;ssl=1\" alt=\"equador_x_brasil\" width=\"600\" height=\"399\" \/><\/span><\/p>\n<p>Quando dirigia o Corinthians Tite se impressionou com Gabriel Jesus, ainda na temporada de 2015. Em conversas reservadas repetia que o garoto do Palmeiras estava pronto, era diferente. Pep Guardiola, depois de sacramentada a contrata\u00e7\u00e3o do atacante pelo Manchester City, disse assim: &#8220;Compramos gols, Jesus \u00e9 fazedor de gols&#8221;.\u00a0Na sua primeira convoca\u00e7\u00e3o na Sele\u00e7\u00e3o Brasileira, Tite pescou o jovem atacante e deu ao menino a camisa 9, camisa de peso, de envergar varal. Gabriel Jesus, 19 anos, vestiu o manto sagrado de Ronaldo pela primeira vez na vida e escreveu seu nome na estreia na Sele\u00e7\u00e3o. Sofreu o p\u00eanalti convertido por Neymar e fez dois gols da vit\u00f3ria do Brasil por 3 a 0 contra o Equador em Quito pelas Eliminat\u00f3rias da Copa de 2018.<!--more--><\/p>\n<p>Tite n\u00e3o imaginava que sua escolha por Jesus seria t\u00e3o marcante e determinante para estrear no comando da Sele\u00e7\u00e3o com um resultado contundente e hist\u00f3rico. H\u00e1 33 anos o Brasil n\u00e3o vencia o Equador nas Eliminat\u00f3rias.<\/p>\n<p>Mais que isso, o escrete precisava de voltar a vencer e convencer. Tite conseguiu. Fiel ao seu jeito de pensar o futebol, armou o time com dois meias &#8211; Renato Augusto e Paulinho &#8211; dando sustenta\u00e7\u00e3o ao volante Casemiro e ao mesmo tempo apoio a Neymar e Willian na condu\u00e7\u00e3o do ataque. E apostou tudo na versatilidade de Neymar e neste novo fen\u00f4meno do futebol brasileiro, o menino Gabriel Jesus. Tudo se encaixou. Tite mudou a cara do Brasil.<\/p>\n<blockquote><p>&#8220;N\u00e3o tinha estreia melhor. Venho trabalhando forte. Tite me passou muita confian\u00e7a. Tudo \u00e9 muito novo, p\u00f4 fico muito feliz. Me acostumo f\u00e1cil com tudo. Tive apoio de todos, desde comiss\u00e3o aos jogadores. Aqui tudo s\u00e3o gente boa. Me deixaram livre pra jogar&#8221;, disse Jesus ao final da partida.<\/p><\/blockquote>\n<p><span class=\"alignnone\"><img data-recalc-dims=\"1\" loading=\"lazy\" decoding=\"async\" data-attachment-id=\"24045\" data-permalink=\"https:\/\/blogdoprosperi.com\/?attachment_id=24045\" data-orig-file=\"https:\/\/i0.wp.com\/blogdoprosperi.com\/wp-content\/uploads\/2016\/09\/1472753375_528854_1472771134_noticia_normal.jpg?fit=980%2C499&amp;ssl=1\" data-orig-size=\"980,499\" data-comments-opened=\"1\" data-image-meta=\"{&quot;aperture&quot;:&quot;0&quot;,&quot;credit&quot;:&quot;&quot;,&quot;camera&quot;:&quot;&quot;,&quot;caption&quot;:&quot;&quot;,&quot;created_timestamp&quot;:&quot;0&quot;,&quot;copyright&quot;:&quot;&quot;,&quot;focal_length&quot;:&quot;0&quot;,&quot;iso&quot;:&quot;0&quot;,&quot;shutter_speed&quot;:&quot;0&quot;,&quot;title&quot;:&quot;&quot;,&quot;orientation&quot;:&quot;0&quot;}\" data-image-title=\"1472753375_528854_1472771134_noticia_normal\" data-image-description=\"\" data-image-caption=\"\" data-large-file=\"https:\/\/i0.wp.com\/blogdoprosperi.com\/wp-content\/uploads\/2016\/09\/1472753375_528854_1472771134_noticia_normal.jpg?fit=940%2C479&amp;ssl=1\" class=\"alignnone size-full wp-image-24045\" src=\"https:\/\/i0.wp.com\/blogdoprosperi.com\/wp-content\/uploads\/2016\/09\/1472753375_528854_1472771134_noticia_normal.jpg?resize=940%2C479&#038;ssl=1\" alt=\"1472753375_528854_1472771134_noticia_normal\" width=\"940\" height=\"479\" \/><\/span><\/p>\n<p><strong>AN\u00c1LISE DO JOGO<\/strong><\/p>\n<p>Brasil n\u00e3o teve vida f\u00e1cil no primeiro tempo. Com cinco minutos j\u00e1 havia enfrentado duros problemas com cruzamentos partindo do setor direito da defesa da Sele\u00e7\u00e3o. Em um deles, Miranda evitou gol certo.<\/p>\n<p>Outra dificuldade, sair do campo de defesa trocando passes. A marca\u00e7\u00e3o adiantada do Equador n\u00e3o permitia a Casemiro, Paulinho e Renato Augusto se conectarem com Willian e Neymar. Como alternativa, a Sele\u00e7\u00e3o passou a esticar a bola em busca de Gabriel Jesus e Neymar. N\u00e3o funcionou.<\/p>\n<p>Sele\u00e7\u00e3o s\u00f3 construiu alguma coisa de \u00fatil quando adiantou um pouco a marca\u00e7\u00e3o com Paulinho e Renato Augusto. De duas a tr\u00eas bolas roubadas, os dois ligaram Jesus e Neymar que levaram perigo o gol equatoriano.<\/p>\n<p>Fechou os 45 minutos mais preocupada em se adaptar ao jogo do Equador, \u00e0 altitude e \u00e0 bola r\u00e1pida do advers\u00e1rio.<\/p>\n<p><span class=\"alignnone\"><img data-recalc-dims=\"1\" loading=\"lazy\" decoding=\"async\" data-attachment-id=\"24061\" data-permalink=\"https:\/\/blogdoprosperi.com\/?attachment_id=24061\" data-orig-file=\"https:\/\/i0.wp.com\/blogdoprosperi.com\/wp-content\/uploads\/2016\/09\/brasil-x-equador-20160901-0017.jpg?fit=1500%2C1000&amp;ssl=1\" data-orig-size=\"1500,1000\" data-comments-opened=\"1\" data-image-meta=\"{&quot;aperture&quot;:&quot;0&quot;,&quot;credit&quot;:&quot;&quot;,&quot;camera&quot;:&quot;&quot;,&quot;caption&quot;:&quot;&quot;,&quot;created_timestamp&quot;:&quot;0&quot;,&quot;copyright&quot;:&quot;&quot;,&quot;focal_length&quot;:&quot;0&quot;,&quot;iso&quot;:&quot;0&quot;,&quot;shutter_speed&quot;:&quot;0&quot;,&quot;title&quot;:&quot;&quot;,&quot;orientation&quot;:&quot;0&quot;}\" data-image-title=\"brasil-x-equador-20160901-0017\" data-image-description=\"\" data-image-caption=\"\" data-large-file=\"https:\/\/i0.wp.com\/blogdoprosperi.com\/wp-content\/uploads\/2016\/09\/brasil-x-equador-20160901-0017.jpg?fit=940%2C627&amp;ssl=1\" class=\"alignnone size-full wp-image-24061\" src=\"https:\/\/i0.wp.com\/blogdoprosperi.com\/wp-content\/uploads\/2016\/09\/brasil-x-equador-20160901-0017.jpg?resize=940%2C627&#038;ssl=1\" alt=\"brasil-x-equador-20160901-0017\" width=\"940\" height=\"627\" \/><\/span><\/p>\n<p>No segundo tempo, a Sele\u00e7\u00e3o se imp\u00f4s. Daniel Alves e, principalmente, Marcelo apareceram. Casemiro tomou conta do seu setor e Paulinho e Renato Augusto compreenderam melhor o que fazer na hora de buscar Willian, Neymar e Jesus. E se encaixaram mais quando Philipe Coutinho substituiu Willian.<\/p>\n<p>O resto era consequ\u00eancia natural. Neymar caiu mais pelo setor esquerdo e Jesus passou a ser acionado. De uma piscada, conseguiu o p\u00eanalti convertido por Neymar. Depois, de calcanhar, fez o segundo. E, de virada, fez o gol mais bonito do jogo. Brasil 3 a 0.<\/p>\n<p>Tite consolidava a importante vit\u00f3ria na sua estreia e a certeza de que sua aposta em Gabriel Jesus \u00e9 um recado ao mundo: vem a\u00ed o novo fen\u00f4meno do futebol brasileiro.<\/p>\n<p><strong>FICHA DO JOGO<\/strong><\/p>\n<p><strong>Equador 0 x 3 Brasil<\/strong><\/p>\n<p><strong>Gols<\/strong>: Neymar, aos 25; Gabriel Jesus, aos 41 e 46 minutos do segundo tempo<\/p>\n<p><strong>Equador<\/strong>:\u00a0Alexander; Paredes, Achilier, Mina e Ayov\u00ed; Noboa, Gruezo (Gaibor), Val\u00eancia e Montero (Arroyo); Bola\u00f1os e Caicedo (Ibarra).\u00a0<strong>T\u00e9cnico<\/strong>: Gustavo Quinteros<\/p>\n<p><strong>Brasil:<\/strong> Alisson, Daniel Alves, Marquinhos, Miranda e Marcelo; Casemiro; Willian (Philipe Coutinho), Paulinho, Renato Augusto e Neymar; Gabriel Jesus. <strong>T\u00e9cnico<\/strong>: Tite<\/p>\n<p><strong>Juiz: <\/strong>Enrique C\u00e1ceres<br \/>\n<strong>Cart\u00f5es amarelos:\u00a0<\/strong>Bola\u00f1os, Montero, Paulinho, Paredes, Dominguez<b><br \/>\nCart\u00e3o vermelho: <\/b>Paredes\u00a0<b><br \/>\n<\/b><strong>P\u00fablico: <\/strong>34.877 pagantes<br \/>\n<strong>Local:<\/strong> Quito<\/p>\n","protected":false},"excerpt":{"rendered":"<p>Quando dirigia o Corinthians Tite se impressionou com Gabriel Jesus, ainda na temporada de 2015. Em conversas reservadas [&hellip;]<\/p>\n","protected":false},"author":102107496,"featured_media":0,"comment_status":"open","ping_status":"open","sticky":false,"template":"","format":"standard","meta":{"_coblocks_attr":"","_coblocks_dimensions":"","_coblocks_responsive_height":"","_coblocks_accordion_ie_support":"","_jetpack_newsletter_access":"","_jetpack_dont_email_post_to_subs":false,"_jetpack_newsletter_tier_id":0,"_jetpack_memberships_contains_paywalled_content":false,"_wpcom_ai_launchpad_first_post":false,"_jetpack_feature_clip_id":0,"_jetpack_memberships_contains_paid_content":false,"footnotes":"","jetpack_publicize_message":"","jetpack_publicize_feature_enabled":true,"jetpack_social_post_already_shared":false,"jetpack_social_options":{"image_generator_settings":{"template":"highway","default_image_id":0,"font":"","enabled":false},"version":2},"jetpack_post_was_ever_published":false},"categories":[53870],"tags":[38185,406159014,18477176,789560560,232826435,789560562,1814220],"class_list":["post-23972","post","type-post","status-publish","format-standard","hentry","category-futebol","tag-brasil","tag-eliminatorias-da-copa-de-2018","tag-equador-x-brasil","tag-futebol","tag-gabriel-jesus","tag-selecao-brasileira","tag-tite"],"yoast_head":"<!-- This site is optimized with the Yoast SEO plugin v28.4 - https:\/\/yoast.com\/product\/yoast-seo-wordpress\/ -->\n<title>Tite estreia com vit\u00f3ria na Sele\u00e7\u00e3o e lan\u00e7a ao mundo um novo fen\u00f4meno do futebol brasileiro: Gabriel Jesus - PR\u00d3SPERI NEWS<\/title>\n<meta name=\"robots\" content=\"index, follow, max-snippet:-1, max-image-preview:large, max-video-preview:-1\" \/>\n<link rel=\"canonical\" href=\"https:\/\/blogdoprosperi.com\/?p=23972\" \/>\n<meta property=\"og:locale\" content=\"pt_BR\" \/>\n<meta property=\"og:type\" content=\"article\" \/>\n<meta property=\"og:title\" content=\"Tite estreia com vit\u00f3ria na Sele\u00e7\u00e3o e lan\u00e7a ao mundo um novo fen\u00f4meno do futebol brasileiro: Gabriel Jesus - PR\u00d3SPERI NEWS\" \/>\n<meta property=\"og:description\" content=\"Quando dirigia o Corinthians Tite se impressionou com Gabriel Jesus, ainda na temporada de 2015. Em conversas reservadas [&hellip;]\" \/>\n<meta property=\"og:url\" content=\"https:\/\/blogdoprosperi.com\/?p=23972\" \/>\n<meta property=\"og:site_name\" content=\"PR\u00d3SPERI NEWS\" \/>\n<meta property=\"article:publisher\" content=\"Luiz Pr\u00f3speri\" \/>\n<meta property=\"article:author\" content=\"Luiz Pr\u00f3speri\" \/>\n<meta property=\"article:published_time\" content=\"2016-09-01T23:48:01+00:00\" \/>\n<meta property=\"article:modified_time\" content=\"2016-09-02T00:05:01+00:00\" \/>\n<meta property=\"og:image\" content=\"https:\/\/blogdoprosperi.com\/wp-content\/uploads\/2016\/09\/equador_x_brasil.jpg\" \/>\n<meta name=\"author\" content=\"Luiz Ant\u00f4nio Pr\u00f3speri\" \/>\n<meta name=\"twitter:card\" content=\"summary_large_image\" \/>\n<meta name=\"twitter:creator\" content=\"@Luizprosperi\" \/>\n<meta name=\"twitter:site\" content=\"@Luizprosperi\" \/>\n<meta name=\"twitter:label1\" content=\"Escrito por\" \/>\n\t<meta name=\"twitter:data1\" content=\"Luiz Ant\u00f4nio Pr\u00f3speri\" \/>\n\t<meta name=\"twitter:label2\" content=\"Est. tempo de leitura\" \/>\n\t<meta name=\"twitter:data2\" content=\"3 minutos\" \/>\n<script type=\"application\/ld+json\" class=\"yoast-schema-graph\">{\"@context\":\"https:\\\/\\\/schema.org\",\"@graph\":[{\"@type\":\"Article\",\"@id\":\"https:\\\/\\\/blogdoprosperi.com\\\/?p=23972#article\",\"isPartOf\":{\"@id\":\"https:\\\/\\\/blogdoprosperi.com\\\/?p=23972\"},\"author\":{\"name\":\"Luiz Ant\u00f4nio Pr\u00f3speri\",\"@id\":\"https:\\\/\\\/blogdoprosperi.com\\\/#\\\/schema\\\/person\\\/38100755ce3601861ee4fab9b5aa78e9\"},\"headline\":\"Tite estreia com vit\u00f3ria na Sele\u00e7\u00e3o e lan\u00e7a ao mundo um novo fen\u00f4meno do futebol brasileiro: Gabriel Jesus\",\"datePublished\":\"2016-09-01T23:48:01+00:00\",\"dateModified\":\"2016-09-02T00:05:01+00:00\",\"mainEntityOfPage\":{\"@id\":\"https:\\\/\\\/blogdoprosperi.com\\\/?p=23972\"},\"wordCount\":684,\"commentCount\":12,\"publisher\":{\"@id\":\"https:\\\/\\\/blogdoprosperi.com\\\/#\\\/schema\\\/person\\\/38100755ce3601861ee4fab9b5aa78e9\"},\"image\":{\"@id\":\"https:\\\/\\\/blogdoprosperi.com\\\/?p=23972#primaryimage\"},\"thumbnailUrl\":\"https:\\\/\\\/blogdoprosperi.com\\\/wp-content\\\/uploads\\\/2016\\\/09\\\/equador_x_brasil.jpg\",\"keywords\":[\"Brasil\",\"Eliminat\u00f3rias da Copa de 2018\",\"Equador x Brasil\",\"futebol\",\"Gabriel Jesus\",\"Sele\u00e7\u00e3o Brasileira\",\"Tite\"],\"articleSection\":[\"futebol\"],\"inLanguage\":\"pt-BR\",\"potentialAction\":[{\"@type\":\"CommentAction\",\"name\":\"Comment\",\"target\":[\"https:\\\/\\\/blogdoprosperi.com\\\/?p=23972#respond\"]}]},{\"@type\":\"WebPage\",\"@id\":\"https:\\\/\\\/blogdoprosperi.com\\\/?p=23972\",\"url\":\"https:\\\/\\\/blogdoprosperi.com\\\/?p=23972\",\"name\":\"Tite estreia com vit\u00f3ria na Sele\u00e7\u00e3o e lan\u00e7a ao mundo um novo fen\u00f4meno do futebol brasileiro: Gabriel Jesus - PR\u00d3SPERI NEWS\",\"isPartOf\":{\"@id\":\"https:\\\/\\\/blogdoprosperi.com\\\/#website\"},\"primaryImageOfPage\":{\"@id\":\"https:\\\/\\\/blogdoprosperi.com\\\/?p=23972#primaryimage\"},\"image\":{\"@id\":\"https:\\\/\\\/blogdoprosperi.com\\\/?p=23972#primaryimage\"},\"thumbnailUrl\":\"https:\\\/\\\/blogdoprosperi.com\\\/wp-content\\\/uploads\\\/2016\\\/09\\\/equador_x_brasil.jpg\",\"datePublished\":\"2016-09-01T23:48:01+00:00\",\"dateModified\":\"2016-09-02T00:05:01+00:00\",\"breadcrumb\":{\"@id\":\"https:\\\/\\\/blogdoprosperi.com\\\/?p=23972#breadcrumb\"},\"inLanguage\":\"pt-BR\",\"potentialAction\":[{\"@type\":\"ReadAction\",\"target\":[\"https:\\\/\\\/blogdoprosperi.com\\\/?p=23972\"]}]},{\"@type\":\"ImageObject\",\"inLanguage\":\"pt-BR\",\"@id\":\"https:\\\/\\\/blogdoprosperi.com\\\/?p=23972#primaryimage\",\"url\":\"https:\\\/\\\/i0.wp.com\\\/blogdoprosperi.com\\\/wp-content\\\/uploads\\\/2016\\\/09\\\/equador_x_brasil.jpg?fit=600%2C399&ssl=1\",\"contentUrl\":\"https:\\\/\\\/i0.wp.com\\\/blogdoprosperi.com\\\/wp-content\\\/uploads\\\/2016\\\/09\\\/equador_x_brasil.jpg?fit=600%2C399&ssl=1\",\"width\":600,\"height\":399},{\"@type\":\"BreadcrumbList\",\"@id\":\"https:\\\/\\\/blogdoprosperi.com\\\/?p=23972#breadcrumb\",\"itemListElement\":[{\"@type\":\"ListItem\",\"position\":1,\"name\":\"In\u00edcio\",\"item\":\"https:\\\/\\\/blogdoprosperi.com\\\/\"},{\"@type\":\"ListItem\",\"position\":2,\"name\":\"Tite estreia com vit\u00f3ria na Sele\u00e7\u00e3o e lan\u00e7a ao mundo um novo fen\u00f4meno do futebol brasileiro: Gabriel Jesus\"}]},{\"@type\":\"WebSite\",\"@id\":\"https:\\\/\\\/blogdoprosperi.com\\\/#website\",\"url\":\"https:\\\/\\\/blogdoprosperi.com\\\/\",\"name\":\"PR\u00d3SPERI NEWS\",\"description\":\"TUDO \u00c9  FUTEBOL\",\"publisher\":{\"@id\":\"https:\\\/\\\/blogdoprosperi.com\\\/#\\\/schema\\\/person\\\/38100755ce3601861ee4fab9b5aa78e9\"},\"alternateName\":\"blogdoprosperi.com\",\"potentialAction\":[{\"@type\":\"SearchAction\",\"target\":{\"@type\":\"EntryPoint\",\"urlTemplate\":\"https:\\\/\\\/blogdoprosperi.com\\\/?s={search_term_string}\"},\"query-input\":{\"@type\":\"PropertyValueSpecification\",\"valueRequired\":true,\"valueName\":\"search_term_string\"}}],\"inLanguage\":\"pt-BR\"},{\"@type\":[\"Person\",\"Organization\"],\"@id\":\"https:\\\/\\\/blogdoprosperi.com\\\/#\\\/schema\\\/person\\\/38100755ce3601861ee4fab9b5aa78e9\",\"name\":\"Luiz Ant\u00f4nio Pr\u00f3speri\",\"pronouns\":\"ele\",\"image\":{\"@type\":\"ImageObject\",\"inLanguage\":\"pt-BR\",\"@id\":\"https:\\\/\\\/i0.wp.com\\\/blogdoprosperi.com\\\/wp-content\\\/uploads\\\/2026\\\/05\\\/cropped-8059e613-6002-42fa-961e-8e275f575d71-2-5.jpg?fit=1360%2C931&ssl=1\",\"url\":\"https:\\\/\\\/i0.wp.com\\\/blogdoprosperi.com\\\/wp-content\\\/uploads\\\/2026\\\/05\\\/cropped-8059e613-6002-42fa-961e-8e275f575d71-2-5.jpg?fit=1360%2C931&ssl=1\",\"contentUrl\":\"https:\\\/\\\/i0.wp.com\\\/blogdoprosperi.com\\\/wp-content\\\/uploads\\\/2026\\\/05\\\/cropped-8059e613-6002-42fa-961e-8e275f575d71-2-5.jpg?fit=1360%2C931&ssl=1\",\"width\":1360,\"height\":931,\"caption\":\"Luiz Ant\u00f4nio Pr\u00f3speri\"},\"logo\":{\"@id\":\"https:\\\/\\\/i0.wp.com\\\/blogdoprosperi.com\\\/wp-content\\\/uploads\\\/2026\\\/05\\\/cropped-8059e613-6002-42fa-961e-8e275f575d71-2-5.jpg?fit=1360%2C931&ssl=1\"},\"description\":\"Jornalista com carreira dedicada ao esporte. Cobriu 9 Copas do Mundo in loco, 1990 na It\u00e1lia, 1994 nos EUA, 1998 na Fran\u00e7a, 2002 na Coreia do Sul e Jap\u00e3o, 2006 na Alemanha, 2010 na \u00c1frica do Sul, 2014 no Brasil, 2018 na R\u00fassia e 2022 no Qatar. Eurocopas, 1992 na Su\u00e9cia e 1996 na Inglaterra. Copa das Confedera\u00e7\u00f5es de 2005 na Alemanha e 2009 na \u00c1frica do Sul. Rep\u00f3rter e Editor, trabalhou no Jornal da Tarde e Estad\u00e3o, de 1984 a fevereiro de 2016. Colunista, blogueiro. E comentarista de futebol na R\u00e1dio Estad\u00e3o, de 2013 a fevereiro de 2016. Jornalista respons\u00e1vel do \\\"Pr\u00f3speri News\\\" (blogdoprosperi.com).\",\"sameAs\":[\"http:\\\/\\\/blogdoprosperi.com\",\"Luiz Pr\u00f3speri\",\"@luiz_prosperi\",\"https:\\\/\\\/x.com\\\/Luizprosperi\",\"@prosperinacopa\",\"luiz.prosperi@icloud.com\"],\"url\":\"https:\\\/\\\/blogdoprosperi.com\\\/?author=102107496\"}]}<\/script>\n<!-- \/ Yoast SEO plugin. -->","yoast_head_json":{"title":"Tite estreia com vit\u00f3ria na Sele\u00e7\u00e3o e lan\u00e7a ao mundo um novo fen\u00f4meno do futebol brasileiro: Gabriel Jesus - PR\u00d3SPERI NEWS","robots":{"index":"index","follow":"follow","max-snippet":"max-snippet:-1","max-image-preview":"max-image-preview:large","max-video-preview":"max-video-preview:-1"},"canonical":"https:\/\/blogdoprosperi.com\/?p=23972","og_locale":"pt_BR","og_type":"article","og_title":"Tite estreia com vit\u00f3ria na Sele\u00e7\u00e3o e lan\u00e7a ao mundo um novo fen\u00f4meno do futebol brasileiro: Gabriel Jesus - PR\u00d3SPERI NEWS","og_description":"Quando dirigia o Corinthians Tite se impressionou com Gabriel Jesus, ainda na temporada de 2015. Em conversas reservadas [&hellip;]","og_url":"https:\/\/blogdoprosperi.com\/?p=23972","og_site_name":"PR\u00d3SPERI NEWS","article_publisher":"Luiz Pr\u00f3speri","article_author":"Luiz Pr\u00f3speri","article_published_time":"2016-09-01T23:48:01+00:00","article_modified_time":"2016-09-02T00:05:01+00:00","og_image":[{"url":"https:\/\/blogdoprosperi.com\/wp-content\/uploads\/2016\/09\/equador_x_brasil.jpg","type":"","width":"","height":""}],"author":"Luiz Ant\u00f4nio Pr\u00f3speri","twitter_card":"summary_large_image","twitter_creator":"@Luizprosperi","twitter_site":"@Luizprosperi","twitter_misc":{"Escrito por":"Luiz Ant\u00f4nio Pr\u00f3speri","Est. tempo de leitura":"3 minutos"},"schema":{"@context":"https:\/\/schema.org","@graph":[{"@type":"Article","@id":"https:\/\/blogdoprosperi.com\/?p=23972#article","isPartOf":{"@id":"https:\/\/blogdoprosperi.com\/?p=23972"},"author":{"name":"Luiz Ant\u00f4nio Pr\u00f3speri","@id":"https:\/\/blogdoprosperi.com\/#\/schema\/person\/38100755ce3601861ee4fab9b5aa78e9"},"headline":"Tite estreia com vit\u00f3ria na Sele\u00e7\u00e3o e lan\u00e7a ao mundo um novo fen\u00f4meno do futebol brasileiro: Gabriel Jesus","datePublished":"2016-09-01T23:48:01+00:00","dateModified":"2016-09-02T00:05:01+00:00","mainEntityOfPage":{"@id":"https:\/\/blogdoprosperi.com\/?p=23972"},"wordCount":684,"commentCount":12,"publisher":{"@id":"https:\/\/blogdoprosperi.com\/#\/schema\/person\/38100755ce3601861ee4fab9b5aa78e9"},"image":{"@id":"https:\/\/blogdoprosperi.com\/?p=23972#primaryimage"},"thumbnailUrl":"https:\/\/blogdoprosperi.com\/wp-content\/uploads\/2016\/09\/equador_x_brasil.jpg","keywords":["Brasil","Eliminat\u00f3rias da Copa de 2018","Equador x Brasil","futebol","Gabriel Jesus","Sele\u00e7\u00e3o Brasileira","Tite"],"articleSection":["futebol"],"inLanguage":"pt-BR","potentialAction":[{"@type":"CommentAction","name":"Comment","target":["https:\/\/blogdoprosperi.com\/?p=23972#respond"]}]},{"@type":"WebPage","@id":"https:\/\/blogdoprosperi.com\/?p=23972","url":"https:\/\/blogdoprosperi.com\/?p=23972","name":"Tite estreia com vit\u00f3ria na Sele\u00e7\u00e3o e lan\u00e7a ao mundo um novo fen\u00f4meno do futebol brasileiro: Gabriel Jesus - PR\u00d3SPERI NEWS","isPartOf":{"@id":"https:\/\/blogdoprosperi.com\/#website"},"primaryImageOfPage":{"@id":"https:\/\/blogdoprosperi.com\/?p=23972#primaryimage"},"image":{"@id":"https:\/\/blogdoprosperi.com\/?p=23972#primaryimage"},"thumbnailUrl":"https:\/\/blogdoprosperi.com\/wp-content\/uploads\/2016\/09\/equador_x_brasil.jpg","datePublished":"2016-09-01T23:48:01+00:00","dateModified":"2016-09-02T00:05:01+00:00","breadcrumb":{"@id":"https:\/\/blogdoprosperi.com\/?p=23972#breadcrumb"},"inLanguage":"pt-BR","potentialAction":[{"@type":"ReadAction","target":["https:\/\/blogdoprosperi.com\/?p=23972"]}]},{"@type":"ImageObject","inLanguage":"pt-BR","@id":"https:\/\/blogdoprosperi.com\/?p=23972#primaryimage","url":"https:\/\/i0.wp.com\/blogdoprosperi.com\/wp-content\/uploads\/2016\/09\/equador_x_brasil.jpg?fit=600%2C399&ssl=1","contentUrl":"https:\/\/i0.wp.com\/blogdoprosperi.com\/wp-content\/uploads\/2016\/09\/equador_x_brasil.jpg?fit=600%2C399&ssl=1","width":600,"height":399},{"@type":"BreadcrumbList","@id":"https:\/\/blogdoprosperi.com\/?p=23972#breadcrumb","itemListElement":[{"@type":"ListItem","position":1,"name":"In\u00edcio","item":"https:\/\/blogdoprosperi.com\/"},{"@type":"ListItem","position":2,"name":"Tite estreia com vit\u00f3ria na Sele\u00e7\u00e3o e lan\u00e7a ao mundo um novo fen\u00f4meno do futebol brasileiro: Gabriel Jesus"}]},{"@type":"WebSite","@id":"https:\/\/blogdoprosperi.com\/#website","url":"https:\/\/blogdoprosperi.com\/","name":"PR\u00d3SPERI NEWS","description":"TUDO \u00c9  FUTEBOL","publisher":{"@id":"https:\/\/blogdoprosperi.com\/#\/schema\/person\/38100755ce3601861ee4fab9b5aa78e9"},"alternateName":"blogdoprosperi.com","potentialAction":[{"@type":"SearchAction","target":{"@type":"EntryPoint","urlTemplate":"https:\/\/blogdoprosperi.com\/?s={search_term_string}"},"query-input":{"@type":"PropertyValueSpecification","valueRequired":true,"valueName":"search_term_string"}}],"inLanguage":"pt-BR"},{"@type":["Person","Organization"],"@id":"https:\/\/blogdoprosperi.com\/#\/schema\/person\/38100755ce3601861ee4fab9b5aa78e9","name":"Luiz Ant\u00f4nio Pr\u00f3speri","pronouns":"ele","image":{"@type":"ImageObject","inLanguage":"pt-BR","@id":"https:\/\/i0.wp.com\/blogdoprosperi.com\/wp-content\/uploads\/2026\/05\/cropped-8059e613-6002-42fa-961e-8e275f575d71-2-5.jpg?fit=1360%2C931&ssl=1","url":"https:\/\/i0.wp.com\/blogdoprosperi.com\/wp-content\/uploads\/2026\/05\/cropped-8059e613-6002-42fa-961e-8e275f575d71-2-5.jpg?fit=1360%2C931&ssl=1","contentUrl":"https:\/\/i0.wp.com\/blogdoprosperi.com\/wp-content\/uploads\/2026\/05\/cropped-8059e613-6002-42fa-961e-8e275f575d71-2-5.jpg?fit=1360%2C931&ssl=1","width":1360,"height":931,"caption":"Luiz Ant\u00f4nio Pr\u00f3speri"},"logo":{"@id":"https:\/\/i0.wp.com\/blogdoprosperi.com\/wp-content\/uploads\/2026\/05\/cropped-8059e613-6002-42fa-961e-8e275f575d71-2-5.jpg?fit=1360%2C931&ssl=1"},"description":"Jornalista com carreira dedicada ao esporte. Cobriu 9 Copas do Mundo in loco, 1990 na It\u00e1lia, 1994 nos EUA, 1998 na Fran\u00e7a, 2002 na Coreia do Sul e Jap\u00e3o, 2006 na Alemanha, 2010 na \u00c1frica do Sul, 2014 no Brasil, 2018 na R\u00fassia e 2022 no Qatar. Eurocopas, 1992 na Su\u00e9cia e 1996 na Inglaterra. Copa das Confedera\u00e7\u00f5es de 2005 na Alemanha e 2009 na \u00c1frica do Sul. Rep\u00f3rter e Editor, trabalhou no Jornal da Tarde e Estad\u00e3o, de 1984 a fevereiro de 2016. Colunista, blogueiro. E comentarista de futebol na R\u00e1dio Estad\u00e3o, de 2013 a fevereiro de 2016. Jornalista respons\u00e1vel do \"Pr\u00f3speri News\" (blogdoprosperi.com).","sameAs":["http:\/\/blogdoprosperi.com","Luiz Pr\u00f3speri","@luiz_prosperi","https:\/\/x.com\/Luizprosperi","@prosperinacopa","luiz.prosperi@icloud.com"],"url":"https:\/\/blogdoprosperi.com\/?author=102107496"}]}},"jetpack_publicize_connections":[],"jetpack_likes_enabled":false,"jetpack_sharing_enabled":true,"jetpack_shortlink":"https:\/\/wp.me\/p7jvdk-6eE","jetpack-related-posts":[{"id":32379,"url":"https:\/\/blogdoprosperi.com\/?p=32379","url_meta":{"origin":23972,"position":0},"title":"Gabriel Jesus retribui a Tite a confian\u00e7a da camisa 9 e leva Brasil \u00e0 sexta vit\u00f3ria consecutiva nas Eliminat\u00f3rias 2018","author":"Luiz Ant\u00f4nio Pr\u00f3speri","date":"16 de novembro de 2016","format":false,"excerpt":"Gabriel Jesus retribui a Tite a confian\u00e7a de receber do treinador da Sele\u00e7\u00e3o Brasileira a emblem\u00e1tica camisa 9, vestida por alguns mitos do nosso futebol. De seus p\u00e9s nasceu a sexta vit\u00f3ria consecutiva do escrete sob nova dire\u00e7\u00e3o.\u00a0Dessa vez a v\u00edtima foi a Sele\u00e7\u00e3o Peruana, derrotada por 2 a 0\u2026","rel":"","context":"Em &quot;futebol&quot;","block_context":{"text":"futebol","link":"https:\/\/blogdoprosperi.com\/?cat=53870"},"img":{"alt_text":"","src":"https:\/\/i0.wp.com\/blogdoprosperi.com\/wp-content\/uploads\/2016\/11\/636148696124246394.jpg?resize=350%2C200","width":350,"height":200,"srcset":"https:\/\/i0.wp.com\/blogdoprosperi.com\/wp-content\/uploads\/2016\/11\/636148696124246394.jpg?resize=350%2C200 1x, https:\/\/i0.wp.com\/blogdoprosperi.com\/wp-content\/uploads\/2016\/11\/636148696124246394.jpg?resize=525%2C300 1.5x"},"classes":[]},{"id":28148,"url":"https:\/\/blogdoprosperi.com\/?p=28148","url_meta":{"origin":23972,"position":1},"title":"Al\u00f4 Neymar, Sele\u00e7\u00e3o Brasileira sabe vencer sem voc\u00ea","author":"Luiz Ant\u00f4nio Pr\u00f3speri","date":"11 de outubro de 2016","format":false,"excerpt":"Sele\u00e7\u00e3o Brasileira n\u00e3o sentiu a falta de Neymar para assumir a lideran\u00e7a das Eliminat\u00f3rias da Copa de 2018. Sem grandes sustos, derrotou a fraca Venezuela por 2 a 0 em M\u00e9rida. Sem o craque, o time fez tudo certo. Tudo bem que sem muito lustro, sem nada de muito especial,\u2026","rel":"","context":"Em &quot;futebol&quot;","block_context":{"text":"futebol","link":"https:\/\/blogdoprosperi.com\/?cat=53870"},"img":{"alt_text":"","src":"https:\/\/i0.wp.com\/blogdoprosperi.com\/wp-content\/uploads\/2016\/10\/soccer-worldcup-ven-bra_-ghf2v00n7-1.jpg?resize=350%2C200&ssl=1","width":350,"height":200,"srcset":"https:\/\/i0.wp.com\/blogdoprosperi.com\/wp-content\/uploads\/2016\/10\/soccer-worldcup-ven-bra_-ghf2v00n7-1.jpg?resize=350%2C200&ssl=1 1x, https:\/\/i0.wp.com\/blogdoprosperi.com\/wp-content\/uploads\/2016\/10\/soccer-worldcup-ven-bra_-ghf2v00n7-1.jpg?resize=525%2C300&ssl=1 1.5x, https:\/\/i0.wp.com\/blogdoprosperi.com\/wp-content\/uploads\/2016\/10\/soccer-worldcup-ven-bra_-ghf2v00n7-1.jpg?resize=700%2C400&ssl=1 2x, https:\/\/i0.wp.com\/blogdoprosperi.com\/wp-content\/uploads\/2016\/10\/soccer-worldcup-ven-bra_-ghf2v00n7-1.jpg?resize=1050%2C600&ssl=1 3x"},"classes":[]},{"id":31893,"url":"https:\/\/blogdoprosperi.com\/?p=31893","url_meta":{"origin":23972,"position":2},"title":"Sele\u00e7\u00e3o Brasileira mostra sua identidade e deixa Argentina mais longe da R\u00fassia","author":"Luiz Ant\u00f4nio Pr\u00f3speri","date":"11 de novembro de 2016","format":false,"excerpt":"Sele\u00e7\u00e3o Brasileira resgatou sua identidade com uma vit\u00f3ria categ\u00f3rica por 3 a 0 contra Argentina no Mineir\u00e3o. Quando se enquadra um rival de tradi\u00e7\u00e3o, de camisa, \u00e9 sinal de que est\u00e1 no caminho certo. Brasil de Tite se fez presente no momento de dificuldade e se imp\u00f4s com autoridade ao\u2026","rel":"","context":"Em &quot;futebol&quot;","block_context":{"text":"futebol","link":"https:\/\/blogdoprosperi.com\/?cat=53870"},"img":{"alt_text":"","src":"https:\/\/i0.wp.com\/blogdoprosperi.com\/wp-content\/uploads\/2016\/11\/hi-res-4f0f6ac59400c008cabfd17b7340b772_crop_north.jpg?resize=350%2C200&ssl=1","width":350,"height":200,"srcset":"https:\/\/i0.wp.com\/blogdoprosperi.com\/wp-content\/uploads\/2016\/11\/hi-res-4f0f6ac59400c008cabfd17b7340b772_crop_north.jpg?resize=350%2C200&ssl=1 1x, https:\/\/i0.wp.com\/blogdoprosperi.com\/wp-content\/uploads\/2016\/11\/hi-res-4f0f6ac59400c008cabfd17b7340b772_crop_north.jpg?resize=525%2C300&ssl=1 1.5x"},"classes":[]},{"id":38604,"url":"https:\/\/blogdoprosperi.com\/?p=38604","url_meta":{"origin":23972,"position":3},"title":"Sele\u00e7\u00e3o Brasileira veste azul, vence Paraguai e divulga manifesto","author":"Luiz Ant\u00f4nio Pr\u00f3speri","date":"8 de junho de 2021","format":false,"excerpt":"De camisa azul, Sele\u00e7\u00e3o Brasileira vence Paraguai por 2 a 0, quebra tabu de 35 anos sem vit\u00f3rias contra este advers\u00e1rio fora de casa em jogos de Eliminat\u00f3rias de Copa do Mundo e, por meio de um manifesto dos jogadores, confirma participa\u00e7\u00e3o na pol\u00eamica Copa Am\u00e9rica 2021. O Jogo Tite\u2026","rel":"","context":"Em &quot;futebol&quot;","block_context":{"text":"futebol","link":"https:\/\/blogdoprosperi.com\/?cat=53870"},"img":{"alt_text":"","src":"https:\/\/i0.wp.com\/blogdoprosperi.com\/wp-content\/uploads\/2021\/06\/e3amt9pxeamstcm.jpeg?fit=1080%2C830&ssl=1&resize=350%2C200","width":350,"height":200,"srcset":"https:\/\/i0.wp.com\/blogdoprosperi.com\/wp-content\/uploads\/2021\/06\/e3amt9pxeamstcm.jpeg?fit=1080%2C830&ssl=1&resize=350%2C200 1x, https:\/\/i0.wp.com\/blogdoprosperi.com\/wp-content\/uploads\/2021\/06\/e3amt9pxeamstcm.jpeg?fit=1080%2C830&ssl=1&resize=525%2C300 1.5x, https:\/\/i0.wp.com\/blogdoprosperi.com\/wp-content\/uploads\/2021\/06\/e3amt9pxeamstcm.jpeg?fit=1080%2C830&ssl=1&resize=700%2C400 2x, https:\/\/i0.wp.com\/blogdoprosperi.com\/wp-content\/uploads\/2021\/06\/e3amt9pxeamstcm.jpeg?fit=1080%2C830&ssl=1&resize=1050%2C600 3x"},"classes":[]},{"id":24298,"url":"https:\/\/blogdoprosperi.com\/?p=24298","url_meta":{"origin":23972,"position":4},"title":"Philipe Coutinho muda o jogo e Tite alcan\u00e7a segunda vit\u00f3ria consecutiva com a Sele\u00e7\u00e3o","author":"Luiz Ant\u00f4nio Pr\u00f3speri","date":"7 de setembro de 2016","format":false,"excerpt":"Se Gabriel Jesus fez a diferen\u00e7a na estreia de Tite no comando da Sele\u00e7\u00e3o Brasileira contra o Equador, Philipe Coutinho mudou o rumo do jogo na vit\u00f3ria diante da Col\u00f4mbia por 2 a 1 nesta ter\u00e7a-feira (06\/9), em Manaus, pelas Eliminat\u00f3rias da Copa de 2018. O meia do Liverpool entrou\u2026","rel":"","context":"Em &quot;futebol&quot;","block_context":{"text":"futebol","link":"https:\/\/blogdoprosperi.com\/?cat=53870"},"img":{"alt_text":"","src":"https:\/\/i0.wp.com\/blogdoprosperi.com\/wp-content\/uploads\/2016\/09\/20160906233731_57cf7d6b04778.jpg?resize=350%2C200&ssl=1","width":350,"height":200,"srcset":"https:\/\/i0.wp.com\/blogdoprosperi.com\/wp-content\/uploads\/2016\/09\/20160906233731_57cf7d6b04778.jpg?resize=350%2C200&ssl=1 1x, https:\/\/i0.wp.com\/blogdoprosperi.com\/wp-content\/uploads\/2016\/09\/20160906233731_57cf7d6b04778.jpg?resize=525%2C300&ssl=1 1.5x, https:\/\/i0.wp.com\/blogdoprosperi.com\/wp-content\/uploads\/2016\/09\/20160906233731_57cf7d6b04778.jpg?resize=700%2C400&ssl=1 2x, https:\/\/i0.wp.com\/blogdoprosperi.com\/wp-content\/uploads\/2016\/09\/20160906233731_57cf7d6b04778.jpg?resize=1050%2C600&ssl=1 3x, https:\/\/i0.wp.com\/blogdoprosperi.com\/wp-content\/uploads\/2016\/09\/20160906233731_57cf7d6b04778.jpg?resize=1400%2C800&ssl=1 4x"},"classes":[]},{"id":35014,"url":"https:\/\/blogdoprosperi.com\/?p=35014","url_meta":{"origin":23972,"position":5},"title":"Gabriel Jesus sai de cena por tr\u00eas meses, Guardiola e Tite sentem o golpe","author":"Luiz Ant\u00f4nio Pr\u00f3speri","date":"14 de fevereiro de 2017","format":false,"excerpt":"Fratura do dedo mindinho do p\u00e9 direito afasta Gabriel Jesus do futebol por at\u00e9 tr\u00eas meses, atestam os m\u00e9dicos do Manchester City. O garoto de 19 anos se machucou no jogo contra o Bournemouth no Campeonato Ingl\u00eas nesta segunda-feira. Aclamado como destaque do time de Pep Guardiola, empurrando o argentino\u2026","rel":"","context":"Em &quot;futebol&quot;","block_context":{"text":"futebol","link":"https:\/\/blogdoprosperi.com\/?cat=53870"},"img":{"alt_text":"ece_02_gabriel_jesus_boot","src":"https:\/\/i0.wp.com\/blogdoprosperi.com\/wp-content\/uploads\/2017\/02\/ece_02_gabriel_jesus_boot.jpg?resize=350%2C200&ssl=1","width":350,"height":200,"srcset":"https:\/\/i0.wp.com\/blogdoprosperi.com\/wp-content\/uploads\/2017\/02\/ece_02_gabriel_jesus_boot.jpg?resize=350%2C200&ssl=1 1x, https:\/\/i0.wp.com\/blogdoprosperi.com\/wp-content\/uploads\/2017\/02\/ece_02_gabriel_jesus_boot.jpg?resize=525%2C300&ssl=1 1.5x"},"classes":[]}],"jetpack_featured_media_url":"","_links":{"self":[{"href":"https:\/\/blogdoprosperi.com\/index.php?rest_route=\/wp\/v2\/posts\/23972","targetHints":{"allow":["GET"]}}],"collection":[{"href":"https:\/\/blogdoprosperi.com\/index.php?rest_route=\/wp\/v2\/posts"}],"about":[{"href":"https:\/\/blogdoprosperi.com\/index.php?rest_route=\/wp\/v2\/types\/post"}],"author":[{"embeddable":true,"href":"https:\/\/blogdoprosperi.com\/index.php?rest_route=\/wp\/v2\/users\/102107496"}],"replies":[{"embeddable":true,"href":"https:\/\/blogdoprosperi.com\/index.php?rest_route=%2Fwp%2Fv2%2Fcomments&post=23972"}],"version-history":[{"count":25,"href":"https:\/\/blogdoprosperi.com\/index.php?rest_route=\/wp\/v2\/posts\/23972\/revisions"}],"predecessor-version":[{"id":24065,"href":"https:\/\/blogdoprosperi.com\/index.php?rest_route=\/wp\/v2\/posts\/23972\/revisions\/24065"}],"wp:attachment":[{"href":"https:\/\/blogdoprosperi.com\/index.php?rest_route=%2Fwp%2Fv2%2Fmedia&parent=23972"}],"wp:term":[{"taxonomy":"category","embeddable":true,"href":"https:\/\/blogdoprosperi.com\/index.php?rest_route=%2Fwp%2Fv2%2Fcategories&post=23972"},{"taxonomy":"post_tag","embeddable":true,"href":"https:\/\/blogdoprosperi.com\/index.php?rest_route=%2Fwp%2Fv2%2Ftags&post=23972"}],"curies":[{"name":"wp","href":"https:\/\/api.w.org\/{rel}","templated":true}]}}