{"id":24066,"date":"2016-09-02T20:26:43","date_gmt":"2016-09-02T23:26:43","guid":{"rendered":"http:\/\/blogdoprosperi.com\/?p=24066"},"modified":"2016-09-02T21:03:28","modified_gmt":"2016-09-03T00:03:28","slug":"guardiola-nao-inscreve-gabriel-jesus-na-champions-league","status":"publish","type":"post","link":"https:\/\/blogdoprosperi.com\/?p=24066","title":{"rendered":"Guardiola n\u00e3o inscreve Gabriel Jesus na Champions League"},"content":{"rendered":"<p><span class=\"alignnone\"><a href=\"http:\/\/blogdoprosperi.com\/2016\/08\/03\/manchester-city-confirma-contratacao-de-gabriel-jesus\/\"><img data-recalc-dims=\"1\" loading=\"lazy\" decoding=\"async\" data-attachment-id=\"24121\" data-permalink=\"https:\/\/blogdoprosperi.com\/?attachment_id=24121\" data-orig-file=\"https:\/\/i0.wp.com\/blogdoprosperi.com\/wp-content\/uploads\/2016\/09\/1732.jpg?fit=620%2C372&amp;ssl=1\" data-orig-size=\"620,372\" data-comments-opened=\"1\" data-image-meta=\"{&quot;aperture&quot;:&quot;0&quot;,&quot;credit&quot;:&quot;&quot;,&quot;camera&quot;:&quot;&quot;,&quot;caption&quot;:&quot;&quot;,&quot;created_timestamp&quot;:&quot;0&quot;,&quot;copyright&quot;:&quot;&quot;,&quot;focal_length&quot;:&quot;0&quot;,&quot;iso&quot;:&quot;0&quot;,&quot;shutter_speed&quot;:&quot;0&quot;,&quot;title&quot;:&quot;&quot;,&quot;orientation&quot;:&quot;0&quot;}\" data-image-title=\"1732\" data-image-description=\"\" data-image-caption=\"\" data-large-file=\"https:\/\/i0.wp.com\/blogdoprosperi.com\/wp-content\/uploads\/2016\/09\/1732.jpg?fit=620%2C372&amp;ssl=1\" class=\"alignnone size-full wp-image-24121\" src=\"https:\/\/i0.wp.com\/blogdoprosperi.com\/wp-content\/uploads\/2016\/09\/1732.jpg?resize=620%2C372&#038;ssl=1\" alt=\"1732\" width=\"620\" height=\"372\" \/><\/a><\/span><\/p>\n<p><a href=\"http:\/\/blogdoprosperi.com\/2016\/08\/03\/manchester-city-confirma-contratacao-de-gabriel-jesus\/\">Manchester City <\/a>n\u00e3o inscreveu Gabriel Jesus na fase de grupos da Liga dos Campe\u00f5es da Europa, a Champions League, que vai de setembro a dezembro de 2016 &#8211; per\u00edodo em que o <a href=\"http:\/\/blogdoprosperi.com\/2016\/08\/28\/palmeiras-e-diferente-com-gabriel-jesus-azar-do-fluminense\/\">jogador permanecer\u00e1 no Palmeiras<\/a>\u00a0-, como estabelece a regra de que um jogador n\u00e3o pode ser inscrito em duas competi\u00e7\u00f5es por clubes diferentes. No mata-mata, com in\u00edcio previsto em fevereiro do ano que vem, clubes podem substituir at\u00e9 tr\u00eas jogadores que tenham sido contratados na janela de transfer\u00eancia, de 1.\u00ba de janeiro a 2 de fevereiro de 2017.<\/p>\n<p>Jesus tamb\u00e9m n\u00e3o aparece na Lista B de jogadores que poderiam ser trocados na fase de mata-mata pelo clube ingl\u00eas em 2017. A aus\u00eancia na rela\u00e7\u00e3o de Guardiola abre a especula\u00e7\u00e3o de que Gabriel Jesus possa se apresentar ao City apenas em julho de 2017.<!--more--><\/p>\n<p>De acordo com o site oficial da Uefa, cada clube pode trocar at\u00e9 tr\u00eas jogadores depois da fase de grupos, desde que tenham sido contratados na janela de janeiro de 2017 ou estejam na Lista B inscrita pelo treinador. Veja o link com as <a href=\"http:\/\/pt.uefa.com\/uefachampionsleague\/news\/newsid=2277227.html\">regras da inscri\u00e7\u00e3o de jogadores na Chamipons<\/a>.<\/p>\n<p><span class=\"alignnone\"><img data-recalc-dims=\"1\" loading=\"lazy\" decoding=\"async\" data-attachment-id=\"24122\" data-permalink=\"https:\/\/blogdoprosperi.com\/?attachment_id=24122\" data-orig-file=\"https:\/\/i0.wp.com\/blogdoprosperi.com\/wp-content\/uploads\/2016\/09\/13725741_1798892357014430_1842631572_n.jpg?fit=480%2C480&amp;ssl=1\" data-orig-size=\"480,480\" data-comments-opened=\"1\" data-image-meta=\"{&quot;aperture&quot;:&quot;0&quot;,&quot;credit&quot;:&quot;&quot;,&quot;camera&quot;:&quot;&quot;,&quot;caption&quot;:&quot;&quot;,&quot;created_timestamp&quot;:&quot;0&quot;,&quot;copyright&quot;:&quot;&quot;,&quot;focal_length&quot;:&quot;0&quot;,&quot;iso&quot;:&quot;0&quot;,&quot;shutter_speed&quot;:&quot;0&quot;,&quot;title&quot;:&quot;&quot;,&quot;orientation&quot;:&quot;0&quot;}\" data-image-title=\"13725741_1798892357014430_1842631572_n\" data-image-description=\"\" data-image-caption=\"\" data-large-file=\"https:\/\/i0.wp.com\/blogdoprosperi.com\/wp-content\/uploads\/2016\/09\/13725741_1798892357014430_1842631572_n.jpg?fit=480%2C480&amp;ssl=1\" class=\"alignnone  wp-image-24122 alignright\" src=\"https:\/\/i0.wp.com\/blogdoprosperi.com\/wp-content\/uploads\/2016\/09\/13725741_1798892357014430_1842631572_n.jpg?resize=265%2C265&#038;ssl=1\" alt=\"13725741_1798892357014430_1842631572_n\" width=\"265\" height=\"265\" \/><\/span>No site da Uefa, o nome de<a href=\"http:\/\/blogdoprosperi.com\/2016\/07\/22\/entenda-como-gabriel-jesus-escolheu-manchester-city-para-jogar-na-europa\/\"> Gabriel Jesus <\/a>n\u00e3o aparece nem na Lista A de Guardiola e muito menos na Lista B do inscritos do City pelo treinador na Champions League. A lista foi fechada antes da<a href=\"http:\/\/blogdoprosperi.com\/2016\/09\/01\/tite-estreia-com-vitoria-na-selecao-e-lanca-ao-mundo-um-novo-fenomeno-do-futebol-brasileiro-gabriel-jesus\/\"> estreia estrondosa de Jesus na Sele\u00e7\u00e3o Brasileira<\/a>, com direito a dois gols e p\u00eanalti sofrido, na vit\u00f3ria por 3 a 0 contra o Equador.<\/p>\n<p>Na vers\u00e3o brasileira do site do City \u00a0diz que &#8220;o Manchester City teve de anunciar o seu plantel para a pr\u00f3xima fase da Liga dos Campe\u00f5es at\u00e9 ontem a noite (quinta) e n\u00e3o houve muitas surpresas, embora Yaya Tour\u00e9 tenha ficado de fora.\u00a0Pep Guardiola incluiu Vincent Company e Ilka Gundogan no elenco com a expectativa de um retorno de longas les\u00f5es que at\u00e9 agora o fez perder todos os jogos.&#8221;<\/p>\n<p><span class=\"alignnone\"><img data-recalc-dims=\"1\" loading=\"lazy\" decoding=\"async\" data-attachment-id=\"24123\" data-permalink=\"https:\/\/blogdoprosperi.com\/?attachment_id=24123\" data-orig-file=\"https:\/\/i0.wp.com\/blogdoprosperi.com\/wp-content\/uploads\/2016\/09\/brasil-x-equador-20160901-0016.jpg?fit=928%2C613&amp;ssl=1\" data-orig-size=\"928,613\" data-comments-opened=\"1\" data-image-meta=\"{&quot;aperture&quot;:&quot;0&quot;,&quot;credit&quot;:&quot;&quot;,&quot;camera&quot;:&quot;&quot;,&quot;caption&quot;:&quot;&quot;,&quot;created_timestamp&quot;:&quot;0&quot;,&quot;copyright&quot;:&quot;&quot;,&quot;focal_length&quot;:&quot;0&quot;,&quot;iso&quot;:&quot;0&quot;,&quot;shutter_speed&quot;:&quot;0&quot;,&quot;title&quot;:&quot;&quot;,&quot;orientation&quot;:&quot;0&quot;}\" data-image-title=\"brasil-x-equador-20160901-0016\" data-image-description=\"\" data-image-caption=\"\" data-large-file=\"https:\/\/i0.wp.com\/blogdoprosperi.com\/wp-content\/uploads\/2016\/09\/brasil-x-equador-20160901-0016.jpg?fit=928%2C613&amp;ssl=1\" class=\"alignnone size-full wp-image-24123\" src=\"https:\/\/i0.wp.com\/blogdoprosperi.com\/wp-content\/uploads\/2016\/09\/brasil-x-equador-20160901-0016.jpg?resize=928%2C613&#038;ssl=1\" alt=\"brasil-x-equador-20160901-0016\" width=\"928\" height=\"613\" \/><\/span><\/p>\n<p>O City est\u00e1 no <strong>Grupo C da Champions<\/strong> ao lado do Barcelona, Borussia Monchengladbach e Celtic.<\/p>\n<p>Veja as listas A e B oficiais do clube ingl\u00eas no site da Uefa:<\/p>\n<p><strong>CLUBE: MANCHESTER CITY<\/strong><\/p>\n<div class=\"bC\">\n<div class=\"jTabs d3-plugin tabs  ui-tabs ui-widget ui-widget-content ui-corner-all\">\n<ul class=\"menu ui-tabs-nav ui-helper-reset ui-helper-clearfix ui-widget-header ui-corner-all\">\n<li class=\"ui-state-default ui-corner-top ui-tabs-active ui-state-active\"><a id=\"ui-id-1\" class=\"ui-tabs-anchor\" href=\"http:\/\/pt.uefa.com\/uefachampionsleague\/season=2017\/clubs\/club=52919\/library\/round=2000779\/_squadlist.html\">Fase de qualifica\u00e7\u00e3o\u00a0<\/a><\/li>\n<li class=\"last selected ui-state-default ui-corner-top\"><a id=\"ui-id-2\" class=\"ui-tabs-anchor\" href=\"http:\/\/pt.uefa.com\/uefachampionsleague\/season=2017\/clubs\/club=52919\/index.html#ui-tabs-\">Fase final\u00a0<\/a><\/li>\n<\/ul>\n<div id=\"ui-tabs-1\" class=\"ui-tabs-panel ui-widget-content ui-corner-bottom\">\n<div id=\"SquadList\">\n<div id=\"gk_df\">\n<div id=\"gkp\">\n<h2 class=\"medTitle\">Goleiros<\/h2>\n<table class=\"sortTable d3-plugin\">\n<tbody>\n<tr>\n<th><abbr title=\"N\u00famero\">Nr<\/abbr><\/th>\n<th class=\"l\">Nome<\/th>\n<th><abbr title=\"Jogados\">Jogos<\/abbr><\/th>\n<th><abbr title=\"Golos\">Gols<\/abbr><\/th>\n<\/tr>\n<tr class=\"player 104231\">\n<td class=\"number\">1<\/td>\n<td class=\"playername l\"><a title=\"Hart\" href=\"http:\/\/pt.uefa.com\/uefachampionsleague\/season=2017\/clubs\/player=104231\/index.html\">Joe Hart<\/a><\/td>\n<td class=\"number\">1<\/td>\n<td class=\"number\">0<\/td>\n<\/tr>\n<tr class=\"player 250075757\">\n<td class=\"number\">13<\/td>\n<td class=\"playername l\"><a title=\"Caballero\" href=\"http:\/\/pt.uefa.com\/uefachampionsleague\/season=2017\/clubs\/player=250075757\/index.html\">Willy Caballero<\/a><\/td>\n<td class=\"number\">1<\/td>\n<td class=\"number\">0<\/td>\n<\/tr>\n<tr class=\"player 250047105\">\n<td class=\"number\">54<\/td>\n<td class=\"playername l\"><a class=\"plInB\" title=\"Gunn\" href=\"http:\/\/pt.uefa.com\/uefachampionsleague\/season=2017\/clubs\/player=250047105\/index.html\">Angus Gunn<\/a><\/td>\n<td class=\"number\">&#8211;<\/td>\n<td class=\"number\">&#8211;<\/td>\n<\/tr>\n<tr class=\"player 250076592\">\n<td class=\"number\">60<\/td>\n<td class=\"playername l\"><a class=\"plInB\" title=\"Haug\" href=\"http:\/\/pt.uefa.com\/uefachampionsleague\/season=2017\/clubs\/player=250076592\/index.html\">Kjetil Haug<\/a><\/td>\n<td class=\"number\">&#8211;<\/td>\n<td class=\"number\">&#8211;<\/td>\n<\/tr>\n<tr class=\"player 250064357\">\n<td class=\"number\">64<\/td>\n<td class=\"playername l\"><a class=\"plInB\" title=\"O'Brien\" href=\"http:\/\/pt.uefa.com\/uefachampionsleague\/season=2017\/clubs\/player=250064357\/index.html\">Billy O&#8217;Brien<\/a><\/td>\n<td class=\"number\">&#8211;<\/td>\n<td class=\"number\">&#8211;<\/td>\n<\/tr>\n<tr class=\"player 250076606\">\n<td class=\"number\">79<\/td>\n<td class=\"playername l\"><a class=\"plInB\" title=\"Grimshaw\" href=\"http:\/\/pt.uefa.com\/uefachampionsleague\/season=2017\/clubs\/player=250076606\/index.html\">Daniel Grimshaw<\/a><\/td>\n<td class=\"number\">&#8211;<\/td>\n<td class=\"number\">&#8211;<\/td>\n<\/tr>\n<\/tbody>\n<\/table>\n<\/div>\n<div id=\"def\">\n<h2 class=\"medTitle\">Zagueiros e laterais<\/h2>\n<table class=\"sortTable d3-plugin\">\n<tbody>\n<tr>\n<th><abbr title=\"N\u00famero\">Nr<\/abbr><\/th>\n<th class=\"l\">Nome<\/th>\n<th><abbr title=\"Jogados\">Jogos<\/abbr><\/th>\n<th><abbr title=\"Golos\">Gols<\/abbr><\/th>\n<\/tr>\n<tr class=\"player 72795\">\n<td class=\"number\">3<\/td>\n<td class=\"playername l\"><a title=\"Sagna\" href=\"http:\/\/pt.uefa.com\/uefachampionsleague\/season=2017\/clubs\/player=72795\/index.html\">Bacary Sagna<\/a><\/td>\n<td class=\"number\">1<\/td>\n<td class=\"number\">0<\/td>\n<\/tr>\n<tr class=\"player 101608\">\n<td class=\"number\">5<\/td>\n<td class=\"playername l\"><a title=\"Zabaleta\" href=\"http:\/\/pt.uefa.com\/uefachampionsleague\/season=2017\/clubs\/player=101608\/index.html\">Pablo Zabaleta<\/a><\/td>\n<td class=\"number\">1<\/td>\n<td class=\"number\">0<\/td>\n<\/tr>\n<tr class=\"player 105814\">\n<td class=\"number\">11<\/td>\n<td class=\"playername l\"><a title=\"Kolarov\" href=\"http:\/\/pt.uefa.com\/uefachampionsleague\/season=2017\/clubs\/player=105814\/index.html\">Aleksandar Kolarov<\/a><\/td>\n<td class=\"number\">2<\/td>\n<td class=\"number\">0<\/td>\n<\/tr>\n<tr class=\"player 62975\">\n<td class=\"number\">22<\/td>\n<td class=\"playername l\"><a title=\"Clichy\" href=\"http:\/\/pt.uefa.com\/uefachampionsleague\/season=2017\/clubs\/player=62975\/index.html\">Ga\u00ebl Clichy<\/a><\/td>\n<td class=\"number\">2<\/td>\n<td class=\"number\">0<\/td>\n<\/tr>\n<tr class=\"player 250064233\">\n<td class=\"number\">24<\/td>\n<td class=\"playername l\"><a title=\"Stones\" href=\"http:\/\/pt.uefa.com\/uefachampionsleague\/season=2017\/clubs\/player=250064233\/index.html\">John Stones<\/a><\/td>\n<td class=\"number\">2<\/td>\n<td class=\"number\">0<\/td>\n<\/tr>\n<tr class=\"player 250064362\">\n<td class=\"number\">28<\/td>\n<td class=\"playername l\"><a title=\"Denayer\" href=\"http:\/\/pt.uefa.com\/uefachampionsleague\/season=2017\/clubs\/player=250064362\/index.html\">Jason Denayer<\/a><\/td>\n<td class=\"number\">&#8211;<\/td>\n<td class=\"number\">&#8211;<\/td>\n<\/tr>\n<tr class=\"player 250017040\">\n<td class=\"number\">30<\/td>\n<td class=\"playername l\"><a title=\"Otamendi\" href=\"http:\/\/pt.uefa.com\/uefachampionsleague\/season=2017\/clubs\/player=250017040\/index.html\">Nicol\u00e1s Otamendi<\/a><\/td>\n<td class=\"number\">1<\/td>\n<td class=\"number\">0<\/td>\n<\/tr>\n<tr class=\"player 250064825\">\n<td class=\"number\">50<\/td>\n<td class=\"playername l\"><a class=\"plInB\" title=\"Maffeo\" href=\"http:\/\/pt.uefa.com\/uefachampionsleague\/season=2017\/clubs\/player=250064825\/index.html\">Pablo Maffeo<\/a><\/td>\n<td class=\"number\">1<\/td>\n<td class=\"number\">0<\/td>\n<\/tr>\n<tr class=\"player 250064355\">\n<td class=\"number\">53<\/td>\n<td class=\"playername l\"><a class=\"plInB\" title=\"Adarabioyo\" href=\"http:\/\/pt.uefa.com\/uefachampionsleague\/season=2017\/clubs\/player=250064355\/index.html\">Tosin Adarabioyo<\/a><\/td>\n<td class=\"number\">1<\/td>\n<td class=\"number\">0<\/td>\n<\/tr>\n<tr class=\"player 250076602\">\n<td class=\"number\">58<\/td>\n<td class=\"playername l\"><a class=\"plInB\" title=\"Oliver\" href=\"http:\/\/pt.uefa.com\/uefachampionsleague\/season=2017\/clubs\/player=250076602\/index.html\">Charlie Oliver<\/a><\/td>\n<td class=\"number\">&#8211;<\/td>\n<td class=\"number\">&#8211;<\/td>\n<\/tr>\n<tr class=\"player 250064356\">\n<td class=\"number\">69<\/td>\n<td class=\"playername l\"><a class=\"plInB\" title=\"Tasende\" href=\"http:\/\/pt.uefa.com\/uefachampionsleague\/season=2017\/clubs\/player=250064356\/index.html\">Jose Tasende<\/a><\/td>\n<td class=\"number\">1<\/td>\n<td class=\"number\">0<\/td>\n<\/tr>\n<tr class=\"player 250076607\">\n<td class=\"number\">77<\/td>\n<td class=\"playername l\"><a class=\"plInB\" title=\"Humphreys\" href=\"http:\/\/pt.uefa.com\/uefachampionsleague\/season=2017\/clubs\/player=250076607\/index.html\">Cameron Humphreys<\/a><\/td>\n<td class=\"number\">&#8211;<\/td>\n<td class=\"number\">&#8211;<\/td>\n<\/tr>\n<tr class=\"player 250076604\">\n<td class=\"number\">80<\/td>\n<td class=\"playername l\"><a class=\"plInB\" title=\"Bullock\" href=\"http:\/\/pt.uefa.com\/uefachampionsleague\/season=2017\/clubs\/player=250076604\/index.html\">Callum Bullock<\/a><\/td>\n<td class=\"number\">&#8211;<\/td>\n<td class=\"number\">&#8211;<\/td>\n<\/tr>\n<tr class=\"player 250088034\">\n<td class=\"number\">81<\/td>\n<td class=\"playername l\"><a class=\"plInB\" title=\"Duhaney\" href=\"http:\/\/pt.uefa.com\/uefachampionsleague\/season=2017\/clubs\/player=250088034\/index.html\">Demeaco Duhaney<\/a><\/td>\n<td class=\"number\">&#8211;<\/td>\n<td class=\"number\">&#8211;<\/td>\n<\/tr>\n<\/tbody>\n<\/table>\n<\/div>\n<\/div>\n<div id=\"mid\">\n<h2 class=\"medTitle\">Meias<\/h2>\n<table class=\"sortTable d3-plugin\">\n<tbody>\n<tr>\n<th><abbr title=\"N\u00famero\">Nr<\/abbr><\/th>\n<th class=\"l\">Nome<\/th>\n<th><abbr title=\"Jogados\">Jogos<\/abbr><\/th>\n<th><abbr title=\"Golos\">Gols<\/abbr><\/th>\n<\/tr>\n<tr class=\"player 250003327\">\n<td class=\"number\">6<\/td>\n<td class=\"playername l\"><a title=\"Fernando\" href=\"http:\/\/pt.uefa.com\/uefachampionsleague\/season=2017\/clubs\/player=250003327\/index.html\">Fernando<\/a><\/td>\n<td class=\"number\">2<\/td>\n<td class=\"number\">0<\/td>\n<\/tr>\n<tr class=\"player 250024795\">\n<td class=\"number\">7<\/td>\n<td class=\"playername l\"><a title=\"Sterling\" href=\"http:\/\/pt.uefa.com\/uefachampionsleague\/season=2017\/clubs\/player=250024795\/index.html\">Raheem Sterling<\/a><\/td>\n<td class=\"number\">1<\/td>\n<td class=\"number\">0<\/td>\n<\/tr>\n<tr class=\"player 69173\">\n<td class=\"number\">15<\/td>\n<td class=\"playername l\"><a title=\"Jes\u00fas Navas\" href=\"http:\/\/pt.uefa.com\/uefachampionsleague\/season=2017\/clubs\/player=69173\/index.html\">Jes\u00fas Navas<\/a><\/td>\n<td class=\"number\">1<\/td>\n<td class=\"number\">0<\/td>\n<\/tr>\n<tr class=\"player 250008901\">\n<td class=\"number\">17<\/td>\n<td class=\"playername l\"><a title=\"De Bruyne\" href=\"http:\/\/pt.uefa.com\/uefachampionsleague\/season=2017\/clubs\/player=250008901\/index.html\">Kevin De Bruyne<\/a><\/td>\n<td class=\"number\">1<\/td>\n<td class=\"number\">0<\/td>\n<\/tr>\n<tr class=\"player 250000920\">\n<td class=\"number\">18<\/td>\n<td class=\"playername l\"><a title=\"Delph\" href=\"http:\/\/pt.uefa.com\/uefachampionsleague\/season=2017\/clubs\/player=250000920\/index.html\">Fabian Delph<\/a><\/td>\n<td class=\"number\">1<\/td>\n<td class=\"number\">1<\/td>\n<\/tr>\n<tr class=\"player 250063984\">\n<td class=\"number\">19<\/td>\n<td class=\"playername l\"><a title=\"San\u00e9\" href=\"http:\/\/pt.uefa.com\/uefachampionsleague\/season=2017\/clubs\/player=250063984\/index.html\">Leroy San\u00e9<\/a><\/td>\n<td class=\"number\">&#8211;<\/td>\n<td class=\"number\">&#8211;<\/td>\n<\/tr>\n<tr class=\"player 64257\">\n<td class=\"number\">21<\/td>\n<td class=\"playername l\"><a title=\"Silva\" href=\"http:\/\/pt.uefa.com\/uefachampionsleague\/season=2017\/clubs\/player=64257\/index.html\">David Silva<\/a><\/td>\n<td class=\"number\">1<\/td>\n<td class=\"number\">1<\/td>\n<\/tr>\n<tr class=\"player 101299\">\n<td class=\"number\">25<\/td>\n<td class=\"playername l\"><a title=\"Fernandinho\" href=\"http:\/\/pt.uefa.com\/uefachampionsleague\/season=2017\/clubs\/player=101299\/index.html\">Fernandinho<\/a><\/td>\n<td class=\"number\">2<\/td>\n<td class=\"number\">0<\/td>\n<\/tr>\n<tr class=\"player 95082\">\n<td class=\"number\">42<\/td>\n<td class=\"playername l\"><a title=\"Tour\u00e9\" href=\"http:\/\/pt.uefa.com\/uefachampionsleague\/season=2017\/clubs\/player=95082\/index.html\">Yaya Tour\u00e9<\/a><\/td>\n<td class=\"number\">1<\/td>\n<td class=\"number\">0<\/td>\n<\/tr>\n<tr class=\"player 250056557\">\n<td class=\"number\">52<\/td>\n<td class=\"playername l\"><a class=\"plInB\" title=\"Bryan\" href=\"http:\/\/pt.uefa.com\/uefachampionsleague\/season=2017\/clubs\/player=250056557\/index.html\">Kean Bryan<\/a><\/td>\n<td class=\"number\">&#8211;<\/td>\n<td class=\"number\">&#8211;<\/td>\n<\/tr>\n<tr class=\"player 250055369\">\n<td class=\"number\">59<\/td>\n<td class=\"playername l\"><a class=\"plInB\" title=\"Celina\" href=\"http:\/\/pt.uefa.com\/uefachampionsleague\/season=2017\/clubs\/player=250055369\/index.html\">Bersant Celina<\/a><\/td>\n<td class=\"number\">&#8211;<\/td>\n<td class=\"number\">&#8211;<\/td>\n<\/tr>\n<tr class=\"player 250064358\">\n<td class=\"number\">61<\/td>\n<td class=\"playername l\"><a class=\"plInB\" title=\"Horsfield\" href=\"http:\/\/pt.uefa.com\/uefachampionsleague\/season=2017\/clubs\/player=250064358\/index.html\">James Horsfield<\/a><\/td>\n<td class=\"number\">&#8211;<\/td>\n<td class=\"number\">&#8211;<\/td>\n<\/tr>\n<tr class=\"player 250041703\">\n<td class=\"number\">63<\/td>\n<td class=\"playername l\"><a class=\"plInB\" title=\"Bytyqi\" href=\"http:\/\/pt.uefa.com\/uefachampionsleague\/season=2017\/clubs\/player=250041703\/index.html\">Sinan Bytyqi<\/a><\/td>\n<td class=\"number\">&#8211;<\/td>\n<td class=\"number\">&#8211;<\/td>\n<\/tr>\n<tr class=\"player 250076605\">\n<td class=\"number\">76<\/td>\n<td class=\"playername l\"><a class=\"plInB\" title=\"Garcia\" href=\"http:\/\/pt.uefa.com\/uefachampionsleague\/season=2017\/clubs\/player=250076605\/index.html\">Manuel Garcia<\/a><\/td>\n<td class=\"number\">&#8211;<\/td>\n<td class=\"number\">&#8211;<\/td>\n<\/tr>\n<tr class=\"player 250076593\">\n<td class=\"number\">78<\/td>\n<td class=\"playername l\"><a class=\"plInB\" title=\"Kongolo\" href=\"http:\/\/pt.uefa.com\/uefachampionsleague\/season=2017\/clubs\/player=250076593\/index.html\">Rodney Kongolo<\/a><\/td>\n<td class=\"number\">&#8211;<\/td>\n<td class=\"number\">&#8211;<\/td>\n<\/tr>\n<tr class=\"player 250088036\">\n<td class=\"number\">82<\/td>\n<td class=\"playername l\"><a class=\"plInB\" title=\"Davenport\" href=\"http:\/\/pt.uefa.com\/uefachampionsleague\/season=2017\/clubs\/player=250088036\/index.html\">Jacob Davenport<\/a><\/td>\n<td class=\"number\">&#8211;<\/td>\n<td class=\"number\">&#8211;<\/td>\n<\/tr>\n<tr class=\"player 250079528\">\n<td class=\"number\">85<\/td>\n<td class=\"playername l\"><a class=\"plInB\" title=\"Patching\" href=\"http:\/\/pt.uefa.com\/uefachampionsleague\/season=2017\/clubs\/player=250079528\/index.html\">William Patching<\/a><\/td>\n<td class=\"number\">&#8211;<\/td>\n<td class=\"number\">&#8211;<\/td>\n<\/tr>\n<tr class=\"player 250076594\">\n<td class=\"number\">87<\/td>\n<td class=\"playername l\"><a class=\"plInB\" title=\"Dilrosun\" href=\"http:\/\/pt.uefa.com\/uefachampionsleague\/season=2017\/clubs\/player=250076594\/index.html\">Javairo Dilrosun<\/a><\/td>\n<td class=\"number\">&#8211;<\/td>\n<td class=\"number\">&#8211;<\/td>\n<\/tr>\n<\/tbody>\n<\/table>\n<\/div>\n<div id=\"stk\">\n<h2 class=\"medTitle\">Atacantes<\/h2>\n<table class=\"sortTable d3-plugin\">\n<tbody>\n<tr>\n<th><abbr title=\"N\u00famero\">Nr<\/abbr><\/th>\n<th class=\"l\">Nome<\/th>\n<th><abbr title=\"Jogados\">Jogos\u00a0<\/abbr><\/th>\n<th><abbr title=\"Golos\">Gols<\/abbr><\/th>\n<\/tr>\n<tr class=\"player 250022288\">\n<td class=\"number\">9<\/td>\n<td class=\"playername l\"><a title=\"Nolito\" href=\"http:\/\/pt.uefa.com\/uefachampionsleague\/season=2017\/clubs\/player=250022288\/index.html\">Nolito<\/a><\/td>\n<td class=\"number\">2<\/td>\n<td class=\"number\">1<\/td>\n<\/tr>\n<tr class=\"player 1903543\">\n<td class=\"number\">10<\/td>\n<td class=\"playername l\"><a title=\"Ag\u00fcero\" href=\"http:\/\/pt.uefa.com\/uefachampionsleague\/season=2017\/clubs\/player=1903543\/index.html\">Sergio Ag\u00fcero<\/a><\/td>\n<td class=\"number\">1<\/td>\n<td class=\"number\">3<\/td>\n<\/tr>\n<tr class=\"player 250076609\">\n<td class=\"number\">57<\/td>\n<td class=\"playername l\"><a class=\"plInB\" title=\"Nemane\" href=\"http:\/\/pt.uefa.com\/uefachampionsleague\/season=2017\/clubs\/player=250076609\/index.html\">Aaron Nemane<\/a><\/td>\n<td class=\"number\">&#8211;<\/td>\n<td class=\"number\">&#8211;<\/td>\n<\/tr>\n<tr class=\"player 250079525\">\n<td class=\"number\">65<\/td>\n<td class=\"playername l\"><a class=\"plInB\" title=\"Nmecha\" href=\"http:\/\/pt.uefa.com\/uefachampionsleague\/season=2017\/clubs\/player=250079525\/index.html\">Lukas Nmecha<\/a><\/td>\n<td class=\"number\">&#8211;<\/td>\n<td class=\"number\">&#8211;<\/td>\n<\/tr>\n<tr class=\"player 250065921\">\n<td class=\"number\">68<\/td>\n<td class=\"playername l\"><a class=\"plInB\" title=\"Ambrose\" href=\"http:\/\/pt.uefa.com\/uefachampionsleague\/season=2017\/clubs\/player=250065921\/index.html\">Thierry Ambrose<\/a><\/td>\n<td class=\"number\">&#8211;<\/td>\n<td class=\"number\">&#8211;<\/td>\n<\/tr>\n<tr class=\"player 250076603\">\n<td class=\"number\">70<\/td>\n<td class=\"playername l\"><a class=\"plInB\" title=\"Buckley-Ricketts\" href=\"http:\/\/pt.uefa.com\/uefachampionsleague\/season=2017\/clubs\/player=250076603\/index.html\">Isaac Buckley-Ricketts<\/a><\/td>\n<td class=\"number\">&#8211;<\/td>\n<td class=\"number\">&#8211;<\/td>\n<\/tr>\n<tr class=\"player 250081385\">\n<td class=\"number\">72<\/td>\n<td class=\"playername l\"><a title=\"Iheanacho\" href=\"http:\/\/pt.uefa.com\/uefachampionsleague\/season=2017\/clubs\/player=250081385\/index.html\">Kelechi Iheanacho<\/a><\/td>\n<td class=\"number\">1<\/td>\n<td class=\"number\">0<\/td>\n<\/tr>\n<\/tbody>\n<\/table>\n<\/div>\n<\/div>\n<div id=\"SquadListCoach\" class=\"row c\">\n<div class=\"fl title\">\n<p class=\"medTitle\">(\u00faltima atualiza\u00e7\u00e3o da lista: 02\/09\/2016 20:54 CET \u00a0&#8211; uefa.com)<\/p>\n<p class=\"medTitle\"><span class=\"alignnone\"><img data-recalc-dims=\"1\" loading=\"lazy\" decoding=\"async\" data-attachment-id=\"24124\" data-permalink=\"https:\/\/blogdoprosperi.com\/?attachment_id=24124\" data-orig-file=\"https:\/\/i0.wp.com\/blogdoprosperi.com\/wp-content\/uploads\/2016\/09\/3513632.jpg?fit=1920%2C1332&amp;ssl=1\" data-orig-size=\"1920,1332\" data-comments-opened=\"1\" data-image-meta=\"{&quot;aperture&quot;:&quot;0&quot;,&quot;credit&quot;:&quot;&quot;,&quot;camera&quot;:&quot;&quot;,&quot;caption&quot;:&quot;&quot;,&quot;created_timestamp&quot;:&quot;0&quot;,&quot;copyright&quot;:&quot;&quot;,&quot;focal_length&quot;:&quot;0&quot;,&quot;iso&quot;:&quot;0&quot;,&quot;shutter_speed&quot;:&quot;0&quot;,&quot;title&quot;:&quot;&quot;,&quot;orientation&quot;:&quot;0&quot;}\" data-image-title=\"3513632\" data-image-description=\"\" data-image-caption=\"\" data-large-file=\"https:\/\/i0.wp.com\/blogdoprosperi.com\/wp-content\/uploads\/2016\/09\/3513632.jpg?fit=940%2C652&amp;ssl=1\" class=\"alignnone size-full wp-image-24124\" src=\"https:\/\/i0.wp.com\/blogdoprosperi.com\/wp-content\/uploads\/2016\/09\/3513632.jpg?resize=940%2C652&#038;ssl=1\" alt=\"3513632\" width=\"940\" height=\"652\" \/><\/span><\/p>\n<\/div>\n<\/div>\n<\/div>\n<\/div>\n<\/div>\n","protected":false},"excerpt":{"rendered":"<p>Manchester City n\u00e3o inscreveu Gabriel Jesus na fase de grupos da Liga dos Campe\u00f5es da Europa, a Champions [&hellip;]<\/p>\n","protected":false},"author":102107496,"featured_media":0,"comment_status":"open","ping_status":"open","sticky":false,"template":"","format":"standard","meta":{"_coblocks_attr":"","_coblocks_dimensions":"","_coblocks_responsive_height":"","_coblocks_accordion_ie_support":"","_jetpack_newsletter_access":"","_jetpack_dont_email_post_to_subs":false,"_jetpack_newsletter_tier_id":0,"_jetpack_memberships_contains_paywalled_content":false,"_wpcom_ai_launchpad_first_post":false,"_jetpack_feature_clip_id":0,"_jetpack_memberships_contains_paid_content":false,"footnotes":"","jetpack_publicize_message":"","jetpack_publicize_feature_enabled":true,"jetpack_social_post_already_shared":false,"jetpack_social_options":{"image_generator_settings":{"template":"highway","default_image_id":0,"font":"","enabled":false},"version":2},"jetpack_post_was_ever_published":false},"categories":[9107,53870,5078],"tags":[789560557,789560560,232826435,1771590,409523,8328841,1164251,184118,1333260],"class_list":["post-24066","post","type-post","status-publish","format-standard","hentry","category-champions-league","category-futebol","category-sem-categoria","tag-champions-league","tag-futebol","tag-gabriel-jesus","tag-liga-dos-campoes","tag-manchester-city","tag-palmeiras-clube","tag-pep-guardiola","tag-uefa","tag-yaya-toure"],"yoast_head":"<!-- This site is optimized with the Yoast SEO plugin v28.3 - https:\/\/yoast.com\/product\/yoast-seo-wordpress\/ -->\n<title>Guardiola n\u00e3o inscreve Gabriel Jesus na Champions League - PR\u00d3SPERI NEWS<\/title>\n<meta name=\"robots\" content=\"index, follow, max-snippet:-1, max-image-preview:large, max-video-preview:-1\" \/>\n<link rel=\"canonical\" href=\"https:\/\/blogdoprosperi.com\/?p=24066\" \/>\n<meta property=\"og:locale\" content=\"pt_BR\" \/>\n<meta property=\"og:type\" content=\"article\" \/>\n<meta property=\"og:title\" content=\"Guardiola n\u00e3o inscreve Gabriel Jesus na Champions League - PR\u00d3SPERI NEWS\" \/>\n<meta property=\"og:description\" content=\"Manchester City n\u00e3o inscreveu Gabriel Jesus na fase de grupos da Liga dos Campe\u00f5es da Europa, a Champions [&hellip;]\" \/>\n<meta property=\"og:url\" content=\"https:\/\/blogdoprosperi.com\/?p=24066\" \/>\n<meta property=\"og:site_name\" content=\"PR\u00d3SPERI NEWS\" \/>\n<meta property=\"article:publisher\" content=\"Luiz Pr\u00f3speri\" \/>\n<meta property=\"article:author\" content=\"Luiz Pr\u00f3speri\" \/>\n<meta property=\"article:published_time\" content=\"2016-09-02T23:26:43+00:00\" \/>\n<meta property=\"article:modified_time\" content=\"2016-09-03T00:03:28+00:00\" \/>\n<meta property=\"og:image\" content=\"https:\/\/blogdoprosperi.com\/wp-content\/uploads\/2016\/09\/1732.jpg\" \/>\n<meta name=\"author\" content=\"Luiz Ant\u00f4nio Pr\u00f3speri\" \/>\n<meta name=\"twitter:card\" content=\"summary_large_image\" \/>\n<meta name=\"twitter:creator\" content=\"@Luizprosperi\" \/>\n<meta name=\"twitter:site\" content=\"@Luizprosperi\" \/>\n<meta name=\"twitter:label1\" content=\"Escrito por\" \/>\n\t<meta name=\"twitter:data1\" content=\"Luiz Ant\u00f4nio Pr\u00f3speri\" \/>\n\t<meta name=\"twitter:label2\" content=\"Est. tempo de leitura\" \/>\n\t<meta name=\"twitter:data2\" content=\"3 minutos\" \/>\n<script type=\"application\/ld+json\" class=\"yoast-schema-graph\">{\"@context\":\"https:\\\/\\\/schema.org\",\"@graph\":[{\"@type\":\"Article\",\"@id\":\"https:\\\/\\\/blogdoprosperi.com\\\/?p=24066#article\",\"isPartOf\":{\"@id\":\"https:\\\/\\\/blogdoprosperi.com\\\/?p=24066\"},\"author\":{\"name\":\"Luiz Ant\u00f4nio Pr\u00f3speri\",\"@id\":\"https:\\\/\\\/blogdoprosperi.com\\\/#\\\/schema\\\/person\\\/38100755ce3601861ee4fab9b5aa78e9\"},\"headline\":\"Guardiola n\u00e3o inscreve Gabriel Jesus na Champions League\",\"datePublished\":\"2016-09-02T23:26:43+00:00\",\"dateModified\":\"2016-09-03T00:03:28+00:00\",\"mainEntityOfPage\":{\"@id\":\"https:\\\/\\\/blogdoprosperi.com\\\/?p=24066\"},\"wordCount\":554,\"commentCount\":0,\"publisher\":{\"@id\":\"https:\\\/\\\/blogdoprosperi.com\\\/#\\\/schema\\\/person\\\/38100755ce3601861ee4fab9b5aa78e9\"},\"image\":{\"@id\":\"https:\\\/\\\/blogdoprosperi.com\\\/?p=24066#primaryimage\"},\"thumbnailUrl\":\"https:\\\/\\\/blogdoprosperi.com\\\/wp-content\\\/uploads\\\/2016\\\/09\\\/1732.jpg\",\"keywords\":[\"Champions League\",\"futebol\",\"Gabriel Jesus\",\"Liga dos Camp\u00f5es\",\"Manchester City\",\"Palmeiras Clube\",\"Pep Guardiola\",\"Uefa\",\"Yaya Tour\u00e9\"],\"articleSection\":[\"Champions League\",\"futebol\"],\"inLanguage\":\"pt-BR\",\"potentialAction\":[{\"@type\":\"CommentAction\",\"name\":\"Comment\",\"target\":[\"https:\\\/\\\/blogdoprosperi.com\\\/?p=24066#respond\"]}]},{\"@type\":\"WebPage\",\"@id\":\"https:\\\/\\\/blogdoprosperi.com\\\/?p=24066\",\"url\":\"https:\\\/\\\/blogdoprosperi.com\\\/?p=24066\",\"name\":\"Guardiola n\u00e3o inscreve Gabriel Jesus na Champions League - PR\u00d3SPERI NEWS\",\"isPartOf\":{\"@id\":\"https:\\\/\\\/blogdoprosperi.com\\\/#website\"},\"primaryImageOfPage\":{\"@id\":\"https:\\\/\\\/blogdoprosperi.com\\\/?p=24066#primaryimage\"},\"image\":{\"@id\":\"https:\\\/\\\/blogdoprosperi.com\\\/?p=24066#primaryimage\"},\"thumbnailUrl\":\"https:\\\/\\\/blogdoprosperi.com\\\/wp-content\\\/uploads\\\/2016\\\/09\\\/1732.jpg\",\"datePublished\":\"2016-09-02T23:26:43+00:00\",\"dateModified\":\"2016-09-03T00:03:28+00:00\",\"breadcrumb\":{\"@id\":\"https:\\\/\\\/blogdoprosperi.com\\\/?p=24066#breadcrumb\"},\"inLanguage\":\"pt-BR\",\"potentialAction\":[{\"@type\":\"ReadAction\",\"target\":[\"https:\\\/\\\/blogdoprosperi.com\\\/?p=24066\"]}]},{\"@type\":\"ImageObject\",\"inLanguage\":\"pt-BR\",\"@id\":\"https:\\\/\\\/blogdoprosperi.com\\\/?p=24066#primaryimage\",\"url\":\"https:\\\/\\\/i0.wp.com\\\/blogdoprosperi.com\\\/wp-content\\\/uploads\\\/2016\\\/09\\\/1732.jpg?fit=620%2C372&ssl=1\",\"contentUrl\":\"https:\\\/\\\/i0.wp.com\\\/blogdoprosperi.com\\\/wp-content\\\/uploads\\\/2016\\\/09\\\/1732.jpg?fit=620%2C372&ssl=1\",\"width\":620,\"height\":372},{\"@type\":\"BreadcrumbList\",\"@id\":\"https:\\\/\\\/blogdoprosperi.com\\\/?p=24066#breadcrumb\",\"itemListElement\":[{\"@type\":\"ListItem\",\"position\":1,\"name\":\"In\u00edcio\",\"item\":\"https:\\\/\\\/blogdoprosperi.com\\\/\"},{\"@type\":\"ListItem\",\"position\":2,\"name\":\"Guardiola n\u00e3o inscreve Gabriel Jesus na Champions League\"}]},{\"@type\":\"WebSite\",\"@id\":\"https:\\\/\\\/blogdoprosperi.com\\\/#website\",\"url\":\"https:\\\/\\\/blogdoprosperi.com\\\/\",\"name\":\"PR\u00d3SPERI NEWS\",\"description\":\"TUDO \u00c9  FUTEBOL\",\"publisher\":{\"@id\":\"https:\\\/\\\/blogdoprosperi.com\\\/#\\\/schema\\\/person\\\/38100755ce3601861ee4fab9b5aa78e9\"},\"alternateName\":\"blogdoprosperi.com\",\"potentialAction\":[{\"@type\":\"SearchAction\",\"target\":{\"@type\":\"EntryPoint\",\"urlTemplate\":\"https:\\\/\\\/blogdoprosperi.com\\\/?s={search_term_string}\"},\"query-input\":{\"@type\":\"PropertyValueSpecification\",\"valueRequired\":true,\"valueName\":\"search_term_string\"}}],\"inLanguage\":\"pt-BR\"},{\"@type\":[\"Person\",\"Organization\"],\"@id\":\"https:\\\/\\\/blogdoprosperi.com\\\/#\\\/schema\\\/person\\\/38100755ce3601861ee4fab9b5aa78e9\",\"name\":\"Luiz Ant\u00f4nio Pr\u00f3speri\",\"pronouns\":\"ele\",\"image\":{\"@type\":\"ImageObject\",\"inLanguage\":\"pt-BR\",\"@id\":\"https:\\\/\\\/i0.wp.com\\\/blogdoprosperi.com\\\/wp-content\\\/uploads\\\/2026\\\/05\\\/cropped-8059e613-6002-42fa-961e-8e275f575d71-2-5.jpg?fit=1360%2C931&ssl=1\",\"url\":\"https:\\\/\\\/i0.wp.com\\\/blogdoprosperi.com\\\/wp-content\\\/uploads\\\/2026\\\/05\\\/cropped-8059e613-6002-42fa-961e-8e275f575d71-2-5.jpg?fit=1360%2C931&ssl=1\",\"contentUrl\":\"https:\\\/\\\/i0.wp.com\\\/blogdoprosperi.com\\\/wp-content\\\/uploads\\\/2026\\\/05\\\/cropped-8059e613-6002-42fa-961e-8e275f575d71-2-5.jpg?fit=1360%2C931&ssl=1\",\"width\":1360,\"height\":931,\"caption\":\"Luiz Ant\u00f4nio Pr\u00f3speri\"},\"logo\":{\"@id\":\"https:\\\/\\\/i0.wp.com\\\/blogdoprosperi.com\\\/wp-content\\\/uploads\\\/2026\\\/05\\\/cropped-8059e613-6002-42fa-961e-8e275f575d71-2-5.jpg?fit=1360%2C931&ssl=1\"},\"description\":\"Jornalista com carreira dedicada ao esporte. Cobriu 9 Copas do Mundo in loco, 1990 na It\u00e1lia, 1994 nos EUA, 1998 na Fran\u00e7a, 2002 na Coreia do Sul e Jap\u00e3o, 2006 na Alemanha, 2010 na \u00c1frica do Sul, 2014 no Brasil, 2018 na R\u00fassia e 2022 no Qatar. Eurocopas, 1992 na Su\u00e9cia e 1996 na Inglaterra. Copa das Confedera\u00e7\u00f5es de 2005 na Alemanha e 2009 na \u00c1frica do Sul. Rep\u00f3rter e Editor, trabalhou no Jornal da Tarde e Estad\u00e3o, de 1984 a fevereiro de 2016. Colunista, blogueiro. E comentarista de futebol na R\u00e1dio Estad\u00e3o, de 2013 a fevereiro de 2016. Jornalista respons\u00e1vel do \\\"Pr\u00f3speri News\\\" (blogdoprosperi.com).\",\"sameAs\":[\"http:\\\/\\\/blogdoprosperi.com\",\"Luiz Pr\u00f3speri\",\"@luiz_prosperi\",\"https:\\\/\\\/x.com\\\/Luizprosperi\",\"@prosperinacopa\",\"luiz.prosperi@icloud.com\"],\"url\":\"https:\\\/\\\/blogdoprosperi.com\\\/?author=102107496\"}]}<\/script>\n<!-- \/ Yoast SEO plugin. -->","yoast_head_json":{"title":"Guardiola n\u00e3o inscreve Gabriel Jesus na Champions League - PR\u00d3SPERI NEWS","robots":{"index":"index","follow":"follow","max-snippet":"max-snippet:-1","max-image-preview":"max-image-preview:large","max-video-preview":"max-video-preview:-1"},"canonical":"https:\/\/blogdoprosperi.com\/?p=24066","og_locale":"pt_BR","og_type":"article","og_title":"Guardiola n\u00e3o inscreve Gabriel Jesus na Champions League - PR\u00d3SPERI NEWS","og_description":"Manchester City n\u00e3o inscreveu Gabriel Jesus na fase de grupos da Liga dos Campe\u00f5es da Europa, a Champions [&hellip;]","og_url":"https:\/\/blogdoprosperi.com\/?p=24066","og_site_name":"PR\u00d3SPERI NEWS","article_publisher":"Luiz Pr\u00f3speri","article_author":"Luiz Pr\u00f3speri","article_published_time":"2016-09-02T23:26:43+00:00","article_modified_time":"2016-09-03T00:03:28+00:00","og_image":[{"url":"https:\/\/blogdoprosperi.com\/wp-content\/uploads\/2016\/09\/1732.jpg","type":"","width":"","height":""}],"author":"Luiz Ant\u00f4nio Pr\u00f3speri","twitter_card":"summary_large_image","twitter_creator":"@Luizprosperi","twitter_site":"@Luizprosperi","twitter_misc":{"Escrito por":"Luiz Ant\u00f4nio Pr\u00f3speri","Est. tempo de leitura":"3 minutos"},"schema":{"@context":"https:\/\/schema.org","@graph":[{"@type":"Article","@id":"https:\/\/blogdoprosperi.com\/?p=24066#article","isPartOf":{"@id":"https:\/\/blogdoprosperi.com\/?p=24066"},"author":{"name":"Luiz Ant\u00f4nio Pr\u00f3speri","@id":"https:\/\/blogdoprosperi.com\/#\/schema\/person\/38100755ce3601861ee4fab9b5aa78e9"},"headline":"Guardiola n\u00e3o inscreve Gabriel Jesus na Champions League","datePublished":"2016-09-02T23:26:43+00:00","dateModified":"2016-09-03T00:03:28+00:00","mainEntityOfPage":{"@id":"https:\/\/blogdoprosperi.com\/?p=24066"},"wordCount":554,"commentCount":0,"publisher":{"@id":"https:\/\/blogdoprosperi.com\/#\/schema\/person\/38100755ce3601861ee4fab9b5aa78e9"},"image":{"@id":"https:\/\/blogdoprosperi.com\/?p=24066#primaryimage"},"thumbnailUrl":"https:\/\/blogdoprosperi.com\/wp-content\/uploads\/2016\/09\/1732.jpg","keywords":["Champions League","futebol","Gabriel Jesus","Liga dos Camp\u00f5es","Manchester City","Palmeiras Clube","Pep Guardiola","Uefa","Yaya Tour\u00e9"],"articleSection":["Champions League","futebol"],"inLanguage":"pt-BR","potentialAction":[{"@type":"CommentAction","name":"Comment","target":["https:\/\/blogdoprosperi.com\/?p=24066#respond"]}]},{"@type":"WebPage","@id":"https:\/\/blogdoprosperi.com\/?p=24066","url":"https:\/\/blogdoprosperi.com\/?p=24066","name":"Guardiola n\u00e3o inscreve Gabriel Jesus na Champions League - PR\u00d3SPERI NEWS","isPartOf":{"@id":"https:\/\/blogdoprosperi.com\/#website"},"primaryImageOfPage":{"@id":"https:\/\/blogdoprosperi.com\/?p=24066#primaryimage"},"image":{"@id":"https:\/\/blogdoprosperi.com\/?p=24066#primaryimage"},"thumbnailUrl":"https:\/\/blogdoprosperi.com\/wp-content\/uploads\/2016\/09\/1732.jpg","datePublished":"2016-09-02T23:26:43+00:00","dateModified":"2016-09-03T00:03:28+00:00","breadcrumb":{"@id":"https:\/\/blogdoprosperi.com\/?p=24066#breadcrumb"},"inLanguage":"pt-BR","potentialAction":[{"@type":"ReadAction","target":["https:\/\/blogdoprosperi.com\/?p=24066"]}]},{"@type":"ImageObject","inLanguage":"pt-BR","@id":"https:\/\/blogdoprosperi.com\/?p=24066#primaryimage","url":"https:\/\/i0.wp.com\/blogdoprosperi.com\/wp-content\/uploads\/2016\/09\/1732.jpg?fit=620%2C372&ssl=1","contentUrl":"https:\/\/i0.wp.com\/blogdoprosperi.com\/wp-content\/uploads\/2016\/09\/1732.jpg?fit=620%2C372&ssl=1","width":620,"height":372},{"@type":"BreadcrumbList","@id":"https:\/\/blogdoprosperi.com\/?p=24066#breadcrumb","itemListElement":[{"@type":"ListItem","position":1,"name":"In\u00edcio","item":"https:\/\/blogdoprosperi.com\/"},{"@type":"ListItem","position":2,"name":"Guardiola n\u00e3o inscreve Gabriel Jesus na Champions League"}]},{"@type":"WebSite","@id":"https:\/\/blogdoprosperi.com\/#website","url":"https:\/\/blogdoprosperi.com\/","name":"PR\u00d3SPERI NEWS","description":"TUDO \u00c9  FUTEBOL","publisher":{"@id":"https:\/\/blogdoprosperi.com\/#\/schema\/person\/38100755ce3601861ee4fab9b5aa78e9"},"alternateName":"blogdoprosperi.com","potentialAction":[{"@type":"SearchAction","target":{"@type":"EntryPoint","urlTemplate":"https:\/\/blogdoprosperi.com\/?s={search_term_string}"},"query-input":{"@type":"PropertyValueSpecification","valueRequired":true,"valueName":"search_term_string"}}],"inLanguage":"pt-BR"},{"@type":["Person","Organization"],"@id":"https:\/\/blogdoprosperi.com\/#\/schema\/person\/38100755ce3601861ee4fab9b5aa78e9","name":"Luiz Ant\u00f4nio Pr\u00f3speri","pronouns":"ele","image":{"@type":"ImageObject","inLanguage":"pt-BR","@id":"https:\/\/i0.wp.com\/blogdoprosperi.com\/wp-content\/uploads\/2026\/05\/cropped-8059e613-6002-42fa-961e-8e275f575d71-2-5.jpg?fit=1360%2C931&ssl=1","url":"https:\/\/i0.wp.com\/blogdoprosperi.com\/wp-content\/uploads\/2026\/05\/cropped-8059e613-6002-42fa-961e-8e275f575d71-2-5.jpg?fit=1360%2C931&ssl=1","contentUrl":"https:\/\/i0.wp.com\/blogdoprosperi.com\/wp-content\/uploads\/2026\/05\/cropped-8059e613-6002-42fa-961e-8e275f575d71-2-5.jpg?fit=1360%2C931&ssl=1","width":1360,"height":931,"caption":"Luiz Ant\u00f4nio Pr\u00f3speri"},"logo":{"@id":"https:\/\/i0.wp.com\/blogdoprosperi.com\/wp-content\/uploads\/2026\/05\/cropped-8059e613-6002-42fa-961e-8e275f575d71-2-5.jpg?fit=1360%2C931&ssl=1"},"description":"Jornalista com carreira dedicada ao esporte. Cobriu 9 Copas do Mundo in loco, 1990 na It\u00e1lia, 1994 nos EUA, 1998 na Fran\u00e7a, 2002 na Coreia do Sul e Jap\u00e3o, 2006 na Alemanha, 2010 na \u00c1frica do Sul, 2014 no Brasil, 2018 na R\u00fassia e 2022 no Qatar. Eurocopas, 1992 na Su\u00e9cia e 1996 na Inglaterra. Copa das Confedera\u00e7\u00f5es de 2005 na Alemanha e 2009 na \u00c1frica do Sul. Rep\u00f3rter e Editor, trabalhou no Jornal da Tarde e Estad\u00e3o, de 1984 a fevereiro de 2016. Colunista, blogueiro. E comentarista de futebol na R\u00e1dio Estad\u00e3o, de 2013 a fevereiro de 2016. Jornalista respons\u00e1vel do \"Pr\u00f3speri News\" (blogdoprosperi.com).","sameAs":["http:\/\/blogdoprosperi.com","Luiz Pr\u00f3speri","@luiz_prosperi","https:\/\/x.com\/Luizprosperi","@prosperinacopa","luiz.prosperi@icloud.com"],"url":"https:\/\/blogdoprosperi.com\/?author=102107496"}]}},"jetpack_publicize_connections":[],"jetpack_likes_enabled":false,"jetpack_sharing_enabled":true,"jetpack_shortlink":"https:\/\/wp.me\/p7jvdk-6ga","jetpack-related-posts":[{"id":17082,"url":"https:\/\/blogdoprosperi.com\/?p=17082","url_meta":{"origin":24066,"position":0},"title":"Gabriel Jesus vira guerra entre Guardiola e Mourinho no futebol ingl\u00eas","author":"Luiz Ant\u00f4nio Pr\u00f3speri","date":"21 de julho de 2016","format":false,"excerpt":"\u00a0 Gabriel Jesus virou alvo de disputa entre Pep Guardiola, t\u00e9cnico do Manchester City, e Jos\u00e9 Mourinho, t\u00e9cnico do Manchester United. Ao ser informado de que o treinador espanhol havia ligado a Jesus para ser jogador dele no City, Mourinho teria acionado o comando do United a fazer tamb\u00e9m uma\u2026","rel":"","context":"Em &quot;futebol&quot;","block_context":{"text":"futebol","link":"https:\/\/blogdoprosperi.com\/?cat=53870"},"img":{"alt_text":"","src":"https:\/\/i0.wp.com\/blogdoprosperi.com\/wp-content\/uploads\/2016\/07\/gabriel-jesus-durante-treino-da-selecao-olimpica-1469054998462_956x500.jpg?resize=350%2C200&ssl=1","width":350,"height":200,"srcset":"https:\/\/i0.wp.com\/blogdoprosperi.com\/wp-content\/uploads\/2016\/07\/gabriel-jesus-durante-treino-da-selecao-olimpica-1469054998462_956x500.jpg?resize=350%2C200&ssl=1 1x, https:\/\/i0.wp.com\/blogdoprosperi.com\/wp-content\/uploads\/2016\/07\/gabriel-jesus-durante-treino-da-selecao-olimpica-1469054998462_956x500.jpg?resize=525%2C300&ssl=1 1.5x, https:\/\/i0.wp.com\/blogdoprosperi.com\/wp-content\/uploads\/2016\/07\/gabriel-jesus-durante-treino-da-selecao-olimpica-1469054998462_956x500.jpg?resize=700%2C400&ssl=1 2x"},"classes":[]},{"id":35725,"url":"https:\/\/blogdoprosperi.com\/?p=35725","url_meta":{"origin":24066,"position":1},"title":"Gabriel Jesus salva Guardiola de um desastre na Inglaterra","author":"Luiz Ant\u00f4nio Pr\u00f3speri","date":"30 de abril de 2017","format":false,"excerpt":"Gabriel Jesus quase n\u00e3o pegou na bola no jogo do Manchester City contra o Middlesbrough fora de casa no domingo (30\/4). Mesmo ausente da maioria das a\u00e7\u00f5es ofensivas de seu time, at\u00e9 porque foi pouco procurado pelos companheiros e muito bem marcado, Jesus fez o gol de empate (2 a\u2026","rel":"","context":"Em &quot;futebol&quot;","block_context":{"text":"futebol","link":"https:\/\/blogdoprosperi.com\/?cat=53870"},"img":{"alt_text":"","src":"https:\/\/i0.wp.com\/blogdoprosperi.com\/wp-content\/uploads\/2017\/04\/bore-gabj-joy.jpg?fit=800%2C450&ssl=1&resize=350%2C200","width":350,"height":200,"srcset":"https:\/\/i0.wp.com\/blogdoprosperi.com\/wp-content\/uploads\/2017\/04\/bore-gabj-joy.jpg?fit=800%2C450&ssl=1&resize=350%2C200 1x, https:\/\/i0.wp.com\/blogdoprosperi.com\/wp-content\/uploads\/2017\/04\/bore-gabj-joy.jpg?fit=800%2C450&ssl=1&resize=525%2C300 1.5x, https:\/\/i0.wp.com\/blogdoprosperi.com\/wp-content\/uploads\/2017\/04\/bore-gabj-joy.jpg?fit=800%2C450&ssl=1&resize=700%2C400 2x"},"classes":[]},{"id":36125,"url":"https:\/\/blogdoprosperi.com\/?p=36125","url_meta":{"origin":24066,"position":2},"title":"Gabriel Jesus sofre fratura e torcida do City se enfurece contra Otamendi","author":"Luiz Ant\u00f4nio Pr\u00f3speri","date":"10 de junho de 2017","format":false,"excerpt":"Pepe Guardiola j\u00e1 tem um problema complicado para resolver quando voltar de f\u00e9rias do Manchester City. Trata-se da cotovelada que o zagueiro Otamendi atingiu Gabriel Jesus, nos minutos finais do amistoso Argentina 1 x 0 Brasil, realizado na sexta-feira, em Melbourne. Jesus sofreu um fratura na face, foi desconvocado da\u2026","rel":"","context":"Em &quot;futebol&quot;","block_context":{"text":"futebol","link":"https:\/\/blogdoprosperi.com\/?cat=53870"},"img":{"alt_text":"","src":"https:\/\/i0.wp.com\/blogdoprosperi.com\/wp-content\/uploads\/2017\/06\/4148a6b100000578-0-image-a-14_1497045589934.jpg?fit=634%2C369&ssl=1&resize=350%2C200","width":350,"height":200,"srcset":"https:\/\/i0.wp.com\/blogdoprosperi.com\/wp-content\/uploads\/2017\/06\/4148a6b100000578-0-image-a-14_1497045589934.jpg?fit=634%2C369&ssl=1&resize=350%2C200 1x, https:\/\/i0.wp.com\/blogdoprosperi.com\/wp-content\/uploads\/2017\/06\/4148a6b100000578-0-image-a-14_1497045589934.jpg?fit=634%2C369&ssl=1&resize=525%2C300 1.5x"},"classes":[]},{"id":17228,"url":"https:\/\/blogdoprosperi.com\/?p=17228","url_meta":{"origin":24066,"position":3},"title":"Entenda como Gabriel Jesus escolheu Manchester City para jogar na Europa","author":"Luiz Ant\u00f4nio Pr\u00f3speri","date":"22 de julho de 2016","format":false,"excerpt":"Gabriel Jesus era disputado por Barcelona, Real Madrid, Juventus, Inter de Mil\u00e3o, Manchester United e Manchester City. Todos esses gigantes do futebol europeu tinham planos e projetos ao craque do Palmeiras. O garoto decidiu que o City, comandado por Pep Guardiola, era a melhor op\u00e7\u00e3o. E o neg\u00f3cio deve ser\u2026","rel":"","context":"Em &quot;futebol&quot;","block_context":{"text":"futebol","link":"https:\/\/blogdoprosperi.com\/?cat=53870"},"img":{"alt_text":"","src":"https:\/\/i0.wp.com\/blogdoprosperi.com\/wp-content\/uploads\/2016\/07\/452293057.jpg?resize=350%2C200&ssl=1","width":350,"height":200,"srcset":"https:\/\/i0.wp.com\/blogdoprosperi.com\/wp-content\/uploads\/2016\/07\/452293057.jpg?resize=350%2C200&ssl=1 1x, https:\/\/i0.wp.com\/blogdoprosperi.com\/wp-content\/uploads\/2016\/07\/452293057.jpg?resize=525%2C300&ssl=1 1.5x"},"classes":[]},{"id":33693,"url":"https:\/\/blogdoprosperi.com\/?p=33693","url_meta":{"origin":24066,"position":4},"title":"Gabigol no inferno, Gabriel Jesus no c\u00e9u","author":"Luiz Ant\u00f4nio Pr\u00f3speri","date":"7 de dezembro de 2016","format":false,"excerpt":"Gabriel Jesus se despediu do Palmeiras nesta quarta-feira (07\/12). Vai embora campe\u00e3o brasileiro e ao encontro de Pep Guardiola, um dos treinadores mais badalados do mundo, no Manchester City. Ao mesmo tempo do adeus do menino ao Palestra, na It\u00e1lia a imprensa noticia o prov\u00e1vel empr\u00e9stimo de Gabigol por parte\u2026","rel":"","context":"Em &quot;futebol&quot;","block_context":{"text":"futebol","link":"https:\/\/blogdoprosperi.com\/?cat=53870"},"img":{"alt_text":"","src":"https:\/\/i0.wp.com\/blogdoprosperi.com\/wp-content\/uploads\/2016\/12\/622_c3d4d4f5-d569-3c7a-930c-b9501e809a1b.jpg?resize=350%2C200&ssl=1","width":350,"height":200,"srcset":"https:\/\/i0.wp.com\/blogdoprosperi.com\/wp-content\/uploads\/2016\/12\/622_c3d4d4f5-d569-3c7a-930c-b9501e809a1b.jpg?resize=350%2C200&ssl=1 1x, https:\/\/i0.wp.com\/blogdoprosperi.com\/wp-content\/uploads\/2016\/12\/622_c3d4d4f5-d569-3c7a-930c-b9501e809a1b.jpg?resize=525%2C300&ssl=1 1.5x"},"classes":[]},{"id":16980,"url":"https:\/\/blogdoprosperi.com\/?p=16980","url_meta":{"origin":24066,"position":5},"title":"Manchester City atropela Barcelona e Real Madrid e vai levar Gabriel Jesus","author":"Luiz Ant\u00f4nio Pr\u00f3speri","date":"21 de julho de 2016","format":false,"excerpt":"Palmeiras deve receber pouco menos de R$ 35 milh\u00f5es, dos R$ 115 milh\u00f5es que o clube ingl\u00eas vai pagar pelo garoto. Contrata\u00e7\u00e3o atende a pedido de Guardiola Manchester City passa por cima de Barcelona e Real Madrid na contrata\u00e7\u00e3o de Gabriel Jesus. A pedido de Pep Guardiola, o clube ingl\u00eas\u2026","rel":"","context":"Em &quot;futebol&quot;","block_context":{"text":"futebol","link":"https:\/\/blogdoprosperi.com\/?cat=53870"},"img":{"alt_text":"","src":"https:\/\/i0.wp.com\/blogdoprosperi.com\/wp-content\/uploads\/2016\/07\/nintchdbpict000253431418.jpg?resize=350%2C200&ssl=1","width":350,"height":200,"srcset":"https:\/\/i0.wp.com\/blogdoprosperi.com\/wp-content\/uploads\/2016\/07\/nintchdbpict000253431418.jpg?resize=350%2C200&ssl=1 1x, https:\/\/i0.wp.com\/blogdoprosperi.com\/wp-content\/uploads\/2016\/07\/nintchdbpict000253431418.jpg?resize=525%2C300&ssl=1 1.5x, https:\/\/i0.wp.com\/blogdoprosperi.com\/wp-content\/uploads\/2016\/07\/nintchdbpict000253431418.jpg?resize=700%2C400&ssl=1 2x"},"classes":[]}],"jetpack_featured_media_url":"","_links":{"self":[{"href":"https:\/\/blogdoprosperi.com\/index.php?rest_route=\/wp\/v2\/posts\/24066","targetHints":{"allow":["GET"]}}],"collection":[{"href":"https:\/\/blogdoprosperi.com\/index.php?rest_route=\/wp\/v2\/posts"}],"about":[{"href":"https:\/\/blogdoprosperi.com\/index.php?rest_route=\/wp\/v2\/types\/post"}],"author":[{"embeddable":true,"href":"https:\/\/blogdoprosperi.com\/index.php?rest_route=\/wp\/v2\/users\/102107496"}],"replies":[{"embeddable":true,"href":"https:\/\/blogdoprosperi.com\/index.php?rest_route=%2Fwp%2Fv2%2Fcomments&post=24066"}],"version-history":[{"count":25,"href":"https:\/\/blogdoprosperi.com\/index.php?rest_route=\/wp\/v2\/posts\/24066\/revisions"}],"predecessor-version":[{"id":24137,"href":"https:\/\/blogdoprosperi.com\/index.php?rest_route=\/wp\/v2\/posts\/24066\/revisions\/24137"}],"wp:attachment":[{"href":"https:\/\/blogdoprosperi.com\/index.php?rest_route=%2Fwp%2Fv2%2Fmedia&parent=24066"}],"wp:term":[{"taxonomy":"category","embeddable":true,"href":"https:\/\/blogdoprosperi.com\/index.php?rest_route=%2Fwp%2Fv2%2Fcategories&post=24066"},{"taxonomy":"post_tag","embeddable":true,"href":"https:\/\/blogdoprosperi.com\/index.php?rest_route=%2Fwp%2Fv2%2Ftags&post=24066"}],"curies":[{"name":"wp","href":"https:\/\/api.w.org\/{rel}","templated":true}]}}