{"id":24138,"date":"2016-09-05T13:18:31","date_gmt":"2016-09-05T16:18:31","guid":{"rendered":"http:\/\/blogdoprosperi.com\/?p=24138"},"modified":"2016-09-05T19:27:44","modified_gmt":"2016-09-05T22:27:44","slug":"ricardo-gomes-escala-sao-paulo-com-medo-do-palmeiras-no-classico","status":"publish","type":"post","link":"https:\/\/blogdoprosperi.com\/?p=24138","title":{"rendered":"Ricardo Gomes escala S\u00e3o Paulo com medo do Palmeiras no cl\u00e1ssico"},"content":{"rendered":"<p><span class=\"alignnone\"><img data-recalc-dims=\"1\" loading=\"lazy\" decoding=\"async\" data-attachment-id=\"24183\" data-permalink=\"https:\/\/blogdoprosperi.com\/?attachment_id=24183\" data-orig-file=\"https:\/\/i0.wp.com\/blogdoprosperi.com\/wp-content\/uploads\/2016\/09\/apresentac3a7c3a3o-do-tc3a9cnico-ricardo-gomes-no-spfc-02.jpg?fit=1024%2C682&amp;ssl=1\" data-orig-size=\"1024,682\" data-comments-opened=\"1\" data-image-meta=\"{&quot;aperture&quot;:&quot;0&quot;,&quot;credit&quot;:&quot;&quot;,&quot;camera&quot;:&quot;&quot;,&quot;caption&quot;:&quot;&quot;,&quot;created_timestamp&quot;:&quot;0&quot;,&quot;copyright&quot;:&quot;&quot;,&quot;focal_length&quot;:&quot;0&quot;,&quot;iso&quot;:&quot;0&quot;,&quot;shutter_speed&quot;:&quot;0&quot;,&quot;title&quot;:&quot;&quot;,&quot;orientation&quot;:&quot;0&quot;}\" data-image-title=\"Apresenta\u00e7\u00e3o-do-t\u00e9cnico-Ricardo-Gomes-no-spfc-02\" data-image-description=\"\" data-image-caption=\"\" data-large-file=\"https:\/\/i0.wp.com\/blogdoprosperi.com\/wp-content\/uploads\/2016\/09\/apresentac3a7c3a3o-do-tc3a9cnico-ricardo-gomes-no-spfc-02.jpg?fit=940%2C626&amp;ssl=1\" class=\"alignnone size-full wp-image-24183\" src=\"https:\/\/i0.wp.com\/blogdoprosperi.com\/wp-content\/uploads\/2016\/09\/apresentac3a7c3a3o-do-tc3a9cnico-ricardo-gomes-no-spfc-02.jpg?resize=940%2C626&#038;ssl=1\" alt=\"Apresenta\u00e7\u00e3o-do-t\u00e9cnico-Ricardo-Gomes-no-spfc-02\" width=\"940\" height=\"626\" \/><\/span><\/p>\n<p>Ricardo Gomes ensaia o S\u00e3o Paulo com tr\u00eas volantes e uma zaga lenta no cl\u00e1ssico contra o Palmeiras nesta quarta-feira (07\/9) no Allianz Parque. A d\u00favida: o treinador do Tricolor vai jogar na retranca com medo do l\u00edder ou n\u00e3o tem outra op\u00e7\u00e3o diante dos desfalques?<!--more--><\/p>\n<p>\u00c0 dist\u00e2ncia, parece que Gomes est\u00e1 com receio de encarar o rival frente a frente. Veja a prov\u00e1vel escala\u00e7\u00e3o: Denis,Wesley,\u00a0Maicon, Lugano e Carlinhos; Hudson, Jo\u00e3o Schimidt e Thiago Mendes; Kelvin, Ch\u00e1vez e Luis Ara\u00fajo (Daniel).<\/p>\n<p>Temos a\u00ed o volante Wesley improvisado na lateral, onde atrapalha menos. No meio, tr\u00eas jogadores de marca\u00e7\u00e3o que saem pouco. Hudson, Schimidt e Thiago Mendes jogaram contra o Juventude e n\u00e3o foram bem.<\/p>\n<p>Schimidt foi sacado no intervalo para entrada de Michel Bastos. Hudson saiu mais tarde um pouco ao ser substitu\u00eddo pelo garoto Luiz Ara\u00fajo. Apenas Thiago Mendes sobreviveu at\u00e9 o fim do jogo, com a derrota do S\u00e3o Paulo ao time ga\u00facho da S\u00e9rie C.<\/p>\n<p>Na partida seguinte, contra o Coritiba, time amea\u00e7ado pelo rebaixamento, Schimidt n\u00e3o jogou. Hudson e Mendes formaram o meio com Michel Bastos. N\u00e3o funcionou.<\/p>\n<p>Na zaga, Gomes ainda tem alguma d\u00favida. Lugano tem a prefer\u00eancia do treinador para atuar ao lado de Maicon. Rodrigo Caio, recuperado de les\u00e3o e quase pronto, corre por fora. E no ataque, Luiz Araujo e Daniel disputam uma vaga.<\/p>\n<p>Se optar por Lugano e Maicon, dois zagueiros lentos, Ricardo Gomes vai correr risco diante do r\u00e1pido ataque do Palmeiras.<\/p>\n<p>Se insistir com tr\u00eas volantes, sem um pingo de criatividade, o treinador vai explorar contra-ataques com Kelvin e Luiz Araujo nas pontas. \u00c9 pouco.<\/p>\n<p>Por sorte do S\u00e3o Paulo, Gabriel Jesus, mesmo com uma megaopera\u00e7\u00e3o resgate ap\u00f3s jogar pela Sele\u00e7\u00e3o Brasileira contra a Col\u00f4mbia nesta ter\u00e7a-feira em Manaus, dificilmente vai jogar o cl\u00e1ssico.<\/p>\n<p>Bom lembrar que por ordem da Secretaria de Seguran\u00e7a P\u00fablica de S\u00e3o Paulo, o jogo ter\u00e1 torcida \u00fanica. Apenas palmeirenses poder\u00e3o ir ao Allianz, que ter\u00e1 ingressos esgotados em breve.<\/p>\n<p>O S\u00e3o Paulo corre risco de ser derrotado na arena do Palmeiras e ampliar sua crise na corrida contra a zona de rebaixamento.<\/p>\n<p>Vanderlei Luxemburgo, que anda esquecido no futebol brasileiro, tinha uma m\u00e1xima: &#8220;O medo de perder tira a vontade de vencer.&#8221;<\/p>\n","protected":false},"excerpt":{"rendered":"<p>Ricardo Gomes ensaia o S\u00e3o Paulo com tr\u00eas volantes e uma zaga lenta no cl\u00e1ssico contra o Palmeiras [&hellip;]<\/p>\n","protected":false},"author":102107496,"featured_media":0,"comment_status":"open","ping_status":"open","sticky":false,"template":"","format":"standard","meta":{"_coblocks_attr":"","_coblocks_dimensions":"","_coblocks_responsive_height":"","_coblocks_accordion_ie_support":"","_jetpack_newsletter_access":"","_jetpack_dont_email_post_to_subs":false,"_jetpack_newsletter_tier_id":0,"_jetpack_memberships_contains_paywalled_content":false,"_wpcom_ai_launchpad_first_post":false,"_jetpack_feature_clip_id":0,"_jetpack_memberships_contains_paid_content":false,"footnotes":"","jetpack_publicize_message":"","jetpack_publicize_feature_enabled":true,"jetpack_social_post_already_shared":false,"jetpack_social_options":{"image_generator_settings":{"template":"highway","default_image_id":0,"font":"","enabled":false},"version":2},"jetpack_post_was_ever_published":false},"categories":[355071,53870],"tags":[165442385,362595295,789560566,789560560,8328841,5807372,972018,1114917],"class_list":["post-24138","post","type-post","status-publish","format-standard","hentry","category-campeonato-brasileiro","category-futebol","tag-allianz-parque","tag-brasileirao-2016","tag-campeonato-brasileiro","tag-futebol","tag-palmeiras-clube","tag-ricardo-gomes","tag-sao-paulo-fc","tag-spfc"],"yoast_head":"<!-- This site is optimized with the Yoast SEO plugin v28.3 - https:\/\/yoast.com\/product\/yoast-seo-wordpress\/ -->\n<title>Ricardo Gomes escala S\u00e3o Paulo com medo do Palmeiras no cl\u00e1ssico - PR\u00d3SPERI NEWS<\/title>\n<meta name=\"robots\" content=\"index, follow, max-snippet:-1, max-image-preview:large, max-video-preview:-1\" \/>\n<link rel=\"canonical\" href=\"https:\/\/blogdoprosperi.com\/?p=24138\" \/>\n<meta property=\"og:locale\" content=\"pt_BR\" \/>\n<meta property=\"og:type\" content=\"article\" \/>\n<meta property=\"og:title\" content=\"Ricardo Gomes escala S\u00e3o Paulo com medo do Palmeiras no cl\u00e1ssico - PR\u00d3SPERI NEWS\" \/>\n<meta property=\"og:description\" content=\"Ricardo Gomes ensaia o S\u00e3o Paulo com tr\u00eas volantes e uma zaga lenta no cl\u00e1ssico contra o Palmeiras [&hellip;]\" \/>\n<meta property=\"og:url\" content=\"https:\/\/blogdoprosperi.com\/?p=24138\" \/>\n<meta property=\"og:site_name\" content=\"PR\u00d3SPERI NEWS\" \/>\n<meta property=\"article:publisher\" content=\"Luiz Pr\u00f3speri\" \/>\n<meta property=\"article:author\" content=\"Luiz Pr\u00f3speri\" \/>\n<meta property=\"article:published_time\" content=\"2016-09-05T16:18:31+00:00\" \/>\n<meta property=\"article:modified_time\" content=\"2016-09-05T22:27:44+00:00\" \/>\n<meta property=\"og:image\" content=\"https:\/\/blogdoprosperi.com\/wp-content\/uploads\/2016\/09\/apresentac3a7c3a3o-do-tc3a9cnico-ricardo-gomes-no-spfc-02.jpg\" \/>\n<meta name=\"author\" content=\"Luiz Ant\u00f4nio Pr\u00f3speri\" \/>\n<meta name=\"twitter:card\" content=\"summary_large_image\" \/>\n<meta name=\"twitter:creator\" content=\"@Luizprosperi\" \/>\n<meta name=\"twitter:site\" content=\"@Luizprosperi\" \/>\n<meta name=\"twitter:label1\" content=\"Escrito por\" \/>\n\t<meta name=\"twitter:data1\" content=\"Luiz Ant\u00f4nio Pr\u00f3speri\" \/>\n\t<meta name=\"twitter:label2\" content=\"Est. tempo de leitura\" \/>\n\t<meta name=\"twitter:data2\" content=\"2 minutos\" \/>\n<script type=\"application\/ld+json\" class=\"yoast-schema-graph\">{\"@context\":\"https:\\\/\\\/schema.org\",\"@graph\":[{\"@type\":\"Article\",\"@id\":\"https:\\\/\\\/blogdoprosperi.com\\\/?p=24138#article\",\"isPartOf\":{\"@id\":\"https:\\\/\\\/blogdoprosperi.com\\\/?p=24138\"},\"author\":{\"name\":\"Luiz Ant\u00f4nio Pr\u00f3speri\",\"@id\":\"https:\\\/\\\/blogdoprosperi.com\\\/#\\\/schema\\\/person\\\/38100755ce3601861ee4fab9b5aa78e9\"},\"headline\":\"Ricardo Gomes escala S\u00e3o Paulo com medo do Palmeiras no cl\u00e1ssico\",\"datePublished\":\"2016-09-05T16:18:31+00:00\",\"dateModified\":\"2016-09-05T22:27:44+00:00\",\"mainEntityOfPage\":{\"@id\":\"https:\\\/\\\/blogdoprosperi.com\\\/?p=24138\"},\"wordCount\":422,\"commentCount\":1,\"publisher\":{\"@id\":\"https:\\\/\\\/blogdoprosperi.com\\\/#\\\/schema\\\/person\\\/38100755ce3601861ee4fab9b5aa78e9\"},\"image\":{\"@id\":\"https:\\\/\\\/blogdoprosperi.com\\\/?p=24138#primaryimage\"},\"thumbnailUrl\":\"https:\\\/\\\/blogdoprosperi.com\\\/wp-content\\\/uploads\\\/2016\\\/09\\\/apresentac3a7c3a3o-do-tc3a9cnico-ricardo-gomes-no-spfc-02.jpg\",\"keywords\":[\"Allianz Parque\",\"Brasileir\u00e3o-2016\",\"Campeonato Brasileiro\",\"futebol\",\"Palmeiras Clube\",\"Ricardo Gomes\",\"S\u00e3o Paulo FC\",\"SPFC\"],\"articleSection\":[\"Campeonato Brasileiro\",\"futebol\"],\"inLanguage\":\"pt-BR\",\"potentialAction\":[{\"@type\":\"CommentAction\",\"name\":\"Comment\",\"target\":[\"https:\\\/\\\/blogdoprosperi.com\\\/?p=24138#respond\"]}]},{\"@type\":\"WebPage\",\"@id\":\"https:\\\/\\\/blogdoprosperi.com\\\/?p=24138\",\"url\":\"https:\\\/\\\/blogdoprosperi.com\\\/?p=24138\",\"name\":\"Ricardo Gomes escala S\u00e3o Paulo com medo do Palmeiras no cl\u00e1ssico - PR\u00d3SPERI NEWS\",\"isPartOf\":{\"@id\":\"https:\\\/\\\/blogdoprosperi.com\\\/#website\"},\"primaryImageOfPage\":{\"@id\":\"https:\\\/\\\/blogdoprosperi.com\\\/?p=24138#primaryimage\"},\"image\":{\"@id\":\"https:\\\/\\\/blogdoprosperi.com\\\/?p=24138#primaryimage\"},\"thumbnailUrl\":\"https:\\\/\\\/blogdoprosperi.com\\\/wp-content\\\/uploads\\\/2016\\\/09\\\/apresentac3a7c3a3o-do-tc3a9cnico-ricardo-gomes-no-spfc-02.jpg\",\"datePublished\":\"2016-09-05T16:18:31+00:00\",\"dateModified\":\"2016-09-05T22:27:44+00:00\",\"breadcrumb\":{\"@id\":\"https:\\\/\\\/blogdoprosperi.com\\\/?p=24138#breadcrumb\"},\"inLanguage\":\"pt-BR\",\"potentialAction\":[{\"@type\":\"ReadAction\",\"target\":[\"https:\\\/\\\/blogdoprosperi.com\\\/?p=24138\"]}]},{\"@type\":\"ImageObject\",\"inLanguage\":\"pt-BR\",\"@id\":\"https:\\\/\\\/blogdoprosperi.com\\\/?p=24138#primaryimage\",\"url\":\"https:\\\/\\\/i0.wp.com\\\/blogdoprosperi.com\\\/wp-content\\\/uploads\\\/2016\\\/09\\\/apresentac3a7c3a3o-do-tc3a9cnico-ricardo-gomes-no-spfc-02.jpg?fit=1024%2C682&ssl=1\",\"contentUrl\":\"https:\\\/\\\/i0.wp.com\\\/blogdoprosperi.com\\\/wp-content\\\/uploads\\\/2016\\\/09\\\/apresentac3a7c3a3o-do-tc3a9cnico-ricardo-gomes-no-spfc-02.jpg?fit=1024%2C682&ssl=1\",\"width\":1024,\"height\":682},{\"@type\":\"BreadcrumbList\",\"@id\":\"https:\\\/\\\/blogdoprosperi.com\\\/?p=24138#breadcrumb\",\"itemListElement\":[{\"@type\":\"ListItem\",\"position\":1,\"name\":\"In\u00edcio\",\"item\":\"https:\\\/\\\/blogdoprosperi.com\\\/\"},{\"@type\":\"ListItem\",\"position\":2,\"name\":\"Ricardo Gomes escala S\u00e3o Paulo com medo do Palmeiras no cl\u00e1ssico\"}]},{\"@type\":\"WebSite\",\"@id\":\"https:\\\/\\\/blogdoprosperi.com\\\/#website\",\"url\":\"https:\\\/\\\/blogdoprosperi.com\\\/\",\"name\":\"PR\u00d3SPERI NEWS\",\"description\":\"TUDO \u00c9  FUTEBOL\",\"publisher\":{\"@id\":\"https:\\\/\\\/blogdoprosperi.com\\\/#\\\/schema\\\/person\\\/38100755ce3601861ee4fab9b5aa78e9\"},\"alternateName\":\"blogdoprosperi.com\",\"potentialAction\":[{\"@type\":\"SearchAction\",\"target\":{\"@type\":\"EntryPoint\",\"urlTemplate\":\"https:\\\/\\\/blogdoprosperi.com\\\/?s={search_term_string}\"},\"query-input\":{\"@type\":\"PropertyValueSpecification\",\"valueRequired\":true,\"valueName\":\"search_term_string\"}}],\"inLanguage\":\"pt-BR\"},{\"@type\":[\"Person\",\"Organization\"],\"@id\":\"https:\\\/\\\/blogdoprosperi.com\\\/#\\\/schema\\\/person\\\/38100755ce3601861ee4fab9b5aa78e9\",\"name\":\"Luiz Ant\u00f4nio Pr\u00f3speri\",\"pronouns\":\"ele\",\"image\":{\"@type\":\"ImageObject\",\"inLanguage\":\"pt-BR\",\"@id\":\"https:\\\/\\\/i0.wp.com\\\/blogdoprosperi.com\\\/wp-content\\\/uploads\\\/2026\\\/05\\\/cropped-8059e613-6002-42fa-961e-8e275f575d71-2-5.jpg?fit=1360%2C931&ssl=1\",\"url\":\"https:\\\/\\\/i0.wp.com\\\/blogdoprosperi.com\\\/wp-content\\\/uploads\\\/2026\\\/05\\\/cropped-8059e613-6002-42fa-961e-8e275f575d71-2-5.jpg?fit=1360%2C931&ssl=1\",\"contentUrl\":\"https:\\\/\\\/i0.wp.com\\\/blogdoprosperi.com\\\/wp-content\\\/uploads\\\/2026\\\/05\\\/cropped-8059e613-6002-42fa-961e-8e275f575d71-2-5.jpg?fit=1360%2C931&ssl=1\",\"width\":1360,\"height\":931,\"caption\":\"Luiz Ant\u00f4nio Pr\u00f3speri\"},\"logo\":{\"@id\":\"https:\\\/\\\/i0.wp.com\\\/blogdoprosperi.com\\\/wp-content\\\/uploads\\\/2026\\\/05\\\/cropped-8059e613-6002-42fa-961e-8e275f575d71-2-5.jpg?fit=1360%2C931&ssl=1\"},\"description\":\"Jornalista com carreira dedicada ao esporte. Cobriu 9 Copas do Mundo in loco, 1990 na It\u00e1lia, 1994 nos EUA, 1998 na Fran\u00e7a, 2002 na Coreia do Sul e Jap\u00e3o, 2006 na Alemanha, 2010 na \u00c1frica do Sul, 2014 no Brasil, 2018 na R\u00fassia e 2022 no Qatar. Eurocopas, 1992 na Su\u00e9cia e 1996 na Inglaterra. Copa das Confedera\u00e7\u00f5es de 2005 na Alemanha e 2009 na \u00c1frica do Sul. Rep\u00f3rter e Editor, trabalhou no Jornal da Tarde e Estad\u00e3o, de 1984 a fevereiro de 2016. Colunista, blogueiro. E comentarista de futebol na R\u00e1dio Estad\u00e3o, de 2013 a fevereiro de 2016. Jornalista respons\u00e1vel do \\\"Pr\u00f3speri News\\\" (blogdoprosperi.com).\",\"sameAs\":[\"http:\\\/\\\/blogdoprosperi.com\",\"Luiz Pr\u00f3speri\",\"@luiz_prosperi\",\"https:\\\/\\\/x.com\\\/Luizprosperi\",\"@prosperinacopa\",\"luiz.prosperi@icloud.com\"],\"url\":\"https:\\\/\\\/blogdoprosperi.com\\\/?author=102107496\"}]}<\/script>\n<!-- \/ Yoast SEO plugin. -->","yoast_head_json":{"title":"Ricardo Gomes escala S\u00e3o Paulo com medo do Palmeiras no cl\u00e1ssico - PR\u00d3SPERI NEWS","robots":{"index":"index","follow":"follow","max-snippet":"max-snippet:-1","max-image-preview":"max-image-preview:large","max-video-preview":"max-video-preview:-1"},"canonical":"https:\/\/blogdoprosperi.com\/?p=24138","og_locale":"pt_BR","og_type":"article","og_title":"Ricardo Gomes escala S\u00e3o Paulo com medo do Palmeiras no cl\u00e1ssico - PR\u00d3SPERI NEWS","og_description":"Ricardo Gomes ensaia o S\u00e3o Paulo com tr\u00eas volantes e uma zaga lenta no cl\u00e1ssico contra o Palmeiras [&hellip;]","og_url":"https:\/\/blogdoprosperi.com\/?p=24138","og_site_name":"PR\u00d3SPERI NEWS","article_publisher":"Luiz Pr\u00f3speri","article_author":"Luiz Pr\u00f3speri","article_published_time":"2016-09-05T16:18:31+00:00","article_modified_time":"2016-09-05T22:27:44+00:00","og_image":[{"url":"https:\/\/blogdoprosperi.com\/wp-content\/uploads\/2016\/09\/apresentac3a7c3a3o-do-tc3a9cnico-ricardo-gomes-no-spfc-02.jpg","type":"","width":"","height":""}],"author":"Luiz Ant\u00f4nio Pr\u00f3speri","twitter_card":"summary_large_image","twitter_creator":"@Luizprosperi","twitter_site":"@Luizprosperi","twitter_misc":{"Escrito por":"Luiz Ant\u00f4nio Pr\u00f3speri","Est. tempo de leitura":"2 minutos"},"schema":{"@context":"https:\/\/schema.org","@graph":[{"@type":"Article","@id":"https:\/\/blogdoprosperi.com\/?p=24138#article","isPartOf":{"@id":"https:\/\/blogdoprosperi.com\/?p=24138"},"author":{"name":"Luiz Ant\u00f4nio Pr\u00f3speri","@id":"https:\/\/blogdoprosperi.com\/#\/schema\/person\/38100755ce3601861ee4fab9b5aa78e9"},"headline":"Ricardo Gomes escala S\u00e3o Paulo com medo do Palmeiras no cl\u00e1ssico","datePublished":"2016-09-05T16:18:31+00:00","dateModified":"2016-09-05T22:27:44+00:00","mainEntityOfPage":{"@id":"https:\/\/blogdoprosperi.com\/?p=24138"},"wordCount":422,"commentCount":1,"publisher":{"@id":"https:\/\/blogdoprosperi.com\/#\/schema\/person\/38100755ce3601861ee4fab9b5aa78e9"},"image":{"@id":"https:\/\/blogdoprosperi.com\/?p=24138#primaryimage"},"thumbnailUrl":"https:\/\/blogdoprosperi.com\/wp-content\/uploads\/2016\/09\/apresentac3a7c3a3o-do-tc3a9cnico-ricardo-gomes-no-spfc-02.jpg","keywords":["Allianz Parque","Brasileir\u00e3o-2016","Campeonato Brasileiro","futebol","Palmeiras Clube","Ricardo Gomes","S\u00e3o Paulo FC","SPFC"],"articleSection":["Campeonato Brasileiro","futebol"],"inLanguage":"pt-BR","potentialAction":[{"@type":"CommentAction","name":"Comment","target":["https:\/\/blogdoprosperi.com\/?p=24138#respond"]}]},{"@type":"WebPage","@id":"https:\/\/blogdoprosperi.com\/?p=24138","url":"https:\/\/blogdoprosperi.com\/?p=24138","name":"Ricardo Gomes escala S\u00e3o Paulo com medo do Palmeiras no cl\u00e1ssico - PR\u00d3SPERI NEWS","isPartOf":{"@id":"https:\/\/blogdoprosperi.com\/#website"},"primaryImageOfPage":{"@id":"https:\/\/blogdoprosperi.com\/?p=24138#primaryimage"},"image":{"@id":"https:\/\/blogdoprosperi.com\/?p=24138#primaryimage"},"thumbnailUrl":"https:\/\/blogdoprosperi.com\/wp-content\/uploads\/2016\/09\/apresentac3a7c3a3o-do-tc3a9cnico-ricardo-gomes-no-spfc-02.jpg","datePublished":"2016-09-05T16:18:31+00:00","dateModified":"2016-09-05T22:27:44+00:00","breadcrumb":{"@id":"https:\/\/blogdoprosperi.com\/?p=24138#breadcrumb"},"inLanguage":"pt-BR","potentialAction":[{"@type":"ReadAction","target":["https:\/\/blogdoprosperi.com\/?p=24138"]}]},{"@type":"ImageObject","inLanguage":"pt-BR","@id":"https:\/\/blogdoprosperi.com\/?p=24138#primaryimage","url":"https:\/\/i0.wp.com\/blogdoprosperi.com\/wp-content\/uploads\/2016\/09\/apresentac3a7c3a3o-do-tc3a9cnico-ricardo-gomes-no-spfc-02.jpg?fit=1024%2C682&ssl=1","contentUrl":"https:\/\/i0.wp.com\/blogdoprosperi.com\/wp-content\/uploads\/2016\/09\/apresentac3a7c3a3o-do-tc3a9cnico-ricardo-gomes-no-spfc-02.jpg?fit=1024%2C682&ssl=1","width":1024,"height":682},{"@type":"BreadcrumbList","@id":"https:\/\/blogdoprosperi.com\/?p=24138#breadcrumb","itemListElement":[{"@type":"ListItem","position":1,"name":"In\u00edcio","item":"https:\/\/blogdoprosperi.com\/"},{"@type":"ListItem","position":2,"name":"Ricardo Gomes escala S\u00e3o Paulo com medo do Palmeiras no cl\u00e1ssico"}]},{"@type":"WebSite","@id":"https:\/\/blogdoprosperi.com\/#website","url":"https:\/\/blogdoprosperi.com\/","name":"PR\u00d3SPERI NEWS","description":"TUDO \u00c9  FUTEBOL","publisher":{"@id":"https:\/\/blogdoprosperi.com\/#\/schema\/person\/38100755ce3601861ee4fab9b5aa78e9"},"alternateName":"blogdoprosperi.com","potentialAction":[{"@type":"SearchAction","target":{"@type":"EntryPoint","urlTemplate":"https:\/\/blogdoprosperi.com\/?s={search_term_string}"},"query-input":{"@type":"PropertyValueSpecification","valueRequired":true,"valueName":"search_term_string"}}],"inLanguage":"pt-BR"},{"@type":["Person","Organization"],"@id":"https:\/\/blogdoprosperi.com\/#\/schema\/person\/38100755ce3601861ee4fab9b5aa78e9","name":"Luiz Ant\u00f4nio Pr\u00f3speri","pronouns":"ele","image":{"@type":"ImageObject","inLanguage":"pt-BR","@id":"https:\/\/i0.wp.com\/blogdoprosperi.com\/wp-content\/uploads\/2026\/05\/cropped-8059e613-6002-42fa-961e-8e275f575d71-2-5.jpg?fit=1360%2C931&ssl=1","url":"https:\/\/i0.wp.com\/blogdoprosperi.com\/wp-content\/uploads\/2026\/05\/cropped-8059e613-6002-42fa-961e-8e275f575d71-2-5.jpg?fit=1360%2C931&ssl=1","contentUrl":"https:\/\/i0.wp.com\/blogdoprosperi.com\/wp-content\/uploads\/2026\/05\/cropped-8059e613-6002-42fa-961e-8e275f575d71-2-5.jpg?fit=1360%2C931&ssl=1","width":1360,"height":931,"caption":"Luiz Ant\u00f4nio Pr\u00f3speri"},"logo":{"@id":"https:\/\/i0.wp.com\/blogdoprosperi.com\/wp-content\/uploads\/2026\/05\/cropped-8059e613-6002-42fa-961e-8e275f575d71-2-5.jpg?fit=1360%2C931&ssl=1"},"description":"Jornalista com carreira dedicada ao esporte. Cobriu 9 Copas do Mundo in loco, 1990 na It\u00e1lia, 1994 nos EUA, 1998 na Fran\u00e7a, 2002 na Coreia do Sul e Jap\u00e3o, 2006 na Alemanha, 2010 na \u00c1frica do Sul, 2014 no Brasil, 2018 na R\u00fassia e 2022 no Qatar. Eurocopas, 1992 na Su\u00e9cia e 1996 na Inglaterra. Copa das Confedera\u00e7\u00f5es de 2005 na Alemanha e 2009 na \u00c1frica do Sul. Rep\u00f3rter e Editor, trabalhou no Jornal da Tarde e Estad\u00e3o, de 1984 a fevereiro de 2016. Colunista, blogueiro. E comentarista de futebol na R\u00e1dio Estad\u00e3o, de 2013 a fevereiro de 2016. Jornalista respons\u00e1vel do \"Pr\u00f3speri News\" (blogdoprosperi.com).","sameAs":["http:\/\/blogdoprosperi.com","Luiz Pr\u00f3speri","@luiz_prosperi","https:\/\/x.com\/Luizprosperi","@prosperinacopa","luiz.prosperi@icloud.com"],"url":"https:\/\/blogdoprosperi.com\/?author=102107496"}]}},"jetpack_publicize_connections":[],"jetpack_likes_enabled":false,"jetpack_sharing_enabled":true,"jetpack_shortlink":"https:\/\/wp.me\/p7jvdk-6hk","jetpack-related-posts":[{"id":24534,"url":"https:\/\/blogdoprosperi.com\/?p=24534","url_meta":{"origin":24138,"position":0},"title":"Palmeiras usa suas torres na virada em cima do S\u00e3o Paulo e agrava crise do rival","author":"Luiz Ant\u00f4nio Pr\u00f3speri","date":"7 de setembro de 2016","format":false,"excerpt":"Palmeiras sofreu mais do que se esperava para derrotar o S\u00e3o Paulo por 2 a 1 no cl\u00e1ssico nesta quarta-feira no Allianz Parque. O advers\u00e1rio em crise t\u00e9cnica, pol\u00edtica, sem paz e com desfalques sugeria uma presa f\u00e1cil. Nada disso. Se n\u00e3o incomodou no primeiro tempo, no segundo deu muito\u2026","rel":"","context":"Em &quot;Campeonato Brasileiro&quot;","block_context":{"text":"Campeonato Brasileiro","link":"https:\/\/blogdoprosperi.com\/?cat=355071"},"img":{"alt_text":"","src":"https:\/\/i0.wp.com\/blogdoprosperi.com\/wp-content\/uploads\/2016\/09\/rib_6665.jpg?resize=350%2C200&ssl=1","width":350,"height":200,"srcset":"https:\/\/i0.wp.com\/blogdoprosperi.com\/wp-content\/uploads\/2016\/09\/rib_6665.jpg?resize=350%2C200&ssl=1 1x, https:\/\/i0.wp.com\/blogdoprosperi.com\/wp-content\/uploads\/2016\/09\/rib_6665.jpg?resize=525%2C300&ssl=1 1.5x"},"classes":[]},{"id":30471,"url":"https:\/\/blogdoprosperi.com\/?p=30471","url_meta":{"origin":24138,"position":1},"title":"S\u00e3o Paulo perde do lanterna e  ainda n\u00e3o fecha conta na corrida contra rebaixamento","author":"Luiz Ant\u00f4nio Pr\u00f3speri","date":"31 de outubro de 2016","format":false,"excerpt":"S\u00e3o Paulo ainda n\u00e3o fechou a matem\u00e1tica contra o rebaixamento. Diante do Am\u00e9rica-MG, at\u00e9 ent\u00e3o na lanterna do Brasileir\u00e3o, o Tricolor perdeu por 1 a 0 - 13.\u00aa derrota no campeonato em 33 jogos - e deixou de somar os tr\u00eas pontos preciosos que poderiam acabar com a ansiedade e\u2026","rel":"","context":"Em &quot;Campeonato Brasileiro&quot;","block_context":{"text":"Campeonato Brasileiro","link":"https:\/\/blogdoprosperi.com\/?cat=355071"},"img":{"alt_text":"","src":"https:\/\/i0.wp.com\/blogdoprosperi.com\/wp-content\/uploads\/2016\/10\/image-1.jpg?resize=350%2C200&ssl=1","width":350,"height":200},"classes":[]},{"id":22876,"url":"https:\/\/blogdoprosperi.com\/?p=22876","url_meta":{"origin":24138,"position":2},"title":"S\u00e3o Paulo sofre derrota a time da S\u00e9rie C e j\u00e1 pode pensar na pr\u00f3xima temporada","author":"Luiz Ant\u00f4nio Pr\u00f3speri","date":"24 de agosto de 2016","format":false,"excerpt":"Copa do Brasil para o S\u00e3o Paulo tem de ser uma Copa do Mundo, pedia Hudson na v\u00e9spera do jogo contra o Juventude na abertura das oitavas de final. A proje\u00e7\u00e3o do volante levava em conta a frustra\u00e7\u00e3o do Tricolor na Libertadores e a situa\u00e7\u00e3o delicada no Brasileir\u00e3o. At\u00e9 por\u2026","rel":"","context":"Em &quot;futebol&quot;","block_context":{"text":"futebol","link":"https:\/\/blogdoprosperi.com\/?cat=53870"},"img":{"alt_text":"","src":"https:\/\/i0.wp.com\/blogdoprosperi.com\/wp-content\/uploads\/2016\/08\/00915324-1024x682.jpg?resize=350%2C200&ssl=1","width":350,"height":200,"srcset":"https:\/\/i0.wp.com\/blogdoprosperi.com\/wp-content\/uploads\/2016\/08\/00915324-1024x682.jpg?resize=350%2C200&ssl=1 1x, https:\/\/i0.wp.com\/blogdoprosperi.com\/wp-content\/uploads\/2016\/08\/00915324-1024x682.jpg?resize=525%2C300&ssl=1 1.5x, https:\/\/i0.wp.com\/blogdoprosperi.com\/wp-content\/uploads\/2016\/08\/00915324-1024x682.jpg?resize=700%2C400&ssl=1 2x"},"classes":[]},{"id":27113,"url":"https:\/\/blogdoprosperi.com\/?p=27113","url_meta":{"origin":24138,"position":3},"title":"S\u00e3o Paulo chora aos p\u00e9s de Ch\u00e1vez diante do Flamengo no Morumbi","author":"Luiz Ant\u00f4nio Pr\u00f3speri","date":"1 de outubro de 2016","format":false,"excerpt":"Ch\u00e1vez tirou do S\u00e3o Paulo uma vit\u00f3ria importante na sua corrida contra a zona de rebaixamento no Brasileir\u00e3o. Aos 38 minutos do segundo tempo, atacante argentino aparece na cara do gol, chuta mal e Alex Muralha defende. Esse gol daria tr\u00eas pontos ao Tricolor, incomodado na parte debaixo da tabela\u2026","rel":"","context":"Em &quot;Campeonato Brasileiro&quot;","block_context":{"text":"Campeonato Brasileiro","link":"https:\/\/blogdoprosperi.com\/?cat=355071"},"img":{"alt_text":"","src":"https:\/\/i0.wp.com\/blogdoprosperi.com\/wp-content\/uploads\/2016\/10\/sp133.jpg?resize=350%2C200&ssl=1","width":350,"height":200,"srcset":"https:\/\/i0.wp.com\/blogdoprosperi.com\/wp-content\/uploads\/2016\/10\/sp133.jpg?resize=350%2C200&ssl=1 1x, https:\/\/i0.wp.com\/blogdoprosperi.com\/wp-content\/uploads\/2016\/10\/sp133.jpg?resize=525%2C300&ssl=1 1.5x"},"classes":[]},{"id":28469,"url":"https:\/\/blogdoprosperi.com\/?p=28469","url_meta":{"origin":24138,"position":4},"title":"S\u00e3o Paulo parte firme rumo ao rebaixamento e Santos sonha","author":"Luiz Ant\u00f4nio Pr\u00f3speri","date":"13 de outubro de 2016","format":false,"excerpt":"S\u00e3o Paulo \u00e9 candidato s\u00e9rio ao rebaixamento a oito rodadas do fim do Brasileir\u00e3o. Est\u00e1 apenas a tr\u00eas pontos da zona da degola. Pior, n\u00e3o tem como reagir. A derrota por 1 a 0 no cl\u00e1ssico contra o Santos escancara, mais uma vez, o quanto o time \u00e9 desequilibrado. Quando\u2026","rel":"","context":"Em &quot;Campeonato Brasileiro&quot;","block_context":{"text":"Campeonato Brasileiro","link":"https:\/\/blogdoprosperi.com\/?cat=355071"},"img":{"alt_text":"","src":"https:\/\/i0.wp.com\/blogdoprosperi.com\/wp-content\/uploads\/2016\/10\/pro3-20.jpg?resize=350%2C200","width":350,"height":200,"srcset":"https:\/\/i0.wp.com\/blogdoprosperi.com\/wp-content\/uploads\/2016\/10\/pro3-20.jpg?resize=350%2C200 1x, https:\/\/i0.wp.com\/blogdoprosperi.com\/wp-content\/uploads\/2016\/10\/pro3-20.jpg?resize=525%2C300 1.5x, https:\/\/i0.wp.com\/blogdoprosperi.com\/wp-content\/uploads\/2016\/10\/pro3-20.jpg?resize=700%2C400 2x, https:\/\/i0.wp.com\/blogdoprosperi.com\/wp-content\/uploads\/2016\/10\/pro3-20.jpg?resize=1050%2C600 3x, https:\/\/i0.wp.com\/blogdoprosperi.com\/wp-content\/uploads\/2016\/10\/pro3-20.jpg?resize=1400%2C800 4x"},"classes":[]},{"id":29109,"url":"https:\/\/blogdoprosperi.com\/?p=29109","url_meta":{"origin":24138,"position":5},"title":"Rodrigo Caio salva Ricardo Gomes da demiss\u00e3o e S\u00e3o Paulo sai da UTI","author":"Luiz Ant\u00f4nio Pr\u00f3speri","date":"17 de outubro de 2016","format":false,"excerpt":"Desde 7 de agosto, o S\u00e3o Paulo n\u00e3o vencia uma partida fora de casa no Brasileir\u00e3o. Apertado, a um ponto da zona de rebaixamento, com o t\u00e9cnico Ricardo Gomes pendurado por um fio, o time reagiu e construiu na for\u00e7a de vontade uma vit\u00f3ria de virada por 2 a 1\u2026","rel":"","context":"Em &quot;Campeonato Brasileiro&quot;","block_context":{"text":"Campeonato Brasileiro","link":"https:\/\/blogdoprosperi.com\/?cat=355071"},"img":{"alt_text":"","src":"https:\/\/i0.wp.com\/blogdoprosperi.com\/wp-content\/uploads\/2016\/10\/marcos-junior-rodrigo-caio-fluminense-x-sao-paulo-brasileirao-17-10-2016_is08eylajjo71j5fztmzr5yk8.jpg?resize=350%2C200&ssl=1","width":350,"height":200,"srcset":"https:\/\/i0.wp.com\/blogdoprosperi.com\/wp-content\/uploads\/2016\/10\/marcos-junior-rodrigo-caio-fluminense-x-sao-paulo-brasileirao-17-10-2016_is08eylajjo71j5fztmzr5yk8.jpg?resize=350%2C200&ssl=1 1x, https:\/\/i0.wp.com\/blogdoprosperi.com\/wp-content\/uploads\/2016\/10\/marcos-junior-rodrigo-caio-fluminense-x-sao-paulo-brasileirao-17-10-2016_is08eylajjo71j5fztmzr5yk8.jpg?resize=525%2C300&ssl=1 1.5x"},"classes":[]}],"jetpack_featured_media_url":"","_links":{"self":[{"href":"https:\/\/blogdoprosperi.com\/index.php?rest_route=\/wp\/v2\/posts\/24138","targetHints":{"allow":["GET"]}}],"collection":[{"href":"https:\/\/blogdoprosperi.com\/index.php?rest_route=\/wp\/v2\/posts"}],"about":[{"href":"https:\/\/blogdoprosperi.com\/index.php?rest_route=\/wp\/v2\/types\/post"}],"author":[{"embeddable":true,"href":"https:\/\/blogdoprosperi.com\/index.php?rest_route=\/wp\/v2\/users\/102107496"}],"replies":[{"embeddable":true,"href":"https:\/\/blogdoprosperi.com\/index.php?rest_route=%2Fwp%2Fv2%2Fcomments&post=24138"}],"version-history":[{"count":25,"href":"https:\/\/blogdoprosperi.com\/index.php?rest_route=\/wp\/v2\/posts\/24138\/revisions"}],"predecessor-version":[{"id":24187,"href":"https:\/\/blogdoprosperi.com\/index.php?rest_route=\/wp\/v2\/posts\/24138\/revisions\/24187"}],"wp:attachment":[{"href":"https:\/\/blogdoprosperi.com\/index.php?rest_route=%2Fwp%2Fv2%2Fmedia&parent=24138"}],"wp:term":[{"taxonomy":"category","embeddable":true,"href":"https:\/\/blogdoprosperi.com\/index.php?rest_route=%2Fwp%2Fv2%2Fcategories&post=24138"},{"taxonomy":"post_tag","embeddable":true,"href":"https:\/\/blogdoprosperi.com\/index.php?rest_route=%2Fwp%2Fv2%2Ftags&post=24138"}],"curies":[{"name":"wp","href":"https:\/\/api.w.org\/{rel}","templated":true}]}}