{"id":24188,"date":"2016-09-05T20:49:51","date_gmt":"2016-09-05T23:49:51","guid":{"rendered":"http:\/\/blogdoprosperi.com\/?p=24188"},"modified":"2016-09-05T20:49:52","modified_gmt":"2016-09-05T23:49:52","slug":"palmeiras-prepara-resgate-de-cinema-para-ter-gabriel-jesus-no-classico-contra-sao-paulo-precisa","status":"publish","type":"post","link":"https:\/\/blogdoprosperi.com\/?p=24188","title":{"rendered":"Palmeiras prepara resgate de cinema para ter Gabriel Jesus no cl\u00e1ssico contra S\u00e3o Paulo. Precisa?"},"content":{"rendered":"<figure id=\"attachment_media-2\" aria-describedby=\"caption-attachment-media-2\" style=\"width: 3000px\" class=\"wp-caption alignnone\"><img data-recalc-dims=\"1\" loading=\"lazy\" decoding=\"async\" data-attachment-id=\"24213\" data-permalink=\"https:\/\/blogdoprosperi.com\/?attachment_id=24213\" data-orig-file=\"https:\/\/i0.wp.com\/blogdoprosperi.com\/wp-content\/uploads\/2016\/09\/20160904212046_57ccba5e84d3a-1.jpg?fit=3000%2C1997&amp;ssl=1\" data-orig-size=\"3000,1997\" data-comments-opened=\"1\" data-image-meta=\"{&quot;aperture&quot;:&quot;4&quot;,&quot;credit&quot;:&quot;Pedro Martins&quot;,&quot;camera&quot;:&quot;NIKON D4&quot;,&quot;caption&quot;:&quot;&quot;,&quot;created_timestamp&quot;:&quot;1473025863&quot;,&quot;copyright&quot;:&quot;&quot;,&quot;focal_length&quot;:&quot;70&quot;,&quot;iso&quot;:&quot;1250&quot;,&quot;shutter_speed&quot;:&quot;0.004&quot;,&quot;title&quot;:&quot;&quot;,&quot;orientation&quot;:&quot;0&quot;}\" data-image-title=\"20160904212046_57ccba5e84d3a-1\" data-image-description=\"\" data-image-caption=\"\" data-large-file=\"https:\/\/i0.wp.com\/blogdoprosperi.com\/wp-content\/uploads\/2016\/09\/20160904212046_57ccba5e84d3a-1.jpg?fit=940%2C626&amp;ssl=1\" class=\"alignnone size-full wp-image-24213\" src=\"https:\/\/i0.wp.com\/blogdoprosperi.com\/wp-content\/uploads\/2016\/09\/20160904212046_57ccba5e84d3a-1.jpg?resize=940%2C626&#038;ssl=1\" alt=\"20160904212046_57ccba5e84d3a-1.jpg\" width=\"940\" height=\"626\" \/><figcaption id=\"caption-attachment-media-2\" class=\"wp-caption-text\">Gabriel Jesus em Manaus com a Sele\u00e7\u00e3o &#8211; foto: Mowa Press<\/figcaption><\/figure>\n<p>Palmeiras vai mandar um jatinho do presidente Paulo Nobre <a href=\"http:\/\/blogdoprosperi.com\/2016\/09\/01\/tite-estreia-com-vitoria-na-selecao-e-lanca-ao-mundo-um-novo-fenomeno-do-futebol-brasileiro-gabriel-jesus\/\">buscar Gabriel Jesus <\/a>na manh\u00e3 desta quarta-feira (07\/9). O resgate cinematogr\u00e1fico \u00e9 para ter o garoto prod\u00edgio no <a href=\"http:\/\/blogdoprosperi.com\/2016\/09\/05\/ricardo-gomes-escala-sao-paulo-com-medo-do-palmeiras-no-classico\/\">cl\u00e1ssico contra o S\u00e3o Paulo <\/a>no Allianz Parque. Jesus defende a Sele\u00e7\u00e3o Brasileira contra a Col\u00f4mbia, a partir das 21h45 desta ter\u00e7a-feira (06\/9), dorme em Manaus e logo cedo embarca em voo particular at\u00e9 a capital paulista e \u00e0 noite vai para o jogo. \u00c9 no m\u00ednimo assustador.<!--more--><\/p>\n<p>Neste regaste, Gabriel Jesus teria uma madrugada de sono mais tranquila no Amazonas para chegar &#8220;descansado&#8221; em S\u00e3o Paulo e jogar o cl\u00e1ssico \u00e0s 21 h45.<\/p>\n<p>Seus companheiros de Sele\u00e7\u00e3o v\u00e3o voltar em voo fretado pela CBF previsto para decolar poucas horas depois da partida contra a Col\u00f4mbia. Essa viagem deve levar cerca de 7 horas e terminar na manh\u00e3 na capital paulista. \u00c9 esse desgaste que o Palmeiras pretende evitar com Jesus no jatinho de Paulo Nobre.<\/p>\n<p>Tudo isso \u00e9 muito bonito e interessante. Do lado do clube, vale a pena o custo e sacrif\u00edcio para ter seu craque no cl\u00e1ssico. Do lado do jogador, de 19 anos, n\u00e3o \u00e9 bem assim.<\/p>\n<p>&#8220;Falam que por ter 19 anos posso jogar tr\u00eas, cinco jogos no mesmo dia. S\u00f3 se ficar parado&#8230;Se me sentir bem, posso sim jogar contra o S\u00e3o Paulo&#8221;, disse Jesus.<\/p>\n<p>&#8220;Eu, com 19 anos, jogava uma partida num dia e outra no dia seguinte. Tudo depende de uma boa alimenta\u00e7\u00e3o e descanso&#8221;, disse o veteran\u00edssimo Z\u00e9 Roberto, de 42 anos, companheiro do garoto no Palmeiras.<\/p>\n<p>Nessa hist\u00f3ria ainda tem o <a href=\"http:\/\/blogdoprosperi.com\/2016\/09\/01\/tite-recebe-aplausos-antes-da-estreia-e-promete-selecao-arrojada-contra-equador\/\">fator Tite e a Sele\u00e7\u00e3o<\/a>. Destaque da vit\u00f3ria por 3 a 0 contra o Equador, na semana passada, Gabriel Jesus foi uma aposta acertada do novo treinador do escrete. Vai ser um dos focos dos colombianos nesse jogo em Manaus. E deve sofrer \u00e0 be\u00e7a com advers\u00e1rios que n\u00e3o aliviam as canelas. \u00c9 de sair fa\u00edsca.<\/p>\n<p>Tite deve conversar com Jesus e exigir concentra\u00e7\u00e3o total na Sele\u00e7\u00e3o e Col\u00f4mbia. O Palmeiras fica para depois.<\/p>\n<p>Certamente o menino, se jogar os 90 minutos com o escrete, vai chegar sem carga m\u00e1xima no cl\u00e1ssico contra o S\u00e3o Paulo. Precisa tudo isso? Jesus ainda n\u00e3o fez gols em cl\u00e1ssicos paulistas.<\/p>\n","protected":false},"excerpt":{"rendered":"<p>Palmeiras vai mandar um jatinho do presidente Paulo Nobre buscar Gabriel Jesus na manh\u00e3 desta quarta-feira (07\/9). O [&hellip;]<\/p>\n","protected":false},"author":102107496,"featured_media":0,"comment_status":"open","ping_status":"open","sticky":false,"template":"","format":"standard","meta":{"_coblocks_attr":"","_coblocks_dimensions":"","_coblocks_responsive_height":"","_coblocks_accordion_ie_support":"","_jetpack_newsletter_access":"","_jetpack_dont_email_post_to_subs":false,"_jetpack_newsletter_tier_id":0,"_jetpack_memberships_contains_paywalled_content":false,"_wpcom_ai_launchpad_first_post":false,"_jetpack_feature_clip_id":0,"_jetpack_memberships_contains_paid_content":false,"footnotes":"","jetpack_publicize_message":"","jetpack_publicize_feature_enabled":true,"jetpack_social_post_already_shared":false,"jetpack_social_options":{"image_generator_settings":{"template":"highway","default_image_id":0,"font":"","enabled":false},"version":2},"jetpack_post_was_ever_published":false},"categories":[53870],"tags":[165442385,789560569,406159014,789560560,8328841,6021693,789560562,1114917,1814220],"class_list":["post-24188","post","type-post","status-publish","format-standard","hentry","category-futebol","tag-allianz-parque","tag-cbf","tag-eliminatorias-da-copa-de-2018","tag-futebol","tag-palmeiras-clube","tag-palmeiras-x-sao-paulo","tag-selecao-brasileira","tag-spfc","tag-tite"],"yoast_head":"<!-- This site is optimized with the Yoast SEO plugin v28.3 - https:\/\/yoast.com\/product\/yoast-seo-wordpress\/ -->\n<title>Palmeiras prepara resgate de cinema para ter Gabriel Jesus no cl\u00e1ssico contra S\u00e3o Paulo. Precisa? - PR\u00d3SPERI NEWS<\/title>\n<meta name=\"robots\" content=\"index, follow, max-snippet:-1, max-image-preview:large, max-video-preview:-1\" \/>\n<link rel=\"canonical\" href=\"https:\/\/blogdoprosperi.com\/?p=24188\" \/>\n<meta property=\"og:locale\" content=\"pt_BR\" \/>\n<meta property=\"og:type\" content=\"article\" \/>\n<meta property=\"og:title\" content=\"Palmeiras prepara resgate de cinema para ter Gabriel Jesus no cl\u00e1ssico contra S\u00e3o Paulo. Precisa? - PR\u00d3SPERI NEWS\" \/>\n<meta property=\"og:description\" content=\"Palmeiras vai mandar um jatinho do presidente Paulo Nobre buscar Gabriel Jesus na manh\u00e3 desta quarta-feira (07\/9). O [&hellip;]\" \/>\n<meta property=\"og:url\" content=\"https:\/\/blogdoprosperi.com\/?p=24188\" \/>\n<meta property=\"og:site_name\" content=\"PR\u00d3SPERI NEWS\" \/>\n<meta property=\"article:publisher\" content=\"Luiz Pr\u00f3speri\" \/>\n<meta property=\"article:author\" content=\"Luiz Pr\u00f3speri\" \/>\n<meta property=\"article:published_time\" content=\"2016-09-05T23:49:51+00:00\" \/>\n<meta property=\"article:modified_time\" content=\"2016-09-05T23:49:52+00:00\" \/>\n<meta property=\"og:image\" content=\"https:\/\/blogdoprosperi.com\/wp-content\/uploads\/2016\/09\/20160904212046_57ccba5e84d3a-1.jpg\" \/>\n<meta name=\"author\" content=\"Luiz Ant\u00f4nio Pr\u00f3speri\" \/>\n<meta name=\"twitter:card\" content=\"summary_large_image\" \/>\n<meta name=\"twitter:creator\" content=\"@Luizprosperi\" \/>\n<meta name=\"twitter:site\" content=\"@Luizprosperi\" \/>\n<meta name=\"twitter:label1\" content=\"Escrito por\" \/>\n\t<meta name=\"twitter:data1\" content=\"Luiz Ant\u00f4nio Pr\u00f3speri\" \/>\n\t<meta name=\"twitter:label2\" content=\"Est. tempo de leitura\" \/>\n\t<meta name=\"twitter:data2\" content=\"2 minutos\" \/>\n<script type=\"application\/ld+json\" class=\"yoast-schema-graph\">{\"@context\":\"https:\\\/\\\/schema.org\",\"@graph\":[{\"@type\":\"Article\",\"@id\":\"https:\\\/\\\/blogdoprosperi.com\\\/?p=24188#article\",\"isPartOf\":{\"@id\":\"https:\\\/\\\/blogdoprosperi.com\\\/?p=24188\"},\"author\":{\"name\":\"Luiz Ant\u00f4nio Pr\u00f3speri\",\"@id\":\"https:\\\/\\\/blogdoprosperi.com\\\/#\\\/schema\\\/person\\\/38100755ce3601861ee4fab9b5aa78e9\"},\"headline\":\"Palmeiras prepara resgate de cinema para ter Gabriel Jesus no cl\u00e1ssico contra S\u00e3o Paulo. Precisa?\",\"datePublished\":\"2016-09-05T23:49:51+00:00\",\"dateModified\":\"2016-09-05T23:49:52+00:00\",\"mainEntityOfPage\":{\"@id\":\"https:\\\/\\\/blogdoprosperi.com\\\/?p=24188\"},\"wordCount\":419,\"commentCount\":1,\"publisher\":{\"@id\":\"https:\\\/\\\/blogdoprosperi.com\\\/#\\\/schema\\\/person\\\/38100755ce3601861ee4fab9b5aa78e9\"},\"image\":{\"@id\":\"https:\\\/\\\/blogdoprosperi.com\\\/?p=24188#primaryimage\"},\"thumbnailUrl\":\"https:\\\/\\\/blogdoprosperi.com\\\/wp-content\\\/uploads\\\/2016\\\/09\\\/20160904212046_57ccba5e84d3a-1.jpg\",\"keywords\":[\"Allianz Parque\",\"CBF\",\"Eliminat\u00f3rias da Copa de 2018\",\"futebol\",\"Palmeiras Clube\",\"Palmeiras x S\u00e3o Paulo\",\"Sele\u00e7\u00e3o Brasileira\",\"SPFC\",\"Tite\"],\"articleSection\":[\"futebol\"],\"inLanguage\":\"pt-BR\",\"potentialAction\":[{\"@type\":\"CommentAction\",\"name\":\"Comment\",\"target\":[\"https:\\\/\\\/blogdoprosperi.com\\\/?p=24188#respond\"]}]},{\"@type\":\"WebPage\",\"@id\":\"https:\\\/\\\/blogdoprosperi.com\\\/?p=24188\",\"url\":\"https:\\\/\\\/blogdoprosperi.com\\\/?p=24188\",\"name\":\"Palmeiras prepara resgate de cinema para ter Gabriel Jesus no cl\u00e1ssico contra S\u00e3o Paulo. Precisa? - PR\u00d3SPERI NEWS\",\"isPartOf\":{\"@id\":\"https:\\\/\\\/blogdoprosperi.com\\\/#website\"},\"primaryImageOfPage\":{\"@id\":\"https:\\\/\\\/blogdoprosperi.com\\\/?p=24188#primaryimage\"},\"image\":{\"@id\":\"https:\\\/\\\/blogdoprosperi.com\\\/?p=24188#primaryimage\"},\"thumbnailUrl\":\"https:\\\/\\\/blogdoprosperi.com\\\/wp-content\\\/uploads\\\/2016\\\/09\\\/20160904212046_57ccba5e84d3a-1.jpg\",\"datePublished\":\"2016-09-05T23:49:51+00:00\",\"dateModified\":\"2016-09-05T23:49:52+00:00\",\"breadcrumb\":{\"@id\":\"https:\\\/\\\/blogdoprosperi.com\\\/?p=24188#breadcrumb\"},\"inLanguage\":\"pt-BR\",\"potentialAction\":[{\"@type\":\"ReadAction\",\"target\":[\"https:\\\/\\\/blogdoprosperi.com\\\/?p=24188\"]}]},{\"@type\":\"ImageObject\",\"inLanguage\":\"pt-BR\",\"@id\":\"https:\\\/\\\/blogdoprosperi.com\\\/?p=24188#primaryimage\",\"url\":\"https:\\\/\\\/i0.wp.com\\\/blogdoprosperi.com\\\/wp-content\\\/uploads\\\/2016\\\/09\\\/20160904212046_57ccba5e84d3a-1.jpg?fit=3000%2C1997&ssl=1\",\"contentUrl\":\"https:\\\/\\\/i0.wp.com\\\/blogdoprosperi.com\\\/wp-content\\\/uploads\\\/2016\\\/09\\\/20160904212046_57ccba5e84d3a-1.jpg?fit=3000%2C1997&ssl=1\",\"width\":3000,\"height\":1997},{\"@type\":\"BreadcrumbList\",\"@id\":\"https:\\\/\\\/blogdoprosperi.com\\\/?p=24188#breadcrumb\",\"itemListElement\":[{\"@type\":\"ListItem\",\"position\":1,\"name\":\"In\u00edcio\",\"item\":\"https:\\\/\\\/blogdoprosperi.com\\\/\"},{\"@type\":\"ListItem\",\"position\":2,\"name\":\"Palmeiras prepara resgate de cinema para ter Gabriel Jesus no cl\u00e1ssico contra S\u00e3o Paulo. Precisa?\"}]},{\"@type\":\"WebSite\",\"@id\":\"https:\\\/\\\/blogdoprosperi.com\\\/#website\",\"url\":\"https:\\\/\\\/blogdoprosperi.com\\\/\",\"name\":\"PR\u00d3SPERI NEWS\",\"description\":\"TUDO \u00c9  FUTEBOL\",\"publisher\":{\"@id\":\"https:\\\/\\\/blogdoprosperi.com\\\/#\\\/schema\\\/person\\\/38100755ce3601861ee4fab9b5aa78e9\"},\"alternateName\":\"blogdoprosperi.com\",\"potentialAction\":[{\"@type\":\"SearchAction\",\"target\":{\"@type\":\"EntryPoint\",\"urlTemplate\":\"https:\\\/\\\/blogdoprosperi.com\\\/?s={search_term_string}\"},\"query-input\":{\"@type\":\"PropertyValueSpecification\",\"valueRequired\":true,\"valueName\":\"search_term_string\"}}],\"inLanguage\":\"pt-BR\"},{\"@type\":[\"Person\",\"Organization\"],\"@id\":\"https:\\\/\\\/blogdoprosperi.com\\\/#\\\/schema\\\/person\\\/38100755ce3601861ee4fab9b5aa78e9\",\"name\":\"Luiz Ant\u00f4nio Pr\u00f3speri\",\"pronouns\":\"ele\",\"image\":{\"@type\":\"ImageObject\",\"inLanguage\":\"pt-BR\",\"@id\":\"https:\\\/\\\/i0.wp.com\\\/blogdoprosperi.com\\\/wp-content\\\/uploads\\\/2026\\\/05\\\/cropped-8059e613-6002-42fa-961e-8e275f575d71-2-5.jpg?fit=1360%2C931&ssl=1\",\"url\":\"https:\\\/\\\/i0.wp.com\\\/blogdoprosperi.com\\\/wp-content\\\/uploads\\\/2026\\\/05\\\/cropped-8059e613-6002-42fa-961e-8e275f575d71-2-5.jpg?fit=1360%2C931&ssl=1\",\"contentUrl\":\"https:\\\/\\\/i0.wp.com\\\/blogdoprosperi.com\\\/wp-content\\\/uploads\\\/2026\\\/05\\\/cropped-8059e613-6002-42fa-961e-8e275f575d71-2-5.jpg?fit=1360%2C931&ssl=1\",\"width\":1360,\"height\":931,\"caption\":\"Luiz Ant\u00f4nio Pr\u00f3speri\"},\"logo\":{\"@id\":\"https:\\\/\\\/i0.wp.com\\\/blogdoprosperi.com\\\/wp-content\\\/uploads\\\/2026\\\/05\\\/cropped-8059e613-6002-42fa-961e-8e275f575d71-2-5.jpg?fit=1360%2C931&ssl=1\"},\"description\":\"Jornalista com carreira dedicada ao esporte. Cobriu 9 Copas do Mundo in loco, 1990 na It\u00e1lia, 1994 nos EUA, 1998 na Fran\u00e7a, 2002 na Coreia do Sul e Jap\u00e3o, 2006 na Alemanha, 2010 na \u00c1frica do Sul, 2014 no Brasil, 2018 na R\u00fassia e 2022 no Qatar. Eurocopas, 1992 na Su\u00e9cia e 1996 na Inglaterra. Copa das Confedera\u00e7\u00f5es de 2005 na Alemanha e 2009 na \u00c1frica do Sul. Rep\u00f3rter e Editor, trabalhou no Jornal da Tarde e Estad\u00e3o, de 1984 a fevereiro de 2016. Colunista, blogueiro. E comentarista de futebol na R\u00e1dio Estad\u00e3o, de 2013 a fevereiro de 2016. Jornalista respons\u00e1vel do \\\"Pr\u00f3speri News\\\" (blogdoprosperi.com).\",\"sameAs\":[\"http:\\\/\\\/blogdoprosperi.com\",\"Luiz Pr\u00f3speri\",\"@luiz_prosperi\",\"https:\\\/\\\/x.com\\\/Luizprosperi\",\"@prosperinacopa\",\"luiz.prosperi@icloud.com\"],\"url\":\"https:\\\/\\\/blogdoprosperi.com\\\/?author=102107496\"}]}<\/script>\n<!-- \/ Yoast SEO plugin. -->","yoast_head_json":{"title":"Palmeiras prepara resgate de cinema para ter Gabriel Jesus no cl\u00e1ssico contra S\u00e3o Paulo. Precisa? - PR\u00d3SPERI NEWS","robots":{"index":"index","follow":"follow","max-snippet":"max-snippet:-1","max-image-preview":"max-image-preview:large","max-video-preview":"max-video-preview:-1"},"canonical":"https:\/\/blogdoprosperi.com\/?p=24188","og_locale":"pt_BR","og_type":"article","og_title":"Palmeiras prepara resgate de cinema para ter Gabriel Jesus no cl\u00e1ssico contra S\u00e3o Paulo. Precisa? - PR\u00d3SPERI NEWS","og_description":"Palmeiras vai mandar um jatinho do presidente Paulo Nobre buscar Gabriel Jesus na manh\u00e3 desta quarta-feira (07\/9). O [&hellip;]","og_url":"https:\/\/blogdoprosperi.com\/?p=24188","og_site_name":"PR\u00d3SPERI NEWS","article_publisher":"Luiz Pr\u00f3speri","article_author":"Luiz Pr\u00f3speri","article_published_time":"2016-09-05T23:49:51+00:00","article_modified_time":"2016-09-05T23:49:52+00:00","og_image":[{"url":"https:\/\/blogdoprosperi.com\/wp-content\/uploads\/2016\/09\/20160904212046_57ccba5e84d3a-1.jpg","type":"","width":"","height":""}],"author":"Luiz Ant\u00f4nio Pr\u00f3speri","twitter_card":"summary_large_image","twitter_creator":"@Luizprosperi","twitter_site":"@Luizprosperi","twitter_misc":{"Escrito por":"Luiz Ant\u00f4nio Pr\u00f3speri","Est. tempo de leitura":"2 minutos"},"schema":{"@context":"https:\/\/schema.org","@graph":[{"@type":"Article","@id":"https:\/\/blogdoprosperi.com\/?p=24188#article","isPartOf":{"@id":"https:\/\/blogdoprosperi.com\/?p=24188"},"author":{"name":"Luiz Ant\u00f4nio Pr\u00f3speri","@id":"https:\/\/blogdoprosperi.com\/#\/schema\/person\/38100755ce3601861ee4fab9b5aa78e9"},"headline":"Palmeiras prepara resgate de cinema para ter Gabriel Jesus no cl\u00e1ssico contra S\u00e3o Paulo. Precisa?","datePublished":"2016-09-05T23:49:51+00:00","dateModified":"2016-09-05T23:49:52+00:00","mainEntityOfPage":{"@id":"https:\/\/blogdoprosperi.com\/?p=24188"},"wordCount":419,"commentCount":1,"publisher":{"@id":"https:\/\/blogdoprosperi.com\/#\/schema\/person\/38100755ce3601861ee4fab9b5aa78e9"},"image":{"@id":"https:\/\/blogdoprosperi.com\/?p=24188#primaryimage"},"thumbnailUrl":"https:\/\/blogdoprosperi.com\/wp-content\/uploads\/2016\/09\/20160904212046_57ccba5e84d3a-1.jpg","keywords":["Allianz Parque","CBF","Eliminat\u00f3rias da Copa de 2018","futebol","Palmeiras Clube","Palmeiras x S\u00e3o Paulo","Sele\u00e7\u00e3o Brasileira","SPFC","Tite"],"articleSection":["futebol"],"inLanguage":"pt-BR","potentialAction":[{"@type":"CommentAction","name":"Comment","target":["https:\/\/blogdoprosperi.com\/?p=24188#respond"]}]},{"@type":"WebPage","@id":"https:\/\/blogdoprosperi.com\/?p=24188","url":"https:\/\/blogdoprosperi.com\/?p=24188","name":"Palmeiras prepara resgate de cinema para ter Gabriel Jesus no cl\u00e1ssico contra S\u00e3o Paulo. Precisa? - PR\u00d3SPERI NEWS","isPartOf":{"@id":"https:\/\/blogdoprosperi.com\/#website"},"primaryImageOfPage":{"@id":"https:\/\/blogdoprosperi.com\/?p=24188#primaryimage"},"image":{"@id":"https:\/\/blogdoprosperi.com\/?p=24188#primaryimage"},"thumbnailUrl":"https:\/\/blogdoprosperi.com\/wp-content\/uploads\/2016\/09\/20160904212046_57ccba5e84d3a-1.jpg","datePublished":"2016-09-05T23:49:51+00:00","dateModified":"2016-09-05T23:49:52+00:00","breadcrumb":{"@id":"https:\/\/blogdoprosperi.com\/?p=24188#breadcrumb"},"inLanguage":"pt-BR","potentialAction":[{"@type":"ReadAction","target":["https:\/\/blogdoprosperi.com\/?p=24188"]}]},{"@type":"ImageObject","inLanguage":"pt-BR","@id":"https:\/\/blogdoprosperi.com\/?p=24188#primaryimage","url":"https:\/\/i0.wp.com\/blogdoprosperi.com\/wp-content\/uploads\/2016\/09\/20160904212046_57ccba5e84d3a-1.jpg?fit=3000%2C1997&ssl=1","contentUrl":"https:\/\/i0.wp.com\/blogdoprosperi.com\/wp-content\/uploads\/2016\/09\/20160904212046_57ccba5e84d3a-1.jpg?fit=3000%2C1997&ssl=1","width":3000,"height":1997},{"@type":"BreadcrumbList","@id":"https:\/\/blogdoprosperi.com\/?p=24188#breadcrumb","itemListElement":[{"@type":"ListItem","position":1,"name":"In\u00edcio","item":"https:\/\/blogdoprosperi.com\/"},{"@type":"ListItem","position":2,"name":"Palmeiras prepara resgate de cinema para ter Gabriel Jesus no cl\u00e1ssico contra S\u00e3o Paulo. Precisa?"}]},{"@type":"WebSite","@id":"https:\/\/blogdoprosperi.com\/#website","url":"https:\/\/blogdoprosperi.com\/","name":"PR\u00d3SPERI NEWS","description":"TUDO \u00c9  FUTEBOL","publisher":{"@id":"https:\/\/blogdoprosperi.com\/#\/schema\/person\/38100755ce3601861ee4fab9b5aa78e9"},"alternateName":"blogdoprosperi.com","potentialAction":[{"@type":"SearchAction","target":{"@type":"EntryPoint","urlTemplate":"https:\/\/blogdoprosperi.com\/?s={search_term_string}"},"query-input":{"@type":"PropertyValueSpecification","valueRequired":true,"valueName":"search_term_string"}}],"inLanguage":"pt-BR"},{"@type":["Person","Organization"],"@id":"https:\/\/blogdoprosperi.com\/#\/schema\/person\/38100755ce3601861ee4fab9b5aa78e9","name":"Luiz Ant\u00f4nio Pr\u00f3speri","pronouns":"ele","image":{"@type":"ImageObject","inLanguage":"pt-BR","@id":"https:\/\/i0.wp.com\/blogdoprosperi.com\/wp-content\/uploads\/2026\/05\/cropped-8059e613-6002-42fa-961e-8e275f575d71-2-5.jpg?fit=1360%2C931&ssl=1","url":"https:\/\/i0.wp.com\/blogdoprosperi.com\/wp-content\/uploads\/2026\/05\/cropped-8059e613-6002-42fa-961e-8e275f575d71-2-5.jpg?fit=1360%2C931&ssl=1","contentUrl":"https:\/\/i0.wp.com\/blogdoprosperi.com\/wp-content\/uploads\/2026\/05\/cropped-8059e613-6002-42fa-961e-8e275f575d71-2-5.jpg?fit=1360%2C931&ssl=1","width":1360,"height":931,"caption":"Luiz Ant\u00f4nio Pr\u00f3speri"},"logo":{"@id":"https:\/\/i0.wp.com\/blogdoprosperi.com\/wp-content\/uploads\/2026\/05\/cropped-8059e613-6002-42fa-961e-8e275f575d71-2-5.jpg?fit=1360%2C931&ssl=1"},"description":"Jornalista com carreira dedicada ao esporte. Cobriu 9 Copas do Mundo in loco, 1990 na It\u00e1lia, 1994 nos EUA, 1998 na Fran\u00e7a, 2002 na Coreia do Sul e Jap\u00e3o, 2006 na Alemanha, 2010 na \u00c1frica do Sul, 2014 no Brasil, 2018 na R\u00fassia e 2022 no Qatar. Eurocopas, 1992 na Su\u00e9cia e 1996 na Inglaterra. Copa das Confedera\u00e7\u00f5es de 2005 na Alemanha e 2009 na \u00c1frica do Sul. Rep\u00f3rter e Editor, trabalhou no Jornal da Tarde e Estad\u00e3o, de 1984 a fevereiro de 2016. Colunista, blogueiro. E comentarista de futebol na R\u00e1dio Estad\u00e3o, de 2013 a fevereiro de 2016. Jornalista respons\u00e1vel do \"Pr\u00f3speri News\" (blogdoprosperi.com).","sameAs":["http:\/\/blogdoprosperi.com","Luiz Pr\u00f3speri","@luiz_prosperi","https:\/\/x.com\/Luizprosperi","@prosperinacopa","luiz.prosperi@icloud.com"],"url":"https:\/\/blogdoprosperi.com\/?author=102107496"}]}},"jetpack_publicize_connections":[],"jetpack_likes_enabled":false,"jetpack_sharing_enabled":true,"jetpack_shortlink":"https:\/\/wp.me\/p7jvdk-6i8","jetpack-related-posts":[{"id":24138,"url":"https:\/\/blogdoprosperi.com\/?p=24138","url_meta":{"origin":24188,"position":0},"title":"Ricardo Gomes escala S\u00e3o Paulo com medo do Palmeiras no cl\u00e1ssico","author":"Luiz Ant\u00f4nio Pr\u00f3speri","date":"5 de setembro de 2016","format":false,"excerpt":"Ricardo Gomes ensaia o S\u00e3o Paulo com tr\u00eas volantes e uma zaga lenta no cl\u00e1ssico contra o Palmeiras nesta quarta-feira (07\/9) no Allianz Parque. A d\u00favida: o treinador do Tricolor vai jogar na retranca com medo do l\u00edder ou n\u00e3o tem outra op\u00e7\u00e3o diante dos desfalques? \u00c0 dist\u00e2ncia, parece que\u2026","rel":"","context":"Em &quot;Campeonato Brasileiro&quot;","block_context":{"text":"Campeonato Brasileiro","link":"https:\/\/blogdoprosperi.com\/?cat=355071"},"img":{"alt_text":"","src":"https:\/\/i0.wp.com\/blogdoprosperi.com\/wp-content\/uploads\/2016\/09\/apresentac3a7c3a3o-do-tc3a9cnico-ricardo-gomes-no-spfc-02.jpg?resize=350%2C200&ssl=1","width":350,"height":200,"srcset":"https:\/\/i0.wp.com\/blogdoprosperi.com\/wp-content\/uploads\/2016\/09\/apresentac3a7c3a3o-do-tc3a9cnico-ricardo-gomes-no-spfc-02.jpg?resize=350%2C200&ssl=1 1x, https:\/\/i0.wp.com\/blogdoprosperi.com\/wp-content\/uploads\/2016\/09\/apresentac3a7c3a3o-do-tc3a9cnico-ricardo-gomes-no-spfc-02.jpg?resize=525%2C300&ssl=1 1.5x, https:\/\/i0.wp.com\/blogdoprosperi.com\/wp-content\/uploads\/2016\/09\/apresentac3a7c3a3o-do-tc3a9cnico-ricardo-gomes-no-spfc-02.jpg?resize=700%2C400&ssl=1 2x"},"classes":[]},{"id":24534,"url":"https:\/\/blogdoprosperi.com\/?p=24534","url_meta":{"origin":24188,"position":1},"title":"Palmeiras usa suas torres na virada em cima do S\u00e3o Paulo e agrava crise do rival","author":"Luiz Ant\u00f4nio Pr\u00f3speri","date":"7 de setembro de 2016","format":false,"excerpt":"Palmeiras sofreu mais do que se esperava para derrotar o S\u00e3o Paulo por 2 a 1 no cl\u00e1ssico nesta quarta-feira no Allianz Parque. O advers\u00e1rio em crise t\u00e9cnica, pol\u00edtica, sem paz e com desfalques sugeria uma presa f\u00e1cil. Nada disso. Se n\u00e3o incomodou no primeiro tempo, no segundo deu muito\u2026","rel":"","context":"Em &quot;Campeonato Brasileiro&quot;","block_context":{"text":"Campeonato Brasileiro","link":"https:\/\/blogdoprosperi.com\/?cat=355071"},"img":{"alt_text":"","src":"https:\/\/i0.wp.com\/blogdoprosperi.com\/wp-content\/uploads\/2016\/09\/rib_6665.jpg?resize=350%2C200&ssl=1","width":350,"height":200,"srcset":"https:\/\/i0.wp.com\/blogdoprosperi.com\/wp-content\/uploads\/2016\/09\/rib_6665.jpg?resize=350%2C200&ssl=1 1x, https:\/\/i0.wp.com\/blogdoprosperi.com\/wp-content\/uploads\/2016\/09\/rib_6665.jpg?resize=525%2C300&ssl=1 1.5x"},"classes":[]},{"id":30292,"url":"https:\/\/blogdoprosperi.com\/?p=30292","url_meta":{"origin":24188,"position":2},"title":"Cuca n\u00e3o tem tempo para recuperar Gabriel Jesus","author":"Luiz Ant\u00f4nio Pr\u00f3speri","date":"30 de outubro de 2016","format":false,"excerpt":"Cuca assumiu o compromisso p\u00fablico de recuperar o futebol de Gabriel Jesus, ap\u00f3s derrota (1 a 0) diante do Santos s\u00e1bado na Vila. Disse que esta \u00e9 uma de suas miss\u00f5es na reta final do Campeonato Brasileiro - restam cinco rodadas. N\u00e3o parece uma tarefa f\u00e1cil. Treinador do Palmeiras n\u00e3o\u2026","rel":"","context":"Em &quot;Campeonato Brasileiro&quot;","block_context":{"text":"Campeonato Brasileiro","link":"https:\/\/blogdoprosperi.com\/?cat=355071"},"img":{"alt_text":"pro3-22","src":"https:\/\/i0.wp.com\/blogdoprosperi.com\/wp-content\/uploads\/2016\/10\/pro3-22.jpg?resize=350%2C200&ssl=1","width":350,"height":200,"srcset":"https:\/\/i0.wp.com\/blogdoprosperi.com\/wp-content\/uploads\/2016\/10\/pro3-22.jpg?resize=350%2C200&ssl=1 1x, https:\/\/i0.wp.com\/blogdoprosperi.com\/wp-content\/uploads\/2016\/10\/pro3-22.jpg?resize=525%2C300&ssl=1 1.5x, https:\/\/i0.wp.com\/blogdoprosperi.com\/wp-content\/uploads\/2016\/10\/pro3-22.jpg?resize=700%2C400&ssl=1 2x, https:\/\/i0.wp.com\/blogdoprosperi.com\/wp-content\/uploads\/2016\/10\/pro3-22.jpg?resize=1050%2C600&ssl=1 3x, https:\/\/i0.wp.com\/blogdoprosperi.com\/wp-content\/uploads\/2016\/10\/pro3-22.jpg?resize=1400%2C800&ssl=1 4x"},"classes":[]},{"id":36894,"url":"https:\/\/blogdoprosperi.com\/?p=36894","url_meta":{"origin":24188,"position":3},"title":"Gabriel Jesus espera convencer &#8216;palmeirense&#8217; Neymar a um dia jogar no Palmeiras","author":"Luiz Ant\u00f4nio Pr\u00f3speri","date":"9 de outubro de 2017","format":false,"excerpt":"Brasil x Chile, jogo da despedida das Eliminat\u00f3rias da Copa 2018, passa por Gabriel Jesus. H\u00e1 ingredientes de sobra a envolver o atacante e a partida desta ter\u00e7a-feira (10\/10) no Allianz Parque. Primeiro, vai atuar na sua casa, o est\u00e1dio onde se projetou para Sele\u00e7\u00e3o Brasileira e o mundo. Segundo,\u2026","rel":"","context":"Em &quot;futebol&quot;","block_context":{"text":"futebol","link":"https:\/\/blogdoprosperi.com\/?cat=53870"},"img":{"alt_text":"","src":"https:\/\/i0.wp.com\/blogdoprosperi.com\/wp-content\/uploads\/2017\/10\/37581662711_298389d878_b.jpg?fit=1024%2C659&ssl=1&resize=350%2C200","width":350,"height":200,"srcset":"https:\/\/i0.wp.com\/blogdoprosperi.com\/wp-content\/uploads\/2017\/10\/37581662711_298389d878_b.jpg?fit=1024%2C659&ssl=1&resize=350%2C200 1x, https:\/\/i0.wp.com\/blogdoprosperi.com\/wp-content\/uploads\/2017\/10\/37581662711_298389d878_b.jpg?fit=1024%2C659&ssl=1&resize=525%2C300 1.5x, https:\/\/i0.wp.com\/blogdoprosperi.com\/wp-content\/uploads\/2017\/10\/37581662711_298389d878_b.jpg?fit=1024%2C659&ssl=1&resize=700%2C400 2x"},"classes":[]},{"id":7955,"url":"https:\/\/blogdoprosperi.com\/?p=7955","url_meta":{"origin":24188,"position":4},"title":"Dunga, enfim, concede a Ganso uma chance na Sele\u00e7\u00e3o e S\u00e3o Paulo fica com o preju\u00edzo","author":"Luiz Ant\u00f4nio Pr\u00f3speri","date":"2 de junho de 2016","format":false,"excerpt":"O corte de Kak\u00e1 da Sele\u00e7\u00e3o Brasileira \u00e9 uma boa li\u00e7\u00e3o ao t\u00e9cnico Dunga. N\u00e3o adianta insistir em jogadores com fadiga de material. Uma hora o corpo entrega e o treinador fica na m\u00e3o. \u00c9 o caso de Kak\u00e1, melhor do mundo eleito pela Fifa em 2007. Desde que optou\u2026","rel":"","context":"Em &quot;futebol&quot;","block_context":{"text":"futebol","link":"https:\/\/blogdoprosperi.com\/?cat=53870"},"img":{"alt_text":"","src":"https:\/\/i0.wp.com\/blogdoprosperi.com\/wp-content\/uploads\/2016\/06\/20160528170027_9846_capa.jpg?resize=350%2C200&ssl=1","width":350,"height":200},"classes":[]},{"id":18611,"url":"https:\/\/blogdoprosperi.com\/?p=18611","url_meta":{"origin":24188,"position":5},"title":"Palmeiras vende Gabriel Jesus ao Manchester City por R$ 124 milh\u00f5es","author":"Luiz Ant\u00f4nio Pr\u00f3speri","date":"3 de agosto de 2016","format":false,"excerpt":"Negocia\u00e7\u00e3o do jogador \u00e9 manchete em edi\u00e7\u00f5es matutinas desta quarta-feira na Inglaterra. Clube paulista esperava ceder sua pepita de ouro ao Barcelona antes de Guardiola entrar em a\u00e7\u00e3o. Vai levar cerca de R$ 80 milh\u00f5es na transa\u00e7\u00e3o Gabriel Jesus \u00e9 jogador do Manchester City no neg\u00f3cio de 34 milh\u00f5es de\u2026","rel":"","context":"Em &quot;Campeonato Brasileiro&quot;","block_context":{"text":"Campeonato Brasileiro","link":"https:\/\/blogdoprosperi.com\/?cat=355071"},"img":{"alt_text":"","src":"https:\/\/i0.wp.com\/blogdoprosperi.com\/wp-content\/uploads\/2016\/08\/img-20160802-wa0000.jpg?resize=350%2C200&ssl=1","width":350,"height":200,"srcset":"https:\/\/i0.wp.com\/blogdoprosperi.com\/wp-content\/uploads\/2016\/08\/img-20160802-wa0000.jpg?resize=350%2C200&ssl=1 1x, https:\/\/i0.wp.com\/blogdoprosperi.com\/wp-content\/uploads\/2016\/08\/img-20160802-wa0000.jpg?resize=525%2C300&ssl=1 1.5x, https:\/\/i0.wp.com\/blogdoprosperi.com\/wp-content\/uploads\/2016\/08\/img-20160802-wa0000.jpg?resize=700%2C400&ssl=1 2x"},"classes":[]}],"jetpack_featured_media_url":"","_links":{"self":[{"href":"https:\/\/blogdoprosperi.com\/index.php?rest_route=\/wp\/v2\/posts\/24188","targetHints":{"allow":["GET"]}}],"collection":[{"href":"https:\/\/blogdoprosperi.com\/index.php?rest_route=\/wp\/v2\/posts"}],"about":[{"href":"https:\/\/blogdoprosperi.com\/index.php?rest_route=\/wp\/v2\/types\/post"}],"author":[{"embeddable":true,"href":"https:\/\/blogdoprosperi.com\/index.php?rest_route=\/wp\/v2\/users\/102107496"}],"replies":[{"embeddable":true,"href":"https:\/\/blogdoprosperi.com\/index.php?rest_route=%2Fwp%2Fv2%2Fcomments&post=24188"}],"version-history":[{"count":25,"href":"https:\/\/blogdoprosperi.com\/index.php?rest_route=\/wp\/v2\/posts\/24188\/revisions"}],"predecessor-version":[{"id":24230,"href":"https:\/\/blogdoprosperi.com\/index.php?rest_route=\/wp\/v2\/posts\/24188\/revisions\/24230"}],"wp:attachment":[{"href":"https:\/\/blogdoprosperi.com\/index.php?rest_route=%2Fwp%2Fv2%2Fmedia&parent=24188"}],"wp:term":[{"taxonomy":"category","embeddable":true,"href":"https:\/\/blogdoprosperi.com\/index.php?rest_route=%2Fwp%2Fv2%2Fcategories&post=24188"},{"taxonomy":"post_tag","embeddable":true,"href":"https:\/\/blogdoprosperi.com\/index.php?rest_route=%2Fwp%2Fv2%2Ftags&post=24188"}],"curies":[{"name":"wp","href":"https:\/\/api.w.org\/{rel}","templated":true}]}}