{"id":24298,"date":"2016-09-07T00:11:54","date_gmt":"2016-09-07T03:11:54","guid":{"rendered":"http:\/\/blogdoprosperi.com\/?p=24298"},"modified":"2016-09-07T01:37:20","modified_gmt":"2016-09-07T04:37:20","slug":"philipe-coutinho-muda-o-jogo-e-tite-alcanca-segunda-vitoria-consecutiva-com-a-selecao","status":"publish","type":"post","link":"https:\/\/blogdoprosperi.com\/?p=24298","title":{"rendered":"Philipe Coutinho muda o jogo e Tite alcan\u00e7a segunda vit\u00f3ria consecutiva com a Sele\u00e7\u00e3o"},"content":{"rendered":"<figure id=\"attachment_24372\" aria-describedby=\"caption-attachment-24372\" style=\"width: 3000px\" class=\"wp-caption alignnone\"><img data-recalc-dims=\"1\" loading=\"lazy\" decoding=\"async\" data-attachment-id=\"24372\" data-permalink=\"https:\/\/blogdoprosperi.com\/?attachment_id=24372\" data-orig-file=\"https:\/\/i0.wp.com\/blogdoprosperi.com\/wp-content\/uploads\/2016\/09\/20160906233731_57cf7d6b04778.jpg?fit=3000%2C1997&amp;ssl=1\" data-orig-size=\"3000,1997\" data-comments-opened=\"1\" data-image-meta=\"{&quot;aperture&quot;:&quot;2.8&quot;,&quot;credit&quot;:&quot;Pedro Martins&quot;,&quot;camera&quot;:&quot;NIKON D4&quot;,&quot;caption&quot;:&quot;&quot;,&quot;created_timestamp&quot;:&quot;1473207791&quot;,&quot;copyright&quot;:&quot;&quot;,&quot;focal_length&quot;:&quot;400&quot;,&quot;iso&quot;:&quot;1600&quot;,&quot;shutter_speed&quot;:&quot;0.000625&quot;,&quot;title&quot;:&quot;&quot;,&quot;orientation&quot;:&quot;0&quot;}\" data-image-title=\"20160906233731_57cf7d6b04778\" data-image-description=\"\" data-image-caption=\"\" data-large-file=\"https:\/\/i0.wp.com\/blogdoprosperi.com\/wp-content\/uploads\/2016\/09\/20160906233731_57cf7d6b04778.jpg?fit=940%2C626&amp;ssl=1\" class=\"alignnone size-full wp-image-24372\" src=\"https:\/\/i0.wp.com\/blogdoprosperi.com\/wp-content\/uploads\/2016\/09\/20160906233731_57cf7d6b04778.jpg?resize=940%2C626&#038;ssl=1\" alt=\"20160906233731_57cf7d6b04778.jpg\" width=\"940\" height=\"626\" \/><figcaption id=\"caption-attachment-24372\" class=\"wp-caption-text\">Neymar e Coutinho celebram gol na vit\u00f3ria contra Col\u00f4mbia &#8211; foto: Mowa Press<\/figcaption><\/figure>\n<p>Se Gabriel Jesus fez a diferen\u00e7a na estreia de Tite no comando da Sele\u00e7\u00e3o Brasileira contra o Equador, Philipe Coutinho mudou o rumo do jogo na vit\u00f3ria diante da Col\u00f4mbia por 2 a 1 nesta ter\u00e7a-feira (06\/9), em Manaus, pelas Eliminat\u00f3rias da Copa de 2018. O meia do Liverpool entrou no segundo tempo e deu outra vida ao escrete com jogadas de talento, dribles e muita amplid\u00e3o.<!--more--><\/p>\n<p>Coutinho catalisou o novo momento da Sele\u00e7\u00e3o, que deixou de ser insegura e muitas vezes covarde para se impor com equil\u00edbrio, vertical, troca de passes e criatividade.<\/p>\n<p>Dunga deixou o Brasil na sexta coloca\u00e7\u00e3o das Eliminat\u00f3rias. Tite, em dois jogos, levou o escrete \u00e0 zona de classifica\u00e7\u00e3o da Copa com duas vit\u00f3rias categ\u00f3ricas. Resultados dizem tudo.<\/p>\n<p><strong>AN\u00c1LISE DO JOGO<\/strong><\/p>\n<p>A Sele\u00e7\u00e3o ensaiou uma goleada no primeiro tempo ao fazer o gol com Miranda, com menos de dois minutos de jogo, em cobran\u00e7a ensaiada de escanteio com Neymar. Abriu a vantagem, tomou conta do jogo, fechou espa\u00e7os aos colombianos e chegou com extrema facilidade na zona de gol, sempre com Neymar e Marcelo. Teve chance de fazer mais um gol e parou em grandes defesas de Ospina.<\/p>\n<p>No momento em que se sentia absoluta, a Sele\u00e7\u00e3o Brasileira perdeu a concentra\u00e7\u00e3o. Cometeu uma falta desnecess\u00e1ria com Renato Augusto em James Rodriguez. O craque colombiano levantou com maestria na \u00e1rea e Marquinhos marcou contra, aos 36. O time de Tite entregava de bandeja o empate \u00e0 Col\u00f4mbia.<\/p>\n<p>Dali para frente, mesmo com uma resposta de Neymar em bola preparada por Jesus e \u00f3tima defesa de Ospina, o jogo ficou crispado. Tens\u00e3o de lado a lado. Os colombianos valorizaram as faltas e pressionaram a sa\u00edda de bola do Brasil. Um jogo que n\u00e3o servia \u00e0 Sele\u00e7\u00e3o e acabou com um cart\u00e3o amarelo a Neymar. Sinal de chumbo grosso no segundo tempo.<\/p>\n<p>Tite teria 15 minutos de intervalo para reorganizar a casa. E voltou sem substitui\u00e7\u00f5es. Pekerman abriu tr\u00eas atacantes e puxou James Rodriguez para esticar bolas nas costas da zaga brasileira. E depois colocou Cuadrado para jogar em cima de Marcelo.<\/p>\n<div class=\"jetpack-video-wrapper\"><span class=\"embed-youtube\" style=\"text-align:center; display: block;\"><iframe loading=\"lazy\" class=\"youtube-player\" width=\"560\" height=\"315\" src=\"https:\/\/www.youtube.com\/embed\/Tz5za3qVsw0?version=3&#038;rel=1&#038;showsearch=0&#038;showinfo=1&#038;iv_load_policy=1&#038;fs=1&#038;hl=pt-BR&#038;autohide=2&#038;wmode=transparent\" allowfullscreen=\"true\" style=\"border:0;\" sandbox=\"allow-scripts allow-same-origin allow-popups allow-presentation allow-popups-to-escape-sandbox\"><\/iframe><\/span><\/div>\n<p>A Sele\u00e7\u00e3o aceitou essa nova imposi\u00e7\u00e3o colombiana at\u00e9 mudar de comportamento com a entrada de Philipe Coutinho no lugar de Willian. O Brasil ficou mais agressivo e criativo com Coutinho. Esteve perto de chegar ao segundo gol nos p\u00e9s de Paulinho e Renato Augusto.<\/p>\n<p>O gol saiu apenas aos 28 minutos quando Neymar resolveu aparecer. Em jogada que passou de Giuliano, Jesus at\u00e9 Coutinho e da\u00ed a Neymar bater cruzado. Era o gol da vit\u00f3ria. Dali para frente, o Brasil passou a trocar passes no campo do inimigo e tomar as r\u00e9deas do jogo de forma definitiva. Os colombianos assustaram em dois a tr\u00eas golpes, mas sem impacto.<\/p>\n<p>Era a segunda vit\u00f3ria da Sele\u00e7\u00e3o sob nova dire\u00e7\u00e3o e um salto do sexto para os primeiros lugares na classifica\u00e7\u00e3o das Eliminat\u00f3rias da Copa de 2018.<\/p>\n<p><strong>FICHA DO JOGO<\/strong><\/p>\n<p><strong>Brasil 2 x 1 Col\u00f4mbia<\/strong><\/p>\n<p><strong>Gols<\/strong>: Miranda, a 1; e Marquinhos (contra), aos 36 minutos do primeiro tempo; Neymar, aos 28 minutos do segundo tempo.<\/p>\n<p><strong>Brasil:<\/strong> Alisson, Daniel Alves, Marquinhos, Miranda e Marcelo; Casemiro; Willian (Philipe Coutinho), Paulinho (Giuliano), Renato Augusto e Neymar; Gabriel Jesus (Taison). <strong>T\u00e9cnico<\/strong>: Tite<\/p>\n<p><strong>Col\u00f4mbia<\/strong>:\u00a0Ospina; Medina, \u00d3scar Murillo, Jeison Murillo e D\u00edaz; S\u00e1nchez, Macnelly Torres (Cuadrado), \u00a0Barrios e James Rodr\u00edguez; Muriel e Bacca (Mart\u00ednez).\u00a0<strong>T\u00e9cnico:<\/strong> Jose Pekerman<\/p>\n<p><strong>Juiz<\/strong>: Patr\u00edcio Lostau<br \/>\n<strong>Cart\u00f5es amarelos<\/strong>: Medina, Paulinho, Neymar, Marcelo, Giuliano<br \/>\n<strong>Local<\/strong>: Arena Amazonas<\/p>\n","protected":false},"excerpt":{"rendered":"<p>Se Gabriel Jesus fez a diferen\u00e7a na estreia de Tite no comando da Sele\u00e7\u00e3o Brasileira contra o Equador, [&hellip;]<\/p>\n","protected":false},"author":102107496,"featured_media":0,"comment_status":"open","ping_status":"open","sticky":false,"template":"","format":"standard","meta":{"_coblocks_attr":"","_coblocks_dimensions":"","_coblocks_responsive_height":"","_coblocks_accordion_ie_support":"","_jetpack_newsletter_access":"","_jetpack_dont_email_post_to_subs":false,"_jetpack_newsletter_tier_id":0,"_jetpack_memberships_contains_paywalled_content":false,"_wpcom_ai_launchpad_first_post":false,"_jetpack_feature_clip_id":0,"_jetpack_memberships_contains_paid_content":false,"footnotes":"","jetpack_publicize_message":"","jetpack_publicize_feature_enabled":true,"jetpack_social_post_already_shared":false,"jetpack_social_options":{"image_generator_settings":{"template":"highway","default_image_id":0,"font":"","enabled":false},"version":2},"jetpack_post_was_ever_published":false},"categories":[53870],"tags":[12316018,406159014,789560560,25238168,789560562,1814220],"class_list":["post-24298","post","type-post","status-publish","format-standard","hentry","category-futebol","tag-brasil-x-colombia","tag-eliminatorias-da-copa-de-2018","tag-futebol","tag-philipe-coutinho","tag-selecao-brasileira","tag-tite"],"yoast_head":"<!-- This site is optimized with the Yoast SEO plugin v28.3 - https:\/\/yoast.com\/product\/yoast-seo-wordpress\/ -->\n<title>Philipe Coutinho muda o jogo e Tite alcan\u00e7a segunda vit\u00f3ria consecutiva com a Sele\u00e7\u00e3o - PR\u00d3SPERI NEWS<\/title>\n<meta name=\"robots\" content=\"index, follow, max-snippet:-1, max-image-preview:large, max-video-preview:-1\" \/>\n<link rel=\"canonical\" href=\"https:\/\/blogdoprosperi.com\/?p=24298\" \/>\n<meta property=\"og:locale\" content=\"pt_BR\" \/>\n<meta property=\"og:type\" content=\"article\" \/>\n<meta property=\"og:title\" content=\"Philipe Coutinho muda o jogo e Tite alcan\u00e7a segunda vit\u00f3ria consecutiva com a Sele\u00e7\u00e3o - PR\u00d3SPERI NEWS\" \/>\n<meta property=\"og:description\" content=\"Se Gabriel Jesus fez a diferen\u00e7a na estreia de Tite no comando da Sele\u00e7\u00e3o Brasileira contra o Equador, [&hellip;]\" \/>\n<meta property=\"og:url\" content=\"https:\/\/blogdoprosperi.com\/?p=24298\" \/>\n<meta property=\"og:site_name\" content=\"PR\u00d3SPERI NEWS\" \/>\n<meta property=\"article:publisher\" content=\"Luiz Pr\u00f3speri\" \/>\n<meta property=\"article:author\" content=\"Luiz Pr\u00f3speri\" \/>\n<meta property=\"article:published_time\" content=\"2016-09-07T03:11:54+00:00\" \/>\n<meta property=\"article:modified_time\" content=\"2016-09-07T04:37:20+00:00\" \/>\n<meta property=\"og:image\" content=\"https:\/\/blogdoprosperi.com\/wp-content\/uploads\/2016\/09\/20160906233731_57cf7d6b04778.jpg\" \/>\n<meta name=\"author\" content=\"Luiz Ant\u00f4nio Pr\u00f3speri\" \/>\n<meta name=\"twitter:card\" content=\"summary_large_image\" \/>\n<meta name=\"twitter:creator\" content=\"@Luizprosperi\" \/>\n<meta name=\"twitter:site\" content=\"@Luizprosperi\" \/>\n<meta name=\"twitter:label1\" content=\"Escrito por\" \/>\n\t<meta name=\"twitter:data1\" content=\"Luiz Ant\u00f4nio Pr\u00f3speri\" \/>\n\t<meta name=\"twitter:label2\" content=\"Est. tempo de leitura\" \/>\n\t<meta name=\"twitter:data2\" content=\"3 minutos\" \/>\n<script type=\"application\/ld+json\" class=\"yoast-schema-graph\">{\"@context\":\"https:\\\/\\\/schema.org\",\"@graph\":[{\"@type\":\"Article\",\"@id\":\"https:\\\/\\\/blogdoprosperi.com\\\/?p=24298#article\",\"isPartOf\":{\"@id\":\"https:\\\/\\\/blogdoprosperi.com\\\/?p=24298\"},\"author\":{\"name\":\"Luiz Ant\u00f4nio Pr\u00f3speri\",\"@id\":\"https:\\\/\\\/blogdoprosperi.com\\\/#\\\/schema\\\/person\\\/38100755ce3601861ee4fab9b5aa78e9\"},\"headline\":\"Philipe Coutinho muda o jogo e Tite alcan\u00e7a segunda vit\u00f3ria consecutiva com a Sele\u00e7\u00e3o\",\"datePublished\":\"2016-09-07T03:11:54+00:00\",\"dateModified\":\"2016-09-07T04:37:20+00:00\",\"mainEntityOfPage\":{\"@id\":\"https:\\\/\\\/blogdoprosperi.com\\\/?p=24298\"},\"wordCount\":653,\"commentCount\":3,\"publisher\":{\"@id\":\"https:\\\/\\\/blogdoprosperi.com\\\/#\\\/schema\\\/person\\\/38100755ce3601861ee4fab9b5aa78e9\"},\"image\":{\"@id\":\"https:\\\/\\\/blogdoprosperi.com\\\/?p=24298#primaryimage\"},\"thumbnailUrl\":\"https:\\\/\\\/blogdoprosperi.com\\\/wp-content\\\/uploads\\\/2016\\\/09\\\/20160906233731_57cf7d6b04778.jpg\",\"keywords\":[\"Brasil x Col\u00f4mbia\",\"Eliminat\u00f3rias da Copa de 2018\",\"futebol\",\"Philipe Coutinho\",\"Sele\u00e7\u00e3o Brasileira\",\"Tite\"],\"articleSection\":[\"futebol\"],\"inLanguage\":\"pt-BR\",\"potentialAction\":[{\"@type\":\"CommentAction\",\"name\":\"Comment\",\"target\":[\"https:\\\/\\\/blogdoprosperi.com\\\/?p=24298#respond\"]}]},{\"@type\":\"WebPage\",\"@id\":\"https:\\\/\\\/blogdoprosperi.com\\\/?p=24298\",\"url\":\"https:\\\/\\\/blogdoprosperi.com\\\/?p=24298\",\"name\":\"Philipe Coutinho muda o jogo e Tite alcan\u00e7a segunda vit\u00f3ria consecutiva com a Sele\u00e7\u00e3o - PR\u00d3SPERI NEWS\",\"isPartOf\":{\"@id\":\"https:\\\/\\\/blogdoprosperi.com\\\/#website\"},\"primaryImageOfPage\":{\"@id\":\"https:\\\/\\\/blogdoprosperi.com\\\/?p=24298#primaryimage\"},\"image\":{\"@id\":\"https:\\\/\\\/blogdoprosperi.com\\\/?p=24298#primaryimage\"},\"thumbnailUrl\":\"https:\\\/\\\/blogdoprosperi.com\\\/wp-content\\\/uploads\\\/2016\\\/09\\\/20160906233731_57cf7d6b04778.jpg\",\"datePublished\":\"2016-09-07T03:11:54+00:00\",\"dateModified\":\"2016-09-07T04:37:20+00:00\",\"breadcrumb\":{\"@id\":\"https:\\\/\\\/blogdoprosperi.com\\\/?p=24298#breadcrumb\"},\"inLanguage\":\"pt-BR\",\"potentialAction\":[{\"@type\":\"ReadAction\",\"target\":[\"https:\\\/\\\/blogdoprosperi.com\\\/?p=24298\"]}]},{\"@type\":\"ImageObject\",\"inLanguage\":\"pt-BR\",\"@id\":\"https:\\\/\\\/blogdoprosperi.com\\\/?p=24298#primaryimage\",\"url\":\"https:\\\/\\\/i0.wp.com\\\/blogdoprosperi.com\\\/wp-content\\\/uploads\\\/2016\\\/09\\\/20160906233731_57cf7d6b04778.jpg?fit=3000%2C1997&ssl=1\",\"contentUrl\":\"https:\\\/\\\/i0.wp.com\\\/blogdoprosperi.com\\\/wp-content\\\/uploads\\\/2016\\\/09\\\/20160906233731_57cf7d6b04778.jpg?fit=3000%2C1997&ssl=1\",\"width\":3000,\"height\":1997},{\"@type\":\"BreadcrumbList\",\"@id\":\"https:\\\/\\\/blogdoprosperi.com\\\/?p=24298#breadcrumb\",\"itemListElement\":[{\"@type\":\"ListItem\",\"position\":1,\"name\":\"In\u00edcio\",\"item\":\"https:\\\/\\\/blogdoprosperi.com\\\/\"},{\"@type\":\"ListItem\",\"position\":2,\"name\":\"Philipe Coutinho muda o jogo e Tite alcan\u00e7a segunda vit\u00f3ria consecutiva com a Sele\u00e7\u00e3o\"}]},{\"@type\":\"WebSite\",\"@id\":\"https:\\\/\\\/blogdoprosperi.com\\\/#website\",\"url\":\"https:\\\/\\\/blogdoprosperi.com\\\/\",\"name\":\"PR\u00d3SPERI NEWS\",\"description\":\"TUDO \u00c9  FUTEBOL\",\"publisher\":{\"@id\":\"https:\\\/\\\/blogdoprosperi.com\\\/#\\\/schema\\\/person\\\/38100755ce3601861ee4fab9b5aa78e9\"},\"alternateName\":\"blogdoprosperi.com\",\"potentialAction\":[{\"@type\":\"SearchAction\",\"target\":{\"@type\":\"EntryPoint\",\"urlTemplate\":\"https:\\\/\\\/blogdoprosperi.com\\\/?s={search_term_string}\"},\"query-input\":{\"@type\":\"PropertyValueSpecification\",\"valueRequired\":true,\"valueName\":\"search_term_string\"}}],\"inLanguage\":\"pt-BR\"},{\"@type\":[\"Person\",\"Organization\"],\"@id\":\"https:\\\/\\\/blogdoprosperi.com\\\/#\\\/schema\\\/person\\\/38100755ce3601861ee4fab9b5aa78e9\",\"name\":\"Luiz Ant\u00f4nio Pr\u00f3speri\",\"pronouns\":\"ele\",\"image\":{\"@type\":\"ImageObject\",\"inLanguage\":\"pt-BR\",\"@id\":\"https:\\\/\\\/i0.wp.com\\\/blogdoprosperi.com\\\/wp-content\\\/uploads\\\/2026\\\/05\\\/cropped-8059e613-6002-42fa-961e-8e275f575d71-2-5.jpg?fit=1360%2C931&ssl=1\",\"url\":\"https:\\\/\\\/i0.wp.com\\\/blogdoprosperi.com\\\/wp-content\\\/uploads\\\/2026\\\/05\\\/cropped-8059e613-6002-42fa-961e-8e275f575d71-2-5.jpg?fit=1360%2C931&ssl=1\",\"contentUrl\":\"https:\\\/\\\/i0.wp.com\\\/blogdoprosperi.com\\\/wp-content\\\/uploads\\\/2026\\\/05\\\/cropped-8059e613-6002-42fa-961e-8e275f575d71-2-5.jpg?fit=1360%2C931&ssl=1\",\"width\":1360,\"height\":931,\"caption\":\"Luiz Ant\u00f4nio Pr\u00f3speri\"},\"logo\":{\"@id\":\"https:\\\/\\\/i0.wp.com\\\/blogdoprosperi.com\\\/wp-content\\\/uploads\\\/2026\\\/05\\\/cropped-8059e613-6002-42fa-961e-8e275f575d71-2-5.jpg?fit=1360%2C931&ssl=1\"},\"description\":\"Jornalista com carreira dedicada ao esporte. Cobriu 9 Copas do Mundo in loco, 1990 na It\u00e1lia, 1994 nos EUA, 1998 na Fran\u00e7a, 2002 na Coreia do Sul e Jap\u00e3o, 2006 na Alemanha, 2010 na \u00c1frica do Sul, 2014 no Brasil, 2018 na R\u00fassia e 2022 no Qatar. Eurocopas, 1992 na Su\u00e9cia e 1996 na Inglaterra. Copa das Confedera\u00e7\u00f5es de 2005 na Alemanha e 2009 na \u00c1frica do Sul. Rep\u00f3rter e Editor, trabalhou no Jornal da Tarde e Estad\u00e3o, de 1984 a fevereiro de 2016. Colunista, blogueiro. E comentarista de futebol na R\u00e1dio Estad\u00e3o, de 2013 a fevereiro de 2016. Jornalista respons\u00e1vel do \\\"Pr\u00f3speri News\\\" (blogdoprosperi.com).\",\"sameAs\":[\"http:\\\/\\\/blogdoprosperi.com\",\"Luiz Pr\u00f3speri\",\"@luiz_prosperi\",\"https:\\\/\\\/x.com\\\/Luizprosperi\",\"@prosperinacopa\",\"luiz.prosperi@icloud.com\"],\"url\":\"https:\\\/\\\/blogdoprosperi.com\\\/?author=102107496\"}]}<\/script>\n<!-- \/ Yoast SEO plugin. -->","yoast_head_json":{"title":"Philipe Coutinho muda o jogo e Tite alcan\u00e7a segunda vit\u00f3ria consecutiva com a Sele\u00e7\u00e3o - PR\u00d3SPERI NEWS","robots":{"index":"index","follow":"follow","max-snippet":"max-snippet:-1","max-image-preview":"max-image-preview:large","max-video-preview":"max-video-preview:-1"},"canonical":"https:\/\/blogdoprosperi.com\/?p=24298","og_locale":"pt_BR","og_type":"article","og_title":"Philipe Coutinho muda o jogo e Tite alcan\u00e7a segunda vit\u00f3ria consecutiva com a Sele\u00e7\u00e3o - PR\u00d3SPERI NEWS","og_description":"Se Gabriel Jesus fez a diferen\u00e7a na estreia de Tite no comando da Sele\u00e7\u00e3o Brasileira contra o Equador, [&hellip;]","og_url":"https:\/\/blogdoprosperi.com\/?p=24298","og_site_name":"PR\u00d3SPERI NEWS","article_publisher":"Luiz Pr\u00f3speri","article_author":"Luiz Pr\u00f3speri","article_published_time":"2016-09-07T03:11:54+00:00","article_modified_time":"2016-09-07T04:37:20+00:00","og_image":[{"url":"https:\/\/blogdoprosperi.com\/wp-content\/uploads\/2016\/09\/20160906233731_57cf7d6b04778.jpg","type":"","width":"","height":""}],"author":"Luiz Ant\u00f4nio Pr\u00f3speri","twitter_card":"summary_large_image","twitter_creator":"@Luizprosperi","twitter_site":"@Luizprosperi","twitter_misc":{"Escrito por":"Luiz Ant\u00f4nio Pr\u00f3speri","Est. tempo de leitura":"3 minutos"},"schema":{"@context":"https:\/\/schema.org","@graph":[{"@type":"Article","@id":"https:\/\/blogdoprosperi.com\/?p=24298#article","isPartOf":{"@id":"https:\/\/blogdoprosperi.com\/?p=24298"},"author":{"name":"Luiz Ant\u00f4nio Pr\u00f3speri","@id":"https:\/\/blogdoprosperi.com\/#\/schema\/person\/38100755ce3601861ee4fab9b5aa78e9"},"headline":"Philipe Coutinho muda o jogo e Tite alcan\u00e7a segunda vit\u00f3ria consecutiva com a Sele\u00e7\u00e3o","datePublished":"2016-09-07T03:11:54+00:00","dateModified":"2016-09-07T04:37:20+00:00","mainEntityOfPage":{"@id":"https:\/\/blogdoprosperi.com\/?p=24298"},"wordCount":653,"commentCount":3,"publisher":{"@id":"https:\/\/blogdoprosperi.com\/#\/schema\/person\/38100755ce3601861ee4fab9b5aa78e9"},"image":{"@id":"https:\/\/blogdoprosperi.com\/?p=24298#primaryimage"},"thumbnailUrl":"https:\/\/blogdoprosperi.com\/wp-content\/uploads\/2016\/09\/20160906233731_57cf7d6b04778.jpg","keywords":["Brasil x Col\u00f4mbia","Eliminat\u00f3rias da Copa de 2018","futebol","Philipe Coutinho","Sele\u00e7\u00e3o Brasileira","Tite"],"articleSection":["futebol"],"inLanguage":"pt-BR","potentialAction":[{"@type":"CommentAction","name":"Comment","target":["https:\/\/blogdoprosperi.com\/?p=24298#respond"]}]},{"@type":"WebPage","@id":"https:\/\/blogdoprosperi.com\/?p=24298","url":"https:\/\/blogdoprosperi.com\/?p=24298","name":"Philipe Coutinho muda o jogo e Tite alcan\u00e7a segunda vit\u00f3ria consecutiva com a Sele\u00e7\u00e3o - PR\u00d3SPERI NEWS","isPartOf":{"@id":"https:\/\/blogdoprosperi.com\/#website"},"primaryImageOfPage":{"@id":"https:\/\/blogdoprosperi.com\/?p=24298#primaryimage"},"image":{"@id":"https:\/\/blogdoprosperi.com\/?p=24298#primaryimage"},"thumbnailUrl":"https:\/\/blogdoprosperi.com\/wp-content\/uploads\/2016\/09\/20160906233731_57cf7d6b04778.jpg","datePublished":"2016-09-07T03:11:54+00:00","dateModified":"2016-09-07T04:37:20+00:00","breadcrumb":{"@id":"https:\/\/blogdoprosperi.com\/?p=24298#breadcrumb"},"inLanguage":"pt-BR","potentialAction":[{"@type":"ReadAction","target":["https:\/\/blogdoprosperi.com\/?p=24298"]}]},{"@type":"ImageObject","inLanguage":"pt-BR","@id":"https:\/\/blogdoprosperi.com\/?p=24298#primaryimage","url":"https:\/\/i0.wp.com\/blogdoprosperi.com\/wp-content\/uploads\/2016\/09\/20160906233731_57cf7d6b04778.jpg?fit=3000%2C1997&ssl=1","contentUrl":"https:\/\/i0.wp.com\/blogdoprosperi.com\/wp-content\/uploads\/2016\/09\/20160906233731_57cf7d6b04778.jpg?fit=3000%2C1997&ssl=1","width":3000,"height":1997},{"@type":"BreadcrumbList","@id":"https:\/\/blogdoprosperi.com\/?p=24298#breadcrumb","itemListElement":[{"@type":"ListItem","position":1,"name":"In\u00edcio","item":"https:\/\/blogdoprosperi.com\/"},{"@type":"ListItem","position":2,"name":"Philipe Coutinho muda o jogo e Tite alcan\u00e7a segunda vit\u00f3ria consecutiva com a Sele\u00e7\u00e3o"}]},{"@type":"WebSite","@id":"https:\/\/blogdoprosperi.com\/#website","url":"https:\/\/blogdoprosperi.com\/","name":"PR\u00d3SPERI NEWS","description":"TUDO \u00c9  FUTEBOL","publisher":{"@id":"https:\/\/blogdoprosperi.com\/#\/schema\/person\/38100755ce3601861ee4fab9b5aa78e9"},"alternateName":"blogdoprosperi.com","potentialAction":[{"@type":"SearchAction","target":{"@type":"EntryPoint","urlTemplate":"https:\/\/blogdoprosperi.com\/?s={search_term_string}"},"query-input":{"@type":"PropertyValueSpecification","valueRequired":true,"valueName":"search_term_string"}}],"inLanguage":"pt-BR"},{"@type":["Person","Organization"],"@id":"https:\/\/blogdoprosperi.com\/#\/schema\/person\/38100755ce3601861ee4fab9b5aa78e9","name":"Luiz Ant\u00f4nio Pr\u00f3speri","pronouns":"ele","image":{"@type":"ImageObject","inLanguage":"pt-BR","@id":"https:\/\/i0.wp.com\/blogdoprosperi.com\/wp-content\/uploads\/2026\/05\/cropped-8059e613-6002-42fa-961e-8e275f575d71-2-5.jpg?fit=1360%2C931&ssl=1","url":"https:\/\/i0.wp.com\/blogdoprosperi.com\/wp-content\/uploads\/2026\/05\/cropped-8059e613-6002-42fa-961e-8e275f575d71-2-5.jpg?fit=1360%2C931&ssl=1","contentUrl":"https:\/\/i0.wp.com\/blogdoprosperi.com\/wp-content\/uploads\/2026\/05\/cropped-8059e613-6002-42fa-961e-8e275f575d71-2-5.jpg?fit=1360%2C931&ssl=1","width":1360,"height":931,"caption":"Luiz Ant\u00f4nio Pr\u00f3speri"},"logo":{"@id":"https:\/\/i0.wp.com\/blogdoprosperi.com\/wp-content\/uploads\/2026\/05\/cropped-8059e613-6002-42fa-961e-8e275f575d71-2-5.jpg?fit=1360%2C931&ssl=1"},"description":"Jornalista com carreira dedicada ao esporte. Cobriu 9 Copas do Mundo in loco, 1990 na It\u00e1lia, 1994 nos EUA, 1998 na Fran\u00e7a, 2002 na Coreia do Sul e Jap\u00e3o, 2006 na Alemanha, 2010 na \u00c1frica do Sul, 2014 no Brasil, 2018 na R\u00fassia e 2022 no Qatar. Eurocopas, 1992 na Su\u00e9cia e 1996 na Inglaterra. Copa das Confedera\u00e7\u00f5es de 2005 na Alemanha e 2009 na \u00c1frica do Sul. Rep\u00f3rter e Editor, trabalhou no Jornal da Tarde e Estad\u00e3o, de 1984 a fevereiro de 2016. Colunista, blogueiro. E comentarista de futebol na R\u00e1dio Estad\u00e3o, de 2013 a fevereiro de 2016. Jornalista respons\u00e1vel do \"Pr\u00f3speri News\" (blogdoprosperi.com).","sameAs":["http:\/\/blogdoprosperi.com","Luiz Pr\u00f3speri","@luiz_prosperi","https:\/\/x.com\/Luizprosperi","@prosperinacopa","luiz.prosperi@icloud.com"],"url":"https:\/\/blogdoprosperi.com\/?author=102107496"}]}},"jetpack_publicize_connections":[],"jetpack_likes_enabled":false,"jetpack_sharing_enabled":true,"jetpack_shortlink":"https:\/\/wp.me\/p7jvdk-6jU","jetpack-related-posts":[{"id":24382,"url":"https:\/\/blogdoprosperi.com\/?p=24382","url_meta":{"origin":24298,"position":0},"title":"An\u00e1lise dos jogadores da Sele\u00e7\u00e3o: Casemiro diminui a Col\u00f4mbia e Coutinho  renasce com Tite","author":"Luiz Ant\u00f4nio Pr\u00f3speri","date":"7 de setembro de 2016","format":false,"excerpt":"Brasil vence Col\u00f4mbia em casa por 2 a 1 no segundo jogo sob o comando de Tite, entra na zona de classifica\u00e7\u00e3o da Copa do Mundo de 2018 e consolida alguns jogadores at\u00e9 ent\u00e3o fora do primeiro escal\u00e3o nos tempos de Dunga. Nesta partida em Manaus, Casemiro e Philipe Coutinho\u2026","rel":"","context":"Em &quot;futebol&quot;","block_context":{"text":"futebol","link":"https:\/\/blogdoprosperi.com\/?cat=53870"},"img":{"alt_text":"","src":"https:\/\/i0.wp.com\/blogdoprosperi.com\/wp-content\/uploads\/2016\/09\/20160906233620_57cf7d2401a32.jpg?resize=350%2C200","width":350,"height":200,"srcset":"https:\/\/i0.wp.com\/blogdoprosperi.com\/wp-content\/uploads\/2016\/09\/20160906233620_57cf7d2401a32.jpg?resize=350%2C200 1x, https:\/\/i0.wp.com\/blogdoprosperi.com\/wp-content\/uploads\/2016\/09\/20160906233620_57cf7d2401a32.jpg?resize=525%2C300 1.5x, https:\/\/i0.wp.com\/blogdoprosperi.com\/wp-content\/uploads\/2016\/09\/20160906233620_57cf7d2401a32.jpg?resize=700%2C400 2x, https:\/\/i0.wp.com\/blogdoprosperi.com\/wp-content\/uploads\/2016\/09\/20160906233620_57cf7d2401a32.jpg?resize=1050%2C600 3x, https:\/\/i0.wp.com\/blogdoprosperi.com\/wp-content\/uploads\/2016\/09\/20160906233620_57cf7d2401a32.jpg?resize=1400%2C800 4x"},"classes":[]},{"id":23972,"url":"https:\/\/blogdoprosperi.com\/?p=23972","url_meta":{"origin":24298,"position":1},"title":"Tite estreia com vit\u00f3ria na Sele\u00e7\u00e3o e lan\u00e7a ao mundo um novo fen\u00f4meno do futebol brasileiro: Gabriel Jesus","author":"Luiz Ant\u00f4nio Pr\u00f3speri","date":"1 de setembro de 2016","format":false,"excerpt":"Quando dirigia o Corinthians Tite se impressionou com Gabriel Jesus, ainda na temporada de 2015. Em conversas reservadas repetia que o garoto do Palmeiras estava pronto, era diferente. Pep Guardiola, depois de sacramentada a contrata\u00e7\u00e3o do atacante pelo Manchester City, disse assim: \"Compramos gols, Jesus \u00e9 fazedor de gols\".\u00a0Na sua\u2026","rel":"","context":"Em &quot;futebol&quot;","block_context":{"text":"futebol","link":"https:\/\/blogdoprosperi.com\/?cat=53870"},"img":{"alt_text":"","src":"https:\/\/i0.wp.com\/blogdoprosperi.com\/wp-content\/uploads\/2016\/09\/brasil-x-equador-20160901-0017.jpg?resize=350%2C200&ssl=1","width":350,"height":200,"srcset":"https:\/\/i0.wp.com\/blogdoprosperi.com\/wp-content\/uploads\/2016\/09\/brasil-x-equador-20160901-0017.jpg?resize=350%2C200&ssl=1 1x, https:\/\/i0.wp.com\/blogdoprosperi.com\/wp-content\/uploads\/2016\/09\/brasil-x-equador-20160901-0017.jpg?resize=525%2C300&ssl=1 1.5x, https:\/\/i0.wp.com\/blogdoprosperi.com\/wp-content\/uploads\/2016\/09\/brasil-x-equador-20160901-0017.jpg?resize=700%2C400&ssl=1 2x, https:\/\/i0.wp.com\/blogdoprosperi.com\/wp-content\/uploads\/2016\/09\/brasil-x-equador-20160901-0017.jpg?resize=1050%2C600&ssl=1 3x, https:\/\/i0.wp.com\/blogdoprosperi.com\/wp-content\/uploads\/2016\/09\/brasil-x-equador-20160901-0017.jpg?resize=1400%2C800&ssl=1 4x"},"classes":[]},{"id":27890,"url":"https:\/\/blogdoprosperi.com\/?p=27890","url_meta":{"origin":24298,"position":2},"title":"Sele\u00e7\u00e3o Brasileira encanta e restabelece sua pr\u00f3pria hierarquia","author":"Luiz Ant\u00f4nio Pr\u00f3speri","date":"6 de outubro de 2016","format":false,"excerpt":"\u00a0 Sele\u00e7\u00e3o Brasileira restabelece sua pr\u00f3pria hierarquia. Depois de muito tempo de ang\u00fastia, t\u00e9dio, tens\u00e3o e futebol crispado dos tempos de Dunga, voltou \u00e0 temperatura normal sob o comando de Tite. Trocou o jogo pesado por um mais leve, afeito \u00e0 troca de passes, dribles, jogo coletivo e, o melhor\u2026","rel":"","context":"Em &quot;futebol&quot;","block_context":{"text":"futebol","link":"https:\/\/blogdoprosperi.com\/?cat=53870"},"img":{"alt_text":"","src":"https:\/\/i0.wp.com\/blogdoprosperi.com\/wp-content\/uploads\/2016\/10\/b_560_292_16777215_00_images_stories_2016_jogos_brasil_bolivia_cbf.jpg?resize=350%2C200","width":350,"height":200},"classes":[]},{"id":32379,"url":"https:\/\/blogdoprosperi.com\/?p=32379","url_meta":{"origin":24298,"position":3},"title":"Gabriel Jesus retribui a Tite a confian\u00e7a da camisa 9 e leva Brasil \u00e0 sexta vit\u00f3ria consecutiva nas Eliminat\u00f3rias 2018","author":"Luiz Ant\u00f4nio Pr\u00f3speri","date":"16 de novembro de 2016","format":false,"excerpt":"Gabriel Jesus retribui a Tite a confian\u00e7a de receber do treinador da Sele\u00e7\u00e3o Brasileira a emblem\u00e1tica camisa 9, vestida por alguns mitos do nosso futebol. De seus p\u00e9s nasceu a sexta vit\u00f3ria consecutiva do escrete sob nova dire\u00e7\u00e3o.\u00a0Dessa vez a v\u00edtima foi a Sele\u00e7\u00e3o Peruana, derrotada por 2 a 0\u2026","rel":"","context":"Em &quot;futebol&quot;","block_context":{"text":"futebol","link":"https:\/\/blogdoprosperi.com\/?cat=53870"},"img":{"alt_text":"","src":"https:\/\/i0.wp.com\/blogdoprosperi.com\/wp-content\/uploads\/2016\/11\/636148696124246394.jpg?resize=350%2C200","width":350,"height":200,"srcset":"https:\/\/i0.wp.com\/blogdoprosperi.com\/wp-content\/uploads\/2016\/11\/636148696124246394.jpg?resize=350%2C200 1x, https:\/\/i0.wp.com\/blogdoprosperi.com\/wp-content\/uploads\/2016\/11\/636148696124246394.jpg?resize=525%2C300 1.5x"},"classes":[]},{"id":23420,"url":"https:\/\/blogdoprosperi.com\/?p=23420","url_meta":{"origin":24298,"position":4},"title":"Tite elege seus titulares na Sele\u00e7\u00e3o e Gabriel Jesus ganha a camisa 9","author":"Luiz Ant\u00f4nio Pr\u00f3speri","date":"29 de agosto de 2016","format":false,"excerpt":"Tite escolheu os n\u00fameros dos jogadores da Sele\u00e7\u00e3o Brasileira para os jogos contra o Equador (dia 01\/9) e Col\u00f4mbia (06\/9) na sua estreia no comando do escrete. Se seguirmos a sequ\u00eancia de 1 a 11, j\u00e1 teremos o time titular no esquema 4-1-4-1, t\u00e3o apreciado ao treinador. A Sele\u00e7\u00e3o de\u2026","rel":"","context":"Em &quot;futebol&quot;","block_context":{"text":"futebol","link":"https:\/\/blogdoprosperi.com\/?cat=53870"},"img":{"alt_text":"","src":"https:\/\/i0.wp.com\/blogdoprosperi.com\/wp-content\/uploads\/2016\/08\/brasil-pentacampec3a3o-de-2002.jpg?resize=350%2C200&ssl=1","width":350,"height":200,"srcset":"https:\/\/i0.wp.com\/blogdoprosperi.com\/wp-content\/uploads\/2016\/08\/brasil-pentacampec3a3o-de-2002.jpg?resize=350%2C200&ssl=1 1x, https:\/\/i0.wp.com\/blogdoprosperi.com\/wp-content\/uploads\/2016\/08\/brasil-pentacampec3a3o-de-2002.jpg?resize=525%2C300&ssl=1 1.5x"},"classes":[]},{"id":21208,"url":"https:\/\/blogdoprosperi.com\/?p=21208","url_meta":{"origin":24298,"position":5},"title":"Tite convoca a sele\u00e7\u00e3o e esconde lista dos garotos do time ol\u00edmpico","author":"Luiz Ant\u00f4nio Pr\u00f3speri","date":"15 de agosto de 2016","format":false,"excerpt":"\u00a0 Tite n\u00e3o queria provocar euforia e tristeza entre os garotos da Sele\u00e7\u00e3o Ol\u00edmpica, concentrados em Teres\u00f3polis para enfrentar Honduras nas semifinais dos Jogos do Rio. Por isso acertou com a CBF o sigilo absoluto na divulga\u00e7\u00e3o da lista dos 23 jogadores convocados para os jogos contra Equador e Col\u00f4mbia,\u2026","rel":"","context":"Em &quot;futebol&quot;","block_context":{"text":"futebol","link":"https:\/\/blogdoprosperi.com\/?cat=53870"},"img":{"alt_text":"","src":"https:\/\/i0.wp.com\/blogdoprosperi.com\/wp-content\/uploads\/2016\/08\/pro-14.jpg?resize=350%2C200","width":350,"height":200,"srcset":"https:\/\/i0.wp.com\/blogdoprosperi.com\/wp-content\/uploads\/2016\/08\/pro-14.jpg?resize=350%2C200 1x, https:\/\/i0.wp.com\/blogdoprosperi.com\/wp-content\/uploads\/2016\/08\/pro-14.jpg?resize=525%2C300 1.5x, https:\/\/i0.wp.com\/blogdoprosperi.com\/wp-content\/uploads\/2016\/08\/pro-14.jpg?resize=700%2C400 2x, https:\/\/i0.wp.com\/blogdoprosperi.com\/wp-content\/uploads\/2016\/08\/pro-14.jpg?resize=1050%2C600 3x, https:\/\/i0.wp.com\/blogdoprosperi.com\/wp-content\/uploads\/2016\/08\/pro-14.jpg?resize=1400%2C800 4x"},"classes":[]}],"jetpack_featured_media_url":"","_links":{"self":[{"href":"https:\/\/blogdoprosperi.com\/index.php?rest_route=\/wp\/v2\/posts\/24298","targetHints":{"allow":["GET"]}}],"collection":[{"href":"https:\/\/blogdoprosperi.com\/index.php?rest_route=\/wp\/v2\/posts"}],"about":[{"href":"https:\/\/blogdoprosperi.com\/index.php?rest_route=\/wp\/v2\/types\/post"}],"author":[{"embeddable":true,"href":"https:\/\/blogdoprosperi.com\/index.php?rest_route=\/wp\/v2\/users\/102107496"}],"replies":[{"embeddable":true,"href":"https:\/\/blogdoprosperi.com\/index.php?rest_route=%2Fwp%2Fv2%2Fcomments&post=24298"}],"version-history":[{"count":25,"href":"https:\/\/blogdoprosperi.com\/index.php?rest_route=\/wp\/v2\/posts\/24298\/revisions"}],"predecessor-version":[{"id":24489,"href":"https:\/\/blogdoprosperi.com\/index.php?rest_route=\/wp\/v2\/posts\/24298\/revisions\/24489"}],"wp:attachment":[{"href":"https:\/\/blogdoprosperi.com\/index.php?rest_route=%2Fwp%2Fv2%2Fmedia&parent=24298"}],"wp:term":[{"taxonomy":"category","embeddable":true,"href":"https:\/\/blogdoprosperi.com\/index.php?rest_route=%2Fwp%2Fv2%2Fcategories&post=24298"},{"taxonomy":"post_tag","embeddable":true,"href":"https:\/\/blogdoprosperi.com\/index.php?rest_route=%2Fwp%2Fv2%2Ftags&post=24298"}],"curies":[{"name":"wp","href":"https:\/\/api.w.org\/{rel}","templated":true}]}}