{"id":24382,"date":"2016-09-07T01:29:57","date_gmt":"2016-09-07T04:29:57","guid":{"rendered":"http:\/\/blogdoprosperi.com\/?p=24382"},"modified":"2016-09-07T01:32:51","modified_gmt":"2016-09-07T04:32:51","slug":"analise-dos-jogadores-da-selecao-casemiro-diminui-a-colombia-e-coutinho-renasce-com-tite","status":"publish","type":"post","link":"https:\/\/blogdoprosperi.com\/?p=24382","title":{"rendered":"An\u00e1lise dos jogadores da Sele\u00e7\u00e3o: Casemiro diminui a Col\u00f4mbia e Coutinho  renasce com Tite"},"content":{"rendered":"<figure id=\"attachment_24464\" aria-describedby=\"caption-attachment-24464\" style=\"width: 3000px\" class=\"wp-caption alignnone\"><img data-recalc-dims=\"1\" loading=\"lazy\" decoding=\"async\" data-attachment-id=\"24464\" data-permalink=\"https:\/\/blogdoprosperi.com\/?attachment_id=24464\" data-orig-file=\"https:\/\/i0.wp.com\/blogdoprosperi.com\/wp-content\/uploads\/2016\/09\/20160906231431_57cf78075aedf.jpg?fit=3000%2C1997&amp;ssl=1\" data-orig-size=\"3000,1997\" data-comments-opened=\"1\" data-image-meta=\"{&quot;aperture&quot;:&quot;2.8&quot;,&quot;credit&quot;:&quot;Pedro Martins&quot;,&quot;camera&quot;:&quot;NIKON D4&quot;,&quot;caption&quot;:&quot;&quot;,&quot;created_timestamp&quot;:&quot;1473203517&quot;,&quot;copyright&quot;:&quot;&quot;,&quot;focal_length&quot;:&quot;400&quot;,&quot;iso&quot;:&quot;1600&quot;,&quot;shutter_speed&quot;:&quot;0.000625&quot;,&quot;title&quot;:&quot;&quot;,&quot;orientation&quot;:&quot;0&quot;}\" data-image-title=\"20160906231431_57cf78075aedf\" data-image-description=\"\" data-image-caption=\"\" data-large-file=\"https:\/\/i0.wp.com\/blogdoprosperi.com\/wp-content\/uploads\/2016\/09\/20160906231431_57cf78075aedf.jpg?fit=940%2C626&amp;ssl=1\" class=\"alignnone size-full wp-image-24464\" src=\"https:\/\/i0.wp.com\/blogdoprosperi.com\/wp-content\/uploads\/2016\/09\/20160906231431_57cf78075aedf.jpg?resize=940%2C626&#038;ssl=1\" alt=\"20160906231431_57cf78075aedf\" width=\"940\" height=\"626\" \/><figcaption id=\"caption-attachment-24464\" class=\"wp-caption-text\">Casemiro tomou conta do meio-campo &#8211; fotos Pedro Martins\/Mowa Press<\/figcaption><\/figure>\n<p><a href=\"http:\/\/blogdoprosperi.com\/2016\/09\/07\/philipe-coutinho-muda-o-jogo-e-tite-alcanca-segunda-vitoria-consecutiva-com-a-selecao\/\">Brasil vence Col\u00f4mbia em casa por 2 a 1 <\/a>no segundo jogo sob o comando de Tite, entra na zona de classifica\u00e7\u00e3o da Copa do Mundo de 2018 e consolida alguns jogadores at\u00e9 ent\u00e3o fora do primeiro escal\u00e3o nos tempos de Dunga. Nesta partida em Manaus, Casemiro e Philipe Coutinho deram hierarquia \u00e0 <a href=\"http:\/\/blogdoprosperi.com\/2016\/09\/01\/tite-estreia-com-vitoria-na-selecao-e-lanca-ao-mundo-um-novo-fenomeno-do-futebol-brasileiro-gabriel-jesus\/\">Sele\u00e7\u00e3o Brasileira<\/a>.\u00a0Veja an\u00e1lise do desempenho de cada um e as notas:<!--more--><\/p>\n<p><strong>ALISSON<\/strong><br \/>\nTeve trabalho apenas em bolas levantadas na sua \u00e1rea. No gol da Col\u00f4mbia, n\u00e3o tinha como interceptar o cruzamento. Inseguro com Dunga, parece restabelecer a confian\u00e7a com o novo comando da Sele\u00e7\u00e3o &#8211; <strong>nota \u00a06<\/strong><\/p>\n<p><strong>DANIEL ALVES\u00a0<\/strong><br \/>\nN\u00e3o comprometeu na marca\u00e7\u00e3o. Apareceu menos no apoio no ataque como costuma fazer tanto na Sele\u00e7\u00e3o como nos tempos de Barcelona. Capit\u00e3o eleito por Tite neste jogo com a Col\u00f4mbia, foi discreto &#8211; <strong>nota 6<\/strong><\/p>\n<p><strong>MARQUINHOS<\/strong><br \/>\nInfeliz ao marcar de cabe\u00e7a o gol contra na tentativa frustrada de interceptar jogada a\u00e9rea iniciada com James Rodriguez. No ch\u00e3o, n\u00e3o decepcionou e ainda cobriu bem as descidas de Daniel Alves ao ataque &#8211; <strong>nota 5<\/strong><\/p>\n<p><strong>MIRANDA<\/strong><br \/>\nMuito bem na jogada ensaiada que resultou o primeiro gol do Brasil. Bem tamb\u00e9m no jogo a\u00e9reo na defesa. N\u00e3o apareceu forte no socorro ao lateral Marcelo quando Cuadrado entrou para jogar aberto na ponta-direita &#8211; <strong>nota 6<\/strong><\/p>\n<p><strong>MARCELO<\/strong><br \/>\nMuito \u00e0 vontade no primeiro tempo, quando combinou bem com Neymar as investidas ao ataque no setor esquerdo. No segundo tempo, se resguardou a partir do momento em que teve de marcar Cuadrado. Joga com intelig\u00eancia, coisa rara no futebol de hoje &#8211; <strong>nota 7<\/strong><\/p>\n<p><strong>CASEMIRO<\/strong><\/p>\n<p>Diminuiu a Col\u00f4mbia com interven\u00e7\u00f5es cir\u00fargicas no desarme e passes r\u00e1pidos. Assumiu a porta de entrada da defesa do Brasil, passou o cadeado e engoliu a chave. N\u00e3o perdeu um lance e errou dois a tr\u00eas passes. Senhor do time &#8211; <strong>nota 8<\/strong><\/p>\n<div class=\"tiled-gallery type-rectangular tiled-gallery-unresized\" data-original-width=\"940\" data-carousel-extra='{&quot;blog_id&quot;:1,&quot;permalink&quot;:&quot;https:\\\/\\\/blogdoprosperi.com\\\/?p=24382&quot;,&quot;likes_blog_id&quot;:108082574}' itemscope itemtype=\"http:\/\/schema.org\/ImageGallery\" > <div class=\"gallery-row\" style=\"width: 940px; height: 419px;\" data-original-width=\"940\" data-original-height=\"419\" > <div class=\"gallery-group images-1\" style=\"width: 627px; height: 419px;\" data-original-width=\"627\" data-original-height=\"419\" > <div class=\"tiled-gallery-item tiled-gallery-item-large\" itemprop=\"associatedMedia\" itemscope itemtype=\"http:\/\/schema.org\/ImageObject\"> <a href=\"https:\/\/blogdoprosperi.com\/?attachment_id=24479\" border=\"0\" itemprop=\"url\"> <meta itemprop=\"width\" content=\"623\"> <meta itemprop=\"height\" content=\"415\"> <img decoding=\"async\" class=\"\" data-attachment-id=\"24479\" data-orig-file=\"https:\/\/blogdoprosperi.com\/wp-content\/uploads\/2016\/09\/20160906233620_57cf7d2401a32.jpg\" data-orig-size=\"3000,1997\" data-comments-opened=\"1\" data-image-meta=\"{&quot;aperture&quot;:&quot;2.8&quot;,&quot;credit&quot;:&quot;Pedro Martins&quot;,&quot;camera&quot;:&quot;NIKON D4&quot;,&quot;caption&quot;:&quot;&quot;,&quot;created_timestamp&quot;:&quot;1473207792&quot;,&quot;copyright&quot;:&quot;&quot;,&quot;focal_length&quot;:&quot;400&quot;,&quot;iso&quot;:&quot;1600&quot;,&quot;shutter_speed&quot;:&quot;0.000625&quot;,&quot;title&quot;:&quot;&quot;,&quot;orientation&quot;:&quot;0&quot;}\" data-image-title=\"20160906233620_57cf7d2401a32\" data-image-description=\"\" data-medium-file=\"https:\/\/i0.wp.com\/blogdoprosperi.com\/wp-content\/uploads\/2016\/09\/20160906233620_57cf7d2401a32.jpg?fit=568%2C378&#038;ssl=1\" data-large-file=\"https:\/\/i0.wp.com\/blogdoprosperi.com\/wp-content\/uploads\/2016\/09\/20160906233620_57cf7d2401a32.jpg?fit=940%2C626&#038;ssl=1\" src=\"https:\/\/i0.wp.com\/blogdoprosperi.com\/wp-content\/uploads\/2016\/09\/20160906233620_57cf7d2401a32.jpg?w=623&#038;h=415&#038;ssl=1\" width=\"623\" height=\"415\" loading=\"lazy\" data-original-width=\"623\" data-original-height=\"415\" itemprop=\"http:\/\/schema.org\/image\" title=\"20160906233620_57cf7d2401a32\" alt=\"20160906233620_57cf7d2401a32\" style=\"width: 623px; height: 415px;\" \/> <\/a> <\/div> <\/div> <!-- close group --> <div class=\"gallery-group images-2\" style=\"width: 313px; height: 419px;\" data-original-width=\"313\" data-original-height=\"419\" > <div class=\"tiled-gallery-item tiled-gallery-item-large\" itemprop=\"associatedMedia\" itemscope itemtype=\"http:\/\/schema.org\/ImageObject\"> <a href=\"https:\/\/blogdoprosperi.com\/?attachment_id=24467\" border=\"0\" itemprop=\"url\"> <meta itemprop=\"width\" content=\"309\"> <meta itemprop=\"height\" content=\"206\"> <img decoding=\"async\" class=\"\" data-attachment-id=\"24467\" data-orig-file=\"https:\/\/blogdoprosperi.com\/wp-content\/uploads\/2016\/09\/20160906231503_57cf7827b2882.jpg\" data-orig-size=\"3000,1997\" data-comments-opened=\"1\" data-image-meta=\"{&quot;aperture&quot;:&quot;2.8&quot;,&quot;credit&quot;:&quot;Pedro Martins&quot;,&quot;camera&quot;:&quot;NIKON D4&quot;,&quot;caption&quot;:&quot;&quot;,&quot;created_timestamp&quot;:&quot;1473203886&quot;,&quot;copyright&quot;:&quot;&quot;,&quot;focal_length&quot;:&quot;400&quot;,&quot;iso&quot;:&quot;1600&quot;,&quot;shutter_speed&quot;:&quot;0.000625&quot;,&quot;title&quot;:&quot;&quot;,&quot;orientation&quot;:&quot;0&quot;}\" data-image-title=\"20160906231503_57cf7827b2882\" data-image-description=\"\" data-medium-file=\"https:\/\/i0.wp.com\/blogdoprosperi.com\/wp-content\/uploads\/2016\/09\/20160906231503_57cf7827b2882.jpg?fit=568%2C378&#038;ssl=1\" data-large-file=\"https:\/\/i0.wp.com\/blogdoprosperi.com\/wp-content\/uploads\/2016\/09\/20160906231503_57cf7827b2882.jpg?fit=940%2C626&#038;ssl=1\" src=\"https:\/\/i0.wp.com\/blogdoprosperi.com\/wp-content\/uploads\/2016\/09\/20160906231503_57cf7827b2882.jpg?w=309&#038;h=206&#038;ssl=1\" width=\"309\" height=\"206\" loading=\"lazy\" data-original-width=\"309\" data-original-height=\"206\" itemprop=\"http:\/\/schema.org\/image\" title=\"20160906231503_57cf7827b2882\" alt=\"20160906231503_57cf7827b2882\" style=\"width: 309px; height: 206px;\" \/> <\/a> <\/div> <div class=\"tiled-gallery-item tiled-gallery-item-large\" itemprop=\"associatedMedia\" itemscope itemtype=\"http:\/\/schema.org\/ImageObject\"> <a href=\"https:\/\/blogdoprosperi.com\/?attachment_id=24465\" border=\"0\" itemprop=\"url\"> <meta itemprop=\"width\" content=\"309\"> <meta itemprop=\"height\" content=\"205\"> <img decoding=\"async\" class=\"\" data-attachment-id=\"24465\" data-orig-file=\"https:\/\/blogdoprosperi.com\/wp-content\/uploads\/2016\/09\/20160906231427_57cf7803056e1.jpg\" data-orig-size=\"3000,1997\" data-comments-opened=\"1\" data-image-meta=\"{&quot;aperture&quot;:&quot;2.8&quot;,&quot;credit&quot;:&quot;Pedro Martins&quot;,&quot;camera&quot;:&quot;NIKON D4&quot;,&quot;caption&quot;:&quot;&quot;,&quot;created_timestamp&quot;:&quot;1473203343&quot;,&quot;copyright&quot;:&quot;&quot;,&quot;focal_length&quot;:&quot;400&quot;,&quot;iso&quot;:&quot;1600&quot;,&quot;shutter_speed&quot;:&quot;0.000625&quot;,&quot;title&quot;:&quot;&quot;,&quot;orientation&quot;:&quot;0&quot;}\" data-image-title=\"20160906231427_57cf7803056e1\" data-image-description=\"\" data-medium-file=\"https:\/\/i0.wp.com\/blogdoprosperi.com\/wp-content\/uploads\/2016\/09\/20160906231427_57cf7803056e1.jpg?fit=568%2C378&#038;ssl=1\" data-large-file=\"https:\/\/i0.wp.com\/blogdoprosperi.com\/wp-content\/uploads\/2016\/09\/20160906231427_57cf7803056e1.jpg?fit=940%2C626&#038;ssl=1\" src=\"https:\/\/i0.wp.com\/blogdoprosperi.com\/wp-content\/uploads\/2016\/09\/20160906231427_57cf7803056e1.jpg?w=309&#038;h=205&#038;ssl=1\" width=\"309\" height=\"205\" loading=\"lazy\" data-original-width=\"309\" data-original-height=\"205\" itemprop=\"http:\/\/schema.org\/image\" title=\"20160906231427_57cf7803056e1\" alt=\"20160906231427_57cf7803056e1\" style=\"width: 309px; height: 205px;\" \/> <\/a> <\/div> <\/div> <!-- close group --> <\/div> <!-- close row --> <div class=\"gallery-row\" style=\"width: 940px; height: 434px;\" data-original-width=\"940\" data-original-height=\"434\" > <div class=\"gallery-group images-1\" style=\"width: 650px; height: 434px;\" data-original-width=\"650\" data-original-height=\"434\" > <div class=\"tiled-gallery-item tiled-gallery-item-large\" itemprop=\"associatedMedia\" itemscope itemtype=\"http:\/\/schema.org\/ImageObject\"> <a href=\"https:\/\/blogdoprosperi.com\/?attachment_id=24466\" border=\"0\" itemprop=\"url\"> <meta itemprop=\"width\" content=\"646\"> <meta itemprop=\"height\" content=\"430\"> <img decoding=\"async\" class=\"\" data-attachment-id=\"24466\" data-orig-file=\"https:\/\/blogdoprosperi.com\/wp-content\/uploads\/2016\/09\/20160906231436_57cf780c4d4ff.jpg\" data-orig-size=\"3000,1997\" data-comments-opened=\"1\" data-image-meta=\"{&quot;aperture&quot;:&quot;2.8&quot;,&quot;credit&quot;:&quot;Pedro Martins&quot;,&quot;camera&quot;:&quot;NIKON D4&quot;,&quot;caption&quot;:&quot;&quot;,&quot;created_timestamp&quot;:&quot;1473203730&quot;,&quot;copyright&quot;:&quot;&quot;,&quot;focal_length&quot;:&quot;400&quot;,&quot;iso&quot;:&quot;1600&quot;,&quot;shutter_speed&quot;:&quot;0.000625&quot;,&quot;title&quot;:&quot;&quot;,&quot;orientation&quot;:&quot;0&quot;}\" data-image-title=\"20160906231436_57cf780c4d4ff\" data-image-description=\"\" data-medium-file=\"https:\/\/i0.wp.com\/blogdoprosperi.com\/wp-content\/uploads\/2016\/09\/20160906231436_57cf780c4d4ff.jpg?fit=568%2C378&#038;ssl=1\" data-large-file=\"https:\/\/i0.wp.com\/blogdoprosperi.com\/wp-content\/uploads\/2016\/09\/20160906231436_57cf780c4d4ff.jpg?fit=940%2C626&#038;ssl=1\" src=\"https:\/\/i0.wp.com\/blogdoprosperi.com\/wp-content\/uploads\/2016\/09\/20160906231436_57cf780c4d4ff.jpg?w=646&#038;h=430&#038;ssl=1\" width=\"646\" height=\"430\" loading=\"lazy\" data-original-width=\"646\" data-original-height=\"430\" itemprop=\"http:\/\/schema.org\/image\" title=\"20160906231436_57cf780c4d4ff\" alt=\"20160906231436_57cf780c4d4ff\" style=\"width: 646px; height: 430px;\" \/> <\/a> <\/div> <\/div> <!-- close group --> <div class=\"gallery-group images-1\" style=\"width: 290px; height: 434px;\" data-original-width=\"290\" data-original-height=\"434\" > <div class=\"tiled-gallery-item tiled-gallery-item-large\" itemprop=\"associatedMedia\" itemscope itemtype=\"http:\/\/schema.org\/ImageObject\"> <a href=\"https:\/\/blogdoprosperi.com\/?attachment_id=24480\" border=\"0\" itemprop=\"url\"> <meta itemprop=\"width\" content=\"286\"> <meta itemprop=\"height\" content=\"430\"> <img decoding=\"async\" class=\"\" data-attachment-id=\"24480\" data-orig-file=\"https:\/\/blogdoprosperi.com\/wp-content\/uploads\/2016\/09\/20160906231441_57cf7811e1ecb.jpg\" data-orig-size=\"1997,3000\" data-comments-opened=\"1\" data-image-meta=\"{&quot;aperture&quot;:&quot;2.8&quot;,&quot;credit&quot;:&quot;Pedro Martins&quot;,&quot;camera&quot;:&quot;NIKON D4&quot;,&quot;caption&quot;:&quot;&quot;,&quot;created_timestamp&quot;:&quot;1473203468&quot;,&quot;copyright&quot;:&quot;&quot;,&quot;focal_length&quot;:&quot;400&quot;,&quot;iso&quot;:&quot;1600&quot;,&quot;shutter_speed&quot;:&quot;0.000625&quot;,&quot;title&quot;:&quot;&quot;,&quot;orientation&quot;:&quot;0&quot;}\" data-image-title=\"20160906231441_57cf7811e1ecb\" data-image-description=\"\" data-medium-file=\"https:\/\/i0.wp.com\/blogdoprosperi.com\/wp-content\/uploads\/2016\/09\/20160906231441_57cf7811e1ecb.jpg?fit=252%2C378&#038;ssl=1\" data-large-file=\"https:\/\/i0.wp.com\/blogdoprosperi.com\/wp-content\/uploads\/2016\/09\/20160906231441_57cf7811e1ecb.jpg?fit=682%2C1024&#038;ssl=1\" src=\"https:\/\/i0.wp.com\/blogdoprosperi.com\/wp-content\/uploads\/2016\/09\/20160906231441_57cf7811e1ecb.jpg?w=286&#038;h=430&#038;ssl=1\" width=\"286\" height=\"430\" loading=\"lazy\" data-original-width=\"286\" data-original-height=\"430\" itemprop=\"http:\/\/schema.org\/image\" title=\"20160906231441_57cf7811e1ecb\" alt=\"20160906231441_57cf7811e1ecb\" style=\"width: 286px; height: 430px;\" \/> <\/a> <\/div> <\/div> <!-- close group --> <\/div> <!-- close row --> <\/div>\n<p><strong>PAULINHO<\/strong><br \/>\nMais solto em rela\u00e7\u00e3o ao jogo da estreia de Tite. N\u00e3o \u00e9 aquele jogador exuberante dos tempos de Corinthians e nos primeiros passos com a Sele\u00e7\u00e3o. Se lan\u00e7ou mais ao ataque em infiltra\u00e7\u00f5es de surpresa. Poderia ater ter feito um gol &#8211; <strong>nota 5<\/strong><\/p>\n<p><strong>GIULIANO<\/strong><br \/>\nEntrou no lugar de Paulinho com a miss\u00e3o de manter o equil\u00edbrio na marca\u00e7\u00e3o e agredir mais nas investidas ao ataque. Teve pouco tempo para aparecer &#8211; <strong>nota 5<\/strong><\/p>\n<p><strong>RENATO AUGUSTO<\/strong><br \/>\nSolid\u00e1rio o tempo todo. Soube ser marcador quando o Brasil era atacado e oper\u00e1rio no momento de apoiar ao ataque. Faltou arriscar de longa dist\u00e2ncia. Teve boa chance de gol, mas se deixou levar pela falta de destreza na finaliza\u00e7\u00e3o &#8211; <strong>nota 7<\/strong><\/p>\n<p><strong>WILLIAN<\/strong><br \/>\nBem mais participativo em rela\u00e7\u00e3o ao jogo contra o Equador. Arriscou os dribles, combinou bem as triangula\u00e7\u00f5es no setor direito com Daniel Alves e Paulinho. Se fosse um pouco mais arrojado e estivesse em plena forma, poderia ter sido mais \u00fatil &#8211;<strong> nota 5<\/strong><\/p>\n<p><strong>PHILIPE COUTINHO<\/strong><br \/>\nEntrou na vaga de Willian e deu outra cara \u00e0 Sele\u00e7\u00e3o. Talentoso, de bom repert\u00f3rio, veloz e dribles curtos, ampliou o jogo do Brasil. Recolocou Neymar na partida. E n\u00e3o fraquejou na hora de recompor o meio-campo nas investidas da Col\u00f4mbia. Tite tem de encontrar um lugar para Coutinho entre os titulares &#8211; \u00a0<strong>nota 8<\/strong><\/p>\n<p><strong>GABRIEL JESUS<\/strong><br \/>\nN\u00e3o recebeu um \u00fanico passe que o deixasse em situa\u00e7\u00e3o de gol. Trabalhou mais a servi\u00e7o de Neymar e dos meias Renato Augusto e Paulinho do que propriamente ao seu jogo. Fez bem a fun\u00e7\u00e3o de piv\u00f4 e n\u00e3o desistiu nunca de lutar &#8211; <strong>nota 6<\/strong><\/p>\n<p><strong>NEYMAR<\/strong><br \/>\nPrimeiro tempo exemplar, sempre pelo setor esquerdo como est\u00e1 acostumado a jogar no Barcelona. N\u00e3o abusou de jogadas desnecess\u00e1rias e parou em duas boas defesas de Ospina. No segundo tempo, se escondeu um pouco ao sentir o ritmo pesado dos colombianos, mas decidiu o jogo com belo gol em chute cruzado. Essencial &#8211; <strong>nota 8<\/strong><\/p>\n<p><span class=\"alignnone\"><img data-recalc-dims=\"1\" loading=\"lazy\" decoding=\"async\" data-attachment-id=\"24468\" data-permalink=\"https:\/\/blogdoprosperi.com\/?attachment_id=24468\" data-orig-file=\"https:\/\/i0.wp.com\/blogdoprosperi.com\/wp-content\/uploads\/2016\/09\/20160906231316_57cf77bcd68f0.jpg?fit=3000%2C1997&amp;ssl=1\" data-orig-size=\"3000,1997\" data-comments-opened=\"1\" data-image-meta=\"{&quot;aperture&quot;:&quot;2.8&quot;,&quot;credit&quot;:&quot;Pedro Martins&quot;,&quot;camera&quot;:&quot;NIKON D4&quot;,&quot;caption&quot;:&quot;&quot;,&quot;created_timestamp&quot;:&quot;1473203233&quot;,&quot;copyright&quot;:&quot;&quot;,&quot;focal_length&quot;:&quot;400&quot;,&quot;iso&quot;:&quot;1600&quot;,&quot;shutter_speed&quot;:&quot;0.000625&quot;,&quot;title&quot;:&quot;&quot;,&quot;orientation&quot;:&quot;0&quot;}\" data-image-title=\"20160906231316_57cf77bcd68f0\" data-image-description=\"\" data-image-caption=\"\" data-large-file=\"https:\/\/i0.wp.com\/blogdoprosperi.com\/wp-content\/uploads\/2016\/09\/20160906231316_57cf77bcd68f0.jpg?fit=940%2C626&amp;ssl=1\" class=\"alignnone size-full wp-image-24468\" src=\"https:\/\/i0.wp.com\/blogdoprosperi.com\/wp-content\/uploads\/2016\/09\/20160906231316_57cf77bcd68f0.jpg?resize=940%2C626&#038;ssl=1\" alt=\"20160906231316_57cf77bcd68f0\" width=\"940\" height=\"626\" \/><\/span><\/p>\n<p><strong>TITE<\/strong><br \/>\nRepetiu o esquema adotado na vit\u00f3ria contra o Equador e soube mexer no time quando a Col\u00f4mbia empatou e ensaiou tomar conta da partida. Ao lan\u00e7ar Coutinho, restabeleceu a hierarquia do jogo. Mostrou seguran\u00e7a e coer\u00eancia nas suas escolhas &#8211; <strong>nota 7\u00a0<\/strong><\/p>\n","protected":false},"excerpt":{"rendered":"<p>Brasil vence Col\u00f4mbia em casa por 2 a 1 no segundo jogo sob o comando de Tite, entra [&hellip;]<\/p>\n","protected":false},"author":102107496,"featured_media":0,"comment_status":"open","ping_status":"open","sticky":false,"template":"","format":"standard","meta":{"_coblocks_attr":"","_coblocks_dimensions":"","_coblocks_responsive_height":"","_coblocks_accordion_ie_support":"","_jetpack_newsletter_access":"","_jetpack_dont_email_post_to_subs":false,"_jetpack_newsletter_tier_id":0,"_jetpack_memberships_contains_paywalled_content":false,"_wpcom_ai_launchpad_first_post":false,"_jetpack_feature_clip_id":0,"_jetpack_memberships_contains_paid_content":false,"footnotes":"","jetpack_publicize_message":"","jetpack_publicize_feature_enabled":true,"jetpack_social_post_already_shared":false,"jetpack_social_options":{"image_generator_settings":{"template":"highway","default_image_id":0,"font":"","enabled":false},"version":2},"jetpack_post_was_ever_published":false},"categories":[53870],"tags":[248451687,12508493,406159014,789560560,25238168,789560562,1814220],"class_list":["post-24382","post","type-post","status-publish","format-standard","hentry","category-futebol","tag-brasil-2-x-1-colombia","tag-casemiro","tag-eliminatorias-da-copa-de-2018","tag-futebol","tag-philipe-coutinho","tag-selecao-brasileira","tag-tite"],"yoast_head":"<!-- This site is optimized with the Yoast SEO plugin v28.3 - https:\/\/yoast.com\/product\/yoast-seo-wordpress\/ -->\n<title>An\u00e1lise dos jogadores da Sele\u00e7\u00e3o: Casemiro diminui a Col\u00f4mbia e Coutinho renasce com Tite - PR\u00d3SPERI NEWS<\/title>\n<meta name=\"robots\" content=\"index, follow, max-snippet:-1, max-image-preview:large, max-video-preview:-1\" \/>\n<link rel=\"canonical\" href=\"https:\/\/blogdoprosperi.com\/?p=24382\" \/>\n<meta property=\"og:locale\" content=\"pt_BR\" \/>\n<meta property=\"og:type\" content=\"article\" \/>\n<meta property=\"og:title\" content=\"An\u00e1lise dos jogadores da Sele\u00e7\u00e3o: Casemiro diminui a Col\u00f4mbia e Coutinho renasce com Tite - PR\u00d3SPERI NEWS\" \/>\n<meta property=\"og:description\" content=\"Brasil vence Col\u00f4mbia em casa por 2 a 1 no segundo jogo sob o comando de Tite, entra [&hellip;]\" \/>\n<meta property=\"og:url\" content=\"https:\/\/blogdoprosperi.com\/?p=24382\" \/>\n<meta property=\"og:site_name\" content=\"PR\u00d3SPERI NEWS\" \/>\n<meta property=\"article:publisher\" content=\"Luiz Pr\u00f3speri\" \/>\n<meta property=\"article:author\" content=\"Luiz Pr\u00f3speri\" \/>\n<meta property=\"article:published_time\" content=\"2016-09-07T04:29:57+00:00\" \/>\n<meta property=\"article:modified_time\" content=\"2016-09-07T04:32:51+00:00\" \/>\n<meta property=\"og:image\" content=\"https:\/\/i0.wp.com\/blogdoprosperi.com\/wp-content\/uploads\/2016\/09\/20160906233620_57cf7d2401a32.jpg?w=623&#038;h=415&#038;ssl=1\" \/>\n<meta name=\"author\" content=\"Luiz Ant\u00f4nio Pr\u00f3speri\" \/>\n<meta name=\"twitter:card\" content=\"summary_large_image\" \/>\n<meta name=\"twitter:creator\" content=\"@Luizprosperi\" \/>\n<meta name=\"twitter:site\" content=\"@Luizprosperi\" \/>\n<meta name=\"twitter:label1\" content=\"Escrito por\" \/>\n\t<meta name=\"twitter:data1\" content=\"Luiz Ant\u00f4nio Pr\u00f3speri\" \/>\n\t<meta name=\"twitter:label2\" content=\"Est. tempo de leitura\" \/>\n\t<meta name=\"twitter:data2\" content=\"4 minutos\" \/>\n<script type=\"application\/ld+json\" class=\"yoast-schema-graph\">{\"@context\":\"https:\\\/\\\/schema.org\",\"@graph\":[{\"@type\":\"Article\",\"@id\":\"https:\\\/\\\/blogdoprosperi.com\\\/?p=24382#article\",\"isPartOf\":{\"@id\":\"https:\\\/\\\/blogdoprosperi.com\\\/?p=24382\"},\"author\":{\"name\":\"Luiz Ant\u00f4nio Pr\u00f3speri\",\"@id\":\"https:\\\/\\\/blogdoprosperi.com\\\/#\\\/schema\\\/person\\\/38100755ce3601861ee4fab9b5aa78e9\"},\"headline\":\"An\u00e1lise dos jogadores da Sele\u00e7\u00e3o: Casemiro diminui a Col\u00f4mbia e Coutinho renasce com Tite\",\"datePublished\":\"2016-09-07T04:29:57+00:00\",\"dateModified\":\"2016-09-07T04:32:51+00:00\",\"mainEntityOfPage\":{\"@id\":\"https:\\\/\\\/blogdoprosperi.com\\\/?p=24382\"},\"wordCount\":751,\"commentCount\":0,\"publisher\":{\"@id\":\"https:\\\/\\\/blogdoprosperi.com\\\/#\\\/schema\\\/person\\\/38100755ce3601861ee4fab9b5aa78e9\"},\"image\":{\"@id\":\"https:\\\/\\\/blogdoprosperi.com\\\/?p=24382#primaryimage\"},\"thumbnailUrl\":\"https:\\\/\\\/blogdoprosperi.com\\\/wp-content\\\/uploads\\\/2016\\\/09\\\/20160906231431_57cf78075aedf.jpg\",\"keywords\":[\"Brasil 2 x 1 Col\u00f4mbia\",\"Casemiro\",\"Eliminat\u00f3rias da Copa de 2018\",\"futebol\",\"Philipe Coutinho\",\"Sele\u00e7\u00e3o Brasileira\",\"Tite\"],\"articleSection\":[\"futebol\"],\"inLanguage\":\"pt-BR\",\"potentialAction\":[{\"@type\":\"CommentAction\",\"name\":\"Comment\",\"target\":[\"https:\\\/\\\/blogdoprosperi.com\\\/?p=24382#respond\"]}]},{\"@type\":\"WebPage\",\"@id\":\"https:\\\/\\\/blogdoprosperi.com\\\/?p=24382\",\"url\":\"https:\\\/\\\/blogdoprosperi.com\\\/?p=24382\",\"name\":\"An\u00e1lise dos jogadores da Sele\u00e7\u00e3o: Casemiro diminui a Col\u00f4mbia e Coutinho renasce com Tite - PR\u00d3SPERI NEWS\",\"isPartOf\":{\"@id\":\"https:\\\/\\\/blogdoprosperi.com\\\/#website\"},\"primaryImageOfPage\":{\"@id\":\"https:\\\/\\\/blogdoprosperi.com\\\/?p=24382#primaryimage\"},\"image\":{\"@id\":\"https:\\\/\\\/blogdoprosperi.com\\\/?p=24382#primaryimage\"},\"thumbnailUrl\":\"https:\\\/\\\/blogdoprosperi.com\\\/wp-content\\\/uploads\\\/2016\\\/09\\\/20160906231431_57cf78075aedf.jpg\",\"datePublished\":\"2016-09-07T04:29:57+00:00\",\"dateModified\":\"2016-09-07T04:32:51+00:00\",\"breadcrumb\":{\"@id\":\"https:\\\/\\\/blogdoprosperi.com\\\/?p=24382#breadcrumb\"},\"inLanguage\":\"pt-BR\",\"potentialAction\":[{\"@type\":\"ReadAction\",\"target\":[\"https:\\\/\\\/blogdoprosperi.com\\\/?p=24382\"]}]},{\"@type\":\"ImageObject\",\"inLanguage\":\"pt-BR\",\"@id\":\"https:\\\/\\\/blogdoprosperi.com\\\/?p=24382#primaryimage\",\"url\":\"https:\\\/\\\/i0.wp.com\\\/blogdoprosperi.com\\\/wp-content\\\/uploads\\\/2016\\\/09\\\/20160906231431_57cf78075aedf.jpg?fit=3000%2C1997&ssl=1\",\"contentUrl\":\"https:\\\/\\\/i0.wp.com\\\/blogdoprosperi.com\\\/wp-content\\\/uploads\\\/2016\\\/09\\\/20160906231431_57cf78075aedf.jpg?fit=3000%2C1997&ssl=1\",\"width\":3000,\"height\":1997},{\"@type\":\"BreadcrumbList\",\"@id\":\"https:\\\/\\\/blogdoprosperi.com\\\/?p=24382#breadcrumb\",\"itemListElement\":[{\"@type\":\"ListItem\",\"position\":1,\"name\":\"In\u00edcio\",\"item\":\"https:\\\/\\\/blogdoprosperi.com\\\/\"},{\"@type\":\"ListItem\",\"position\":2,\"name\":\"An\u00e1lise dos jogadores da Sele\u00e7\u00e3o: Casemiro diminui a Col\u00f4mbia e Coutinho renasce com Tite\"}]},{\"@type\":\"WebSite\",\"@id\":\"https:\\\/\\\/blogdoprosperi.com\\\/#website\",\"url\":\"https:\\\/\\\/blogdoprosperi.com\\\/\",\"name\":\"PR\u00d3SPERI NEWS\",\"description\":\"TUDO \u00c9  FUTEBOL\",\"publisher\":{\"@id\":\"https:\\\/\\\/blogdoprosperi.com\\\/#\\\/schema\\\/person\\\/38100755ce3601861ee4fab9b5aa78e9\"},\"alternateName\":\"blogdoprosperi.com\",\"potentialAction\":[{\"@type\":\"SearchAction\",\"target\":{\"@type\":\"EntryPoint\",\"urlTemplate\":\"https:\\\/\\\/blogdoprosperi.com\\\/?s={search_term_string}\"},\"query-input\":{\"@type\":\"PropertyValueSpecification\",\"valueRequired\":true,\"valueName\":\"search_term_string\"}}],\"inLanguage\":\"pt-BR\"},{\"@type\":[\"Person\",\"Organization\"],\"@id\":\"https:\\\/\\\/blogdoprosperi.com\\\/#\\\/schema\\\/person\\\/38100755ce3601861ee4fab9b5aa78e9\",\"name\":\"Luiz Ant\u00f4nio Pr\u00f3speri\",\"pronouns\":\"ele\",\"image\":{\"@type\":\"ImageObject\",\"inLanguage\":\"pt-BR\",\"@id\":\"https:\\\/\\\/i0.wp.com\\\/blogdoprosperi.com\\\/wp-content\\\/uploads\\\/2026\\\/05\\\/cropped-8059e613-6002-42fa-961e-8e275f575d71-2-5.jpg?fit=1360%2C931&ssl=1\",\"url\":\"https:\\\/\\\/i0.wp.com\\\/blogdoprosperi.com\\\/wp-content\\\/uploads\\\/2026\\\/05\\\/cropped-8059e613-6002-42fa-961e-8e275f575d71-2-5.jpg?fit=1360%2C931&ssl=1\",\"contentUrl\":\"https:\\\/\\\/i0.wp.com\\\/blogdoprosperi.com\\\/wp-content\\\/uploads\\\/2026\\\/05\\\/cropped-8059e613-6002-42fa-961e-8e275f575d71-2-5.jpg?fit=1360%2C931&ssl=1\",\"width\":1360,\"height\":931,\"caption\":\"Luiz Ant\u00f4nio Pr\u00f3speri\"},\"logo\":{\"@id\":\"https:\\\/\\\/i0.wp.com\\\/blogdoprosperi.com\\\/wp-content\\\/uploads\\\/2026\\\/05\\\/cropped-8059e613-6002-42fa-961e-8e275f575d71-2-5.jpg?fit=1360%2C931&ssl=1\"},\"description\":\"Jornalista com carreira dedicada ao esporte. Cobriu 9 Copas do Mundo in loco, 1990 na It\u00e1lia, 1994 nos EUA, 1998 na Fran\u00e7a, 2002 na Coreia do Sul e Jap\u00e3o, 2006 na Alemanha, 2010 na \u00c1frica do Sul, 2014 no Brasil, 2018 na R\u00fassia e 2022 no Qatar. Eurocopas, 1992 na Su\u00e9cia e 1996 na Inglaterra. Copa das Confedera\u00e7\u00f5es de 2005 na Alemanha e 2009 na \u00c1frica do Sul. Rep\u00f3rter e Editor, trabalhou no Jornal da Tarde e Estad\u00e3o, de 1984 a fevereiro de 2016. Colunista, blogueiro. E comentarista de futebol na R\u00e1dio Estad\u00e3o, de 2013 a fevereiro de 2016. Jornalista respons\u00e1vel do \\\"Pr\u00f3speri News\\\" (blogdoprosperi.com).\",\"sameAs\":[\"http:\\\/\\\/blogdoprosperi.com\",\"Luiz Pr\u00f3speri\",\"@luiz_prosperi\",\"https:\\\/\\\/x.com\\\/Luizprosperi\",\"@prosperinacopa\",\"luiz.prosperi@icloud.com\"],\"url\":\"https:\\\/\\\/blogdoprosperi.com\\\/?author=102107496\"}]}<\/script>\n<!-- \/ Yoast SEO plugin. -->","yoast_head_json":{"title":"An\u00e1lise dos jogadores da Sele\u00e7\u00e3o: Casemiro diminui a Col\u00f4mbia e Coutinho renasce com Tite - PR\u00d3SPERI NEWS","robots":{"index":"index","follow":"follow","max-snippet":"max-snippet:-1","max-image-preview":"max-image-preview:large","max-video-preview":"max-video-preview:-1"},"canonical":"https:\/\/blogdoprosperi.com\/?p=24382","og_locale":"pt_BR","og_type":"article","og_title":"An\u00e1lise dos jogadores da Sele\u00e7\u00e3o: Casemiro diminui a Col\u00f4mbia e Coutinho renasce com Tite - PR\u00d3SPERI NEWS","og_description":"Brasil vence Col\u00f4mbia em casa por 2 a 1 no segundo jogo sob o comando de Tite, entra [&hellip;]","og_url":"https:\/\/blogdoprosperi.com\/?p=24382","og_site_name":"PR\u00d3SPERI NEWS","article_publisher":"Luiz Pr\u00f3speri","article_author":"Luiz Pr\u00f3speri","article_published_time":"2016-09-07T04:29:57+00:00","article_modified_time":"2016-09-07T04:32:51+00:00","og_image":[{"url":"https:\/\/i0.wp.com\/blogdoprosperi.com\/wp-content\/uploads\/2016\/09\/20160906233620_57cf7d2401a32.jpg?w=623&#038;h=415&#038;ssl=1","type":"","width":"","height":""}],"author":"Luiz Ant\u00f4nio Pr\u00f3speri","twitter_card":"summary_large_image","twitter_creator":"@Luizprosperi","twitter_site":"@Luizprosperi","twitter_misc":{"Escrito por":"Luiz Ant\u00f4nio Pr\u00f3speri","Est. tempo de leitura":"4 minutos"},"schema":{"@context":"https:\/\/schema.org","@graph":[{"@type":"Article","@id":"https:\/\/blogdoprosperi.com\/?p=24382#article","isPartOf":{"@id":"https:\/\/blogdoprosperi.com\/?p=24382"},"author":{"name":"Luiz Ant\u00f4nio Pr\u00f3speri","@id":"https:\/\/blogdoprosperi.com\/#\/schema\/person\/38100755ce3601861ee4fab9b5aa78e9"},"headline":"An\u00e1lise dos jogadores da Sele\u00e7\u00e3o: Casemiro diminui a Col\u00f4mbia e Coutinho renasce com Tite","datePublished":"2016-09-07T04:29:57+00:00","dateModified":"2016-09-07T04:32:51+00:00","mainEntityOfPage":{"@id":"https:\/\/blogdoprosperi.com\/?p=24382"},"wordCount":751,"commentCount":0,"publisher":{"@id":"https:\/\/blogdoprosperi.com\/#\/schema\/person\/38100755ce3601861ee4fab9b5aa78e9"},"image":{"@id":"https:\/\/blogdoprosperi.com\/?p=24382#primaryimage"},"thumbnailUrl":"https:\/\/blogdoprosperi.com\/wp-content\/uploads\/2016\/09\/20160906231431_57cf78075aedf.jpg","keywords":["Brasil 2 x 1 Col\u00f4mbia","Casemiro","Eliminat\u00f3rias da Copa de 2018","futebol","Philipe Coutinho","Sele\u00e7\u00e3o Brasileira","Tite"],"articleSection":["futebol"],"inLanguage":"pt-BR","potentialAction":[{"@type":"CommentAction","name":"Comment","target":["https:\/\/blogdoprosperi.com\/?p=24382#respond"]}]},{"@type":"WebPage","@id":"https:\/\/blogdoprosperi.com\/?p=24382","url":"https:\/\/blogdoprosperi.com\/?p=24382","name":"An\u00e1lise dos jogadores da Sele\u00e7\u00e3o: Casemiro diminui a Col\u00f4mbia e Coutinho renasce com Tite - PR\u00d3SPERI NEWS","isPartOf":{"@id":"https:\/\/blogdoprosperi.com\/#website"},"primaryImageOfPage":{"@id":"https:\/\/blogdoprosperi.com\/?p=24382#primaryimage"},"image":{"@id":"https:\/\/blogdoprosperi.com\/?p=24382#primaryimage"},"thumbnailUrl":"https:\/\/blogdoprosperi.com\/wp-content\/uploads\/2016\/09\/20160906231431_57cf78075aedf.jpg","datePublished":"2016-09-07T04:29:57+00:00","dateModified":"2016-09-07T04:32:51+00:00","breadcrumb":{"@id":"https:\/\/blogdoprosperi.com\/?p=24382#breadcrumb"},"inLanguage":"pt-BR","potentialAction":[{"@type":"ReadAction","target":["https:\/\/blogdoprosperi.com\/?p=24382"]}]},{"@type":"ImageObject","inLanguage":"pt-BR","@id":"https:\/\/blogdoprosperi.com\/?p=24382#primaryimage","url":"https:\/\/i0.wp.com\/blogdoprosperi.com\/wp-content\/uploads\/2016\/09\/20160906231431_57cf78075aedf.jpg?fit=3000%2C1997&ssl=1","contentUrl":"https:\/\/i0.wp.com\/blogdoprosperi.com\/wp-content\/uploads\/2016\/09\/20160906231431_57cf78075aedf.jpg?fit=3000%2C1997&ssl=1","width":3000,"height":1997},{"@type":"BreadcrumbList","@id":"https:\/\/blogdoprosperi.com\/?p=24382#breadcrumb","itemListElement":[{"@type":"ListItem","position":1,"name":"In\u00edcio","item":"https:\/\/blogdoprosperi.com\/"},{"@type":"ListItem","position":2,"name":"An\u00e1lise dos jogadores da Sele\u00e7\u00e3o: Casemiro diminui a Col\u00f4mbia e Coutinho renasce com Tite"}]},{"@type":"WebSite","@id":"https:\/\/blogdoprosperi.com\/#website","url":"https:\/\/blogdoprosperi.com\/","name":"PR\u00d3SPERI NEWS","description":"TUDO \u00c9  FUTEBOL","publisher":{"@id":"https:\/\/blogdoprosperi.com\/#\/schema\/person\/38100755ce3601861ee4fab9b5aa78e9"},"alternateName":"blogdoprosperi.com","potentialAction":[{"@type":"SearchAction","target":{"@type":"EntryPoint","urlTemplate":"https:\/\/blogdoprosperi.com\/?s={search_term_string}"},"query-input":{"@type":"PropertyValueSpecification","valueRequired":true,"valueName":"search_term_string"}}],"inLanguage":"pt-BR"},{"@type":["Person","Organization"],"@id":"https:\/\/blogdoprosperi.com\/#\/schema\/person\/38100755ce3601861ee4fab9b5aa78e9","name":"Luiz Ant\u00f4nio Pr\u00f3speri","pronouns":"ele","image":{"@type":"ImageObject","inLanguage":"pt-BR","@id":"https:\/\/i0.wp.com\/blogdoprosperi.com\/wp-content\/uploads\/2026\/05\/cropped-8059e613-6002-42fa-961e-8e275f575d71-2-5.jpg?fit=1360%2C931&ssl=1","url":"https:\/\/i0.wp.com\/blogdoprosperi.com\/wp-content\/uploads\/2026\/05\/cropped-8059e613-6002-42fa-961e-8e275f575d71-2-5.jpg?fit=1360%2C931&ssl=1","contentUrl":"https:\/\/i0.wp.com\/blogdoprosperi.com\/wp-content\/uploads\/2026\/05\/cropped-8059e613-6002-42fa-961e-8e275f575d71-2-5.jpg?fit=1360%2C931&ssl=1","width":1360,"height":931,"caption":"Luiz Ant\u00f4nio Pr\u00f3speri"},"logo":{"@id":"https:\/\/i0.wp.com\/blogdoprosperi.com\/wp-content\/uploads\/2026\/05\/cropped-8059e613-6002-42fa-961e-8e275f575d71-2-5.jpg?fit=1360%2C931&ssl=1"},"description":"Jornalista com carreira dedicada ao esporte. Cobriu 9 Copas do Mundo in loco, 1990 na It\u00e1lia, 1994 nos EUA, 1998 na Fran\u00e7a, 2002 na Coreia do Sul e Jap\u00e3o, 2006 na Alemanha, 2010 na \u00c1frica do Sul, 2014 no Brasil, 2018 na R\u00fassia e 2022 no Qatar. Eurocopas, 1992 na Su\u00e9cia e 1996 na Inglaterra. Copa das Confedera\u00e7\u00f5es de 2005 na Alemanha e 2009 na \u00c1frica do Sul. Rep\u00f3rter e Editor, trabalhou no Jornal da Tarde e Estad\u00e3o, de 1984 a fevereiro de 2016. Colunista, blogueiro. E comentarista de futebol na R\u00e1dio Estad\u00e3o, de 2013 a fevereiro de 2016. Jornalista respons\u00e1vel do \"Pr\u00f3speri News\" (blogdoprosperi.com).","sameAs":["http:\/\/blogdoprosperi.com","Luiz Pr\u00f3speri","@luiz_prosperi","https:\/\/x.com\/Luizprosperi","@prosperinacopa","luiz.prosperi@icloud.com"],"url":"https:\/\/blogdoprosperi.com\/?author=102107496"}]}},"jetpack_publicize_connections":[],"jetpack_likes_enabled":false,"jetpack_sharing_enabled":true,"jetpack_shortlink":"https:\/\/wp.me\/p7jvdk-6lg","jetpack-related-posts":[{"id":24298,"url":"https:\/\/blogdoprosperi.com\/?p=24298","url_meta":{"origin":24382,"position":0},"title":"Philipe Coutinho muda o jogo e Tite alcan\u00e7a segunda vit\u00f3ria consecutiva com a Sele\u00e7\u00e3o","author":"Luiz Ant\u00f4nio Pr\u00f3speri","date":"7 de setembro de 2016","format":false,"excerpt":"Se Gabriel Jesus fez a diferen\u00e7a na estreia de Tite no comando da Sele\u00e7\u00e3o Brasileira contra o Equador, Philipe Coutinho mudou o rumo do jogo na vit\u00f3ria diante da Col\u00f4mbia por 2 a 1 nesta ter\u00e7a-feira (06\/9), em Manaus, pelas Eliminat\u00f3rias da Copa de 2018. O meia do Liverpool entrou\u2026","rel":"","context":"Em &quot;futebol&quot;","block_context":{"text":"futebol","link":"https:\/\/blogdoprosperi.com\/?cat=53870"},"img":{"alt_text":"","src":"https:\/\/i0.wp.com\/blogdoprosperi.com\/wp-content\/uploads\/2016\/09\/20160906233731_57cf7d6b04778.jpg?resize=350%2C200&ssl=1","width":350,"height":200,"srcset":"https:\/\/i0.wp.com\/blogdoprosperi.com\/wp-content\/uploads\/2016\/09\/20160906233731_57cf7d6b04778.jpg?resize=350%2C200&ssl=1 1x, https:\/\/i0.wp.com\/blogdoprosperi.com\/wp-content\/uploads\/2016\/09\/20160906233731_57cf7d6b04778.jpg?resize=525%2C300&ssl=1 1.5x, https:\/\/i0.wp.com\/blogdoprosperi.com\/wp-content\/uploads\/2016\/09\/20160906233731_57cf7d6b04778.jpg?resize=700%2C400&ssl=1 2x, https:\/\/i0.wp.com\/blogdoprosperi.com\/wp-content\/uploads\/2016\/09\/20160906233731_57cf7d6b04778.jpg?resize=1050%2C600&ssl=1 3x, https:\/\/i0.wp.com\/blogdoprosperi.com\/wp-content\/uploads\/2016\/09\/20160906233731_57cf7d6b04778.jpg?resize=1400%2C800&ssl=1 4x"},"classes":[]},{"id":23972,"url":"https:\/\/blogdoprosperi.com\/?p=23972","url_meta":{"origin":24382,"position":1},"title":"Tite estreia com vit\u00f3ria na Sele\u00e7\u00e3o e lan\u00e7a ao mundo um novo fen\u00f4meno do futebol brasileiro: Gabriel Jesus","author":"Luiz Ant\u00f4nio Pr\u00f3speri","date":"1 de setembro de 2016","format":false,"excerpt":"Quando dirigia o Corinthians Tite se impressionou com Gabriel Jesus, ainda na temporada de 2015. Em conversas reservadas repetia que o garoto do Palmeiras estava pronto, era diferente. Pep Guardiola, depois de sacramentada a contrata\u00e7\u00e3o do atacante pelo Manchester City, disse assim: \"Compramos gols, Jesus \u00e9 fazedor de gols\".\u00a0Na sua\u2026","rel":"","context":"Em &quot;futebol&quot;","block_context":{"text":"futebol","link":"https:\/\/blogdoprosperi.com\/?cat=53870"},"img":{"alt_text":"","src":"https:\/\/i0.wp.com\/blogdoprosperi.com\/wp-content\/uploads\/2016\/09\/brasil-x-equador-20160901-0017.jpg?resize=350%2C200&ssl=1","width":350,"height":200,"srcset":"https:\/\/i0.wp.com\/blogdoprosperi.com\/wp-content\/uploads\/2016\/09\/brasil-x-equador-20160901-0017.jpg?resize=350%2C200&ssl=1 1x, https:\/\/i0.wp.com\/blogdoprosperi.com\/wp-content\/uploads\/2016\/09\/brasil-x-equador-20160901-0017.jpg?resize=525%2C300&ssl=1 1.5x, https:\/\/i0.wp.com\/blogdoprosperi.com\/wp-content\/uploads\/2016\/09\/brasil-x-equador-20160901-0017.jpg?resize=700%2C400&ssl=1 2x, https:\/\/i0.wp.com\/blogdoprosperi.com\/wp-content\/uploads\/2016\/09\/brasil-x-equador-20160901-0017.jpg?resize=1050%2C600&ssl=1 3x, https:\/\/i0.wp.com\/blogdoprosperi.com\/wp-content\/uploads\/2016\/09\/brasil-x-equador-20160901-0017.jpg?resize=1400%2C800&ssl=1 4x"},"classes":[]},{"id":23420,"url":"https:\/\/blogdoprosperi.com\/?p=23420","url_meta":{"origin":24382,"position":2},"title":"Tite elege seus titulares na Sele\u00e7\u00e3o e Gabriel Jesus ganha a camisa 9","author":"Luiz Ant\u00f4nio Pr\u00f3speri","date":"29 de agosto de 2016","format":false,"excerpt":"Tite escolheu os n\u00fameros dos jogadores da Sele\u00e7\u00e3o Brasileira para os jogos contra o Equador (dia 01\/9) e Col\u00f4mbia (06\/9) na sua estreia no comando do escrete. Se seguirmos a sequ\u00eancia de 1 a 11, j\u00e1 teremos o time titular no esquema 4-1-4-1, t\u00e3o apreciado ao treinador. A Sele\u00e7\u00e3o de\u2026","rel":"","context":"Em &quot;futebol&quot;","block_context":{"text":"futebol","link":"https:\/\/blogdoprosperi.com\/?cat=53870"},"img":{"alt_text":"","src":"https:\/\/i0.wp.com\/blogdoprosperi.com\/wp-content\/uploads\/2016\/08\/brasil-pentacampec3a3o-de-2002.jpg?resize=350%2C200&ssl=1","width":350,"height":200,"srcset":"https:\/\/i0.wp.com\/blogdoprosperi.com\/wp-content\/uploads\/2016\/08\/brasil-pentacampec3a3o-de-2002.jpg?resize=350%2C200&ssl=1 1x, https:\/\/i0.wp.com\/blogdoprosperi.com\/wp-content\/uploads\/2016\/08\/brasil-pentacampec3a3o-de-2002.jpg?resize=525%2C300&ssl=1 1.5x"},"classes":[]},{"id":37754,"url":"https:\/\/blogdoprosperi.com\/?p=37754","url_meta":{"origin":24382,"position":3},"title":"Copa Am\u00e9rica: Brasil continua ref\u00e9m das teorias de Tite e paga pecados no empate com Venezuela","author":"Luiz Ant\u00f4nio Pr\u00f3speri","date":"19 de junho de 2019","format":false,"excerpt":"Brasil sai vaiado da Fonte Nova em Salvador depois de um jogo melanc\u00f3lico e erros de Tite no empate por 0 a 0 contra a Venezuela pela segunda rodada da Copa Am\u00e9rica nesta ter\u00e7a-feira (18\/6). Sele\u00e7\u00e3o teve uma atua\u00e7\u00e3o sem repert\u00f3rio, sem ideias claras e com direito a op\u00e7\u00f5es equivocadas\u2026","rel":"","context":"Em &quot;futebol&quot;","block_context":{"text":"futebol","link":"https:\/\/blogdoprosperi.com\/?cat=53870"},"img":{"alt_text":"","src":"https:\/\/i0.wp.com\/blogdoprosperi.com\/wp-content\/uploads\/2019\/06\/pro5-15.jpg?fit=1200%2C800&ssl=1&resize=350%2C200","width":350,"height":200,"srcset":"https:\/\/i0.wp.com\/blogdoprosperi.com\/wp-content\/uploads\/2019\/06\/pro5-15.jpg?fit=1200%2C800&ssl=1&resize=350%2C200 1x, https:\/\/i0.wp.com\/blogdoprosperi.com\/wp-content\/uploads\/2019\/06\/pro5-15.jpg?fit=1200%2C800&ssl=1&resize=525%2C300 1.5x, https:\/\/i0.wp.com\/blogdoprosperi.com\/wp-content\/uploads\/2019\/06\/pro5-15.jpg?fit=1200%2C800&ssl=1&resize=700%2C400 2x, https:\/\/i0.wp.com\/blogdoprosperi.com\/wp-content\/uploads\/2019\/06\/pro5-15.jpg?fit=1200%2C800&ssl=1&resize=1050%2C600 3x"},"classes":[]},{"id":21208,"url":"https:\/\/blogdoprosperi.com\/?p=21208","url_meta":{"origin":24382,"position":4},"title":"Tite convoca a sele\u00e7\u00e3o e esconde lista dos garotos do time ol\u00edmpico","author":"Luiz Ant\u00f4nio Pr\u00f3speri","date":"15 de agosto de 2016","format":false,"excerpt":"\u00a0 Tite n\u00e3o queria provocar euforia e tristeza entre os garotos da Sele\u00e7\u00e3o Ol\u00edmpica, concentrados em Teres\u00f3polis para enfrentar Honduras nas semifinais dos Jogos do Rio. Por isso acertou com a CBF o sigilo absoluto na divulga\u00e7\u00e3o da lista dos 23 jogadores convocados para os jogos contra Equador e Col\u00f4mbia,\u2026","rel":"","context":"Em &quot;futebol&quot;","block_context":{"text":"futebol","link":"https:\/\/blogdoprosperi.com\/?cat=53870"},"img":{"alt_text":"","src":"https:\/\/i0.wp.com\/blogdoprosperi.com\/wp-content\/uploads\/2016\/08\/pro-14.jpg?resize=350%2C200","width":350,"height":200,"srcset":"https:\/\/i0.wp.com\/blogdoprosperi.com\/wp-content\/uploads\/2016\/08\/pro-14.jpg?resize=350%2C200 1x, https:\/\/i0.wp.com\/blogdoprosperi.com\/wp-content\/uploads\/2016\/08\/pro-14.jpg?resize=525%2C300 1.5x, https:\/\/i0.wp.com\/blogdoprosperi.com\/wp-content\/uploads\/2016\/08\/pro-14.jpg?resize=700%2C400 2x, https:\/\/i0.wp.com\/blogdoprosperi.com\/wp-content\/uploads\/2016\/08\/pro-14.jpg?resize=1050%2C600 3x, https:\/\/i0.wp.com\/blogdoprosperi.com\/wp-content\/uploads\/2016\/08\/pro-14.jpg?resize=1400%2C800 4x"},"classes":[]},{"id":29457,"url":"https:\/\/blogdoprosperi.com\/?p=29457","url_meta":{"origin":24382,"position":5},"title":"O que faz Lucas Lima na Sele\u00e7\u00e3o Brasileira?","author":"Luiz Ant\u00f4nio Pr\u00f3speri","date":"21 de outubro de 2016","format":false,"excerpt":"Tite mandou um recado aos jogadores convocados por ele para os dois pr\u00f3ximos jogos da Sele\u00e7\u00e3o Brasileira - contra Argentina, dia 10\/11, e Peru, 15\/11, rodada das Eliminat\u00f3rias da Copa de 2018. \"Arrebentem em seus clubes\", disse o treinador. S\u00f3 assim, jogando muito em seus times, poder\u00e3o se manter no\u2026","rel":"","context":"Em &quot;futebol&quot;","block_context":{"text":"futebol","link":"https:\/\/blogdoprosperi.com\/?cat=53870"},"img":{"alt_text":"","src":"https:\/\/i0.wp.com\/blogdoprosperi.com\/wp-content\/uploads\/2016\/10\/589403158.jpg?resize=350%2C200&ssl=1","width":350,"height":200},"classes":[]}],"jetpack_featured_media_url":"","_links":{"self":[{"href":"https:\/\/blogdoprosperi.com\/index.php?rest_route=\/wp\/v2\/posts\/24382","targetHints":{"allow":["GET"]}}],"collection":[{"href":"https:\/\/blogdoprosperi.com\/index.php?rest_route=\/wp\/v2\/posts"}],"about":[{"href":"https:\/\/blogdoprosperi.com\/index.php?rest_route=\/wp\/v2\/types\/post"}],"author":[{"embeddable":true,"href":"https:\/\/blogdoprosperi.com\/index.php?rest_route=\/wp\/v2\/users\/102107496"}],"replies":[{"embeddable":true,"href":"https:\/\/blogdoprosperi.com\/index.php?rest_route=%2Fwp%2Fv2%2Fcomments&post=24382"}],"version-history":[{"count":25,"href":"https:\/\/blogdoprosperi.com\/index.php?rest_route=\/wp\/v2\/posts\/24382\/revisions"}],"predecessor-version":[{"id":24488,"href":"https:\/\/blogdoprosperi.com\/index.php?rest_route=\/wp\/v2\/posts\/24382\/revisions\/24488"}],"wp:attachment":[{"href":"https:\/\/blogdoprosperi.com\/index.php?rest_route=%2Fwp%2Fv2%2Fmedia&parent=24382"}],"wp:term":[{"taxonomy":"category","embeddable":true,"href":"https:\/\/blogdoprosperi.com\/index.php?rest_route=%2Fwp%2Fv2%2Fcategories&post=24382"},{"taxonomy":"post_tag","embeddable":true,"href":"https:\/\/blogdoprosperi.com\/index.php?rest_route=%2Fwp%2Fv2%2Ftags&post=24382"}],"curies":[{"name":"wp","href":"https:\/\/api.w.org\/{rel}","templated":true}]}}