{"id":25288,"date":"2016-09-12T19:45:44","date_gmt":"2016-09-12T22:45:44","guid":{"rendered":"http:\/\/blogdoprosperi.com\/?p=25288"},"modified":"2016-09-12T19:45:44","modified_gmt":"2016-09-12T22:45:44","slug":"arbitro-de-palmeiras-x-flamengo-nao-e-maior-que-gabriel-jesus-e-diego","status":"publish","type":"post","link":"https:\/\/blogdoprosperi.com\/?p=25288","title":{"rendered":"\u00c1rbitro de Palmeiras x Flamengo n\u00e3o \u00e9 maior que Gabriel Jesus e Diego"},"content":{"rendered":"<div class=\"tiled-gallery type-square tiled-gallery-unresized\" data-original-width=\"940\" data-carousel-extra='{&quot;blog_id&quot;:1,&quot;permalink&quot;:&quot;https:\\\/\\\/blogdoprosperi.com\\\/?p=25288&quot;,&quot;likes_blog_id&quot;:108082574}' itemscope itemtype=\"http:\/\/schema.org\/ImageGallery\" > <div class=\"gallery-row\" style=\"width: 940px; height: 470px;\" data-original-width=\"940\" data-original-height=\"470\" > <div class=\"gallery-group\" style=\"width: 470px; height: 470px;\" data-original-width=\"470\" data-original-height=\"470\" > <div class=\"tiled-gallery-item \" itemprop=\"associatedMedia\" itemscope itemtype=\"http:\/\/schema.org\/ImageObject\"> <a href=\"https:\/\/blogdoprosperi.com\/?attachment_id=25349\" border=\"0\" itemprop=\"url\"> <meta itemprop=\"width\" content=\"466\"> <meta itemprop=\"height\" content=\"466\"> <img decoding=\"async\" class=\"\" data-attachment-id=\"25349\" data-orig-file=\"https:\/\/blogdoprosperi.com\/wp-content\/uploads\/2016\/09\/gabriel-jesus-palmeiras-x-figueirense-3006_1q9xheoznipa1k9aaygnk5bdl.jpg\" data-orig-size=\"620,430\" data-comments-opened=\"1\" data-image-meta=\"{&quot;aperture&quot;:&quot;0&quot;,&quot;credit&quot;:&quot;&quot;,&quot;camera&quot;:&quot;&quot;,&quot;caption&quot;:&quot;&quot;,&quot;created_timestamp&quot;:&quot;0&quot;,&quot;copyright&quot;:&quot;&quot;,&quot;focal_length&quot;:&quot;0&quot;,&quot;iso&quot;:&quot;0&quot;,&quot;shutter_speed&quot;:&quot;0&quot;,&quot;title&quot;:&quot;&quot;,&quot;orientation&quot;:&quot;0&quot;}\" data-image-title=\"gabriel-jesus-palmeiras-x-figueirense-3006_1q9xheoznipa1k9aaygnk5bdl\" data-image-description=\"\" data-medium-file=\"https:\/\/i0.wp.com\/blogdoprosperi.com\/wp-content\/uploads\/2016\/09\/gabriel-jesus-palmeiras-x-figueirense-3006_1q9xheoznipa1k9aaygnk5bdl.jpg?fit=545%2C378&#038;ssl=1\" data-large-file=\"https:\/\/i0.wp.com\/blogdoprosperi.com\/wp-content\/uploads\/2016\/09\/gabriel-jesus-palmeiras-x-figueirense-3006_1q9xheoznipa1k9aaygnk5bdl.jpg?fit=620%2C430&#038;ssl=1\" src=\"https:\/\/i0.wp.com\/blogdoprosperi.com\/wp-content\/uploads\/2016\/09\/gabriel-jesus-palmeiras-x-figueirense-3006_1q9xheoznipa1k9aaygnk5bdl.jpg?w=466&#038;h=466&#038;crop=1&#038;ssl=1\" width=\"466\" height=\"466\" loading=\"lazy\" data-original-width=\"466\" data-original-height=\"466\" itemprop=\"http:\/\/schema.org\/image\" title=\"gabriel-jesus-palmeiras-x-figueirense-3006_1q9xheoznipa1k9aaygnk5bdl\" alt=\"gabriel-jesus-palmeiras-x-figueirense-3006_1q9xheoznipa1k9aaygnk5bdl\" style=\"width: 466px; height: 466px;\" \/> <\/a> <\/div> <\/div> <div class=\"gallery-group\" style=\"width: 470px; height: 470px;\" data-original-width=\"470\" data-original-height=\"470\" > <div class=\"tiled-gallery-item \" itemprop=\"associatedMedia\" itemscope itemtype=\"http:\/\/schema.org\/ImageObject\"> <a href=\"https:\/\/blogdoprosperi.com\/?attachment_id=25350\" border=\"0\" itemprop=\"url\"> <meta itemprop=\"width\" content=\"466\"> <meta itemprop=\"height\" content=\"466\"> <img decoding=\"async\" class=\"\" data-attachment-id=\"25350\" data-orig-file=\"https:\/\/blogdoprosperi.com\/wp-content\/uploads\/2016\/09\/image.jpg\" data-orig-size=\"940,626\" data-comments-opened=\"1\" data-image-meta=\"{&quot;aperture&quot;:&quot;0&quot;,&quot;credit&quot;:&quot;&quot;,&quot;camera&quot;:&quot;&quot;,&quot;caption&quot;:&quot;&quot;,&quot;created_timestamp&quot;:&quot;0&quot;,&quot;copyright&quot;:&quot;&quot;,&quot;focal_length&quot;:&quot;0&quot;,&quot;iso&quot;:&quot;0&quot;,&quot;shutter_speed&quot;:&quot;0&quot;,&quot;title&quot;:&quot;&quot;,&quot;orientation&quot;:&quot;0&quot;}\" data-image-title=\"image\" data-image-description=\"\" data-medium-file=\"https:\/\/i0.wp.com\/blogdoprosperi.com\/wp-content\/uploads\/2016\/09\/image.jpg?fit=568%2C378&#038;ssl=1\" data-large-file=\"https:\/\/i0.wp.com\/blogdoprosperi.com\/wp-content\/uploads\/2016\/09\/image.jpg?fit=940%2C626&#038;ssl=1\" src=\"https:\/\/i0.wp.com\/blogdoprosperi.com\/wp-content\/uploads\/2016\/09\/image.jpg?w=466&#038;h=466&#038;crop=1&#038;ssl=1\" width=\"466\" height=\"466\" loading=\"lazy\" data-original-width=\"466\" data-original-height=\"466\" itemprop=\"http:\/\/schema.org\/image\" title=\"image\" alt=\"image\" style=\"width: 466px; height: 466px;\" \/> <\/a> <\/div> <\/div> <\/div> <\/div>\n<div class=\"tiled-gallery type-rectangular tiled-gallery-unresized\" data-original-width=\"940\" data-carousel-extra='{&quot;blog_id&quot;:1,&quot;permalink&quot;:&quot;https:\\\/\\\/blogdoprosperi.com\\\/?p=25288&quot;,&quot;likes_blog_id&quot;:108082574}' itemscope itemtype=\"http:\/\/schema.org\/ImageGallery\" > <div class=\"gallery-row\" style=\"width: 940px; height: 315px;\" data-original-width=\"940\" data-original-height=\"315\" > <div class=\"gallery-group images-1\" style=\"width: 470px; height: 315px;\" data-original-width=\"470\" data-original-height=\"315\" > <div class=\"tiled-gallery-item tiled-gallery-item-large\" itemprop=\"associatedMedia\" itemscope itemtype=\"http:\/\/schema.org\/ImageObject\"> <a href=\"https:\/\/blogdoprosperi.com\/?attachment_id=25341\" border=\"0\" itemprop=\"url\"> <meta itemprop=\"width\" content=\"466\"> <meta itemprop=\"height\" content=\"311\"> <img decoding=\"async\" class=\"\" data-attachment-id=\"25341\" data-orig-file=\"https:\/\/blogdoprosperi.com\/wp-content\/uploads\/2016\/09\/diego-chape_-640x427.jpg\" data-orig-size=\"640,427\" data-comments-opened=\"1\" data-image-meta=\"{&quot;aperture&quot;:&quot;0&quot;,&quot;credit&quot;:&quot;&quot;,&quot;camera&quot;:&quot;&quot;,&quot;caption&quot;:&quot;&quot;,&quot;created_timestamp&quot;:&quot;0&quot;,&quot;copyright&quot;:&quot;&quot;,&quot;focal_length&quot;:&quot;0&quot;,&quot;iso&quot;:&quot;0&quot;,&quot;shutter_speed&quot;:&quot;0&quot;,&quot;title&quot;:&quot;&quot;,&quot;orientation&quot;:&quot;0&quot;}\" data-image-title=\"diego-chape_-640&amp;#215;427\" data-image-description=\"\" data-medium-file=\"https:\/\/i0.wp.com\/blogdoprosperi.com\/wp-content\/uploads\/2016\/09\/diego-chape_-640x427.jpg?fit=567%2C378&#038;ssl=1\" data-large-file=\"https:\/\/i0.wp.com\/blogdoprosperi.com\/wp-content\/uploads\/2016\/09\/diego-chape_-640x427.jpg?fit=640%2C427&#038;ssl=1\" src=\"https:\/\/i0.wp.com\/blogdoprosperi.com\/wp-content\/uploads\/2016\/09\/diego-chape_-640x427.jpg?w=466&#038;h=311&#038;ssl=1\" width=\"466\" height=\"311\" loading=\"lazy\" data-original-width=\"466\" data-original-height=\"311\" itemprop=\"http:\/\/schema.org\/image\" title=\"diego-chape_-640x427\" alt=\"diego-chape_-640x427\" style=\"width: 466px; height: 311px;\" \/> <\/a> <\/div> <\/div> <!-- close group --> <div class=\"gallery-group images-1\" style=\"width: 470px; height: 315px;\" data-original-width=\"470\" data-original-height=\"315\" > <div class=\"tiled-gallery-item tiled-gallery-item-large\" itemprop=\"associatedMedia\" itemscope itemtype=\"http:\/\/schema.org\/ImageObject\"> <a href=\"https:\/\/blogdoprosperi.com\/?attachment_id=25342\" border=\"0\" itemprop=\"url\"> <meta itemprop=\"width\" content=\"466\"> <meta itemprop=\"height\" content=\"311\"> <img decoding=\"async\" class=\"\" data-attachment-id=\"25342\" data-orig-file=\"https:\/\/blogdoprosperi.com\/wp-content\/uploads\/2016\/09\/gabrieljesus11.jpg\" data-orig-size=\"1000,668\" data-comments-opened=\"1\" data-image-meta=\"{&quot;aperture&quot;:&quot;3.2&quot;,&quot;credit&quot;:&quot;(5) Cesar Greco \\\/ Fotoarena&quot;,&quot;camera&quot;:&quot;Canon EOS-1D X&quot;,&quot;caption&quot;:&quot;S\\u00c3O PAULO, SP - 14.05.2016: PALMEIRAS X ATL\\u00c9TICO PR - O jogador Gabriel Jesus, da SE Palmeiras, comemora seu gol contra a equipe do C Atl\\u00e9tico Paranaense, durante partida v\\u00e1lida pela primeira rodada, do Campeonato Brasileiro, S\\u00e9rie A, na Arena Allianz Parque. (Foto: Cesar Greco \\\/ Fotoarena)&quot;,&quot;created_timestamp&quot;:&quot;1463248043&quot;,&quot;copyright&quot;:&quot;Cesar Greco&quot;,&quot;focal_length&quot;:&quot;400&quot;,&quot;iso&quot;:&quot;1250&quot;,&quot;shutter_speed&quot;:&quot;0.00125&quot;,&quot;title&quot;:&quot;&quot;,&quot;orientation&quot;:&quot;0&quot;}\" data-image-title=\"gabrieljesus11\" data-image-description=\"\" data-medium-file=\"https:\/\/i0.wp.com\/blogdoprosperi.com\/wp-content\/uploads\/2016\/09\/gabrieljesus11.jpg?fit=566%2C378&#038;ssl=1\" data-large-file=\"https:\/\/i0.wp.com\/blogdoprosperi.com\/wp-content\/uploads\/2016\/09\/gabrieljesus11.jpg?fit=940%2C628&#038;ssl=1\" src=\"https:\/\/i0.wp.com\/blogdoprosperi.com\/wp-content\/uploads\/2016\/09\/gabrieljesus11.jpg?w=466&#038;h=311&#038;ssl=1\" width=\"466\" height=\"311\" loading=\"lazy\" data-original-width=\"466\" data-original-height=\"311\" itemprop=\"http:\/\/schema.org\/image\" title=\"gabrieljesus11\" alt=\"S\u00c3O PAULO, SP - 14.05.2016: PALMEIRAS X ATL\u00c9TICO PR - O jogador Gabriel Jesus, da SE Palmeiras, comemora seu gol contra a equipe do C Atl\u00e9tico Paranaense, durante partida v\u00e1lida pela primeira rodada, do Campeonato Brasileiro, S\u00e9rie A, na Arena Allianz Parque. (Foto: Cesar Greco \/ Fotoarena)\" style=\"width: 466px; height: 311px;\" \/> <\/a> <div class=\"tiled-gallery-caption\" itemprop=\"caption description\"> S\u00c3O PAULO, SP &#8211; 14.05.2016: PALMEIRAS X ATL\u00c9TICO PR &#8211; O jogador Gabriel Jesus, da SE Palmeiras, comemora seu gol contra a equipe do C Atl\u00e9tico Paranaense, durante partida v\u00e1lida pela primeira rodada, do Campeonato Brasileiro, S\u00e9rie A, na Arena Allianz Parque. (Foto: Cesar Greco \/ Fotoarena) <\/div> <\/div> <\/div> <!-- close group --> <\/div> <!-- close row --> <\/div>\n<p>Quando antes de um jogo do quilate de Palmeiras x Flamengo, nesta quarta-feira, se fala muito no \u00e1rbitro eleito pela CBF para apitar a partida \u00e9 porque o futebol perdeu a raz\u00e3o. \u00c9 triste. Um campeonato com 38 rodadas, sempre sob o manto da desconfian\u00e7a, n\u00e3o tem \u00a0sentido. N\u00e3o \u00e9 esporte. \u00c9 uma f\u00e1brica de ilus\u00f5es e engodo.<\/p>\n<p>Qual a import\u00e2ncia de se saber quantos jogos o \u00e1rbitro\u00a0Andr\u00e9 Luiz Freitas de Castro, de Goi\u00e1s, apitou no confronto Palmeiras e Flamengo? Registros apontam que ser\u00e1 a terceira vez. E da\u00ed?<\/p>\n<p>Queixas de torcedores nas redes sociais indicam que esse juiz j\u00e1 beneficiou o time paulista, com p\u00eanaltis n\u00e3o marcados contra o Palmeiras em jogos diante do Internacional neste Brasileir\u00e3o de 2016 e do Crici\u00fama em 2014. E apontado dois p\u00eanaltis a favor do S\u00e3o Paulo contra o Flamengo no Brasileiro de 2014.<\/p>\n<p><span class=\"alignnone\"><img data-recalc-dims=\"1\" loading=\"lazy\" decoding=\"async\" data-attachment-id=\"25343\" data-permalink=\"https:\/\/blogdoprosperi.com\/?attachment_id=25343\" data-orig-file=\"https:\/\/i0.wp.com\/blogdoprosperi.com\/wp-content\/uploads\/2016\/09\/andrc3a9-luiz-de-freitas-castro.jpg?fit=630%2C419&amp;ssl=1\" data-orig-size=\"630,419\" data-comments-opened=\"1\" data-image-meta=\"{&quot;aperture&quot;:&quot;0&quot;,&quot;credit&quot;:&quot;&quot;,&quot;camera&quot;:&quot;&quot;,&quot;caption&quot;:&quot;&quot;,&quot;created_timestamp&quot;:&quot;0&quot;,&quot;copyright&quot;:&quot;&quot;,&quot;focal_length&quot;:&quot;0&quot;,&quot;iso&quot;:&quot;0&quot;,&quot;shutter_speed&quot;:&quot;0&quot;,&quot;title&quot;:&quot;&quot;,&quot;orientation&quot;:&quot;0&quot;}\" data-image-title=\"andre-luiz-de-freitas-castro\" data-image-description=\"\" data-image-caption=\"\" data-large-file=\"https:\/\/i0.wp.com\/blogdoprosperi.com\/wp-content\/uploads\/2016\/09\/andrc3a9-luiz-de-freitas-castro.jpg?fit=630%2C419&amp;ssl=1\" class=\"alignnone size-full wp-image-25343\" src=\"https:\/\/i0.wp.com\/blogdoprosperi.com\/wp-content\/uploads\/2016\/09\/andrc3a9-luiz-de-freitas-castro.jpg?resize=630%2C419&#038;ssl=1\" alt=\"andre-luiz-de-freitas-castro\" width=\"630\" height=\"419\" \/><\/span><\/p>\n<p>Se esse erros, digamos facilidades, maculam a imagem do apitador, ent\u00e3o n\u00e3o teremos mais \u00e1rbitros limpos no futebol brasileiro. E o melhor \u00e9 dar raz\u00e3o ao presidente do Santos, Modesto Roma Junior, que disse com todas as letras:<\/p>\n<blockquote><p>&#8220;Esse Campeonato Brasileiro est\u00e1 manchado. A arbitragem da partida foi uma vagabundagem. O presidente da Comiss\u00e3o de Arbitragem da CBF n\u00e3o tem compet\u00eancia para exercer esse cargo.&#8221;<\/p><\/blockquote>\n<p><a href=\"http:\/\/blogdoprosperi.com\/2016\/09\/09\/campeonato-brasileiro-esta-manchado-diz-presidente-do-santos\/\">Modesto Roma acusava o juiz do jogo em que o Santos foi derrotado por 2 a 1 pelo Internacional<\/a> e teve expulso Lucas Lima, por ter retardo a partida em lances de falta e escanteio, e amarelado Ricardo Oliveira e Victor Ferraz, que foram suspensos e n\u00e3o enfrentaram o Corinthians neste domingo na Vila &#8211; detalhe, o <a href=\"http:\/\/blogdoprosperi.com\/2016\/09\/11\/santos-vira-classico-em-cima-de-um-corinthians-inerte-no-segundo-tempo\/\">Santos venceu por 2 a 1 e teve um p\u00eanalti a seu favor quando perdia o cl\u00e1ssico por 1a 0.<\/a><\/p>\n<p>O dirigente bateu duro na CBF e at\u00e9 agora nem advertido foi pela entidade, se \u00e9 que deveria ser chamado a provar suas acusa\u00e7\u00f5es.<\/p>\n<p>Vamos entrar na 25.\u00aa rodada do Brasileir\u00e3o. O <a href=\"http:\/\/blogdoprosperi.com\/2016\/09\/11\/palmeiras-segura-gremio-e-pode-perder-gabriel-jesus-na-decisao-contra-flamengo\/\">Palmeiras lidera com 47 pontos<\/a>, um a mais que o Flamengo, o segundo colocado.<\/p>\n<p>O jogo desta quarta-feira promete ser de alto n\u00edvel e de alta voltagem tamb\u00e9m. Atmosfera de decis\u00e3o de campeonato e com <a href=\"http:\/\/blogdoprosperi.com\/2016\/09\/01\/stjd-pune-palmeiras-e-flamengo-por-briga-de-torcidas-organizadas-e-pode-prejudicar-dois-times-na-disputa-do-titulo\/\">est\u00e1dio apenas com palmeirenses por capricho do STJD<\/a>. Lado a lado, jogadores de boa t\u00e9cnica e times bem estruturados.<\/p>\n<p>Mas, por enquanto, o protagonista a quase dois dias do jogo \u00e9 o juiz. Fica dif\u00edcil levar o futebol a s\u00e9rio. Fa\u00e7a-me o favor.<\/p>\n<p>Veja o hist\u00f3ricos de partidas dos dois times apitadas por Andr\u00e9 Castro:<\/p>\n<div id=\"texto\">\n<blockquote>\n<div><strong>Jogos do Flamengo<\/strong><br \/>\nFlamengo 3 x 0 Sport (2009)<\/div>\n<div>Cear\u00e1 0 x 1 Flamengo (2011)<\/div>\n<div>Santos 4 x 5 Flamengo (2011)<\/div>\n<div>Flamengo 4 x 0 Ava\u00ed (2011)<\/div>\n<div>Portuguesa \u00a00 x 0 Flamengo (2012)<\/div>\n<div>Flamengo 3 x 3 Inter (2012)<\/div>\n<div>Flamengo 2 x 4 Atl\u00e9tico-PR (2013)<\/div>\n<div>Flamengo 0 x 1 N\u00e1utico (2013)<\/div>\n<div>S\u00e3o Paulo 2 x 2 Flamengo (2014)<\/div>\n<div>Flamengo 0 x 1 Gr\u00eamio (2014)<\/div>\n<\/blockquote>\n<div><\/div>\n<blockquote>\n<div><strong>Jogos do Palmeiras<\/strong><\/div>\n<div>Palmeiras 1 x 1 Bahia (2011)<\/div>\n<div>Crici\u00fama 1 x 2 Palmeiras (2014)<\/div>\n<div>Palmeiras 0 x 2 Sport (2015)<\/div>\n<div>Inter 0 x 1 Palmeiras (2016)<\/div>\n<div><strong><br \/>\nConfronto direto<\/strong><\/div>\n<div>Flamengo 1 x 3 Palmeiras (2010)<\/div>\n<div>Flamengo 1 x 1 Palmeiras (2012)<\/div>\n<\/blockquote>\n<\/div>\n","protected":false},"excerpt":{"rendered":"<p>Quando antes de um jogo do quilate de Palmeiras x Flamengo, nesta quarta-feira, se fala muito no \u00e1rbitro [&hellip;]<\/p>\n","protected":false},"author":102107496,"featured_media":0,"comment_status":"open","ping_status":"open","sticky":false,"template":"","format":"standard","meta":{"_coblocks_attr":"","_coblocks_dimensions":"","_coblocks_responsive_height":"","_coblocks_accordion_ie_support":"","wpai_generated_summary":"","_jetpack_newsletter_access":"","_jetpack_dont_email_post_to_subs":false,"_jetpack_newsletter_tier_id":0,"_jetpack_memberships_contains_paywalled_content":false,"_wpcom_ai_launchpad_first_post":false,"_jetpack_feature_clip_id":0,"_jetpack_memberships_contains_paid_content":false,"footnotes":"","jetpack_publicize_message":"","jetpack_publicize_feature_enabled":true,"jetpack_social_post_already_shared":false,"jetpack_social_options":{"image_generator_settings":{"template":"highway","default_image_id":0,"font":"","enabled":false},"version":2},"jetpack_post_was_ever_published":false},"categories":[355071,53870],"tags":[789560560],"class_list":["post-25288","post","type-post","status-publish","format-standard","hentry","category-campeonato-brasileiro","category-futebol","tag-futebol"],"yoast_head":"<!-- This site is optimized with the Yoast SEO plugin v28.4 - https:\/\/yoast.com\/product\/yoast-seo-wordpress\/ -->\n<title>\u00c1rbitro de Palmeiras x Flamengo n\u00e3o \u00e9 maior que Gabriel Jesus e Diego - PR\u00d3SPERI NEWS<\/title>\n<meta name=\"robots\" content=\"index, follow, max-snippet:-1, max-image-preview:large, max-video-preview:-1\" \/>\n<link rel=\"canonical\" href=\"https:\/\/blogdoprosperi.com\/?p=25288\" \/>\n<meta property=\"og:locale\" content=\"pt_BR\" \/>\n<meta property=\"og:type\" content=\"article\" \/>\n<meta property=\"og:title\" content=\"\u00c1rbitro de Palmeiras x Flamengo n\u00e3o \u00e9 maior que Gabriel Jesus e Diego - PR\u00d3SPERI NEWS\" \/>\n<meta property=\"og:description\" content=\"Quando antes de um jogo do quilate de Palmeiras x Flamengo, nesta quarta-feira, se fala muito no \u00e1rbitro [&hellip;]\" \/>\n<meta property=\"og:url\" content=\"https:\/\/blogdoprosperi.com\/?p=25288\" \/>\n<meta property=\"og:site_name\" content=\"PR\u00d3SPERI NEWS\" \/>\n<meta property=\"article:publisher\" content=\"Luiz Pr\u00f3speri\" \/>\n<meta property=\"article:author\" content=\"Luiz Pr\u00f3speri\" \/>\n<meta property=\"article:published_time\" content=\"2016-09-12T22:45:44+00:00\" \/>\n<meta property=\"og:image\" content=\"https:\/\/i0.wp.com\/blogdoprosperi.com\/wp-content\/uploads\/2016\/09\/gabriel-jesus-palmeiras-x-figueirense-3006_1q9xheoznipa1k9aaygnk5bdl.jpg?w=466&#038;h=466&#038;crop=1&#038;ssl=1\" \/>\n<meta name=\"author\" content=\"Luiz Ant\u00f4nio Pr\u00f3speri\" \/>\n<meta name=\"twitter:card\" content=\"summary_large_image\" \/>\n<meta name=\"twitter:creator\" content=\"@Luizprosperi\" \/>\n<meta name=\"twitter:site\" content=\"@Luizprosperi\" \/>\n<meta name=\"twitter:label1\" content=\"Escrito por\" \/>\n\t<meta name=\"twitter:data1\" content=\"Luiz Ant\u00f4nio Pr\u00f3speri\" \/>\n\t<meta name=\"twitter:label2\" content=\"Est. tempo de leitura\" \/>\n\t<meta name=\"twitter:data2\" content=\"2 minutos\" \/>\n<script type=\"application\/ld+json\" class=\"yoast-schema-graph\">{\"@context\":\"https:\\\/\\\/schema.org\",\"@graph\":[{\"@type\":\"Article\",\"@id\":\"https:\\\/\\\/blogdoprosperi.com\\\/?p=25288#article\",\"isPartOf\":{\"@id\":\"https:\\\/\\\/blogdoprosperi.com\\\/?p=25288\"},\"author\":{\"name\":\"Luiz Ant\u00f4nio Pr\u00f3speri\",\"@id\":\"https:\\\/\\\/blogdoprosperi.com\\\/#\\\/schema\\\/person\\\/38100755ce3601861ee4fab9b5aa78e9\"},\"headline\":\"\u00c1rbitro de Palmeiras x Flamengo n\u00e3o \u00e9 maior que Gabriel Jesus e Diego\",\"datePublished\":\"2016-09-12T22:45:44+00:00\",\"mainEntityOfPage\":{\"@id\":\"https:\\\/\\\/blogdoprosperi.com\\\/?p=25288\"},\"wordCount\":506,\"commentCount\":0,\"publisher\":{\"@id\":\"https:\\\/\\\/blogdoprosperi.com\\\/#\\\/schema\\\/person\\\/38100755ce3601861ee4fab9b5aa78e9\"},\"image\":{\"@id\":\"https:\\\/\\\/blogdoprosperi.com\\\/?p=25288#primaryimage\"},\"thumbnailUrl\":\"https:\\\/\\\/blogdoprosperi.com\\\/wp-content\\\/uploads\\\/2016\\\/09\\\/andrc3a9-luiz-de-freitas-castro.jpg\",\"keywords\":[\"futebol\"],\"articleSection\":[\"Campeonato Brasileiro\",\"futebol\"],\"inLanguage\":\"pt-BR\",\"potentialAction\":[{\"@type\":\"CommentAction\",\"name\":\"Comment\",\"target\":[\"https:\\\/\\\/blogdoprosperi.com\\\/?p=25288#respond\"]}]},{\"@type\":\"WebPage\",\"@id\":\"https:\\\/\\\/blogdoprosperi.com\\\/?p=25288\",\"url\":\"https:\\\/\\\/blogdoprosperi.com\\\/?p=25288\",\"name\":\"\u00c1rbitro de Palmeiras x Flamengo n\u00e3o \u00e9 maior que Gabriel Jesus e Diego - PR\u00d3SPERI NEWS\",\"isPartOf\":{\"@id\":\"https:\\\/\\\/blogdoprosperi.com\\\/#website\"},\"primaryImageOfPage\":{\"@id\":\"https:\\\/\\\/blogdoprosperi.com\\\/?p=25288#primaryimage\"},\"image\":{\"@id\":\"https:\\\/\\\/blogdoprosperi.com\\\/?p=25288#primaryimage\"},\"thumbnailUrl\":\"https:\\\/\\\/blogdoprosperi.com\\\/wp-content\\\/uploads\\\/2016\\\/09\\\/andrc3a9-luiz-de-freitas-castro.jpg\",\"datePublished\":\"2016-09-12T22:45:44+00:00\",\"breadcrumb\":{\"@id\":\"https:\\\/\\\/blogdoprosperi.com\\\/?p=25288#breadcrumb\"},\"inLanguage\":\"pt-BR\",\"potentialAction\":[{\"@type\":\"ReadAction\",\"target\":[\"https:\\\/\\\/blogdoprosperi.com\\\/?p=25288\"]}]},{\"@type\":\"ImageObject\",\"inLanguage\":\"pt-BR\",\"@id\":\"https:\\\/\\\/blogdoprosperi.com\\\/?p=25288#primaryimage\",\"url\":\"https:\\\/\\\/i0.wp.com\\\/blogdoprosperi.com\\\/wp-content\\\/uploads\\\/2016\\\/09\\\/andrc3a9-luiz-de-freitas-castro.jpg?fit=630%2C419&ssl=1\",\"contentUrl\":\"https:\\\/\\\/i0.wp.com\\\/blogdoprosperi.com\\\/wp-content\\\/uploads\\\/2016\\\/09\\\/andrc3a9-luiz-de-freitas-castro.jpg?fit=630%2C419&ssl=1\",\"width\":630,\"height\":419},{\"@type\":\"BreadcrumbList\",\"@id\":\"https:\\\/\\\/blogdoprosperi.com\\\/?p=25288#breadcrumb\",\"itemListElement\":[{\"@type\":\"ListItem\",\"position\":1,\"name\":\"In\u00edcio\",\"item\":\"https:\\\/\\\/blogdoprosperi.com\\\/\"},{\"@type\":\"ListItem\",\"position\":2,\"name\":\"\u00c1rbitro de Palmeiras x Flamengo n\u00e3o \u00e9 maior que Gabriel Jesus e Diego\"}]},{\"@type\":\"WebSite\",\"@id\":\"https:\\\/\\\/blogdoprosperi.com\\\/#website\",\"url\":\"https:\\\/\\\/blogdoprosperi.com\\\/\",\"name\":\"PR\u00d3SPERI NEWS\",\"description\":\"TUDO \u00c9  FUTEBOL\",\"publisher\":{\"@id\":\"https:\\\/\\\/blogdoprosperi.com\\\/#\\\/schema\\\/person\\\/38100755ce3601861ee4fab9b5aa78e9\"},\"alternateName\":\"blogdoprosperi.com\",\"potentialAction\":[{\"@type\":\"SearchAction\",\"target\":{\"@type\":\"EntryPoint\",\"urlTemplate\":\"https:\\\/\\\/blogdoprosperi.com\\\/?s={search_term_string}\"},\"query-input\":{\"@type\":\"PropertyValueSpecification\",\"valueRequired\":true,\"valueName\":\"search_term_string\"}}],\"inLanguage\":\"pt-BR\"},{\"@type\":[\"Person\",\"Organization\"],\"@id\":\"https:\\\/\\\/blogdoprosperi.com\\\/#\\\/schema\\\/person\\\/38100755ce3601861ee4fab9b5aa78e9\",\"name\":\"Luiz Ant\u00f4nio Pr\u00f3speri\",\"pronouns\":\"ele\",\"image\":{\"@type\":\"ImageObject\",\"inLanguage\":\"pt-BR\",\"@id\":\"https:\\\/\\\/i0.wp.com\\\/blogdoprosperi.com\\\/wp-content\\\/uploads\\\/2026\\\/05\\\/cropped-8059e613-6002-42fa-961e-8e275f575d71-2-5.jpg?fit=1360%2C931&ssl=1\",\"url\":\"https:\\\/\\\/i0.wp.com\\\/blogdoprosperi.com\\\/wp-content\\\/uploads\\\/2026\\\/05\\\/cropped-8059e613-6002-42fa-961e-8e275f575d71-2-5.jpg?fit=1360%2C931&ssl=1\",\"contentUrl\":\"https:\\\/\\\/i0.wp.com\\\/blogdoprosperi.com\\\/wp-content\\\/uploads\\\/2026\\\/05\\\/cropped-8059e613-6002-42fa-961e-8e275f575d71-2-5.jpg?fit=1360%2C931&ssl=1\",\"width\":1360,\"height\":931,\"caption\":\"Luiz Ant\u00f4nio Pr\u00f3speri\"},\"logo\":{\"@id\":\"https:\\\/\\\/i0.wp.com\\\/blogdoprosperi.com\\\/wp-content\\\/uploads\\\/2026\\\/05\\\/cropped-8059e613-6002-42fa-961e-8e275f575d71-2-5.jpg?fit=1360%2C931&ssl=1\"},\"description\":\"Jornalista com carreira dedicada ao esporte. Cobriu 9 Copas do Mundo in loco, 1990 na It\u00e1lia, 1994 nos EUA, 1998 na Fran\u00e7a, 2002 na Coreia do Sul e Jap\u00e3o, 2006 na Alemanha, 2010 na \u00c1frica do Sul, 2014 no Brasil, 2018 na R\u00fassia e 2022 no Qatar. Eurocopas, 1992 na Su\u00e9cia e 1996 na Inglaterra. Copa das Confedera\u00e7\u00f5es de 2005 na Alemanha e 2009 na \u00c1frica do Sul. Rep\u00f3rter e Editor, trabalhou no Jornal da Tarde e Estad\u00e3o, de 1984 a fevereiro de 2016. Colunista, blogueiro. E comentarista de futebol na R\u00e1dio Estad\u00e3o, de 2013 a fevereiro de 2016. Jornalista respons\u00e1vel do \\\"Pr\u00f3speri News\\\" (blogdoprosperi.com).\",\"sameAs\":[\"http:\\\/\\\/blogdoprosperi.com\",\"Luiz Pr\u00f3speri\",\"@luiz_prosperi\",\"https:\\\/\\\/x.com\\\/Luizprosperi\",\"@prosperinacopa\",\"luiz.prosperi@icloud.com\"],\"url\":\"https:\\\/\\\/blogdoprosperi.com\\\/?author=102107496\"}]}<\/script>\n<!-- \/ Yoast SEO plugin. -->","yoast_head_json":{"title":"\u00c1rbitro de Palmeiras x Flamengo n\u00e3o \u00e9 maior que Gabriel Jesus e Diego - PR\u00d3SPERI NEWS","robots":{"index":"index","follow":"follow","max-snippet":"max-snippet:-1","max-image-preview":"max-image-preview:large","max-video-preview":"max-video-preview:-1"},"canonical":"https:\/\/blogdoprosperi.com\/?p=25288","og_locale":"pt_BR","og_type":"article","og_title":"\u00c1rbitro de Palmeiras x Flamengo n\u00e3o \u00e9 maior que Gabriel Jesus e Diego - PR\u00d3SPERI NEWS","og_description":"Quando antes de um jogo do quilate de Palmeiras x Flamengo, nesta quarta-feira, se fala muito no \u00e1rbitro [&hellip;]","og_url":"https:\/\/blogdoprosperi.com\/?p=25288","og_site_name":"PR\u00d3SPERI NEWS","article_publisher":"Luiz Pr\u00f3speri","article_author":"Luiz Pr\u00f3speri","article_published_time":"2016-09-12T22:45:44+00:00","og_image":[{"url":"https:\/\/i0.wp.com\/blogdoprosperi.com\/wp-content\/uploads\/2016\/09\/gabriel-jesus-palmeiras-x-figueirense-3006_1q9xheoznipa1k9aaygnk5bdl.jpg?w=466&#038;h=466&#038;crop=1&#038;ssl=1","type":"","width":"","height":""}],"author":"Luiz Ant\u00f4nio Pr\u00f3speri","twitter_card":"summary_large_image","twitter_creator":"@Luizprosperi","twitter_site":"@Luizprosperi","twitter_misc":{"Escrito por":"Luiz Ant\u00f4nio Pr\u00f3speri","Est. tempo de leitura":"2 minutos"},"schema":{"@context":"https:\/\/schema.org","@graph":[{"@type":"Article","@id":"https:\/\/blogdoprosperi.com\/?p=25288#article","isPartOf":{"@id":"https:\/\/blogdoprosperi.com\/?p=25288"},"author":{"name":"Luiz Ant\u00f4nio Pr\u00f3speri","@id":"https:\/\/blogdoprosperi.com\/#\/schema\/person\/38100755ce3601861ee4fab9b5aa78e9"},"headline":"\u00c1rbitro de Palmeiras x Flamengo n\u00e3o \u00e9 maior que Gabriel Jesus e Diego","datePublished":"2016-09-12T22:45:44+00:00","mainEntityOfPage":{"@id":"https:\/\/blogdoprosperi.com\/?p=25288"},"wordCount":506,"commentCount":0,"publisher":{"@id":"https:\/\/blogdoprosperi.com\/#\/schema\/person\/38100755ce3601861ee4fab9b5aa78e9"},"image":{"@id":"https:\/\/blogdoprosperi.com\/?p=25288#primaryimage"},"thumbnailUrl":"https:\/\/blogdoprosperi.com\/wp-content\/uploads\/2016\/09\/andrc3a9-luiz-de-freitas-castro.jpg","keywords":["futebol"],"articleSection":["Campeonato Brasileiro","futebol"],"inLanguage":"pt-BR","potentialAction":[{"@type":"CommentAction","name":"Comment","target":["https:\/\/blogdoprosperi.com\/?p=25288#respond"]}]},{"@type":"WebPage","@id":"https:\/\/blogdoprosperi.com\/?p=25288","url":"https:\/\/blogdoprosperi.com\/?p=25288","name":"\u00c1rbitro de Palmeiras x Flamengo n\u00e3o \u00e9 maior que Gabriel Jesus e Diego - PR\u00d3SPERI NEWS","isPartOf":{"@id":"https:\/\/blogdoprosperi.com\/#website"},"primaryImageOfPage":{"@id":"https:\/\/blogdoprosperi.com\/?p=25288#primaryimage"},"image":{"@id":"https:\/\/blogdoprosperi.com\/?p=25288#primaryimage"},"thumbnailUrl":"https:\/\/blogdoprosperi.com\/wp-content\/uploads\/2016\/09\/andrc3a9-luiz-de-freitas-castro.jpg","datePublished":"2016-09-12T22:45:44+00:00","breadcrumb":{"@id":"https:\/\/blogdoprosperi.com\/?p=25288#breadcrumb"},"inLanguage":"pt-BR","potentialAction":[{"@type":"ReadAction","target":["https:\/\/blogdoprosperi.com\/?p=25288"]}]},{"@type":"ImageObject","inLanguage":"pt-BR","@id":"https:\/\/blogdoprosperi.com\/?p=25288#primaryimage","url":"https:\/\/i0.wp.com\/blogdoprosperi.com\/wp-content\/uploads\/2016\/09\/andrc3a9-luiz-de-freitas-castro.jpg?fit=630%2C419&ssl=1","contentUrl":"https:\/\/i0.wp.com\/blogdoprosperi.com\/wp-content\/uploads\/2016\/09\/andrc3a9-luiz-de-freitas-castro.jpg?fit=630%2C419&ssl=1","width":630,"height":419},{"@type":"BreadcrumbList","@id":"https:\/\/blogdoprosperi.com\/?p=25288#breadcrumb","itemListElement":[{"@type":"ListItem","position":1,"name":"In\u00edcio","item":"https:\/\/blogdoprosperi.com\/"},{"@type":"ListItem","position":2,"name":"\u00c1rbitro de Palmeiras x Flamengo n\u00e3o \u00e9 maior que Gabriel Jesus e Diego"}]},{"@type":"WebSite","@id":"https:\/\/blogdoprosperi.com\/#website","url":"https:\/\/blogdoprosperi.com\/","name":"PR\u00d3SPERI NEWS","description":"TUDO \u00c9  FUTEBOL","publisher":{"@id":"https:\/\/blogdoprosperi.com\/#\/schema\/person\/38100755ce3601861ee4fab9b5aa78e9"},"alternateName":"blogdoprosperi.com","potentialAction":[{"@type":"SearchAction","target":{"@type":"EntryPoint","urlTemplate":"https:\/\/blogdoprosperi.com\/?s={search_term_string}"},"query-input":{"@type":"PropertyValueSpecification","valueRequired":true,"valueName":"search_term_string"}}],"inLanguage":"pt-BR"},{"@type":["Person","Organization"],"@id":"https:\/\/blogdoprosperi.com\/#\/schema\/person\/38100755ce3601861ee4fab9b5aa78e9","name":"Luiz Ant\u00f4nio Pr\u00f3speri","pronouns":"ele","image":{"@type":"ImageObject","inLanguage":"pt-BR","@id":"https:\/\/i0.wp.com\/blogdoprosperi.com\/wp-content\/uploads\/2026\/05\/cropped-8059e613-6002-42fa-961e-8e275f575d71-2-5.jpg?fit=1360%2C931&ssl=1","url":"https:\/\/i0.wp.com\/blogdoprosperi.com\/wp-content\/uploads\/2026\/05\/cropped-8059e613-6002-42fa-961e-8e275f575d71-2-5.jpg?fit=1360%2C931&ssl=1","contentUrl":"https:\/\/i0.wp.com\/blogdoprosperi.com\/wp-content\/uploads\/2026\/05\/cropped-8059e613-6002-42fa-961e-8e275f575d71-2-5.jpg?fit=1360%2C931&ssl=1","width":1360,"height":931,"caption":"Luiz Ant\u00f4nio Pr\u00f3speri"},"logo":{"@id":"https:\/\/i0.wp.com\/blogdoprosperi.com\/wp-content\/uploads\/2026\/05\/cropped-8059e613-6002-42fa-961e-8e275f575d71-2-5.jpg?fit=1360%2C931&ssl=1"},"description":"Jornalista com carreira dedicada ao esporte. Cobriu 9 Copas do Mundo in loco, 1990 na It\u00e1lia, 1994 nos EUA, 1998 na Fran\u00e7a, 2002 na Coreia do Sul e Jap\u00e3o, 2006 na Alemanha, 2010 na \u00c1frica do Sul, 2014 no Brasil, 2018 na R\u00fassia e 2022 no Qatar. Eurocopas, 1992 na Su\u00e9cia e 1996 na Inglaterra. Copa das Confedera\u00e7\u00f5es de 2005 na Alemanha e 2009 na \u00c1frica do Sul. Rep\u00f3rter e Editor, trabalhou no Jornal da Tarde e Estad\u00e3o, de 1984 a fevereiro de 2016. Colunista, blogueiro. E comentarista de futebol na R\u00e1dio Estad\u00e3o, de 2013 a fevereiro de 2016. Jornalista respons\u00e1vel do \"Pr\u00f3speri News\" (blogdoprosperi.com).","sameAs":["http:\/\/blogdoprosperi.com","Luiz Pr\u00f3speri","@luiz_prosperi","https:\/\/x.com\/Luizprosperi","@prosperinacopa","luiz.prosperi@icloud.com"],"url":"https:\/\/blogdoprosperi.com\/?author=102107496"}]}},"jetpack_publicize_connections":[],"jetpack_likes_enabled":false,"jetpack_sharing_enabled":true,"jetpack_shortlink":"https:\/\/wp.me\/p7jvdk-6zS","jetpack-related-posts":[{"id":28566,"url":"https:\/\/blogdoprosperi.com\/?p=28566","url_meta":{"origin":25288,"position":0},"title":"Palmeiras declara guerra ao Flamengo, cobra provid\u00eancias da CBF e diz que &#8220;ningu\u00e9m vai levar Brasileir\u00e3o na m\u00e3o grande&#8221;","author":"Luiz Ant\u00f4nio Pr\u00f3speri","date":"14 de outubro de 2016","format":false,"excerpt":"Paulo Nobre, presidente do Palmeiras, disse no final da tarde desta sexta-feira (14\/10) que \"ningu\u00e9m vai levar o Campeonato Brasileiro na m\u00e3o grande\" e afirmou que o Flamengo pressiona a arbitragem, CBF e Comiss\u00e3o de Arbitragem para ser beneficiado nos jogos. Nobre falou ainda que a \"press\u00e3o do Flamengo \u00e9\u2026","rel":"","context":"Em &quot;Campeonato Brasileiro&quot;","block_context":{"text":"Campeonato Brasileiro","link":"https:\/\/blogdoprosperi.com\/?cat=355071"},"img":{"alt_text":"","src":"https:\/\/i0.wp.com\/blogdoprosperi.com\/wp-content\/uploads\/2016\/10\/4bb9228521b7706f8af0ab6511487c18.jpg?resize=350%2C200&ssl=1","width":350,"height":200,"srcset":"https:\/\/i0.wp.com\/blogdoprosperi.com\/wp-content\/uploads\/2016\/10\/4bb9228521b7706f8af0ab6511487c18.jpg?resize=350%2C200&ssl=1 1x, https:\/\/i0.wp.com\/blogdoprosperi.com\/wp-content\/uploads\/2016\/10\/4bb9228521b7706f8af0ab6511487c18.jpg?resize=525%2C300&ssl=1 1.5x, https:\/\/i0.wp.com\/blogdoprosperi.com\/wp-content\/uploads\/2016\/10\/4bb9228521b7706f8af0ab6511487c18.jpg?resize=700%2C400&ssl=1 2x, https:\/\/i0.wp.com\/blogdoprosperi.com\/wp-content\/uploads\/2016\/10\/4bb9228521b7706f8af0ab6511487c18.jpg?resize=1050%2C600&ssl=1 3x, https:\/\/i0.wp.com\/blogdoprosperi.com\/wp-content\/uploads\/2016\/10\/4bb9228521b7706f8af0ab6511487c18.jpg?resize=1400%2C800&ssl=1 4x"},"classes":[]},{"id":44546,"url":"https:\/\/blogdoprosperi.com\/?p=44546","url_meta":{"origin":25288,"position":1},"title":"Palmeiras, Flamengo e Botafogo cobram CBF por \u00c1rbitro gordo, Arbitragem na UTI e VAR assustador","author":"Luiz Ant\u00f4nio Pr\u00f3speri","date":"8 de agosto de 2024","format":false,"excerpt":"Luiz Antonio Pr\u00f3speri \u2013 8 agosto (16h30) Palmeiras, Flamengo e Botafogo esquecem futebol e batem pesado na arbitragem da CBF ap\u00f3s rodada da Copa do Brasil. CBF n\u00e3o responde. Aguarda protesto oficial dos clubes. Nada de novo futebol brasileiro. \"Arbitragem na UTI\" (Botafogo). \"Obscena foi a arbitragem\" \u00a0(Palmeiras). \"N\u00e3o sabemos\u2026","rel":"","context":"Em &quot;informa\u00e7\u00e3o&quot;","block_context":{"text":"informa\u00e7\u00e3o","link":"https:\/\/blogdoprosperi.com\/?cat=20384"},"img":{"alt_text":"Arbitragem questionada na Copa do Brasil","src":"https:\/\/i0.wp.com\/blogdoprosperi.com\/wp-content\/uploads\/2024\/08\/53909469583_17d2461935_h.jpg?fit=1200%2C675&ssl=1&resize=350%2C200","width":350,"height":200,"srcset":"https:\/\/i0.wp.com\/blogdoprosperi.com\/wp-content\/uploads\/2024\/08\/53909469583_17d2461935_h.jpg?fit=1200%2C675&ssl=1&resize=350%2C200 1x, https:\/\/i0.wp.com\/blogdoprosperi.com\/wp-content\/uploads\/2024\/08\/53909469583_17d2461935_h.jpg?fit=1200%2C675&ssl=1&resize=525%2C300 1.5x, https:\/\/i0.wp.com\/blogdoprosperi.com\/wp-content\/uploads\/2024\/08\/53909469583_17d2461935_h.jpg?fit=1200%2C675&ssl=1&resize=700%2C400 2x, https:\/\/i0.wp.com\/blogdoprosperi.com\/wp-content\/uploads\/2024\/08\/53909469583_17d2461935_h.jpg?fit=1200%2C675&ssl=1&resize=1050%2C600 3x"},"classes":[]},{"id":55286,"url":"https:\/\/blogdoprosperi.com\/?p=55286","url_meta":{"origin":25288,"position":2},"title":"ARBITRAGEM SUSPEITA | O RETROCESSO DO RETROCESSO","author":"Luiz Ant\u00f4nio Pr\u00f3speri","date":"6 de outubro de 2025","format":false,"excerpt":"Luiz Ant\u00f4nio Pr\u00f3speri \u2013 6 outubro 2025 (18h05) \u2013 Futebol brasileiro volta ao esgoto depois da rodada do Brasileir\u00e3o nesse fim de semana (04 e 05\/10). Arbitragens ruins, uma patente do campeonato nacional n\u00e3o \u00e9 de hoje, inflamam debates na m\u00eddia esportiva, botecos e at\u00e9 na granfinagem de dirigentes de\u2026","rel":"","context":"Em &quot;brasileir\u00e3o 2025&quot;","block_context":{"text":"brasileir\u00e3o 2025","link":"https:\/\/blogdoprosperi.com\/?cat=775970846"},"img":{"alt_text":"Arbitragem no Brasil, o retrocesso do retrocesso","src":"https:\/\/i0.wp.com\/blogdoprosperi.com\/wp-content\/uploads\/2025\/10\/g2hs3qzwiaa982f.jpeg?fit=438%2C547&ssl=1&resize=350%2C200","width":350,"height":200},"classes":[]},{"id":28992,"url":"https:\/\/blogdoprosperi.com\/?p=28992","url_meta":{"origin":25288,"position":3},"title":"Brasileir\u00e3o 2016 da &#8216;m\u00e3o grande&#8217; e vergonha","author":"Luiz Ant\u00f4nio Pr\u00f3speri","date":"17 de outubro de 2016","format":false,"excerpt":"An\u00e1lise da 32.\u00aa rodada em cinco temas n\u00e3o pode fugir da pol\u00eamica da arbitragem. Cr\u00edticas de todos os lados e o que mais se ouviu neste domingo foi \"juiz ladr\u00e3o\" Palmeiras teve a rodada perfeita. Venceu o Figueirense e viu seus concorrentes ca\u00edrem um a um com as derrotas do\u2026","rel":"","context":"Em &quot;Campeonato Brasileiro&quot;","block_context":{"text":"Campeonato Brasileiro","link":"https:\/\/blogdoprosperi.com\/?cat=355071"},"img":{"alt_text":"","src":"https:\/\/i0.wp.com\/blogdoprosperi.com\/wp-content\/uploads\/2016\/10\/g_p17r7het2i100g1iv717mo1o9qnfl4.jpg?resize=350%2C200","width":350,"height":200,"srcset":"https:\/\/i0.wp.com\/blogdoprosperi.com\/wp-content\/uploads\/2016\/10\/g_p17r7het2i100g1iv717mo1o9qnfl4.jpg?resize=350%2C200 1x, https:\/\/i0.wp.com\/blogdoprosperi.com\/wp-content\/uploads\/2016\/10\/g_p17r7het2i100g1iv717mo1o9qnfl4.jpg?resize=525%2C300 1.5x, https:\/\/i0.wp.com\/blogdoprosperi.com\/wp-content\/uploads\/2016\/10\/g_p17r7het2i100g1iv717mo1o9qnfl4.jpg?resize=700%2C400 2x, https:\/\/i0.wp.com\/blogdoprosperi.com\/wp-content\/uploads\/2016\/10\/g_p17r7het2i100g1iv717mo1o9qnfl4.jpg?resize=1050%2C600 3x, https:\/\/i0.wp.com\/blogdoprosperi.com\/wp-content\/uploads\/2016\/10\/g_p17r7het2i100g1iv717mo1o9qnfl4.jpg?resize=1400%2C800 4x"},"classes":[]},{"id":43253,"url":"https:\/\/blogdoprosperi.com\/?p=43253","url_meta":{"origin":25288,"position":4},"title":"Palmeiras espera por Gabigol, no limite de jogos no Flamengo","author":"Luiz Ant\u00f4nio Pr\u00f3speri","date":"26 de junho de 2024","format":false,"excerpt":"Gabigol atuou em seis jogos do Flamengo at\u00e9 aqui em 11 rodadas do Brasileir\u00e3o 2024. Se entrar hoje (dia 26\/6) na partida contra o Juventude, em Caxias, n\u00e3o poder\u00e1 mais jogar por outro clube no campeonato nacional. Gabigol est\u00e1 relacionado entre os reservas do Fla. Inicia o jogo no banco\u2026","rel":"","context":"Em &quot;futebol&quot;","block_context":{"text":"futebol","link":"https:\/\/blogdoprosperi.com\/?cat=53870"},"img":{"alt_text":"Gabigol e Abel Ferreira","src":"https:\/\/i0.wp.com\/blogdoprosperi.com\/wp-content\/uploads\/2024\/06\/img_6063-1.jpg?fit=739%2C415&ssl=1&resize=350%2C200","width":350,"height":200,"srcset":"https:\/\/i0.wp.com\/blogdoprosperi.com\/wp-content\/uploads\/2024\/06\/img_6063-1.jpg?fit=739%2C415&ssl=1&resize=350%2C200 1x, https:\/\/i0.wp.com\/blogdoprosperi.com\/wp-content\/uploads\/2024\/06\/img_6063-1.jpg?fit=739%2C415&ssl=1&resize=525%2C300 1.5x, https:\/\/i0.wp.com\/blogdoprosperi.com\/wp-content\/uploads\/2024\/06\/img_6063-1.jpg?fit=739%2C415&ssl=1&resize=700%2C400 2x"},"classes":[]},{"id":28715,"url":"https:\/\/blogdoprosperi.com\/?p=28715","url_meta":{"origin":25288,"position":5},"title":"TV Globo, se quiser, pode amenizar crise na arbitragem do Brasileir\u00e3o","author":"Luiz Ant\u00f4nio Pr\u00f3speri","date":"15 de outubro de 2016","format":false,"excerpt":"TV Globo, CBF e clubes t\u00eam uma chance de amenizar a crise da arbitragem no Brasileir\u00e3o 2016. Basta convocar uma reuni\u00e3o de emerg\u00eancia e, por meio de um decreto assinado por todas as partes, vetar a exibi\u00e7\u00e3o de tira-teima ou replay de um lance pol\u00eamico durante os jogos antes de\u2026","rel":"","context":"Em &quot;Campeonato Brasileiro&quot;","block_context":{"text":"Campeonato Brasileiro","link":"https:\/\/blogdoprosperi.com\/?cat=355071"},"img":{"alt_text":"","src":"https:\/\/i0.wp.com\/blogdoprosperi.com\/wp-content\/uploads\/2016\/10\/1972743944-arbitro-brasil-x-peru-agencia-efe.jpg?resize=350%2C200&ssl=1","width":350,"height":200,"srcset":"https:\/\/i0.wp.com\/blogdoprosperi.com\/wp-content\/uploads\/2016\/10\/1972743944-arbitro-brasil-x-peru-agencia-efe.jpg?resize=350%2C200&ssl=1 1x, https:\/\/i0.wp.com\/blogdoprosperi.com\/wp-content\/uploads\/2016\/10\/1972743944-arbitro-brasil-x-peru-agencia-efe.jpg?resize=525%2C300&ssl=1 1.5x"},"classes":[]}],"jetpack_featured_media_url":"","_links":{"self":[{"href":"https:\/\/blogdoprosperi.com\/index.php?rest_route=\/wp\/v2\/posts\/25288","targetHints":{"allow":["GET"]}}],"collection":[{"href":"https:\/\/blogdoprosperi.com\/index.php?rest_route=\/wp\/v2\/posts"}],"about":[{"href":"https:\/\/blogdoprosperi.com\/index.php?rest_route=\/wp\/v2\/types\/post"}],"author":[{"embeddable":true,"href":"https:\/\/blogdoprosperi.com\/index.php?rest_route=\/wp\/v2\/users\/102107496"}],"replies":[{"embeddable":true,"href":"https:\/\/blogdoprosperi.com\/index.php?rest_route=%2Fwp%2Fv2%2Fcomments&post=25288"}],"version-history":[{"count":25,"href":"https:\/\/blogdoprosperi.com\/index.php?rest_route=\/wp\/v2\/posts\/25288\/revisions"}],"predecessor-version":[{"id":25357,"href":"https:\/\/blogdoprosperi.com\/index.php?rest_route=\/wp\/v2\/posts\/25288\/revisions\/25357"}],"wp:attachment":[{"href":"https:\/\/blogdoprosperi.com\/index.php?rest_route=%2Fwp%2Fv2%2Fmedia&parent=25288"}],"wp:term":[{"taxonomy":"category","embeddable":true,"href":"https:\/\/blogdoprosperi.com\/index.php?rest_route=%2Fwp%2Fv2%2Fcategories&post=25288"},{"taxonomy":"post_tag","embeddable":true,"href":"https:\/\/blogdoprosperi.com\/index.php?rest_route=%2Fwp%2Fv2%2Ftags&post=25288"}],"curies":[{"name":"wp","href":"https:\/\/api.w.org\/{rel}","templated":true}]}}