{"id":25430,"date":"2016-09-14T13:02:55","date_gmt":"2016-09-14T16:02:55","guid":{"rendered":"http:\/\/blogdoprosperi.com\/?p=25430"},"modified":"2016-09-14T13:54:45","modified_gmt":"2016-09-14T16:54:45","slug":"stjd-e-ministerio-publico-de-olho-no-jogo-palmeiras-x-flamengo","status":"publish","type":"post","link":"https:\/\/blogdoprosperi.com\/?p=25430","title":{"rendered":"STJD e Minist\u00e9rio P\u00fablico de olho no jogo Palmeiras x Flamengo"},"content":{"rendered":"<p><span class=\"alignnone\"><img data-recalc-dims=\"1\" loading=\"lazy\" decoding=\"async\" data-attachment-id=\"25454\" data-permalink=\"https:\/\/blogdoprosperi.com\/?attachment_id=25454\" data-orig-file=\"https:\/\/i0.wp.com\/blogdoprosperi.com\/wp-content\/uploads\/2016\/09\/1449110283897-11.jpg?fit=932%2C621&amp;ssl=1\" data-orig-size=\"932,621\" data-comments-opened=\"1\" data-image-meta=\"{&quot;aperture&quot;:&quot;2.8&quot;,&quot;credit&quot;:&quot;ESTADAO CONTEUDO&quot;,&quot;camera&quot;:&quot;Canon EOS-1D X&quot;,&quot;caption&quot;:&quot;SAO PAULO \/ 02\/12\/2015 \/ ESPORTES \/ Movimento de torcedores na Rua Palestra It\\u00e1lia, na zona oeste de S\\u00e3o Paulo, nas proximidades do Allianz Parque, onde Palmeiras e Santos se enfrentar\\u00e3o na noite de hoje, em partida v\\u00e1lida pela decis\\u00e3o da Copa do Brasil.. FOTO ALEX SILVA\/ESTADAO&quot;,&quot;created_timestamp&quot;:&quot;1449083543&quot;,&quot;copyright&quot;:&quot;ALEX SILVA\/ESTADAO&quot;,&quot;focal_length&quot;:&quot;34&quot;,&quot;iso&quot;:&quot;5000&quot;,&quot;shutter_speed&quot;:&quot;0.008&quot;,&quot;title&quot;:&quot;&quot;,&quot;orientation&quot;:&quot;1&quot;}\" data-image-title=\"1449110283897-1\" data-image-description=\"\" data-image-caption=\"&lt;p&gt;SAO PAULO \/ 02\/12\/2015 \/ ESPORTES \/ Movimento de torcedores na Rua Palestra It\u00e1lia, na zona oeste de S\u00e3o Paulo, nas proximidades do Allianz Parque, onde Palmeiras e Santos se enfrentar\u00e3o na noite de hoje, em partida v\u00e1lida pela decis\u00e3o da Copa do Brasil.. FOTO ALEX SILVA\/ESTADAO&lt;\/p&gt;\n\" data-large-file=\"https:\/\/i0.wp.com\/blogdoprosperi.com\/wp-content\/uploads\/2016\/09\/1449110283897-11.jpg?fit=932%2C621&amp;ssl=1\" class=\"alignnone size-full wp-image-25454\" src=\"https:\/\/i0.wp.com\/blogdoprosperi.com\/wp-content\/uploads\/2016\/09\/1449110283897-11.jpg?resize=932%2C621&#038;ssl=1\" alt=\"1449110283897-1\" width=\"932\" height=\"621\" \/><\/span>Palmeiras x Flamengo \u00e9 a partida de mais relev\u00e2ncia at\u00e9 aqui no Brasileiro. N\u00e3o por acaso Cuca tenta engabelar Z\u00e9 Ricardo coma<a href=\"http:\/\/blogdoprosperi.com\/2016\/09\/11\/palmeiras-segura-gremio-e-pode-perder-gabriel-jesus-na-decisao-contra-flamengo\/\"> escala\u00e7\u00e3o ou n\u00e3o de Gabriel Jesus<\/a>. N\u00e3o por acaso a massa flamenguista abra\u00e7a e aperta jogadores no embarque rumo a S\u00e3o Paulo. Dentro de campo se espera um joga\u00e7o. Fora do gramado \u00e9 preciso ficar atento ao movimento dos torcedores, alvo do Superior Tribunal de Justi\u00e7a Desportiva (STJD) e Minist\u00e9rio P\u00fablico de S\u00e3o Paulo.<!--more--><\/p>\n<p>Por uma <a href=\"http:\/\/blogdoprosperi.com\/2016\/09\/01\/stjd-pune-palmeiras-e-flamengo-por-briga-de-torcidas-organizadas-e-pode-prejudicar-dois-times-na-disputa-do-titulo\/\">decis\u00e3o rid\u00edcula do STJD, no julgamento da batalha entre imbecis de fac\u00e7\u00f5es organizadas de Palmeiras e Flamengo<\/a> no primeiro turno em Bras\u00edlia, um setor do Allianz Parque vai estar \u00e0s moscas nesta noite de 14 de setembro. O tal Gol Norte, ala do est\u00e1dio ocupada pela Mancha Alviverde. E na ferradura oposta a este setor, o espa\u00e7o \u00a0destinado aos torcedores visitantes, n\u00e3o poder\u00e1 ser tomado por flamenguistas.<\/p>\n<p>A Mancha deve ocupar o Gol Sul, setor destinado a torcedores comuns. Seus integrantes v\u00e3o se vestir de branco, sem estampas da fac\u00e7\u00e3o. Punida pelo STJD a torcida vai ao est\u00e1dio disfar\u00e7ada de torcedor comum e o tribunal da CBF n\u00e3o tem como impedir. Pode, no m\u00e1ximo, interpelar o Palmeiras.<\/p>\n<p><span class=\"alignnone\"><img data-recalc-dims=\"1\" loading=\"lazy\" decoding=\"async\" data-attachment-id=\"25451\" data-permalink=\"https:\/\/blogdoprosperi.com\/?attachment_id=25451\" data-orig-file=\"https:\/\/i0.wp.com\/blogdoprosperi.com\/wp-content\/uploads\/2016\/09\/15-3.jpg?fit=640%2C480&amp;ssl=1\" data-orig-size=\"640,480\" data-comments-opened=\"1\" data-image-meta=\"{&quot;aperture&quot;:&quot;0&quot;,&quot;credit&quot;:&quot;&quot;,&quot;camera&quot;:&quot;&quot;,&quot;caption&quot;:&quot;&quot;,&quot;created_timestamp&quot;:&quot;0&quot;,&quot;copyright&quot;:&quot;&quot;,&quot;focal_length&quot;:&quot;0&quot;,&quot;iso&quot;:&quot;0&quot;,&quot;shutter_speed&quot;:&quot;0&quot;,&quot;title&quot;:&quot;&quot;,&quot;orientation&quot;:&quot;0&quot;}\" data-image-title=\"15-3\" data-image-description=\"\" data-image-caption=\"\" data-large-file=\"https:\/\/i0.wp.com\/blogdoprosperi.com\/wp-content\/uploads\/2016\/09\/15-3.jpg?fit=640%2C480&amp;ssl=1\" class=\"alignnone size-full wp-image-25451\" src=\"https:\/\/i0.wp.com\/blogdoprosperi.com\/wp-content\/uploads\/2016\/09\/15-3.jpg?resize=640%2C480&#038;ssl=1\" alt=\"15-3\" width=\"640\" height=\"480\" \/><\/span><\/p>\n<p>Fora da arena, emiss\u00e1rios do MP e a Pol\u00edcia Militar v\u00e3o estar de prontid\u00e3o \u00e0 espera de uma fa\u00edsca que seja para entrar em a\u00e7\u00e3o. H\u00e1 quase dois meses, o <a href=\"http:\/\/blogdoprosperi.com\/2016\/06\/30\/ministerio-publico-ameaca-vetar-reduto-de-palmeirenses-ao-arredor-do-allianz-parque\/\">promotor Paulo Castilho, do MP paulista e com atua\u00e7\u00e3o forte no futebol,<\/a> se manifestou contr\u00e1rio ao funcionamento de bares e lanchonetes no em torno do Allianz e de casas de sub-sedes das organizadas do Palmeiras.<\/p>\n<p>Em outras palavras, disse que as ruas que circundam a arena \u00e9 um antro de v\u00e2ndalos e uma amea\u00e7a \u00e0 seguran\u00e7a p\u00fablica, tanto dos moradores vizinhos ao est\u00e1dio como do cidad\u00e3o comum.<\/p>\n<p>Com ou sem amea\u00e7as, o certo \u00e9 que a antiga rua Turiassu, hoje Palestra It\u00e1lia, vai arder. Atmosfera de decis\u00e3o de campeonato. \u00c9 de se esperar um cintur\u00e3o verde, como aconteceu na final da Copa do Brasil no ano passado entre Palmeiras e Santos.<\/p>\n<p><span class=\"alignnone\"><img data-recalc-dims=\"1\" loading=\"lazy\" decoding=\"async\" data-attachment-id=\"25475\" data-permalink=\"https:\/\/blogdoprosperi.com\/?attachment_id=25475\" data-orig-file=\"https:\/\/i0.wp.com\/blogdoprosperi.com\/wp-content\/uploads\/2016\/09\/16152430.jpeg?fit=620%2C420&amp;ssl=1\" data-orig-size=\"620,420\" data-comments-opened=\"1\" data-image-meta=\"{&quot;aperture&quot;:&quot;0&quot;,&quot;credit&quot;:&quot;&quot;,&quot;camera&quot;:&quot;&quot;,&quot;caption&quot;:&quot;&quot;,&quot;created_timestamp&quot;:&quot;0&quot;,&quot;copyright&quot;:&quot;&quot;,&quot;focal_length&quot;:&quot;0&quot;,&quot;iso&quot;:&quot;0&quot;,&quot;shutter_speed&quot;:&quot;0&quot;,&quot;title&quot;:&quot;&quot;,&quot;orientation&quot;:&quot;0&quot;}\" data-image-title=\"16152430\" data-image-description=\"\" data-image-caption=\"\" data-large-file=\"https:\/\/i0.wp.com\/blogdoprosperi.com\/wp-content\/uploads\/2016\/09\/16152430.jpeg?fit=620%2C420&amp;ssl=1\" class=\"alignnone size-full wp-image-25475\" src=\"https:\/\/i0.wp.com\/blogdoprosperi.com\/wp-content\/uploads\/2016\/09\/16152430.jpeg?resize=620%2C420&#038;ssl=1\" alt=\"16152430\" width=\"620\" height=\"420\" \/><\/span><\/p>\n<p>A &#8220;despedida&#8221; dos torcedores flamenguistas, com mais de duas mil pessoas no sagu\u00e3o do Aeroporto Santos Dumont no Rio na ter\u00e7a-feira, mexeu com os palmeirenses. A promessa \u00e9 de uma calorosa e assombrosa recep\u00e7\u00e3o ao \u00f4nibus da delega\u00e7\u00e3o do Palmeiras na chegada ao Allianz Parque.<\/p>\n<p>Por enquanto, o clima \u00e9 de festa e celebra\u00e7\u00e3o do futebol. STJD, PM e Minist\u00e9rio P\u00fablico est\u00e3o apostos. A conferir.<\/p>\n","protected":false},"excerpt":{"rendered":"<p>Palmeiras x Flamengo \u00e9 a partida de mais relev\u00e2ncia at\u00e9 aqui no Brasileiro. N\u00e3o por acaso Cuca tenta [&hellip;]<\/p>\n","protected":false},"author":102107496,"featured_media":0,"comment_status":"open","ping_status":"open","sticky":false,"template":"","format":"standard","meta":{"_coblocks_attr":"","_coblocks_dimensions":"","_coblocks_responsive_height":"","_coblocks_accordion_ie_support":"","_jetpack_newsletter_access":"","_jetpack_dont_email_post_to_subs":false,"_jetpack_newsletter_tier_id":0,"_jetpack_memberships_contains_paywalled_content":false,"_wpcom_ai_launchpad_first_post":false,"_jetpack_feature_clip_id":0,"_jetpack_memberships_contains_paid_content":false,"footnotes":"","jetpack_publicize_message":"","jetpack_publicize_feature_enabled":true,"jetpack_social_post_already_shared":false,"jetpack_social_options":{"image_generator_settings":{"template":"highway","default_image_id":0,"font":"","enabled":false},"version":2},"jetpack_post_was_ever_published":false},"categories":[355071,53870],"tags":[165442385,362595295,471113831,789560560,232826435,19847395,8328841,5217114,713468,348913506,32518853,2245454],"class_list":["post-25430","post","type-post","status-publish","format-standard","hentry","category-campeonato-brasileiro","category-futebol","tag-allianz-parque","tag-brasileirao-2016","tag-cuca-palmeiras","tag-futebol","tag-gabriel-jesus","tag-ministerio-publico-sp","tag-palmeiras-clube","tag-palmeiras-x-flamengo","tag-policia-militar","tag-rua-palestra-italia","tag-rua-turiassu","tag-stjd"],"yoast_head":"<!-- This site is optimized with the Yoast SEO plugin v28.3 - https:\/\/yoast.com\/product\/yoast-seo-wordpress\/ -->\n<title>STJD e Minist\u00e9rio P\u00fablico de olho no jogo Palmeiras x Flamengo - PR\u00d3SPERI NEWS<\/title>\n<meta name=\"robots\" content=\"index, follow, max-snippet:-1, max-image-preview:large, max-video-preview:-1\" \/>\n<link rel=\"canonical\" href=\"https:\/\/blogdoprosperi.com\/?p=25430\" \/>\n<meta property=\"og:locale\" content=\"pt_BR\" \/>\n<meta property=\"og:type\" content=\"article\" \/>\n<meta property=\"og:title\" content=\"STJD e Minist\u00e9rio P\u00fablico de olho no jogo Palmeiras x Flamengo - PR\u00d3SPERI NEWS\" \/>\n<meta property=\"og:description\" content=\"Palmeiras x Flamengo \u00e9 a partida de mais relev\u00e2ncia at\u00e9 aqui no Brasileiro. N\u00e3o por acaso Cuca tenta [&hellip;]\" \/>\n<meta property=\"og:url\" content=\"https:\/\/blogdoprosperi.com\/?p=25430\" \/>\n<meta property=\"og:site_name\" content=\"PR\u00d3SPERI NEWS\" \/>\n<meta property=\"article:publisher\" content=\"Luiz Pr\u00f3speri\" \/>\n<meta property=\"article:author\" content=\"Luiz Pr\u00f3speri\" \/>\n<meta property=\"article:published_time\" content=\"2016-09-14T16:02:55+00:00\" \/>\n<meta property=\"article:modified_time\" content=\"2016-09-14T16:54:45+00:00\" \/>\n<meta property=\"og:image\" content=\"https:\/\/blogdoprosperi.com\/wp-content\/uploads\/2016\/09\/1449110283897-11.jpg\" \/>\n<meta name=\"author\" content=\"Luiz Ant\u00f4nio Pr\u00f3speri\" \/>\n<meta name=\"twitter:card\" content=\"summary_large_image\" \/>\n<meta name=\"twitter:creator\" content=\"@Luizprosperi\" \/>\n<meta name=\"twitter:site\" content=\"@Luizprosperi\" \/>\n<meta name=\"twitter:label1\" content=\"Escrito por\" \/>\n\t<meta name=\"twitter:data1\" content=\"Luiz Ant\u00f4nio Pr\u00f3speri\" \/>\n\t<meta name=\"twitter:label2\" content=\"Est. tempo de leitura\" \/>\n\t<meta name=\"twitter:data2\" content=\"2 minutos\" \/>\n<script type=\"application\/ld+json\" class=\"yoast-schema-graph\">{\"@context\":\"https:\\\/\\\/schema.org\",\"@graph\":[{\"@type\":\"Article\",\"@id\":\"https:\\\/\\\/blogdoprosperi.com\\\/?p=25430#article\",\"isPartOf\":{\"@id\":\"https:\\\/\\\/blogdoprosperi.com\\\/?p=25430\"},\"author\":{\"name\":\"Luiz Ant\u00f4nio Pr\u00f3speri\",\"@id\":\"https:\\\/\\\/blogdoprosperi.com\\\/#\\\/schema\\\/person\\\/38100755ce3601861ee4fab9b5aa78e9\"},\"headline\":\"STJD e Minist\u00e9rio P\u00fablico de olho no jogo Palmeiras x Flamengo\",\"datePublished\":\"2016-09-14T16:02:55+00:00\",\"dateModified\":\"2016-09-14T16:54:45+00:00\",\"mainEntityOfPage\":{\"@id\":\"https:\\\/\\\/blogdoprosperi.com\\\/?p=25430\"},\"wordCount\":455,\"commentCount\":0,\"publisher\":{\"@id\":\"https:\\\/\\\/blogdoprosperi.com\\\/#\\\/schema\\\/person\\\/38100755ce3601861ee4fab9b5aa78e9\"},\"image\":{\"@id\":\"https:\\\/\\\/blogdoprosperi.com\\\/?p=25430#primaryimage\"},\"thumbnailUrl\":\"https:\\\/\\\/blogdoprosperi.com\\\/wp-content\\\/uploads\\\/2016\\\/09\\\/1449110283897-11.jpg\",\"keywords\":[\"Allianz Parque\",\"Brasileir\u00e3o-2016\",\"Cuca Palmeiras\",\"futebol\",\"Gabriel Jesus\",\"Minist\u00e9rio P\u00fablico SP\",\"Palmeiras Clube\",\"Palmeiras x Flamengo\",\"Pol\u00edcia Militar\",\"Rua Palestra It\u00e1lia\",\"Rua Turiassu\",\"STJD\"],\"articleSection\":[\"Campeonato Brasileiro\",\"futebol\"],\"inLanguage\":\"pt-BR\",\"potentialAction\":[{\"@type\":\"CommentAction\",\"name\":\"Comment\",\"target\":[\"https:\\\/\\\/blogdoprosperi.com\\\/?p=25430#respond\"]}]},{\"@type\":\"WebPage\",\"@id\":\"https:\\\/\\\/blogdoprosperi.com\\\/?p=25430\",\"url\":\"https:\\\/\\\/blogdoprosperi.com\\\/?p=25430\",\"name\":\"STJD e Minist\u00e9rio P\u00fablico de olho no jogo Palmeiras x Flamengo - PR\u00d3SPERI NEWS\",\"isPartOf\":{\"@id\":\"https:\\\/\\\/blogdoprosperi.com\\\/#website\"},\"primaryImageOfPage\":{\"@id\":\"https:\\\/\\\/blogdoprosperi.com\\\/?p=25430#primaryimage\"},\"image\":{\"@id\":\"https:\\\/\\\/blogdoprosperi.com\\\/?p=25430#primaryimage\"},\"thumbnailUrl\":\"https:\\\/\\\/blogdoprosperi.com\\\/wp-content\\\/uploads\\\/2016\\\/09\\\/1449110283897-11.jpg\",\"datePublished\":\"2016-09-14T16:02:55+00:00\",\"dateModified\":\"2016-09-14T16:54:45+00:00\",\"breadcrumb\":{\"@id\":\"https:\\\/\\\/blogdoprosperi.com\\\/?p=25430#breadcrumb\"},\"inLanguage\":\"pt-BR\",\"potentialAction\":[{\"@type\":\"ReadAction\",\"target\":[\"https:\\\/\\\/blogdoprosperi.com\\\/?p=25430\"]}]},{\"@type\":\"ImageObject\",\"inLanguage\":\"pt-BR\",\"@id\":\"https:\\\/\\\/blogdoprosperi.com\\\/?p=25430#primaryimage\",\"url\":\"https:\\\/\\\/i0.wp.com\\\/blogdoprosperi.com\\\/wp-content\\\/uploads\\\/2016\\\/09\\\/1449110283897-11.jpg?fit=932%2C621&ssl=1\",\"contentUrl\":\"https:\\\/\\\/i0.wp.com\\\/blogdoprosperi.com\\\/wp-content\\\/uploads\\\/2016\\\/09\\\/1449110283897-11.jpg?fit=932%2C621&ssl=1\",\"width\":932,\"height\":621,\"caption\":\"SAO PAULO \\\/ 02\\\/12\\\/2015 \\\/ ESPORTES \\\/ Movimento de torcedores na Rua Palestra It\u00e1lia, na zona oeste de S\u00e3o Paulo, nas proximidades do Allianz Parque, onde Palmeiras e Santos se enfrentar\u00e3o na noite de hoje, em partida v\u00e1lida pela decis\u00e3o da Copa do Brasil.. FOTO ALEX SILVA\\\/ESTADAO\"},{\"@type\":\"BreadcrumbList\",\"@id\":\"https:\\\/\\\/blogdoprosperi.com\\\/?p=25430#breadcrumb\",\"itemListElement\":[{\"@type\":\"ListItem\",\"position\":1,\"name\":\"In\u00edcio\",\"item\":\"https:\\\/\\\/blogdoprosperi.com\\\/\"},{\"@type\":\"ListItem\",\"position\":2,\"name\":\"STJD e Minist\u00e9rio P\u00fablico de olho no jogo Palmeiras x Flamengo\"}]},{\"@type\":\"WebSite\",\"@id\":\"https:\\\/\\\/blogdoprosperi.com\\\/#website\",\"url\":\"https:\\\/\\\/blogdoprosperi.com\\\/\",\"name\":\"PR\u00d3SPERI NEWS\",\"description\":\"TUDO \u00c9  FUTEBOL\",\"publisher\":{\"@id\":\"https:\\\/\\\/blogdoprosperi.com\\\/#\\\/schema\\\/person\\\/38100755ce3601861ee4fab9b5aa78e9\"},\"alternateName\":\"blogdoprosperi.com\",\"potentialAction\":[{\"@type\":\"SearchAction\",\"target\":{\"@type\":\"EntryPoint\",\"urlTemplate\":\"https:\\\/\\\/blogdoprosperi.com\\\/?s={search_term_string}\"},\"query-input\":{\"@type\":\"PropertyValueSpecification\",\"valueRequired\":true,\"valueName\":\"search_term_string\"}}],\"inLanguage\":\"pt-BR\"},{\"@type\":[\"Person\",\"Organization\"],\"@id\":\"https:\\\/\\\/blogdoprosperi.com\\\/#\\\/schema\\\/person\\\/38100755ce3601861ee4fab9b5aa78e9\",\"name\":\"Luiz Ant\u00f4nio Pr\u00f3speri\",\"pronouns\":\"ele\",\"image\":{\"@type\":\"ImageObject\",\"inLanguage\":\"pt-BR\",\"@id\":\"https:\\\/\\\/i0.wp.com\\\/blogdoprosperi.com\\\/wp-content\\\/uploads\\\/2026\\\/05\\\/cropped-8059e613-6002-42fa-961e-8e275f575d71-2-5.jpg?fit=1360%2C931&ssl=1\",\"url\":\"https:\\\/\\\/i0.wp.com\\\/blogdoprosperi.com\\\/wp-content\\\/uploads\\\/2026\\\/05\\\/cropped-8059e613-6002-42fa-961e-8e275f575d71-2-5.jpg?fit=1360%2C931&ssl=1\",\"contentUrl\":\"https:\\\/\\\/i0.wp.com\\\/blogdoprosperi.com\\\/wp-content\\\/uploads\\\/2026\\\/05\\\/cropped-8059e613-6002-42fa-961e-8e275f575d71-2-5.jpg?fit=1360%2C931&ssl=1\",\"width\":1360,\"height\":931,\"caption\":\"Luiz Ant\u00f4nio Pr\u00f3speri\"},\"logo\":{\"@id\":\"https:\\\/\\\/i0.wp.com\\\/blogdoprosperi.com\\\/wp-content\\\/uploads\\\/2026\\\/05\\\/cropped-8059e613-6002-42fa-961e-8e275f575d71-2-5.jpg?fit=1360%2C931&ssl=1\"},\"description\":\"Jornalista com carreira dedicada ao esporte. Cobriu 9 Copas do Mundo in loco, 1990 na It\u00e1lia, 1994 nos EUA, 1998 na Fran\u00e7a, 2002 na Coreia do Sul e Jap\u00e3o, 2006 na Alemanha, 2010 na \u00c1frica do Sul, 2014 no Brasil, 2018 na R\u00fassia e 2022 no Qatar. Eurocopas, 1992 na Su\u00e9cia e 1996 na Inglaterra. Copa das Confedera\u00e7\u00f5es de 2005 na Alemanha e 2009 na \u00c1frica do Sul. Rep\u00f3rter e Editor, trabalhou no Jornal da Tarde e Estad\u00e3o, de 1984 a fevereiro de 2016. Colunista, blogueiro. E comentarista de futebol na R\u00e1dio Estad\u00e3o, de 2013 a fevereiro de 2016. Jornalista respons\u00e1vel do \\\"Pr\u00f3speri News\\\" (blogdoprosperi.com).\",\"sameAs\":[\"http:\\\/\\\/blogdoprosperi.com\",\"Luiz Pr\u00f3speri\",\"@luiz_prosperi\",\"https:\\\/\\\/x.com\\\/Luizprosperi\",\"@prosperinacopa\",\"luiz.prosperi@icloud.com\"],\"url\":\"https:\\\/\\\/blogdoprosperi.com\\\/?author=102107496\"}]}<\/script>\n<!-- \/ Yoast SEO plugin. -->","yoast_head_json":{"title":"STJD e Minist\u00e9rio P\u00fablico de olho no jogo Palmeiras x Flamengo - PR\u00d3SPERI NEWS","robots":{"index":"index","follow":"follow","max-snippet":"max-snippet:-1","max-image-preview":"max-image-preview:large","max-video-preview":"max-video-preview:-1"},"canonical":"https:\/\/blogdoprosperi.com\/?p=25430","og_locale":"pt_BR","og_type":"article","og_title":"STJD e Minist\u00e9rio P\u00fablico de olho no jogo Palmeiras x Flamengo - PR\u00d3SPERI NEWS","og_description":"Palmeiras x Flamengo \u00e9 a partida de mais relev\u00e2ncia at\u00e9 aqui no Brasileiro. N\u00e3o por acaso Cuca tenta [&hellip;]","og_url":"https:\/\/blogdoprosperi.com\/?p=25430","og_site_name":"PR\u00d3SPERI NEWS","article_publisher":"Luiz Pr\u00f3speri","article_author":"Luiz Pr\u00f3speri","article_published_time":"2016-09-14T16:02:55+00:00","article_modified_time":"2016-09-14T16:54:45+00:00","og_image":[{"url":"https:\/\/blogdoprosperi.com\/wp-content\/uploads\/2016\/09\/1449110283897-11.jpg","type":"","width":"","height":""}],"author":"Luiz Ant\u00f4nio Pr\u00f3speri","twitter_card":"summary_large_image","twitter_creator":"@Luizprosperi","twitter_site":"@Luizprosperi","twitter_misc":{"Escrito por":"Luiz Ant\u00f4nio Pr\u00f3speri","Est. tempo de leitura":"2 minutos"},"schema":{"@context":"https:\/\/schema.org","@graph":[{"@type":"Article","@id":"https:\/\/blogdoprosperi.com\/?p=25430#article","isPartOf":{"@id":"https:\/\/blogdoprosperi.com\/?p=25430"},"author":{"name":"Luiz Ant\u00f4nio Pr\u00f3speri","@id":"https:\/\/blogdoprosperi.com\/#\/schema\/person\/38100755ce3601861ee4fab9b5aa78e9"},"headline":"STJD e Minist\u00e9rio P\u00fablico de olho no jogo Palmeiras x Flamengo","datePublished":"2016-09-14T16:02:55+00:00","dateModified":"2016-09-14T16:54:45+00:00","mainEntityOfPage":{"@id":"https:\/\/blogdoprosperi.com\/?p=25430"},"wordCount":455,"commentCount":0,"publisher":{"@id":"https:\/\/blogdoprosperi.com\/#\/schema\/person\/38100755ce3601861ee4fab9b5aa78e9"},"image":{"@id":"https:\/\/blogdoprosperi.com\/?p=25430#primaryimage"},"thumbnailUrl":"https:\/\/blogdoprosperi.com\/wp-content\/uploads\/2016\/09\/1449110283897-11.jpg","keywords":["Allianz Parque","Brasileir\u00e3o-2016","Cuca Palmeiras","futebol","Gabriel Jesus","Minist\u00e9rio P\u00fablico SP","Palmeiras Clube","Palmeiras x Flamengo","Pol\u00edcia Militar","Rua Palestra It\u00e1lia","Rua Turiassu","STJD"],"articleSection":["Campeonato Brasileiro","futebol"],"inLanguage":"pt-BR","potentialAction":[{"@type":"CommentAction","name":"Comment","target":["https:\/\/blogdoprosperi.com\/?p=25430#respond"]}]},{"@type":"WebPage","@id":"https:\/\/blogdoprosperi.com\/?p=25430","url":"https:\/\/blogdoprosperi.com\/?p=25430","name":"STJD e Minist\u00e9rio P\u00fablico de olho no jogo Palmeiras x Flamengo - PR\u00d3SPERI NEWS","isPartOf":{"@id":"https:\/\/blogdoprosperi.com\/#website"},"primaryImageOfPage":{"@id":"https:\/\/blogdoprosperi.com\/?p=25430#primaryimage"},"image":{"@id":"https:\/\/blogdoprosperi.com\/?p=25430#primaryimage"},"thumbnailUrl":"https:\/\/blogdoprosperi.com\/wp-content\/uploads\/2016\/09\/1449110283897-11.jpg","datePublished":"2016-09-14T16:02:55+00:00","dateModified":"2016-09-14T16:54:45+00:00","breadcrumb":{"@id":"https:\/\/blogdoprosperi.com\/?p=25430#breadcrumb"},"inLanguage":"pt-BR","potentialAction":[{"@type":"ReadAction","target":["https:\/\/blogdoprosperi.com\/?p=25430"]}]},{"@type":"ImageObject","inLanguage":"pt-BR","@id":"https:\/\/blogdoprosperi.com\/?p=25430#primaryimage","url":"https:\/\/i0.wp.com\/blogdoprosperi.com\/wp-content\/uploads\/2016\/09\/1449110283897-11.jpg?fit=932%2C621&ssl=1","contentUrl":"https:\/\/i0.wp.com\/blogdoprosperi.com\/wp-content\/uploads\/2016\/09\/1449110283897-11.jpg?fit=932%2C621&ssl=1","width":932,"height":621,"caption":"SAO PAULO \/ 02\/12\/2015 \/ ESPORTES \/ Movimento de torcedores na Rua Palestra It\u00e1lia, na zona oeste de S\u00e3o Paulo, nas proximidades do Allianz Parque, onde Palmeiras e Santos se enfrentar\u00e3o na noite de hoje, em partida v\u00e1lida pela decis\u00e3o da Copa do Brasil.. FOTO ALEX SILVA\/ESTADAO"},{"@type":"BreadcrumbList","@id":"https:\/\/blogdoprosperi.com\/?p=25430#breadcrumb","itemListElement":[{"@type":"ListItem","position":1,"name":"In\u00edcio","item":"https:\/\/blogdoprosperi.com\/"},{"@type":"ListItem","position":2,"name":"STJD e Minist\u00e9rio P\u00fablico de olho no jogo Palmeiras x Flamengo"}]},{"@type":"WebSite","@id":"https:\/\/blogdoprosperi.com\/#website","url":"https:\/\/blogdoprosperi.com\/","name":"PR\u00d3SPERI NEWS","description":"TUDO \u00c9  FUTEBOL","publisher":{"@id":"https:\/\/blogdoprosperi.com\/#\/schema\/person\/38100755ce3601861ee4fab9b5aa78e9"},"alternateName":"blogdoprosperi.com","potentialAction":[{"@type":"SearchAction","target":{"@type":"EntryPoint","urlTemplate":"https:\/\/blogdoprosperi.com\/?s={search_term_string}"},"query-input":{"@type":"PropertyValueSpecification","valueRequired":true,"valueName":"search_term_string"}}],"inLanguage":"pt-BR"},{"@type":["Person","Organization"],"@id":"https:\/\/blogdoprosperi.com\/#\/schema\/person\/38100755ce3601861ee4fab9b5aa78e9","name":"Luiz Ant\u00f4nio Pr\u00f3speri","pronouns":"ele","image":{"@type":"ImageObject","inLanguage":"pt-BR","@id":"https:\/\/i0.wp.com\/blogdoprosperi.com\/wp-content\/uploads\/2026\/05\/cropped-8059e613-6002-42fa-961e-8e275f575d71-2-5.jpg?fit=1360%2C931&ssl=1","url":"https:\/\/i0.wp.com\/blogdoprosperi.com\/wp-content\/uploads\/2026\/05\/cropped-8059e613-6002-42fa-961e-8e275f575d71-2-5.jpg?fit=1360%2C931&ssl=1","contentUrl":"https:\/\/i0.wp.com\/blogdoprosperi.com\/wp-content\/uploads\/2026\/05\/cropped-8059e613-6002-42fa-961e-8e275f575d71-2-5.jpg?fit=1360%2C931&ssl=1","width":1360,"height":931,"caption":"Luiz Ant\u00f4nio Pr\u00f3speri"},"logo":{"@id":"https:\/\/i0.wp.com\/blogdoprosperi.com\/wp-content\/uploads\/2026\/05\/cropped-8059e613-6002-42fa-961e-8e275f575d71-2-5.jpg?fit=1360%2C931&ssl=1"},"description":"Jornalista com carreira dedicada ao esporte. Cobriu 9 Copas do Mundo in loco, 1990 na It\u00e1lia, 1994 nos EUA, 1998 na Fran\u00e7a, 2002 na Coreia do Sul e Jap\u00e3o, 2006 na Alemanha, 2010 na \u00c1frica do Sul, 2014 no Brasil, 2018 na R\u00fassia e 2022 no Qatar. Eurocopas, 1992 na Su\u00e9cia e 1996 na Inglaterra. Copa das Confedera\u00e7\u00f5es de 2005 na Alemanha e 2009 na \u00c1frica do Sul. Rep\u00f3rter e Editor, trabalhou no Jornal da Tarde e Estad\u00e3o, de 1984 a fevereiro de 2016. Colunista, blogueiro. E comentarista de futebol na R\u00e1dio Estad\u00e3o, de 2013 a fevereiro de 2016. Jornalista respons\u00e1vel do \"Pr\u00f3speri News\" (blogdoprosperi.com).","sameAs":["http:\/\/blogdoprosperi.com","Luiz Pr\u00f3speri","@luiz_prosperi","https:\/\/x.com\/Luizprosperi","@prosperinacopa","luiz.prosperi@icloud.com"],"url":"https:\/\/blogdoprosperi.com\/?author=102107496"}]}},"jetpack_publicize_connections":[],"jetpack_likes_enabled":false,"jetpack_sharing_enabled":true,"jetpack_shortlink":"https:\/\/wp.me\/p7jvdk-6Ca","jetpack-related-posts":[{"id":23888,"url":"https:\/\/blogdoprosperi.com\/?p=23888","url_meta":{"origin":25430,"position":0},"title":"STJD pune Palmeiras, Flamengo, organizadas e torcedores consumidores de ingressos mais baratos","author":"Luiz Ant\u00f4nio Pr\u00f3speri","date":"1 de setembro de 2016","format":false,"excerpt":"STJD pune torcidas organizadas de Palmeiras e Flamengo com penas in\u00e9ditas e pode prejudicar os dois clubes na corrida do t\u00edtulo do Campeonato Brasileiro. Por decis\u00e3o do tribunal, as medidas come\u00e7am a vigorar no dia 14 deste m\u00eas, data do jogo entre Palmeiras e \u00a0Flamengo no Allianz Parque. Sem poder\u2026","rel":"","context":"Em &quot;Campeonato Brasileiro&quot;","block_context":{"text":"Campeonato Brasileiro","link":"https:\/\/blogdoprosperi.com\/?cat=355071"},"img":{"alt_text":"","src":"https:\/\/i0.wp.com\/blogdoprosperi.com\/wp-content\/uploads\/2016\/09\/protesto-mancha-verde-2014-32.jpg?resize=350%2C200&ssl=1","width":350,"height":200,"srcset":"https:\/\/i0.wp.com\/blogdoprosperi.com\/wp-content\/uploads\/2016\/09\/protesto-mancha-verde-2014-32.jpg?resize=350%2C200&ssl=1 1x, https:\/\/i0.wp.com\/blogdoprosperi.com\/wp-content\/uploads\/2016\/09\/protesto-mancha-verde-2014-32.jpg?resize=525%2C300&ssl=1 1.5x, https:\/\/i0.wp.com\/blogdoprosperi.com\/wp-content\/uploads\/2016\/09\/protesto-mancha-verde-2014-32.jpg?resize=700%2C400&ssl=1 2x, https:\/\/i0.wp.com\/blogdoprosperi.com\/wp-content\/uploads\/2016\/09\/protesto-mancha-verde-2014-32.jpg?resize=1050%2C600&ssl=1 3x, https:\/\/i0.wp.com\/blogdoprosperi.com\/wp-content\/uploads\/2016\/09\/protesto-mancha-verde-2014-32.jpg?resize=1400%2C800&ssl=1 4x"},"classes":[]},{"id":26478,"url":"https:\/\/blogdoprosperi.com\/?p=26478","url_meta":{"origin":25430,"position":1},"title":"Palmeiras cai na rede do Flamengo e pode ser punido no STJD","author":"Luiz Ant\u00f4nio Pr\u00f3speri","date":"23 de setembro de 2016","format":false,"excerpt":"Palmeiras \u00e9 denunciado no Superior Tribunal de Justi\u00e7a Desportiva (STJD) por atos hostis de parte de seus torcedores contra dirigentes do Flamengo, abrigados em um camarote no Allianz Parque. A bronca dos cartolas cariocas deu resultado. Alegam os flamenguistas que foram alvos de objetos atirados por palmeirenses no Setor Sul\u2026","rel":"","context":"Em &quot;Campeonato Brasileiro&quot;","block_context":{"text":"Campeonato Brasileiro","link":"https:\/\/blogdoprosperi.com\/?cat=355071"},"img":{"alt_text":"","src":"https:\/\/i0.wp.com\/blogdoprosperi.com\/wp-content\/uploads\/2016\/09\/palco-camp-nou-1080x720.jpg?resize=350%2C200&ssl=1","width":350,"height":200,"srcset":"https:\/\/i0.wp.com\/blogdoprosperi.com\/wp-content\/uploads\/2016\/09\/palco-camp-nou-1080x720.jpg?resize=350%2C200&ssl=1 1x, https:\/\/i0.wp.com\/blogdoprosperi.com\/wp-content\/uploads\/2016\/09\/palco-camp-nou-1080x720.jpg?resize=525%2C300&ssl=1 1.5x, https:\/\/i0.wp.com\/blogdoprosperi.com\/wp-content\/uploads\/2016\/09\/palco-camp-nou-1080x720.jpg?resize=700%2C400&ssl=1 2x, https:\/\/i0.wp.com\/blogdoprosperi.com\/wp-content\/uploads\/2016\/09\/palco-camp-nou-1080x720.jpg?resize=1050%2C600&ssl=1 3x"},"classes":[]},{"id":9048,"url":"https:\/\/blogdoprosperi.com\/?p=9048","url_meta":{"origin":25430,"position":2},"title":"STJD amea\u00e7a punir Flamengo e Palmeiras por viol\u00eancia das torcidas, CBF escapa ilesa","author":"Luiz Ant\u00f4nio Pr\u00f3speri","date":"6 de junho de 2016","format":false,"excerpt":"Casos de viol\u00eancia no futebol brasileiro se alastram. Provid\u00eancias paliativas s\u00e3o tomadas a cada incidente, seja pelas por for\u00e7as de seguran\u00e7a, Minist\u00e9rio P\u00fablico e at\u00e9 entidades respons\u00e1veis pela gest\u00e3o do futebol. Nada se resolveu. Nesta segunda-feira, a Procuradoria do Superior Tribunal de Justi\u00e7a Desportiva (STJD) disse que vai denunciar Flamengo\u2026","rel":"","context":"Em &quot;Campeonato Brasileiro&quot;","block_context":{"text":"Campeonato Brasileiro","link":"https:\/\/blogdoprosperi.com\/?cat=355071"},"img":{"alt_text":"","src":"https:\/\/i0.wp.com\/blogdoprosperi.com\/wp-content\/uploads\/2016\/06\/torcedor-1.jpg?resize=350%2C200&ssl=1","width":350,"height":200,"srcset":"https:\/\/i0.wp.com\/blogdoprosperi.com\/wp-content\/uploads\/2016\/06\/torcedor-1.jpg?resize=350%2C200&ssl=1 1x, https:\/\/i0.wp.com\/blogdoprosperi.com\/wp-content\/uploads\/2016\/06\/torcedor-1.jpg?resize=525%2C300&ssl=1 1.5x"},"classes":[]},{"id":29743,"url":"https:\/\/blogdoprosperi.com\/?p=29743","url_meta":{"origin":25430,"position":3},"title":"Palmeiras faz sua parte e, com ajuda do Corinthians, abre seis pontos do Flamengo","author":"Luiz Ant\u00f4nio Pr\u00f3speri","date":"23 de outubro de 2016","format":false,"excerpt":"Palmeiras superou seu fraco futebol, o p\u00e9ssimo gramado do Allianz Parque, aus\u00eancia de Gabriel Jesus e a gana do Sport neste domingo (23\/10). Sem brilho e lustro, venceu por 2 a 1 e, com ajuda do Corinthians, abriu seis pontos do vice-l\u00edder Flamengo, a seis rodadas do fim do Campeonato\u2026","rel":"","context":"Em &quot;Campeonato Brasileiro&quot;","block_context":{"text":"Campeonato Brasileiro","link":"https:\/\/blogdoprosperi.com\/?cat=355071"},"img":{"alt_text":"","src":"https:\/\/i0.wp.com\/blogdoprosperi.com\/wp-content\/uploads\/2016\/10\/pro5-242.jpg?resize=350%2C200&ssl=1","width":350,"height":200,"srcset":"https:\/\/i0.wp.com\/blogdoprosperi.com\/wp-content\/uploads\/2016\/10\/pro5-242.jpg?resize=350%2C200&ssl=1 1x, https:\/\/i0.wp.com\/blogdoprosperi.com\/wp-content\/uploads\/2016\/10\/pro5-242.jpg?resize=525%2C300&ssl=1 1.5x, https:\/\/i0.wp.com\/blogdoprosperi.com\/wp-content\/uploads\/2016\/10\/pro5-242.jpg?resize=700%2C400&ssl=1 2x, https:\/\/i0.wp.com\/blogdoprosperi.com\/wp-content\/uploads\/2016\/10\/pro5-242.jpg?resize=1050%2C600&ssl=1 3x, https:\/\/i0.wp.com\/blogdoprosperi.com\/wp-content\/uploads\/2016\/10\/pro5-242.jpg?resize=1400%2C800&ssl=1 4x"},"classes":[]},{"id":29210,"url":"https:\/\/blogdoprosperi.com\/?p=29210","url_meta":{"origin":25430,"position":4},"title":"Brasileir\u00e3o em risco: STJD vai julgar den\u00fancias contra Palmeiras e Flamengo","author":"Luiz Ant\u00f4nio Pr\u00f3speri","date":"18 de outubro de 2016","format":false,"excerpt":"Palmeiras e Flamengo s\u00e3o alvos de a\u00e7\u00f5es no Superior Tribunal de Justi\u00e7a Desportiva, o STJD, a sete rodadas do fim do Brasileir\u00e3o. L\u00edder e vice-l\u00edder correm risco de ver anuladas as vit\u00f3rias contra Figueirense e Fluminense, que pedem novas partidas com argumento de que foram prejudicados por decis\u00f5es equivocadas da\u2026","rel":"","context":"Em &quot;Campeonato Brasileiro&quot;","block_context":{"text":"Campeonato Brasileiro","link":"https:\/\/blogdoprosperi.com\/?cat=355071"},"img":{"alt_text":"","src":"https:\/\/i0.wp.com\/blogdoprosperi.com\/wp-content\/uploads\/2016\/10\/fla-palmeiras_cesargreco-agpalmeiras-divulgacao.jpg?resize=350%2C200&ssl=1","width":350,"height":200,"srcset":"https:\/\/i0.wp.com\/blogdoprosperi.com\/wp-content\/uploads\/2016\/10\/fla-palmeiras_cesargreco-agpalmeiras-divulgacao.jpg?resize=350%2C200&ssl=1 1x, https:\/\/i0.wp.com\/blogdoprosperi.com\/wp-content\/uploads\/2016\/10\/fla-palmeiras_cesargreco-agpalmeiras-divulgacao.jpg?resize=525%2C300&ssl=1 1.5x, https:\/\/i0.wp.com\/blogdoprosperi.com\/wp-content\/uploads\/2016\/10\/fla-palmeiras_cesargreco-agpalmeiras-divulgacao.jpg?resize=700%2C400&ssl=1 2x"},"classes":[]},{"id":25288,"url":"https:\/\/blogdoprosperi.com\/?p=25288","url_meta":{"origin":25430,"position":5},"title":"\u00c1rbitro de Palmeiras x Flamengo n\u00e3o \u00e9 maior que Gabriel Jesus e Diego","author":"Luiz Ant\u00f4nio Pr\u00f3speri","date":"12 de setembro de 2016","format":false,"excerpt":"Quando antes de um jogo do quilate de Palmeiras x Flamengo, nesta quarta-feira, se fala muito no \u00e1rbitro eleito pela CBF para apitar a partida \u00e9 porque o futebol perdeu a raz\u00e3o. \u00c9 triste. Um campeonato com 38 rodadas, sempre sob o manto da desconfian\u00e7a, n\u00e3o tem \u00a0sentido. N\u00e3o \u00e9\u2026","rel":"","context":"Em &quot;Campeonato Brasileiro&quot;","block_context":{"text":"Campeonato Brasileiro","link":"https:\/\/blogdoprosperi.com\/?cat=355071"},"img":{"alt_text":"","src":"https:\/\/i0.wp.com\/blogdoprosperi.com\/wp-content\/uploads\/2016\/09\/gabriel-jesus-palmeiras-x-figueirense-3006_1q9xheoznipa1k9aaygnk5bdl.jpg?resize=350%2C200","width":350,"height":200,"srcset":"https:\/\/i0.wp.com\/blogdoprosperi.com\/wp-content\/uploads\/2016\/09\/gabriel-jesus-palmeiras-x-figueirense-3006_1q9xheoznipa1k9aaygnk5bdl.jpg?resize=350%2C200 1x, https:\/\/i0.wp.com\/blogdoprosperi.com\/wp-content\/uploads\/2016\/09\/gabriel-jesus-palmeiras-x-figueirense-3006_1q9xheoznipa1k9aaygnk5bdl.jpg?resize=525%2C300 1.5x"},"classes":[]}],"jetpack_featured_media_url":"","_links":{"self":[{"href":"https:\/\/blogdoprosperi.com\/index.php?rest_route=\/wp\/v2\/posts\/25430","targetHints":{"allow":["GET"]}}],"collection":[{"href":"https:\/\/blogdoprosperi.com\/index.php?rest_route=\/wp\/v2\/posts"}],"about":[{"href":"https:\/\/blogdoprosperi.com\/index.php?rest_route=\/wp\/v2\/types\/post"}],"author":[{"embeddable":true,"href":"https:\/\/blogdoprosperi.com\/index.php?rest_route=\/wp\/v2\/users\/102107496"}],"replies":[{"embeddable":true,"href":"https:\/\/blogdoprosperi.com\/index.php?rest_route=%2Fwp%2Fv2%2Fcomments&post=25430"}],"version-history":[{"count":25,"href":"https:\/\/blogdoprosperi.com\/index.php?rest_route=\/wp\/v2\/posts\/25430\/revisions"}],"predecessor-version":[{"id":25477,"href":"https:\/\/blogdoprosperi.com\/index.php?rest_route=\/wp\/v2\/posts\/25430\/revisions\/25477"}],"wp:attachment":[{"href":"https:\/\/blogdoprosperi.com\/index.php?rest_route=%2Fwp%2Fv2%2Fmedia&parent=25430"}],"wp:term":[{"taxonomy":"category","embeddable":true,"href":"https:\/\/blogdoprosperi.com\/index.php?rest_route=%2Fwp%2Fv2%2Fcategories&post=25430"},{"taxonomy":"post_tag","embeddable":true,"href":"https:\/\/blogdoprosperi.com\/index.php?rest_route=%2Fwp%2Fv2%2Ftags&post=25430"}],"curies":[{"name":"wp","href":"https:\/\/api.w.org\/{rel}","templated":true}]}}