{"id":25478,"date":"2016-09-14T21:48:19","date_gmt":"2016-09-15T00:48:19","guid":{"rendered":"http:\/\/blogdoprosperi.com\/?p=25478"},"modified":"2016-09-14T21:48:19","modified_gmt":"2016-09-15T00:48:19","slug":"santos-acaba-com-a-graca-do-botafogo-e-cola-nos-lideres-do-brasileirao","status":"publish","type":"post","link":"https:\/\/blogdoprosperi.com\/?p=25478","title":{"rendered":"Santos acaba com a gra\u00e7a do Botafogo e cola nos l\u00edderes do Brasileir\u00e3o"},"content":{"rendered":"<p><span class=\"alignnone\"><img data-recalc-dims=\"1\" loading=\"lazy\" decoding=\"async\" data-attachment-id=\"25512\" data-permalink=\"https:\/\/blogdoprosperi.com\/?attachment_id=25512\" data-orig-file=\"https:\/\/i0.wp.com\/blogdoprosperi.com\/wp-content\/uploads\/2016\/09\/cdg20160914120.jpg?fit=640%2C360&amp;ssl=1\" data-orig-size=\"640,360\" data-comments-opened=\"1\" data-image-meta=\"{&quot;aperture&quot;:&quot;0&quot;,&quot;credit&quot;:&quot;&quot;,&quot;camera&quot;:&quot;&quot;,&quot;caption&quot;:&quot;&quot;,&quot;created_timestamp&quot;:&quot;0&quot;,&quot;copyright&quot;:&quot;&quot;,&quot;focal_length&quot;:&quot;0&quot;,&quot;iso&quot;:&quot;0&quot;,&quot;shutter_speed&quot;:&quot;0&quot;,&quot;title&quot;:&quot;&quot;,&quot;orientation&quot;:&quot;0&quot;}\" data-image-title=\"cdg20160914120\" data-image-description=\"\" data-image-caption=\"\" data-large-file=\"https:\/\/i0.wp.com\/blogdoprosperi.com\/wp-content\/uploads\/2016\/09\/cdg20160914120.jpg?fit=640%2C360&amp;ssl=1\" class=\"alignnone size-full wp-image-25512\" src=\"https:\/\/i0.wp.com\/blogdoprosperi.com\/wp-content\/uploads\/2016\/09\/cdg20160914120.jpg?resize=640%2C360&#038;ssl=1\" alt=\"cdg20160914120\" width=\"640\" height=\"360\" \/><\/span><\/p>\n<p>Santos confirma sua recupera\u00e7\u00e3o no Campeonato Brasileiro ao enquadrar o Botafogo na sua arena na Ilha do Governador, de p\u00e9ssimo gramado e favor\u00e1vel \u00e0 press\u00e3o do dono do al\u00e7ap\u00e3o. Venceu por 1 a 0, gol de Zeca, e colocou fim na sequ\u00eancia de vit\u00f3rias do time carioca. Detalhes importantes: o Santos volta a se impor fora de casa, depois de uma longa carestia, chega aos 42 pontos e continua na briga por algo grandioso no Brasileir\u00e3o-2016.<\/p>\n<p>A vit\u00f3ria se justifica pelo primeiro tempo do time de Dorival J\u00fanior, que teve Victor Ferraz, Lucas Lima e Ricardo Oliveira de volta ap\u00f3s cumprirem suspens\u00e3o no cl\u00e1ssico conta o Corinthians. Os tr\u00eas deram mais estabilidade e confian\u00e7a \u00e0 equipe.<\/p>\n<p>Lucas Lima, mais centrado e sem tintura no cabelo, se entregou ao time. Deixou a vaidade de lado, o estrelismo e correu como h\u00e1 muito n\u00e3o se via. Discutiu pouco, n\u00e3o arrumou confus\u00e3o com a arbitragem. Enfim, voltou a ser \u00fatil. E isso ajuda a fazer a diferen\u00e7a.<\/p>\n<p>Outra virtude do Santos se viu no sistema defensivo. Laterais Zeca e Victor Ferraz se preocuparam mais em defender a atacar no segundo tempo. Renato e Thiago Maia tamb\u00e9m sa\u00edram pouco l\u00e1 de tr\u00e1s e suportaram bem a press\u00e3o do Botafogo, que martelou, martelou e n\u00e3o quebrou o muro santista.<\/p>\n<p>Fato lament\u00e1vel se deu na sa\u00edda do campo, no intervalo do jogo, quando pelo menos seis integrantes da comiss\u00e3o t\u00e9cnica partiram para cima dos integrantes da arbitragem, que sa\u00edram correndo e se socorreram nos vesti\u00e1rios. Esse incidente pode custar caro ao Botafogo.<\/p>\n<p><strong>FICHA DO JOGO<\/strong><\/p>\n<p><strong>Botafogo 0 x 1 Santos<\/strong><\/p>\n<p><strong>Gol<\/strong>: Zeca, aos 3 minutos do primeiro tempo<\/p>\n<div id=\"texto\">\n<div><strong>Juiz:<\/strong>\u00a0Paulo H Schleich Vollkopf<br \/>\n<strong>Renda:<\/strong>\u00a0R$ 185.240,00<br \/>\n<strong>P\u00fablico:<\/strong> 11.422 pagantes<\/div>\n<div><strong>Cart\u00f5es amarelos:<\/strong>\u00a0Jean Mota (Santos); Bruno Silva (Botafogo)<\/div>\n<div><\/div>\n<div><strong>Botafogo:<\/strong>\u00a0Sid\u00e3o; Emerson Santos (Rodrigo Pimp\u00e3o), Renan Fonseca, Emerson Silva e Diogo Barbosa; Victor Luis, Bruno Silva, Dudu Cearense e Camilo; Neilton e Canales.\u00a0<strong>T\u00e9cnico:<\/strong> Jair Ventura<\/div>\n<div><\/div>\n<div><strong>Santos<\/strong>: Vanderlei; Victor Ferraz (Caju), Gustavo Henrique, David Braz e Zeca; Renato, Thiago Maia, Lucas Lima e Vitor Bueno (Yuri); Jean Mota e Ricardo Oliveira.\u00a0<strong>T\u00e9cnico<\/strong>: Dorival Jr.<\/div>\n<\/div>\n<p>&nbsp;<\/p>\n","protected":false},"excerpt":{"rendered":"<p>Santos confirma sua recupera\u00e7\u00e3o no Campeonato Brasileiro ao enquadrar o Botafogo na sua arena na Ilha do Governador, [&hellip;]<\/p>\n","protected":false},"author":102107496,"featured_media":0,"comment_status":"open","ping_status":"open","sticky":false,"template":"","format":"standard","meta":{"_coblocks_attr":"","_coblocks_dimensions":"","_coblocks_responsive_height":"","_coblocks_accordion_ie_support":"","_jetpack_newsletter_access":"","_jetpack_dont_email_post_to_subs":false,"_jetpack_newsletter_tier_id":0,"_jetpack_memberships_contains_paywalled_content":false,"_wpcom_ai_launchpad_first_post":false,"_jetpack_feature_clip_id":0,"_jetpack_memberships_contains_paid_content":false,"footnotes":"","jetpack_publicize_message":"","jetpack_publicize_feature_enabled":true,"jetpack_social_post_already_shared":false,"jetpack_social_options":{"image_generator_settings":{"template":"highway","default_image_id":0,"font":"","enabled":false},"version":2},"jetpack_post_was_ever_published":false},"categories":[355071,53870],"tags":[1824317,12276918,362595295,789560566,789560560,2588859,1530033],"class_list":["post-25478","post","type-post","status-publish","format-standard","hentry","category-campeonato-brasileiro","category-futebol","tag-botafogo-fr","tag-botafogo-x-santos","tag-brasileirao-2016","tag-campeonato-brasileiro","tag-futebol","tag-santos-fc","tag-zeca"],"yoast_head":"<!-- This site is optimized with the Yoast SEO plugin v28.3 - https:\/\/yoast.com\/product\/yoast-seo-wordpress\/ -->\n<title>Santos acaba com a gra\u00e7a do Botafogo e cola nos l\u00edderes do Brasileir\u00e3o - PR\u00d3SPERI NEWS<\/title>\n<meta name=\"robots\" content=\"index, follow, max-snippet:-1, max-image-preview:large, max-video-preview:-1\" \/>\n<link rel=\"canonical\" href=\"https:\/\/blogdoprosperi.com\/?p=25478\" \/>\n<meta property=\"og:locale\" content=\"pt_BR\" \/>\n<meta property=\"og:type\" content=\"article\" \/>\n<meta property=\"og:title\" content=\"Santos acaba com a gra\u00e7a do Botafogo e cola nos l\u00edderes do Brasileir\u00e3o - PR\u00d3SPERI NEWS\" \/>\n<meta property=\"og:description\" content=\"Santos confirma sua recupera\u00e7\u00e3o no Campeonato Brasileiro ao enquadrar o Botafogo na sua arena na Ilha do Governador, [&hellip;]\" \/>\n<meta property=\"og:url\" content=\"https:\/\/blogdoprosperi.com\/?p=25478\" \/>\n<meta property=\"og:site_name\" content=\"PR\u00d3SPERI NEWS\" \/>\n<meta property=\"article:publisher\" content=\"Luiz Pr\u00f3speri\" \/>\n<meta property=\"article:author\" content=\"Luiz Pr\u00f3speri\" \/>\n<meta property=\"article:published_time\" content=\"2016-09-15T00:48:19+00:00\" \/>\n<meta property=\"og:image\" content=\"https:\/\/blogdoprosperi.com\/wp-content\/uploads\/2016\/09\/cdg20160914120.jpg\" \/>\n<meta name=\"author\" content=\"Luiz Ant\u00f4nio Pr\u00f3speri\" \/>\n<meta name=\"twitter:card\" content=\"summary_large_image\" \/>\n<meta name=\"twitter:creator\" content=\"@Luizprosperi\" \/>\n<meta name=\"twitter:site\" content=\"@Luizprosperi\" \/>\n<meta name=\"twitter:label1\" content=\"Escrito por\" \/>\n\t<meta name=\"twitter:data1\" content=\"Luiz Ant\u00f4nio Pr\u00f3speri\" \/>\n\t<meta name=\"twitter:label2\" content=\"Est. tempo de leitura\" \/>\n\t<meta name=\"twitter:data2\" content=\"2 minutos\" \/>\n<script type=\"application\/ld+json\" class=\"yoast-schema-graph\">{\"@context\":\"https:\\\/\\\/schema.org\",\"@graph\":[{\"@type\":\"Article\",\"@id\":\"https:\\\/\\\/blogdoprosperi.com\\\/?p=25478#article\",\"isPartOf\":{\"@id\":\"https:\\\/\\\/blogdoprosperi.com\\\/?p=25478\"},\"author\":{\"name\":\"Luiz Ant\u00f4nio Pr\u00f3speri\",\"@id\":\"https:\\\/\\\/blogdoprosperi.com\\\/#\\\/schema\\\/person\\\/38100755ce3601861ee4fab9b5aa78e9\"},\"headline\":\"Santos acaba com a gra\u00e7a do Botafogo e cola nos l\u00edderes do Brasileir\u00e3o\",\"datePublished\":\"2016-09-15T00:48:19+00:00\",\"mainEntityOfPage\":{\"@id\":\"https:\\\/\\\/blogdoprosperi.com\\\/?p=25478\"},\"wordCount\":390,\"commentCount\":1,\"publisher\":{\"@id\":\"https:\\\/\\\/blogdoprosperi.com\\\/#\\\/schema\\\/person\\\/38100755ce3601861ee4fab9b5aa78e9\"},\"image\":{\"@id\":\"https:\\\/\\\/blogdoprosperi.com\\\/?p=25478#primaryimage\"},\"thumbnailUrl\":\"https:\\\/\\\/blogdoprosperi.com\\\/wp-content\\\/uploads\\\/2016\\\/09\\\/cdg20160914120.jpg\",\"keywords\":[\"Botafogo FR\",\"Botafogo x Santos\",\"Brasileir\u00e3o-2016\",\"Campeonato Brasileiro\",\"futebol\",\"Santos FC\",\"Zeca\"],\"articleSection\":[\"Campeonato Brasileiro\",\"futebol\"],\"inLanguage\":\"pt-BR\",\"potentialAction\":[{\"@type\":\"CommentAction\",\"name\":\"Comment\",\"target\":[\"https:\\\/\\\/blogdoprosperi.com\\\/?p=25478#respond\"]}]},{\"@type\":\"WebPage\",\"@id\":\"https:\\\/\\\/blogdoprosperi.com\\\/?p=25478\",\"url\":\"https:\\\/\\\/blogdoprosperi.com\\\/?p=25478\",\"name\":\"Santos acaba com a gra\u00e7a do Botafogo e cola nos l\u00edderes do Brasileir\u00e3o - PR\u00d3SPERI NEWS\",\"isPartOf\":{\"@id\":\"https:\\\/\\\/blogdoprosperi.com\\\/#website\"},\"primaryImageOfPage\":{\"@id\":\"https:\\\/\\\/blogdoprosperi.com\\\/?p=25478#primaryimage\"},\"image\":{\"@id\":\"https:\\\/\\\/blogdoprosperi.com\\\/?p=25478#primaryimage\"},\"thumbnailUrl\":\"https:\\\/\\\/blogdoprosperi.com\\\/wp-content\\\/uploads\\\/2016\\\/09\\\/cdg20160914120.jpg\",\"datePublished\":\"2016-09-15T00:48:19+00:00\",\"breadcrumb\":{\"@id\":\"https:\\\/\\\/blogdoprosperi.com\\\/?p=25478#breadcrumb\"},\"inLanguage\":\"pt-BR\",\"potentialAction\":[{\"@type\":\"ReadAction\",\"target\":[\"https:\\\/\\\/blogdoprosperi.com\\\/?p=25478\"]}]},{\"@type\":\"ImageObject\",\"inLanguage\":\"pt-BR\",\"@id\":\"https:\\\/\\\/blogdoprosperi.com\\\/?p=25478#primaryimage\",\"url\":\"https:\\\/\\\/i0.wp.com\\\/blogdoprosperi.com\\\/wp-content\\\/uploads\\\/2016\\\/09\\\/cdg20160914120.jpg?fit=640%2C360&ssl=1\",\"contentUrl\":\"https:\\\/\\\/i0.wp.com\\\/blogdoprosperi.com\\\/wp-content\\\/uploads\\\/2016\\\/09\\\/cdg20160914120.jpg?fit=640%2C360&ssl=1\",\"width\":640,\"height\":360},{\"@type\":\"BreadcrumbList\",\"@id\":\"https:\\\/\\\/blogdoprosperi.com\\\/?p=25478#breadcrumb\",\"itemListElement\":[{\"@type\":\"ListItem\",\"position\":1,\"name\":\"In\u00edcio\",\"item\":\"https:\\\/\\\/blogdoprosperi.com\\\/\"},{\"@type\":\"ListItem\",\"position\":2,\"name\":\"Santos acaba com a gra\u00e7a do Botafogo e cola nos l\u00edderes do Brasileir\u00e3o\"}]},{\"@type\":\"WebSite\",\"@id\":\"https:\\\/\\\/blogdoprosperi.com\\\/#website\",\"url\":\"https:\\\/\\\/blogdoprosperi.com\\\/\",\"name\":\"PR\u00d3SPERI NEWS\",\"description\":\"TUDO \u00c9  FUTEBOL\",\"publisher\":{\"@id\":\"https:\\\/\\\/blogdoprosperi.com\\\/#\\\/schema\\\/person\\\/38100755ce3601861ee4fab9b5aa78e9\"},\"alternateName\":\"blogdoprosperi.com\",\"potentialAction\":[{\"@type\":\"SearchAction\",\"target\":{\"@type\":\"EntryPoint\",\"urlTemplate\":\"https:\\\/\\\/blogdoprosperi.com\\\/?s={search_term_string}\"},\"query-input\":{\"@type\":\"PropertyValueSpecification\",\"valueRequired\":true,\"valueName\":\"search_term_string\"}}],\"inLanguage\":\"pt-BR\"},{\"@type\":[\"Person\",\"Organization\"],\"@id\":\"https:\\\/\\\/blogdoprosperi.com\\\/#\\\/schema\\\/person\\\/38100755ce3601861ee4fab9b5aa78e9\",\"name\":\"Luiz Ant\u00f4nio Pr\u00f3speri\",\"pronouns\":\"ele\",\"image\":{\"@type\":\"ImageObject\",\"inLanguage\":\"pt-BR\",\"@id\":\"https:\\\/\\\/i0.wp.com\\\/blogdoprosperi.com\\\/wp-content\\\/uploads\\\/2026\\\/05\\\/cropped-8059e613-6002-42fa-961e-8e275f575d71-2-5.jpg?fit=1360%2C931&ssl=1\",\"url\":\"https:\\\/\\\/i0.wp.com\\\/blogdoprosperi.com\\\/wp-content\\\/uploads\\\/2026\\\/05\\\/cropped-8059e613-6002-42fa-961e-8e275f575d71-2-5.jpg?fit=1360%2C931&ssl=1\",\"contentUrl\":\"https:\\\/\\\/i0.wp.com\\\/blogdoprosperi.com\\\/wp-content\\\/uploads\\\/2026\\\/05\\\/cropped-8059e613-6002-42fa-961e-8e275f575d71-2-5.jpg?fit=1360%2C931&ssl=1\",\"width\":1360,\"height\":931,\"caption\":\"Luiz Ant\u00f4nio Pr\u00f3speri\"},\"logo\":{\"@id\":\"https:\\\/\\\/i0.wp.com\\\/blogdoprosperi.com\\\/wp-content\\\/uploads\\\/2026\\\/05\\\/cropped-8059e613-6002-42fa-961e-8e275f575d71-2-5.jpg?fit=1360%2C931&ssl=1\"},\"description\":\"Jornalista com carreira dedicada ao esporte. Cobriu 9 Copas do Mundo in loco, 1990 na It\u00e1lia, 1994 nos EUA, 1998 na Fran\u00e7a, 2002 na Coreia do Sul e Jap\u00e3o, 2006 na Alemanha, 2010 na \u00c1frica do Sul, 2014 no Brasil, 2018 na R\u00fassia e 2022 no Qatar. Eurocopas, 1992 na Su\u00e9cia e 1996 na Inglaterra. Copa das Confedera\u00e7\u00f5es de 2005 na Alemanha e 2009 na \u00c1frica do Sul. Rep\u00f3rter e Editor, trabalhou no Jornal da Tarde e Estad\u00e3o, de 1984 a fevereiro de 2016. Colunista, blogueiro. E comentarista de futebol na R\u00e1dio Estad\u00e3o, de 2013 a fevereiro de 2016. Jornalista respons\u00e1vel do \\\"Pr\u00f3speri News\\\" (blogdoprosperi.com).\",\"sameAs\":[\"http:\\\/\\\/blogdoprosperi.com\",\"Luiz Pr\u00f3speri\",\"@luiz_prosperi\",\"https:\\\/\\\/x.com\\\/Luizprosperi\",\"@prosperinacopa\",\"luiz.prosperi@icloud.com\"],\"url\":\"https:\\\/\\\/blogdoprosperi.com\\\/?author=102107496\"}]}<\/script>\n<!-- \/ Yoast SEO plugin. -->","yoast_head_json":{"title":"Santos acaba com a gra\u00e7a do Botafogo e cola nos l\u00edderes do Brasileir\u00e3o - PR\u00d3SPERI NEWS","robots":{"index":"index","follow":"follow","max-snippet":"max-snippet:-1","max-image-preview":"max-image-preview:large","max-video-preview":"max-video-preview:-1"},"canonical":"https:\/\/blogdoprosperi.com\/?p=25478","og_locale":"pt_BR","og_type":"article","og_title":"Santos acaba com a gra\u00e7a do Botafogo e cola nos l\u00edderes do Brasileir\u00e3o - PR\u00d3SPERI NEWS","og_description":"Santos confirma sua recupera\u00e7\u00e3o no Campeonato Brasileiro ao enquadrar o Botafogo na sua arena na Ilha do Governador, [&hellip;]","og_url":"https:\/\/blogdoprosperi.com\/?p=25478","og_site_name":"PR\u00d3SPERI NEWS","article_publisher":"Luiz Pr\u00f3speri","article_author":"Luiz Pr\u00f3speri","article_published_time":"2016-09-15T00:48:19+00:00","og_image":[{"url":"https:\/\/blogdoprosperi.com\/wp-content\/uploads\/2016\/09\/cdg20160914120.jpg","type":"","width":"","height":""}],"author":"Luiz Ant\u00f4nio Pr\u00f3speri","twitter_card":"summary_large_image","twitter_creator":"@Luizprosperi","twitter_site":"@Luizprosperi","twitter_misc":{"Escrito por":"Luiz Ant\u00f4nio Pr\u00f3speri","Est. tempo de leitura":"2 minutos"},"schema":{"@context":"https:\/\/schema.org","@graph":[{"@type":"Article","@id":"https:\/\/blogdoprosperi.com\/?p=25478#article","isPartOf":{"@id":"https:\/\/blogdoprosperi.com\/?p=25478"},"author":{"name":"Luiz Ant\u00f4nio Pr\u00f3speri","@id":"https:\/\/blogdoprosperi.com\/#\/schema\/person\/38100755ce3601861ee4fab9b5aa78e9"},"headline":"Santos acaba com a gra\u00e7a do Botafogo e cola nos l\u00edderes do Brasileir\u00e3o","datePublished":"2016-09-15T00:48:19+00:00","mainEntityOfPage":{"@id":"https:\/\/blogdoprosperi.com\/?p=25478"},"wordCount":390,"commentCount":1,"publisher":{"@id":"https:\/\/blogdoprosperi.com\/#\/schema\/person\/38100755ce3601861ee4fab9b5aa78e9"},"image":{"@id":"https:\/\/blogdoprosperi.com\/?p=25478#primaryimage"},"thumbnailUrl":"https:\/\/blogdoprosperi.com\/wp-content\/uploads\/2016\/09\/cdg20160914120.jpg","keywords":["Botafogo FR","Botafogo x Santos","Brasileir\u00e3o-2016","Campeonato Brasileiro","futebol","Santos FC","Zeca"],"articleSection":["Campeonato Brasileiro","futebol"],"inLanguage":"pt-BR","potentialAction":[{"@type":"CommentAction","name":"Comment","target":["https:\/\/blogdoprosperi.com\/?p=25478#respond"]}]},{"@type":"WebPage","@id":"https:\/\/blogdoprosperi.com\/?p=25478","url":"https:\/\/blogdoprosperi.com\/?p=25478","name":"Santos acaba com a gra\u00e7a do Botafogo e cola nos l\u00edderes do Brasileir\u00e3o - PR\u00d3SPERI NEWS","isPartOf":{"@id":"https:\/\/blogdoprosperi.com\/#website"},"primaryImageOfPage":{"@id":"https:\/\/blogdoprosperi.com\/?p=25478#primaryimage"},"image":{"@id":"https:\/\/blogdoprosperi.com\/?p=25478#primaryimage"},"thumbnailUrl":"https:\/\/blogdoprosperi.com\/wp-content\/uploads\/2016\/09\/cdg20160914120.jpg","datePublished":"2016-09-15T00:48:19+00:00","breadcrumb":{"@id":"https:\/\/blogdoprosperi.com\/?p=25478#breadcrumb"},"inLanguage":"pt-BR","potentialAction":[{"@type":"ReadAction","target":["https:\/\/blogdoprosperi.com\/?p=25478"]}]},{"@type":"ImageObject","inLanguage":"pt-BR","@id":"https:\/\/blogdoprosperi.com\/?p=25478#primaryimage","url":"https:\/\/i0.wp.com\/blogdoprosperi.com\/wp-content\/uploads\/2016\/09\/cdg20160914120.jpg?fit=640%2C360&ssl=1","contentUrl":"https:\/\/i0.wp.com\/blogdoprosperi.com\/wp-content\/uploads\/2016\/09\/cdg20160914120.jpg?fit=640%2C360&ssl=1","width":640,"height":360},{"@type":"BreadcrumbList","@id":"https:\/\/blogdoprosperi.com\/?p=25478#breadcrumb","itemListElement":[{"@type":"ListItem","position":1,"name":"In\u00edcio","item":"https:\/\/blogdoprosperi.com\/"},{"@type":"ListItem","position":2,"name":"Santos acaba com a gra\u00e7a do Botafogo e cola nos l\u00edderes do Brasileir\u00e3o"}]},{"@type":"WebSite","@id":"https:\/\/blogdoprosperi.com\/#website","url":"https:\/\/blogdoprosperi.com\/","name":"PR\u00d3SPERI NEWS","description":"TUDO \u00c9  FUTEBOL","publisher":{"@id":"https:\/\/blogdoprosperi.com\/#\/schema\/person\/38100755ce3601861ee4fab9b5aa78e9"},"alternateName":"blogdoprosperi.com","potentialAction":[{"@type":"SearchAction","target":{"@type":"EntryPoint","urlTemplate":"https:\/\/blogdoprosperi.com\/?s={search_term_string}"},"query-input":{"@type":"PropertyValueSpecification","valueRequired":true,"valueName":"search_term_string"}}],"inLanguage":"pt-BR"},{"@type":["Person","Organization"],"@id":"https:\/\/blogdoprosperi.com\/#\/schema\/person\/38100755ce3601861ee4fab9b5aa78e9","name":"Luiz Ant\u00f4nio Pr\u00f3speri","pronouns":"ele","image":{"@type":"ImageObject","inLanguage":"pt-BR","@id":"https:\/\/i0.wp.com\/blogdoprosperi.com\/wp-content\/uploads\/2026\/05\/cropped-8059e613-6002-42fa-961e-8e275f575d71-2-5.jpg?fit=1360%2C931&ssl=1","url":"https:\/\/i0.wp.com\/blogdoprosperi.com\/wp-content\/uploads\/2026\/05\/cropped-8059e613-6002-42fa-961e-8e275f575d71-2-5.jpg?fit=1360%2C931&ssl=1","contentUrl":"https:\/\/i0.wp.com\/blogdoprosperi.com\/wp-content\/uploads\/2026\/05\/cropped-8059e613-6002-42fa-961e-8e275f575d71-2-5.jpg?fit=1360%2C931&ssl=1","width":1360,"height":931,"caption":"Luiz Ant\u00f4nio Pr\u00f3speri"},"logo":{"@id":"https:\/\/i0.wp.com\/blogdoprosperi.com\/wp-content\/uploads\/2026\/05\/cropped-8059e613-6002-42fa-961e-8e275f575d71-2-5.jpg?fit=1360%2C931&ssl=1"},"description":"Jornalista com carreira dedicada ao esporte. Cobriu 9 Copas do Mundo in loco, 1990 na It\u00e1lia, 1994 nos EUA, 1998 na Fran\u00e7a, 2002 na Coreia do Sul e Jap\u00e3o, 2006 na Alemanha, 2010 na \u00c1frica do Sul, 2014 no Brasil, 2018 na R\u00fassia e 2022 no Qatar. Eurocopas, 1992 na Su\u00e9cia e 1996 na Inglaterra. Copa das Confedera\u00e7\u00f5es de 2005 na Alemanha e 2009 na \u00c1frica do Sul. Rep\u00f3rter e Editor, trabalhou no Jornal da Tarde e Estad\u00e3o, de 1984 a fevereiro de 2016. Colunista, blogueiro. E comentarista de futebol na R\u00e1dio Estad\u00e3o, de 2013 a fevereiro de 2016. Jornalista respons\u00e1vel do \"Pr\u00f3speri News\" (blogdoprosperi.com).","sameAs":["http:\/\/blogdoprosperi.com","Luiz Pr\u00f3speri","@luiz_prosperi","https:\/\/x.com\/Luizprosperi","@prosperinacopa","luiz.prosperi@icloud.com"],"url":"https:\/\/blogdoprosperi.com\/?author=102107496"}]}},"jetpack_publicize_connections":[],"jetpack_likes_enabled":false,"jetpack_sharing_enabled":true,"jetpack_shortlink":"https:\/\/wp.me\/p7jvdk-6CW","jetpack-related-posts":[{"id":8786,"url":"https:\/\/blogdoprosperi.com\/?p=8786","url_meta":{"origin":25478,"position":0},"title":"Santos se reabilita gra\u00e7as ao lanterna Botafogo, candidato a voltar \u00e0 S\u00e9rie B","author":"Luiz Ant\u00f4nio Pr\u00f3speri","date":"5 de junho de 2016","format":false,"excerpt":"Nada como pegar o Botafogo para se reabilitar no Campeonato Brasileiro. Sorte do Santos. Ap\u00f3s duas derrotas consecutivas (Internacional e Corinthians), recebeu o time carioca nesta manh\u00e3 de domingo no Pacaembu e com muita facilidade venceu por 3 a 0. A vit\u00f3ria indica que a op\u00e7\u00e3o do Santos, sem Gabigol\u2026","rel":"","context":"Em &quot;Campeonato Brasileiro&quot;","block_context":{"text":"Campeonato Brasileiro","link":"https:\/\/blogdoprosperi.com\/?cat=355071"},"img":{"alt_text":"","src":"https:\/\/i0.wp.com\/blogdoprosperi.com\/wp-content\/uploads\/2016\/06\/6ba575726669f67fde8c6c2fa9227f2f.jpg?resize=350%2C200&ssl=1","width":350,"height":200,"srcset":"https:\/\/i0.wp.com\/blogdoprosperi.com\/wp-content\/uploads\/2016\/06\/6ba575726669f67fde8c6c2fa9227f2f.jpg?resize=350%2C200&ssl=1 1x, https:\/\/i0.wp.com\/blogdoprosperi.com\/wp-content\/uploads\/2016\/06\/6ba575726669f67fde8c6c2fa9227f2f.jpg?resize=525%2C300&ssl=1 1.5x"},"classes":[]},{"id":24502,"url":"https:\/\/blogdoprosperi.com\/?p=24502","url_meta":{"origin":25478,"position":1},"title":"Brasileir\u00e3o-2016: veja 7 an\u00e1lises dos jogos da 24\u00aa rodada","author":"Luiz Ant\u00f4nio Pr\u00f3speri","date":"12 de setembro de 2016","format":false,"excerpt":"12 de setembro de 2016 - 12h50 -\u00a0Veja an\u00e1lises e proje\u00e7\u00f5es de temas da 24.\u00aa rodada do Campeonato Brasileiro que deixa o Palmeiras a um ponto de frente do Flamengo. E ainda um relat\u00f3rio da CBF sobre bola rolando at\u00e9 a 22.\u00aa rodada. 1. Palmeiras entra na semana de decis\u00f5es\u2026","rel":"","context":"Em &quot;Campeonato Brasileiro&quot;","block_context":{"text":"Campeonato Brasileiro","link":"https:\/\/blogdoprosperi.com\/?cat=355071"},"img":{"alt_text":"","src":"https:\/\/i0.wp.com\/blogdoprosperi.com\/wp-content\/uploads\/2016\/09\/rib_7534.jpg?resize=350%2C200","width":350,"height":200},"classes":[]},{"id":23173,"url":"https:\/\/blogdoprosperi.com\/?p=23173","url_meta":{"origin":25478,"position":2},"title":"Santos perde f\u00f4lego no Brasileir\u00e3o na despedida de Gabigol","author":"Luiz Ant\u00f4nio Pr\u00f3speri","date":"28 de agosto de 2016","format":false,"excerpt":"\u00a0 Santos come\u00e7a a colher suas tempestades no Campeonato Brasileiro. No momento de mostrar for\u00e7a, como no longo per\u00edodo em que ficou sem seus tr\u00eas jogadores a servi\u00e7o da Sele\u00e7\u00e3o Ol\u00edmpica, padece. Ao perder do Figueirense por 1 a 0 neste domingo (28\/8), emendou derrotas a times que brigam contra\u2026","rel":"","context":"Em &quot;Campeonato Brasileiro&quot;","block_context":{"text":"Campeonato Brasileiro","link":"https:\/\/blogdoprosperi.com\/?cat=355071"},"img":{"alt_text":"","src":"https:\/\/i0.wp.com\/blogdoprosperi.com\/wp-content\/uploads\/2016\/08\/0sj951qqo3tha5i9hcvt0xzcu.jpg?resize=350%2C200&ssl=1","width":350,"height":200,"srcset":"https:\/\/i0.wp.com\/blogdoprosperi.com\/wp-content\/uploads\/2016\/08\/0sj951qqo3tha5i9hcvt0xzcu.jpg?resize=350%2C200&ssl=1 1x, https:\/\/i0.wp.com\/blogdoprosperi.com\/wp-content\/uploads\/2016\/08\/0sj951qqo3tha5i9hcvt0xzcu.jpg?resize=525%2C300&ssl=1 1.5x, https:\/\/i0.wp.com\/blogdoprosperi.com\/wp-content\/uploads\/2016\/08\/0sj951qqo3tha5i9hcvt0xzcu.jpg?resize=700%2C400&ssl=1 2x"},"classes":[]},{"id":5805,"url":"https:\/\/blogdoprosperi.com\/?p=5805","url_meta":{"origin":25478,"position":3},"title":"S\u00e3o Paulo dos garotos despacha o med\u00edocre Botafogo","author":"Luiz Ant\u00f4nio Pr\u00f3speri","date":"15 de maio de 2016","format":false,"excerpt":"\u00a0 Reservas do S\u00e3o Paulo deram ao treinador argentino Edgardo Bauza um alento sobre o futuro do time no Campeonato Brasileiro. N\u00e3o jogaram um bol\u00e3o, de encantar serpentes, mas mostraram disposi\u00e7\u00e3o e muita valentia na vit\u00f3ria por 1 a 0 contra o Botafogo neste domingo. Quanto ao advers\u00e1rio, de volta\u2026","rel":"","context":"Em &quot;Campeonato Brasileiro&quot;","block_context":{"text":"Campeonato Brasileiro","link":"https:\/\/blogdoprosperi.com\/?cat=355071"},"img":{"alt_text":"","src":"https:\/\/i0.wp.com\/blogdoprosperi.com\/wp-content\/uploads\/2016\/05\/8k1a6710.jpg?resize=350%2C200&ssl=1","width":350,"height":200,"srcset":"https:\/\/i0.wp.com\/blogdoprosperi.com\/wp-content\/uploads\/2016\/05\/8k1a6710.jpg?resize=350%2C200&ssl=1 1x, https:\/\/i0.wp.com\/blogdoprosperi.com\/wp-content\/uploads\/2016\/05\/8k1a6710.jpg?resize=525%2C300&ssl=1 1.5x"},"classes":[]},{"id":24809,"url":"https:\/\/blogdoprosperi.com\/?p=24809","url_meta":{"origin":25478,"position":4},"title":"Campeonato Brasileiro est\u00e1 manchado e CBF manipula arbitragem, diz presidente do Santos","author":"Luiz Ant\u00f4nio Pr\u00f3speri","date":"9 de setembro de 2016","format":false,"excerpt":"Presidente Modesto Roma J\u00fanior disse que a arbitragem do jogo Internacional 2 x 1 Santos, nesta quinta-feira (08\/9), \"foi uma vagabundagem\" e a favoreceu aos quatro clubes que brigam pelo t\u00edtulo e aos que lutam contra o rebaixamento. E falou grosso: \"Campeonato Brasileiro est\u00e1 manchado\". Neste jogo no Beira-Rio, o\u2026","rel":"","context":"Em &quot;Campeonato Brasileiro&quot;","block_context":{"text":"Campeonato Brasileiro","link":"https:\/\/blogdoprosperi.com\/?cat=355071"},"img":{"alt_text":"","src":"https:\/\/i0.wp.com\/blogdoprosperi.com\/wp-content\/uploads\/2016\/09\/5292622_640x360.jpg?resize=350%2C200&ssl=1","width":350,"height":200,"srcset":"https:\/\/i0.wp.com\/blogdoprosperi.com\/wp-content\/uploads\/2016\/09\/5292622_640x360.jpg?resize=350%2C200&ssl=1 1x, https:\/\/i0.wp.com\/blogdoprosperi.com\/wp-content\/uploads\/2016\/09\/5292622_640x360.jpg?resize=525%2C300&ssl=1 1.5x"},"classes":[]},{"id":18301,"url":"https:\/\/blogdoprosperi.com\/?p=18301","url_meta":{"origin":25478,"position":5},"title":"Santos supera Cruzeiro e seu treinador credencia time na corrida pelo t\u00edtulo","author":"Luiz Ant\u00f4nio Pr\u00f3speri","date":"31 de julho de 2016","format":false,"excerpt":"Dorival J\u00fanior projeta o Santos na briga pelo t\u00edtulo do Campeonato Brasileiro se n\u00e3o perder seus principais jogadores na janela de transfer\u00eancia, com fechamento no dia 30 de agosto. O treinador admitiu essa possibilidade logo ap\u00f3s a vit\u00f3ria do seu time diante do Cruzeiro por 2 a 0 neste domingo\u2026","rel":"","context":"Em &quot;Campeonato Brasileiro&quot;","block_context":{"text":"Campeonato Brasileiro","link":"https:\/\/blogdoprosperi.com\/?cat=355071"},"img":{"alt_text":"","src":"https:\/\/i0.wp.com\/blogdoprosperi.com\/wp-content\/uploads\/2016\/07\/santos-x-cruzeiro_fxzs9qlo0f721aa57xtfhbmga.jpg?resize=350%2C200&ssl=1","width":350,"height":200,"srcset":"https:\/\/i0.wp.com\/blogdoprosperi.com\/wp-content\/uploads\/2016\/07\/santos-x-cruzeiro_fxzs9qlo0f721aa57xtfhbmga.jpg?resize=350%2C200&ssl=1 1x, https:\/\/i0.wp.com\/blogdoprosperi.com\/wp-content\/uploads\/2016\/07\/santos-x-cruzeiro_fxzs9qlo0f721aa57xtfhbmga.jpg?resize=525%2C300&ssl=1 1.5x"},"classes":[]}],"jetpack_featured_media_url":"","_links":{"self":[{"href":"https:\/\/blogdoprosperi.com\/index.php?rest_route=\/wp\/v2\/posts\/25478","targetHints":{"allow":["GET"]}}],"collection":[{"href":"https:\/\/blogdoprosperi.com\/index.php?rest_route=\/wp\/v2\/posts"}],"about":[{"href":"https:\/\/blogdoprosperi.com\/index.php?rest_route=\/wp\/v2\/types\/post"}],"author":[{"embeddable":true,"href":"https:\/\/blogdoprosperi.com\/index.php?rest_route=\/wp\/v2\/users\/102107496"}],"replies":[{"embeddable":true,"href":"https:\/\/blogdoprosperi.com\/index.php?rest_route=%2Fwp%2Fv2%2Fcomments&post=25478"}],"version-history":[{"count":25,"href":"https:\/\/blogdoprosperi.com\/index.php?rest_route=\/wp\/v2\/posts\/25478\/revisions"}],"predecessor-version":[{"id":25515,"href":"https:\/\/blogdoprosperi.com\/index.php?rest_route=\/wp\/v2\/posts\/25478\/revisions\/25515"}],"wp:attachment":[{"href":"https:\/\/blogdoprosperi.com\/index.php?rest_route=%2Fwp%2Fv2%2Fmedia&parent=25478"}],"wp:term":[{"taxonomy":"category","embeddable":true,"href":"https:\/\/blogdoprosperi.com\/index.php?rest_route=%2Fwp%2Fv2%2Fcategories&post=25478"},{"taxonomy":"post_tag","embeddable":true,"href":"https:\/\/blogdoprosperi.com\/index.php?rest_route=%2Fwp%2Fv2%2Ftags&post=25478"}],"curies":[{"name":"wp","href":"https:\/\/api.w.org\/{rel}","templated":true}]}}