{"id":25516,"date":"2016-09-15T00:18:54","date_gmt":"2016-09-15T03:18:54","guid":{"rendered":"http:\/\/blogdoprosperi.com\/?p=25516"},"modified":"2016-09-15T00:31:21","modified_gmt":"2016-09-15T03:31:21","slug":"palmeiras-se-sufoca-no-aroma-do-flamengo-e-corre-risco-de-perder-a-lideranca","status":"publish","type":"post","link":"https:\/\/blogdoprosperi.com\/?p=25516","title":{"rendered":"Palmeiras se sufoca no aroma do Flamengo e corre risco de perder a lideran\u00e7a"},"content":{"rendered":"<p><span class=\"alignnone\"><img data-recalc-dims=\"1\" loading=\"lazy\" decoding=\"async\" data-attachment-id=\"25581\" data-permalink=\"https:\/\/blogdoprosperi.com\/?attachment_id=25581\" data-orig-file=\"https:\/\/i0.wp.com\/blogdoprosperi.com\/wp-content\/uploads\/2016\/09\/jesus_muralha.jpg?fit=640%2C360&amp;ssl=1\" data-orig-size=\"640,360\" data-comments-opened=\"1\" data-image-meta=\"{&quot;aperture&quot;:&quot;0&quot;,&quot;credit&quot;:&quot;&quot;,&quot;camera&quot;:&quot;&quot;,&quot;caption&quot;:&quot;&quot;,&quot;created_timestamp&quot;:&quot;0&quot;,&quot;copyright&quot;:&quot;&quot;,&quot;focal_length&quot;:&quot;0&quot;,&quot;iso&quot;:&quot;0&quot;,&quot;shutter_speed&quot;:&quot;0&quot;,&quot;title&quot;:&quot;&quot;,&quot;orientation&quot;:&quot;0&quot;}\" data-image-title=\"jesus_muralha\" data-image-description=\"\" data-image-caption=\"\" data-large-file=\"https:\/\/i0.wp.com\/blogdoprosperi.com\/wp-content\/uploads\/2016\/09\/jesus_muralha.jpg?fit=640%2C360&amp;ssl=1\" class=\"alignnone size-full wp-image-25581\" src=\"https:\/\/i0.wp.com\/blogdoprosperi.com\/wp-content\/uploads\/2016\/09\/jesus_muralha.jpg?resize=640%2C360&#038;ssl=1\" alt=\"jesus_muralha\" width=\"640\" height=\"360\" \/><\/span>Palmeiras, com um jogador a mais desde os 40 minutos do primeiro tempo, esgar\u00e7a seus nervos, se rende \u00e0 for\u00e7a do Flamengo, empata por 1 a 1 e pode se complicar no sprint final em busca do t\u00edtulo. No jogo que poderia abrir quatro pontos do segundo colocado, fica com apenas um na frente do time carioca e ainda perde Gabriel Jesus e Vitor Hugo para o cl\u00e1ssico contra o Corinthians neste s\u00e1bado no Itaquer\u00e3o.<!--more--><\/p>\n<p>Resultado sustenta o Palmeiras na lideran\u00e7a, em contrapartida escancara o descontrole emocional do time nos momentos mais agudos. Desde a expuls\u00e3o de M\u00e1rcio Ara\u00fajo, aos 40 minutos, os jogadores se entregaram \u00e0 ansiedade. Em nenhum momento buscaram as melhores solu\u00e7\u00f5es.<\/p>\n<p>Cuca tamb\u00e9m contribuiu para a agonia. Pensou certo e executou mal a primeira substitui\u00e7\u00e3o ao trocar o volante Gabriel pelo atacante inexpressivo Lucas Barrios, t\u00e3o \u00e1gil como um cone. Barrios entrou sem saber onde estava. N\u00e3o segurou os zagueiros para Gabriel Jesus ter mais espa\u00e7o. E, mais uma vez, mostrou o quanto \u00e9 in\u00fatil.<\/p>\n<p>Outro equ\u00edvoco foi sacar Roger Guedes e insistir com Cleiton Xavier. Com esse rearranjo, Dudu, que vinha bem na cria\u00e7\u00e3o, se isolou na ponta-direita para cruzar bolas na \u00e1rea do Flamengo. Cleiton Xavier, de pouco entusiasmo e nada cerebral, deixou o time mais lento.<\/p>\n<p><span class=\"alignnone\"><img data-recalc-dims=\"1\" loading=\"lazy\" decoding=\"async\" data-attachment-id=\"25589\" data-permalink=\"https:\/\/blogdoprosperi.com\/?attachment_id=25589\" data-orig-file=\"https:\/\/i0.wp.com\/blogdoprosperi.com\/wp-content\/uploads\/2016\/09\/marcio_araujo.jpg?fit=640%2C360&amp;ssl=1\" data-orig-size=\"640,360\" data-comments-opened=\"1\" data-image-meta=\"{&quot;aperture&quot;:&quot;0&quot;,&quot;credit&quot;:&quot;&quot;,&quot;camera&quot;:&quot;&quot;,&quot;caption&quot;:&quot;&quot;,&quot;created_timestamp&quot;:&quot;0&quot;,&quot;copyright&quot;:&quot;&quot;,&quot;focal_length&quot;:&quot;0&quot;,&quot;iso&quot;:&quot;0&quot;,&quot;shutter_speed&quot;:&quot;0&quot;,&quot;title&quot;:&quot;&quot;,&quot;orientation&quot;:&quot;0&quot;}\" data-image-title=\"marcio_araujo\" data-image-description=\"\" data-image-caption=\"\" data-large-file=\"https:\/\/i0.wp.com\/blogdoprosperi.com\/wp-content\/uploads\/2016\/09\/marcio_araujo.jpg?fit=640%2C360&amp;ssl=1\" class=\"alignnone size-full wp-image-25589\" src=\"https:\/\/i0.wp.com\/blogdoprosperi.com\/wp-content\/uploads\/2016\/09\/marcio_araujo.jpg?resize=640%2C360&#038;ssl=1\" alt=\"marcio_araujo\" width=\"640\" height=\"360\" \/><\/span>Se pensou em encaixar um time mais ofensivo e com bom passe, ficou na boa intens\u00e3o. E ainda franqueou os contra-ataques. N\u00e3o por acaso sofreu o gol de Alan Patrik, em falta de aten\u00e7\u00e3o absurda de Z\u00e9 Roberto, aos 17 minutos do segundo tempo.<\/p>\n<p>Depois desse gol, o Flamengo teve mais duas chances claras em dois contragolpes, que n\u00e3o foram materializados em gol por falta de esmero no toque final.<\/p>\n<p>O empate s\u00f3 saiu da insist\u00eancia do jogo a\u00e9reo. Do lateral cobrado por Mois\u00e9s, Mina espanou e, no rebote, Gabriel Jesus limpou o para-brisa e venceu Alex Muralha, aos 37.<\/p>\n<p>A pr\u00f3xima parada \u00e9 contra o Corinthians, que empatou por 1 a 1 contra o Coritiba fora de casa nesta quarta-feira. \u00c9 um cl\u00e1ssico duro na arena do rival. O Flamengo recebe o Figueirense no Pacaembu, com previs\u00e3o de 30 mil torcedores a favor do time carioca. Se o Palmeiras n\u00e3o vencer o arquirrival, corre risco de perder a lideran\u00e7a.<\/p>\n<p>N\u00e3o pulverizou o Flamengo no Allianz Parque e agora vai ter de conviver com um aroma mais favor\u00e1vel ao time do Rio.<\/p>\n<div class=\"jetpack-video-wrapper\"><span class=\"embed-youtube\" style=\"text-align:center; display: block;\"><iframe loading=\"lazy\" class=\"youtube-player\" width=\"560\" height=\"315\" src=\"https:\/\/www.youtube.com\/embed\/EFDFVS14CUo?version=3&#038;rel=1&#038;showsearch=0&#038;showinfo=1&#038;iv_load_policy=1&#038;fs=1&#038;hl=pt-BR&#038;autohide=2&#038;wmode=transparent\" allowfullscreen=\"true\" style=\"border:0;\" sandbox=\"allow-scripts allow-same-origin allow-popups allow-presentation allow-popups-to-escape-sandbox\"><\/iframe><\/span><\/div>\n<p><strong>FICHA DO JOGO<\/strong><\/p>\n<p><strong>Palmeiras 1 x 1 Flamengo<\/strong><\/p>\n<p><strong>Gols<\/strong>: Alan Patrik, aos 17; e Gabriel Jesus, aos 37 minutos do segundo tempo<\/p>\n<p><strong>Palmeiras<\/strong>: Jailson, Jean, Mina, Vitor Hugo e Z\u00e9 Roberto; Gabriel (Lucas Barrios), Tch\u00ea Tch\u00ea (Rafael Marques) e Mois\u00e9s; Roger Guedes (Cleiton Xavier), Gabriel Jesus e Dudu. <strong>T\u00e9cnico<\/strong>: Cuca<\/p>\n<p><strong>Flamengo<\/strong>: Alex Muralha, Par\u00e1, Rever, Rafael Vaz e Jorge; M\u00e1rcio Ara\u00fajo, William Ar\u00e3o e Diego (Cuellar); Gabriel (Alan Patrik), Leandro Dami\u00e3o e Everton (Marcelo Cirino). <strong>T\u00e9cnico<\/strong>: Z\u00e9 Ricardo<\/p>\n<p><strong>Juiz:<\/strong> Andr\u00e9 Luiz Freitas de Castro<br \/>\n<strong>Cart\u00f5es amarelos<\/strong>: M\u00e1rcio Ara\u00fajo, Vitor Hugo e Gabriel Jesus<br \/>\n<strong>Cart\u00e3o vermelho<\/strong>: M\u00e1rcio Ara\u00fajo<br \/>\n<strong>Renda<\/strong>: R$ 2.289.325,00<br \/>\n<strong>P\u00fablico<\/strong>: 32.885 pagantes<br \/>\n<strong>Local<\/strong>: Allianz Parque<\/p>\n","protected":false},"excerpt":{"rendered":"<p>Palmeiras, com um jogador a mais desde os 40 minutos do primeiro tempo, esgar\u00e7a seus nervos, se rende [&hellip;]<\/p>\n","protected":false},"author":102107496,"featured_media":0,"comment_status":"open","ping_status":"open","sticky":false,"template":"","format":"standard","meta":{"_coblocks_attr":"","_coblocks_dimensions":"","_coblocks_responsive_height":"","_coblocks_accordion_ie_support":"","_jetpack_newsletter_access":"","_jetpack_dont_email_post_to_subs":false,"_jetpack_newsletter_tier_id":0,"_jetpack_memberships_contains_paywalled_content":false,"_wpcom_ai_launchpad_first_post":false,"_jetpack_feature_clip_id":0,"_jetpack_memberships_contains_paid_content":false,"footnotes":"","jetpack_publicize_message":"","jetpack_publicize_feature_enabled":true,"jetpack_social_post_already_shared":false,"jetpack_social_options":{"image_generator_settings":{"template":"highway","default_image_id":0,"font":"","enabled":false},"version":2},"jetpack_post_was_ever_published":false},"categories":[355071,53870],"tags":[362595295,449299,789560560,232826435,1842190,8328841,5217114],"class_list":["post-25516","post","type-post","status-publish","format-standard","hentry","category-campeonato-brasileiro","category-futebol","tag-brasileirao-2016","tag-flamengo","tag-futebol","tag-gabriel-jesus","tag-marcio-araujo","tag-palmeiras-clube","tag-palmeiras-x-flamengo"],"yoast_head":"<!-- This site is optimized with the Yoast SEO plugin v28.4 - https:\/\/yoast.com\/product\/yoast-seo-wordpress\/ -->\n<title>Palmeiras se sufoca no aroma do Flamengo e corre risco de perder a lideran\u00e7a - PR\u00d3SPERI NEWS<\/title>\n<meta name=\"robots\" content=\"index, follow, max-snippet:-1, max-image-preview:large, max-video-preview:-1\" \/>\n<link rel=\"canonical\" href=\"https:\/\/blogdoprosperi.com\/?p=25516\" \/>\n<meta property=\"og:locale\" content=\"pt_BR\" \/>\n<meta property=\"og:type\" content=\"article\" \/>\n<meta property=\"og:title\" content=\"Palmeiras se sufoca no aroma do Flamengo e corre risco de perder a lideran\u00e7a - PR\u00d3SPERI NEWS\" \/>\n<meta property=\"og:description\" content=\"Palmeiras, com um jogador a mais desde os 40 minutos do primeiro tempo, esgar\u00e7a seus nervos, se rende [&hellip;]\" \/>\n<meta property=\"og:url\" content=\"https:\/\/blogdoprosperi.com\/?p=25516\" \/>\n<meta property=\"og:site_name\" content=\"PR\u00d3SPERI NEWS\" \/>\n<meta property=\"article:publisher\" content=\"Luiz Pr\u00f3speri\" \/>\n<meta property=\"article:author\" content=\"Luiz Pr\u00f3speri\" \/>\n<meta property=\"article:published_time\" content=\"2016-09-15T03:18:54+00:00\" \/>\n<meta property=\"article:modified_time\" content=\"2016-09-15T03:31:21+00:00\" \/>\n<meta property=\"og:image\" content=\"https:\/\/blogdoprosperi.com\/wp-content\/uploads\/2016\/09\/jesus_muralha.jpg\" \/>\n<meta name=\"author\" content=\"Luiz Ant\u00f4nio Pr\u00f3speri\" \/>\n<meta name=\"twitter:card\" content=\"summary_large_image\" \/>\n<meta name=\"twitter:creator\" content=\"@Luizprosperi\" \/>\n<meta name=\"twitter:site\" content=\"@Luizprosperi\" \/>\n<meta name=\"twitter:label1\" content=\"Escrito por\" \/>\n\t<meta name=\"twitter:data1\" content=\"Luiz Ant\u00f4nio Pr\u00f3speri\" \/>\n\t<meta name=\"twitter:label2\" content=\"Est. tempo de leitura\" \/>\n\t<meta name=\"twitter:data2\" content=\"3 minutos\" \/>\n<script type=\"application\/ld+json\" class=\"yoast-schema-graph\">{\"@context\":\"https:\\\/\\\/schema.org\",\"@graph\":[{\"@type\":\"Article\",\"@id\":\"https:\\\/\\\/blogdoprosperi.com\\\/?p=25516#article\",\"isPartOf\":{\"@id\":\"https:\\\/\\\/blogdoprosperi.com\\\/?p=25516\"},\"author\":{\"name\":\"Luiz Ant\u00f4nio Pr\u00f3speri\",\"@id\":\"https:\\\/\\\/blogdoprosperi.com\\\/#\\\/schema\\\/person\\\/38100755ce3601861ee4fab9b5aa78e9\"},\"headline\":\"Palmeiras se sufoca no aroma do Flamengo e corre risco de perder a lideran\u00e7a\",\"datePublished\":\"2016-09-15T03:18:54+00:00\",\"dateModified\":\"2016-09-15T03:31:21+00:00\",\"mainEntityOfPage\":{\"@id\":\"https:\\\/\\\/blogdoprosperi.com\\\/?p=25516\"},\"wordCount\":554,\"commentCount\":4,\"publisher\":{\"@id\":\"https:\\\/\\\/blogdoprosperi.com\\\/#\\\/schema\\\/person\\\/38100755ce3601861ee4fab9b5aa78e9\"},\"image\":{\"@id\":\"https:\\\/\\\/blogdoprosperi.com\\\/?p=25516#primaryimage\"},\"thumbnailUrl\":\"https:\\\/\\\/blogdoprosperi.com\\\/wp-content\\\/uploads\\\/2016\\\/09\\\/jesus_muralha.jpg\",\"keywords\":[\"Brasileir\u00e3o-2016\",\"Flamengo\",\"futebol\",\"Gabriel Jesus\",\"M\u00e1rcio Ara\u00fajo\",\"Palmeiras Clube\",\"Palmeiras x Flamengo\"],\"articleSection\":[\"Campeonato Brasileiro\",\"futebol\"],\"inLanguage\":\"pt-BR\",\"potentialAction\":[{\"@type\":\"CommentAction\",\"name\":\"Comment\",\"target\":[\"https:\\\/\\\/blogdoprosperi.com\\\/?p=25516#respond\"]}]},{\"@type\":\"WebPage\",\"@id\":\"https:\\\/\\\/blogdoprosperi.com\\\/?p=25516\",\"url\":\"https:\\\/\\\/blogdoprosperi.com\\\/?p=25516\",\"name\":\"Palmeiras se sufoca no aroma do Flamengo e corre risco de perder a lideran\u00e7a - PR\u00d3SPERI NEWS\",\"isPartOf\":{\"@id\":\"https:\\\/\\\/blogdoprosperi.com\\\/#website\"},\"primaryImageOfPage\":{\"@id\":\"https:\\\/\\\/blogdoprosperi.com\\\/?p=25516#primaryimage\"},\"image\":{\"@id\":\"https:\\\/\\\/blogdoprosperi.com\\\/?p=25516#primaryimage\"},\"thumbnailUrl\":\"https:\\\/\\\/blogdoprosperi.com\\\/wp-content\\\/uploads\\\/2016\\\/09\\\/jesus_muralha.jpg\",\"datePublished\":\"2016-09-15T03:18:54+00:00\",\"dateModified\":\"2016-09-15T03:31:21+00:00\",\"breadcrumb\":{\"@id\":\"https:\\\/\\\/blogdoprosperi.com\\\/?p=25516#breadcrumb\"},\"inLanguage\":\"pt-BR\",\"potentialAction\":[{\"@type\":\"ReadAction\",\"target\":[\"https:\\\/\\\/blogdoprosperi.com\\\/?p=25516\"]}]},{\"@type\":\"ImageObject\",\"inLanguage\":\"pt-BR\",\"@id\":\"https:\\\/\\\/blogdoprosperi.com\\\/?p=25516#primaryimage\",\"url\":\"https:\\\/\\\/i0.wp.com\\\/blogdoprosperi.com\\\/wp-content\\\/uploads\\\/2016\\\/09\\\/jesus_muralha.jpg?fit=640%2C360&ssl=1\",\"contentUrl\":\"https:\\\/\\\/i0.wp.com\\\/blogdoprosperi.com\\\/wp-content\\\/uploads\\\/2016\\\/09\\\/jesus_muralha.jpg?fit=640%2C360&ssl=1\",\"width\":640,\"height\":360},{\"@type\":\"BreadcrumbList\",\"@id\":\"https:\\\/\\\/blogdoprosperi.com\\\/?p=25516#breadcrumb\",\"itemListElement\":[{\"@type\":\"ListItem\",\"position\":1,\"name\":\"In\u00edcio\",\"item\":\"https:\\\/\\\/blogdoprosperi.com\\\/\"},{\"@type\":\"ListItem\",\"position\":2,\"name\":\"Palmeiras se sufoca no aroma do Flamengo e corre risco de perder a lideran\u00e7a\"}]},{\"@type\":\"WebSite\",\"@id\":\"https:\\\/\\\/blogdoprosperi.com\\\/#website\",\"url\":\"https:\\\/\\\/blogdoprosperi.com\\\/\",\"name\":\"PR\u00d3SPERI NEWS\",\"description\":\"TUDO \u00c9  FUTEBOL\",\"publisher\":{\"@id\":\"https:\\\/\\\/blogdoprosperi.com\\\/#\\\/schema\\\/person\\\/38100755ce3601861ee4fab9b5aa78e9\"},\"alternateName\":\"blogdoprosperi.com\",\"potentialAction\":[{\"@type\":\"SearchAction\",\"target\":{\"@type\":\"EntryPoint\",\"urlTemplate\":\"https:\\\/\\\/blogdoprosperi.com\\\/?s={search_term_string}\"},\"query-input\":{\"@type\":\"PropertyValueSpecification\",\"valueRequired\":true,\"valueName\":\"search_term_string\"}}],\"inLanguage\":\"pt-BR\"},{\"@type\":[\"Person\",\"Organization\"],\"@id\":\"https:\\\/\\\/blogdoprosperi.com\\\/#\\\/schema\\\/person\\\/38100755ce3601861ee4fab9b5aa78e9\",\"name\":\"Luiz Ant\u00f4nio Pr\u00f3speri\",\"pronouns\":\"ele\",\"image\":{\"@type\":\"ImageObject\",\"inLanguage\":\"pt-BR\",\"@id\":\"https:\\\/\\\/i0.wp.com\\\/blogdoprosperi.com\\\/wp-content\\\/uploads\\\/2026\\\/05\\\/cropped-8059e613-6002-42fa-961e-8e275f575d71-2-5.jpg?fit=1360%2C931&ssl=1\",\"url\":\"https:\\\/\\\/i0.wp.com\\\/blogdoprosperi.com\\\/wp-content\\\/uploads\\\/2026\\\/05\\\/cropped-8059e613-6002-42fa-961e-8e275f575d71-2-5.jpg?fit=1360%2C931&ssl=1\",\"contentUrl\":\"https:\\\/\\\/i0.wp.com\\\/blogdoprosperi.com\\\/wp-content\\\/uploads\\\/2026\\\/05\\\/cropped-8059e613-6002-42fa-961e-8e275f575d71-2-5.jpg?fit=1360%2C931&ssl=1\",\"width\":1360,\"height\":931,\"caption\":\"Luiz Ant\u00f4nio Pr\u00f3speri\"},\"logo\":{\"@id\":\"https:\\\/\\\/i0.wp.com\\\/blogdoprosperi.com\\\/wp-content\\\/uploads\\\/2026\\\/05\\\/cropped-8059e613-6002-42fa-961e-8e275f575d71-2-5.jpg?fit=1360%2C931&ssl=1\"},\"description\":\"Jornalista com carreira dedicada ao esporte. Cobriu 9 Copas do Mundo in loco, 1990 na It\u00e1lia, 1994 nos EUA, 1998 na Fran\u00e7a, 2002 na Coreia do Sul e Jap\u00e3o, 2006 na Alemanha, 2010 na \u00c1frica do Sul, 2014 no Brasil, 2018 na R\u00fassia e 2022 no Qatar. Eurocopas, 1992 na Su\u00e9cia e 1996 na Inglaterra. Copa das Confedera\u00e7\u00f5es de 2005 na Alemanha e 2009 na \u00c1frica do Sul. Rep\u00f3rter e Editor, trabalhou no Jornal da Tarde e Estad\u00e3o, de 1984 a fevereiro de 2016. Colunista, blogueiro. E comentarista de futebol na R\u00e1dio Estad\u00e3o, de 2013 a fevereiro de 2016. Jornalista respons\u00e1vel do \\\"Pr\u00f3speri News\\\" (blogdoprosperi.com).\",\"sameAs\":[\"http:\\\/\\\/blogdoprosperi.com\",\"Luiz Pr\u00f3speri\",\"@luiz_prosperi\",\"https:\\\/\\\/x.com\\\/Luizprosperi\",\"@prosperinacopa\",\"luiz.prosperi@icloud.com\"],\"url\":\"https:\\\/\\\/blogdoprosperi.com\\\/?author=102107496\"}]}<\/script>\n<!-- \/ Yoast SEO plugin. -->","yoast_head_json":{"title":"Palmeiras se sufoca no aroma do Flamengo e corre risco de perder a lideran\u00e7a - PR\u00d3SPERI NEWS","robots":{"index":"index","follow":"follow","max-snippet":"max-snippet:-1","max-image-preview":"max-image-preview:large","max-video-preview":"max-video-preview:-1"},"canonical":"https:\/\/blogdoprosperi.com\/?p=25516","og_locale":"pt_BR","og_type":"article","og_title":"Palmeiras se sufoca no aroma do Flamengo e corre risco de perder a lideran\u00e7a - PR\u00d3SPERI NEWS","og_description":"Palmeiras, com um jogador a mais desde os 40 minutos do primeiro tempo, esgar\u00e7a seus nervos, se rende [&hellip;]","og_url":"https:\/\/blogdoprosperi.com\/?p=25516","og_site_name":"PR\u00d3SPERI NEWS","article_publisher":"Luiz Pr\u00f3speri","article_author":"Luiz Pr\u00f3speri","article_published_time":"2016-09-15T03:18:54+00:00","article_modified_time":"2016-09-15T03:31:21+00:00","og_image":[{"url":"https:\/\/blogdoprosperi.com\/wp-content\/uploads\/2016\/09\/jesus_muralha.jpg","type":"","width":"","height":""}],"author":"Luiz Ant\u00f4nio Pr\u00f3speri","twitter_card":"summary_large_image","twitter_creator":"@Luizprosperi","twitter_site":"@Luizprosperi","twitter_misc":{"Escrito por":"Luiz Ant\u00f4nio Pr\u00f3speri","Est. tempo de leitura":"3 minutos"},"schema":{"@context":"https:\/\/schema.org","@graph":[{"@type":"Article","@id":"https:\/\/blogdoprosperi.com\/?p=25516#article","isPartOf":{"@id":"https:\/\/blogdoprosperi.com\/?p=25516"},"author":{"name":"Luiz Ant\u00f4nio Pr\u00f3speri","@id":"https:\/\/blogdoprosperi.com\/#\/schema\/person\/38100755ce3601861ee4fab9b5aa78e9"},"headline":"Palmeiras se sufoca no aroma do Flamengo e corre risco de perder a lideran\u00e7a","datePublished":"2016-09-15T03:18:54+00:00","dateModified":"2016-09-15T03:31:21+00:00","mainEntityOfPage":{"@id":"https:\/\/blogdoprosperi.com\/?p=25516"},"wordCount":554,"commentCount":4,"publisher":{"@id":"https:\/\/blogdoprosperi.com\/#\/schema\/person\/38100755ce3601861ee4fab9b5aa78e9"},"image":{"@id":"https:\/\/blogdoprosperi.com\/?p=25516#primaryimage"},"thumbnailUrl":"https:\/\/blogdoprosperi.com\/wp-content\/uploads\/2016\/09\/jesus_muralha.jpg","keywords":["Brasileir\u00e3o-2016","Flamengo","futebol","Gabriel Jesus","M\u00e1rcio Ara\u00fajo","Palmeiras Clube","Palmeiras x Flamengo"],"articleSection":["Campeonato Brasileiro","futebol"],"inLanguage":"pt-BR","potentialAction":[{"@type":"CommentAction","name":"Comment","target":["https:\/\/blogdoprosperi.com\/?p=25516#respond"]}]},{"@type":"WebPage","@id":"https:\/\/blogdoprosperi.com\/?p=25516","url":"https:\/\/blogdoprosperi.com\/?p=25516","name":"Palmeiras se sufoca no aroma do Flamengo e corre risco de perder a lideran\u00e7a - PR\u00d3SPERI NEWS","isPartOf":{"@id":"https:\/\/blogdoprosperi.com\/#website"},"primaryImageOfPage":{"@id":"https:\/\/blogdoprosperi.com\/?p=25516#primaryimage"},"image":{"@id":"https:\/\/blogdoprosperi.com\/?p=25516#primaryimage"},"thumbnailUrl":"https:\/\/blogdoprosperi.com\/wp-content\/uploads\/2016\/09\/jesus_muralha.jpg","datePublished":"2016-09-15T03:18:54+00:00","dateModified":"2016-09-15T03:31:21+00:00","breadcrumb":{"@id":"https:\/\/blogdoprosperi.com\/?p=25516#breadcrumb"},"inLanguage":"pt-BR","potentialAction":[{"@type":"ReadAction","target":["https:\/\/blogdoprosperi.com\/?p=25516"]}]},{"@type":"ImageObject","inLanguage":"pt-BR","@id":"https:\/\/blogdoprosperi.com\/?p=25516#primaryimage","url":"https:\/\/i0.wp.com\/blogdoprosperi.com\/wp-content\/uploads\/2016\/09\/jesus_muralha.jpg?fit=640%2C360&ssl=1","contentUrl":"https:\/\/i0.wp.com\/blogdoprosperi.com\/wp-content\/uploads\/2016\/09\/jesus_muralha.jpg?fit=640%2C360&ssl=1","width":640,"height":360},{"@type":"BreadcrumbList","@id":"https:\/\/blogdoprosperi.com\/?p=25516#breadcrumb","itemListElement":[{"@type":"ListItem","position":1,"name":"In\u00edcio","item":"https:\/\/blogdoprosperi.com\/"},{"@type":"ListItem","position":2,"name":"Palmeiras se sufoca no aroma do Flamengo e corre risco de perder a lideran\u00e7a"}]},{"@type":"WebSite","@id":"https:\/\/blogdoprosperi.com\/#website","url":"https:\/\/blogdoprosperi.com\/","name":"PR\u00d3SPERI NEWS","description":"TUDO \u00c9  FUTEBOL","publisher":{"@id":"https:\/\/blogdoprosperi.com\/#\/schema\/person\/38100755ce3601861ee4fab9b5aa78e9"},"alternateName":"blogdoprosperi.com","potentialAction":[{"@type":"SearchAction","target":{"@type":"EntryPoint","urlTemplate":"https:\/\/blogdoprosperi.com\/?s={search_term_string}"},"query-input":{"@type":"PropertyValueSpecification","valueRequired":true,"valueName":"search_term_string"}}],"inLanguage":"pt-BR"},{"@type":["Person","Organization"],"@id":"https:\/\/blogdoprosperi.com\/#\/schema\/person\/38100755ce3601861ee4fab9b5aa78e9","name":"Luiz Ant\u00f4nio Pr\u00f3speri","pronouns":"ele","image":{"@type":"ImageObject","inLanguage":"pt-BR","@id":"https:\/\/i0.wp.com\/blogdoprosperi.com\/wp-content\/uploads\/2026\/05\/cropped-8059e613-6002-42fa-961e-8e275f575d71-2-5.jpg?fit=1360%2C931&ssl=1","url":"https:\/\/i0.wp.com\/blogdoprosperi.com\/wp-content\/uploads\/2026\/05\/cropped-8059e613-6002-42fa-961e-8e275f575d71-2-5.jpg?fit=1360%2C931&ssl=1","contentUrl":"https:\/\/i0.wp.com\/blogdoprosperi.com\/wp-content\/uploads\/2026\/05\/cropped-8059e613-6002-42fa-961e-8e275f575d71-2-5.jpg?fit=1360%2C931&ssl=1","width":1360,"height":931,"caption":"Luiz Ant\u00f4nio Pr\u00f3speri"},"logo":{"@id":"https:\/\/i0.wp.com\/blogdoprosperi.com\/wp-content\/uploads\/2026\/05\/cropped-8059e613-6002-42fa-961e-8e275f575d71-2-5.jpg?fit=1360%2C931&ssl=1"},"description":"Jornalista com carreira dedicada ao esporte. Cobriu 9 Copas do Mundo in loco, 1990 na It\u00e1lia, 1994 nos EUA, 1998 na Fran\u00e7a, 2002 na Coreia do Sul e Jap\u00e3o, 2006 na Alemanha, 2010 na \u00c1frica do Sul, 2014 no Brasil, 2018 na R\u00fassia e 2022 no Qatar. Eurocopas, 1992 na Su\u00e9cia e 1996 na Inglaterra. Copa das Confedera\u00e7\u00f5es de 2005 na Alemanha e 2009 na \u00c1frica do Sul. Rep\u00f3rter e Editor, trabalhou no Jornal da Tarde e Estad\u00e3o, de 1984 a fevereiro de 2016. Colunista, blogueiro. E comentarista de futebol na R\u00e1dio Estad\u00e3o, de 2013 a fevereiro de 2016. Jornalista respons\u00e1vel do \"Pr\u00f3speri News\" (blogdoprosperi.com).","sameAs":["http:\/\/blogdoprosperi.com","Luiz Pr\u00f3speri","@luiz_prosperi","https:\/\/x.com\/Luizprosperi","@prosperinacopa","luiz.prosperi@icloud.com"],"url":"https:\/\/blogdoprosperi.com\/?author=102107496"}]}},"jetpack_publicize_connections":[],"jetpack_likes_enabled":false,"jetpack_sharing_enabled":true,"jetpack_shortlink":"https:\/\/wp.me\/p7jvdk-6Dy","jetpack-related-posts":[{"id":8834,"url":"https:\/\/blogdoprosperi.com\/?p=8834","url_meta":{"origin":25516,"position":0},"title":"Palmeiras vence primeira fora de casa com tacada certeira de Cuca","author":"Luiz Ant\u00f4nio Pr\u00f3speri","date":"5 de junho de 2016","format":false,"excerpt":"Vencer fora de casa \u00e9 obriga\u00e7\u00e3o aos postulantes ao t\u00edtulo do Campeonato Brasileiro. Em cinco rodadas, o Palmeiras havia acumulado duas derrotas longe de seu est\u00e1dio. Neste domingo (05\/6), no Man\u00e9 Garrincha em Bras\u00edlia, come\u00e7ou a reverter essa desvantagem com a vit\u00f3ria por 2 a 1 contra o Flamengo, com\u2026","rel":"","context":"Em &quot;Campeonato Brasileiro&quot;","block_context":{"text":"Campeonato Brasileiro","link":"https:\/\/blogdoprosperi.com\/?cat=355071"},"img":{"alt_text":"","src":"https:\/\/i0.wp.com\/blogdoprosperi.com\/wp-content\/uploads\/2016\/06\/cuca-orienta-os-jogadores-do-palmeiras-na-partida-contra-a-ponte-preta-1463936958392_615x300-1.jpg?resize=350%2C200&ssl=1","width":350,"height":200,"srcset":"https:\/\/i0.wp.com\/blogdoprosperi.com\/wp-content\/uploads\/2016\/06\/cuca-orienta-os-jogadores-do-palmeiras-na-partida-contra-a-ponte-preta-1463936958392_615x300-1.jpg?resize=350%2C200&ssl=1 1x, https:\/\/i0.wp.com\/blogdoprosperi.com\/wp-content\/uploads\/2016\/06\/cuca-orienta-os-jogadores-do-palmeiras-na-partida-contra-a-ponte-preta-1463936958392_615x300-1.jpg?resize=525%2C300&ssl=1 1.5x"},"classes":[]},{"id":14520,"url":"https:\/\/blogdoprosperi.com\/?p=14520","url_meta":{"origin":25516,"position":1},"title":"Corinthians n\u00e3o d\u00e1 tr\u00e9gua ao Palmeiras","author":"Luiz Ant\u00f4nio Pr\u00f3speri","date":"3 de julho de 2016","format":false,"excerpt":"Crist\u00f3v\u00e3o Borges e o Corinthians precisavam de uma vit\u00f3ria pesada contra um grande para quebrar a desconfian\u00e7a deste in\u00edcio de casamento entre treinador e time. Por isso vencer o Flamengo, e bem, era necess\u00e1rio. Nesse sentido, a goleada por 4 a 0 foi perfeita, neste domingo (03\/7) no Itaquer\u00e3o. Algumas\u2026","rel":"","context":"Em &quot;Campeonato Brasileiro&quot;","block_context":{"text":"Campeonato Brasileiro","link":"https:\/\/blogdoprosperi.com\/?cat=355071"},"img":{"alt_text":"","src":"https:\/\/i0.wp.com\/blogdoprosperi.com\/wp-content\/uploads\/2016\/07\/pro4-8.jpg?resize=350%2C200","width":350,"height":200,"srcset":"https:\/\/i0.wp.com\/blogdoprosperi.com\/wp-content\/uploads\/2016\/07\/pro4-8.jpg?resize=350%2C200 1x, https:\/\/i0.wp.com\/blogdoprosperi.com\/wp-content\/uploads\/2016\/07\/pro4-8.jpg?resize=525%2C300 1.5x, https:\/\/i0.wp.com\/blogdoprosperi.com\/wp-content\/uploads\/2016\/07\/pro4-8.jpg?resize=700%2C400 2x, https:\/\/i0.wp.com\/blogdoprosperi.com\/wp-content\/uploads\/2016\/07\/pro4-8.jpg?resize=1050%2C600 3x, https:\/\/i0.wp.com\/blogdoprosperi.com\/wp-content\/uploads\/2016\/07\/pro4-8.jpg?resize=1400%2C800 4x"},"classes":[]},{"id":28817,"url":"https:\/\/blogdoprosperi.com\/?p=28817","url_meta":{"origin":25516,"position":2},"title":"Palmeiras abre quatro pontos na lideran\u00e7a e Flamengo reclama de suposto favorecimento da arbitragem ao time paulista","author":"Luiz Ant\u00f4nio Pr\u00f3speri","date":"16 de outubro de 2016","format":false,"excerpt":"Palmeiras estava pressionado ao abrir a rodada deste domingo. Distante apenas um ponto do vice-l\u00edder Flamengo, ainda no epicentro do furac\u00e3o da pol\u00eamica da arbitragem, a ponto de o presidente Paulo Nobre afirmar que \"ningu\u00e9m vai ganhar o Brasileir\u00e3o na m\u00e3o grande\", o time de Cuca venceu o Figueirense por\u2026","rel":"","context":"Em &quot;Campeonato Brasileiro&quot;","block_context":{"text":"Campeonato Brasileiro","link":"https:\/\/blogdoprosperi.com\/?cat=355071"},"img":{"alt_text":"","src":"https:\/\/i0.wp.com\/blogdoprosperi.com\/wp-content\/uploads\/2016\/10\/5380885.jpeg?resize=350%2C200&ssl=1","width":350,"height":200,"srcset":"https:\/\/i0.wp.com\/blogdoprosperi.com\/wp-content\/uploads\/2016\/10\/5380885.jpeg?resize=350%2C200&ssl=1 1x, https:\/\/i0.wp.com\/blogdoprosperi.com\/wp-content\/uploads\/2016\/10\/5380885.jpeg?resize=525%2C300&ssl=1 1.5x"},"classes":[]},{"id":28566,"url":"https:\/\/blogdoprosperi.com\/?p=28566","url_meta":{"origin":25516,"position":3},"title":"Palmeiras declara guerra ao Flamengo, cobra provid\u00eancias da CBF e diz que &#8220;ningu\u00e9m vai levar Brasileir\u00e3o na m\u00e3o grande&#8221;","author":"Luiz Ant\u00f4nio Pr\u00f3speri","date":"14 de outubro de 2016","format":false,"excerpt":"Paulo Nobre, presidente do Palmeiras, disse no final da tarde desta sexta-feira (14\/10) que \"ningu\u00e9m vai levar o Campeonato Brasileiro na m\u00e3o grande\" e afirmou que o Flamengo pressiona a arbitragem, CBF e Comiss\u00e3o de Arbitragem para ser beneficiado nos jogos. Nobre falou ainda que a \"press\u00e3o do Flamengo \u00e9\u2026","rel":"","context":"Em &quot;Campeonato Brasileiro&quot;","block_context":{"text":"Campeonato Brasileiro","link":"https:\/\/blogdoprosperi.com\/?cat=355071"},"img":{"alt_text":"","src":"https:\/\/i0.wp.com\/blogdoprosperi.com\/wp-content\/uploads\/2016\/10\/4bb9228521b7706f8af0ab6511487c18.jpg?resize=350%2C200&ssl=1","width":350,"height":200,"srcset":"https:\/\/i0.wp.com\/blogdoprosperi.com\/wp-content\/uploads\/2016\/10\/4bb9228521b7706f8af0ab6511487c18.jpg?resize=350%2C200&ssl=1 1x, https:\/\/i0.wp.com\/blogdoprosperi.com\/wp-content\/uploads\/2016\/10\/4bb9228521b7706f8af0ab6511487c18.jpg?resize=525%2C300&ssl=1 1.5x, https:\/\/i0.wp.com\/blogdoprosperi.com\/wp-content\/uploads\/2016\/10\/4bb9228521b7706f8af0ab6511487c18.jpg?resize=700%2C400&ssl=1 2x, https:\/\/i0.wp.com\/blogdoprosperi.com\/wp-content\/uploads\/2016\/10\/4bb9228521b7706f8af0ab6511487c18.jpg?resize=1050%2C600&ssl=1 3x, https:\/\/i0.wp.com\/blogdoprosperi.com\/wp-content\/uploads\/2016\/10\/4bb9228521b7706f8af0ab6511487c18.jpg?resize=1400%2C800&ssl=1 4x"},"classes":[]},{"id":25120,"url":"https:\/\/blogdoprosperi.com\/?p=25120","url_meta":{"origin":25516,"position":4},"title":"Palmeiras segura Gr\u00eamio e pode perder Gabriel Jesus na &#8216;decis\u00e3o&#8217; contra Flamengo","author":"Luiz Ant\u00f4nio Pr\u00f3speri","date":"11 de setembro de 2016","format":false,"excerpt":"Palmeiras volta do Sul com um empate sem gols de extrema import\u00e2ncia na briga pelo t\u00edtulo do Brasileir\u00e3o. Jogou para o gasto e teve um pouco de sorte ao n\u00e3o ser derrotado pelo Gr\u00eamio. Cuca arriscou na escala\u00e7\u00e3o ao improvisar Gabriel na fun\u00e7\u00e3o de lateral e tomou decis\u00f5es equivocadas nas\u2026","rel":"","context":"Em &quot;Campeonato Brasileiro&quot;","block_context":{"text":"Campeonato Brasileiro","link":"https:\/\/blogdoprosperi.com\/?cat=355071"},"img":{"alt_text":"","src":"https:\/\/i0.wp.com\/blogdoprosperi.com\/wp-content\/uploads\/2016\/09\/douglas-edu-dracena-gremio-palmeiras-brasileirao-11092016_1hmh1mapxqf2x11qqvj6x5krt3.jpg?resize=350%2C200&ssl=1","width":350,"height":200},"classes":[]},{"id":18799,"url":"https:\/\/blogdoprosperi.com\/?p=18799","url_meta":{"origin":25516,"position":5},"title":"Santos se vira sem meio time diante do Flamengo e saboreia lideran\u00e7a do Brasileiro","author":"Luiz Ant\u00f4nio Pr\u00f3speri","date":"4 de agosto de 2016","format":false,"excerpt":"Santos se vira sem meio time e assume a lideran\u00e7a do Campeonato Brasileiro, mesmo que por um dia, ap\u00f3s dez anos longe do topo da tabela. Alcan\u00e7ou essa proeza ao empatar por 0 x 0 com o Flamengo, na Arena Pantanal, em Cuiab\u00e1. Se Palmeiras ou Gr\u00eamio vencerem seus jogos\u2026","rel":"","context":"Em &quot;futebol&quot;","block_context":{"text":"futebol","link":"https:\/\/blogdoprosperi.com\/?cat=53870"},"img":{"alt_text":"","src":"https:\/\/i0.wp.com\/blogdoprosperi.com\/wp-content\/uploads\/2016\/08\/20160803232909580_3.jpg?resize=350%2C200&ssl=1","width":350,"height":200,"srcset":"https:\/\/i0.wp.com\/blogdoprosperi.com\/wp-content\/uploads\/2016\/08\/20160803232909580_3.jpg?resize=350%2C200&ssl=1 1x, https:\/\/i0.wp.com\/blogdoprosperi.com\/wp-content\/uploads\/2016\/08\/20160803232909580_3.jpg?resize=525%2C300&ssl=1 1.5x"},"classes":[]}],"jetpack_featured_media_url":"","_links":{"self":[{"href":"https:\/\/blogdoprosperi.com\/index.php?rest_route=\/wp\/v2\/posts\/25516","targetHints":{"allow":["GET"]}}],"collection":[{"href":"https:\/\/blogdoprosperi.com\/index.php?rest_route=\/wp\/v2\/posts"}],"about":[{"href":"https:\/\/blogdoprosperi.com\/index.php?rest_route=\/wp\/v2\/types\/post"}],"author":[{"embeddable":true,"href":"https:\/\/blogdoprosperi.com\/index.php?rest_route=\/wp\/v2\/users\/102107496"}],"replies":[{"embeddable":true,"href":"https:\/\/blogdoprosperi.com\/index.php?rest_route=%2Fwp%2Fv2%2Fcomments&post=25516"}],"version-history":[{"count":25,"href":"https:\/\/blogdoprosperi.com\/index.php?rest_route=\/wp\/v2\/posts\/25516\/revisions"}],"predecessor-version":[{"id":25590,"href":"https:\/\/blogdoprosperi.com\/index.php?rest_route=\/wp\/v2\/posts\/25516\/revisions\/25590"}],"wp:attachment":[{"href":"https:\/\/blogdoprosperi.com\/index.php?rest_route=%2Fwp%2Fv2%2Fmedia&parent=25516"}],"wp:term":[{"taxonomy":"category","embeddable":true,"href":"https:\/\/blogdoprosperi.com\/index.php?rest_route=%2Fwp%2Fv2%2Fcategories&post=25516"},{"taxonomy":"post_tag","embeddable":true,"href":"https:\/\/blogdoprosperi.com\/index.php?rest_route=%2Fwp%2Fv2%2Ftags&post=25516"}],"curies":[{"name":"wp","href":"https:\/\/api.w.org\/{rel}","templated":true}]}}