{"id":25639,"date":"2016-09-15T23:34:09","date_gmt":"2016-09-16T02:34:09","guid":{"rendered":"http:\/\/blogdoprosperi.com\/?p=25639"},"modified":"2016-09-16T10:00:45","modified_gmt":"2016-09-16T13:00:45","slug":"sao-paulo-se-socorre-com-wesley-na-sua-intolerante-corrida-contra-rebaixamento","status":"publish","type":"post","link":"https:\/\/blogdoprosperi.com\/?p=25639","title":{"rendered":"S\u00e3o Paulo se socorre com Wesley na sua intolerante corrida contra rebaixamento"},"content":{"rendered":"<p><span class=\"alignnone\"><img data-recalc-dims=\"1\" loading=\"lazy\" decoding=\"async\" data-attachment-id=\"25659\" data-permalink=\"https:\/\/blogdoprosperi.com\/?attachment_id=25659\" data-orig-file=\"https:\/\/i0.wp.com\/blogdoprosperi.com\/wp-content\/uploads\/2016\/09\/agi20160915082.jpg?fit=640%2C360&amp;ssl=1\" data-orig-size=\"640,360\" data-comments-opened=\"1\" data-image-meta=\"{&quot;aperture&quot;:&quot;0&quot;,&quot;credit&quot;:&quot;&quot;,&quot;camera&quot;:&quot;&quot;,&quot;caption&quot;:&quot;&quot;,&quot;created_timestamp&quot;:&quot;0&quot;,&quot;copyright&quot;:&quot;&quot;,&quot;focal_length&quot;:&quot;0&quot;,&quot;iso&quot;:&quot;0&quot;,&quot;shutter_speed&quot;:&quot;0&quot;,&quot;title&quot;:&quot;&quot;,&quot;orientation&quot;:&quot;0&quot;}\" data-image-title=\"agi20160915082\" data-image-description=\"\" data-image-caption=\"\" data-large-file=\"https:\/\/i0.wp.com\/blogdoprosperi.com\/wp-content\/uploads\/2016\/09\/agi20160915082.jpg?fit=640%2C360&amp;ssl=1\" class=\"alignnone size-full wp-image-25659\" src=\"https:\/\/i0.wp.com\/blogdoprosperi.com\/wp-content\/uploads\/2016\/09\/agi20160915082.jpg?resize=640%2C360&#038;ssl=1\" alt=\"agi20160915082\" width=\"640\" height=\"360\" \/><\/span><\/p>\n<p>S\u00e3o Paulo sofre a cada rodada no Brasileir\u00e3o. Cada vit\u00f3ria \u00e9 um parto. N\u00e3o h\u00e1 um momento de tr\u00e9gua. Bom dessa hist\u00f3ria \u00e9 que cumpriu bem sua miss\u00e3o de vencer dois concorrentes na corrida contra rebaixamento, Figueirense no domingo e Cruzeiro nesta quinta-feira. Dois jogos em casa, duas vit\u00f3rias. Na conta do ch\u00e1, est\u00e1 na 12\u00aa coloca\u00e7\u00e3o, com 34 pontos, a 8 do G-4 e a seis da zona de rebaixamento.<!--more--><br \/>\nTarefa herc\u00falea \u00a0para se distanciar dos que v\u00e3o cair e corrida em v\u00e3o de se aproximar dos que v\u00e3o brigar pelo t\u00edtulo ou por uma vaguinha na Libertadores. Essa \u00e9 a sina do Tricolor.<\/p>\n<p><a href=\"http:\/\/blogdoprosperi.com\/2016\/09\/11\/sao-paulo-sai-do-inferno-e-abre-quatro-pontos-da-zona-de-rebaixamento\/\">O problema do S\u00e3o Paulo n\u00e3o s\u00e3o os n\u00fameros<\/a>. Matem\u00e1tica por matem\u00e1tica, a pontua\u00e7\u00e3o sugere uma esperan\u00e7a. Dif\u00edcil mesmo \u00e9 ter confian\u00e7a em um time sem repert\u00f3rio, inseguro \u00a0e ref\u00e9m de obras do acaso como no gol de Wesley, ainda no primeiro tempo, em chute arriscado de longa dist\u00e2ncia perfeitamente defens\u00e1vel.<\/p>\n<p>Desse gol fortuito e da conhecida covardia de Mano Menezes, em especial no primeiro tempo, o S\u00e3o Paulo se imp\u00f4s. Dominou todas as a\u00e7\u00f5es, encurralou o time mineiro e, n\u00e3o fosse pela falta de ousadia, poderia sido mais ambicioso.<\/p>\n<div class=\"jetpack-video-wrapper\"><span class=\"embed-youtube\" style=\"text-align:center; display: block;\"><iframe loading=\"lazy\" class=\"youtube-player\" width=\"560\" height=\"315\" src=\"https:\/\/www.youtube.com\/embed\/UWVsAWdJSDU?version=3&#038;rel=1&#038;showsearch=0&#038;showinfo=1&#038;iv_load_policy=1&#038;fs=1&#038;hl=pt-BR&#038;autohide=2&#038;wmode=transparent\" allowfullscreen=\"true\" style=\"border:0;\" sandbox=\"allow-scripts allow-same-origin allow-popups allow-presentation allow-popups-to-escape-sandbox\"><\/iframe><\/span><\/div>\n<p>No segundo tempo, quando Mano se lembrou que um dia foi t\u00e9cnico de Sele\u00e7\u00e3o Brasileira, o Cruzeiro assumiu o controle da situa\u00e7\u00e3o. Fez tudo diferente do que havia feito na primeira etapa, encantoou o S\u00e3o Paulo, criou muito e finalizou mal. E pagou caro por sua incompet\u00eancia na hora de mandar a bola ao gol.<\/p>\n<p>Sorte do S\u00e3o Paulo. Depois de um primeiro tempo imponente, se recolheu na sua mania de ser pequeno nesta temporada e se salvou com aquele gol de Wesley.<\/p>\n<p>Times que se acostumam com a falta de ambi\u00e7\u00e3o sofrem a cada rodada. Essa parece ser a sina do Tricolor. Duas vit\u00f3rias consecutivas aliviam a dor, mas n\u00e3o curam a chaga.<\/p>\n<p><span class=\"alignnone\"><img data-recalc-dims=\"1\" loading=\"lazy\" decoding=\"async\" data-attachment-id=\"23164\" data-permalink=\"https:\/\/blogdoprosperi.com\/?attachment_id=23164\" data-orig-file=\"https:\/\/i0.wp.com\/blogdoprosperi.com\/wp-content\/uploads\/2016\/08\/age201608271001.jpg?fit=690%2C400&amp;ssl=1\" data-orig-size=\"690,400\" data-comments-opened=\"1\" data-image-meta=\"{&quot;aperture&quot;:&quot;0&quot;,&quot;credit&quot;:&quot;&quot;,&quot;camera&quot;:&quot;&quot;,&quot;caption&quot;:&quot;&quot;,&quot;created_timestamp&quot;:&quot;0&quot;,&quot;copyright&quot;:&quot;&quot;,&quot;focal_length&quot;:&quot;0&quot;,&quot;iso&quot;:&quot;0&quot;,&quot;shutter_speed&quot;:&quot;0&quot;,&quot;title&quot;:&quot;&quot;,&quot;orientation&quot;:&quot;0&quot;}\" data-image-title=\"age20160827100\" data-image-description=\"\" data-image-caption=\"\" data-large-file=\"https:\/\/i0.wp.com\/blogdoprosperi.com\/wp-content\/uploads\/2016\/08\/age201608271001.jpg?fit=690%2C400&amp;ssl=1\" class=\"alignnone size-full wp-image-23164\" src=\"https:\/\/i0.wp.com\/blogdoprosperi.com\/wp-content\/uploads\/2016\/08\/age201608271001.jpg?resize=690%2C400&#038;ssl=1\" alt=\"age20160827100\" width=\"690\" height=\"400\" \/><\/span><\/p>\n<p><strong>FICHA DO JOGO<\/strong><\/p>\n<p><strong>S\u00e3o Paulo 1 x 0 Cruzeiro<\/strong><\/p>\n<p><strong>Gol<\/strong>: Wesley, aos 42 minutos do primeiro tempo<\/p>\n<p><strong>S\u00e3o Paulo:<\/strong>\u00a0Denis; Julio Buffarini, Maicon, Rodrigo Caio e Mena; Hudson (Jo\u00e3o Schimidt), Thiago Mendes, Wesley e Cueva (Carlinhos); Kelvin (Luiz Ara\u00fajo) e Andres Chavez.\u00a0<strong>T\u00e9cnico:<\/strong>\u00a0Ricardo Gomes<\/p>\n<p><strong>Cruzeiro:<\/strong>\u00a0Rafael; Lucas (Ezequiel), Bruno Rodrigo, Manoel e Edimar; Henrique, Lucas Romero, Robinho e Rafinha (Marcos Vinicius); Rafael Sobis (Alisson) e Willian.\u00a0<strong>T\u00e9cnico:<\/strong>\u00a0Mano Menezes<\/p>\n<p><strong>Juiz:<\/strong>\u00a0Diego Almeida Real<br \/>\n<strong>P\u00fablico:<\/strong>\u00a015.566 pagantes<br \/>\n<strong>Renda:\u00a0<\/strong>R$ 361.885,00<br \/>\n<strong>Cart\u00e3o vermelho:\u00a0<\/strong>Manoel<br \/>\n<strong>Local:<\/strong> Morumbi.<\/p>\n","protected":false},"excerpt":{"rendered":"<p>S\u00e3o Paulo sofre a cada rodada no Brasileir\u00e3o. Cada vit\u00f3ria \u00e9 um parto. N\u00e3o h\u00e1 um momento de [&hellip;]<\/p>\n","protected":false},"author":102107496,"featured_media":0,"comment_status":"open","ping_status":"open","sticky":false,"template":"","format":"standard","meta":{"_coblocks_attr":"","_coblocks_dimensions":"","_coblocks_responsive_height":"","_coblocks_accordion_ie_support":"","wpai_generated_summary":"","_jetpack_newsletter_access":"","_jetpack_dont_email_post_to_subs":false,"_jetpack_newsletter_tier_id":0,"_jetpack_memberships_contains_paywalled_content":false,"_wpcom_ai_launchpad_first_post":false,"_jetpack_feature_clip_id":0,"_jetpack_memberships_contains_paid_content":false,"footnotes":"","jetpack_publicize_message":"","jetpack_publicize_feature_enabled":true,"jetpack_social_post_already_shared":false,"jetpack_social_options":{"image_generator_settings":{"template":"highway","default_image_id":0,"font":"","enabled":false},"version":2},"jetpack_post_was_ever_published":false},"categories":[53870],"tags":[789560560],"class_list":["post-25639","post","type-post","status-publish","format-standard","hentry","category-futebol","tag-futebol"],"yoast_head":"<!-- This site is optimized with the Yoast SEO plugin v28.4 - https:\/\/yoast.com\/product\/yoast-seo-wordpress\/ -->\n<title>S\u00e3o Paulo se socorre com Wesley na sua intolerante corrida contra rebaixamento - PR\u00d3SPERI NEWS<\/title>\n<meta name=\"robots\" content=\"index, follow, max-snippet:-1, max-image-preview:large, max-video-preview:-1\" \/>\n<link rel=\"canonical\" href=\"https:\/\/blogdoprosperi.com\/?p=25639\" \/>\n<meta property=\"og:locale\" content=\"pt_BR\" \/>\n<meta property=\"og:type\" content=\"article\" \/>\n<meta property=\"og:title\" content=\"S\u00e3o Paulo se socorre com Wesley na sua intolerante corrida contra rebaixamento - PR\u00d3SPERI NEWS\" \/>\n<meta property=\"og:description\" content=\"S\u00e3o Paulo sofre a cada rodada no Brasileir\u00e3o. Cada vit\u00f3ria \u00e9 um parto. N\u00e3o h\u00e1 um momento de [&hellip;]\" \/>\n<meta property=\"og:url\" content=\"https:\/\/blogdoprosperi.com\/?p=25639\" \/>\n<meta property=\"og:site_name\" content=\"PR\u00d3SPERI NEWS\" \/>\n<meta property=\"article:publisher\" content=\"Luiz Pr\u00f3speri\" \/>\n<meta property=\"article:author\" content=\"Luiz Pr\u00f3speri\" \/>\n<meta property=\"article:published_time\" content=\"2016-09-16T02:34:09+00:00\" \/>\n<meta property=\"article:modified_time\" content=\"2016-09-16T13:00:45+00:00\" \/>\n<meta property=\"og:image\" content=\"https:\/\/blogdoprosperi.com\/wp-content\/uploads\/2016\/09\/agi20160915082.jpg\" \/>\n<meta name=\"author\" content=\"Luiz Ant\u00f4nio Pr\u00f3speri\" \/>\n<meta name=\"twitter:card\" content=\"summary_large_image\" \/>\n<meta name=\"twitter:creator\" content=\"@Luizprosperi\" \/>\n<meta name=\"twitter:site\" content=\"@Luizprosperi\" \/>\n<meta name=\"twitter:label1\" content=\"Escrito por\" \/>\n\t<meta name=\"twitter:data1\" content=\"Luiz Ant\u00f4nio Pr\u00f3speri\" \/>\n\t<meta name=\"twitter:label2\" content=\"Est. tempo de leitura\" \/>\n\t<meta name=\"twitter:data2\" content=\"2 minutos\" \/>\n<script type=\"application\/ld+json\" class=\"yoast-schema-graph\">{\"@context\":\"https:\\\/\\\/schema.org\",\"@graph\":[{\"@type\":\"Article\",\"@id\":\"https:\\\/\\\/blogdoprosperi.com\\\/?p=25639#article\",\"isPartOf\":{\"@id\":\"https:\\\/\\\/blogdoprosperi.com\\\/?p=25639\"},\"author\":{\"name\":\"Luiz Ant\u00f4nio Pr\u00f3speri\",\"@id\":\"https:\\\/\\\/blogdoprosperi.com\\\/#\\\/schema\\\/person\\\/38100755ce3601861ee4fab9b5aa78e9\"},\"headline\":\"S\u00e3o Paulo se socorre com Wesley na sua intolerante corrida contra rebaixamento\",\"datePublished\":\"2016-09-16T02:34:09+00:00\",\"dateModified\":\"2016-09-16T13:00:45+00:00\",\"mainEntityOfPage\":{\"@id\":\"https:\\\/\\\/blogdoprosperi.com\\\/?p=25639\"},\"wordCount\":454,\"commentCount\":1,\"publisher\":{\"@id\":\"https:\\\/\\\/blogdoprosperi.com\\\/#\\\/schema\\\/person\\\/38100755ce3601861ee4fab9b5aa78e9\"},\"image\":{\"@id\":\"https:\\\/\\\/blogdoprosperi.com\\\/?p=25639#primaryimage\"},\"thumbnailUrl\":\"https:\\\/\\\/blogdoprosperi.com\\\/wp-content\\\/uploads\\\/2016\\\/09\\\/agi20160915082.jpg\",\"keywords\":[\"futebol\"],\"articleSection\":[\"futebol\"],\"inLanguage\":\"pt-BR\",\"potentialAction\":[{\"@type\":\"CommentAction\",\"name\":\"Comment\",\"target\":[\"https:\\\/\\\/blogdoprosperi.com\\\/?p=25639#respond\"]}]},{\"@type\":\"WebPage\",\"@id\":\"https:\\\/\\\/blogdoprosperi.com\\\/?p=25639\",\"url\":\"https:\\\/\\\/blogdoprosperi.com\\\/?p=25639\",\"name\":\"S\u00e3o Paulo se socorre com Wesley na sua intolerante corrida contra rebaixamento - PR\u00d3SPERI NEWS\",\"isPartOf\":{\"@id\":\"https:\\\/\\\/blogdoprosperi.com\\\/#website\"},\"primaryImageOfPage\":{\"@id\":\"https:\\\/\\\/blogdoprosperi.com\\\/?p=25639#primaryimage\"},\"image\":{\"@id\":\"https:\\\/\\\/blogdoprosperi.com\\\/?p=25639#primaryimage\"},\"thumbnailUrl\":\"https:\\\/\\\/blogdoprosperi.com\\\/wp-content\\\/uploads\\\/2016\\\/09\\\/agi20160915082.jpg\",\"datePublished\":\"2016-09-16T02:34:09+00:00\",\"dateModified\":\"2016-09-16T13:00:45+00:00\",\"breadcrumb\":{\"@id\":\"https:\\\/\\\/blogdoprosperi.com\\\/?p=25639#breadcrumb\"},\"inLanguage\":\"pt-BR\",\"potentialAction\":[{\"@type\":\"ReadAction\",\"target\":[\"https:\\\/\\\/blogdoprosperi.com\\\/?p=25639\"]}]},{\"@type\":\"ImageObject\",\"inLanguage\":\"pt-BR\",\"@id\":\"https:\\\/\\\/blogdoprosperi.com\\\/?p=25639#primaryimage\",\"url\":\"https:\\\/\\\/i0.wp.com\\\/blogdoprosperi.com\\\/wp-content\\\/uploads\\\/2016\\\/09\\\/agi20160915082.jpg?fit=640%2C360&ssl=1\",\"contentUrl\":\"https:\\\/\\\/i0.wp.com\\\/blogdoprosperi.com\\\/wp-content\\\/uploads\\\/2016\\\/09\\\/agi20160915082.jpg?fit=640%2C360&ssl=1\",\"width\":640,\"height\":360},{\"@type\":\"BreadcrumbList\",\"@id\":\"https:\\\/\\\/blogdoprosperi.com\\\/?p=25639#breadcrumb\",\"itemListElement\":[{\"@type\":\"ListItem\",\"position\":1,\"name\":\"In\u00edcio\",\"item\":\"https:\\\/\\\/blogdoprosperi.com\\\/\"},{\"@type\":\"ListItem\",\"position\":2,\"name\":\"S\u00e3o Paulo se socorre com Wesley na sua intolerante corrida contra rebaixamento\"}]},{\"@type\":\"WebSite\",\"@id\":\"https:\\\/\\\/blogdoprosperi.com\\\/#website\",\"url\":\"https:\\\/\\\/blogdoprosperi.com\\\/\",\"name\":\"PR\u00d3SPERI NEWS\",\"description\":\"TUDO \u00c9  FUTEBOL\",\"publisher\":{\"@id\":\"https:\\\/\\\/blogdoprosperi.com\\\/#\\\/schema\\\/person\\\/38100755ce3601861ee4fab9b5aa78e9\"},\"alternateName\":\"blogdoprosperi.com\",\"potentialAction\":[{\"@type\":\"SearchAction\",\"target\":{\"@type\":\"EntryPoint\",\"urlTemplate\":\"https:\\\/\\\/blogdoprosperi.com\\\/?s={search_term_string}\"},\"query-input\":{\"@type\":\"PropertyValueSpecification\",\"valueRequired\":true,\"valueName\":\"search_term_string\"}}],\"inLanguage\":\"pt-BR\"},{\"@type\":[\"Person\",\"Organization\"],\"@id\":\"https:\\\/\\\/blogdoprosperi.com\\\/#\\\/schema\\\/person\\\/38100755ce3601861ee4fab9b5aa78e9\",\"name\":\"Luiz Ant\u00f4nio Pr\u00f3speri\",\"pronouns\":\"ele\",\"image\":{\"@type\":\"ImageObject\",\"inLanguage\":\"pt-BR\",\"@id\":\"https:\\\/\\\/i0.wp.com\\\/blogdoprosperi.com\\\/wp-content\\\/uploads\\\/2026\\\/05\\\/cropped-8059e613-6002-42fa-961e-8e275f575d71-2-5.jpg?fit=1360%2C931&ssl=1\",\"url\":\"https:\\\/\\\/i0.wp.com\\\/blogdoprosperi.com\\\/wp-content\\\/uploads\\\/2026\\\/05\\\/cropped-8059e613-6002-42fa-961e-8e275f575d71-2-5.jpg?fit=1360%2C931&ssl=1\",\"contentUrl\":\"https:\\\/\\\/i0.wp.com\\\/blogdoprosperi.com\\\/wp-content\\\/uploads\\\/2026\\\/05\\\/cropped-8059e613-6002-42fa-961e-8e275f575d71-2-5.jpg?fit=1360%2C931&ssl=1\",\"width\":1360,\"height\":931,\"caption\":\"Luiz Ant\u00f4nio Pr\u00f3speri\"},\"logo\":{\"@id\":\"https:\\\/\\\/i0.wp.com\\\/blogdoprosperi.com\\\/wp-content\\\/uploads\\\/2026\\\/05\\\/cropped-8059e613-6002-42fa-961e-8e275f575d71-2-5.jpg?fit=1360%2C931&ssl=1\"},\"description\":\"Jornalista com carreira dedicada ao esporte. Cobriu 9 Copas do Mundo in loco, 1990 na It\u00e1lia, 1994 nos EUA, 1998 na Fran\u00e7a, 2002 na Coreia do Sul e Jap\u00e3o, 2006 na Alemanha, 2010 na \u00c1frica do Sul, 2014 no Brasil, 2018 na R\u00fassia e 2022 no Qatar. Eurocopas, 1992 na Su\u00e9cia e 1996 na Inglaterra. Copa das Confedera\u00e7\u00f5es de 2005 na Alemanha e 2009 na \u00c1frica do Sul. Rep\u00f3rter e Editor, trabalhou no Jornal da Tarde e Estad\u00e3o, de 1984 a fevereiro de 2016. Colunista, blogueiro. E comentarista de futebol na R\u00e1dio Estad\u00e3o, de 2013 a fevereiro de 2016. Jornalista respons\u00e1vel do \\\"Pr\u00f3speri News\\\" (blogdoprosperi.com).\",\"sameAs\":[\"http:\\\/\\\/blogdoprosperi.com\",\"Luiz Pr\u00f3speri\",\"@luiz_prosperi\",\"https:\\\/\\\/x.com\\\/Luizprosperi\",\"@prosperinacopa\",\"luiz.prosperi@icloud.com\"],\"url\":\"https:\\\/\\\/blogdoprosperi.com\\\/?author=102107496\"}]}<\/script>\n<!-- \/ Yoast SEO plugin. -->","yoast_head_json":{"title":"S\u00e3o Paulo se socorre com Wesley na sua intolerante corrida contra rebaixamento - PR\u00d3SPERI NEWS","robots":{"index":"index","follow":"follow","max-snippet":"max-snippet:-1","max-image-preview":"max-image-preview:large","max-video-preview":"max-video-preview:-1"},"canonical":"https:\/\/blogdoprosperi.com\/?p=25639","og_locale":"pt_BR","og_type":"article","og_title":"S\u00e3o Paulo se socorre com Wesley na sua intolerante corrida contra rebaixamento - PR\u00d3SPERI NEWS","og_description":"S\u00e3o Paulo sofre a cada rodada no Brasileir\u00e3o. Cada vit\u00f3ria \u00e9 um parto. N\u00e3o h\u00e1 um momento de [&hellip;]","og_url":"https:\/\/blogdoprosperi.com\/?p=25639","og_site_name":"PR\u00d3SPERI NEWS","article_publisher":"Luiz Pr\u00f3speri","article_author":"Luiz Pr\u00f3speri","article_published_time":"2016-09-16T02:34:09+00:00","article_modified_time":"2016-09-16T13:00:45+00:00","og_image":[{"url":"https:\/\/blogdoprosperi.com\/wp-content\/uploads\/2016\/09\/agi20160915082.jpg","type":"","width":"","height":""}],"author":"Luiz Ant\u00f4nio Pr\u00f3speri","twitter_card":"summary_large_image","twitter_creator":"@Luizprosperi","twitter_site":"@Luizprosperi","twitter_misc":{"Escrito por":"Luiz Ant\u00f4nio Pr\u00f3speri","Est. tempo de leitura":"2 minutos"},"schema":{"@context":"https:\/\/schema.org","@graph":[{"@type":"Article","@id":"https:\/\/blogdoprosperi.com\/?p=25639#article","isPartOf":{"@id":"https:\/\/blogdoprosperi.com\/?p=25639"},"author":{"name":"Luiz Ant\u00f4nio Pr\u00f3speri","@id":"https:\/\/blogdoprosperi.com\/#\/schema\/person\/38100755ce3601861ee4fab9b5aa78e9"},"headline":"S\u00e3o Paulo se socorre com Wesley na sua intolerante corrida contra rebaixamento","datePublished":"2016-09-16T02:34:09+00:00","dateModified":"2016-09-16T13:00:45+00:00","mainEntityOfPage":{"@id":"https:\/\/blogdoprosperi.com\/?p=25639"},"wordCount":454,"commentCount":1,"publisher":{"@id":"https:\/\/blogdoprosperi.com\/#\/schema\/person\/38100755ce3601861ee4fab9b5aa78e9"},"image":{"@id":"https:\/\/blogdoprosperi.com\/?p=25639#primaryimage"},"thumbnailUrl":"https:\/\/blogdoprosperi.com\/wp-content\/uploads\/2016\/09\/agi20160915082.jpg","keywords":["futebol"],"articleSection":["futebol"],"inLanguage":"pt-BR","potentialAction":[{"@type":"CommentAction","name":"Comment","target":["https:\/\/blogdoprosperi.com\/?p=25639#respond"]}]},{"@type":"WebPage","@id":"https:\/\/blogdoprosperi.com\/?p=25639","url":"https:\/\/blogdoprosperi.com\/?p=25639","name":"S\u00e3o Paulo se socorre com Wesley na sua intolerante corrida contra rebaixamento - PR\u00d3SPERI NEWS","isPartOf":{"@id":"https:\/\/blogdoprosperi.com\/#website"},"primaryImageOfPage":{"@id":"https:\/\/blogdoprosperi.com\/?p=25639#primaryimage"},"image":{"@id":"https:\/\/blogdoprosperi.com\/?p=25639#primaryimage"},"thumbnailUrl":"https:\/\/blogdoprosperi.com\/wp-content\/uploads\/2016\/09\/agi20160915082.jpg","datePublished":"2016-09-16T02:34:09+00:00","dateModified":"2016-09-16T13:00:45+00:00","breadcrumb":{"@id":"https:\/\/blogdoprosperi.com\/?p=25639#breadcrumb"},"inLanguage":"pt-BR","potentialAction":[{"@type":"ReadAction","target":["https:\/\/blogdoprosperi.com\/?p=25639"]}]},{"@type":"ImageObject","inLanguage":"pt-BR","@id":"https:\/\/blogdoprosperi.com\/?p=25639#primaryimage","url":"https:\/\/i0.wp.com\/blogdoprosperi.com\/wp-content\/uploads\/2016\/09\/agi20160915082.jpg?fit=640%2C360&ssl=1","contentUrl":"https:\/\/i0.wp.com\/blogdoprosperi.com\/wp-content\/uploads\/2016\/09\/agi20160915082.jpg?fit=640%2C360&ssl=1","width":640,"height":360},{"@type":"BreadcrumbList","@id":"https:\/\/blogdoprosperi.com\/?p=25639#breadcrumb","itemListElement":[{"@type":"ListItem","position":1,"name":"In\u00edcio","item":"https:\/\/blogdoprosperi.com\/"},{"@type":"ListItem","position":2,"name":"S\u00e3o Paulo se socorre com Wesley na sua intolerante corrida contra rebaixamento"}]},{"@type":"WebSite","@id":"https:\/\/blogdoprosperi.com\/#website","url":"https:\/\/blogdoprosperi.com\/","name":"PR\u00d3SPERI NEWS","description":"TUDO \u00c9  FUTEBOL","publisher":{"@id":"https:\/\/blogdoprosperi.com\/#\/schema\/person\/38100755ce3601861ee4fab9b5aa78e9"},"alternateName":"blogdoprosperi.com","potentialAction":[{"@type":"SearchAction","target":{"@type":"EntryPoint","urlTemplate":"https:\/\/blogdoprosperi.com\/?s={search_term_string}"},"query-input":{"@type":"PropertyValueSpecification","valueRequired":true,"valueName":"search_term_string"}}],"inLanguage":"pt-BR"},{"@type":["Person","Organization"],"@id":"https:\/\/blogdoprosperi.com\/#\/schema\/person\/38100755ce3601861ee4fab9b5aa78e9","name":"Luiz Ant\u00f4nio Pr\u00f3speri","pronouns":"ele","image":{"@type":"ImageObject","inLanguage":"pt-BR","@id":"https:\/\/i0.wp.com\/blogdoprosperi.com\/wp-content\/uploads\/2026\/05\/cropped-8059e613-6002-42fa-961e-8e275f575d71-2-5.jpg?fit=1360%2C931&ssl=1","url":"https:\/\/i0.wp.com\/blogdoprosperi.com\/wp-content\/uploads\/2026\/05\/cropped-8059e613-6002-42fa-961e-8e275f575d71-2-5.jpg?fit=1360%2C931&ssl=1","contentUrl":"https:\/\/i0.wp.com\/blogdoprosperi.com\/wp-content\/uploads\/2026\/05\/cropped-8059e613-6002-42fa-961e-8e275f575d71-2-5.jpg?fit=1360%2C931&ssl=1","width":1360,"height":931,"caption":"Luiz Ant\u00f4nio Pr\u00f3speri"},"logo":{"@id":"https:\/\/i0.wp.com\/blogdoprosperi.com\/wp-content\/uploads\/2026\/05\/cropped-8059e613-6002-42fa-961e-8e275f575d71-2-5.jpg?fit=1360%2C931&ssl=1"},"description":"Jornalista com carreira dedicada ao esporte. Cobriu 9 Copas do Mundo in loco, 1990 na It\u00e1lia, 1994 nos EUA, 1998 na Fran\u00e7a, 2002 na Coreia do Sul e Jap\u00e3o, 2006 na Alemanha, 2010 na \u00c1frica do Sul, 2014 no Brasil, 2018 na R\u00fassia e 2022 no Qatar. Eurocopas, 1992 na Su\u00e9cia e 1996 na Inglaterra. Copa das Confedera\u00e7\u00f5es de 2005 na Alemanha e 2009 na \u00c1frica do Sul. Rep\u00f3rter e Editor, trabalhou no Jornal da Tarde e Estad\u00e3o, de 1984 a fevereiro de 2016. Colunista, blogueiro. E comentarista de futebol na R\u00e1dio Estad\u00e3o, de 2013 a fevereiro de 2016. Jornalista respons\u00e1vel do \"Pr\u00f3speri News\" (blogdoprosperi.com).","sameAs":["http:\/\/blogdoprosperi.com","Luiz Pr\u00f3speri","@luiz_prosperi","https:\/\/x.com\/Luizprosperi","@prosperinacopa","luiz.prosperi@icloud.com"],"url":"https:\/\/blogdoprosperi.com\/?author=102107496"}]}},"jetpack_publicize_connections":[],"jetpack_likes_enabled":false,"jetpack_sharing_enabled":true,"jetpack_shortlink":"https:\/\/wp.me\/p7jvdk-6Fx","jetpack-related-posts":[{"id":24138,"url":"https:\/\/blogdoprosperi.com\/?p=24138","url_meta":{"origin":25639,"position":0},"title":"Ricardo Gomes escala S\u00e3o Paulo com medo do Palmeiras no cl\u00e1ssico","author":"Luiz Ant\u00f4nio Pr\u00f3speri","date":"5 de setembro de 2016","format":false,"excerpt":"Ricardo Gomes ensaia o S\u00e3o Paulo com tr\u00eas volantes e uma zaga lenta no cl\u00e1ssico contra o Palmeiras nesta quarta-feira (07\/9) no Allianz Parque. A d\u00favida: o treinador do Tricolor vai jogar na retranca com medo do l\u00edder ou n\u00e3o tem outra op\u00e7\u00e3o diante dos desfalques? \u00c0 dist\u00e2ncia, parece que\u2026","rel":"","context":"Em &quot;Campeonato Brasileiro&quot;","block_context":{"text":"Campeonato Brasileiro","link":"https:\/\/blogdoprosperi.com\/?cat=355071"},"img":{"alt_text":"","src":"https:\/\/i0.wp.com\/blogdoprosperi.com\/wp-content\/uploads\/2016\/09\/apresentac3a7c3a3o-do-tc3a9cnico-ricardo-gomes-no-spfc-02.jpg?resize=350%2C200&ssl=1","width":350,"height":200,"srcset":"https:\/\/i0.wp.com\/blogdoprosperi.com\/wp-content\/uploads\/2016\/09\/apresentac3a7c3a3o-do-tc3a9cnico-ricardo-gomes-no-spfc-02.jpg?resize=350%2C200&ssl=1 1x, https:\/\/i0.wp.com\/blogdoprosperi.com\/wp-content\/uploads\/2016\/09\/apresentac3a7c3a3o-do-tc3a9cnico-ricardo-gomes-no-spfc-02.jpg?resize=525%2C300&ssl=1 1.5x, https:\/\/i0.wp.com\/blogdoprosperi.com\/wp-content\/uploads\/2016\/09\/apresentac3a7c3a3o-do-tc3a9cnico-ricardo-gomes-no-spfc-02.jpg?resize=700%2C400&ssl=1 2x"},"classes":[]},{"id":30471,"url":"https:\/\/blogdoprosperi.com\/?p=30471","url_meta":{"origin":25639,"position":1},"title":"S\u00e3o Paulo perde do lanterna e  ainda n\u00e3o fecha conta na corrida contra rebaixamento","author":"Luiz Ant\u00f4nio Pr\u00f3speri","date":"31 de outubro de 2016","format":false,"excerpt":"S\u00e3o Paulo ainda n\u00e3o fechou a matem\u00e1tica contra o rebaixamento. Diante do Am\u00e9rica-MG, at\u00e9 ent\u00e3o na lanterna do Brasileir\u00e3o, o Tricolor perdeu por 1 a 0 - 13.\u00aa derrota no campeonato em 33 jogos - e deixou de somar os tr\u00eas pontos preciosos que poderiam acabar com a ansiedade e\u2026","rel":"","context":"Em &quot;Campeonato Brasileiro&quot;","block_context":{"text":"Campeonato Brasileiro","link":"https:\/\/blogdoprosperi.com\/?cat=355071"},"img":{"alt_text":"","src":"https:\/\/i0.wp.com\/blogdoprosperi.com\/wp-content\/uploads\/2016\/10\/image-1.jpg?resize=350%2C200&ssl=1","width":350,"height":200},"classes":[]},{"id":37037,"url":"https:\/\/blogdoprosperi.com\/?p=37037","url_meta":{"origin":25639,"position":2},"title":"Hernanes assina vit\u00f3ria do S\u00e3o Paulo, Lucas Lima rasura derrota do Santos","author":"Luiz Ant\u00f4nio Pr\u00f3speri","date":"28 de outubro de 2017","format":false,"excerpt":"S\u00e3o Paulo foge a passos largos do rebaixamento. A vit\u00f3ria contra o Santos, sem se ater aos n\u00fameros da classifica\u00e7\u00e3o na tabela, \u00e9 um recado tranquilizador a sua torcida. Desde as primeiras rodadas do Brasileir\u00e3o o time n\u00e3o vencia dois jogos seguidos. Conseguiu. Chegou aos 40 pontos, faltam sete para\u2026","rel":"","context":"Em &quot;Campeonato Brasileiro&quot;","block_context":{"text":"Campeonato Brasileiro","link":"https:\/\/blogdoprosperi.com\/?cat=355071"},"img":{"alt_text":"Cueva comemora gol na vit\u00f3ria do S\u00e3o Paulo","src":"https:\/\/i0.wp.com\/blogdoprosperi.com\/wp-content\/uploads\/2017\/10\/sao_paulo_2_x_1_santos_brasileirao_2017.jpg?fit=600%2C400&ssl=1&resize=350%2C200","width":350,"height":200,"srcset":"https:\/\/i0.wp.com\/blogdoprosperi.com\/wp-content\/uploads\/2017\/10\/sao_paulo_2_x_1_santos_brasileirao_2017.jpg?fit=600%2C400&ssl=1&resize=350%2C200 1x, https:\/\/i0.wp.com\/blogdoprosperi.com\/wp-content\/uploads\/2017\/10\/sao_paulo_2_x_1_santos_brasileirao_2017.jpg?fit=600%2C400&ssl=1&resize=525%2C300 1.5x"},"classes":[]},{"id":23329,"url":"https:\/\/blogdoprosperi.com\/?p=23329","url_meta":{"origin":25639,"position":3},"title":"S\u00e3o Paulo entra na contagem regressiva contra zona do rebaixamento","author":"Luiz Ant\u00f4nio Pr\u00f3speri","date":"28 de agosto de 2016","format":false,"excerpt":"Ch\u00e1vez n\u00e3o \u00e9 Calleri e o time no Campeonato Brasileiro n\u00e3o \u00e9 o mesmo da Copa Libertadores. Dois detalhes ilustram bem o S\u00e3o Paulo neste momento de turbul\u00eancia em pleno voo sobre o oceano. Se Ch\u00e1vez fosse Calleri provavelmente n\u00e3o teria perdido os dois gols mais incr\u00edveis desta rodada do\u2026","rel":"","context":"Em &quot;Campeonato Brasileiro&quot;","block_context":{"text":"Campeonato Brasileiro","link":"https:\/\/blogdoprosperi.com\/?cat=355071"},"img":{"alt_text":"","src":"https:\/\/i0.wp.com\/blogdoprosperi.com\/wp-content\/uploads\/2016\/08\/rib_5264_bqtufpd.jpg?resize=350%2C200&ssl=1","width":350,"height":200,"srcset":"https:\/\/i0.wp.com\/blogdoprosperi.com\/wp-content\/uploads\/2016\/08\/rib_5264_bqtufpd.jpg?resize=350%2C200&ssl=1 1x, https:\/\/i0.wp.com\/blogdoprosperi.com\/wp-content\/uploads\/2016\/08\/rib_5264_bqtufpd.jpg?resize=525%2C300&ssl=1 1.5x"},"classes":[]},{"id":26366,"url":"https:\/\/blogdoprosperi.com\/?p=26366","url_meta":{"origin":25639,"position":4},"title":"S\u00e3o Paulo sai fora da Copa do Brasil e perde mais uma luta contra seus dem\u00f4nios","author":"Luiz Ant\u00f4nio Pr\u00f3speri","date":"22 de setembro de 2016","format":false,"excerpt":"S\u00e3o Paulo fez o que estava ao seu alcance na decis\u00e3o de uma vaga \u00e0s quartas de final da Copa do Brasil. Ao perder por 2 a 1 para o Juventude no Morumbi no jogo de ida, teria de vencer por dois gol de diferen\u00e7a em Caxias nesta quinta-feira (22\/9).\u2026","rel":"","context":"Em &quot;futebol&quot;","block_context":{"text":"futebol","link":"https:\/\/blogdoprosperi.com\/?cat=53870"},"img":{"alt_text":"","src":"https:\/\/i0.wp.com\/blogdoprosperi.com\/wp-content\/uploads\/2016\/09\/622_0373b94b-1a81-3ed5-b1d6-2cee3485c874.jpg?resize=350%2C200&ssl=1","width":350,"height":200,"srcset":"https:\/\/i0.wp.com\/blogdoprosperi.com\/wp-content\/uploads\/2016\/09\/622_0373b94b-1a81-3ed5-b1d6-2cee3485c874.jpg?resize=350%2C200&ssl=1 1x, https:\/\/i0.wp.com\/blogdoprosperi.com\/wp-content\/uploads\/2016\/09\/622_0373b94b-1a81-3ed5-b1d6-2cee3485c874.jpg?resize=525%2C300&ssl=1 1.5x"},"classes":[]},{"id":27113,"url":"https:\/\/blogdoprosperi.com\/?p=27113","url_meta":{"origin":25639,"position":5},"title":"S\u00e3o Paulo chora aos p\u00e9s de Ch\u00e1vez diante do Flamengo no Morumbi","author":"Luiz Ant\u00f4nio Pr\u00f3speri","date":"1 de outubro de 2016","format":false,"excerpt":"Ch\u00e1vez tirou do S\u00e3o Paulo uma vit\u00f3ria importante na sua corrida contra a zona de rebaixamento no Brasileir\u00e3o. Aos 38 minutos do segundo tempo, atacante argentino aparece na cara do gol, chuta mal e Alex Muralha defende. Esse gol daria tr\u00eas pontos ao Tricolor, incomodado na parte debaixo da tabela\u2026","rel":"","context":"Em &quot;Campeonato Brasileiro&quot;","block_context":{"text":"Campeonato Brasileiro","link":"https:\/\/blogdoprosperi.com\/?cat=355071"},"img":{"alt_text":"","src":"https:\/\/i0.wp.com\/blogdoprosperi.com\/wp-content\/uploads\/2016\/10\/sp133.jpg?resize=350%2C200&ssl=1","width":350,"height":200,"srcset":"https:\/\/i0.wp.com\/blogdoprosperi.com\/wp-content\/uploads\/2016\/10\/sp133.jpg?resize=350%2C200&ssl=1 1x, https:\/\/i0.wp.com\/blogdoprosperi.com\/wp-content\/uploads\/2016\/10\/sp133.jpg?resize=525%2C300&ssl=1 1.5x"},"classes":[]}],"jetpack_featured_media_url":"","_links":{"self":[{"href":"https:\/\/blogdoprosperi.com\/index.php?rest_route=\/wp\/v2\/posts\/25639","targetHints":{"allow":["GET"]}}],"collection":[{"href":"https:\/\/blogdoprosperi.com\/index.php?rest_route=\/wp\/v2\/posts"}],"about":[{"href":"https:\/\/blogdoprosperi.com\/index.php?rest_route=\/wp\/v2\/types\/post"}],"author":[{"embeddable":true,"href":"https:\/\/blogdoprosperi.com\/index.php?rest_route=\/wp\/v2\/users\/102107496"}],"replies":[{"embeddable":true,"href":"https:\/\/blogdoprosperi.com\/index.php?rest_route=%2Fwp%2Fv2%2Fcomments&post=25639"}],"version-history":[{"count":25,"href":"https:\/\/blogdoprosperi.com\/index.php?rest_route=\/wp\/v2\/posts\/25639\/revisions"}],"predecessor-version":[{"id":25686,"href":"https:\/\/blogdoprosperi.com\/index.php?rest_route=\/wp\/v2\/posts\/25639\/revisions\/25686"}],"wp:attachment":[{"href":"https:\/\/blogdoprosperi.com\/index.php?rest_route=%2Fwp%2Fv2%2Fmedia&parent=25639"}],"wp:term":[{"taxonomy":"category","embeddable":true,"href":"https:\/\/blogdoprosperi.com\/index.php?rest_route=%2Fwp%2Fv2%2Fcategories&post=25639"},{"taxonomy":"post_tag","embeddable":true,"href":"https:\/\/blogdoprosperi.com\/index.php?rest_route=%2Fwp%2Fv2%2Ftags&post=25639"}],"curies":[{"name":"wp","href":"https:\/\/api.w.org\/{rel}","templated":true}]}}