{"id":25896,"date":"2016-09-18T18:29:10","date_gmt":"2016-09-18T21:29:10","guid":{"rendered":"http:\/\/blogdoprosperi.com\/?p=25896"},"modified":"2016-09-18T18:37:47","modified_gmt":"2016-09-18T21:37:47","slug":"sao-paulo-paga-preco-alto-por-formar-time-com-jogadores-fracos","status":"publish","type":"post","link":"https:\/\/blogdoprosperi.com\/?p=25896","title":{"rendered":"S\u00e3o Paulo paga pre\u00e7o alto por formar time com jogadores fracos"},"content":{"rendered":"<p><span class=\"alignnone\"><img data-recalc-dims=\"1\" loading=\"lazy\" decoding=\"async\" data-attachment-id=\"25950\" data-permalink=\"https:\/\/blogdoprosperi.com\/?attachment_id=25950\" data-orig-file=\"https:\/\/i0.wp.com\/blogdoprosperi.com\/wp-content\/uploads\/2016\/09\/0750_crop_galeria.jpg?fit=800%2C515&amp;ssl=1\" data-orig-size=\"800,515\" data-comments-opened=\"1\" data-image-meta=\"{&quot;aperture&quot;:&quot;0&quot;,&quot;credit&quot;:&quot;&quot;,&quot;camera&quot;:&quot;&quot;,&quot;caption&quot;:&quot;&quot;,&quot;created_timestamp&quot;:&quot;0&quot;,&quot;copyright&quot;:&quot;&quot;,&quot;focal_length&quot;:&quot;0&quot;,&quot;iso&quot;:&quot;0&quot;,&quot;shutter_speed&quot;:&quot;0&quot;,&quot;title&quot;:&quot;&quot;,&quot;orientation&quot;:&quot;0&quot;}\" data-image-title=\"0750_crop_galeria\" data-image-description=\"\" data-image-caption=\"\" data-large-file=\"https:\/\/i0.wp.com\/blogdoprosperi.com\/wp-content\/uploads\/2016\/09\/0750_crop_galeria.jpg?fit=800%2C515&amp;ssl=1\" class=\"alignnone size-full wp-image-25950\" src=\"https:\/\/i0.wp.com\/blogdoprosperi.com\/wp-content\/uploads\/2016\/09\/0750_crop_galeria.jpg?resize=800%2C515&#038;ssl=1\" alt=\"0750_crop_galeria\" width=\"800\" height=\"515\" \/><\/span><\/p>\n<p>S\u00e3o Paulo paga por n\u00e3o ser ousado e por um ataque esqu\u00e1lido. Depois de engatar duas vit\u00f3rias consecutivas em casa, aliviar a tens\u00e3o e sonhar com uma retomada no campeonato, caiu diante do Atl\u00e9tico-PR com a derrota por 1 a 0 neste domingo em Curitiba. Mais que o resultado ruim, o jogo deixou clara a falta de perspectiva de um time sem repert\u00f3rio e sem conte\u00fado. Vai passar as \u00faltimas rodadas em flerte absoluto com a zona de rebaixamento. O problema n\u00e3o \u00e9 um bom dirigente, \u00e9 ter jogador ruim.<!--more--><\/p>\n<p>N\u00e3o vai ser uma travessia das mais tranquilas. O diagn\u00f3stico de que a chegada de Marco Aur\u00e9lio Cunha poderia mudar o curso do rio j\u00e1 deu um sinal de que n\u00e3o \u00e9 bem assim. Dirigente, por mais quilometragem que tenha e afinidade com o clube, n\u00e3o consegue fazer o time jogar quando faltam bons jogadores e uma proposta mais concreta em busca das vit\u00f3rias.<\/p>\n<p>Contra o Atl\u00e9tico-PR esse desequil\u00edbrio ficou bem claro. O S\u00e3o Paulo usou do expediente de jogar em busca da confian\u00e7a perdida. N\u00e3o se exp\u00f4s, n\u00e3o amassou o advers\u00e1rio. Seu modo de operar foi o de n\u00e3o correr riscos. Por isso repetiu a forma\u00e7\u00e3o com tr\u00eas volantes e nenhum meia. Quase n\u00e3o avan\u00e7ou os laterais e, quando p\u00f4de, lan\u00e7ou a bola na \u00e1rea para Ch\u00e1vez resolver. N\u00e3o por acaso, o argentino tem colecionado gols importantes.<\/p>\n<p>No primeiro tempo, o Tricolor insistiu com essa estrat\u00e9gia. N\u00e3o levou grandes sustos, a n\u00e3o ser um golpe de cabe\u00e7a de Thiago Heleno com direito \u00e0 defesa espetacular de Denis. Tamb\u00e9m pouco tirou o sono de Weverton, a n\u00e3o ser em um cruzamento de Mena que Ch\u00e1vez escorou e o goleiro do time paranaense evitou o gol.<\/p>\n<p><span class=\"alignnone\"><img data-recalc-dims=\"1\" loading=\"lazy\" decoding=\"async\" data-attachment-id=\"25951\" data-permalink=\"https:\/\/blogdoprosperi.com\/?attachment_id=25951\" data-orig-file=\"https:\/\/i0.wp.com\/blogdoprosperi.com\/wp-content\/uploads\/2016\/09\/28.jpg?fit=640%2C360&amp;ssl=1\" data-orig-size=\"640,360\" data-comments-opened=\"1\" data-image-meta=\"{&quot;aperture&quot;:&quot;0&quot;,&quot;credit&quot;:&quot;&quot;,&quot;camera&quot;:&quot;&quot;,&quot;caption&quot;:&quot;&quot;,&quot;created_timestamp&quot;:&quot;0&quot;,&quot;copyright&quot;:&quot;&quot;,&quot;focal_length&quot;:&quot;0&quot;,&quot;iso&quot;:&quot;0&quot;,&quot;shutter_speed&quot;:&quot;0&quot;,&quot;title&quot;:&quot;&quot;,&quot;orientation&quot;:&quot;0&quot;}\" data-image-title=\"28\" data-image-description=\"\" data-image-caption=\"\" data-large-file=\"https:\/\/i0.wp.com\/blogdoprosperi.com\/wp-content\/uploads\/2016\/09\/28.jpg?fit=640%2C360&amp;ssl=1\" class=\"alignnone size-full wp-image-25951\" src=\"https:\/\/i0.wp.com\/blogdoprosperi.com\/wp-content\/uploads\/2016\/09\/28.jpg?resize=640%2C360&#038;ssl=1\" alt=\"28\" width=\"640\" height=\"360\" \/><\/span>Mas no segundo tempo, quando precisava de algo mais, n\u00e3o encontrou solu\u00e7\u00f5es. Escorou o muro defensivo o quanto foi poss\u00edvel e na hora de propor alguma coisa percebeu mais uma vez que n\u00e3o tem de onde tirar. Ao sofrer o gol de Pablo, com \u00a034 minutos, concluiu de uma vez por todas que n\u00e3o teria condi\u00e7\u00f5es de reverter o quadro ou pelo menos empatar.<\/p>\n<p>A sina do S\u00e3o Paulo \u00e9 de sofrer at\u00e9 o fim do Brasileir\u00e3o &#8211; est\u00e1 na 12\u00aa coloca\u00e7\u00e3o, a seis pontos da zona da degola.<\/p>\n<p>Quando o treinador mexe no time e troca Wesley por Michel Bastos, na tentativa de dar mais criatividade ao time, como fez no segundo tempo contra o Atl\u00e9tico, \u00e9 um sinal de que o S\u00e3o Paulo n\u00e3o tem jeito mesmo.<\/p>\n<div class=\"jetpack-video-wrapper\"><span class=\"embed-youtube\" style=\"text-align:center; display: block;\"><iframe loading=\"lazy\" class=\"youtube-player\" width=\"560\" height=\"315\" src=\"https:\/\/www.youtube.com\/embed\/qXckcs7RcJU?version=3&#038;rel=1&#038;showsearch=0&#038;showinfo=1&#038;iv_load_policy=1&#038;fs=1&#038;hl=pt-BR&#038;autohide=2&#038;wmode=transparent\" allowfullscreen=\"true\" style=\"border:0;\" sandbox=\"allow-scripts allow-same-origin allow-popups allow-presentation allow-popups-to-escape-sandbox\"><\/iframe><\/span><\/div>\n<p>F<strong>ICHA DO JOGO<\/strong><\/p>\n<p><strong>Atl\u00e9tico-PR 1 x 0 S\u00e3o Paulo<\/strong><\/p>\n<p><strong>Gol:<\/strong> Pablo, aos 34 minutos do segundo tempo.<\/p>\n<p><strong>Atl\u00e9tico-PR<\/strong>: Weverton, Leo, Paulo Andr\u00e9, Thiago Heleno e; Ot\u00e1vio, Hernani e Matheus Rossetto (Luciano Cabral\/Renan Paulino ); Lucas Fernandes (Juninho), Andr\u00e9 Lima e Pablo. <strong>T\u00e9cnico:<\/strong> Paulo Autuori<\/p>\n<p><strong>S\u00e3o Paulo:<\/strong> Denis, Buffarini, Maicon (Lyanco), Rodrigo Caio e Mena; Hudson, Thiago Mendes e Wesley (Michel Bastos); Kelvin (Robson), Ch\u00e1vez e Cueva.<strong> T\u00e9cnico:<\/strong> Ricardo Gomes<\/p>\n<p><strong>Juiz:<\/strong> Anderson Daronco<br \/>\n<strong>Cart\u00f5es amarelos<\/strong>: Leo e Denis<br \/>\nLocal: Arena da Baixada<\/p>\n","protected":false},"excerpt":{"rendered":"<p>S\u00e3o Paulo paga por n\u00e3o ser ousado e por um ataque esqu\u00e1lido. Depois de engatar duas vit\u00f3rias consecutivas [&hellip;]<\/p>\n","protected":false},"author":102107496,"featured_media":0,"comment_status":"open","ping_status":"open","sticky":false,"template":"","format":"standard","meta":{"_coblocks_attr":"","_coblocks_dimensions":"","_coblocks_responsive_height":"","_coblocks_accordion_ie_support":"","_jetpack_newsletter_access":"","_jetpack_dont_email_post_to_subs":false,"_jetpack_newsletter_tier_id":0,"_jetpack_memberships_contains_paywalled_content":false,"_wpcom_ai_launchpad_first_post":false,"_jetpack_feature_clip_id":0,"_jetpack_memberships_contains_paid_content":false,"footnotes":"","jetpack_publicize_message":"","jetpack_publicize_feature_enabled":true,"jetpack_social_post_already_shared":false,"jetpack_social_options":{"image_generator_settings":{"template":"highway","default_image_id":0,"font":"","enabled":false},"version":2},"jetpack_post_was_ever_published":false},"categories":[355071,53870],"tags":[998272,40277831,362595295,789560566,789560560,4225000,972018],"class_list":["post-25896","post","type-post","status-publish","format-standard","hentry","category-campeonato-brasileiro","category-futebol","tag-atletico-pr","tag-atletico-pr-x-sao-paulo","tag-brasileirao-2016","tag-campeonato-brasileiro","tag-futebol","tag-marco-aurelio-cunha","tag-sao-paulo-fc"],"yoast_head":"<!-- This site is optimized with the Yoast SEO plugin v28.4 - https:\/\/yoast.com\/product\/yoast-seo-wordpress\/ -->\n<title>S\u00e3o Paulo paga pre\u00e7o alto por formar time com jogadores fracos - PR\u00d3SPERI NEWS<\/title>\n<meta name=\"robots\" content=\"index, follow, max-snippet:-1, max-image-preview:large, max-video-preview:-1\" \/>\n<link rel=\"canonical\" href=\"https:\/\/blogdoprosperi.com\/?p=25896\" \/>\n<meta property=\"og:locale\" content=\"pt_BR\" \/>\n<meta property=\"og:type\" content=\"article\" \/>\n<meta property=\"og:title\" content=\"S\u00e3o Paulo paga pre\u00e7o alto por formar time com jogadores fracos - PR\u00d3SPERI NEWS\" \/>\n<meta property=\"og:description\" content=\"S\u00e3o Paulo paga por n\u00e3o ser ousado e por um ataque esqu\u00e1lido. Depois de engatar duas vit\u00f3rias consecutivas [&hellip;]\" \/>\n<meta property=\"og:url\" content=\"https:\/\/blogdoprosperi.com\/?p=25896\" \/>\n<meta property=\"og:site_name\" content=\"PR\u00d3SPERI NEWS\" \/>\n<meta property=\"article:publisher\" content=\"Luiz Pr\u00f3speri\" \/>\n<meta property=\"article:author\" content=\"Luiz Pr\u00f3speri\" \/>\n<meta property=\"article:published_time\" content=\"2016-09-18T21:29:10+00:00\" \/>\n<meta property=\"article:modified_time\" content=\"2016-09-18T21:37:47+00:00\" \/>\n<meta property=\"og:image\" content=\"https:\/\/blogdoprosperi.com\/wp-content\/uploads\/2016\/09\/0750_crop_galeria.jpg\" \/>\n<meta name=\"author\" content=\"Luiz Ant\u00f4nio Pr\u00f3speri\" \/>\n<meta name=\"twitter:card\" content=\"summary_large_image\" \/>\n<meta name=\"twitter:creator\" content=\"@Luizprosperi\" \/>\n<meta name=\"twitter:site\" content=\"@Luizprosperi\" \/>\n<meta name=\"twitter:label1\" content=\"Escrito por\" \/>\n\t<meta name=\"twitter:data1\" content=\"Luiz Ant\u00f4nio Pr\u00f3speri\" \/>\n\t<meta name=\"twitter:label2\" content=\"Est. tempo de leitura\" \/>\n\t<meta name=\"twitter:data2\" content=\"3 minutos\" \/>\n<script type=\"application\/ld+json\" class=\"yoast-schema-graph\">{\"@context\":\"https:\\\/\\\/schema.org\",\"@graph\":[{\"@type\":\"Article\",\"@id\":\"https:\\\/\\\/blogdoprosperi.com\\\/?p=25896#article\",\"isPartOf\":{\"@id\":\"https:\\\/\\\/blogdoprosperi.com\\\/?p=25896\"},\"author\":{\"name\":\"Luiz Ant\u00f4nio Pr\u00f3speri\",\"@id\":\"https:\\\/\\\/blogdoprosperi.com\\\/#\\\/schema\\\/person\\\/38100755ce3601861ee4fab9b5aa78e9\"},\"headline\":\"S\u00e3o Paulo paga pre\u00e7o alto por formar time com jogadores fracos\",\"datePublished\":\"2016-09-18T21:29:10+00:00\",\"dateModified\":\"2016-09-18T21:37:47+00:00\",\"mainEntityOfPage\":{\"@id\":\"https:\\\/\\\/blogdoprosperi.com\\\/?p=25896\"},\"wordCount\":566,\"commentCount\":1,\"publisher\":{\"@id\":\"https:\\\/\\\/blogdoprosperi.com\\\/#\\\/schema\\\/person\\\/38100755ce3601861ee4fab9b5aa78e9\"},\"image\":{\"@id\":\"https:\\\/\\\/blogdoprosperi.com\\\/?p=25896#primaryimage\"},\"thumbnailUrl\":\"https:\\\/\\\/blogdoprosperi.com\\\/wp-content\\\/uploads\\\/2016\\\/09\\\/0750_crop_galeria.jpg\",\"keywords\":[\"Atl\u00e9tico-PR\",\"Atl\u00e9tico-PR x S\u00e3o Paulo\",\"Brasileir\u00e3o-2016\",\"Campeonato Brasileiro\",\"futebol\",\"Marco Aur\u00e9lio Cunha\",\"S\u00e3o Paulo FC\"],\"articleSection\":[\"Campeonato Brasileiro\",\"futebol\"],\"inLanguage\":\"pt-BR\",\"potentialAction\":[{\"@type\":\"CommentAction\",\"name\":\"Comment\",\"target\":[\"https:\\\/\\\/blogdoprosperi.com\\\/?p=25896#respond\"]}]},{\"@type\":\"WebPage\",\"@id\":\"https:\\\/\\\/blogdoprosperi.com\\\/?p=25896\",\"url\":\"https:\\\/\\\/blogdoprosperi.com\\\/?p=25896\",\"name\":\"S\u00e3o Paulo paga pre\u00e7o alto por formar time com jogadores fracos - PR\u00d3SPERI NEWS\",\"isPartOf\":{\"@id\":\"https:\\\/\\\/blogdoprosperi.com\\\/#website\"},\"primaryImageOfPage\":{\"@id\":\"https:\\\/\\\/blogdoprosperi.com\\\/?p=25896#primaryimage\"},\"image\":{\"@id\":\"https:\\\/\\\/blogdoprosperi.com\\\/?p=25896#primaryimage\"},\"thumbnailUrl\":\"https:\\\/\\\/blogdoprosperi.com\\\/wp-content\\\/uploads\\\/2016\\\/09\\\/0750_crop_galeria.jpg\",\"datePublished\":\"2016-09-18T21:29:10+00:00\",\"dateModified\":\"2016-09-18T21:37:47+00:00\",\"breadcrumb\":{\"@id\":\"https:\\\/\\\/blogdoprosperi.com\\\/?p=25896#breadcrumb\"},\"inLanguage\":\"pt-BR\",\"potentialAction\":[{\"@type\":\"ReadAction\",\"target\":[\"https:\\\/\\\/blogdoprosperi.com\\\/?p=25896\"]}]},{\"@type\":\"ImageObject\",\"inLanguage\":\"pt-BR\",\"@id\":\"https:\\\/\\\/blogdoprosperi.com\\\/?p=25896#primaryimage\",\"url\":\"https:\\\/\\\/i0.wp.com\\\/blogdoprosperi.com\\\/wp-content\\\/uploads\\\/2016\\\/09\\\/0750_crop_galeria.jpg?fit=800%2C515&ssl=1\",\"contentUrl\":\"https:\\\/\\\/i0.wp.com\\\/blogdoprosperi.com\\\/wp-content\\\/uploads\\\/2016\\\/09\\\/0750_crop_galeria.jpg?fit=800%2C515&ssl=1\",\"width\":800,\"height\":515},{\"@type\":\"BreadcrumbList\",\"@id\":\"https:\\\/\\\/blogdoprosperi.com\\\/?p=25896#breadcrumb\",\"itemListElement\":[{\"@type\":\"ListItem\",\"position\":1,\"name\":\"In\u00edcio\",\"item\":\"https:\\\/\\\/blogdoprosperi.com\\\/\"},{\"@type\":\"ListItem\",\"position\":2,\"name\":\"S\u00e3o Paulo paga pre\u00e7o alto por formar time com jogadores fracos\"}]},{\"@type\":\"WebSite\",\"@id\":\"https:\\\/\\\/blogdoprosperi.com\\\/#website\",\"url\":\"https:\\\/\\\/blogdoprosperi.com\\\/\",\"name\":\"PR\u00d3SPERI NEWS\",\"description\":\"TUDO \u00c9  FUTEBOL\",\"publisher\":{\"@id\":\"https:\\\/\\\/blogdoprosperi.com\\\/#\\\/schema\\\/person\\\/38100755ce3601861ee4fab9b5aa78e9\"},\"alternateName\":\"blogdoprosperi.com\",\"potentialAction\":[{\"@type\":\"SearchAction\",\"target\":{\"@type\":\"EntryPoint\",\"urlTemplate\":\"https:\\\/\\\/blogdoprosperi.com\\\/?s={search_term_string}\"},\"query-input\":{\"@type\":\"PropertyValueSpecification\",\"valueRequired\":true,\"valueName\":\"search_term_string\"}}],\"inLanguage\":\"pt-BR\"},{\"@type\":[\"Person\",\"Organization\"],\"@id\":\"https:\\\/\\\/blogdoprosperi.com\\\/#\\\/schema\\\/person\\\/38100755ce3601861ee4fab9b5aa78e9\",\"name\":\"Luiz Ant\u00f4nio Pr\u00f3speri\",\"pronouns\":\"ele\",\"image\":{\"@type\":\"ImageObject\",\"inLanguage\":\"pt-BR\",\"@id\":\"https:\\\/\\\/i0.wp.com\\\/blogdoprosperi.com\\\/wp-content\\\/uploads\\\/2026\\\/05\\\/cropped-8059e613-6002-42fa-961e-8e275f575d71-2-5.jpg?fit=1360%2C931&ssl=1\",\"url\":\"https:\\\/\\\/i0.wp.com\\\/blogdoprosperi.com\\\/wp-content\\\/uploads\\\/2026\\\/05\\\/cropped-8059e613-6002-42fa-961e-8e275f575d71-2-5.jpg?fit=1360%2C931&ssl=1\",\"contentUrl\":\"https:\\\/\\\/i0.wp.com\\\/blogdoprosperi.com\\\/wp-content\\\/uploads\\\/2026\\\/05\\\/cropped-8059e613-6002-42fa-961e-8e275f575d71-2-5.jpg?fit=1360%2C931&ssl=1\",\"width\":1360,\"height\":931,\"caption\":\"Luiz Ant\u00f4nio Pr\u00f3speri\"},\"logo\":{\"@id\":\"https:\\\/\\\/i0.wp.com\\\/blogdoprosperi.com\\\/wp-content\\\/uploads\\\/2026\\\/05\\\/cropped-8059e613-6002-42fa-961e-8e275f575d71-2-5.jpg?fit=1360%2C931&ssl=1\"},\"description\":\"Jornalista com carreira dedicada ao esporte. Cobriu 9 Copas do Mundo in loco, 1990 na It\u00e1lia, 1994 nos EUA, 1998 na Fran\u00e7a, 2002 na Coreia do Sul e Jap\u00e3o, 2006 na Alemanha, 2010 na \u00c1frica do Sul, 2014 no Brasil, 2018 na R\u00fassia e 2022 no Qatar. Eurocopas, 1992 na Su\u00e9cia e 1996 na Inglaterra. Copa das Confedera\u00e7\u00f5es de 2005 na Alemanha e 2009 na \u00c1frica do Sul. Rep\u00f3rter e Editor, trabalhou no Jornal da Tarde e Estad\u00e3o, de 1984 a fevereiro de 2016. Colunista, blogueiro. E comentarista de futebol na R\u00e1dio Estad\u00e3o, de 2013 a fevereiro de 2016. Jornalista respons\u00e1vel do \\\"Pr\u00f3speri News\\\" (blogdoprosperi.com).\",\"sameAs\":[\"http:\\\/\\\/blogdoprosperi.com\",\"Luiz Pr\u00f3speri\",\"@luiz_prosperi\",\"https:\\\/\\\/x.com\\\/Luizprosperi\",\"@prosperinacopa\",\"luiz.prosperi@icloud.com\"],\"url\":\"https:\\\/\\\/blogdoprosperi.com\\\/?author=102107496\"}]}<\/script>\n<!-- \/ Yoast SEO plugin. -->","yoast_head_json":{"title":"S\u00e3o Paulo paga pre\u00e7o alto por formar time com jogadores fracos - PR\u00d3SPERI NEWS","robots":{"index":"index","follow":"follow","max-snippet":"max-snippet:-1","max-image-preview":"max-image-preview:large","max-video-preview":"max-video-preview:-1"},"canonical":"https:\/\/blogdoprosperi.com\/?p=25896","og_locale":"pt_BR","og_type":"article","og_title":"S\u00e3o Paulo paga pre\u00e7o alto por formar time com jogadores fracos - PR\u00d3SPERI NEWS","og_description":"S\u00e3o Paulo paga por n\u00e3o ser ousado e por um ataque esqu\u00e1lido. Depois de engatar duas vit\u00f3rias consecutivas [&hellip;]","og_url":"https:\/\/blogdoprosperi.com\/?p=25896","og_site_name":"PR\u00d3SPERI NEWS","article_publisher":"Luiz Pr\u00f3speri","article_author":"Luiz Pr\u00f3speri","article_published_time":"2016-09-18T21:29:10+00:00","article_modified_time":"2016-09-18T21:37:47+00:00","og_image":[{"url":"https:\/\/blogdoprosperi.com\/wp-content\/uploads\/2016\/09\/0750_crop_galeria.jpg","type":"","width":"","height":""}],"author":"Luiz Ant\u00f4nio Pr\u00f3speri","twitter_card":"summary_large_image","twitter_creator":"@Luizprosperi","twitter_site":"@Luizprosperi","twitter_misc":{"Escrito por":"Luiz Ant\u00f4nio Pr\u00f3speri","Est. tempo de leitura":"3 minutos"},"schema":{"@context":"https:\/\/schema.org","@graph":[{"@type":"Article","@id":"https:\/\/blogdoprosperi.com\/?p=25896#article","isPartOf":{"@id":"https:\/\/blogdoprosperi.com\/?p=25896"},"author":{"name":"Luiz Ant\u00f4nio Pr\u00f3speri","@id":"https:\/\/blogdoprosperi.com\/#\/schema\/person\/38100755ce3601861ee4fab9b5aa78e9"},"headline":"S\u00e3o Paulo paga pre\u00e7o alto por formar time com jogadores fracos","datePublished":"2016-09-18T21:29:10+00:00","dateModified":"2016-09-18T21:37:47+00:00","mainEntityOfPage":{"@id":"https:\/\/blogdoprosperi.com\/?p=25896"},"wordCount":566,"commentCount":1,"publisher":{"@id":"https:\/\/blogdoprosperi.com\/#\/schema\/person\/38100755ce3601861ee4fab9b5aa78e9"},"image":{"@id":"https:\/\/blogdoprosperi.com\/?p=25896#primaryimage"},"thumbnailUrl":"https:\/\/blogdoprosperi.com\/wp-content\/uploads\/2016\/09\/0750_crop_galeria.jpg","keywords":["Atl\u00e9tico-PR","Atl\u00e9tico-PR x S\u00e3o Paulo","Brasileir\u00e3o-2016","Campeonato Brasileiro","futebol","Marco Aur\u00e9lio Cunha","S\u00e3o Paulo FC"],"articleSection":["Campeonato Brasileiro","futebol"],"inLanguage":"pt-BR","potentialAction":[{"@type":"CommentAction","name":"Comment","target":["https:\/\/blogdoprosperi.com\/?p=25896#respond"]}]},{"@type":"WebPage","@id":"https:\/\/blogdoprosperi.com\/?p=25896","url":"https:\/\/blogdoprosperi.com\/?p=25896","name":"S\u00e3o Paulo paga pre\u00e7o alto por formar time com jogadores fracos - PR\u00d3SPERI NEWS","isPartOf":{"@id":"https:\/\/blogdoprosperi.com\/#website"},"primaryImageOfPage":{"@id":"https:\/\/blogdoprosperi.com\/?p=25896#primaryimage"},"image":{"@id":"https:\/\/blogdoprosperi.com\/?p=25896#primaryimage"},"thumbnailUrl":"https:\/\/blogdoprosperi.com\/wp-content\/uploads\/2016\/09\/0750_crop_galeria.jpg","datePublished":"2016-09-18T21:29:10+00:00","dateModified":"2016-09-18T21:37:47+00:00","breadcrumb":{"@id":"https:\/\/blogdoprosperi.com\/?p=25896#breadcrumb"},"inLanguage":"pt-BR","potentialAction":[{"@type":"ReadAction","target":["https:\/\/blogdoprosperi.com\/?p=25896"]}]},{"@type":"ImageObject","inLanguage":"pt-BR","@id":"https:\/\/blogdoprosperi.com\/?p=25896#primaryimage","url":"https:\/\/i0.wp.com\/blogdoprosperi.com\/wp-content\/uploads\/2016\/09\/0750_crop_galeria.jpg?fit=800%2C515&ssl=1","contentUrl":"https:\/\/i0.wp.com\/blogdoprosperi.com\/wp-content\/uploads\/2016\/09\/0750_crop_galeria.jpg?fit=800%2C515&ssl=1","width":800,"height":515},{"@type":"BreadcrumbList","@id":"https:\/\/blogdoprosperi.com\/?p=25896#breadcrumb","itemListElement":[{"@type":"ListItem","position":1,"name":"In\u00edcio","item":"https:\/\/blogdoprosperi.com\/"},{"@type":"ListItem","position":2,"name":"S\u00e3o Paulo paga pre\u00e7o alto por formar time com jogadores fracos"}]},{"@type":"WebSite","@id":"https:\/\/blogdoprosperi.com\/#website","url":"https:\/\/blogdoprosperi.com\/","name":"PR\u00d3SPERI NEWS","description":"TUDO \u00c9  FUTEBOL","publisher":{"@id":"https:\/\/blogdoprosperi.com\/#\/schema\/person\/38100755ce3601861ee4fab9b5aa78e9"},"alternateName":"blogdoprosperi.com","potentialAction":[{"@type":"SearchAction","target":{"@type":"EntryPoint","urlTemplate":"https:\/\/blogdoprosperi.com\/?s={search_term_string}"},"query-input":{"@type":"PropertyValueSpecification","valueRequired":true,"valueName":"search_term_string"}}],"inLanguage":"pt-BR"},{"@type":["Person","Organization"],"@id":"https:\/\/blogdoprosperi.com\/#\/schema\/person\/38100755ce3601861ee4fab9b5aa78e9","name":"Luiz Ant\u00f4nio Pr\u00f3speri","pronouns":"ele","image":{"@type":"ImageObject","inLanguage":"pt-BR","@id":"https:\/\/i0.wp.com\/blogdoprosperi.com\/wp-content\/uploads\/2026\/05\/cropped-8059e613-6002-42fa-961e-8e275f575d71-2-5.jpg?fit=1360%2C931&ssl=1","url":"https:\/\/i0.wp.com\/blogdoprosperi.com\/wp-content\/uploads\/2026\/05\/cropped-8059e613-6002-42fa-961e-8e275f575d71-2-5.jpg?fit=1360%2C931&ssl=1","contentUrl":"https:\/\/i0.wp.com\/blogdoprosperi.com\/wp-content\/uploads\/2026\/05\/cropped-8059e613-6002-42fa-961e-8e275f575d71-2-5.jpg?fit=1360%2C931&ssl=1","width":1360,"height":931,"caption":"Luiz Ant\u00f4nio Pr\u00f3speri"},"logo":{"@id":"https:\/\/i0.wp.com\/blogdoprosperi.com\/wp-content\/uploads\/2026\/05\/cropped-8059e613-6002-42fa-961e-8e275f575d71-2-5.jpg?fit=1360%2C931&ssl=1"},"description":"Jornalista com carreira dedicada ao esporte. Cobriu 9 Copas do Mundo in loco, 1990 na It\u00e1lia, 1994 nos EUA, 1998 na Fran\u00e7a, 2002 na Coreia do Sul e Jap\u00e3o, 2006 na Alemanha, 2010 na \u00c1frica do Sul, 2014 no Brasil, 2018 na R\u00fassia e 2022 no Qatar. Eurocopas, 1992 na Su\u00e9cia e 1996 na Inglaterra. Copa das Confedera\u00e7\u00f5es de 2005 na Alemanha e 2009 na \u00c1frica do Sul. Rep\u00f3rter e Editor, trabalhou no Jornal da Tarde e Estad\u00e3o, de 1984 a fevereiro de 2016. Colunista, blogueiro. E comentarista de futebol na R\u00e1dio Estad\u00e3o, de 2013 a fevereiro de 2016. Jornalista respons\u00e1vel do \"Pr\u00f3speri News\" (blogdoprosperi.com).","sameAs":["http:\/\/blogdoprosperi.com","Luiz Pr\u00f3speri","@luiz_prosperi","https:\/\/x.com\/Luizprosperi","@prosperinacopa","luiz.prosperi@icloud.com"],"url":"https:\/\/blogdoprosperi.com\/?author=102107496"}]}},"jetpack_publicize_connections":[],"jetpack_likes_enabled":false,"jetpack_sharing_enabled":true,"jetpack_shortlink":"https:\/\/wp.me\/p7jvdk-6JG","jetpack-related-posts":[{"id":24863,"url":"https:\/\/blogdoprosperi.com\/?p=24863","url_meta":{"origin":25896,"position":0},"title":"Marco Aur\u00e9lio Cunha n\u00e3o vai tirar S\u00e3o Paulo do buraco no Brasileir\u00e3o","author":"Luiz Ant\u00f4nio Pr\u00f3speri","date":"9 de setembro de 2016","format":false,"excerpt":"S\u00e3o Paulo se meteu num buraco sem fim nesta temporada. Decis\u00f5es equivocadas de gest\u00e3o levaram o time a ficar muito perto da zona de rebaixamento e n\u00e3o h\u00e1 no horizonte uma corda de salva\u00e7\u00e3o. A chegada de Marco Aur\u00e9lio Cunha, conselheiro vital\u00edcio do clube e ex-dirigente em cargos do alto\u2026","rel":"","context":"Em &quot;Campeonato Brasileiro&quot;","block_context":{"text":"Campeonato Brasileiro","link":"https:\/\/blogdoprosperi.com\/?cat=355071"},"img":{"alt_text":"","src":"https:\/\/i0.wp.com\/blogdoprosperi.com\/wp-content\/uploads\/2016\/09\/cunha-medicis-e-pintado.jpg?resize=350%2C200&ssl=1","width":350,"height":200,"srcset":"https:\/\/i0.wp.com\/blogdoprosperi.com\/wp-content\/uploads\/2016\/09\/cunha-medicis-e-pintado.jpg?resize=350%2C200&ssl=1 1x, https:\/\/i0.wp.com\/blogdoprosperi.com\/wp-content\/uploads\/2016\/09\/cunha-medicis-e-pintado.jpg?resize=525%2C300&ssl=1 1.5x, https:\/\/i0.wp.com\/blogdoprosperi.com\/wp-content\/uploads\/2016\/09\/cunha-medicis-e-pintado.jpg?resize=700%2C400&ssl=1 2x"},"classes":[]},{"id":25986,"url":"https:\/\/blogdoprosperi.com\/?p=25986","url_meta":{"origin":25896,"position":1},"title":"An\u00e1lise da 26\u00aa rodada em 5 temas: Palmeiras e Flamengo n\u00e3o se suportam; Santos n\u00e3o desiste da briga; S\u00e3o Paulo e Corinthians se esfarelam","author":"Luiz Ant\u00f4nio Pr\u00f3speri","date":"18 de setembro de 2016","format":false,"excerpt":"Palmeiras e Flamengo se consolidam como postulantes ao t\u00edtulo e se distanciam, com a bola que t\u00eam jogado, de Atl\u00e9tico-MG e Santos, dois times com um pouco de soberba nos momentos decisivos. Corinthians, em queda livre, parece ter abandonado a peleja ao demitir Crist\u00f3v\u00e3o Borges ap\u00f3s derrota no cl\u00e1ssico no\u2026","rel":"","context":"Em &quot;Campeonato Brasileiro&quot;","block_context":{"text":"Campeonato Brasileiro","link":"https:\/\/blogdoprosperi.com\/?cat=355071"},"img":{"alt_text":"","src":"https:\/\/i0.wp.com\/blogdoprosperi.com\/wp-content\/uploads\/2016\/09\/pro7-15.jpg?resize=350%2C200","width":350,"height":200,"srcset":"https:\/\/i0.wp.com\/blogdoprosperi.com\/wp-content\/uploads\/2016\/09\/pro7-15.jpg?resize=350%2C200 1x, https:\/\/i0.wp.com\/blogdoprosperi.com\/wp-content\/uploads\/2016\/09\/pro7-15.jpg?resize=525%2C300 1.5x, https:\/\/i0.wp.com\/blogdoprosperi.com\/wp-content\/uploads\/2016\/09\/pro7-15.jpg?resize=700%2C400 2x, https:\/\/i0.wp.com\/blogdoprosperi.com\/wp-content\/uploads\/2016\/09\/pro7-15.jpg?resize=1050%2C600 3x, https:\/\/i0.wp.com\/blogdoprosperi.com\/wp-content\/uploads\/2016\/09\/pro7-15.jpg?resize=1400%2C800 4x"},"classes":[]},{"id":7713,"url":"https:\/\/blogdoprosperi.com\/?p=7713","url_meta":{"origin":25896,"position":2},"title":"Em quatro rodadas, treinadores ainda n\u00e3o ca\u00edram neste Brasileir\u00e3o","author":"Luiz Ant\u00f4nio Pr\u00f3speri","date":"31 de maio de 2016","format":false,"excerpt":"Incr\u00edvel, chegamos na quinta rodada do Campeonato Brasileiro 2016 sem nenhuma demiss\u00e3o de treinadores. Quadro at\u00edpico se compararmos ao que aconteceu no Brasileir\u00e3o 2015. Naquela temporada, registramos mais de uma queda por rodada nas cinco primeiras. Fechamos na 38.\u00aa com 32 trocas de t\u00e9cnicos envolvendo 19 dos 20 clubes participantes\u2026","rel":"","context":"Em &quot;Campeonato Brasileiro&quot;","block_context":{"text":"Campeonato Brasileiro","link":"https:\/\/blogdoprosperi.com\/?cat=355071"},"img":{"alt_text":"","src":"https:\/\/i0.wp.com\/blogdoprosperi.com\/wp-content\/uploads\/2016\/05\/felipao-scolari-gremio-get.jpg?resize=350%2C200&ssl=1","width":350,"height":200,"srcset":"https:\/\/i0.wp.com\/blogdoprosperi.com\/wp-content\/uploads\/2016\/05\/felipao-scolari-gremio-get.jpg?resize=350%2C200&ssl=1 1x, https:\/\/i0.wp.com\/blogdoprosperi.com\/wp-content\/uploads\/2016\/05\/felipao-scolari-gremio-get.jpg?resize=525%2C300&ssl=1 1.5x, https:\/\/i0.wp.com\/blogdoprosperi.com\/wp-content\/uploads\/2016\/05\/felipao-scolari-gremio-get.jpg?resize=700%2C400&ssl=1 2x, https:\/\/i0.wp.com\/blogdoprosperi.com\/wp-content\/uploads\/2016\/05\/felipao-scolari-gremio-get.jpg?resize=1050%2C600&ssl=1 3x, https:\/\/i0.wp.com\/blogdoprosperi.com\/wp-content\/uploads\/2016\/05\/felipao-scolari-gremio-get.jpg?resize=1400%2C800&ssl=1 4x"},"classes":[]},{"id":7406,"url":"https:\/\/blogdoprosperi.com\/?p=7406","url_meta":{"origin":25896,"position":3},"title":"Bauza n\u00e3o tem medo de arriscar com reservas do S\u00e3o Paulo","author":"Luiz Ant\u00f4nio Pr\u00f3speri","date":"26 de maio de 2016","format":false,"excerpt":"Edgardo Bauza percebeu cedo demais que n\u00e3o \u00e9 alto o n\u00edvel t\u00e9cnico do futebol brasileiro neste campeonato nacional. Em tr\u00eas rodadas, usou mais o time reserva do que o titular e n\u00e3o se decepcionou com os resultados do S\u00e3o Paulo: uma vit\u00f3ria, uma derrota e o empate (1 a 1)\u2026","rel":"","context":"Em &quot;Campeonato Brasileiro&quot;","block_context":{"text":"Campeonato Brasileiro","link":"https:\/\/blogdoprosperi.com\/?cat=355071"},"img":{"alt_text":"","src":"https:\/\/i0.wp.com\/blogdoprosperi.com\/wp-content\/uploads\/2016\/05\/rogerio1.png?resize=350%2C200&ssl=1","width":350,"height":200,"srcset":"https:\/\/i0.wp.com\/blogdoprosperi.com\/wp-content\/uploads\/2016\/05\/rogerio1.png?resize=350%2C200&ssl=1 1x, https:\/\/i0.wp.com\/blogdoprosperi.com\/wp-content\/uploads\/2016\/05\/rogerio1.png?resize=525%2C300&ssl=1 1.5x"},"classes":[]},{"id":5419,"url":"https:\/\/blogdoprosperi.com\/?p=5419","url_meta":{"origin":25896,"position":4},"title":"Palmeiras, Corinthians e Atl\u00e9tico s\u00e3o candidatos a faturar o Brasileir\u00e3o 2016","author":"Luiz Ant\u00f4nio Pr\u00f3speri","date":"14 de maio de 2016","format":false,"excerpt":"Campeonato Brasileiro longo, com 38 rodadas, \u00e9 um prato feito para palpites, an\u00e1lises e apostas sobre quem vai ser campe\u00e3o, figurar no G-4 (classificat\u00f3rio \u00e0 Libertadores), na zona sem stress (n\u00e3o briga pelo t\u00edtulo nem vai ser rebaixado) e os que podem cair para a S\u00e9rie B. Neste blog voc\u00ea\u2026","rel":"","context":"Em &quot;futebol&quot;","block_context":{"text":"futebol","link":"https:\/\/blogdoprosperi.com\/?cat=53870"},"img":{"alt_text":"images","src":"https:\/\/i0.wp.com\/blogdoprosperi.com\/wp-content\/uploads\/2016\/05\/images.png?resize=350%2C200&ssl=1","width":350,"height":200},"classes":[]},{"id":28469,"url":"https:\/\/blogdoprosperi.com\/?p=28469","url_meta":{"origin":25896,"position":5},"title":"S\u00e3o Paulo parte firme rumo ao rebaixamento e Santos sonha","author":"Luiz Ant\u00f4nio Pr\u00f3speri","date":"13 de outubro de 2016","format":false,"excerpt":"S\u00e3o Paulo \u00e9 candidato s\u00e9rio ao rebaixamento a oito rodadas do fim do Brasileir\u00e3o. Est\u00e1 apenas a tr\u00eas pontos da zona da degola. Pior, n\u00e3o tem como reagir. A derrota por 1 a 0 no cl\u00e1ssico contra o Santos escancara, mais uma vez, o quanto o time \u00e9 desequilibrado. Quando\u2026","rel":"","context":"Em &quot;Campeonato Brasileiro&quot;","block_context":{"text":"Campeonato Brasileiro","link":"https:\/\/blogdoprosperi.com\/?cat=355071"},"img":{"alt_text":"","src":"https:\/\/i0.wp.com\/blogdoprosperi.com\/wp-content\/uploads\/2016\/10\/pro3-20.jpg?resize=350%2C200","width":350,"height":200,"srcset":"https:\/\/i0.wp.com\/blogdoprosperi.com\/wp-content\/uploads\/2016\/10\/pro3-20.jpg?resize=350%2C200 1x, https:\/\/i0.wp.com\/blogdoprosperi.com\/wp-content\/uploads\/2016\/10\/pro3-20.jpg?resize=525%2C300 1.5x, https:\/\/i0.wp.com\/blogdoprosperi.com\/wp-content\/uploads\/2016\/10\/pro3-20.jpg?resize=700%2C400 2x, https:\/\/i0.wp.com\/blogdoprosperi.com\/wp-content\/uploads\/2016\/10\/pro3-20.jpg?resize=1050%2C600 3x, https:\/\/i0.wp.com\/blogdoprosperi.com\/wp-content\/uploads\/2016\/10\/pro3-20.jpg?resize=1400%2C800 4x"},"classes":[]}],"jetpack_featured_media_url":"","_links":{"self":[{"href":"https:\/\/blogdoprosperi.com\/index.php?rest_route=\/wp\/v2\/posts\/25896","targetHints":{"allow":["GET"]}}],"collection":[{"href":"https:\/\/blogdoprosperi.com\/index.php?rest_route=\/wp\/v2\/posts"}],"about":[{"href":"https:\/\/blogdoprosperi.com\/index.php?rest_route=\/wp\/v2\/types\/post"}],"author":[{"embeddable":true,"href":"https:\/\/blogdoprosperi.com\/index.php?rest_route=\/wp\/v2\/users\/102107496"}],"replies":[{"embeddable":true,"href":"https:\/\/blogdoprosperi.com\/index.php?rest_route=%2Fwp%2Fv2%2Fcomments&post=25896"}],"version-history":[{"count":25,"href":"https:\/\/blogdoprosperi.com\/index.php?rest_route=\/wp\/v2\/posts\/25896\/revisions"}],"predecessor-version":[{"id":25955,"href":"https:\/\/blogdoprosperi.com\/index.php?rest_route=\/wp\/v2\/posts\/25896\/revisions\/25955"}],"wp:attachment":[{"href":"https:\/\/blogdoprosperi.com\/index.php?rest_route=%2Fwp%2Fv2%2Fmedia&parent=25896"}],"wp:term":[{"taxonomy":"category","embeddable":true,"href":"https:\/\/blogdoprosperi.com\/index.php?rest_route=%2Fwp%2Fv2%2Fcategories&post=25896"},{"taxonomy":"post_tag","embeddable":true,"href":"https:\/\/blogdoprosperi.com\/index.php?rest_route=%2Fwp%2Fv2%2Ftags&post=25896"}],"curies":[{"name":"wp","href":"https:\/\/api.w.org\/{rel}","templated":true}]}}