{"id":26021,"date":"2016-09-19T14:42:15","date_gmt":"2016-09-19T17:42:15","guid":{"rendered":"http:\/\/blogdoprosperi.com\/?p=26021"},"modified":"2016-09-19T15:02:22","modified_gmt":"2016-09-19T18:02:22","slug":"moises-do-palmeiras-mas-pode-me-chamar-de-de-bruyne-do-city","status":"publish","type":"post","link":"https:\/\/blogdoprosperi.com\/?p=26021","title":{"rendered":"Mois\u00e9s, do Palmeiras, mas pode me chamar de De Bruyne, do City"},"content":{"rendered":"<div class=\"tiled-gallery type-square tiled-gallery-unresized\" data-original-width=\"940\" data-carousel-extra='{&quot;blog_id&quot;:1,&quot;permalink&quot;:&quot;https:\\\/\\\/blogdoprosperi.com\\\/?p=26021&quot;,&quot;likes_blog_id&quot;:108082574}' itemscope itemtype=\"http:\/\/schema.org\/ImageGallery\" > <div class=\"gallery-row\" style=\"width: 940px; height: 470px;\" data-original-width=\"940\" data-original-height=\"470\" > <div class=\"gallery-group\" style=\"width: 470px; height: 470px;\" data-original-width=\"470\" data-original-height=\"470\" > <div class=\"tiled-gallery-item \" itemprop=\"associatedMedia\" itemscope itemtype=\"http:\/\/schema.org\/ImageObject\"> <a href=\"https:\/\/blogdoprosperi.com\/?attachment_id=26061\" border=\"0\" itemprop=\"url\"> <meta itemprop=\"width\" content=\"466\"> <meta itemprop=\"height\" content=\"466\"> <img decoding=\"async\" class=\"\" data-attachment-id=\"26061\" data-orig-file=\"https:\/\/blogdoprosperi.com\/wp-content\/uploads\/2016\/09\/kevin-de-bruyne.jpg\" data-orig-size=\"738,415\" data-comments-opened=\"1\" data-image-meta=\"{&quot;aperture&quot;:&quot;0&quot;,&quot;credit&quot;:&quot;&quot;,&quot;camera&quot;:&quot;&quot;,&quot;caption&quot;:&quot;&quot;,&quot;created_timestamp&quot;:&quot;0&quot;,&quot;copyright&quot;:&quot;&quot;,&quot;focal_length&quot;:&quot;0&quot;,&quot;iso&quot;:&quot;0&quot;,&quot;shutter_speed&quot;:&quot;0&quot;,&quot;title&quot;:&quot;&quot;,&quot;orientation&quot;:&quot;0&quot;}\" data-image-title=\"Kevin De Bruyne deixa o City\" data-image-description=\"\" data-medium-file=\"https:\/\/i0.wp.com\/blogdoprosperi.com\/wp-content\/uploads\/2016\/09\/kevin-de-bruyne.jpg?fit=650%2C366&#038;ssl=1\" data-large-file=\"https:\/\/i0.wp.com\/blogdoprosperi.com\/wp-content\/uploads\/2016\/09\/kevin-de-bruyne.jpg?fit=738%2C415&#038;ssl=1\" src=\"https:\/\/i0.wp.com\/blogdoprosperi.com\/wp-content\/uploads\/2016\/09\/kevin-de-bruyne.jpg?w=466&#038;h=466&#038;crop=1&#038;ssl=1\" width=\"466\" height=\"466\" loading=\"lazy\" data-original-width=\"466\" data-original-height=\"466\" itemprop=\"http:\/\/schema.org\/image\" title=\"Kevin De Bruyne deixa o City\" alt=\"Guardiola: &quot;De Bruyne, um dos grandes&quot;\" style=\"width: 466px; height: 466px;\" \/> <\/a> <div class=\"tiled-gallery-caption\" itemprop=\"caption description\"> De Bruyne deixa o City \u2013 foto: Manchester City oficial <\/div> <\/div> <\/div> <div class=\"gallery-group\" style=\"width: 470px; height: 470px;\" data-original-width=\"470\" data-original-height=\"470\" > <div class=\"tiled-gallery-item \" itemprop=\"associatedMedia\" itemscope itemtype=\"http:\/\/schema.org\/ImageObject\"> <a href=\"https:\/\/blogdoprosperi.com\/?attachment_id=25874\" border=\"0\" itemprop=\"url\"> <meta itemprop=\"width\" content=\"466\"> <meta itemprop=\"height\" content=\"466\"> <img decoding=\"async\" class=\"\" data-attachment-id=\"25874\" data-orig-file=\"https:\/\/blogdoprosperi.com\/wp-content\/uploads\/2016\/09\/pro1-13.jpg\" data-orig-size=\"5184,3456\" data-comments-opened=\"1\" data-image-meta=\"{&quot;aperture&quot;:&quot;2.8&quot;,&quot;credit&quot;:&quot;ALEX SILVA&quot;,&quot;camera&quot;:&quot;Canon EOS-1D X&quot;,&quot;caption&quot;:&quot;&quot;,&quot;created_timestamp&quot;:&quot;1474128558&quot;,&quot;copyright&quot;:&quot;ALEX SILVA\\\/ESTADAO&quot;,&quot;focal_length&quot;:&quot;400&quot;,&quot;iso&quot;:&quot;400&quot;,&quot;shutter_speed&quot;:&quot;0.0008&quot;,&quot;title&quot;:&quot;&quot;,&quot;orientation&quot;:&quot;1&quot;}\" data-image-title=\"pro1-13\" data-image-description=\"\" data-medium-file=\"https:\/\/i0.wp.com\/blogdoprosperi.com\/wp-content\/uploads\/2016\/09\/pro1-13.jpg?fit=567%2C378&#038;ssl=1\" data-large-file=\"https:\/\/i0.wp.com\/blogdoprosperi.com\/wp-content\/uploads\/2016\/09\/pro1-13.jpg?fit=940%2C627&#038;ssl=1\" src=\"https:\/\/i0.wp.com\/blogdoprosperi.com\/wp-content\/uploads\/2016\/09\/pro1-13.jpg?w=466&#038;h=466&#038;crop=1&#038;ssl=1\" width=\"466\" height=\"466\" loading=\"lazy\" data-original-width=\"466\" data-original-height=\"466\" itemprop=\"http:\/\/schema.org\/image\" title=\"pro1-13\" alt=\"pro1-13\" style=\"width: 466px; height: 466px;\" \/> <\/a> <\/div> <\/div> <\/div> <\/div>\n<p>Pep Guardiola se encantou com Kevin De Bruyne, o condutor do <a href=\"http:\/\/blogdoprosperi.com\/2016\/09\/10\/primeira-licao-de-guardiola-a-mourinho-no-campeonato-ingles\/\">Manchester City<\/a>, a ponto de dizer que apenas Lionel Messi est\u00e1 acima do belga. Analista mais atento aos movimentos deste extraordin\u00e1rio meia percebe como ele encontra solu\u00e7\u00f5es defensivas e ofensivas e arrasta o time com ele. Mois\u00e9s tamb\u00e9m tem essa leitura do jogo e se tivesse o poder de finaliza\u00e7\u00e3o de De Bruyne entraria f\u00e1cil na lista de selecion\u00e1veis de Tite.<!--more--><\/p>\n<p>Veja o que disse o <em>The Guardian<\/em>, um dos mais respeitados jornais do mundo, sobre o jogador belga:<\/p>\n<blockquote><p>The &#8220;De Bruyne \u00e9 uma das luzes mais luminescentes neste lado espumante dos talentos. Ele levou Guardiola a o colocar abaixo somente Lionel Messi.&#8221;<\/p><\/blockquote>\n<p>Veja o disse <a href=\"http:\/\/blogdoprosperi.com\/2016\/07\/22\/entenda-como-gabriel-jesus-escolheu-manchester-city-para-jogar-na-europa\/\">Guardiola <\/a>do seu jogador no City.<\/p>\n<blockquote><p>&#8220;Messi est\u00e1 sozinho. Em uma mesa ao lado de Kevin (De Bruyne) pode sentar-se. Ele \u00e9 um jogador especial. Sem bola, \u00e9 o primeiro lutador e, com ela, parece claro. Ele toma decis\u00f5es certas a cada momento. Temos a sorte de ter Kevin conosco. Foi uma performance fant\u00e1stica&#8221;, disse o treinador espanhol, ap\u00f3s a vit\u00f3ria do City por 4 a 0 contra o Bournemouth pelo Campeonato Ingl\u00eas, no s\u00e1bado.<\/p><\/blockquote>\n<p><span class=\"alignnone\"><img data-recalc-dims=\"1\" loading=\"lazy\" decoding=\"async\" data-attachment-id=\"26025\" data-permalink=\"https:\/\/blogdoprosperi.com\/?attachment_id=26025\" data-orig-file=\"https:\/\/i0.wp.com\/blogdoprosperi.com\/wp-content\/uploads\/2016\/09\/4928.jpg?fit=1065%2C639&amp;ssl=1\" data-orig-size=\"1065,639\" data-comments-opened=\"1\" data-image-meta=\"{&quot;aperture&quot;:&quot;0&quot;,&quot;credit&quot;:&quot;&quot;,&quot;camera&quot;:&quot;&quot;,&quot;caption&quot;:&quot;&quot;,&quot;created_timestamp&quot;:&quot;0&quot;,&quot;copyright&quot;:&quot;&quot;,&quot;focal_length&quot;:&quot;0&quot;,&quot;iso&quot;:&quot;0&quot;,&quot;shutter_speed&quot;:&quot;0&quot;,&quot;title&quot;:&quot;&quot;,&quot;orientation&quot;:&quot;0&quot;}\" data-image-title=\"4928\" data-image-description=\"\" data-image-caption=\"\" data-large-file=\"https:\/\/i0.wp.com\/blogdoprosperi.com\/wp-content\/uploads\/2016\/09\/4928.jpg?fit=940%2C564&amp;ssl=1\" class=\"alignnone size-full wp-image-26025\" src=\"https:\/\/i0.wp.com\/blogdoprosperi.com\/wp-content\/uploads\/2016\/09\/4928.jpg?resize=940%2C564&#038;ssl=1\" alt=\"4928\" width=\"940\" height=\"564\" \/><\/span><\/p>\n<p>De Bruyne tem 25 anos e j\u00e1 transitou entre o futebol ingl\u00eas e alem\u00e3o. Deve ser o condutor do City de Guardiola. Mois\u00e9s tem 28 anos. Passou por Am\u00e9rica-MG, Sport e o futebol croata com as cores do Rijeka.<\/p>\n<blockquote><p>\u201cForam dois anos no Rijeka, disputamos a Liga Europa, fizemos partidas muito boas e fomos campe\u00f5es da Copa e da Supercopa da Cro\u00e1cia 2014. Melhorei muito minha din\u00e2mica de jogo, minha compacta\u00e7\u00e3o e leitura dentro de campo. No futebol europeu voc\u00ea precisa ser mais r\u00e1pido, mais \u00e1gil&#8221;, disse Mois\u00e9s.<\/p><\/blockquote>\n<p><a href=\"http:\/\/blogdoprosperi.com\/2016\/09\/17\/palmeiras-pulveriza-corinthians-no-itaquerao-e-cristovao-borges-e-demitido\/\">Sua atua\u00e7\u00e3o contra o Corinthians foi de galeria<\/a>. A exemplo De Bruyne, foi o condutor do Palmeiras. Marcou, desarmou, armou e ainda fez o gol que abriu a vit\u00f3ria no cl\u00e1ssico. E s\u00f3 n\u00e3o emendou uma sequ\u00eancia consagradora de jogos por sofrer com les\u00f5es no tornozelo.<\/p>\n<blockquote><p>&#8220;N\u00e3o est\u00e1 f\u00e1cil. Fiz infiltra\u00e7\u00e3o no tornozelo para poder jogar as \u00faltimas partidas. Tenho quatro pinos no tornozelo e acho que no fim de ano vou ter de tirar para jogar sem dor&#8221;, disse Mois\u00e9s.<\/p><\/blockquote>\n<p><span class=\"alignnone\"><img data-recalc-dims=\"1\" loading=\"lazy\" decoding=\"async\" data-attachment-id=\"25890\" data-permalink=\"https:\/\/blogdoprosperi.com\/?attachment_id=25890\" data-orig-file=\"https:\/\/i0.wp.com\/blogdoprosperi.com\/wp-content\/uploads\/2016\/09\/pro7-15.jpg?fit=5184%2C3456&amp;ssl=1\" data-orig-size=\"5184,3456\" data-comments-opened=\"1\" data-image-meta=\"{&quot;aperture&quot;:&quot;2.8&quot;,&quot;credit&quot;:&quot;ESTADAO CONTEUDO&quot;,&quot;camera&quot;:&quot;Canon EOS-1D X&quot;,&quot;caption&quot;:&quot;S\\u00c3O PAULO 17\/09\/2016 ESPORTE CORINTHIANS X PALMEIRAS CAMPEONATO BRASILEIRO 2016 - Partida valida pela 26 rodada no estadio arena Corinthians    COMEMORA\\u00c7\\u00c3O GOL MOISES  FOTO ALEX SILVA\/ESTADAO&quot;,&quot;created_timestamp&quot;:&quot;1474128560&quot;,&quot;copyright&quot;:&quot;ALEX SILVA\/ESTADAO&quot;,&quot;focal_length&quot;:&quot;400&quot;,&quot;iso&quot;:&quot;400&quot;,&quot;shutter_speed&quot;:&quot;0.0008&quot;,&quot;title&quot;:&quot;S\\u00c3O PAULO 17\/09\/2016 ESPORTE CORINTHIANS X PALMEIRAS CAMPEONATO BRASILEIRO 2016&quot;,&quot;orientation&quot;:&quot;1&quot;}\" data-image-title=\"S\u00c3O PAULO 17\/09\/2016 ESPORTE CORINTHIANS X PALMEIRAS CAMPEONATO BRASILEIRO 2016\" data-image-description=\"\" data-image-caption=\"&lt;p&gt;S\u00c3O PAULO 17\/09\/2016 ESPORTE CORINTHIANS X PALMEIRAS CAMPEONATO BRASILEIRO 2016 &amp;#8211; Partida valida pela 26 rodada no estadio arena Corinthians    COMEMORA\u00c7\u00c3O GOL MOISES  FOTO ALEX SILVA\/ESTADAO&lt;\/p&gt;\n\" data-large-file=\"https:\/\/i0.wp.com\/blogdoprosperi.com\/wp-content\/uploads\/2016\/09\/pro7-15.jpg?fit=940%2C627&amp;ssl=1\" class=\"alignnone size-full wp-image-25890\" src=\"https:\/\/i0.wp.com\/blogdoprosperi.com\/wp-content\/uploads\/2016\/09\/pro7-15.jpg?resize=940%2C627&#038;ssl=1\" alt=\"S\u00c3O PAULO 17\/09\/2016 ESPORTE CORINTHIANS X PALMEIRAS CAMPEONATO BRASILEIRO 2016\" width=\"940\" height=\"627\" \/><\/span><\/p>\n<p>Veja o que Cuca disse do meia em agosto:<\/p>\n<blockquote><p>\u201cFoi o melhor em campo (na vit\u00f3ria contra Atl\u00e9tico-PR fora de casa). Ele comp\u00f4s, ganhou a primeira bola, fez a fun\u00e7\u00e3o de meia e segundo volante. Ele est\u00e1 se recuperando ainda, n\u00e3o est\u00e1 no ponto ideal, tanto ele como o Tch\u00ea Tch\u00ea. Quando eles est\u00e3o em campo, n\u00f3s ganhamos muito.\u201d<\/p><\/blockquote>\n<p>Antes de o leitor ficar indignado com essa compara\u00e7\u00e3o, lembro apenas que \u00e9 uma avalia\u00e7\u00e3o em cima do estilo de jogo de Mois\u00e9s e De Bruyne, da semelhan\u00e7a f\u00edsica, da import\u00e2ncia t\u00e1tica e t\u00e9cnica que t\u00eam para seus times e de admira\u00e7\u00e3o manifesta de Cuca e Guardiola. Quem gosta de futebol deveria acompanhar os passos desses dois jogadores. Conseguem aliar for\u00e7a, t\u00e9cnica e intelig\u00eancia. <a href=\"http:\/\/blogdoprosperi.com\/2016\/09\/18\/analise-da-26a-rodada-em-5-temas-palmeiras-e-flamengo-nao-se-suportam-santos-nao-desiste-da-briga-sao-paulo-e-corinthians-se-esfarelam\/\">Sorte do Palmeiras<\/a>, sorte do City.<\/p>\n<p>&nbsp;<\/p>\n","protected":false},"excerpt":{"rendered":"<p>Pep Guardiola se encantou com Kevin De Bruyne, o condutor do Manchester City, a ponto de dizer que [&hellip;]<\/p>\n","protected":false},"author":102107496,"featured_media":0,"comment_status":"open","ping_status":"open","sticky":false,"template":"","format":"standard","meta":{"_coblocks_attr":"","_coblocks_dimensions":"","_coblocks_responsive_height":"","_coblocks_accordion_ie_support":"","_jetpack_newsletter_access":"","_jetpack_dont_email_post_to_subs":false,"_jetpack_newsletter_tier_id":0,"_jetpack_memberships_contains_paywalled_content":false,"_wpcom_ai_launchpad_first_post":false,"_jetpack_feature_clip_id":0,"_jetpack_memberships_contains_paid_content":false,"footnotes":"","jetpack_publicize_message":"","jetpack_publicize_feature_enabled":true,"jetpack_social_post_already_shared":false,"jetpack_social_options":{"image_generator_settings":{"template":"highway","default_image_id":0,"font":"","enabled":false},"version":2},"jetpack_post_was_ever_published":false},"categories":[355071,53870],"tags":[471113831,45987250,789560560,2313775,13490,409523,429778176,8328841],"class_list":["post-26021","post","type-post","status-publish","format-standard","hentry","category-campeonato-brasileiro","category-futebol","tag-cuca-palmeiras","tag-de-bruyne","tag-futebol","tag-guardiola","tag-lionel-messi","tag-manchester-city","tag-moises-palmeiras","tag-palmeiras-clube"],"yoast_head":"<!-- This site is optimized with the Yoast SEO plugin v28.4 - https:\/\/yoast.com\/product\/yoast-seo-wordpress\/ -->\n<title>Mois\u00e9s, do Palmeiras, mas pode me chamar de De Bruyne, do City - PR\u00d3SPERI NEWS<\/title>\n<meta name=\"robots\" content=\"index, follow, max-snippet:-1, max-image-preview:large, max-video-preview:-1\" \/>\n<link rel=\"canonical\" href=\"https:\/\/blogdoprosperi.com\/?p=26021\" \/>\n<meta property=\"og:locale\" content=\"pt_BR\" \/>\n<meta property=\"og:type\" content=\"article\" \/>\n<meta property=\"og:title\" content=\"Mois\u00e9s, do Palmeiras, mas pode me chamar de De Bruyne, do City - PR\u00d3SPERI NEWS\" \/>\n<meta property=\"og:description\" content=\"Pep Guardiola se encantou com Kevin De Bruyne, o condutor do Manchester City, a ponto de dizer que [&hellip;]\" \/>\n<meta property=\"og:url\" content=\"https:\/\/blogdoprosperi.com\/?p=26021\" \/>\n<meta property=\"og:site_name\" content=\"PR\u00d3SPERI NEWS\" \/>\n<meta property=\"article:publisher\" content=\"Luiz Pr\u00f3speri\" \/>\n<meta property=\"article:author\" content=\"Luiz Pr\u00f3speri\" \/>\n<meta property=\"article:published_time\" content=\"2016-09-19T17:42:15+00:00\" \/>\n<meta property=\"article:modified_time\" content=\"2016-09-19T18:02:22+00:00\" \/>\n<meta property=\"og:image\" content=\"https:\/\/i0.wp.com\/blogdoprosperi.com\/wp-content\/uploads\/2016\/09\/kevin-de-bruyne.jpg?w=466&#038;h=466&#038;crop=1&#038;ssl=1\" \/>\n<meta name=\"author\" content=\"Luiz Ant\u00f4nio Pr\u00f3speri\" \/>\n<meta name=\"twitter:card\" content=\"summary_large_image\" \/>\n<meta name=\"twitter:creator\" content=\"@Luizprosperi\" \/>\n<meta name=\"twitter:site\" content=\"@Luizprosperi\" \/>\n<meta name=\"twitter:label1\" content=\"Escrito por\" \/>\n\t<meta name=\"twitter:data1\" content=\"Luiz Ant\u00f4nio Pr\u00f3speri\" \/>\n\t<meta name=\"twitter:label2\" content=\"Est. tempo de leitura\" \/>\n\t<meta name=\"twitter:data2\" content=\"3 minutos\" \/>\n<script type=\"application\/ld+json\" class=\"yoast-schema-graph\">{\"@context\":\"https:\\\/\\\/schema.org\",\"@graph\":[{\"@type\":\"Article\",\"@id\":\"https:\\\/\\\/blogdoprosperi.com\\\/?p=26021#article\",\"isPartOf\":{\"@id\":\"https:\\\/\\\/blogdoprosperi.com\\\/?p=26021\"},\"author\":{\"name\":\"Luiz Ant\u00f4nio Pr\u00f3speri\",\"@id\":\"https:\\\/\\\/blogdoprosperi.com\\\/#\\\/schema\\\/person\\\/38100755ce3601861ee4fab9b5aa78e9\"},\"headline\":\"Mois\u00e9s, do Palmeiras, mas pode me chamar de De Bruyne, do City\",\"datePublished\":\"2016-09-19T17:42:15+00:00\",\"dateModified\":\"2016-09-19T18:02:22+00:00\",\"mainEntityOfPage\":{\"@id\":\"https:\\\/\\\/blogdoprosperi.com\\\/?p=26021\"},\"wordCount\":553,\"commentCount\":0,\"publisher\":{\"@id\":\"https:\\\/\\\/blogdoprosperi.com\\\/#\\\/schema\\\/person\\\/38100755ce3601861ee4fab9b5aa78e9\"},\"image\":{\"@id\":\"https:\\\/\\\/blogdoprosperi.com\\\/?p=26021#primaryimage\"},\"thumbnailUrl\":\"https:\\\/\\\/blogdoprosperi.com\\\/wp-content\\\/uploads\\\/2016\\\/09\\\/4928.jpg\",\"keywords\":[\"Cuca Palmeiras\",\"De Bruyne\",\"futebol\",\"Guardiola\",\"Lionel Messi\",\"Manchester City\",\"Mois\u00e9s Palmeiras\",\"Palmeiras Clube\"],\"articleSection\":[\"Campeonato Brasileiro\",\"futebol\"],\"inLanguage\":\"pt-BR\",\"potentialAction\":[{\"@type\":\"CommentAction\",\"name\":\"Comment\",\"target\":[\"https:\\\/\\\/blogdoprosperi.com\\\/?p=26021#respond\"]}]},{\"@type\":\"WebPage\",\"@id\":\"https:\\\/\\\/blogdoprosperi.com\\\/?p=26021\",\"url\":\"https:\\\/\\\/blogdoprosperi.com\\\/?p=26021\",\"name\":\"Mois\u00e9s, do Palmeiras, mas pode me chamar de De Bruyne, do City - PR\u00d3SPERI NEWS\",\"isPartOf\":{\"@id\":\"https:\\\/\\\/blogdoprosperi.com\\\/#website\"},\"primaryImageOfPage\":{\"@id\":\"https:\\\/\\\/blogdoprosperi.com\\\/?p=26021#primaryimage\"},\"image\":{\"@id\":\"https:\\\/\\\/blogdoprosperi.com\\\/?p=26021#primaryimage\"},\"thumbnailUrl\":\"https:\\\/\\\/blogdoprosperi.com\\\/wp-content\\\/uploads\\\/2016\\\/09\\\/4928.jpg\",\"datePublished\":\"2016-09-19T17:42:15+00:00\",\"dateModified\":\"2016-09-19T18:02:22+00:00\",\"breadcrumb\":{\"@id\":\"https:\\\/\\\/blogdoprosperi.com\\\/?p=26021#breadcrumb\"},\"inLanguage\":\"pt-BR\",\"potentialAction\":[{\"@type\":\"ReadAction\",\"target\":[\"https:\\\/\\\/blogdoprosperi.com\\\/?p=26021\"]}]},{\"@type\":\"ImageObject\",\"inLanguage\":\"pt-BR\",\"@id\":\"https:\\\/\\\/blogdoprosperi.com\\\/?p=26021#primaryimage\",\"url\":\"https:\\\/\\\/i0.wp.com\\\/blogdoprosperi.com\\\/wp-content\\\/uploads\\\/2016\\\/09\\\/4928.jpg?fit=1065%2C639&ssl=1\",\"contentUrl\":\"https:\\\/\\\/i0.wp.com\\\/blogdoprosperi.com\\\/wp-content\\\/uploads\\\/2016\\\/09\\\/4928.jpg?fit=1065%2C639&ssl=1\",\"width\":1065,\"height\":639},{\"@type\":\"BreadcrumbList\",\"@id\":\"https:\\\/\\\/blogdoprosperi.com\\\/?p=26021#breadcrumb\",\"itemListElement\":[{\"@type\":\"ListItem\",\"position\":1,\"name\":\"In\u00edcio\",\"item\":\"https:\\\/\\\/blogdoprosperi.com\\\/\"},{\"@type\":\"ListItem\",\"position\":2,\"name\":\"Mois\u00e9s, do Palmeiras, mas pode me chamar de De Bruyne, do City\"}]},{\"@type\":\"WebSite\",\"@id\":\"https:\\\/\\\/blogdoprosperi.com\\\/#website\",\"url\":\"https:\\\/\\\/blogdoprosperi.com\\\/\",\"name\":\"PR\u00d3SPERI NEWS\",\"description\":\"TUDO \u00c9  FUTEBOL\",\"publisher\":{\"@id\":\"https:\\\/\\\/blogdoprosperi.com\\\/#\\\/schema\\\/person\\\/38100755ce3601861ee4fab9b5aa78e9\"},\"alternateName\":\"blogdoprosperi.com\",\"potentialAction\":[{\"@type\":\"SearchAction\",\"target\":{\"@type\":\"EntryPoint\",\"urlTemplate\":\"https:\\\/\\\/blogdoprosperi.com\\\/?s={search_term_string}\"},\"query-input\":{\"@type\":\"PropertyValueSpecification\",\"valueRequired\":true,\"valueName\":\"search_term_string\"}}],\"inLanguage\":\"pt-BR\"},{\"@type\":[\"Person\",\"Organization\"],\"@id\":\"https:\\\/\\\/blogdoprosperi.com\\\/#\\\/schema\\\/person\\\/38100755ce3601861ee4fab9b5aa78e9\",\"name\":\"Luiz Ant\u00f4nio Pr\u00f3speri\",\"pronouns\":\"ele\",\"image\":{\"@type\":\"ImageObject\",\"inLanguage\":\"pt-BR\",\"@id\":\"https:\\\/\\\/i0.wp.com\\\/blogdoprosperi.com\\\/wp-content\\\/uploads\\\/2026\\\/05\\\/cropped-8059e613-6002-42fa-961e-8e275f575d71-2-5.jpg?fit=1360%2C931&ssl=1\",\"url\":\"https:\\\/\\\/i0.wp.com\\\/blogdoprosperi.com\\\/wp-content\\\/uploads\\\/2026\\\/05\\\/cropped-8059e613-6002-42fa-961e-8e275f575d71-2-5.jpg?fit=1360%2C931&ssl=1\",\"contentUrl\":\"https:\\\/\\\/i0.wp.com\\\/blogdoprosperi.com\\\/wp-content\\\/uploads\\\/2026\\\/05\\\/cropped-8059e613-6002-42fa-961e-8e275f575d71-2-5.jpg?fit=1360%2C931&ssl=1\",\"width\":1360,\"height\":931,\"caption\":\"Luiz Ant\u00f4nio Pr\u00f3speri\"},\"logo\":{\"@id\":\"https:\\\/\\\/i0.wp.com\\\/blogdoprosperi.com\\\/wp-content\\\/uploads\\\/2026\\\/05\\\/cropped-8059e613-6002-42fa-961e-8e275f575d71-2-5.jpg?fit=1360%2C931&ssl=1\"},\"description\":\"Jornalista com carreira dedicada ao esporte. Cobriu 9 Copas do Mundo in loco, 1990 na It\u00e1lia, 1994 nos EUA, 1998 na Fran\u00e7a, 2002 na Coreia do Sul e Jap\u00e3o, 2006 na Alemanha, 2010 na \u00c1frica do Sul, 2014 no Brasil, 2018 na R\u00fassia e 2022 no Qatar. Eurocopas, 1992 na Su\u00e9cia e 1996 na Inglaterra. Copa das Confedera\u00e7\u00f5es de 2005 na Alemanha e 2009 na \u00c1frica do Sul. Rep\u00f3rter e Editor, trabalhou no Jornal da Tarde e Estad\u00e3o, de 1984 a fevereiro de 2016. Colunista, blogueiro. E comentarista de futebol na R\u00e1dio Estad\u00e3o, de 2013 a fevereiro de 2016. Jornalista respons\u00e1vel do \\\"Pr\u00f3speri News\\\" (blogdoprosperi.com).\",\"sameAs\":[\"http:\\\/\\\/blogdoprosperi.com\",\"Luiz Pr\u00f3speri\",\"@luiz_prosperi\",\"https:\\\/\\\/x.com\\\/Luizprosperi\",\"@prosperinacopa\",\"luiz.prosperi@icloud.com\"],\"url\":\"https:\\\/\\\/blogdoprosperi.com\\\/?author=102107496\"}]}<\/script>\n<!-- \/ Yoast SEO plugin. -->","yoast_head_json":{"title":"Mois\u00e9s, do Palmeiras, mas pode me chamar de De Bruyne, do City - PR\u00d3SPERI NEWS","robots":{"index":"index","follow":"follow","max-snippet":"max-snippet:-1","max-image-preview":"max-image-preview:large","max-video-preview":"max-video-preview:-1"},"canonical":"https:\/\/blogdoprosperi.com\/?p=26021","og_locale":"pt_BR","og_type":"article","og_title":"Mois\u00e9s, do Palmeiras, mas pode me chamar de De Bruyne, do City - PR\u00d3SPERI NEWS","og_description":"Pep Guardiola se encantou com Kevin De Bruyne, o condutor do Manchester City, a ponto de dizer que [&hellip;]","og_url":"https:\/\/blogdoprosperi.com\/?p=26021","og_site_name":"PR\u00d3SPERI NEWS","article_publisher":"Luiz Pr\u00f3speri","article_author":"Luiz Pr\u00f3speri","article_published_time":"2016-09-19T17:42:15+00:00","article_modified_time":"2016-09-19T18:02:22+00:00","og_image":[{"url":"https:\/\/i0.wp.com\/blogdoprosperi.com\/wp-content\/uploads\/2016\/09\/kevin-de-bruyne.jpg?w=466&#038;h=466&#038;crop=1&#038;ssl=1","type":"","width":"","height":""}],"author":"Luiz Ant\u00f4nio Pr\u00f3speri","twitter_card":"summary_large_image","twitter_creator":"@Luizprosperi","twitter_site":"@Luizprosperi","twitter_misc":{"Escrito por":"Luiz Ant\u00f4nio Pr\u00f3speri","Est. tempo de leitura":"3 minutos"},"schema":{"@context":"https:\/\/schema.org","@graph":[{"@type":"Article","@id":"https:\/\/blogdoprosperi.com\/?p=26021#article","isPartOf":{"@id":"https:\/\/blogdoprosperi.com\/?p=26021"},"author":{"name":"Luiz Ant\u00f4nio Pr\u00f3speri","@id":"https:\/\/blogdoprosperi.com\/#\/schema\/person\/38100755ce3601861ee4fab9b5aa78e9"},"headline":"Mois\u00e9s, do Palmeiras, mas pode me chamar de De Bruyne, do City","datePublished":"2016-09-19T17:42:15+00:00","dateModified":"2016-09-19T18:02:22+00:00","mainEntityOfPage":{"@id":"https:\/\/blogdoprosperi.com\/?p=26021"},"wordCount":553,"commentCount":0,"publisher":{"@id":"https:\/\/blogdoprosperi.com\/#\/schema\/person\/38100755ce3601861ee4fab9b5aa78e9"},"image":{"@id":"https:\/\/blogdoprosperi.com\/?p=26021#primaryimage"},"thumbnailUrl":"https:\/\/blogdoprosperi.com\/wp-content\/uploads\/2016\/09\/4928.jpg","keywords":["Cuca Palmeiras","De Bruyne","futebol","Guardiola","Lionel Messi","Manchester City","Mois\u00e9s Palmeiras","Palmeiras Clube"],"articleSection":["Campeonato Brasileiro","futebol"],"inLanguage":"pt-BR","potentialAction":[{"@type":"CommentAction","name":"Comment","target":["https:\/\/blogdoprosperi.com\/?p=26021#respond"]}]},{"@type":"WebPage","@id":"https:\/\/blogdoprosperi.com\/?p=26021","url":"https:\/\/blogdoprosperi.com\/?p=26021","name":"Mois\u00e9s, do Palmeiras, mas pode me chamar de De Bruyne, do City - PR\u00d3SPERI NEWS","isPartOf":{"@id":"https:\/\/blogdoprosperi.com\/#website"},"primaryImageOfPage":{"@id":"https:\/\/blogdoprosperi.com\/?p=26021#primaryimage"},"image":{"@id":"https:\/\/blogdoprosperi.com\/?p=26021#primaryimage"},"thumbnailUrl":"https:\/\/blogdoprosperi.com\/wp-content\/uploads\/2016\/09\/4928.jpg","datePublished":"2016-09-19T17:42:15+00:00","dateModified":"2016-09-19T18:02:22+00:00","breadcrumb":{"@id":"https:\/\/blogdoprosperi.com\/?p=26021#breadcrumb"},"inLanguage":"pt-BR","potentialAction":[{"@type":"ReadAction","target":["https:\/\/blogdoprosperi.com\/?p=26021"]}]},{"@type":"ImageObject","inLanguage":"pt-BR","@id":"https:\/\/blogdoprosperi.com\/?p=26021#primaryimage","url":"https:\/\/i0.wp.com\/blogdoprosperi.com\/wp-content\/uploads\/2016\/09\/4928.jpg?fit=1065%2C639&ssl=1","contentUrl":"https:\/\/i0.wp.com\/blogdoprosperi.com\/wp-content\/uploads\/2016\/09\/4928.jpg?fit=1065%2C639&ssl=1","width":1065,"height":639},{"@type":"BreadcrumbList","@id":"https:\/\/blogdoprosperi.com\/?p=26021#breadcrumb","itemListElement":[{"@type":"ListItem","position":1,"name":"In\u00edcio","item":"https:\/\/blogdoprosperi.com\/"},{"@type":"ListItem","position":2,"name":"Mois\u00e9s, do Palmeiras, mas pode me chamar de De Bruyne, do City"}]},{"@type":"WebSite","@id":"https:\/\/blogdoprosperi.com\/#website","url":"https:\/\/blogdoprosperi.com\/","name":"PR\u00d3SPERI NEWS","description":"TUDO \u00c9  FUTEBOL","publisher":{"@id":"https:\/\/blogdoprosperi.com\/#\/schema\/person\/38100755ce3601861ee4fab9b5aa78e9"},"alternateName":"blogdoprosperi.com","potentialAction":[{"@type":"SearchAction","target":{"@type":"EntryPoint","urlTemplate":"https:\/\/blogdoprosperi.com\/?s={search_term_string}"},"query-input":{"@type":"PropertyValueSpecification","valueRequired":true,"valueName":"search_term_string"}}],"inLanguage":"pt-BR"},{"@type":["Person","Organization"],"@id":"https:\/\/blogdoprosperi.com\/#\/schema\/person\/38100755ce3601861ee4fab9b5aa78e9","name":"Luiz Ant\u00f4nio Pr\u00f3speri","pronouns":"ele","image":{"@type":"ImageObject","inLanguage":"pt-BR","@id":"https:\/\/i0.wp.com\/blogdoprosperi.com\/wp-content\/uploads\/2026\/05\/cropped-8059e613-6002-42fa-961e-8e275f575d71-2-5.jpg?fit=1360%2C931&ssl=1","url":"https:\/\/i0.wp.com\/blogdoprosperi.com\/wp-content\/uploads\/2026\/05\/cropped-8059e613-6002-42fa-961e-8e275f575d71-2-5.jpg?fit=1360%2C931&ssl=1","contentUrl":"https:\/\/i0.wp.com\/blogdoprosperi.com\/wp-content\/uploads\/2026\/05\/cropped-8059e613-6002-42fa-961e-8e275f575d71-2-5.jpg?fit=1360%2C931&ssl=1","width":1360,"height":931,"caption":"Luiz Ant\u00f4nio Pr\u00f3speri"},"logo":{"@id":"https:\/\/i0.wp.com\/blogdoprosperi.com\/wp-content\/uploads\/2026\/05\/cropped-8059e613-6002-42fa-961e-8e275f575d71-2-5.jpg?fit=1360%2C931&ssl=1"},"description":"Jornalista com carreira dedicada ao esporte. Cobriu 9 Copas do Mundo in loco, 1990 na It\u00e1lia, 1994 nos EUA, 1998 na Fran\u00e7a, 2002 na Coreia do Sul e Jap\u00e3o, 2006 na Alemanha, 2010 na \u00c1frica do Sul, 2014 no Brasil, 2018 na R\u00fassia e 2022 no Qatar. Eurocopas, 1992 na Su\u00e9cia e 1996 na Inglaterra. Copa das Confedera\u00e7\u00f5es de 2005 na Alemanha e 2009 na \u00c1frica do Sul. Rep\u00f3rter e Editor, trabalhou no Jornal da Tarde e Estad\u00e3o, de 1984 a fevereiro de 2016. Colunista, blogueiro. E comentarista de futebol na R\u00e1dio Estad\u00e3o, de 2013 a fevereiro de 2016. Jornalista respons\u00e1vel do \"Pr\u00f3speri News\" (blogdoprosperi.com).","sameAs":["http:\/\/blogdoprosperi.com","Luiz Pr\u00f3speri","@luiz_prosperi","https:\/\/x.com\/Luizprosperi","@prosperinacopa","luiz.prosperi@icloud.com"],"url":"https:\/\/blogdoprosperi.com\/?author=102107496"}]}},"jetpack_publicize_connections":[],"jetpack_likes_enabled":false,"jetpack_sharing_enabled":true,"jetpack_shortlink":"https:\/\/wp.me\/p7jvdk-6LH","jetpack-related-posts":[{"id":49564,"url":"https:\/\/blogdoprosperi.com\/?p=49564","url_meta":{"origin":26021,"position":0},"title":"Despedida | &#8220;Um dos maiores&#8221;: De Bruyne \u00e9 Aclamado por Guardiola Ap\u00f3s Confirmar Sa\u00edda do City","author":"Luiz Ant\u00f4nio Pr\u00f3speri","date":"4 de abril de 2025","format":false,"excerpt":"Jogador Belga deixar\u00e1 o Manchester City no ver\u00e3o ap\u00f3s 10 anos de clube e de muitas conquistas. Guardiola tem certeza de que De Bruyne ganhar\u00e1 est\u00e1tua do Etihad Stadium. The Guardian \u2013 4 abril (15h25) \u2013 Pep Guardiola elogiou Kevin De Bruyne como \u201cum dos maiores\u201d jogadores da hist\u00f3ria da\u2026","rel":"","context":"Em &quot;futebol&quot;","block_context":{"text":"futebol","link":"https:\/\/blogdoprosperi.com\/?cat=53870"},"img":{"alt_text":"Guardiola: \"De Bruyne, um dos grandes\"","src":"https:\/\/i0.wp.com\/blogdoprosperi.com\/wp-content\/uploads\/2016\/09\/kevin-de-bruyne.jpg?fit=738%2C415&ssl=1&resize=350%2C200","width":350,"height":200,"srcset":"https:\/\/i0.wp.com\/blogdoprosperi.com\/wp-content\/uploads\/2016\/09\/kevin-de-bruyne.jpg?fit=738%2C415&ssl=1&resize=350%2C200 1x, https:\/\/i0.wp.com\/blogdoprosperi.com\/wp-content\/uploads\/2016\/09\/kevin-de-bruyne.jpg?fit=738%2C415&ssl=1&resize=525%2C300 1.5x, https:\/\/i0.wp.com\/blogdoprosperi.com\/wp-content\/uploads\/2016\/09\/kevin-de-bruyne.jpg?fit=738%2C415&ssl=1&resize=700%2C400 2x"},"classes":[]},{"id":30680,"url":"https:\/\/blogdoprosperi.com\/?p=30680","url_meta":{"origin":26021,"position":1},"title":"GUARDIOLA ENQUADRA BARCELONA","author":"Luiz Ant\u00f4nio Pr\u00f3speri","date":"1 de novembro de 2016","format":false,"excerpt":"Pep Guardiola n\u00e3o perdoa os que um dia o humilharam. Desde os 4 a 0 do seu ex-Barcelona em cima do agora seu Manchester City no Camp Nou, n\u00e3o havia meio de tirar o espinho da garganta. Digerir aquela goleada era uma obriga\u00e7\u00e3o. Alguns trope\u00e7os em casa em competi\u00e7\u00f5es dom\u00e9sticas\u2026","rel":"","context":"Em &quot;Champions League&quot;","block_context":{"text":"Champions League","link":"https:\/\/blogdoprosperi.com\/?cat=9107"},"img":{"alt_text":"","src":"https:\/\/i0.wp.com\/blogdoprosperi.com\/wp-content\/uploads\/2016\/11\/4404.jpg?resize=350%2C200","width":350,"height":200,"srcset":"https:\/\/i0.wp.com\/blogdoprosperi.com\/wp-content\/uploads\/2016\/11\/4404.jpg?resize=350%2C200 1x, https:\/\/i0.wp.com\/blogdoprosperi.com\/wp-content\/uploads\/2016\/11\/4404.jpg?resize=525%2C300 1.5x"},"classes":[]},{"id":35725,"url":"https:\/\/blogdoprosperi.com\/?p=35725","url_meta":{"origin":26021,"position":2},"title":"Gabriel Jesus salva Guardiola de um desastre na Inglaterra","author":"Luiz Ant\u00f4nio Pr\u00f3speri","date":"30 de abril de 2017","format":false,"excerpt":"Gabriel Jesus quase n\u00e3o pegou na bola no jogo do Manchester City contra o Middlesbrough fora de casa no domingo (30\/4). Mesmo ausente da maioria das a\u00e7\u00f5es ofensivas de seu time, at\u00e9 porque foi pouco procurado pelos companheiros e muito bem marcado, Jesus fez o gol de empate (2 a\u2026","rel":"","context":"Em &quot;futebol&quot;","block_context":{"text":"futebol","link":"https:\/\/blogdoprosperi.com\/?cat=53870"},"img":{"alt_text":"","src":"https:\/\/i0.wp.com\/blogdoprosperi.com\/wp-content\/uploads\/2017\/04\/bore-gabj-joy.jpg?fit=800%2C450&ssl=1&resize=350%2C200","width":350,"height":200,"srcset":"https:\/\/i0.wp.com\/blogdoprosperi.com\/wp-content\/uploads\/2017\/04\/bore-gabj-joy.jpg?fit=800%2C450&ssl=1&resize=350%2C200 1x, https:\/\/i0.wp.com\/blogdoprosperi.com\/wp-content\/uploads\/2017\/04\/bore-gabj-joy.jpg?fit=800%2C450&ssl=1&resize=525%2C300 1.5x, https:\/\/i0.wp.com\/blogdoprosperi.com\/wp-content\/uploads\/2017\/04\/bore-gabj-joy.jpg?fit=800%2C450&ssl=1&resize=700%2C400 2x"},"classes":[]},{"id":24931,"url":"https:\/\/blogdoprosperi.com\/?p=24931","url_meta":{"origin":26021,"position":3},"title":"Primeira li\u00e7\u00e3o de Guardiola a Mourinho no Campeonato Ingl\u00eas","author":"Luiz Ant\u00f4nio Pr\u00f3speri","date":"10 de setembro de 2016","format":false,"excerpt":"Manchester City fez um primeiro tempo catedr\u00e1tico. Posse de bola, virada de jogo, ataque muitas vezes com at\u00e9 oito jogadores no campo do United. Abriu dois gols de vantagem em 35 minutos e s\u00f3 deixou escapar uma vit\u00f3ria parcial com mais folga por causa do erro do goleiro Bravo que\u2026","rel":"","context":"Em &quot;futebol&quot;","block_context":{"text":"futebol","link":"https:\/\/blogdoprosperi.com\/?cat=53870"},"img":{"alt_text":"","src":"https:\/\/i0.wp.com\/blogdoprosperi.com\/wp-content\/uploads\/2016\/09\/mourinho-orienta-time-do-united-na-beira-do-campo-durante-classico-contra-o-manchester-united-no-campeonato-ingles-1473509003755_956x500.jpg?resize=350%2C200","width":350,"height":200,"srcset":"https:\/\/i0.wp.com\/blogdoprosperi.com\/wp-content\/uploads\/2016\/09\/mourinho-orienta-time-do-united-na-beira-do-campo-durante-classico-contra-o-manchester-united-no-campeonato-ingles-1473509003755_956x500.jpg?resize=350%2C200 1x, https:\/\/i0.wp.com\/blogdoprosperi.com\/wp-content\/uploads\/2016\/09\/mourinho-orienta-time-do-united-na-beira-do-campo-durante-classico-contra-o-manchester-united-no-campeonato-ingles-1473509003755_956x500.jpg?resize=525%2C300 1.5x, https:\/\/i0.wp.com\/blogdoprosperi.com\/wp-content\/uploads\/2016\/09\/mourinho-orienta-time-do-united-na-beira-do-campo-durante-classico-contra-o-manchester-united-no-campeonato-ingles-1473509003755_956x500.jpg?resize=700%2C400 2x"},"classes":[]},{"id":36960,"url":"https:\/\/blogdoprosperi.com\/?p=36960","url_meta":{"origin":26021,"position":4},"title":"Imagem dio dia \u2013 14\/10","author":"Luiz Ant\u00f4nio Pr\u00f3speri","date":"14 de outubro de 2017","format":"image","excerpt":"","rel":"","context":"Em &quot;futebol&quot;","block_context":{"text":"futebol","link":"https:\/\/blogdoprosperi.com\/?cat=53870"},"img":{"alt_text":"","src":"https:\/\/i0.wp.com\/blogdoprosperi.com\/wp-content\/uploads\/2017\/10\/stoke-pep-joy.jpg?fit=1024%2C576&ssl=1&resize=350%2C200","width":350,"height":200,"srcset":"https:\/\/i0.wp.com\/blogdoprosperi.com\/wp-content\/uploads\/2017\/10\/stoke-pep-joy.jpg?fit=1024%2C576&ssl=1&resize=350%2C200 1x, https:\/\/i0.wp.com\/blogdoprosperi.com\/wp-content\/uploads\/2017\/10\/stoke-pep-joy.jpg?fit=1024%2C576&ssl=1&resize=525%2C300 1.5x, https:\/\/i0.wp.com\/blogdoprosperi.com\/wp-content\/uploads\/2017\/10\/stoke-pep-joy.jpg?fit=1024%2C576&ssl=1&resize=700%2C400 2x"},"classes":[]},{"id":30292,"url":"https:\/\/blogdoprosperi.com\/?p=30292","url_meta":{"origin":26021,"position":5},"title":"Cuca n\u00e3o tem tempo para recuperar Gabriel Jesus","author":"Luiz Ant\u00f4nio Pr\u00f3speri","date":"30 de outubro de 2016","format":false,"excerpt":"Cuca assumiu o compromisso p\u00fablico de recuperar o futebol de Gabriel Jesus, ap\u00f3s derrota (1 a 0) diante do Santos s\u00e1bado na Vila. Disse que esta \u00e9 uma de suas miss\u00f5es na reta final do Campeonato Brasileiro - restam cinco rodadas. N\u00e3o parece uma tarefa f\u00e1cil. Treinador do Palmeiras n\u00e3o\u2026","rel":"","context":"Em &quot;Campeonato Brasileiro&quot;","block_context":{"text":"Campeonato Brasileiro","link":"https:\/\/blogdoprosperi.com\/?cat=355071"},"img":{"alt_text":"pro3-22","src":"https:\/\/i0.wp.com\/blogdoprosperi.com\/wp-content\/uploads\/2016\/10\/pro3-22.jpg?resize=350%2C200&ssl=1","width":350,"height":200,"srcset":"https:\/\/i0.wp.com\/blogdoprosperi.com\/wp-content\/uploads\/2016\/10\/pro3-22.jpg?resize=350%2C200&ssl=1 1x, https:\/\/i0.wp.com\/blogdoprosperi.com\/wp-content\/uploads\/2016\/10\/pro3-22.jpg?resize=525%2C300&ssl=1 1.5x, https:\/\/i0.wp.com\/blogdoprosperi.com\/wp-content\/uploads\/2016\/10\/pro3-22.jpg?resize=700%2C400&ssl=1 2x, https:\/\/i0.wp.com\/blogdoprosperi.com\/wp-content\/uploads\/2016\/10\/pro3-22.jpg?resize=1050%2C600&ssl=1 3x, https:\/\/i0.wp.com\/blogdoprosperi.com\/wp-content\/uploads\/2016\/10\/pro3-22.jpg?resize=1400%2C800&ssl=1 4x"},"classes":[]}],"jetpack_featured_media_url":"","_links":{"self":[{"href":"https:\/\/blogdoprosperi.com\/index.php?rest_route=\/wp\/v2\/posts\/26021","targetHints":{"allow":["GET"]}}],"collection":[{"href":"https:\/\/blogdoprosperi.com\/index.php?rest_route=\/wp\/v2\/posts"}],"about":[{"href":"https:\/\/blogdoprosperi.com\/index.php?rest_route=\/wp\/v2\/types\/post"}],"author":[{"embeddable":true,"href":"https:\/\/blogdoprosperi.com\/index.php?rest_route=\/wp\/v2\/users\/102107496"}],"replies":[{"embeddable":true,"href":"https:\/\/blogdoprosperi.com\/index.php?rest_route=%2Fwp%2Fv2%2Fcomments&post=26021"}],"version-history":[{"count":25,"href":"https:\/\/blogdoprosperi.com\/index.php?rest_route=\/wp\/v2\/posts\/26021\/revisions"}],"predecessor-version":[{"id":26083,"href":"https:\/\/blogdoprosperi.com\/index.php?rest_route=\/wp\/v2\/posts\/26021\/revisions\/26083"}],"wp:attachment":[{"href":"https:\/\/blogdoprosperi.com\/index.php?rest_route=%2Fwp%2Fv2%2Fmedia&parent=26021"}],"wp:term":[{"taxonomy":"category","embeddable":true,"href":"https:\/\/blogdoprosperi.com\/index.php?rest_route=%2Fwp%2Fv2%2Fcategories&post=26021"},{"taxonomy":"post_tag","embeddable":true,"href":"https:\/\/blogdoprosperi.com\/index.php?rest_route=%2Fwp%2Fv2%2Ftags&post=26021"}],"curies":[{"name":"wp","href":"https:\/\/api.w.org\/{rel}","templated":true}]}}