{"id":26616,"date":"2016-09-24T18:42:23","date_gmt":"2016-09-24T21:42:23","guid":{"rendered":"https:\/\/blogdoprosperi.com\/?p=26616"},"modified":"2016-09-25T00:09:28","modified_gmt":"2016-09-25T03:09:28","slug":"palmeiras-derrota-coritiba-e-ja-entra-na-conta-regressiva-em-busca-da-taca","status":"publish","type":"post","link":"https:\/\/blogdoprosperi.com\/?p=26616","title":{"rendered":"Palmeiras derrota Coritiba e j\u00e1 entra na conta regressiva em busca da ta\u00e7a\u00a0"},"content":{"rendered":"<figure style=\"width: 720px\" class=\"wp-caption alignnone\"><a href=\"https:\/\/i0.wp.com\/blogdoprosperi.com\/wp-content\/uploads\/2016\/09\/wp-1474772642711.jpg\"><img data-recalc-dims=\"1\" loading=\"lazy\" decoding=\"async\" data-attachment-id=\"26619\" data-permalink=\"https:\/\/blogdoprosperi.com\/?attachment_id=26619\" data-orig-file=\"https:\/\/i0.wp.com\/blogdoprosperi.com\/wp-content\/uploads\/2016\/09\/wp-1474772642711.jpg?fit=720%2C720&amp;ssl=1\" data-orig-size=\"720,720\" data-comments-opened=\"1\" data-image-meta=\"{&quot;aperture&quot;:&quot;0&quot;,&quot;credit&quot;:&quot;&quot;,&quot;camera&quot;:&quot;&quot;,&quot;caption&quot;:&quot;&quot;,&quot;created_timestamp&quot;:&quot;0&quot;,&quot;copyright&quot;:&quot;&quot;,&quot;focal_length&quot;:&quot;0&quot;,&quot;iso&quot;:&quot;0&quot;,&quot;shutter_speed&quot;:&quot;0&quot;,&quot;title&quot;:&quot;&quot;,&quot;orientation&quot;:&quot;0&quot;}\" data-image-title=\"wp-1474772642711.jpg\" data-image-description=\"\" data-image-caption=\"\" data-large-file=\"https:\/\/i0.wp.com\/blogdoprosperi.com\/wp-content\/uploads\/2016\/09\/wp-1474772642711.jpg?fit=720%2C720&amp;ssl=1\" width=\"720\" height=\"720\" alt=\"\" src=\"https:\/\/i0.wp.com\/blogdoprosperi.com\/wp-content\/uploads\/2016\/09\/wp-1474772642711.jpg?resize=720%2C720\" title=\"\" class=\"size-full wp-image-26619\"><\/a><figcaption class=\"wp-caption-text\">Leandro Pereira celebra seu gol &#8211; foto Cesar Grecco<\/figcaption><\/figure>\n<p>Palmeiras come\u00e7a bem sua sequ\u00eancia contra advers\u00e1rios, na teoria, mais favor\u00e1veis em busca da ta\u00e7a. Aniquilou o Coritiba e s\u00f3 n\u00e3o venceu por mais de 2 a 1 por falta de pontaria e algum preciosismo no Allianz Parque neste s\u00e1bado &nbsp;(24\/9). Chegou aos 54 pontos, mant\u00e9m a lideran\u00e7a intacta e j\u00e1 entra na conta regressiva de campe\u00e3o.<\/p>\n<p>O time de Cuca teve poucas ideias no primeiro tempo. Diante de um muro a sua frente, n\u00e3o encontrou o caminho do gol. O jogo a\u00e9reo, marca forte do time, n\u00e3o funcionou. Chutes de m\u00e9dia dist\u00e2ncia, al\u00e9m de raros, voaram longe da meta.<\/p>\n<p>Quando sa\u00eda de tr\u00e1s com troca de passes, era parado com excesso de faltas t\u00e1ticas. A f\u00f3rmula criada por Cuca, com tr\u00eas jogadores de velocidade no ataque e Dudu na cria\u00e7\u00e3o, n\u00e3o deu certo.<\/p>\n<p>Em casa, contra advers\u00e1rios trancados, o caminho da velocidade n\u00e3o leva a nenhum lugar. Era preciso intelig\u00eancia e menos correria. Sem essa vertente, o Palmeiras pouco criou. E fez o jogo do Coritiba, que apenas se defendeu e n\u00e3o deu um chute a gol.<\/p>\n<p>No segundo tempo, Cuca sacou um velocista (Erik) e deu lugar a Leandro Pereira. No seu segundo lance, Leandro fez o o gol de cabe\u00e7a, aos 4 minutos. Esse gol permetiu a avalanche para cima do Coxa. Seis minutos depois, Mina marca o segundo em bela trama de jogada combinada.<\/p>\n<p>O advers\u00e1rio estava grogue \u00e0 espera do nocaute. Neste momento, Cuca tem uma reca\u00edda e troca Roger Guedes, que vinha bem, pelo volante Thiago Santos. Palmeiras recua e oferece campo ao Coritiba, que aproveita e desconta com Gago Silva, aos 30.<\/p>\n<p>Esse gol tirou a tranquilidade do dono da casa. Ansiedade tomou conta &nbsp;do time. Dali para frente, cuidou de se defender at\u00e9 o apito final.<\/p>\n<p>Vit\u00f3ria assegurada, lideran\u00e7a intacta. E press\u00e3o nos concorrentes, em especial o Flamengo que vai ter de transpirar muito para derrotar o Cruzeiro.<\/p>\n","protected":false},"excerpt":{"rendered":"<p>Palmeiras come\u00e7a bem sua sequ\u00eancia contra advers\u00e1rios, na teoria, mais favor\u00e1veis em busca da ta\u00e7a. Aniquilou o Coritiba [&hellip;]<\/p>\n","protected":false},"author":102107496,"featured_media":0,"comment_status":"open","ping_status":"open","sticky":false,"template":"","format":"standard","meta":{"_coblocks_attr":"","_coblocks_dimensions":"","_coblocks_responsive_height":"","_coblocks_accordion_ie_support":"","_jetpack_newsletter_access":"","_jetpack_dont_email_post_to_subs":false,"_jetpack_newsletter_tier_id":0,"_jetpack_memberships_contains_paywalled_content":false,"_wpcom_ai_launchpad_first_post":false,"_jetpack_feature_clip_id":0,"_jetpack_memberships_contains_paid_content":false,"footnotes":"","jetpack_publicize_message":"","jetpack_publicize_feature_enabled":true,"jetpack_social_post_already_shared":false,"jetpack_social_options":{"image_generator_settings":{"template":"highway","default_image_id":0,"font":"","enabled":false},"version":2},"jetpack_post_was_ever_published":false},"categories":[53870],"tags":[789560560,287104],"class_list":["post-26616","post","type-post","status-publish","format-standard","hentry","category-futebol","tag-futebol","tag-palmeiras"],"yoast_head":"<!-- This site is optimized with the Yoast SEO plugin v28.3 - https:\/\/yoast.com\/product\/yoast-seo-wordpress\/ -->\n<title>Palmeiras derrota Coritiba e j\u00e1 entra na conta regressiva em busca da ta\u00e7a\u00a0 - PR\u00d3SPERI NEWS<\/title>\n<meta name=\"robots\" content=\"index, follow, max-snippet:-1, max-image-preview:large, max-video-preview:-1\" \/>\n<link rel=\"canonical\" href=\"https:\/\/blogdoprosperi.com\/?p=26616\" \/>\n<meta property=\"og:locale\" content=\"pt_BR\" \/>\n<meta property=\"og:type\" content=\"article\" \/>\n<meta property=\"og:title\" content=\"Palmeiras derrota Coritiba e j\u00e1 entra na conta regressiva em busca da ta\u00e7a\u00a0 - PR\u00d3SPERI NEWS\" \/>\n<meta property=\"og:description\" content=\"Palmeiras come\u00e7a bem sua sequ\u00eancia contra advers\u00e1rios, na teoria, mais favor\u00e1veis em busca da ta\u00e7a. Aniquilou o Coritiba [&hellip;]\" \/>\n<meta property=\"og:url\" content=\"https:\/\/blogdoprosperi.com\/?p=26616\" \/>\n<meta property=\"og:site_name\" content=\"PR\u00d3SPERI NEWS\" \/>\n<meta property=\"article:publisher\" content=\"Luiz Pr\u00f3speri\" \/>\n<meta property=\"article:author\" content=\"Luiz Pr\u00f3speri\" \/>\n<meta property=\"article:published_time\" content=\"2016-09-24T21:42:23+00:00\" \/>\n<meta property=\"article:modified_time\" content=\"2016-09-25T03:09:28+00:00\" \/>\n<meta property=\"og:image\" content=\"http:\/\/blogdoprosperi.com\/wp-content\/uploads\/2016\/09\/wp-1474772642711.jpg\" \/>\n<meta name=\"author\" content=\"Luiz Ant\u00f4nio Pr\u00f3speri\" \/>\n<meta name=\"twitter:card\" content=\"summary_large_image\" \/>\n<meta name=\"twitter:creator\" content=\"@Luizprosperi\" \/>\n<meta name=\"twitter:site\" content=\"@Luizprosperi\" \/>\n<meta name=\"twitter:label1\" content=\"Escrito por\" \/>\n\t<meta name=\"twitter:data1\" content=\"Luiz Ant\u00f4nio Pr\u00f3speri\" \/>\n\t<meta name=\"twitter:label2\" content=\"Est. tempo de leitura\" \/>\n\t<meta name=\"twitter:data2\" content=\"2 minutos\" \/>\n<script type=\"application\/ld+json\" class=\"yoast-schema-graph\">{\"@context\":\"https:\\\/\\\/schema.org\",\"@graph\":[{\"@type\":\"Article\",\"@id\":\"https:\\\/\\\/blogdoprosperi.com\\\/?p=26616#article\",\"isPartOf\":{\"@id\":\"https:\\\/\\\/blogdoprosperi.com\\\/?p=26616\"},\"author\":{\"name\":\"Luiz Ant\u00f4nio Pr\u00f3speri\",\"@id\":\"https:\\\/\\\/blogdoprosperi.com\\\/#\\\/schema\\\/person\\\/38100755ce3601861ee4fab9b5aa78e9\"},\"headline\":\"Palmeiras derrota Coritiba e j\u00e1 entra na conta regressiva em busca da ta\u00e7a\u00a0\",\"datePublished\":\"2016-09-24T21:42:23+00:00\",\"dateModified\":\"2016-09-25T03:09:28+00:00\",\"mainEntityOfPage\":{\"@id\":\"https:\\\/\\\/blogdoprosperi.com\\\/?p=26616\"},\"wordCount\":372,\"commentCount\":1,\"publisher\":{\"@id\":\"https:\\\/\\\/blogdoprosperi.com\\\/#\\\/schema\\\/person\\\/38100755ce3601861ee4fab9b5aa78e9\"},\"image\":{\"@id\":\"https:\\\/\\\/blogdoprosperi.com\\\/?p=26616#primaryimage\"},\"thumbnailUrl\":\"http:\\\/\\\/blogdoprosperi.com\\\/wp-content\\\/uploads\\\/2016\\\/09\\\/wp-1474772642711.jpg\",\"keywords\":[\"futebol\",\"Palmeiras\"],\"articleSection\":[\"futebol\"],\"inLanguage\":\"pt-BR\",\"potentialAction\":[{\"@type\":\"CommentAction\",\"name\":\"Comment\",\"target\":[\"https:\\\/\\\/blogdoprosperi.com\\\/?p=26616#respond\"]}]},{\"@type\":\"WebPage\",\"@id\":\"https:\\\/\\\/blogdoprosperi.com\\\/?p=26616\",\"url\":\"https:\\\/\\\/blogdoprosperi.com\\\/?p=26616\",\"name\":\"Palmeiras derrota Coritiba e j\u00e1 entra na conta regressiva em busca da ta\u00e7a\u00a0 - PR\u00d3SPERI NEWS\",\"isPartOf\":{\"@id\":\"https:\\\/\\\/blogdoprosperi.com\\\/#website\"},\"primaryImageOfPage\":{\"@id\":\"https:\\\/\\\/blogdoprosperi.com\\\/?p=26616#primaryimage\"},\"image\":{\"@id\":\"https:\\\/\\\/blogdoprosperi.com\\\/?p=26616#primaryimage\"},\"thumbnailUrl\":\"http:\\\/\\\/blogdoprosperi.com\\\/wp-content\\\/uploads\\\/2016\\\/09\\\/wp-1474772642711.jpg\",\"datePublished\":\"2016-09-24T21:42:23+00:00\",\"dateModified\":\"2016-09-25T03:09:28+00:00\",\"breadcrumb\":{\"@id\":\"https:\\\/\\\/blogdoprosperi.com\\\/?p=26616#breadcrumb\"},\"inLanguage\":\"pt-BR\",\"potentialAction\":[{\"@type\":\"ReadAction\",\"target\":[\"https:\\\/\\\/blogdoprosperi.com\\\/?p=26616\"]}]},{\"@type\":\"ImageObject\",\"inLanguage\":\"pt-BR\",\"@id\":\"https:\\\/\\\/blogdoprosperi.com\\\/?p=26616#primaryimage\",\"url\":\"http:\\\/\\\/blogdoprosperi.com\\\/wp-content\\\/uploads\\\/2016\\\/09\\\/wp-1474772642711.jpg\",\"contentUrl\":\"http:\\\/\\\/blogdoprosperi.com\\\/wp-content\\\/uploads\\\/2016\\\/09\\\/wp-1474772642711.jpg\"},{\"@type\":\"BreadcrumbList\",\"@id\":\"https:\\\/\\\/blogdoprosperi.com\\\/?p=26616#breadcrumb\",\"itemListElement\":[{\"@type\":\"ListItem\",\"position\":1,\"name\":\"In\u00edcio\",\"item\":\"https:\\\/\\\/blogdoprosperi.com\\\/\"},{\"@type\":\"ListItem\",\"position\":2,\"name\":\"Palmeiras derrota Coritiba e j\u00e1 entra na conta regressiva em busca da ta\u00e7a\u00a0\"}]},{\"@type\":\"WebSite\",\"@id\":\"https:\\\/\\\/blogdoprosperi.com\\\/#website\",\"url\":\"https:\\\/\\\/blogdoprosperi.com\\\/\",\"name\":\"PR\u00d3SPERI NEWS\",\"description\":\"TUDO \u00c9  FUTEBOL\",\"publisher\":{\"@id\":\"https:\\\/\\\/blogdoprosperi.com\\\/#\\\/schema\\\/person\\\/38100755ce3601861ee4fab9b5aa78e9\"},\"alternateName\":\"blogdoprosperi.com\",\"potentialAction\":[{\"@type\":\"SearchAction\",\"target\":{\"@type\":\"EntryPoint\",\"urlTemplate\":\"https:\\\/\\\/blogdoprosperi.com\\\/?s={search_term_string}\"},\"query-input\":{\"@type\":\"PropertyValueSpecification\",\"valueRequired\":true,\"valueName\":\"search_term_string\"}}],\"inLanguage\":\"pt-BR\"},{\"@type\":[\"Person\",\"Organization\"],\"@id\":\"https:\\\/\\\/blogdoprosperi.com\\\/#\\\/schema\\\/person\\\/38100755ce3601861ee4fab9b5aa78e9\",\"name\":\"Luiz Ant\u00f4nio Pr\u00f3speri\",\"pronouns\":\"ele\",\"image\":{\"@type\":\"ImageObject\",\"inLanguage\":\"pt-BR\",\"@id\":\"https:\\\/\\\/i0.wp.com\\\/blogdoprosperi.com\\\/wp-content\\\/uploads\\\/2026\\\/05\\\/cropped-8059e613-6002-42fa-961e-8e275f575d71-2-5.jpg?fit=1360%2C931&ssl=1\",\"url\":\"https:\\\/\\\/i0.wp.com\\\/blogdoprosperi.com\\\/wp-content\\\/uploads\\\/2026\\\/05\\\/cropped-8059e613-6002-42fa-961e-8e275f575d71-2-5.jpg?fit=1360%2C931&ssl=1\",\"contentUrl\":\"https:\\\/\\\/i0.wp.com\\\/blogdoprosperi.com\\\/wp-content\\\/uploads\\\/2026\\\/05\\\/cropped-8059e613-6002-42fa-961e-8e275f575d71-2-5.jpg?fit=1360%2C931&ssl=1\",\"width\":1360,\"height\":931,\"caption\":\"Luiz Ant\u00f4nio Pr\u00f3speri\"},\"logo\":{\"@id\":\"https:\\\/\\\/i0.wp.com\\\/blogdoprosperi.com\\\/wp-content\\\/uploads\\\/2026\\\/05\\\/cropped-8059e613-6002-42fa-961e-8e275f575d71-2-5.jpg?fit=1360%2C931&ssl=1\"},\"description\":\"Jornalista com carreira dedicada ao esporte. Cobriu 9 Copas do Mundo in loco, 1990 na It\u00e1lia, 1994 nos EUA, 1998 na Fran\u00e7a, 2002 na Coreia do Sul e Jap\u00e3o, 2006 na Alemanha, 2010 na \u00c1frica do Sul, 2014 no Brasil, 2018 na R\u00fassia e 2022 no Qatar. Eurocopas, 1992 na Su\u00e9cia e 1996 na Inglaterra. Copa das Confedera\u00e7\u00f5es de 2005 na Alemanha e 2009 na \u00c1frica do Sul. Rep\u00f3rter e Editor, trabalhou no Jornal da Tarde e Estad\u00e3o, de 1984 a fevereiro de 2016. Colunista, blogueiro. E comentarista de futebol na R\u00e1dio Estad\u00e3o, de 2013 a fevereiro de 2016. Jornalista respons\u00e1vel do \\\"Pr\u00f3speri News\\\" (blogdoprosperi.com).\",\"sameAs\":[\"http:\\\/\\\/blogdoprosperi.com\",\"Luiz Pr\u00f3speri\",\"@luiz_prosperi\",\"https:\\\/\\\/x.com\\\/Luizprosperi\",\"@prosperinacopa\",\"luiz.prosperi@icloud.com\"],\"url\":\"https:\\\/\\\/blogdoprosperi.com\\\/?author=102107496\"}]}<\/script>\n<!-- \/ Yoast SEO plugin. -->","yoast_head_json":{"title":"Palmeiras derrota Coritiba e j\u00e1 entra na conta regressiva em busca da ta\u00e7a\u00a0 - PR\u00d3SPERI NEWS","robots":{"index":"index","follow":"follow","max-snippet":"max-snippet:-1","max-image-preview":"max-image-preview:large","max-video-preview":"max-video-preview:-1"},"canonical":"https:\/\/blogdoprosperi.com\/?p=26616","og_locale":"pt_BR","og_type":"article","og_title":"Palmeiras derrota Coritiba e j\u00e1 entra na conta regressiva em busca da ta\u00e7a\u00a0 - PR\u00d3SPERI NEWS","og_description":"Palmeiras come\u00e7a bem sua sequ\u00eancia contra advers\u00e1rios, na teoria, mais favor\u00e1veis em busca da ta\u00e7a. Aniquilou o Coritiba [&hellip;]","og_url":"https:\/\/blogdoprosperi.com\/?p=26616","og_site_name":"PR\u00d3SPERI NEWS","article_publisher":"Luiz Pr\u00f3speri","article_author":"Luiz Pr\u00f3speri","article_published_time":"2016-09-24T21:42:23+00:00","article_modified_time":"2016-09-25T03:09:28+00:00","og_image":[{"url":"http:\/\/blogdoprosperi.com\/wp-content\/uploads\/2016\/09\/wp-1474772642711.jpg","type":"","width":"","height":""}],"author":"Luiz Ant\u00f4nio Pr\u00f3speri","twitter_card":"summary_large_image","twitter_creator":"@Luizprosperi","twitter_site":"@Luizprosperi","twitter_misc":{"Escrito por":"Luiz Ant\u00f4nio Pr\u00f3speri","Est. tempo de leitura":"2 minutos"},"schema":{"@context":"https:\/\/schema.org","@graph":[{"@type":"Article","@id":"https:\/\/blogdoprosperi.com\/?p=26616#article","isPartOf":{"@id":"https:\/\/blogdoprosperi.com\/?p=26616"},"author":{"name":"Luiz Ant\u00f4nio Pr\u00f3speri","@id":"https:\/\/blogdoprosperi.com\/#\/schema\/person\/38100755ce3601861ee4fab9b5aa78e9"},"headline":"Palmeiras derrota Coritiba e j\u00e1 entra na conta regressiva em busca da ta\u00e7a\u00a0","datePublished":"2016-09-24T21:42:23+00:00","dateModified":"2016-09-25T03:09:28+00:00","mainEntityOfPage":{"@id":"https:\/\/blogdoprosperi.com\/?p=26616"},"wordCount":372,"commentCount":1,"publisher":{"@id":"https:\/\/blogdoprosperi.com\/#\/schema\/person\/38100755ce3601861ee4fab9b5aa78e9"},"image":{"@id":"https:\/\/blogdoprosperi.com\/?p=26616#primaryimage"},"thumbnailUrl":"http:\/\/blogdoprosperi.com\/wp-content\/uploads\/2016\/09\/wp-1474772642711.jpg","keywords":["futebol","Palmeiras"],"articleSection":["futebol"],"inLanguage":"pt-BR","potentialAction":[{"@type":"CommentAction","name":"Comment","target":["https:\/\/blogdoprosperi.com\/?p=26616#respond"]}]},{"@type":"WebPage","@id":"https:\/\/blogdoprosperi.com\/?p=26616","url":"https:\/\/blogdoprosperi.com\/?p=26616","name":"Palmeiras derrota Coritiba e j\u00e1 entra na conta regressiva em busca da ta\u00e7a\u00a0 - PR\u00d3SPERI NEWS","isPartOf":{"@id":"https:\/\/blogdoprosperi.com\/#website"},"primaryImageOfPage":{"@id":"https:\/\/blogdoprosperi.com\/?p=26616#primaryimage"},"image":{"@id":"https:\/\/blogdoprosperi.com\/?p=26616#primaryimage"},"thumbnailUrl":"http:\/\/blogdoprosperi.com\/wp-content\/uploads\/2016\/09\/wp-1474772642711.jpg","datePublished":"2016-09-24T21:42:23+00:00","dateModified":"2016-09-25T03:09:28+00:00","breadcrumb":{"@id":"https:\/\/blogdoprosperi.com\/?p=26616#breadcrumb"},"inLanguage":"pt-BR","potentialAction":[{"@type":"ReadAction","target":["https:\/\/blogdoprosperi.com\/?p=26616"]}]},{"@type":"ImageObject","inLanguage":"pt-BR","@id":"https:\/\/blogdoprosperi.com\/?p=26616#primaryimage","url":"http:\/\/blogdoprosperi.com\/wp-content\/uploads\/2016\/09\/wp-1474772642711.jpg","contentUrl":"http:\/\/blogdoprosperi.com\/wp-content\/uploads\/2016\/09\/wp-1474772642711.jpg"},{"@type":"BreadcrumbList","@id":"https:\/\/blogdoprosperi.com\/?p=26616#breadcrumb","itemListElement":[{"@type":"ListItem","position":1,"name":"In\u00edcio","item":"https:\/\/blogdoprosperi.com\/"},{"@type":"ListItem","position":2,"name":"Palmeiras derrota Coritiba e j\u00e1 entra na conta regressiva em busca da ta\u00e7a\u00a0"}]},{"@type":"WebSite","@id":"https:\/\/blogdoprosperi.com\/#website","url":"https:\/\/blogdoprosperi.com\/","name":"PR\u00d3SPERI NEWS","description":"TUDO \u00c9  FUTEBOL","publisher":{"@id":"https:\/\/blogdoprosperi.com\/#\/schema\/person\/38100755ce3601861ee4fab9b5aa78e9"},"alternateName":"blogdoprosperi.com","potentialAction":[{"@type":"SearchAction","target":{"@type":"EntryPoint","urlTemplate":"https:\/\/blogdoprosperi.com\/?s={search_term_string}"},"query-input":{"@type":"PropertyValueSpecification","valueRequired":true,"valueName":"search_term_string"}}],"inLanguage":"pt-BR"},{"@type":["Person","Organization"],"@id":"https:\/\/blogdoprosperi.com\/#\/schema\/person\/38100755ce3601861ee4fab9b5aa78e9","name":"Luiz Ant\u00f4nio Pr\u00f3speri","pronouns":"ele","image":{"@type":"ImageObject","inLanguage":"pt-BR","@id":"https:\/\/i0.wp.com\/blogdoprosperi.com\/wp-content\/uploads\/2026\/05\/cropped-8059e613-6002-42fa-961e-8e275f575d71-2-5.jpg?fit=1360%2C931&ssl=1","url":"https:\/\/i0.wp.com\/blogdoprosperi.com\/wp-content\/uploads\/2026\/05\/cropped-8059e613-6002-42fa-961e-8e275f575d71-2-5.jpg?fit=1360%2C931&ssl=1","contentUrl":"https:\/\/i0.wp.com\/blogdoprosperi.com\/wp-content\/uploads\/2026\/05\/cropped-8059e613-6002-42fa-961e-8e275f575d71-2-5.jpg?fit=1360%2C931&ssl=1","width":1360,"height":931,"caption":"Luiz Ant\u00f4nio Pr\u00f3speri"},"logo":{"@id":"https:\/\/i0.wp.com\/blogdoprosperi.com\/wp-content\/uploads\/2026\/05\/cropped-8059e613-6002-42fa-961e-8e275f575d71-2-5.jpg?fit=1360%2C931&ssl=1"},"description":"Jornalista com carreira dedicada ao esporte. Cobriu 9 Copas do Mundo in loco, 1990 na It\u00e1lia, 1994 nos EUA, 1998 na Fran\u00e7a, 2002 na Coreia do Sul e Jap\u00e3o, 2006 na Alemanha, 2010 na \u00c1frica do Sul, 2014 no Brasil, 2018 na R\u00fassia e 2022 no Qatar. Eurocopas, 1992 na Su\u00e9cia e 1996 na Inglaterra. Copa das Confedera\u00e7\u00f5es de 2005 na Alemanha e 2009 na \u00c1frica do Sul. Rep\u00f3rter e Editor, trabalhou no Jornal da Tarde e Estad\u00e3o, de 1984 a fevereiro de 2016. Colunista, blogueiro. E comentarista de futebol na R\u00e1dio Estad\u00e3o, de 2013 a fevereiro de 2016. Jornalista respons\u00e1vel do \"Pr\u00f3speri News\" (blogdoprosperi.com).","sameAs":["http:\/\/blogdoprosperi.com","Luiz Pr\u00f3speri","@luiz_prosperi","https:\/\/x.com\/Luizprosperi","@prosperinacopa","luiz.prosperi@icloud.com"],"url":"https:\/\/blogdoprosperi.com\/?author=102107496"}]}},"jetpack_publicize_connections":[],"jetpack_likes_enabled":false,"jetpack_sharing_enabled":true,"jetpack_shortlink":"https:\/\/wp.me\/p7jvdk-6Vi","jetpack-related-posts":[{"id":27314,"url":"https:\/\/blogdoprosperi.com\/?p=27314","url_meta":{"origin":26616,"position":0},"title":"Palmeiras avan\u00e7a com a sabedoria de Z\u00e9 Roberto e entra na contagem regressiva do t\u00edtulo do Brasileir\u00e3o","author":"Luiz Ant\u00f4nio Pr\u00f3speri","date":"3 de outubro de 2016","format":false,"excerpt":"Palmeiras entra na contagem regressiva do t\u00edtulo do Brasileir\u00e3o ao derrotar o Santa Cruz por 3 a 2 no Recife. Com o resultado, abre tr\u00eas pontos do vice-l\u00edder Flamengo, a dez rodadas do fim, e consolida a campanha de mais forte candidato a levantar a ta\u00e7a. No jogo, Cuca iniciou\u2026","rel":"","context":"Em &quot;Campeonato Brasileiro&quot;","block_context":{"text":"Campeonato Brasileiro","link":"https:\/\/blogdoprosperi.com\/?cat=355071"},"img":{"alt_text":"","src":"https:\/\/i0.wp.com\/blogdoprosperi.com\/wp-content\/uploads\/2016\/10\/cuca-palmeiras-river-plate-montevideo-copa-libertadores-14042016_vl43jh2e2j1a1a55gtssnp3la.jpg?resize=350%2C200&ssl=1","width":350,"height":200,"srcset":"https:\/\/i0.wp.com\/blogdoprosperi.com\/wp-content\/uploads\/2016\/10\/cuca-palmeiras-river-plate-montevideo-copa-libertadores-14042016_vl43jh2e2j1a1a55gtssnp3la.jpg?resize=350%2C200&ssl=1 1x, https:\/\/i0.wp.com\/blogdoprosperi.com\/wp-content\/uploads\/2016\/10\/cuca-palmeiras-river-plate-montevideo-copa-libertadores-14042016_vl43jh2e2j1a1a55gtssnp3la.jpg?resize=525%2C300&ssl=1 1.5x"},"classes":[]},{"id":32695,"url":"https:\/\/blogdoprosperi.com\/?p=32695","url_meta":{"origin":26616,"position":1},"title":"Palmeiras se imp\u00f5e como l\u00edder, sua sangue em Minas e pode ser campe\u00e3o domingo na sua casa","author":"Luiz Ant\u00f4nio Pr\u00f3speri","date":"17 de novembro de 2016","format":false,"excerpt":"Palmeiras entortou mais um advers\u00e1rio na contagem regressiva rumo ao t\u00edtulo do Brasileir\u00e3o que n\u00e3o conquista h\u00e1 22 anos. Ao empatar por 1 a 1 com o Atl\u00e9tico-MG fora de casa, consolidou a chance de ser campe\u00e3o com duas vit\u00f3rias na sua morada, contra Botafogo e Chapecoense. Ser campe\u00e3o no\u2026","rel":"","context":"Em &quot;Campeonato Brasileiro&quot;","block_context":{"text":"Campeonato Brasileiro","link":"https:\/\/blogdoprosperi.com\/?cat=355071"},"img":{"alt_text":"","src":"https:\/\/i0.wp.com\/blogdoprosperi.com\/wp-content\/uploads\/2016\/11\/gabriel-jesus-palmeiras-asa-copa-do-brasil-07-10-16_1pxg036ccfz4u1holxfxaxs37d.jpg?resize=350%2C200&ssl=1","width":350,"height":200},"classes":[]},{"id":33179,"url":"https:\/\/blogdoprosperi.com\/?p=33179","url_meta":{"origin":26616,"position":2},"title":"Palmeiras maior campe\u00e3o","author":"Luiz Ant\u00f4nio Pr\u00f3speri","date":"27 de novembro de 2016","format":false,"excerpt":"\u00a0 Palmeiras nove vezes campe\u00e3o do Brasil. A consagra\u00e7\u00e3o come\u00e7ou em maio, quando venceu o Atl\u00e9tico-PR por 4 a 0 na estreia, e acabou neste domingo (27\/11) ao derrotar a Chapecoense por 1 a 0 no Allianz Parque. Uma conquista irrepar\u00e1vel, repleta de her\u00f3is improv\u00e1veis como Jailson, uma comunh\u00e3o inesquec\u00edvel\u2026","rel":"","context":"Em &quot;Campeonato Brasileiro&quot;","block_context":{"text":"Campeonato Brasileiro","link":"https:\/\/blogdoprosperi.com\/?cat=355071"},"img":{"alt_text":"","src":"https:\/\/i0.wp.com\/blogdoprosperi.com\/wp-content\/uploads\/2016\/11\/imagem_2609_original.jpg?resize=350%2C200&ssl=1","width":350,"height":200,"srcset":"https:\/\/i0.wp.com\/blogdoprosperi.com\/wp-content\/uploads\/2016\/11\/imagem_2609_original.jpg?resize=350%2C200&ssl=1 1x, https:\/\/i0.wp.com\/blogdoprosperi.com\/wp-content\/uploads\/2016\/11\/imagem_2609_original.jpg?resize=525%2C300&ssl=1 1.5x, https:\/\/i0.wp.com\/blogdoprosperi.com\/wp-content\/uploads\/2016\/11\/imagem_2609_original.jpg?resize=700%2C400&ssl=1 2x"},"classes":[]},{"id":11014,"url":"https:\/\/blogdoprosperi.com\/?p=11014","url_meta":{"origin":26616,"position":3},"title":"Palmeiras vira v\u00edtima de parte de sua torcida no empate contra o Coritiba e deixa Cuca revoltado","author":"Luiz Ant\u00f4nio Pr\u00f3speri","date":"16 de junho de 2016","format":false,"excerpt":"Sinalizadores usados por palmeirenses no est\u00e1dio Couto Pereira prejudicaram o time, na avalia\u00e7\u00e3o de Cuca. \"Estamos jogando contra n\u00f3s mesmos, daqui a pouco vamos voltar ao STJD e perder mais ainda\" \u00a0 O empate por 2 a 2 do Palmeiras contra o Coritiba fora de casa tem de ficar na\u2026","rel":"","context":"Em &quot;futebol&quot;","block_context":{"text":"futebol","link":"https:\/\/blogdoprosperi.com\/?cat=53870"},"img":{"alt_text":"","src":"https:\/\/i0.wp.com\/blogdoprosperi.com\/wp-content\/uploads\/2016\/06\/galeriaimagens_11703_img1_20160615_agb_coritiba_x_palmeiras-15.jpg?resize=350%2C200&ssl=1","width":350,"height":200,"srcset":"https:\/\/i0.wp.com\/blogdoprosperi.com\/wp-content\/uploads\/2016\/06\/galeriaimagens_11703_img1_20160615_agb_coritiba_x_palmeiras-15.jpg?resize=350%2C200&ssl=1 1x, https:\/\/i0.wp.com\/blogdoprosperi.com\/wp-content\/uploads\/2016\/06\/galeriaimagens_11703_img1_20160615_agb_coritiba_x_palmeiras-15.jpg?resize=525%2C300&ssl=1 1.5x, https:\/\/i0.wp.com\/blogdoprosperi.com\/wp-content\/uploads\/2016\/06\/galeriaimagens_11703_img1_20160615_agb_coritiba_x_palmeiras-15.jpg?resize=700%2C400&ssl=1 2x"},"classes":[]},{"id":36667,"url":"https:\/\/blogdoprosperi.com\/?p=36667","url_meta":{"origin":26616,"position":4},"title":"Palmeiras ainda se ilude","author":"Luiz Ant\u00f4nio Pr\u00f3speri","date":"19 de setembro de 2017","format":false,"excerpt":"Ainda distante 13 pontos do l\u00edder Corinthians, Palmeiras continua na sua toada em busca de um milagre. De acordo com Cuca, o futuro do time no Brasileir\u00e3o depende do desempenho nas pr\u00f3ximas seis rodadas, a contar dessa 25.\u00aa. Se Cuca estiver correto, o campe\u00e3o de 2016 est\u00e1 na briga. Venceu\u2026","rel":"","context":"Em &quot;Campeonato Brasileiro&quot;","block_context":{"text":"Campeonato Brasileiro","link":"https:\/\/blogdoprosperi.com\/?cat=355071"},"img":{"alt_text":"Jean, auto do gol do Palmeiras contra Coritiba","src":"https:\/\/i0.wp.com\/blogdoprosperi.com\/wp-content\/uploads\/2017\/09\/pro1-7.jpg?fit=846%2C1200&ssl=1&resize=350%2C200","width":350,"height":200,"srcset":"https:\/\/i0.wp.com\/blogdoprosperi.com\/wp-content\/uploads\/2017\/09\/pro1-7.jpg?fit=846%2C1200&ssl=1&resize=350%2C200 1x, https:\/\/i0.wp.com\/blogdoprosperi.com\/wp-content\/uploads\/2017\/09\/pro1-7.jpg?fit=846%2C1200&ssl=1&resize=525%2C300 1.5x, https:\/\/i0.wp.com\/blogdoprosperi.com\/wp-content\/uploads\/2017\/09\/pro1-7.jpg?fit=846%2C1200&ssl=1&resize=700%2C400 2x"},"classes":[]},{"id":23329,"url":"https:\/\/blogdoprosperi.com\/?p=23329","url_meta":{"origin":26616,"position":5},"title":"S\u00e3o Paulo entra na contagem regressiva contra zona do rebaixamento","author":"Luiz Ant\u00f4nio Pr\u00f3speri","date":"28 de agosto de 2016","format":false,"excerpt":"Ch\u00e1vez n\u00e3o \u00e9 Calleri e o time no Campeonato Brasileiro n\u00e3o \u00e9 o mesmo da Copa Libertadores. Dois detalhes ilustram bem o S\u00e3o Paulo neste momento de turbul\u00eancia em pleno voo sobre o oceano. Se Ch\u00e1vez fosse Calleri provavelmente n\u00e3o teria perdido os dois gols mais incr\u00edveis desta rodada do\u2026","rel":"","context":"Em &quot;Campeonato Brasileiro&quot;","block_context":{"text":"Campeonato Brasileiro","link":"https:\/\/blogdoprosperi.com\/?cat=355071"},"img":{"alt_text":"","src":"https:\/\/i0.wp.com\/blogdoprosperi.com\/wp-content\/uploads\/2016\/08\/rib_5264_bqtufpd.jpg?resize=350%2C200&ssl=1","width":350,"height":200,"srcset":"https:\/\/i0.wp.com\/blogdoprosperi.com\/wp-content\/uploads\/2016\/08\/rib_5264_bqtufpd.jpg?resize=350%2C200&ssl=1 1x, https:\/\/i0.wp.com\/blogdoprosperi.com\/wp-content\/uploads\/2016\/08\/rib_5264_bqtufpd.jpg?resize=525%2C300&ssl=1 1.5x"},"classes":[]}],"jetpack_featured_media_url":"","_links":{"self":[{"href":"https:\/\/blogdoprosperi.com\/index.php?rest_route=\/wp\/v2\/posts\/26616","targetHints":{"allow":["GET"]}}],"collection":[{"href":"https:\/\/blogdoprosperi.com\/index.php?rest_route=\/wp\/v2\/posts"}],"about":[{"href":"https:\/\/blogdoprosperi.com\/index.php?rest_route=\/wp\/v2\/types\/post"}],"author":[{"embeddable":true,"href":"https:\/\/blogdoprosperi.com\/index.php?rest_route=\/wp\/v2\/users\/102107496"}],"replies":[{"embeddable":true,"href":"https:\/\/blogdoprosperi.com\/index.php?rest_route=%2Fwp%2Fv2%2Fcomments&post=26616"}],"version-history":[{"count":2,"href":"https:\/\/blogdoprosperi.com\/index.php?rest_route=\/wp\/v2\/posts\/26616\/revisions"}],"predecessor-version":[{"id":26620,"href":"https:\/\/blogdoprosperi.com\/index.php?rest_route=\/wp\/v2\/posts\/26616\/revisions\/26620"}],"wp:attachment":[{"href":"https:\/\/blogdoprosperi.com\/index.php?rest_route=%2Fwp%2Fv2%2Fmedia&parent=26616"}],"wp:term":[{"taxonomy":"category","embeddable":true,"href":"https:\/\/blogdoprosperi.com\/index.php?rest_route=%2Fwp%2Fv2%2Fcategories&post=26616"},{"taxonomy":"post_tag","embeddable":true,"href":"https:\/\/blogdoprosperi.com\/index.php?rest_route=%2Fwp%2Fv2%2Ftags&post=26616"}],"curies":[{"name":"wp","href":"https:\/\/api.w.org\/{rel}","templated":true}]}}