{"id":2674,"date":"2016-04-29T20:40:42","date_gmt":"2016-04-29T20:40:42","guid":{"rendered":"https:\/\/blogdoprosperi.com\/?p=2674"},"modified":"2016-04-29T20:45:21","modified_gmt":"2016-04-29T20:45:21","slug":"audax-se-desmancha-antes-da-final-do-paulistao","status":"publish","type":"post","link":"https:\/\/blogdoprosperi.com\/?p=2674","title":{"rendered":"Audax se desmancha antes da final do Paulist\u00e3o"},"content":{"rendered":"<h5>Palmeiras, Corinthians e outros clubes levam jogadores do time sensa\u00e7\u00e3o de S\u00e3o Paulo. Era inevit\u00e1vel<\/h5>\n<figure id=\"attachment_2352\" aria-describedby=\"caption-attachment-2352\" style=\"width: 2561px\" class=\"wp-caption alignnone\"><img data-recalc-dims=\"1\" loading=\"lazy\" decoding=\"async\" data-attachment-id=\"2352\" data-permalink=\"https:\/\/blogdoprosperi.com\/?attachment_id=2352\" data-orig-file=\"https:\/\/i0.wp.com\/blogdoprosperi.com\/wp-content\/uploads\/2016\/04\/dsc_0469.jpg?fit=2561%2C1788&amp;ssl=1\" data-orig-size=\"2561,1788\" data-comments-opened=\"1\" data-image-meta=\"{&quot;aperture&quot;:&quot;0&quot;,&quot;credit&quot;:&quot;&quot;,&quot;camera&quot;:&quot;&quot;,&quot;caption&quot;:&quot;&quot;,&quot;created_timestamp&quot;:&quot;0&quot;,&quot;copyright&quot;:&quot;&quot;,&quot;focal_length&quot;:&quot;0&quot;,&quot;iso&quot;:&quot;0&quot;,&quot;shutter_speed&quot;:&quot;0&quot;,&quot;title&quot;:&quot;&quot;,&quot;orientation&quot;:&quot;0&quot;}\" data-image-title=\"dsc_0469\" data-image-description=\"\" data-image-caption=\"\" data-large-file=\"https:\/\/i0.wp.com\/blogdoprosperi.com\/wp-content\/uploads\/2016\/04\/dsc_0469.jpg?fit=940%2C656&amp;ssl=1\" class=\"alignnone size-full wp-image-2352\" src=\"https:\/\/i0.wp.com\/blogdoprosperi.com\/wp-content\/uploads\/2016\/04\/dsc_0469.jpg?resize=940%2C656&#038;ssl=1\" alt=\"dsc_0469\" width=\"940\" height=\"656\" \/><figcaption id=\"caption-attachment-2352\" class=\"wp-caption-text\">Jogadores deixam o Audax<\/figcaption><\/figure>\n<p>Time pequeno n\u00e3o vai al\u00e9m de um sonho de ver\u00e3o. N\u00e3o sobrevive ap\u00f3s se destacar no campeonato estadual. Veja o caso do Osasco Audax. Encantou todo mundo ao garantir vaga na final do Paulist\u00e3o 2016 e, antes mesmo do primeiro da decis\u00e3o com o Santos, j\u00e1 vive processo de desmanche.<\/p>\n<p>A tend\u00eancia \u00e9 o Audax se esfarelar. De nada adianta o patrono do clube se indignar com os jogadores que est\u00e3o de sa\u00edda, como fez M\u00e1rio Teixeira, o dono do Audax.<\/p>\n<p>O senhor Teixeira, exaltado, repreendeu o lateral e meia Tch\u00ea Tch\u00ea ap\u00f3s o treino do time nesta sexta-feira. O patrono ficou bravo com o jogador, que acertou sua transfer\u00eancia ao Palmeiras na quinta-feira.<\/p>\n<p>&#8220;Aqui dinheiro n\u00e3o \u00e9 problema, Tch\u00ea Tch\u00ea&#8221;, disse Teixeira, com voz alta, no centro do campo de treinamentos. Era um sinal de que n\u00e3o havia aprovado a ida do jogador \u00a0ao Palmeiras e um recado aos outros atletas que tamb\u00e9m est\u00e3o de sa\u00edda do clube de Osasco.<\/p>\n<p>Tch\u00ea Tch\u00ea n\u00e3o \u00e9 o \u00fanico a ir embora. Camacho e Bruno Paulo t\u00eam acordo com o Corinthians. Mike vai voltar ao Internacional, Juninho regressa ao Palmeiras.<\/p>\n<p>A maioria dos jogadores do Audax tem seus contratos vencendo ao t\u00e9rmino do Paulist\u00e3o. Campe\u00f5es ou n\u00e3o, eles v\u00e3o bater asas.<\/p>\n<p>O milion\u00e1rio M\u00e1rio Teixeira tem dinheiro para segurar todo mundo no seu Audax, mas o seu clube, por mais revolucin\u00e1rio que seja, n\u00e3o tem o prest\u00edgio de um Palmeiras, Corinthians, Flamengo&#8230;<\/p>\n<p>Os jogadores, al\u00e9m do dinheiro, querem jogar em times grandes. O Audax ainda n\u00e3o atingiu esse patamar, por mais que o patrono M\u00e1rio Teixeira sonhe que n\u00e3o.<\/p>\n","protected":false},"excerpt":{"rendered":"<p>Palmeiras, Corinthians e outros clubes levam jogadores do time sensa\u00e7\u00e3o de S\u00e3o Paulo. Era inevit\u00e1vel Time pequeno n\u00e3o [&hellip;]<\/p>\n","protected":false},"author":102107496,"featured_media":0,"comment_status":"open","ping_status":"open","sticky":false,"template":"","format":"standard","meta":{"_coblocks_attr":"","_coblocks_dimensions":"","_coblocks_responsive_height":"","_coblocks_accordion_ie_support":"","_jetpack_newsletter_access":"","_jetpack_dont_email_post_to_subs":false,"_jetpack_newsletter_tier_id":0,"_jetpack_memberships_contains_paywalled_content":false,"_wpcom_ai_launchpad_first_post":false,"_jetpack_feature_clip_id":0,"_jetpack_memberships_contains_paid_content":false,"footnotes":"","jetpack_publicize_message":"","jetpack_publicize_feature_enabled":true,"jetpack_social_post_already_shared":false,"jetpack_social_options":{"image_generator_settings":{"template":"highway","default_image_id":0,"font":"","enabled":false},"version":2},"jetpack_post_was_ever_published":false},"categories":[53870],"tags":[177066,789560560,213135218,8328841,387179486,7294505],"class_list":["post-2674","post","type-post","status-publish","format-standard","hentry","category-futebol","tag-corinthians","tag-futebol","tag-osasco-audax","tag-palmeiras-clube","tag-paulistao-2016","tag-tche-tche"],"yoast_head":"<!-- This site is optimized with the Yoast SEO plugin v28.3 - https:\/\/yoast.com\/product\/yoast-seo-wordpress\/ -->\n<title>Audax se desmancha antes da final do Paulist\u00e3o - PR\u00d3SPERI NEWS<\/title>\n<meta name=\"robots\" content=\"index, follow, max-snippet:-1, max-image-preview:large, max-video-preview:-1\" \/>\n<link rel=\"canonical\" href=\"https:\/\/blogdoprosperi.com\/?p=2674\" \/>\n<meta property=\"og:locale\" content=\"pt_BR\" \/>\n<meta property=\"og:type\" content=\"article\" \/>\n<meta property=\"og:title\" content=\"Audax se desmancha antes da final do Paulist\u00e3o - PR\u00d3SPERI NEWS\" \/>\n<meta property=\"og:description\" content=\"Palmeiras, Corinthians e outros clubes levam jogadores do time sensa\u00e7\u00e3o de S\u00e3o Paulo. Era inevit\u00e1vel Time pequeno n\u00e3o [&hellip;]\" \/>\n<meta property=\"og:url\" content=\"https:\/\/blogdoprosperi.com\/?p=2674\" \/>\n<meta property=\"og:site_name\" content=\"PR\u00d3SPERI NEWS\" \/>\n<meta property=\"article:publisher\" content=\"Luiz Pr\u00f3speri\" \/>\n<meta property=\"article:author\" content=\"Luiz Pr\u00f3speri\" \/>\n<meta property=\"article:published_time\" content=\"2016-04-29T20:40:42+00:00\" \/>\n<meta property=\"article:modified_time\" content=\"2016-04-29T20:45:21+00:00\" \/>\n<meta property=\"og:image\" content=\"https:\/\/blogdoprosperi.com\/wp-content\/uploads\/2016\/04\/dsc_0469.jpg\" \/>\n<meta name=\"author\" content=\"Luiz Ant\u00f4nio Pr\u00f3speri\" \/>\n<meta name=\"twitter:card\" content=\"summary_large_image\" \/>\n<meta name=\"twitter:creator\" content=\"@Luizprosperi\" \/>\n<meta name=\"twitter:site\" content=\"@Luizprosperi\" \/>\n<meta name=\"twitter:label1\" content=\"Escrito por\" \/>\n\t<meta name=\"twitter:data1\" content=\"Luiz Ant\u00f4nio Pr\u00f3speri\" \/>\n\t<meta name=\"twitter:label2\" content=\"Est. tempo de leitura\" \/>\n\t<meta name=\"twitter:data2\" content=\"2 minutos\" \/>\n<script type=\"application\/ld+json\" class=\"yoast-schema-graph\">{\"@context\":\"https:\\\/\\\/schema.org\",\"@graph\":[{\"@type\":\"Article\",\"@id\":\"https:\\\/\\\/blogdoprosperi.com\\\/?p=2674#article\",\"isPartOf\":{\"@id\":\"https:\\\/\\\/blogdoprosperi.com\\\/?p=2674\"},\"author\":{\"name\":\"Luiz Ant\u00f4nio Pr\u00f3speri\",\"@id\":\"https:\\\/\\\/blogdoprosperi.com\\\/#\\\/schema\\\/person\\\/38100755ce3601861ee4fab9b5aa78e9\"},\"headline\":\"Audax se desmancha antes da final do Paulist\u00e3o\",\"datePublished\":\"2016-04-29T20:40:42+00:00\",\"dateModified\":\"2016-04-29T20:45:21+00:00\",\"mainEntityOfPage\":{\"@id\":\"https:\\\/\\\/blogdoprosperi.com\\\/?p=2674\"},\"wordCount\":335,\"commentCount\":0,\"publisher\":{\"@id\":\"https:\\\/\\\/blogdoprosperi.com\\\/#\\\/schema\\\/person\\\/38100755ce3601861ee4fab9b5aa78e9\"},\"image\":{\"@id\":\"https:\\\/\\\/blogdoprosperi.com\\\/?p=2674#primaryimage\"},\"thumbnailUrl\":\"https:\\\/\\\/blogdoprosperi.com\\\/wp-content\\\/uploads\\\/2016\\\/04\\\/dsc_0469.jpg\",\"keywords\":[\"Corinthians\",\"futebol\",\"Osasco Audax\",\"Palmeiras Clube\",\"Paulist\u00e3o 2016\",\"Tch\u00ea Tch\u00ea\"],\"articleSection\":[\"futebol\"],\"inLanguage\":\"pt-BR\",\"potentialAction\":[{\"@type\":\"CommentAction\",\"name\":\"Comment\",\"target\":[\"https:\\\/\\\/blogdoprosperi.com\\\/?p=2674#respond\"]}]},{\"@type\":\"WebPage\",\"@id\":\"https:\\\/\\\/blogdoprosperi.com\\\/?p=2674\",\"url\":\"https:\\\/\\\/blogdoprosperi.com\\\/?p=2674\",\"name\":\"Audax se desmancha antes da final do Paulist\u00e3o - PR\u00d3SPERI NEWS\",\"isPartOf\":{\"@id\":\"https:\\\/\\\/blogdoprosperi.com\\\/#website\"},\"primaryImageOfPage\":{\"@id\":\"https:\\\/\\\/blogdoprosperi.com\\\/?p=2674#primaryimage\"},\"image\":{\"@id\":\"https:\\\/\\\/blogdoprosperi.com\\\/?p=2674#primaryimage\"},\"thumbnailUrl\":\"https:\\\/\\\/blogdoprosperi.com\\\/wp-content\\\/uploads\\\/2016\\\/04\\\/dsc_0469.jpg\",\"datePublished\":\"2016-04-29T20:40:42+00:00\",\"dateModified\":\"2016-04-29T20:45:21+00:00\",\"breadcrumb\":{\"@id\":\"https:\\\/\\\/blogdoprosperi.com\\\/?p=2674#breadcrumb\"},\"inLanguage\":\"pt-BR\",\"potentialAction\":[{\"@type\":\"ReadAction\",\"target\":[\"https:\\\/\\\/blogdoprosperi.com\\\/?p=2674\"]}]},{\"@type\":\"ImageObject\",\"inLanguage\":\"pt-BR\",\"@id\":\"https:\\\/\\\/blogdoprosperi.com\\\/?p=2674#primaryimage\",\"url\":\"https:\\\/\\\/i0.wp.com\\\/blogdoprosperi.com\\\/wp-content\\\/uploads\\\/2016\\\/04\\\/dsc_0469.jpg?fit=2561%2C1788&ssl=1\",\"contentUrl\":\"https:\\\/\\\/i0.wp.com\\\/blogdoprosperi.com\\\/wp-content\\\/uploads\\\/2016\\\/04\\\/dsc_0469.jpg?fit=2561%2C1788&ssl=1\",\"width\":2561,\"height\":1788},{\"@type\":\"BreadcrumbList\",\"@id\":\"https:\\\/\\\/blogdoprosperi.com\\\/?p=2674#breadcrumb\",\"itemListElement\":[{\"@type\":\"ListItem\",\"position\":1,\"name\":\"In\u00edcio\",\"item\":\"https:\\\/\\\/blogdoprosperi.com\\\/\"},{\"@type\":\"ListItem\",\"position\":2,\"name\":\"Audax se desmancha antes da final do Paulist\u00e3o\"}]},{\"@type\":\"WebSite\",\"@id\":\"https:\\\/\\\/blogdoprosperi.com\\\/#website\",\"url\":\"https:\\\/\\\/blogdoprosperi.com\\\/\",\"name\":\"PR\u00d3SPERI NEWS\",\"description\":\"TUDO \u00c9  FUTEBOL\",\"publisher\":{\"@id\":\"https:\\\/\\\/blogdoprosperi.com\\\/#\\\/schema\\\/person\\\/38100755ce3601861ee4fab9b5aa78e9\"},\"alternateName\":\"blogdoprosperi.com\",\"potentialAction\":[{\"@type\":\"SearchAction\",\"target\":{\"@type\":\"EntryPoint\",\"urlTemplate\":\"https:\\\/\\\/blogdoprosperi.com\\\/?s={search_term_string}\"},\"query-input\":{\"@type\":\"PropertyValueSpecification\",\"valueRequired\":true,\"valueName\":\"search_term_string\"}}],\"inLanguage\":\"pt-BR\"},{\"@type\":[\"Person\",\"Organization\"],\"@id\":\"https:\\\/\\\/blogdoprosperi.com\\\/#\\\/schema\\\/person\\\/38100755ce3601861ee4fab9b5aa78e9\",\"name\":\"Luiz Ant\u00f4nio Pr\u00f3speri\",\"pronouns\":\"ele\",\"image\":{\"@type\":\"ImageObject\",\"inLanguage\":\"pt-BR\",\"@id\":\"https:\\\/\\\/i0.wp.com\\\/blogdoprosperi.com\\\/wp-content\\\/uploads\\\/2026\\\/05\\\/cropped-8059e613-6002-42fa-961e-8e275f575d71-2-5.jpg?fit=1360%2C931&ssl=1\",\"url\":\"https:\\\/\\\/i0.wp.com\\\/blogdoprosperi.com\\\/wp-content\\\/uploads\\\/2026\\\/05\\\/cropped-8059e613-6002-42fa-961e-8e275f575d71-2-5.jpg?fit=1360%2C931&ssl=1\",\"contentUrl\":\"https:\\\/\\\/i0.wp.com\\\/blogdoprosperi.com\\\/wp-content\\\/uploads\\\/2026\\\/05\\\/cropped-8059e613-6002-42fa-961e-8e275f575d71-2-5.jpg?fit=1360%2C931&ssl=1\",\"width\":1360,\"height\":931,\"caption\":\"Luiz Ant\u00f4nio Pr\u00f3speri\"},\"logo\":{\"@id\":\"https:\\\/\\\/i0.wp.com\\\/blogdoprosperi.com\\\/wp-content\\\/uploads\\\/2026\\\/05\\\/cropped-8059e613-6002-42fa-961e-8e275f575d71-2-5.jpg?fit=1360%2C931&ssl=1\"},\"description\":\"Jornalista com carreira dedicada ao esporte. Cobriu 9 Copas do Mundo in loco, 1990 na It\u00e1lia, 1994 nos EUA, 1998 na Fran\u00e7a, 2002 na Coreia do Sul e Jap\u00e3o, 2006 na Alemanha, 2010 na \u00c1frica do Sul, 2014 no Brasil, 2018 na R\u00fassia e 2022 no Qatar. Eurocopas, 1992 na Su\u00e9cia e 1996 na Inglaterra. Copa das Confedera\u00e7\u00f5es de 2005 na Alemanha e 2009 na \u00c1frica do Sul. Rep\u00f3rter e Editor, trabalhou no Jornal da Tarde e Estad\u00e3o, de 1984 a fevereiro de 2016. Colunista, blogueiro. E comentarista de futebol na R\u00e1dio Estad\u00e3o, de 2013 a fevereiro de 2016. Jornalista respons\u00e1vel do \\\"Pr\u00f3speri News\\\" (blogdoprosperi.com).\",\"sameAs\":[\"http:\\\/\\\/blogdoprosperi.com\",\"Luiz Pr\u00f3speri\",\"@luiz_prosperi\",\"https:\\\/\\\/x.com\\\/Luizprosperi\",\"@prosperinacopa\",\"luiz.prosperi@icloud.com\"],\"url\":\"https:\\\/\\\/blogdoprosperi.com\\\/?author=102107496\"}]}<\/script>\n<!-- \/ Yoast SEO plugin. -->","yoast_head_json":{"title":"Audax se desmancha antes da final do Paulist\u00e3o - PR\u00d3SPERI NEWS","robots":{"index":"index","follow":"follow","max-snippet":"max-snippet:-1","max-image-preview":"max-image-preview:large","max-video-preview":"max-video-preview:-1"},"canonical":"https:\/\/blogdoprosperi.com\/?p=2674","og_locale":"pt_BR","og_type":"article","og_title":"Audax se desmancha antes da final do Paulist\u00e3o - PR\u00d3SPERI NEWS","og_description":"Palmeiras, Corinthians e outros clubes levam jogadores do time sensa\u00e7\u00e3o de S\u00e3o Paulo. Era inevit\u00e1vel Time pequeno n\u00e3o [&hellip;]","og_url":"https:\/\/blogdoprosperi.com\/?p=2674","og_site_name":"PR\u00d3SPERI NEWS","article_publisher":"Luiz Pr\u00f3speri","article_author":"Luiz Pr\u00f3speri","article_published_time":"2016-04-29T20:40:42+00:00","article_modified_time":"2016-04-29T20:45:21+00:00","og_image":[{"url":"https:\/\/blogdoprosperi.com\/wp-content\/uploads\/2016\/04\/dsc_0469.jpg","type":"","width":"","height":""}],"author":"Luiz Ant\u00f4nio Pr\u00f3speri","twitter_card":"summary_large_image","twitter_creator":"@Luizprosperi","twitter_site":"@Luizprosperi","twitter_misc":{"Escrito por":"Luiz Ant\u00f4nio Pr\u00f3speri","Est. tempo de leitura":"2 minutos"},"schema":{"@context":"https:\/\/schema.org","@graph":[{"@type":"Article","@id":"https:\/\/blogdoprosperi.com\/?p=2674#article","isPartOf":{"@id":"https:\/\/blogdoprosperi.com\/?p=2674"},"author":{"name":"Luiz Ant\u00f4nio Pr\u00f3speri","@id":"https:\/\/blogdoprosperi.com\/#\/schema\/person\/38100755ce3601861ee4fab9b5aa78e9"},"headline":"Audax se desmancha antes da final do Paulist\u00e3o","datePublished":"2016-04-29T20:40:42+00:00","dateModified":"2016-04-29T20:45:21+00:00","mainEntityOfPage":{"@id":"https:\/\/blogdoprosperi.com\/?p=2674"},"wordCount":335,"commentCount":0,"publisher":{"@id":"https:\/\/blogdoprosperi.com\/#\/schema\/person\/38100755ce3601861ee4fab9b5aa78e9"},"image":{"@id":"https:\/\/blogdoprosperi.com\/?p=2674#primaryimage"},"thumbnailUrl":"https:\/\/blogdoprosperi.com\/wp-content\/uploads\/2016\/04\/dsc_0469.jpg","keywords":["Corinthians","futebol","Osasco Audax","Palmeiras Clube","Paulist\u00e3o 2016","Tch\u00ea Tch\u00ea"],"articleSection":["futebol"],"inLanguage":"pt-BR","potentialAction":[{"@type":"CommentAction","name":"Comment","target":["https:\/\/blogdoprosperi.com\/?p=2674#respond"]}]},{"@type":"WebPage","@id":"https:\/\/blogdoprosperi.com\/?p=2674","url":"https:\/\/blogdoprosperi.com\/?p=2674","name":"Audax se desmancha antes da final do Paulist\u00e3o - PR\u00d3SPERI NEWS","isPartOf":{"@id":"https:\/\/blogdoprosperi.com\/#website"},"primaryImageOfPage":{"@id":"https:\/\/blogdoprosperi.com\/?p=2674#primaryimage"},"image":{"@id":"https:\/\/blogdoprosperi.com\/?p=2674#primaryimage"},"thumbnailUrl":"https:\/\/blogdoprosperi.com\/wp-content\/uploads\/2016\/04\/dsc_0469.jpg","datePublished":"2016-04-29T20:40:42+00:00","dateModified":"2016-04-29T20:45:21+00:00","breadcrumb":{"@id":"https:\/\/blogdoprosperi.com\/?p=2674#breadcrumb"},"inLanguage":"pt-BR","potentialAction":[{"@type":"ReadAction","target":["https:\/\/blogdoprosperi.com\/?p=2674"]}]},{"@type":"ImageObject","inLanguage":"pt-BR","@id":"https:\/\/blogdoprosperi.com\/?p=2674#primaryimage","url":"https:\/\/i0.wp.com\/blogdoprosperi.com\/wp-content\/uploads\/2016\/04\/dsc_0469.jpg?fit=2561%2C1788&ssl=1","contentUrl":"https:\/\/i0.wp.com\/blogdoprosperi.com\/wp-content\/uploads\/2016\/04\/dsc_0469.jpg?fit=2561%2C1788&ssl=1","width":2561,"height":1788},{"@type":"BreadcrumbList","@id":"https:\/\/blogdoprosperi.com\/?p=2674#breadcrumb","itemListElement":[{"@type":"ListItem","position":1,"name":"In\u00edcio","item":"https:\/\/blogdoprosperi.com\/"},{"@type":"ListItem","position":2,"name":"Audax se desmancha antes da final do Paulist\u00e3o"}]},{"@type":"WebSite","@id":"https:\/\/blogdoprosperi.com\/#website","url":"https:\/\/blogdoprosperi.com\/","name":"PR\u00d3SPERI NEWS","description":"TUDO \u00c9  FUTEBOL","publisher":{"@id":"https:\/\/blogdoprosperi.com\/#\/schema\/person\/38100755ce3601861ee4fab9b5aa78e9"},"alternateName":"blogdoprosperi.com","potentialAction":[{"@type":"SearchAction","target":{"@type":"EntryPoint","urlTemplate":"https:\/\/blogdoprosperi.com\/?s={search_term_string}"},"query-input":{"@type":"PropertyValueSpecification","valueRequired":true,"valueName":"search_term_string"}}],"inLanguage":"pt-BR"},{"@type":["Person","Organization"],"@id":"https:\/\/blogdoprosperi.com\/#\/schema\/person\/38100755ce3601861ee4fab9b5aa78e9","name":"Luiz Ant\u00f4nio Pr\u00f3speri","pronouns":"ele","image":{"@type":"ImageObject","inLanguage":"pt-BR","@id":"https:\/\/i0.wp.com\/blogdoprosperi.com\/wp-content\/uploads\/2026\/05\/cropped-8059e613-6002-42fa-961e-8e275f575d71-2-5.jpg?fit=1360%2C931&ssl=1","url":"https:\/\/i0.wp.com\/blogdoprosperi.com\/wp-content\/uploads\/2026\/05\/cropped-8059e613-6002-42fa-961e-8e275f575d71-2-5.jpg?fit=1360%2C931&ssl=1","contentUrl":"https:\/\/i0.wp.com\/blogdoprosperi.com\/wp-content\/uploads\/2026\/05\/cropped-8059e613-6002-42fa-961e-8e275f575d71-2-5.jpg?fit=1360%2C931&ssl=1","width":1360,"height":931,"caption":"Luiz Ant\u00f4nio Pr\u00f3speri"},"logo":{"@id":"https:\/\/i0.wp.com\/blogdoprosperi.com\/wp-content\/uploads\/2026\/05\/cropped-8059e613-6002-42fa-961e-8e275f575d71-2-5.jpg?fit=1360%2C931&ssl=1"},"description":"Jornalista com carreira dedicada ao esporte. Cobriu 9 Copas do Mundo in loco, 1990 na It\u00e1lia, 1994 nos EUA, 1998 na Fran\u00e7a, 2002 na Coreia do Sul e Jap\u00e3o, 2006 na Alemanha, 2010 na \u00c1frica do Sul, 2014 no Brasil, 2018 na R\u00fassia e 2022 no Qatar. Eurocopas, 1992 na Su\u00e9cia e 1996 na Inglaterra. Copa das Confedera\u00e7\u00f5es de 2005 na Alemanha e 2009 na \u00c1frica do Sul. Rep\u00f3rter e Editor, trabalhou no Jornal da Tarde e Estad\u00e3o, de 1984 a fevereiro de 2016. Colunista, blogueiro. E comentarista de futebol na R\u00e1dio Estad\u00e3o, de 2013 a fevereiro de 2016. Jornalista respons\u00e1vel do \"Pr\u00f3speri News\" (blogdoprosperi.com).","sameAs":["http:\/\/blogdoprosperi.com","Luiz Pr\u00f3speri","@luiz_prosperi","https:\/\/x.com\/Luizprosperi","@prosperinacopa","luiz.prosperi@icloud.com"],"url":"https:\/\/blogdoprosperi.com\/?author=102107496"}]}},"jetpack_publicize_connections":[],"jetpack_likes_enabled":false,"jetpack_sharing_enabled":true,"jetpack_shortlink":"https:\/\/wp.me\/p7jvdk-H8","jetpack-related-posts":[{"id":2900,"url":"https:\/\/blogdoprosperi.com\/?p=2900","url_meta":{"origin":2674,"position":0},"title":"Santos n\u00e3o \u00e9 favorito na Vila e vai sofrer diante do Audax","author":"Luiz Ant\u00f4nio Pr\u00f3speri","date":"1 de maio de 2016","format":false,"excerpt":"\u00a0 O Santos n\u00e3o \u00e9 favorito contra o Audax no jogo de volta da final do Paulist\u00e3o 2016, no pr\u00f3ximo domingo, na Vila Belmiro. Imbat\u00edvel na sua casa h\u00e1 um bom tempo, o time de Dorival J\u00fanior sabe que o advers\u00e1rio n\u00e3o \u00e9 de se intimidar contra os grandes. Nem\u2026","rel":"","context":"Em &quot;futebol&quot;","block_context":{"text":"futebol","link":"https:\/\/blogdoprosperi.com\/?cat=53870"},"img":{"alt_text":"","src":"https:\/\/i0.wp.com\/blogdoprosperi.com\/wp-content\/uploads\/2016\/05\/pro5-7.jpg?resize=350%2C200&ssl=1","width":350,"height":200,"srcset":"https:\/\/i0.wp.com\/blogdoprosperi.com\/wp-content\/uploads\/2016\/05\/pro5-7.jpg?resize=350%2C200&ssl=1 1x, https:\/\/i0.wp.com\/blogdoprosperi.com\/wp-content\/uploads\/2016\/05\/pro5-7.jpg?resize=525%2C300&ssl=1 1.5x, https:\/\/i0.wp.com\/blogdoprosperi.com\/wp-content\/uploads\/2016\/05\/pro5-7.jpg?resize=700%2C400&ssl=1 2x, https:\/\/i0.wp.com\/blogdoprosperi.com\/wp-content\/uploads\/2016\/05\/pro5-7.jpg?resize=1050%2C600&ssl=1 3x, https:\/\/i0.wp.com\/blogdoprosperi.com\/wp-content\/uploads\/2016\/05\/pro5-7.jpg?resize=1400%2C800&ssl=1 4x"},"classes":[]},{"id":2275,"url":"https:\/\/blogdoprosperi.com\/?p=2275","url_meta":{"origin":2674,"position":1},"title":"Tite cai em mais uma decis\u00e3o importante no Itaquer\u00e3o","author":"Luiz Ant\u00f4nio Pr\u00f3speri","date":"24 de abril de 2016","format":false,"excerpt":"Aclamado melhor treinador do Brasil, t\u00e9cnico do Corinthians sai eliminado em casa mais uma vez e se rende ao esquema do inovador Fernando Diniz, do Audax Tite n\u00e3o consegue superar os jogos importantes de mata-mata no Itaquer\u00e3o. Diante do Osasco Audax, valendo vaga na final do Campeonato Paulista 2016, o\u2026","rel":"","context":"Em &quot;futebol&quot;","block_context":{"text":"futebol","link":"https:\/\/blogdoprosperi.com\/?cat=53870"},"img":{"alt_text":"","src":"https:\/\/i0.wp.com\/blogdoprosperi.com\/wp-content\/uploads\/2016\/04\/dsc_0469.jpg?resize=350%2C200&ssl=1","width":350,"height":200,"srcset":"https:\/\/i0.wp.com\/blogdoprosperi.com\/wp-content\/uploads\/2016\/04\/dsc_0469.jpg?resize=350%2C200&ssl=1 1x, https:\/\/i0.wp.com\/blogdoprosperi.com\/wp-content\/uploads\/2016\/04\/dsc_0469.jpg?resize=525%2C300&ssl=1 1.5x, https:\/\/i0.wp.com\/blogdoprosperi.com\/wp-content\/uploads\/2016\/04\/dsc_0469.jpg?resize=700%2C400&ssl=1 2x, https:\/\/i0.wp.com\/blogdoprosperi.com\/wp-content\/uploads\/2016\/04\/dsc_0469.jpg?resize=1050%2C600&ssl=1 3x, https:\/\/i0.wp.com\/blogdoprosperi.com\/wp-content\/uploads\/2016\/04\/dsc_0469.jpg?resize=1400%2C800&ssl=1 4x"},"classes":[]},{"id":34969,"url":"https:\/\/blogdoprosperi.com\/?p=34969","url_meta":{"origin":2674,"position":2},"title":"Santos impressiona, Palmeiras e Corinthians n\u00e3o encantam e S\u00e3o Paulo patina na estreia","author":"Luiz Ant\u00f4nio Pr\u00f3speri","date":"6 de fevereiro de 2017","format":false,"excerpt":"Rodada de abertura do Paulist\u00e3o 2017 deixa claro a disparidade entre as quatro grandes for\u00e7as do campeonato. Santos se imp\u00f4s com uma arrojada nova proposta de jogo. Palmeiras lutou muito para vencer em casa. Corinthians deu um passo como se n\u00e3o tivesse sa\u00eddo do lugar. E o S\u00e3o Paulo\u2026. Rog\u00e9rio\u2026","rel":"","context":"Em &quot;futebol&quot;","block_context":{"text":"futebol","link":"https:\/\/blogdoprosperi.com\/?cat=53870"},"img":{"alt_text":"32571089791_bf779395d6_z","src":"https:\/\/i0.wp.com\/www.chuteirafc.com.br\/wp-content\/uploads\/2017\/02\/32571089791_bf779395d6_z.jpg?resize=350%2C200","width":350,"height":200,"srcset":"https:\/\/i0.wp.com\/www.chuteirafc.com.br\/wp-content\/uploads\/2017\/02\/32571089791_bf779395d6_z.jpg?resize=350%2C200 1x, https:\/\/i0.wp.com\/www.chuteirafc.com.br\/wp-content\/uploads\/2017\/02\/32571089791_bf779395d6_z.jpg?resize=525%2C300 1.5x"},"classes":[]},{"id":32107,"url":"https:\/\/blogdoprosperi.com\/?p=32107","url_meta":{"origin":2674,"position":3},"title":"Tch\u00ea Tch\u00ea, aquele gigante pequenininho","author":"Luiz Ant\u00f4nio Pr\u00f3speri","date":"15 de novembro de 2016","format":false,"excerpt":"Personagens do Brasileir\u00e3o 2016 - perfil (3) Meio-campista pulou do Audax ao Palmeiras, n\u00e3o se intimidou e n\u00e3o chama aten\u00e7\u00e3o dos catedr\u00e1ticos do futebol. Azar deles Tch\u00ea Tch\u00ea chama-se Danilo. Nesse neg\u00f3cio de futebol globalizado, em que jogadores t\u00eam de ter nome e sobrenome ou dois nomes, esse sujeitinho, com\u2026","rel":"","context":"Em &quot;Campeonato Brasileiro&quot;","block_context":{"text":"Campeonato Brasileiro","link":"https:\/\/blogdoprosperi.com\/?cat=355071"},"img":{"alt_text":"S\u00c3O PAULO 23\/10\/2016 PALMEIRAS X SPORT RECIFE CAMPEONATO BRASILEIRO  2016","src":"https:\/\/i0.wp.com\/blogdoprosperi.com\/wp-content\/uploads\/2016\/10\/pro1-171.jpg?resize=350%2C200&ssl=1","width":350,"height":200,"srcset":"https:\/\/i0.wp.com\/blogdoprosperi.com\/wp-content\/uploads\/2016\/10\/pro1-171.jpg?resize=350%2C200&ssl=1 1x, https:\/\/i0.wp.com\/blogdoprosperi.com\/wp-content\/uploads\/2016\/10\/pro1-171.jpg?resize=525%2C300&ssl=1 1.5x, https:\/\/i0.wp.com\/blogdoprosperi.com\/wp-content\/uploads\/2016\/10\/pro1-171.jpg?resize=700%2C400&ssl=1 2x, https:\/\/i0.wp.com\/blogdoprosperi.com\/wp-content\/uploads\/2016\/10\/pro1-171.jpg?resize=1050%2C600&ssl=1 3x, https:\/\/i0.wp.com\/blogdoprosperi.com\/wp-content\/uploads\/2016\/10\/pro1-171.jpg?resize=1400%2C800&ssl=1 4x"},"classes":[]},{"id":4584,"url":"https:\/\/blogdoprosperi.com\/?p=4584","url_meta":{"origin":2674,"position":4},"title":"Cinco an\u00e1lises de futebol para voc\u00ea ler nesta segunda-feira (09\/5) ao despertar","author":"Luiz Ant\u00f4nio Pr\u00f3speri","date":"9 de maio de 2016","format":false,"excerpt":"Entramos na semana do in\u00edcio do Campeonato Brasileiro com o fim dos Estaduais. Nesta segunda-feira, vale ainda um balan\u00e7o dos campe\u00f5es do domingo, os efeitos negativos e positivos nos clubes e como Santos e Audax v\u00e3o se virar ap\u00f3s a decis\u00e3o do Paulist\u00e3o-2016. Gostaria de lembrar o caro e raro\u2026","rel":"","context":"Em &quot;futebol&quot;","block_context":{"text":"futebol","link":"https:\/\/blogdoprosperi.com\/?cat=53870"},"img":{"alt_text":"","src":"https:\/\/i0.wp.com\/blogdoprosperi.com\/wp-content\/uploads\/2016\/05\/santos.jpg?resize=350%2C200&ssl=1","width":350,"height":200,"srcset":"https:\/\/i0.wp.com\/blogdoprosperi.com\/wp-content\/uploads\/2016\/05\/santos.jpg?resize=350%2C200&ssl=1 1x, https:\/\/i0.wp.com\/blogdoprosperi.com\/wp-content\/uploads\/2016\/05\/santos.jpg?resize=525%2C300&ssl=1 1.5x"},"classes":[]},{"id":4492,"url":"https:\/\/blogdoprosperi.com\/?p=4492","url_meta":{"origin":2674,"position":5},"title":"Santos estende seu reinado no futebol paulista e o corajoso Audax vai virar p\u00f3","author":"Luiz Ant\u00f4nio Pr\u00f3speri","date":"8 de maio de 2016","format":false,"excerpt":"O Santos chegou ao seu 22.\u00ba t\u00edtulo paulista jogando como um time pequeno contra o modesto, mas corajoso, Osasco Audax ao vencer por 1 a 0 na Vila Belmiro neste domingo. Diante de um advers\u00e1rio que gosta de grudar a bola no p\u00e9, jogou na retranca desde os 25 minutos\u2026","rel":"","context":"Em &quot;futebol&quot;","block_context":{"text":"futebol","link":"https:\/\/blogdoprosperi.com\/?cat=53870"},"img":{"alt_text":"","src":"https:\/\/i0.wp.com\/blogdoprosperi.com\/wp-content\/uploads\/2016\/05\/gol_ricardo_oliveira_santos_audax.jpg?resize=350%2C200&ssl=1","width":350,"height":200,"srcset":"https:\/\/i0.wp.com\/blogdoprosperi.com\/wp-content\/uploads\/2016\/05\/gol_ricardo_oliveira_santos_audax.jpg?resize=350%2C200&ssl=1 1x, https:\/\/i0.wp.com\/blogdoprosperi.com\/wp-content\/uploads\/2016\/05\/gol_ricardo_oliveira_santos_audax.jpg?resize=525%2C300&ssl=1 1.5x"},"classes":[]}],"jetpack_featured_media_url":"","_links":{"self":[{"href":"https:\/\/blogdoprosperi.com\/index.php?rest_route=\/wp\/v2\/posts\/2674","targetHints":{"allow":["GET"]}}],"collection":[{"href":"https:\/\/blogdoprosperi.com\/index.php?rest_route=\/wp\/v2\/posts"}],"about":[{"href":"https:\/\/blogdoprosperi.com\/index.php?rest_route=\/wp\/v2\/types\/post"}],"author":[{"embeddable":true,"href":"https:\/\/blogdoprosperi.com\/index.php?rest_route=\/wp\/v2\/users\/102107496"}],"replies":[{"embeddable":true,"href":"https:\/\/blogdoprosperi.com\/index.php?rest_route=%2Fwp%2Fv2%2Fcomments&post=2674"}],"version-history":[{"count":25,"href":"https:\/\/blogdoprosperi.com\/index.php?rest_route=\/wp\/v2\/posts\/2674\/revisions"}],"predecessor-version":[{"id":2718,"href":"https:\/\/blogdoprosperi.com\/index.php?rest_route=\/wp\/v2\/posts\/2674\/revisions\/2718"}],"wp:attachment":[{"href":"https:\/\/blogdoprosperi.com\/index.php?rest_route=%2Fwp%2Fv2%2Fmedia&parent=2674"}],"wp:term":[{"taxonomy":"category","embeddable":true,"href":"https:\/\/blogdoprosperi.com\/index.php?rest_route=%2Fwp%2Fv2%2Fcategories&post=2674"},{"taxonomy":"post_tag","embeddable":true,"href":"https:\/\/blogdoprosperi.com\/index.php?rest_route=%2Fwp%2Fv2%2Ftags&post=2674"}],"curies":[{"name":"wp","href":"https:\/\/api.w.org\/{rel}","templated":true}]}}