{"id":26742,"date":"2016-09-28T21:44:36","date_gmt":"2016-09-29T00:44:36","guid":{"rendered":"http:\/\/blogdoprosperi.com\/?p=26742"},"modified":"2016-09-28T21:49:45","modified_gmt":"2016-09-29T00:49:45","slug":"santos-continua-sem-convencer-sua-torcida-mesmo-com-vitoria-diante-do-internacional-na-vila","status":"publish","type":"post","link":"https:\/\/blogdoprosperi.com\/?p=26742","title":{"rendered":"Santos continua sem convencer sua torcida, mesmo com vit\u00f3ria diante do Internacional na Vila"},"content":{"rendered":"<p><span class=\"alignnone\"><img data-recalc-dims=\"1\" loading=\"lazy\" decoding=\"async\" data-attachment-id=\"26824\" data-permalink=\"https:\/\/blogdoprosperi.com\/?attachment_id=26824\" data-orig-file=\"https:\/\/i0.wp.com\/blogdoprosperi.com\/wp-content\/uploads\/2016\/09\/rfd_1422.jpg?fit=640%2C360&amp;ssl=1\" data-orig-size=\"640,360\" data-comments-opened=\"1\" data-image-meta=\"{&quot;aperture&quot;:&quot;0&quot;,&quot;credit&quot;:&quot;&quot;,&quot;camera&quot;:&quot;&quot;,&quot;caption&quot;:&quot;&quot;,&quot;created_timestamp&quot;:&quot;0&quot;,&quot;copyright&quot;:&quot;&quot;,&quot;focal_length&quot;:&quot;0&quot;,&quot;iso&quot;:&quot;0&quot;,&quot;shutter_speed&quot;:&quot;0&quot;,&quot;title&quot;:&quot;&quot;,&quot;orientation&quot;:&quot;0&quot;}\" data-image-title=\"rfd_1422\" data-image-description=\"\" data-image-caption=\"\" data-large-file=\"https:\/\/i0.wp.com\/blogdoprosperi.com\/wp-content\/uploads\/2016\/09\/rfd_1422.jpg?fit=640%2C360&amp;ssl=1\" class=\"alignnone size-full wp-image-26824\" src=\"https:\/\/i0.wp.com\/blogdoprosperi.com\/wp-content\/uploads\/2016\/09\/rfd_1422.jpg?resize=640%2C360&#038;ssl=1\" alt=\"rfd_1422\" width=\"640\" height=\"360\" \/><\/span><\/p>\n<p>Santos n\u00e3o convence e sai vaiado por pouco mais de sies mil torcedores na Vila Belmiro ao derrotar o Internacional por 2 a 1, na abertura das quartas de final da Copa do Brasil. As vaias traduzem o fraco futebol do time de Dorival J\u00fanior, incapaz de vencer com boa margem de gol um advers\u00e1rio estrangulado e sem horizonte. No jogo da volta, em outubro no Sul, se classifica at\u00e9 com um empate. O Inter precisa de uma vit\u00f3ria de no m\u00ednimo por 1 a 0 para avan\u00e7ar \u00e0s semifinais.\u00a0<!--more--><\/p>\n<blockquote><p>&#8220;A situa\u00e7\u00e3o est\u00e1 uma m&#8230; N\u00e3o aproveitamos duas, tr\u00eas chances claras no primeiro tempo. No segundo, sab\u00edamos que os 15 minutos seriam fatais, sofremos os gols. Lament\u00e1vel. Menos pior que a derrota foi por 2 a 1. Est\u00e1 tudo muito dif\u00edcil&#8221;, disse Seijas, meia do Inter.<\/p>\n<p>&#8220;N\u00e3o quer\u00edamos levar o gol. O importante \u00e9 que vencemos e vamos com vantagem no jogo no Beira-Rio&#8221;, disse Lucas Lima<\/p><\/blockquote>\n<p>Primeiro tempo do Santos n\u00e3o teve nada de proveitoso. Criou pouco, n\u00e3o se desamarrou da marca\u00e7\u00e3o do Inter e, quando construiu jogadas de ataque, finalizou muito mal ao gol de Danilo Fernandes. Futebol pobre, sem ideias.<\/p>\n<p>Neste cen\u00e1rio sem luz, Lucas Lima quis ser o dono do jogo, mas errou a maioria das tentativas de servir seus companheiros na linha de frente.<\/p>\n<p>Internacional tamb\u00e9m n\u00e3o apareceu. Assustado diante da complicada situa\u00e7\u00e3o no Brasileir\u00e3o, transferiu seu drama \u00e0 Copa do Brasil. Time improvisado com uma cole\u00e7\u00e3o de reservas, viveu no limite da marca\u00e7\u00e3o e raros e mal executados contra-ataques. Pouco.<\/p>\n<p>O enredo mudou por completo no segundo tempo. Logo aos 3 minutos, em boa trama de Lucas Lima com Zeca, Copete escorou cruzamento rasteiro do lateral e fez o primeiro gol santista. Sete minutos depois, em investida pelo setor direito, agora com Victor Ferraz e Lucas Lima, a bola chegou f\u00e1cil para Rodrig\u00e3o disparar e marcar o segundo gol.<\/p>\n<p><span class=\"alignnone\"><img data-recalc-dims=\"1\" loading=\"lazy\" decoding=\"async\" data-attachment-id=\"26827\" data-permalink=\"https:\/\/blogdoprosperi.com\/?attachment_id=26827\" data-orig-file=\"https:\/\/i0.wp.com\/blogdoprosperi.com\/wp-content\/uploads\/2016\/09\/622_d2361929-f01d-35df-8a22-cbc805b94b2b.jpg?fit=622%2C350&amp;ssl=1\" data-orig-size=\"622,350\" data-comments-opened=\"1\" data-image-meta=\"{&quot;aperture&quot;:&quot;0&quot;,&quot;credit&quot;:&quot;&quot;,&quot;camera&quot;:&quot;&quot;,&quot;caption&quot;:&quot;&quot;,&quot;created_timestamp&quot;:&quot;0&quot;,&quot;copyright&quot;:&quot;&quot;,&quot;focal_length&quot;:&quot;0&quot;,&quot;iso&quot;:&quot;0&quot;,&quot;shutter_speed&quot;:&quot;0&quot;,&quot;title&quot;:&quot;&quot;,&quot;orientation&quot;:&quot;0&quot;}\" data-image-title=\"622_d2361929-f01d-35df-8a22-cbc805b94b2b\" data-image-description=\"\" data-image-caption=\"\" data-large-file=\"https:\/\/i0.wp.com\/blogdoprosperi.com\/wp-content\/uploads\/2016\/09\/622_d2361929-f01d-35df-8a22-cbc805b94b2b.jpg?fit=622%2C350&amp;ssl=1\" class=\"alignnone size-full wp-image-26827\" src=\"https:\/\/i0.wp.com\/blogdoprosperi.com\/wp-content\/uploads\/2016\/09\/622_d2361929-f01d-35df-8a22-cbc805b94b2b.jpg?resize=622%2C350&#038;ssl=1\" alt=\"622_d2361929-f01d-35df-8a22-cbc805b94b2b\" width=\"622\" height=\"350\" \/><\/span><\/p>\n<p>Mesmo em desvantagem, com dois gols nas costas, o Inter n\u00e3o saiu de seu terreno. N\u00e3o tinha repert\u00f3rio e muito menos gente de cabe\u00e7a arejada para mudar o curso do rio.<\/p>\n<p>Mas o improv\u00e1vel ajudou o time ga\u00facho. Marquinhos, com c\u00e2imbras, deu seu lugar a Vitinho. O time passou a ter mais op\u00e7\u00f5es ofensivas. E, numa arrancada, o zagueiro Ernando conseguiu uma falta. Vitinho bateu e Seijas, de letra, descontou para o Inter, aos 27. Gol importante para o jogo de volta no Beira-Rio.<\/p>\n<p>Roth tratou de trancar ainda mais o port\u00e3o e trocou o atacante Nico L\u00f3pez pelo volante Rodrigo Dourado. Estava satisfeit\u00edssimo com a derrota por 2 a 1.<\/p>\n<p>Cabia ao Santos se reinventar em busca de mais gols, ampliar vantagem. O problema \u00e9 que havia perdido a conex\u00e3o entre o meio e o ataque. Muita pressa, nenhuma intelig\u00eancia na transi\u00e7\u00e3o.<\/p>\n<p>Lucas Lima desapareceu. Victor Ferraz e Zeca se sucumbiram \u00e0 marca\u00e7\u00e3o. Renato e Thiago Maia n\u00e3o conduziam a bola at\u00e9 o ataque. Dorival J\u00fanior ainda mudou o ataque com Paulinho e Joel nos lugares de Vecchio e Rodrig\u00e3o. Nada feito.<\/p>\n<p>No fim das contas, venceu por diferen\u00e7a m\u00ednima e deixou o derrotado Inter vivo na Copa do Brasil. A torcida santista, n\u00e3o mais que seis mil torcedores na Vila, mostrou sua insatisfa\u00e7\u00e3o com vaias moderadas.<\/p>\n<p><strong>FICHA DO JOGO<\/strong><\/p>\n<p><strong>Santos 2 x 1 Internacional<\/strong><\/p>\n<p><strong>Gols<\/strong>: Copete, aos 3; Rodrig\u00e3o, aos 10; Siejas, aos 27 do segundo tempo<\/p>\n<p><strong>Santos:<\/strong> Vanderlei, Victor Ferraz, Luiz Felipe, David Bras e Zeca; Thiago Maia (Rafael Longuine), Renato e Lucas Lima; \u00a0Vecchio (Paulinho), Rodrig\u00e3o (Joel) e Copete. <strong>T\u00e9cnico:<\/strong> Dorival J\u00fanior<\/p>\n<p><strong>Internacional:<\/strong> Danilo Fernandes, Fabinho, Eduardo Gabriel, Ernando e Arthur; Eduardo Henrique, Fernando Bob, Marquinhos (Vitinho), Valdivia e Seijas (Cear\u00e1); Nico L\u00f3pez (Rodrigo Dourado). <strong>T\u00e9cnico:<\/strong> Celso Roth.<\/p>\n<p><strong>Cart\u00f5es amarelos:<\/strong> Arthur, Fernando Bob, Paulinho.<br \/>\n<strong>Renda<\/strong>: R$ 239.880,00.<br \/>\n<strong>P\u00fablico:<\/strong> 6.592 pagantes<br \/>\n<strong>Local:<\/strong> Vila Belmiro<\/p>\n","protected":false},"excerpt":{"rendered":"<p>Santos n\u00e3o convence e sai vaiado por pouco mais de sies mil torcedores na Vila Belmiro ao derrotar [&hellip;]<\/p>\n","protected":false},"author":102107496,"featured_media":0,"comment_status":"open","ping_status":"open","sticky":false,"template":"","format":"standard","meta":{"_coblocks_attr":"","_coblocks_dimensions":"","_coblocks_responsive_height":"","_coblocks_accordion_ie_support":"","_jetpack_newsletter_access":"","_jetpack_dont_email_post_to_subs":false,"_jetpack_newsletter_tier_id":0,"_jetpack_memberships_contains_paywalled_content":false,"_wpcom_ai_launchpad_first_post":false,"_jetpack_feature_clip_id":0,"_jetpack_memberships_contains_paid_content":false,"footnotes":"","jetpack_publicize_message":"","jetpack_publicize_feature_enabled":true,"jetpack_social_post_already_shared":false,"jetpack_social_options":{"image_generator_settings":{"template":"highway","default_image_id":0,"font":"","enabled":false},"version":2},"jetpack_post_was_ever_published":false},"categories":[53870],"tags":[789560570,789560560,1781644,2588859,2561606],"class_list":["post-26742","post","type-post","status-publish","format-standard","hentry","category-futebol","tag-copa-do-brasil","tag-futebol","tag-internacional-rs","tag-santos-fc","tag-vila-belmiro"],"yoast_head":"<!-- This site is optimized with the Yoast SEO plugin v28.3 - https:\/\/yoast.com\/product\/yoast-seo-wordpress\/ -->\n<title>Santos continua sem convencer sua torcida, mesmo com vit\u00f3ria diante do Internacional na Vila - PR\u00d3SPERI NEWS<\/title>\n<meta name=\"robots\" content=\"index, follow, max-snippet:-1, max-image-preview:large, max-video-preview:-1\" \/>\n<link rel=\"canonical\" href=\"https:\/\/blogdoprosperi.com\/?p=26742\" \/>\n<meta property=\"og:locale\" content=\"pt_BR\" \/>\n<meta property=\"og:type\" content=\"article\" \/>\n<meta property=\"og:title\" content=\"Santos continua sem convencer sua torcida, mesmo com vit\u00f3ria diante do Internacional na Vila - PR\u00d3SPERI NEWS\" \/>\n<meta property=\"og:description\" content=\"Santos n\u00e3o convence e sai vaiado por pouco mais de sies mil torcedores na Vila Belmiro ao derrotar [&hellip;]\" \/>\n<meta property=\"og:url\" content=\"https:\/\/blogdoprosperi.com\/?p=26742\" \/>\n<meta property=\"og:site_name\" content=\"PR\u00d3SPERI NEWS\" \/>\n<meta property=\"article:publisher\" content=\"Luiz Pr\u00f3speri\" \/>\n<meta property=\"article:author\" content=\"Luiz Pr\u00f3speri\" \/>\n<meta property=\"article:published_time\" content=\"2016-09-29T00:44:36+00:00\" \/>\n<meta property=\"article:modified_time\" content=\"2016-09-29T00:49:45+00:00\" \/>\n<meta property=\"og:image\" content=\"https:\/\/blogdoprosperi.com\/wp-content\/uploads\/2016\/09\/rfd_1422.jpg\" \/>\n<meta name=\"author\" content=\"Luiz Ant\u00f4nio Pr\u00f3speri\" \/>\n<meta name=\"twitter:card\" content=\"summary_large_image\" \/>\n<meta name=\"twitter:creator\" content=\"@Luizprosperi\" \/>\n<meta name=\"twitter:site\" content=\"@Luizprosperi\" \/>\n<meta name=\"twitter:label1\" content=\"Escrito por\" \/>\n\t<meta name=\"twitter:data1\" content=\"Luiz Ant\u00f4nio Pr\u00f3speri\" \/>\n\t<meta name=\"twitter:label2\" content=\"Est. tempo de leitura\" \/>\n\t<meta name=\"twitter:data2\" content=\"3 minutos\" \/>\n<script type=\"application\/ld+json\" class=\"yoast-schema-graph\">{\"@context\":\"https:\\\/\\\/schema.org\",\"@graph\":[{\"@type\":\"Article\",\"@id\":\"https:\\\/\\\/blogdoprosperi.com\\\/?p=26742#article\",\"isPartOf\":{\"@id\":\"https:\\\/\\\/blogdoprosperi.com\\\/?p=26742\"},\"author\":{\"name\":\"Luiz Ant\u00f4nio Pr\u00f3speri\",\"@id\":\"https:\\\/\\\/blogdoprosperi.com\\\/#\\\/schema\\\/person\\\/38100755ce3601861ee4fab9b5aa78e9\"},\"headline\":\"Santos continua sem convencer sua torcida, mesmo com vit\u00f3ria diante do Internacional na Vila\",\"datePublished\":\"2016-09-29T00:44:36+00:00\",\"dateModified\":\"2016-09-29T00:49:45+00:00\",\"mainEntityOfPage\":{\"@id\":\"https:\\\/\\\/blogdoprosperi.com\\\/?p=26742\"},\"wordCount\":671,\"commentCount\":0,\"publisher\":{\"@id\":\"https:\\\/\\\/blogdoprosperi.com\\\/#\\\/schema\\\/person\\\/38100755ce3601861ee4fab9b5aa78e9\"},\"image\":{\"@id\":\"https:\\\/\\\/blogdoprosperi.com\\\/?p=26742#primaryimage\"},\"thumbnailUrl\":\"https:\\\/\\\/blogdoprosperi.com\\\/wp-content\\\/uploads\\\/2016\\\/09\\\/rfd_1422.jpg\",\"keywords\":[\"Copa do Brasil\",\"futebol\",\"Internacional-RS\",\"Santos FC\",\"Vila Belmiro\"],\"articleSection\":[\"futebol\"],\"inLanguage\":\"pt-BR\",\"potentialAction\":[{\"@type\":\"CommentAction\",\"name\":\"Comment\",\"target\":[\"https:\\\/\\\/blogdoprosperi.com\\\/?p=26742#respond\"]}]},{\"@type\":\"WebPage\",\"@id\":\"https:\\\/\\\/blogdoprosperi.com\\\/?p=26742\",\"url\":\"https:\\\/\\\/blogdoprosperi.com\\\/?p=26742\",\"name\":\"Santos continua sem convencer sua torcida, mesmo com vit\u00f3ria diante do Internacional na Vila - PR\u00d3SPERI NEWS\",\"isPartOf\":{\"@id\":\"https:\\\/\\\/blogdoprosperi.com\\\/#website\"},\"primaryImageOfPage\":{\"@id\":\"https:\\\/\\\/blogdoprosperi.com\\\/?p=26742#primaryimage\"},\"image\":{\"@id\":\"https:\\\/\\\/blogdoprosperi.com\\\/?p=26742#primaryimage\"},\"thumbnailUrl\":\"https:\\\/\\\/blogdoprosperi.com\\\/wp-content\\\/uploads\\\/2016\\\/09\\\/rfd_1422.jpg\",\"datePublished\":\"2016-09-29T00:44:36+00:00\",\"dateModified\":\"2016-09-29T00:49:45+00:00\",\"breadcrumb\":{\"@id\":\"https:\\\/\\\/blogdoprosperi.com\\\/?p=26742#breadcrumb\"},\"inLanguage\":\"pt-BR\",\"potentialAction\":[{\"@type\":\"ReadAction\",\"target\":[\"https:\\\/\\\/blogdoprosperi.com\\\/?p=26742\"]}]},{\"@type\":\"ImageObject\",\"inLanguage\":\"pt-BR\",\"@id\":\"https:\\\/\\\/blogdoprosperi.com\\\/?p=26742#primaryimage\",\"url\":\"https:\\\/\\\/i0.wp.com\\\/blogdoprosperi.com\\\/wp-content\\\/uploads\\\/2016\\\/09\\\/rfd_1422.jpg?fit=640%2C360&ssl=1\",\"contentUrl\":\"https:\\\/\\\/i0.wp.com\\\/blogdoprosperi.com\\\/wp-content\\\/uploads\\\/2016\\\/09\\\/rfd_1422.jpg?fit=640%2C360&ssl=1\",\"width\":640,\"height\":360},{\"@type\":\"BreadcrumbList\",\"@id\":\"https:\\\/\\\/blogdoprosperi.com\\\/?p=26742#breadcrumb\",\"itemListElement\":[{\"@type\":\"ListItem\",\"position\":1,\"name\":\"In\u00edcio\",\"item\":\"https:\\\/\\\/blogdoprosperi.com\\\/\"},{\"@type\":\"ListItem\",\"position\":2,\"name\":\"Santos continua sem convencer sua torcida, mesmo com vit\u00f3ria diante do Internacional na Vila\"}]},{\"@type\":\"WebSite\",\"@id\":\"https:\\\/\\\/blogdoprosperi.com\\\/#website\",\"url\":\"https:\\\/\\\/blogdoprosperi.com\\\/\",\"name\":\"PR\u00d3SPERI NEWS\",\"description\":\"TUDO \u00c9  FUTEBOL\",\"publisher\":{\"@id\":\"https:\\\/\\\/blogdoprosperi.com\\\/#\\\/schema\\\/person\\\/38100755ce3601861ee4fab9b5aa78e9\"},\"alternateName\":\"blogdoprosperi.com\",\"potentialAction\":[{\"@type\":\"SearchAction\",\"target\":{\"@type\":\"EntryPoint\",\"urlTemplate\":\"https:\\\/\\\/blogdoprosperi.com\\\/?s={search_term_string}\"},\"query-input\":{\"@type\":\"PropertyValueSpecification\",\"valueRequired\":true,\"valueName\":\"search_term_string\"}}],\"inLanguage\":\"pt-BR\"},{\"@type\":[\"Person\",\"Organization\"],\"@id\":\"https:\\\/\\\/blogdoprosperi.com\\\/#\\\/schema\\\/person\\\/38100755ce3601861ee4fab9b5aa78e9\",\"name\":\"Luiz Ant\u00f4nio Pr\u00f3speri\",\"pronouns\":\"ele\",\"image\":{\"@type\":\"ImageObject\",\"inLanguage\":\"pt-BR\",\"@id\":\"https:\\\/\\\/i0.wp.com\\\/blogdoprosperi.com\\\/wp-content\\\/uploads\\\/2026\\\/05\\\/cropped-8059e613-6002-42fa-961e-8e275f575d71-2-5.jpg?fit=1360%2C931&ssl=1\",\"url\":\"https:\\\/\\\/i0.wp.com\\\/blogdoprosperi.com\\\/wp-content\\\/uploads\\\/2026\\\/05\\\/cropped-8059e613-6002-42fa-961e-8e275f575d71-2-5.jpg?fit=1360%2C931&ssl=1\",\"contentUrl\":\"https:\\\/\\\/i0.wp.com\\\/blogdoprosperi.com\\\/wp-content\\\/uploads\\\/2026\\\/05\\\/cropped-8059e613-6002-42fa-961e-8e275f575d71-2-5.jpg?fit=1360%2C931&ssl=1\",\"width\":1360,\"height\":931,\"caption\":\"Luiz Ant\u00f4nio Pr\u00f3speri\"},\"logo\":{\"@id\":\"https:\\\/\\\/i0.wp.com\\\/blogdoprosperi.com\\\/wp-content\\\/uploads\\\/2026\\\/05\\\/cropped-8059e613-6002-42fa-961e-8e275f575d71-2-5.jpg?fit=1360%2C931&ssl=1\"},\"description\":\"Jornalista com carreira dedicada ao esporte. Cobriu 9 Copas do Mundo in loco, 1990 na It\u00e1lia, 1994 nos EUA, 1998 na Fran\u00e7a, 2002 na Coreia do Sul e Jap\u00e3o, 2006 na Alemanha, 2010 na \u00c1frica do Sul, 2014 no Brasil, 2018 na R\u00fassia e 2022 no Qatar. Eurocopas, 1992 na Su\u00e9cia e 1996 na Inglaterra. Copa das Confedera\u00e7\u00f5es de 2005 na Alemanha e 2009 na \u00c1frica do Sul. Rep\u00f3rter e Editor, trabalhou no Jornal da Tarde e Estad\u00e3o, de 1984 a fevereiro de 2016. Colunista, blogueiro. E comentarista de futebol na R\u00e1dio Estad\u00e3o, de 2013 a fevereiro de 2016. Jornalista respons\u00e1vel do \\\"Pr\u00f3speri News\\\" (blogdoprosperi.com).\",\"sameAs\":[\"http:\\\/\\\/blogdoprosperi.com\",\"Luiz Pr\u00f3speri\",\"@luiz_prosperi\",\"https:\\\/\\\/x.com\\\/Luizprosperi\",\"@prosperinacopa\",\"luiz.prosperi@icloud.com\"],\"url\":\"https:\\\/\\\/blogdoprosperi.com\\\/?author=102107496\"}]}<\/script>\n<!-- \/ Yoast SEO plugin. -->","yoast_head_json":{"title":"Santos continua sem convencer sua torcida, mesmo com vit\u00f3ria diante do Internacional na Vila - PR\u00d3SPERI NEWS","robots":{"index":"index","follow":"follow","max-snippet":"max-snippet:-1","max-image-preview":"max-image-preview:large","max-video-preview":"max-video-preview:-1"},"canonical":"https:\/\/blogdoprosperi.com\/?p=26742","og_locale":"pt_BR","og_type":"article","og_title":"Santos continua sem convencer sua torcida, mesmo com vit\u00f3ria diante do Internacional na Vila - PR\u00d3SPERI NEWS","og_description":"Santos n\u00e3o convence e sai vaiado por pouco mais de sies mil torcedores na Vila Belmiro ao derrotar [&hellip;]","og_url":"https:\/\/blogdoprosperi.com\/?p=26742","og_site_name":"PR\u00d3SPERI NEWS","article_publisher":"Luiz Pr\u00f3speri","article_author":"Luiz Pr\u00f3speri","article_published_time":"2016-09-29T00:44:36+00:00","article_modified_time":"2016-09-29T00:49:45+00:00","og_image":[{"url":"https:\/\/blogdoprosperi.com\/wp-content\/uploads\/2016\/09\/rfd_1422.jpg","type":"","width":"","height":""}],"author":"Luiz Ant\u00f4nio Pr\u00f3speri","twitter_card":"summary_large_image","twitter_creator":"@Luizprosperi","twitter_site":"@Luizprosperi","twitter_misc":{"Escrito por":"Luiz Ant\u00f4nio Pr\u00f3speri","Est. tempo de leitura":"3 minutos"},"schema":{"@context":"https:\/\/schema.org","@graph":[{"@type":"Article","@id":"https:\/\/blogdoprosperi.com\/?p=26742#article","isPartOf":{"@id":"https:\/\/blogdoprosperi.com\/?p=26742"},"author":{"name":"Luiz Ant\u00f4nio Pr\u00f3speri","@id":"https:\/\/blogdoprosperi.com\/#\/schema\/person\/38100755ce3601861ee4fab9b5aa78e9"},"headline":"Santos continua sem convencer sua torcida, mesmo com vit\u00f3ria diante do Internacional na Vila","datePublished":"2016-09-29T00:44:36+00:00","dateModified":"2016-09-29T00:49:45+00:00","mainEntityOfPage":{"@id":"https:\/\/blogdoprosperi.com\/?p=26742"},"wordCount":671,"commentCount":0,"publisher":{"@id":"https:\/\/blogdoprosperi.com\/#\/schema\/person\/38100755ce3601861ee4fab9b5aa78e9"},"image":{"@id":"https:\/\/blogdoprosperi.com\/?p=26742#primaryimage"},"thumbnailUrl":"https:\/\/blogdoprosperi.com\/wp-content\/uploads\/2016\/09\/rfd_1422.jpg","keywords":["Copa do Brasil","futebol","Internacional-RS","Santos FC","Vila Belmiro"],"articleSection":["futebol"],"inLanguage":"pt-BR","potentialAction":[{"@type":"CommentAction","name":"Comment","target":["https:\/\/blogdoprosperi.com\/?p=26742#respond"]}]},{"@type":"WebPage","@id":"https:\/\/blogdoprosperi.com\/?p=26742","url":"https:\/\/blogdoprosperi.com\/?p=26742","name":"Santos continua sem convencer sua torcida, mesmo com vit\u00f3ria diante do Internacional na Vila - PR\u00d3SPERI NEWS","isPartOf":{"@id":"https:\/\/blogdoprosperi.com\/#website"},"primaryImageOfPage":{"@id":"https:\/\/blogdoprosperi.com\/?p=26742#primaryimage"},"image":{"@id":"https:\/\/blogdoprosperi.com\/?p=26742#primaryimage"},"thumbnailUrl":"https:\/\/blogdoprosperi.com\/wp-content\/uploads\/2016\/09\/rfd_1422.jpg","datePublished":"2016-09-29T00:44:36+00:00","dateModified":"2016-09-29T00:49:45+00:00","breadcrumb":{"@id":"https:\/\/blogdoprosperi.com\/?p=26742#breadcrumb"},"inLanguage":"pt-BR","potentialAction":[{"@type":"ReadAction","target":["https:\/\/blogdoprosperi.com\/?p=26742"]}]},{"@type":"ImageObject","inLanguage":"pt-BR","@id":"https:\/\/blogdoprosperi.com\/?p=26742#primaryimage","url":"https:\/\/i0.wp.com\/blogdoprosperi.com\/wp-content\/uploads\/2016\/09\/rfd_1422.jpg?fit=640%2C360&ssl=1","contentUrl":"https:\/\/i0.wp.com\/blogdoprosperi.com\/wp-content\/uploads\/2016\/09\/rfd_1422.jpg?fit=640%2C360&ssl=1","width":640,"height":360},{"@type":"BreadcrumbList","@id":"https:\/\/blogdoprosperi.com\/?p=26742#breadcrumb","itemListElement":[{"@type":"ListItem","position":1,"name":"In\u00edcio","item":"https:\/\/blogdoprosperi.com\/"},{"@type":"ListItem","position":2,"name":"Santos continua sem convencer sua torcida, mesmo com vit\u00f3ria diante do Internacional na Vila"}]},{"@type":"WebSite","@id":"https:\/\/blogdoprosperi.com\/#website","url":"https:\/\/blogdoprosperi.com\/","name":"PR\u00d3SPERI NEWS","description":"TUDO \u00c9  FUTEBOL","publisher":{"@id":"https:\/\/blogdoprosperi.com\/#\/schema\/person\/38100755ce3601861ee4fab9b5aa78e9"},"alternateName":"blogdoprosperi.com","potentialAction":[{"@type":"SearchAction","target":{"@type":"EntryPoint","urlTemplate":"https:\/\/blogdoprosperi.com\/?s={search_term_string}"},"query-input":{"@type":"PropertyValueSpecification","valueRequired":true,"valueName":"search_term_string"}}],"inLanguage":"pt-BR"},{"@type":["Person","Organization"],"@id":"https:\/\/blogdoprosperi.com\/#\/schema\/person\/38100755ce3601861ee4fab9b5aa78e9","name":"Luiz Ant\u00f4nio Pr\u00f3speri","pronouns":"ele","image":{"@type":"ImageObject","inLanguage":"pt-BR","@id":"https:\/\/i0.wp.com\/blogdoprosperi.com\/wp-content\/uploads\/2026\/05\/cropped-8059e613-6002-42fa-961e-8e275f575d71-2-5.jpg?fit=1360%2C931&ssl=1","url":"https:\/\/i0.wp.com\/blogdoprosperi.com\/wp-content\/uploads\/2026\/05\/cropped-8059e613-6002-42fa-961e-8e275f575d71-2-5.jpg?fit=1360%2C931&ssl=1","contentUrl":"https:\/\/i0.wp.com\/blogdoprosperi.com\/wp-content\/uploads\/2026\/05\/cropped-8059e613-6002-42fa-961e-8e275f575d71-2-5.jpg?fit=1360%2C931&ssl=1","width":1360,"height":931,"caption":"Luiz Ant\u00f4nio Pr\u00f3speri"},"logo":{"@id":"https:\/\/i0.wp.com\/blogdoprosperi.com\/wp-content\/uploads\/2026\/05\/cropped-8059e613-6002-42fa-961e-8e275f575d71-2-5.jpg?fit=1360%2C931&ssl=1"},"description":"Jornalista com carreira dedicada ao esporte. Cobriu 9 Copas do Mundo in loco, 1990 na It\u00e1lia, 1994 nos EUA, 1998 na Fran\u00e7a, 2002 na Coreia do Sul e Jap\u00e3o, 2006 na Alemanha, 2010 na \u00c1frica do Sul, 2014 no Brasil, 2018 na R\u00fassia e 2022 no Qatar. Eurocopas, 1992 na Su\u00e9cia e 1996 na Inglaterra. Copa das Confedera\u00e7\u00f5es de 2005 na Alemanha e 2009 na \u00c1frica do Sul. Rep\u00f3rter e Editor, trabalhou no Jornal da Tarde e Estad\u00e3o, de 1984 a fevereiro de 2016. Colunista, blogueiro. E comentarista de futebol na R\u00e1dio Estad\u00e3o, de 2013 a fevereiro de 2016. Jornalista respons\u00e1vel do \"Pr\u00f3speri News\" (blogdoprosperi.com).","sameAs":["http:\/\/blogdoprosperi.com","Luiz Pr\u00f3speri","@luiz_prosperi","https:\/\/x.com\/Luizprosperi","@prosperinacopa","luiz.prosperi@icloud.com"],"url":"https:\/\/blogdoprosperi.com\/?author=102107496"}]}},"jetpack_publicize_connections":[],"jetpack_likes_enabled":false,"jetpack_sharing_enabled":true,"jetpack_shortlink":"https:\/\/wp.me\/p7jvdk-6Xk","jetpack-related-posts":[{"id":46267,"url":"https:\/\/blogdoprosperi.com\/?p=46267","url_meta":{"origin":26742,"position":0},"title":"Santos \u00c9 S\u00e9rie A | Futuro tem Neymar, Novo Est\u00e1dio e SAF","author":"Luiz Ant\u00f4nio Pr\u00f3speri","date":"12 de novembro de 2024","format":false,"excerpt":"Luiz Ant\u00f4nio Pr\u00f3speri \u2013 12 novembro (10h15) \u2013 Otero faz um gol extraordin\u00e1rio em cobran\u00e7a de falta e decreta vit\u00f3ria do Santos por 2 a 0 contra o Coritiba. Gol de S\u00e9rie A. Gol a devolver o Alvinegro ao seleto grupo de clubes da Primeira Divis\u00e3o do futebol brasileiro. Enfim,\u2026","rel":"","context":"Em &quot;futebol&quot;","block_context":{"text":"futebol","link":"https:\/\/blogdoprosperi.com\/?cat=53870"},"img":{"alt_text":"Santos volta \u00e0 S\u00e9rie A","src":"https:\/\/i0.wp.com\/blogdoprosperi.com\/wp-content\/uploads\/2024\/11\/gckcsztwaaa9o5s.jpeg?fit=852%2C682&ssl=1&resize=350%2C200","width":350,"height":200,"srcset":"https:\/\/i0.wp.com\/blogdoprosperi.com\/wp-content\/uploads\/2024\/11\/gckcsztwaaa9o5s.jpeg?fit=852%2C682&ssl=1&resize=350%2C200 1x, https:\/\/i0.wp.com\/blogdoprosperi.com\/wp-content\/uploads\/2024\/11\/gckcsztwaaa9o5s.jpeg?fit=852%2C682&ssl=1&resize=525%2C300 1.5x, https:\/\/i0.wp.com\/blogdoprosperi.com\/wp-content\/uploads\/2024\/11\/gckcsztwaaa9o5s.jpeg?fit=852%2C682&ssl=1&resize=700%2C400 2x"},"classes":[]},{"id":29338,"url":"https:\/\/blogdoprosperi.com\/?p=29338","url_meta":{"origin":26742,"position":1},"title":"Queda do Santos na Copa Brasil deixa Dorival J\u00fanior pressionado","author":"Luiz Ant\u00f4nio Pr\u00f3speri","date":"19 de outubro de 2016","format":false,"excerpt":"Santos n\u00e3o emplaca uma conquista de peso com Dorival J\u00fanior, nesta volta do treinador ao clube. Leva o Campeonato Paulista e morre nos torneios nacionais. No Brasileir\u00e3o 2016, est\u00e1 longe e n\u00e3o alcan\u00e7a o l\u00edder Palmeiras, nem consegue ficar entre os tr\u00eas primeiros. E, na Copa do Brasil, acaba de\u2026","rel":"","context":"Em &quot;futebol&quot;","block_context":{"text":"futebol","link":"https:\/\/blogdoprosperi.com\/?cat=53870"},"img":{"alt_text":"","src":"https:\/\/i0.wp.com\/blogdoprosperi.com\/wp-content\/uploads\/2016\/10\/22571653961_9de8c1dc1e_b.jpg?resize=350%2C200&ssl=1","width":350,"height":200,"srcset":"https:\/\/i0.wp.com\/blogdoprosperi.com\/wp-content\/uploads\/2016\/10\/22571653961_9de8c1dc1e_b.jpg?resize=350%2C200&ssl=1 1x, https:\/\/i0.wp.com\/blogdoprosperi.com\/wp-content\/uploads\/2016\/10\/22571653961_9de8c1dc1e_b.jpg?resize=525%2C300&ssl=1 1.5x"},"classes":[]},{"id":30191,"url":"https:\/\/blogdoprosperi.com\/?p=30191","url_meta":{"origin":26742,"position":2},"title":"Palmeiras joga de olho no empate e paga caro com derrota na Vila Belmiro","author":"Luiz Ant\u00f4nio Pr\u00f3speri","date":"29 de outubro de 2016","format":false,"excerpt":"Palmeiras perdeu uma grande chance de abrir oito pontos de frente ao segundo colocado Flamengo. Diante de um Santos pouco inspirado, mas eficiente, o l\u00edder sofreu a derrota por 1 a 0 na Vila Belmiro. A diferen\u00e7a, que era de seis pontos, caiu para cinco, agora a cinco rodadas do\u2026","rel":"","context":"Em &quot;Campeonato Brasileiro&quot;","block_context":{"text":"Campeonato Brasileiro","link":"https:\/\/blogdoprosperi.com\/?cat=355071"},"img":{"alt_text":"","src":"https:\/\/i0.wp.com\/blogdoprosperi.com\/wp-content\/uploads\/2016\/10\/pro3-22.jpg?resize=350%2C200","width":350,"height":200,"srcset":"https:\/\/i0.wp.com\/blogdoprosperi.com\/wp-content\/uploads\/2016\/10\/pro3-22.jpg?resize=350%2C200 1x, https:\/\/i0.wp.com\/blogdoprosperi.com\/wp-content\/uploads\/2016\/10\/pro3-22.jpg?resize=525%2C300 1.5x, https:\/\/i0.wp.com\/blogdoprosperi.com\/wp-content\/uploads\/2016\/10\/pro3-22.jpg?resize=700%2C400 2x, https:\/\/i0.wp.com\/blogdoprosperi.com\/wp-content\/uploads\/2016\/10\/pro3-22.jpg?resize=1050%2C600 3x, https:\/\/i0.wp.com\/blogdoprosperi.com\/wp-content\/uploads\/2016\/10\/pro3-22.jpg?resize=1400%2C800 4x"},"classes":[]},{"id":61250,"url":"https:\/\/blogdoprosperi.com\/?p=61250","url_meta":{"origin":26742,"position":3},"title":"Chega de Neymar","author":"Luiz Ant\u00f4nio Pr\u00f3speri","date":"26 de julho de 2026","format":false,"excerpt":"Luiz Ant\u00f4nio Pr\u00f3speri \u2013 26 julho 2026 (14h33) \u2013 Neymar tem o seu mundo particular e faz quest\u00e3o de viver a seu modo. N\u00f3s \u00e9 que somos trouxas a gastar tempo e energia com suas estrepolias. A hora \u00e9 de parar com essa brincadeira. Chega. Consumimos um temp\u00e3o discutindo, dentro\u2026","rel":"","context":"Em &quot;brasileir\u00e3o 2026&quot;","block_context":{"text":"brasileir\u00e3o 2026","link":"https:\/\/blogdoprosperi.com\/?cat=786956679"},"img":{"alt_text":"","src":"https:\/\/i0.wp.com\/blogdoprosperi.com\/wp-content\/uploads\/2026\/07\/Captura-de-Tela-2026-07-26-as-14.52.59.png?fit=1140%2C812&ssl=1&resize=350%2C200","width":350,"height":200,"srcset":"https:\/\/i0.wp.com\/blogdoprosperi.com\/wp-content\/uploads\/2026\/07\/Captura-de-Tela-2026-07-26-as-14.52.59.png?fit=1140%2C812&ssl=1&resize=350%2C200 1x, https:\/\/i0.wp.com\/blogdoprosperi.com\/wp-content\/uploads\/2026\/07\/Captura-de-Tela-2026-07-26-as-14.52.59.png?fit=1140%2C812&ssl=1&resize=525%2C300 1.5x, https:\/\/i0.wp.com\/blogdoprosperi.com\/wp-content\/uploads\/2026\/07\/Captura-de-Tela-2026-07-26-as-14.52.59.png?fit=1140%2C812&ssl=1&resize=700%2C400 2x, https:\/\/i0.wp.com\/blogdoprosperi.com\/wp-content\/uploads\/2026\/07\/Captura-de-Tela-2026-07-26-as-14.52.59.png?fit=1140%2C812&ssl=1&resize=1050%2C600 3x"},"classes":[]},{"id":16405,"url":"https:\/\/blogdoprosperi.com\/?p=16405","url_meta":{"origin":26742,"position":4},"title":"Barcelona aperta passo e manda diretor ao Brasil para ver Gabriel, Lucas Lima e Gabriel Jesus","author":"Luiz Ant\u00f4nio Pr\u00f3speri","date":"17 de julho de 2016","format":false,"excerpt":"Barcelona est\u00e1 preocupado com o cerco do Real Madrid a Gabriel Jesus e de outros concorrentes da Europa a Gabriel e Lucas Lima. Por isso, o secret\u00e1rio t\u00e9cnico Robert Fern\u00e1ndez, o homem encarregado de fechar as contrata\u00e7\u00f5es do Bar\u00e7a, esteve neste s\u00e1bado (16\/7) na Vila Belmiro acompanhando a vit\u00f3ria do\u2026","rel":"","context":"Em &quot;futebol&quot;","block_context":{"text":"futebol","link":"https:\/\/blogdoprosperi.com\/?cat=53870"},"img":{"alt_text":"","src":"https:\/\/i0.wp.com\/blogdoprosperi.com\/wp-content\/uploads\/2016\/07\/622_014f1c8a-7c1e-3594-994c-a70a8592ef46.jpg?resize=350%2C200","width":350,"height":200,"srcset":"https:\/\/i0.wp.com\/blogdoprosperi.com\/wp-content\/uploads\/2016\/07\/622_014f1c8a-7c1e-3594-994c-a70a8592ef46.jpg?resize=350%2C200 1x, https:\/\/i0.wp.com\/blogdoprosperi.com\/wp-content\/uploads\/2016\/07\/622_014f1c8a-7c1e-3594-994c-a70a8592ef46.jpg?resize=525%2C300 1.5x"},"classes":[]},{"id":22799,"url":"https:\/\/blogdoprosperi.com\/?p=22799","url_meta":{"origin":26742,"position":5},"title":"Santos se desconcentra e sofre castigo do Vasco na Copa do Brasil","author":"Luiz Ant\u00f4nio Pr\u00f3speri","date":"24 de agosto de 2016","format":false,"excerpt":"Santos \u00e9 time de S\u00e9rie A e o Vasco \u00e9 de S\u00e9rie B. Essa diferen\u00e7a de status por si s\u00f3 j\u00e1 dava ao dono da casa amplo favoritismo na abertura das oitavas de final da Copa do Brasil na Vila Belmiro, nesta noite de quarta-feira (24\/8). N\u00e3o fosse apenas por\u2026","rel":"","context":"Em &quot;futebol&quot;","block_context":{"text":"futebol","link":"https:\/\/blogdoprosperi.com\/?cat=53870"},"img":{"alt_text":"","src":"https:\/\/i0.wp.com\/blogdoprosperi.com\/wp-content\/uploads\/2016\/08\/frm20160824297_gqd7xlq.jpg?resize=350%2C200&ssl=1","width":350,"height":200,"srcset":"https:\/\/i0.wp.com\/blogdoprosperi.com\/wp-content\/uploads\/2016\/08\/frm20160824297_gqd7xlq.jpg?resize=350%2C200&ssl=1 1x, https:\/\/i0.wp.com\/blogdoprosperi.com\/wp-content\/uploads\/2016\/08\/frm20160824297_gqd7xlq.jpg?resize=525%2C300&ssl=1 1.5x"},"classes":[]}],"jetpack_featured_media_url":"","_links":{"self":[{"href":"https:\/\/blogdoprosperi.com\/index.php?rest_route=\/wp\/v2\/posts\/26742","targetHints":{"allow":["GET"]}}],"collection":[{"href":"https:\/\/blogdoprosperi.com\/index.php?rest_route=\/wp\/v2\/posts"}],"about":[{"href":"https:\/\/blogdoprosperi.com\/index.php?rest_route=\/wp\/v2\/types\/post"}],"author":[{"embeddable":true,"href":"https:\/\/blogdoprosperi.com\/index.php?rest_route=\/wp\/v2\/users\/102107496"}],"replies":[{"embeddable":true,"href":"https:\/\/blogdoprosperi.com\/index.php?rest_route=%2Fwp%2Fv2%2Fcomments&post=26742"}],"version-history":[{"count":25,"href":"https:\/\/blogdoprosperi.com\/index.php?rest_route=\/wp\/v2\/posts\/26742\/revisions"}],"predecessor-version":[{"id":26828,"href":"https:\/\/blogdoprosperi.com\/index.php?rest_route=\/wp\/v2\/posts\/26742\/revisions\/26828"}],"wp:attachment":[{"href":"https:\/\/blogdoprosperi.com\/index.php?rest_route=%2Fwp%2Fv2%2Fmedia&parent=26742"}],"wp:term":[{"taxonomy":"category","embeddable":true,"href":"https:\/\/blogdoprosperi.com\/index.php?rest_route=%2Fwp%2Fv2%2Fcategories&post=26742"},{"taxonomy":"post_tag","embeddable":true,"href":"https:\/\/blogdoprosperi.com\/index.php?rest_route=%2Fwp%2Fv2%2Ftags&post=26742"}],"curies":[{"name":"wp","href":"https:\/\/api.w.org\/{rel}","templated":true}]}}