{"id":2719,"date":"2016-04-30T20:34:59","date_gmt":"2016-04-30T20:34:59","guid":{"rendered":"https:\/\/blogdoprosperi.com\/?p=2719"},"modified":"2016-04-30T20:45:54","modified_gmt":"2016-04-30T20:45:54","slug":"barcelona-continua-soberano-no-campeonato-espanhol","status":"publish","type":"post","link":"https:\/\/blogdoprosperi.com\/?p=2719","title":{"rendered":"Barcelona continua soberano no Campeonato Espanhol"},"content":{"rendered":"<figure id=\"attachment_2784\" aria-describedby=\"caption-attachment-2784\" style=\"width: 621px\" class=\"wp-caption alignnone\"><img data-recalc-dims=\"1\" loading=\"lazy\" decoding=\"async\" data-attachment-id=\"2784\" data-permalink=\"https:\/\/blogdoprosperi.com\/?attachment_id=2784\" data-orig-file=\"https:\/\/i0.wp.com\/blogdoprosperi.com\/wp-content\/uploads\/2016\/04\/rakitic-barcelona.jpg?fit=621%2C386&amp;ssl=1\" data-orig-size=\"621,386\" data-comments-opened=\"1\" data-image-meta=\"{&quot;aperture&quot;:&quot;0&quot;,&quot;credit&quot;:&quot;&quot;,&quot;camera&quot;:&quot;&quot;,&quot;caption&quot;:&quot;&quot;,&quot;created_timestamp&quot;:&quot;0&quot;,&quot;copyright&quot;:&quot;&quot;,&quot;focal_length&quot;:&quot;0&quot;,&quot;iso&quot;:&quot;0&quot;,&quot;shutter_speed&quot;:&quot;0&quot;,&quot;title&quot;:&quot;&quot;,&quot;orientation&quot;:&quot;0&quot;}\" data-image-title=\"Rakitic-Barcelona\" data-image-description=\"\" data-image-caption=\"\" data-large-file=\"https:\/\/i0.wp.com\/blogdoprosperi.com\/wp-content\/uploads\/2016\/04\/rakitic-barcelona.jpg?fit=621%2C386&amp;ssl=1\" class=\"alignnone size-full wp-image-2784\" src=\"https:\/\/i0.wp.com\/blogdoprosperi.com\/wp-content\/uploads\/2016\/04\/rakitic-barcelona.jpg?resize=621%2C386&#038;ssl=1\" alt=\"Rakitic-Barcelona\" width=\"621\" height=\"386\" \/><figcaption id=\"caption-attachment-2784\" class=\"wp-caption-text\">Rakitic fez o primeiro do Bar\u00e7a<\/figcaption><\/figure>\n<p>Quando o jogo com o Betis come\u00e7ou, o Barcelona, com 82 pontos, ocupava a terceira coloca\u00e7\u00e3o do Campeonato Espanhol, a duas rodadas do encerramento da temporada. O Atl\u00e9tico era o l\u00edder (85 pontos), ao derrotar a Real Sociedad por 1 a 0 (gol de Griezmann) e o Real Madrid, o segundo (84), com a vit\u00f3ria magrinha por 1 a 0 (gol de Bale) no Rayo Vallecano.<\/p>\n<p>O Bar\u00e7a precisava correr atr\u00e1s dos pontos em busca da lideran\u00e7a perdida. Eliminado da Champions restava ao time de Luis Henrique lutar pelo t\u00edtulo do Espanhol. Enquanto isso, seus advers\u00e1rios de Madri ainda sonham em conquistar a Europa &#8211; os dois est\u00e3o na semifinais e jogam na pr\u00f3xima semana contra Manchester City e Bayern.<\/p>\n<p>Esse Barcelona, por\u00e9m, n\u00e3o d\u00e1 muita import\u00e2ncia aos pontos. Seu neg\u00f3cio preferido \u00e9 o gol, como diz a imprensa espanhola. Nas \u00faltimas duas rodadas, o time de Messi havia feito absurdos 14 gols (8 a 0 no La Coru\u00f1a e 6 a 0 no Gij\u00f3n). Nessa conta, s\u00f3 Su\u00e1rez cravou 8 gols nos dois jogos.<\/p>\n<p>Diante o modesto B\u00e9tis, mesmo fora de casa, a m\u00e1quina goleadora mort\u00edfera teria de ser acionada. Aguerrido e empurrado por sua torcida, o advers\u00e1rio bateu pesado no primeiro tempo e teve um zagueiro expulso. O caminho da goleada parecia aberto, mas era preciso mais luz ao trio MSN.<\/p>\n<p>Nem Messi, Su\u00e1rez e Neymar, quem quebrou o muro foi Raktic no comecinho do segundo tempo com gol f\u00e1cil em falha do goleiro e passe de Messi. E o que se viu depois foi uma sucess\u00e3o de erros dos barcelonistas na cara do goleiro do B\u00e9tis. Apetite por mais gols n\u00e3o faltava, o problema nem era uma vit\u00f3ria el\u00e1stica, com folga no placar. Estava em jogo ao Barcelona os tr\u00eas pontos, \u00fanica condi\u00e7\u00e3o para devolver o time \u00e0 lideran\u00e7a do Espanhol.<\/p>\n<figure id=\"attachment_2788\" aria-describedby=\"caption-attachment-2788\" style=\"width: 620px\" class=\"wp-caption alignnone\"><img data-recalc-dims=\"1\" loading=\"lazy\" decoding=\"async\" data-attachment-id=\"2788\" data-permalink=\"https:\/\/blogdoprosperi.com\/?attachment_id=2788\" data-orig-file=\"https:\/\/i0.wp.com\/blogdoprosperi.com\/wp-content\/uploads\/2016\/04\/luis-suarez-barcelona-eibar-la-liga_187hts71kdj7z15x1acqcvztno.jpg?fit=620%2C430&amp;ssl=1\" data-orig-size=\"620,430\" data-comments-opened=\"1\" data-image-meta=\"{&quot;aperture&quot;:&quot;0&quot;,&quot;credit&quot;:&quot;&quot;,&quot;camera&quot;:&quot;&quot;,&quot;caption&quot;:&quot;&quot;,&quot;created_timestamp&quot;:&quot;0&quot;,&quot;copyright&quot;:&quot;&quot;,&quot;focal_length&quot;:&quot;0&quot;,&quot;iso&quot;:&quot;0&quot;,&quot;shutter_speed&quot;:&quot;0&quot;,&quot;title&quot;:&quot;&quot;,&quot;orientation&quot;:&quot;0&quot;}\" data-image-title=\"luis-suarez-barcelona-eibar-la-liga_187hts71kdj7z15x1acqcvztno\" data-image-description=\"\" data-image-caption=\"\" data-large-file=\"https:\/\/i0.wp.com\/blogdoprosperi.com\/wp-content\/uploads\/2016\/04\/luis-suarez-barcelona-eibar-la-liga_187hts71kdj7z15x1acqcvztno.jpg?fit=620%2C430&amp;ssl=1\" class=\"alignnone size-full wp-image-2788\" src=\"https:\/\/i0.wp.com\/blogdoprosperi.com\/wp-content\/uploads\/2016\/04\/luis-suarez-barcelona-eibar-la-liga_187hts71kdj7z15x1acqcvztno.jpg?resize=620%2C430&#038;ssl=1\" alt=\"luis-suarez-barcelona-eibar-la-liga_187hts71kdj7z15x1acqcvztno\" width=\"620\" height=\"430\" \/><figcaption id=\"caption-attachment-2788\" class=\"wp-caption-text\">Su\u00e1rez deixou o dele<\/figcaption><\/figure>\n<p>A\u00ed apareceu o talento de Messi e Su\u00e1rez, o letal. O melhor do mundo cozinhou a bola na zona de cria\u00e7\u00e3o e clamou pela infiltra\u00e7\u00e3o de Su\u00e1rez entre os zagueiros. O uruguaio se meteu na grande \u00e1rea. Ent\u00e3o a bola partiu dos p\u00e9s de Messi na medida para Su\u00e1rez fazer 2 a 0 e consolidar a vit\u00f3ria contra um advers\u00e1rio, que passou os 90 minutos se defendendo no limite da sua grande \u00e1rea.<\/p>\n<p>Com este gol de Su\u00e1rez, a pouco menos de 10 minutos do fim do jogo, o Barcelona restabelecia assim a hierarquia na competi\u00e7\u00e3o dom\u00e9stica, agora com 85 pontos. Dessa vez, sem a avalanche goleadora e em mais uma jornada apenas regular de Neymar.<\/p>\n<p>Enquanto Messi deu os passes para os dois gols do Bar\u00e7a, Su\u00e1rez fez um, Neymar, que havia ensaiado uma bela atua\u00e7\u00e3o no primeiros 20 minutos de jogo, foi apagando, apagando, at\u00e9 se tornar mais um coadjuvante de luxo.<\/p>\n<p>Neymar n\u00e3o tem brilhado como antes e, ap\u00f3s o Campeonato Espanhol, s\u00f3 vai reaparecer na Olimp\u00edada do Rio, em agosto, uma vez que n\u00e3o entrou na pr\u00e9-lista do Dunga na Copa Am\u00e9rica Centen\u00e1rio, em junho, nos Estados Unidos.<\/p>\n<p>&nbsp;<\/p>\n","protected":false},"excerpt":{"rendered":"<p>Quando o jogo com o Betis come\u00e7ou, o Barcelona, com 82 pontos, ocupava a terceira coloca\u00e7\u00e3o do Campeonato [&hellip;]<\/p>\n","protected":false},"author":102107496,"featured_media":0,"comment_status":"open","ping_status":"open","sticky":false,"template":"","format":"standard","meta":{"_coblocks_attr":"","_coblocks_dimensions":"","_coblocks_responsive_height":"","_coblocks_accordion_ie_support":"","_jetpack_newsletter_access":"","_jetpack_dont_email_post_to_subs":false,"_jetpack_newsletter_tier_id":0,"_jetpack_memberships_contains_paywalled_content":false,"_wpcom_ai_launchpad_first_post":false,"_jetpack_feature_clip_id":0,"_jetpack_memberships_contains_paid_content":false,"footnotes":"","jetpack_publicize_message":"","jetpack_publicize_feature_enabled":true,"jetpack_social_post_already_shared":false,"jetpack_social_options":{"image_generator_settings":{"template":"highway","default_image_id":0,"font":"","enabled":false},"version":2},"jetpack_post_was_ever_published":false},"categories":[53870],"tags":[489635653,4104609,224693,789560560,81750,4112146,1955030],"class_list":["post-2719","post","type-post","status-publish","format-standard","hentry","category-futebol","tag-betis-x-barcelons","tag-campeonato-espanhol","tag-fcbarcelona","tag-futebol","tag-messi","tag-neymar","tag-suarez"],"yoast_head":"<!-- This site is optimized with the Yoast SEO plugin v28.3 - https:\/\/yoast.com\/product\/yoast-seo-wordpress\/ -->\n<title>Barcelona continua soberano no Campeonato Espanhol - PR\u00d3SPERI NEWS<\/title>\n<meta name=\"robots\" content=\"index, follow, max-snippet:-1, max-image-preview:large, max-video-preview:-1\" \/>\n<link rel=\"canonical\" href=\"https:\/\/blogdoprosperi.com\/?p=2719\" \/>\n<meta property=\"og:locale\" content=\"pt_BR\" \/>\n<meta property=\"og:type\" content=\"article\" \/>\n<meta property=\"og:title\" content=\"Barcelona continua soberano no Campeonato Espanhol - PR\u00d3SPERI NEWS\" \/>\n<meta property=\"og:description\" content=\"Quando o jogo com o Betis come\u00e7ou, o Barcelona, com 82 pontos, ocupava a terceira coloca\u00e7\u00e3o do Campeonato [&hellip;]\" \/>\n<meta property=\"og:url\" content=\"https:\/\/blogdoprosperi.com\/?p=2719\" \/>\n<meta property=\"og:site_name\" content=\"PR\u00d3SPERI NEWS\" \/>\n<meta property=\"article:publisher\" content=\"Luiz Pr\u00f3speri\" \/>\n<meta property=\"article:author\" content=\"Luiz Pr\u00f3speri\" \/>\n<meta property=\"article:published_time\" content=\"2016-04-30T20:34:59+00:00\" \/>\n<meta property=\"article:modified_time\" content=\"2016-04-30T20:45:54+00:00\" \/>\n<meta property=\"og:image\" content=\"https:\/\/blogdoprosperi.com\/wp-content\/uploads\/2016\/04\/rakitic-barcelona.jpg\" \/>\n<meta name=\"author\" content=\"Luiz Ant\u00f4nio Pr\u00f3speri\" \/>\n<meta name=\"twitter:card\" content=\"summary_large_image\" \/>\n<meta name=\"twitter:creator\" content=\"@Luizprosperi\" \/>\n<meta name=\"twitter:site\" content=\"@Luizprosperi\" \/>\n<meta name=\"twitter:label1\" content=\"Escrito por\" \/>\n\t<meta name=\"twitter:data1\" content=\"Luiz Ant\u00f4nio Pr\u00f3speri\" \/>\n\t<meta name=\"twitter:label2\" content=\"Est. tempo de leitura\" \/>\n\t<meta name=\"twitter:data2\" content=\"3 minutos\" \/>\n<script type=\"application\/ld+json\" class=\"yoast-schema-graph\">{\"@context\":\"https:\\\/\\\/schema.org\",\"@graph\":[{\"@type\":\"Article\",\"@id\":\"https:\\\/\\\/blogdoprosperi.com\\\/?p=2719#article\",\"isPartOf\":{\"@id\":\"https:\\\/\\\/blogdoprosperi.com\\\/?p=2719\"},\"author\":{\"name\":\"Luiz Ant\u00f4nio Pr\u00f3speri\",\"@id\":\"https:\\\/\\\/blogdoprosperi.com\\\/#\\\/schema\\\/person\\\/38100755ce3601861ee4fab9b5aa78e9\"},\"headline\":\"Barcelona continua soberano no Campeonato Espanhol\",\"datePublished\":\"2016-04-30T20:34:59+00:00\",\"dateModified\":\"2016-04-30T20:45:54+00:00\",\"mainEntityOfPage\":{\"@id\":\"https:\\\/\\\/blogdoprosperi.com\\\/?p=2719\"},\"wordCount\":563,\"commentCount\":0,\"publisher\":{\"@id\":\"https:\\\/\\\/blogdoprosperi.com\\\/#\\\/schema\\\/person\\\/38100755ce3601861ee4fab9b5aa78e9\"},\"image\":{\"@id\":\"https:\\\/\\\/blogdoprosperi.com\\\/?p=2719#primaryimage\"},\"thumbnailUrl\":\"https:\\\/\\\/blogdoprosperi.com\\\/wp-content\\\/uploads\\\/2016\\\/04\\\/rakitic-barcelona.jpg\",\"keywords\":[\"Betis x Barcelons\",\"Campeonato Espanhol\",\"FCBarcelona\",\"futebol\",\"Messi\",\"Neymar\",\"Su\u00e1rez\"],\"articleSection\":[\"futebol\"],\"inLanguage\":\"pt-BR\",\"potentialAction\":[{\"@type\":\"CommentAction\",\"name\":\"Comment\",\"target\":[\"https:\\\/\\\/blogdoprosperi.com\\\/?p=2719#respond\"]}]},{\"@type\":\"WebPage\",\"@id\":\"https:\\\/\\\/blogdoprosperi.com\\\/?p=2719\",\"url\":\"https:\\\/\\\/blogdoprosperi.com\\\/?p=2719\",\"name\":\"Barcelona continua soberano no Campeonato Espanhol - PR\u00d3SPERI NEWS\",\"isPartOf\":{\"@id\":\"https:\\\/\\\/blogdoprosperi.com\\\/#website\"},\"primaryImageOfPage\":{\"@id\":\"https:\\\/\\\/blogdoprosperi.com\\\/?p=2719#primaryimage\"},\"image\":{\"@id\":\"https:\\\/\\\/blogdoprosperi.com\\\/?p=2719#primaryimage\"},\"thumbnailUrl\":\"https:\\\/\\\/blogdoprosperi.com\\\/wp-content\\\/uploads\\\/2016\\\/04\\\/rakitic-barcelona.jpg\",\"datePublished\":\"2016-04-30T20:34:59+00:00\",\"dateModified\":\"2016-04-30T20:45:54+00:00\",\"breadcrumb\":{\"@id\":\"https:\\\/\\\/blogdoprosperi.com\\\/?p=2719#breadcrumb\"},\"inLanguage\":\"pt-BR\",\"potentialAction\":[{\"@type\":\"ReadAction\",\"target\":[\"https:\\\/\\\/blogdoprosperi.com\\\/?p=2719\"]}]},{\"@type\":\"ImageObject\",\"inLanguage\":\"pt-BR\",\"@id\":\"https:\\\/\\\/blogdoprosperi.com\\\/?p=2719#primaryimage\",\"url\":\"https:\\\/\\\/i0.wp.com\\\/blogdoprosperi.com\\\/wp-content\\\/uploads\\\/2016\\\/04\\\/rakitic-barcelona.jpg?fit=621%2C386&ssl=1\",\"contentUrl\":\"https:\\\/\\\/i0.wp.com\\\/blogdoprosperi.com\\\/wp-content\\\/uploads\\\/2016\\\/04\\\/rakitic-barcelona.jpg?fit=621%2C386&ssl=1\",\"width\":621,\"height\":386},{\"@type\":\"BreadcrumbList\",\"@id\":\"https:\\\/\\\/blogdoprosperi.com\\\/?p=2719#breadcrumb\",\"itemListElement\":[{\"@type\":\"ListItem\",\"position\":1,\"name\":\"In\u00edcio\",\"item\":\"https:\\\/\\\/blogdoprosperi.com\\\/\"},{\"@type\":\"ListItem\",\"position\":2,\"name\":\"Barcelona continua soberano no Campeonato Espanhol\"}]},{\"@type\":\"WebSite\",\"@id\":\"https:\\\/\\\/blogdoprosperi.com\\\/#website\",\"url\":\"https:\\\/\\\/blogdoprosperi.com\\\/\",\"name\":\"PR\u00d3SPERI NEWS\",\"description\":\"TUDO \u00c9  FUTEBOL\",\"publisher\":{\"@id\":\"https:\\\/\\\/blogdoprosperi.com\\\/#\\\/schema\\\/person\\\/38100755ce3601861ee4fab9b5aa78e9\"},\"alternateName\":\"blogdoprosperi.com\",\"potentialAction\":[{\"@type\":\"SearchAction\",\"target\":{\"@type\":\"EntryPoint\",\"urlTemplate\":\"https:\\\/\\\/blogdoprosperi.com\\\/?s={search_term_string}\"},\"query-input\":{\"@type\":\"PropertyValueSpecification\",\"valueRequired\":true,\"valueName\":\"search_term_string\"}}],\"inLanguage\":\"pt-BR\"},{\"@type\":[\"Person\",\"Organization\"],\"@id\":\"https:\\\/\\\/blogdoprosperi.com\\\/#\\\/schema\\\/person\\\/38100755ce3601861ee4fab9b5aa78e9\",\"name\":\"Luiz Ant\u00f4nio Pr\u00f3speri\",\"pronouns\":\"ele\",\"image\":{\"@type\":\"ImageObject\",\"inLanguage\":\"pt-BR\",\"@id\":\"https:\\\/\\\/i0.wp.com\\\/blogdoprosperi.com\\\/wp-content\\\/uploads\\\/2026\\\/05\\\/cropped-8059e613-6002-42fa-961e-8e275f575d71-2-5.jpg?fit=1360%2C931&ssl=1\",\"url\":\"https:\\\/\\\/i0.wp.com\\\/blogdoprosperi.com\\\/wp-content\\\/uploads\\\/2026\\\/05\\\/cropped-8059e613-6002-42fa-961e-8e275f575d71-2-5.jpg?fit=1360%2C931&ssl=1\",\"contentUrl\":\"https:\\\/\\\/i0.wp.com\\\/blogdoprosperi.com\\\/wp-content\\\/uploads\\\/2026\\\/05\\\/cropped-8059e613-6002-42fa-961e-8e275f575d71-2-5.jpg?fit=1360%2C931&ssl=1\",\"width\":1360,\"height\":931,\"caption\":\"Luiz Ant\u00f4nio Pr\u00f3speri\"},\"logo\":{\"@id\":\"https:\\\/\\\/i0.wp.com\\\/blogdoprosperi.com\\\/wp-content\\\/uploads\\\/2026\\\/05\\\/cropped-8059e613-6002-42fa-961e-8e275f575d71-2-5.jpg?fit=1360%2C931&ssl=1\"},\"description\":\"Jornalista com carreira dedicada ao esporte. Cobriu 9 Copas do Mundo in loco, 1990 na It\u00e1lia, 1994 nos EUA, 1998 na Fran\u00e7a, 2002 na Coreia do Sul e Jap\u00e3o, 2006 na Alemanha, 2010 na \u00c1frica do Sul, 2014 no Brasil, 2018 na R\u00fassia e 2022 no Qatar. Eurocopas, 1992 na Su\u00e9cia e 1996 na Inglaterra. Copa das Confedera\u00e7\u00f5es de 2005 na Alemanha e 2009 na \u00c1frica do Sul. Rep\u00f3rter e Editor, trabalhou no Jornal da Tarde e Estad\u00e3o, de 1984 a fevereiro de 2016. Colunista, blogueiro. E comentarista de futebol na R\u00e1dio Estad\u00e3o, de 2013 a fevereiro de 2016. Jornalista respons\u00e1vel do \\\"Pr\u00f3speri News\\\" (blogdoprosperi.com).\",\"sameAs\":[\"http:\\\/\\\/blogdoprosperi.com\",\"Luiz Pr\u00f3speri\",\"@luiz_prosperi\",\"https:\\\/\\\/x.com\\\/Luizprosperi\",\"@prosperinacopa\",\"luiz.prosperi@icloud.com\"],\"url\":\"https:\\\/\\\/blogdoprosperi.com\\\/?author=102107496\"}]}<\/script>\n<!-- \/ Yoast SEO plugin. -->","yoast_head_json":{"title":"Barcelona continua soberano no Campeonato Espanhol - PR\u00d3SPERI NEWS","robots":{"index":"index","follow":"follow","max-snippet":"max-snippet:-1","max-image-preview":"max-image-preview:large","max-video-preview":"max-video-preview:-1"},"canonical":"https:\/\/blogdoprosperi.com\/?p=2719","og_locale":"pt_BR","og_type":"article","og_title":"Barcelona continua soberano no Campeonato Espanhol - PR\u00d3SPERI NEWS","og_description":"Quando o jogo com o Betis come\u00e7ou, o Barcelona, com 82 pontos, ocupava a terceira coloca\u00e7\u00e3o do Campeonato [&hellip;]","og_url":"https:\/\/blogdoprosperi.com\/?p=2719","og_site_name":"PR\u00d3SPERI NEWS","article_publisher":"Luiz Pr\u00f3speri","article_author":"Luiz Pr\u00f3speri","article_published_time":"2016-04-30T20:34:59+00:00","article_modified_time":"2016-04-30T20:45:54+00:00","og_image":[{"url":"https:\/\/blogdoprosperi.com\/wp-content\/uploads\/2016\/04\/rakitic-barcelona.jpg","type":"","width":"","height":""}],"author":"Luiz Ant\u00f4nio Pr\u00f3speri","twitter_card":"summary_large_image","twitter_creator":"@Luizprosperi","twitter_site":"@Luizprosperi","twitter_misc":{"Escrito por":"Luiz Ant\u00f4nio Pr\u00f3speri","Est. tempo de leitura":"3 minutos"},"schema":{"@context":"https:\/\/schema.org","@graph":[{"@type":"Article","@id":"https:\/\/blogdoprosperi.com\/?p=2719#article","isPartOf":{"@id":"https:\/\/blogdoprosperi.com\/?p=2719"},"author":{"name":"Luiz Ant\u00f4nio Pr\u00f3speri","@id":"https:\/\/blogdoprosperi.com\/#\/schema\/person\/38100755ce3601861ee4fab9b5aa78e9"},"headline":"Barcelona continua soberano no Campeonato Espanhol","datePublished":"2016-04-30T20:34:59+00:00","dateModified":"2016-04-30T20:45:54+00:00","mainEntityOfPage":{"@id":"https:\/\/blogdoprosperi.com\/?p=2719"},"wordCount":563,"commentCount":0,"publisher":{"@id":"https:\/\/blogdoprosperi.com\/#\/schema\/person\/38100755ce3601861ee4fab9b5aa78e9"},"image":{"@id":"https:\/\/blogdoprosperi.com\/?p=2719#primaryimage"},"thumbnailUrl":"https:\/\/blogdoprosperi.com\/wp-content\/uploads\/2016\/04\/rakitic-barcelona.jpg","keywords":["Betis x Barcelons","Campeonato Espanhol","FCBarcelona","futebol","Messi","Neymar","Su\u00e1rez"],"articleSection":["futebol"],"inLanguage":"pt-BR","potentialAction":[{"@type":"CommentAction","name":"Comment","target":["https:\/\/blogdoprosperi.com\/?p=2719#respond"]}]},{"@type":"WebPage","@id":"https:\/\/blogdoprosperi.com\/?p=2719","url":"https:\/\/blogdoprosperi.com\/?p=2719","name":"Barcelona continua soberano no Campeonato Espanhol - PR\u00d3SPERI NEWS","isPartOf":{"@id":"https:\/\/blogdoprosperi.com\/#website"},"primaryImageOfPage":{"@id":"https:\/\/blogdoprosperi.com\/?p=2719#primaryimage"},"image":{"@id":"https:\/\/blogdoprosperi.com\/?p=2719#primaryimage"},"thumbnailUrl":"https:\/\/blogdoprosperi.com\/wp-content\/uploads\/2016\/04\/rakitic-barcelona.jpg","datePublished":"2016-04-30T20:34:59+00:00","dateModified":"2016-04-30T20:45:54+00:00","breadcrumb":{"@id":"https:\/\/blogdoprosperi.com\/?p=2719#breadcrumb"},"inLanguage":"pt-BR","potentialAction":[{"@type":"ReadAction","target":["https:\/\/blogdoprosperi.com\/?p=2719"]}]},{"@type":"ImageObject","inLanguage":"pt-BR","@id":"https:\/\/blogdoprosperi.com\/?p=2719#primaryimage","url":"https:\/\/i0.wp.com\/blogdoprosperi.com\/wp-content\/uploads\/2016\/04\/rakitic-barcelona.jpg?fit=621%2C386&ssl=1","contentUrl":"https:\/\/i0.wp.com\/blogdoprosperi.com\/wp-content\/uploads\/2016\/04\/rakitic-barcelona.jpg?fit=621%2C386&ssl=1","width":621,"height":386},{"@type":"BreadcrumbList","@id":"https:\/\/blogdoprosperi.com\/?p=2719#breadcrumb","itemListElement":[{"@type":"ListItem","position":1,"name":"In\u00edcio","item":"https:\/\/blogdoprosperi.com\/"},{"@type":"ListItem","position":2,"name":"Barcelona continua soberano no Campeonato Espanhol"}]},{"@type":"WebSite","@id":"https:\/\/blogdoprosperi.com\/#website","url":"https:\/\/blogdoprosperi.com\/","name":"PR\u00d3SPERI NEWS","description":"TUDO \u00c9  FUTEBOL","publisher":{"@id":"https:\/\/blogdoprosperi.com\/#\/schema\/person\/38100755ce3601861ee4fab9b5aa78e9"},"alternateName":"blogdoprosperi.com","potentialAction":[{"@type":"SearchAction","target":{"@type":"EntryPoint","urlTemplate":"https:\/\/blogdoprosperi.com\/?s={search_term_string}"},"query-input":{"@type":"PropertyValueSpecification","valueRequired":true,"valueName":"search_term_string"}}],"inLanguage":"pt-BR"},{"@type":["Person","Organization"],"@id":"https:\/\/blogdoprosperi.com\/#\/schema\/person\/38100755ce3601861ee4fab9b5aa78e9","name":"Luiz Ant\u00f4nio Pr\u00f3speri","pronouns":"ele","image":{"@type":"ImageObject","inLanguage":"pt-BR","@id":"https:\/\/i0.wp.com\/blogdoprosperi.com\/wp-content\/uploads\/2026\/05\/cropped-8059e613-6002-42fa-961e-8e275f575d71-2-5.jpg?fit=1360%2C931&ssl=1","url":"https:\/\/i0.wp.com\/blogdoprosperi.com\/wp-content\/uploads\/2026\/05\/cropped-8059e613-6002-42fa-961e-8e275f575d71-2-5.jpg?fit=1360%2C931&ssl=1","contentUrl":"https:\/\/i0.wp.com\/blogdoprosperi.com\/wp-content\/uploads\/2026\/05\/cropped-8059e613-6002-42fa-961e-8e275f575d71-2-5.jpg?fit=1360%2C931&ssl=1","width":1360,"height":931,"caption":"Luiz Ant\u00f4nio Pr\u00f3speri"},"logo":{"@id":"https:\/\/i0.wp.com\/blogdoprosperi.com\/wp-content\/uploads\/2026\/05\/cropped-8059e613-6002-42fa-961e-8e275f575d71-2-5.jpg?fit=1360%2C931&ssl=1"},"description":"Jornalista com carreira dedicada ao esporte. Cobriu 9 Copas do Mundo in loco, 1990 na It\u00e1lia, 1994 nos EUA, 1998 na Fran\u00e7a, 2002 na Coreia do Sul e Jap\u00e3o, 2006 na Alemanha, 2010 na \u00c1frica do Sul, 2014 no Brasil, 2018 na R\u00fassia e 2022 no Qatar. Eurocopas, 1992 na Su\u00e9cia e 1996 na Inglaterra. Copa das Confedera\u00e7\u00f5es de 2005 na Alemanha e 2009 na \u00c1frica do Sul. Rep\u00f3rter e Editor, trabalhou no Jornal da Tarde e Estad\u00e3o, de 1984 a fevereiro de 2016. Colunista, blogueiro. E comentarista de futebol na R\u00e1dio Estad\u00e3o, de 2013 a fevereiro de 2016. Jornalista respons\u00e1vel do \"Pr\u00f3speri News\" (blogdoprosperi.com).","sameAs":["http:\/\/blogdoprosperi.com","Luiz Pr\u00f3speri","@luiz_prosperi","https:\/\/x.com\/Luizprosperi","@prosperinacopa","luiz.prosperi@icloud.com"],"url":"https:\/\/blogdoprosperi.com\/?author=102107496"}]}},"jetpack_publicize_connections":[],"jetpack_likes_enabled":false,"jetpack_sharing_enabled":true,"jetpack_shortlink":"https:\/\/wp.me\/p7jvdk-HR","jetpack-related-posts":[{"id":4413,"url":"https:\/\/blogdoprosperi.com\/?p=4413","url_meta":{"origin":2719,"position":0},"title":"Real Madrid adia festa do Barcelona no Campeonato Espanhol","author":"Luiz Ant\u00f4nio Pr\u00f3speri","date":"8 de maio de 2016","format":false,"excerpt":"O Barcelona dos dribles e da solidariedade ressurgiu neste domingo na vit\u00f3ria por 5 a 0 contra o Espa\u00f1ol, no cl\u00e1ssico da Catalunha. Messi, Su\u00e1rez e Neymar combinaram boas jogadas e tiraram os beques do advers\u00e1rio para dan\u00e7ar. O resultado ainda n\u00e3o garante ao Bar\u00e7a o t\u00edtulo do Campeonato Espanhol,\u2026","rel":"","context":"Em &quot;futebol&quot;","block_context":{"text":"futebol","link":"https:\/\/blogdoprosperi.com\/?cat=53870"},"img":{"alt_text":"images","src":"https:\/\/i0.wp.com\/blogdoprosperi.com\/wp-content\/uploads\/2016\/05\/images2.jpeg?resize=350%2C200&ssl=1","width":350,"height":200},"classes":[]},{"id":1793,"url":"https:\/\/blogdoprosperi.com\/?p=1793","url_meta":{"origin":2719,"position":1},"title":"Barcelona mata a sede com 8 a 0 no La Coru\u00f1a e Neymar faz um gol","author":"Luiz Ant\u00f4nio Pr\u00f3speri","date":"20 de abril de 2016","format":false,"excerpt":"\u00a0 Luis Su\u00e1rez correu 10km no est\u00e1dio Riazor. Meteu quatro gols e deu tr\u00eas assist\u00eancias na avalanche de 8 a 0 do Barcelona em cima do La Coru\u00f1a nesta quarta-feira, 19\/4. Dos seus p\u00e9s se deu o renascimento do time catal\u00e3o, atordoado com a queda nas quartas de final da\u2026","rel":"","context":"Em &quot;futebol&quot;","block_context":{"text":"futebol","link":"https:\/\/blogdoprosperi.com\/?cat=53870"},"img":{"alt_text":"","src":"https:\/\/i0.wp.com\/blogdoprosperi.com\/wp-content\/uploads\/2016\/04\/201604201620533393_rts.jpg?resize=350%2C200&ssl=1","width":350,"height":200,"srcset":"https:\/\/i0.wp.com\/blogdoprosperi.com\/wp-content\/uploads\/2016\/04\/201604201620533393_rts.jpg?resize=350%2C200&ssl=1 1x, https:\/\/i0.wp.com\/blogdoprosperi.com\/wp-content\/uploads\/2016\/04\/201604201620533393_rts.jpg?resize=525%2C300&ssl=1 1.5x"},"classes":[]},{"id":29569,"url":"https:\/\/blogdoprosperi.com\/?p=29569","url_meta":{"origin":2719,"position":2},"title":"Messi restabelece hierarquia do Bar\u00e7a no Campeonato Espanhol","author":"Luiz Ant\u00f4nio Pr\u00f3speri","date":"22 de outubro de 2016","format":false,"excerpt":"Avaliado em R$ 2,6 bilh\u00f5es, tridente Messi-Neymar-Su\u00e1rez se imp\u00f5e ao Valencia Neymar renovou contrato com Barcelona por 12 milh\u00f5es de euros (R$ 41 milh\u00f5es) por ano at\u00e9 2021. Luis Su\u00e1rez \u00e9 o pr\u00f3ximo da fila. Messi j\u00e1 havia renovado. Os tr\u00eas valem o quanto pesam, cerca de R$ 2,6 bilh\u00f5es.\u2026","rel":"","context":"Em &quot;futebol&quot;","block_context":{"text":"futebol","link":"https:\/\/blogdoprosperi.com\/?cat=53870"},"img":{"alt_text":"","src":"https:\/\/i0.wp.com\/blogdoprosperi.com\/wp-content\/uploads\/2016\/10\/5815.jpg?resize=350%2C200&ssl=1","width":350,"height":200,"srcset":"https:\/\/i0.wp.com\/blogdoprosperi.com\/wp-content\/uploads\/2016\/10\/5815.jpg?resize=350%2C200&ssl=1 1x, https:\/\/i0.wp.com\/blogdoprosperi.com\/wp-content\/uploads\/2016\/10\/5815.jpg?resize=525%2C300&ssl=1 1.5x, https:\/\/i0.wp.com\/blogdoprosperi.com\/wp-content\/uploads\/2016\/10\/5815.jpg?resize=700%2C400&ssl=1 2x, https:\/\/i0.wp.com\/blogdoprosperi.com\/wp-content\/uploads\/2016\/10\/5815.jpg?resize=1050%2C600&ssl=1 3x, https:\/\/i0.wp.com\/blogdoprosperi.com\/wp-content\/uploads\/2016\/10\/5815.jpg?resize=1400%2C800&ssl=1 4x"},"classes":[]},{"id":48392,"url":"https:\/\/blogdoprosperi.com\/?p=48392","url_meta":{"origin":2719,"position":3},"title":"Vitor Roque \u00e9 do Palmeiras | Contrata\u00e7\u00e3o Mais Cara do Futebol Brasileiro","author":"Luiz Ant\u00f4nio Pr\u00f3speri","date":"26 de fevereiro de 2025","format":false,"excerpt":"Palmeiras paga R$ 154,5 milh\u00f5es por VR e supera a transfer\u00eancia do argentino Almada ao Botafogo por R$ 137,4 milh\u00f5es, em julho de 2024 Vitor Roque pode ser inscrito ainda no Paulist\u00e3o 2025, caso o Palmeiras avance \u00e0s semifinais eliminando o S\u00e3o Bernardo, s\u00e1bado, no ABC paulista. Luiz Antonio Pr\u00f3speri\u2026","rel":"","context":"Em &quot;futebol&quot;","block_context":{"text":"futebol","link":"https:\/\/blogdoprosperi.com\/?cat=53870"},"img":{"alt_text":"Vitor Roque \u00e9 do Palmeiras","src":"https:\/\/i0.wp.com\/blogdoprosperi.com\/wp-content\/uploads\/2025\/02\/captura-de-tela-2025-02-28-as-16.13.48.png?fit=1200%2C656&ssl=1&resize=350%2C200","width":350,"height":200,"srcset":"https:\/\/i0.wp.com\/blogdoprosperi.com\/wp-content\/uploads\/2025\/02\/captura-de-tela-2025-02-28-as-16.13.48.png?fit=1200%2C656&ssl=1&resize=350%2C200 1x, https:\/\/i0.wp.com\/blogdoprosperi.com\/wp-content\/uploads\/2025\/02\/captura-de-tela-2025-02-28-as-16.13.48.png?fit=1200%2C656&ssl=1&resize=525%2C300 1.5x, https:\/\/i0.wp.com\/blogdoprosperi.com\/wp-content\/uploads\/2025\/02\/captura-de-tela-2025-02-28-as-16.13.48.png?fit=1200%2C656&ssl=1&resize=700%2C400 2x, https:\/\/i0.wp.com\/blogdoprosperi.com\/wp-content\/uploads\/2025\/02\/captura-de-tela-2025-02-28-as-16.13.48.png?fit=1200%2C656&ssl=1&resize=1050%2C600 3x"},"classes":[]},{"id":48241,"url":"https:\/\/blogdoprosperi.com\/?p=48241","url_meta":{"origin":2719,"position":4},"title":"#Cr\u00f4nicaSab\u00e1tica #14 | Endrick &amp; Vitor, Dois Meninos Sem Rumo na Europa","author":"Luiz Ant\u00f4nio Pr\u00f3speri","date":"22 de fevereiro de 2025","format":false,"excerpt":"Luiz Ant\u00f4nio Pr\u00f3speri \u2013 22 fevereiro (09h45) \u2013 Endrick e Vitor Roque viviam a certeza de jogar na Europa ao completarem a maioridade. Vitor, um ano mais velho, chega em 2023 no Barcelona. Endrick, um ano depois, desembarca no Real Madrid. Seriam astros precoces nos lend\u00e1rios clubes espanh\u00f3is. Um desafiando\u2026","rel":"","context":"Em &quot;futebol&quot;","block_context":{"text":"futebol","link":"https:\/\/blogdoprosperi.com\/?cat=53870"},"img":{"alt_text":"Endrick e Vitor Roque, sem rumo na Europa","src":"https:\/\/i0.wp.com\/blogdoprosperi.com\/wp-content\/uploads\/2025\/02\/captura-de-tela-2025-02-21-as-16.54.45.png?fit=1174%2C642&ssl=1&resize=350%2C200","width":350,"height":200,"srcset":"https:\/\/i0.wp.com\/blogdoprosperi.com\/wp-content\/uploads\/2025\/02\/captura-de-tela-2025-02-21-as-16.54.45.png?fit=1174%2C642&ssl=1&resize=350%2C200 1x, https:\/\/i0.wp.com\/blogdoprosperi.com\/wp-content\/uploads\/2025\/02\/captura-de-tela-2025-02-21-as-16.54.45.png?fit=1174%2C642&ssl=1&resize=525%2C300 1.5x, https:\/\/i0.wp.com\/blogdoprosperi.com\/wp-content\/uploads\/2025\/02\/captura-de-tela-2025-02-21-as-16.54.45.png?fit=1174%2C642&ssl=1&resize=700%2C400 2x, https:\/\/i0.wp.com\/blogdoprosperi.com\/wp-content\/uploads\/2025\/02\/captura-de-tela-2025-02-21-as-16.54.45.png?fit=1174%2C642&ssl=1&resize=1050%2C600 3x"},"classes":[]},{"id":30680,"url":"https:\/\/blogdoprosperi.com\/?p=30680","url_meta":{"origin":2719,"position":5},"title":"GUARDIOLA ENQUADRA BARCELONA","author":"Luiz Ant\u00f4nio Pr\u00f3speri","date":"1 de novembro de 2016","format":false,"excerpt":"Pep Guardiola n\u00e3o perdoa os que um dia o humilharam. Desde os 4 a 0 do seu ex-Barcelona em cima do agora seu Manchester City no Camp Nou, n\u00e3o havia meio de tirar o espinho da garganta. Digerir aquela goleada era uma obriga\u00e7\u00e3o. Alguns trope\u00e7os em casa em competi\u00e7\u00f5es dom\u00e9sticas\u2026","rel":"","context":"Em &quot;Champions League&quot;","block_context":{"text":"Champions League","link":"https:\/\/blogdoprosperi.com\/?cat=9107"},"img":{"alt_text":"","src":"https:\/\/i0.wp.com\/blogdoprosperi.com\/wp-content\/uploads\/2016\/11\/4404.jpg?resize=350%2C200","width":350,"height":200,"srcset":"https:\/\/i0.wp.com\/blogdoprosperi.com\/wp-content\/uploads\/2016\/11\/4404.jpg?resize=350%2C200 1x, https:\/\/i0.wp.com\/blogdoprosperi.com\/wp-content\/uploads\/2016\/11\/4404.jpg?resize=525%2C300 1.5x"},"classes":[]}],"jetpack_featured_media_url":"","_links":{"self":[{"href":"https:\/\/blogdoprosperi.com\/index.php?rest_route=\/wp\/v2\/posts\/2719","targetHints":{"allow":["GET"]}}],"collection":[{"href":"https:\/\/blogdoprosperi.com\/index.php?rest_route=\/wp\/v2\/posts"}],"about":[{"href":"https:\/\/blogdoprosperi.com\/index.php?rest_route=\/wp\/v2\/types\/post"}],"author":[{"embeddable":true,"href":"https:\/\/blogdoprosperi.com\/index.php?rest_route=\/wp\/v2\/users\/102107496"}],"replies":[{"embeddable":true,"href":"https:\/\/blogdoprosperi.com\/index.php?rest_route=%2Fwp%2Fv2%2Fcomments&post=2719"}],"version-history":[{"count":25,"href":"https:\/\/blogdoprosperi.com\/index.php?rest_route=\/wp\/v2\/posts\/2719\/revisions"}],"predecessor-version":[{"id":2814,"href":"https:\/\/blogdoprosperi.com\/index.php?rest_route=\/wp\/v2\/posts\/2719\/revisions\/2814"}],"wp:attachment":[{"href":"https:\/\/blogdoprosperi.com\/index.php?rest_route=%2Fwp%2Fv2%2Fmedia&parent=2719"}],"wp:term":[{"taxonomy":"category","embeddable":true,"href":"https:\/\/blogdoprosperi.com\/index.php?rest_route=%2Fwp%2Fv2%2Fcategories&post=2719"},{"taxonomy":"post_tag","embeddable":true,"href":"https:\/\/blogdoprosperi.com\/index.php?rest_route=%2Fwp%2Fv2%2Ftags&post=2719"}],"curies":[{"name":"wp","href":"https:\/\/api.w.org\/{rel}","templated":true}]}}