{"id":27229,"date":"2016-10-03T11:05:45","date_gmt":"2016-10-03T14:05:45","guid":{"rendered":"http:\/\/blogdoprosperi.com\/?p=27229"},"modified":"2016-10-03T11:39:27","modified_gmt":"2016-10-03T14:39:27","slug":"copa-libertadores-muda-e-vira-brasileirao-do-avesso","status":"publish","type":"post","link":"https:\/\/blogdoprosperi.com\/?p=27229","title":{"rendered":"Copa Libertadores muda e vira Brasileir\u00e3o do avesso"},"content":{"rendered":"<p><span class=\"alignnone\"><img data-recalc-dims=\"1\" loading=\"lazy\" decoding=\"async\" data-attachment-id=\"26730\" data-permalink=\"https:\/\/blogdoprosperi.com\/?attachment_id=26730\" data-orig-file=\"https:\/\/i0.wp.com\/blogdoprosperi.com\/wp-content\/uploads\/2016\/09\/libertadores-trofeu-480-getty-images.jpg?fit=620%2C465&amp;ssl=1\" data-orig-size=\"620,465\" data-comments-opened=\"1\" data-image-meta=\"{&quot;aperture&quot;:&quot;0&quot;,&quot;credit&quot;:&quot;&quot;,&quot;camera&quot;:&quot;&quot;,&quot;caption&quot;:&quot;&quot;,&quot;created_timestamp&quot;:&quot;0&quot;,&quot;copyright&quot;:&quot;&quot;,&quot;focal_length&quot;:&quot;0&quot;,&quot;iso&quot;:&quot;0&quot;,&quot;shutter_speed&quot;:&quot;0&quot;,&quot;title&quot;:&quot;&quot;,&quot;orientation&quot;:&quot;0&quot;}\" data-image-title=\"libertadores-trofeu-480-getty-images\" data-image-description=\"\" data-image-caption=\"&lt;p&gt;ta\u00e7a libertadores \u2013 foto: Conmebol oficial&lt;\/p&gt;\n\" data-large-file=\"https:\/\/i0.wp.com\/blogdoprosperi.com\/wp-content\/uploads\/2016\/09\/libertadores-trofeu-480-getty-images.jpg?fit=620%2C465&amp;ssl=1\" class=\"alignnone size-full wp-image-26730\" src=\"https:\/\/i0.wp.com\/blogdoprosperi.com\/wp-content\/uploads\/2016\/09\/libertadores-trofeu-480-getty-images.jpg?resize=620%2C465&#038;ssl=1\" alt=\"libertadores-trofeu-480-getty-images\" width=\"620\" height=\"465\" \/><\/span><\/p>\n<p>Decis\u00e3o da Confedera\u00e7\u00e3o Sul-Americana de Futebol (Conmebol) de aumentar o n\u00fameros de clubes brasileiros na<a href=\"http:\/\/blogdoprosperi.com\/2016\/09\/27\/copa-libertadores-muda-formato-e-obriga-clubes-a-gastar-mais-com-jogadores\/\">\u00a0Copa Libertadores de 2017,<\/a>\u00a0de 5 para 7, interfere diretamente no atual Brasileir\u00e3o. O G-4 passa a ser G-6 e vira do avesso o campeonato nacional. Clubes que lutavam para n\u00e3o cair t\u00eam agora chance de conquistar uma vaga na competi\u00e7\u00e3o internacional. \u00c9 um afronta ao regulamento e chama aten\u00e7\u00e3o o interesse dos cartolas em apressar as mudan\u00e7as.<!--more--><\/p>\n<p>Vamos entender como vai funcionar a Libertadores do ano que vem, sob o olhar do futebol brasileiro.<\/p>\n<p>1. Libertadores passa de 38 clubes para 44 e vai ser disputada de fevereiro a novembro.<\/p>\n<p>2. O Brasil tinha 5 vagas e passa a ter 7 &#8211; os seis primeiros colocados (G-6) do Brasileir\u00e3o-2016 e mais o campe\u00e3o da Copa do Brasil 2016.<\/p>\n<p>3. Se o campe\u00e3o da Copa do Brasil de 2016 estiver entre os seis primeiros do atual Brasileir\u00e3o, o G-6 vira G-7.<\/p>\n<p>Diante desse novo formato, o <a href=\"http:\/\/blogdoprosperi.com\/2016\/09\/29\/flamengo-cai-na-sul-americana-e-fica-livre-para-morder-o-palmeiras\/\">Campeonato Brasileiro vai sofrer uma mudan\u00e7a significativa e pode premiar clubes com rendimento baixo ao final da competi\u00e7\u00e3o<\/a>. Lembrando que restam 10 rodadas &#8211; 30 pontos em disputa.<\/p>\n<p>Veja os casos do Coritiba (16\u00ba colocado) e Cruzeiro (15\u00ba colocado), ambos com 33 pontos, ali na beira da zona de rebaixamento \u00e0 S\u00e9rie B. Os dois times est\u00e3o a 9 pontos do G-6 &#8211; o sexto colocado \u00e9 o Atl\u00e9tico-PR, com 42 pontos.<\/p>\n<p>O <a href=\"http:\/\/blogdoprosperi.com\/2016\/10\/01\/sao-paulo-chora-aos-pes-de-chavez-diante-do-flamengo-no-morumbi\/\">S\u00e3o Paulo, por exemplo, tem 35 pontos e est\u00e1 apenas a 7 pontos do G-6<\/a>, portanto com chance real de chegar \u00e0 Libertadores de 2017. Antes da mudan\u00e7a, era quase imposs\u00edvel o Tricolor pensar nessa possibilidade.<\/p>\n<p><a href=\"http:\/\/blogdoprosperi.com\/2016\/10\/01\/corinthians-afunda-e-obriga-dirigentes-a-buscar-novo-treinador\/\">Situa\u00e7\u00e3o do Corinthians tamb\u00e9m chama aten\u00e7\u00e3o<\/a>. Em queda livre, a cinco rodadas sem vencer, estava quase fora da briga por vaga na Libertadores. Com a mudan\u00e7a, est\u00e1 apenas 1 ponto do G-6. E pode salvar a p\u00e9ssima temporada do time.<\/p>\n<p>Quem est\u00e1 na parte de cima da tabela, casos de Palmeiras, Flamengo, Atl\u00e9tico-MG, Santos e Fluminense, j\u00e1 podem dormir tranquilos. Dificilmente deixar\u00e3o de se classificar \u00e0 Libertadores 2017.<\/p>\n<p>Veja como ficou a distribui\u00e7\u00e3o das vagas na Libertadores e Copa Sul-Americana no quadro abaixo divulgado pela Conmebol nesta manh\u00e3 de segunda-feira (03\/11):<\/p>\n<p><span class=\"alignnone\"><img data-recalc-dims=\"1\" loading=\"lazy\" decoding=\"async\" data-attachment-id=\"27268\" data-permalink=\"https:\/\/blogdoprosperi.com\/?attachment_id=27268\" data-orig-file=\"https:\/\/i0.wp.com\/blogdoprosperi.com\/wp-content\/uploads\/2016\/10\/conmebol.jpg?fit=690%2C570&amp;ssl=1\" data-orig-size=\"690,570\" data-comments-opened=\"1\" data-image-meta=\"{&quot;aperture&quot;:&quot;0&quot;,&quot;credit&quot;:&quot;&quot;,&quot;camera&quot;:&quot;&quot;,&quot;caption&quot;:&quot;&quot;,&quot;created_timestamp&quot;:&quot;0&quot;,&quot;copyright&quot;:&quot;&quot;,&quot;focal_length&quot;:&quot;0&quot;,&quot;iso&quot;:&quot;0&quot;,&quot;shutter_speed&quot;:&quot;0&quot;,&quot;title&quot;:&quot;&quot;,&quot;orientation&quot;:&quot;0&quot;}\" data-image-title=\"conmebol\" data-image-description=\"\" data-image-caption=\"\" data-large-file=\"https:\/\/i0.wp.com\/blogdoprosperi.com\/wp-content\/uploads\/2016\/10\/conmebol.jpg?fit=690%2C570&amp;ssl=1\" class=\"alignnone size-full wp-image-27268\" src=\"https:\/\/i0.wp.com\/blogdoprosperi.com\/wp-content\/uploads\/2016\/10\/conmebol.jpg?resize=690%2C570&#038;ssl=1\" alt=\"conmebol\" width=\"690\" height=\"570\" \/><\/span><\/p>\n<p>Toda essa reviravolta, segundo cartolas da Conmebol e o presidente da Federa\u00e7\u00e3o Paulista de Futebol, Reinaldo Carneiro Bastos (representante da CBF), presente na reuni\u00e3o da confedera\u00e7\u00e3o em Bogot\u00e1 quando foram definidas as mudan\u00e7as, \u00e9 uma forma de valorizar o futebol sul-americano.<\/p>\n<p>Veja o que disse Alejandro Dominguez, presidente da Conmebol:<\/p>\n<blockquote><p>&#8220;Hoje em dia, o futebol sul-americano produz os melhores jogadores do mundo e conta com as torcidas mais apaixonadas. Sem d\u00favida, nas \u00faltimas d\u00e9cadas, vimos uma queda em nosso desempenho esportivo, sofremos grandes fugas de talento e perdemos f\u00e3s diante de outros mercados. Estas melhoras buscam melhorar a qualidade de nossos torneios para gerar mais receita que nos permita investir mais recursos no desenvolvimento do futebol, em todos os seus formatos, e fechar a brecha econ\u00f4mica que vem minando nossa competitividade esportiva&#8221;.<\/p><\/blockquote>\n<p><span class=\"alignnone\"><img data-recalc-dims=\"1\" loading=\"lazy\" decoding=\"async\" data-attachment-id=\"27309\" data-permalink=\"https:\/\/blogdoprosperi.com\/?attachment_id=27309\" data-orig-file=\"https:\/\/i0.wp.com\/blogdoprosperi.com\/wp-content\/uploads\/2016\/10\/medellin1.jpg?fit=955%2C537&amp;ssl=1\" data-orig-size=\"955,537\" data-comments-opened=\"1\" data-image-meta=\"{&quot;aperture&quot;:&quot;0&quot;,&quot;credit&quot;:&quot;&quot;,&quot;camera&quot;:&quot;&quot;,&quot;caption&quot;:&quot;&quot;,&quot;created_timestamp&quot;:&quot;0&quot;,&quot;copyright&quot;:&quot;&quot;,&quot;focal_length&quot;:&quot;0&quot;,&quot;iso&quot;:&quot;0&quot;,&quot;shutter_speed&quot;:&quot;0&quot;,&quot;title&quot;:&quot;&quot;,&quot;orientation&quot;:&quot;0&quot;}\" data-image-title=\"medellin1\" data-image-description=\"\" data-image-caption=\"\" data-large-file=\"https:\/\/i0.wp.com\/blogdoprosperi.com\/wp-content\/uploads\/2016\/10\/medellin1.jpg?fit=940%2C529&amp;ssl=1\" class=\"alignnone size-full wp-image-27309\" src=\"https:\/\/i0.wp.com\/blogdoprosperi.com\/wp-content\/uploads\/2016\/10\/medellin1.jpg?resize=940%2C529&#038;ssl=1\" alt=\"medellin1\" width=\"940\" height=\"529\" \/><\/span><\/p>\n<p>An\u00e1lise bem subjetiva, j\u00e1 que a Conmebol n\u00e3o divulga valores dos contratos de marketing e venda dos direitos de transmiss\u00e3o dos jogos na televis\u00e3o, indica que teremos novas e acirradas negocia\u00e7\u00f5es com as redes de TV e clubes.<\/p>\n<p>Para quem n\u00e3o se lembra, o maior esc\u00e2ndalo do futebol internacional, com direito a pris\u00e3o de cartolas e uma devassa na Fifa e na pr\u00f3pria Conmebol em 2015, teve como origem a corrup\u00e7\u00e3o na hora de repartir o bolo dos direitos de publicidade e da TV nos campeonatos internacionais.<\/p>\n","protected":false},"excerpt":{"rendered":"<p>Decis\u00e3o da Confedera\u00e7\u00e3o Sul-Americana de Futebol (Conmebol) de aumentar o n\u00fameros de clubes brasileiros na\u00a0Copa Libertadores de 2017,\u00a0de [&hellip;]<\/p>\n","protected":false},"author":102107496,"featured_media":0,"comment_status":"open","ping_status":"open","sticky":false,"template":"","format":"standard","meta":{"_coblocks_attr":"","_coblocks_dimensions":"","_coblocks_responsive_height":"","_coblocks_accordion_ie_support":"","_jetpack_newsletter_access":"","_jetpack_dont_email_post_to_subs":false,"_jetpack_newsletter_tier_id":0,"_jetpack_memberships_contains_paywalled_content":false,"_wpcom_ai_launchpad_first_post":false,"_jetpack_feature_clip_id":0,"_jetpack_memberships_contains_paid_content":false,"footnotes":"","jetpack_publicize_message":"","jetpack_publicize_feature_enabled":true,"jetpack_social_post_already_shared":false,"jetpack_social_options":{"image_generator_settings":{"template":"highway","default_image_id":0,"font":"","enabled":false},"version":2},"jetpack_post_was_ever_published":false},"categories":[355071,53870],"tags":[362595295,789560569,535722,413544154,177066,789560560,972018],"class_list":["post-27229","post","type-post","status-publish","format-standard","hentry","category-campeonato-brasileiro","category-futebol","tag-brasileirao-2016","tag-cbf","tag-conmebol","tag-copa-libertadores-2017","tag-corinthians","tag-futebol","tag-sao-paulo-fc"],"yoast_head":"<!-- This site is optimized with the Yoast SEO plugin v28.3 - https:\/\/yoast.com\/product\/yoast-seo-wordpress\/ -->\n<title>Copa Libertadores muda e vira Brasileir\u00e3o do avesso - PR\u00d3SPERI NEWS<\/title>\n<meta name=\"robots\" content=\"index, follow, max-snippet:-1, max-image-preview:large, max-video-preview:-1\" \/>\n<link rel=\"canonical\" href=\"https:\/\/blogdoprosperi.com\/?p=27229\" \/>\n<meta property=\"og:locale\" content=\"pt_BR\" \/>\n<meta property=\"og:type\" content=\"article\" \/>\n<meta property=\"og:title\" content=\"Copa Libertadores muda e vira Brasileir\u00e3o do avesso - PR\u00d3SPERI NEWS\" \/>\n<meta property=\"og:description\" content=\"Decis\u00e3o da Confedera\u00e7\u00e3o Sul-Americana de Futebol (Conmebol) de aumentar o n\u00fameros de clubes brasileiros na\u00a0Copa Libertadores de 2017,\u00a0de [&hellip;]\" \/>\n<meta property=\"og:url\" content=\"https:\/\/blogdoprosperi.com\/?p=27229\" \/>\n<meta property=\"og:site_name\" content=\"PR\u00d3SPERI NEWS\" \/>\n<meta property=\"article:publisher\" content=\"Luiz Pr\u00f3speri\" \/>\n<meta property=\"article:author\" content=\"Luiz Pr\u00f3speri\" \/>\n<meta property=\"article:published_time\" content=\"2016-10-03T14:05:45+00:00\" \/>\n<meta property=\"article:modified_time\" content=\"2016-10-03T14:39:27+00:00\" \/>\n<meta property=\"og:image\" content=\"https:\/\/blogdoprosperi.com\/wp-content\/uploads\/2016\/09\/libertadores-trofeu-480-getty-images.jpg\" \/>\n<meta name=\"author\" content=\"Luiz Ant\u00f4nio Pr\u00f3speri\" \/>\n<meta name=\"twitter:card\" content=\"summary_large_image\" \/>\n<meta name=\"twitter:creator\" content=\"@Luizprosperi\" \/>\n<meta name=\"twitter:site\" content=\"@Luizprosperi\" \/>\n<meta name=\"twitter:label1\" content=\"Escrito por\" \/>\n\t<meta name=\"twitter:data1\" content=\"Luiz Ant\u00f4nio Pr\u00f3speri\" \/>\n\t<meta name=\"twitter:label2\" content=\"Est. tempo de leitura\" \/>\n\t<meta name=\"twitter:data2\" content=\"3 minutos\" \/>\n<script type=\"application\/ld+json\" class=\"yoast-schema-graph\">{\"@context\":\"https:\\\/\\\/schema.org\",\"@graph\":[{\"@type\":\"Article\",\"@id\":\"https:\\\/\\\/blogdoprosperi.com\\\/?p=27229#article\",\"isPartOf\":{\"@id\":\"https:\\\/\\\/blogdoprosperi.com\\\/?p=27229\"},\"author\":{\"name\":\"Luiz Ant\u00f4nio Pr\u00f3speri\",\"@id\":\"https:\\\/\\\/blogdoprosperi.com\\\/#\\\/schema\\\/person\\\/38100755ce3601861ee4fab9b5aa78e9\"},\"headline\":\"Copa Libertadores muda e vira Brasileir\u00e3o do avesso\",\"datePublished\":\"2016-10-03T14:05:45+00:00\",\"dateModified\":\"2016-10-03T14:39:27+00:00\",\"mainEntityOfPage\":{\"@id\":\"https:\\\/\\\/blogdoprosperi.com\\\/?p=27229\"},\"wordCount\":604,\"commentCount\":1,\"publisher\":{\"@id\":\"https:\\\/\\\/blogdoprosperi.com\\\/#\\\/schema\\\/person\\\/38100755ce3601861ee4fab9b5aa78e9\"},\"image\":{\"@id\":\"https:\\\/\\\/blogdoprosperi.com\\\/?p=27229#primaryimage\"},\"thumbnailUrl\":\"https:\\\/\\\/blogdoprosperi.com\\\/wp-content\\\/uploads\\\/2016\\\/09\\\/libertadores-trofeu-480-getty-images.jpg\",\"keywords\":[\"Brasileir\u00e3o-2016\",\"CBF\",\"Conmebol\",\"Copa Libertadores 2017\",\"Corinthians\",\"futebol\",\"S\u00e3o Paulo FC\"],\"articleSection\":[\"Campeonato Brasileiro\",\"futebol\"],\"inLanguage\":\"pt-BR\",\"potentialAction\":[{\"@type\":\"CommentAction\",\"name\":\"Comment\",\"target\":[\"https:\\\/\\\/blogdoprosperi.com\\\/?p=27229#respond\"]}]},{\"@type\":\"WebPage\",\"@id\":\"https:\\\/\\\/blogdoprosperi.com\\\/?p=27229\",\"url\":\"https:\\\/\\\/blogdoprosperi.com\\\/?p=27229\",\"name\":\"Copa Libertadores muda e vira Brasileir\u00e3o do avesso - PR\u00d3SPERI NEWS\",\"isPartOf\":{\"@id\":\"https:\\\/\\\/blogdoprosperi.com\\\/#website\"},\"primaryImageOfPage\":{\"@id\":\"https:\\\/\\\/blogdoprosperi.com\\\/?p=27229#primaryimage\"},\"image\":{\"@id\":\"https:\\\/\\\/blogdoprosperi.com\\\/?p=27229#primaryimage\"},\"thumbnailUrl\":\"https:\\\/\\\/blogdoprosperi.com\\\/wp-content\\\/uploads\\\/2016\\\/09\\\/libertadores-trofeu-480-getty-images.jpg\",\"datePublished\":\"2016-10-03T14:05:45+00:00\",\"dateModified\":\"2016-10-03T14:39:27+00:00\",\"breadcrumb\":{\"@id\":\"https:\\\/\\\/blogdoprosperi.com\\\/?p=27229#breadcrumb\"},\"inLanguage\":\"pt-BR\",\"potentialAction\":[{\"@type\":\"ReadAction\",\"target\":[\"https:\\\/\\\/blogdoprosperi.com\\\/?p=27229\"]}]},{\"@type\":\"ImageObject\",\"inLanguage\":\"pt-BR\",\"@id\":\"https:\\\/\\\/blogdoprosperi.com\\\/?p=27229#primaryimage\",\"url\":\"https:\\\/\\\/i0.wp.com\\\/blogdoprosperi.com\\\/wp-content\\\/uploads\\\/2016\\\/09\\\/libertadores-trofeu-480-getty-images.jpg?fit=620%2C465&ssl=1\",\"contentUrl\":\"https:\\\/\\\/i0.wp.com\\\/blogdoprosperi.com\\\/wp-content\\\/uploads\\\/2016\\\/09\\\/libertadores-trofeu-480-getty-images.jpg?fit=620%2C465&ssl=1\",\"width\":620,\"height\":465,\"caption\":\"ta\u00e7a libertadores \u2013 foto: Conmebol oficial\"},{\"@type\":\"BreadcrumbList\",\"@id\":\"https:\\\/\\\/blogdoprosperi.com\\\/?p=27229#breadcrumb\",\"itemListElement\":[{\"@type\":\"ListItem\",\"position\":1,\"name\":\"In\u00edcio\",\"item\":\"https:\\\/\\\/blogdoprosperi.com\\\/\"},{\"@type\":\"ListItem\",\"position\":2,\"name\":\"Copa Libertadores muda e vira Brasileir\u00e3o do avesso\"}]},{\"@type\":\"WebSite\",\"@id\":\"https:\\\/\\\/blogdoprosperi.com\\\/#website\",\"url\":\"https:\\\/\\\/blogdoprosperi.com\\\/\",\"name\":\"PR\u00d3SPERI NEWS\",\"description\":\"TUDO \u00c9  FUTEBOL\",\"publisher\":{\"@id\":\"https:\\\/\\\/blogdoprosperi.com\\\/#\\\/schema\\\/person\\\/38100755ce3601861ee4fab9b5aa78e9\"},\"alternateName\":\"blogdoprosperi.com\",\"potentialAction\":[{\"@type\":\"SearchAction\",\"target\":{\"@type\":\"EntryPoint\",\"urlTemplate\":\"https:\\\/\\\/blogdoprosperi.com\\\/?s={search_term_string}\"},\"query-input\":{\"@type\":\"PropertyValueSpecification\",\"valueRequired\":true,\"valueName\":\"search_term_string\"}}],\"inLanguage\":\"pt-BR\"},{\"@type\":[\"Person\",\"Organization\"],\"@id\":\"https:\\\/\\\/blogdoprosperi.com\\\/#\\\/schema\\\/person\\\/38100755ce3601861ee4fab9b5aa78e9\",\"name\":\"Luiz Ant\u00f4nio Pr\u00f3speri\",\"pronouns\":\"ele\",\"image\":{\"@type\":\"ImageObject\",\"inLanguage\":\"pt-BR\",\"@id\":\"https:\\\/\\\/i0.wp.com\\\/blogdoprosperi.com\\\/wp-content\\\/uploads\\\/2026\\\/05\\\/cropped-8059e613-6002-42fa-961e-8e275f575d71-2-5.jpg?fit=1360%2C931&ssl=1\",\"url\":\"https:\\\/\\\/i0.wp.com\\\/blogdoprosperi.com\\\/wp-content\\\/uploads\\\/2026\\\/05\\\/cropped-8059e613-6002-42fa-961e-8e275f575d71-2-5.jpg?fit=1360%2C931&ssl=1\",\"contentUrl\":\"https:\\\/\\\/i0.wp.com\\\/blogdoprosperi.com\\\/wp-content\\\/uploads\\\/2026\\\/05\\\/cropped-8059e613-6002-42fa-961e-8e275f575d71-2-5.jpg?fit=1360%2C931&ssl=1\",\"width\":1360,\"height\":931,\"caption\":\"Luiz Ant\u00f4nio Pr\u00f3speri\"},\"logo\":{\"@id\":\"https:\\\/\\\/i0.wp.com\\\/blogdoprosperi.com\\\/wp-content\\\/uploads\\\/2026\\\/05\\\/cropped-8059e613-6002-42fa-961e-8e275f575d71-2-5.jpg?fit=1360%2C931&ssl=1\"},\"description\":\"Jornalista com carreira dedicada ao esporte. Cobriu 9 Copas do Mundo in loco, 1990 na It\u00e1lia, 1994 nos EUA, 1998 na Fran\u00e7a, 2002 na Coreia do Sul e Jap\u00e3o, 2006 na Alemanha, 2010 na \u00c1frica do Sul, 2014 no Brasil, 2018 na R\u00fassia e 2022 no Qatar. Eurocopas, 1992 na Su\u00e9cia e 1996 na Inglaterra. Copa das Confedera\u00e7\u00f5es de 2005 na Alemanha e 2009 na \u00c1frica do Sul. Rep\u00f3rter e Editor, trabalhou no Jornal da Tarde e Estad\u00e3o, de 1984 a fevereiro de 2016. Colunista, blogueiro. E comentarista de futebol na R\u00e1dio Estad\u00e3o, de 2013 a fevereiro de 2016. Jornalista respons\u00e1vel do \\\"Pr\u00f3speri News\\\" (blogdoprosperi.com).\",\"sameAs\":[\"http:\\\/\\\/blogdoprosperi.com\",\"Luiz Pr\u00f3speri\",\"@luiz_prosperi\",\"https:\\\/\\\/x.com\\\/Luizprosperi\",\"@prosperinacopa\",\"luiz.prosperi@icloud.com\"],\"url\":\"https:\\\/\\\/blogdoprosperi.com\\\/?author=102107496\"}]}<\/script>\n<!-- \/ Yoast SEO plugin. -->","yoast_head_json":{"title":"Copa Libertadores muda e vira Brasileir\u00e3o do avesso - PR\u00d3SPERI NEWS","robots":{"index":"index","follow":"follow","max-snippet":"max-snippet:-1","max-image-preview":"max-image-preview:large","max-video-preview":"max-video-preview:-1"},"canonical":"https:\/\/blogdoprosperi.com\/?p=27229","og_locale":"pt_BR","og_type":"article","og_title":"Copa Libertadores muda e vira Brasileir\u00e3o do avesso - PR\u00d3SPERI NEWS","og_description":"Decis\u00e3o da Confedera\u00e7\u00e3o Sul-Americana de Futebol (Conmebol) de aumentar o n\u00fameros de clubes brasileiros na\u00a0Copa Libertadores de 2017,\u00a0de [&hellip;]","og_url":"https:\/\/blogdoprosperi.com\/?p=27229","og_site_name":"PR\u00d3SPERI NEWS","article_publisher":"Luiz Pr\u00f3speri","article_author":"Luiz Pr\u00f3speri","article_published_time":"2016-10-03T14:05:45+00:00","article_modified_time":"2016-10-03T14:39:27+00:00","og_image":[{"url":"https:\/\/blogdoprosperi.com\/wp-content\/uploads\/2016\/09\/libertadores-trofeu-480-getty-images.jpg","type":"","width":"","height":""}],"author":"Luiz Ant\u00f4nio Pr\u00f3speri","twitter_card":"summary_large_image","twitter_creator":"@Luizprosperi","twitter_site":"@Luizprosperi","twitter_misc":{"Escrito por":"Luiz Ant\u00f4nio Pr\u00f3speri","Est. tempo de leitura":"3 minutos"},"schema":{"@context":"https:\/\/schema.org","@graph":[{"@type":"Article","@id":"https:\/\/blogdoprosperi.com\/?p=27229#article","isPartOf":{"@id":"https:\/\/blogdoprosperi.com\/?p=27229"},"author":{"name":"Luiz Ant\u00f4nio Pr\u00f3speri","@id":"https:\/\/blogdoprosperi.com\/#\/schema\/person\/38100755ce3601861ee4fab9b5aa78e9"},"headline":"Copa Libertadores muda e vira Brasileir\u00e3o do avesso","datePublished":"2016-10-03T14:05:45+00:00","dateModified":"2016-10-03T14:39:27+00:00","mainEntityOfPage":{"@id":"https:\/\/blogdoprosperi.com\/?p=27229"},"wordCount":604,"commentCount":1,"publisher":{"@id":"https:\/\/blogdoprosperi.com\/#\/schema\/person\/38100755ce3601861ee4fab9b5aa78e9"},"image":{"@id":"https:\/\/blogdoprosperi.com\/?p=27229#primaryimage"},"thumbnailUrl":"https:\/\/blogdoprosperi.com\/wp-content\/uploads\/2016\/09\/libertadores-trofeu-480-getty-images.jpg","keywords":["Brasileir\u00e3o-2016","CBF","Conmebol","Copa Libertadores 2017","Corinthians","futebol","S\u00e3o Paulo FC"],"articleSection":["Campeonato Brasileiro","futebol"],"inLanguage":"pt-BR","potentialAction":[{"@type":"CommentAction","name":"Comment","target":["https:\/\/blogdoprosperi.com\/?p=27229#respond"]}]},{"@type":"WebPage","@id":"https:\/\/blogdoprosperi.com\/?p=27229","url":"https:\/\/blogdoprosperi.com\/?p=27229","name":"Copa Libertadores muda e vira Brasileir\u00e3o do avesso - PR\u00d3SPERI NEWS","isPartOf":{"@id":"https:\/\/blogdoprosperi.com\/#website"},"primaryImageOfPage":{"@id":"https:\/\/blogdoprosperi.com\/?p=27229#primaryimage"},"image":{"@id":"https:\/\/blogdoprosperi.com\/?p=27229#primaryimage"},"thumbnailUrl":"https:\/\/blogdoprosperi.com\/wp-content\/uploads\/2016\/09\/libertadores-trofeu-480-getty-images.jpg","datePublished":"2016-10-03T14:05:45+00:00","dateModified":"2016-10-03T14:39:27+00:00","breadcrumb":{"@id":"https:\/\/blogdoprosperi.com\/?p=27229#breadcrumb"},"inLanguage":"pt-BR","potentialAction":[{"@type":"ReadAction","target":["https:\/\/blogdoprosperi.com\/?p=27229"]}]},{"@type":"ImageObject","inLanguage":"pt-BR","@id":"https:\/\/blogdoprosperi.com\/?p=27229#primaryimage","url":"https:\/\/i0.wp.com\/blogdoprosperi.com\/wp-content\/uploads\/2016\/09\/libertadores-trofeu-480-getty-images.jpg?fit=620%2C465&ssl=1","contentUrl":"https:\/\/i0.wp.com\/blogdoprosperi.com\/wp-content\/uploads\/2016\/09\/libertadores-trofeu-480-getty-images.jpg?fit=620%2C465&ssl=1","width":620,"height":465,"caption":"ta\u00e7a libertadores \u2013 foto: Conmebol oficial"},{"@type":"BreadcrumbList","@id":"https:\/\/blogdoprosperi.com\/?p=27229#breadcrumb","itemListElement":[{"@type":"ListItem","position":1,"name":"In\u00edcio","item":"https:\/\/blogdoprosperi.com\/"},{"@type":"ListItem","position":2,"name":"Copa Libertadores muda e vira Brasileir\u00e3o do avesso"}]},{"@type":"WebSite","@id":"https:\/\/blogdoprosperi.com\/#website","url":"https:\/\/blogdoprosperi.com\/","name":"PR\u00d3SPERI NEWS","description":"TUDO \u00c9  FUTEBOL","publisher":{"@id":"https:\/\/blogdoprosperi.com\/#\/schema\/person\/38100755ce3601861ee4fab9b5aa78e9"},"alternateName":"blogdoprosperi.com","potentialAction":[{"@type":"SearchAction","target":{"@type":"EntryPoint","urlTemplate":"https:\/\/blogdoprosperi.com\/?s={search_term_string}"},"query-input":{"@type":"PropertyValueSpecification","valueRequired":true,"valueName":"search_term_string"}}],"inLanguage":"pt-BR"},{"@type":["Person","Organization"],"@id":"https:\/\/blogdoprosperi.com\/#\/schema\/person\/38100755ce3601861ee4fab9b5aa78e9","name":"Luiz Ant\u00f4nio Pr\u00f3speri","pronouns":"ele","image":{"@type":"ImageObject","inLanguage":"pt-BR","@id":"https:\/\/i0.wp.com\/blogdoprosperi.com\/wp-content\/uploads\/2026\/05\/cropped-8059e613-6002-42fa-961e-8e275f575d71-2-5.jpg?fit=1360%2C931&ssl=1","url":"https:\/\/i0.wp.com\/blogdoprosperi.com\/wp-content\/uploads\/2026\/05\/cropped-8059e613-6002-42fa-961e-8e275f575d71-2-5.jpg?fit=1360%2C931&ssl=1","contentUrl":"https:\/\/i0.wp.com\/blogdoprosperi.com\/wp-content\/uploads\/2026\/05\/cropped-8059e613-6002-42fa-961e-8e275f575d71-2-5.jpg?fit=1360%2C931&ssl=1","width":1360,"height":931,"caption":"Luiz Ant\u00f4nio Pr\u00f3speri"},"logo":{"@id":"https:\/\/i0.wp.com\/blogdoprosperi.com\/wp-content\/uploads\/2026\/05\/cropped-8059e613-6002-42fa-961e-8e275f575d71-2-5.jpg?fit=1360%2C931&ssl=1"},"description":"Jornalista com carreira dedicada ao esporte. Cobriu 9 Copas do Mundo in loco, 1990 na It\u00e1lia, 1994 nos EUA, 1998 na Fran\u00e7a, 2002 na Coreia do Sul e Jap\u00e3o, 2006 na Alemanha, 2010 na \u00c1frica do Sul, 2014 no Brasil, 2018 na R\u00fassia e 2022 no Qatar. Eurocopas, 1992 na Su\u00e9cia e 1996 na Inglaterra. Copa das Confedera\u00e7\u00f5es de 2005 na Alemanha e 2009 na \u00c1frica do Sul. Rep\u00f3rter e Editor, trabalhou no Jornal da Tarde e Estad\u00e3o, de 1984 a fevereiro de 2016. Colunista, blogueiro. E comentarista de futebol na R\u00e1dio Estad\u00e3o, de 2013 a fevereiro de 2016. Jornalista respons\u00e1vel do \"Pr\u00f3speri News\" (blogdoprosperi.com).","sameAs":["http:\/\/blogdoprosperi.com","Luiz Pr\u00f3speri","@luiz_prosperi","https:\/\/x.com\/Luizprosperi","@prosperinacopa","luiz.prosperi@icloud.com"],"url":"https:\/\/blogdoprosperi.com\/?author=102107496"}]}},"jetpack_publicize_connections":[],"jetpack_likes_enabled":false,"jetpack_sharing_enabled":true,"jetpack_shortlink":"https:\/\/wp.me\/p7jvdk-75b","jetpack-related-posts":[{"id":26676,"url":"https:\/\/blogdoprosperi.com\/?p=26676","url_meta":{"origin":27229,"position":0},"title":"Copa Libertadores muda formato e obriga clubes a gastar mais com jogadores","author":"Luiz Ant\u00f4nio Pr\u00f3speri","date":"27 de setembro de 2016","format":false,"excerpt":"Copa Libertadores de 2017 ter\u00e1 mudan\u00e7as significativas e deve mexer no or\u00e7amento dos clubes.De acordo com a Confedera\u00e7\u00e3o Sul-Americana de Futebol (Conmebol), a competi\u00e7\u00e3o \u00a0poder\u00e1 ser disputada ano inteiro - de fevereiro a novembro -, quase no mesmo per\u00edodo do Campeonato Brasileiro e ainda abrange o calend\u00e1rio dos Estaduais e\u2026","rel":"","context":"Em &quot;futebol&quot;","block_context":{"text":"futebol","link":"https:\/\/blogdoprosperi.com\/?cat=53870"},"img":{"alt_text":"","src":"https:\/\/i0.wp.com\/blogdoprosperi.com\/wp-content\/uploads\/2016\/09\/esporte-futebol-libertadores-sao-paulo-atletico-nacional-20160706-026-original.jpeg?resize=350%2C200&ssl=1","width":350,"height":200,"srcset":"https:\/\/i0.wp.com\/blogdoprosperi.com\/wp-content\/uploads\/2016\/09\/esporte-futebol-libertadores-sao-paulo-atletico-nacional-20160706-026-original.jpeg?resize=350%2C200&ssl=1 1x, https:\/\/i0.wp.com\/blogdoprosperi.com\/wp-content\/uploads\/2016\/09\/esporte-futebol-libertadores-sao-paulo-atletico-nacional-20160706-026-original.jpeg?resize=525%2C300&ssl=1 1.5x, https:\/\/i0.wp.com\/blogdoprosperi.com\/wp-content\/uploads\/2016\/09\/esporte-futebol-libertadores-sao-paulo-atletico-nacional-20160706-026-original.jpeg?resize=700%2C400&ssl=1 2x"},"classes":[]},{"id":32198,"url":"https:\/\/blogdoprosperi.com\/?p=32198","url_meta":{"origin":27229,"position":1},"title":"Mudan\u00e7a de calend\u00e1rio da CBF favorece torcedor de poltrona e obriga clubes a gastar mais com jogadores","author":"Luiz Ant\u00f4nio Pr\u00f3speri","date":"14 de novembro de 2016","format":false,"excerpt":"Torcedor de poltrona aplaudiu o novo calend\u00e1rio futebol brasileiro, divulgado pela CBF nesta segunda-feira (14\/11). Sem gastar com ingressos, ter\u00e1 na televis\u00e3o na sua sala tr\u00eas competi\u00e7\u00f5es quase simult\u00e2neas, de fevereiro a dezembro de 2017. Jogos que n\u00e3o acabam mais alojados no Campeonato Brasileiro, Copa Libertadores e Copa do Brasil.\u2026","rel":"","context":"Em &quot;Campeonato Brasileiro&quot;","block_context":{"text":"Campeonato Brasileiro","link":"https:\/\/blogdoprosperi.com\/?cat=355071"},"img":{"alt_text":"","src":"https:\/\/i0.wp.com\/blogdoprosperi.com\/wp-content\/uploads\/2016\/11\/cbf_calendario_2017_920.jpg?resize=350%2C200&ssl=1","width":350,"height":200,"srcset":"https:\/\/i0.wp.com\/blogdoprosperi.com\/wp-content\/uploads\/2016\/11\/cbf_calendario_2017_920.jpg?resize=350%2C200&ssl=1 1x, https:\/\/i0.wp.com\/blogdoprosperi.com\/wp-content\/uploads\/2016\/11\/cbf_calendario_2017_920.jpg?resize=525%2C300&ssl=1 1.5x, https:\/\/i0.wp.com\/blogdoprosperi.com\/wp-content\/uploads\/2016\/11\/cbf_calendario_2017_920.jpg?resize=700%2C400&ssl=1 2x"},"classes":[]},{"id":2450,"url":"https:\/\/blogdoprosperi.com\/?p=2450","url_meta":{"origin":27229,"position":2},"title":"Estaduais mais atrapalham do que ajudam o futebol","author":"Luiz Ant\u00f4nio Pr\u00f3speri","date":"26 de abril de 2016","format":false,"excerpt":"Clubes brasileiros se matam nos campeonatos regionais em busca da grana da televis\u00e3o Marca registrada do futebol brasileiro, os Estaduais ocupam pelo menos tr\u00eas meses do calend\u00e1rio nacional sem levar a lugar nenhum.Valem mais pelo dinheiro das cotas de transmiss\u00e3o dos jogos do que o aspecto t\u00e9cnico na forma\u00e7\u00e3o dos\u2026","rel":"","context":"Em &quot;futebol&quot;","block_context":{"text":"futebol","link":"https:\/\/blogdoprosperi.com\/?cat=53870"},"img":{"alt_text":"","src":"https:\/\/i0.wp.com\/blogdoprosperi.com\/wp-content\/uploads\/2016\/04\/19182044-1.jpg?resize=350%2C200&ssl=1","width":350,"height":200,"srcset":"https:\/\/i0.wp.com\/blogdoprosperi.com\/wp-content\/uploads\/2016\/04\/19182044-1.jpg?resize=350%2C200&ssl=1 1x, https:\/\/i0.wp.com\/blogdoprosperi.com\/wp-content\/uploads\/2016\/04\/19182044-1.jpg?resize=525%2C300&ssl=1 1.5x"},"classes":[]},{"id":46291,"url":"https:\/\/blogdoprosperi.com\/?p=46291","url_meta":{"origin":27229,"position":3},"title":"CBF Muda Calend\u00e1rio do Futebol Brasileiro Com Recesso no Mundial de Clubes Fifa","author":"Luiz Ant\u00f4nio Pr\u00f3speri","date":"12 de novembro de 2024","format":false,"excerpt":"Luiz Ant\u00f4nio Pr\u00f3speri \u2013 12 novembro (16h55) \u2013 CBF muda calend\u00e1rio do futebol brasileiro com a novidade de um recesso no meio da temporada 2025 para clubes da S\u00e9rie A do Brasileir\u00e3o, levando em conta a disputa do Mundial de Clubes Fifa ente junho e julho. Abertura do Brasileir\u00e3o ser\u00e1\u2026","rel":"","context":"Em &quot;futebol&quot;","block_context":{"text":"futebol","link":"https:\/\/blogdoprosperi.com\/?cat=53870"},"img":{"alt_text":"Novo calend\u00e1rio do futebol brasileiro","src":"https:\/\/i0.wp.com\/blogdoprosperi.com\/wp-content\/uploads\/2024\/11\/20240222142247_268-2.jpeg?fit=1200%2C791&ssl=1&resize=350%2C200","width":350,"height":200,"srcset":"https:\/\/i0.wp.com\/blogdoprosperi.com\/wp-content\/uploads\/2024\/11\/20240222142247_268-2.jpeg?fit=1200%2C791&ssl=1&resize=350%2C200 1x, https:\/\/i0.wp.com\/blogdoprosperi.com\/wp-content\/uploads\/2024\/11\/20240222142247_268-2.jpeg?fit=1200%2C791&ssl=1&resize=525%2C300 1.5x, https:\/\/i0.wp.com\/blogdoprosperi.com\/wp-content\/uploads\/2024\/11\/20240222142247_268-2.jpeg?fit=1200%2C791&ssl=1&resize=700%2C400 2x, https:\/\/i0.wp.com\/blogdoprosperi.com\/wp-content\/uploads\/2024\/11\/20240222142247_268-2.jpeg?fit=1200%2C791&ssl=1&resize=1050%2C600 3x"},"classes":[]},{"id":33314,"url":"https:\/\/blogdoprosperi.com\/?p=33314","url_meta":{"origin":27229,"position":4},"title":"Roger Machado, ex-t\u00e9cnico do Gr\u00eamio e sem curr\u00edculo, vira objeto do desejo no Atl\u00e9tico-MG, Fluminense e Palmeiras","author":"Luiz Ant\u00f4nio Pr\u00f3speri","date":"28 de novembro de 2016","format":false,"excerpt":"Roger Machado apareceu como t\u00e9cnico de time grande no ano passado, ao substituir Felip\u00e3o no Gr\u00eamio na primeira rodada do Brasileir\u00e3o de 2015. Fez um bom campeonato e levou o clube ga\u00facho \u00e0 Copa Libertadores. Na temporada de 2016, n\u00e3o foi campe\u00e3o estadual, vacilou na metade do campeonato nacional e\u2026","rel":"","context":"Em &quot;Campeonato Brasileiro&quot;","block_context":{"text":"Campeonato Brasileiro","link":"https:\/\/blogdoprosperi.com\/?cat=355071"},"img":{"alt_text":"","src":"https:\/\/i0.wp.com\/blogdoprosperi.com\/wp-content\/uploads\/2016\/11\/17424185.jpg?resize=350%2C200&ssl=1","width":350,"height":200,"srcset":"https:\/\/i0.wp.com\/blogdoprosperi.com\/wp-content\/uploads\/2016\/11\/17424185.jpg?resize=350%2C200&ssl=1 1x, https:\/\/i0.wp.com\/blogdoprosperi.com\/wp-content\/uploads\/2016\/11\/17424185.jpg?resize=525%2C300&ssl=1 1.5x"},"classes":[]},{"id":49061,"url":"https:\/\/blogdoprosperi.com\/?p=49061","url_meta":{"origin":27229,"position":5},"title":"Libertadores: Racismo e Xenofobia | Vem A\u00ed a Batalha entre Brasileiros e Vizinhos de Am\u00e9rica do Sul","author":"Luiz Ant\u00f4nio Pr\u00f3speri","date":"19 de mar\u00e7o de 2025","format":false,"excerpt":"O que acontece \u00e9 que eles (os brasileiros) te matam, espancam, fazem o que querem, a\u00ed um torcedor faz gesto racista, o que \u00e9 errado, e vira um drama Presidenta do Palmeiras sugere que clubes brasileiros deixem a Conmebol e se filiem \u00e0 Concacaf Luiz Ant\u00f4nio Pr\u00f3speri \u2013 19 mar\u00e7o\u2026","rel":"","context":"Em &quot;futebol&quot;","block_context":{"text":"futebol","link":"https:\/\/blogdoprosperi.com\/?cat=53870"},"img":{"alt_text":"racismo vs xenofobia no futebol da Am\u00e9rica do Sul","src":"https:\/\/i0.wp.com\/blogdoprosperi.com\/wp-content\/uploads\/2025\/03\/captura-de-tela-2025-03-19-as-11.52.32.png?fit=1200%2C940&ssl=1&resize=350%2C200","width":350,"height":200,"srcset":"https:\/\/i0.wp.com\/blogdoprosperi.com\/wp-content\/uploads\/2025\/03\/captura-de-tela-2025-03-19-as-11.52.32.png?fit=1200%2C940&ssl=1&resize=350%2C200 1x, https:\/\/i0.wp.com\/blogdoprosperi.com\/wp-content\/uploads\/2025\/03\/captura-de-tela-2025-03-19-as-11.52.32.png?fit=1200%2C940&ssl=1&resize=525%2C300 1.5x, https:\/\/i0.wp.com\/blogdoprosperi.com\/wp-content\/uploads\/2025\/03\/captura-de-tela-2025-03-19-as-11.52.32.png?fit=1200%2C940&ssl=1&resize=700%2C400 2x, https:\/\/i0.wp.com\/blogdoprosperi.com\/wp-content\/uploads\/2025\/03\/captura-de-tela-2025-03-19-as-11.52.32.png?fit=1200%2C940&ssl=1&resize=1050%2C600 3x"},"classes":[]}],"jetpack_featured_media_url":"","_links":{"self":[{"href":"https:\/\/blogdoprosperi.com\/index.php?rest_route=\/wp\/v2\/posts\/27229","targetHints":{"allow":["GET"]}}],"collection":[{"href":"https:\/\/blogdoprosperi.com\/index.php?rest_route=\/wp\/v2\/posts"}],"about":[{"href":"https:\/\/blogdoprosperi.com\/index.php?rest_route=\/wp\/v2\/types\/post"}],"author":[{"embeddable":true,"href":"https:\/\/blogdoprosperi.com\/index.php?rest_route=\/wp\/v2\/users\/102107496"}],"replies":[{"embeddable":true,"href":"https:\/\/blogdoprosperi.com\/index.php?rest_route=%2Fwp%2Fv2%2Fcomments&post=27229"}],"version-history":[{"count":25,"href":"https:\/\/blogdoprosperi.com\/index.php?rest_route=\/wp\/v2\/posts\/27229\/revisions"}],"predecessor-version":[{"id":27313,"href":"https:\/\/blogdoprosperi.com\/index.php?rest_route=\/wp\/v2\/posts\/27229\/revisions\/27313"}],"wp:attachment":[{"href":"https:\/\/blogdoprosperi.com\/index.php?rest_route=%2Fwp%2Fv2%2Fmedia&parent=27229"}],"wp:term":[{"taxonomy":"category","embeddable":true,"href":"https:\/\/blogdoprosperi.com\/index.php?rest_route=%2Fwp%2Fv2%2Fcategories&post=27229"},{"taxonomy":"post_tag","embeddable":true,"href":"https:\/\/blogdoprosperi.com\/index.php?rest_route=%2Fwp%2Fv2%2Ftags&post=27229"}],"curies":[{"name":"wp","href":"https:\/\/api.w.org\/{rel}","templated":true}]}}