{"id":27314,"date":"2016-10-03T22:40:50","date_gmt":"2016-10-04T01:40:50","guid":{"rendered":"http:\/\/blogdoprosperi.com\/?p=27314"},"modified":"2016-10-04T10:50:28","modified_gmt":"2016-10-04T13:50:28","slug":"palmeiras-avanca-com-a-sabedoria-de-ze-roberto-e-entra-na-contagem-regressiva-do-titulo-do-brasileirao","status":"publish","type":"post","link":"https:\/\/blogdoprosperi.com\/?p=27314","title":{"rendered":"Palmeiras avan\u00e7a com a sabedoria de Z\u00e9 Roberto e entra na contagem regressiva do t\u00edtulo do Brasileir\u00e3o"},"content":{"rendered":"<p><span class=\"alignnone\"><img data-recalc-dims=\"1\" loading=\"lazy\" decoding=\"async\" data-attachment-id=\"27387\" data-permalink=\"https:\/\/blogdoprosperi.com\/?attachment_id=27387\" data-orig-file=\"https:\/\/i0.wp.com\/blogdoprosperi.com\/wp-content\/uploads\/2016\/10\/ze.jpg?fit=700%2C394&amp;ssl=1\" data-orig-size=\"700,394\" data-comments-opened=\"1\" data-image-meta=\"{&quot;aperture&quot;:&quot;0&quot;,&quot;credit&quot;:&quot;&quot;,&quot;camera&quot;:&quot;&quot;,&quot;caption&quot;:&quot;&quot;,&quot;created_timestamp&quot;:&quot;0&quot;,&quot;copyright&quot;:&quot;&quot;,&quot;focal_length&quot;:&quot;0&quot;,&quot;iso&quot;:&quot;0&quot;,&quot;shutter_speed&quot;:&quot;0&quot;,&quot;title&quot;:&quot;&quot;,&quot;orientation&quot;:&quot;0&quot;}\" data-image-title=\"ze\" data-image-description=\"\" data-image-caption=\"\" data-large-file=\"https:\/\/i0.wp.com\/blogdoprosperi.com\/wp-content\/uploads\/2016\/10\/ze.jpg?fit=700%2C394&amp;ssl=1\" class=\"alignnone size-full wp-image-27387\" src=\"https:\/\/i0.wp.com\/blogdoprosperi.com\/wp-content\/uploads\/2016\/10\/ze.jpg?resize=700%2C394&#038;ssl=1\" alt=\"ze\" width=\"700\" height=\"394\" \/><\/span><\/p>\n<p>Palmeiras entra na contagem regressiva do t\u00edtulo do Brasileir\u00e3o ao derrotar o Santa Cruz por 3 a 2 no Recife. Com o resultado, abre tr\u00eas pontos do vice-l\u00edder Flamengo, a dez rodadas do fim, e consolida a campanha de mais forte candidato a levantar a ta\u00e7a. No jogo, Cuca iniciou com Z\u00e9 Roberto na articula\u00e7\u00e3o para compensar a aus\u00eancia de Dudu, suspenso. Funcionou no primeiro tempo &#8211; depois Z\u00e9 voltou a jogar na lateral -, quando ele fez o gol e abriu o caminho da vit\u00f3ria definitiva.<!--more--><\/p>\n<p>Times que embicam a briga s\u00e9ria pelo t\u00edtulo t\u00eam de contar com jogadores acima da m\u00e9dia ou no m\u00ednimo vers\u00e1teis. \u00c9 o caso desse jogador de 42 anos, um l\u00edder silencioso na t\u00e9cnica e nos vesti\u00e1rios. Z\u00e9 Roberto fez a diferen\u00e7a.<\/p>\n<p>No primeiro tempo, Palmeiras criou pouco, mas n\u00e3o correu riscos. Teve duas chances e cravou uma &#8211; gola\u00e7o de Z\u00e9 Roberto &#8211; e n\u00e3o permitiu ao Santa Cruz incomodar Jailson. Sinal de que Cuca acertou ao formar o meio-campo com tr\u00eas bons marcadores e de boa sa\u00edda de bola.<\/p>\n<p>Mois\u00e9s, Tch\u00ea Tch\u00ea e Z\u00e9 Roberto coordenaram todas a\u00e7\u00f5es do time, na hora de apertar o advers\u00e1rio e na busca dos atacantes. Eram os encarregados de acionar Roger Guedes, Gabriel Jesus e Erik. Trabalharam bem.<\/p>\n<p><span class=\"alignnone\"><img data-recalc-dims=\"1\" loading=\"lazy\" decoding=\"async\" data-attachment-id=\"27403\" data-permalink=\"https:\/\/blogdoprosperi.com\/?attachment_id=27403\" data-orig-file=\"https:\/\/i0.wp.com\/blogdoprosperi.com\/wp-content\/uploads\/2016\/10\/cuca-palmeiras-river-plate-montevideo-copa-libertadores-14042016_vl43jh2e2j1a1a55gtssnp3la.jpg?fit=620%2C430&amp;ssl=1\" data-orig-size=\"620,430\" data-comments-opened=\"1\" data-image-meta=\"{&quot;aperture&quot;:&quot;0&quot;,&quot;credit&quot;:&quot;&quot;,&quot;camera&quot;:&quot;&quot;,&quot;caption&quot;:&quot;&quot;,&quot;created_timestamp&quot;:&quot;0&quot;,&quot;copyright&quot;:&quot;&quot;,&quot;focal_length&quot;:&quot;0&quot;,&quot;iso&quot;:&quot;0&quot;,&quot;shutter_speed&quot;:&quot;0&quot;,&quot;title&quot;:&quot;&quot;,&quot;orientation&quot;:&quot;0&quot;}\" data-image-title=\"cuca-palmeiras-river-plate-montevideo-copa-libertadores-14042016_vl43jh2e2j1a1a55gtssnp3la\" data-image-description=\"\" data-image-caption=\"\" data-large-file=\"https:\/\/i0.wp.com\/blogdoprosperi.com\/wp-content\/uploads\/2016\/10\/cuca-palmeiras-river-plate-montevideo-copa-libertadores-14042016_vl43jh2e2j1a1a55gtssnp3la.jpg?fit=620%2C430&amp;ssl=1\" class=\"alignnone size-full wp-image-27403\" src=\"https:\/\/i0.wp.com\/blogdoprosperi.com\/wp-content\/uploads\/2016\/10\/cuca-palmeiras-river-plate-montevideo-copa-libertadores-14042016_vl43jh2e2j1a1a55gtssnp3la.jpg?resize=620%2C430&#038;ssl=1\" alt=\"cuca-palmeiras-river-plate-montevideo-copa-libertadores-14042016_vl43jh2e2j1a1a55gtssnp3la\" width=\"620\" height=\"430\" \/><\/span><\/p>\n<p>O problema \u00e9 que os tr\u00eas garotos na linha de frente optaram por bater no pared\u00e3o do Santa Cruz. Se movimentaram pouco e driblaram quase nada. Mesmo assim sofreram faltas perto da grande \u00e1rea, colecionaram alguns escanteios e, mais importante, abriram espa\u00e7o para os meias chegarem na linha de gol.<\/p>\n<p>O gol de Z\u00e9 Roberto come\u00e7ou com Jesus recuando para atrair a marca\u00e7\u00e3o e Erik de piv\u00f4 at\u00e9 a servir o veterano jogador que, com extrema categoria, deu uma cavadinha e venceu K\u00f6lln, aos 32 minutos. Gol que deu ao l\u00edder a tranquilidade de fechar a primeira parte do jogo em vantagem.<\/p>\n<p>Tudo isso mudou no segundo tempo quando Doriva voltou com Arthur no ataque na vaga do meia Derley. Santa Cruz ganhava um jogador para dialogar com Keno, aumentar sua produ\u00e7\u00e3o ofensiva e dar trabalho a Jailson. A mudan\u00e7a desconcertou a marca\u00e7\u00e3o do time de Cuca, que havia trocado Erik por Leandro Pereira.<\/p>\n<p>Em 20 minutos, aconteceu de tudo. Arthur empatou, aos 10. Leandro Pereira fez o segundo, \u00a0aos 20. Gol que poderia dar tranquilidade ao Palmeiras, n\u00e3o fosse o p\u00eanalti rid\u00edculo de Jean em Arthur, aos 24, convertido por Grafite.<\/p>\n<div class=\"jetpack-video-wrapper\"><span class=\"embed-youtube\" style=\"text-align:center; display: block;\"><iframe loading=\"lazy\" class=\"youtube-player\" width=\"560\" height=\"315\" src=\"https:\/\/www.youtube.com\/embed\/Sd4JLJSslvc?version=3&#038;rel=1&#038;showsearch=0&#038;showinfo=1&#038;iv_load_policy=1&#038;fs=1&#038;hl=pt-BR&#038;autohide=2&#038;wmode=transparent\" allowfullscreen=\"true\" style=\"border:0;\" sandbox=\"allow-scripts allow-same-origin allow-popups allow-presentation allow-popups-to-escape-sandbox\"><\/iframe><\/span><\/div>\n<p>O novo empate do Santa minou a autonomia do l\u00edder. Cleiton Xavier havia entrado no lugar de Eg\u00eddio e Z\u00e9 Roberto saiu do meio para jogar na lateral. Altera\u00e7\u00e3o bem pensada, mas de pouco fruto. Xavier fez o time ficar mais lento e ainda atraiu o advers\u00e1rio a pressionar. Z\u00e9, muitas vezes, deixava a lateral para socorrer Xavier.<\/p>\n<p>No momento de maior aperto, saiu o gol salvador. Jean, muito mal no jogo, achou Cleiton Xavier na ponta direita e o meia cruzou rasteiro na medida para Roger Guedes entrar entre os zagueiros e marcar o terceiro, aos 34. Gol que daria a vit\u00f3ria ao Palmeiras. O Santa Cruz ainda deu algum susto com escanteios que pararam em Jailson. Mesmo na lateral, o veterano de 42 anos comandou o time at\u00e9 o fim.<\/p>\n<p>Vit\u00f3ria assegurada do l\u00edder e mais um degrau acima na busca da ta\u00e7a. Dessa vez com assinatura de Z\u00e9 Roberto.<\/p>\n<p><strong>FICHA DO JOGO<\/strong><\/p>\n<p><strong>Santa Cruz 2 x 3 Palmeiras<\/strong><\/p>\n<p><strong>Gols<\/strong>: Z\u00e9 Roberto, aos 33 minutos do primeiro; Arthur, 10; Leandro Pereira, aos : Grafite, aos 24; Roger Guedes, aos 34 minutos do segundo tempo.<\/p>\n<p><strong>Santa Cruz<\/strong>: Edson K\u00f6lln, Danilo Pires, Neris, Danny Morais e Allan Vieira (Jadson); Uilian Correia, Derley\u00a0(Arthur)\u00a0e Jo\u00e3o Paulo; Pisano (Wagner), Grafite e Keno. <strong>T\u00e9cnico<\/strong>: Doriva<\/p>\n<p><strong>Palmeiras<\/strong>: Jailson, Jean, Edu Dracena, Vitor Hugo e Eg\u00eddio (Cleiton Xavier); Tch\u00ea Tch\u00ea, Z\u00e9 Roberto e Mois\u00e9s; Roger Guedes (Thiago Santos), Gabriel Jesus e Erik (Leandro Pereira). <strong>T\u00e9cnico<\/strong>: Cuca<\/p>\n<p><strong>Juiz<\/strong>:Dewson Fernando da Silva<br \/>\n<strong>Cart\u00f5es amarelos<\/strong>: Derley, Neris, Danny Morais, Erik, Allan Vieira, Pisano, Grafite, Jailson, Gabriel Jesus<br \/>\n<strong>Renda<\/strong>: R$ 102.040,00<br \/>\n<strong>P\u00fablico<\/strong>: 7.189 pagantes<br \/>\n<strong>Local<\/strong>: Arrud\u00e3o<\/p>\n","protected":false},"excerpt":{"rendered":"<p>Palmeiras entra na contagem regressiva do t\u00edtulo do Brasileir\u00e3o ao derrotar o Santa Cruz por 3 a 2 [&hellip;]<\/p>\n","protected":false},"author":102107496,"featured_media":0,"comment_status":"open","ping_status":"open","sticky":false,"template":"","format":"standard","meta":{"_coblocks_attr":"","_coblocks_dimensions":"","_coblocks_responsive_height":"","_coblocks_accordion_ie_support":"","_jetpack_newsletter_access":"","_jetpack_dont_email_post_to_subs":false,"_jetpack_newsletter_tier_id":0,"_jetpack_memberships_contains_paywalled_content":false,"_wpcom_ai_launchpad_first_post":false,"_jetpack_feature_clip_id":0,"_jetpack_memberships_contains_paid_content":false,"footnotes":"","jetpack_publicize_message":"","jetpack_publicize_feature_enabled":true,"jetpack_social_post_already_shared":false,"jetpack_social_options":{"image_generator_settings":{"template":"highway","default_image_id":0,"font":"","enabled":false},"version":2},"jetpack_post_was_ever_published":false},"categories":[355071,53870],"tags":[299023,789560566,471113831,789560560,232826435,8328841,25615,540783907],"class_list":["post-27314","post","type-post","status-publish","format-standard","hentry","category-campeonato-brasileiro","category-futebol","tag-brasileirao","tag-campeonato-brasileiro","tag-cuca-palmeiras","tag-futebol","tag-gabriel-jesus","tag-palmeiras-clube","tag-santa-cruz","tag-santa-cruz-x-palmeiras"],"yoast_head":"<!-- This site is optimized with the Yoast SEO plugin v28.3 - https:\/\/yoast.com\/product\/yoast-seo-wordpress\/ -->\n<title>Palmeiras avan\u00e7a com a sabedoria de Z\u00e9 Roberto e entra na contagem regressiva do t\u00edtulo do Brasileir\u00e3o - PR\u00d3SPERI NEWS<\/title>\n<meta name=\"robots\" content=\"index, follow, max-snippet:-1, max-image-preview:large, max-video-preview:-1\" \/>\n<link rel=\"canonical\" href=\"https:\/\/blogdoprosperi.com\/?p=27314\" \/>\n<meta property=\"og:locale\" content=\"pt_BR\" \/>\n<meta property=\"og:type\" content=\"article\" \/>\n<meta property=\"og:title\" content=\"Palmeiras avan\u00e7a com a sabedoria de Z\u00e9 Roberto e entra na contagem regressiva do t\u00edtulo do Brasileir\u00e3o - PR\u00d3SPERI NEWS\" \/>\n<meta property=\"og:description\" content=\"Palmeiras entra na contagem regressiva do t\u00edtulo do Brasileir\u00e3o ao derrotar o Santa Cruz por 3 a 2 [&hellip;]\" \/>\n<meta property=\"og:url\" content=\"https:\/\/blogdoprosperi.com\/?p=27314\" \/>\n<meta property=\"og:site_name\" content=\"PR\u00d3SPERI NEWS\" \/>\n<meta property=\"article:publisher\" content=\"Luiz Pr\u00f3speri\" \/>\n<meta property=\"article:author\" content=\"Luiz Pr\u00f3speri\" \/>\n<meta property=\"article:published_time\" content=\"2016-10-04T01:40:50+00:00\" \/>\n<meta property=\"article:modified_time\" content=\"2016-10-04T13:50:28+00:00\" \/>\n<meta property=\"og:image\" content=\"https:\/\/blogdoprosperi.com\/wp-content\/uploads\/2016\/10\/ze.jpg\" \/>\n<meta name=\"author\" content=\"Luiz Ant\u00f4nio Pr\u00f3speri\" \/>\n<meta name=\"twitter:card\" content=\"summary_large_image\" \/>\n<meta name=\"twitter:creator\" content=\"@Luizprosperi\" \/>\n<meta name=\"twitter:site\" content=\"@Luizprosperi\" \/>\n<meta name=\"twitter:label1\" content=\"Escrito por\" \/>\n\t<meta name=\"twitter:data1\" content=\"Luiz Ant\u00f4nio Pr\u00f3speri\" \/>\n\t<meta name=\"twitter:label2\" content=\"Est. tempo de leitura\" \/>\n\t<meta name=\"twitter:data2\" content=\"4 minutos\" \/>\n<script type=\"application\/ld+json\" class=\"yoast-schema-graph\">{\"@context\":\"https:\\\/\\\/schema.org\",\"@graph\":[{\"@type\":\"Article\",\"@id\":\"https:\\\/\\\/blogdoprosperi.com\\\/?p=27314#article\",\"isPartOf\":{\"@id\":\"https:\\\/\\\/blogdoprosperi.com\\\/?p=27314\"},\"author\":{\"name\":\"Luiz Ant\u00f4nio Pr\u00f3speri\",\"@id\":\"https:\\\/\\\/blogdoprosperi.com\\\/#\\\/schema\\\/person\\\/38100755ce3601861ee4fab9b5aa78e9\"},\"headline\":\"Palmeiras avan\u00e7a com a sabedoria de Z\u00e9 Roberto e entra na contagem regressiva do t\u00edtulo do Brasileir\u00e3o\",\"datePublished\":\"2016-10-04T01:40:50+00:00\",\"dateModified\":\"2016-10-04T13:50:28+00:00\",\"mainEntityOfPage\":{\"@id\":\"https:\\\/\\\/blogdoprosperi.com\\\/?p=27314\"},\"wordCount\":741,\"commentCount\":2,\"publisher\":{\"@id\":\"https:\\\/\\\/blogdoprosperi.com\\\/#\\\/schema\\\/person\\\/38100755ce3601861ee4fab9b5aa78e9\"},\"image\":{\"@id\":\"https:\\\/\\\/blogdoprosperi.com\\\/?p=27314#primaryimage\"},\"thumbnailUrl\":\"https:\\\/\\\/blogdoprosperi.com\\\/wp-content\\\/uploads\\\/2016\\\/10\\\/ze.jpg\",\"keywords\":[\"Brasileir\u00e3o\",\"Campeonato Brasileiro\",\"Cuca Palmeiras\",\"futebol\",\"Gabriel Jesus\",\"Palmeiras Clube\",\"Santa Cruz\",\"Santa Cruz x Palmeiras\"],\"articleSection\":[\"Campeonato Brasileiro\",\"futebol\"],\"inLanguage\":\"pt-BR\",\"potentialAction\":[{\"@type\":\"CommentAction\",\"name\":\"Comment\",\"target\":[\"https:\\\/\\\/blogdoprosperi.com\\\/?p=27314#respond\"]}]},{\"@type\":\"WebPage\",\"@id\":\"https:\\\/\\\/blogdoprosperi.com\\\/?p=27314\",\"url\":\"https:\\\/\\\/blogdoprosperi.com\\\/?p=27314\",\"name\":\"Palmeiras avan\u00e7a com a sabedoria de Z\u00e9 Roberto e entra na contagem regressiva do t\u00edtulo do Brasileir\u00e3o - PR\u00d3SPERI NEWS\",\"isPartOf\":{\"@id\":\"https:\\\/\\\/blogdoprosperi.com\\\/#website\"},\"primaryImageOfPage\":{\"@id\":\"https:\\\/\\\/blogdoprosperi.com\\\/?p=27314#primaryimage\"},\"image\":{\"@id\":\"https:\\\/\\\/blogdoprosperi.com\\\/?p=27314#primaryimage\"},\"thumbnailUrl\":\"https:\\\/\\\/blogdoprosperi.com\\\/wp-content\\\/uploads\\\/2016\\\/10\\\/ze.jpg\",\"datePublished\":\"2016-10-04T01:40:50+00:00\",\"dateModified\":\"2016-10-04T13:50:28+00:00\",\"breadcrumb\":{\"@id\":\"https:\\\/\\\/blogdoprosperi.com\\\/?p=27314#breadcrumb\"},\"inLanguage\":\"pt-BR\",\"potentialAction\":[{\"@type\":\"ReadAction\",\"target\":[\"https:\\\/\\\/blogdoprosperi.com\\\/?p=27314\"]}]},{\"@type\":\"ImageObject\",\"inLanguage\":\"pt-BR\",\"@id\":\"https:\\\/\\\/blogdoprosperi.com\\\/?p=27314#primaryimage\",\"url\":\"https:\\\/\\\/i0.wp.com\\\/blogdoprosperi.com\\\/wp-content\\\/uploads\\\/2016\\\/10\\\/ze.jpg?fit=700%2C394&ssl=1\",\"contentUrl\":\"https:\\\/\\\/i0.wp.com\\\/blogdoprosperi.com\\\/wp-content\\\/uploads\\\/2016\\\/10\\\/ze.jpg?fit=700%2C394&ssl=1\",\"width\":700,\"height\":394},{\"@type\":\"BreadcrumbList\",\"@id\":\"https:\\\/\\\/blogdoprosperi.com\\\/?p=27314#breadcrumb\",\"itemListElement\":[{\"@type\":\"ListItem\",\"position\":1,\"name\":\"In\u00edcio\",\"item\":\"https:\\\/\\\/blogdoprosperi.com\\\/\"},{\"@type\":\"ListItem\",\"position\":2,\"name\":\"Palmeiras avan\u00e7a com a sabedoria de Z\u00e9 Roberto e entra na contagem regressiva do t\u00edtulo do Brasileir\u00e3o\"}]},{\"@type\":\"WebSite\",\"@id\":\"https:\\\/\\\/blogdoprosperi.com\\\/#website\",\"url\":\"https:\\\/\\\/blogdoprosperi.com\\\/\",\"name\":\"PR\u00d3SPERI NEWS\",\"description\":\"TUDO \u00c9  FUTEBOL\",\"publisher\":{\"@id\":\"https:\\\/\\\/blogdoprosperi.com\\\/#\\\/schema\\\/person\\\/38100755ce3601861ee4fab9b5aa78e9\"},\"alternateName\":\"blogdoprosperi.com\",\"potentialAction\":[{\"@type\":\"SearchAction\",\"target\":{\"@type\":\"EntryPoint\",\"urlTemplate\":\"https:\\\/\\\/blogdoprosperi.com\\\/?s={search_term_string}\"},\"query-input\":{\"@type\":\"PropertyValueSpecification\",\"valueRequired\":true,\"valueName\":\"search_term_string\"}}],\"inLanguage\":\"pt-BR\"},{\"@type\":[\"Person\",\"Organization\"],\"@id\":\"https:\\\/\\\/blogdoprosperi.com\\\/#\\\/schema\\\/person\\\/38100755ce3601861ee4fab9b5aa78e9\",\"name\":\"Luiz Ant\u00f4nio Pr\u00f3speri\",\"pronouns\":\"ele\",\"image\":{\"@type\":\"ImageObject\",\"inLanguage\":\"pt-BR\",\"@id\":\"https:\\\/\\\/i0.wp.com\\\/blogdoprosperi.com\\\/wp-content\\\/uploads\\\/2026\\\/05\\\/cropped-8059e613-6002-42fa-961e-8e275f575d71-2-5.jpg?fit=1360%2C931&ssl=1\",\"url\":\"https:\\\/\\\/i0.wp.com\\\/blogdoprosperi.com\\\/wp-content\\\/uploads\\\/2026\\\/05\\\/cropped-8059e613-6002-42fa-961e-8e275f575d71-2-5.jpg?fit=1360%2C931&ssl=1\",\"contentUrl\":\"https:\\\/\\\/i0.wp.com\\\/blogdoprosperi.com\\\/wp-content\\\/uploads\\\/2026\\\/05\\\/cropped-8059e613-6002-42fa-961e-8e275f575d71-2-5.jpg?fit=1360%2C931&ssl=1\",\"width\":1360,\"height\":931,\"caption\":\"Luiz Ant\u00f4nio Pr\u00f3speri\"},\"logo\":{\"@id\":\"https:\\\/\\\/i0.wp.com\\\/blogdoprosperi.com\\\/wp-content\\\/uploads\\\/2026\\\/05\\\/cropped-8059e613-6002-42fa-961e-8e275f575d71-2-5.jpg?fit=1360%2C931&ssl=1\"},\"description\":\"Jornalista com carreira dedicada ao esporte. Cobriu 9 Copas do Mundo in loco, 1990 na It\u00e1lia, 1994 nos EUA, 1998 na Fran\u00e7a, 2002 na Coreia do Sul e Jap\u00e3o, 2006 na Alemanha, 2010 na \u00c1frica do Sul, 2014 no Brasil, 2018 na R\u00fassia e 2022 no Qatar. Eurocopas, 1992 na Su\u00e9cia e 1996 na Inglaterra. Copa das Confedera\u00e7\u00f5es de 2005 na Alemanha e 2009 na \u00c1frica do Sul. Rep\u00f3rter e Editor, trabalhou no Jornal da Tarde e Estad\u00e3o, de 1984 a fevereiro de 2016. Colunista, blogueiro. E comentarista de futebol na R\u00e1dio Estad\u00e3o, de 2013 a fevereiro de 2016. Jornalista respons\u00e1vel do \\\"Pr\u00f3speri News\\\" (blogdoprosperi.com).\",\"sameAs\":[\"http:\\\/\\\/blogdoprosperi.com\",\"Luiz Pr\u00f3speri\",\"@luiz_prosperi\",\"https:\\\/\\\/x.com\\\/Luizprosperi\",\"@prosperinacopa\",\"luiz.prosperi@icloud.com\"],\"url\":\"https:\\\/\\\/blogdoprosperi.com\\\/?author=102107496\"}]}<\/script>\n<!-- \/ Yoast SEO plugin. -->","yoast_head_json":{"title":"Palmeiras avan\u00e7a com a sabedoria de Z\u00e9 Roberto e entra na contagem regressiva do t\u00edtulo do Brasileir\u00e3o - PR\u00d3SPERI NEWS","robots":{"index":"index","follow":"follow","max-snippet":"max-snippet:-1","max-image-preview":"max-image-preview:large","max-video-preview":"max-video-preview:-1"},"canonical":"https:\/\/blogdoprosperi.com\/?p=27314","og_locale":"pt_BR","og_type":"article","og_title":"Palmeiras avan\u00e7a com a sabedoria de Z\u00e9 Roberto e entra na contagem regressiva do t\u00edtulo do Brasileir\u00e3o - PR\u00d3SPERI NEWS","og_description":"Palmeiras entra na contagem regressiva do t\u00edtulo do Brasileir\u00e3o ao derrotar o Santa Cruz por 3 a 2 [&hellip;]","og_url":"https:\/\/blogdoprosperi.com\/?p=27314","og_site_name":"PR\u00d3SPERI NEWS","article_publisher":"Luiz Pr\u00f3speri","article_author":"Luiz Pr\u00f3speri","article_published_time":"2016-10-04T01:40:50+00:00","article_modified_time":"2016-10-04T13:50:28+00:00","og_image":[{"url":"https:\/\/blogdoprosperi.com\/wp-content\/uploads\/2016\/10\/ze.jpg","type":"","width":"","height":""}],"author":"Luiz Ant\u00f4nio Pr\u00f3speri","twitter_card":"summary_large_image","twitter_creator":"@Luizprosperi","twitter_site":"@Luizprosperi","twitter_misc":{"Escrito por":"Luiz Ant\u00f4nio Pr\u00f3speri","Est. tempo de leitura":"4 minutos"},"schema":{"@context":"https:\/\/schema.org","@graph":[{"@type":"Article","@id":"https:\/\/blogdoprosperi.com\/?p=27314#article","isPartOf":{"@id":"https:\/\/blogdoprosperi.com\/?p=27314"},"author":{"name":"Luiz Ant\u00f4nio Pr\u00f3speri","@id":"https:\/\/blogdoprosperi.com\/#\/schema\/person\/38100755ce3601861ee4fab9b5aa78e9"},"headline":"Palmeiras avan\u00e7a com a sabedoria de Z\u00e9 Roberto e entra na contagem regressiva do t\u00edtulo do Brasileir\u00e3o","datePublished":"2016-10-04T01:40:50+00:00","dateModified":"2016-10-04T13:50:28+00:00","mainEntityOfPage":{"@id":"https:\/\/blogdoprosperi.com\/?p=27314"},"wordCount":741,"commentCount":2,"publisher":{"@id":"https:\/\/blogdoprosperi.com\/#\/schema\/person\/38100755ce3601861ee4fab9b5aa78e9"},"image":{"@id":"https:\/\/blogdoprosperi.com\/?p=27314#primaryimage"},"thumbnailUrl":"https:\/\/blogdoprosperi.com\/wp-content\/uploads\/2016\/10\/ze.jpg","keywords":["Brasileir\u00e3o","Campeonato Brasileiro","Cuca Palmeiras","futebol","Gabriel Jesus","Palmeiras Clube","Santa Cruz","Santa Cruz x Palmeiras"],"articleSection":["Campeonato Brasileiro","futebol"],"inLanguage":"pt-BR","potentialAction":[{"@type":"CommentAction","name":"Comment","target":["https:\/\/blogdoprosperi.com\/?p=27314#respond"]}]},{"@type":"WebPage","@id":"https:\/\/blogdoprosperi.com\/?p=27314","url":"https:\/\/blogdoprosperi.com\/?p=27314","name":"Palmeiras avan\u00e7a com a sabedoria de Z\u00e9 Roberto e entra na contagem regressiva do t\u00edtulo do Brasileir\u00e3o - PR\u00d3SPERI NEWS","isPartOf":{"@id":"https:\/\/blogdoprosperi.com\/#website"},"primaryImageOfPage":{"@id":"https:\/\/blogdoprosperi.com\/?p=27314#primaryimage"},"image":{"@id":"https:\/\/blogdoprosperi.com\/?p=27314#primaryimage"},"thumbnailUrl":"https:\/\/blogdoprosperi.com\/wp-content\/uploads\/2016\/10\/ze.jpg","datePublished":"2016-10-04T01:40:50+00:00","dateModified":"2016-10-04T13:50:28+00:00","breadcrumb":{"@id":"https:\/\/blogdoprosperi.com\/?p=27314#breadcrumb"},"inLanguage":"pt-BR","potentialAction":[{"@type":"ReadAction","target":["https:\/\/blogdoprosperi.com\/?p=27314"]}]},{"@type":"ImageObject","inLanguage":"pt-BR","@id":"https:\/\/blogdoprosperi.com\/?p=27314#primaryimage","url":"https:\/\/i0.wp.com\/blogdoprosperi.com\/wp-content\/uploads\/2016\/10\/ze.jpg?fit=700%2C394&ssl=1","contentUrl":"https:\/\/i0.wp.com\/blogdoprosperi.com\/wp-content\/uploads\/2016\/10\/ze.jpg?fit=700%2C394&ssl=1","width":700,"height":394},{"@type":"BreadcrumbList","@id":"https:\/\/blogdoprosperi.com\/?p=27314#breadcrumb","itemListElement":[{"@type":"ListItem","position":1,"name":"In\u00edcio","item":"https:\/\/blogdoprosperi.com\/"},{"@type":"ListItem","position":2,"name":"Palmeiras avan\u00e7a com a sabedoria de Z\u00e9 Roberto e entra na contagem regressiva do t\u00edtulo do Brasileir\u00e3o"}]},{"@type":"WebSite","@id":"https:\/\/blogdoprosperi.com\/#website","url":"https:\/\/blogdoprosperi.com\/","name":"PR\u00d3SPERI NEWS","description":"TUDO \u00c9  FUTEBOL","publisher":{"@id":"https:\/\/blogdoprosperi.com\/#\/schema\/person\/38100755ce3601861ee4fab9b5aa78e9"},"alternateName":"blogdoprosperi.com","potentialAction":[{"@type":"SearchAction","target":{"@type":"EntryPoint","urlTemplate":"https:\/\/blogdoprosperi.com\/?s={search_term_string}"},"query-input":{"@type":"PropertyValueSpecification","valueRequired":true,"valueName":"search_term_string"}}],"inLanguage":"pt-BR"},{"@type":["Person","Organization"],"@id":"https:\/\/blogdoprosperi.com\/#\/schema\/person\/38100755ce3601861ee4fab9b5aa78e9","name":"Luiz Ant\u00f4nio Pr\u00f3speri","pronouns":"ele","image":{"@type":"ImageObject","inLanguage":"pt-BR","@id":"https:\/\/i0.wp.com\/blogdoprosperi.com\/wp-content\/uploads\/2026\/05\/cropped-8059e613-6002-42fa-961e-8e275f575d71-2-5.jpg?fit=1360%2C931&ssl=1","url":"https:\/\/i0.wp.com\/blogdoprosperi.com\/wp-content\/uploads\/2026\/05\/cropped-8059e613-6002-42fa-961e-8e275f575d71-2-5.jpg?fit=1360%2C931&ssl=1","contentUrl":"https:\/\/i0.wp.com\/blogdoprosperi.com\/wp-content\/uploads\/2026\/05\/cropped-8059e613-6002-42fa-961e-8e275f575d71-2-5.jpg?fit=1360%2C931&ssl=1","width":1360,"height":931,"caption":"Luiz Ant\u00f4nio Pr\u00f3speri"},"logo":{"@id":"https:\/\/i0.wp.com\/blogdoprosperi.com\/wp-content\/uploads\/2026\/05\/cropped-8059e613-6002-42fa-961e-8e275f575d71-2-5.jpg?fit=1360%2C931&ssl=1"},"description":"Jornalista com carreira dedicada ao esporte. Cobriu 9 Copas do Mundo in loco, 1990 na It\u00e1lia, 1994 nos EUA, 1998 na Fran\u00e7a, 2002 na Coreia do Sul e Jap\u00e3o, 2006 na Alemanha, 2010 na \u00c1frica do Sul, 2014 no Brasil, 2018 na R\u00fassia e 2022 no Qatar. Eurocopas, 1992 na Su\u00e9cia e 1996 na Inglaterra. Copa das Confedera\u00e7\u00f5es de 2005 na Alemanha e 2009 na \u00c1frica do Sul. Rep\u00f3rter e Editor, trabalhou no Jornal da Tarde e Estad\u00e3o, de 1984 a fevereiro de 2016. Colunista, blogueiro. E comentarista de futebol na R\u00e1dio Estad\u00e3o, de 2013 a fevereiro de 2016. Jornalista respons\u00e1vel do \"Pr\u00f3speri News\" (blogdoprosperi.com).","sameAs":["http:\/\/blogdoprosperi.com","Luiz Pr\u00f3speri","@luiz_prosperi","https:\/\/x.com\/Luizprosperi","@prosperinacopa","luiz.prosperi@icloud.com"],"url":"https:\/\/blogdoprosperi.com\/?author=102107496"}]}},"jetpack_publicize_connections":[],"jetpack_likes_enabled":false,"jetpack_sharing_enabled":true,"jetpack_shortlink":"https:\/\/wp.me\/p7jvdk-76y","jetpack-related-posts":[{"id":27981,"url":"https:\/\/blogdoprosperi.com\/?p=27981","url_meta":{"origin":27314,"position":0},"title":"Palmeiras n\u00e3o desengata marcha rumo ao t\u00edtulo do Brasileir\u00e3o","author":"Luiz Ant\u00f4nio Pr\u00f3speri","date":"9 de outubro de 2016","format":false,"excerpt":"Palmeiras n\u00e3o desengata a marcha nem desacelera na estrada que o conduz at\u00e9 o t\u00edtulo do Brasileiro. Sem brilho, com excesso de seguran\u00e7a e cauteloso ao extremo, se imp\u00f4s contra o virtualmente rebaixado Am\u00e9rica-MG. Venceu por 2 a 0 em Londrina, mas pode dizer Allianz Parque, com maioria absoluta de\u2026","rel":"","context":"Em &quot;Campeonato Brasileiro&quot;","block_context":{"text":"Campeonato Brasileiro","link":"https:\/\/blogdoprosperi.com\/?cat=355071"},"img":{"alt_text":"","src":"https:\/\/i0.wp.com\/blogdoprosperi.com\/wp-content\/uploads\/2016\/10\/622_a70bacc3-5105-3d6f-826f-694be30b5ff7.jpg?resize=350%2C200&ssl=1","width":350,"height":200,"srcset":"https:\/\/i0.wp.com\/blogdoprosperi.com\/wp-content\/uploads\/2016\/10\/622_a70bacc3-5105-3d6f-826f-694be30b5ff7.jpg?resize=350%2C200&ssl=1 1x, https:\/\/i0.wp.com\/blogdoprosperi.com\/wp-content\/uploads\/2016\/10\/622_a70bacc3-5105-3d6f-826f-694be30b5ff7.jpg?resize=525%2C300&ssl=1 1.5x"},"classes":[]},{"id":14263,"url":"https:\/\/blogdoprosperi.com\/?p=14263","url_meta":{"origin":27314,"position":1},"title":"Gabriel Jesus coloca Brasileir\u00e3o e Palmeiras aos seus p\u00e9s","author":"Luiz Ant\u00f4nio Pr\u00f3speri","date":"1 de julho de 2016","format":false,"excerpt":"Garoto faz dois gols na vit\u00f3ria contra Figueirense, assume artilharia do campeonato com nove e sustenta lideran\u00e7a do time em doze rodadas Gabriel Jesus colocou o Campeonato Brasileiro debaixo do bra\u00e7o e a cada jogo pede passagem. Em 12 rodadas, assumiu a artilharia com nove gols - a maioria deles\u2026","rel":"","context":"Em &quot;Campeonato Brasileiro&quot;","block_context":{"text":"Campeonato Brasileiro","link":"https:\/\/blogdoprosperi.com\/?cat=355071"},"img":{"alt_text":"","src":"https:\/\/i0.wp.com\/blogdoprosperi.com\/wp-content\/uploads\/2016\/07\/622_8a047a65-6545-3e54-8a9b-69bea0b75ca0.jpg?resize=350%2C200&ssl=1","width":350,"height":200,"srcset":"https:\/\/i0.wp.com\/blogdoprosperi.com\/wp-content\/uploads\/2016\/07\/622_8a047a65-6545-3e54-8a9b-69bea0b75ca0.jpg?resize=350%2C200&ssl=1 1x, https:\/\/i0.wp.com\/blogdoprosperi.com\/wp-content\/uploads\/2016\/07\/622_8a047a65-6545-3e54-8a9b-69bea0b75ca0.jpg?resize=525%2C300&ssl=1 1.5x"},"classes":[]},{"id":33179,"url":"https:\/\/blogdoprosperi.com\/?p=33179","url_meta":{"origin":27314,"position":2},"title":"Palmeiras maior campe\u00e3o","author":"Luiz Ant\u00f4nio Pr\u00f3speri","date":"27 de novembro de 2016","format":false,"excerpt":"\u00a0 Palmeiras nove vezes campe\u00e3o do Brasil. A consagra\u00e7\u00e3o come\u00e7ou em maio, quando venceu o Atl\u00e9tico-PR por 4 a 0 na estreia, e acabou neste domingo (27\/11) ao derrotar a Chapecoense por 1 a 0 no Allianz Parque. Uma conquista irrepar\u00e1vel, repleta de her\u00f3is improv\u00e1veis como Jailson, uma comunh\u00e3o inesquec\u00edvel\u2026","rel":"","context":"Em &quot;Campeonato Brasileiro&quot;","block_context":{"text":"Campeonato Brasileiro","link":"https:\/\/blogdoprosperi.com\/?cat=355071"},"img":{"alt_text":"","src":"https:\/\/i0.wp.com\/blogdoprosperi.com\/wp-content\/uploads\/2016\/11\/imagem_2609_original.jpg?resize=350%2C200&ssl=1","width":350,"height":200,"srcset":"https:\/\/i0.wp.com\/blogdoprosperi.com\/wp-content\/uploads\/2016\/11\/imagem_2609_original.jpg?resize=350%2C200&ssl=1 1x, https:\/\/i0.wp.com\/blogdoprosperi.com\/wp-content\/uploads\/2016\/11\/imagem_2609_original.jpg?resize=525%2C300&ssl=1 1.5x, https:\/\/i0.wp.com\/blogdoprosperi.com\/wp-content\/uploads\/2016\/11\/imagem_2609_original.jpg?resize=700%2C400&ssl=1 2x"},"classes":[]},{"id":16524,"url":"https:\/\/blogdoprosperi.com\/?p=16524","url_meta":{"origin":27314,"position":3},"title":"Palmeiras se fortalece em busca da ta\u00e7a do Brasileir\u00e3o","author":"Luiz Ant\u00f4nio Pr\u00f3speri","date":"17 de julho de 2016","format":false,"excerpt":"Palmeiras n\u00e3o respeita a estreia de Paulo Roberto Falc\u00e3o, derrota o Inter e pulveriza um jejum de 19 anos sem vencer no Beira-Rio. Mais que o simbolismo da vit\u00f3ria, manda um forte recado aos concorrentes de que embicou na trilha certa do t\u00edtulo a quatro rodadas do encerramento do primeiro\u2026","rel":"","context":"Em &quot;Campeonato Brasileiro&quot;","block_context":{"text":"Campeonato Brasileiro","link":"https:\/\/blogdoprosperi.com\/?cat=355071"},"img":{"alt_text":"","src":"https:\/\/i0.wp.com\/blogdoprosperi.com\/wp-content\/uploads\/2016\/07\/20154566.jpg?resize=350%2C200&ssl=1","width":350,"height":200,"srcset":"https:\/\/i0.wp.com\/blogdoprosperi.com\/wp-content\/uploads\/2016\/07\/20154566.jpg?resize=350%2C200&ssl=1 1x, https:\/\/i0.wp.com\/blogdoprosperi.com\/wp-content\/uploads\/2016\/07\/20154566.jpg?resize=525%2C300&ssl=1 1.5x"},"classes":[]},{"id":25120,"url":"https:\/\/blogdoprosperi.com\/?p=25120","url_meta":{"origin":27314,"position":4},"title":"Palmeiras segura Gr\u00eamio e pode perder Gabriel Jesus na &#8216;decis\u00e3o&#8217; contra Flamengo","author":"Luiz Ant\u00f4nio Pr\u00f3speri","date":"11 de setembro de 2016","format":false,"excerpt":"Palmeiras volta do Sul com um empate sem gols de extrema import\u00e2ncia na briga pelo t\u00edtulo do Brasileir\u00e3o. Jogou para o gasto e teve um pouco de sorte ao n\u00e3o ser derrotado pelo Gr\u00eamio. Cuca arriscou na escala\u00e7\u00e3o ao improvisar Gabriel na fun\u00e7\u00e3o de lateral e tomou decis\u00f5es equivocadas nas\u2026","rel":"","context":"Em &quot;Campeonato Brasileiro&quot;","block_context":{"text":"Campeonato Brasileiro","link":"https:\/\/blogdoprosperi.com\/?cat=355071"},"img":{"alt_text":"","src":"https:\/\/i0.wp.com\/blogdoprosperi.com\/wp-content\/uploads\/2016\/09\/douglas-edu-dracena-gremio-palmeiras-brasileirao-11092016_1hmh1mapxqf2x11qqvj6x5krt3.jpg?resize=350%2C200&ssl=1","width":350,"height":200},"classes":[]},{"id":11483,"url":"https:\/\/blogdoprosperi.com\/?p=11483","url_meta":{"origin":27314,"position":5},"title":"Palmeiras assume a lideran\u00e7a e apresenta suas credenciais","author":"Luiz Ant\u00f4nio Pr\u00f3speri","date":"18 de junho de 2016","format":false,"excerpt":"Time com voca\u00e7\u00e3o de campe\u00e3o do Brasileir\u00e3o tem de ser ousado, sem perder o equil\u00edbrio. N\u00e3o importa se a competi\u00e7\u00e3o \u00e9 longa, repleta de imprevistos e concorrentes de todos os naipes. Tem de impor seu estilo, ser forte em casa, atrevido e vencer jogos com autoridade. O Palmeiras esteve muito\u2026","rel":"","context":"Em &quot;Campeonato Brasileiro&quot;","block_context":{"text":"Campeonato Brasileiro","link":"https:\/\/blogdoprosperi.com\/?cat=355071"},"img":{"alt_text":"","src":"https:\/\/i0.wp.com\/blogdoprosperi.com\/wp-content\/uploads\/2016\/06\/gols_palmeiras_santa_cruz_brasileirao.jpg?resize=350%2C200&ssl=1","width":350,"height":200,"srcset":"https:\/\/i0.wp.com\/blogdoprosperi.com\/wp-content\/uploads\/2016\/06\/gols_palmeiras_santa_cruz_brasileirao.jpg?resize=350%2C200&ssl=1 1x, https:\/\/i0.wp.com\/blogdoprosperi.com\/wp-content\/uploads\/2016\/06\/gols_palmeiras_santa_cruz_brasileirao.jpg?resize=525%2C300&ssl=1 1.5x"},"classes":[]}],"jetpack_featured_media_url":"","_links":{"self":[{"href":"https:\/\/blogdoprosperi.com\/index.php?rest_route=\/wp\/v2\/posts\/27314","targetHints":{"allow":["GET"]}}],"collection":[{"href":"https:\/\/blogdoprosperi.com\/index.php?rest_route=\/wp\/v2\/posts"}],"about":[{"href":"https:\/\/blogdoprosperi.com\/index.php?rest_route=\/wp\/v2\/types\/post"}],"author":[{"embeddable":true,"href":"https:\/\/blogdoprosperi.com\/index.php?rest_route=\/wp\/v2\/users\/102107496"}],"replies":[{"embeddable":true,"href":"https:\/\/blogdoprosperi.com\/index.php?rest_route=%2Fwp%2Fv2%2Fcomments&post=27314"}],"version-history":[{"count":25,"href":"https:\/\/blogdoprosperi.com\/index.php?rest_route=\/wp\/v2\/posts\/27314\/revisions"}],"predecessor-version":[{"id":27405,"href":"https:\/\/blogdoprosperi.com\/index.php?rest_route=\/wp\/v2\/posts\/27314\/revisions\/27405"}],"wp:attachment":[{"href":"https:\/\/blogdoprosperi.com\/index.php?rest_route=%2Fwp%2Fv2%2Fmedia&parent=27314"}],"wp:term":[{"taxonomy":"category","embeddable":true,"href":"https:\/\/blogdoprosperi.com\/index.php?rest_route=%2Fwp%2Fv2%2Fcategories&post=27314"},{"taxonomy":"post_tag","embeddable":true,"href":"https:\/\/blogdoprosperi.com\/index.php?rest_route=%2Fwp%2Fv2%2Ftags&post=27314"}],"curies":[{"name":"wp","href":"https:\/\/api.w.org\/{rel}","templated":true}]}}