{"id":28390,"date":"2016-10-13T21:58:36","date_gmt":"2016-10-14T00:58:36","guid":{"rendered":"http:\/\/blogdoprosperi.com\/?p=28390"},"modified":"2016-10-13T22:09:32","modified_gmt":"2016-10-14T01:09:32","slug":"palmeiras-deve-acender-uma-vela-a-ze-roberto-e-agradecer-todos-dias","status":"publish","type":"post","link":"https:\/\/blogdoprosperi.com\/?p=28390","title":{"rendered":"Palmeiras deve acender uma vela a Z\u00e9 Roberto e agradecer todos dias"},"content":{"rendered":"<p><span class=\"alignnone\"><img data-recalc-dims=\"1\" loading=\"lazy\" decoding=\"async\" data-attachment-id=\"28462\" data-permalink=\"https:\/\/blogdoprosperi.com\/?attachment_id=28462\" data-orig-file=\"https:\/\/i0.wp.com\/blogdoprosperi.com\/wp-content\/uploads\/2016\/10\/ze-roberto-sobis-palmeiras-x-cruzeiro-131016_9fxfjjeiqs9z1vo5q6071do5b.jpg?fit=620%2C430&amp;ssl=1\" data-orig-size=\"620,430\" data-comments-opened=\"1\" data-image-meta=\"{&quot;aperture&quot;:&quot;0&quot;,&quot;credit&quot;:&quot;&quot;,&quot;camera&quot;:&quot;&quot;,&quot;caption&quot;:&quot;&quot;,&quot;created_timestamp&quot;:&quot;0&quot;,&quot;copyright&quot;:&quot;&quot;,&quot;focal_length&quot;:&quot;0&quot;,&quot;iso&quot;:&quot;0&quot;,&quot;shutter_speed&quot;:&quot;0&quot;,&quot;title&quot;:&quot;&quot;,&quot;orientation&quot;:&quot;0&quot;}\" data-image-title=\"ze-roberto-sobis-palmeiras-x-cruzeiro-131016_9fxfjjeiqs9z1vo5q6071do5b\" data-image-description=\"\" data-image-caption=\"\" data-large-file=\"https:\/\/i0.wp.com\/blogdoprosperi.com\/wp-content\/uploads\/2016\/10\/ze-roberto-sobis-palmeiras-x-cruzeiro-131016_9fxfjjeiqs9z1vo5q6071do5b.jpg?fit=620%2C430&amp;ssl=1\" class=\"alignnone size-full wp-image-28462\" src=\"https:\/\/i0.wp.com\/blogdoprosperi.com\/wp-content\/uploads\/2016\/10\/ze-roberto-sobis-palmeiras-x-cruzeiro-131016_9fxfjjeiqs9z1vo5q6071do5b.jpg?resize=620%2C430&#038;ssl=1\" alt=\"ze-roberto-sobis-palmeiras-x-cruzeiro-131016_9fxfjjeiqs9z1vo5q6071do5b\" width=\"620\" height=\"430\" \/><\/span><\/p>\n<p>Z\u00e9 Roberto, aos 42 anos, garantiu o empate sem gols com o Cruzeiro em Araraquara. N\u00e3o fosse o velho lateral se jogar de barriga na bola tocada por Robinho e o Palmeiras sairia derrotado da Fonte Luminosa. N\u00e3o perdeu, somou um ponto e deixou uma ponta de desconfian\u00e7a na corrida pelo t\u00edtulo a oito rodadas do fim do Brasileir\u00e3o. N\u00e3o \u00e9 mais absoluto.\u00a0<!--more--><\/p>\n<p>No jogo em que o ataque n\u00e3o funcionou, o <a href=\"http:\/\/blogdoprosperi.com\/2016\/10\/04\/palmeiras-e-corinthians-entre-o-ceu-e-o-inferno\/\">Palmeiras poderia at\u00e9 ter sa\u00eddo com vantagem<\/a> no primeiro tempo. Diferente dos outros jogos, quando come\u00e7ava avassalador e com muita velocidade, optou por troca de passes at\u00e9 chegar \u00e0 zona de gol. De p\u00e9 em p\u00e9, criou dois lances que poderiam morrer na rede n\u00e3o fosse a falta de capricho com Gabriel Jesus e Dudu antes dos 15 minutos. N\u00e3o fez os gols e deu chance ao Cruzeiro de se reorganizar.<\/p>\n<p>Precavido, Mano Menezes segurou seus laterais, fixou Henrique, Robinho e Lucas Romero e passou a explorar bolas esticadas a Rafinha na esquerda e S\u00f3bis na direita e dali procurar \u00c1bila dentro da \u00e1rea. Em alguns momentos assumiu o controle do jogo. Faltou apenas arriscar mais chutes a gol.<\/p>\n<p>Diante da boa marca\u00e7\u00e3o do Cruzeiro, Tch\u00ea Tch\u00ea e Mois\u00e9s ficaram amarrados. N\u00e3o por acaso contaram com aux\u00edlio de <a href=\"http:\/\/blogdoprosperi.com\/2016\/10\/03\/palmeiras-avanca-com-a-sabedoria-de-ze-roberto-e-entra-na-contagem-regressiva-do-titulo-do-brasileirao\/\">Z\u00e9 Roberto na arma\u00e7\u00e3o <\/a>&#8211; um jeito de confundir os marcadores. Dudu, outro v\u00e9rtice da cria\u00e7\u00e3o, ficou muito preso no setor esquerdo duelando com o lateral Ezequiel. Por isso, a bola quase n\u00e3o chegava em Gabriel Jesus. Sem acionar o astro, a companhia n\u00e3o galopa. O gol n\u00e3o sai.<\/p>\n<p><span class=\"alignnone\"><img data-recalc-dims=\"1\" loading=\"lazy\" decoding=\"async\" data-attachment-id=\"28466\" data-permalink=\"https:\/\/blogdoprosperi.com\/?attachment_id=28466\" data-orig-file=\"https:\/\/i0.wp.com\/blogdoprosperi.com\/wp-content\/uploads\/2016\/10\/gabriel-jesus-palmeiras-sao-paulo-brasileirao-07092016_1v0jmltr960th11pmx97kwvm6n.jpg?fit=460%2C320&amp;ssl=1\" data-orig-size=\"460,320\" data-comments-opened=\"1\" data-image-meta=\"{&quot;aperture&quot;:&quot;0&quot;,&quot;credit&quot;:&quot;&quot;,&quot;camera&quot;:&quot;&quot;,&quot;caption&quot;:&quot;&quot;,&quot;created_timestamp&quot;:&quot;0&quot;,&quot;copyright&quot;:&quot;&quot;,&quot;focal_length&quot;:&quot;0&quot;,&quot;iso&quot;:&quot;0&quot;,&quot;shutter_speed&quot;:&quot;0&quot;,&quot;title&quot;:&quot;&quot;,&quot;orientation&quot;:&quot;0&quot;}\" data-image-title=\"gabriel-jesus-palmeiras-sao-paulo-brasileirao-07092016_1v0jmltr960th11pmx97kwvm6n\" data-image-description=\"\" data-image-caption=\"\" data-large-file=\"https:\/\/i0.wp.com\/blogdoprosperi.com\/wp-content\/uploads\/2016\/10\/gabriel-jesus-palmeiras-sao-paulo-brasileirao-07092016_1v0jmltr960th11pmx97kwvm6n.jpg?fit=460%2C320&amp;ssl=1\" class=\"alignnone size-full wp-image-28466 alignleft\" src=\"https:\/\/i0.wp.com\/blogdoprosperi.com\/wp-content\/uploads\/2016\/10\/gabriel-jesus-palmeiras-sao-paulo-brasileirao-07092016_1v0jmltr960th11pmx97kwvm6n.jpg?resize=460%2C320&#038;ssl=1\" alt=\"gabriel-jesus-palmeiras-sao-paulo-brasileirao-07092016_1v0jmltr960th11pmx97kwvm6n\" width=\"460\" height=\"320\" \/><\/span>No segundo tempo, o time de Minas assumiu o controle do jogo. Mano adiantou a marca\u00e7\u00e3o e passou a explorar a bola parada. Criou s\u00e9rios embara\u00e7os ao sistema defensivo do Palmeiras e teve a bola do jogo com Robinho, que tirou Jailson e, em vez de bater forte, deu um leve toque. Tempo para Z\u00e9 Roberto se jogar ao ch\u00e3o e, de barriga, salvar o gol.<\/p>\n<p>Depois de lance agudo, o time de Cuca se perdeu. Problemas se multiplicaram em todos os setores. Era preciso mudar. O treinador trocou Roger Guedes, Mois\u00e9s e Dudu. Um estrago consider\u00e1vel no ataque. Trocou velocidade e a possibilidade de um drible, por uma lentid\u00e3o sem propostas. O l\u00edder morreu.<a href=\"http:\/\/blogdoprosperi.com\/2016\/10\/11\/alo-neymar-selecao-brasileira-sabe-vencer-sem-voce\/\"> Gabriel Jesus, mentalmente desgastado, n\u00e3o apareceu.<\/a><\/p>\n<p>Mano tamb\u00e9m colaborou ao enfraquecer o ataque e refor\u00e7ar ainda mais o setor defensivo com a sa\u00edda de \u00c1bila, S\u00f3bis e depois Robinho. Tirou peso ofensivo, encorpou o meio-campo e aceitou o empate. Para quem briga contra o rebaixamento era um bom resultado.<\/p>\n<p>Em contrapartida, n\u00e3o foi <a href=\"http:\/\/blogdoprosperi.com\/2016\/10\/09\/palmeiras-nao-desengata-marcha-rumo-ao-titulo-do-brasileirao\/\">nada bom ao Palmeiras<\/a>. Mandante e na briga direta para ser campe\u00e3o n\u00e3o pode desperdi\u00e7ar pontos na reta final do campeonato. Vai ter de recuperar o preju\u00edzo sob pena de ficar na m\u00e3o.<\/p>\n<p><strong>FICHA DO JOGO<\/strong><\/p>\n<p><strong>Palmeiras 0 x 0 Cruzeir0<\/strong><\/p>\n<p><strong>Palmeiras<\/strong>: Jailson, Jean, Edu Dracena, Vitor Hugo e Z\u00e9 Roberto; Thiago Santos, Tch\u00ea Tch\u00ea e Mois\u00e9s (Alecsandro); Roger Guedes (Rafael Marques), Gabriel Jesus e Dudu (Cleiton Xavier). <strong>T\u00e9cnico<\/strong>: Cuca<\/p>\n<p><strong>Cruzeiro<\/strong>: Rafael, Ezequiel, Leo, Bruno Rodrigo e Bryan; Henrique, Lucas Romero e Robinho (Arrascaeta); Rafael S\u00f3bis (Ariel Cabral), \u00c1bila (Willian) e Rafinha. <strong>T\u00e9cnico<\/strong>: Mano Menezes<\/p>\n<p><strong>Juiz:<\/strong> Jailson Freitas<br \/>\n<strong>Cart\u00f5es amarelos<\/strong>: Ezequiel, \u00c1bila, Henrique, Gabriel Jesus, Rafinha<br \/>\n<strong>Local<\/strong>: Fonte Luminosa<\/p>\n","protected":false},"excerpt":{"rendered":"<p>Z\u00e9 Roberto, aos 42 anos, garantiu o empate sem gols com o Cruzeiro em Araraquara. N\u00e3o fosse o [&hellip;]<\/p>\n","protected":false},"author":102107496,"featured_media":0,"comment_status":"open","ping_status":"open","sticky":false,"template":"","format":"standard","meta":{"_coblocks_attr":"","_coblocks_dimensions":"","_coblocks_responsive_height":"","_coblocks_accordion_ie_support":"","_jetpack_newsletter_access":"","_jetpack_dont_email_post_to_subs":false,"_jetpack_newsletter_tier_id":0,"_jetpack_memberships_contains_paywalled_content":false,"_wpcom_ai_launchpad_first_post":false,"_jetpack_feature_clip_id":0,"_jetpack_memberships_contains_paid_content":false,"footnotes":"","jetpack_publicize_message":"","jetpack_publicize_feature_enabled":true,"jetpack_social_post_already_shared":false,"jetpack_social_options":{"image_generator_settings":{"template":"highway","default_image_id":0,"font":"","enabled":false},"version":2},"jetpack_post_was_ever_published":false},"categories":[53870],"tags":[362595295,10205871,789560560,8328841,21571213],"class_list":["post-28390","post","type-post","status-publish","format-standard","hentry","category-futebol","tag-brasileirao-2016","tag-ec-cruzeiro","tag-futebol","tag-palmeiras-clube","tag-palmeiras-x-cruzeiro"],"yoast_head":"<!-- This site is optimized with the Yoast SEO plugin v28.4 - https:\/\/yoast.com\/product\/yoast-seo-wordpress\/ -->\n<title>Palmeiras deve acender uma vela a Z\u00e9 Roberto e agradecer todos dias - PR\u00d3SPERI NEWS<\/title>\n<meta name=\"robots\" content=\"index, follow, max-snippet:-1, max-image-preview:large, max-video-preview:-1\" \/>\n<link rel=\"canonical\" href=\"https:\/\/blogdoprosperi.com\/?p=28390\" \/>\n<meta property=\"og:locale\" content=\"pt_BR\" \/>\n<meta property=\"og:type\" content=\"article\" \/>\n<meta property=\"og:title\" content=\"Palmeiras deve acender uma vela a Z\u00e9 Roberto e agradecer todos dias - PR\u00d3SPERI NEWS\" \/>\n<meta property=\"og:description\" content=\"Z\u00e9 Roberto, aos 42 anos, garantiu o empate sem gols com o Cruzeiro em Araraquara. N\u00e3o fosse o [&hellip;]\" \/>\n<meta property=\"og:url\" content=\"https:\/\/blogdoprosperi.com\/?p=28390\" \/>\n<meta property=\"og:site_name\" content=\"PR\u00d3SPERI NEWS\" \/>\n<meta property=\"article:publisher\" content=\"Luiz Pr\u00f3speri\" \/>\n<meta property=\"article:author\" content=\"Luiz Pr\u00f3speri\" \/>\n<meta property=\"article:published_time\" content=\"2016-10-14T00:58:36+00:00\" \/>\n<meta property=\"article:modified_time\" content=\"2016-10-14T01:09:32+00:00\" \/>\n<meta property=\"og:image\" content=\"https:\/\/blogdoprosperi.com\/wp-content\/uploads\/2016\/10\/ze-roberto-sobis-palmeiras-x-cruzeiro-131016_9fxfjjeiqs9z1vo5q6071do5b.jpg\" \/>\n<meta name=\"author\" content=\"Luiz Ant\u00f4nio Pr\u00f3speri\" \/>\n<meta name=\"twitter:card\" content=\"summary_large_image\" \/>\n<meta name=\"twitter:creator\" content=\"@Luizprosperi\" \/>\n<meta name=\"twitter:site\" content=\"@Luizprosperi\" \/>\n<meta name=\"twitter:label1\" content=\"Escrito por\" \/>\n\t<meta name=\"twitter:data1\" content=\"Luiz Ant\u00f4nio Pr\u00f3speri\" \/>\n\t<meta name=\"twitter:label2\" content=\"Est. tempo de leitura\" \/>\n\t<meta name=\"twitter:data2\" content=\"3 minutos\" \/>\n<script type=\"application\/ld+json\" class=\"yoast-schema-graph\">{\"@context\":\"https:\\\/\\\/schema.org\",\"@graph\":[{\"@type\":\"Article\",\"@id\":\"https:\\\/\\\/blogdoprosperi.com\\\/?p=28390#article\",\"isPartOf\":{\"@id\":\"https:\\\/\\\/blogdoprosperi.com\\\/?p=28390\"},\"author\":{\"name\":\"Luiz Ant\u00f4nio Pr\u00f3speri\",\"@id\":\"https:\\\/\\\/blogdoprosperi.com\\\/#\\\/schema\\\/person\\\/38100755ce3601861ee4fab9b5aa78e9\"},\"headline\":\"Palmeiras deve acender uma vela a Z\u00e9 Roberto e agradecer todos dias\",\"datePublished\":\"2016-10-14T00:58:36+00:00\",\"dateModified\":\"2016-10-14T01:09:32+00:00\",\"mainEntityOfPage\":{\"@id\":\"https:\\\/\\\/blogdoprosperi.com\\\/?p=28390\"},\"wordCount\":588,\"commentCount\":2,\"publisher\":{\"@id\":\"https:\\\/\\\/blogdoprosperi.com\\\/#\\\/schema\\\/person\\\/38100755ce3601861ee4fab9b5aa78e9\"},\"image\":{\"@id\":\"https:\\\/\\\/blogdoprosperi.com\\\/?p=28390#primaryimage\"},\"thumbnailUrl\":\"https:\\\/\\\/blogdoprosperi.com\\\/wp-content\\\/uploads\\\/2016\\\/10\\\/ze-roberto-sobis-palmeiras-x-cruzeiro-131016_9fxfjjeiqs9z1vo5q6071do5b.jpg\",\"keywords\":[\"Brasileir\u00e3o-2016\",\"EC Cruzeiro\",\"futebol\",\"Palmeiras Clube\",\"Palmeiras x Cruzeiro\"],\"articleSection\":[\"futebol\"],\"inLanguage\":\"pt-BR\",\"potentialAction\":[{\"@type\":\"CommentAction\",\"name\":\"Comment\",\"target\":[\"https:\\\/\\\/blogdoprosperi.com\\\/?p=28390#respond\"]}]},{\"@type\":\"WebPage\",\"@id\":\"https:\\\/\\\/blogdoprosperi.com\\\/?p=28390\",\"url\":\"https:\\\/\\\/blogdoprosperi.com\\\/?p=28390\",\"name\":\"Palmeiras deve acender uma vela a Z\u00e9 Roberto e agradecer todos dias - PR\u00d3SPERI NEWS\",\"isPartOf\":{\"@id\":\"https:\\\/\\\/blogdoprosperi.com\\\/#website\"},\"primaryImageOfPage\":{\"@id\":\"https:\\\/\\\/blogdoprosperi.com\\\/?p=28390#primaryimage\"},\"image\":{\"@id\":\"https:\\\/\\\/blogdoprosperi.com\\\/?p=28390#primaryimage\"},\"thumbnailUrl\":\"https:\\\/\\\/blogdoprosperi.com\\\/wp-content\\\/uploads\\\/2016\\\/10\\\/ze-roberto-sobis-palmeiras-x-cruzeiro-131016_9fxfjjeiqs9z1vo5q6071do5b.jpg\",\"datePublished\":\"2016-10-14T00:58:36+00:00\",\"dateModified\":\"2016-10-14T01:09:32+00:00\",\"breadcrumb\":{\"@id\":\"https:\\\/\\\/blogdoprosperi.com\\\/?p=28390#breadcrumb\"},\"inLanguage\":\"pt-BR\",\"potentialAction\":[{\"@type\":\"ReadAction\",\"target\":[\"https:\\\/\\\/blogdoprosperi.com\\\/?p=28390\"]}]},{\"@type\":\"ImageObject\",\"inLanguage\":\"pt-BR\",\"@id\":\"https:\\\/\\\/blogdoprosperi.com\\\/?p=28390#primaryimage\",\"url\":\"https:\\\/\\\/i0.wp.com\\\/blogdoprosperi.com\\\/wp-content\\\/uploads\\\/2016\\\/10\\\/ze-roberto-sobis-palmeiras-x-cruzeiro-131016_9fxfjjeiqs9z1vo5q6071do5b.jpg?fit=620%2C430&ssl=1\",\"contentUrl\":\"https:\\\/\\\/i0.wp.com\\\/blogdoprosperi.com\\\/wp-content\\\/uploads\\\/2016\\\/10\\\/ze-roberto-sobis-palmeiras-x-cruzeiro-131016_9fxfjjeiqs9z1vo5q6071do5b.jpg?fit=620%2C430&ssl=1\",\"width\":620,\"height\":430},{\"@type\":\"BreadcrumbList\",\"@id\":\"https:\\\/\\\/blogdoprosperi.com\\\/?p=28390#breadcrumb\",\"itemListElement\":[{\"@type\":\"ListItem\",\"position\":1,\"name\":\"In\u00edcio\",\"item\":\"https:\\\/\\\/blogdoprosperi.com\\\/\"},{\"@type\":\"ListItem\",\"position\":2,\"name\":\"Palmeiras deve acender uma vela a Z\u00e9 Roberto e agradecer todos dias\"}]},{\"@type\":\"WebSite\",\"@id\":\"https:\\\/\\\/blogdoprosperi.com\\\/#website\",\"url\":\"https:\\\/\\\/blogdoprosperi.com\\\/\",\"name\":\"PR\u00d3SPERI NEWS\",\"description\":\"TUDO \u00c9  FUTEBOL\",\"publisher\":{\"@id\":\"https:\\\/\\\/blogdoprosperi.com\\\/#\\\/schema\\\/person\\\/38100755ce3601861ee4fab9b5aa78e9\"},\"alternateName\":\"blogdoprosperi.com\",\"potentialAction\":[{\"@type\":\"SearchAction\",\"target\":{\"@type\":\"EntryPoint\",\"urlTemplate\":\"https:\\\/\\\/blogdoprosperi.com\\\/?s={search_term_string}\"},\"query-input\":{\"@type\":\"PropertyValueSpecification\",\"valueRequired\":true,\"valueName\":\"search_term_string\"}}],\"inLanguage\":\"pt-BR\"},{\"@type\":[\"Person\",\"Organization\"],\"@id\":\"https:\\\/\\\/blogdoprosperi.com\\\/#\\\/schema\\\/person\\\/38100755ce3601861ee4fab9b5aa78e9\",\"name\":\"Luiz Ant\u00f4nio Pr\u00f3speri\",\"pronouns\":\"ele\",\"image\":{\"@type\":\"ImageObject\",\"inLanguage\":\"pt-BR\",\"@id\":\"https:\\\/\\\/i0.wp.com\\\/blogdoprosperi.com\\\/wp-content\\\/uploads\\\/2026\\\/05\\\/cropped-8059e613-6002-42fa-961e-8e275f575d71-2-5.jpg?fit=1360%2C931&ssl=1\",\"url\":\"https:\\\/\\\/i0.wp.com\\\/blogdoprosperi.com\\\/wp-content\\\/uploads\\\/2026\\\/05\\\/cropped-8059e613-6002-42fa-961e-8e275f575d71-2-5.jpg?fit=1360%2C931&ssl=1\",\"contentUrl\":\"https:\\\/\\\/i0.wp.com\\\/blogdoprosperi.com\\\/wp-content\\\/uploads\\\/2026\\\/05\\\/cropped-8059e613-6002-42fa-961e-8e275f575d71-2-5.jpg?fit=1360%2C931&ssl=1\",\"width\":1360,\"height\":931,\"caption\":\"Luiz Ant\u00f4nio Pr\u00f3speri\"},\"logo\":{\"@id\":\"https:\\\/\\\/i0.wp.com\\\/blogdoprosperi.com\\\/wp-content\\\/uploads\\\/2026\\\/05\\\/cropped-8059e613-6002-42fa-961e-8e275f575d71-2-5.jpg?fit=1360%2C931&ssl=1\"},\"description\":\"Jornalista com carreira dedicada ao esporte. Cobriu 9 Copas do Mundo in loco, 1990 na It\u00e1lia, 1994 nos EUA, 1998 na Fran\u00e7a, 2002 na Coreia do Sul e Jap\u00e3o, 2006 na Alemanha, 2010 na \u00c1frica do Sul, 2014 no Brasil, 2018 na R\u00fassia e 2022 no Qatar. Eurocopas, 1992 na Su\u00e9cia e 1996 na Inglaterra. Copa das Confedera\u00e7\u00f5es de 2005 na Alemanha e 2009 na \u00c1frica do Sul. Rep\u00f3rter e Editor, trabalhou no Jornal da Tarde e Estad\u00e3o, de 1984 a fevereiro de 2016. Colunista, blogueiro. E comentarista de futebol na R\u00e1dio Estad\u00e3o, de 2013 a fevereiro de 2016. Jornalista respons\u00e1vel do \\\"Pr\u00f3speri News\\\" (blogdoprosperi.com).\",\"sameAs\":[\"http:\\\/\\\/blogdoprosperi.com\",\"Luiz Pr\u00f3speri\",\"@luiz_prosperi\",\"https:\\\/\\\/x.com\\\/Luizprosperi\",\"@prosperinacopa\",\"luiz.prosperi@icloud.com\"],\"url\":\"https:\\\/\\\/blogdoprosperi.com\\\/?author=102107496\"}]}<\/script>\n<!-- \/ Yoast SEO plugin. -->","yoast_head_json":{"title":"Palmeiras deve acender uma vela a Z\u00e9 Roberto e agradecer todos dias - PR\u00d3SPERI NEWS","robots":{"index":"index","follow":"follow","max-snippet":"max-snippet:-1","max-image-preview":"max-image-preview:large","max-video-preview":"max-video-preview:-1"},"canonical":"https:\/\/blogdoprosperi.com\/?p=28390","og_locale":"pt_BR","og_type":"article","og_title":"Palmeiras deve acender uma vela a Z\u00e9 Roberto e agradecer todos dias - PR\u00d3SPERI NEWS","og_description":"Z\u00e9 Roberto, aos 42 anos, garantiu o empate sem gols com o Cruzeiro em Araraquara. N\u00e3o fosse o [&hellip;]","og_url":"https:\/\/blogdoprosperi.com\/?p=28390","og_site_name":"PR\u00d3SPERI NEWS","article_publisher":"Luiz Pr\u00f3speri","article_author":"Luiz Pr\u00f3speri","article_published_time":"2016-10-14T00:58:36+00:00","article_modified_time":"2016-10-14T01:09:32+00:00","og_image":[{"url":"https:\/\/blogdoprosperi.com\/wp-content\/uploads\/2016\/10\/ze-roberto-sobis-palmeiras-x-cruzeiro-131016_9fxfjjeiqs9z1vo5q6071do5b.jpg","type":"","width":"","height":""}],"author":"Luiz Ant\u00f4nio Pr\u00f3speri","twitter_card":"summary_large_image","twitter_creator":"@Luizprosperi","twitter_site":"@Luizprosperi","twitter_misc":{"Escrito por":"Luiz Ant\u00f4nio Pr\u00f3speri","Est. tempo de leitura":"3 minutos"},"schema":{"@context":"https:\/\/schema.org","@graph":[{"@type":"Article","@id":"https:\/\/blogdoprosperi.com\/?p=28390#article","isPartOf":{"@id":"https:\/\/blogdoprosperi.com\/?p=28390"},"author":{"name":"Luiz Ant\u00f4nio Pr\u00f3speri","@id":"https:\/\/blogdoprosperi.com\/#\/schema\/person\/38100755ce3601861ee4fab9b5aa78e9"},"headline":"Palmeiras deve acender uma vela a Z\u00e9 Roberto e agradecer todos dias","datePublished":"2016-10-14T00:58:36+00:00","dateModified":"2016-10-14T01:09:32+00:00","mainEntityOfPage":{"@id":"https:\/\/blogdoprosperi.com\/?p=28390"},"wordCount":588,"commentCount":2,"publisher":{"@id":"https:\/\/blogdoprosperi.com\/#\/schema\/person\/38100755ce3601861ee4fab9b5aa78e9"},"image":{"@id":"https:\/\/blogdoprosperi.com\/?p=28390#primaryimage"},"thumbnailUrl":"https:\/\/blogdoprosperi.com\/wp-content\/uploads\/2016\/10\/ze-roberto-sobis-palmeiras-x-cruzeiro-131016_9fxfjjeiqs9z1vo5q6071do5b.jpg","keywords":["Brasileir\u00e3o-2016","EC Cruzeiro","futebol","Palmeiras Clube","Palmeiras x Cruzeiro"],"articleSection":["futebol"],"inLanguage":"pt-BR","potentialAction":[{"@type":"CommentAction","name":"Comment","target":["https:\/\/blogdoprosperi.com\/?p=28390#respond"]}]},{"@type":"WebPage","@id":"https:\/\/blogdoprosperi.com\/?p=28390","url":"https:\/\/blogdoprosperi.com\/?p=28390","name":"Palmeiras deve acender uma vela a Z\u00e9 Roberto e agradecer todos dias - PR\u00d3SPERI NEWS","isPartOf":{"@id":"https:\/\/blogdoprosperi.com\/#website"},"primaryImageOfPage":{"@id":"https:\/\/blogdoprosperi.com\/?p=28390#primaryimage"},"image":{"@id":"https:\/\/blogdoprosperi.com\/?p=28390#primaryimage"},"thumbnailUrl":"https:\/\/blogdoprosperi.com\/wp-content\/uploads\/2016\/10\/ze-roberto-sobis-palmeiras-x-cruzeiro-131016_9fxfjjeiqs9z1vo5q6071do5b.jpg","datePublished":"2016-10-14T00:58:36+00:00","dateModified":"2016-10-14T01:09:32+00:00","breadcrumb":{"@id":"https:\/\/blogdoprosperi.com\/?p=28390#breadcrumb"},"inLanguage":"pt-BR","potentialAction":[{"@type":"ReadAction","target":["https:\/\/blogdoprosperi.com\/?p=28390"]}]},{"@type":"ImageObject","inLanguage":"pt-BR","@id":"https:\/\/blogdoprosperi.com\/?p=28390#primaryimage","url":"https:\/\/i0.wp.com\/blogdoprosperi.com\/wp-content\/uploads\/2016\/10\/ze-roberto-sobis-palmeiras-x-cruzeiro-131016_9fxfjjeiqs9z1vo5q6071do5b.jpg?fit=620%2C430&ssl=1","contentUrl":"https:\/\/i0.wp.com\/blogdoprosperi.com\/wp-content\/uploads\/2016\/10\/ze-roberto-sobis-palmeiras-x-cruzeiro-131016_9fxfjjeiqs9z1vo5q6071do5b.jpg?fit=620%2C430&ssl=1","width":620,"height":430},{"@type":"BreadcrumbList","@id":"https:\/\/blogdoprosperi.com\/?p=28390#breadcrumb","itemListElement":[{"@type":"ListItem","position":1,"name":"In\u00edcio","item":"https:\/\/blogdoprosperi.com\/"},{"@type":"ListItem","position":2,"name":"Palmeiras deve acender uma vela a Z\u00e9 Roberto e agradecer todos dias"}]},{"@type":"WebSite","@id":"https:\/\/blogdoprosperi.com\/#website","url":"https:\/\/blogdoprosperi.com\/","name":"PR\u00d3SPERI NEWS","description":"TUDO \u00c9  FUTEBOL","publisher":{"@id":"https:\/\/blogdoprosperi.com\/#\/schema\/person\/38100755ce3601861ee4fab9b5aa78e9"},"alternateName":"blogdoprosperi.com","potentialAction":[{"@type":"SearchAction","target":{"@type":"EntryPoint","urlTemplate":"https:\/\/blogdoprosperi.com\/?s={search_term_string}"},"query-input":{"@type":"PropertyValueSpecification","valueRequired":true,"valueName":"search_term_string"}}],"inLanguage":"pt-BR"},{"@type":["Person","Organization"],"@id":"https:\/\/blogdoprosperi.com\/#\/schema\/person\/38100755ce3601861ee4fab9b5aa78e9","name":"Luiz Ant\u00f4nio Pr\u00f3speri","pronouns":"ele","image":{"@type":"ImageObject","inLanguage":"pt-BR","@id":"https:\/\/i0.wp.com\/blogdoprosperi.com\/wp-content\/uploads\/2026\/05\/cropped-8059e613-6002-42fa-961e-8e275f575d71-2-5.jpg?fit=1360%2C931&ssl=1","url":"https:\/\/i0.wp.com\/blogdoprosperi.com\/wp-content\/uploads\/2026\/05\/cropped-8059e613-6002-42fa-961e-8e275f575d71-2-5.jpg?fit=1360%2C931&ssl=1","contentUrl":"https:\/\/i0.wp.com\/blogdoprosperi.com\/wp-content\/uploads\/2026\/05\/cropped-8059e613-6002-42fa-961e-8e275f575d71-2-5.jpg?fit=1360%2C931&ssl=1","width":1360,"height":931,"caption":"Luiz Ant\u00f4nio Pr\u00f3speri"},"logo":{"@id":"https:\/\/i0.wp.com\/blogdoprosperi.com\/wp-content\/uploads\/2026\/05\/cropped-8059e613-6002-42fa-961e-8e275f575d71-2-5.jpg?fit=1360%2C931&ssl=1"},"description":"Jornalista com carreira dedicada ao esporte. Cobriu 9 Copas do Mundo in loco, 1990 na It\u00e1lia, 1994 nos EUA, 1998 na Fran\u00e7a, 2002 na Coreia do Sul e Jap\u00e3o, 2006 na Alemanha, 2010 na \u00c1frica do Sul, 2014 no Brasil, 2018 na R\u00fassia e 2022 no Qatar. Eurocopas, 1992 na Su\u00e9cia e 1996 na Inglaterra. Copa das Confedera\u00e7\u00f5es de 2005 na Alemanha e 2009 na \u00c1frica do Sul. Rep\u00f3rter e Editor, trabalhou no Jornal da Tarde e Estad\u00e3o, de 1984 a fevereiro de 2016. Colunista, blogueiro. E comentarista de futebol na R\u00e1dio Estad\u00e3o, de 2013 a fevereiro de 2016. Jornalista respons\u00e1vel do \"Pr\u00f3speri News\" (blogdoprosperi.com).","sameAs":["http:\/\/blogdoprosperi.com","Luiz Pr\u00f3speri","@luiz_prosperi","https:\/\/x.com\/Luizprosperi","@prosperinacopa","luiz.prosperi@icloud.com"],"url":"https:\/\/blogdoprosperi.com\/?author=102107496"}]}},"jetpack_publicize_connections":[],"jetpack_likes_enabled":false,"jetpack_sharing_enabled":true,"jetpack_shortlink":"https:\/\/wp.me\/p7jvdk-7nU","jetpack-related-posts":[{"id":42883,"url":"https:\/\/blogdoprosperi.com\/?p=42883","url_meta":{"origin":28390,"position":0},"title":"Dudu anuncia de forma oficial que n\u00e3o deixa o Palmeiras","author":"Luiz Ant\u00f4nio Pr\u00f3speri","date":"17 de junho de 2024","format":false,"excerpt":"Dudu acaba com as especula\u00e7\u00f5es e, em comunicado oficial no seu Instagram, anuncia sua perman\u00eancia no Palmeiras pelo menos at\u00e9 o fim do contrato, em dezembro de 2025, como noticiou esse blog Pr\u00f3speri News. Leila Pereira estava certa de que o neg\u00f3cio com o Cruzeiro estava fechado e at\u00e9 anunciou\u2026","rel":"","context":"Em &quot;futebol&quot;","block_context":{"text":"futebol","link":"https:\/\/blogdoprosperi.com\/?cat=53870"},"img":{"alt_text":"Dudu fica no Palmeiras","src":"https:\/\/i0.wp.com\/blogdoprosperi.com\/wp-content\/uploads\/2024\/06\/52473976363_a5e6a03d6d_o.webp?fit=1200%2C675&ssl=1&resize=350%2C200","width":350,"height":200,"srcset":"https:\/\/i0.wp.com\/blogdoprosperi.com\/wp-content\/uploads\/2024\/06\/52473976363_a5e6a03d6d_o.webp?fit=1200%2C675&ssl=1&resize=350%2C200 1x, https:\/\/i0.wp.com\/blogdoprosperi.com\/wp-content\/uploads\/2024\/06\/52473976363_a5e6a03d6d_o.webp?fit=1200%2C675&ssl=1&resize=525%2C300 1.5x, https:\/\/i0.wp.com\/blogdoprosperi.com\/wp-content\/uploads\/2024\/06\/52473976363_a5e6a03d6d_o.webp?fit=1200%2C675&ssl=1&resize=700%2C400 2x, https:\/\/i0.wp.com\/blogdoprosperi.com\/wp-content\/uploads\/2024\/06\/52473976363_a5e6a03d6d_o.webp?fit=1200%2C675&ssl=1&resize=1050%2C600 3x"},"classes":[]},{"id":4127,"url":"https:\/\/blogdoprosperi.com\/?p=4127","url_meta":{"origin":28390,"position":1},"title":"Meninos do Brasileir\u00e3o-2016: conhe\u00e7a Vitinho, do Palmeiras","author":"Luiz Ant\u00f4nio Pr\u00f3speri","date":"7 de maio de 2016","format":false,"excerpt":"\u00a0 Cuca n\u00e3o pensou muito para aceitar a troca de Robinho por Fabr\u00edcio do Cruzeiro. Depois de analisar o grupo de jogadores, o treinador entendeu que tinha um meia diferente nas categorias de base. Vitinho, de 19 anos, \u00e9 o nome da promessa. E poderia ser uma boa op\u00e7\u00e3o no\u2026","rel":"","context":"Em &quot;futebol&quot;","block_context":{"text":"futebol","link":"https:\/\/blogdoprosperi.com\/?cat=53870"},"img":{"alt_text":"","src":"https:\/\/i0.wp.com\/blogdoprosperi.com\/wp-content\/uploads\/2016\/05\/570f7cd2c703f1d7e7000001.jpeg?resize=350%2C200&ssl=1","width":350,"height":200,"srcset":"https:\/\/i0.wp.com\/blogdoprosperi.com\/wp-content\/uploads\/2016\/05\/570f7cd2c703f1d7e7000001.jpeg?resize=350%2C200&ssl=1 1x, https:\/\/i0.wp.com\/blogdoprosperi.com\/wp-content\/uploads\/2016\/05\/570f7cd2c703f1d7e7000001.jpeg?resize=525%2C300&ssl=1 1.5x, https:\/\/i0.wp.com\/blogdoprosperi.com\/wp-content\/uploads\/2016\/05\/570f7cd2c703f1d7e7000001.jpeg?resize=700%2C400&ssl=1 2x"},"classes":[]},{"id":44333,"url":"https:\/\/blogdoprosperi.com\/?p=44333","url_meta":{"origin":28390,"position":2},"title":"Copa do Brasil \u2013 Flamengo x Palmeiras: a dura caminhada de Abel Ferreira at\u00e9 o topo da montanha","author":"Luiz Ant\u00f4nio Pr\u00f3speri","date":"18 de julho de 2024","format":false,"excerpt":"Sorteio da Copa do Brasil tem confronto Palmeiras x Flamengo nas oitavas de final. Um deles, apontados como os mais poderosos clubes brasileiros, vai ficar no meio do caminho. E perder a oportunidade de embolsar cerca de 94 milh\u00f5es na soma da premia\u00e7\u00e3o total da CB. Palmeiras decide a vaga\u2026","rel":"","context":"Em &quot;futebol&quot;","block_context":{"text":"futebol","link":"https:\/\/blogdoprosperi.com\/?cat=53870"},"img":{"alt_text":"","src":"https:\/\/i0.wp.com\/blogdoprosperi.com\/wp-content\/uploads\/2024\/07\/zyqmery5.jpeg?fit=600%2C375&ssl=1&resize=350%2C200","width":350,"height":200,"srcset":"https:\/\/i0.wp.com\/blogdoprosperi.com\/wp-content\/uploads\/2024\/07\/zyqmery5.jpeg?fit=600%2C375&ssl=1&resize=350%2C200 1x, https:\/\/i0.wp.com\/blogdoprosperi.com\/wp-content\/uploads\/2024\/07\/zyqmery5.jpeg?fit=600%2C375&ssl=1&resize=525%2C300 1.5x"},"classes":[]},{"id":2517,"url":"https:\/\/blogdoprosperi.com\/?p=2517","url_meta":{"origin":28390,"position":3},"title":"Cuca vai revirar o Palmeiras com trocas de jogadores","author":"Luiz Ant\u00f4nio Pr\u00f3speri","date":"27 de abril de 2016","format":false,"excerpt":"A troca de Lucas e Robinho por dois laterais do Cruzeiro - Fabiano e Fabr\u00edcio - pode dar certo no Palmeiras. Antes de cr\u00edticas apressadas, \u00e9 preciso ouvir a voz de Cuca \u00e9 s\u00f3 depois a dos cartolas. Cabe ao treinador as explica\u00e7\u00f5es sobre o neg\u00f3cio. Apenas ele pode dizer\u2026","rel":"","context":"Em &quot;futebol&quot;","block_context":{"text":"futebol","link":"https:\/\/blogdoprosperi.com\/?cat=53870"},"img":{"alt_text":"","src":"https:\/\/i0.wp.com\/blogdoprosperi.com\/wp-content\/uploads\/2016\/04\/chacx1ewmaekmuq.jpg?resize=350%2C200&ssl=1","width":350,"height":200,"srcset":"https:\/\/i0.wp.com\/blogdoprosperi.com\/wp-content\/uploads\/2016\/04\/chacx1ewmaekmuq.jpg?resize=350%2C200&ssl=1 1x, https:\/\/i0.wp.com\/blogdoprosperi.com\/wp-content\/uploads\/2016\/04\/chacx1ewmaekmuq.jpg?resize=525%2C300&ssl=1 1.5x"},"classes":[]},{"id":46700,"url":"https:\/\/blogdoprosperi.com\/?p=46700","url_meta":{"origin":28390,"position":4},"title":"John Textor | I Love Flamengo","author":"Luiz Ant\u00f4nio Pr\u00f3speri","date":"2 de dezembro de 2024","format":false,"excerpt":"Luiz Ant\u00f4nio Pr\u00f3speri \u2013 2 dezembro (10h35) \u2013 Praia de Botafogo abarrotada de torcedores, domingo (01\/12), \u00e0 noite. Tr\u00eas trios el\u00e9tricos embalando a massa. Do alto de um deles, o americano John Textor se esbalda na comemora\u00e7\u00e3o da conquista da Libertadores da Am\u00e9rica. Ao ser entrevistado por uma rep\u00f3rter do\u2026","rel":"","context":"Em &quot;futebol&quot;","block_context":{"text":"futebol","link":"https:\/\/blogdoprosperi.com\/?cat=53870"},"img":{"alt_text":"Textor repete gesto de Tulio Maravilha em 1995","src":"https:\/\/i0.wp.com\/blogdoprosperi.com\/wp-content\/uploads\/2024\/12\/john-textor-replica-tulio-maravilha-em-chegada-epica-do-botafogo-ao-rio2c-apos-titulo-da-libertadores.jpg.webp?fit=984%2C656&ssl=1&resize=350%2C200","width":350,"height":200,"srcset":"https:\/\/i0.wp.com\/blogdoprosperi.com\/wp-content\/uploads\/2024\/12\/john-textor-replica-tulio-maravilha-em-chegada-epica-do-botafogo-ao-rio2c-apos-titulo-da-libertadores.jpg.webp?fit=984%2C656&ssl=1&resize=350%2C200 1x, https:\/\/i0.wp.com\/blogdoprosperi.com\/wp-content\/uploads\/2024\/12\/john-textor-replica-tulio-maravilha-em-chegada-epica-do-botafogo-ao-rio2c-apos-titulo-da-libertadores.jpg.webp?fit=984%2C656&ssl=1&resize=525%2C300 1.5x, https:\/\/i0.wp.com\/blogdoprosperi.com\/wp-content\/uploads\/2024\/12\/john-textor-replica-tulio-maravilha-em-chegada-epica-do-botafogo-ao-rio2c-apos-titulo-da-libertadores.jpg.webp?fit=984%2C656&ssl=1&resize=700%2C400 2x"},"classes":[]},{"id":27981,"url":"https:\/\/blogdoprosperi.com\/?p=27981","url_meta":{"origin":28390,"position":5},"title":"Palmeiras n\u00e3o desengata marcha rumo ao t\u00edtulo do Brasileir\u00e3o","author":"Luiz Ant\u00f4nio Pr\u00f3speri","date":"9 de outubro de 2016","format":false,"excerpt":"Palmeiras n\u00e3o desengata a marcha nem desacelera na estrada que o conduz at\u00e9 o t\u00edtulo do Brasileiro. Sem brilho, com excesso de seguran\u00e7a e cauteloso ao extremo, se imp\u00f4s contra o virtualmente rebaixado Am\u00e9rica-MG. Venceu por 2 a 0 em Londrina, mas pode dizer Allianz Parque, com maioria absoluta de\u2026","rel":"","context":"Em &quot;Campeonato Brasileiro&quot;","block_context":{"text":"Campeonato Brasileiro","link":"https:\/\/blogdoprosperi.com\/?cat=355071"},"img":{"alt_text":"","src":"https:\/\/i0.wp.com\/blogdoprosperi.com\/wp-content\/uploads\/2016\/10\/622_a70bacc3-5105-3d6f-826f-694be30b5ff7.jpg?resize=350%2C200&ssl=1","width":350,"height":200,"srcset":"https:\/\/i0.wp.com\/blogdoprosperi.com\/wp-content\/uploads\/2016\/10\/622_a70bacc3-5105-3d6f-826f-694be30b5ff7.jpg?resize=350%2C200&ssl=1 1x, https:\/\/i0.wp.com\/blogdoprosperi.com\/wp-content\/uploads\/2016\/10\/622_a70bacc3-5105-3d6f-826f-694be30b5ff7.jpg?resize=525%2C300&ssl=1 1.5x"},"classes":[]}],"jetpack_featured_media_url":"","_links":{"self":[{"href":"https:\/\/blogdoprosperi.com\/index.php?rest_route=\/wp\/v2\/posts\/28390","targetHints":{"allow":["GET"]}}],"collection":[{"href":"https:\/\/blogdoprosperi.com\/index.php?rest_route=\/wp\/v2\/posts"}],"about":[{"href":"https:\/\/blogdoprosperi.com\/index.php?rest_route=\/wp\/v2\/types\/post"}],"author":[{"embeddable":true,"href":"https:\/\/blogdoprosperi.com\/index.php?rest_route=\/wp\/v2\/users\/102107496"}],"replies":[{"embeddable":true,"href":"https:\/\/blogdoprosperi.com\/index.php?rest_route=%2Fwp%2Fv2%2Fcomments&post=28390"}],"version-history":[{"count":25,"href":"https:\/\/blogdoprosperi.com\/index.php?rest_route=\/wp\/v2\/posts\/28390\/revisions"}],"predecessor-version":[{"id":28468,"href":"https:\/\/blogdoprosperi.com\/index.php?rest_route=\/wp\/v2\/posts\/28390\/revisions\/28468"}],"wp:attachment":[{"href":"https:\/\/blogdoprosperi.com\/index.php?rest_route=%2Fwp%2Fv2%2Fmedia&parent=28390"}],"wp:term":[{"taxonomy":"category","embeddable":true,"href":"https:\/\/blogdoprosperi.com\/index.php?rest_route=%2Fwp%2Fv2%2Fcategories&post=28390"},{"taxonomy":"post_tag","embeddable":true,"href":"https:\/\/blogdoprosperi.com\/index.php?rest_route=%2Fwp%2Fv2%2Ftags&post=28390"}],"curies":[{"name":"wp","href":"https:\/\/api.w.org\/{rel}","templated":true}]}}