{"id":28469,"date":"2016-10-13T23:46:59","date_gmt":"2016-10-14T02:46:59","guid":{"rendered":"http:\/\/blogdoprosperi.com\/?p=28469"},"modified":"2016-10-13T23:51:43","modified_gmt":"2016-10-14T02:51:43","slug":"sao-paulo-agoniza-e-santos-sonha","status":"publish","type":"post","link":"https:\/\/blogdoprosperi.com\/?p=28469","title":{"rendered":"S\u00e3o Paulo parte firme rumo ao rebaixamento e Santos sonha"},"content":{"rendered":"<p><span class=\"alignnone\"><img data-recalc-dims=\"1\" loading=\"lazy\" decoding=\"async\" data-attachment-id=\"28495\" data-permalink=\"https:\/\/blogdoprosperi.com\/?attachment_id=28495\" data-orig-file=\"https:\/\/i0.wp.com\/blogdoprosperi.com\/wp-content\/uploads\/2016\/10\/pro-20.jpg?fit=2500%2C1667&amp;ssl=1\" data-orig-size=\"2500,1667\" data-comments-opened=\"1\" data-image-meta=\"{&quot;aperture&quot;:&quot;3.2&quot;,&quot;credit&quot;:&quot;&quot;,&quot;camera&quot;:&quot;Canon EOS-1D X&quot;,&quot;caption&quot;:&quot;&quot;,&quot;created_timestamp&quot;:&quot;1476392812&quot;,&quot;copyright&quot;:&quot;ALEX SILVA\/ESTADAO&quot;,&quot;focal_length&quot;:&quot;400&quot;,&quot;iso&quot;:&quot;5000&quot;,&quot;shutter_speed&quot;:&quot;0.0015625&quot;,&quot;title&quot;:&quot;&quot;,&quot;orientation&quot;:&quot;1&quot;}\" data-image-title=\"pro-20\" data-image-description=\"\" data-image-caption=\"\" data-large-file=\"https:\/\/i0.wp.com\/blogdoprosperi.com\/wp-content\/uploads\/2016\/10\/pro-20.jpg?fit=940%2C627&amp;ssl=1\" class=\"alignnone size-full wp-image-28495\" src=\"https:\/\/i0.wp.com\/blogdoprosperi.com\/wp-content\/uploads\/2016\/10\/pro-20.jpg?resize=940%2C627&#038;ssl=1\" alt=\"pro-20.jpg\" width=\"940\" height=\"627\" \/><\/span><\/p>\n<p>S\u00e3o Paulo \u00e9 candidato s\u00e9rio ao rebaixamento a oito rodadas do fim do Brasileir\u00e3o. Est\u00e1 apenas a tr\u00eas pontos da zona da degola. Pior, n\u00e3o tem como reagir. A derrota por 1 a 0 no cl\u00e1ssico contra o Santos escancara, mais uma vez, o quanto o time \u00e9 desequilibrado. Quando se desdobra com for\u00e7a de vontade e entrega, sucumbe \u00e0 falta de recursos, em especial na linha de ataque. Torcedor s\u00e3o-paulino sabe que vai sofrer at\u00e9 o fim. E do outro lado, o Santos a cada rodada consolida sua vaga na Libertadores de 2017.<!--more--><\/p>\n<p>A situa\u00e7\u00e3o do S\u00e3o Paulo \u00e9 t\u00e3o complicada que nem mesmo os mais otimistas se lembram da <a href=\"http:\/\/blogdoprosperi.com\/2016\/09\/09\/marco-aurelio-cunha-nao-vai-tirar-sao-paulo-do-buraco-no-brasileirao\/\">chegada de Marco Aur\u00e9lio Cunha,<\/a> apontado como novo messias para endireitar o futebol e safar do rebaixamento. Desde a posse do novo dirigente, quase nada aconteceu de positivo.<\/p>\n<p>Ricardo Gomes, j\u00e1 fora dos planos para a pr\u00f3xima temporada, n\u00e3o consegue organizar o time. Apostas equivocadas se confundem com a baixa qualidade dos jogadores. Na contabilidade, tem mais erros a acertos. <a href=\"http:\/\/blogdoprosperi.com\/2016\/10\/06\/sao-paulo-nao-sabe-vencer-e-continua-na-sua-agonia-em-busca-de-um-porto-seguro\/\">Insiste em um meio-campo com Hudson, Thiago Mendes e Wesley<\/a>. Um trio sem lastro e desprovido de intelig\u00eancia na hora de criar alguma coisa. S\u00e3o serventes, n\u00e3o arquitetos.<\/p>\n<div class=\"tiled-gallery type-rectangular tiled-gallery-unresized\" data-original-width=\"940\" data-carousel-extra='{&quot;blog_id&quot;:1,&quot;permalink&quot;:&quot;https:\\\/\\\/blogdoprosperi.com\\\/?p=28469&quot;,&quot;likes_blog_id&quot;:108082574}' itemscope itemtype=\"http:\/\/schema.org\/ImageGallery\" > <div class=\"gallery-row\" style=\"width: 940px; height: 424px;\" data-original-width=\"940\" data-original-height=\"424\" > <div class=\"gallery-group images-1\" style=\"width: 634px; height: 424px;\" data-original-width=\"634\" data-original-height=\"424\" > <div class=\"tiled-gallery-item tiled-gallery-item-large\" itemprop=\"associatedMedia\" itemscope itemtype=\"http:\/\/schema.org\/ImageObject\"> <a href=\"https:\/\/blogdoprosperi.com\/?attachment_id=28498\" border=\"0\" itemprop=\"url\"> <meta itemprop=\"width\" content=\"630\"> <meta itemprop=\"height\" content=\"420\"> <img decoding=\"async\" class=\"\" data-attachment-id=\"28498\" data-orig-file=\"https:\/\/blogdoprosperi.com\/wp-content\/uploads\/2016\/10\/pro3-20.jpg\" data-orig-size=\"2500,1667\" data-comments-opened=\"1\" data-image-meta=\"{&quot;aperture&quot;:&quot;3.2&quot;,&quot;credit&quot;:&quot;&quot;,&quot;camera&quot;:&quot;Canon EOS-1D X&quot;,&quot;caption&quot;:&quot;&quot;,&quot;created_timestamp&quot;:&quot;1476393664&quot;,&quot;copyright&quot;:&quot;ALEX SILVA\\\/ESTADAO&quot;,&quot;focal_length&quot;:&quot;400&quot;,&quot;iso&quot;:&quot;5000&quot;,&quot;shutter_speed&quot;:&quot;0.0015625&quot;,&quot;title&quot;:&quot;&quot;,&quot;orientation&quot;:&quot;1&quot;}\" data-image-title=\"pro3-20\" data-image-description=\"\" data-medium-file=\"https:\/\/i0.wp.com\/blogdoprosperi.com\/wp-content\/uploads\/2016\/10\/pro3-20.jpg?fit=567%2C378&#038;ssl=1\" data-large-file=\"https:\/\/i0.wp.com\/blogdoprosperi.com\/wp-content\/uploads\/2016\/10\/pro3-20.jpg?fit=940%2C627&#038;ssl=1\" src=\"https:\/\/i0.wp.com\/blogdoprosperi.com\/wp-content\/uploads\/2016\/10\/pro3-20.jpg?w=630&#038;h=420&#038;ssl=1\" width=\"630\" height=\"420\" loading=\"lazy\" data-original-width=\"630\" data-original-height=\"420\" itemprop=\"http:\/\/schema.org\/image\" title=\"pro3-20\" alt=\"pro3-20\" style=\"width: 630px; height: 420px;\" \/> <\/a> <\/div> <\/div> <!-- close group --> <div class=\"gallery-group images-2\" style=\"width: 306px; height: 424px;\" data-original-width=\"306\" data-original-height=\"424\" > <div class=\"tiled-gallery-item tiled-gallery-item-large\" itemprop=\"associatedMedia\" itemscope itemtype=\"http:\/\/schema.org\/ImageObject\"> <a href=\"https:\/\/blogdoprosperi.com\/?attachment_id=28497\" border=\"0\" itemprop=\"url\"> <meta itemprop=\"width\" content=\"302\"> <meta itemprop=\"height\" content=\"202\"> <img decoding=\"async\" class=\"\" data-attachment-id=\"28497\" data-orig-file=\"https:\/\/blogdoprosperi.com\/wp-content\/uploads\/2016\/10\/pro2-17.jpg\" data-orig-size=\"2500,1667\" data-comments-opened=\"1\" data-image-meta=\"{&quot;aperture&quot;:&quot;3.2&quot;,&quot;credit&quot;:&quot;&quot;,&quot;camera&quot;:&quot;Canon EOS-1D X&quot;,&quot;caption&quot;:&quot;&quot;,&quot;created_timestamp&quot;:&quot;1476393453&quot;,&quot;copyright&quot;:&quot;ALEX SILVA\\\/ESTADAO&quot;,&quot;focal_length&quot;:&quot;400&quot;,&quot;iso&quot;:&quot;5000&quot;,&quot;shutter_speed&quot;:&quot;0.0015625&quot;,&quot;title&quot;:&quot;&quot;,&quot;orientation&quot;:&quot;1&quot;}\" data-image-title=\"pro2-17\" data-image-description=\"\" data-medium-file=\"https:\/\/i0.wp.com\/blogdoprosperi.com\/wp-content\/uploads\/2016\/10\/pro2-17.jpg?fit=567%2C378&#038;ssl=1\" data-large-file=\"https:\/\/i0.wp.com\/blogdoprosperi.com\/wp-content\/uploads\/2016\/10\/pro2-17.jpg?fit=940%2C627&#038;ssl=1\" src=\"https:\/\/i0.wp.com\/blogdoprosperi.com\/wp-content\/uploads\/2016\/10\/pro2-17.jpg?w=302&#038;h=202&#038;ssl=1\" width=\"302\" height=\"202\" loading=\"lazy\" data-original-width=\"302\" data-original-height=\"202\" itemprop=\"http:\/\/schema.org\/image\" title=\"pro2-17\" alt=\"pro2-17\" style=\"width: 302px; height: 202px;\" \/> <\/a> <\/div> <div class=\"tiled-gallery-item tiled-gallery-item-large\" itemprop=\"associatedMedia\" itemscope itemtype=\"http:\/\/schema.org\/ImageObject\"> <a href=\"https:\/\/blogdoprosperi.com\/?attachment_id=28496\" border=\"0\" itemprop=\"url\"> <meta itemprop=\"width\" content=\"302\"> <meta itemprop=\"height\" content=\"214\"> <img decoding=\"async\" class=\"\" data-attachment-id=\"28496\" data-orig-file=\"https:\/\/blogdoprosperi.com\/wp-content\/uploads\/2016\/10\/pro1-16.jpg\" data-orig-size=\"2500,1772\" data-comments-opened=\"1\" data-image-meta=\"{&quot;aperture&quot;:&quot;3.5&quot;,&quot;credit&quot;:&quot;&quot;,&quot;camera&quot;:&quot;Canon EOS-1D X&quot;,&quot;caption&quot;:&quot;&quot;,&quot;created_timestamp&quot;:&quot;1476393262&quot;,&quot;copyright&quot;:&quot;ALEX SILVA\\\/ESTADAO&quot;,&quot;focal_length&quot;:&quot;400&quot;,&quot;iso&quot;:&quot;5000&quot;,&quot;shutter_speed&quot;:&quot;0.0015625&quot;,&quot;title&quot;:&quot;&quot;,&quot;orientation&quot;:&quot;1&quot;}\" data-image-title=\"pro1-16\" data-image-description=\"\" data-medium-file=\"https:\/\/i0.wp.com\/blogdoprosperi.com\/wp-content\/uploads\/2016\/10\/pro1-16.jpg?fit=533%2C378&#038;ssl=1\" data-large-file=\"https:\/\/i0.wp.com\/blogdoprosperi.com\/wp-content\/uploads\/2016\/10\/pro1-16.jpg?fit=940%2C666&#038;ssl=1\" src=\"https:\/\/i0.wp.com\/blogdoprosperi.com\/wp-content\/uploads\/2016\/10\/pro1-16.jpg?w=302&#038;h=214&#038;ssl=1\" width=\"302\" height=\"214\" loading=\"lazy\" data-original-width=\"302\" data-original-height=\"214\" itemprop=\"http:\/\/schema.org\/image\" title=\"pro1-16\" alt=\"pro1-16\" style=\"width: 302px; height: 214px;\" \/> <\/a> <\/div> <\/div> <!-- close group --> <\/div> <!-- close row --> <\/div>\n<p><a href=\"http:\/\/blogdoprosperi.com\/2016\/10\/01\/sao-paulo-chora-aos-pes-de-chavez-diante-do-flamengo-no-morumbi\/\">No ataque, quando Ch\u00e1vez perdeu o prumo, os gols viraram miragem.<\/a> Ali\u00e1s o argentino, de poucos recursos, perdeu gol feito no segundo tempo, que poderia dar o empate contra o Santos. De bom, apenas uma press\u00e3o nos 20 minutos finais do primeiro tempo e a mesma dose na parte final do cl\u00e1ssico. Pouco para quem vive na agonia.<\/p>\n<p><a href=\"http:\/\/blogdoprosperi.com\/2016\/10\/06\/santos-derrota-flu-em-noite-de-abandono-da-torcida-e-nao-ve-titulo-do-brasileirao-uma-miragem\/\">Do lado do Santos<\/a>, nada de muito extraordin\u00e1rio a n\u00e3o ser o futebol correto de troca de passes, o equil\u00edbrio e a fome de gol. Copete, no in\u00edcio do segundo tempo, traduziu bem essa \u00a0equa\u00e7\u00e3o ao fazer o gol da vit\u00f3ria com ajuda de Lucas Lima.<\/p>\n<p>Esse gol do colombiano alavanca o Santos e<a href=\"http:\/\/blogdoprosperi.com\/2016\/09\/22\/sao-paulo-sai-fora-da-copa-do-brasil-e-perde-mais-uma-luta-contra-seus-demonios\/\"> implode o S\u00e3o Paulo.<\/a> Santistas sonham, tricolores se desesperam. Gl\u00f3ria e agonia at\u00e9 o fim do Brasileir\u00e3o.<\/p>\n<p><span class=\"alignnone\"><img data-recalc-dims=\"1\" loading=\"lazy\" decoding=\"async\" data-attachment-id=\"28503\" data-permalink=\"https:\/\/blogdoprosperi.com\/?attachment_id=28503\" data-orig-file=\"https:\/\/i0.wp.com\/blogdoprosperi.com\/wp-content\/uploads\/2016\/10\/pro4-18.jpg?fit=3237%2C2158&amp;ssl=1\" data-orig-size=\"3237,2158\" data-comments-opened=\"1\" data-image-meta=\"{&quot;aperture&quot;:&quot;3.2&quot;,&quot;credit&quot;:&quot;&quot;,&quot;camera&quot;:&quot;Canon EOS-1D X&quot;,&quot;caption&quot;:&quot;&quot;,&quot;created_timestamp&quot;:&quot;1476396740&quot;,&quot;copyright&quot;:&quot;ALEX SILVA\/ESTADAO&quot;,&quot;focal_length&quot;:&quot;400&quot;,&quot;iso&quot;:&quot;5000&quot;,&quot;shutter_speed&quot;:&quot;0.0015625&quot;,&quot;title&quot;:&quot;&quot;,&quot;orientation&quot;:&quot;1&quot;}\" data-image-title=\"pro4-18\" data-image-description=\"\" data-image-caption=\"\" data-large-file=\"https:\/\/i0.wp.com\/blogdoprosperi.com\/wp-content\/uploads\/2016\/10\/pro4-18.jpg?fit=940%2C627&amp;ssl=1\" class=\"alignnone size-full wp-image-28503\" src=\"https:\/\/i0.wp.com\/blogdoprosperi.com\/wp-content\/uploads\/2016\/10\/pro4-18.jpg?resize=940%2C627&#038;ssl=1\" alt=\"pro4-18\" width=\"940\" height=\"627\" \/><\/span><\/p>\n<p><b>FICHA DO JOGO<\/b><\/p>\n<p><strong>S\u00e3o Paulo 0 x 1 Santos<\/strong><\/p>\n<p><strong>Gol:\u00a0<\/strong>Copete, a 1 minuto do segundo tempo<\/p>\n<p><strong>S\u00e3o Paulo:\u00a0<\/strong>Denis; Buffarini, Rodrigo Caio, Maicon e Mena; Hudson (Jean Carlos), Thiago Mendes, Wesley (Cueva) e Carlinhos (Kelvin); Robson e Ch\u00e1vez.\u00a0<strong>T\u00e9cnico:<\/strong>Ricardo Gomes<\/p>\n<p><strong>Santos:<\/strong>Vanderlei; Victor Ferraz (Daniel Guedes), Luiz Felipe, David Braz e Zeca; Renato (Fabian Noguera), Thiago Maia e Lucas Lima (Yuri); Jean Mota, Copete e Ricardo Oliveira.\u00a0<strong>T\u00e9cnico:<\/strong>\u00a0Dorival J\u00fanior<\/p>\n<p><strong>Juiz:<\/strong>\u00a0Anderson Daronco (RS)<br \/>\n<strong>Cart\u00f5es amarelos:\u00a0<\/strong>Mena, Robson,\u00a0Zeca e Copete.<br \/>\n<strong>P\u00fablico:<\/strong>\u00a028.321 pagantes<br \/>\n<strong>Renda:<\/strong>\u00a0R$ 570.430,00<br \/>\n<strong>Local:<\/strong> Pacaembu<\/p>\n","protected":false},"excerpt":{"rendered":"<p>S\u00e3o Paulo \u00e9 candidato s\u00e9rio ao rebaixamento a oito rodadas do fim do Brasileir\u00e3o. Est\u00e1 apenas a tr\u00eas [&hellip;]<\/p>\n","protected":false},"author":102107496,"featured_media":0,"comment_status":"open","ping_status":"open","sticky":false,"template":"","format":"standard","meta":{"_coblocks_attr":"","_coblocks_dimensions":"","_coblocks_responsive_height":"","_coblocks_accordion_ie_support":"","_jetpack_newsletter_access":"","_jetpack_dont_email_post_to_subs":false,"_jetpack_newsletter_tier_id":0,"_jetpack_memberships_contains_paywalled_content":false,"_wpcom_ai_launchpad_first_post":false,"_jetpack_feature_clip_id":0,"_jetpack_memberships_contains_paid_content":false,"footnotes":"","jetpack_publicize_message":"","jetpack_publicize_feature_enabled":true,"jetpack_social_post_already_shared":false,"jetpack_social_options":{"image_generator_settings":{"template":"highway","default_image_id":0,"font":"","enabled":false},"version":2},"jetpack_post_was_ever_published":false},"categories":[355071,53870],"tags":[789560560,4225000,1716328,5807372,2588859,542947333,972018],"class_list":["post-28469","post","type-post","status-publish","format-standard","hentry","category-campeonato-brasileiro","category-futebol","tag-futebol","tag-marco-aurelio-cunha","tag-pacaembu","tag-ricardo-gomes","tag-santos-fc","tag-sao-paulo-0-x-1-santos","tag-sao-paulo-fc"],"yoast_head":"<!-- This site is optimized with the Yoast SEO plugin v28.3 - https:\/\/yoast.com\/product\/yoast-seo-wordpress\/ -->\n<title>S\u00e3o Paulo parte firme rumo ao rebaixamento e Santos sonha - PR\u00d3SPERI NEWS<\/title>\n<meta name=\"robots\" content=\"index, follow, max-snippet:-1, max-image-preview:large, max-video-preview:-1\" \/>\n<link rel=\"canonical\" href=\"https:\/\/blogdoprosperi.com\/?p=28469\" \/>\n<meta property=\"og:locale\" content=\"pt_BR\" \/>\n<meta property=\"og:type\" content=\"article\" \/>\n<meta property=\"og:title\" content=\"S\u00e3o Paulo parte firme rumo ao rebaixamento e Santos sonha - PR\u00d3SPERI NEWS\" \/>\n<meta property=\"og:description\" content=\"S\u00e3o Paulo \u00e9 candidato s\u00e9rio ao rebaixamento a oito rodadas do fim do Brasileir\u00e3o. Est\u00e1 apenas a tr\u00eas [&hellip;]\" \/>\n<meta property=\"og:url\" content=\"https:\/\/blogdoprosperi.com\/?p=28469\" \/>\n<meta property=\"og:site_name\" content=\"PR\u00d3SPERI NEWS\" \/>\n<meta property=\"article:publisher\" content=\"Luiz Pr\u00f3speri\" \/>\n<meta property=\"article:author\" content=\"Luiz Pr\u00f3speri\" \/>\n<meta property=\"article:published_time\" content=\"2016-10-14T02:46:59+00:00\" \/>\n<meta property=\"article:modified_time\" content=\"2016-10-14T02:51:43+00:00\" \/>\n<meta property=\"og:image\" content=\"https:\/\/i0.wp.com\/blogdoprosperi.com\/wp-content\/uploads\/2016\/10\/pro3-20.jpg?w=630&#038;h=420&#038;ssl=1\" \/>\n<meta name=\"author\" content=\"Luiz Ant\u00f4nio Pr\u00f3speri\" \/>\n<meta name=\"twitter:card\" content=\"summary_large_image\" \/>\n<meta name=\"twitter:creator\" content=\"@Luizprosperi\" \/>\n<meta name=\"twitter:site\" content=\"@Luizprosperi\" \/>\n<meta name=\"twitter:label1\" content=\"Escrito por\" \/>\n\t<meta name=\"twitter:data1\" content=\"Luiz Ant\u00f4nio Pr\u00f3speri\" \/>\n\t<meta name=\"twitter:label2\" content=\"Est. tempo de leitura\" \/>\n\t<meta name=\"twitter:data2\" content=\"2 minutos\" \/>\n<script type=\"application\/ld+json\" class=\"yoast-schema-graph\">{\"@context\":\"https:\\\/\\\/schema.org\",\"@graph\":[{\"@type\":\"Article\",\"@id\":\"https:\\\/\\\/blogdoprosperi.com\\\/?p=28469#article\",\"isPartOf\":{\"@id\":\"https:\\\/\\\/blogdoprosperi.com\\\/?p=28469\"},\"author\":{\"name\":\"Luiz Ant\u00f4nio Pr\u00f3speri\",\"@id\":\"https:\\\/\\\/blogdoprosperi.com\\\/#\\\/schema\\\/person\\\/38100755ce3601861ee4fab9b5aa78e9\"},\"headline\":\"S\u00e3o Paulo parte firme rumo ao rebaixamento e Santos sonha\",\"datePublished\":\"2016-10-14T02:46:59+00:00\",\"dateModified\":\"2016-10-14T02:51:43+00:00\",\"mainEntityOfPage\":{\"@id\":\"https:\\\/\\\/blogdoprosperi.com\\\/?p=28469\"},\"wordCount\":459,\"commentCount\":2,\"publisher\":{\"@id\":\"https:\\\/\\\/blogdoprosperi.com\\\/#\\\/schema\\\/person\\\/38100755ce3601861ee4fab9b5aa78e9\"},\"image\":{\"@id\":\"https:\\\/\\\/blogdoprosperi.com\\\/?p=28469#primaryimage\"},\"thumbnailUrl\":\"https:\\\/\\\/blogdoprosperi.com\\\/wp-content\\\/uploads\\\/2016\\\/10\\\/pro-20.jpg\",\"keywords\":[\"futebol\",\"Marco Aur\u00e9lio Cunha\",\"Pacaembu\",\"Ricardo Gomes\",\"Santos FC\",\"S\u00e3o Paulo 0 x 1 Santos\",\"S\u00e3o Paulo FC\"],\"articleSection\":[\"Campeonato Brasileiro\",\"futebol\"],\"inLanguage\":\"pt-BR\",\"potentialAction\":[{\"@type\":\"CommentAction\",\"name\":\"Comment\",\"target\":[\"https:\\\/\\\/blogdoprosperi.com\\\/?p=28469#respond\"]}]},{\"@type\":\"WebPage\",\"@id\":\"https:\\\/\\\/blogdoprosperi.com\\\/?p=28469\",\"url\":\"https:\\\/\\\/blogdoprosperi.com\\\/?p=28469\",\"name\":\"S\u00e3o Paulo parte firme rumo ao rebaixamento e Santos sonha - PR\u00d3SPERI NEWS\",\"isPartOf\":{\"@id\":\"https:\\\/\\\/blogdoprosperi.com\\\/#website\"},\"primaryImageOfPage\":{\"@id\":\"https:\\\/\\\/blogdoprosperi.com\\\/?p=28469#primaryimage\"},\"image\":{\"@id\":\"https:\\\/\\\/blogdoprosperi.com\\\/?p=28469#primaryimage\"},\"thumbnailUrl\":\"https:\\\/\\\/blogdoprosperi.com\\\/wp-content\\\/uploads\\\/2016\\\/10\\\/pro-20.jpg\",\"datePublished\":\"2016-10-14T02:46:59+00:00\",\"dateModified\":\"2016-10-14T02:51:43+00:00\",\"breadcrumb\":{\"@id\":\"https:\\\/\\\/blogdoprosperi.com\\\/?p=28469#breadcrumb\"},\"inLanguage\":\"pt-BR\",\"potentialAction\":[{\"@type\":\"ReadAction\",\"target\":[\"https:\\\/\\\/blogdoprosperi.com\\\/?p=28469\"]}]},{\"@type\":\"ImageObject\",\"inLanguage\":\"pt-BR\",\"@id\":\"https:\\\/\\\/blogdoprosperi.com\\\/?p=28469#primaryimage\",\"url\":\"https:\\\/\\\/i0.wp.com\\\/blogdoprosperi.com\\\/wp-content\\\/uploads\\\/2016\\\/10\\\/pro-20.jpg?fit=2500%2C1667&ssl=1\",\"contentUrl\":\"https:\\\/\\\/i0.wp.com\\\/blogdoprosperi.com\\\/wp-content\\\/uploads\\\/2016\\\/10\\\/pro-20.jpg?fit=2500%2C1667&ssl=1\",\"width\":2500,\"height\":1667},{\"@type\":\"BreadcrumbList\",\"@id\":\"https:\\\/\\\/blogdoprosperi.com\\\/?p=28469#breadcrumb\",\"itemListElement\":[{\"@type\":\"ListItem\",\"position\":1,\"name\":\"In\u00edcio\",\"item\":\"https:\\\/\\\/blogdoprosperi.com\\\/\"},{\"@type\":\"ListItem\",\"position\":2,\"name\":\"S\u00e3o Paulo parte firme rumo ao rebaixamento e Santos sonha\"}]},{\"@type\":\"WebSite\",\"@id\":\"https:\\\/\\\/blogdoprosperi.com\\\/#website\",\"url\":\"https:\\\/\\\/blogdoprosperi.com\\\/\",\"name\":\"PR\u00d3SPERI NEWS\",\"description\":\"TUDO \u00c9  FUTEBOL\",\"publisher\":{\"@id\":\"https:\\\/\\\/blogdoprosperi.com\\\/#\\\/schema\\\/person\\\/38100755ce3601861ee4fab9b5aa78e9\"},\"alternateName\":\"blogdoprosperi.com\",\"potentialAction\":[{\"@type\":\"SearchAction\",\"target\":{\"@type\":\"EntryPoint\",\"urlTemplate\":\"https:\\\/\\\/blogdoprosperi.com\\\/?s={search_term_string}\"},\"query-input\":{\"@type\":\"PropertyValueSpecification\",\"valueRequired\":true,\"valueName\":\"search_term_string\"}}],\"inLanguage\":\"pt-BR\"},{\"@type\":[\"Person\",\"Organization\"],\"@id\":\"https:\\\/\\\/blogdoprosperi.com\\\/#\\\/schema\\\/person\\\/38100755ce3601861ee4fab9b5aa78e9\",\"name\":\"Luiz Ant\u00f4nio Pr\u00f3speri\",\"pronouns\":\"ele\",\"image\":{\"@type\":\"ImageObject\",\"inLanguage\":\"pt-BR\",\"@id\":\"https:\\\/\\\/i0.wp.com\\\/blogdoprosperi.com\\\/wp-content\\\/uploads\\\/2026\\\/05\\\/cropped-8059e613-6002-42fa-961e-8e275f575d71-2-5.jpg?fit=1360%2C931&ssl=1\",\"url\":\"https:\\\/\\\/i0.wp.com\\\/blogdoprosperi.com\\\/wp-content\\\/uploads\\\/2026\\\/05\\\/cropped-8059e613-6002-42fa-961e-8e275f575d71-2-5.jpg?fit=1360%2C931&ssl=1\",\"contentUrl\":\"https:\\\/\\\/i0.wp.com\\\/blogdoprosperi.com\\\/wp-content\\\/uploads\\\/2026\\\/05\\\/cropped-8059e613-6002-42fa-961e-8e275f575d71-2-5.jpg?fit=1360%2C931&ssl=1\",\"width\":1360,\"height\":931,\"caption\":\"Luiz Ant\u00f4nio Pr\u00f3speri\"},\"logo\":{\"@id\":\"https:\\\/\\\/i0.wp.com\\\/blogdoprosperi.com\\\/wp-content\\\/uploads\\\/2026\\\/05\\\/cropped-8059e613-6002-42fa-961e-8e275f575d71-2-5.jpg?fit=1360%2C931&ssl=1\"},\"description\":\"Jornalista com carreira dedicada ao esporte. Cobriu 9 Copas do Mundo in loco, 1990 na It\u00e1lia, 1994 nos EUA, 1998 na Fran\u00e7a, 2002 na Coreia do Sul e Jap\u00e3o, 2006 na Alemanha, 2010 na \u00c1frica do Sul, 2014 no Brasil, 2018 na R\u00fassia e 2022 no Qatar. Eurocopas, 1992 na Su\u00e9cia e 1996 na Inglaterra. Copa das Confedera\u00e7\u00f5es de 2005 na Alemanha e 2009 na \u00c1frica do Sul. Rep\u00f3rter e Editor, trabalhou no Jornal da Tarde e Estad\u00e3o, de 1984 a fevereiro de 2016. Colunista, blogueiro. E comentarista de futebol na R\u00e1dio Estad\u00e3o, de 2013 a fevereiro de 2016. Jornalista respons\u00e1vel do \\\"Pr\u00f3speri News\\\" (blogdoprosperi.com).\",\"sameAs\":[\"http:\\\/\\\/blogdoprosperi.com\",\"Luiz Pr\u00f3speri\",\"@luiz_prosperi\",\"https:\\\/\\\/x.com\\\/Luizprosperi\",\"@prosperinacopa\",\"luiz.prosperi@icloud.com\"],\"url\":\"https:\\\/\\\/blogdoprosperi.com\\\/?author=102107496\"}]}<\/script>\n<!-- \/ Yoast SEO plugin. -->","yoast_head_json":{"title":"S\u00e3o Paulo parte firme rumo ao rebaixamento e Santos sonha - PR\u00d3SPERI NEWS","robots":{"index":"index","follow":"follow","max-snippet":"max-snippet:-1","max-image-preview":"max-image-preview:large","max-video-preview":"max-video-preview:-1"},"canonical":"https:\/\/blogdoprosperi.com\/?p=28469","og_locale":"pt_BR","og_type":"article","og_title":"S\u00e3o Paulo parte firme rumo ao rebaixamento e Santos sonha - PR\u00d3SPERI NEWS","og_description":"S\u00e3o Paulo \u00e9 candidato s\u00e9rio ao rebaixamento a oito rodadas do fim do Brasileir\u00e3o. Est\u00e1 apenas a tr\u00eas [&hellip;]","og_url":"https:\/\/blogdoprosperi.com\/?p=28469","og_site_name":"PR\u00d3SPERI NEWS","article_publisher":"Luiz Pr\u00f3speri","article_author":"Luiz Pr\u00f3speri","article_published_time":"2016-10-14T02:46:59+00:00","article_modified_time":"2016-10-14T02:51:43+00:00","og_image":[{"url":"https:\/\/i0.wp.com\/blogdoprosperi.com\/wp-content\/uploads\/2016\/10\/pro3-20.jpg?w=630&#038;h=420&#038;ssl=1","type":"","width":"","height":""}],"author":"Luiz Ant\u00f4nio Pr\u00f3speri","twitter_card":"summary_large_image","twitter_creator":"@Luizprosperi","twitter_site":"@Luizprosperi","twitter_misc":{"Escrito por":"Luiz Ant\u00f4nio Pr\u00f3speri","Est. tempo de leitura":"2 minutos"},"schema":{"@context":"https:\/\/schema.org","@graph":[{"@type":"Article","@id":"https:\/\/blogdoprosperi.com\/?p=28469#article","isPartOf":{"@id":"https:\/\/blogdoprosperi.com\/?p=28469"},"author":{"name":"Luiz Ant\u00f4nio Pr\u00f3speri","@id":"https:\/\/blogdoprosperi.com\/#\/schema\/person\/38100755ce3601861ee4fab9b5aa78e9"},"headline":"S\u00e3o Paulo parte firme rumo ao rebaixamento e Santos sonha","datePublished":"2016-10-14T02:46:59+00:00","dateModified":"2016-10-14T02:51:43+00:00","mainEntityOfPage":{"@id":"https:\/\/blogdoprosperi.com\/?p=28469"},"wordCount":459,"commentCount":2,"publisher":{"@id":"https:\/\/blogdoprosperi.com\/#\/schema\/person\/38100755ce3601861ee4fab9b5aa78e9"},"image":{"@id":"https:\/\/blogdoprosperi.com\/?p=28469#primaryimage"},"thumbnailUrl":"https:\/\/blogdoprosperi.com\/wp-content\/uploads\/2016\/10\/pro-20.jpg","keywords":["futebol","Marco Aur\u00e9lio Cunha","Pacaembu","Ricardo Gomes","Santos FC","S\u00e3o Paulo 0 x 1 Santos","S\u00e3o Paulo FC"],"articleSection":["Campeonato Brasileiro","futebol"],"inLanguage":"pt-BR","potentialAction":[{"@type":"CommentAction","name":"Comment","target":["https:\/\/blogdoprosperi.com\/?p=28469#respond"]}]},{"@type":"WebPage","@id":"https:\/\/blogdoprosperi.com\/?p=28469","url":"https:\/\/blogdoprosperi.com\/?p=28469","name":"S\u00e3o Paulo parte firme rumo ao rebaixamento e Santos sonha - PR\u00d3SPERI NEWS","isPartOf":{"@id":"https:\/\/blogdoprosperi.com\/#website"},"primaryImageOfPage":{"@id":"https:\/\/blogdoprosperi.com\/?p=28469#primaryimage"},"image":{"@id":"https:\/\/blogdoprosperi.com\/?p=28469#primaryimage"},"thumbnailUrl":"https:\/\/blogdoprosperi.com\/wp-content\/uploads\/2016\/10\/pro-20.jpg","datePublished":"2016-10-14T02:46:59+00:00","dateModified":"2016-10-14T02:51:43+00:00","breadcrumb":{"@id":"https:\/\/blogdoprosperi.com\/?p=28469#breadcrumb"},"inLanguage":"pt-BR","potentialAction":[{"@type":"ReadAction","target":["https:\/\/blogdoprosperi.com\/?p=28469"]}]},{"@type":"ImageObject","inLanguage":"pt-BR","@id":"https:\/\/blogdoprosperi.com\/?p=28469#primaryimage","url":"https:\/\/i0.wp.com\/blogdoprosperi.com\/wp-content\/uploads\/2016\/10\/pro-20.jpg?fit=2500%2C1667&ssl=1","contentUrl":"https:\/\/i0.wp.com\/blogdoprosperi.com\/wp-content\/uploads\/2016\/10\/pro-20.jpg?fit=2500%2C1667&ssl=1","width":2500,"height":1667},{"@type":"BreadcrumbList","@id":"https:\/\/blogdoprosperi.com\/?p=28469#breadcrumb","itemListElement":[{"@type":"ListItem","position":1,"name":"In\u00edcio","item":"https:\/\/blogdoprosperi.com\/"},{"@type":"ListItem","position":2,"name":"S\u00e3o Paulo parte firme rumo ao rebaixamento e Santos sonha"}]},{"@type":"WebSite","@id":"https:\/\/blogdoprosperi.com\/#website","url":"https:\/\/blogdoprosperi.com\/","name":"PR\u00d3SPERI NEWS","description":"TUDO \u00c9  FUTEBOL","publisher":{"@id":"https:\/\/blogdoprosperi.com\/#\/schema\/person\/38100755ce3601861ee4fab9b5aa78e9"},"alternateName":"blogdoprosperi.com","potentialAction":[{"@type":"SearchAction","target":{"@type":"EntryPoint","urlTemplate":"https:\/\/blogdoprosperi.com\/?s={search_term_string}"},"query-input":{"@type":"PropertyValueSpecification","valueRequired":true,"valueName":"search_term_string"}}],"inLanguage":"pt-BR"},{"@type":["Person","Organization"],"@id":"https:\/\/blogdoprosperi.com\/#\/schema\/person\/38100755ce3601861ee4fab9b5aa78e9","name":"Luiz Ant\u00f4nio Pr\u00f3speri","pronouns":"ele","image":{"@type":"ImageObject","inLanguage":"pt-BR","@id":"https:\/\/i0.wp.com\/blogdoprosperi.com\/wp-content\/uploads\/2026\/05\/cropped-8059e613-6002-42fa-961e-8e275f575d71-2-5.jpg?fit=1360%2C931&ssl=1","url":"https:\/\/i0.wp.com\/blogdoprosperi.com\/wp-content\/uploads\/2026\/05\/cropped-8059e613-6002-42fa-961e-8e275f575d71-2-5.jpg?fit=1360%2C931&ssl=1","contentUrl":"https:\/\/i0.wp.com\/blogdoprosperi.com\/wp-content\/uploads\/2026\/05\/cropped-8059e613-6002-42fa-961e-8e275f575d71-2-5.jpg?fit=1360%2C931&ssl=1","width":1360,"height":931,"caption":"Luiz Ant\u00f4nio Pr\u00f3speri"},"logo":{"@id":"https:\/\/i0.wp.com\/blogdoprosperi.com\/wp-content\/uploads\/2026\/05\/cropped-8059e613-6002-42fa-961e-8e275f575d71-2-5.jpg?fit=1360%2C931&ssl=1"},"description":"Jornalista com carreira dedicada ao esporte. Cobriu 9 Copas do Mundo in loco, 1990 na It\u00e1lia, 1994 nos EUA, 1998 na Fran\u00e7a, 2002 na Coreia do Sul e Jap\u00e3o, 2006 na Alemanha, 2010 na \u00c1frica do Sul, 2014 no Brasil, 2018 na R\u00fassia e 2022 no Qatar. Eurocopas, 1992 na Su\u00e9cia e 1996 na Inglaterra. Copa das Confedera\u00e7\u00f5es de 2005 na Alemanha e 2009 na \u00c1frica do Sul. Rep\u00f3rter e Editor, trabalhou no Jornal da Tarde e Estad\u00e3o, de 1984 a fevereiro de 2016. Colunista, blogueiro. E comentarista de futebol na R\u00e1dio Estad\u00e3o, de 2013 a fevereiro de 2016. Jornalista respons\u00e1vel do \"Pr\u00f3speri News\" (blogdoprosperi.com).","sameAs":["http:\/\/blogdoprosperi.com","Luiz Pr\u00f3speri","@luiz_prosperi","https:\/\/x.com\/Luizprosperi","@prosperinacopa","luiz.prosperi@icloud.com"],"url":"https:\/\/blogdoprosperi.com\/?author=102107496"}]}},"jetpack_publicize_connections":[],"jetpack_likes_enabled":false,"jetpack_sharing_enabled":true,"jetpack_shortlink":"https:\/\/wp.me\/p7jvdk-7pb","jetpack-related-posts":[{"id":28072,"url":"https:\/\/blogdoprosperi.com\/?p=28072","url_meta":{"origin":28469,"position":0},"title":"Furac\u00e3o Luxemburgo assusta S\u00e3o Paulo, Santos e Corinthians","author":"Luiz Ant\u00f4nio Pr\u00f3speri","date":"10 de outubro de 2016","format":false,"excerpt":"Vanderlei Luxemburgo voltou da China em junho ao ser demitido do Tianjin, da Segunda Divis\u00e3o. Estava quieto at\u00e9 o fim de setembro. De repente, em apenas uma semana neste in\u00edcio de outubro, provocou um furac\u00e3o com declara\u00e7\u00f5es pol\u00eamicas envolvendo Felip\u00e3o, corrup\u00e7\u00e3o no futebol chin\u00eas e Pep Guardiola. E entrou no\u2026","rel":"","context":"Em &quot;Campeonato Brasileiro&quot;","block_context":{"text":"Campeonato Brasileiro","link":"https:\/\/blogdoprosperi.com\/?cat=355071"},"img":{"alt_text":"","src":"https:\/\/i0.wp.com\/blogdoprosperi.com\/wp-content\/uploads\/2016\/10\/felipc3a3o-06.jpg?resize=350%2C200","width":350,"height":200,"srcset":"https:\/\/i0.wp.com\/blogdoprosperi.com\/wp-content\/uploads\/2016\/10\/felipc3a3o-06.jpg?resize=350%2C200 1x, https:\/\/i0.wp.com\/blogdoprosperi.com\/wp-content\/uploads\/2016\/10\/felipc3a3o-06.jpg?resize=525%2C300 1.5x, https:\/\/i0.wp.com\/blogdoprosperi.com\/wp-content\/uploads\/2016\/10\/felipc3a3o-06.jpg?resize=700%2C400 2x, https:\/\/i0.wp.com\/blogdoprosperi.com\/wp-content\/uploads\/2016\/10\/felipc3a3o-06.jpg?resize=1050%2C600 3x, https:\/\/i0.wp.com\/blogdoprosperi.com\/wp-content\/uploads\/2016\/10\/felipc3a3o-06.jpg?resize=1400%2C800 4x"},"classes":[]},{"id":37037,"url":"https:\/\/blogdoprosperi.com\/?p=37037","url_meta":{"origin":28469,"position":1},"title":"Hernanes assina vit\u00f3ria do S\u00e3o Paulo, Lucas Lima rasura derrota do Santos","author":"Luiz Ant\u00f4nio Pr\u00f3speri","date":"28 de outubro de 2017","format":false,"excerpt":"S\u00e3o Paulo foge a passos largos do rebaixamento. A vit\u00f3ria contra o Santos, sem se ater aos n\u00fameros da classifica\u00e7\u00e3o na tabela, \u00e9 um recado tranquilizador a sua torcida. Desde as primeiras rodadas do Brasileir\u00e3o o time n\u00e3o vencia dois jogos seguidos. Conseguiu. Chegou aos 40 pontos, faltam sete para\u2026","rel":"","context":"Em &quot;Campeonato Brasileiro&quot;","block_context":{"text":"Campeonato Brasileiro","link":"https:\/\/blogdoprosperi.com\/?cat=355071"},"img":{"alt_text":"Cueva comemora gol na vit\u00f3ria do S\u00e3o Paulo","src":"https:\/\/i0.wp.com\/blogdoprosperi.com\/wp-content\/uploads\/2017\/10\/sao_paulo_2_x_1_santos_brasileirao_2017.jpg?fit=600%2C400&ssl=1&resize=350%2C200","width":350,"height":200,"srcset":"https:\/\/i0.wp.com\/blogdoprosperi.com\/wp-content\/uploads\/2017\/10\/sao_paulo_2_x_1_santos_brasileirao_2017.jpg?fit=600%2C400&ssl=1&resize=350%2C200 1x, https:\/\/i0.wp.com\/blogdoprosperi.com\/wp-content\/uploads\/2017\/10\/sao_paulo_2_x_1_santos_brasileirao_2017.jpg?fit=600%2C400&ssl=1&resize=525%2C300 1.5x"},"classes":[]},{"id":24863,"url":"https:\/\/blogdoprosperi.com\/?p=24863","url_meta":{"origin":28469,"position":2},"title":"Marco Aur\u00e9lio Cunha n\u00e3o vai tirar S\u00e3o Paulo do buraco no Brasileir\u00e3o","author":"Luiz Ant\u00f4nio Pr\u00f3speri","date":"9 de setembro de 2016","format":false,"excerpt":"S\u00e3o Paulo se meteu num buraco sem fim nesta temporada. Decis\u00f5es equivocadas de gest\u00e3o levaram o time a ficar muito perto da zona de rebaixamento e n\u00e3o h\u00e1 no horizonte uma corda de salva\u00e7\u00e3o. A chegada de Marco Aur\u00e9lio Cunha, conselheiro vital\u00edcio do clube e ex-dirigente em cargos do alto\u2026","rel":"","context":"Em &quot;Campeonato Brasileiro&quot;","block_context":{"text":"Campeonato Brasileiro","link":"https:\/\/blogdoprosperi.com\/?cat=355071"},"img":{"alt_text":"","src":"https:\/\/i0.wp.com\/blogdoprosperi.com\/wp-content\/uploads\/2016\/09\/cunha-medicis-e-pintado.jpg?resize=350%2C200&ssl=1","width":350,"height":200,"srcset":"https:\/\/i0.wp.com\/blogdoprosperi.com\/wp-content\/uploads\/2016\/09\/cunha-medicis-e-pintado.jpg?resize=350%2C200&ssl=1 1x, https:\/\/i0.wp.com\/blogdoprosperi.com\/wp-content\/uploads\/2016\/09\/cunha-medicis-e-pintado.jpg?resize=525%2C300&ssl=1 1.5x, https:\/\/i0.wp.com\/blogdoprosperi.com\/wp-content\/uploads\/2016\/09\/cunha-medicis-e-pintado.jpg?resize=700%2C400&ssl=1 2x"},"classes":[]},{"id":25896,"url":"https:\/\/blogdoprosperi.com\/?p=25896","url_meta":{"origin":28469,"position":3},"title":"S\u00e3o Paulo paga pre\u00e7o alto por formar time com jogadores fracos","author":"Luiz Ant\u00f4nio Pr\u00f3speri","date":"18 de setembro de 2016","format":false,"excerpt":"S\u00e3o Paulo paga por n\u00e3o ser ousado e por um ataque esqu\u00e1lido. Depois de engatar duas vit\u00f3rias consecutivas em casa, aliviar a tens\u00e3o e sonhar com uma retomada no campeonato, caiu diante do Atl\u00e9tico-PR com a derrota por 1 a 0 neste domingo em Curitiba. Mais que o resultado ruim,\u2026","rel":"","context":"Em &quot;Campeonato Brasileiro&quot;","block_context":{"text":"Campeonato Brasileiro","link":"https:\/\/blogdoprosperi.com\/?cat=355071"},"img":{"alt_text":"","src":"https:\/\/i0.wp.com\/blogdoprosperi.com\/wp-content\/uploads\/2016\/09\/28.jpg?resize=350%2C200&ssl=1","width":350,"height":200,"srcset":"https:\/\/i0.wp.com\/blogdoprosperi.com\/wp-content\/uploads\/2016\/09\/28.jpg?resize=350%2C200&ssl=1 1x, https:\/\/i0.wp.com\/blogdoprosperi.com\/wp-content\/uploads\/2016\/09\/28.jpg?resize=525%2C300&ssl=1 1.5x"},"classes":[]},{"id":28666,"url":"https:\/\/blogdoprosperi.com\/?p=28666","url_meta":{"origin":28469,"position":4},"title":"Corinthians, S\u00e3o Paulo, Inter&#8230; quando o passado me condena","author":"Luiz Ant\u00f4nio Pr\u00f3speri","date":"15 de outubro de 2016","format":false,"excerpt":"Oswaldo de Oliveira assumiu o comando do time do Corinthians nesta sexta-feira (14\/10) falando grosso. Disse que quem ama n\u00e3o vaia, em busca do apoio da torcida. Voltou ao passado, fim dos anos 90 e come\u00e7o dos 2000, quando ganhou tudo no time da Fiel. H\u00e1 pouco mais de um\u2026","rel":"","context":"Em &quot;Campeonato Brasileiro&quot;","block_context":{"text":"Campeonato Brasileiro","link":"https:\/\/blogdoprosperi.com\/?cat=355071"},"img":{"alt_text":"","src":"https:\/\/i0.wp.com\/blogdoprosperi.com\/wp-content\/uploads\/2016\/10\/101214tristeza_inter_f_020.jpg?resize=350%2C200","width":350,"height":200,"srcset":"https:\/\/i0.wp.com\/blogdoprosperi.com\/wp-content\/uploads\/2016\/10\/101214tristeza_inter_f_020.jpg?resize=350%2C200 1x, https:\/\/i0.wp.com\/blogdoprosperi.com\/wp-content\/uploads\/2016\/10\/101214tristeza_inter_f_020.jpg?resize=525%2C300 1.5x, https:\/\/i0.wp.com\/blogdoprosperi.com\/wp-content\/uploads\/2016\/10\/101214tristeza_inter_f_020.jpg?resize=700%2C400 2x"},"classes":[]},{"id":32929,"url":"https:\/\/blogdoprosperi.com\/?p=32929","url_meta":{"origin":28469,"position":5},"title":"S\u00e3o Paulo demite Ricardo Gomes e abre as portas a Rogerio Ceni","author":"Luiz Ant\u00f4nio Pr\u00f3speri","date":"23 de novembro de 2016","format":false,"excerpt":"\u00a0 S\u00e3o Paulo demitiu Ricardo Gomes nesta quarta-feira quando teve certeza de que o time n\u00e3o seria rebaixado \u00e0 S\u00e9rie B. A matem\u00e1tica dos pontos fechou com a derrota do Inter ao Corinthians - clube ga\u00facho pode alcan\u00e7ar no m\u00e1ximo 45 pontos nas duas \u00faltimas rodadas, S\u00e3o Paulo j\u00e1 tem\u2026","rel":"","context":"Em &quot;futebol&quot;","block_context":{"text":"futebol","link":"https:\/\/blogdoprosperi.com\/?cat=53870"},"img":{"alt_text":"rogerio_ceni_sao_paulo-284752-511562fbca901","src":"https:\/\/i0.wp.com\/blogdoprosperi.com\/wp-content\/uploads\/2016\/10\/rogerio_ceni_sao_paulo-284752-511562fbca901.jpg?resize=350%2C200&ssl=1","width":350,"height":200,"srcset":"https:\/\/i0.wp.com\/blogdoprosperi.com\/wp-content\/uploads\/2016\/10\/rogerio_ceni_sao_paulo-284752-511562fbca901.jpg?resize=350%2C200&ssl=1 1x, https:\/\/i0.wp.com\/blogdoprosperi.com\/wp-content\/uploads\/2016\/10\/rogerio_ceni_sao_paulo-284752-511562fbca901.jpg?resize=525%2C300&ssl=1 1.5x, https:\/\/i0.wp.com\/blogdoprosperi.com\/wp-content\/uploads\/2016\/10\/rogerio_ceni_sao_paulo-284752-511562fbca901.jpg?resize=700%2C400&ssl=1 2x"},"classes":[]}],"jetpack_featured_media_url":"","_links":{"self":[{"href":"https:\/\/blogdoprosperi.com\/index.php?rest_route=\/wp\/v2\/posts\/28469","targetHints":{"allow":["GET"]}}],"collection":[{"href":"https:\/\/blogdoprosperi.com\/index.php?rest_route=\/wp\/v2\/posts"}],"about":[{"href":"https:\/\/blogdoprosperi.com\/index.php?rest_route=\/wp\/v2\/types\/post"}],"author":[{"embeddable":true,"href":"https:\/\/blogdoprosperi.com\/index.php?rest_route=\/wp\/v2\/users\/102107496"}],"replies":[{"embeddable":true,"href":"https:\/\/blogdoprosperi.com\/index.php?rest_route=%2Fwp%2Fv2%2Fcomments&post=28469"}],"version-history":[{"count":25,"href":"https:\/\/blogdoprosperi.com\/index.php?rest_route=\/wp\/v2\/posts\/28469\/revisions"}],"predecessor-version":[{"id":28513,"href":"https:\/\/blogdoprosperi.com\/index.php?rest_route=\/wp\/v2\/posts\/28469\/revisions\/28513"}],"wp:attachment":[{"href":"https:\/\/blogdoprosperi.com\/index.php?rest_route=%2Fwp%2Fv2%2Fmedia&parent=28469"}],"wp:term":[{"taxonomy":"category","embeddable":true,"href":"https:\/\/blogdoprosperi.com\/index.php?rest_route=%2Fwp%2Fv2%2Fcategories&post=28469"},{"taxonomy":"post_tag","embeddable":true,"href":"https:\/\/blogdoprosperi.com\/index.php?rest_route=%2Fwp%2Fv2%2Ftags&post=28469"}],"curies":[{"name":"wp","href":"https:\/\/api.w.org\/{rel}","templated":true}]}}