{"id":28514,"date":"2016-10-14T01:14:08","date_gmt":"2016-10-14T04:14:08","guid":{"rendered":"http:\/\/blogdoprosperi.com\/?p=28514"},"modified":"2016-10-14T01:26:20","modified_gmt":"2016-10-14T04:26:20","slug":"vem-tapetao-ai-na-cbf-fluminense-alega-interferencia-externa-e-vai-pedir-anulacao-do-classico-contra-flamengo","status":"publish","type":"post","link":"https:\/\/blogdoprosperi.com\/?p=28514","title":{"rendered":"Vem Tapet\u00e3o a\u00ed na CBF. Fluminense alega interfer\u00eancia externa e vai pedir anula\u00e7\u00e3o do cl\u00e1ssico contra Flamengo"},"content":{"rendered":"<p><span class=\"alignnone\"><img data-recalc-dims=\"1\" loading=\"lazy\" decoding=\"async\" data-attachment-id=\"28543\" data-permalink=\"https:\/\/blogdoprosperi.com\/?attachment_id=28543\" data-orig-file=\"https:\/\/i0.wp.com\/blogdoprosperi.com\/wp-content\/uploads\/2016\/10\/201610132300579065-gdf2v30lg-1.jpg?fit=699%2C420&amp;ssl=1\" data-orig-size=\"699,420\" data-comments-opened=\"1\" data-image-meta=\"{&quot;aperture&quot;:&quot;0&quot;,&quot;credit&quot;:&quot;&quot;,&quot;camera&quot;:&quot;&quot;,&quot;caption&quot;:&quot;&quot;,&quot;created_timestamp&quot;:&quot;0&quot;,&quot;copyright&quot;:&quot;&quot;,&quot;focal_length&quot;:&quot;0&quot;,&quot;iso&quot;:&quot;0&quot;,&quot;shutter_speed&quot;:&quot;0&quot;,&quot;title&quot;:&quot;&quot;,&quot;orientation&quot;:&quot;0&quot;}\" data-image-title=\"201610132300579065-jpg-gdf2v30lg-1\" data-image-description=\"\" data-image-caption=\"\" data-large-file=\"https:\/\/i0.wp.com\/blogdoprosperi.com\/wp-content\/uploads\/2016\/10\/201610132300579065-gdf2v30lg-1.jpg?fit=699%2C420&amp;ssl=1\" class=\"alignnone size-full wp-image-28543\" src=\"https:\/\/i0.wp.com\/blogdoprosperi.com\/wp-content\/uploads\/2016\/10\/201610132300579065-gdf2v30lg-1.jpg?resize=699%2C420&#038;ssl=1\" alt=\"201610132300579065-jpg-gdf2v30lg-1\" width=\"699\" height=\"420\" \/><\/span>Brasileir\u00e3o 2016, quem diria, vai parar no STJD, o Superior de Tribunal de Justi\u00e7a Desportiva. Por decis\u00e3o do presidente do Fluminense, Peter Siemsen, o clube vai pedir na CBF a anula\u00e7\u00e3o do cl\u00e1ssico contra Flamengo. Dirigente alega que o \u00e1rbitro Sandro Meira Ricci anulou o gol de empate do Flu, ap\u00f3s enorme confus\u00e3o no campo, por interfer\u00eancia externa ao trio de arbitragem. O recurso ser\u00e1 enviado ao STJD ainda nesta sexta-feira (14\/10). Flamengo reage e seu presidente Eduardo Bandeira de Melo diz que o clube j\u00e1 perdeu pontos por erros dos apitadores. Pavio do barril de p\u00f3lvora est\u00e1 aceso.<!--more--><\/p>\n<p>Para quem n\u00e3o acompanhou a pol\u00e9mica, a bagun\u00e7a toda come\u00e7ou quando o zagueiro Henrique, de cabe\u00e7a, fez o gol de empate do Flu aos 39 minutos do segundo tempo &#8211; o time perdia por 2 a 1. O bandeirinha deu impedimento de Henrique. O juiz Sandro Meira concordou com o auxiliar e depois voltou atr\u00e1s validando o gol do zagueiro do Flu. Em seguida, correu at\u00e9 o bandeirinha e foi cercado por jogadores dos dois times, policiais, membros das comiss\u00f5es t\u00e9cnicas das equipes, delegados da CBF, rep\u00f3rteres e alguns desavisados.<\/p>\n<p>Foram pouco mais 12 minutos de vai e vem, press\u00e3o, gritaria e revolta at\u00e9 o \u00e1rbitro voltar atr\u00e1s e anular o gol de Henrique. A maior press\u00e3o partiu dos jogadores do Flamengo que, mais tarde, confirmaram que foram avisados que as imagens do gol davam Henrique em impedimento.<\/p>\n<div class=\"jetpack-video-wrapper\"><span class=\"embed-youtube\" style=\"text-align:center; display: block;\"><iframe loading=\"lazy\" class=\"youtube-player\" width=\"560\" height=\"315\" src=\"https:\/\/www.youtube.com\/embed\/23NQhotS_RU?version=3&#038;rel=1&#038;showsearch=0&#038;showinfo=1&#038;iv_load_policy=1&#038;fs=1&#038;hl=pt-BR&#038;autohide=2&#038;wmode=transparent\" allowfullscreen=\"true\" style=\"border:0;\" sandbox=\"allow-scripts allow-same-origin allow-popups allow-presentation allow-popups-to-escape-sandbox\"><\/iframe><\/span><\/div>\n<p>Veja o que disse o presidente do Fluminense:<\/p>\n<blockquote><p>&#8220;Eu sou o maior defensor do uso do v\u00eddeo no futebol brasileiro. Por\u00e9m, no momento, ele \u00e9 irregular. A regra \u00e9 igual para todos e, neste jogo, n\u00e3o foi. Esse jogo, para mim, tem de ser anulado. Vamos tomar todas as medidas. Vamos pedir a anula\u00e7\u00e3o da partida&#8221; disse Siemsen \u00e0 R\u00e1dio Tupi do Rio.<\/p><\/blockquote>\n<p>E confirmou seu desejo de entrar com recurso na CBF pedindo anula\u00e7\u00e3o do jogo.<\/p>\n<blockquote><p>&#8220;\u00c9 uma bagun\u00e7a. Al\u00e9m de prejudicar o Fluminense no primeiro gol do Fla, no qual R\u00e9ver est\u00e1 impedido e atrapalha a sa\u00edda do nosso goleiro, houve essa lamban\u00e7a. Ficou clara que o juiz usou a interfer\u00eancia externa. Hoje isso \u00e9 irregular. O juiz demorou 13 minutos, permitiu a entrada de pessoas estranhas ao campo. Conversou com o delegado do jogo. Ele postergou a decis\u00e3o. N\u00e3o tenho d\u00favida que ele recebeu informa\u00e7\u00e3o externa e anulou o gol. Ele validou o gol inicialmente, a\u00ed ia correr para o meio do campo. Ele usou a interfer\u00eancia externa. Depois, n\u00e3o deu o tempo correto de acr\u00e9scimo. Ele desestabilizou o Fluminense&#8221;, disse o presidente do Flu.<\/p><\/blockquote>\n<p>Esse dirigente j\u00e1 havia amea\u00e7ado a CBF ap\u00f3s a elimina\u00e7\u00e3o do Fluminense nas oitavas de final da Copa do Brasil pelo Corinthians no Itaquer\u00e3o.<\/p>\n<p>N\u00e3o custa lembrar o tamanho do poder que o Flu tem, ao longo da hist\u00f3ria, nas decis\u00f5es na Justi\u00e7a Desportiva e como se deu bem no Tapet\u00e3o.<\/p>\n<p><span class=\"alignnone\"><img data-recalc-dims=\"1\" loading=\"lazy\" decoding=\"async\" data-attachment-id=\"28545\" data-permalink=\"https:\/\/blogdoprosperi.com\/?attachment_id=28545\" data-orig-file=\"https:\/\/i0.wp.com\/blogdoprosperi.com\/wp-content\/uploads\/2016\/10\/sandro-meira-ricci-cbf.jpg?fit=630%2C420&amp;ssl=1\" data-orig-size=\"630,420\" data-comments-opened=\"1\" data-image-meta=\"{&quot;aperture&quot;:&quot;0&quot;,&quot;credit&quot;:&quot;&quot;,&quot;camera&quot;:&quot;&quot;,&quot;caption&quot;:&quot;&quot;,&quot;created_timestamp&quot;:&quot;0&quot;,&quot;copyright&quot;:&quot;&quot;,&quot;focal_length&quot;:&quot;0&quot;,&quot;iso&quot;:&quot;0&quot;,&quot;shutter_speed&quot;:&quot;0&quot;,&quot;title&quot;:&quot;&quot;,&quot;orientation&quot;:&quot;0&quot;}\" data-image-title=\"sandro-meira-ricci-cbf\" data-image-description=\"\" data-image-caption=\"\" data-large-file=\"https:\/\/i0.wp.com\/blogdoprosperi.com\/wp-content\/uploads\/2016\/10\/sandro-meira-ricci-cbf.jpg?fit=630%2C420&amp;ssl=1\" class=\"alignnone size-full wp-image-28545\" src=\"https:\/\/i0.wp.com\/blogdoprosperi.com\/wp-content\/uploads\/2016\/10\/sandro-meira-ricci-cbf.jpg?resize=630%2C420&#038;ssl=1\" alt=\"sandro-meira-ricci-cbf\" width=\"630\" height=\"420\" \/><\/span><\/p>\n<p>No lance do cl\u00e1ssico contra o Flamengo, Henrique estava impedido como mostram as imagens. O problema se deu com o vacilo do \u00e1rbitro de s\u00f3 anular o gol depois de ouvir, via comunica\u00e7\u00e3o eletr\u00f4nica de algu\u00e9m fora do gramado, de que o zagueiro do Flu estava em posi\u00e7\u00e3o irregular.<\/p>\n<p>De acordo com regras da Fifa e regulamento das competi\u00e7\u00f5es da CBF, o \u00e1rbitro ainda n\u00e3o pode tomar decis\u00f5es no campo de jogo com aux\u00edlio de imagens de v\u00eddeo. Da\u00ed a bronca do cartola do tricolor carioca.<\/p>\n<p>Fluminense tem 46 pontos, briga por vaga direta na Libertadores entre os tr\u00eas primeiros colocados no Brasileir\u00e3o. E o Flamengo chegou aos 60 pontos, apenas um a menos que o l\u00edder Palmeiras. Restam oito rodadas. A encrenca est\u00e1 na mesa.<\/p>\n<p>Se o STJD acatar o pedido do dirigente, o Brasileir\u00e3o pode parar no Tapet\u00e3o.<\/p>\n","protected":false},"excerpt":{"rendered":"<p>Brasileir\u00e3o 2016, quem diria, vai parar no STJD, o Superior de Tribunal de Justi\u00e7a Desportiva. Por decis\u00e3o do [&hellip;]<\/p>\n","protected":false},"author":102107496,"featured_media":0,"comment_status":"open","ping_status":"open","sticky":false,"template":"","format":"standard","meta":{"_coblocks_attr":"","_coblocks_dimensions":"","_coblocks_responsive_height":"","_coblocks_accordion_ie_support":"","wpai_generated_summary":"","_jetpack_newsletter_access":"","_jetpack_dont_email_post_to_subs":false,"_jetpack_newsletter_tier_id":0,"_jetpack_memberships_contains_paywalled_content":false,"_wpcom_ai_launchpad_first_post":false,"_jetpack_feature_clip_id":0,"_jetpack_memberships_contains_paid_content":false,"footnotes":"","jetpack_publicize_message":"","jetpack_publicize_feature_enabled":true,"jetpack_social_post_already_shared":false,"jetpack_social_options":{"image_generator_settings":{"template":"highway","default_image_id":0,"font":"","enabled":false},"version":2},"jetpack_post_was_ever_published":false},"categories":[53870],"tags":[789560569,3020742,331912715,789560560,6217,46007772,2245454],"class_list":["post-28514","post","type-post","status-publish","format-standard","hentry","category-futebol","tag-cbf","tag-cr-flamengo","tag-fluminensefc","tag-futebol","tag-futebol-brasileiro","tag-sandro-meira-ricci","tag-stjd"],"yoast_head":"<!-- This site is optimized with the Yoast SEO plugin v28.4 - https:\/\/yoast.com\/product\/yoast-seo-wordpress\/ -->\n<title>Vem Tapet\u00e3o a\u00ed na CBF. Fluminense alega interfer\u00eancia externa e vai pedir anula\u00e7\u00e3o do cl\u00e1ssico contra Flamengo - PR\u00d3SPERI NEWS<\/title>\n<meta name=\"robots\" content=\"index, follow, max-snippet:-1, max-image-preview:large, max-video-preview:-1\" \/>\n<link rel=\"canonical\" href=\"https:\/\/blogdoprosperi.com\/?p=28514\" \/>\n<meta property=\"og:locale\" content=\"pt_BR\" \/>\n<meta property=\"og:type\" content=\"article\" \/>\n<meta property=\"og:title\" content=\"Vem Tapet\u00e3o a\u00ed na CBF. Fluminense alega interfer\u00eancia externa e vai pedir anula\u00e7\u00e3o do cl\u00e1ssico contra Flamengo - PR\u00d3SPERI NEWS\" \/>\n<meta property=\"og:description\" content=\"Brasileir\u00e3o 2016, quem diria, vai parar no STJD, o Superior de Tribunal de Justi\u00e7a Desportiva. Por decis\u00e3o do [&hellip;]\" \/>\n<meta property=\"og:url\" content=\"https:\/\/blogdoprosperi.com\/?p=28514\" \/>\n<meta property=\"og:site_name\" content=\"PR\u00d3SPERI NEWS\" \/>\n<meta property=\"article:publisher\" content=\"Luiz Pr\u00f3speri\" \/>\n<meta property=\"article:author\" content=\"Luiz Pr\u00f3speri\" \/>\n<meta property=\"article:published_time\" content=\"2016-10-14T04:14:08+00:00\" \/>\n<meta property=\"article:modified_time\" content=\"2016-10-14T04:26:20+00:00\" \/>\n<meta property=\"og:image\" content=\"https:\/\/blogdoprosperi.com\/wp-content\/uploads\/2016\/10\/201610132300579065-gdf2v30lg-1.jpg\" \/>\n<meta name=\"author\" content=\"Luiz Ant\u00f4nio Pr\u00f3speri\" \/>\n<meta name=\"twitter:card\" content=\"summary_large_image\" \/>\n<meta name=\"twitter:creator\" content=\"@Luizprosperi\" \/>\n<meta name=\"twitter:site\" content=\"@Luizprosperi\" \/>\n<meta name=\"twitter:label1\" content=\"Escrito por\" \/>\n\t<meta name=\"twitter:data1\" content=\"Luiz Ant\u00f4nio Pr\u00f3speri\" \/>\n\t<meta name=\"twitter:label2\" content=\"Est. tempo de leitura\" \/>\n\t<meta name=\"twitter:data2\" content=\"3 minutos\" \/>\n<script type=\"application\/ld+json\" class=\"yoast-schema-graph\">{\"@context\":\"https:\\\/\\\/schema.org\",\"@graph\":[{\"@type\":\"Article\",\"@id\":\"https:\\\/\\\/blogdoprosperi.com\\\/?p=28514#article\",\"isPartOf\":{\"@id\":\"https:\\\/\\\/blogdoprosperi.com\\\/?p=28514\"},\"author\":{\"name\":\"Luiz Ant\u00f4nio Pr\u00f3speri\",\"@id\":\"https:\\\/\\\/blogdoprosperi.com\\\/#\\\/schema\\\/person\\\/38100755ce3601861ee4fab9b5aa78e9\"},\"headline\":\"Vem Tapet\u00e3o a\u00ed na CBF. Fluminense alega interfer\u00eancia externa e vai pedir anula\u00e7\u00e3o do cl\u00e1ssico contra Flamengo\",\"datePublished\":\"2016-10-14T04:14:08+00:00\",\"dateModified\":\"2016-10-14T04:26:20+00:00\",\"mainEntityOfPage\":{\"@id\":\"https:\\\/\\\/blogdoprosperi.com\\\/?p=28514\"},\"wordCount\":700,\"commentCount\":5,\"publisher\":{\"@id\":\"https:\\\/\\\/blogdoprosperi.com\\\/#\\\/schema\\\/person\\\/38100755ce3601861ee4fab9b5aa78e9\"},\"image\":{\"@id\":\"https:\\\/\\\/blogdoprosperi.com\\\/?p=28514#primaryimage\"},\"thumbnailUrl\":\"https:\\\/\\\/blogdoprosperi.com\\\/wp-content\\\/uploads\\\/2016\\\/10\\\/201610132300579065-gdf2v30lg-1.jpg\",\"keywords\":[\"CBF\",\"CR Flamengo\",\"FluminenseFC\",\"futebol\",\"Futebol brasileiro\",\"Sandro Meira Ricci\",\"STJD\"],\"articleSection\":[\"futebol\"],\"inLanguage\":\"pt-BR\",\"potentialAction\":[{\"@type\":\"CommentAction\",\"name\":\"Comment\",\"target\":[\"https:\\\/\\\/blogdoprosperi.com\\\/?p=28514#respond\"]}]},{\"@type\":\"WebPage\",\"@id\":\"https:\\\/\\\/blogdoprosperi.com\\\/?p=28514\",\"url\":\"https:\\\/\\\/blogdoprosperi.com\\\/?p=28514\",\"name\":\"Vem Tapet\u00e3o a\u00ed na CBF. Fluminense alega interfer\u00eancia externa e vai pedir anula\u00e7\u00e3o do cl\u00e1ssico contra Flamengo - PR\u00d3SPERI NEWS\",\"isPartOf\":{\"@id\":\"https:\\\/\\\/blogdoprosperi.com\\\/#website\"},\"primaryImageOfPage\":{\"@id\":\"https:\\\/\\\/blogdoprosperi.com\\\/?p=28514#primaryimage\"},\"image\":{\"@id\":\"https:\\\/\\\/blogdoprosperi.com\\\/?p=28514#primaryimage\"},\"thumbnailUrl\":\"https:\\\/\\\/blogdoprosperi.com\\\/wp-content\\\/uploads\\\/2016\\\/10\\\/201610132300579065-gdf2v30lg-1.jpg\",\"datePublished\":\"2016-10-14T04:14:08+00:00\",\"dateModified\":\"2016-10-14T04:26:20+00:00\",\"breadcrumb\":{\"@id\":\"https:\\\/\\\/blogdoprosperi.com\\\/?p=28514#breadcrumb\"},\"inLanguage\":\"pt-BR\",\"potentialAction\":[{\"@type\":\"ReadAction\",\"target\":[\"https:\\\/\\\/blogdoprosperi.com\\\/?p=28514\"]}]},{\"@type\":\"ImageObject\",\"inLanguage\":\"pt-BR\",\"@id\":\"https:\\\/\\\/blogdoprosperi.com\\\/?p=28514#primaryimage\",\"url\":\"https:\\\/\\\/i0.wp.com\\\/blogdoprosperi.com\\\/wp-content\\\/uploads\\\/2016\\\/10\\\/201610132300579065-gdf2v30lg-1.jpg?fit=699%2C420&ssl=1\",\"contentUrl\":\"https:\\\/\\\/i0.wp.com\\\/blogdoprosperi.com\\\/wp-content\\\/uploads\\\/2016\\\/10\\\/201610132300579065-gdf2v30lg-1.jpg?fit=699%2C420&ssl=1\",\"width\":699,\"height\":420},{\"@type\":\"BreadcrumbList\",\"@id\":\"https:\\\/\\\/blogdoprosperi.com\\\/?p=28514#breadcrumb\",\"itemListElement\":[{\"@type\":\"ListItem\",\"position\":1,\"name\":\"In\u00edcio\",\"item\":\"https:\\\/\\\/blogdoprosperi.com\\\/\"},{\"@type\":\"ListItem\",\"position\":2,\"name\":\"Vem Tapet\u00e3o a\u00ed na CBF. Fluminense alega interfer\u00eancia externa e vai pedir anula\u00e7\u00e3o do cl\u00e1ssico contra Flamengo\"}]},{\"@type\":\"WebSite\",\"@id\":\"https:\\\/\\\/blogdoprosperi.com\\\/#website\",\"url\":\"https:\\\/\\\/blogdoprosperi.com\\\/\",\"name\":\"PR\u00d3SPERI NEWS\",\"description\":\"TUDO \u00c9  FUTEBOL\",\"publisher\":{\"@id\":\"https:\\\/\\\/blogdoprosperi.com\\\/#\\\/schema\\\/person\\\/38100755ce3601861ee4fab9b5aa78e9\"},\"alternateName\":\"blogdoprosperi.com\",\"potentialAction\":[{\"@type\":\"SearchAction\",\"target\":{\"@type\":\"EntryPoint\",\"urlTemplate\":\"https:\\\/\\\/blogdoprosperi.com\\\/?s={search_term_string}\"},\"query-input\":{\"@type\":\"PropertyValueSpecification\",\"valueRequired\":true,\"valueName\":\"search_term_string\"}}],\"inLanguage\":\"pt-BR\"},{\"@type\":[\"Person\",\"Organization\"],\"@id\":\"https:\\\/\\\/blogdoprosperi.com\\\/#\\\/schema\\\/person\\\/38100755ce3601861ee4fab9b5aa78e9\",\"name\":\"Luiz Ant\u00f4nio Pr\u00f3speri\",\"pronouns\":\"ele\",\"image\":{\"@type\":\"ImageObject\",\"inLanguage\":\"pt-BR\",\"@id\":\"https:\\\/\\\/i0.wp.com\\\/blogdoprosperi.com\\\/wp-content\\\/uploads\\\/2026\\\/05\\\/cropped-8059e613-6002-42fa-961e-8e275f575d71-2-5.jpg?fit=1360%2C931&ssl=1\",\"url\":\"https:\\\/\\\/i0.wp.com\\\/blogdoprosperi.com\\\/wp-content\\\/uploads\\\/2026\\\/05\\\/cropped-8059e613-6002-42fa-961e-8e275f575d71-2-5.jpg?fit=1360%2C931&ssl=1\",\"contentUrl\":\"https:\\\/\\\/i0.wp.com\\\/blogdoprosperi.com\\\/wp-content\\\/uploads\\\/2026\\\/05\\\/cropped-8059e613-6002-42fa-961e-8e275f575d71-2-5.jpg?fit=1360%2C931&ssl=1\",\"width\":1360,\"height\":931,\"caption\":\"Luiz Ant\u00f4nio Pr\u00f3speri\"},\"logo\":{\"@id\":\"https:\\\/\\\/i0.wp.com\\\/blogdoprosperi.com\\\/wp-content\\\/uploads\\\/2026\\\/05\\\/cropped-8059e613-6002-42fa-961e-8e275f575d71-2-5.jpg?fit=1360%2C931&ssl=1\"},\"description\":\"Jornalista com carreira dedicada ao esporte. Cobriu 9 Copas do Mundo in loco, 1990 na It\u00e1lia, 1994 nos EUA, 1998 na Fran\u00e7a, 2002 na Coreia do Sul e Jap\u00e3o, 2006 na Alemanha, 2010 na \u00c1frica do Sul, 2014 no Brasil, 2018 na R\u00fassia e 2022 no Qatar. Eurocopas, 1992 na Su\u00e9cia e 1996 na Inglaterra. Copa das Confedera\u00e7\u00f5es de 2005 na Alemanha e 2009 na \u00c1frica do Sul. Rep\u00f3rter e Editor, trabalhou no Jornal da Tarde e Estad\u00e3o, de 1984 a fevereiro de 2016. Colunista, blogueiro. E comentarista de futebol na R\u00e1dio Estad\u00e3o, de 2013 a fevereiro de 2016. Jornalista respons\u00e1vel do \\\"Pr\u00f3speri News\\\" (blogdoprosperi.com).\",\"sameAs\":[\"http:\\\/\\\/blogdoprosperi.com\",\"Luiz Pr\u00f3speri\",\"@luiz_prosperi\",\"https:\\\/\\\/x.com\\\/Luizprosperi\",\"@prosperinacopa\",\"luiz.prosperi@icloud.com\"],\"url\":\"https:\\\/\\\/blogdoprosperi.com\\\/?author=102107496\"}]}<\/script>\n<!-- \/ Yoast SEO plugin. -->","yoast_head_json":{"title":"Vem Tapet\u00e3o a\u00ed na CBF. Fluminense alega interfer\u00eancia externa e vai pedir anula\u00e7\u00e3o do cl\u00e1ssico contra Flamengo - PR\u00d3SPERI NEWS","robots":{"index":"index","follow":"follow","max-snippet":"max-snippet:-1","max-image-preview":"max-image-preview:large","max-video-preview":"max-video-preview:-1"},"canonical":"https:\/\/blogdoprosperi.com\/?p=28514","og_locale":"pt_BR","og_type":"article","og_title":"Vem Tapet\u00e3o a\u00ed na CBF. Fluminense alega interfer\u00eancia externa e vai pedir anula\u00e7\u00e3o do cl\u00e1ssico contra Flamengo - PR\u00d3SPERI NEWS","og_description":"Brasileir\u00e3o 2016, quem diria, vai parar no STJD, o Superior de Tribunal de Justi\u00e7a Desportiva. Por decis\u00e3o do [&hellip;]","og_url":"https:\/\/blogdoprosperi.com\/?p=28514","og_site_name":"PR\u00d3SPERI NEWS","article_publisher":"Luiz Pr\u00f3speri","article_author":"Luiz Pr\u00f3speri","article_published_time":"2016-10-14T04:14:08+00:00","article_modified_time":"2016-10-14T04:26:20+00:00","og_image":[{"url":"https:\/\/blogdoprosperi.com\/wp-content\/uploads\/2016\/10\/201610132300579065-gdf2v30lg-1.jpg","type":"","width":"","height":""}],"author":"Luiz Ant\u00f4nio Pr\u00f3speri","twitter_card":"summary_large_image","twitter_creator":"@Luizprosperi","twitter_site":"@Luizprosperi","twitter_misc":{"Escrito por":"Luiz Ant\u00f4nio Pr\u00f3speri","Est. tempo de leitura":"3 minutos"},"schema":{"@context":"https:\/\/schema.org","@graph":[{"@type":"Article","@id":"https:\/\/blogdoprosperi.com\/?p=28514#article","isPartOf":{"@id":"https:\/\/blogdoprosperi.com\/?p=28514"},"author":{"name":"Luiz Ant\u00f4nio Pr\u00f3speri","@id":"https:\/\/blogdoprosperi.com\/#\/schema\/person\/38100755ce3601861ee4fab9b5aa78e9"},"headline":"Vem Tapet\u00e3o a\u00ed na CBF. Fluminense alega interfer\u00eancia externa e vai pedir anula\u00e7\u00e3o do cl\u00e1ssico contra Flamengo","datePublished":"2016-10-14T04:14:08+00:00","dateModified":"2016-10-14T04:26:20+00:00","mainEntityOfPage":{"@id":"https:\/\/blogdoprosperi.com\/?p=28514"},"wordCount":700,"commentCount":5,"publisher":{"@id":"https:\/\/blogdoprosperi.com\/#\/schema\/person\/38100755ce3601861ee4fab9b5aa78e9"},"image":{"@id":"https:\/\/blogdoprosperi.com\/?p=28514#primaryimage"},"thumbnailUrl":"https:\/\/blogdoprosperi.com\/wp-content\/uploads\/2016\/10\/201610132300579065-gdf2v30lg-1.jpg","keywords":["CBF","CR Flamengo","FluminenseFC","futebol","Futebol brasileiro","Sandro Meira Ricci","STJD"],"articleSection":["futebol"],"inLanguage":"pt-BR","potentialAction":[{"@type":"CommentAction","name":"Comment","target":["https:\/\/blogdoprosperi.com\/?p=28514#respond"]}]},{"@type":"WebPage","@id":"https:\/\/blogdoprosperi.com\/?p=28514","url":"https:\/\/blogdoprosperi.com\/?p=28514","name":"Vem Tapet\u00e3o a\u00ed na CBF. Fluminense alega interfer\u00eancia externa e vai pedir anula\u00e7\u00e3o do cl\u00e1ssico contra Flamengo - PR\u00d3SPERI NEWS","isPartOf":{"@id":"https:\/\/blogdoprosperi.com\/#website"},"primaryImageOfPage":{"@id":"https:\/\/blogdoprosperi.com\/?p=28514#primaryimage"},"image":{"@id":"https:\/\/blogdoprosperi.com\/?p=28514#primaryimage"},"thumbnailUrl":"https:\/\/blogdoprosperi.com\/wp-content\/uploads\/2016\/10\/201610132300579065-gdf2v30lg-1.jpg","datePublished":"2016-10-14T04:14:08+00:00","dateModified":"2016-10-14T04:26:20+00:00","breadcrumb":{"@id":"https:\/\/blogdoprosperi.com\/?p=28514#breadcrumb"},"inLanguage":"pt-BR","potentialAction":[{"@type":"ReadAction","target":["https:\/\/blogdoprosperi.com\/?p=28514"]}]},{"@type":"ImageObject","inLanguage":"pt-BR","@id":"https:\/\/blogdoprosperi.com\/?p=28514#primaryimage","url":"https:\/\/i0.wp.com\/blogdoprosperi.com\/wp-content\/uploads\/2016\/10\/201610132300579065-gdf2v30lg-1.jpg?fit=699%2C420&ssl=1","contentUrl":"https:\/\/i0.wp.com\/blogdoprosperi.com\/wp-content\/uploads\/2016\/10\/201610132300579065-gdf2v30lg-1.jpg?fit=699%2C420&ssl=1","width":699,"height":420},{"@type":"BreadcrumbList","@id":"https:\/\/blogdoprosperi.com\/?p=28514#breadcrumb","itemListElement":[{"@type":"ListItem","position":1,"name":"In\u00edcio","item":"https:\/\/blogdoprosperi.com\/"},{"@type":"ListItem","position":2,"name":"Vem Tapet\u00e3o a\u00ed na CBF. Fluminense alega interfer\u00eancia externa e vai pedir anula\u00e7\u00e3o do cl\u00e1ssico contra Flamengo"}]},{"@type":"WebSite","@id":"https:\/\/blogdoprosperi.com\/#website","url":"https:\/\/blogdoprosperi.com\/","name":"PR\u00d3SPERI NEWS","description":"TUDO \u00c9  FUTEBOL","publisher":{"@id":"https:\/\/blogdoprosperi.com\/#\/schema\/person\/38100755ce3601861ee4fab9b5aa78e9"},"alternateName":"blogdoprosperi.com","potentialAction":[{"@type":"SearchAction","target":{"@type":"EntryPoint","urlTemplate":"https:\/\/blogdoprosperi.com\/?s={search_term_string}"},"query-input":{"@type":"PropertyValueSpecification","valueRequired":true,"valueName":"search_term_string"}}],"inLanguage":"pt-BR"},{"@type":["Person","Organization"],"@id":"https:\/\/blogdoprosperi.com\/#\/schema\/person\/38100755ce3601861ee4fab9b5aa78e9","name":"Luiz Ant\u00f4nio Pr\u00f3speri","pronouns":"ele","image":{"@type":"ImageObject","inLanguage":"pt-BR","@id":"https:\/\/i0.wp.com\/blogdoprosperi.com\/wp-content\/uploads\/2026\/05\/cropped-8059e613-6002-42fa-961e-8e275f575d71-2-5.jpg?fit=1360%2C931&ssl=1","url":"https:\/\/i0.wp.com\/blogdoprosperi.com\/wp-content\/uploads\/2026\/05\/cropped-8059e613-6002-42fa-961e-8e275f575d71-2-5.jpg?fit=1360%2C931&ssl=1","contentUrl":"https:\/\/i0.wp.com\/blogdoprosperi.com\/wp-content\/uploads\/2026\/05\/cropped-8059e613-6002-42fa-961e-8e275f575d71-2-5.jpg?fit=1360%2C931&ssl=1","width":1360,"height":931,"caption":"Luiz Ant\u00f4nio Pr\u00f3speri"},"logo":{"@id":"https:\/\/i0.wp.com\/blogdoprosperi.com\/wp-content\/uploads\/2026\/05\/cropped-8059e613-6002-42fa-961e-8e275f575d71-2-5.jpg?fit=1360%2C931&ssl=1"},"description":"Jornalista com carreira dedicada ao esporte. Cobriu 9 Copas do Mundo in loco, 1990 na It\u00e1lia, 1994 nos EUA, 1998 na Fran\u00e7a, 2002 na Coreia do Sul e Jap\u00e3o, 2006 na Alemanha, 2010 na \u00c1frica do Sul, 2014 no Brasil, 2018 na R\u00fassia e 2022 no Qatar. Eurocopas, 1992 na Su\u00e9cia e 1996 na Inglaterra. Copa das Confedera\u00e7\u00f5es de 2005 na Alemanha e 2009 na \u00c1frica do Sul. Rep\u00f3rter e Editor, trabalhou no Jornal da Tarde e Estad\u00e3o, de 1984 a fevereiro de 2016. Colunista, blogueiro. E comentarista de futebol na R\u00e1dio Estad\u00e3o, de 2013 a fevereiro de 2016. Jornalista respons\u00e1vel do \"Pr\u00f3speri News\" (blogdoprosperi.com).","sameAs":["http:\/\/blogdoprosperi.com","Luiz Pr\u00f3speri","@luiz_prosperi","https:\/\/x.com\/Luizprosperi","@prosperinacopa","luiz.prosperi@icloud.com"],"url":"https:\/\/blogdoprosperi.com\/?author=102107496"}]}},"jetpack_publicize_connections":[],"jetpack_likes_enabled":false,"jetpack_sharing_enabled":true,"jetpack_shortlink":"https:\/\/wp.me\/p7jvdk-7pU","jetpack-related-posts":[{"id":29210,"url":"https:\/\/blogdoprosperi.com\/?p=29210","url_meta":{"origin":28514,"position":0},"title":"Brasileir\u00e3o em risco: STJD vai julgar den\u00fancias contra Palmeiras e Flamengo","author":"Luiz Ant\u00f4nio Pr\u00f3speri","date":"18 de outubro de 2016","format":false,"excerpt":"Palmeiras e Flamengo s\u00e3o alvos de a\u00e7\u00f5es no Superior Tribunal de Justi\u00e7a Desportiva, o STJD, a sete rodadas do fim do Brasileir\u00e3o. L\u00edder e vice-l\u00edder correm risco de ver anuladas as vit\u00f3rias contra Figueirense e Fluminense, que pedem novas partidas com argumento de que foram prejudicados por decis\u00f5es equivocadas da\u2026","rel":"","context":"Em &quot;Campeonato Brasileiro&quot;","block_context":{"text":"Campeonato Brasileiro","link":"https:\/\/blogdoprosperi.com\/?cat=355071"},"img":{"alt_text":"","src":"https:\/\/i0.wp.com\/blogdoprosperi.com\/wp-content\/uploads\/2016\/10\/fla-palmeiras_cesargreco-agpalmeiras-divulgacao.jpg?resize=350%2C200&ssl=1","width":350,"height":200,"srcset":"https:\/\/i0.wp.com\/blogdoprosperi.com\/wp-content\/uploads\/2016\/10\/fla-palmeiras_cesargreco-agpalmeiras-divulgacao.jpg?resize=350%2C200&ssl=1 1x, https:\/\/i0.wp.com\/blogdoprosperi.com\/wp-content\/uploads\/2016\/10\/fla-palmeiras_cesargreco-agpalmeiras-divulgacao.jpg?resize=525%2C300&ssl=1 1.5x, https:\/\/i0.wp.com\/blogdoprosperi.com\/wp-content\/uploads\/2016\/10\/fla-palmeiras_cesargreco-agpalmeiras-divulgacao.jpg?resize=700%2C400&ssl=1 2x"},"classes":[]},{"id":28566,"url":"https:\/\/blogdoprosperi.com\/?p=28566","url_meta":{"origin":28514,"position":1},"title":"Palmeiras declara guerra ao Flamengo, cobra provid\u00eancias da CBF e diz que &#8220;ningu\u00e9m vai levar Brasileir\u00e3o na m\u00e3o grande&#8221;","author":"Luiz Ant\u00f4nio Pr\u00f3speri","date":"14 de outubro de 2016","format":false,"excerpt":"Paulo Nobre, presidente do Palmeiras, disse no final da tarde desta sexta-feira (14\/10) que \"ningu\u00e9m vai levar o Campeonato Brasileiro na m\u00e3o grande\" e afirmou que o Flamengo pressiona a arbitragem, CBF e Comiss\u00e3o de Arbitragem para ser beneficiado nos jogos. Nobre falou ainda que a \"press\u00e3o do Flamengo \u00e9\u2026","rel":"","context":"Em &quot;Campeonato Brasileiro&quot;","block_context":{"text":"Campeonato Brasileiro","link":"https:\/\/blogdoprosperi.com\/?cat=355071"},"img":{"alt_text":"","src":"https:\/\/i0.wp.com\/blogdoprosperi.com\/wp-content\/uploads\/2016\/10\/4bb9228521b7706f8af0ab6511487c18.jpg?resize=350%2C200&ssl=1","width":350,"height":200,"srcset":"https:\/\/i0.wp.com\/blogdoprosperi.com\/wp-content\/uploads\/2016\/10\/4bb9228521b7706f8af0ab6511487c18.jpg?resize=350%2C200&ssl=1 1x, https:\/\/i0.wp.com\/blogdoprosperi.com\/wp-content\/uploads\/2016\/10\/4bb9228521b7706f8af0ab6511487c18.jpg?resize=525%2C300&ssl=1 1.5x, https:\/\/i0.wp.com\/blogdoprosperi.com\/wp-content\/uploads\/2016\/10\/4bb9228521b7706f8af0ab6511487c18.jpg?resize=700%2C400&ssl=1 2x, https:\/\/i0.wp.com\/blogdoprosperi.com\/wp-content\/uploads\/2016\/10\/4bb9228521b7706f8af0ab6511487c18.jpg?resize=1050%2C600&ssl=1 3x, https:\/\/i0.wp.com\/blogdoprosperi.com\/wp-content\/uploads\/2016\/10\/4bb9228521b7706f8af0ab6511487c18.jpg?resize=1400%2C800&ssl=1 4x"},"classes":[]},{"id":28715,"url":"https:\/\/blogdoprosperi.com\/?p=28715","url_meta":{"origin":28514,"position":2},"title":"TV Globo, se quiser, pode amenizar crise na arbitragem do Brasileir\u00e3o","author":"Luiz Ant\u00f4nio Pr\u00f3speri","date":"15 de outubro de 2016","format":false,"excerpt":"TV Globo, CBF e clubes t\u00eam uma chance de amenizar a crise da arbitragem no Brasileir\u00e3o 2016. Basta convocar uma reuni\u00e3o de emerg\u00eancia e, por meio de um decreto assinado por todas as partes, vetar a exibi\u00e7\u00e3o de tira-teima ou replay de um lance pol\u00eamico durante os jogos antes de\u2026","rel":"","context":"Em &quot;Campeonato Brasileiro&quot;","block_context":{"text":"Campeonato Brasileiro","link":"https:\/\/blogdoprosperi.com\/?cat=355071"},"img":{"alt_text":"","src":"https:\/\/i0.wp.com\/blogdoprosperi.com\/wp-content\/uploads\/2016\/10\/1972743944-arbitro-brasil-x-peru-agencia-efe.jpg?resize=350%2C200&ssl=1","width":350,"height":200,"srcset":"https:\/\/i0.wp.com\/blogdoprosperi.com\/wp-content\/uploads\/2016\/10\/1972743944-arbitro-brasil-x-peru-agencia-efe.jpg?resize=350%2C200&ssl=1 1x, https:\/\/i0.wp.com\/blogdoprosperi.com\/wp-content\/uploads\/2016\/10\/1972743944-arbitro-brasil-x-peru-agencia-efe.jpg?resize=525%2C300&ssl=1 1.5x"},"classes":[]},{"id":26478,"url":"https:\/\/blogdoprosperi.com\/?p=26478","url_meta":{"origin":28514,"position":3},"title":"Palmeiras cai na rede do Flamengo e pode ser punido no STJD","author":"Luiz Ant\u00f4nio Pr\u00f3speri","date":"23 de setembro de 2016","format":false,"excerpt":"Palmeiras \u00e9 denunciado no Superior Tribunal de Justi\u00e7a Desportiva (STJD) por atos hostis de parte de seus torcedores contra dirigentes do Flamengo, abrigados em um camarote no Allianz Parque. A bronca dos cartolas cariocas deu resultado. Alegam os flamenguistas que foram alvos de objetos atirados por palmeirenses no Setor Sul\u2026","rel":"","context":"Em &quot;Campeonato Brasileiro&quot;","block_context":{"text":"Campeonato Brasileiro","link":"https:\/\/blogdoprosperi.com\/?cat=355071"},"img":{"alt_text":"","src":"https:\/\/i0.wp.com\/blogdoprosperi.com\/wp-content\/uploads\/2016\/09\/palco-camp-nou-1080x720.jpg?resize=350%2C200&ssl=1","width":350,"height":200,"srcset":"https:\/\/i0.wp.com\/blogdoprosperi.com\/wp-content\/uploads\/2016\/09\/palco-camp-nou-1080x720.jpg?resize=350%2C200&ssl=1 1x, https:\/\/i0.wp.com\/blogdoprosperi.com\/wp-content\/uploads\/2016\/09\/palco-camp-nou-1080x720.jpg?resize=525%2C300&ssl=1 1.5x, https:\/\/i0.wp.com\/blogdoprosperi.com\/wp-content\/uploads\/2016\/09\/palco-camp-nou-1080x720.jpg?resize=700%2C400&ssl=1 2x, https:\/\/i0.wp.com\/blogdoprosperi.com\/wp-content\/uploads\/2016\/09\/palco-camp-nou-1080x720.jpg?resize=1050%2C600&ssl=1 3x"},"classes":[]},{"id":45624,"url":"https:\/\/blogdoprosperi.com\/?p=45624","url_meta":{"origin":28514,"position":4},"title":"Gilmar Mendes, Ministro do STF, Banca Presidente da CBF at\u00e9 Desfecho do Julgamento","author":"Luiz Ant\u00f4nio Pr\u00f3speri","date":"1 de outubro de 2024","format":false,"excerpt":"Luiz Ant\u00f4nio Pr\u00f3speri \u2013 1 outubro (19h45) Gilmar Mendes, ministro do Superior Tribunal Federal (STF), \u00e9 o fiador da perman\u00eancia de Ednaldo Rodrigues na presid\u00eancia da CBF desde janeiro de 2024. Por tabela, respalda os embates jur\u00eddicos que Ednaldo enfrenta na entidade. Por exemplo, esse confronto no STJD (Superior Tribunal\u2026","rel":"","context":"Em &quot;futebol&quot;","block_context":{"text":"futebol","link":"https:\/\/blogdoprosperi.com\/?cat=53870"},"img":{"alt_text":"Gilmar Mendes e a teia na CBF","src":"https:\/\/i0.wp.com\/blogdoprosperi.com\/wp-content\/uploads\/2024\/10\/gilmar-mendes-stf.webp?fit=888%2C593&ssl=1&resize=350%2C200","width":350,"height":200,"srcset":"https:\/\/i0.wp.com\/blogdoprosperi.com\/wp-content\/uploads\/2024\/10\/gilmar-mendes-stf.webp?fit=888%2C593&ssl=1&resize=350%2C200 1x, https:\/\/i0.wp.com\/blogdoprosperi.com\/wp-content\/uploads\/2024\/10\/gilmar-mendes-stf.webp?fit=888%2C593&ssl=1&resize=525%2C300 1.5x, https:\/\/i0.wp.com\/blogdoprosperi.com\/wp-content\/uploads\/2024\/10\/gilmar-mendes-stf.webp?fit=888%2C593&ssl=1&resize=700%2C400 2x"},"classes":[]},{"id":25430,"url":"https:\/\/blogdoprosperi.com\/?p=25430","url_meta":{"origin":28514,"position":5},"title":"STJD e Minist\u00e9rio P\u00fablico de olho no jogo Palmeiras x Flamengo","author":"Luiz Ant\u00f4nio Pr\u00f3speri","date":"14 de setembro de 2016","format":false,"excerpt":"Palmeiras x Flamengo \u00e9 a partida de mais relev\u00e2ncia at\u00e9 aqui no Brasileiro. N\u00e3o por acaso Cuca tenta engabelar Z\u00e9 Ricardo coma escala\u00e7\u00e3o ou n\u00e3o de Gabriel Jesus. N\u00e3o por acaso a massa flamenguista abra\u00e7a e aperta jogadores no embarque rumo a S\u00e3o Paulo. Dentro de campo se espera um\u2026","rel":"","context":"Em &quot;Campeonato Brasileiro&quot;","block_context":{"text":"Campeonato Brasileiro","link":"https:\/\/blogdoprosperi.com\/?cat=355071"},"img":{"alt_text":"","src":"https:\/\/i0.wp.com\/blogdoprosperi.com\/wp-content\/uploads\/2016\/09\/16152430.jpeg?resize=350%2C200&ssl=1","width":350,"height":200,"srcset":"https:\/\/i0.wp.com\/blogdoprosperi.com\/wp-content\/uploads\/2016\/09\/16152430.jpeg?resize=350%2C200&ssl=1 1x, https:\/\/i0.wp.com\/blogdoprosperi.com\/wp-content\/uploads\/2016\/09\/16152430.jpeg?resize=525%2C300&ssl=1 1.5x"},"classes":[]}],"jetpack_featured_media_url":"","_links":{"self":[{"href":"https:\/\/blogdoprosperi.com\/index.php?rest_route=\/wp\/v2\/posts\/28514","targetHints":{"allow":["GET"]}}],"collection":[{"href":"https:\/\/blogdoprosperi.com\/index.php?rest_route=\/wp\/v2\/posts"}],"about":[{"href":"https:\/\/blogdoprosperi.com\/index.php?rest_route=\/wp\/v2\/types\/post"}],"author":[{"embeddable":true,"href":"https:\/\/blogdoprosperi.com\/index.php?rest_route=\/wp\/v2\/users\/102107496"}],"replies":[{"embeddable":true,"href":"https:\/\/blogdoprosperi.com\/index.php?rest_route=%2Fwp%2Fv2%2Fcomments&post=28514"}],"version-history":[{"count":25,"href":"https:\/\/blogdoprosperi.com\/index.php?rest_route=\/wp\/v2\/posts\/28514\/revisions"}],"predecessor-version":[{"id":28565,"href":"https:\/\/blogdoprosperi.com\/index.php?rest_route=\/wp\/v2\/posts\/28514\/revisions\/28565"}],"wp:attachment":[{"href":"https:\/\/blogdoprosperi.com\/index.php?rest_route=%2Fwp%2Fv2%2Fmedia&parent=28514"}],"wp:term":[{"taxonomy":"category","embeddable":true,"href":"https:\/\/blogdoprosperi.com\/index.php?rest_route=%2Fwp%2Fv2%2Fcategories&post=28514"},{"taxonomy":"post_tag","embeddable":true,"href":"https:\/\/blogdoprosperi.com\/index.php?rest_route=%2Fwp%2Fv2%2Ftags&post=28514"}],"curies":[{"name":"wp","href":"https:\/\/api.w.org\/{rel}","templated":true}]}}