{"id":28666,"date":"2016-10-15T00:11:48","date_gmt":"2016-10-15T03:11:48","guid":{"rendered":"http:\/\/blogdoprosperi.com\/?p=28666"},"modified":"2016-10-15T14:34:29","modified_gmt":"2016-10-15T17:34:29","slug":"corinthians-sao-paulo-inter-quando-o-passado-me-condena","status":"publish","type":"post","link":"https:\/\/blogdoprosperi.com\/?p=28666","title":{"rendered":"Corinthians, S\u00e3o Paulo, Inter&#8230; quando o passado me condena"},"content":{"rendered":"<p><span class=\"alignnone\"><img data-recalc-dims=\"1\" loading=\"lazy\" decoding=\"async\" data-attachment-id=\"28696\" data-permalink=\"https:\/\/blogdoprosperi.com\/?attachment_id=28696\" data-orig-file=\"https:\/\/i0.wp.com\/blogdoprosperi.com\/wp-content\/uploads\/2016\/10\/esporte-oswaldo-corinthians-20161014-001.jpeg?fit=680%2C453&amp;ssl=1\" data-orig-size=\"680,453\" data-comments-opened=\"1\" data-image-meta=\"{&quot;aperture&quot;:&quot;0&quot;,&quot;credit&quot;:&quot;&quot;,&quot;camera&quot;:&quot;&quot;,&quot;caption&quot;:&quot;&quot;,&quot;created_timestamp&quot;:&quot;0&quot;,&quot;copyright&quot;:&quot;&quot;,&quot;focal_length&quot;:&quot;0&quot;,&quot;iso&quot;:&quot;0&quot;,&quot;shutter_speed&quot;:&quot;0&quot;,&quot;title&quot;:&quot;&quot;,&quot;orientation&quot;:&quot;0&quot;}\" data-image-title=\"esporte-oswaldo-corinthians-20161014-001\" data-image-description=\"\" data-image-caption=\"\" data-large-file=\"https:\/\/i0.wp.com\/blogdoprosperi.com\/wp-content\/uploads\/2016\/10\/esporte-oswaldo-corinthians-20161014-001.jpeg?fit=680%2C453&amp;ssl=1\" class=\"alignnone size-full wp-image-28696\" src=\"https:\/\/i0.wp.com\/blogdoprosperi.com\/wp-content\/uploads\/2016\/10\/esporte-oswaldo-corinthians-20161014-001.jpeg?resize=680%2C453&#038;ssl=1\" alt=\"esporte-oswaldo-corinthians-20161014-001\" width=\"680\" height=\"453\" \/><\/span><\/p>\n<p>Oswaldo de Oliveira assumiu o comando do time do Corinthians nesta sexta-feira (14\/10) falando grosso. Disse que quem ama n\u00e3o vaia, em busca do apoio da torcida. Voltou ao passado, fim dos anos 90 e come\u00e7o dos 2000, quando ganhou tudo no time da Fiel. H\u00e1 pouco mais de um m\u00eas, Ricardo Gomes retornava ao S\u00e3o Paulo por ter sido importante ao clube l\u00e1 por volta de 2009, momento de j\u00fabilo no Morumbi. E o que dizer de Celso Roth no Inter e Renato Ga\u00facho no Gr\u00eamio? De identidade com os clubes ga\u00fachos, dirigem os dois times com o cora\u00e7\u00e3o da hist\u00f3ria e incertezas de um futuro breve. Futebol no Brasil n\u00e3o consegue tirar algemas do passado.<!--more--><\/p>\n<p>De que adianta Oswaldo rememorar as conquistas que teve no <a href=\"http:\/\/blogdoprosperi.com\/2016\/10\/12\/corinthians-cria-vergonha-derrota-vice-lanterna-e-se-entrega-a-oswaldo-de-oliveira\/\">Corinthians vitorioso <\/a>h\u00e1 16 anos? Tem cacife para mudar o curso do rio agora? Tem. Vai conseguir? N\u00e3o h\u00e1 a menor expectativa de que sim, vai vencer.<\/p>\n<p>Sofre rejei\u00e7\u00e3o enorme da torcida, dividiu a diretoria e, mais preocupante, n\u00e3o tem um grupo qualificado para dali tirar um time competitivo nesta reta final do Brasileir\u00e3o.<\/p>\n<p>Corinthians e sua gente v\u00e3o padecer. Entre o passado de vit\u00f3rias e o futuro de carestia, vive o perigo. Oswaldo de Oliveira sabe disso. N\u00e3o tem do que reclamar. Corinthians caiu no seu colo. Resta embalar a crian\u00e7a.<\/p>\n<p><a href=\"http:\/\/blogdoprosperi.com\/2016\/10\/13\/sao-paulo-agoniza-e-santos-sonha\/\">Ricardo Gomes vive a mesma situa\u00e7\u00e3o no S\u00e3o Paulo.<\/a> Voltou ao clube por seu passado no Morumbi e n\u00e3o por bom desempenho no presente no Botafogo e, um pouquinho antes, no Vasco.<\/p>\n<p><span class=\"alignnone\"><img data-recalc-dims=\"1\" loading=\"lazy\" decoding=\"async\" data-attachment-id=\"28698\" data-permalink=\"https:\/\/blogdoprosperi.com\/?attachment_id=28698\" data-orig-file=\"https:\/\/i0.wp.com\/blogdoprosperi.com\/wp-content\/uploads\/2016\/10\/0208_crop_galeria.jpg?fit=800%2C515&amp;ssl=1\" data-orig-size=\"800,515\" data-comments-opened=\"1\" data-image-meta=\"{&quot;aperture&quot;:&quot;0&quot;,&quot;credit&quot;:&quot;&quot;,&quot;camera&quot;:&quot;&quot;,&quot;caption&quot;:&quot;&quot;,&quot;created_timestamp&quot;:&quot;0&quot;,&quot;copyright&quot;:&quot;&quot;,&quot;focal_length&quot;:&quot;0&quot;,&quot;iso&quot;:&quot;0&quot;,&quot;shutter_speed&quot;:&quot;0&quot;,&quot;title&quot;:&quot;&quot;,&quot;orientation&quot;:&quot;0&quot;}\" data-image-title=\"0208_crop_galeria\" data-image-description=\"\" data-image-caption=\"\" data-large-file=\"https:\/\/i0.wp.com\/blogdoprosperi.com\/wp-content\/uploads\/2016\/10\/0208_crop_galeria.jpg?fit=800%2C515&amp;ssl=1\" class=\"alignnone size-full wp-image-28698\" src=\"https:\/\/i0.wp.com\/blogdoprosperi.com\/wp-content\/uploads\/2016\/10\/0208_crop_galeria.jpg?resize=800%2C515&#038;ssl=1\" alt=\"0208_crop_galeria\" width=\"800\" height=\"515\" \/><\/span><\/p>\n<p>Cacifado pelos servi\u00e7os prestados em 2009 at\u00e9 meados de 2010, retornou ao clube muito longe de ser uma unanimidade. Seu trabalho h\u00e1 seis anos n\u00e3o tem a menor possibilidade de se repetir neste fim de 2016.<\/p>\n<p>O time do S\u00e3o Paulo \u00e9 fraqu\u00edssimo e ele, Ricardo Gomes, n\u00e3o inventou a p\u00f3lvora. \u00c9 ref\u00e9m do passado no Morumbi e sabe que agora, diferente da \u00faltima vez que assumiu o clube, o grupo de jogadores \u00e9 bem modesto.<\/p>\n<p>De nada adianta tamb\u00e9m se escorar em Marco Aur\u00e9lio Cunha, imposto pelo presidente Leco para salvar este fim de temporada do clube. O novo velho dirigente fez hist\u00f3ria no S\u00e3o Paulo h\u00e1 quase dez anos. Virou pol\u00edtico, se elegeu vereador, desistiu da pol\u00edtica, serviu \u00e0 CBF e volta ao Tricolor investido de um poder que n\u00e3o tem: fazer milagres.<\/p>\n<p>Se o S\u00e3o Paulo perder do Fluminense neste domingo, no Rio, Ricardo Gomes j\u00e1 pode procurar outra freguesia. Agonia latente do rebaixamento \u00e0 S\u00e9rie B, fato in\u00e9dito na hist\u00f3ria do clube, faz sangrar o concreto do Morumbi.<\/p>\n<div class=\"tiled-gallery type-square tiled-gallery-unresized\" data-original-width=\"940\" data-carousel-extra='{&quot;blog_id&quot;:1,&quot;permalink&quot;:&quot;https:\\\/\\\/blogdoprosperi.com\\\/?p=28666&quot;,&quot;likes_blog_id&quot;:108082574}' itemscope itemtype=\"http:\/\/schema.org\/ImageGallery\" > <div class=\"gallery-row\" style=\"width: 940px; height: 470px;\" data-original-width=\"940\" data-original-height=\"470\" > <div class=\"gallery-group\" style=\"width: 470px; height: 470px;\" data-original-width=\"470\" data-original-height=\"470\" > <div class=\"tiled-gallery-item \" itemprop=\"associatedMedia\" itemscope itemtype=\"http:\/\/schema.org\/ImageObject\"> <a href=\"https:\/\/blogdoprosperi.com\/?attachment_id=28708\" border=\"0\" itemprop=\"url\"> <meta itemprop=\"width\" content=\"466\"> <meta itemprop=\"height\" content=\"466\"> <img decoding=\"async\" class=\"\" data-attachment-id=\"28708\" data-orig-file=\"https:\/\/blogdoprosperi.com\/wp-content\/uploads\/2016\/10\/101214tristeza_inter_f_020.jpg\" data-orig-size=\"956,500\" data-comments-opened=\"1\" data-image-meta=\"{&quot;aperture&quot;:&quot;0&quot;,&quot;credit&quot;:&quot;&quot;,&quot;camera&quot;:&quot;&quot;,&quot;caption&quot;:&quot;&quot;,&quot;created_timestamp&quot;:&quot;0&quot;,&quot;copyright&quot;:&quot;&quot;,&quot;focal_length&quot;:&quot;0&quot;,&quot;iso&quot;:&quot;0&quot;,&quot;shutter_speed&quot;:&quot;0&quot;,&quot;title&quot;:&quot;&quot;,&quot;orientation&quot;:&quot;0&quot;}\" data-image-title=\"101214tristeza_inter_f_020\" data-image-description=\"\" data-medium-file=\"https:\/\/i0.wp.com\/blogdoprosperi.com\/wp-content\/uploads\/2016\/10\/101214tristeza_inter_f_020.jpg?fit=650%2C340&#038;ssl=1\" data-large-file=\"https:\/\/i0.wp.com\/blogdoprosperi.com\/wp-content\/uploads\/2016\/10\/101214tristeza_inter_f_020.jpg?fit=940%2C492&#038;ssl=1\" src=\"https:\/\/i0.wp.com\/blogdoprosperi.com\/wp-content\/uploads\/2016\/10\/101214tristeza_inter_f_020.jpg?w=466&#038;h=466&#038;crop=1&#038;ssl=1\" width=\"466\" height=\"466\" loading=\"lazy\" data-original-width=\"466\" data-original-height=\"466\" itemprop=\"http:\/\/schema.org\/image\" title=\"101214tristeza_inter_f_020\" alt=\"101214tristeza_inter_f_020\" style=\"width: 466px; height: 466px;\" \/> <\/a> <\/div> <\/div> <div class=\"gallery-group\" style=\"width: 470px; height: 470px;\" data-original-width=\"470\" data-original-height=\"470\" > <div class=\"tiled-gallery-item \" itemprop=\"associatedMedia\" itemscope itemtype=\"http:\/\/schema.org\/ImageObject\"> <a href=\"https:\/\/blogdoprosperi.com\/?attachment_id=28709\" border=\"0\" itemprop=\"url\"> <meta itemprop=\"width\" content=\"466\"> <meta itemprop=\"height\" content=\"466\"> <img decoding=\"async\" class=\"\" data-attachment-id=\"28709\" data-orig-file=\"https:\/\/blogdoprosperi.com\/wp-content\/uploads\/2016\/10\/418ac170f868f8867e5fdb9197ef165e_xl.jpg\" data-orig-size=\"1024,684\" data-comments-opened=\"1\" data-image-meta=\"{&quot;aperture&quot;:&quot;0&quot;,&quot;credit&quot;:&quot;&quot;,&quot;camera&quot;:&quot;&quot;,&quot;caption&quot;:&quot;&quot;,&quot;created_timestamp&quot;:&quot;0&quot;,&quot;copyright&quot;:&quot;&quot;,&quot;focal_length&quot;:&quot;0&quot;,&quot;iso&quot;:&quot;0&quot;,&quot;shutter_speed&quot;:&quot;0&quot;,&quot;title&quot;:&quot;&quot;,&quot;orientation&quot;:&quot;0&quot;}\" data-image-title=\"418ac170f868f8867e5fdb9197ef165e_xl\" data-image-description=\"\" data-medium-file=\"https:\/\/i0.wp.com\/blogdoprosperi.com\/wp-content\/uploads\/2016\/10\/418ac170f868f8867e5fdb9197ef165e_xl.jpg?fit=566%2C378&#038;ssl=1\" data-large-file=\"https:\/\/i0.wp.com\/blogdoprosperi.com\/wp-content\/uploads\/2016\/10\/418ac170f868f8867e5fdb9197ef165e_xl.jpg?fit=940%2C628&#038;ssl=1\" src=\"https:\/\/i0.wp.com\/blogdoprosperi.com\/wp-content\/uploads\/2016\/10\/418ac170f868f8867e5fdb9197ef165e_xl.jpg?w=466&#038;h=466&#038;crop=1&#038;ssl=1\" width=\"466\" height=\"466\" loading=\"lazy\" data-original-width=\"466\" data-original-height=\"466\" itemprop=\"http:\/\/schema.org\/image\" title=\"418ac170f868f8867e5fdb9197ef165e_xl\" alt=\"418ac170f868f8867e5fdb9197ef165e_xl\" style=\"width: 466px; height: 466px;\" \/> <\/a> <\/div> <\/div> <\/div> <\/div>\n<p>E vamos ao Sul, onde Gr\u00eamio e Inter tamb\u00e9m fizeram o inverso da catapulta. Recorreram no presente a nomes do passado. Celso Roth no Colorado e Renato Ga\u00facho no Tricolor s\u00e3o t\u00e3o ef\u00eameros como fuma\u00e7a de um cigarro. Esvaem ao vento e comprometem o pulm\u00e3o no futuro em breve.<\/p>\n<p>Futebol brasileiro muitas vezes se perde por usar carteiras de identidade vencidas pelo tempo, in\u00fateis \u00a0na hora de renovar a n\u00e3o ser o n\u00famero do RG.<\/p>\n","protected":false},"excerpt":{"rendered":"<p>Oswaldo de Oliveira assumiu o comando do time do Corinthians nesta sexta-feira (14\/10) falando grosso. Disse que quem [&hellip;]<\/p>\n","protected":false},"author":102107496,"featured_media":0,"comment_status":"open","ping_status":"open","sticky":false,"template":"","format":"standard","meta":{"_coblocks_attr":"","_coblocks_dimensions":"","_coblocks_responsive_height":"","_coblocks_accordion_ie_support":"","_jetpack_newsletter_access":"","_jetpack_dont_email_post_to_subs":false,"_jetpack_newsletter_tier_id":0,"_jetpack_memberships_contains_paywalled_content":false,"_wpcom_ai_launchpad_first_post":false,"_jetpack_feature_clip_id":0,"_jetpack_memberships_contains_paid_content":false,"footnotes":"","jetpack_publicize_message":"","jetpack_publicize_feature_enabled":true,"jetpack_social_post_already_shared":false,"jetpack_social_options":{"image_generator_settings":{"template":"highway","default_image_id":0,"font":"","enabled":false},"version":2},"jetpack_post_was_ever_published":false},"categories":[355071,53870],"tags":[1058711,177066,789560560,540633412,1781644,3044757,597766,5807372,972018],"class_list":["post-28666","post","type-post","status-publish","format-standard","hentry","category-campeonato-brasileiro","category-futebol","tag-celso-roth","tag-corinthians","tag-futebol","tag-gremio-pa","tag-internacional-rs","tag-oswaldo-de-oliveira","tag-renato-gaucho","tag-ricardo-gomes","tag-sao-paulo-fc"],"yoast_head":"<!-- This site is optimized with the Yoast SEO plugin v28.3 - https:\/\/yoast.com\/product\/yoast-seo-wordpress\/ -->\n<title>Corinthians, S\u00e3o Paulo, Inter... quando o passado me condena - PR\u00d3SPERI NEWS<\/title>\n<meta name=\"robots\" content=\"index, follow, max-snippet:-1, max-image-preview:large, max-video-preview:-1\" \/>\n<link rel=\"canonical\" href=\"https:\/\/blogdoprosperi.com\/?p=28666\" \/>\n<meta property=\"og:locale\" content=\"pt_BR\" \/>\n<meta property=\"og:type\" content=\"article\" \/>\n<meta property=\"og:title\" content=\"Corinthians, S\u00e3o Paulo, Inter... quando o passado me condena - PR\u00d3SPERI NEWS\" \/>\n<meta property=\"og:description\" content=\"Oswaldo de Oliveira assumiu o comando do time do Corinthians nesta sexta-feira (14\/10) falando grosso. Disse que quem [&hellip;]\" \/>\n<meta property=\"og:url\" content=\"https:\/\/blogdoprosperi.com\/?p=28666\" \/>\n<meta property=\"og:site_name\" content=\"PR\u00d3SPERI NEWS\" \/>\n<meta property=\"article:publisher\" content=\"Luiz Pr\u00f3speri\" \/>\n<meta property=\"article:author\" content=\"Luiz Pr\u00f3speri\" \/>\n<meta property=\"article:published_time\" content=\"2016-10-15T03:11:48+00:00\" \/>\n<meta property=\"article:modified_time\" content=\"2016-10-15T17:34:29+00:00\" \/>\n<meta property=\"og:image\" content=\"https:\/\/i0.wp.com\/blogdoprosperi.com\/wp-content\/uploads\/2016\/10\/101214tristeza_inter_f_020.jpg?w=466&#038;h=466&#038;crop=1&#038;ssl=1\" \/>\n<meta name=\"author\" content=\"Luiz Ant\u00f4nio Pr\u00f3speri\" \/>\n<meta name=\"twitter:card\" content=\"summary_large_image\" \/>\n<meta name=\"twitter:creator\" content=\"@Luizprosperi\" \/>\n<meta name=\"twitter:site\" content=\"@Luizprosperi\" \/>\n<meta name=\"twitter:label1\" content=\"Escrito por\" \/>\n\t<meta name=\"twitter:data1\" content=\"Luiz Ant\u00f4nio Pr\u00f3speri\" \/>\n\t<meta name=\"twitter:label2\" content=\"Est. tempo de leitura\" \/>\n\t<meta name=\"twitter:data2\" content=\"3 minutos\" \/>\n<script type=\"application\/ld+json\" class=\"yoast-schema-graph\">{\"@context\":\"https:\\\/\\\/schema.org\",\"@graph\":[{\"@type\":\"Article\",\"@id\":\"https:\\\/\\\/blogdoprosperi.com\\\/?p=28666#article\",\"isPartOf\":{\"@id\":\"https:\\\/\\\/blogdoprosperi.com\\\/?p=28666\"},\"author\":{\"name\":\"Luiz Ant\u00f4nio Pr\u00f3speri\",\"@id\":\"https:\\\/\\\/blogdoprosperi.com\\\/#\\\/schema\\\/person\\\/38100755ce3601861ee4fab9b5aa78e9\"},\"headline\":\"Corinthians, S\u00e3o Paulo, Inter&#8230; quando o passado me condena\",\"datePublished\":\"2016-10-15T03:11:48+00:00\",\"dateModified\":\"2016-10-15T17:34:29+00:00\",\"mainEntityOfPage\":{\"@id\":\"https:\\\/\\\/blogdoprosperi.com\\\/?p=28666\"},\"wordCount\":551,\"commentCount\":1,\"publisher\":{\"@id\":\"https:\\\/\\\/blogdoprosperi.com\\\/#\\\/schema\\\/person\\\/38100755ce3601861ee4fab9b5aa78e9\"},\"image\":{\"@id\":\"https:\\\/\\\/blogdoprosperi.com\\\/?p=28666#primaryimage\"},\"thumbnailUrl\":\"https:\\\/\\\/blogdoprosperi.com\\\/wp-content\\\/uploads\\\/2016\\\/10\\\/esporte-oswaldo-corinthians-20161014-001.jpeg\",\"keywords\":[\"Celso Roth\",\"Corinthians\",\"futebol\",\"Gr\u00eamio PA\",\"Internacional-RS\",\"Oswaldo de Oliveira\",\"Renato Ga\u00facho\",\"Ricardo Gomes\",\"S\u00e3o Paulo FC\"],\"articleSection\":[\"Campeonato Brasileiro\",\"futebol\"],\"inLanguage\":\"pt-BR\",\"potentialAction\":[{\"@type\":\"CommentAction\",\"name\":\"Comment\",\"target\":[\"https:\\\/\\\/blogdoprosperi.com\\\/?p=28666#respond\"]}]},{\"@type\":\"WebPage\",\"@id\":\"https:\\\/\\\/blogdoprosperi.com\\\/?p=28666\",\"url\":\"https:\\\/\\\/blogdoprosperi.com\\\/?p=28666\",\"name\":\"Corinthians, S\u00e3o Paulo, Inter... quando o passado me condena - PR\u00d3SPERI NEWS\",\"isPartOf\":{\"@id\":\"https:\\\/\\\/blogdoprosperi.com\\\/#website\"},\"primaryImageOfPage\":{\"@id\":\"https:\\\/\\\/blogdoprosperi.com\\\/?p=28666#primaryimage\"},\"image\":{\"@id\":\"https:\\\/\\\/blogdoprosperi.com\\\/?p=28666#primaryimage\"},\"thumbnailUrl\":\"https:\\\/\\\/blogdoprosperi.com\\\/wp-content\\\/uploads\\\/2016\\\/10\\\/esporte-oswaldo-corinthians-20161014-001.jpeg\",\"datePublished\":\"2016-10-15T03:11:48+00:00\",\"dateModified\":\"2016-10-15T17:34:29+00:00\",\"breadcrumb\":{\"@id\":\"https:\\\/\\\/blogdoprosperi.com\\\/?p=28666#breadcrumb\"},\"inLanguage\":\"pt-BR\",\"potentialAction\":[{\"@type\":\"ReadAction\",\"target\":[\"https:\\\/\\\/blogdoprosperi.com\\\/?p=28666\"]}]},{\"@type\":\"ImageObject\",\"inLanguage\":\"pt-BR\",\"@id\":\"https:\\\/\\\/blogdoprosperi.com\\\/?p=28666#primaryimage\",\"url\":\"https:\\\/\\\/i0.wp.com\\\/blogdoprosperi.com\\\/wp-content\\\/uploads\\\/2016\\\/10\\\/esporte-oswaldo-corinthians-20161014-001.jpeg?fit=680%2C453&ssl=1\",\"contentUrl\":\"https:\\\/\\\/i0.wp.com\\\/blogdoprosperi.com\\\/wp-content\\\/uploads\\\/2016\\\/10\\\/esporte-oswaldo-corinthians-20161014-001.jpeg?fit=680%2C453&ssl=1\",\"width\":680,\"height\":453},{\"@type\":\"BreadcrumbList\",\"@id\":\"https:\\\/\\\/blogdoprosperi.com\\\/?p=28666#breadcrumb\",\"itemListElement\":[{\"@type\":\"ListItem\",\"position\":1,\"name\":\"In\u00edcio\",\"item\":\"https:\\\/\\\/blogdoprosperi.com\\\/\"},{\"@type\":\"ListItem\",\"position\":2,\"name\":\"Corinthians, S\u00e3o Paulo, Inter&#8230; quando o passado me condena\"}]},{\"@type\":\"WebSite\",\"@id\":\"https:\\\/\\\/blogdoprosperi.com\\\/#website\",\"url\":\"https:\\\/\\\/blogdoprosperi.com\\\/\",\"name\":\"PR\u00d3SPERI NEWS\",\"description\":\"TUDO \u00c9  FUTEBOL\",\"publisher\":{\"@id\":\"https:\\\/\\\/blogdoprosperi.com\\\/#\\\/schema\\\/person\\\/38100755ce3601861ee4fab9b5aa78e9\"},\"alternateName\":\"blogdoprosperi.com\",\"potentialAction\":[{\"@type\":\"SearchAction\",\"target\":{\"@type\":\"EntryPoint\",\"urlTemplate\":\"https:\\\/\\\/blogdoprosperi.com\\\/?s={search_term_string}\"},\"query-input\":{\"@type\":\"PropertyValueSpecification\",\"valueRequired\":true,\"valueName\":\"search_term_string\"}}],\"inLanguage\":\"pt-BR\"},{\"@type\":[\"Person\",\"Organization\"],\"@id\":\"https:\\\/\\\/blogdoprosperi.com\\\/#\\\/schema\\\/person\\\/38100755ce3601861ee4fab9b5aa78e9\",\"name\":\"Luiz Ant\u00f4nio Pr\u00f3speri\",\"pronouns\":\"ele\",\"image\":{\"@type\":\"ImageObject\",\"inLanguage\":\"pt-BR\",\"@id\":\"https:\\\/\\\/i0.wp.com\\\/blogdoprosperi.com\\\/wp-content\\\/uploads\\\/2026\\\/05\\\/cropped-8059e613-6002-42fa-961e-8e275f575d71-2-5.jpg?fit=1360%2C931&ssl=1\",\"url\":\"https:\\\/\\\/i0.wp.com\\\/blogdoprosperi.com\\\/wp-content\\\/uploads\\\/2026\\\/05\\\/cropped-8059e613-6002-42fa-961e-8e275f575d71-2-5.jpg?fit=1360%2C931&ssl=1\",\"contentUrl\":\"https:\\\/\\\/i0.wp.com\\\/blogdoprosperi.com\\\/wp-content\\\/uploads\\\/2026\\\/05\\\/cropped-8059e613-6002-42fa-961e-8e275f575d71-2-5.jpg?fit=1360%2C931&ssl=1\",\"width\":1360,\"height\":931,\"caption\":\"Luiz Ant\u00f4nio Pr\u00f3speri\"},\"logo\":{\"@id\":\"https:\\\/\\\/i0.wp.com\\\/blogdoprosperi.com\\\/wp-content\\\/uploads\\\/2026\\\/05\\\/cropped-8059e613-6002-42fa-961e-8e275f575d71-2-5.jpg?fit=1360%2C931&ssl=1\"},\"description\":\"Jornalista com carreira dedicada ao esporte. Cobriu 9 Copas do Mundo in loco, 1990 na It\u00e1lia, 1994 nos EUA, 1998 na Fran\u00e7a, 2002 na Coreia do Sul e Jap\u00e3o, 2006 na Alemanha, 2010 na \u00c1frica do Sul, 2014 no Brasil, 2018 na R\u00fassia e 2022 no Qatar. Eurocopas, 1992 na Su\u00e9cia e 1996 na Inglaterra. Copa das Confedera\u00e7\u00f5es de 2005 na Alemanha e 2009 na \u00c1frica do Sul. Rep\u00f3rter e Editor, trabalhou no Jornal da Tarde e Estad\u00e3o, de 1984 a fevereiro de 2016. Colunista, blogueiro. E comentarista de futebol na R\u00e1dio Estad\u00e3o, de 2013 a fevereiro de 2016. Jornalista respons\u00e1vel do \\\"Pr\u00f3speri News\\\" (blogdoprosperi.com).\",\"sameAs\":[\"http:\\\/\\\/blogdoprosperi.com\",\"Luiz Pr\u00f3speri\",\"@luiz_prosperi\",\"https:\\\/\\\/x.com\\\/Luizprosperi\",\"@prosperinacopa\",\"luiz.prosperi@icloud.com\"],\"url\":\"https:\\\/\\\/blogdoprosperi.com\\\/?author=102107496\"}]}<\/script>\n<!-- \/ Yoast SEO plugin. -->","yoast_head_json":{"title":"Corinthians, S\u00e3o Paulo, Inter... quando o passado me condena - PR\u00d3SPERI NEWS","robots":{"index":"index","follow":"follow","max-snippet":"max-snippet:-1","max-image-preview":"max-image-preview:large","max-video-preview":"max-video-preview:-1"},"canonical":"https:\/\/blogdoprosperi.com\/?p=28666","og_locale":"pt_BR","og_type":"article","og_title":"Corinthians, S\u00e3o Paulo, Inter... quando o passado me condena - PR\u00d3SPERI NEWS","og_description":"Oswaldo de Oliveira assumiu o comando do time do Corinthians nesta sexta-feira (14\/10) falando grosso. Disse que quem [&hellip;]","og_url":"https:\/\/blogdoprosperi.com\/?p=28666","og_site_name":"PR\u00d3SPERI NEWS","article_publisher":"Luiz Pr\u00f3speri","article_author":"Luiz Pr\u00f3speri","article_published_time":"2016-10-15T03:11:48+00:00","article_modified_time":"2016-10-15T17:34:29+00:00","og_image":[{"url":"https:\/\/i0.wp.com\/blogdoprosperi.com\/wp-content\/uploads\/2016\/10\/101214tristeza_inter_f_020.jpg?w=466&#038;h=466&#038;crop=1&#038;ssl=1","type":"","width":"","height":""}],"author":"Luiz Ant\u00f4nio Pr\u00f3speri","twitter_card":"summary_large_image","twitter_creator":"@Luizprosperi","twitter_site":"@Luizprosperi","twitter_misc":{"Escrito por":"Luiz Ant\u00f4nio Pr\u00f3speri","Est. tempo de leitura":"3 minutos"},"schema":{"@context":"https:\/\/schema.org","@graph":[{"@type":"Article","@id":"https:\/\/blogdoprosperi.com\/?p=28666#article","isPartOf":{"@id":"https:\/\/blogdoprosperi.com\/?p=28666"},"author":{"name":"Luiz Ant\u00f4nio Pr\u00f3speri","@id":"https:\/\/blogdoprosperi.com\/#\/schema\/person\/38100755ce3601861ee4fab9b5aa78e9"},"headline":"Corinthians, S\u00e3o Paulo, Inter&#8230; quando o passado me condena","datePublished":"2016-10-15T03:11:48+00:00","dateModified":"2016-10-15T17:34:29+00:00","mainEntityOfPage":{"@id":"https:\/\/blogdoprosperi.com\/?p=28666"},"wordCount":551,"commentCount":1,"publisher":{"@id":"https:\/\/blogdoprosperi.com\/#\/schema\/person\/38100755ce3601861ee4fab9b5aa78e9"},"image":{"@id":"https:\/\/blogdoprosperi.com\/?p=28666#primaryimage"},"thumbnailUrl":"https:\/\/blogdoprosperi.com\/wp-content\/uploads\/2016\/10\/esporte-oswaldo-corinthians-20161014-001.jpeg","keywords":["Celso Roth","Corinthians","futebol","Gr\u00eamio PA","Internacional-RS","Oswaldo de Oliveira","Renato Ga\u00facho","Ricardo Gomes","S\u00e3o Paulo FC"],"articleSection":["Campeonato Brasileiro","futebol"],"inLanguage":"pt-BR","potentialAction":[{"@type":"CommentAction","name":"Comment","target":["https:\/\/blogdoprosperi.com\/?p=28666#respond"]}]},{"@type":"WebPage","@id":"https:\/\/blogdoprosperi.com\/?p=28666","url":"https:\/\/blogdoprosperi.com\/?p=28666","name":"Corinthians, S\u00e3o Paulo, Inter... quando o passado me condena - PR\u00d3SPERI NEWS","isPartOf":{"@id":"https:\/\/blogdoprosperi.com\/#website"},"primaryImageOfPage":{"@id":"https:\/\/blogdoprosperi.com\/?p=28666#primaryimage"},"image":{"@id":"https:\/\/blogdoprosperi.com\/?p=28666#primaryimage"},"thumbnailUrl":"https:\/\/blogdoprosperi.com\/wp-content\/uploads\/2016\/10\/esporte-oswaldo-corinthians-20161014-001.jpeg","datePublished":"2016-10-15T03:11:48+00:00","dateModified":"2016-10-15T17:34:29+00:00","breadcrumb":{"@id":"https:\/\/blogdoprosperi.com\/?p=28666#breadcrumb"},"inLanguage":"pt-BR","potentialAction":[{"@type":"ReadAction","target":["https:\/\/blogdoprosperi.com\/?p=28666"]}]},{"@type":"ImageObject","inLanguage":"pt-BR","@id":"https:\/\/blogdoprosperi.com\/?p=28666#primaryimage","url":"https:\/\/i0.wp.com\/blogdoprosperi.com\/wp-content\/uploads\/2016\/10\/esporte-oswaldo-corinthians-20161014-001.jpeg?fit=680%2C453&ssl=1","contentUrl":"https:\/\/i0.wp.com\/blogdoprosperi.com\/wp-content\/uploads\/2016\/10\/esporte-oswaldo-corinthians-20161014-001.jpeg?fit=680%2C453&ssl=1","width":680,"height":453},{"@type":"BreadcrumbList","@id":"https:\/\/blogdoprosperi.com\/?p=28666#breadcrumb","itemListElement":[{"@type":"ListItem","position":1,"name":"In\u00edcio","item":"https:\/\/blogdoprosperi.com\/"},{"@type":"ListItem","position":2,"name":"Corinthians, S\u00e3o Paulo, Inter&#8230; quando o passado me condena"}]},{"@type":"WebSite","@id":"https:\/\/blogdoprosperi.com\/#website","url":"https:\/\/blogdoprosperi.com\/","name":"PR\u00d3SPERI NEWS","description":"TUDO \u00c9  FUTEBOL","publisher":{"@id":"https:\/\/blogdoprosperi.com\/#\/schema\/person\/38100755ce3601861ee4fab9b5aa78e9"},"alternateName":"blogdoprosperi.com","potentialAction":[{"@type":"SearchAction","target":{"@type":"EntryPoint","urlTemplate":"https:\/\/blogdoprosperi.com\/?s={search_term_string}"},"query-input":{"@type":"PropertyValueSpecification","valueRequired":true,"valueName":"search_term_string"}}],"inLanguage":"pt-BR"},{"@type":["Person","Organization"],"@id":"https:\/\/blogdoprosperi.com\/#\/schema\/person\/38100755ce3601861ee4fab9b5aa78e9","name":"Luiz Ant\u00f4nio Pr\u00f3speri","pronouns":"ele","image":{"@type":"ImageObject","inLanguage":"pt-BR","@id":"https:\/\/i0.wp.com\/blogdoprosperi.com\/wp-content\/uploads\/2026\/05\/cropped-8059e613-6002-42fa-961e-8e275f575d71-2-5.jpg?fit=1360%2C931&ssl=1","url":"https:\/\/i0.wp.com\/blogdoprosperi.com\/wp-content\/uploads\/2026\/05\/cropped-8059e613-6002-42fa-961e-8e275f575d71-2-5.jpg?fit=1360%2C931&ssl=1","contentUrl":"https:\/\/i0.wp.com\/blogdoprosperi.com\/wp-content\/uploads\/2026\/05\/cropped-8059e613-6002-42fa-961e-8e275f575d71-2-5.jpg?fit=1360%2C931&ssl=1","width":1360,"height":931,"caption":"Luiz Ant\u00f4nio Pr\u00f3speri"},"logo":{"@id":"https:\/\/i0.wp.com\/blogdoprosperi.com\/wp-content\/uploads\/2026\/05\/cropped-8059e613-6002-42fa-961e-8e275f575d71-2-5.jpg?fit=1360%2C931&ssl=1"},"description":"Jornalista com carreira dedicada ao esporte. Cobriu 9 Copas do Mundo in loco, 1990 na It\u00e1lia, 1994 nos EUA, 1998 na Fran\u00e7a, 2002 na Coreia do Sul e Jap\u00e3o, 2006 na Alemanha, 2010 na \u00c1frica do Sul, 2014 no Brasil, 2018 na R\u00fassia e 2022 no Qatar. Eurocopas, 1992 na Su\u00e9cia e 1996 na Inglaterra. Copa das Confedera\u00e7\u00f5es de 2005 na Alemanha e 2009 na \u00c1frica do Sul. Rep\u00f3rter e Editor, trabalhou no Jornal da Tarde e Estad\u00e3o, de 1984 a fevereiro de 2016. Colunista, blogueiro. E comentarista de futebol na R\u00e1dio Estad\u00e3o, de 2013 a fevereiro de 2016. Jornalista respons\u00e1vel do \"Pr\u00f3speri News\" (blogdoprosperi.com).","sameAs":["http:\/\/blogdoprosperi.com","Luiz Pr\u00f3speri","@luiz_prosperi","https:\/\/x.com\/Luizprosperi","@prosperinacopa","luiz.prosperi@icloud.com"],"url":"https:\/\/blogdoprosperi.com\/?author=102107496"}]}},"jetpack_publicize_connections":[],"jetpack_likes_enabled":false,"jetpack_sharing_enabled":true,"jetpack_shortlink":"https:\/\/wp.me\/p7jvdk-7sm","jetpack-related-posts":[{"id":33789,"url":"https:\/\/blogdoprosperi.com\/?p=33789","url_meta":{"origin":28666,"position":0},"title":"Renato Ga\u00facho chuta os que n\u00e3o acreditam na f\u00f3rmula pronta do sucesso no futebol","author":"Luiz Ant\u00f4nio Pr\u00f3speri","date":"8 de dezembro de 2016","format":false,"excerpt":"Futebol tem f\u00f3rmulas prontas de sucesso... na cabe\u00e7a dos dirigentes. Quando d\u00e1 certo, aplausos. Quando n\u00e3o funciona, pedradas. O exemplo vem do Sul. Inter e Gr\u00eamio, em apuros no Brasileir\u00e3o e embarcados no fracasso da temporada, recorreram \u00e0s tais f\u00f3rmulas do sucesso. No caso, de volta ao passado. O Inter\u2026","rel":"","context":"Em &quot;futebol&quot;","block_context":{"text":"futebol","link":"https:\/\/blogdoprosperi.com\/?cat=53870"},"img":{"alt_text":"6xz7ftsm98a4tluul5wki5pw9","src":"https:\/\/i0.wp.com\/blogdoprosperi.com\/wp-content\/uploads\/2016\/12\/6xz7ftsm98a4tluul5wki5pw9.jpg?resize=350%2C200&ssl=1","width":350,"height":200,"srcset":"https:\/\/i0.wp.com\/blogdoprosperi.com\/wp-content\/uploads\/2016\/12\/6xz7ftsm98a4tluul5wki5pw9.jpg?resize=350%2C200&ssl=1 1x, https:\/\/i0.wp.com\/blogdoprosperi.com\/wp-content\/uploads\/2016\/12\/6xz7ftsm98a4tluul5wki5pw9.jpg?resize=525%2C300&ssl=1 1.5x, https:\/\/i0.wp.com\/blogdoprosperi.com\/wp-content\/uploads\/2016\/12\/6xz7ftsm98a4tluul5wki5pw9.jpg?resize=700%2C400&ssl=1 2x"},"classes":[]},{"id":33314,"url":"https:\/\/blogdoprosperi.com\/?p=33314","url_meta":{"origin":28666,"position":1},"title":"Roger Machado, ex-t\u00e9cnico do Gr\u00eamio e sem curr\u00edculo, vira objeto do desejo no Atl\u00e9tico-MG, Fluminense e Palmeiras","author":"Luiz Ant\u00f4nio Pr\u00f3speri","date":"28 de novembro de 2016","format":false,"excerpt":"Roger Machado apareceu como t\u00e9cnico de time grande no ano passado, ao substituir Felip\u00e3o no Gr\u00eamio na primeira rodada do Brasileir\u00e3o de 2015. Fez um bom campeonato e levou o clube ga\u00facho \u00e0 Copa Libertadores. Na temporada de 2016, n\u00e3o foi campe\u00e3o estadual, vacilou na metade do campeonato nacional e\u2026","rel":"","context":"Em &quot;Campeonato Brasileiro&quot;","block_context":{"text":"Campeonato Brasileiro","link":"https:\/\/blogdoprosperi.com\/?cat=355071"},"img":{"alt_text":"","src":"https:\/\/i0.wp.com\/blogdoprosperi.com\/wp-content\/uploads\/2016\/11\/17424185.jpg?resize=350%2C200&ssl=1","width":350,"height":200,"srcset":"https:\/\/i0.wp.com\/blogdoprosperi.com\/wp-content\/uploads\/2016\/11\/17424185.jpg?resize=350%2C200&ssl=1 1x, https:\/\/i0.wp.com\/blogdoprosperi.com\/wp-content\/uploads\/2016\/11\/17424185.jpg?resize=525%2C300&ssl=1 1.5x"},"classes":[]},{"id":30965,"url":"https:\/\/blogdoprosperi.com\/?p=30965","url_meta":{"origin":28666,"position":2},"title":"S\u00e3o Paulo pulveriza Corinthians, ca\u00e7a fantasmas do rebaixamento e afunda rival na crise","author":"Luiz Ant\u00f4nio Pr\u00f3speri","date":"5 de novembro de 2016","format":false,"excerpt":"S\u00e3o Paulo pulverizou Corinthians no Morumbi. Sem susto, com autoridade, venceu por 4 a 0 diante de de quase 54 mil torcedores. Ao esmagar o carrasco das \u00faltimas temporadas, o Tricolor tamb\u00e9m se livra da zona de rebaixamento do Brasileir\u00e3o e ganha tempo para analisar a enorme quantidade de erros\u2026","rel":"","context":"Em &quot;Campeonato Brasileiro&quot;","block_context":{"text":"Campeonato Brasileiro","link":"https:\/\/blogdoprosperi.com\/?cat=355071"},"img":{"alt_text":"","src":"https:\/\/i0.wp.com\/blogdoprosperi.com\/wp-content\/uploads\/2016\/11\/c.jpg?resize=350%2C200&ssl=1","width":350,"height":200,"srcset":"https:\/\/i0.wp.com\/blogdoprosperi.com\/wp-content\/uploads\/2016\/11\/c.jpg?resize=350%2C200&ssl=1 1x, https:\/\/i0.wp.com\/blogdoprosperi.com\/wp-content\/uploads\/2016\/11\/c.jpg?resize=525%2C300&ssl=1 1.5x"},"classes":[]},{"id":36842,"url":"https:\/\/blogdoprosperi.com\/?p=36842","url_meta":{"origin":28666,"position":3},"title":"Cuca diz que n\u00e3o sai do Palmeiras, Mano n\u00e3o sabe se fica no Cruzeiro, mercado de treinadores em ebuli\u00e7\u00e3o","author":"Luiz Ant\u00f4nio Pr\u00f3speri","date":"5 de outubro de 2017","format":false,"excerpt":"Cuca disse em entrevista coletiva nesta quarta-feira (04\/10) que sua sa\u00edda do Palmeiras no fim do ano \u00e9 especula\u00e7\u00e3o. Alexandre Kalil, ex-presidente do Atl\u00e9tico-MG e atual prefeito de Belo Horizonte, n\u00e3o se furta a elogiar Cuca, com quem trabalhou na conquista da Libertadores de 2013. Refor\u00e7ou sua admira\u00e7\u00e3o ao t\u00e9cnico\u2026","rel":"","context":"Em &quot;futebol&quot;","block_context":{"text":"futebol","link":"https:\/\/blogdoprosperi.com\/?cat=53870"},"img":{"alt_text":"","src":"https:\/\/i0.wp.com\/blogdoprosperi.com\/wp-content\/uploads\/2017\/07\/35849784906_fa75c7f2eb_z.jpg?fit=640%2C379&ssl=1&resize=350%2C200","width":350,"height":200,"srcset":"https:\/\/i0.wp.com\/blogdoprosperi.com\/wp-content\/uploads\/2017\/07\/35849784906_fa75c7f2eb_z.jpg?fit=640%2C379&ssl=1&resize=350%2C200 1x, https:\/\/i0.wp.com\/blogdoprosperi.com\/wp-content\/uploads\/2017\/07\/35849784906_fa75c7f2eb_z.jpg?fit=640%2C379&ssl=1&resize=525%2C300 1.5x"},"classes":[]},{"id":32929,"url":"https:\/\/blogdoprosperi.com\/?p=32929","url_meta":{"origin":28666,"position":4},"title":"S\u00e3o Paulo demite Ricardo Gomes e abre as portas a Rogerio Ceni","author":"Luiz Ant\u00f4nio Pr\u00f3speri","date":"23 de novembro de 2016","format":false,"excerpt":"\u00a0 S\u00e3o Paulo demitiu Ricardo Gomes nesta quarta-feira quando teve certeza de que o time n\u00e3o seria rebaixado \u00e0 S\u00e9rie B. A matem\u00e1tica dos pontos fechou com a derrota do Inter ao Corinthians - clube ga\u00facho pode alcan\u00e7ar no m\u00e1ximo 45 pontos nas duas \u00faltimas rodadas, S\u00e3o Paulo j\u00e1 tem\u2026","rel":"","context":"Em &quot;futebol&quot;","block_context":{"text":"futebol","link":"https:\/\/blogdoprosperi.com\/?cat=53870"},"img":{"alt_text":"rogerio_ceni_sao_paulo-284752-511562fbca901","src":"https:\/\/i0.wp.com\/blogdoprosperi.com\/wp-content\/uploads\/2016\/10\/rogerio_ceni_sao_paulo-284752-511562fbca901.jpg?resize=350%2C200&ssl=1","width":350,"height":200,"srcset":"https:\/\/i0.wp.com\/blogdoprosperi.com\/wp-content\/uploads\/2016\/10\/rogerio_ceni_sao_paulo-284752-511562fbca901.jpg?resize=350%2C200&ssl=1 1x, https:\/\/i0.wp.com\/blogdoprosperi.com\/wp-content\/uploads\/2016\/10\/rogerio_ceni_sao_paulo-284752-511562fbca901.jpg?resize=525%2C300&ssl=1 1.5x, https:\/\/i0.wp.com\/blogdoprosperi.com\/wp-content\/uploads\/2016\/10\/rogerio_ceni_sao_paulo-284752-511562fbca901.jpg?resize=700%2C400&ssl=1 2x"},"classes":[]},{"id":32804,"url":"https:\/\/blogdoprosperi.com\/?p=32804","url_meta":{"origin":28666,"position":5},"title":"Corinthians abafa crise e empurra Internacional ao fundo do fosso","author":"Luiz Ant\u00f4nio Pr\u00f3speri","date":"21 de novembro de 2016","format":false,"excerpt":"Corinthians se reconcilia com sua gente ao se impor diante do invertebrado Internacional. A vit\u00f3ria por 1 a 0 serve como ant\u00eddoto contra a crise e, sob olhar da torcida com sede de vingan\u00e7a, ajuda a destro\u00e7ar ainda mais o time ga\u00facho - um gigante encomendado \u00e0 S\u00e9rie B de\u2026","rel":"","context":"Em &quot;Campeonato Brasileiro&quot;","block_context":{"text":"Campeonato Brasileiro","link":"https:\/\/blogdoprosperi.com\/?cat=355071"},"img":{"alt_text":"","src":"https:\/\/i0.wp.com\/blogdoprosperi.com\/wp-content\/uploads\/2016\/11\/rib1659-1.jpg?resize=350%2C200&ssl=1","width":350,"height":200,"srcset":"https:\/\/i0.wp.com\/blogdoprosperi.com\/wp-content\/uploads\/2016\/11\/rib1659-1.jpg?resize=350%2C200&ssl=1 1x, https:\/\/i0.wp.com\/blogdoprosperi.com\/wp-content\/uploads\/2016\/11\/rib1659-1.jpg?resize=525%2C300&ssl=1 1.5x, https:\/\/i0.wp.com\/blogdoprosperi.com\/wp-content\/uploads\/2016\/11\/rib1659-1.jpg?resize=700%2C400&ssl=1 2x"},"classes":[]}],"jetpack_featured_media_url":"","_links":{"self":[{"href":"https:\/\/blogdoprosperi.com\/index.php?rest_route=\/wp\/v2\/posts\/28666","targetHints":{"allow":["GET"]}}],"collection":[{"href":"https:\/\/blogdoprosperi.com\/index.php?rest_route=\/wp\/v2\/posts"}],"about":[{"href":"https:\/\/blogdoprosperi.com\/index.php?rest_route=\/wp\/v2\/types\/post"}],"author":[{"embeddable":true,"href":"https:\/\/blogdoprosperi.com\/index.php?rest_route=\/wp\/v2\/users\/102107496"}],"replies":[{"embeddable":true,"href":"https:\/\/blogdoprosperi.com\/index.php?rest_route=%2Fwp%2Fv2%2Fcomments&post=28666"}],"version-history":[{"count":25,"href":"https:\/\/blogdoprosperi.com\/index.php?rest_route=\/wp\/v2\/posts\/28666\/revisions"}],"predecessor-version":[{"id":28714,"href":"https:\/\/blogdoprosperi.com\/index.php?rest_route=\/wp\/v2\/posts\/28666\/revisions\/28714"}],"wp:attachment":[{"href":"https:\/\/blogdoprosperi.com\/index.php?rest_route=%2Fwp%2Fv2%2Fmedia&parent=28666"}],"wp:term":[{"taxonomy":"category","embeddable":true,"href":"https:\/\/blogdoprosperi.com\/index.php?rest_route=%2Fwp%2Fv2%2Fcategories&post=28666"},{"taxonomy":"post_tag","embeddable":true,"href":"https:\/\/blogdoprosperi.com\/index.php?rest_route=%2Fwp%2Fv2%2Ftags&post=28666"}],"curies":[{"name":"wp","href":"https:\/\/api.w.org\/{rel}","templated":true}]}}