{"id":28930,"date":"2016-10-16T23:46:34","date_gmt":"2016-10-17T01:46:34","guid":{"rendered":"http:\/\/blogdoprosperi.com\/?p=28930"},"modified":"2016-10-16T23:54:57","modified_gmt":"2016-10-17T01:54:57","slug":"corinthians-continua-sem-paz-mesmo-com-boa-estreia-de-oswaldo-de-oliveira","status":"publish","type":"post","link":"https:\/\/blogdoprosperi.com\/?p=28930","title":{"rendered":"Corinthians continua sem paz, mesmo com boa estreia de Oswaldo de Oliveira"},"content":{"rendered":"<p><span class=\"alignnone\"><img data-recalc-dims=\"1\" loading=\"lazy\" decoding=\"async\" data-attachment-id=\"28985\" data-permalink=\"https:\/\/blogdoprosperi.com\/?attachment_id=28985\" data-orig-file=\"https:\/\/i0.wp.com\/blogdoprosperi.com\/wp-content\/uploads\/2016\/10\/14641983_1219033991469124_3527616525457942072_n.jpg?fit=960%2C640&amp;ssl=1\" data-orig-size=\"960,640\" data-comments-opened=\"1\" data-image-meta=\"{&quot;aperture&quot;:&quot;0&quot;,&quot;credit&quot;:&quot;Rodrigo Gazzanel \/ Ag\\u00eancia Cori&quot;,&quot;camera&quot;:&quot;&quot;,&quot;caption&quot;:&quot;&quot;,&quot;created_timestamp&quot;:&quot;0&quot;,&quot;copyright&quot;:&quot;Rodrigo Gazzanel \/ Ag\\u00eancia Corinthians&quot;,&quot;focal_length&quot;:&quot;0&quot;,&quot;iso&quot;:&quot;0&quot;,&quot;shutter_speed&quot;:&quot;0&quot;,&quot;title&quot;:&quot;&quot;,&quot;orientation&quot;:&quot;0&quot;}\" data-image-title=\"14641983_1219033991469124_3527616525457942072_n\" data-image-description=\"\" data-image-caption=\"\" data-large-file=\"https:\/\/i0.wp.com\/blogdoprosperi.com\/wp-content\/uploads\/2016\/10\/14641983_1219033991469124_3527616525457942072_n.jpg?fit=940%2C627&amp;ssl=1\" class=\"alignnone size-full wp-image-28985\" src=\"https:\/\/i0.wp.com\/blogdoprosperi.com\/wp-content\/uploads\/2016\/10\/14641983_1219033991469124_3527616525457942072_n.jpg?resize=940%2C627&#038;ssl=1\" alt=\"14641983_1219033991469124_3527616525457942072_n\" width=\"940\" height=\"627\" \/><\/span><\/p>\n<p>Corinthians se acalma dentro de campo com a vit\u00f3ria diante do lanterna Am\u00e9rica-MG. Evidente que n\u00e3o fez mais do que a obriga\u00e7\u00e3o, ao jogar em casa contra o pior time do campeonato. Mas a tranquilidade aparente vem da estreia sem sobressaltos de Oswaldo de Oliveira. Treinador rejeitado pela torcida teria de recome\u00e7ar sua hist\u00f3ria no clube sem sofrer. Funcionou. Na quarta-feira, em Minas, ter\u00e1 um duro teste contra o Cruzeiro valendo vaga nas quartas de final da Copa do Brasil &#8211; no jogo de ida Corinthians venceu por 2 a 1. Se avan\u00e7ar,<a href=\"http:\/\/blogdoprosperi.com\/2016\/10\/15\/corinthians-sao-paulo-inter-quando-o-passado-me-condena\/\"> Oswaldo vai ganhar alguns cr\u00e9ditos com a Fiel e tocar sua vida<\/a>. Enquanto isso, bastidores no clube fervem.<!--more--><\/p>\n<p>De novidade nessa vit\u00f3ria por 2 a 0 contra o Am\u00e9rica, algumas mudan\u00e7as for\u00e7adas ao Oswaldo escalar Williams desde o in\u00edcio da partida e um ataque com Romero e Guilherme, os tr\u00eas contestados pela torcida nos \u00faltimos jogos. Valia tudo diante do lanterna.<\/p>\n<p>O primeiro gol n\u00e3o demorou a sair. Romero, com passe de Guilherme, marcou aos 16 minutos. Era confirma\u00e7\u00e3o de que o <a href=\"http:\/\/blogdoprosperi.com\/2016\/10\/12\/corinthians-cria-vergonha-derrota-vice-lanterna-e-se-entrega-a-oswaldo-de-oliveira\/\">Corinthians <\/a>teria o amplo dom\u00ednio do jogo. E ficou claro com o belo gol de Rodriguinho, aos 38, com outro passe de Guilherme, o carimbo definitivo de que o time de Minas n\u00e3o teria a menor chance.<\/p>\n<div class=\"jetpack-video-wrapper\"><span class=\"embed-youtube\" style=\"text-align:center; display: block;\"><iframe loading=\"lazy\" class=\"youtube-player\" width=\"560\" height=\"315\" src=\"https:\/\/www.youtube.com\/embed\/ECDPtgfhaNY?version=3&#038;rel=1&#038;showsearch=0&#038;showinfo=1&#038;iv_load_policy=1&#038;fs=1&#038;hl=pt-BR&#038;autohide=2&#038;wmode=transparent\" allowfullscreen=\"true\" style=\"border:0;\" sandbox=\"allow-scripts allow-same-origin allow-popups allow-presentation allow-popups-to-escape-sandbox\"><\/iframe><\/span><\/div>\n<p>No segundo tempo, o jogo foi um replay do primeiro. Time de Oswaldo n\u00e3o perdia as r\u00e9deas da partida, criava chance de gol e, por falta de capricho, deixava de ampliar a vantagem no marcador.<\/p>\n<p>Ao apito final, Oswaldo ressaltou a for\u00e7a coletiva do Corinthians. Em nenhum momento, os jogadores amoleceram. Segundo o treinador, houve extrema colabora\u00e7\u00e3o entre todos em nome do time.<\/p>\n<p><span class=\"alignnone\"><img data-recalc-dims=\"1\" loading=\"lazy\" decoding=\"async\" data-attachment-id=\"28989\" data-permalink=\"https:\/\/blogdoprosperi.com\/?attachment_id=28989\" data-orig-file=\"https:\/\/i0.wp.com\/blogdoprosperi.com\/wp-content\/uploads\/2016\/10\/corinthians_venceu_america-mg_por_2_a_0_o7.jpg?fit=614%2C409&amp;ssl=1\" data-orig-size=\"614,409\" data-comments-opened=\"1\" data-image-meta=\"{&quot;aperture&quot;:&quot;0&quot;,&quot;credit&quot;:&quot;&quot;,&quot;camera&quot;:&quot;&quot;,&quot;caption&quot;:&quot;&quot;,&quot;created_timestamp&quot;:&quot;0&quot;,&quot;copyright&quot;:&quot;&quot;,&quot;focal_length&quot;:&quot;0&quot;,&quot;iso&quot;:&quot;0&quot;,&quot;shutter_speed&quot;:&quot;0&quot;,&quot;title&quot;:&quot;&quot;,&quot;orientation&quot;:&quot;0&quot;}\" data-image-title=\"corinthians_venceu_america-mg_por_2_a_0_o7\" data-image-description=\"\" data-image-caption=\"\" data-large-file=\"https:\/\/i0.wp.com\/blogdoprosperi.com\/wp-content\/uploads\/2016\/10\/corinthians_venceu_america-mg_por_2_a_0_o7.jpg?fit=614%2C409&amp;ssl=1\" class=\"alignnone size-full wp-image-28989\" src=\"https:\/\/i0.wp.com\/blogdoprosperi.com\/wp-content\/uploads\/2016\/10\/corinthians_venceu_america-mg_por_2_a_0_o7.jpg?resize=614%2C409&#038;ssl=1\" alt=\"corinthians_venceu_america-mg_por_2_a_0_o7\" width=\"614\" height=\"409\" \/><\/span><\/p>\n<p>Sem um grupo qualificado e jogadores de pouca envergadura t\u00e9cnica, o novo velho treinador detectou que pode sonhar com algo mais precioso se fortalecer o chamado &#8220;coletivo&#8221;. Pode ser um caminho para quem andava \u00e0 deriva.<\/p>\n<p>Se o <a href=\"http:\/\/blogdoprosperi.com\/2016\/10\/01\/corinthians-afunda-e-obriga-dirigentes-a-buscar-novo-treinador\/\">presidente Roberto Andrade apaziguar a pol\u00edtica do clube<\/a>, dentro do seu grupo que est\u00e1 no poder desde 2007, Corinthians pode salvar este fim de temporada com uma vaga na Libertadores.<\/p>\n<p>N\u00e3o vai ser f\u00e1cil. Veja o que disse o ex-presidente Andr\u00e9s Sanchez, homem forte no clube, neste domingo \u00e0 noite:<\/p>\n<blockquote><p>&#8220;Estou decepcionado (com Roberto Andrade). Por exemplo, o diretor de futebol (Edu Ferreira) n\u00e3o saber quem ia ser o treinador (contrata\u00e7\u00e3o de Oswaldo de Oliveira) e ficar sabendo pela imprensa. O presidente tem de fazer pol\u00edtica e tem de conversar com o s\u00f3cio, atender o conselheiro. Tem de dar aten\u00e7\u00e3o, mesmo falando n\u00e3o.O Edu Ferreira, que falaram que brigou ou rachou, era diretor de futebol. Se contrata um treinador e ele fica sabendo pela imprensa, \u00f3bvio que tem de sair. O Corinthians perdeu um grande diretor de futebol e uma grande pessoa, que estava ajudando muito o futebol e poderia ajudar muito o Oswaldo. Erros de comunica\u00e7\u00f5es levaram a isso&#8221;, disse Andr\u00e9s no Mesa Redonda da TV Gazeta.<\/p><\/blockquote>\n<p><strong>FICHA DO JOGO<\/strong><\/p>\n<p><strong>Corinthians 2 x 0 Am\u00e9rica-MG<\/strong><\/p>\n<p><strong>Gols<\/strong>: Romero, aos 16; e Rodriguinho, aos 38 do primeiro tempo.<\/p>\n<p><strong>Corinthians:<\/strong>\u00a0 Walter; Fagner, Pedro Henrique, Balbuena e Uendel; Willians, Rodriguinho, Giovanni Augusto (Marciel), Romero e Marlone (Rildo); Guilherme (Lucca).\u00a0<strong>T\u00e9cnico:<\/strong>\u00a0Oswaldo de Oliveira<\/p>\n<p><strong>Am\u00e9rica-MG:<\/strong>\u00a0Jo\u00e3o Ricardo; Jonas, \u00c9der Lima, Messias e Gilson (Savio); Leandro Guerreiro, Juninho (Christian), Ernandes e Tony; Nixon (Danilo) e Osman.<strong>T\u00e9cnico:<\/strong>\u00a0Enderson Moreira<\/p>\n<p><strong>Juiz:<\/strong>\u00a0Dewson Fernando Freitas da Silva<br \/>\n<strong>Cart\u00f5es amarelos:<\/strong>\u00a0Giovanni Augusto e Pedro Henrique e Tony.<br \/>\n<strong>Renda:<\/strong> R$ 1.285.798,00<br \/>\n<strong>P\u00fablico:<\/strong> 25.741 pagantes<br \/>\n<strong>Local:<\/strong> Itaquer\u00e3o<\/p>\n","protected":false},"excerpt":{"rendered":"<p>Corinthians se acalma dentro de campo com a vit\u00f3ria diante do lanterna Am\u00e9rica-MG. Evidente que n\u00e3o fez mais [&hellip;]<\/p>\n","protected":false},"author":102107496,"featured_media":0,"comment_status":"open","ping_status":"open","sticky":false,"template":"","format":"standard","meta":{"_coblocks_attr":"","_coblocks_dimensions":"","_coblocks_responsive_height":"","_coblocks_accordion_ie_support":"","wpai_generated_summary":"","_jetpack_newsletter_access":"","_jetpack_dont_email_post_to_subs":false,"_jetpack_newsletter_tier_id":0,"_jetpack_memberships_contains_paywalled_content":false,"_wpcom_ai_launchpad_first_post":false,"_jetpack_feature_clip_id":0,"_jetpack_memberships_contains_paid_content":false,"footnotes":"","jetpack_publicize_message":"","jetpack_publicize_feature_enabled":true,"jetpack_social_post_already_shared":false,"jetpack_social_options":{"image_generator_settings":{"template":"highway","default_image_id":0,"font":"","enabled":false},"version":2},"jetpack_post_was_ever_published":false},"categories":[355071,53870],"tags":[2113440,177066,543443758,789560560,6217,3044757],"class_list":["post-28930","post","type-post","status-publish","format-standard","hentry","category-campeonato-brasileiro","category-futebol","tag-andres-sanchez","tag-corinthians","tag-corinthians-2-x-0-america-mg","tag-futebol","tag-futebol-brasileiro","tag-oswaldo-de-oliveira"],"yoast_head":"<!-- This site is optimized with the Yoast SEO plugin v28.4 - https:\/\/yoast.com\/product\/yoast-seo-wordpress\/ -->\n<title>Corinthians continua sem paz, mesmo com boa estreia de Oswaldo de Oliveira - PR\u00d3SPERI NEWS<\/title>\n<meta name=\"robots\" content=\"index, follow, max-snippet:-1, max-image-preview:large, max-video-preview:-1\" \/>\n<link rel=\"canonical\" href=\"https:\/\/blogdoprosperi.com\/?p=28930\" \/>\n<meta property=\"og:locale\" content=\"pt_BR\" \/>\n<meta property=\"og:type\" content=\"article\" \/>\n<meta property=\"og:title\" content=\"Corinthians continua sem paz, mesmo com boa estreia de Oswaldo de Oliveira - PR\u00d3SPERI NEWS\" \/>\n<meta property=\"og:description\" content=\"Corinthians se acalma dentro de campo com a vit\u00f3ria diante do lanterna Am\u00e9rica-MG. Evidente que n\u00e3o fez mais [&hellip;]\" \/>\n<meta property=\"og:url\" content=\"https:\/\/blogdoprosperi.com\/?p=28930\" \/>\n<meta property=\"og:site_name\" content=\"PR\u00d3SPERI NEWS\" \/>\n<meta property=\"article:publisher\" content=\"Luiz Pr\u00f3speri\" \/>\n<meta property=\"article:author\" content=\"Luiz Pr\u00f3speri\" \/>\n<meta property=\"article:published_time\" content=\"2016-10-17T01:46:34+00:00\" \/>\n<meta property=\"article:modified_time\" content=\"2016-10-17T01:54:57+00:00\" \/>\n<meta property=\"og:image\" content=\"https:\/\/blogdoprosperi.com\/wp-content\/uploads\/2016\/10\/14641983_1219033991469124_3527616525457942072_n.jpg\" \/>\n<meta name=\"author\" content=\"Luiz Ant\u00f4nio Pr\u00f3speri\" \/>\n<meta name=\"twitter:card\" content=\"summary_large_image\" \/>\n<meta name=\"twitter:creator\" content=\"@Luizprosperi\" \/>\n<meta name=\"twitter:site\" content=\"@Luizprosperi\" \/>\n<meta name=\"twitter:label1\" content=\"Escrito por\" \/>\n\t<meta name=\"twitter:data1\" content=\"Luiz Ant\u00f4nio Pr\u00f3speri\" \/>\n\t<meta name=\"twitter:label2\" content=\"Est. tempo de leitura\" \/>\n\t<meta name=\"twitter:data2\" content=\"3 minutos\" \/>\n<script type=\"application\/ld+json\" class=\"yoast-schema-graph\">{\"@context\":\"https:\\\/\\\/schema.org\",\"@graph\":[{\"@type\":\"Article\",\"@id\":\"https:\\\/\\\/blogdoprosperi.com\\\/?p=28930#article\",\"isPartOf\":{\"@id\":\"https:\\\/\\\/blogdoprosperi.com\\\/?p=28930\"},\"author\":{\"name\":\"Luiz Ant\u00f4nio Pr\u00f3speri\",\"@id\":\"https:\\\/\\\/blogdoprosperi.com\\\/#\\\/schema\\\/person\\\/38100755ce3601861ee4fab9b5aa78e9\"},\"headline\":\"Corinthians continua sem paz, mesmo com boa estreia de Oswaldo de Oliveira\",\"datePublished\":\"2016-10-17T01:46:34+00:00\",\"dateModified\":\"2016-10-17T01:54:57+00:00\",\"mainEntityOfPage\":{\"@id\":\"https:\\\/\\\/blogdoprosperi.com\\\/?p=28930\"},\"wordCount\":623,\"commentCount\":2,\"publisher\":{\"@id\":\"https:\\\/\\\/blogdoprosperi.com\\\/#\\\/schema\\\/person\\\/38100755ce3601861ee4fab9b5aa78e9\"},\"image\":{\"@id\":\"https:\\\/\\\/blogdoprosperi.com\\\/?p=28930#primaryimage\"},\"thumbnailUrl\":\"https:\\\/\\\/blogdoprosperi.com\\\/wp-content\\\/uploads\\\/2016\\\/10\\\/14641983_1219033991469124_3527616525457942072_n.jpg\",\"keywords\":[\"Andr\u00e9s Sanchez\",\"Corinthians\",\"Corinthians 2 x 0 Am\u00e9rica-MG\",\"futebol\",\"Futebol brasileiro\",\"Oswaldo de Oliveira\"],\"articleSection\":[\"Campeonato Brasileiro\",\"futebol\"],\"inLanguage\":\"pt-BR\",\"potentialAction\":[{\"@type\":\"CommentAction\",\"name\":\"Comment\",\"target\":[\"https:\\\/\\\/blogdoprosperi.com\\\/?p=28930#respond\"]}]},{\"@type\":\"WebPage\",\"@id\":\"https:\\\/\\\/blogdoprosperi.com\\\/?p=28930\",\"url\":\"https:\\\/\\\/blogdoprosperi.com\\\/?p=28930\",\"name\":\"Corinthians continua sem paz, mesmo com boa estreia de Oswaldo de Oliveira - PR\u00d3SPERI NEWS\",\"isPartOf\":{\"@id\":\"https:\\\/\\\/blogdoprosperi.com\\\/#website\"},\"primaryImageOfPage\":{\"@id\":\"https:\\\/\\\/blogdoprosperi.com\\\/?p=28930#primaryimage\"},\"image\":{\"@id\":\"https:\\\/\\\/blogdoprosperi.com\\\/?p=28930#primaryimage\"},\"thumbnailUrl\":\"https:\\\/\\\/blogdoprosperi.com\\\/wp-content\\\/uploads\\\/2016\\\/10\\\/14641983_1219033991469124_3527616525457942072_n.jpg\",\"datePublished\":\"2016-10-17T01:46:34+00:00\",\"dateModified\":\"2016-10-17T01:54:57+00:00\",\"breadcrumb\":{\"@id\":\"https:\\\/\\\/blogdoprosperi.com\\\/?p=28930#breadcrumb\"},\"inLanguage\":\"pt-BR\",\"potentialAction\":[{\"@type\":\"ReadAction\",\"target\":[\"https:\\\/\\\/blogdoprosperi.com\\\/?p=28930\"]}]},{\"@type\":\"ImageObject\",\"inLanguage\":\"pt-BR\",\"@id\":\"https:\\\/\\\/blogdoprosperi.com\\\/?p=28930#primaryimage\",\"url\":\"https:\\\/\\\/i0.wp.com\\\/blogdoprosperi.com\\\/wp-content\\\/uploads\\\/2016\\\/10\\\/14641983_1219033991469124_3527616525457942072_n.jpg?fit=960%2C640&ssl=1\",\"contentUrl\":\"https:\\\/\\\/i0.wp.com\\\/blogdoprosperi.com\\\/wp-content\\\/uploads\\\/2016\\\/10\\\/14641983_1219033991469124_3527616525457942072_n.jpg?fit=960%2C640&ssl=1\",\"width\":960,\"height\":640},{\"@type\":\"BreadcrumbList\",\"@id\":\"https:\\\/\\\/blogdoprosperi.com\\\/?p=28930#breadcrumb\",\"itemListElement\":[{\"@type\":\"ListItem\",\"position\":1,\"name\":\"In\u00edcio\",\"item\":\"https:\\\/\\\/blogdoprosperi.com\\\/\"},{\"@type\":\"ListItem\",\"position\":2,\"name\":\"Corinthians continua sem paz, mesmo com boa estreia de Oswaldo de Oliveira\"}]},{\"@type\":\"WebSite\",\"@id\":\"https:\\\/\\\/blogdoprosperi.com\\\/#website\",\"url\":\"https:\\\/\\\/blogdoprosperi.com\\\/\",\"name\":\"PR\u00d3SPERI NEWS\",\"description\":\"TUDO \u00c9  FUTEBOL\",\"publisher\":{\"@id\":\"https:\\\/\\\/blogdoprosperi.com\\\/#\\\/schema\\\/person\\\/38100755ce3601861ee4fab9b5aa78e9\"},\"alternateName\":\"blogdoprosperi.com\",\"potentialAction\":[{\"@type\":\"SearchAction\",\"target\":{\"@type\":\"EntryPoint\",\"urlTemplate\":\"https:\\\/\\\/blogdoprosperi.com\\\/?s={search_term_string}\"},\"query-input\":{\"@type\":\"PropertyValueSpecification\",\"valueRequired\":true,\"valueName\":\"search_term_string\"}}],\"inLanguage\":\"pt-BR\"},{\"@type\":[\"Person\",\"Organization\"],\"@id\":\"https:\\\/\\\/blogdoprosperi.com\\\/#\\\/schema\\\/person\\\/38100755ce3601861ee4fab9b5aa78e9\",\"name\":\"Luiz Ant\u00f4nio Pr\u00f3speri\",\"pronouns\":\"ele\",\"image\":{\"@type\":\"ImageObject\",\"inLanguage\":\"pt-BR\",\"@id\":\"https:\\\/\\\/i0.wp.com\\\/blogdoprosperi.com\\\/wp-content\\\/uploads\\\/2026\\\/05\\\/cropped-8059e613-6002-42fa-961e-8e275f575d71-2-5.jpg?fit=1360%2C931&ssl=1\",\"url\":\"https:\\\/\\\/i0.wp.com\\\/blogdoprosperi.com\\\/wp-content\\\/uploads\\\/2026\\\/05\\\/cropped-8059e613-6002-42fa-961e-8e275f575d71-2-5.jpg?fit=1360%2C931&ssl=1\",\"contentUrl\":\"https:\\\/\\\/i0.wp.com\\\/blogdoprosperi.com\\\/wp-content\\\/uploads\\\/2026\\\/05\\\/cropped-8059e613-6002-42fa-961e-8e275f575d71-2-5.jpg?fit=1360%2C931&ssl=1\",\"width\":1360,\"height\":931,\"caption\":\"Luiz Ant\u00f4nio Pr\u00f3speri\"},\"logo\":{\"@id\":\"https:\\\/\\\/i0.wp.com\\\/blogdoprosperi.com\\\/wp-content\\\/uploads\\\/2026\\\/05\\\/cropped-8059e613-6002-42fa-961e-8e275f575d71-2-5.jpg?fit=1360%2C931&ssl=1\"},\"description\":\"Jornalista com carreira dedicada ao esporte. Cobriu 9 Copas do Mundo in loco, 1990 na It\u00e1lia, 1994 nos EUA, 1998 na Fran\u00e7a, 2002 na Coreia do Sul e Jap\u00e3o, 2006 na Alemanha, 2010 na \u00c1frica do Sul, 2014 no Brasil, 2018 na R\u00fassia e 2022 no Qatar. Eurocopas, 1992 na Su\u00e9cia e 1996 na Inglaterra. Copa das Confedera\u00e7\u00f5es de 2005 na Alemanha e 2009 na \u00c1frica do Sul. Rep\u00f3rter e Editor, trabalhou no Jornal da Tarde e Estad\u00e3o, de 1984 a fevereiro de 2016. Colunista, blogueiro. E comentarista de futebol na R\u00e1dio Estad\u00e3o, de 2013 a fevereiro de 2016. Jornalista respons\u00e1vel do \\\"Pr\u00f3speri News\\\" (blogdoprosperi.com).\",\"sameAs\":[\"http:\\\/\\\/blogdoprosperi.com\",\"Luiz Pr\u00f3speri\",\"@luiz_prosperi\",\"https:\\\/\\\/x.com\\\/Luizprosperi\",\"@prosperinacopa\",\"luiz.prosperi@icloud.com\"],\"url\":\"https:\\\/\\\/blogdoprosperi.com\\\/?author=102107496\"}]}<\/script>\n<!-- \/ Yoast SEO plugin. -->","yoast_head_json":{"title":"Corinthians continua sem paz, mesmo com boa estreia de Oswaldo de Oliveira - PR\u00d3SPERI NEWS","robots":{"index":"index","follow":"follow","max-snippet":"max-snippet:-1","max-image-preview":"max-image-preview:large","max-video-preview":"max-video-preview:-1"},"canonical":"https:\/\/blogdoprosperi.com\/?p=28930","og_locale":"pt_BR","og_type":"article","og_title":"Corinthians continua sem paz, mesmo com boa estreia de Oswaldo de Oliveira - PR\u00d3SPERI NEWS","og_description":"Corinthians se acalma dentro de campo com a vit\u00f3ria diante do lanterna Am\u00e9rica-MG. Evidente que n\u00e3o fez mais [&hellip;]","og_url":"https:\/\/blogdoprosperi.com\/?p=28930","og_site_name":"PR\u00d3SPERI NEWS","article_publisher":"Luiz Pr\u00f3speri","article_author":"Luiz Pr\u00f3speri","article_published_time":"2016-10-17T01:46:34+00:00","article_modified_time":"2016-10-17T01:54:57+00:00","og_image":[{"url":"https:\/\/blogdoprosperi.com\/wp-content\/uploads\/2016\/10\/14641983_1219033991469124_3527616525457942072_n.jpg","type":"","width":"","height":""}],"author":"Luiz Ant\u00f4nio Pr\u00f3speri","twitter_card":"summary_large_image","twitter_creator":"@Luizprosperi","twitter_site":"@Luizprosperi","twitter_misc":{"Escrito por":"Luiz Ant\u00f4nio Pr\u00f3speri","Est. tempo de leitura":"3 minutos"},"schema":{"@context":"https:\/\/schema.org","@graph":[{"@type":"Article","@id":"https:\/\/blogdoprosperi.com\/?p=28930#article","isPartOf":{"@id":"https:\/\/blogdoprosperi.com\/?p=28930"},"author":{"name":"Luiz Ant\u00f4nio Pr\u00f3speri","@id":"https:\/\/blogdoprosperi.com\/#\/schema\/person\/38100755ce3601861ee4fab9b5aa78e9"},"headline":"Corinthians continua sem paz, mesmo com boa estreia de Oswaldo de Oliveira","datePublished":"2016-10-17T01:46:34+00:00","dateModified":"2016-10-17T01:54:57+00:00","mainEntityOfPage":{"@id":"https:\/\/blogdoprosperi.com\/?p=28930"},"wordCount":623,"commentCount":2,"publisher":{"@id":"https:\/\/blogdoprosperi.com\/#\/schema\/person\/38100755ce3601861ee4fab9b5aa78e9"},"image":{"@id":"https:\/\/blogdoprosperi.com\/?p=28930#primaryimage"},"thumbnailUrl":"https:\/\/blogdoprosperi.com\/wp-content\/uploads\/2016\/10\/14641983_1219033991469124_3527616525457942072_n.jpg","keywords":["Andr\u00e9s Sanchez","Corinthians","Corinthians 2 x 0 Am\u00e9rica-MG","futebol","Futebol brasileiro","Oswaldo de Oliveira"],"articleSection":["Campeonato Brasileiro","futebol"],"inLanguage":"pt-BR","potentialAction":[{"@type":"CommentAction","name":"Comment","target":["https:\/\/blogdoprosperi.com\/?p=28930#respond"]}]},{"@type":"WebPage","@id":"https:\/\/blogdoprosperi.com\/?p=28930","url":"https:\/\/blogdoprosperi.com\/?p=28930","name":"Corinthians continua sem paz, mesmo com boa estreia de Oswaldo de Oliveira - PR\u00d3SPERI NEWS","isPartOf":{"@id":"https:\/\/blogdoprosperi.com\/#website"},"primaryImageOfPage":{"@id":"https:\/\/blogdoprosperi.com\/?p=28930#primaryimage"},"image":{"@id":"https:\/\/blogdoprosperi.com\/?p=28930#primaryimage"},"thumbnailUrl":"https:\/\/blogdoprosperi.com\/wp-content\/uploads\/2016\/10\/14641983_1219033991469124_3527616525457942072_n.jpg","datePublished":"2016-10-17T01:46:34+00:00","dateModified":"2016-10-17T01:54:57+00:00","breadcrumb":{"@id":"https:\/\/blogdoprosperi.com\/?p=28930#breadcrumb"},"inLanguage":"pt-BR","potentialAction":[{"@type":"ReadAction","target":["https:\/\/blogdoprosperi.com\/?p=28930"]}]},{"@type":"ImageObject","inLanguage":"pt-BR","@id":"https:\/\/blogdoprosperi.com\/?p=28930#primaryimage","url":"https:\/\/i0.wp.com\/blogdoprosperi.com\/wp-content\/uploads\/2016\/10\/14641983_1219033991469124_3527616525457942072_n.jpg?fit=960%2C640&ssl=1","contentUrl":"https:\/\/i0.wp.com\/blogdoprosperi.com\/wp-content\/uploads\/2016\/10\/14641983_1219033991469124_3527616525457942072_n.jpg?fit=960%2C640&ssl=1","width":960,"height":640},{"@type":"BreadcrumbList","@id":"https:\/\/blogdoprosperi.com\/?p=28930#breadcrumb","itemListElement":[{"@type":"ListItem","position":1,"name":"In\u00edcio","item":"https:\/\/blogdoprosperi.com\/"},{"@type":"ListItem","position":2,"name":"Corinthians continua sem paz, mesmo com boa estreia de Oswaldo de Oliveira"}]},{"@type":"WebSite","@id":"https:\/\/blogdoprosperi.com\/#website","url":"https:\/\/blogdoprosperi.com\/","name":"PR\u00d3SPERI NEWS","description":"TUDO \u00c9  FUTEBOL","publisher":{"@id":"https:\/\/blogdoprosperi.com\/#\/schema\/person\/38100755ce3601861ee4fab9b5aa78e9"},"alternateName":"blogdoprosperi.com","potentialAction":[{"@type":"SearchAction","target":{"@type":"EntryPoint","urlTemplate":"https:\/\/blogdoprosperi.com\/?s={search_term_string}"},"query-input":{"@type":"PropertyValueSpecification","valueRequired":true,"valueName":"search_term_string"}}],"inLanguage":"pt-BR"},{"@type":["Person","Organization"],"@id":"https:\/\/blogdoprosperi.com\/#\/schema\/person\/38100755ce3601861ee4fab9b5aa78e9","name":"Luiz Ant\u00f4nio Pr\u00f3speri","pronouns":"ele","image":{"@type":"ImageObject","inLanguage":"pt-BR","@id":"https:\/\/i0.wp.com\/blogdoprosperi.com\/wp-content\/uploads\/2026\/05\/cropped-8059e613-6002-42fa-961e-8e275f575d71-2-5.jpg?fit=1360%2C931&ssl=1","url":"https:\/\/i0.wp.com\/blogdoprosperi.com\/wp-content\/uploads\/2026\/05\/cropped-8059e613-6002-42fa-961e-8e275f575d71-2-5.jpg?fit=1360%2C931&ssl=1","contentUrl":"https:\/\/i0.wp.com\/blogdoprosperi.com\/wp-content\/uploads\/2026\/05\/cropped-8059e613-6002-42fa-961e-8e275f575d71-2-5.jpg?fit=1360%2C931&ssl=1","width":1360,"height":931,"caption":"Luiz Ant\u00f4nio Pr\u00f3speri"},"logo":{"@id":"https:\/\/i0.wp.com\/blogdoprosperi.com\/wp-content\/uploads\/2026\/05\/cropped-8059e613-6002-42fa-961e-8e275f575d71-2-5.jpg?fit=1360%2C931&ssl=1"},"description":"Jornalista com carreira dedicada ao esporte. Cobriu 9 Copas do Mundo in loco, 1990 na It\u00e1lia, 1994 nos EUA, 1998 na Fran\u00e7a, 2002 na Coreia do Sul e Jap\u00e3o, 2006 na Alemanha, 2010 na \u00c1frica do Sul, 2014 no Brasil, 2018 na R\u00fassia e 2022 no Qatar. Eurocopas, 1992 na Su\u00e9cia e 1996 na Inglaterra. Copa das Confedera\u00e7\u00f5es de 2005 na Alemanha e 2009 na \u00c1frica do Sul. Rep\u00f3rter e Editor, trabalhou no Jornal da Tarde e Estad\u00e3o, de 1984 a fevereiro de 2016. Colunista, blogueiro. E comentarista de futebol na R\u00e1dio Estad\u00e3o, de 2013 a fevereiro de 2016. Jornalista respons\u00e1vel do \"Pr\u00f3speri News\" (blogdoprosperi.com).","sameAs":["http:\/\/blogdoprosperi.com","Luiz Pr\u00f3speri","@luiz_prosperi","https:\/\/x.com\/Luizprosperi","@prosperinacopa","luiz.prosperi@icloud.com"],"url":"https:\/\/blogdoprosperi.com\/?author=102107496"}]}},"jetpack_publicize_connections":[],"jetpack_likes_enabled":false,"jetpack_sharing_enabled":true,"jetpack_shortlink":"https:\/\/wp.me\/p7jvdk-7wC","jetpack-related-posts":[{"id":32611,"url":"https:\/\/blogdoprosperi.com\/?p=32611","url_meta":{"origin":28930,"position":0},"title":"Corinthians atrasa sal\u00e1rios, joga mal e ainda tem chance de se salvar do desastre na temporada","author":"Luiz Ant\u00f4nio Pr\u00f3speri","date":"17 de novembro de 2016","format":false,"excerpt":"Time tem de conquistar vaga na Libertadores e pensar grande em 2017. J\u00f4, novo refor\u00e7o, tem tudo para dar certo e virar \u00eddolo","rel":"","context":"Em &quot;Campeonato Brasileiro&quot;","block_context":{"text":"Campeonato Brasileiro","link":"https:\/\/blogdoprosperi.com\/?cat=355071"},"img":{"alt_text":"","src":"https:\/\/i0.wp.com\/blogdoprosperi.com\/wp-content\/uploads\/2016\/11\/oswaldo-de-andrade-corinthians-x-america-mg-16102016_1wraotehtvmw1165rudsdupqw.jpg?resize=350%2C200&ssl=1","width":350,"height":200,"srcset":"https:\/\/i0.wp.com\/blogdoprosperi.com\/wp-content\/uploads\/2016\/11\/oswaldo-de-andrade-corinthians-x-america-mg-16102016_1wraotehtvmw1165rudsdupqw.jpg?resize=350%2C200&ssl=1 1x, https:\/\/i0.wp.com\/blogdoprosperi.com\/wp-content\/uploads\/2016\/11\/oswaldo-de-andrade-corinthians-x-america-mg-16102016_1wraotehtvmw1165rudsdupqw.jpg?resize=525%2C300&ssl=1 1.5x"},"classes":[]},{"id":28241,"url":"https:\/\/blogdoprosperi.com\/?p=28241","url_meta":{"origin":28930,"position":1},"title":"Entenda como o Corinthians n\u00e3o deve se iludir com Oswaldo de Oliveira","author":"Luiz Ant\u00f4nio Pr\u00f3speri","date":"12 de outubro de 2016","format":false,"excerpt":"Oswaldo de Oliveira assume o Corinthians nesta quinta-feira (13\/10), um dia depois de deixar o Sport \u00e0 beira da zona de rebaixamento do Brasileir\u00e3o com a derrota por 3 a 0 para a Chapecoense. Em baixa na carreira, \u00e9 de se perguntar o que Oswaldo vai fazer nesta sua volta\u2026","rel":"","context":"Em &quot;Campeonato Brasileiro&quot;","block_context":{"text":"Campeonato Brasileiro","link":"https:\/\/blogdoprosperi.com\/?cat=355071"},"img":{"alt_text":"","src":"https:\/\/i0.wp.com\/blogdoprosperi.com\/wp-content\/uploads\/2016\/10\/22.jpg?resize=350%2C200","width":350,"height":200,"srcset":"https:\/\/i0.wp.com\/blogdoprosperi.com\/wp-content\/uploads\/2016\/10\/22.jpg?resize=350%2C200 1x, https:\/\/i0.wp.com\/blogdoprosperi.com\/wp-content\/uploads\/2016\/10\/22.jpg?resize=525%2C300 1.5x"},"classes":[]},{"id":33921,"url":"https:\/\/blogdoprosperi.com\/?p=33921","url_meta":{"origin":28930,"position":2},"title":"Corinthians paga por sua incompet\u00eancia e fica fora da Libertadores; Inter \u00e9 rebaixado e \u00e1rbitro preenche a s\u00famula mais triste do futebol na Arena Cond\u00e1","author":"Luiz Ant\u00f4nio Pr\u00f3speri","date":"11 de dezembro de 2016","format":false,"excerpt":"Brasileir\u00e3o 2016 chega ao fim com o Corinthians fora da Copa Libertadores e o Internacional rebaixado pela primeira vez \u00e0 S\u00e9rie B. Homenagens \u00e0 Chapecoense, algumas de muita emo\u00e7\u00e3o, tomaram conta da \u00faltima rodada neste domingo (11\/12). Fora da Libertadores, Corinthians vai perder or\u00e7amento na temporada de 2017 e, como\u2026","rel":"","context":"Em &quot;Campeonato Brasileiro&quot;","block_context":{"text":"Campeonato Brasileiro","link":"https:\/\/blogdoprosperi.com\/?cat=355071"},"img":{"alt_text":"","src":"https:\/\/i0.wp.com\/blogdoprosperi.com\/wp-content\/uploads\/2016\/12\/622_d5d5b987-b486-3603-b996-a2dd444d6823.jpg?resize=350%2C200&ssl=1","width":350,"height":200,"srcset":"https:\/\/i0.wp.com\/blogdoprosperi.com\/wp-content\/uploads\/2016\/12\/622_d5d5b987-b486-3603-b996-a2dd444d6823.jpg?resize=350%2C200&ssl=1 1x, https:\/\/i0.wp.com\/blogdoprosperi.com\/wp-content\/uploads\/2016\/12\/622_d5d5b987-b486-3603-b996-a2dd444d6823.jpg?resize=525%2C300&ssl=1 1.5x"},"classes":[]},{"id":32804,"url":"https:\/\/blogdoprosperi.com\/?p=32804","url_meta":{"origin":28930,"position":3},"title":"Corinthians abafa crise e empurra Internacional ao fundo do fosso","author":"Luiz Ant\u00f4nio Pr\u00f3speri","date":"21 de novembro de 2016","format":false,"excerpt":"Corinthians se reconcilia com sua gente ao se impor diante do invertebrado Internacional. A vit\u00f3ria por 1 a 0 serve como ant\u00eddoto contra a crise e, sob olhar da torcida com sede de vingan\u00e7a, ajuda a destro\u00e7ar ainda mais o time ga\u00facho - um gigante encomendado \u00e0 S\u00e9rie B de\u2026","rel":"","context":"Em &quot;Campeonato Brasileiro&quot;","block_context":{"text":"Campeonato Brasileiro","link":"https:\/\/blogdoprosperi.com\/?cat=355071"},"img":{"alt_text":"","src":"https:\/\/i0.wp.com\/blogdoprosperi.com\/wp-content\/uploads\/2016\/11\/rib1659-1.jpg?resize=350%2C200&ssl=1","width":350,"height":200,"srcset":"https:\/\/i0.wp.com\/blogdoprosperi.com\/wp-content\/uploads\/2016\/11\/rib1659-1.jpg?resize=350%2C200&ssl=1 1x, https:\/\/i0.wp.com\/blogdoprosperi.com\/wp-content\/uploads\/2016\/11\/rib1659-1.jpg?resize=525%2C300&ssl=1 1.5x, https:\/\/i0.wp.com\/blogdoprosperi.com\/wp-content\/uploads\/2016\/11\/rib1659-1.jpg?resize=700%2C400&ssl=1 2x"},"classes":[]},{"id":33117,"url":"https:\/\/blogdoprosperi.com\/?p=33117","url_meta":{"origin":28930,"position":4},"title":"Corinthians n\u00e3o carimba vaga na Libertadores e v\u00ea sua torcida perder a paci\u00eancia no Itaquer\u00e3o","author":"Luiz Ant\u00f4nio Pr\u00f3speri","date":"26 de novembro de 2016","format":false,"excerpt":"Corinthians n\u00e3o teve compet\u00eancia para garantir vaga na Copa Libertadores nesta pen\u00faltima rodada do Brasileir\u00e3o. Em casa, diante de pouco mais de 24 mil torcedores, mostrou mesmos problemas dos \u00faltimos jogos no empate por 0 a 0 contra o Atl\u00e9tico-PR. O ataque n\u00e3o tem for\u00e7a nem poder de decis\u00e3o. O\u2026","rel":"","context":"Em &quot;Campeonato Brasileiro&quot;","block_context":{"text":"Campeonato Brasileiro","link":"https:\/\/blogdoprosperi.com\/?cat=355071"},"img":{"alt_text":"","src":"https:\/\/i0.wp.com\/blogdoprosperi.com\/wp-content\/uploads\/2016\/11\/dsc0936.jpg?resize=350%2C200&ssl=1","width":350,"height":200,"srcset":"https:\/\/i0.wp.com\/blogdoprosperi.com\/wp-content\/uploads\/2016\/11\/dsc0936.jpg?resize=350%2C200&ssl=1 1x, https:\/\/i0.wp.com\/blogdoprosperi.com\/wp-content\/uploads\/2016\/11\/dsc0936.jpg?resize=525%2C300&ssl=1 1.5x"},"classes":[]},{"id":6644,"url":"https:\/\/blogdoprosperi.com\/?p=6644","url_meta":{"origin":28930,"position":5},"title":"Cinco an\u00e1lises de futebol para voc\u00ea ler nesta sexta-feira (20\/5) antes de dormir","author":"Luiz Ant\u00f4nio Pr\u00f3speri","date":"21 de maio de 2016","format":false,"excerpt":"No meio da tarde desta sexta-feira (20\/5), o Atl\u00e9tico-MG anunciou a contrata\u00e7\u00e3o do t\u00e9cnico Marcelo Oliveira, ex-Palmeiras e Cruzeiro. Ainda em Minas, o treinador portugu\u00eas Paulo Bento faz sua estreia no Cruzeiro, neste s\u00e1bado, no Mineir\u00e3o. Em S\u00e3o Paulo, alguns jogadores do Corinthians estranharam a obriga\u00e7\u00e3o de dar explica\u00e7\u00f5es \u00e0\u2026","rel":"","context":"Em &quot;Campeonato Brasileiro&quot;","block_context":{"text":"Campeonato Brasileiro","link":"https:\/\/blogdoprosperi.com\/?cat=355071"},"img":{"alt_text":"24984734501_4a4c3cb056_o","src":"https:\/\/i0.wp.com\/blogdoprosperi.com\/wp-content\/uploads\/2016\/04\/24984734501_4a4c3cb056_o.jpg?resize=350%2C200&ssl=1","width":350,"height":200,"srcset":"https:\/\/i0.wp.com\/blogdoprosperi.com\/wp-content\/uploads\/2016\/04\/24984734501_4a4c3cb056_o.jpg?resize=350%2C200&ssl=1 1x, https:\/\/i0.wp.com\/blogdoprosperi.com\/wp-content\/uploads\/2016\/04\/24984734501_4a4c3cb056_o.jpg?resize=525%2C300&ssl=1 1.5x"},"classes":[]}],"jetpack_featured_media_url":"","_links":{"self":[{"href":"https:\/\/blogdoprosperi.com\/index.php?rest_route=\/wp\/v2\/posts\/28930","targetHints":{"allow":["GET"]}}],"collection":[{"href":"https:\/\/blogdoprosperi.com\/index.php?rest_route=\/wp\/v2\/posts"}],"about":[{"href":"https:\/\/blogdoprosperi.com\/index.php?rest_route=\/wp\/v2\/types\/post"}],"author":[{"embeddable":true,"href":"https:\/\/blogdoprosperi.com\/index.php?rest_route=\/wp\/v2\/users\/102107496"}],"replies":[{"embeddable":true,"href":"https:\/\/blogdoprosperi.com\/index.php?rest_route=%2Fwp%2Fv2%2Fcomments&post=28930"}],"version-history":[{"count":25,"href":"https:\/\/blogdoprosperi.com\/index.php?rest_route=\/wp\/v2\/posts\/28930\/revisions"}],"predecessor-version":[{"id":28991,"href":"https:\/\/blogdoprosperi.com\/index.php?rest_route=\/wp\/v2\/posts\/28930\/revisions\/28991"}],"wp:attachment":[{"href":"https:\/\/blogdoprosperi.com\/index.php?rest_route=%2Fwp%2Fv2%2Fmedia&parent=28930"}],"wp:term":[{"taxonomy":"category","embeddable":true,"href":"https:\/\/blogdoprosperi.com\/index.php?rest_route=%2Fwp%2Fv2%2Fcategories&post=28930"},{"taxonomy":"post_tag","embeddable":true,"href":"https:\/\/blogdoprosperi.com\/index.php?rest_route=%2Fwp%2Fv2%2Ftags&post=28930"}],"curies":[{"name":"wp","href":"https:\/\/api.w.org\/{rel}","templated":true}]}}