{"id":29363,"date":"2016-10-20T00:19:07","date_gmt":"2016-10-20T02:19:07","guid":{"rendered":"http:\/\/blogdoprosperi.com\/?p=29363"},"modified":"2016-10-20T00:24:51","modified_gmt":"2016-10-20T02:24:51","slug":"palmeiras-se-despede-da-copa-do-brasil-com-erro-de-allione-e-pode-seguir-roteiro-do-corinthians-de-2015","status":"publish","type":"post","link":"https:\/\/blogdoprosperi.com\/?p=29363","title":{"rendered":"Palmeiras se despede da Copa do Brasil, com erro de Allione, e pode seguir roteiro do Corinthians de 2015"},"content":{"rendered":"<p><span class=\"alignnone\"><img data-recalc-dims=\"1\" loading=\"lazy\" decoding=\"async\" data-attachment-id=\"29400\" data-permalink=\"https:\/\/blogdoprosperi.com\/?attachment_id=29400\" data-orig-file=\"https:\/\/i0.wp.com\/blogdoprosperi.com\/wp-content\/uploads\/2016\/10\/fd11b8a6a37da6aeb84ca38528fbda9d.jpg?fit=1920%2C1080&amp;ssl=1\" data-orig-size=\"1920,1080\" data-comments-opened=\"1\" data-image-meta=\"{&quot;aperture&quot;:&quot;2.8&quot;,&quot;credit&quot;:&quot;Lucas Uebel&quot;,&quot;camera&quot;:&quot;Canon EOS-1D Mark IV&quot;,&quot;caption&quot;:&quot;RS - FUTEBOL\/COPADO BRASIL 2016\/GREMIO X PALMEIRAS - ESPORTES - Lance da partida entre Gremio e Palmeiras disputada na noite desta quarta-feira, na Arena Palmeiras em Sao Paulo, valida pelas quartas de final da Copa do Brasil 2016. FOTO: LUCAS UEBEL\/GREMIO FBPA&quot;,&quot;created_timestamp&quot;:&quot;1476919654&quot;,&quot;copyright&quot;:&quot;23FEB10 Lucas uebel\\nAll Rights Reserved. Editorial use only.\\nMay not reproduced without prior written autorization.&quot;,&quot;focal_length&quot;:&quot;300&quot;,&quot;iso&quot;:&quot;1600&quot;,&quot;shutter_speed&quot;:&quot;0.0008&quot;,&quot;title&quot;:&quot;&quot;,&quot;orientation&quot;:&quot;1&quot;}\" data-image-title=\"fd11b8a6a37da6aeb84ca38528fbda9d\" data-image-description=\"\" data-image-caption=\"&lt;p&gt;RS &amp;#8211; FUTEBOL\/COPADO BRASIL 2016\/GREMIO X PALMEIRAS &amp;#8211; ESPORTES &amp;#8211; Lance da partida entre Gremio e Palmeiras disputada na noite desta quarta-feira, na Arena Palmeiras em Sao Paulo, valida pelas quartas de final da Copa do Brasil 2016. FOTO: LUCAS UEBEL\/GREMIO FBPA&lt;\/p&gt;\n\" data-large-file=\"https:\/\/i0.wp.com\/blogdoprosperi.com\/wp-content\/uploads\/2016\/10\/fd11b8a6a37da6aeb84ca38528fbda9d.jpg?fit=940%2C529&amp;ssl=1\" class=\"alignnone size-full wp-image-29400\" src=\"https:\/\/i0.wp.com\/blogdoprosperi.com\/wp-content\/uploads\/2016\/10\/fd11b8a6a37da6aeb84ca38528fbda9d.jpg?resize=940%2C529&#038;ssl=1\" alt=\"fd11b8a6a37da6aeb84ca38528fbda9d.jpg\" width=\"940\" height=\"529\" \/><\/span>Palmeiras tem estrada livre em busca do t\u00edtulo do Brasileir\u00e3o ao ser eliminado na Copa do Brasil diante do Gr\u00eamio. Muito se vai falar da expuls\u00e3o de Allione, aos 25 minutos do segundo tempo, como a causa da queda. At\u00e9 o argentino levar o vermelho, time de Cuca vencia por 1 a 0 e estava classificado. Quando ficou com um a menos, cedeu o empate (1 a 1) aos ga\u00fachos e se despediu do torneio. Allione \u00e9 mesmo o \u00fanico culpado? \u00a0Parece que n\u00e3o. Cuca usou um punhado de reservas, mesmo com a necessidade de reverter a derrota (2 a 1), uma sinaliza\u00e7\u00e3o de que a prioridade \u00e9 o Campeonato Brasileiro.<\/p>\n<p><!--more--><\/p>\n<p>Se a Copa do Brasil, na vis\u00e3o da comiss\u00e3o t\u00e9cnica, estava sem segundo plano n\u00e3o se pode direcionar todas as flechas a Allione, infeliz ao dar um carrinho violento em Everton. O argentino cometeu erro grave, prejudicou seu time, mas n\u00e3o foi o \u00fanico respons\u00e1vel pela queda.<\/p>\n<p>No primeiro tempo, quando jogou bem melhor que o Gr\u00eamio, Palmeiras teve a chance de abrir pelo menos dois gols de frente e perdeu por falta de capricho no arremate final &#8211; com o pr\u00f3prio Allione e Cleiton Xavier. N\u00e3o marcou e levou a ang\u00fastia ao segundo tempo.<\/p>\n<figure id=\"attachment_29397\" aria-describedby=\"caption-attachment-29397\" style=\"width: 615px\" class=\"wp-caption alignnone\"><img data-recalc-dims=\"1\" loading=\"lazy\" decoding=\"async\" data-attachment-id=\"29397\" data-permalink=\"https:\/\/blogdoprosperi.com\/?attachment_id=29397\" data-orig-file=\"https:\/\/i0.wp.com\/blogdoprosperi.com\/wp-content\/uploads\/2016\/10\/thiago-martins-comemora-gol-marcado-pelo-palmeiras-contra-o-gremio-1476926049166_615x300.jpg?fit=615%2C300&amp;ssl=1\" data-orig-size=\"615,300\" data-comments-opened=\"1\" data-image-meta=\"{&quot;aperture&quot;:&quot;0&quot;,&quot;credit&quot;:&quot;&quot;,&quot;camera&quot;:&quot;&quot;,&quot;caption&quot;:&quot;&quot;,&quot;created_timestamp&quot;:&quot;0&quot;,&quot;copyright&quot;:&quot;&quot;,&quot;focal_length&quot;:&quot;0&quot;,&quot;iso&quot;:&quot;0&quot;,&quot;shutter_speed&quot;:&quot;0&quot;,&quot;title&quot;:&quot;&quot;,&quot;orientation&quot;:&quot;0&quot;}\" data-image-title=\"thiago-martins-comemora-gol-marcado-pelo-palmeiras-contra-o-gremio-1476926049166_615x300\" data-image-description=\"\" data-image-caption=\"\" data-large-file=\"https:\/\/i0.wp.com\/blogdoprosperi.com\/wp-content\/uploads\/2016\/10\/thiago-martins-comemora-gol-marcado-pelo-palmeiras-contra-o-gremio-1476926049166_615x300.jpg?fit=615%2C300&amp;ssl=1\" class=\"alignnone size-full wp-image-29397\" src=\"https:\/\/i0.wp.com\/blogdoprosperi.com\/wp-content\/uploads\/2016\/10\/thiago-martins-comemora-gol-marcado-pelo-palmeiras-contra-o-gremio-1476926049166_615x300.jpg?resize=615%2C300&#038;ssl=1\" alt=\"thiago-martins-comemora-gol-marcado-pelo-palmeiras-contra-o-gremio-1476926049166_615x300\" width=\"615\" height=\"300\" \/><figcaption id=\"caption-attachment-29397\" class=\"wp-caption-text\">Allione e Thiago Mattins comemoram gol do zagueiro<\/figcaption><\/figure>\n<p>Thiago Martins, em jogada a\u00e9rea, deu esperan\u00e7a com belo gol de cabe\u00e7a, com apenas 5 minutos. Dali para frente era chamar o Gr\u00eamio e matar o jogo no contra-ataque. Arapuca armada, Allione perdeu o ju\u00edzo. O time ga\u00facho, com um mais, veio para cima e empatou com Everton, aos 30. Estava selada a elimina\u00e7\u00e3o do Palmeiras.<\/p>\n<p>Sem a Copa do Brasil, apesar da fartura no elenco, time de Cuca joga as \u00faltimas sete rodadas do Brasileir\u00e3o mais pressionado ainda a ser campe\u00e3o. Na temporada passada, Corinthians seguiu esse roteiro, ao ser eliminado em casa pelo Santos na Copa, e depois vencer com folga o Brasileir\u00e3o. Essa hist\u00f3ria j\u00e1 foi contada, o Palmeiras est\u00e1 muito perto de repetir o mesmo enredo.<\/p>\n<p>Detalhe importante: o gramado do Allianz Parque estava um pasto e, se n\u00e3o derem um jeito, pode prejudicar o time na reta final do Brasileir\u00e3o. N\u00e3o por acaso, Cuca bateu duro nos respons\u00e1veis pelo cuidado com a grama.<\/p>\n<p><strong>FICHA DO JOGO<\/strong><\/p>\n<p><strong>Palmeiras 1 x 1 Gr\u00eamio<\/strong><\/p>\n<p><strong>Gols:\u00a0<\/strong>Thiago Martins, aos 5; e Everton, aos 30 minutos do segundo tempo<\/p>\n<p><strong>Palmeiras:\u00a0<\/strong>Jailson; Fabiano (Jean), Edu Dracena, Thiago Martins\u00a0e Eg\u00eddio; Thiago Santos, Gabriel e Cleiton Xavier (Erik); Allione, Gabriel Jesus e Lucas Barrios (Z\u00e9 Roberto).\u00a0<strong>T\u00e9cnico:<\/strong>\u00a0Cuca<\/p>\n<p><strong>Gr\u00eamio:\u00a0<\/strong>Bruno Grassi (L\u00e9o); Ed\u00edlson, Pedro Geromel, Kannemann e Marcelo Oliveira; Walace, Maicon, Ramiro (Miller Bola\u00f1os), Douglas e Pedro Rocha (Everton); Luan.\u00a0<strong>T\u00e9cnico:<\/strong>\u00a0Renato Ga\u00facho<\/p>\n<p><strong>Juiz:<\/strong>\u00a0Elmo Alves Resende Cunha<br \/>\n<strong>P\u00fablico:\u00a0<\/strong>29.991 pagantes<br \/>\n<strong>Renda:\u00a0<\/strong>R$ 1.697.841,08<br \/>\n<strong>Cart\u00f5es Amarelos:\u00a0<\/strong>Ed\u00edlson, Douglas, Pedro Ceromel e Everton, Edu Dracena<br \/>\n<strong>Cart\u00f5es Vermelho:\u00a0<\/strong>Allione<br \/>\n<strong>Local:<\/strong> Allianz Parque<\/p>\n","protected":false},"excerpt":{"rendered":"<p>Palmeiras tem estrada livre em busca do t\u00edtulo do Brasileir\u00e3o ao ser eliminado na Copa do Brasil diante [&hellip;]<\/p>\n","protected":false},"author":102107496,"featured_media":0,"comment_status":"open","ping_status":"open","sticky":false,"template":"","format":"standard","meta":{"_coblocks_attr":"","_coblocks_dimensions":"","_coblocks_responsive_height":"","_coblocks_accordion_ie_support":"","_jetpack_newsletter_access":"","_jetpack_dont_email_post_to_subs":false,"_jetpack_newsletter_tier_id":0,"_jetpack_memberships_contains_paywalled_content":false,"_wpcom_ai_launchpad_first_post":false,"_jetpack_feature_clip_id":0,"_jetpack_memberships_contains_paid_content":false,"footnotes":"","jetpack_publicize_message":"","jetpack_publicize_feature_enabled":true,"jetpack_social_post_already_shared":false,"jetpack_social_options":{"image_generator_settings":{"template":"highway","default_image_id":0,"font":"","enabled":false},"version":2},"jetpack_post_was_ever_published":false},"categories":[53870],"tags":[12895531,789560570,789560560,205210,23712897,8328841],"class_list":["post-29363","post","type-post","status-publish","format-standard","hentry","category-futebol","tag-allione","tag-copa-do-brasil","tag-futebol","tag-gremio","tag-palmeiras-1-x-1-gremio","tag-palmeiras-clube"],"yoast_head":"<!-- This site is optimized with the Yoast SEO plugin v28.3 - https:\/\/yoast.com\/product\/yoast-seo-wordpress\/ -->\n<title>Palmeiras se despede da Copa do Brasil, com erro de Allione, e pode seguir roteiro do Corinthians de 2015 - PR\u00d3SPERI NEWS<\/title>\n<meta name=\"robots\" content=\"index, follow, max-snippet:-1, max-image-preview:large, max-video-preview:-1\" \/>\n<link rel=\"canonical\" href=\"https:\/\/blogdoprosperi.com\/?p=29363\" \/>\n<meta property=\"og:locale\" content=\"pt_BR\" \/>\n<meta property=\"og:type\" content=\"article\" \/>\n<meta property=\"og:title\" content=\"Palmeiras se despede da Copa do Brasil, com erro de Allione, e pode seguir roteiro do Corinthians de 2015 - PR\u00d3SPERI NEWS\" \/>\n<meta property=\"og:description\" content=\"Palmeiras tem estrada livre em busca do t\u00edtulo do Brasileir\u00e3o ao ser eliminado na Copa do Brasil diante [&hellip;]\" \/>\n<meta property=\"og:url\" content=\"https:\/\/blogdoprosperi.com\/?p=29363\" \/>\n<meta property=\"og:site_name\" content=\"PR\u00d3SPERI NEWS\" \/>\n<meta property=\"article:publisher\" content=\"Luiz Pr\u00f3speri\" \/>\n<meta property=\"article:author\" content=\"Luiz Pr\u00f3speri\" \/>\n<meta property=\"article:published_time\" content=\"2016-10-20T02:19:07+00:00\" \/>\n<meta property=\"article:modified_time\" content=\"2016-10-20T02:24:51+00:00\" \/>\n<meta property=\"og:image\" content=\"https:\/\/blogdoprosperi.com\/wp-content\/uploads\/2016\/10\/fd11b8a6a37da6aeb84ca38528fbda9d.jpg\" \/>\n<meta name=\"author\" content=\"Luiz Ant\u00f4nio Pr\u00f3speri\" \/>\n<meta name=\"twitter:card\" content=\"summary_large_image\" \/>\n<meta name=\"twitter:creator\" content=\"@Luizprosperi\" \/>\n<meta name=\"twitter:site\" content=\"@Luizprosperi\" \/>\n<meta name=\"twitter:label1\" content=\"Escrito por\" \/>\n\t<meta name=\"twitter:data1\" content=\"Luiz Ant\u00f4nio Pr\u00f3speri\" \/>\n\t<meta name=\"twitter:label2\" content=\"Est. tempo de leitura\" \/>\n\t<meta name=\"twitter:data2\" content=\"3 minutos\" \/>\n<script type=\"application\/ld+json\" class=\"yoast-schema-graph\">{\"@context\":\"https:\\\/\\\/schema.org\",\"@graph\":[{\"@type\":\"Article\",\"@id\":\"https:\\\/\\\/blogdoprosperi.com\\\/?p=29363#article\",\"isPartOf\":{\"@id\":\"https:\\\/\\\/blogdoprosperi.com\\\/?p=29363\"},\"author\":{\"name\":\"Luiz Ant\u00f4nio Pr\u00f3speri\",\"@id\":\"https:\\\/\\\/blogdoprosperi.com\\\/#\\\/schema\\\/person\\\/38100755ce3601861ee4fab9b5aa78e9\"},\"headline\":\"Palmeiras se despede da Copa do Brasil, com erro de Allione, e pode seguir roteiro do Corinthians de 2015\",\"datePublished\":\"2016-10-20T02:19:07+00:00\",\"dateModified\":\"2016-10-20T02:24:51+00:00\",\"mainEntityOfPage\":{\"@id\":\"https:\\\/\\\/blogdoprosperi.com\\\/?p=29363\"},\"wordCount\":525,\"commentCount\":0,\"publisher\":{\"@id\":\"https:\\\/\\\/blogdoprosperi.com\\\/#\\\/schema\\\/person\\\/38100755ce3601861ee4fab9b5aa78e9\"},\"image\":{\"@id\":\"https:\\\/\\\/blogdoprosperi.com\\\/?p=29363#primaryimage\"},\"thumbnailUrl\":\"https:\\\/\\\/blogdoprosperi.com\\\/wp-content\\\/uploads\\\/2016\\\/10\\\/fd11b8a6a37da6aeb84ca38528fbda9d.jpg\",\"keywords\":[\"Allione\",\"Copa do Brasil\",\"futebol\",\"Gr\u00eamio\",\"Palmeiras 1 x 1 Gr\u00eamio\",\"Palmeiras Clube\"],\"articleSection\":[\"futebol\"],\"inLanguage\":\"pt-BR\",\"potentialAction\":[{\"@type\":\"CommentAction\",\"name\":\"Comment\",\"target\":[\"https:\\\/\\\/blogdoprosperi.com\\\/?p=29363#respond\"]}]},{\"@type\":\"WebPage\",\"@id\":\"https:\\\/\\\/blogdoprosperi.com\\\/?p=29363\",\"url\":\"https:\\\/\\\/blogdoprosperi.com\\\/?p=29363\",\"name\":\"Palmeiras se despede da Copa do Brasil, com erro de Allione, e pode seguir roteiro do Corinthians de 2015 - PR\u00d3SPERI NEWS\",\"isPartOf\":{\"@id\":\"https:\\\/\\\/blogdoprosperi.com\\\/#website\"},\"primaryImageOfPage\":{\"@id\":\"https:\\\/\\\/blogdoprosperi.com\\\/?p=29363#primaryimage\"},\"image\":{\"@id\":\"https:\\\/\\\/blogdoprosperi.com\\\/?p=29363#primaryimage\"},\"thumbnailUrl\":\"https:\\\/\\\/blogdoprosperi.com\\\/wp-content\\\/uploads\\\/2016\\\/10\\\/fd11b8a6a37da6aeb84ca38528fbda9d.jpg\",\"datePublished\":\"2016-10-20T02:19:07+00:00\",\"dateModified\":\"2016-10-20T02:24:51+00:00\",\"breadcrumb\":{\"@id\":\"https:\\\/\\\/blogdoprosperi.com\\\/?p=29363#breadcrumb\"},\"inLanguage\":\"pt-BR\",\"potentialAction\":[{\"@type\":\"ReadAction\",\"target\":[\"https:\\\/\\\/blogdoprosperi.com\\\/?p=29363\"]}]},{\"@type\":\"ImageObject\",\"inLanguage\":\"pt-BR\",\"@id\":\"https:\\\/\\\/blogdoprosperi.com\\\/?p=29363#primaryimage\",\"url\":\"https:\\\/\\\/i0.wp.com\\\/blogdoprosperi.com\\\/wp-content\\\/uploads\\\/2016\\\/10\\\/fd11b8a6a37da6aeb84ca38528fbda9d.jpg?fit=1920%2C1080&ssl=1\",\"contentUrl\":\"https:\\\/\\\/i0.wp.com\\\/blogdoprosperi.com\\\/wp-content\\\/uploads\\\/2016\\\/10\\\/fd11b8a6a37da6aeb84ca38528fbda9d.jpg?fit=1920%2C1080&ssl=1\",\"width\":1920,\"height\":1080,\"caption\":\"RS - FUTEBOL\\\/COPADO BRASIL 2016\\\/GREMIO X PALMEIRAS - ESPORTES - Lance da partida entre Gremio e Palmeiras disputada na noite desta quarta-feira, na Arena Palmeiras em Sao Paulo, valida pelas quartas de final da Copa do Brasil 2016. FOTO: LUCAS UEBEL\\\/GREMIO FBPA\"},{\"@type\":\"BreadcrumbList\",\"@id\":\"https:\\\/\\\/blogdoprosperi.com\\\/?p=29363#breadcrumb\",\"itemListElement\":[{\"@type\":\"ListItem\",\"position\":1,\"name\":\"In\u00edcio\",\"item\":\"https:\\\/\\\/blogdoprosperi.com\\\/\"},{\"@type\":\"ListItem\",\"position\":2,\"name\":\"Palmeiras se despede da Copa do Brasil, com erro de Allione, e pode seguir roteiro do Corinthians de 2015\"}]},{\"@type\":\"WebSite\",\"@id\":\"https:\\\/\\\/blogdoprosperi.com\\\/#website\",\"url\":\"https:\\\/\\\/blogdoprosperi.com\\\/\",\"name\":\"PR\u00d3SPERI NEWS\",\"description\":\"TUDO \u00c9  FUTEBOL\",\"publisher\":{\"@id\":\"https:\\\/\\\/blogdoprosperi.com\\\/#\\\/schema\\\/person\\\/38100755ce3601861ee4fab9b5aa78e9\"},\"alternateName\":\"blogdoprosperi.com\",\"potentialAction\":[{\"@type\":\"SearchAction\",\"target\":{\"@type\":\"EntryPoint\",\"urlTemplate\":\"https:\\\/\\\/blogdoprosperi.com\\\/?s={search_term_string}\"},\"query-input\":{\"@type\":\"PropertyValueSpecification\",\"valueRequired\":true,\"valueName\":\"search_term_string\"}}],\"inLanguage\":\"pt-BR\"},{\"@type\":[\"Person\",\"Organization\"],\"@id\":\"https:\\\/\\\/blogdoprosperi.com\\\/#\\\/schema\\\/person\\\/38100755ce3601861ee4fab9b5aa78e9\",\"name\":\"Luiz Ant\u00f4nio Pr\u00f3speri\",\"pronouns\":\"ele\",\"image\":{\"@type\":\"ImageObject\",\"inLanguage\":\"pt-BR\",\"@id\":\"https:\\\/\\\/i0.wp.com\\\/blogdoprosperi.com\\\/wp-content\\\/uploads\\\/2026\\\/05\\\/cropped-8059e613-6002-42fa-961e-8e275f575d71-2-5.jpg?fit=1360%2C931&ssl=1\",\"url\":\"https:\\\/\\\/i0.wp.com\\\/blogdoprosperi.com\\\/wp-content\\\/uploads\\\/2026\\\/05\\\/cropped-8059e613-6002-42fa-961e-8e275f575d71-2-5.jpg?fit=1360%2C931&ssl=1\",\"contentUrl\":\"https:\\\/\\\/i0.wp.com\\\/blogdoprosperi.com\\\/wp-content\\\/uploads\\\/2026\\\/05\\\/cropped-8059e613-6002-42fa-961e-8e275f575d71-2-5.jpg?fit=1360%2C931&ssl=1\",\"width\":1360,\"height\":931,\"caption\":\"Luiz Ant\u00f4nio Pr\u00f3speri\"},\"logo\":{\"@id\":\"https:\\\/\\\/i0.wp.com\\\/blogdoprosperi.com\\\/wp-content\\\/uploads\\\/2026\\\/05\\\/cropped-8059e613-6002-42fa-961e-8e275f575d71-2-5.jpg?fit=1360%2C931&ssl=1\"},\"description\":\"Jornalista com carreira dedicada ao esporte. Cobriu 9 Copas do Mundo in loco, 1990 na It\u00e1lia, 1994 nos EUA, 1998 na Fran\u00e7a, 2002 na Coreia do Sul e Jap\u00e3o, 2006 na Alemanha, 2010 na \u00c1frica do Sul, 2014 no Brasil, 2018 na R\u00fassia e 2022 no Qatar. Eurocopas, 1992 na Su\u00e9cia e 1996 na Inglaterra. Copa das Confedera\u00e7\u00f5es de 2005 na Alemanha e 2009 na \u00c1frica do Sul. Rep\u00f3rter e Editor, trabalhou no Jornal da Tarde e Estad\u00e3o, de 1984 a fevereiro de 2016. Colunista, blogueiro. E comentarista de futebol na R\u00e1dio Estad\u00e3o, de 2013 a fevereiro de 2016. Jornalista respons\u00e1vel do \\\"Pr\u00f3speri News\\\" (blogdoprosperi.com).\",\"sameAs\":[\"http:\\\/\\\/blogdoprosperi.com\",\"Luiz Pr\u00f3speri\",\"@luiz_prosperi\",\"https:\\\/\\\/x.com\\\/Luizprosperi\",\"@prosperinacopa\",\"luiz.prosperi@icloud.com\"],\"url\":\"https:\\\/\\\/blogdoprosperi.com\\\/?author=102107496\"}]}<\/script>\n<!-- \/ Yoast SEO plugin. -->","yoast_head_json":{"title":"Palmeiras se despede da Copa do Brasil, com erro de Allione, e pode seguir roteiro do Corinthians de 2015 - PR\u00d3SPERI NEWS","robots":{"index":"index","follow":"follow","max-snippet":"max-snippet:-1","max-image-preview":"max-image-preview:large","max-video-preview":"max-video-preview:-1"},"canonical":"https:\/\/blogdoprosperi.com\/?p=29363","og_locale":"pt_BR","og_type":"article","og_title":"Palmeiras se despede da Copa do Brasil, com erro de Allione, e pode seguir roteiro do Corinthians de 2015 - PR\u00d3SPERI NEWS","og_description":"Palmeiras tem estrada livre em busca do t\u00edtulo do Brasileir\u00e3o ao ser eliminado na Copa do Brasil diante [&hellip;]","og_url":"https:\/\/blogdoprosperi.com\/?p=29363","og_site_name":"PR\u00d3SPERI NEWS","article_publisher":"Luiz Pr\u00f3speri","article_author":"Luiz Pr\u00f3speri","article_published_time":"2016-10-20T02:19:07+00:00","article_modified_time":"2016-10-20T02:24:51+00:00","og_image":[{"url":"https:\/\/blogdoprosperi.com\/wp-content\/uploads\/2016\/10\/fd11b8a6a37da6aeb84ca38528fbda9d.jpg","type":"","width":"","height":""}],"author":"Luiz Ant\u00f4nio Pr\u00f3speri","twitter_card":"summary_large_image","twitter_creator":"@Luizprosperi","twitter_site":"@Luizprosperi","twitter_misc":{"Escrito por":"Luiz Ant\u00f4nio Pr\u00f3speri","Est. tempo de leitura":"3 minutos"},"schema":{"@context":"https:\/\/schema.org","@graph":[{"@type":"Article","@id":"https:\/\/blogdoprosperi.com\/?p=29363#article","isPartOf":{"@id":"https:\/\/blogdoprosperi.com\/?p=29363"},"author":{"name":"Luiz Ant\u00f4nio Pr\u00f3speri","@id":"https:\/\/blogdoprosperi.com\/#\/schema\/person\/38100755ce3601861ee4fab9b5aa78e9"},"headline":"Palmeiras se despede da Copa do Brasil, com erro de Allione, e pode seguir roteiro do Corinthians de 2015","datePublished":"2016-10-20T02:19:07+00:00","dateModified":"2016-10-20T02:24:51+00:00","mainEntityOfPage":{"@id":"https:\/\/blogdoprosperi.com\/?p=29363"},"wordCount":525,"commentCount":0,"publisher":{"@id":"https:\/\/blogdoprosperi.com\/#\/schema\/person\/38100755ce3601861ee4fab9b5aa78e9"},"image":{"@id":"https:\/\/blogdoprosperi.com\/?p=29363#primaryimage"},"thumbnailUrl":"https:\/\/blogdoprosperi.com\/wp-content\/uploads\/2016\/10\/fd11b8a6a37da6aeb84ca38528fbda9d.jpg","keywords":["Allione","Copa do Brasil","futebol","Gr\u00eamio","Palmeiras 1 x 1 Gr\u00eamio","Palmeiras Clube"],"articleSection":["futebol"],"inLanguage":"pt-BR","potentialAction":[{"@type":"CommentAction","name":"Comment","target":["https:\/\/blogdoprosperi.com\/?p=29363#respond"]}]},{"@type":"WebPage","@id":"https:\/\/blogdoprosperi.com\/?p=29363","url":"https:\/\/blogdoprosperi.com\/?p=29363","name":"Palmeiras se despede da Copa do Brasil, com erro de Allione, e pode seguir roteiro do Corinthians de 2015 - PR\u00d3SPERI NEWS","isPartOf":{"@id":"https:\/\/blogdoprosperi.com\/#website"},"primaryImageOfPage":{"@id":"https:\/\/blogdoprosperi.com\/?p=29363#primaryimage"},"image":{"@id":"https:\/\/blogdoprosperi.com\/?p=29363#primaryimage"},"thumbnailUrl":"https:\/\/blogdoprosperi.com\/wp-content\/uploads\/2016\/10\/fd11b8a6a37da6aeb84ca38528fbda9d.jpg","datePublished":"2016-10-20T02:19:07+00:00","dateModified":"2016-10-20T02:24:51+00:00","breadcrumb":{"@id":"https:\/\/blogdoprosperi.com\/?p=29363#breadcrumb"},"inLanguage":"pt-BR","potentialAction":[{"@type":"ReadAction","target":["https:\/\/blogdoprosperi.com\/?p=29363"]}]},{"@type":"ImageObject","inLanguage":"pt-BR","@id":"https:\/\/blogdoprosperi.com\/?p=29363#primaryimage","url":"https:\/\/i0.wp.com\/blogdoprosperi.com\/wp-content\/uploads\/2016\/10\/fd11b8a6a37da6aeb84ca38528fbda9d.jpg?fit=1920%2C1080&ssl=1","contentUrl":"https:\/\/i0.wp.com\/blogdoprosperi.com\/wp-content\/uploads\/2016\/10\/fd11b8a6a37da6aeb84ca38528fbda9d.jpg?fit=1920%2C1080&ssl=1","width":1920,"height":1080,"caption":"RS - FUTEBOL\/COPADO BRASIL 2016\/GREMIO X PALMEIRAS - ESPORTES - Lance da partida entre Gremio e Palmeiras disputada na noite desta quarta-feira, na Arena Palmeiras em Sao Paulo, valida pelas quartas de final da Copa do Brasil 2016. FOTO: LUCAS UEBEL\/GREMIO FBPA"},{"@type":"BreadcrumbList","@id":"https:\/\/blogdoprosperi.com\/?p=29363#breadcrumb","itemListElement":[{"@type":"ListItem","position":1,"name":"In\u00edcio","item":"https:\/\/blogdoprosperi.com\/"},{"@type":"ListItem","position":2,"name":"Palmeiras se despede da Copa do Brasil, com erro de Allione, e pode seguir roteiro do Corinthians de 2015"}]},{"@type":"WebSite","@id":"https:\/\/blogdoprosperi.com\/#website","url":"https:\/\/blogdoprosperi.com\/","name":"PR\u00d3SPERI NEWS","description":"TUDO \u00c9  FUTEBOL","publisher":{"@id":"https:\/\/blogdoprosperi.com\/#\/schema\/person\/38100755ce3601861ee4fab9b5aa78e9"},"alternateName":"blogdoprosperi.com","potentialAction":[{"@type":"SearchAction","target":{"@type":"EntryPoint","urlTemplate":"https:\/\/blogdoprosperi.com\/?s={search_term_string}"},"query-input":{"@type":"PropertyValueSpecification","valueRequired":true,"valueName":"search_term_string"}}],"inLanguage":"pt-BR"},{"@type":["Person","Organization"],"@id":"https:\/\/blogdoprosperi.com\/#\/schema\/person\/38100755ce3601861ee4fab9b5aa78e9","name":"Luiz Ant\u00f4nio Pr\u00f3speri","pronouns":"ele","image":{"@type":"ImageObject","inLanguage":"pt-BR","@id":"https:\/\/i0.wp.com\/blogdoprosperi.com\/wp-content\/uploads\/2026\/05\/cropped-8059e613-6002-42fa-961e-8e275f575d71-2-5.jpg?fit=1360%2C931&ssl=1","url":"https:\/\/i0.wp.com\/blogdoprosperi.com\/wp-content\/uploads\/2026\/05\/cropped-8059e613-6002-42fa-961e-8e275f575d71-2-5.jpg?fit=1360%2C931&ssl=1","contentUrl":"https:\/\/i0.wp.com\/blogdoprosperi.com\/wp-content\/uploads\/2026\/05\/cropped-8059e613-6002-42fa-961e-8e275f575d71-2-5.jpg?fit=1360%2C931&ssl=1","width":1360,"height":931,"caption":"Luiz Ant\u00f4nio Pr\u00f3speri"},"logo":{"@id":"https:\/\/i0.wp.com\/blogdoprosperi.com\/wp-content\/uploads\/2026\/05\/cropped-8059e613-6002-42fa-961e-8e275f575d71-2-5.jpg?fit=1360%2C931&ssl=1"},"description":"Jornalista com carreira dedicada ao esporte. Cobriu 9 Copas do Mundo in loco, 1990 na It\u00e1lia, 1994 nos EUA, 1998 na Fran\u00e7a, 2002 na Coreia do Sul e Jap\u00e3o, 2006 na Alemanha, 2010 na \u00c1frica do Sul, 2014 no Brasil, 2018 na R\u00fassia e 2022 no Qatar. Eurocopas, 1992 na Su\u00e9cia e 1996 na Inglaterra. Copa das Confedera\u00e7\u00f5es de 2005 na Alemanha e 2009 na \u00c1frica do Sul. Rep\u00f3rter e Editor, trabalhou no Jornal da Tarde e Estad\u00e3o, de 1984 a fevereiro de 2016. Colunista, blogueiro. E comentarista de futebol na R\u00e1dio Estad\u00e3o, de 2013 a fevereiro de 2016. Jornalista respons\u00e1vel do \"Pr\u00f3speri News\" (blogdoprosperi.com).","sameAs":["http:\/\/blogdoprosperi.com","Luiz Pr\u00f3speri","@luiz_prosperi","https:\/\/x.com\/Luizprosperi","@prosperinacopa","luiz.prosperi@icloud.com"],"url":"https:\/\/blogdoprosperi.com\/?author=102107496"}]}},"jetpack_publicize_connections":[],"jetpack_likes_enabled":false,"jetpack_sharing_enabled":true,"jetpack_shortlink":"https:\/\/wp.me\/p7jvdk-7DB","jetpack-related-posts":[{"id":23648,"url":"https:\/\/blogdoprosperi.com\/?p=23648","url_meta":{"origin":29363,"position":0},"title":"Palmeiras redescobre Tch\u00ea Tch\u00ea e abre vantagem na Copa do Brasil","author":"Luiz Ant\u00f4nio Pr\u00f3speri","date":"31 de agosto de 2016","format":false,"excerpt":"Palmeiras precisou de se reinventar no segundo tempo para derrotar o Botafogo da Para\u00edba por 3 a 0 e encaminhar sua classifica\u00e7\u00e3o \u00e0s quartas de final da Copa do Brasil. No jogo de volta, se classifica at\u00e9 com uma derrota por dois gols de diferen\u00e7a. Vantagem consider\u00e1vel. Do jogo, a\u2026","rel":"","context":"Em &quot;futebol&quot;","block_context":{"text":"futebol","link":"https:\/\/blogdoprosperi.com\/?cat=53870"},"img":{"alt_text":"","src":"https:\/\/i0.wp.com\/blogdoprosperi.com\/wp-content\/uploads\/2016\/08\/materiaii.jpg?resize=350%2C200&ssl=1","width":350,"height":200,"srcset":"https:\/\/i0.wp.com\/blogdoprosperi.com\/wp-content\/uploads\/2016\/08\/materiaii.jpg?resize=350%2C200&ssl=1 1x, https:\/\/i0.wp.com\/blogdoprosperi.com\/wp-content\/uploads\/2016\/08\/materiaii.jpg?resize=525%2C300&ssl=1 1.5x, https:\/\/i0.wp.com\/blogdoprosperi.com\/wp-content\/uploads\/2016\/08\/materiaii.jpg?resize=700%2C400&ssl=1 2x, https:\/\/i0.wp.com\/blogdoprosperi.com\/wp-content\/uploads\/2016\/08\/materiaii.jpg?resize=1050%2C600&ssl=1 3x, https:\/\/i0.wp.com\/blogdoprosperi.com\/wp-content\/uploads\/2016\/08\/materiaii.jpg?resize=1400%2C800&ssl=1 4x"},"classes":[]},{"id":26145,"url":"https:\/\/blogdoprosperi.com\/?p=26145","url_meta":{"origin":29363,"position":1},"title":"Reservas do Palmeiras sofrem derrota na Copa do Brasil e tiram sono de Cuca","author":"Luiz Ant\u00f4nio Pr\u00f3speri","date":"21 de setembro de 2016","format":false,"excerpt":"Reservas do Palmeiras deixaram Cuca preocupado com a derrota por 1 a 0 para o Botafogo da Para\u00edba. N\u00e3o pelo resultado em si, at\u00e9 porque a classifica\u00e7\u00e3o \u00e0s quartas de final da Copa do Brasil est\u00e1 garantida. A dor de cabe\u00e7a do treinador se deve ao baixo desempenho de alguns\u2026","rel":"","context":"Em &quot;futebol&quot;","block_context":{"text":"futebol","link":"https:\/\/blogdoprosperi.com\/?cat=53870"},"img":{"alt_text":"","src":"https:\/\/i0.wp.com\/blogdoprosperi.com\/wp-content\/uploads\/2016\/09\/elv20160921023.jpg?resize=350%2C200&ssl=1","width":350,"height":200,"srcset":"https:\/\/i0.wp.com\/blogdoprosperi.com\/wp-content\/uploads\/2016\/09\/elv20160921023.jpg?resize=350%2C200&ssl=1 1x, https:\/\/i0.wp.com\/blogdoprosperi.com\/wp-content\/uploads\/2016\/09\/elv20160921023.jpg?resize=525%2C300&ssl=1 1.5x"},"classes":[]},{"id":26829,"url":"https:\/\/blogdoprosperi.com\/?p=26829","url_meta":{"origin":29363,"position":2},"title":"Palmeiras sofre derrota confort\u00e1vel do Gr\u00eamio na Copa do Brasil","author":"Luiz Ant\u00f4nio Pr\u00f3speri","date":"29 de setembro de 2016","format":false,"excerpt":"Palmeiras n\u00e3o suportou o jogo forte do Gr\u00eamio e volta de Porto Alegre com uma derrota confort\u00e1vel por 2 a 1 nas quartas de final da Copa do Brasil. No Allianz Parque, dia 19 de outubro, avan\u00e7a \u00e0 semifinal com a vit\u00f3ria por 1 a 0. Sabedor de que pode\u2026","rel":"","context":"Em &quot;futebol&quot;","block_context":{"text":"futebol","link":"https:\/\/blogdoprosperi.com\/?cat=53870"},"img":{"alt_text":"","src":"https:\/\/i0.wp.com\/blogdoprosperi.com\/wp-content\/uploads\/2016\/09\/29912615971_797ca9f219_k.jpg?resize=350%2C200&ssl=1","width":350,"height":200,"srcset":"https:\/\/i0.wp.com\/blogdoprosperi.com\/wp-content\/uploads\/2016\/09\/29912615971_797ca9f219_k.jpg?resize=350%2C200&ssl=1 1x, https:\/\/i0.wp.com\/blogdoprosperi.com\/wp-content\/uploads\/2016\/09\/29912615971_797ca9f219_k.jpg?resize=525%2C300&ssl=1 1.5x, https:\/\/i0.wp.com\/blogdoprosperi.com\/wp-content\/uploads\/2016\/09\/29912615971_797ca9f219_k.jpg?resize=700%2C400&ssl=1 2x, https:\/\/i0.wp.com\/blogdoprosperi.com\/wp-content\/uploads\/2016\/09\/29912615971_797ca9f219_k.jpg?resize=1050%2C600&ssl=1 3x, https:\/\/i0.wp.com\/blogdoprosperi.com\/wp-content\/uploads\/2016\/09\/29912615971_797ca9f219_k.jpg?resize=1400%2C800&ssl=1 4x"},"classes":[]},{"id":29743,"url":"https:\/\/blogdoprosperi.com\/?p=29743","url_meta":{"origin":29363,"position":3},"title":"Palmeiras faz sua parte e, com ajuda do Corinthians, abre seis pontos do Flamengo","author":"Luiz Ant\u00f4nio Pr\u00f3speri","date":"23 de outubro de 2016","format":false,"excerpt":"Palmeiras superou seu fraco futebol, o p\u00e9ssimo gramado do Allianz Parque, aus\u00eancia de Gabriel Jesus e a gana do Sport neste domingo (23\/10). Sem brilho e lustro, venceu por 2 a 1 e, com ajuda do Corinthians, abriu seis pontos do vice-l\u00edder Flamengo, a seis rodadas do fim do Campeonato\u2026","rel":"","context":"Em &quot;Campeonato Brasileiro&quot;","block_context":{"text":"Campeonato Brasileiro","link":"https:\/\/blogdoprosperi.com\/?cat=355071"},"img":{"alt_text":"","src":"https:\/\/i0.wp.com\/blogdoprosperi.com\/wp-content\/uploads\/2016\/10\/pro5-242.jpg?resize=350%2C200&ssl=1","width":350,"height":200,"srcset":"https:\/\/i0.wp.com\/blogdoprosperi.com\/wp-content\/uploads\/2016\/10\/pro5-242.jpg?resize=350%2C200&ssl=1 1x, https:\/\/i0.wp.com\/blogdoprosperi.com\/wp-content\/uploads\/2016\/10\/pro5-242.jpg?resize=525%2C300&ssl=1 1.5x, https:\/\/i0.wp.com\/blogdoprosperi.com\/wp-content\/uploads\/2016\/10\/pro5-242.jpg?resize=700%2C400&ssl=1 2x, https:\/\/i0.wp.com\/blogdoprosperi.com\/wp-content\/uploads\/2016\/10\/pro5-242.jpg?resize=1050%2C600&ssl=1 3x, https:\/\/i0.wp.com\/blogdoprosperi.com\/wp-content\/uploads\/2016\/10\/pro5-242.jpg?resize=1400%2C800&ssl=1 4x"},"classes":[]},{"id":36010,"url":"https:\/\/blogdoprosperi.com\/?p=36010","url_meta":{"origin":29363,"position":4},"title":"Clubes da Libertadores se imp\u00f5em na Copa do Brasil","author":"Luiz Ant\u00f4nio Pr\u00f3speri","date":"1 de junho de 2017","format":false,"excerpt":"Sete dos oito clubes que vieram da Copa da Libertadores direto para oitavas chegaram \u00e0s quartas de final da Copa do Brasil. Gr\u00eamio, Palmeiras, Atl\u00e9tico-PR, Atl\u00e9tico-PR, Flamengo, Santos e Botafogo carimbaram a vaga. Nesta quinta-feira, a Chapecoense, que perdeu por 1 a 0 no jogo de ida, recebe o Cruzeiro\u2026","rel":"","context":"Em &quot;futebol&quot;","block_context":{"text":"futebol","link":"https:\/\/blogdoprosperi.com\/?cat=53870"},"img":{"alt_text":"","src":"https:\/\/i0.wp.com\/blogdoprosperi.com\/wp-content\/uploads\/2017\/06\/gremio_classificado.jpg?fit=500%2C333&ssl=1&resize=350%2C200","width":350,"height":200},"classes":[]},{"id":19121,"url":"https:\/\/blogdoprosperi.com\/?p=19121","url_meta":{"origin":29363,"position":5},"title":"Palmeiras ainda n\u00e3o sabe vencer sem Fernando Prass e Gabriel Jesus","author":"Luiz Ant\u00f4nio Pr\u00f3speri","date":"5 de agosto de 2016","format":false,"excerpt":"Palmeiras quebra sequ\u00eancia de duas derrotas consecutivas ao empatar por 1 a 1 com a Chapecoense e acende a esperan\u00e7a de ser campe\u00e3o do primeiro turno do Brasileir\u00e3o. Chegou ao segundo lugar com 33 pontos, mesmo n\u00famero do l\u00edder Santos e do terceiro colocado Corinthians. Tem time e uma boa\u2026","rel":"","context":"Em &quot;Campeonato Brasileiro&quot;","block_context":{"text":"Campeonato Brasileiro","link":"https:\/\/blogdoprosperi.com\/?cat=355071"},"img":{"alt_text":"","src":"https:\/\/i0.wp.com\/blogdoprosperi.com\/wp-content\/uploads\/2016\/08\/20655101.jpg?resize=350%2C200&ssl=1","width":350,"height":200,"srcset":"https:\/\/i0.wp.com\/blogdoprosperi.com\/wp-content\/uploads\/2016\/08\/20655101.jpg?resize=350%2C200&ssl=1 1x, https:\/\/i0.wp.com\/blogdoprosperi.com\/wp-content\/uploads\/2016\/08\/20655101.jpg?resize=525%2C300&ssl=1 1.5x, https:\/\/i0.wp.com\/blogdoprosperi.com\/wp-content\/uploads\/2016\/08\/20655101.jpg?resize=700%2C400&ssl=1 2x"},"classes":[]}],"jetpack_featured_media_url":"","_links":{"self":[{"href":"https:\/\/blogdoprosperi.com\/index.php?rest_route=\/wp\/v2\/posts\/29363","targetHints":{"allow":["GET"]}}],"collection":[{"href":"https:\/\/blogdoprosperi.com\/index.php?rest_route=\/wp\/v2\/posts"}],"about":[{"href":"https:\/\/blogdoprosperi.com\/index.php?rest_route=\/wp\/v2\/types\/post"}],"author":[{"embeddable":true,"href":"https:\/\/blogdoprosperi.com\/index.php?rest_route=\/wp\/v2\/users\/102107496"}],"replies":[{"embeddable":true,"href":"https:\/\/blogdoprosperi.com\/index.php?rest_route=%2Fwp%2Fv2%2Fcomments&post=29363"}],"version-history":[{"count":25,"href":"https:\/\/blogdoprosperi.com\/index.php?rest_route=\/wp\/v2\/posts\/29363\/revisions"}],"predecessor-version":[{"id":29404,"href":"https:\/\/blogdoprosperi.com\/index.php?rest_route=\/wp\/v2\/posts\/29363\/revisions\/29404"}],"wp:attachment":[{"href":"https:\/\/blogdoprosperi.com\/index.php?rest_route=%2Fwp%2Fv2%2Fmedia&parent=29363"}],"wp:term":[{"taxonomy":"category","embeddable":true,"href":"https:\/\/blogdoprosperi.com\/index.php?rest_route=%2Fwp%2Fv2%2Fcategories&post=29363"},{"taxonomy":"post_tag","embeddable":true,"href":"https:\/\/blogdoprosperi.com\/index.php?rest_route=%2Fwp%2Fv2%2Ftags&post=29363"}],"curies":[{"name":"wp","href":"https:\/\/api.w.org\/{rel}","templated":true}]}}