{"id":29457,"date":"2016-10-21T16:29:51","date_gmt":"2016-10-21T18:29:51","guid":{"rendered":"http:\/\/blogdoprosperi.com\/?p=29457"},"modified":"2016-10-22T13:09:59","modified_gmt":"2016-10-22T15:09:59","slug":"o-que-faz-lucas-lima-na-selecao-brasileira","status":"publish","type":"post","link":"https:\/\/blogdoprosperi.com\/?p=29457","title":{"rendered":"O que faz Lucas Lima na Sele\u00e7\u00e3o Brasileira?"},"content":{"rendered":"<p><span class=\"alignnone\"><img data-recalc-dims=\"1\" loading=\"lazy\" decoding=\"async\" data-attachment-id=\"29491\" data-permalink=\"https:\/\/blogdoprosperi.com\/?attachment_id=29491\" data-orig-file=\"https:\/\/i0.wp.com\/blogdoprosperi.com\/wp-content\/uploads\/2016\/10\/6k7hpd1m7e_37h9hb74i0_file.jpeg?fit=780%2C520&amp;ssl=1\" data-orig-size=\"780,520\" data-comments-opened=\"1\" data-image-meta=\"{&quot;aperture&quot;:&quot;10&quot;,&quot;credit&quot;:&quot;Ivan Storti&quot;,&quot;camera&quot;:&quot;NIKON D700&quot;,&quot;caption&quot;:&quot;LANCEPRESS! - (Brasil Out) - Santos, SP - 12.08.2015 - Foto Ivan Storti\/Lancepress! - Coletiva Lucas Lima - Local: CT Rei Pele - NF: Lucas Lima&quot;,&quot;created_timestamp&quot;:&quot;1439483215&quot;,&quot;copyright&quot;:&quot;&quot;,&quot;focal_length&quot;:&quot;18&quot;,&quot;iso&quot;:&quot;100&quot;,&quot;shutter_speed&quot;:&quot;0.004&quot;,&quot;title&quot;:&quot;&quot;,&quot;orientation&quot;:&quot;0&quot;}\" data-image-title=\"6k7hpd1m7e_37h9hb74i0_file\" data-image-description=\"\" data-image-caption=\"&lt;p&gt;LANCEPRESS! &amp;#8211; (Brasil Out) &amp;#8211; Santos, SP &amp;#8211; 12.08.2015 &amp;#8211; Foto Ivan Storti\/Lancepress! &amp;#8211; Coletiva Lucas Lima &amp;#8211; Local: CT Rei Pele &amp;#8211; NF: Lucas Lima&lt;\/p&gt;\n\" data-large-file=\"https:\/\/i0.wp.com\/blogdoprosperi.com\/wp-content\/uploads\/2016\/10\/6k7hpd1m7e_37h9hb74i0_file.jpeg?fit=780%2C520&amp;ssl=1\" class=\"alignnone size-full wp-image-29491\" src=\"https:\/\/i0.wp.com\/blogdoprosperi.com\/wp-content\/uploads\/2016\/10\/6k7hpd1m7e_37h9hb74i0_file.jpeg?resize=780%2C520&#038;ssl=1\" alt=\"6k7hpd1m7e_37h9hb74i0_file\" width=\"780\" height=\"520\" \/><\/span>Tite mandou um recado aos jogadores convocados por ele para os dois pr\u00f3ximos jogos da Sele\u00e7\u00e3o Brasileira &#8211; contra Argentina, dia 10\/11, e Peru, 15\/11, <a href=\"http:\/\/blogdoprosperi.com\/2016\/10\/11\/alo-neymar-selecao-brasileira-sabe-vencer-sem-voce\/\">rodada das Eliminat\u00f3rias da Copa de 2018. <\/a>&#8220;Arrebentem em seus clubes&#8221;, disse o treinador. S\u00f3 assim, jogando muito em seus times, poder\u00e3o se manter no escrete nacional, de acordo com o t\u00e9cnico. At\u00e9 a\u00ed, nada a acrescentar. O problema \u00e9 quando voc\u00ea olha a lista dos 24 relacionados por Tite nesta sexta-feira (21\/10) e se depara com o nome de Lucas Lima. O meia, em momento ruim no Santos, tem jogado pedrinha.<!--more--><\/p>\n<p>A convoca\u00e7\u00e3o de Lucas Lima \u00e9, no m\u00ednimo, uma incoer\u00eancia do treinador da Sele\u00e7\u00e3o. Veja o \u00a0recado de Tite aos que esperam se firmar no time nacional:<\/p>\n<blockquote><p>&#8220;Vit\u00f3ria como consequ\u00eancia de desempenho. Na sele\u00e7\u00e3o e no clube. Reiteradamente avisamos para os jogadores arrebentarem no clube. E n\u00e3o estou falando isso aqui na coletiva para mandar recado. \u00c9 o que falo sempre para os atletas. O que os trouxe at\u00e9 aqui \u00e9 soma do desempenho com resultados. Nos clubes e na sele\u00e7\u00e3o&#8221;, disse.<\/p><\/blockquote>\n<p>Edu Gaspar, coordenador da Sele\u00e7\u00e3o, refor\u00e7ou o conceito do treinador:<\/p>\n<blockquote><p>&#8220;A lista ganhou corpo. Quanto menos mudar, melhor. Se o jogador continuar jogando bem no clube e na sele\u00e7\u00e3o n\u00e3o tem porque mudar a convoca\u00e7\u00e3o. Vai jogar quem estiver melhor sempre&#8221;, comentou Edu.<\/p><\/blockquote>\n<p>Pois bem, Lucas Lima n\u00e3o tem se apresentado bem no Santos. Seus n\u00fameros no clube est\u00e3o bem abaixo de um jogador de Sele\u00e7\u00e3o. No Brasileir\u00e3o, jogou 19 partidas em 31 rodadas &#8211; fez apenas um gol e deu tr\u00eas assist\u00eancias. Na Copa do Brasil, foram cinco jogos e um gol. Nas duas competi\u00e7\u00f5es e mais o Paulist\u00e3o, acumulou 14 cart\u00f5es amarelos e um vermelho.<\/p>\n<p><span class=\"alignnone\"><img data-recalc-dims=\"1\" loading=\"lazy\" decoding=\"async\" data-attachment-id=\"29515\" data-permalink=\"https:\/\/blogdoprosperi.com\/?attachment_id=29515\" data-orig-file=\"https:\/\/i0.wp.com\/blogdoprosperi.com\/wp-content\/uploads\/2016\/10\/untitled-12811.jpg?fit=960%2C640&amp;ssl=1\" data-orig-size=\"960,640\" data-comments-opened=\"1\" data-image-meta=\"{&quot;aperture&quot;:&quot;0&quot;,&quot;credit&quot;:&quot;&quot;,&quot;camera&quot;:&quot;&quot;,&quot;caption&quot;:&quot;&quot;,&quot;created_timestamp&quot;:&quot;0&quot;,&quot;copyright&quot;:&quot;&quot;,&quot;focal_length&quot;:&quot;0&quot;,&quot;iso&quot;:&quot;0&quot;,&quot;shutter_speed&quot;:&quot;0&quot;,&quot;title&quot;:&quot;&quot;,&quot;orientation&quot;:&quot;0&quot;}\" data-image-title=\"untitled-1281\" data-image-description=\"\" data-image-caption=\"\" data-large-file=\"https:\/\/i0.wp.com\/blogdoprosperi.com\/wp-content\/uploads\/2016\/10\/untitled-12811.jpg?fit=940%2C627&amp;ssl=1\" class=\"alignnone size-full wp-image-29515\" src=\"https:\/\/i0.wp.com\/blogdoprosperi.com\/wp-content\/uploads\/2016\/10\/untitled-12811.jpg?resize=940%2C627&#038;ssl=1\" alt=\"untitled-1281\" width=\"940\" height=\"627\" \/><\/span>Sem se ater \u00e0 dimens\u00e3o desses n\u00fameros, o meia n\u00e3o tem feito a diferen\u00e7a no Santos. N\u00e3o raro \u00e9 substitu\u00eddo por Dorival J\u00fanior, como mostrou esse blog na <a href=\"http:\/\/blogdoprosperi.com\/2016\/10\/19\/queda-do-santos-na-copa-brasil-deixa-dorival-junior-pressionado\/\">elimina\u00e7\u00e3o diante dos reservas do Internacional nas quartas de final da Copa do Brasil<\/a>.\u00a0Torcedores santistas t\u00eam feito duras cr\u00edticas ao jogador nas redes sociais.<\/p>\n<p>A expectativa de Lucas Lima era uma transfer\u00eancia ao futebol europeu na janela de agosto. Contou at\u00e9 com ajuda de <a href=\"http:\/\/blogdoprosperi.com\/2016\/10\/06\/selecao-brasileira-encanta-e-restabelece-sua-propria-hierarquia\/\">Neymar<\/a>. Mas nenhum gigante teve interesse na contrata\u00e7\u00e3o do meia. Frustrado, n\u00e3o conseguiu repetir no seu time as apresenta\u00e7\u00f5es de 2015 e do come\u00e7o da atual temporada.<\/p>\n<p>Se continuar em baixa no Santos e n\u00e3o &#8220;arrebentar&#8221; nos treinos da Sele\u00e7\u00e3o, em breve pode ser descartado por Tite.<\/p>\n<p><strong>CONVOCA\u00c7\u00c3O<\/strong><br \/>\nA lista tem 24 nomes &#8211; um a mais dos 23 exigidos pela Fifa por causa de Casemiro. Em recupera\u00e7\u00e3o de uma les\u00e3o, o volante corre risco de ser cortado. Da\u00ed Tite chamar 24. A novidade \u00e9 o <a href=\"http:\/\/blogdoprosperi.com\/2016\/10\/17\/sao-paulo-se-reinventa-com-garotos-vira-em-cima-do-fluminense-e-sai-da-uti\/\">zagueiro Rodrigo Caio<\/a>, em alta no S\u00e3o Paulo, que pode fazer a fun\u00e7\u00e3o de volante no caso de Casemiro n\u00e3o se recuperar a tempo de enfrentar a Argentina.<\/p>\n<p>Da rela\u00e7\u00e3o, o blog destaca a sa\u00edda de Oscar, convocado nos jogos contra Bol\u00edvia e Venezuela, e a volta do atacante Douglas Costa do Bayern Munique, que ainda n\u00e3o jogou com Tite por estar machucado sempre que convocado.<\/p>\n<p>A LISTA<\/p>\n<p><strong><span class=\"alignnone\"><img data-recalc-dims=\"1\" loading=\"lazy\" decoding=\"async\" data-attachment-id=\"29517\" data-permalink=\"https:\/\/blogdoprosperi.com\/?attachment_id=29517\" data-orig-file=\"https:\/\/i0.wp.com\/blogdoprosperi.com\/wp-content\/uploads\/2016\/10\/589403158.jpg?fit=470%2C594&amp;ssl=1\" data-orig-size=\"470,594\" data-comments-opened=\"1\" data-image-meta=\"{&quot;aperture&quot;:&quot;2.8&quot;,&quot;credit&quot;:&quot;Getty Images&quot;,&quot;camera&quot;:&quot;Canon EOS-1D X Mark II&quot;,&quot;caption&quot;:&quot;SAO PAULO, BRAZIL - AUGUST 13: Rodrigo Caio of Brazil stand for the national anthen before the match between Brazil and Colombia mens football quarter final at Arena Corinthians on August 13, 2016 in Sao Paulo, Brazil. (Photo by Alexandre Schneider\/Getty Images)&quot;,&quot;created_timestamp&quot;:&quot;1469896430&quot;,&quot;copyright&quot;:&quot;2016 Getty Images&quot;,&quot;focal_length&quot;:&quot;400&quot;,&quot;iso&quot;:&quot;2000&quot;,&quot;shutter_speed&quot;:&quot;0.0004&quot;,&quot;title&quot;:&quot;Brazil v Colombia Quarter Final: Men&#039;s Football - Olympics: Day 8&quot;,&quot;orientation&quot;:&quot;0&quot;}\" data-image-title=\"Brazil v Colombia Quarter Final: Men&amp;#8217;s Football &amp;#8211; Olympics: Day 8\" data-image-description=\"\" data-image-caption=\"&lt;p&gt;SAO PAULO, BRAZIL &amp;#8211; AUGUST 13: Rodrigo Caio of Brazil stand for the national anthen before the match between Brazil and Colombia mens football quarter final at Arena Corinthians on August 13, 2016 in Sao Paulo, Brazil. (Photo by Alexandre Schneider\/Getty Images)&lt;\/p&gt;\n\" data-large-file=\"https:\/\/i0.wp.com\/blogdoprosperi.com\/wp-content\/uploads\/2016\/10\/589403158.jpg?fit=470%2C594&amp;ssl=1\" class=\"alignnone size-full wp-image-29517 alignright\" src=\"https:\/\/i0.wp.com\/blogdoprosperi.com\/wp-content\/uploads\/2016\/10\/589403158.jpg?resize=470%2C594&#038;ssl=1\" alt=\"Brazil v Colombia Quarter Final: Men's Football - Olympics: Day 8\" width=\"470\" height=\"594\" \/><\/span>Goleiros<br \/>\n<\/strong>Alex Muralha (Flamengo)<br \/>\nAlisson (Roma)<br \/>\nWeverton (Atl\u00e9tico-PR)<\/p>\n<p><strong>Laterais<br \/>\n<\/strong>Daniel Alves (Juventus)<br \/>\nFagner (Corinthians)<br \/>\nFilipe Lu\u00eds (Atl\u00e9tico de Madrid)<br \/>\nMarcelo (Real Madrid)<\/p>\n<p><strong>Zagueiros:<br \/>\n<\/strong>Gil (Shandong Luneng)<br \/>\nMarquinhos (PSG)<br \/>\nMiranda (Inter de Mil\u00e3o)<br \/>\nThiago Silva (PSG)<br \/>\nRodrigo Caio (S\u00e3o Paulo &#8211; foto)<\/p>\n<p><strong>Volantes<br \/>\n<\/strong>Casemiro (Real Madrid)<br \/>\nFernandinho (Manchester City)<\/p>\n<p><strong>Meias<\/strong><br \/>\nGiuliano (Zenit)<br \/>\nLucas Lima (Santos)<br \/>\nPaulinho (Guangzhou Evergrande)<br \/>\nPhilippe Coutinho (Liverpool)<br \/>\nRenato Augusto (Beijing Guoan)<br \/>\nWillian (Chelsea)<\/p>\n<p style=\"text-align:left;\"><strong>Atacantes<br \/>\n<\/strong>Douglas Costa (Bayern de Munique)<br \/>\nGabriel Jesus (Palmeiras)<br \/>\nNeymar (Barcelona)<br \/>\nRoberto Firmino (Liverpool)<\/p>\n","protected":false},"excerpt":{"rendered":"<p>Tite mandou um recado aos jogadores convocados por ele para os dois pr\u00f3ximos jogos da Sele\u00e7\u00e3o Brasileira &#8211; [&hellip;]<\/p>\n","protected":false},"author":102107496,"featured_media":0,"comment_status":"open","ping_status":"open","sticky":false,"template":"","format":"standard","meta":{"_coblocks_attr":"","_coblocks_dimensions":"","_coblocks_responsive_height":"","_coblocks_accordion_ie_support":"","_jetpack_newsletter_access":"","_jetpack_dont_email_post_to_subs":false,"_jetpack_newsletter_tier_id":0,"_jetpack_memberships_contains_paywalled_content":false,"_wpcom_ai_launchpad_first_post":false,"_jetpack_feature_clip_id":0,"_jetpack_memberships_contains_paid_content":false,"footnotes":"","jetpack_publicize_message":"","jetpack_publicize_feature_enabled":true,"jetpack_social_post_already_shared":false,"jetpack_social_options":{"image_generator_settings":{"template":"highway","default_image_id":0,"font":"","enabled":false},"version":2},"jetpack_post_was_ever_published":false},"categories":[53870],"tags":[7303303,789560569,789560560,7202411,57801963,2588859,789560562,1814220],"class_list":["post-29457","post","type-post","status-publish","format-standard","hentry","category-futebol","tag-brasil-x-argentina","tag-cbf","tag-futebol","tag-lucas-lima","tag-rodrigo-caio","tag-santos-fc","tag-selecao-brasileira","tag-tite"],"yoast_head":"<!-- This site is optimized with the Yoast SEO plugin v28.3 - https:\/\/yoast.com\/product\/yoast-seo-wordpress\/ -->\n<title>O que faz Lucas Lima na Sele\u00e7\u00e3o Brasileira? - PR\u00d3SPERI NEWS<\/title>\n<meta name=\"robots\" content=\"index, follow, max-snippet:-1, max-image-preview:large, max-video-preview:-1\" \/>\n<link rel=\"canonical\" href=\"https:\/\/blogdoprosperi.com\/?p=29457\" \/>\n<meta property=\"og:locale\" content=\"pt_BR\" \/>\n<meta property=\"og:type\" content=\"article\" \/>\n<meta property=\"og:title\" content=\"O que faz Lucas Lima na Sele\u00e7\u00e3o Brasileira? - PR\u00d3SPERI NEWS\" \/>\n<meta property=\"og:description\" content=\"Tite mandou um recado aos jogadores convocados por ele para os dois pr\u00f3ximos jogos da Sele\u00e7\u00e3o Brasileira &#8211; [&hellip;]\" \/>\n<meta property=\"og:url\" content=\"https:\/\/blogdoprosperi.com\/?p=29457\" \/>\n<meta property=\"og:site_name\" content=\"PR\u00d3SPERI NEWS\" \/>\n<meta property=\"article:publisher\" content=\"Luiz Pr\u00f3speri\" \/>\n<meta property=\"article:author\" content=\"Luiz Pr\u00f3speri\" \/>\n<meta property=\"article:published_time\" content=\"2016-10-21T18:29:51+00:00\" \/>\n<meta property=\"article:modified_time\" content=\"2016-10-22T15:09:59+00:00\" \/>\n<meta property=\"og:image\" content=\"https:\/\/blogdoprosperi.com\/wp-content\/uploads\/2016\/10\/6k7hpd1m7e_37h9hb74i0_file.jpeg\" \/>\n<meta name=\"author\" content=\"Luiz Ant\u00f4nio Pr\u00f3speri\" \/>\n<meta name=\"twitter:card\" content=\"summary_large_image\" \/>\n<meta name=\"twitter:creator\" content=\"@Luizprosperi\" \/>\n<meta name=\"twitter:site\" content=\"@Luizprosperi\" \/>\n<meta name=\"twitter:label1\" content=\"Escrito por\" \/>\n\t<meta name=\"twitter:data1\" content=\"Luiz Ant\u00f4nio Pr\u00f3speri\" \/>\n\t<meta name=\"twitter:label2\" content=\"Est. tempo de leitura\" \/>\n\t<meta name=\"twitter:data2\" content=\"3 minutos\" \/>\n<script type=\"application\/ld+json\" class=\"yoast-schema-graph\">{\"@context\":\"https:\\\/\\\/schema.org\",\"@graph\":[{\"@type\":\"Article\",\"@id\":\"https:\\\/\\\/blogdoprosperi.com\\\/?p=29457#article\",\"isPartOf\":{\"@id\":\"https:\\\/\\\/blogdoprosperi.com\\\/?p=29457\"},\"author\":{\"name\":\"Luiz Ant\u00f4nio Pr\u00f3speri\",\"@id\":\"https:\\\/\\\/blogdoprosperi.com\\\/#\\\/schema\\\/person\\\/38100755ce3601861ee4fab9b5aa78e9\"},\"headline\":\"O que faz Lucas Lima na Sele\u00e7\u00e3o Brasileira?\",\"datePublished\":\"2016-10-21T18:29:51+00:00\",\"dateModified\":\"2016-10-22T15:09:59+00:00\",\"mainEntityOfPage\":{\"@id\":\"https:\\\/\\\/blogdoprosperi.com\\\/?p=29457\"},\"wordCount\":644,\"commentCount\":0,\"publisher\":{\"@id\":\"https:\\\/\\\/blogdoprosperi.com\\\/#\\\/schema\\\/person\\\/38100755ce3601861ee4fab9b5aa78e9\"},\"image\":{\"@id\":\"https:\\\/\\\/blogdoprosperi.com\\\/?p=29457#primaryimage\"},\"thumbnailUrl\":\"https:\\\/\\\/blogdoprosperi.com\\\/wp-content\\\/uploads\\\/2016\\\/10\\\/6k7hpd1m7e_37h9hb74i0_file.jpeg\",\"keywords\":[\"Brasil x Argentina\",\"CBF\",\"futebol\",\"Lucas Lima\",\"Rodrigo Caio\",\"Santos FC\",\"Sele\u00e7\u00e3o Brasileira\",\"Tite\"],\"articleSection\":[\"futebol\"],\"inLanguage\":\"pt-BR\",\"potentialAction\":[{\"@type\":\"CommentAction\",\"name\":\"Comment\",\"target\":[\"https:\\\/\\\/blogdoprosperi.com\\\/?p=29457#respond\"]}]},{\"@type\":\"WebPage\",\"@id\":\"https:\\\/\\\/blogdoprosperi.com\\\/?p=29457\",\"url\":\"https:\\\/\\\/blogdoprosperi.com\\\/?p=29457\",\"name\":\"O que faz Lucas Lima na Sele\u00e7\u00e3o Brasileira? - PR\u00d3SPERI NEWS\",\"isPartOf\":{\"@id\":\"https:\\\/\\\/blogdoprosperi.com\\\/#website\"},\"primaryImageOfPage\":{\"@id\":\"https:\\\/\\\/blogdoprosperi.com\\\/?p=29457#primaryimage\"},\"image\":{\"@id\":\"https:\\\/\\\/blogdoprosperi.com\\\/?p=29457#primaryimage\"},\"thumbnailUrl\":\"https:\\\/\\\/blogdoprosperi.com\\\/wp-content\\\/uploads\\\/2016\\\/10\\\/6k7hpd1m7e_37h9hb74i0_file.jpeg\",\"datePublished\":\"2016-10-21T18:29:51+00:00\",\"dateModified\":\"2016-10-22T15:09:59+00:00\",\"breadcrumb\":{\"@id\":\"https:\\\/\\\/blogdoprosperi.com\\\/?p=29457#breadcrumb\"},\"inLanguage\":\"pt-BR\",\"potentialAction\":[{\"@type\":\"ReadAction\",\"target\":[\"https:\\\/\\\/blogdoprosperi.com\\\/?p=29457\"]}]},{\"@type\":\"ImageObject\",\"inLanguage\":\"pt-BR\",\"@id\":\"https:\\\/\\\/blogdoprosperi.com\\\/?p=29457#primaryimage\",\"url\":\"https:\\\/\\\/i0.wp.com\\\/blogdoprosperi.com\\\/wp-content\\\/uploads\\\/2016\\\/10\\\/6k7hpd1m7e_37h9hb74i0_file.jpeg?fit=780%2C520&ssl=1\",\"contentUrl\":\"https:\\\/\\\/i0.wp.com\\\/blogdoprosperi.com\\\/wp-content\\\/uploads\\\/2016\\\/10\\\/6k7hpd1m7e_37h9hb74i0_file.jpeg?fit=780%2C520&ssl=1\",\"width\":780,\"height\":520,\"caption\":\"LANCEPRESS! - (Brasil Out) - Santos, SP - 12.08.2015 - Foto Ivan Storti\\\/Lancepress! - Coletiva Lucas Lima - Local: CT Rei Pele - NF: Lucas Lima\"},{\"@type\":\"BreadcrumbList\",\"@id\":\"https:\\\/\\\/blogdoprosperi.com\\\/?p=29457#breadcrumb\",\"itemListElement\":[{\"@type\":\"ListItem\",\"position\":1,\"name\":\"In\u00edcio\",\"item\":\"https:\\\/\\\/blogdoprosperi.com\\\/\"},{\"@type\":\"ListItem\",\"position\":2,\"name\":\"O que faz Lucas Lima na Sele\u00e7\u00e3o Brasileira?\"}]},{\"@type\":\"WebSite\",\"@id\":\"https:\\\/\\\/blogdoprosperi.com\\\/#website\",\"url\":\"https:\\\/\\\/blogdoprosperi.com\\\/\",\"name\":\"PR\u00d3SPERI NEWS\",\"description\":\"TUDO \u00c9  FUTEBOL\",\"publisher\":{\"@id\":\"https:\\\/\\\/blogdoprosperi.com\\\/#\\\/schema\\\/person\\\/38100755ce3601861ee4fab9b5aa78e9\"},\"alternateName\":\"blogdoprosperi.com\",\"potentialAction\":[{\"@type\":\"SearchAction\",\"target\":{\"@type\":\"EntryPoint\",\"urlTemplate\":\"https:\\\/\\\/blogdoprosperi.com\\\/?s={search_term_string}\"},\"query-input\":{\"@type\":\"PropertyValueSpecification\",\"valueRequired\":true,\"valueName\":\"search_term_string\"}}],\"inLanguage\":\"pt-BR\"},{\"@type\":[\"Person\",\"Organization\"],\"@id\":\"https:\\\/\\\/blogdoprosperi.com\\\/#\\\/schema\\\/person\\\/38100755ce3601861ee4fab9b5aa78e9\",\"name\":\"Luiz Ant\u00f4nio Pr\u00f3speri\",\"pronouns\":\"ele\",\"image\":{\"@type\":\"ImageObject\",\"inLanguage\":\"pt-BR\",\"@id\":\"https:\\\/\\\/i0.wp.com\\\/blogdoprosperi.com\\\/wp-content\\\/uploads\\\/2026\\\/05\\\/cropped-8059e613-6002-42fa-961e-8e275f575d71-2-5.jpg?fit=1360%2C931&ssl=1\",\"url\":\"https:\\\/\\\/i0.wp.com\\\/blogdoprosperi.com\\\/wp-content\\\/uploads\\\/2026\\\/05\\\/cropped-8059e613-6002-42fa-961e-8e275f575d71-2-5.jpg?fit=1360%2C931&ssl=1\",\"contentUrl\":\"https:\\\/\\\/i0.wp.com\\\/blogdoprosperi.com\\\/wp-content\\\/uploads\\\/2026\\\/05\\\/cropped-8059e613-6002-42fa-961e-8e275f575d71-2-5.jpg?fit=1360%2C931&ssl=1\",\"width\":1360,\"height\":931,\"caption\":\"Luiz Ant\u00f4nio Pr\u00f3speri\"},\"logo\":{\"@id\":\"https:\\\/\\\/i0.wp.com\\\/blogdoprosperi.com\\\/wp-content\\\/uploads\\\/2026\\\/05\\\/cropped-8059e613-6002-42fa-961e-8e275f575d71-2-5.jpg?fit=1360%2C931&ssl=1\"},\"description\":\"Jornalista com carreira dedicada ao esporte. Cobriu 9 Copas do Mundo in loco, 1990 na It\u00e1lia, 1994 nos EUA, 1998 na Fran\u00e7a, 2002 na Coreia do Sul e Jap\u00e3o, 2006 na Alemanha, 2010 na \u00c1frica do Sul, 2014 no Brasil, 2018 na R\u00fassia e 2022 no Qatar. Eurocopas, 1992 na Su\u00e9cia e 1996 na Inglaterra. Copa das Confedera\u00e7\u00f5es de 2005 na Alemanha e 2009 na \u00c1frica do Sul. Rep\u00f3rter e Editor, trabalhou no Jornal da Tarde e Estad\u00e3o, de 1984 a fevereiro de 2016. Colunista, blogueiro. E comentarista de futebol na R\u00e1dio Estad\u00e3o, de 2013 a fevereiro de 2016. Jornalista respons\u00e1vel do \\\"Pr\u00f3speri News\\\" (blogdoprosperi.com).\",\"sameAs\":[\"http:\\\/\\\/blogdoprosperi.com\",\"Luiz Pr\u00f3speri\",\"@luiz_prosperi\",\"https:\\\/\\\/x.com\\\/Luizprosperi\",\"@prosperinacopa\",\"luiz.prosperi@icloud.com\"],\"url\":\"https:\\\/\\\/blogdoprosperi.com\\\/?author=102107496\"}]}<\/script>\n<!-- \/ Yoast SEO plugin. -->","yoast_head_json":{"title":"O que faz Lucas Lima na Sele\u00e7\u00e3o Brasileira? - PR\u00d3SPERI NEWS","robots":{"index":"index","follow":"follow","max-snippet":"max-snippet:-1","max-image-preview":"max-image-preview:large","max-video-preview":"max-video-preview:-1"},"canonical":"https:\/\/blogdoprosperi.com\/?p=29457","og_locale":"pt_BR","og_type":"article","og_title":"O que faz Lucas Lima na Sele\u00e7\u00e3o Brasileira? - PR\u00d3SPERI NEWS","og_description":"Tite mandou um recado aos jogadores convocados por ele para os dois pr\u00f3ximos jogos da Sele\u00e7\u00e3o Brasileira &#8211; [&hellip;]","og_url":"https:\/\/blogdoprosperi.com\/?p=29457","og_site_name":"PR\u00d3SPERI NEWS","article_publisher":"Luiz Pr\u00f3speri","article_author":"Luiz Pr\u00f3speri","article_published_time":"2016-10-21T18:29:51+00:00","article_modified_time":"2016-10-22T15:09:59+00:00","og_image":[{"url":"https:\/\/blogdoprosperi.com\/wp-content\/uploads\/2016\/10\/6k7hpd1m7e_37h9hb74i0_file.jpeg","type":"","width":"","height":""}],"author":"Luiz Ant\u00f4nio Pr\u00f3speri","twitter_card":"summary_large_image","twitter_creator":"@Luizprosperi","twitter_site":"@Luizprosperi","twitter_misc":{"Escrito por":"Luiz Ant\u00f4nio Pr\u00f3speri","Est. tempo de leitura":"3 minutos"},"schema":{"@context":"https:\/\/schema.org","@graph":[{"@type":"Article","@id":"https:\/\/blogdoprosperi.com\/?p=29457#article","isPartOf":{"@id":"https:\/\/blogdoprosperi.com\/?p=29457"},"author":{"name":"Luiz Ant\u00f4nio Pr\u00f3speri","@id":"https:\/\/blogdoprosperi.com\/#\/schema\/person\/38100755ce3601861ee4fab9b5aa78e9"},"headline":"O que faz Lucas Lima na Sele\u00e7\u00e3o Brasileira?","datePublished":"2016-10-21T18:29:51+00:00","dateModified":"2016-10-22T15:09:59+00:00","mainEntityOfPage":{"@id":"https:\/\/blogdoprosperi.com\/?p=29457"},"wordCount":644,"commentCount":0,"publisher":{"@id":"https:\/\/blogdoprosperi.com\/#\/schema\/person\/38100755ce3601861ee4fab9b5aa78e9"},"image":{"@id":"https:\/\/blogdoprosperi.com\/?p=29457#primaryimage"},"thumbnailUrl":"https:\/\/blogdoprosperi.com\/wp-content\/uploads\/2016\/10\/6k7hpd1m7e_37h9hb74i0_file.jpeg","keywords":["Brasil x Argentina","CBF","futebol","Lucas Lima","Rodrigo Caio","Santos FC","Sele\u00e7\u00e3o Brasileira","Tite"],"articleSection":["futebol"],"inLanguage":"pt-BR","potentialAction":[{"@type":"CommentAction","name":"Comment","target":["https:\/\/blogdoprosperi.com\/?p=29457#respond"]}]},{"@type":"WebPage","@id":"https:\/\/blogdoprosperi.com\/?p=29457","url":"https:\/\/blogdoprosperi.com\/?p=29457","name":"O que faz Lucas Lima na Sele\u00e7\u00e3o Brasileira? - PR\u00d3SPERI NEWS","isPartOf":{"@id":"https:\/\/blogdoprosperi.com\/#website"},"primaryImageOfPage":{"@id":"https:\/\/blogdoprosperi.com\/?p=29457#primaryimage"},"image":{"@id":"https:\/\/blogdoprosperi.com\/?p=29457#primaryimage"},"thumbnailUrl":"https:\/\/blogdoprosperi.com\/wp-content\/uploads\/2016\/10\/6k7hpd1m7e_37h9hb74i0_file.jpeg","datePublished":"2016-10-21T18:29:51+00:00","dateModified":"2016-10-22T15:09:59+00:00","breadcrumb":{"@id":"https:\/\/blogdoprosperi.com\/?p=29457#breadcrumb"},"inLanguage":"pt-BR","potentialAction":[{"@type":"ReadAction","target":["https:\/\/blogdoprosperi.com\/?p=29457"]}]},{"@type":"ImageObject","inLanguage":"pt-BR","@id":"https:\/\/blogdoprosperi.com\/?p=29457#primaryimage","url":"https:\/\/i0.wp.com\/blogdoprosperi.com\/wp-content\/uploads\/2016\/10\/6k7hpd1m7e_37h9hb74i0_file.jpeg?fit=780%2C520&ssl=1","contentUrl":"https:\/\/i0.wp.com\/blogdoprosperi.com\/wp-content\/uploads\/2016\/10\/6k7hpd1m7e_37h9hb74i0_file.jpeg?fit=780%2C520&ssl=1","width":780,"height":520,"caption":"LANCEPRESS! - (Brasil Out) - Santos, SP - 12.08.2015 - Foto Ivan Storti\/Lancepress! - Coletiva Lucas Lima - Local: CT Rei Pele - NF: Lucas Lima"},{"@type":"BreadcrumbList","@id":"https:\/\/blogdoprosperi.com\/?p=29457#breadcrumb","itemListElement":[{"@type":"ListItem","position":1,"name":"In\u00edcio","item":"https:\/\/blogdoprosperi.com\/"},{"@type":"ListItem","position":2,"name":"O que faz Lucas Lima na Sele\u00e7\u00e3o Brasileira?"}]},{"@type":"WebSite","@id":"https:\/\/blogdoprosperi.com\/#website","url":"https:\/\/blogdoprosperi.com\/","name":"PR\u00d3SPERI NEWS","description":"TUDO \u00c9  FUTEBOL","publisher":{"@id":"https:\/\/blogdoprosperi.com\/#\/schema\/person\/38100755ce3601861ee4fab9b5aa78e9"},"alternateName":"blogdoprosperi.com","potentialAction":[{"@type":"SearchAction","target":{"@type":"EntryPoint","urlTemplate":"https:\/\/blogdoprosperi.com\/?s={search_term_string}"},"query-input":{"@type":"PropertyValueSpecification","valueRequired":true,"valueName":"search_term_string"}}],"inLanguage":"pt-BR"},{"@type":["Person","Organization"],"@id":"https:\/\/blogdoprosperi.com\/#\/schema\/person\/38100755ce3601861ee4fab9b5aa78e9","name":"Luiz Ant\u00f4nio Pr\u00f3speri","pronouns":"ele","image":{"@type":"ImageObject","inLanguage":"pt-BR","@id":"https:\/\/i0.wp.com\/blogdoprosperi.com\/wp-content\/uploads\/2026\/05\/cropped-8059e613-6002-42fa-961e-8e275f575d71-2-5.jpg?fit=1360%2C931&ssl=1","url":"https:\/\/i0.wp.com\/blogdoprosperi.com\/wp-content\/uploads\/2026\/05\/cropped-8059e613-6002-42fa-961e-8e275f575d71-2-5.jpg?fit=1360%2C931&ssl=1","contentUrl":"https:\/\/i0.wp.com\/blogdoprosperi.com\/wp-content\/uploads\/2026\/05\/cropped-8059e613-6002-42fa-961e-8e275f575d71-2-5.jpg?fit=1360%2C931&ssl=1","width":1360,"height":931,"caption":"Luiz Ant\u00f4nio Pr\u00f3speri"},"logo":{"@id":"https:\/\/i0.wp.com\/blogdoprosperi.com\/wp-content\/uploads\/2026\/05\/cropped-8059e613-6002-42fa-961e-8e275f575d71-2-5.jpg?fit=1360%2C931&ssl=1"},"description":"Jornalista com carreira dedicada ao esporte. Cobriu 9 Copas do Mundo in loco, 1990 na It\u00e1lia, 1994 nos EUA, 1998 na Fran\u00e7a, 2002 na Coreia do Sul e Jap\u00e3o, 2006 na Alemanha, 2010 na \u00c1frica do Sul, 2014 no Brasil, 2018 na R\u00fassia e 2022 no Qatar. Eurocopas, 1992 na Su\u00e9cia e 1996 na Inglaterra. Copa das Confedera\u00e7\u00f5es de 2005 na Alemanha e 2009 na \u00c1frica do Sul. Rep\u00f3rter e Editor, trabalhou no Jornal da Tarde e Estad\u00e3o, de 1984 a fevereiro de 2016. Colunista, blogueiro. E comentarista de futebol na R\u00e1dio Estad\u00e3o, de 2013 a fevereiro de 2016. Jornalista respons\u00e1vel do \"Pr\u00f3speri News\" (blogdoprosperi.com).","sameAs":["http:\/\/blogdoprosperi.com","Luiz Pr\u00f3speri","@luiz_prosperi","https:\/\/x.com\/Luizprosperi","@prosperinacopa","luiz.prosperi@icloud.com"],"url":"https:\/\/blogdoprosperi.com\/?author=102107496"}]}},"jetpack_publicize_connections":[],"jetpack_likes_enabled":false,"jetpack_sharing_enabled":true,"jetpack_shortlink":"https:\/\/wp.me\/p7jvdk-7F7","jetpack-related-posts":[{"id":32379,"url":"https:\/\/blogdoprosperi.com\/?p=32379","url_meta":{"origin":29457,"position":0},"title":"Gabriel Jesus retribui a Tite a confian\u00e7a da camisa 9 e leva Brasil \u00e0 sexta vit\u00f3ria consecutiva nas Eliminat\u00f3rias 2018","author":"Luiz Ant\u00f4nio Pr\u00f3speri","date":"16 de novembro de 2016","format":false,"excerpt":"Gabriel Jesus retribui a Tite a confian\u00e7a de receber do treinador da Sele\u00e7\u00e3o Brasileira a emblem\u00e1tica camisa 9, vestida por alguns mitos do nosso futebol. De seus p\u00e9s nasceu a sexta vit\u00f3ria consecutiva do escrete sob nova dire\u00e7\u00e3o.\u00a0Dessa vez a v\u00edtima foi a Sele\u00e7\u00e3o Peruana, derrotada por 2 a 0\u2026","rel":"","context":"Em &quot;futebol&quot;","block_context":{"text":"futebol","link":"https:\/\/blogdoprosperi.com\/?cat=53870"},"img":{"alt_text":"","src":"https:\/\/i0.wp.com\/blogdoprosperi.com\/wp-content\/uploads\/2016\/11\/636148696124246394.jpg?resize=350%2C200","width":350,"height":200,"srcset":"https:\/\/i0.wp.com\/blogdoprosperi.com\/wp-content\/uploads\/2016\/11\/636148696124246394.jpg?resize=350%2C200 1x, https:\/\/i0.wp.com\/blogdoprosperi.com\/wp-content\/uploads\/2016\/11\/636148696124246394.jpg?resize=525%2C300 1.5x"},"classes":[]},{"id":21208,"url":"https:\/\/blogdoprosperi.com\/?p=21208","url_meta":{"origin":29457,"position":1},"title":"Tite convoca a sele\u00e7\u00e3o e esconde lista dos garotos do time ol\u00edmpico","author":"Luiz Ant\u00f4nio Pr\u00f3speri","date":"15 de agosto de 2016","format":false,"excerpt":"\u00a0 Tite n\u00e3o queria provocar euforia e tristeza entre os garotos da Sele\u00e7\u00e3o Ol\u00edmpica, concentrados em Teres\u00f3polis para enfrentar Honduras nas semifinais dos Jogos do Rio. Por isso acertou com a CBF o sigilo absoluto na divulga\u00e7\u00e3o da lista dos 23 jogadores convocados para os jogos contra Equador e Col\u00f4mbia,\u2026","rel":"","context":"Em &quot;futebol&quot;","block_context":{"text":"futebol","link":"https:\/\/blogdoprosperi.com\/?cat=53870"},"img":{"alt_text":"","src":"https:\/\/i0.wp.com\/blogdoprosperi.com\/wp-content\/uploads\/2016\/08\/pro-14.jpg?resize=350%2C200","width":350,"height":200,"srcset":"https:\/\/i0.wp.com\/blogdoprosperi.com\/wp-content\/uploads\/2016\/08\/pro-14.jpg?resize=350%2C200 1x, https:\/\/i0.wp.com\/blogdoprosperi.com\/wp-content\/uploads\/2016\/08\/pro-14.jpg?resize=525%2C300 1.5x, https:\/\/i0.wp.com\/blogdoprosperi.com\/wp-content\/uploads\/2016\/08\/pro-14.jpg?resize=700%2C400 2x, https:\/\/i0.wp.com\/blogdoprosperi.com\/wp-content\/uploads\/2016\/08\/pro-14.jpg?resize=1050%2C600 3x, https:\/\/i0.wp.com\/blogdoprosperi.com\/wp-content\/uploads\/2016\/08\/pro-14.jpg?resize=1400%2C800 4x"},"classes":[]},{"id":36752,"url":"https:\/\/blogdoprosperi.com\/?p=36752","url_meta":{"origin":29457,"position":2},"title":"Diego, em baixa no Flamengo, e querido por Tite na Sele\u00e7\u00e3o. Quem entende?","author":"Luiz Ant\u00f4nio Pr\u00f3speri","date":"29 de setembro de 2017","format":false,"excerpt":"Diego Ribas, 32 anos, deu mais um passo atr\u00e1s na temporada ao perder o p\u00eanalti na decis\u00e3o da Copa do Brasil contra o Cruzeiro. Um ponto negativo na sua pobre estat\u00edstica, desde que voltou ao futebol brasileiro em 2016 para vestir a camisa 35 do Flamengo. Mesmo em momento ruim\u2026","rel":"","context":"Em &quot;Copa do Mundo 2018&quot;","block_context":{"text":"Copa do Mundo 2018","link":"https:\/\/blogdoprosperi.com\/?cat=43723753"},"img":{"alt_text":"Diego tem a prefer\u00eancia de Tite na Sele\u00e7\u00e3o Brasileira","src":"https:\/\/i0.wp.com\/blogdoprosperi.com\/wp-content\/uploads\/2017\/09\/diego-juventus-1260x710.jpg?fit=1200%2C676&ssl=1&resize=350%2C200","width":350,"height":200,"srcset":"https:\/\/i0.wp.com\/blogdoprosperi.com\/wp-content\/uploads\/2017\/09\/diego-juventus-1260x710.jpg?fit=1200%2C676&ssl=1&resize=350%2C200 1x, https:\/\/i0.wp.com\/blogdoprosperi.com\/wp-content\/uploads\/2017\/09\/diego-juventus-1260x710.jpg?fit=1200%2C676&ssl=1&resize=525%2C300 1.5x, https:\/\/i0.wp.com\/blogdoprosperi.com\/wp-content\/uploads\/2017\/09\/diego-juventus-1260x710.jpg?fit=1200%2C676&ssl=1&resize=700%2C400 2x, https:\/\/i0.wp.com\/blogdoprosperi.com\/wp-content\/uploads\/2017\/09\/diego-juventus-1260x710.jpg?fit=1200%2C676&ssl=1&resize=1050%2C600 3x"},"classes":[]},{"id":37700,"url":"https:\/\/blogdoprosperi.com\/?p=37700","url_meta":{"origin":29457,"position":3},"title":"A insensatez de Tite","author":"Luiz Ant\u00f4nio Pr\u00f3speri","date":"10 de maio de 2019","format":false,"excerpt":"Tite estava na China quando Liverpool e Tottenham reviravam o mundo do futebol na Liga dos Campe\u00f5es em jogos na Inglaterra e Holanda nesta primeira semana de maio. Treinador da Sele\u00e7\u00e3o Brasileira atravessou o planeta para acompanhar in loco seus velhos conhecidos Paulinho e Renato Augusto nos jogos do\u00a0Guangzhou Evergrande\u2026","rel":"","context":"Em &quot;futebol&quot;","block_context":{"text":"futebol","link":"https:\/\/blogdoprosperi.com\/?cat=53870"},"img":{"alt_text":"","src":"https:\/\/i0.wp.com\/blogdoprosperi.com\/wp-content\/uploads\/2018\/07\/24159119.jpg?fit=700%2C466&ssl=1&resize=350%2C200","width":350,"height":200,"srcset":"https:\/\/i0.wp.com\/blogdoprosperi.com\/wp-content\/uploads\/2018\/07\/24159119.jpg?fit=700%2C466&ssl=1&resize=350%2C200 1x, https:\/\/i0.wp.com\/blogdoprosperi.com\/wp-content\/uploads\/2018\/07\/24159119.jpg?fit=700%2C466&ssl=1&resize=525%2C300 1.5x, https:\/\/i0.wp.com\/blogdoprosperi.com\/wp-content\/uploads\/2018\/07\/24159119.jpg?fit=700%2C466&ssl=1&resize=700%2C400 2x"},"classes":[]},{"id":39594,"url":"https:\/\/blogdoprosperi.com\/?p=39594","url_meta":{"origin":29457,"position":4},"title":"Brasil passeia no pen\u00faltimo amistoso antes da Copa Qatar 2022","author":"Luiz Ant\u00f4nio Pr\u00f3speri","date":"23 de setembro de 2022","format":false,"excerpt":"Sele\u00e7\u00e3o Brasileira vence Gana sem nenhum constrangimento no pen\u00faltimo amistoso antes da estreia na Copa do Mundo Qatar 2022. A vit\u00f3ria por 3 a 0, constru\u00edda no primeiro tempo, tem participa\u00e7\u00e3o decisiva do atacante Richarlison, autor de dois gols, em Le Havre na Fran\u00e7a. Brasil molda o primeiro tempo do\u2026","rel":"","context":"Em &quot;catar 2022&quot;","block_context":{"text":"catar 2022","link":"https:\/\/blogdoprosperi.com\/?cat=47094043"},"img":{"alt_text":"","src":"https:\/\/i0.wp.com\/blogdoprosperi.com\/wp-content\/uploads\/2022\/09\/52379122781_8ca520c918_c.jpg?fit=799%2C533&ssl=1&resize=350%2C200","width":350,"height":200,"srcset":"https:\/\/i0.wp.com\/blogdoprosperi.com\/wp-content\/uploads\/2022\/09\/52379122781_8ca520c918_c.jpg?fit=799%2C533&ssl=1&resize=350%2C200 1x, https:\/\/i0.wp.com\/blogdoprosperi.com\/wp-content\/uploads\/2022\/09\/52379122781_8ca520c918_c.jpg?fit=799%2C533&ssl=1&resize=525%2C300 1.5x, https:\/\/i0.wp.com\/blogdoprosperi.com\/wp-content\/uploads\/2022\/09\/52379122781_8ca520c918_c.jpg?fit=799%2C533&ssl=1&resize=700%2C400 2x"},"classes":[]},{"id":41200,"url":"https:\/\/blogdoprosperi.com\/?p=41200","url_meta":{"origin":29457,"position":5},"title":"CBF desliga Tite da Sele\u00e7\u00e3o e sai em busca do sucessor; Galv\u00e3o Bueno pede Ancelotti-Falc\u00e3o","author":"Luiz Ant\u00f4nio Pr\u00f3speri","date":"17 de janeiro de 2023","format":false,"excerpt":"Tite \u00e9 desligado da Sele\u00e7\u00e3o Brasileira. Presidente da CBF inicia os trabalhos em busca de um novo treinador. E Galv\u00e3o Bueno lan\u00e7a dobradinha Carlo Ancelotti e Falc\u00e3o.","rel":"","context":"Em &quot;copa do mundo catar 2022&quot;","block_context":{"text":"copa do mundo catar 2022","link":"https:\/\/blogdoprosperi.com\/?cat=301049609"},"img":{"alt_text":"","src":"https:\/\/i0.wp.com\/blogdoprosperi.com\/wp-content\/uploads\/2023\/01\/img2746741512324.webp?fit=769%2C514&ssl=1&resize=350%2C200","width":350,"height":200,"srcset":"https:\/\/i0.wp.com\/blogdoprosperi.com\/wp-content\/uploads\/2023\/01\/img2746741512324.webp?fit=769%2C514&ssl=1&resize=350%2C200 1x, https:\/\/i0.wp.com\/blogdoprosperi.com\/wp-content\/uploads\/2023\/01\/img2746741512324.webp?fit=769%2C514&ssl=1&resize=525%2C300 1.5x, https:\/\/i0.wp.com\/blogdoprosperi.com\/wp-content\/uploads\/2023\/01\/img2746741512324.webp?fit=769%2C514&ssl=1&resize=700%2C400 2x"},"classes":[]}],"jetpack_featured_media_url":"","_links":{"self":[{"href":"https:\/\/blogdoprosperi.com\/index.php?rest_route=\/wp\/v2\/posts\/29457","targetHints":{"allow":["GET"]}}],"collection":[{"href":"https:\/\/blogdoprosperi.com\/index.php?rest_route=\/wp\/v2\/posts"}],"about":[{"href":"https:\/\/blogdoprosperi.com\/index.php?rest_route=\/wp\/v2\/types\/post"}],"author":[{"embeddable":true,"href":"https:\/\/blogdoprosperi.com\/index.php?rest_route=\/wp\/v2\/users\/102107496"}],"replies":[{"embeddable":true,"href":"https:\/\/blogdoprosperi.com\/index.php?rest_route=%2Fwp%2Fv2%2Fcomments&post=29457"}],"version-history":[{"count":25,"href":"https:\/\/blogdoprosperi.com\/index.php?rest_route=\/wp\/v2\/posts\/29457\/revisions"}],"predecessor-version":[{"id":29516,"href":"https:\/\/blogdoprosperi.com\/index.php?rest_route=\/wp\/v2\/posts\/29457\/revisions\/29516"}],"wp:attachment":[{"href":"https:\/\/blogdoprosperi.com\/index.php?rest_route=%2Fwp%2Fv2%2Fmedia&parent=29457"}],"wp:term":[{"taxonomy":"category","embeddable":true,"href":"https:\/\/blogdoprosperi.com\/index.php?rest_route=%2Fwp%2Fv2%2Fcategories&post=29457"},{"taxonomy":"post_tag","embeddable":true,"href":"https:\/\/blogdoprosperi.com\/index.php?rest_route=%2Fwp%2Fv2%2Ftags&post=29457"}],"curies":[{"name":"wp","href":"https:\/\/api.w.org\/{rel}","templated":true}]}}