{"id":29520,"date":"2016-10-21T19:19:48","date_gmt":"2016-10-21T21:19:48","guid":{"rendered":"http:\/\/blogdoprosperi.com\/?p=29520"},"modified":"2016-10-21T19:25:21","modified_gmt":"2016-10-21T21:25:21","slug":"bernard-nao-vai-voltar-ao-brasil-e-frustra-sao-paulo-palmeiras-e-flamengo","status":"publish","type":"post","link":"https:\/\/blogdoprosperi.com\/?p=29520","title":{"rendered":"Bernard n\u00e3o vai voltar ao Brasil e frustra S\u00e3o Paulo, Palmeiras e Flamengo"},"content":{"rendered":"<div class=\"tiled-gallery type-square tiled-gallery-unresized\" data-original-width=\"940\" data-carousel-extra='{&quot;blog_id&quot;:1,&quot;permalink&quot;:&quot;https:\\\/\\\/blogdoprosperi.com\\\/?p=29520&quot;,&quot;likes_blog_id&quot;:108082574}' itemscope itemtype=\"http:\/\/schema.org\/ImageGallery\" > <div class=\"gallery-row\" style=\"width: 940px; height: 470px;\" data-original-width=\"940\" data-original-height=\"470\" > <div class=\"gallery-group\" style=\"width: 470px; height: 470px;\" data-original-width=\"470\" data-original-height=\"470\" > <div class=\"tiled-gallery-item \" itemprop=\"associatedMedia\" itemscope itemtype=\"http:\/\/schema.org\/ImageObject\"> <a href=\"https:\/\/blogdoprosperi.com\/?attachment_id=29561\" border=\"0\" itemprop=\"url\"> <meta itemprop=\"width\" content=\"466\"> <meta itemprop=\"height\" content=\"466\"> <img decoding=\"async\" class=\"\" data-attachment-id=\"29561\" data-orig-file=\"https:\/\/blogdoprosperi.com\/wp-content\/uploads\/2016\/10\/207416__max_news.jpg\" data-orig-size=\"580,400\" data-comments-opened=\"1\" data-image-meta=\"{&quot;aperture&quot;:&quot;0&quot;,&quot;credit&quot;:&quot;&quot;,&quot;camera&quot;:&quot;&quot;,&quot;caption&quot;:&quot;&quot;,&quot;created_timestamp&quot;:&quot;0&quot;,&quot;copyright&quot;:&quot;&quot;,&quot;focal_length&quot;:&quot;0&quot;,&quot;iso&quot;:&quot;0&quot;,&quot;shutter_speed&quot;:&quot;0&quot;,&quot;title&quot;:&quot;&quot;,&quot;orientation&quot;:&quot;0&quot;}\" data-image-title=\"207416__max_news\" data-image-description=\"\" data-medium-file=\"https:\/\/i0.wp.com\/blogdoprosperi.com\/wp-content\/uploads\/2016\/10\/207416__max_news.jpg?fit=548%2C378&#038;ssl=1\" data-large-file=\"https:\/\/i0.wp.com\/blogdoprosperi.com\/wp-content\/uploads\/2016\/10\/207416__max_news.jpg?fit=580%2C400&#038;ssl=1\" src=\"https:\/\/i0.wp.com\/blogdoprosperi.com\/wp-content\/uploads\/2016\/10\/207416__max_news.jpg?w=466&#038;h=466&#038;crop=1&#038;ssl=1\" width=\"466\" height=\"466\" loading=\"lazy\" data-original-width=\"466\" data-original-height=\"466\" itemprop=\"http:\/\/schema.org\/image\" title=\"207416__max_news\" alt=\"207416__max_news\" style=\"width: 466px; height: 466px;\" \/> <\/a> <\/div> <\/div> <div class=\"gallery-group\" style=\"width: 470px; height: 470px;\" data-original-width=\"470\" data-original-height=\"470\" > <div class=\"tiled-gallery-item \" itemprop=\"associatedMedia\" itemscope itemtype=\"http:\/\/schema.org\/ImageObject\"> <a href=\"https:\/\/blogdoprosperi.com\/?attachment_id=29562\" border=\"0\" itemprop=\"url\"> <meta itemprop=\"width\" content=\"466\"> <meta itemprop=\"height\" content=\"466\"> <img decoding=\"async\" class=\"\" data-attachment-id=\"29562\" data-orig-file=\"https:\/\/blogdoprosperi.com\/wp-content\/uploads\/2016\/10\/622_7fe0113a-c45b-336b-b7bd-5ca87c4792d4.jpg\" data-orig-size=\"622,350\" data-comments-opened=\"1\" data-image-meta=\"{&quot;aperture&quot;:&quot;0&quot;,&quot;credit&quot;:&quot;&quot;,&quot;camera&quot;:&quot;&quot;,&quot;caption&quot;:&quot;&quot;,&quot;created_timestamp&quot;:&quot;0&quot;,&quot;copyright&quot;:&quot;&quot;,&quot;focal_length&quot;:&quot;0&quot;,&quot;iso&quot;:&quot;0&quot;,&quot;shutter_speed&quot;:&quot;0&quot;,&quot;title&quot;:&quot;&quot;,&quot;orientation&quot;:&quot;0&quot;}\" data-image-title=\"622_7fe0113a-c45b-336b-b7bd-5ca87c4792d4\" data-image-description=\"\" data-medium-file=\"https:\/\/i0.wp.com\/blogdoprosperi.com\/wp-content\/uploads\/2016\/10\/622_7fe0113a-c45b-336b-b7bd-5ca87c4792d4.jpg?fit=622%2C350&#038;ssl=1\" data-large-file=\"https:\/\/i0.wp.com\/blogdoprosperi.com\/wp-content\/uploads\/2016\/10\/622_7fe0113a-c45b-336b-b7bd-5ca87c4792d4.jpg?fit=622%2C350&#038;ssl=1\" src=\"https:\/\/i0.wp.com\/blogdoprosperi.com\/wp-content\/uploads\/2016\/10\/622_7fe0113a-c45b-336b-b7bd-5ca87c4792d4.jpg?w=466&#038;h=466&#038;crop=1&#038;ssl=1\" width=\"466\" height=\"466\" loading=\"lazy\" data-original-width=\"466\" data-original-height=\"466\" itemprop=\"http:\/\/schema.org\/image\" title=\"622_7fe0113a-c45b-336b-b7bd-5ca87c4792d4\" alt=\"622_7fe0113a-c45b-336b-b7bd-5ca87c4792d4\" style=\"width: 466px; height: 466px;\" \/> <\/a> <\/div> <\/div> <\/div> <\/div>\n<p>Assediado por S\u00e3o Paulo, Palmeiras e <a href=\"http:\/\/blogdoprosperi.com\/2016\/10\/17\/brasileirao-2016-da-mao-grande-e-vergonha\/\">Flamengo<\/a>, atacante Bernard n\u00e3o vai trocar o Shakhtar Donetsk, da Ucr\u00e2nia, por nenhum desses tr\u00eas clubes. A chance de o atacante voltar ao Brasil \u00e9 zero. Aclamado por Felip\u00e3o na Copa do Mundo de 2014, como jogador que tem &#8220;alegria nas pernas&#8221;, a prioridade de Bernard \u00e9 continuar no futebol europeu.<!--more--><\/p>\n<p>Shakhtar tamb\u00e9m n\u00e3o admite negociar seu jogador por empr\u00e9stimo a clubes brasileiros. O ex-jogador do Atl\u00e9tico-MG s\u00f3 deixa a Ucr\u00e2nia se for vendido a um mercado de peso, como o europeu ou chin\u00eas, que t\u00eam bala suficiente para investir alto. Der acordo com a imprensa de Portugal, o clube ucraniano teria recusado uma oferta de 25 milh\u00f5es de euros (R$ 100 milh\u00f5es) do Porto na \u00faltima janela de transfer\u00eancias fechada no fim de agosto.<\/p>\n<p>Assim como <a href=\"http:\/\/blogdoprosperi.com\/2016\/10\/19\/corinthians-e-palmeiras-antecipam-contratacao-de-reforcos-para-2017\/\">Palmeiras<\/a> e Flamengo, o <a href=\"http:\/\/blogdoprosperi.com\/2016\/10\/17\/sao-paulo-se-reinventa-com-garotos-vira-em-cima-do-fluminense-e-sai-da-uti\/\">S\u00e3o Paulo tamb\u00e9m teria feito consultas agentes ligados a Bernard <\/a>a respeito de uma negocia\u00e7\u00e3o por empr\u00e9stimo. Nada feito. Fontes desse blog garantem que o atacante n\u00e3o tem a menor chance de voltar ao futebol brasileiro na pr\u00f3xima temporada. Wellington Nem, ex-Fluminense, tamb\u00e9m interessa ao S\u00e3o Paulo.<\/p>\n<p>Bernard tem 24 anos e recebe 4,58 milh\u00f5es (R$ 15,81 milh\u00f5es) por ano no Shakhtar.<\/p>\n<p>Revelado no Atl\u00e9tico-MG, teve participa\u00e7\u00e3o importante na conquista da Copa Libertadores de 2013 no time dirigido por Cuca, que tinha Ronaldinho Ga\u00facho, J\u00f4 e Diego Tardelli. Suas atua\u00e7\u00f5es levaram Felip\u00e3o a convocar o atacante na Copa das Confedera\u00e7\u00f5es daquele ano e depois na Copa de 2014.<\/p>\n<p>No Mundial, entrou como titular no lugar de Neymar no fat\u00eddico jogo da semifinal contra Alemanha. Aquele do 7 a 1.<\/p>\n<p>&nbsp;<\/p>\n","protected":false},"excerpt":{"rendered":"<p>Assediado por S\u00e3o Paulo, Palmeiras e Flamengo, atacante Bernard n\u00e3o vai trocar o Shakhtar Donetsk, da Ucr\u00e2nia, por [&hellip;]<\/p>\n","protected":false},"author":102107496,"featured_media":0,"comment_status":"open","ping_status":"open","sticky":false,"template":"","format":"standard","meta":{"_coblocks_attr":"","_coblocks_dimensions":"","_coblocks_responsive_height":"","_coblocks_accordion_ie_support":"","_jetpack_newsletter_access":"","_jetpack_dont_email_post_to_subs":false,"_jetpack_newsletter_tier_id":0,"_jetpack_memberships_contains_paywalled_content":false,"_wpcom_ai_launchpad_first_post":false,"_jetpack_feature_clip_id":0,"_jetpack_memberships_contains_paid_content":false,"footnotes":"","jetpack_publicize_message":"","jetpack_publicize_feature_enabled":true,"jetpack_social_post_already_shared":false,"jetpack_social_options":{"image_generator_settings":{"template":"highway","default_image_id":0,"font":"","enabled":false},"version":2},"jetpack_post_was_ever_published":false},"categories":[355071,53870],"tags":[366291,98686,3020742,104071,789560560,972018,789560562,1758241],"class_list":["post-29520","post","type-post","status-publish","format-standard","hentry","category-campeonato-brasileiro","category-futebol","tag-atletico-mg","tag-bernard","tag-cr-flamengo","tag-felipao","tag-futebol","tag-sao-paulo-fc","tag-selecao-brasileira","tag-shakhtar-donetsk"],"yoast_head":"<!-- This site is optimized with the Yoast SEO plugin v28.3 - https:\/\/yoast.com\/product\/yoast-seo-wordpress\/ -->\n<title>Bernard n\u00e3o vai voltar ao Brasil e frustra S\u00e3o Paulo, Palmeiras e Flamengo - PR\u00d3SPERI NEWS<\/title>\n<meta name=\"robots\" content=\"index, follow, max-snippet:-1, max-image-preview:large, max-video-preview:-1\" \/>\n<link rel=\"canonical\" href=\"https:\/\/blogdoprosperi.com\/?p=29520\" \/>\n<meta property=\"og:locale\" content=\"pt_BR\" \/>\n<meta property=\"og:type\" content=\"article\" \/>\n<meta property=\"og:title\" content=\"Bernard n\u00e3o vai voltar ao Brasil e frustra S\u00e3o Paulo, Palmeiras e Flamengo - PR\u00d3SPERI NEWS\" \/>\n<meta property=\"og:description\" content=\"Assediado por S\u00e3o Paulo, Palmeiras e Flamengo, atacante Bernard n\u00e3o vai trocar o Shakhtar Donetsk, da Ucr\u00e2nia, por [&hellip;]\" \/>\n<meta property=\"og:url\" content=\"https:\/\/blogdoprosperi.com\/?p=29520\" \/>\n<meta property=\"og:site_name\" content=\"PR\u00d3SPERI NEWS\" \/>\n<meta property=\"article:publisher\" content=\"Luiz Pr\u00f3speri\" \/>\n<meta property=\"article:author\" content=\"Luiz Pr\u00f3speri\" \/>\n<meta property=\"article:published_time\" content=\"2016-10-21T21:19:48+00:00\" \/>\n<meta property=\"article:modified_time\" content=\"2016-10-21T21:25:21+00:00\" \/>\n<meta property=\"og:image\" content=\"https:\/\/i0.wp.com\/blogdoprosperi.com\/wp-content\/uploads\/2016\/10\/207416__max_news.jpg?w=466&#038;h=466&#038;crop=1&#038;ssl=1\" \/>\n<meta name=\"author\" content=\"Luiz Ant\u00f4nio Pr\u00f3speri\" \/>\n<meta name=\"twitter:card\" content=\"summary_large_image\" \/>\n<meta name=\"twitter:creator\" content=\"@Luizprosperi\" \/>\n<meta name=\"twitter:site\" content=\"@Luizprosperi\" \/>\n<meta name=\"twitter:label1\" content=\"Escrito por\" \/>\n\t<meta name=\"twitter:data1\" content=\"Luiz Ant\u00f4nio Pr\u00f3speri\" \/>\n\t<meta name=\"twitter:label2\" content=\"Est. tempo de leitura\" \/>\n\t<meta name=\"twitter:data2\" content=\"1 minuto\" \/>\n<script type=\"application\/ld+json\" class=\"yoast-schema-graph\">{\"@context\":\"https:\\\/\\\/schema.org\",\"@graph\":[{\"@type\":\"Article\",\"@id\":\"https:\\\/\\\/blogdoprosperi.com\\\/?p=29520#article\",\"isPartOf\":{\"@id\":\"https:\\\/\\\/blogdoprosperi.com\\\/?p=29520\"},\"author\":{\"name\":\"Luiz Ant\u00f4nio Pr\u00f3speri\",\"@id\":\"https:\\\/\\\/blogdoprosperi.com\\\/#\\\/schema\\\/person\\\/38100755ce3601861ee4fab9b5aa78e9\"},\"headline\":\"Bernard n\u00e3o vai voltar ao Brasil e frustra S\u00e3o Paulo, Palmeiras e Flamengo\",\"datePublished\":\"2016-10-21T21:19:48+00:00\",\"dateModified\":\"2016-10-21T21:25:21+00:00\",\"mainEntityOfPage\":{\"@id\":\"https:\\\/\\\/blogdoprosperi.com\\\/?p=29520\"},\"wordCount\":307,\"commentCount\":1,\"publisher\":{\"@id\":\"https:\\\/\\\/blogdoprosperi.com\\\/#\\\/schema\\\/person\\\/38100755ce3601861ee4fab9b5aa78e9\"},\"keywords\":[\"Atl\u00e9tico-MG\",\"Bernard\",\"CR Flamengo\",\"Felip\u00e3o\",\"futebol\",\"S\u00e3o Paulo FC\",\"Sele\u00e7\u00e3o Brasileira\",\"Shakhtar Donetsk\"],\"articleSection\":[\"Campeonato Brasileiro\",\"futebol\"],\"inLanguage\":\"pt-BR\",\"potentialAction\":[{\"@type\":\"CommentAction\",\"name\":\"Comment\",\"target\":[\"https:\\\/\\\/blogdoprosperi.com\\\/?p=29520#respond\"]}]},{\"@type\":\"WebPage\",\"@id\":\"https:\\\/\\\/blogdoprosperi.com\\\/?p=29520\",\"url\":\"https:\\\/\\\/blogdoprosperi.com\\\/?p=29520\",\"name\":\"Bernard n\u00e3o vai voltar ao Brasil e frustra S\u00e3o Paulo, Palmeiras e Flamengo - PR\u00d3SPERI NEWS\",\"isPartOf\":{\"@id\":\"https:\\\/\\\/blogdoprosperi.com\\\/#website\"},\"datePublished\":\"2016-10-21T21:19:48+00:00\",\"dateModified\":\"2016-10-21T21:25:21+00:00\",\"breadcrumb\":{\"@id\":\"https:\\\/\\\/blogdoprosperi.com\\\/?p=29520#breadcrumb\"},\"inLanguage\":\"pt-BR\",\"potentialAction\":[{\"@type\":\"ReadAction\",\"target\":[\"https:\\\/\\\/blogdoprosperi.com\\\/?p=29520\"]}]},{\"@type\":\"BreadcrumbList\",\"@id\":\"https:\\\/\\\/blogdoprosperi.com\\\/?p=29520#breadcrumb\",\"itemListElement\":[{\"@type\":\"ListItem\",\"position\":1,\"name\":\"In\u00edcio\",\"item\":\"https:\\\/\\\/blogdoprosperi.com\\\/\"},{\"@type\":\"ListItem\",\"position\":2,\"name\":\"Bernard n\u00e3o vai voltar ao Brasil e frustra S\u00e3o Paulo, Palmeiras e Flamengo\"}]},{\"@type\":\"WebSite\",\"@id\":\"https:\\\/\\\/blogdoprosperi.com\\\/#website\",\"url\":\"https:\\\/\\\/blogdoprosperi.com\\\/\",\"name\":\"PR\u00d3SPERI NEWS\",\"description\":\"TUDO \u00c9  FUTEBOL\",\"publisher\":{\"@id\":\"https:\\\/\\\/blogdoprosperi.com\\\/#\\\/schema\\\/person\\\/38100755ce3601861ee4fab9b5aa78e9\"},\"alternateName\":\"blogdoprosperi.com\",\"potentialAction\":[{\"@type\":\"SearchAction\",\"target\":{\"@type\":\"EntryPoint\",\"urlTemplate\":\"https:\\\/\\\/blogdoprosperi.com\\\/?s={search_term_string}\"},\"query-input\":{\"@type\":\"PropertyValueSpecification\",\"valueRequired\":true,\"valueName\":\"search_term_string\"}}],\"inLanguage\":\"pt-BR\"},{\"@type\":[\"Person\",\"Organization\"],\"@id\":\"https:\\\/\\\/blogdoprosperi.com\\\/#\\\/schema\\\/person\\\/38100755ce3601861ee4fab9b5aa78e9\",\"name\":\"Luiz Ant\u00f4nio Pr\u00f3speri\",\"pronouns\":\"ele\",\"image\":{\"@type\":\"ImageObject\",\"inLanguage\":\"pt-BR\",\"@id\":\"https:\\\/\\\/i0.wp.com\\\/blogdoprosperi.com\\\/wp-content\\\/uploads\\\/2026\\\/05\\\/cropped-8059e613-6002-42fa-961e-8e275f575d71-2-5.jpg?fit=1360%2C931&ssl=1\",\"url\":\"https:\\\/\\\/i0.wp.com\\\/blogdoprosperi.com\\\/wp-content\\\/uploads\\\/2026\\\/05\\\/cropped-8059e613-6002-42fa-961e-8e275f575d71-2-5.jpg?fit=1360%2C931&ssl=1\",\"contentUrl\":\"https:\\\/\\\/i0.wp.com\\\/blogdoprosperi.com\\\/wp-content\\\/uploads\\\/2026\\\/05\\\/cropped-8059e613-6002-42fa-961e-8e275f575d71-2-5.jpg?fit=1360%2C931&ssl=1\",\"width\":1360,\"height\":931,\"caption\":\"Luiz Ant\u00f4nio Pr\u00f3speri\"},\"logo\":{\"@id\":\"https:\\\/\\\/i0.wp.com\\\/blogdoprosperi.com\\\/wp-content\\\/uploads\\\/2026\\\/05\\\/cropped-8059e613-6002-42fa-961e-8e275f575d71-2-5.jpg?fit=1360%2C931&ssl=1\"},\"description\":\"Jornalista com carreira dedicada ao esporte. Cobriu 9 Copas do Mundo in loco, 1990 na It\u00e1lia, 1994 nos EUA, 1998 na Fran\u00e7a, 2002 na Coreia do Sul e Jap\u00e3o, 2006 na Alemanha, 2010 na \u00c1frica do Sul, 2014 no Brasil, 2018 na R\u00fassia e 2022 no Qatar. Eurocopas, 1992 na Su\u00e9cia e 1996 na Inglaterra. Copa das Confedera\u00e7\u00f5es de 2005 na Alemanha e 2009 na \u00c1frica do Sul. Rep\u00f3rter e Editor, trabalhou no Jornal da Tarde e Estad\u00e3o, de 1984 a fevereiro de 2016. Colunista, blogueiro. E comentarista de futebol na R\u00e1dio Estad\u00e3o, de 2013 a fevereiro de 2016. Jornalista respons\u00e1vel do \\\"Pr\u00f3speri News\\\" (blogdoprosperi.com).\",\"sameAs\":[\"http:\\\/\\\/blogdoprosperi.com\",\"Luiz Pr\u00f3speri\",\"@luiz_prosperi\",\"https:\\\/\\\/x.com\\\/Luizprosperi\",\"@prosperinacopa\",\"luiz.prosperi@icloud.com\"],\"url\":\"https:\\\/\\\/blogdoprosperi.com\\\/?author=102107496\"}]}<\/script>\n<!-- \/ Yoast SEO plugin. -->","yoast_head_json":{"title":"Bernard n\u00e3o vai voltar ao Brasil e frustra S\u00e3o Paulo, Palmeiras e Flamengo - PR\u00d3SPERI NEWS","robots":{"index":"index","follow":"follow","max-snippet":"max-snippet:-1","max-image-preview":"max-image-preview:large","max-video-preview":"max-video-preview:-1"},"canonical":"https:\/\/blogdoprosperi.com\/?p=29520","og_locale":"pt_BR","og_type":"article","og_title":"Bernard n\u00e3o vai voltar ao Brasil e frustra S\u00e3o Paulo, Palmeiras e Flamengo - PR\u00d3SPERI NEWS","og_description":"Assediado por S\u00e3o Paulo, Palmeiras e Flamengo, atacante Bernard n\u00e3o vai trocar o Shakhtar Donetsk, da Ucr\u00e2nia, por [&hellip;]","og_url":"https:\/\/blogdoprosperi.com\/?p=29520","og_site_name":"PR\u00d3SPERI NEWS","article_publisher":"Luiz Pr\u00f3speri","article_author":"Luiz Pr\u00f3speri","article_published_time":"2016-10-21T21:19:48+00:00","article_modified_time":"2016-10-21T21:25:21+00:00","og_image":[{"url":"https:\/\/i0.wp.com\/blogdoprosperi.com\/wp-content\/uploads\/2016\/10\/207416__max_news.jpg?w=466&#038;h=466&#038;crop=1&#038;ssl=1","type":"","width":"","height":""}],"author":"Luiz Ant\u00f4nio Pr\u00f3speri","twitter_card":"summary_large_image","twitter_creator":"@Luizprosperi","twitter_site":"@Luizprosperi","twitter_misc":{"Escrito por":"Luiz Ant\u00f4nio Pr\u00f3speri","Est. tempo de leitura":"1 minuto"},"schema":{"@context":"https:\/\/schema.org","@graph":[{"@type":"Article","@id":"https:\/\/blogdoprosperi.com\/?p=29520#article","isPartOf":{"@id":"https:\/\/blogdoprosperi.com\/?p=29520"},"author":{"name":"Luiz Ant\u00f4nio Pr\u00f3speri","@id":"https:\/\/blogdoprosperi.com\/#\/schema\/person\/38100755ce3601861ee4fab9b5aa78e9"},"headline":"Bernard n\u00e3o vai voltar ao Brasil e frustra S\u00e3o Paulo, Palmeiras e Flamengo","datePublished":"2016-10-21T21:19:48+00:00","dateModified":"2016-10-21T21:25:21+00:00","mainEntityOfPage":{"@id":"https:\/\/blogdoprosperi.com\/?p=29520"},"wordCount":307,"commentCount":1,"publisher":{"@id":"https:\/\/blogdoprosperi.com\/#\/schema\/person\/38100755ce3601861ee4fab9b5aa78e9"},"keywords":["Atl\u00e9tico-MG","Bernard","CR Flamengo","Felip\u00e3o","futebol","S\u00e3o Paulo FC","Sele\u00e7\u00e3o Brasileira","Shakhtar Donetsk"],"articleSection":["Campeonato Brasileiro","futebol"],"inLanguage":"pt-BR","potentialAction":[{"@type":"CommentAction","name":"Comment","target":["https:\/\/blogdoprosperi.com\/?p=29520#respond"]}]},{"@type":"WebPage","@id":"https:\/\/blogdoprosperi.com\/?p=29520","url":"https:\/\/blogdoprosperi.com\/?p=29520","name":"Bernard n\u00e3o vai voltar ao Brasil e frustra S\u00e3o Paulo, Palmeiras e Flamengo - PR\u00d3SPERI NEWS","isPartOf":{"@id":"https:\/\/blogdoprosperi.com\/#website"},"datePublished":"2016-10-21T21:19:48+00:00","dateModified":"2016-10-21T21:25:21+00:00","breadcrumb":{"@id":"https:\/\/blogdoprosperi.com\/?p=29520#breadcrumb"},"inLanguage":"pt-BR","potentialAction":[{"@type":"ReadAction","target":["https:\/\/blogdoprosperi.com\/?p=29520"]}]},{"@type":"BreadcrumbList","@id":"https:\/\/blogdoprosperi.com\/?p=29520#breadcrumb","itemListElement":[{"@type":"ListItem","position":1,"name":"In\u00edcio","item":"https:\/\/blogdoprosperi.com\/"},{"@type":"ListItem","position":2,"name":"Bernard n\u00e3o vai voltar ao Brasil e frustra S\u00e3o Paulo, Palmeiras e Flamengo"}]},{"@type":"WebSite","@id":"https:\/\/blogdoprosperi.com\/#website","url":"https:\/\/blogdoprosperi.com\/","name":"PR\u00d3SPERI NEWS","description":"TUDO \u00c9  FUTEBOL","publisher":{"@id":"https:\/\/blogdoprosperi.com\/#\/schema\/person\/38100755ce3601861ee4fab9b5aa78e9"},"alternateName":"blogdoprosperi.com","potentialAction":[{"@type":"SearchAction","target":{"@type":"EntryPoint","urlTemplate":"https:\/\/blogdoprosperi.com\/?s={search_term_string}"},"query-input":{"@type":"PropertyValueSpecification","valueRequired":true,"valueName":"search_term_string"}}],"inLanguage":"pt-BR"},{"@type":["Person","Organization"],"@id":"https:\/\/blogdoprosperi.com\/#\/schema\/person\/38100755ce3601861ee4fab9b5aa78e9","name":"Luiz Ant\u00f4nio Pr\u00f3speri","pronouns":"ele","image":{"@type":"ImageObject","inLanguage":"pt-BR","@id":"https:\/\/i0.wp.com\/blogdoprosperi.com\/wp-content\/uploads\/2026\/05\/cropped-8059e613-6002-42fa-961e-8e275f575d71-2-5.jpg?fit=1360%2C931&ssl=1","url":"https:\/\/i0.wp.com\/blogdoprosperi.com\/wp-content\/uploads\/2026\/05\/cropped-8059e613-6002-42fa-961e-8e275f575d71-2-5.jpg?fit=1360%2C931&ssl=1","contentUrl":"https:\/\/i0.wp.com\/blogdoprosperi.com\/wp-content\/uploads\/2026\/05\/cropped-8059e613-6002-42fa-961e-8e275f575d71-2-5.jpg?fit=1360%2C931&ssl=1","width":1360,"height":931,"caption":"Luiz Ant\u00f4nio Pr\u00f3speri"},"logo":{"@id":"https:\/\/i0.wp.com\/blogdoprosperi.com\/wp-content\/uploads\/2026\/05\/cropped-8059e613-6002-42fa-961e-8e275f575d71-2-5.jpg?fit=1360%2C931&ssl=1"},"description":"Jornalista com carreira dedicada ao esporte. Cobriu 9 Copas do Mundo in loco, 1990 na It\u00e1lia, 1994 nos EUA, 1998 na Fran\u00e7a, 2002 na Coreia do Sul e Jap\u00e3o, 2006 na Alemanha, 2010 na \u00c1frica do Sul, 2014 no Brasil, 2018 na R\u00fassia e 2022 no Qatar. Eurocopas, 1992 na Su\u00e9cia e 1996 na Inglaterra. Copa das Confedera\u00e7\u00f5es de 2005 na Alemanha e 2009 na \u00c1frica do Sul. Rep\u00f3rter e Editor, trabalhou no Jornal da Tarde e Estad\u00e3o, de 1984 a fevereiro de 2016. Colunista, blogueiro. E comentarista de futebol na R\u00e1dio Estad\u00e3o, de 2013 a fevereiro de 2016. Jornalista respons\u00e1vel do \"Pr\u00f3speri News\" (blogdoprosperi.com).","sameAs":["http:\/\/blogdoprosperi.com","Luiz Pr\u00f3speri","@luiz_prosperi","https:\/\/x.com\/Luizprosperi","@prosperinacopa","luiz.prosperi@icloud.com"],"url":"https:\/\/blogdoprosperi.com\/?author=102107496"}]}},"jetpack_publicize_connections":[],"jetpack_likes_enabled":false,"jetpack_sharing_enabled":true,"jetpack_shortlink":"https:\/\/wp.me\/p7jvdk-7G8","jetpack-related-posts":[{"id":16759,"url":"https:\/\/blogdoprosperi.com\/?p=16759","url_meta":{"origin":29520,"position":0},"title":"Diego no Flamengo ou como \u00e9 muito f\u00e1cil jogar no Brasil","author":"Luiz Ant\u00f4nio Pr\u00f3speri","date":"19 de julho de 2016","format":false,"excerpt":"Flamengo anunciou a contrata\u00e7\u00e3o do meia Diego nesta ter\u00e7a-feira (19\/7), \u00faltimo dia para se comprar jogadores que atuam fora do Brasil. Aos 31 anos e desde 2004 no futebol internacional, o meia assinou contrato de tr\u00eas anos com o clube carioca. Vai receber R$ 600 mil por m\u00eas de sal\u00e1rios.\u2026","rel":"","context":"Em &quot;futebol&quot;","block_context":{"text":"futebol","link":"https:\/\/blogdoprosperi.com\/?cat=53870"},"img":{"alt_text":"","src":"https:\/\/i0.wp.com\/blogdoprosperi.com\/wp-content\/uploads\/2016\/07\/622_a988a3d2-4ac2-36b2-8978-2b1ddc65f8a9.jpg?resize=350%2C200&ssl=1","width":350,"height":200,"srcset":"https:\/\/i0.wp.com\/blogdoprosperi.com\/wp-content\/uploads\/2016\/07\/622_a988a3d2-4ac2-36b2-8978-2b1ddc65f8a9.jpg?resize=350%2C200&ssl=1 1x, https:\/\/i0.wp.com\/blogdoprosperi.com\/wp-content\/uploads\/2016\/07\/622_a988a3d2-4ac2-36b2-8978-2b1ddc65f8a9.jpg?resize=525%2C300&ssl=1 1.5x"},"classes":[]},{"id":46873,"url":"https:\/\/blogdoprosperi.com\/?p=46873","url_meta":{"origin":29520,"position":1},"title":"Mercado Futebol | Santos Contrata Z\u00e9 Rafael e Ver\u00f3n, Cruzeiro Rifa Diniz e Fecha com Renato Ga\u00facho","author":"Luiz Ant\u00f4nio Pr\u00f3speri","date":"27 de janeiro de 2025","format":false,"excerpt":"Luiz Ant\u00f4nio Pr\u00f3speri \u2013 27 janeiro (20h25) \u2013 Confira aqui principais negocia\u00e7\u00f5es no mercado do futebol brasileiro temporada 2025. P\u00e1gina ser\u00e1 atualizada com novas transfer\u00eancias de jogadores e treinadores. E mais: an\u00e1lise de cada transa\u00e7\u00e3o. Segunda-feira \u2013 27 janeiro \u2013 20h15 SANTOS FILIAL DO PALMEIRAS? Santos anuncia contrata\u00e7\u00e3o do volante\u2026","rel":"","context":"Em &quot;futebol&quot;","block_context":{"text":"futebol","link":"https:\/\/blogdoprosperi.com\/?cat=53870"},"img":{"alt_text":"","src":"https:\/\/i0.wp.com\/blogdoprosperi.com\/wp-content\/uploads\/2024\/11\/54160663755_bfe3e8aaca_c.jpg?fit=800%2C450&ssl=1&resize=350%2C200","width":350,"height":200,"srcset":"https:\/\/i0.wp.com\/blogdoprosperi.com\/wp-content\/uploads\/2024\/11\/54160663755_bfe3e8aaca_c.jpg?fit=800%2C450&ssl=1&resize=350%2C200 1x, https:\/\/i0.wp.com\/blogdoprosperi.com\/wp-content\/uploads\/2024\/11\/54160663755_bfe3e8aaca_c.jpg?fit=800%2C450&ssl=1&resize=525%2C300 1.5x, https:\/\/i0.wp.com\/blogdoprosperi.com\/wp-content\/uploads\/2024\/11\/54160663755_bfe3e8aaca_c.jpg?fit=800%2C450&ssl=1&resize=700%2C400 2x"},"classes":[]},{"id":44190,"url":"https:\/\/blogdoprosperi.com\/?p=44190","url_meta":{"origin":29520,"position":2},"title":"Brasileir\u00e3o 2024: refor\u00e7os e retornos da Copa Am\u00e9rica mudam rumo do campeonato","author":"Luiz Ant\u00f4nio Pr\u00f3speri","date":"15 de julho de 2024","format":false,"excerpt":"Brasileir\u00e3o 2024 come\u00e7a para valer a partir de ter\u00e7a-feira (16\/7), mesmo j\u00e1 avan\u00e7ando na sua 17.a rodada. Enfim, entram em campo os refor\u00e7os liberados na abertura da janela de transfer\u00eancia, dia 10 \u00faltimo, e os que retornam da Copa Am\u00e9rica. Nos tablets, t\u00e9cnicos rabiscam estrat\u00e9gias diversas diante da proximidade das\u2026","rel":"","context":"Em &quot;futebol&quot;","block_context":{"text":"futebol","link":"https:\/\/blogdoprosperi.com\/?cat=53870"},"img":{"alt_text":"Felipe Anderson refor\u00e7a Palmeiras","src":"https:\/\/i0.wp.com\/blogdoprosperi.com\/wp-content\/uploads\/2024\/07\/53859015863_7ac9fcb0ba_h.jpg?fit=1200%2C675&ssl=1&resize=350%2C200","width":350,"height":200,"srcset":"https:\/\/i0.wp.com\/blogdoprosperi.com\/wp-content\/uploads\/2024\/07\/53859015863_7ac9fcb0ba_h.jpg?fit=1200%2C675&ssl=1&resize=350%2C200 1x, https:\/\/i0.wp.com\/blogdoprosperi.com\/wp-content\/uploads\/2024\/07\/53859015863_7ac9fcb0ba_h.jpg?fit=1200%2C675&ssl=1&resize=525%2C300 1.5x, https:\/\/i0.wp.com\/blogdoprosperi.com\/wp-content\/uploads\/2024\/07\/53859015863_7ac9fcb0ba_h.jpg?fit=1200%2C675&ssl=1&resize=700%2C400 2x, https:\/\/i0.wp.com\/blogdoprosperi.com\/wp-content\/uploads\/2024\/07\/53859015863_7ac9fcb0ba_h.jpg?fit=1200%2C675&ssl=1&resize=1050%2C600 3x"},"classes":[]},{"id":41019,"url":"https:\/\/blogdoprosperi.com\/?p=41019","url_meta":{"origin":29520,"position":3},"title":"Futebol brasileiro em estado lis\u00e9rgico no mercado da bola","author":"Luiz Ant\u00f4nio Pr\u00f3speri","date":"6 de janeiro de 2023","format":false,"excerpt":"Corinthians faz proposta por Cristiano Ronaldo, antes do neg\u00f3cio das Ar\u00e1bias. Flamengo resgata Coringa. E garotos, cada vez mais, trocam Brasil pela Europa","rel":"","context":"Em &quot;futebol&quot;","block_context":{"text":"futebol","link":"https:\/\/blogdoprosperi.com\/?cat=53870"},"img":{"alt_text":"","src":"https:\/\/i0.wp.com\/blogdoprosperi.com\/wp-content\/uploads\/2023\/01\/materiasrepositorio-1570017750.png?fit=1200%2C675&ssl=1&resize=350%2C200","width":350,"height":200,"srcset":"https:\/\/i0.wp.com\/blogdoprosperi.com\/wp-content\/uploads\/2023\/01\/materiasrepositorio-1570017750.png?fit=1200%2C675&ssl=1&resize=350%2C200 1x, https:\/\/i0.wp.com\/blogdoprosperi.com\/wp-content\/uploads\/2023\/01\/materiasrepositorio-1570017750.png?fit=1200%2C675&ssl=1&resize=525%2C300 1.5x, https:\/\/i0.wp.com\/blogdoprosperi.com\/wp-content\/uploads\/2023\/01\/materiasrepositorio-1570017750.png?fit=1200%2C675&ssl=1&resize=700%2C400 2x, https:\/\/i0.wp.com\/blogdoprosperi.com\/wp-content\/uploads\/2023\/01\/materiasrepositorio-1570017750.png?fit=1200%2C675&ssl=1&resize=1050%2C600 3x"},"classes":[]},{"id":2754,"url":"https:\/\/blogdoprosperi.com\/?p=2754","url_meta":{"origin":29520,"position":4},"title":"De Ganso a Thiago Silva, as incoer\u00eancias de Dunga","author":"Luiz Ant\u00f4nio Pr\u00f3speri","date":"2 de maio de 2016","format":false,"excerpt":"Abandonado por t\u00e9cnicos brasileiros, Ganso volta \u00e0 Sele\u00e7\u00e3o pelas m\u00e3os de um treinador argentino. Thiago Silva n\u00e3o tem essa sorte. Encanta a Europa e n\u00e3o a CBF Treinadores brasileiros n\u00e3o costumam recuperar jogadores que caem em descr\u00e9dito. T\u00e9cnicos da Sele\u00e7\u00e3o Brasileira, ent\u00e3o, nem se fala. Neste momento quem paga a\u2026","rel":"","context":"Em &quot;futebol&quot;","block_context":{"text":"futebol","link":"https:\/\/blogdoprosperi.com\/?cat=53870"},"img":{"alt_text":"","src":"https:\/\/i0.wp.com\/blogdoprosperi.com\/wp-content\/uploads\/2016\/04\/c_29_fotogallery_1005143__imagegallery__imagegalleryitem_158_image.jpg?resize=350%2C200&ssl=1","width":350,"height":200,"srcset":"https:\/\/i0.wp.com\/blogdoprosperi.com\/wp-content\/uploads\/2016\/04\/c_29_fotogallery_1005143__imagegallery__imagegalleryitem_158_image.jpg?resize=350%2C200&ssl=1 1x, https:\/\/i0.wp.com\/blogdoprosperi.com\/wp-content\/uploads\/2016\/04\/c_29_fotogallery_1005143__imagegallery__imagegalleryitem_158_image.jpg?resize=525%2C300&ssl=1 1.5x, https:\/\/i0.wp.com\/blogdoprosperi.com\/wp-content\/uploads\/2016\/04\/c_29_fotogallery_1005143__imagegallery__imagegalleryitem_158_image.jpg?resize=700%2C400&ssl=1 2x"},"classes":[]},{"id":45813,"url":"https:\/\/blogdoprosperi.com\/?p=45813","url_meta":{"origin":29520,"position":5},"title":"Brasil Precisa de Mais Brasil nas Eliminat\u00f3rias Sul-Americanas da Copa 2026","author":"Luiz Ant\u00f4nio Pr\u00f3speri","date":"11 de outubro de 2024","format":false,"excerpt":"Luiz Ant\u00f4nio Pr\u00f3speri \u2013 11 outubro (12h00) Botafogo empresta tr\u00eas jogadores \u00e0 Sele\u00e7\u00e3o Brasileira de Dorival Junior. Dois deles \u2013 Ygor Jesus e Luiz Henrique \u2013 convertem os gols da vit\u00f3ria (2 a 1) contra o Chile na quinta-feira (10\/10). O gol dos chilenos foi de Vargas, atacante reserva do\u2026","rel":"","context":"Em &quot;futebol&quot;","block_context":{"text":"futebol","link":"https:\/\/blogdoprosperi.com\/?cat=53870"},"img":{"alt_text":"Brasil precisa de mais Brasil nas Eliminat\u00f3rias","src":"https:\/\/i0.wp.com\/blogdoprosperi.com\/wp-content\/uploads\/2024\/10\/54058732893_a40e895ecc_k.jpg?fit=1200%2C819&ssl=1&resize=350%2C200","width":350,"height":200,"srcset":"https:\/\/i0.wp.com\/blogdoprosperi.com\/wp-content\/uploads\/2024\/10\/54058732893_a40e895ecc_k.jpg?fit=1200%2C819&ssl=1&resize=350%2C200 1x, https:\/\/i0.wp.com\/blogdoprosperi.com\/wp-content\/uploads\/2024\/10\/54058732893_a40e895ecc_k.jpg?fit=1200%2C819&ssl=1&resize=525%2C300 1.5x, https:\/\/i0.wp.com\/blogdoprosperi.com\/wp-content\/uploads\/2024\/10\/54058732893_a40e895ecc_k.jpg?fit=1200%2C819&ssl=1&resize=700%2C400 2x, https:\/\/i0.wp.com\/blogdoprosperi.com\/wp-content\/uploads\/2024\/10\/54058732893_a40e895ecc_k.jpg?fit=1200%2C819&ssl=1&resize=1050%2C600 3x"},"classes":[]}],"jetpack_featured_media_url":"","_links":{"self":[{"href":"https:\/\/blogdoprosperi.com\/index.php?rest_route=\/wp\/v2\/posts\/29520","targetHints":{"allow":["GET"]}}],"collection":[{"href":"https:\/\/blogdoprosperi.com\/index.php?rest_route=\/wp\/v2\/posts"}],"about":[{"href":"https:\/\/blogdoprosperi.com\/index.php?rest_route=\/wp\/v2\/types\/post"}],"author":[{"embeddable":true,"href":"https:\/\/blogdoprosperi.com\/index.php?rest_route=\/wp\/v2\/users\/102107496"}],"replies":[{"embeddable":true,"href":"https:\/\/blogdoprosperi.com\/index.php?rest_route=%2Fwp%2Fv2%2Fcomments&post=29520"}],"version-history":[{"count":25,"href":"https:\/\/blogdoprosperi.com\/index.php?rest_route=\/wp\/v2\/posts\/29520\/revisions"}],"predecessor-version":[{"id":29568,"href":"https:\/\/blogdoprosperi.com\/index.php?rest_route=\/wp\/v2\/posts\/29520\/revisions\/29568"}],"wp:attachment":[{"href":"https:\/\/blogdoprosperi.com\/index.php?rest_route=%2Fwp%2Fv2%2Fmedia&parent=29520"}],"wp:term":[{"taxonomy":"category","embeddable":true,"href":"https:\/\/blogdoprosperi.com\/index.php?rest_route=%2Fwp%2Fv2%2Fcategories&post=29520"},{"taxonomy":"post_tag","embeddable":true,"href":"https:\/\/blogdoprosperi.com\/index.php?rest_route=%2Fwp%2Fv2%2Ftags&post=29520"}],"curies":[{"name":"wp","href":"https:\/\/api.w.org\/{rel}","templated":true}]}}