{"id":29720,"date":"2016-10-23T15:43:28","date_gmt":"2016-10-23T17:43:28","guid":{"rendered":"http:\/\/blogdoprosperi.com\/?p=29720"},"modified":"2016-10-23T15:43:29","modified_gmt":"2016-10-23T17:43:29","slug":"ministerio-publico-de-sao-paulo-confirma-ameaca-e-fecha-rua-turiassu-reduto-de-palmeirenses-com-acao-da-policia-militar","status":"publish","type":"post","link":"https:\/\/blogdoprosperi.com\/?p=29720","title":{"rendered":"Minist\u00e9rio P\u00fablico de S\u00e3o Paulo confirma amea\u00e7a e fecha rua Turiassu, reduto de palmeirenses, com a\u00e7\u00e3o da Pol\u00edcia Militar"},"content":{"rendered":"<div class=\"tiled-gallery type-square tiled-gallery-unresized\" data-original-width=\"940\" data-carousel-extra='{&quot;blog_id&quot;:1,&quot;permalink&quot;:&quot;https:\\\/\\\/blogdoprosperi.com\\\/?p=29720&quot;,&quot;likes_blog_id&quot;:108082574}' itemscope itemtype=\"http:\/\/schema.org\/ImageGallery\" > <div class=\"gallery-row\" style=\"width: 940px; height: 470px;\" data-original-width=\"940\" data-original-height=\"470\" > <div class=\"gallery-group\" style=\"width: 470px; height: 470px;\" data-original-width=\"470\" data-original-height=\"470\" > <div class=\"tiled-gallery-item \" itemprop=\"associatedMedia\" itemscope itemtype=\"http:\/\/schema.org\/ImageObject\"> <a href=\"https:\/\/blogdoprosperi.com\/?attachment_id=29735\" border=\"0\" itemprop=\"url\"> <meta itemprop=\"width\" content=\"466\"> <meta itemprop=\"height\" content=\"466\"> <img decoding=\"async\" class=\"\" data-attachment-id=\"29735\" data-orig-file=\"https:\/\/blogdoprosperi.com\/wp-content\/uploads\/2016\/10\/0000030946_0001.jpg\" data-orig-size=\"640,427\" data-comments-opened=\"1\" data-image-meta=\"{&quot;aperture&quot;:&quot;0&quot;,&quot;credit&quot;:&quot;&quot;,&quot;camera&quot;:&quot;&quot;,&quot;caption&quot;:&quot;&quot;,&quot;created_timestamp&quot;:&quot;0&quot;,&quot;copyright&quot;:&quot;&quot;,&quot;focal_length&quot;:&quot;0&quot;,&quot;iso&quot;:&quot;0&quot;,&quot;shutter_speed&quot;:&quot;0&quot;,&quot;title&quot;:&quot;&quot;,&quot;orientation&quot;:&quot;0&quot;}\" data-image-title=\"0000030946_0001\" data-image-description=\"\" data-medium-file=\"https:\/\/i0.wp.com\/blogdoprosperi.com\/wp-content\/uploads\/2016\/10\/0000030946_0001.jpg?fit=567%2C378&#038;ssl=1\" data-large-file=\"https:\/\/i0.wp.com\/blogdoprosperi.com\/wp-content\/uploads\/2016\/10\/0000030946_0001.jpg?fit=640%2C427&#038;ssl=1\" src=\"https:\/\/i0.wp.com\/blogdoprosperi.com\/wp-content\/uploads\/2016\/10\/0000030946_0001.jpg?w=466&#038;h=466&#038;crop=1&#038;ssl=1\" width=\"466\" height=\"466\" loading=\"lazy\" data-original-width=\"466\" data-original-height=\"466\" itemprop=\"http:\/\/schema.org\/image\" title=\"0000030946_0001\" alt=\"Turiass\u00fa desperta com bloqueio da PM\" style=\"width: 466px; height: 466px;\" \/> <\/a> <div class=\"tiled-gallery-caption\" itemprop=\"caption description\"> Turiass\u00fa desperta com bloqueio da PM <\/div> <\/div> <\/div> <div class=\"gallery-group\" style=\"width: 470px; height: 470px;\" data-original-width=\"470\" data-original-height=\"470\" > <div class=\"tiled-gallery-item \" itemprop=\"associatedMedia\" itemscope itemtype=\"http:\/\/schema.org\/ImageObject\"> <a href=\"https:\/\/blogdoprosperi.com\/?attachment_id=29736\" border=\"0\" itemprop=\"url\"> <meta itemprop=\"width\" content=\"466\"> <meta itemprop=\"height\" content=\"466\"> <img decoding=\"async\" class=\"\" data-attachment-id=\"29736\" data-orig-file=\"https:\/\/blogdoprosperi.com\/wp-content\/uploads\/2016\/10\/turiassu-palmeiras.jpg\" data-orig-size=\"652,408\" data-comments-opened=\"1\" data-image-meta=\"{&quot;aperture&quot;:&quot;0&quot;,&quot;credit&quot;:&quot;&quot;,&quot;camera&quot;:&quot;&quot;,&quot;caption&quot;:&quot;&quot;,&quot;created_timestamp&quot;:&quot;0&quot;,&quot;copyright&quot;:&quot;&quot;,&quot;focal_length&quot;:&quot;0&quot;,&quot;iso&quot;:&quot;0&quot;,&quot;shutter_speed&quot;:&quot;0&quot;,&quot;title&quot;:&quot;&quot;,&quot;orientation&quot;:&quot;0&quot;}\" data-image-title=\"turiassu-palmeiras\" data-image-description=\"\" data-medium-file=\"https:\/\/i0.wp.com\/blogdoprosperi.com\/wp-content\/uploads\/2016\/10\/turiassu-palmeiras.jpg?fit=604%2C378&#038;ssl=1\" data-large-file=\"https:\/\/i0.wp.com\/blogdoprosperi.com\/wp-content\/uploads\/2016\/10\/turiassu-palmeiras.jpg?fit=652%2C408&#038;ssl=1\" src=\"https:\/\/i0.wp.com\/blogdoprosperi.com\/wp-content\/uploads\/2016\/10\/turiassu-palmeiras.jpg?w=466&#038;h=466&#038;crop=1&#038;ssl=1\" width=\"466\" height=\"466\" loading=\"lazy\" data-original-width=\"466\" data-original-height=\"466\" itemprop=\"http:\/\/schema.org\/image\" title=\"turiassu-palmeiras\" alt=\"Turiass\u00fa em festa cheia de palmeirenses\" style=\"width: 466px; height: 466px;\" \/> <\/a> <div class=\"tiled-gallery-caption\" itemprop=\"caption description\"> Turiass\u00fa em festa cheia de palmeirenses <\/div> <\/div> <\/div> <\/div> <\/div>\n<p>A\u00e7\u00e3o da Pol\u00edcia Militar neste in\u00edcio de tarde nos arredores do Allianz Parque n\u00e3o \u00e9 uma surpresa a este <strong>Blog do Pr\u00f3speri<\/strong>. Em junho, a informa\u00e7\u00e3o estava em um post deste blog, quando o promotor Paulo Castilho, do Minist\u00e9rio P\u00fablico de SP, amea\u00e7ava uma interven\u00e7\u00e3o nas ruas que circundam o est\u00e1dio do Palmeiras. Passados quatro meses, Castilho cumpriu com o que havia declarado em um simp\u00f3sio sobre viol\u00eancia no futebol paulista, em junho. A rua est\u00e1 bloqueada neste domingo (23\/10) e s\u00f3 entra quem tem ingressos. Nas redes sociais, torcedores do Palmeiras mostram sua indigna\u00e7\u00e3o e repulsa \u00e0 decis\u00e3o das forcas de seguran\u00e7a do governo Geraldo Alkimin e MP de SP.<!--more--><\/p>\n<p>Veja o post publicado em junho neste blog:<\/p>\n<p>Ref\u00e9ns da\u00a0<a href=\"https:\/\/blogdoprosperi.com\/2016\/06\/14\/seguranca-na-eurocopa-falha-e-guerra-entre-ingleses-e-russos-nao-tem-data-para-acabar\/\" target=\"_blank\">viol\u00eancia no futebol<\/a>, governo, pol\u00edcia, Minist\u00e9rio P\u00fablico, gestores de clubes, federa\u00e7\u00f5es e CBF est\u00e3o perdidos. Desde 1995, quando um torcedor foi morto a pauladas no Pacaembu no confronto entre fac\u00e7\u00f5es de S\u00e3o Paulo e Palmeiras, uma s\u00e9rie de provid\u00eancias, leis e repress\u00e3o n\u00e3o tem evitado batalhas e execu\u00e7\u00f5es a ferro, pau e fogo de torcedores.<\/p>\n<p>Voltando a 1995, ap\u00f3s o sangue derramado e uma morte atestada no conflito entre torcedores na final da Supercopa de Juniores entre Palmeiras e S\u00e3o Paulo, o MP, na \u00e9poca sob a guarda do promotor Fernando Capez, extinguiu torcidas organizadas, vetou bebida alco\u00f3lica e o uso de bandeiras com mastro nos est\u00e1dios. Capez se saiu como o paladino das arquibancadas.<\/p>\n<p>Passado o tempo, as fac\u00e7\u00f5es voltaram a frequentar as arenas, nunca se bebeu tanto em torno dos est\u00e1dios, as batalhas se alastraram e mais mortes foram e vem sendo computadas m\u00eas a m\u00eas. Apenas bandeiras n\u00e3o tremulam mais nas arenas.<\/p>\n<p>Estamos em 2016, 21 anos depois da morte no Pacaembu, Capez virou deputado estadual, presidente da Assembleia Legislativa e acusado de envolvimento no esc\u00e2ndalo da merenda no Estado de S\u00e3o Paulo.<\/p>\n<p>Alexandre Moraes, hoje Ministro da Justi\u00e7a no governo interino e acusado de golpista Michel Temer, no seu \u00faltimo ato como Secret\u00e1rio de Seguran\u00e7a P\u00fablica de S\u00e3o Paulo decretou\u00a0<a href=\"https:\/\/blogdoprosperi.com\/2016\/04\/15\/governo-paulista-declara-guerra-as-torcidas-organizadas\/\" target=\"_blank\">torcida \u00fanica<\/a>\u00a0nos cl\u00e1ssicos entre clubes paulistas at\u00e9 dezembro deste ano.<\/p>\n<p>No cl\u00e1ssico\u00a0<a href=\"https:\/\/blogdoprosperi.com\/2016\/04\/16\/gavioes-da-fiel-nao-se-intimida\/\" target=\"_blank\">Corinthians<\/a>\u00a0e Santos, com torcida \u00fanica no Itaquer\u00e3o, torcedores corintianos foram alvos de uma emboscada por fac\u00e7\u00f5es de santistas, segundo disse o presidente do clube Roberto Andrade na Fox Sport.<\/p>\n<p><strong>PAULO CASTILHO VAI FECHAR RUA TURIASSU<\/strong><\/p>\n<p>Nesta quarta-feira, em um\u00a0<a href=\"https:\/\/blogdoprosperi.com\/2016\/04\/19\/palmeiras-vai-enfrentar-torcida-unica-nos-jogos-decisivos-do-paulistao-2016\/\" target=\"_blank\">audi\u00eancia p\u00fablica sobre torcida \u00fanica<\/a>\u00a0na Assembleia Legislativa de S\u00e3o Paulo, o promotor Paulo Castilho, um dos autores do decreto de torcida \u00fanica nos cl\u00e1ssicos, lan\u00e7ou mais uma a\u00e7\u00e3o. Leia mais sobre o assunto no blogdomenon.blogosfera.uol.com.br.<\/p>\n<p>Veja o que Castilho disse<\/p>\n<blockquote><p>\u201cA grande maioria dos torcedores organizados\u00a0n\u00e3o sabem (sic) se comportar civilizadamente, e nos obrigam a pensar em solu\u00e7\u00f5es para coibir sua viol\u00eancia. Temos que pensar em solu\u00e7\u00f5es para, por exemplo, fechar as sedes de torcidas no entorno do Allianz Parque. E tamb\u00e9m dar um jeito de n\u00e3o ter bares abertos por ali em dias de jogos. Os torcedores bebem, em garrafas de vidro, se concentram aos milhares ali, dificultando o controle e at\u00e9 a entrada na arena\u201d.<\/p><\/blockquote>\n<div class=\"tiled-gallery type-rectangular\">\n<div class=\"gallery-row\">\n<div class=\"gallery-group images-1\">\n<div class=\"tiled-gallery-item tiled-gallery-item-large\"><a href=\"https:\/\/blogdoprosperi.com\/?attachment_id=14185&amp;iframe=true&amp;theme_preview=true\" target=\"_blank\"><img data-recalc-dims=\"1\" loading=\"lazy\" decoding=\"async\" class=\"alignleft\" title=\"PALMEIRAS X ATL\u00c9TICO-PR\" src=\"https:\/\/i0.wp.com\/blogdoprosperi.com\/wp-content\/uploads\/2016\/06\/2k994wjy69_3gkhkru6mx_file.jpeg?resize=452%2C300&#038;ssl=1\" alt=\"SP - BRASILEIR\u00c3O\/PALMEIRAS X ATL\u00c9TICO-PR - ESPORTES - Torcida chega ao Allianz Parque, na zona oeste de S\u00e3o Paulo, neste domingo, para a partida entre Palmeiras e Atl\u00e9tico Paranaense, pela \u00faltima rodada do Campeonato Brasileiro 2014. O Palmeiras luta para n\u00e3o cair para a S\u00e9rie B do Brasileir\u00e3o e precisa de uma vit\u00f3ria para se garantir na elite do futebol nacional. 07\/12\/2014 - Foto: ALE VIANNA\/BRAZIL PHOTO PRESS\/ESTAD\u00c3O CONTE\u00daDO\" width=\"452\" height=\"300\" \/><\/a><\/div>\n<\/div>\n<div class=\"gallery-group images-2\">\n<div class=\"tiled-gallery-item tiled-gallery-item-small\"><a href=\"https:\/\/blogdoprosperi.com\/?attachment_id=14186&amp;iframe=true&amp;theme_preview=true\" target=\"_blank\"><img data-recalc-dims=\"1\" loading=\"lazy\" decoding=\"async\" class=\"alignleft\" title=\"PALMEIRAS X CORINTHIANS\" src=\"https:\/\/i0.wp.com\/blogdoprosperi.com\/wp-content\/uploads\/2016\/06\/e901d520-afcf-11e4-933b-5f2b68ae80af_age20150208315.jpg?resize=240%2C160&#038;ssl=1\" alt=\"SP - CAMPEONATO PAULISTA\/PALMEIRAS X CORINTHIANS - ESPORTES - Torcedores do Palmeiras entraram em confronto com a Pol\u00edcia Militar antes do in\u00edcio da partida contra a equipe do Corinthians, v\u00e1lida pelo Campeonato Paulista 2015, na Alliaz Parque, zona oeste de S\u00e3o Paulo, neste domingo. 08\/02\/2015 - Foto: JOS\u00c9 PATR\u00cdCIO\/ESTAD\u00c3O CONTE\u00daDO\" width=\"240\" height=\"160\" \/><\/a><\/div>\n<div class=\"tiled-gallery-item tiled-gallery-item-small\">No arredor do Allianz Parque, est\u00e1dio do\u00a0<a href=\"https:\/\/blogdoprosperi.com\/2016\/06\/12\/entenda-a-vitoria-do-palmeiras-contra-o-corinthians-e-o-choro-de-tite\/\" target=\"_blank\">Palmeiras,<\/a>\u00a0est\u00e3o instaladas pelo menos tr\u00eas sub-sedes de fac\u00e7\u00f5es organizadas palmeirenses.<\/div>\n<\/div>\n<\/div>\n<\/div>\n<p>Neste peda\u00e7o da Pompeia, tradicional reduto de bares, lanchonetes e restaurantes, todos foram erguidos ali atra\u00eddos pelo fluxo de consumidores em dias de jogos e na vida cotidiana de quem defende seu com\u00e9rcio no entorno de um clube social e est\u00e1dio de futebol que est\u00e3o no bairro desde 1914.<\/p>\n<p>N\u00e3o h\u00e1 um lugar no mundo em que\u00a0<a href=\"https:\/\/blogdoprosperi.com\/2016\/05\/10\/a-paixao-por-um-estadio-de-futebol\/\" target=\"_blank\">est\u00e1dios constru\u00eddos em bairros<\/a>\u00a0tradicionais das cidades n\u00e3o tenham bares, lanchonetes e restaurantes e at\u00e9 sede de torcedores nos seus arredores.<\/p>\n<p>N\u00e3o constam nos estudos de especialistas que lei seca e fechamento de bares perto dos est\u00e1dios t\u00eam diminu\u00eddo a viol\u00eancia no futebol.<\/p>\n<p>Desde as trag\u00e9dias de torcidas no futebol ingl\u00eas, nos idos de 1980, esse tema de viol\u00eancia no futebol me chama aten\u00e7\u00e3o. Cobri a batalha do Pacaembu. Entrevistei Capez na \u00e9poca, antrop\u00f3logos, chefes de torcidas, advogados, dirigentes de clubes.<\/p>\n<p>Fora o que disseram os estudiosos e especialistas, todas as a\u00e7\u00f5es de repress\u00e3o contra viol\u00eancia no futebol, baixadas por decreto das autoridades, n\u00e3o deram em nada.<\/p>\n<figure id=\"attachment_14191\" class=\"wp-caption alignnone fix-link-focus\"><span class=\"alignnone\"><img data-recalc-dims=\"1\" loading=\"lazy\" decoding=\"async\" width=\"940\" height=\"627\" data-attachment-id=\"14191\" data-permalink=\"https:\/\/blogdoprosperi.com\/?attachment_id=14191\" data-orig-file=\"https:\/\/i0.wp.com\/blogdoprosperi.com\/wp-content\/uploads\/2016\/06\/nintchdbpict000244751788.jpg?fit=960%2C640&amp;ssl=1\" data-orig-size=\"960,640\" data-comments-opened=\"1\" data-image-meta=\"{&quot;aperture&quot;:&quot;0&quot;,&quot;credit&quot;:&quot;Alamy Stock Photo&quot;,&quot;camera&quot;:&quot;&quot;,&quot;caption&quot;:&quot;B4K4NG England fans riot with police before Holland game 1990 during the World Cup in Italy&quot;,&quot;created_timestamp&quot;:&quot;0&quot;,&quot;copyright&quot;:&quot;Alamy&quot;,&quot;focal_length&quot;:&quot;0&quot;,&quot;iso&quot;:&quot;0&quot;,&quot;shutter_speed&quot;:&quot;0&quot;,&quot;title&quot;:&quot;England fans riot with police before Holland game 1990 during the World Cup in Italy&quot;,&quot;orientation&quot;:&quot;0&quot;}\" data-image-title=\"England fans riot with police before Holland game 1990 during the World Cup in Italy\" data-image-description=\"\" data-image-caption=\"&lt;p&gt;B4K4NG England fans riot with police before Holland game 1990 during the World Cup in Italy&lt;\/p&gt;\n\" data-large-file=\"https:\/\/i0.wp.com\/blogdoprosperi.com\/wp-content\/uploads\/2016\/06\/nintchdbpict000244751788.jpg?fit=940%2C627&amp;ssl=1\" class=\"alignnone size-full wp-image-14191\" src=\"https:\/\/i0.wp.com\/blogdoprosperi.com\/wp-content\/uploads\/2016\/06\/nintchdbpict000244751788.jpg?resize=940%2C627&#038;ssl=1\" alt=\"England fans riot with police before Holland game 1990 during the World Cup in Italy\" \/><\/span><figcaption class=\"wp-caption-text\">Batalha entre ingleses e holandeses em Cagliari na Copa do Mundo de 90<\/figcaption><\/figure>\n<figure id=\"attachment_14192\" class=\"wp-caption alignnone fix-link-focus\"><span class=\"alignnone\"><img data-recalc-dims=\"1\" loading=\"lazy\" decoding=\"async\" data-attachment-id=\"14192\" data-permalink=\"https:\/\/blogdoprosperi.com\/?attachment_id=14192\" data-orig-file=\"https:\/\/i0.wp.com\/blogdoprosperi.com\/wp-content\/uploads\/2016\/06\/00241035.jpg?fit=700%2C456&amp;ssl=1\" data-orig-size=\"700,456\" data-comments-opened=\"1\" data-image-meta=\"{&quot;aperture&quot;:&quot;0&quot;,&quot;credit&quot;:&quot;Daily Mirror&quot;,&quot;camera&quot;:&quot;&quot;,&quot;caption&quot;:&quot;Football World Cup 1990 English fans are involved in a riot in Cagliari Sardinia after their match against Holland MSI&quot;,&quot;created_timestamp&quot;:&quot;0&quot;,&quot;copyright&quot;:&quot;Mirrorpix&quot;,&quot;focal_length&quot;:&quot;0&quot;,&quot;iso&quot;:&quot;0&quot;,&quot;shutter_speed&quot;:&quot;0&quot;,&quot;title&quot;:&quot;&quot;,&quot;orientation&quot;:&quot;0&quot;}\" data-image-title=\"00241035\" data-image-description=\"\" data-image-caption=\"&lt;p&gt;Football World Cup 1990 English fans are involved in a riot in Cagliari Sardinia after their match against Holland MSI&lt;\/p&gt;\n\" data-large-file=\"https:\/\/i0.wp.com\/blogdoprosperi.com\/wp-content\/uploads\/2016\/06\/00241035.jpg?fit=700%2C456&amp;ssl=1\" class=\"alignnone size-full wp-image-14192\" src=\"https:\/\/i0.wp.com\/blogdoprosperi.com\/wp-content\/uploads\/2016\/06\/00241035.jpg?resize=700%2C456&#038;ssl=1\" alt=\"00241035\" width=\"700\" height=\"456\" \/><\/span><figcaption class=\"wp-caption-text\">Ingleses escoltados ao est\u00e1dio de Cagliari antes do confronto contra os holandeses<\/figcaption><\/figure>\n<p>No Copa do Mundo de 1990 na It\u00e1lia cobri para o\u00a0<em>Jornal da Tarde<\/em>\u00a0e\u00a0<em>Estad\u00e3o<\/em>\u00a0a batalha entre\u00a0<a href=\"https:\/\/blogdoprosperi.com\/2016\/04\/26\/tragedia-de-hillsborough-e-revista-na-inglaterra-enquanto-isso-no-brasil\/\" target=\"_blank\">hooligans ingleses e holandeses\u00a0<\/a>em Cagliari na Ilha de Sardenha. Na semana que antecedeu ao jogo, o prefeito de Cagliari, em conjunto com os Carabinieri (pol\u00edcia italiana), decretou lei seca nos bares da cidade e entupiram as ruas com tropas de elite da pol\u00edcia e agentes federais. Mesmo assim, ingleses e holandeses sorveram oceanos de cerveja, compradas em supermercados e de clandestinos. A batalha foi sangrenta.<\/p>\n<p>Antes de pensar em fechar bares e afastar torcedores ao arredor dos est\u00e1dios e decretar torcida \u00fanica \u00e9 preciso recorrer a quem entende do assunto. Vetar, proibir e reprimir, esses verbos n\u00e3o combinam com o futebol<\/p>\n","protected":false},"excerpt":{"rendered":"<p>A\u00e7\u00e3o da Pol\u00edcia Militar neste in\u00edcio de tarde nos arredores do Allianz Parque n\u00e3o \u00e9 uma surpresa a [&hellip;]<\/p>\n","protected":false},"author":102107496,"featured_media":0,"comment_status":"open","ping_status":"open","sticky":false,"template":"","format":"standard","meta":{"_coblocks_attr":"","_coblocks_dimensions":"","_coblocks_responsive_height":"","_coblocks_accordion_ie_support":"","_jetpack_newsletter_access":"","_jetpack_dont_email_post_to_subs":false,"_jetpack_newsletter_tier_id":0,"_jetpack_memberships_contains_paywalled_content":false,"_wpcom_ai_launchpad_first_post":false,"_jetpack_feature_clip_id":0,"_jetpack_memberships_contains_paid_content":false,"footnotes":"","jetpack_publicize_message":"","jetpack_publicize_feature_enabled":true,"jetpack_social_post_already_shared":false,"jetpack_social_options":{"image_generator_settings":{"template":"highway","default_image_id":0,"font":"","enabled":false},"version":2},"jetpack_post_was_ever_published":false},"categories":[355071,53870],"tags":[165442385,789560560,89512554,8328841,16907537,94679,348913506,32518853],"class_list":["post-29720","post","type-post","status-publish","format-standard","hentry","category-campeonato-brasileiro","category-futebol","tag-allianz-parque","tag-futebol","tag-ministerio-publico-de-sp","tag-palmeiras-clube","tag-paulo-castilho","tag-pm","tag-rua-palestra-italia","tag-rua-turiassu"],"yoast_head":"<!-- This site is optimized with the Yoast SEO plugin v28.3 - https:\/\/yoast.com\/product\/yoast-seo-wordpress\/ -->\n<title>Minist\u00e9rio P\u00fablico de S\u00e3o Paulo confirma amea\u00e7a e fecha rua Turiassu, reduto de palmeirenses, com a\u00e7\u00e3o da Pol\u00edcia Militar - PR\u00d3SPERI NEWS<\/title>\n<meta name=\"robots\" content=\"index, follow, max-snippet:-1, max-image-preview:large, max-video-preview:-1\" \/>\n<link rel=\"canonical\" href=\"https:\/\/blogdoprosperi.com\/?p=29720\" \/>\n<meta property=\"og:locale\" content=\"pt_BR\" \/>\n<meta property=\"og:type\" content=\"article\" \/>\n<meta property=\"og:title\" content=\"Minist\u00e9rio P\u00fablico de S\u00e3o Paulo confirma amea\u00e7a e fecha rua Turiassu, reduto de palmeirenses, com a\u00e7\u00e3o da Pol\u00edcia Militar - PR\u00d3SPERI NEWS\" \/>\n<meta property=\"og:description\" content=\"A\u00e7\u00e3o da Pol\u00edcia Militar neste in\u00edcio de tarde nos arredores do Allianz Parque n\u00e3o \u00e9 uma surpresa a [&hellip;]\" \/>\n<meta property=\"og:url\" content=\"https:\/\/blogdoprosperi.com\/?p=29720\" \/>\n<meta property=\"og:site_name\" content=\"PR\u00d3SPERI NEWS\" \/>\n<meta property=\"article:publisher\" content=\"Luiz Pr\u00f3speri\" \/>\n<meta property=\"article:author\" content=\"Luiz Pr\u00f3speri\" \/>\n<meta property=\"article:published_time\" content=\"2016-10-23T17:43:28+00:00\" \/>\n<meta property=\"article:modified_time\" content=\"2016-10-23T17:43:29+00:00\" \/>\n<meta property=\"og:image\" content=\"https:\/\/i0.wp.com\/blogdoprosperi.com\/wp-content\/uploads\/2016\/10\/0000030946_0001.jpg?w=466&#038;h=466&#038;crop=1&#038;ssl=1\" \/>\n<meta name=\"author\" content=\"Luiz Ant\u00f4nio Pr\u00f3speri\" \/>\n<meta name=\"twitter:card\" content=\"summary_large_image\" \/>\n<meta name=\"twitter:creator\" content=\"@Luizprosperi\" \/>\n<meta name=\"twitter:site\" content=\"@Luizprosperi\" \/>\n<meta name=\"twitter:label1\" content=\"Escrito por\" \/>\n\t<meta name=\"twitter:data1\" content=\"Luiz Ant\u00f4nio Pr\u00f3speri\" \/>\n\t<meta name=\"twitter:label2\" content=\"Est. tempo de leitura\" \/>\n\t<meta name=\"twitter:data2\" content=\"5 minutos\" \/>\n<script type=\"application\/ld+json\" class=\"yoast-schema-graph\">{\"@context\":\"https:\\\/\\\/schema.org\",\"@graph\":[{\"@type\":\"Article\",\"@id\":\"https:\\\/\\\/blogdoprosperi.com\\\/?p=29720#article\",\"isPartOf\":{\"@id\":\"https:\\\/\\\/blogdoprosperi.com\\\/?p=29720\"},\"author\":{\"name\":\"Luiz Ant\u00f4nio Pr\u00f3speri\",\"@id\":\"https:\\\/\\\/blogdoprosperi.com\\\/#\\\/schema\\\/person\\\/38100755ce3601861ee4fab9b5aa78e9\"},\"headline\":\"Minist\u00e9rio P\u00fablico de S\u00e3o Paulo confirma amea\u00e7a e fecha rua Turiassu, reduto de palmeirenses, com a\u00e7\u00e3o da Pol\u00edcia Militar\",\"datePublished\":\"2016-10-23T17:43:28+00:00\",\"dateModified\":\"2016-10-23T17:43:29+00:00\",\"mainEntityOfPage\":{\"@id\":\"https:\\\/\\\/blogdoprosperi.com\\\/?p=29720\"},\"wordCount\":953,\"commentCount\":5,\"publisher\":{\"@id\":\"https:\\\/\\\/blogdoprosperi.com\\\/#\\\/schema\\\/person\\\/38100755ce3601861ee4fab9b5aa78e9\"},\"image\":{\"@id\":\"https:\\\/\\\/blogdoprosperi.com\\\/?p=29720#primaryimage\"},\"thumbnailUrl\":\"https:\\\/\\\/blogdoprosperi.com\\\/wp-content\\\/uploads\\\/2016\\\/06\\\/2k994wjy69_3gkhkru6mx_file.jpeg?w=452&amp;h=300&amp;crop=1\",\"keywords\":[\"Allianz Parque\",\"futebol\",\"Minist\u00e9rio P\u00fablico de SP\",\"Palmeiras Clube\",\"Paulo Castilho\",\"PM\",\"Rua Palestra It\u00e1lia\",\"Rua Turiassu\"],\"articleSection\":[\"Campeonato Brasileiro\",\"futebol\"],\"inLanguage\":\"pt-BR\",\"potentialAction\":[{\"@type\":\"CommentAction\",\"name\":\"Comment\",\"target\":[\"https:\\\/\\\/blogdoprosperi.com\\\/?p=29720#respond\"]}]},{\"@type\":\"WebPage\",\"@id\":\"https:\\\/\\\/blogdoprosperi.com\\\/?p=29720\",\"url\":\"https:\\\/\\\/blogdoprosperi.com\\\/?p=29720\",\"name\":\"Minist\u00e9rio P\u00fablico de S\u00e3o Paulo confirma amea\u00e7a e fecha rua Turiassu, reduto de palmeirenses, com a\u00e7\u00e3o da Pol\u00edcia Militar - PR\u00d3SPERI NEWS\",\"isPartOf\":{\"@id\":\"https:\\\/\\\/blogdoprosperi.com\\\/#website\"},\"primaryImageOfPage\":{\"@id\":\"https:\\\/\\\/blogdoprosperi.com\\\/?p=29720#primaryimage\"},\"image\":{\"@id\":\"https:\\\/\\\/blogdoprosperi.com\\\/?p=29720#primaryimage\"},\"thumbnailUrl\":\"https:\\\/\\\/blogdoprosperi.com\\\/wp-content\\\/uploads\\\/2016\\\/06\\\/2k994wjy69_3gkhkru6mx_file.jpeg?w=452&amp;h=300&amp;crop=1\",\"datePublished\":\"2016-10-23T17:43:28+00:00\",\"dateModified\":\"2016-10-23T17:43:29+00:00\",\"breadcrumb\":{\"@id\":\"https:\\\/\\\/blogdoprosperi.com\\\/?p=29720#breadcrumb\"},\"inLanguage\":\"pt-BR\",\"potentialAction\":[{\"@type\":\"ReadAction\",\"target\":[\"https:\\\/\\\/blogdoprosperi.com\\\/?p=29720\"]}]},{\"@type\":\"ImageObject\",\"inLanguage\":\"pt-BR\",\"@id\":\"https:\\\/\\\/blogdoprosperi.com\\\/?p=29720#primaryimage\",\"url\":\"https:\\\/\\\/blogdoprosperi.com\\\/wp-content\\\/uploads\\\/2016\\\/06\\\/2k994wjy69_3gkhkru6mx_file.jpeg?w=452&amp;h=300&amp;crop=1\",\"contentUrl\":\"https:\\\/\\\/blogdoprosperi.com\\\/wp-content\\\/uploads\\\/2016\\\/06\\\/2k994wjy69_3gkhkru6mx_file.jpeg?w=452&amp;h=300&amp;crop=1\"},{\"@type\":\"BreadcrumbList\",\"@id\":\"https:\\\/\\\/blogdoprosperi.com\\\/?p=29720#breadcrumb\",\"itemListElement\":[{\"@type\":\"ListItem\",\"position\":1,\"name\":\"In\u00edcio\",\"item\":\"https:\\\/\\\/blogdoprosperi.com\\\/\"},{\"@type\":\"ListItem\",\"position\":2,\"name\":\"Minist\u00e9rio P\u00fablico de S\u00e3o Paulo confirma amea\u00e7a e fecha rua Turiassu, reduto de palmeirenses, com a\u00e7\u00e3o da Pol\u00edcia Militar\"}]},{\"@type\":\"WebSite\",\"@id\":\"https:\\\/\\\/blogdoprosperi.com\\\/#website\",\"url\":\"https:\\\/\\\/blogdoprosperi.com\\\/\",\"name\":\"PR\u00d3SPERI NEWS\",\"description\":\"TUDO \u00c9  FUTEBOL\",\"publisher\":{\"@id\":\"https:\\\/\\\/blogdoprosperi.com\\\/#\\\/schema\\\/person\\\/38100755ce3601861ee4fab9b5aa78e9\"},\"alternateName\":\"blogdoprosperi.com\",\"potentialAction\":[{\"@type\":\"SearchAction\",\"target\":{\"@type\":\"EntryPoint\",\"urlTemplate\":\"https:\\\/\\\/blogdoprosperi.com\\\/?s={search_term_string}\"},\"query-input\":{\"@type\":\"PropertyValueSpecification\",\"valueRequired\":true,\"valueName\":\"search_term_string\"}}],\"inLanguage\":\"pt-BR\"},{\"@type\":[\"Person\",\"Organization\"],\"@id\":\"https:\\\/\\\/blogdoprosperi.com\\\/#\\\/schema\\\/person\\\/38100755ce3601861ee4fab9b5aa78e9\",\"name\":\"Luiz Ant\u00f4nio Pr\u00f3speri\",\"pronouns\":\"ele\",\"image\":{\"@type\":\"ImageObject\",\"inLanguage\":\"pt-BR\",\"@id\":\"https:\\\/\\\/i0.wp.com\\\/blogdoprosperi.com\\\/wp-content\\\/uploads\\\/2026\\\/05\\\/cropped-8059e613-6002-42fa-961e-8e275f575d71-2-5.jpg?fit=1360%2C931&ssl=1\",\"url\":\"https:\\\/\\\/i0.wp.com\\\/blogdoprosperi.com\\\/wp-content\\\/uploads\\\/2026\\\/05\\\/cropped-8059e613-6002-42fa-961e-8e275f575d71-2-5.jpg?fit=1360%2C931&ssl=1\",\"contentUrl\":\"https:\\\/\\\/i0.wp.com\\\/blogdoprosperi.com\\\/wp-content\\\/uploads\\\/2026\\\/05\\\/cropped-8059e613-6002-42fa-961e-8e275f575d71-2-5.jpg?fit=1360%2C931&ssl=1\",\"width\":1360,\"height\":931,\"caption\":\"Luiz Ant\u00f4nio Pr\u00f3speri\"},\"logo\":{\"@id\":\"https:\\\/\\\/i0.wp.com\\\/blogdoprosperi.com\\\/wp-content\\\/uploads\\\/2026\\\/05\\\/cropped-8059e613-6002-42fa-961e-8e275f575d71-2-5.jpg?fit=1360%2C931&ssl=1\"},\"description\":\"Jornalista com carreira dedicada ao esporte. Cobriu 9 Copas do Mundo in loco, 1990 na It\u00e1lia, 1994 nos EUA, 1998 na Fran\u00e7a, 2002 na Coreia do Sul e Jap\u00e3o, 2006 na Alemanha, 2010 na \u00c1frica do Sul, 2014 no Brasil, 2018 na R\u00fassia e 2022 no Qatar. Eurocopas, 1992 na Su\u00e9cia e 1996 na Inglaterra. Copa das Confedera\u00e7\u00f5es de 2005 na Alemanha e 2009 na \u00c1frica do Sul. Rep\u00f3rter e Editor, trabalhou no Jornal da Tarde e Estad\u00e3o, de 1984 a fevereiro de 2016. Colunista, blogueiro. E comentarista de futebol na R\u00e1dio Estad\u00e3o, de 2013 a fevereiro de 2016. Jornalista respons\u00e1vel do \\\"Pr\u00f3speri News\\\" (blogdoprosperi.com).\",\"sameAs\":[\"http:\\\/\\\/blogdoprosperi.com\",\"Luiz Pr\u00f3speri\",\"@luiz_prosperi\",\"https:\\\/\\\/x.com\\\/Luizprosperi\",\"@prosperinacopa\",\"luiz.prosperi@icloud.com\"],\"url\":\"https:\\\/\\\/blogdoprosperi.com\\\/?author=102107496\"}]}<\/script>\n<!-- \/ Yoast SEO plugin. -->","yoast_head_json":{"title":"Minist\u00e9rio P\u00fablico de S\u00e3o Paulo confirma amea\u00e7a e fecha rua Turiassu, reduto de palmeirenses, com a\u00e7\u00e3o da Pol\u00edcia Militar - PR\u00d3SPERI NEWS","robots":{"index":"index","follow":"follow","max-snippet":"max-snippet:-1","max-image-preview":"max-image-preview:large","max-video-preview":"max-video-preview:-1"},"canonical":"https:\/\/blogdoprosperi.com\/?p=29720","og_locale":"pt_BR","og_type":"article","og_title":"Minist\u00e9rio P\u00fablico de S\u00e3o Paulo confirma amea\u00e7a e fecha rua Turiassu, reduto de palmeirenses, com a\u00e7\u00e3o da Pol\u00edcia Militar - PR\u00d3SPERI NEWS","og_description":"A\u00e7\u00e3o da Pol\u00edcia Militar neste in\u00edcio de tarde nos arredores do Allianz Parque n\u00e3o \u00e9 uma surpresa a [&hellip;]","og_url":"https:\/\/blogdoprosperi.com\/?p=29720","og_site_name":"PR\u00d3SPERI NEWS","article_publisher":"Luiz Pr\u00f3speri","article_author":"Luiz Pr\u00f3speri","article_published_time":"2016-10-23T17:43:28+00:00","article_modified_time":"2016-10-23T17:43:29+00:00","og_image":[{"url":"https:\/\/i0.wp.com\/blogdoprosperi.com\/wp-content\/uploads\/2016\/10\/0000030946_0001.jpg?w=466&#038;h=466&#038;crop=1&#038;ssl=1","type":"","width":"","height":""}],"author":"Luiz Ant\u00f4nio Pr\u00f3speri","twitter_card":"summary_large_image","twitter_creator":"@Luizprosperi","twitter_site":"@Luizprosperi","twitter_misc":{"Escrito por":"Luiz Ant\u00f4nio Pr\u00f3speri","Est. tempo de leitura":"5 minutos"},"schema":{"@context":"https:\/\/schema.org","@graph":[{"@type":"Article","@id":"https:\/\/blogdoprosperi.com\/?p=29720#article","isPartOf":{"@id":"https:\/\/blogdoprosperi.com\/?p=29720"},"author":{"name":"Luiz Ant\u00f4nio Pr\u00f3speri","@id":"https:\/\/blogdoprosperi.com\/#\/schema\/person\/38100755ce3601861ee4fab9b5aa78e9"},"headline":"Minist\u00e9rio P\u00fablico de S\u00e3o Paulo confirma amea\u00e7a e fecha rua Turiassu, reduto de palmeirenses, com a\u00e7\u00e3o da Pol\u00edcia Militar","datePublished":"2016-10-23T17:43:28+00:00","dateModified":"2016-10-23T17:43:29+00:00","mainEntityOfPage":{"@id":"https:\/\/blogdoprosperi.com\/?p=29720"},"wordCount":953,"commentCount":5,"publisher":{"@id":"https:\/\/blogdoprosperi.com\/#\/schema\/person\/38100755ce3601861ee4fab9b5aa78e9"},"image":{"@id":"https:\/\/blogdoprosperi.com\/?p=29720#primaryimage"},"thumbnailUrl":"https:\/\/blogdoprosperi.com\/wp-content\/uploads\/2016\/06\/2k994wjy69_3gkhkru6mx_file.jpeg?w=452&amp;h=300&amp;crop=1","keywords":["Allianz Parque","futebol","Minist\u00e9rio P\u00fablico de SP","Palmeiras Clube","Paulo Castilho","PM","Rua Palestra It\u00e1lia","Rua Turiassu"],"articleSection":["Campeonato Brasileiro","futebol"],"inLanguage":"pt-BR","potentialAction":[{"@type":"CommentAction","name":"Comment","target":["https:\/\/blogdoprosperi.com\/?p=29720#respond"]}]},{"@type":"WebPage","@id":"https:\/\/blogdoprosperi.com\/?p=29720","url":"https:\/\/blogdoprosperi.com\/?p=29720","name":"Minist\u00e9rio P\u00fablico de S\u00e3o Paulo confirma amea\u00e7a e fecha rua Turiassu, reduto de palmeirenses, com a\u00e7\u00e3o da Pol\u00edcia Militar - PR\u00d3SPERI NEWS","isPartOf":{"@id":"https:\/\/blogdoprosperi.com\/#website"},"primaryImageOfPage":{"@id":"https:\/\/blogdoprosperi.com\/?p=29720#primaryimage"},"image":{"@id":"https:\/\/blogdoprosperi.com\/?p=29720#primaryimage"},"thumbnailUrl":"https:\/\/blogdoprosperi.com\/wp-content\/uploads\/2016\/06\/2k994wjy69_3gkhkru6mx_file.jpeg?w=452&amp;h=300&amp;crop=1","datePublished":"2016-10-23T17:43:28+00:00","dateModified":"2016-10-23T17:43:29+00:00","breadcrumb":{"@id":"https:\/\/blogdoprosperi.com\/?p=29720#breadcrumb"},"inLanguage":"pt-BR","potentialAction":[{"@type":"ReadAction","target":["https:\/\/blogdoprosperi.com\/?p=29720"]}]},{"@type":"ImageObject","inLanguage":"pt-BR","@id":"https:\/\/blogdoprosperi.com\/?p=29720#primaryimage","url":"https:\/\/blogdoprosperi.com\/wp-content\/uploads\/2016\/06\/2k994wjy69_3gkhkru6mx_file.jpeg?w=452&amp;h=300&amp;crop=1","contentUrl":"https:\/\/blogdoprosperi.com\/wp-content\/uploads\/2016\/06\/2k994wjy69_3gkhkru6mx_file.jpeg?w=452&amp;h=300&amp;crop=1"},{"@type":"BreadcrumbList","@id":"https:\/\/blogdoprosperi.com\/?p=29720#breadcrumb","itemListElement":[{"@type":"ListItem","position":1,"name":"In\u00edcio","item":"https:\/\/blogdoprosperi.com\/"},{"@type":"ListItem","position":2,"name":"Minist\u00e9rio P\u00fablico de S\u00e3o Paulo confirma amea\u00e7a e fecha rua Turiassu, reduto de palmeirenses, com a\u00e7\u00e3o da Pol\u00edcia Militar"}]},{"@type":"WebSite","@id":"https:\/\/blogdoprosperi.com\/#website","url":"https:\/\/blogdoprosperi.com\/","name":"PR\u00d3SPERI NEWS","description":"TUDO \u00c9  FUTEBOL","publisher":{"@id":"https:\/\/blogdoprosperi.com\/#\/schema\/person\/38100755ce3601861ee4fab9b5aa78e9"},"alternateName":"blogdoprosperi.com","potentialAction":[{"@type":"SearchAction","target":{"@type":"EntryPoint","urlTemplate":"https:\/\/blogdoprosperi.com\/?s={search_term_string}"},"query-input":{"@type":"PropertyValueSpecification","valueRequired":true,"valueName":"search_term_string"}}],"inLanguage":"pt-BR"},{"@type":["Person","Organization"],"@id":"https:\/\/blogdoprosperi.com\/#\/schema\/person\/38100755ce3601861ee4fab9b5aa78e9","name":"Luiz Ant\u00f4nio Pr\u00f3speri","pronouns":"ele","image":{"@type":"ImageObject","inLanguage":"pt-BR","@id":"https:\/\/i0.wp.com\/blogdoprosperi.com\/wp-content\/uploads\/2026\/05\/cropped-8059e613-6002-42fa-961e-8e275f575d71-2-5.jpg?fit=1360%2C931&ssl=1","url":"https:\/\/i0.wp.com\/blogdoprosperi.com\/wp-content\/uploads\/2026\/05\/cropped-8059e613-6002-42fa-961e-8e275f575d71-2-5.jpg?fit=1360%2C931&ssl=1","contentUrl":"https:\/\/i0.wp.com\/blogdoprosperi.com\/wp-content\/uploads\/2026\/05\/cropped-8059e613-6002-42fa-961e-8e275f575d71-2-5.jpg?fit=1360%2C931&ssl=1","width":1360,"height":931,"caption":"Luiz Ant\u00f4nio Pr\u00f3speri"},"logo":{"@id":"https:\/\/i0.wp.com\/blogdoprosperi.com\/wp-content\/uploads\/2026\/05\/cropped-8059e613-6002-42fa-961e-8e275f575d71-2-5.jpg?fit=1360%2C931&ssl=1"},"description":"Jornalista com carreira dedicada ao esporte. Cobriu 9 Copas do Mundo in loco, 1990 na It\u00e1lia, 1994 nos EUA, 1998 na Fran\u00e7a, 2002 na Coreia do Sul e Jap\u00e3o, 2006 na Alemanha, 2010 na \u00c1frica do Sul, 2014 no Brasil, 2018 na R\u00fassia e 2022 no Qatar. Eurocopas, 1992 na Su\u00e9cia e 1996 na Inglaterra. Copa das Confedera\u00e7\u00f5es de 2005 na Alemanha e 2009 na \u00c1frica do Sul. Rep\u00f3rter e Editor, trabalhou no Jornal da Tarde e Estad\u00e3o, de 1984 a fevereiro de 2016. Colunista, blogueiro. E comentarista de futebol na R\u00e1dio Estad\u00e3o, de 2013 a fevereiro de 2016. Jornalista respons\u00e1vel do \"Pr\u00f3speri News\" (blogdoprosperi.com).","sameAs":["http:\/\/blogdoprosperi.com","Luiz Pr\u00f3speri","@luiz_prosperi","https:\/\/x.com\/Luizprosperi","@prosperinacopa","luiz.prosperi@icloud.com"],"url":"https:\/\/blogdoprosperi.com\/?author=102107496"}]}},"jetpack_publicize_connections":[],"jetpack_likes_enabled":false,"jetpack_sharing_enabled":true,"jetpack_shortlink":"https:\/\/wp.me\/p7jvdk-7Jm","jetpack-related-posts":[{"id":25430,"url":"https:\/\/blogdoprosperi.com\/?p=25430","url_meta":{"origin":29720,"position":0},"title":"STJD e Minist\u00e9rio P\u00fablico de olho no jogo Palmeiras x Flamengo","author":"Luiz Ant\u00f4nio Pr\u00f3speri","date":"14 de setembro de 2016","format":false,"excerpt":"Palmeiras x Flamengo \u00e9 a partida de mais relev\u00e2ncia at\u00e9 aqui no Brasileiro. N\u00e3o por acaso Cuca tenta engabelar Z\u00e9 Ricardo coma escala\u00e7\u00e3o ou n\u00e3o de Gabriel Jesus. N\u00e3o por acaso a massa flamenguista abra\u00e7a e aperta jogadores no embarque rumo a S\u00e3o Paulo. Dentro de campo se espera um\u2026","rel":"","context":"Em &quot;Campeonato Brasileiro&quot;","block_context":{"text":"Campeonato Brasileiro","link":"https:\/\/blogdoprosperi.com\/?cat=355071"},"img":{"alt_text":"","src":"https:\/\/i0.wp.com\/blogdoprosperi.com\/wp-content\/uploads\/2016\/09\/16152430.jpeg?resize=350%2C200&ssl=1","width":350,"height":200,"srcset":"https:\/\/i0.wp.com\/blogdoprosperi.com\/wp-content\/uploads\/2016\/09\/16152430.jpeg?resize=350%2C200&ssl=1 1x, https:\/\/i0.wp.com\/blogdoprosperi.com\/wp-content\/uploads\/2016\/09\/16152430.jpeg?resize=525%2C300&ssl=1 1.5x"},"classes":[]},{"id":14102,"url":"https:\/\/blogdoprosperi.com\/?p=14102","url_meta":{"origin":29720,"position":1},"title":"Minist\u00e9rio P\u00fablico amea\u00e7a vetar reduto de palmeirenses ao arredor do Allianz Parque","author":"Luiz Ant\u00f4nio Pr\u00f3speri","date":"30 de junho de 2016","format":false,"excerpt":"Ref\u00e9ns da viol\u00eancia no futebol, governo, pol\u00edcia, Minist\u00e9rio P\u00fablico, gestores de clubes, federa\u00e7\u00f5es e CBF est\u00e3o perdidos. Desde 1995, quando um torcedor foi morto a pauladas no Pacaembu no confronto entre fac\u00e7\u00f5es de S\u00e3o Paulo e Palmeiras, uma s\u00e9rie de provid\u00eancias, leis e repress\u00e3o n\u00e3o tem evitado batalhas e execu\u00e7\u00f5es\u2026","rel":"","context":"Em &quot;futebol&quot;","block_context":{"text":"futebol","link":"https:\/\/blogdoprosperi.com\/?cat=53870"},"img":{"alt_text":"","src":"https:\/\/i0.wp.com\/blogdoprosperi.com\/wp-content\/uploads\/2016\/06\/2k994wjy69_3gkhkru6mx_file.jpeg?resize=350%2C200","width":350,"height":200},"classes":[]},{"id":49547,"url":"https:\/\/blogdoprosperi.com\/?p=49547","url_meta":{"origin":29720,"position":2},"title":"#Cr\u00f4nicaSab\u00e1tica #20 | Rua Palestra It\u00e1lia: Quando o Futebol Perde Ru\u00eddos do Passado","author":"Luiz Ant\u00f4nio Pr\u00f3speri","date":"5 de abril de 2025","format":false,"excerpt":"Luiz Ant\u00f4nio Pr\u00f3speri \u2013 5 abril (08h15) \u2013 Rua Turiassu troca de nome entre os n\u00fameros 1.643 e 2.237 e as ruas Cayowa\u00e1 e Carlos Vicari, um per\u00edmetro de 600 metros em frente ao Allianz Parque e ao Shopping Bourbon. Placas de metal pintadas de azul e branca indicam em\u2026","rel":"","context":"Em &quot;futebol&quot;","block_context":{"text":"futebol","link":"https:\/\/blogdoprosperi.com\/?cat=53870"},"img":{"alt_text":"","src":"https:\/\/i0.wp.com\/blogdoprosperi.com\/wp-content\/uploads\/2025\/04\/captura-de-tela-2025-04-04-as-13.17.26.png?fit=1200%2C585&ssl=1&resize=350%2C200","width":350,"height":200,"srcset":"https:\/\/i0.wp.com\/blogdoprosperi.com\/wp-content\/uploads\/2025\/04\/captura-de-tela-2025-04-04-as-13.17.26.png?fit=1200%2C585&ssl=1&resize=350%2C200 1x, https:\/\/i0.wp.com\/blogdoprosperi.com\/wp-content\/uploads\/2025\/04\/captura-de-tela-2025-04-04-as-13.17.26.png?fit=1200%2C585&ssl=1&resize=525%2C300 1.5x, https:\/\/i0.wp.com\/blogdoprosperi.com\/wp-content\/uploads\/2025\/04\/captura-de-tela-2025-04-04-as-13.17.26.png?fit=1200%2C585&ssl=1&resize=700%2C400 2x, https:\/\/i0.wp.com\/blogdoprosperi.com\/wp-content\/uploads\/2025\/04\/captura-de-tela-2025-04-04-as-13.17.26.png?fit=1200%2C585&ssl=1&resize=1050%2C600 3x"},"classes":[]},{"id":29743,"url":"https:\/\/blogdoprosperi.com\/?p=29743","url_meta":{"origin":29720,"position":3},"title":"Palmeiras faz sua parte e, com ajuda do Corinthians, abre seis pontos do Flamengo","author":"Luiz Ant\u00f4nio Pr\u00f3speri","date":"23 de outubro de 2016","format":false,"excerpt":"Palmeiras superou seu fraco futebol, o p\u00e9ssimo gramado do Allianz Parque, aus\u00eancia de Gabriel Jesus e a gana do Sport neste domingo (23\/10). Sem brilho e lustro, venceu por 2 a 1 e, com ajuda do Corinthians, abriu seis pontos do vice-l\u00edder Flamengo, a seis rodadas do fim do Campeonato\u2026","rel":"","context":"Em &quot;Campeonato Brasileiro&quot;","block_context":{"text":"Campeonato Brasileiro","link":"https:\/\/blogdoprosperi.com\/?cat=355071"},"img":{"alt_text":"","src":"https:\/\/i0.wp.com\/blogdoprosperi.com\/wp-content\/uploads\/2016\/10\/pro5-242.jpg?resize=350%2C200&ssl=1","width":350,"height":200,"srcset":"https:\/\/i0.wp.com\/blogdoprosperi.com\/wp-content\/uploads\/2016\/10\/pro5-242.jpg?resize=350%2C200&ssl=1 1x, https:\/\/i0.wp.com\/blogdoprosperi.com\/wp-content\/uploads\/2016\/10\/pro5-242.jpg?resize=525%2C300&ssl=1 1.5x, https:\/\/i0.wp.com\/blogdoprosperi.com\/wp-content\/uploads\/2016\/10\/pro5-242.jpg?resize=700%2C400&ssl=1 2x, https:\/\/i0.wp.com\/blogdoprosperi.com\/wp-content\/uploads\/2016\/10\/pro5-242.jpg?resize=1050%2C600&ssl=1 3x, https:\/\/i0.wp.com\/blogdoprosperi.com\/wp-content\/uploads\/2016\/10\/pro5-242.jpg?resize=1400%2C800&ssl=1 4x"},"classes":[]},{"id":35503,"url":"https:\/\/blogdoprosperi.com\/?p=35503","url_meta":{"origin":29720,"position":4},"title":"Clubes querem fim da torcida \u00fanica nos cl\u00e1ssicos das semifinais do Paulist\u00e3o","author":"Luiz Ant\u00f4nio Pr\u00f3speri","date":"11 de abril de 2017","format":false,"excerpt":"Campeonato Paulista 2017 chega \u00e0s semifinais com a Federa\u00e7\u00e3o Paulista de Futebol faturando e alto e a maioria dos clubes do interior com baixa arrecada\u00e7\u00e3o. A not\u00edcia mais relevante \u00e9 que os presidentes dos clubes semifinalistas v\u00e3o pedir \u00e0s autoridades ainda nesta ter\u00e7a-feira o fim da torcida \u00fanica nessa fase\u2026","rel":"","context":"Em &quot;futebol&quot;","block_context":{"text":"futebol","link":"https:\/\/blogdoprosperi.com\/?cat=53870"},"img":{"alt_text":"","src":"https:\/\/i0.wp.com\/blogdoprosperi.com\/wp-content\/uploads\/2017\/04\/alex1605.jpg?resize=350%2C200","width":350,"height":200,"srcset":"https:\/\/i0.wp.com\/blogdoprosperi.com\/wp-content\/uploads\/2017\/04\/alex1605.jpg?resize=350%2C200 1x, https:\/\/i0.wp.com\/blogdoprosperi.com\/wp-content\/uploads\/2017\/04\/alex1605.jpg?resize=525%2C300 1.5x, https:\/\/i0.wp.com\/blogdoprosperi.com\/wp-content\/uploads\/2017\/04\/alex1605.jpg?resize=700%2C400 2x, https:\/\/i0.wp.com\/blogdoprosperi.com\/wp-content\/uploads\/2017\/04\/alex1605.jpg?resize=1050%2C600 3x, https:\/\/i0.wp.com\/blogdoprosperi.com\/wp-content\/uploads\/2017\/04\/alex1605.jpg?resize=1400%2C800 4x"},"classes":[]},{"id":23888,"url":"https:\/\/blogdoprosperi.com\/?p=23888","url_meta":{"origin":29720,"position":5},"title":"STJD pune Palmeiras, Flamengo, organizadas e torcedores consumidores de ingressos mais baratos","author":"Luiz Ant\u00f4nio Pr\u00f3speri","date":"1 de setembro de 2016","format":false,"excerpt":"STJD pune torcidas organizadas de Palmeiras e Flamengo com penas in\u00e9ditas e pode prejudicar os dois clubes na corrida do t\u00edtulo do Campeonato Brasileiro. Por decis\u00e3o do tribunal, as medidas come\u00e7am a vigorar no dia 14 deste m\u00eas, data do jogo entre Palmeiras e \u00a0Flamengo no Allianz Parque. Sem poder\u2026","rel":"","context":"Em &quot;Campeonato Brasileiro&quot;","block_context":{"text":"Campeonato Brasileiro","link":"https:\/\/blogdoprosperi.com\/?cat=355071"},"img":{"alt_text":"","src":"https:\/\/i0.wp.com\/blogdoprosperi.com\/wp-content\/uploads\/2016\/09\/protesto-mancha-verde-2014-32.jpg?resize=350%2C200&ssl=1","width":350,"height":200,"srcset":"https:\/\/i0.wp.com\/blogdoprosperi.com\/wp-content\/uploads\/2016\/09\/protesto-mancha-verde-2014-32.jpg?resize=350%2C200&ssl=1 1x, https:\/\/i0.wp.com\/blogdoprosperi.com\/wp-content\/uploads\/2016\/09\/protesto-mancha-verde-2014-32.jpg?resize=525%2C300&ssl=1 1.5x, https:\/\/i0.wp.com\/blogdoprosperi.com\/wp-content\/uploads\/2016\/09\/protesto-mancha-verde-2014-32.jpg?resize=700%2C400&ssl=1 2x, https:\/\/i0.wp.com\/blogdoprosperi.com\/wp-content\/uploads\/2016\/09\/protesto-mancha-verde-2014-32.jpg?resize=1050%2C600&ssl=1 3x, https:\/\/i0.wp.com\/blogdoprosperi.com\/wp-content\/uploads\/2016\/09\/protesto-mancha-verde-2014-32.jpg?resize=1400%2C800&ssl=1 4x"},"classes":[]}],"jetpack_featured_media_url":"","_links":{"self":[{"href":"https:\/\/blogdoprosperi.com\/index.php?rest_route=\/wp\/v2\/posts\/29720","targetHints":{"allow":["GET"]}}],"collection":[{"href":"https:\/\/blogdoprosperi.com\/index.php?rest_route=\/wp\/v2\/posts"}],"about":[{"href":"https:\/\/blogdoprosperi.com\/index.php?rest_route=\/wp\/v2\/types\/post"}],"author":[{"embeddable":true,"href":"https:\/\/blogdoprosperi.com\/index.php?rest_route=\/wp\/v2\/users\/102107496"}],"replies":[{"embeddable":true,"href":"https:\/\/blogdoprosperi.com\/index.php?rest_route=%2Fwp%2Fv2%2Fcomments&post=29720"}],"version-history":[{"count":20,"href":"https:\/\/blogdoprosperi.com\/index.php?rest_route=\/wp\/v2\/posts\/29720\/revisions"}],"predecessor-version":[{"id":29742,"href":"https:\/\/blogdoprosperi.com\/index.php?rest_route=\/wp\/v2\/posts\/29720\/revisions\/29742"}],"wp:attachment":[{"href":"https:\/\/blogdoprosperi.com\/index.php?rest_route=%2Fwp%2Fv2%2Fmedia&parent=29720"}],"wp:term":[{"taxonomy":"category","embeddable":true,"href":"https:\/\/blogdoprosperi.com\/index.php?rest_route=%2Fwp%2Fv2%2Fcategories&post=29720"},{"taxonomy":"post_tag","embeddable":true,"href":"https:\/\/blogdoprosperi.com\/index.php?rest_route=%2Fwp%2Fv2%2Ftags&post=29720"}],"curies":[{"name":"wp","href":"https:\/\/api.w.org\/{rel}","templated":true}]}}