{"id":29743,"date":"2016-10-23T19:18:08","date_gmt":"2016-10-23T21:18:08","guid":{"rendered":"http:\/\/blogdoprosperi.com\/?p=29743"},"modified":"2016-10-23T19:35:25","modified_gmt":"2016-10-23T21:35:25","slug":"palmeiras-faz-sua-parte-e-com-ajuda-do-corinthians-abre-seis-pontos-do-flamengo","status":"publish","type":"post","link":"https:\/\/blogdoprosperi.com\/?p=29743","title":{"rendered":"Palmeiras faz sua parte e, com ajuda do Corinthians, abre seis pontos do Flamengo"},"content":{"rendered":"<p><span class=\"alignnone\"><img data-recalc-dims=\"1\" loading=\"lazy\" decoding=\"async\" data-attachment-id=\"29806\" data-permalink=\"https:\/\/blogdoprosperi.com\/?attachment_id=29806\" data-orig-file=\"https:\/\/i0.wp.com\/blogdoprosperi.com\/wp-content\/uploads\/2016\/10\/pro1-17.jpg?fit=2500%2C1667&amp;ssl=1\" data-orig-size=\"2500,1667\" data-comments-opened=\"1\" data-image-meta=\"{&quot;aperture&quot;:&quot;3.5&quot;,&quot;credit&quot;:&quot;ESTADAO CONTEUDO&quot;,&quot;camera&quot;:&quot;Canon EOS-1D X&quot;,&quot;caption&quot;:&quot;S\\u00c3O PAULO 23\/10\/2016 PALMEIRAS X SPORT RECIFE CAMPEONATO BRASILEIRO \\r2016 -partida valida pela 32 no estadio allianz park  comemora\\u00e7\\u00e3o gol che che   FOTO ALEX SILVA\/ESTADAO&quot;,&quot;created_timestamp&quot;:&quot;1477241301&quot;,&quot;copyright&quot;:&quot;ESTADAO&quot;,&quot;focal_length&quot;:&quot;400&quot;,&quot;iso&quot;:&quot;800&quot;,&quot;shutter_speed&quot;:&quot;0.001&quot;,&quot;title&quot;:&quot;S\\u00c3O PAULO 23\/10\/2016 PALMEIRAS X SPORT RECIFE CAMPEONATO BRASILEIRO \\r2016&quot;,&quot;orientation&quot;:&quot;1&quot;}\" data-image-title=\"S\u00c3O PAULO 23\/10\/2016 PALMEIRAS X SPORT RECIFE CAMPEONATO BRASILEIRO \r2016\" data-image-description=\"\" data-image-caption=\"&lt;p&gt;S\u00c3O PAULO 23\/10\/2016 PALMEIRAS X SPORT RECIFE CAMPEONATO BRASILEIRO&lt;br \/&gt;\n2016 -partida valida pela 32 no estadio allianz park  comemora\u00e7\u00e3o gol che che   FOTO ALEX SILVA\/ESTADAO&lt;\/p&gt;\n\" data-large-file=\"https:\/\/i0.wp.com\/blogdoprosperi.com\/wp-content\/uploads\/2016\/10\/pro1-17.jpg?fit=940%2C627&amp;ssl=1\" class=\"alignnone size-full wp-image-29806\" src=\"https:\/\/i0.wp.com\/blogdoprosperi.com\/wp-content\/uploads\/2016\/10\/pro1-17.jpg?resize=940%2C627&#038;ssl=1\" alt=\"S\u00c3O PAULO 23\/10\/2016 PALMEIRAS X SPORT RECIFE CAMPEONATO BRASILEIRO  2016\" width=\"940\" height=\"627\" \/><\/span>Palmeiras superou seu fraco futebol, o p\u00e9ssimo gramado do Allianz Parque, aus\u00eancia de Gabriel Jesus e a gana do Sport neste domingo (23\/10). Sem brilho e lustro, venceu por 2 a 1 e, com ajuda do Corinthians, abriu seis pontos do vice-l\u00edder Flamengo, a seis rodadas do fim do Campeonato Brasileiro. Vantagem consider\u00e1vel. A ta\u00e7a j\u00e1 tem endere\u00e7o postado. Se vai ser entregue no local ou n\u00e3o, cabe ao time de Cuca carregar a encomenda.<!--more--><\/p>\n<p>Primeiro tempo do Palmeiras n\u00e3o foi digno do l\u00edder do campeonato. Confuso na marca\u00e7\u00e3o, aberto aos contra-ataques e sem sintonia na chegada ao gol do Sport, construiu a vit\u00f3ria parcial em dois momentos de muita precis\u00e3o &#8211; um contragolpe perfeito que terminou no gol de Dudu e na sequ\u00eancia de arremesso lateral de Mois\u00e9s no gol de Tch\u00ea Tch\u00ea.<\/p>\n<p>Entre esses dois gols e raros instantes de lucidez do time de Cuca, o Sport teve um p\u00eanalti a seu favor &#8211; Mina desviou bola com bra\u00e7o &#8211; n\u00e3o marcado pelo \u00e1rbitro, uma boa estrat\u00e9gia ao explorar a idade de Z\u00e9 Roberto, dois contra-ataques de gelar cora\u00e7\u00f5es palmeirenses e o gol de Rog\u00e9rio.<\/p>\n<p><span class=\"alignnone\"><img data-recalc-dims=\"1\" loading=\"lazy\" decoding=\"async\" data-attachment-id=\"29815\" data-permalink=\"https:\/\/blogdoprosperi.com\/?attachment_id=29815\" data-orig-file=\"https:\/\/i0.wp.com\/blogdoprosperi.com\/wp-content\/uploads\/2016\/10\/pro2-181.jpg?fit=2500%2C1666&amp;ssl=1\" data-orig-size=\"2500,1666\" data-comments-opened=\"1\" data-image-meta=\"{&quot;aperture&quot;:&quot;5&quot;,&quot;credit&quot;:&quot;&quot;,&quot;camera&quot;:&quot;Canon EOS-1D X&quot;,&quot;caption&quot;:&quot;&quot;,&quot;created_timestamp&quot;:&quot;1477238959&quot;,&quot;copyright&quot;:&quot;ALEX SILVA\/ESTADAO&quot;,&quot;focal_length&quot;:&quot;400&quot;,&quot;iso&quot;:&quot;800&quot;,&quot;shutter_speed&quot;:&quot;0.0008&quot;,&quot;title&quot;:&quot;&quot;,&quot;orientation&quot;:&quot;1&quot;}\" data-image-title=\"pro2-18\" data-image-description=\"\" data-image-caption=\"\" data-large-file=\"https:\/\/i0.wp.com\/blogdoprosperi.com\/wp-content\/uploads\/2016\/10\/pro2-181.jpg?fit=940%2C626&amp;ssl=1\" class=\"alignnone size-full wp-image-29815\" src=\"https:\/\/i0.wp.com\/blogdoprosperi.com\/wp-content\/uploads\/2016\/10\/pro2-181.jpg?resize=940%2C626&#038;ssl=1\" alt=\"pro2-18\" width=\"940\" height=\"626\" \/><\/span><\/p>\n<p>N\u00e3o era o cen\u00e1rio que a torcida esperava, desde cedo <a href=\"http:\/\/blogdoprosperi.com\/2016\/10\/23\/ministerio-publico-de-sao-paulo-confirma-ameaca-e-fecha-rua-turiassu-reduto-de-palmeirenses-com-acao-da-policia-militar\/\">castigada por decis\u00f5es do Minist\u00e9rio P\u00fablico de S\u00e3o Paulo com o bloqueio da rua Turiassu.<\/a> Muito menos a expectativa de Cuca, quando optou por Allione aberto na direita, Barrios na vaga de Gabriel Jesus e Mois\u00e9s de primeiro voltante tendo como assessores imediatos Jean e Tch\u00ea Tch\u00ea.<\/p>\n<p>Mois\u00e9s se descuidou de Diego Souza e seus ajudantes n\u00e3o inibiram os avan\u00e7os de Everton Felipe e Rithely. Com esses tr\u00eas muito \u00e0 vontade, o Sport incomodou e obrigou Jailson a duas boas defesas. Mais que isso, minaram a resist\u00eancia do Palmeiras.<\/p>\n<p>Aliado do time pernambucano, por jogar com bolas esticadas, o gramado (?) prejudicou o time de Cuca, que joga com troca de passes curtos na sa\u00edda ao ataque. Imposs\u00edvel superar os buracos e dar velocidade na transi\u00e7\u00e3o.<\/p>\n<p><span class=\"alignnone\"><img data-recalc-dims=\"1\" loading=\"lazy\" decoding=\"async\" data-attachment-id=\"29814\" data-permalink=\"https:\/\/blogdoprosperi.com\/?attachment_id=29814\" data-orig-file=\"https:\/\/i0.wp.com\/blogdoprosperi.com\/wp-content\/uploads\/2016\/10\/pro3-211.jpg?fit=2600%2C1734&amp;ssl=1\" data-orig-size=\"2600,1734\" data-comments-opened=\"1\" data-image-meta=\"{&quot;aperture&quot;:&quot;3.5&quot;,&quot;credit&quot;:&quot;&quot;,&quot;camera&quot;:&quot;Canon EOS-1D X&quot;,&quot;caption&quot;:&quot;&quot;,&quot;created_timestamp&quot;:&quot;1477239836&quot;,&quot;copyright&quot;:&quot;ALEX SILVA\/ESTADAO&quot;,&quot;focal_length&quot;:&quot;400&quot;,&quot;iso&quot;:&quot;500&quot;,&quot;shutter_speed&quot;:&quot;0.00125&quot;,&quot;title&quot;:&quot;&quot;,&quot;orientation&quot;:&quot;1&quot;}\" data-image-title=\"pro3-21\" data-image-description=\"\" data-image-caption=\"\" data-large-file=\"https:\/\/i0.wp.com\/blogdoprosperi.com\/wp-content\/uploads\/2016\/10\/pro3-211.jpg?fit=940%2C627&amp;ssl=1\" class=\"alignnone size-full wp-image-29814\" src=\"https:\/\/i0.wp.com\/blogdoprosperi.com\/wp-content\/uploads\/2016\/10\/pro3-211.jpg?resize=940%2C627&#038;ssl=1\" alt=\"pro3-21\" width=\"940\" height=\"627\" \/><\/span>No segundo tempo, Cuca voltou com volante Thiago Santos no lugar de Fabiano. Jean saiu do meio e voltou \u00e0 lateral-direita. Sintoma de que o treinador estava mesmo preocupado com a marca\u00e7\u00e3o, em especial em cima de Diego Souza.<\/p>\n<p>A mudan\u00e7a organizou o Palmeiras. Havia mais seguran\u00e7a l\u00e1 atr\u00e1s. Em contrapartida, Allione e Barrios n\u00e3o ajudavam o ataque a deslanchar. Cuca mexeu de novo &#8211; Alecsandro no lugar de Barrios e, pouco mais tarde, Cleiton Xavier por Allione.<\/p>\n<p>Sport tamb\u00e9m fez duas trocas em busca de mais velocidade. E se lan\u00e7ou ao ataque. Da press\u00e3o, obrigou Jailson a fazer duas importantes e complicadas defesas. O veterano goleiro evitou o empate. Dali para frente, o time meteu na cabe\u00e7a que n\u00e3o deveria buscar o terceiro gol e sim defender a vit\u00f3ria. Conseguiu.<\/p>\n<p>Tr\u00eas pontos em casa e a boa not\u00edcia ao Palmeiras com o empate (2 a 2) do Flamengo diante do Corinthians no Maracan\u00e3. A diferen\u00e7a pulou de quatro para seis pontos, a seis rodadas do fim do Brasileir\u00e3o. A ta\u00e7a est\u00e1 perto do seu endere\u00e7o.<\/p>\n<p><strong><span class=\"alignnone\"><img data-recalc-dims=\"1\" loading=\"lazy\" decoding=\"async\" data-attachment-id=\"29817\" data-permalink=\"https:\/\/blogdoprosperi.com\/?attachment_id=29817\" data-orig-file=\"https:\/\/i0.wp.com\/blogdoprosperi.com\/wp-content\/uploads\/2016\/10\/pro5-242.jpg?fit=1416%2C944&amp;ssl=1\" data-orig-size=\"1416,944\" data-comments-opened=\"1\" data-image-meta=\"{&quot;aperture&quot;:&quot;2.8&quot;,&quot;credit&quot;:&quot;&quot;,&quot;camera&quot;:&quot;Canon EOS-1D X&quot;,&quot;caption&quot;:&quot;&quot;,&quot;created_timestamp&quot;:&quot;1477238701&quot;,&quot;copyright&quot;:&quot;ALEX SILVA\/ESTADAO&quot;,&quot;focal_length&quot;:&quot;400&quot;,&quot;iso&quot;:&quot;200&quot;,&quot;shutter_speed&quot;:&quot;0.0008&quot;,&quot;title&quot;:&quot;&quot;,&quot;orientation&quot;:&quot;1&quot;}\" data-image-title=\"pro5-24\" data-image-description=\"\" data-image-caption=\"\" data-large-file=\"https:\/\/i0.wp.com\/blogdoprosperi.com\/wp-content\/uploads\/2016\/10\/pro5-242.jpg?fit=940%2C627&amp;ssl=1\" class=\"alignnone size-full wp-image-29817\" src=\"https:\/\/i0.wp.com\/blogdoprosperi.com\/wp-content\/uploads\/2016\/10\/pro5-242.jpg?resize=940%2C627&#038;ssl=1\" alt=\"pro5-24\" width=\"940\" height=\"627\" \/><\/span>FICHA DO JOGO<\/strong><\/p>\n<p><strong>Palmeiras 2 x 1 Sport<\/strong><\/p>\n<p><strong>Gols<\/strong>: Dudu, aos 20; Rog\u00e9rio, aos 32; Tch\u00ea Tch\u00ea, aos 46 minutos do primeiro tempo<\/p>\n<p><strong>Palmeiras<\/strong>: Jailson, Fabiano (Thiago Santos), Mina, Vitor Hugo e Z\u00e9 Roberto; Jean, Tch\u00ea Tch\u00ea e Mois\u00e9s; Allione (Cleiton Xavier), Barrios (Alecsandro) e Dudu. <strong>T\u00e9cnico:<\/strong> Cuca<\/p>\n<p><strong>Sport<\/strong>: Magr\u00e3o, Samuel Xavier, Martheus Ferraz, Ronaldo Alves e Ren\u00ea; Richely, Paulo Roberto e Diego Souza; Rodney Wallace (Ruiz), Rogerio (Vnicius Ara\u00fajo) e Everton Felipe \u00a0(Apodi). <strong>T\u00e9cnico:<\/strong> Daniel Paulista<\/p>\n<p><strong>Juiz<\/strong>: Ricardo Marques Ribeiro<br \/>\n<strong>Cart\u00f5es amarelos<\/strong>: Fabiano, Diego Souza, Ruiz, Thiago Santos, Jailson,<br \/>\n<strong>Renda<\/strong>: R$ 2.172.551,24<br \/>\n<b>P\u00fablico<\/b>: 31.107 pagantes<br \/>\n<strong>Local<\/strong>: Allianz Parque<\/p>\n","protected":false},"excerpt":{"rendered":"<p>Palmeiras superou seu fraco futebol, o p\u00e9ssimo gramado do Allianz Parque, aus\u00eancia de Gabriel Jesus e a gana [&hellip;]<\/p>\n","protected":false},"author":102107496,"featured_media":0,"comment_status":"open","ping_status":"open","sticky":false,"template":"","format":"standard","meta":{"_coblocks_attr":"","_coblocks_dimensions":"","_coblocks_responsive_height":"","_coblocks_accordion_ie_support":"","_jetpack_newsletter_access":"","_jetpack_dont_email_post_to_subs":false,"_jetpack_newsletter_tier_id":0,"_jetpack_memberships_contains_paywalled_content":false,"_wpcom_ai_launchpad_first_post":false,"_jetpack_feature_clip_id":0,"_jetpack_memberships_contains_paid_content":false,"footnotes":"","jetpack_publicize_message":"","jetpack_publicize_feature_enabled":true,"jetpack_social_post_already_shared":false,"jetpack_social_options":{"image_generator_settings":{"template":"highway","default_image_id":0,"font":"","enabled":false},"version":2},"jetpack_post_was_ever_published":false},"categories":[355071,53870],"tags":[165442385,430979778,789560560,8328841,32518853,2120563],"class_list":["post-29743","post","type-post","status-publish","format-standard","hentry","category-campeonato-brasileiro","category-futebol","tag-allianz-parque","tag-brasileiro-2016","tag-futebol","tag-palmeiras-clube","tag-rua-turiassu","tag-sport-recife"],"yoast_head":"<!-- This site is optimized with the Yoast SEO plugin v28.3 - https:\/\/yoast.com\/product\/yoast-seo-wordpress\/ -->\n<title>Palmeiras faz sua parte e, com ajuda do Corinthians, abre seis pontos do Flamengo - PR\u00d3SPERI NEWS<\/title>\n<meta name=\"robots\" content=\"index, follow, max-snippet:-1, max-image-preview:large, max-video-preview:-1\" \/>\n<link rel=\"canonical\" href=\"https:\/\/blogdoprosperi.com\/?p=29743\" \/>\n<meta property=\"og:locale\" content=\"pt_BR\" \/>\n<meta property=\"og:type\" content=\"article\" \/>\n<meta property=\"og:title\" content=\"Palmeiras faz sua parte e, com ajuda do Corinthians, abre seis pontos do Flamengo - PR\u00d3SPERI NEWS\" \/>\n<meta property=\"og:description\" content=\"Palmeiras superou seu fraco futebol, o p\u00e9ssimo gramado do Allianz Parque, aus\u00eancia de Gabriel Jesus e a gana [&hellip;]\" \/>\n<meta property=\"og:url\" content=\"https:\/\/blogdoprosperi.com\/?p=29743\" \/>\n<meta property=\"og:site_name\" content=\"PR\u00d3SPERI NEWS\" \/>\n<meta property=\"article:publisher\" content=\"Luiz Pr\u00f3speri\" \/>\n<meta property=\"article:author\" content=\"Luiz Pr\u00f3speri\" \/>\n<meta property=\"article:published_time\" content=\"2016-10-23T21:18:08+00:00\" \/>\n<meta property=\"article:modified_time\" content=\"2016-10-23T21:35:25+00:00\" \/>\n<meta property=\"og:image\" content=\"https:\/\/blogdoprosperi.com\/wp-content\/uploads\/2016\/10\/pro1-17.jpg\" \/>\n<meta name=\"author\" content=\"Luiz Ant\u00f4nio Pr\u00f3speri\" \/>\n<meta name=\"twitter:card\" content=\"summary_large_image\" \/>\n<meta name=\"twitter:creator\" content=\"@Luizprosperi\" \/>\n<meta name=\"twitter:site\" content=\"@Luizprosperi\" \/>\n<meta name=\"twitter:label1\" content=\"Escrito por\" \/>\n\t<meta name=\"twitter:data1\" content=\"Luiz Ant\u00f4nio Pr\u00f3speri\" \/>\n\t<meta name=\"twitter:label2\" content=\"Est. tempo de leitura\" \/>\n\t<meta name=\"twitter:data2\" content=\"3 minutos\" \/>\n<script type=\"application\/ld+json\" class=\"yoast-schema-graph\">{\"@context\":\"https:\\\/\\\/schema.org\",\"@graph\":[{\"@type\":\"Article\",\"@id\":\"https:\\\/\\\/blogdoprosperi.com\\\/?p=29743#article\",\"isPartOf\":{\"@id\":\"https:\\\/\\\/blogdoprosperi.com\\\/?p=29743\"},\"author\":{\"name\":\"Luiz Ant\u00f4nio Pr\u00f3speri\",\"@id\":\"https:\\\/\\\/blogdoprosperi.com\\\/#\\\/schema\\\/person\\\/38100755ce3601861ee4fab9b5aa78e9\"},\"headline\":\"Palmeiras faz sua parte e, com ajuda do Corinthians, abre seis pontos do Flamengo\",\"datePublished\":\"2016-10-23T21:18:08+00:00\",\"dateModified\":\"2016-10-23T21:35:25+00:00\",\"mainEntityOfPage\":{\"@id\":\"https:\\\/\\\/blogdoprosperi.com\\\/?p=29743\"},\"wordCount\":657,\"commentCount\":1,\"publisher\":{\"@id\":\"https:\\\/\\\/blogdoprosperi.com\\\/#\\\/schema\\\/person\\\/38100755ce3601861ee4fab9b5aa78e9\"},\"image\":{\"@id\":\"https:\\\/\\\/blogdoprosperi.com\\\/?p=29743#primaryimage\"},\"thumbnailUrl\":\"https:\\\/\\\/blogdoprosperi.com\\\/wp-content\\\/uploads\\\/2016\\\/10\\\/pro1-17.jpg\",\"keywords\":[\"Allianz Parque\",\"Brasileiro 2016\",\"futebol\",\"Palmeiras Clube\",\"Rua Turiassu\",\"Sport Recife\"],\"articleSection\":[\"Campeonato Brasileiro\",\"futebol\"],\"inLanguage\":\"pt-BR\",\"potentialAction\":[{\"@type\":\"CommentAction\",\"name\":\"Comment\",\"target\":[\"https:\\\/\\\/blogdoprosperi.com\\\/?p=29743#respond\"]}]},{\"@type\":\"WebPage\",\"@id\":\"https:\\\/\\\/blogdoprosperi.com\\\/?p=29743\",\"url\":\"https:\\\/\\\/blogdoprosperi.com\\\/?p=29743\",\"name\":\"Palmeiras faz sua parte e, com ajuda do Corinthians, abre seis pontos do Flamengo - PR\u00d3SPERI NEWS\",\"isPartOf\":{\"@id\":\"https:\\\/\\\/blogdoprosperi.com\\\/#website\"},\"primaryImageOfPage\":{\"@id\":\"https:\\\/\\\/blogdoprosperi.com\\\/?p=29743#primaryimage\"},\"image\":{\"@id\":\"https:\\\/\\\/blogdoprosperi.com\\\/?p=29743#primaryimage\"},\"thumbnailUrl\":\"https:\\\/\\\/blogdoprosperi.com\\\/wp-content\\\/uploads\\\/2016\\\/10\\\/pro1-17.jpg\",\"datePublished\":\"2016-10-23T21:18:08+00:00\",\"dateModified\":\"2016-10-23T21:35:25+00:00\",\"breadcrumb\":{\"@id\":\"https:\\\/\\\/blogdoprosperi.com\\\/?p=29743#breadcrumb\"},\"inLanguage\":\"pt-BR\",\"potentialAction\":[{\"@type\":\"ReadAction\",\"target\":[\"https:\\\/\\\/blogdoprosperi.com\\\/?p=29743\"]}]},{\"@type\":\"ImageObject\",\"inLanguage\":\"pt-BR\",\"@id\":\"https:\\\/\\\/blogdoprosperi.com\\\/?p=29743#primaryimage\",\"url\":\"https:\\\/\\\/i0.wp.com\\\/blogdoprosperi.com\\\/wp-content\\\/uploads\\\/2016\\\/10\\\/pro1-17.jpg?fit=2500%2C1667&ssl=1\",\"contentUrl\":\"https:\\\/\\\/i0.wp.com\\\/blogdoprosperi.com\\\/wp-content\\\/uploads\\\/2016\\\/10\\\/pro1-17.jpg?fit=2500%2C1667&ssl=1\",\"width\":2500,\"height\":1667,\"caption\":\"S\u00c3O PAULO 23\\\/10\\\/2016 PALMEIRAS X SPORT RECIFE CAMPEONATO BRASILEIRO 2016 -partida valida pela 32 no estadio allianz park comemora\u00e7\u00e3o gol che che FOTO ALEX SILVA\\\/ESTADAO\"},{\"@type\":\"BreadcrumbList\",\"@id\":\"https:\\\/\\\/blogdoprosperi.com\\\/?p=29743#breadcrumb\",\"itemListElement\":[{\"@type\":\"ListItem\",\"position\":1,\"name\":\"In\u00edcio\",\"item\":\"https:\\\/\\\/blogdoprosperi.com\\\/\"},{\"@type\":\"ListItem\",\"position\":2,\"name\":\"Palmeiras faz sua parte e, com ajuda do Corinthians, abre seis pontos do Flamengo\"}]},{\"@type\":\"WebSite\",\"@id\":\"https:\\\/\\\/blogdoprosperi.com\\\/#website\",\"url\":\"https:\\\/\\\/blogdoprosperi.com\\\/\",\"name\":\"PR\u00d3SPERI NEWS\",\"description\":\"TUDO \u00c9  FUTEBOL\",\"publisher\":{\"@id\":\"https:\\\/\\\/blogdoprosperi.com\\\/#\\\/schema\\\/person\\\/38100755ce3601861ee4fab9b5aa78e9\"},\"alternateName\":\"blogdoprosperi.com\",\"potentialAction\":[{\"@type\":\"SearchAction\",\"target\":{\"@type\":\"EntryPoint\",\"urlTemplate\":\"https:\\\/\\\/blogdoprosperi.com\\\/?s={search_term_string}\"},\"query-input\":{\"@type\":\"PropertyValueSpecification\",\"valueRequired\":true,\"valueName\":\"search_term_string\"}}],\"inLanguage\":\"pt-BR\"},{\"@type\":[\"Person\",\"Organization\"],\"@id\":\"https:\\\/\\\/blogdoprosperi.com\\\/#\\\/schema\\\/person\\\/38100755ce3601861ee4fab9b5aa78e9\",\"name\":\"Luiz Ant\u00f4nio Pr\u00f3speri\",\"pronouns\":\"ele\",\"image\":{\"@type\":\"ImageObject\",\"inLanguage\":\"pt-BR\",\"@id\":\"https:\\\/\\\/i0.wp.com\\\/blogdoprosperi.com\\\/wp-content\\\/uploads\\\/2026\\\/05\\\/cropped-8059e613-6002-42fa-961e-8e275f575d71-2-5.jpg?fit=1360%2C931&ssl=1\",\"url\":\"https:\\\/\\\/i0.wp.com\\\/blogdoprosperi.com\\\/wp-content\\\/uploads\\\/2026\\\/05\\\/cropped-8059e613-6002-42fa-961e-8e275f575d71-2-5.jpg?fit=1360%2C931&ssl=1\",\"contentUrl\":\"https:\\\/\\\/i0.wp.com\\\/blogdoprosperi.com\\\/wp-content\\\/uploads\\\/2026\\\/05\\\/cropped-8059e613-6002-42fa-961e-8e275f575d71-2-5.jpg?fit=1360%2C931&ssl=1\",\"width\":1360,\"height\":931,\"caption\":\"Luiz Ant\u00f4nio Pr\u00f3speri\"},\"logo\":{\"@id\":\"https:\\\/\\\/i0.wp.com\\\/blogdoprosperi.com\\\/wp-content\\\/uploads\\\/2026\\\/05\\\/cropped-8059e613-6002-42fa-961e-8e275f575d71-2-5.jpg?fit=1360%2C931&ssl=1\"},\"description\":\"Jornalista com carreira dedicada ao esporte. Cobriu 9 Copas do Mundo in loco, 1990 na It\u00e1lia, 1994 nos EUA, 1998 na Fran\u00e7a, 2002 na Coreia do Sul e Jap\u00e3o, 2006 na Alemanha, 2010 na \u00c1frica do Sul, 2014 no Brasil, 2018 na R\u00fassia e 2022 no Qatar. Eurocopas, 1992 na Su\u00e9cia e 1996 na Inglaterra. Copa das Confedera\u00e7\u00f5es de 2005 na Alemanha e 2009 na \u00c1frica do Sul. Rep\u00f3rter e Editor, trabalhou no Jornal da Tarde e Estad\u00e3o, de 1984 a fevereiro de 2016. Colunista, blogueiro. E comentarista de futebol na R\u00e1dio Estad\u00e3o, de 2013 a fevereiro de 2016. Jornalista respons\u00e1vel do \\\"Pr\u00f3speri News\\\" (blogdoprosperi.com).\",\"sameAs\":[\"http:\\\/\\\/blogdoprosperi.com\",\"Luiz Pr\u00f3speri\",\"@luiz_prosperi\",\"https:\\\/\\\/x.com\\\/Luizprosperi\",\"@prosperinacopa\",\"luiz.prosperi@icloud.com\"],\"url\":\"https:\\\/\\\/blogdoprosperi.com\\\/?author=102107496\"}]}<\/script>\n<!-- \/ Yoast SEO plugin. -->","yoast_head_json":{"title":"Palmeiras faz sua parte e, com ajuda do Corinthians, abre seis pontos do Flamengo - PR\u00d3SPERI NEWS","robots":{"index":"index","follow":"follow","max-snippet":"max-snippet:-1","max-image-preview":"max-image-preview:large","max-video-preview":"max-video-preview:-1"},"canonical":"https:\/\/blogdoprosperi.com\/?p=29743","og_locale":"pt_BR","og_type":"article","og_title":"Palmeiras faz sua parte e, com ajuda do Corinthians, abre seis pontos do Flamengo - PR\u00d3SPERI NEWS","og_description":"Palmeiras superou seu fraco futebol, o p\u00e9ssimo gramado do Allianz Parque, aus\u00eancia de Gabriel Jesus e a gana [&hellip;]","og_url":"https:\/\/blogdoprosperi.com\/?p=29743","og_site_name":"PR\u00d3SPERI NEWS","article_publisher":"Luiz Pr\u00f3speri","article_author":"Luiz Pr\u00f3speri","article_published_time":"2016-10-23T21:18:08+00:00","article_modified_time":"2016-10-23T21:35:25+00:00","og_image":[{"url":"https:\/\/blogdoprosperi.com\/wp-content\/uploads\/2016\/10\/pro1-17.jpg","type":"","width":"","height":""}],"author":"Luiz Ant\u00f4nio Pr\u00f3speri","twitter_card":"summary_large_image","twitter_creator":"@Luizprosperi","twitter_site":"@Luizprosperi","twitter_misc":{"Escrito por":"Luiz Ant\u00f4nio Pr\u00f3speri","Est. tempo de leitura":"3 minutos"},"schema":{"@context":"https:\/\/schema.org","@graph":[{"@type":"Article","@id":"https:\/\/blogdoprosperi.com\/?p=29743#article","isPartOf":{"@id":"https:\/\/blogdoprosperi.com\/?p=29743"},"author":{"name":"Luiz Ant\u00f4nio Pr\u00f3speri","@id":"https:\/\/blogdoprosperi.com\/#\/schema\/person\/38100755ce3601861ee4fab9b5aa78e9"},"headline":"Palmeiras faz sua parte e, com ajuda do Corinthians, abre seis pontos do Flamengo","datePublished":"2016-10-23T21:18:08+00:00","dateModified":"2016-10-23T21:35:25+00:00","mainEntityOfPage":{"@id":"https:\/\/blogdoprosperi.com\/?p=29743"},"wordCount":657,"commentCount":1,"publisher":{"@id":"https:\/\/blogdoprosperi.com\/#\/schema\/person\/38100755ce3601861ee4fab9b5aa78e9"},"image":{"@id":"https:\/\/blogdoprosperi.com\/?p=29743#primaryimage"},"thumbnailUrl":"https:\/\/blogdoprosperi.com\/wp-content\/uploads\/2016\/10\/pro1-17.jpg","keywords":["Allianz Parque","Brasileiro 2016","futebol","Palmeiras Clube","Rua Turiassu","Sport Recife"],"articleSection":["Campeonato Brasileiro","futebol"],"inLanguage":"pt-BR","potentialAction":[{"@type":"CommentAction","name":"Comment","target":["https:\/\/blogdoprosperi.com\/?p=29743#respond"]}]},{"@type":"WebPage","@id":"https:\/\/blogdoprosperi.com\/?p=29743","url":"https:\/\/blogdoprosperi.com\/?p=29743","name":"Palmeiras faz sua parte e, com ajuda do Corinthians, abre seis pontos do Flamengo - PR\u00d3SPERI NEWS","isPartOf":{"@id":"https:\/\/blogdoprosperi.com\/#website"},"primaryImageOfPage":{"@id":"https:\/\/blogdoprosperi.com\/?p=29743#primaryimage"},"image":{"@id":"https:\/\/blogdoprosperi.com\/?p=29743#primaryimage"},"thumbnailUrl":"https:\/\/blogdoprosperi.com\/wp-content\/uploads\/2016\/10\/pro1-17.jpg","datePublished":"2016-10-23T21:18:08+00:00","dateModified":"2016-10-23T21:35:25+00:00","breadcrumb":{"@id":"https:\/\/blogdoprosperi.com\/?p=29743#breadcrumb"},"inLanguage":"pt-BR","potentialAction":[{"@type":"ReadAction","target":["https:\/\/blogdoprosperi.com\/?p=29743"]}]},{"@type":"ImageObject","inLanguage":"pt-BR","@id":"https:\/\/blogdoprosperi.com\/?p=29743#primaryimage","url":"https:\/\/i0.wp.com\/blogdoprosperi.com\/wp-content\/uploads\/2016\/10\/pro1-17.jpg?fit=2500%2C1667&ssl=1","contentUrl":"https:\/\/i0.wp.com\/blogdoprosperi.com\/wp-content\/uploads\/2016\/10\/pro1-17.jpg?fit=2500%2C1667&ssl=1","width":2500,"height":1667,"caption":"S\u00c3O PAULO 23\/10\/2016 PALMEIRAS X SPORT RECIFE CAMPEONATO BRASILEIRO 2016 -partida valida pela 32 no estadio allianz park comemora\u00e7\u00e3o gol che che FOTO ALEX SILVA\/ESTADAO"},{"@type":"BreadcrumbList","@id":"https:\/\/blogdoprosperi.com\/?p=29743#breadcrumb","itemListElement":[{"@type":"ListItem","position":1,"name":"In\u00edcio","item":"https:\/\/blogdoprosperi.com\/"},{"@type":"ListItem","position":2,"name":"Palmeiras faz sua parte e, com ajuda do Corinthians, abre seis pontos do Flamengo"}]},{"@type":"WebSite","@id":"https:\/\/blogdoprosperi.com\/#website","url":"https:\/\/blogdoprosperi.com\/","name":"PR\u00d3SPERI NEWS","description":"TUDO \u00c9  FUTEBOL","publisher":{"@id":"https:\/\/blogdoprosperi.com\/#\/schema\/person\/38100755ce3601861ee4fab9b5aa78e9"},"alternateName":"blogdoprosperi.com","potentialAction":[{"@type":"SearchAction","target":{"@type":"EntryPoint","urlTemplate":"https:\/\/blogdoprosperi.com\/?s={search_term_string}"},"query-input":{"@type":"PropertyValueSpecification","valueRequired":true,"valueName":"search_term_string"}}],"inLanguage":"pt-BR"},{"@type":["Person","Organization"],"@id":"https:\/\/blogdoprosperi.com\/#\/schema\/person\/38100755ce3601861ee4fab9b5aa78e9","name":"Luiz Ant\u00f4nio Pr\u00f3speri","pronouns":"ele","image":{"@type":"ImageObject","inLanguage":"pt-BR","@id":"https:\/\/i0.wp.com\/blogdoprosperi.com\/wp-content\/uploads\/2026\/05\/cropped-8059e613-6002-42fa-961e-8e275f575d71-2-5.jpg?fit=1360%2C931&ssl=1","url":"https:\/\/i0.wp.com\/blogdoprosperi.com\/wp-content\/uploads\/2026\/05\/cropped-8059e613-6002-42fa-961e-8e275f575d71-2-5.jpg?fit=1360%2C931&ssl=1","contentUrl":"https:\/\/i0.wp.com\/blogdoprosperi.com\/wp-content\/uploads\/2026\/05\/cropped-8059e613-6002-42fa-961e-8e275f575d71-2-5.jpg?fit=1360%2C931&ssl=1","width":1360,"height":931,"caption":"Luiz Ant\u00f4nio Pr\u00f3speri"},"logo":{"@id":"https:\/\/i0.wp.com\/blogdoprosperi.com\/wp-content\/uploads\/2026\/05\/cropped-8059e613-6002-42fa-961e-8e275f575d71-2-5.jpg?fit=1360%2C931&ssl=1"},"description":"Jornalista com carreira dedicada ao esporte. Cobriu 9 Copas do Mundo in loco, 1990 na It\u00e1lia, 1994 nos EUA, 1998 na Fran\u00e7a, 2002 na Coreia do Sul e Jap\u00e3o, 2006 na Alemanha, 2010 na \u00c1frica do Sul, 2014 no Brasil, 2018 na R\u00fassia e 2022 no Qatar. Eurocopas, 1992 na Su\u00e9cia e 1996 na Inglaterra. Copa das Confedera\u00e7\u00f5es de 2005 na Alemanha e 2009 na \u00c1frica do Sul. Rep\u00f3rter e Editor, trabalhou no Jornal da Tarde e Estad\u00e3o, de 1984 a fevereiro de 2016. Colunista, blogueiro. E comentarista de futebol na R\u00e1dio Estad\u00e3o, de 2013 a fevereiro de 2016. Jornalista respons\u00e1vel do \"Pr\u00f3speri News\" (blogdoprosperi.com).","sameAs":["http:\/\/blogdoprosperi.com","Luiz Pr\u00f3speri","@luiz_prosperi","https:\/\/x.com\/Luizprosperi","@prosperinacopa","luiz.prosperi@icloud.com"],"url":"https:\/\/blogdoprosperi.com\/?author=102107496"}]}},"jetpack_publicize_connections":[],"jetpack_likes_enabled":false,"jetpack_sharing_enabled":true,"jetpack_shortlink":"https:\/\/wp.me\/p7jvdk-7JJ","jetpack-related-posts":[{"id":27981,"url":"https:\/\/blogdoprosperi.com\/?p=27981","url_meta":{"origin":29743,"position":0},"title":"Palmeiras n\u00e3o desengata marcha rumo ao t\u00edtulo do Brasileir\u00e3o","author":"Luiz Ant\u00f4nio Pr\u00f3speri","date":"9 de outubro de 2016","format":false,"excerpt":"Palmeiras n\u00e3o desengata a marcha nem desacelera na estrada que o conduz at\u00e9 o t\u00edtulo do Brasileiro. Sem brilho, com excesso de seguran\u00e7a e cauteloso ao extremo, se imp\u00f4s contra o virtualmente rebaixado Am\u00e9rica-MG. Venceu por 2 a 0 em Londrina, mas pode dizer Allianz Parque, com maioria absoluta de\u2026","rel":"","context":"Em &quot;Campeonato Brasileiro&quot;","block_context":{"text":"Campeonato Brasileiro","link":"https:\/\/blogdoprosperi.com\/?cat=355071"},"img":{"alt_text":"","src":"https:\/\/i0.wp.com\/blogdoprosperi.com\/wp-content\/uploads\/2016\/10\/622_a70bacc3-5105-3d6f-826f-694be30b5ff7.jpg?resize=350%2C200&ssl=1","width":350,"height":200,"srcset":"https:\/\/i0.wp.com\/blogdoprosperi.com\/wp-content\/uploads\/2016\/10\/622_a70bacc3-5105-3d6f-826f-694be30b5ff7.jpg?resize=350%2C200&ssl=1 1x, https:\/\/i0.wp.com\/blogdoprosperi.com\/wp-content\/uploads\/2016\/10\/622_a70bacc3-5105-3d6f-826f-694be30b5ff7.jpg?resize=525%2C300&ssl=1 1.5x"},"classes":[]},{"id":23888,"url":"https:\/\/blogdoprosperi.com\/?p=23888","url_meta":{"origin":29743,"position":1},"title":"STJD pune Palmeiras, Flamengo, organizadas e torcedores consumidores de ingressos mais baratos","author":"Luiz Ant\u00f4nio Pr\u00f3speri","date":"1 de setembro de 2016","format":false,"excerpt":"STJD pune torcidas organizadas de Palmeiras e Flamengo com penas in\u00e9ditas e pode prejudicar os dois clubes na corrida do t\u00edtulo do Campeonato Brasileiro. Por decis\u00e3o do tribunal, as medidas come\u00e7am a vigorar no dia 14 deste m\u00eas, data do jogo entre Palmeiras e \u00a0Flamengo no Allianz Parque. Sem poder\u2026","rel":"","context":"Em &quot;Campeonato Brasileiro&quot;","block_context":{"text":"Campeonato Brasileiro","link":"https:\/\/blogdoprosperi.com\/?cat=355071"},"img":{"alt_text":"","src":"https:\/\/i0.wp.com\/blogdoprosperi.com\/wp-content\/uploads\/2016\/09\/protesto-mancha-verde-2014-32.jpg?resize=350%2C200&ssl=1","width":350,"height":200,"srcset":"https:\/\/i0.wp.com\/blogdoprosperi.com\/wp-content\/uploads\/2016\/09\/protesto-mancha-verde-2014-32.jpg?resize=350%2C200&ssl=1 1x, https:\/\/i0.wp.com\/blogdoprosperi.com\/wp-content\/uploads\/2016\/09\/protesto-mancha-verde-2014-32.jpg?resize=525%2C300&ssl=1 1.5x, https:\/\/i0.wp.com\/blogdoprosperi.com\/wp-content\/uploads\/2016\/09\/protesto-mancha-verde-2014-32.jpg?resize=700%2C400&ssl=1 2x, https:\/\/i0.wp.com\/blogdoprosperi.com\/wp-content\/uploads\/2016\/09\/protesto-mancha-verde-2014-32.jpg?resize=1050%2C600&ssl=1 3x, https:\/\/i0.wp.com\/blogdoprosperi.com\/wp-content\/uploads\/2016\/09\/protesto-mancha-verde-2014-32.jpg?resize=1400%2C800&ssl=1 4x"},"classes":[]},{"id":61281,"url":"https:\/\/blogdoprosperi.com\/?p=61281","url_meta":{"origin":29743,"position":2},"title":"Falha de goleiro do Palmeiras reanima Brasileir\u00e3o 2026","author":"Luiz Ant\u00f4nio Pr\u00f3speri","date":"26 de julho de 2026","format":false,"excerpt":"Luiz Ant\u00f4nio Pr\u00f3speri \u2013 26 julho 2026 (23h11) Palmeiras tem seis pontos de vantagem do Flamengo na classifica\u00e7\u00e3o do Brasileir\u00e3o 2026. A diferen\u00e7a poderia ser dez pontos n\u00e3o fosse a falha bizarra do goleiro Carlos Miguel quando o jogo com o Atl\u00e9tico-MG amargava um empate sem gols no Nubank Parque,\u2026","rel":"","context":"Em &quot;brasileir\u00e3o 2026&quot;","block_context":{"text":"brasileir\u00e3o 2026","link":"https:\/\/blogdoprosperi.com\/?cat=786956679"},"img":{"alt_text":"","src":"https:\/\/i0.wp.com\/blogdoprosperi.com\/wp-content\/uploads\/2026\/07\/Captura-de-Tela-2026-07-26-as-23.08.24.png?fit=1126%2C1010&ssl=1&resize=350%2C200","width":350,"height":200,"srcset":"https:\/\/i0.wp.com\/blogdoprosperi.com\/wp-content\/uploads\/2026\/07\/Captura-de-Tela-2026-07-26-as-23.08.24.png?fit=1126%2C1010&ssl=1&resize=350%2C200 1x, https:\/\/i0.wp.com\/blogdoprosperi.com\/wp-content\/uploads\/2026\/07\/Captura-de-Tela-2026-07-26-as-23.08.24.png?fit=1126%2C1010&ssl=1&resize=525%2C300 1.5x, https:\/\/i0.wp.com\/blogdoprosperi.com\/wp-content\/uploads\/2026\/07\/Captura-de-Tela-2026-07-26-as-23.08.24.png?fit=1126%2C1010&ssl=1&resize=700%2C400 2x, https:\/\/i0.wp.com\/blogdoprosperi.com\/wp-content\/uploads\/2026\/07\/Captura-de-Tela-2026-07-26-as-23.08.24.png?fit=1126%2C1010&ssl=1&resize=1050%2C600 3x"},"classes":[]},{"id":28992,"url":"https:\/\/blogdoprosperi.com\/?p=28992","url_meta":{"origin":29743,"position":3},"title":"Brasileir\u00e3o 2016 da &#8216;m\u00e3o grande&#8217; e vergonha","author":"Luiz Ant\u00f4nio Pr\u00f3speri","date":"17 de outubro de 2016","format":false,"excerpt":"An\u00e1lise da 32.\u00aa rodada em cinco temas n\u00e3o pode fugir da pol\u00eamica da arbitragem. Cr\u00edticas de todos os lados e o que mais se ouviu neste domingo foi \"juiz ladr\u00e3o\" Palmeiras teve a rodada perfeita. Venceu o Figueirense e viu seus concorrentes ca\u00edrem um a um com as derrotas do\u2026","rel":"","context":"Em &quot;Campeonato Brasileiro&quot;","block_context":{"text":"Campeonato Brasileiro","link":"https:\/\/blogdoprosperi.com\/?cat=355071"},"img":{"alt_text":"","src":"https:\/\/i0.wp.com\/blogdoprosperi.com\/wp-content\/uploads\/2016\/10\/g_p17r7het2i100g1iv717mo1o9qnfl4.jpg?resize=350%2C200","width":350,"height":200,"srcset":"https:\/\/i0.wp.com\/blogdoprosperi.com\/wp-content\/uploads\/2016\/10\/g_p17r7het2i100g1iv717mo1o9qnfl4.jpg?resize=350%2C200 1x, https:\/\/i0.wp.com\/blogdoprosperi.com\/wp-content\/uploads\/2016\/10\/g_p17r7het2i100g1iv717mo1o9qnfl4.jpg?resize=525%2C300 1.5x, https:\/\/i0.wp.com\/blogdoprosperi.com\/wp-content\/uploads\/2016\/10\/g_p17r7het2i100g1iv717mo1o9qnfl4.jpg?resize=700%2C400 2x, https:\/\/i0.wp.com\/blogdoprosperi.com\/wp-content\/uploads\/2016\/10\/g_p17r7het2i100g1iv717mo1o9qnfl4.jpg?resize=1050%2C600 3x, https:\/\/i0.wp.com\/blogdoprosperi.com\/wp-content\/uploads\/2016\/10\/g_p17r7het2i100g1iv717mo1o9qnfl4.jpg?resize=1400%2C800 4x"},"classes":[]},{"id":25430,"url":"https:\/\/blogdoprosperi.com\/?p=25430","url_meta":{"origin":29743,"position":4},"title":"STJD e Minist\u00e9rio P\u00fablico de olho no jogo Palmeiras x Flamengo","author":"Luiz Ant\u00f4nio Pr\u00f3speri","date":"14 de setembro de 2016","format":false,"excerpt":"Palmeiras x Flamengo \u00e9 a partida de mais relev\u00e2ncia at\u00e9 aqui no Brasileiro. N\u00e3o por acaso Cuca tenta engabelar Z\u00e9 Ricardo coma escala\u00e7\u00e3o ou n\u00e3o de Gabriel Jesus. N\u00e3o por acaso a massa flamenguista abra\u00e7a e aperta jogadores no embarque rumo a S\u00e3o Paulo. Dentro de campo se espera um\u2026","rel":"","context":"Em &quot;Campeonato Brasileiro&quot;","block_context":{"text":"Campeonato Brasileiro","link":"https:\/\/blogdoprosperi.com\/?cat=355071"},"img":{"alt_text":"","src":"https:\/\/i0.wp.com\/blogdoprosperi.com\/wp-content\/uploads\/2016\/09\/16152430.jpeg?resize=350%2C200&ssl=1","width":350,"height":200,"srcset":"https:\/\/i0.wp.com\/blogdoprosperi.com\/wp-content\/uploads\/2016\/09\/16152430.jpeg?resize=350%2C200&ssl=1 1x, https:\/\/i0.wp.com\/blogdoprosperi.com\/wp-content\/uploads\/2016\/09\/16152430.jpeg?resize=525%2C300&ssl=1 1.5x"},"classes":[]},{"id":36667,"url":"https:\/\/blogdoprosperi.com\/?p=36667","url_meta":{"origin":29743,"position":5},"title":"Palmeiras ainda se ilude","author":"Luiz Ant\u00f4nio Pr\u00f3speri","date":"19 de setembro de 2017","format":false,"excerpt":"Ainda distante 13 pontos do l\u00edder Corinthians, Palmeiras continua na sua toada em busca de um milagre. De acordo com Cuca, o futuro do time no Brasileir\u00e3o depende do desempenho nas pr\u00f3ximas seis rodadas, a contar dessa 25.\u00aa. Se Cuca estiver correto, o campe\u00e3o de 2016 est\u00e1 na briga. Venceu\u2026","rel":"","context":"Em &quot;Campeonato Brasileiro&quot;","block_context":{"text":"Campeonato Brasileiro","link":"https:\/\/blogdoprosperi.com\/?cat=355071"},"img":{"alt_text":"Jean, auto do gol do Palmeiras contra Coritiba","src":"https:\/\/i0.wp.com\/blogdoprosperi.com\/wp-content\/uploads\/2017\/09\/pro1-7.jpg?fit=846%2C1200&ssl=1&resize=350%2C200","width":350,"height":200,"srcset":"https:\/\/i0.wp.com\/blogdoprosperi.com\/wp-content\/uploads\/2017\/09\/pro1-7.jpg?fit=846%2C1200&ssl=1&resize=350%2C200 1x, https:\/\/i0.wp.com\/blogdoprosperi.com\/wp-content\/uploads\/2017\/09\/pro1-7.jpg?fit=846%2C1200&ssl=1&resize=525%2C300 1.5x, https:\/\/i0.wp.com\/blogdoprosperi.com\/wp-content\/uploads\/2017\/09\/pro1-7.jpg?fit=846%2C1200&ssl=1&resize=700%2C400 2x"},"classes":[]}],"jetpack_featured_media_url":"","_links":{"self":[{"href":"https:\/\/blogdoprosperi.com\/index.php?rest_route=\/wp\/v2\/posts\/29743","targetHints":{"allow":["GET"]}}],"collection":[{"href":"https:\/\/blogdoprosperi.com\/index.php?rest_route=\/wp\/v2\/posts"}],"about":[{"href":"https:\/\/blogdoprosperi.com\/index.php?rest_route=\/wp\/v2\/types\/post"}],"author":[{"embeddable":true,"href":"https:\/\/blogdoprosperi.com\/index.php?rest_route=\/wp\/v2\/users\/102107496"}],"replies":[{"embeddable":true,"href":"https:\/\/blogdoprosperi.com\/index.php?rest_route=%2Fwp%2Fv2%2Fcomments&post=29743"}],"version-history":[{"count":25,"href":"https:\/\/blogdoprosperi.com\/index.php?rest_route=\/wp\/v2\/posts\/29743\/revisions"}],"predecessor-version":[{"id":29819,"href":"https:\/\/blogdoprosperi.com\/index.php?rest_route=\/wp\/v2\/posts\/29743\/revisions\/29819"}],"wp:attachment":[{"href":"https:\/\/blogdoprosperi.com\/index.php?rest_route=%2Fwp%2Fv2%2Fmedia&parent=29743"}],"wp:term":[{"taxonomy":"category","embeddable":true,"href":"https:\/\/blogdoprosperi.com\/index.php?rest_route=%2Fwp%2Fv2%2Fcategories&post=29743"},{"taxonomy":"post_tag","embeddable":true,"href":"https:\/\/blogdoprosperi.com\/index.php?rest_route=%2Fwp%2Fv2%2Ftags&post=29743"}],"curies":[{"name":"wp","href":"https:\/\/api.w.org\/{rel}","templated":true}]}}