{"id":29891,"date":"2016-10-25T12:16:10","date_gmt":"2016-10-25T14:16:10","guid":{"rendered":"http:\/\/blogdoprosperi.com\/?p=29891"},"modified":"2016-10-25T20:10:48","modified_gmt":"2016-10-25T22:10:48","slug":"confronto-de-torcida-do-corinthians-e-pm-no-maracana-expoe-fracasso-da-cbf-na-gestao-do-futebol","status":"publish","type":"post","link":"https:\/\/blogdoprosperi.com\/?p=29891","title":{"rendered":"Futebol brasileiro n\u00e3o aprende nada com futebol ingl\u00eas"},"content":{"rendered":"<p><span class=\"alignnone\"><img data-recalc-dims=\"1\" loading=\"lazy\" decoding=\"async\" data-attachment-id=\"29924\" data-permalink=\"https:\/\/blogdoprosperi.com\/?attachment_id=29924\" data-orig-file=\"https:\/\/i0.wp.com\/blogdoprosperi.com\/wp-content\/uploads\/2016\/10\/ei-1.jpg?fit=690%2C320&amp;ssl=1\" data-orig-size=\"690,320\" data-comments-opened=\"1\" data-image-meta=\"{&quot;aperture&quot;:&quot;0&quot;,&quot;credit&quot;:&quot;&quot;,&quot;camera&quot;:&quot;&quot;,&quot;caption&quot;:&quot;&quot;,&quot;created_timestamp&quot;:&quot;0&quot;,&quot;copyright&quot;:&quot;&quot;,&quot;focal_length&quot;:&quot;0&quot;,&quot;iso&quot;:&quot;0&quot;,&quot;shutter_speed&quot;:&quot;0&quot;,&quot;title&quot;:&quot;&quot;,&quot;orientation&quot;:&quot;0&quot;}\" data-image-title=\"ei-1\" data-image-description=\"\" data-image-caption=\"\" data-large-file=\"https:\/\/i0.wp.com\/blogdoprosperi.com\/wp-content\/uploads\/2016\/10\/ei-1.jpg?fit=690%2C320&amp;ssl=1\" class=\"alignnone size-full wp-image-29924\" src=\"https:\/\/i0.wp.com\/blogdoprosperi.com\/wp-content\/uploads\/2016\/10\/ei-1.jpg?resize=690%2C320&#038;ssl=1\" alt=\"ei-1\" width=\"690\" height=\"320\" \/><\/span>Detidos no Rio, 31 corintianos foram autuados em flagrante no confronto com a Pol\u00edcia Militar domingo no Maracan\u00e3. Julgamento dos torcedores est\u00e1 previsto para esta ter\u00e7a-feira no Tribunal de Justi\u00e7a-RJ. Na noite desta segunda-feira, o Superior Tribunal de Justi\u00e7a Desportiva (STJD) puniu o Corinthians por causa dos incidentes. O clube n\u00e3o poder\u00e1 vender ingressos \u00e0s torcidas organizadas nas pr\u00f3ximas seis rodadas &#8211; Setor Norte do Itaquer\u00e3o, destinado \u00e0s fac\u00e7\u00f5es, dever\u00e1 ficar fechado. Preju\u00edzo financeiro imenso ao Corinthians.<\/p>\n<p><!--more--><\/p>\n<p>Debater mais uma vez a viol\u00eancia j\u00e1 torrou a paci\u00eancia e o est\u00f4mago n\u00e3o suporta mais tamanho esc\u00e1rnio dos poderes do futebol. Tempo passa, vandalismo e mortes se espalham no futebol. E a CBF, respons\u00e1vel pela gest\u00e3o do futebol brasileiro, se omite como se poder central n\u00e3o tivesse nada com isso.<\/p>\n<p>Em S\u00e3o Paulo, <a href=\"http:\/\/blogdoprosperi.com\/2016\/10\/23\/ministerio-publico-de-sao-paulo-confirma-ameaca-e-fecha-rua-turiassu-reduto-de-palmeirenses-com-acao-da-policia-militar\/\">Minist\u00e9rio P\u00fablico ordenou e a Pol\u00edcia Militar bloqueou ruas nos arredores do Allianz Parque<\/a>, est\u00e1dio do Palmeiras, reduto de torcedores em festa antes e depois dos jogos na arena.<\/p>\n<p>Como nessas situa\u00e7\u00f5es de crise e gravidade extrema sempre recorrermos ao exemplo do futebol da Inglaterra, acompanhe os v\u00eddeos abaixo e veja como os ingleses defendem a paix\u00e3o por seus times e compare com as cenas no Maracan\u00e3.<\/p>\n<div class=\"jetpack-video-wrapper\"><span class=\"embed-youtube\" style=\"text-align:center; display: block;\"><iframe loading=\"lazy\" class=\"youtube-player\" width=\"560\" height=\"315\" src=\"https:\/\/www.youtube.com\/embed\/NHtNFaa2ne0?version=3&#038;rel=1&#038;showsearch=0&#038;showinfo=1&#038;iv_load_policy=1&#038;fs=1&#038;hl=pt-BR&#038;autohide=2&#038;wmode=transparent\" allowfullscreen=\"true\" style=\"border:0;\" sandbox=\"allow-scripts allow-same-origin allow-popups allow-presentation allow-popups-to-escape-sandbox\"><\/iframe><\/span><\/div>\n<div class=\"jetpack-video-wrapper\"><span class=\"embed-youtube\" style=\"text-align:center; display: block;\"><iframe loading=\"lazy\" class=\"youtube-player\" width=\"560\" height=\"315\" src=\"https:\/\/www.youtube.com\/embed\/vOZ0TYwv0Eg?version=3&#038;rel=1&#038;showsearch=0&#038;showinfo=1&#038;iv_load_policy=1&#038;fs=1&#038;hl=pt-BR&#038;autohide=2&#038;wmode=transparent\" allowfullscreen=\"true\" style=\"border:0;\" sandbox=\"allow-scripts allow-same-origin allow-popups allow-presentation allow-popups-to-escape-sandbox\"><\/iframe><\/span><\/div>\n<div class=\"jetpack-video-wrapper\"><span class=\"embed-youtube\" style=\"text-align:center; display: block;\"><iframe loading=\"lazy\" class=\"youtube-player\" width=\"560\" height=\"315\" src=\"https:\/\/www.youtube.com\/embed\/Go-jJlGd1so?version=3&#038;rel=1&#038;showsearch=0&#038;showinfo=1&#038;iv_load_policy=1&#038;fs=1&#038;hl=pt-BR&#038;autohide=2&#038;wmode=transparent\" allowfullscreen=\"true\" style=\"border:0;\" sandbox=\"allow-scripts allow-same-origin allow-popups allow-presentation allow-popups-to-escape-sandbox\"><\/iframe><\/span><\/div>\n<div class=\"jetpack-video-wrapper\"><span class=\"embed-youtube\" style=\"text-align:center; display: block;\"><iframe loading=\"lazy\" class=\"youtube-player\" width=\"560\" height=\"315\" src=\"https:\/\/www.youtube.com\/embed\/L4bxy4Z9kGI?version=3&#038;rel=1&#038;showsearch=0&#038;showinfo=1&#038;iv_load_policy=1&#038;fs=1&#038;hl=pt-BR&#038;autohide=2&#038;wmode=transparent\" allowfullscreen=\"true\" style=\"border:0;\" sandbox=\"allow-scripts allow-same-origin allow-popups allow-presentation allow-popups-to-escape-sandbox\"><\/iframe><\/span><\/div>\n<p><span class=\"alignnone\"><img data-recalc-dims=\"1\" loading=\"lazy\" decoding=\"async\" data-attachment-id=\"29926\" data-permalink=\"https:\/\/blogdoprosperi.com\/?attachment_id=29926\" data-orig-file=\"https:\/\/i0.wp.com\/blogdoprosperi.com\/wp-content\/uploads\/2016\/10\/16297166.jpeg?fit=620%2C300&amp;ssl=1\" data-orig-size=\"620,300\" data-comments-opened=\"1\" data-image-meta=\"{&quot;aperture&quot;:&quot;0&quot;,&quot;credit&quot;:&quot;&quot;,&quot;camera&quot;:&quot;&quot;,&quot;caption&quot;:&quot;&quot;,&quot;created_timestamp&quot;:&quot;0&quot;,&quot;copyright&quot;:&quot;&quot;,&quot;focal_length&quot;:&quot;0&quot;,&quot;iso&quot;:&quot;0&quot;,&quot;shutter_speed&quot;:&quot;0&quot;,&quot;title&quot;:&quot;&quot;,&quot;orientation&quot;:&quot;0&quot;}\" data-image-title=\"16297166\" data-image-description=\"\" data-image-caption=\"\" data-large-file=\"https:\/\/i0.wp.com\/blogdoprosperi.com\/wp-content\/uploads\/2016\/10\/16297166.jpeg?fit=620%2C300&amp;ssl=1\" class=\"alignnone size-full wp-image-29926\" src=\"https:\/\/i0.wp.com\/blogdoprosperi.com\/wp-content\/uploads\/2016\/10\/16297166.jpeg?resize=620%2C300&#038;ssl=1\" alt=\"16297166\" width=\"620\" height=\"300\" \/><\/span><\/p>\n","protected":false},"excerpt":{"rendered":"<p>Detidos no Rio, 31 corintianos foram autuados em flagrante no confronto com a Pol\u00edcia Militar domingo no Maracan\u00e3. [&hellip;]<\/p>\n","protected":false},"author":102107496,"featured_media":0,"comment_status":"open","ping_status":"open","sticky":false,"template":"","format":"standard","meta":{"_coblocks_attr":"","_coblocks_dimensions":"","_coblocks_responsive_height":"","_coblocks_accordion_ie_support":"","_jetpack_newsletter_access":"","_jetpack_dont_email_post_to_subs":false,"_jetpack_newsletter_tier_id":0,"_jetpack_memberships_contains_paywalled_content":false,"_wpcom_ai_launchpad_first_post":false,"_jetpack_feature_clip_id":0,"_jetpack_memberships_contains_paid_content":false,"footnotes":"","jetpack_publicize_message":"","jetpack_publicize_feature_enabled":true,"jetpack_social_post_already_shared":false,"jetpack_social_options":{"image_generator_settings":{"template":"highway","default_image_id":0,"font":"","enabled":false},"version":2},"jetpack_post_was_ever_published":false},"categories":[355071,53870],"tags":[789560569,789560560,6217,408967,713468,545213451,2245454,545213449],"class_list":["post-29891","post","type-post","status-publish","format-standard","hentry","category-campeonato-brasileiro","category-futebol","tag-cbf","tag-futebol","tag-futebol-brasileiro","tag-maracana","tag-policia-militar","tag-setor-norte-itaquerao","tag-stjd","tag-torcedores-corinthians"],"yoast_head":"<!-- This site is optimized with the Yoast SEO plugin v28.3 - https:\/\/yoast.com\/product\/yoast-seo-wordpress\/ -->\n<title>Futebol brasileiro n\u00e3o aprende nada com futebol ingl\u00eas - PR\u00d3SPERI NEWS<\/title>\n<meta name=\"robots\" content=\"index, follow, max-snippet:-1, max-image-preview:large, max-video-preview:-1\" \/>\n<link rel=\"canonical\" href=\"https:\/\/blogdoprosperi.com\/?p=29891\" \/>\n<meta property=\"og:locale\" content=\"pt_BR\" \/>\n<meta property=\"og:type\" content=\"article\" \/>\n<meta property=\"og:title\" content=\"Futebol brasileiro n\u00e3o aprende nada com futebol ingl\u00eas - PR\u00d3SPERI NEWS\" \/>\n<meta property=\"og:description\" content=\"Detidos no Rio, 31 corintianos foram autuados em flagrante no confronto com a Pol\u00edcia Militar domingo no Maracan\u00e3. [&hellip;]\" \/>\n<meta property=\"og:url\" content=\"https:\/\/blogdoprosperi.com\/?p=29891\" \/>\n<meta property=\"og:site_name\" content=\"PR\u00d3SPERI NEWS\" \/>\n<meta property=\"article:publisher\" content=\"Luiz Pr\u00f3speri\" \/>\n<meta property=\"article:author\" content=\"Luiz Pr\u00f3speri\" \/>\n<meta property=\"article:published_time\" content=\"2016-10-25T14:16:10+00:00\" \/>\n<meta property=\"article:modified_time\" content=\"2016-10-25T22:10:48+00:00\" \/>\n<meta property=\"og:image\" content=\"https:\/\/blogdoprosperi.com\/wp-content\/uploads\/2016\/10\/ei-1.jpg\" \/>\n<meta name=\"author\" content=\"Luiz Ant\u00f4nio Pr\u00f3speri\" \/>\n<meta name=\"twitter:card\" content=\"summary_large_image\" \/>\n<meta name=\"twitter:creator\" content=\"@Luizprosperi\" \/>\n<meta name=\"twitter:site\" content=\"@Luizprosperi\" \/>\n<meta name=\"twitter:label1\" content=\"Escrito por\" \/>\n\t<meta name=\"twitter:data1\" content=\"Luiz Ant\u00f4nio Pr\u00f3speri\" \/>\n\t<meta name=\"twitter:label2\" content=\"Est. tempo de leitura\" \/>\n\t<meta name=\"twitter:data2\" content=\"1 minuto\" \/>\n<script type=\"application\/ld+json\" class=\"yoast-schema-graph\">{\"@context\":\"https:\\\/\\\/schema.org\",\"@graph\":[{\"@type\":\"Article\",\"@id\":\"https:\\\/\\\/blogdoprosperi.com\\\/?p=29891#article\",\"isPartOf\":{\"@id\":\"https:\\\/\\\/blogdoprosperi.com\\\/?p=29891\"},\"author\":{\"name\":\"Luiz Ant\u00f4nio Pr\u00f3speri\",\"@id\":\"https:\\\/\\\/blogdoprosperi.com\\\/#\\\/schema\\\/person\\\/38100755ce3601861ee4fab9b5aa78e9\"},\"headline\":\"Futebol brasileiro n\u00e3o aprende nada com futebol ingl\u00eas\",\"datePublished\":\"2016-10-25T14:16:10+00:00\",\"dateModified\":\"2016-10-25T22:10:48+00:00\",\"mainEntityOfPage\":{\"@id\":\"https:\\\/\\\/blogdoprosperi.com\\\/?p=29891\"},\"wordCount\":287,\"commentCount\":1,\"publisher\":{\"@id\":\"https:\\\/\\\/blogdoprosperi.com\\\/#\\\/schema\\\/person\\\/38100755ce3601861ee4fab9b5aa78e9\"},\"image\":{\"@id\":\"https:\\\/\\\/blogdoprosperi.com\\\/?p=29891#primaryimage\"},\"thumbnailUrl\":\"https:\\\/\\\/blogdoprosperi.com\\\/wp-content\\\/uploads\\\/2016\\\/10\\\/ei-1.jpg\",\"keywords\":[\"CBF\",\"futebol\",\"Futebol brasileiro\",\"Maracan\u00e3\",\"Pol\u00edcia Militar\",\"Setor Norte Itaquer\u00e3o\",\"STJD\",\"Torcedores Corinthians\"],\"articleSection\":[\"Campeonato Brasileiro\",\"futebol\"],\"inLanguage\":\"pt-BR\",\"potentialAction\":[{\"@type\":\"CommentAction\",\"name\":\"Comment\",\"target\":[\"https:\\\/\\\/blogdoprosperi.com\\\/?p=29891#respond\"]}]},{\"@type\":\"WebPage\",\"@id\":\"https:\\\/\\\/blogdoprosperi.com\\\/?p=29891\",\"url\":\"https:\\\/\\\/blogdoprosperi.com\\\/?p=29891\",\"name\":\"Futebol brasileiro n\u00e3o aprende nada com futebol ingl\u00eas - PR\u00d3SPERI NEWS\",\"isPartOf\":{\"@id\":\"https:\\\/\\\/blogdoprosperi.com\\\/#website\"},\"primaryImageOfPage\":{\"@id\":\"https:\\\/\\\/blogdoprosperi.com\\\/?p=29891#primaryimage\"},\"image\":{\"@id\":\"https:\\\/\\\/blogdoprosperi.com\\\/?p=29891#primaryimage\"},\"thumbnailUrl\":\"https:\\\/\\\/blogdoprosperi.com\\\/wp-content\\\/uploads\\\/2016\\\/10\\\/ei-1.jpg\",\"datePublished\":\"2016-10-25T14:16:10+00:00\",\"dateModified\":\"2016-10-25T22:10:48+00:00\",\"breadcrumb\":{\"@id\":\"https:\\\/\\\/blogdoprosperi.com\\\/?p=29891#breadcrumb\"},\"inLanguage\":\"pt-BR\",\"potentialAction\":[{\"@type\":\"ReadAction\",\"target\":[\"https:\\\/\\\/blogdoprosperi.com\\\/?p=29891\"]}]},{\"@type\":\"ImageObject\",\"inLanguage\":\"pt-BR\",\"@id\":\"https:\\\/\\\/blogdoprosperi.com\\\/?p=29891#primaryimage\",\"url\":\"https:\\\/\\\/i0.wp.com\\\/blogdoprosperi.com\\\/wp-content\\\/uploads\\\/2016\\\/10\\\/ei-1.jpg?fit=690%2C320&ssl=1\",\"contentUrl\":\"https:\\\/\\\/i0.wp.com\\\/blogdoprosperi.com\\\/wp-content\\\/uploads\\\/2016\\\/10\\\/ei-1.jpg?fit=690%2C320&ssl=1\",\"width\":690,\"height\":320},{\"@type\":\"BreadcrumbList\",\"@id\":\"https:\\\/\\\/blogdoprosperi.com\\\/?p=29891#breadcrumb\",\"itemListElement\":[{\"@type\":\"ListItem\",\"position\":1,\"name\":\"In\u00edcio\",\"item\":\"https:\\\/\\\/blogdoprosperi.com\\\/\"},{\"@type\":\"ListItem\",\"position\":2,\"name\":\"Futebol brasileiro n\u00e3o aprende nada com futebol ingl\u00eas\"}]},{\"@type\":\"WebSite\",\"@id\":\"https:\\\/\\\/blogdoprosperi.com\\\/#website\",\"url\":\"https:\\\/\\\/blogdoprosperi.com\\\/\",\"name\":\"PR\u00d3SPERI NEWS\",\"description\":\"TUDO \u00c9  FUTEBOL\",\"publisher\":{\"@id\":\"https:\\\/\\\/blogdoprosperi.com\\\/#\\\/schema\\\/person\\\/38100755ce3601861ee4fab9b5aa78e9\"},\"alternateName\":\"blogdoprosperi.com\",\"potentialAction\":[{\"@type\":\"SearchAction\",\"target\":{\"@type\":\"EntryPoint\",\"urlTemplate\":\"https:\\\/\\\/blogdoprosperi.com\\\/?s={search_term_string}\"},\"query-input\":{\"@type\":\"PropertyValueSpecification\",\"valueRequired\":true,\"valueName\":\"search_term_string\"}}],\"inLanguage\":\"pt-BR\"},{\"@type\":[\"Person\",\"Organization\"],\"@id\":\"https:\\\/\\\/blogdoprosperi.com\\\/#\\\/schema\\\/person\\\/38100755ce3601861ee4fab9b5aa78e9\",\"name\":\"Luiz Ant\u00f4nio Pr\u00f3speri\",\"pronouns\":\"ele\",\"image\":{\"@type\":\"ImageObject\",\"inLanguage\":\"pt-BR\",\"@id\":\"https:\\\/\\\/i0.wp.com\\\/blogdoprosperi.com\\\/wp-content\\\/uploads\\\/2026\\\/05\\\/cropped-8059e613-6002-42fa-961e-8e275f575d71-2-5.jpg?fit=1360%2C931&ssl=1\",\"url\":\"https:\\\/\\\/i0.wp.com\\\/blogdoprosperi.com\\\/wp-content\\\/uploads\\\/2026\\\/05\\\/cropped-8059e613-6002-42fa-961e-8e275f575d71-2-5.jpg?fit=1360%2C931&ssl=1\",\"contentUrl\":\"https:\\\/\\\/i0.wp.com\\\/blogdoprosperi.com\\\/wp-content\\\/uploads\\\/2026\\\/05\\\/cropped-8059e613-6002-42fa-961e-8e275f575d71-2-5.jpg?fit=1360%2C931&ssl=1\",\"width\":1360,\"height\":931,\"caption\":\"Luiz Ant\u00f4nio Pr\u00f3speri\"},\"logo\":{\"@id\":\"https:\\\/\\\/i0.wp.com\\\/blogdoprosperi.com\\\/wp-content\\\/uploads\\\/2026\\\/05\\\/cropped-8059e613-6002-42fa-961e-8e275f575d71-2-5.jpg?fit=1360%2C931&ssl=1\"},\"description\":\"Jornalista com carreira dedicada ao esporte. Cobriu 9 Copas do Mundo in loco, 1990 na It\u00e1lia, 1994 nos EUA, 1998 na Fran\u00e7a, 2002 na Coreia do Sul e Jap\u00e3o, 2006 na Alemanha, 2010 na \u00c1frica do Sul, 2014 no Brasil, 2018 na R\u00fassia e 2022 no Qatar. Eurocopas, 1992 na Su\u00e9cia e 1996 na Inglaterra. Copa das Confedera\u00e7\u00f5es de 2005 na Alemanha e 2009 na \u00c1frica do Sul. Rep\u00f3rter e Editor, trabalhou no Jornal da Tarde e Estad\u00e3o, de 1984 a fevereiro de 2016. Colunista, blogueiro. E comentarista de futebol na R\u00e1dio Estad\u00e3o, de 2013 a fevereiro de 2016. Jornalista respons\u00e1vel do \\\"Pr\u00f3speri News\\\" (blogdoprosperi.com).\",\"sameAs\":[\"http:\\\/\\\/blogdoprosperi.com\",\"Luiz Pr\u00f3speri\",\"@luiz_prosperi\",\"https:\\\/\\\/x.com\\\/Luizprosperi\",\"@prosperinacopa\",\"luiz.prosperi@icloud.com\"],\"url\":\"https:\\\/\\\/blogdoprosperi.com\\\/?author=102107496\"}]}<\/script>\n<!-- \/ Yoast SEO plugin. -->","yoast_head_json":{"title":"Futebol brasileiro n\u00e3o aprende nada com futebol ingl\u00eas - PR\u00d3SPERI NEWS","robots":{"index":"index","follow":"follow","max-snippet":"max-snippet:-1","max-image-preview":"max-image-preview:large","max-video-preview":"max-video-preview:-1"},"canonical":"https:\/\/blogdoprosperi.com\/?p=29891","og_locale":"pt_BR","og_type":"article","og_title":"Futebol brasileiro n\u00e3o aprende nada com futebol ingl\u00eas - PR\u00d3SPERI NEWS","og_description":"Detidos no Rio, 31 corintianos foram autuados em flagrante no confronto com a Pol\u00edcia Militar domingo no Maracan\u00e3. [&hellip;]","og_url":"https:\/\/blogdoprosperi.com\/?p=29891","og_site_name":"PR\u00d3SPERI NEWS","article_publisher":"Luiz Pr\u00f3speri","article_author":"Luiz Pr\u00f3speri","article_published_time":"2016-10-25T14:16:10+00:00","article_modified_time":"2016-10-25T22:10:48+00:00","og_image":[{"url":"https:\/\/blogdoprosperi.com\/wp-content\/uploads\/2016\/10\/ei-1.jpg","type":"","width":"","height":""}],"author":"Luiz Ant\u00f4nio Pr\u00f3speri","twitter_card":"summary_large_image","twitter_creator":"@Luizprosperi","twitter_site":"@Luizprosperi","twitter_misc":{"Escrito por":"Luiz Ant\u00f4nio Pr\u00f3speri","Est. tempo de leitura":"1 minuto"},"schema":{"@context":"https:\/\/schema.org","@graph":[{"@type":"Article","@id":"https:\/\/blogdoprosperi.com\/?p=29891#article","isPartOf":{"@id":"https:\/\/blogdoprosperi.com\/?p=29891"},"author":{"name":"Luiz Ant\u00f4nio Pr\u00f3speri","@id":"https:\/\/blogdoprosperi.com\/#\/schema\/person\/38100755ce3601861ee4fab9b5aa78e9"},"headline":"Futebol brasileiro n\u00e3o aprende nada com futebol ingl\u00eas","datePublished":"2016-10-25T14:16:10+00:00","dateModified":"2016-10-25T22:10:48+00:00","mainEntityOfPage":{"@id":"https:\/\/blogdoprosperi.com\/?p=29891"},"wordCount":287,"commentCount":1,"publisher":{"@id":"https:\/\/blogdoprosperi.com\/#\/schema\/person\/38100755ce3601861ee4fab9b5aa78e9"},"image":{"@id":"https:\/\/blogdoprosperi.com\/?p=29891#primaryimage"},"thumbnailUrl":"https:\/\/blogdoprosperi.com\/wp-content\/uploads\/2016\/10\/ei-1.jpg","keywords":["CBF","futebol","Futebol brasileiro","Maracan\u00e3","Pol\u00edcia Militar","Setor Norte Itaquer\u00e3o","STJD","Torcedores Corinthians"],"articleSection":["Campeonato Brasileiro","futebol"],"inLanguage":"pt-BR","potentialAction":[{"@type":"CommentAction","name":"Comment","target":["https:\/\/blogdoprosperi.com\/?p=29891#respond"]}]},{"@type":"WebPage","@id":"https:\/\/blogdoprosperi.com\/?p=29891","url":"https:\/\/blogdoprosperi.com\/?p=29891","name":"Futebol brasileiro n\u00e3o aprende nada com futebol ingl\u00eas - PR\u00d3SPERI NEWS","isPartOf":{"@id":"https:\/\/blogdoprosperi.com\/#website"},"primaryImageOfPage":{"@id":"https:\/\/blogdoprosperi.com\/?p=29891#primaryimage"},"image":{"@id":"https:\/\/blogdoprosperi.com\/?p=29891#primaryimage"},"thumbnailUrl":"https:\/\/blogdoprosperi.com\/wp-content\/uploads\/2016\/10\/ei-1.jpg","datePublished":"2016-10-25T14:16:10+00:00","dateModified":"2016-10-25T22:10:48+00:00","breadcrumb":{"@id":"https:\/\/blogdoprosperi.com\/?p=29891#breadcrumb"},"inLanguage":"pt-BR","potentialAction":[{"@type":"ReadAction","target":["https:\/\/blogdoprosperi.com\/?p=29891"]}]},{"@type":"ImageObject","inLanguage":"pt-BR","@id":"https:\/\/blogdoprosperi.com\/?p=29891#primaryimage","url":"https:\/\/i0.wp.com\/blogdoprosperi.com\/wp-content\/uploads\/2016\/10\/ei-1.jpg?fit=690%2C320&ssl=1","contentUrl":"https:\/\/i0.wp.com\/blogdoprosperi.com\/wp-content\/uploads\/2016\/10\/ei-1.jpg?fit=690%2C320&ssl=1","width":690,"height":320},{"@type":"BreadcrumbList","@id":"https:\/\/blogdoprosperi.com\/?p=29891#breadcrumb","itemListElement":[{"@type":"ListItem","position":1,"name":"In\u00edcio","item":"https:\/\/blogdoprosperi.com\/"},{"@type":"ListItem","position":2,"name":"Futebol brasileiro n\u00e3o aprende nada com futebol ingl\u00eas"}]},{"@type":"WebSite","@id":"https:\/\/blogdoprosperi.com\/#website","url":"https:\/\/blogdoprosperi.com\/","name":"PR\u00d3SPERI NEWS","description":"TUDO \u00c9  FUTEBOL","publisher":{"@id":"https:\/\/blogdoprosperi.com\/#\/schema\/person\/38100755ce3601861ee4fab9b5aa78e9"},"alternateName":"blogdoprosperi.com","potentialAction":[{"@type":"SearchAction","target":{"@type":"EntryPoint","urlTemplate":"https:\/\/blogdoprosperi.com\/?s={search_term_string}"},"query-input":{"@type":"PropertyValueSpecification","valueRequired":true,"valueName":"search_term_string"}}],"inLanguage":"pt-BR"},{"@type":["Person","Organization"],"@id":"https:\/\/blogdoprosperi.com\/#\/schema\/person\/38100755ce3601861ee4fab9b5aa78e9","name":"Luiz Ant\u00f4nio Pr\u00f3speri","pronouns":"ele","image":{"@type":"ImageObject","inLanguage":"pt-BR","@id":"https:\/\/i0.wp.com\/blogdoprosperi.com\/wp-content\/uploads\/2026\/05\/cropped-8059e613-6002-42fa-961e-8e275f575d71-2-5.jpg?fit=1360%2C931&ssl=1","url":"https:\/\/i0.wp.com\/blogdoprosperi.com\/wp-content\/uploads\/2026\/05\/cropped-8059e613-6002-42fa-961e-8e275f575d71-2-5.jpg?fit=1360%2C931&ssl=1","contentUrl":"https:\/\/i0.wp.com\/blogdoprosperi.com\/wp-content\/uploads\/2026\/05\/cropped-8059e613-6002-42fa-961e-8e275f575d71-2-5.jpg?fit=1360%2C931&ssl=1","width":1360,"height":931,"caption":"Luiz Ant\u00f4nio Pr\u00f3speri"},"logo":{"@id":"https:\/\/i0.wp.com\/blogdoprosperi.com\/wp-content\/uploads\/2026\/05\/cropped-8059e613-6002-42fa-961e-8e275f575d71-2-5.jpg?fit=1360%2C931&ssl=1"},"description":"Jornalista com carreira dedicada ao esporte. Cobriu 9 Copas do Mundo in loco, 1990 na It\u00e1lia, 1994 nos EUA, 1998 na Fran\u00e7a, 2002 na Coreia do Sul e Jap\u00e3o, 2006 na Alemanha, 2010 na \u00c1frica do Sul, 2014 no Brasil, 2018 na R\u00fassia e 2022 no Qatar. Eurocopas, 1992 na Su\u00e9cia e 1996 na Inglaterra. Copa das Confedera\u00e7\u00f5es de 2005 na Alemanha e 2009 na \u00c1frica do Sul. Rep\u00f3rter e Editor, trabalhou no Jornal da Tarde e Estad\u00e3o, de 1984 a fevereiro de 2016. Colunista, blogueiro. E comentarista de futebol na R\u00e1dio Estad\u00e3o, de 2013 a fevereiro de 2016. Jornalista respons\u00e1vel do \"Pr\u00f3speri News\" (blogdoprosperi.com).","sameAs":["http:\/\/blogdoprosperi.com","Luiz Pr\u00f3speri","@luiz_prosperi","https:\/\/x.com\/Luizprosperi","@prosperinacopa","luiz.prosperi@icloud.com"],"url":"https:\/\/blogdoprosperi.com\/?author=102107496"}]}},"jetpack_publicize_connections":[],"jetpack_likes_enabled":false,"jetpack_sharing_enabled":true,"jetpack_shortlink":"https:\/\/wp.me\/p7jvdk-7M7","jetpack-related-posts":[{"id":25430,"url":"https:\/\/blogdoprosperi.com\/?p=25430","url_meta":{"origin":29891,"position":0},"title":"STJD e Minist\u00e9rio P\u00fablico de olho no jogo Palmeiras x Flamengo","author":"Luiz Ant\u00f4nio Pr\u00f3speri","date":"14 de setembro de 2016","format":false,"excerpt":"Palmeiras x Flamengo \u00e9 a partida de mais relev\u00e2ncia at\u00e9 aqui no Brasileiro. N\u00e3o por acaso Cuca tenta engabelar Z\u00e9 Ricardo coma escala\u00e7\u00e3o ou n\u00e3o de Gabriel Jesus. N\u00e3o por acaso a massa flamenguista abra\u00e7a e aperta jogadores no embarque rumo a S\u00e3o Paulo. Dentro de campo se espera um\u2026","rel":"","context":"Em &quot;Campeonato Brasileiro&quot;","block_context":{"text":"Campeonato Brasileiro","link":"https:\/\/blogdoprosperi.com\/?cat=355071"},"img":{"alt_text":"","src":"https:\/\/i0.wp.com\/blogdoprosperi.com\/wp-content\/uploads\/2016\/09\/16152430.jpeg?resize=350%2C200&ssl=1","width":350,"height":200,"srcset":"https:\/\/i0.wp.com\/blogdoprosperi.com\/wp-content\/uploads\/2016\/09\/16152430.jpeg?resize=350%2C200&ssl=1 1x, https:\/\/i0.wp.com\/blogdoprosperi.com\/wp-content\/uploads\/2016\/09\/16152430.jpeg?resize=525%2C300&ssl=1 1.5x"},"classes":[]},{"id":57650,"url":"https:\/\/blogdoprosperi.com\/?p=57650","url_meta":{"origin":29891,"position":1},"title":"Judici\u00e1rio Ganha For\u00e7a no Futebol Brasileiro | Juiz Ladr\u00e3o, N\u00e3o","author":"Luiz Ant\u00f4nio Pr\u00f3speri","date":"14 de abril de 2026","format":false,"excerpt":"Luiz Ant\u00f4nio Pr\u00f3speri \u2013 14 abril 2026 (12h35) \u2013 Judici\u00e1rio ganha for\u00e7a no poder do futebol brasileiro. A\u00e7\u00f5es mais incisivas do Superior Tribunal de Justi\u00e7a Desportiva (STJD) tendem a se ampliar na atual temporada. \u00c9 uma resposta do sistema jur\u00eddico diante da perda de credibilidade da arbitragem e, por tabela,\u2026","rel":"","context":"Em &quot;brasileir\u00e3o 2026&quot;","block_context":{"text":"brasileir\u00e3o 2026","link":"https:\/\/blogdoprosperi.com\/?cat=786956679"},"img":{"alt_text":"","src":"https:\/\/i0.wp.com\/blogdoprosperi.com\/wp-content\/uploads\/2026\/04\/captura-de-tela-2026-04-14-as-12.30.52.png?fit=1200%2C1029&ssl=1&resize=350%2C200","width":350,"height":200,"srcset":"https:\/\/i0.wp.com\/blogdoprosperi.com\/wp-content\/uploads\/2026\/04\/captura-de-tela-2026-04-14-as-12.30.52.png?fit=1200%2C1029&ssl=1&resize=350%2C200 1x, https:\/\/i0.wp.com\/blogdoprosperi.com\/wp-content\/uploads\/2026\/04\/captura-de-tela-2026-04-14-as-12.30.52.png?fit=1200%2C1029&ssl=1&resize=525%2C300 1.5x, https:\/\/i0.wp.com\/blogdoprosperi.com\/wp-content\/uploads\/2026\/04\/captura-de-tela-2026-04-14-as-12.30.52.png?fit=1200%2C1029&ssl=1&resize=700%2C400 2x, https:\/\/i0.wp.com\/blogdoprosperi.com\/wp-content\/uploads\/2026\/04\/captura-de-tela-2026-04-14-as-12.30.52.png?fit=1200%2C1029&ssl=1&resize=1050%2C600 3x"},"classes":[]},{"id":26478,"url":"https:\/\/blogdoprosperi.com\/?p=26478","url_meta":{"origin":29891,"position":2},"title":"Palmeiras cai na rede do Flamengo e pode ser punido no STJD","author":"Luiz Ant\u00f4nio Pr\u00f3speri","date":"23 de setembro de 2016","format":false,"excerpt":"Palmeiras \u00e9 denunciado no Superior Tribunal de Justi\u00e7a Desportiva (STJD) por atos hostis de parte de seus torcedores contra dirigentes do Flamengo, abrigados em um camarote no Allianz Parque. A bronca dos cartolas cariocas deu resultado. Alegam os flamenguistas que foram alvos de objetos atirados por palmeirenses no Setor Sul\u2026","rel":"","context":"Em &quot;Campeonato Brasileiro&quot;","block_context":{"text":"Campeonato Brasileiro","link":"https:\/\/blogdoprosperi.com\/?cat=355071"},"img":{"alt_text":"","src":"https:\/\/i0.wp.com\/blogdoprosperi.com\/wp-content\/uploads\/2016\/09\/palco-camp-nou-1080x720.jpg?resize=350%2C200&ssl=1","width":350,"height":200,"srcset":"https:\/\/i0.wp.com\/blogdoprosperi.com\/wp-content\/uploads\/2016\/09\/palco-camp-nou-1080x720.jpg?resize=350%2C200&ssl=1 1x, https:\/\/i0.wp.com\/blogdoprosperi.com\/wp-content\/uploads\/2016\/09\/palco-camp-nou-1080x720.jpg?resize=525%2C300&ssl=1 1.5x, https:\/\/i0.wp.com\/blogdoprosperi.com\/wp-content\/uploads\/2016\/09\/palco-camp-nou-1080x720.jpg?resize=700%2C400&ssl=1 2x, https:\/\/i0.wp.com\/blogdoprosperi.com\/wp-content\/uploads\/2016\/09\/palco-camp-nou-1080x720.jpg?resize=1050%2C600&ssl=1 3x"},"classes":[]},{"id":23888,"url":"https:\/\/blogdoprosperi.com\/?p=23888","url_meta":{"origin":29891,"position":3},"title":"STJD pune Palmeiras, Flamengo, organizadas e torcedores consumidores de ingressos mais baratos","author":"Luiz Ant\u00f4nio Pr\u00f3speri","date":"1 de setembro de 2016","format":false,"excerpt":"STJD pune torcidas organizadas de Palmeiras e Flamengo com penas in\u00e9ditas e pode prejudicar os dois clubes na corrida do t\u00edtulo do Campeonato Brasileiro. Por decis\u00e3o do tribunal, as medidas come\u00e7am a vigorar no dia 14 deste m\u00eas, data do jogo entre Palmeiras e \u00a0Flamengo no Allianz Parque. Sem poder\u2026","rel":"","context":"Em &quot;Campeonato Brasileiro&quot;","block_context":{"text":"Campeonato Brasileiro","link":"https:\/\/blogdoprosperi.com\/?cat=355071"},"img":{"alt_text":"","src":"https:\/\/i0.wp.com\/blogdoprosperi.com\/wp-content\/uploads\/2016\/09\/protesto-mancha-verde-2014-32.jpg?resize=350%2C200&ssl=1","width":350,"height":200,"srcset":"https:\/\/i0.wp.com\/blogdoprosperi.com\/wp-content\/uploads\/2016\/09\/protesto-mancha-verde-2014-32.jpg?resize=350%2C200&ssl=1 1x, https:\/\/i0.wp.com\/blogdoprosperi.com\/wp-content\/uploads\/2016\/09\/protesto-mancha-verde-2014-32.jpg?resize=525%2C300&ssl=1 1.5x, https:\/\/i0.wp.com\/blogdoprosperi.com\/wp-content\/uploads\/2016\/09\/protesto-mancha-verde-2014-32.jpg?resize=700%2C400&ssl=1 2x, https:\/\/i0.wp.com\/blogdoprosperi.com\/wp-content\/uploads\/2016\/09\/protesto-mancha-verde-2014-32.jpg?resize=1050%2C600&ssl=1 3x, https:\/\/i0.wp.com\/blogdoprosperi.com\/wp-content\/uploads\/2016\/09\/protesto-mancha-verde-2014-32.jpg?resize=1400%2C800&ssl=1 4x"},"classes":[]},{"id":30078,"url":"https:\/\/blogdoprosperi.com\/?p=30078","url_meta":{"origin":29891,"position":4},"title":"CBF tapa nariz no caso da morte no Mineir\u00e3o e batalha no Maracan\u00e3","author":"Luiz Ant\u00f4nio Pr\u00f3speri","date":"27 de outubro de 2016","format":false,"excerpt":"De domingo (23\/10) a esta quinta-feira (27\/10), dois acontecimentos dentro do Maracan\u00e3 e do Mineir\u00e3o alcan\u00e7am enorme repercuss\u00e3o em todo o Brasil. No Rio, 31 corintianos est\u00e3o detidos aguardando julgamento por se envolverem em confrontos com a Pol\u00edcia Militar no est\u00e1dio s\u00edmbolo do futebol brasileiro antes do jogo Flamengo x\u2026","rel":"","context":"Em &quot;Campeonato Brasileiro&quot;","block_context":{"text":"Campeonato Brasileiro","link":"https:\/\/blogdoprosperi.com\/?cat=355071"},"img":{"alt_text":"","src":"https:\/\/i0.wp.com\/blogdoprosperi.com\/wp-content\/uploads\/2016\/10\/622_6335fbb3-9ed2-3912-9626-4fdcfa03acd2.jpg?resize=350%2C200&ssl=1","width":350,"height":200,"srcset":"https:\/\/i0.wp.com\/blogdoprosperi.com\/wp-content\/uploads\/2016\/10\/622_6335fbb3-9ed2-3912-9626-4fdcfa03acd2.jpg?resize=350%2C200&ssl=1 1x, https:\/\/i0.wp.com\/blogdoprosperi.com\/wp-content\/uploads\/2016\/10\/622_6335fbb3-9ed2-3912-9626-4fdcfa03acd2.jpg?resize=525%2C300&ssl=1 1.5x"},"classes":[]},{"id":9048,"url":"https:\/\/blogdoprosperi.com\/?p=9048","url_meta":{"origin":29891,"position":5},"title":"STJD amea\u00e7a punir Flamengo e Palmeiras por viol\u00eancia das torcidas, CBF escapa ilesa","author":"Luiz Ant\u00f4nio Pr\u00f3speri","date":"6 de junho de 2016","format":false,"excerpt":"Casos de viol\u00eancia no futebol brasileiro se alastram. Provid\u00eancias paliativas s\u00e3o tomadas a cada incidente, seja pelas por for\u00e7as de seguran\u00e7a, Minist\u00e9rio P\u00fablico e at\u00e9 entidades respons\u00e1veis pela gest\u00e3o do futebol. Nada se resolveu. Nesta segunda-feira, a Procuradoria do Superior Tribunal de Justi\u00e7a Desportiva (STJD) disse que vai denunciar Flamengo\u2026","rel":"","context":"Em &quot;Campeonato Brasileiro&quot;","block_context":{"text":"Campeonato Brasileiro","link":"https:\/\/blogdoprosperi.com\/?cat=355071"},"img":{"alt_text":"","src":"https:\/\/i0.wp.com\/blogdoprosperi.com\/wp-content\/uploads\/2016\/06\/torcedor-1.jpg?resize=350%2C200&ssl=1","width":350,"height":200,"srcset":"https:\/\/i0.wp.com\/blogdoprosperi.com\/wp-content\/uploads\/2016\/06\/torcedor-1.jpg?resize=350%2C200&ssl=1 1x, https:\/\/i0.wp.com\/blogdoprosperi.com\/wp-content\/uploads\/2016\/06\/torcedor-1.jpg?resize=525%2C300&ssl=1 1.5x"},"classes":[]}],"jetpack_featured_media_url":"","_links":{"self":[{"href":"https:\/\/blogdoprosperi.com\/index.php?rest_route=\/wp\/v2\/posts\/29891","targetHints":{"allow":["GET"]}}],"collection":[{"href":"https:\/\/blogdoprosperi.com\/index.php?rest_route=\/wp\/v2\/posts"}],"about":[{"href":"https:\/\/blogdoprosperi.com\/index.php?rest_route=\/wp\/v2\/types\/post"}],"author":[{"embeddable":true,"href":"https:\/\/blogdoprosperi.com\/index.php?rest_route=\/wp\/v2\/users\/102107496"}],"replies":[{"embeddable":true,"href":"https:\/\/blogdoprosperi.com\/index.php?rest_route=%2Fwp%2Fv2%2Fcomments&post=29891"}],"version-history":[{"count":25,"href":"https:\/\/blogdoprosperi.com\/index.php?rest_route=\/wp\/v2\/posts\/29891\/revisions"}],"predecessor-version":[{"id":29962,"href":"https:\/\/blogdoprosperi.com\/index.php?rest_route=\/wp\/v2\/posts\/29891\/revisions\/29962"}],"wp:attachment":[{"href":"https:\/\/blogdoprosperi.com\/index.php?rest_route=%2Fwp%2Fv2%2Fmedia&parent=29891"}],"wp:term":[{"taxonomy":"category","embeddable":true,"href":"https:\/\/blogdoprosperi.com\/index.php?rest_route=%2Fwp%2Fv2%2Fcategories&post=29891"},{"taxonomy":"post_tag","embeddable":true,"href":"https:\/\/blogdoprosperi.com\/index.php?rest_route=%2Fwp%2Fv2%2Ftags&post=29891"}],"curies":[{"name":"wp","href":"https:\/\/api.w.org\/{rel}","templated":true}]}}