{"id":30035,"date":"2016-10-27T13:35:20","date_gmt":"2016-10-27T15:35:20","guid":{"rendered":"http:\/\/blogdoprosperi.com\/?p=30035"},"modified":"2016-10-27T13:35:20","modified_gmt":"2016-10-27T15:35:20","slug":"presidente-do-sao-paulo-admite-fechar-com-rogerio-ceni-em-dezembro","status":"publish","type":"post","link":"https:\/\/blogdoprosperi.com\/?p=30035","title":{"rendered":"Presidente do S\u00e3o Paulo admite fechar com Rogerio Ceni em dezembro"},"content":{"rendered":"<p id=\"p353947-m1284-4-1285\" class=\"paragraph \"><span class=\"alignnone\"><img data-recalc-dims=\"1\" loading=\"lazy\" decoding=\"async\" data-attachment-id=\"30015\" data-permalink=\"https:\/\/blogdoprosperi.com\/?attachment_id=30015\" data-orig-file=\"https:\/\/i0.wp.com\/blogdoprosperi.com\/wp-content\/uploads\/2016\/10\/rogerio_ceni_sao_paulo-284752-511562fbca901.jpg?fit=800%2C515&amp;ssl=1\" data-orig-size=\"800,515\" data-comments-opened=\"1\" data-image-meta=\"{&quot;aperture&quot;:&quot;0&quot;,&quot;credit&quot;:&quot;&quot;,&quot;camera&quot;:&quot;&quot;,&quot;caption&quot;:&quot;&quot;,&quot;created_timestamp&quot;:&quot;0&quot;,&quot;copyright&quot;:&quot;&quot;,&quot;focal_length&quot;:&quot;0&quot;,&quot;iso&quot;:&quot;0&quot;,&quot;shutter_speed&quot;:&quot;0&quot;,&quot;title&quot;:&quot;&quot;,&quot;orientation&quot;:&quot;1&quot;}\" data-image-title=\"rogerio_ceni_sao_paulo-284752-511562fbca901\" data-image-description=\"\" data-image-caption=\"\" data-large-file=\"https:\/\/i0.wp.com\/blogdoprosperi.com\/wp-content\/uploads\/2016\/10\/rogerio_ceni_sao_paulo-284752-511562fbca901.jpg?fit=800%2C515&amp;ssl=1\" class=\"alignnone size-full wp-image-30015\" src=\"https:\/\/i0.wp.com\/blogdoprosperi.com\/wp-content\/uploads\/2016\/10\/rogerio_ceni_sao_paulo-284752-511562fbca901.jpg?resize=800%2C515&#038;ssl=1\" alt=\"rogerio_ceni_sao_paulo-284752-511562fbca901\" width=\"800\" height=\"515\" \/><\/span>Presidente do S\u00e3o Paulo, Carlos Augusto de Barros e Silva, o Leco, admitiu nesta quinta-feira (27\/10) entregar o time ao comando de Rog\u00e9rio Ceni ao final da atual temporada. O ex-goleiro assumiria como t\u00e9cnico no lugar de Ricardo Gomes. Ao fazer o balan\u00e7o de um ano de seu gest\u00e3o no clube, Leco disse ao jornal <em>Lance!<\/em> que Ceni &#8220;um dia vai ser treinador do S\u00e3o Paulo&#8221; e revelou que em dezembro, ap\u00f3s encerramento do Brasileir\u00e3o, pode tomar uma decis\u00e3o: demitir Ricardo Gomes e assinar com o ex-goleiro.<!--more--><\/p>\n<blockquote>\n<p class=\"paragraph \">&#8220;Hoje Ricardo Gomes \u00e9 meu t\u00e9cnico, n\u00e3o tenho o que falar. E tem todo meu respeito e confian\u00e7a. Imagino que vamos chegar em uma condi\u00e7\u00e3o boa no fim do ano. H\u00e1 uma din\u00e2mica de avaliar todos os dias&#8221;, disse Leco ao jornal<\/p>\n<\/blockquote>\n<p>Veja trecho da entrevista esclarecedora do presidente do S\u00e3o Paulo sobre a possibilidade de Ceni assumir o comando do time j\u00e1 na pr\u00f3xima temporada:<\/p>\n<p><b>Lance &#8211;\u00a0<em>Em que ponto, o Rogerio Ceni querer ser treinador e j\u00e1 ter falado sobre isso com o senhor, faz essa din\u00e2mica mudar?<\/em><\/b><br \/>\nQuem contou que eu falei com ele (risos)?<\/p>\n<p><b><em>Foi h\u00e1 dois meses, sobre os anseios e planos dele. Como isso se encaixa nessa din\u00e2mica?<\/em><\/b><br \/>\n<strong>Leco<\/strong> &#8211; O Rogerio tem pretens\u00e3o de ser t\u00e9cnico do S\u00e3o Paulo e certamente ser\u00e1. Est\u00e1 se preparando para isso. \u00c9 uma pessoa obstinada, disciplinada e tem como meta ser treinador, e do S\u00e3o Paulo. N\u00e3o sei se talvez devesse flexibilizar um pouco isso, mas \u00e9 de cada um. N\u00e3o tem compromisso, tem perspectiva e uma vontade dele. Vai acabar acontecendo, mas n\u00e3o sei dizer quando.<\/p>\n<p><b><em>Quando o Marco Aur\u00e9lio Cunha foi chamado, disse que n\u00e3o dava para dizer n\u00e3o. Lugano falou o mesmo. Se o Rogerio disser que quer ser treinador n\u00e3o te faz analisar diferente?<\/em><\/b><br \/>\nSempre vou analisar diferente quando o assunto for ele. N\u00e3o \u00e9 chamado de Mito? Tem significado e express\u00e3o nesta institui\u00e7\u00e3o. E tudo est\u00e1 sendo olhado. Essas coisas n\u00e3o passam desapercebidas. Estamos cuidando para acontecer em um bom momento.<\/p>\n<p id=\"p353947-m1306-6-1307\" class=\"paragraph \"><em><b>Quando seria esse bom momento? Em 2017?<\/b><\/em><br \/>\nN\u00e3o tenho certeza se \u00e9, mas pode ser. Vamos esperar os acontecimentos at\u00e9 o fim do ano.<\/p>\n<p><em><b><span class=\"alignnone\"><img data-recalc-dims=\"1\" loading=\"lazy\" decoding=\"async\" data-attachment-id=\"14437\" data-permalink=\"https:\/\/blogdoprosperi.com\/?attachment_id=14437\" data-orig-file=\"https:\/\/i0.wp.com\/blogdoprosperi.com\/wp-content\/uploads\/2016\/07\/leco-3.jpg?fit=800%2C515&amp;ssl=1\" data-orig-size=\"800,515\" data-comments-opened=\"1\" data-image-meta=\"{&quot;aperture&quot;:&quot;0&quot;,&quot;credit&quot;:&quot;&quot;,&quot;camera&quot;:&quot;&quot;,&quot;caption&quot;:&quot;&quot;,&quot;created_timestamp&quot;:&quot;0&quot;,&quot;copyright&quot;:&quot;&quot;,&quot;focal_length&quot;:&quot;0&quot;,&quot;iso&quot;:&quot;0&quot;,&quot;shutter_speed&quot;:&quot;0&quot;,&quot;title&quot;:&quot;&quot;,&quot;orientation&quot;:&quot;0&quot;}\" data-image-title=\"leco-3\" data-image-description=\"\" data-image-caption=\"\" data-large-file=\"https:\/\/i0.wp.com\/blogdoprosperi.com\/wp-content\/uploads\/2016\/07\/leco-3.jpg?fit=800%2C515&amp;ssl=1\" class=\"alignnone size-full wp-image-14437\" src=\"https:\/\/i0.wp.com\/blogdoprosperi.com\/wp-content\/uploads\/2016\/07\/leco-3.jpg?resize=800%2C515&#038;ssl=1\" alt=\"leco-3\" width=\"800\" height=\"515\" \/><\/span>E gostou do que ouviu? Quais impress\u00f5es?<\/b><\/em><br \/>\nTem um monte de coisa positiva, um monte, e sendo assim, \u00e9 bom. Ele \u00e9 bem aceito na comunidade, conhece futebol, o S\u00e3o Paulo, ent\u00e3o a perspectiva \u00e9 que seja bom o trabalho dele. Pode at\u00e9 n\u00e3o dar certo, pode haver infort\u00fanio, mas \u00e9 uma coisa que a gente tem que contar. Pelos imponder\u00e1veis do futebol. Pode ser que dure seis meses ou seis anos. Que dure seis anos!<\/p>\n<p><em><b>S\u00f3 seis?\u00a0<\/b><\/em><br \/>\nSessenta!<\/p>\n<p><em><b>\u00c9 que quando se trata de Rogerio Ceni pensamos em algo longevo&#8230;<\/b><\/em><br \/>\n<em> \u00c9 que a cultura brasileira \u00e9 diferente.<\/em><\/p>\n<p><em><b>Mas essa cultura faz voc\u00ea ponderar?<\/b><\/em><br \/>\nEvidente.<\/p>\n<p><em><b>E ele?<\/b><\/em><br \/>\nEst\u00e1 impl\u00edcito. E aqui dentro voc\u00ea n\u00e3o ouve nenhuma opini\u00e3o contr\u00e1ria, mas algumas dizendo que \u00e9 cedo, precisa de prepara\u00e7\u00e3o maior. E tem gente que fala que tem que ser agora. Eu n\u00e3o sei! N\u00e3o sei! Como posso ter certeza? Tem um aspecto na hist\u00f3ria, que \u00e9 o fato dele ir trabalhar com o grupo onde jogou. N\u00e3o sei o quanto isso influencia. Tudo \u00e9 poss\u00edvel.<\/p>\n<p><em><b>Seu zelo \u00e9 compreens\u00edvel por se tratar de Rogerio Ceni e por ter um treinador, mas&#8230;<\/b><\/em><br \/>\nSim, s\u00e3o dois aspectos. N\u00e3o posso desestabilizar meu t\u00e9cnico. E desestabilizar um funcion\u00e1rio \u00e9 perd\u00ea-lo, \u00e9 demiti-lo. Segundo, Ricardo n\u00e3o merece isso. Ele \u00e9 dedicado, s\u00e9rio, competente&#8230;<\/p>\n<p><em><b>Na situa\u00e7\u00e3o atual, com momentos dif\u00edceis de analisar, o ideal n\u00e3o seria ter os dois em janeiro?<\/b><\/em><br \/>\n\u00c9 uma perspectiva que n\u00e3o pensei, mas at\u00e9 pode. Precisa apenas ver se temos dinheiro para isso.<\/p>\n<p>Veja o v\u00eddeo da entrevista de Rogerio Ceni ao canal de TV do Sevilla no in\u00edcio desta semana:<\/p>\n<p><a href=\"http:\/\/vod_sp.globalmest.net\/i\/fcsevilla\/pool\/c4MyXT\/c4MyXT_,4iyEiE,dTkgTa,Ec79cK,.mp4.csmil\/master.m3u8\">master.m3u8<\/a><\/p>\n<p>N\u00e3o vai ser nada f\u00e1cil o presidente Leco vetar a contrata\u00e7\u00e3o de Rogerio Ceni em dezembro. O ex-goleiro, vivo como sempre, sabe que suas manifesta\u00e7\u00f5es para ser treinador do S\u00e3o Paulo t\u00eam enorme repercuss\u00e3o dentro do clube e nos milhares de torcedores. Por isso, n\u00e3o mede palavras. Lan\u00e7a seu nome e colhe apoiadores.<\/p>\n<p><span class=\"alignnone\"><img data-recalc-dims=\"1\" loading=\"lazy\" decoding=\"async\" data-attachment-id=\"23039\" data-permalink=\"https:\/\/blogdoprosperi.com\/?attachment_id=23039\" data-orig-file=\"https:\/\/i0.wp.com\/blogdoprosperi.com\/wp-content\/uploads\/2016\/08\/6992_crop_galeria.jpg?fit=800%2C515&amp;ssl=1\" data-orig-size=\"800,515\" data-comments-opened=\"1\" data-image-meta=\"{&quot;aperture&quot;:&quot;0&quot;,&quot;credit&quot;:&quot;&quot;,&quot;camera&quot;:&quot;&quot;,&quot;caption&quot;:&quot;&quot;,&quot;created_timestamp&quot;:&quot;0&quot;,&quot;copyright&quot;:&quot;&quot;,&quot;focal_length&quot;:&quot;0&quot;,&quot;iso&quot;:&quot;0&quot;,&quot;shutter_speed&quot;:&quot;0&quot;,&quot;title&quot;:&quot;&quot;,&quot;orientation&quot;:&quot;0&quot;}\" data-image-title=\"6992_crop_galeria\" data-image-description=\"\" data-image-caption=\"\" data-large-file=\"https:\/\/i0.wp.com\/blogdoprosperi.com\/wp-content\/uploads\/2016\/08\/6992_crop_galeria.jpg?fit=800%2C515&amp;ssl=1\" class=\"alignnone size-full wp-image-23039\" src=\"https:\/\/i0.wp.com\/blogdoprosperi.com\/wp-content\/uploads\/2016\/08\/6992_crop_galeria.jpg?resize=800%2C515&#038;ssl=1\" alt=\"6992_crop_galeria\" width=\"800\" height=\"515\" \/><\/span>Ricardo Gomes n\u00e3o vai suportar a press\u00e3o. Mesmo aos trancos, deve evitar a queda do Tricolor \u00e0 S\u00e9rie B. Vai ser louvado, receber os agradecimentos de praxe e, depois, tchau.<\/p>\n<p>Entre um mito no clube e um treinador que n\u00e3o agrada \u00e0 torcida e conselheiros, com poder de voto nas elei\u00e7\u00f5es de abril de 2017, quem Leco vai escolher? Ceni, Rog\u00e9rio Ceni, com certeza. A conferir.<\/p>\n","protected":false},"excerpt":{"rendered":"<p>Presidente do S\u00e3o Paulo, Carlos Augusto de Barros e Silva, o Leco, admitiu nesta quinta-feira (27\/10) entregar o [&hellip;]<\/p>\n","protected":false},"author":102107496,"featured_media":0,"comment_status":"open","ping_status":"open","sticky":false,"template":"","format":"standard","meta":{"_coblocks_attr":"","_coblocks_dimensions":"","_coblocks_responsive_height":"","_coblocks_accordion_ie_support":"","_jetpack_newsletter_access":"","_jetpack_dont_email_post_to_subs":false,"_jetpack_newsletter_tier_id":0,"_jetpack_memberships_contains_paywalled_content":false,"_wpcom_ai_launchpad_first_post":false,"_jetpack_feature_clip_id":0,"_jetpack_memberships_contains_paid_content":false,"footnotes":"","jetpack_publicize_message":"","jetpack_publicize_feature_enabled":true,"jetpack_social_post_already_shared":false,"jetpack_social_options":{"image_generator_settings":{"template":"highway","default_image_id":0,"font":"","enabled":false},"version":2},"jetpack_post_was_ever_published":false},"categories":[355071,53870],"tags":[220410826,789560560,2009638,527567775,5807372,1181872,972018,12000497,2490371],"class_list":["post-30035","post","type-post","status-publish","format-standard","hentry","category-campeonato-brasileiro","category-futebol","tag-carlos-augusto-barros-e-silva","tag-futebol","tag-leco","tag-presidente-leco","tag-ricardo-gomes","tag-rogerio-ceni","tag-sao-paulo-fc","tag-serie-b-do-brasileirao","tag-sevila"],"yoast_head":"<!-- This site is optimized with the Yoast SEO plugin v28.4 - https:\/\/yoast.com\/product\/yoast-seo-wordpress\/ -->\n<title>Presidente do S\u00e3o Paulo admite fechar com Rogerio Ceni em dezembro - PR\u00d3SPERI NEWS<\/title>\n<meta name=\"robots\" content=\"index, follow, max-snippet:-1, max-image-preview:large, max-video-preview:-1\" \/>\n<link rel=\"canonical\" href=\"https:\/\/blogdoprosperi.com\/?p=30035\" \/>\n<meta property=\"og:locale\" content=\"pt_BR\" \/>\n<meta property=\"og:type\" content=\"article\" \/>\n<meta property=\"og:title\" content=\"Presidente do S\u00e3o Paulo admite fechar com Rogerio Ceni em dezembro - PR\u00d3SPERI NEWS\" \/>\n<meta property=\"og:description\" content=\"Presidente do S\u00e3o Paulo, Carlos Augusto de Barros e Silva, o Leco, admitiu nesta quinta-feira (27\/10) entregar o [&hellip;]\" \/>\n<meta property=\"og:url\" content=\"https:\/\/blogdoprosperi.com\/?p=30035\" \/>\n<meta property=\"og:site_name\" content=\"PR\u00d3SPERI NEWS\" \/>\n<meta property=\"article:publisher\" content=\"Luiz Pr\u00f3speri\" \/>\n<meta property=\"article:author\" content=\"Luiz Pr\u00f3speri\" \/>\n<meta property=\"article:published_time\" content=\"2016-10-27T15:35:20+00:00\" \/>\n<meta property=\"og:image\" content=\"https:\/\/blogdoprosperi.com\/wp-content\/uploads\/2016\/10\/rogerio_ceni_sao_paulo-284752-511562fbca901.jpg\" \/>\n<meta name=\"author\" content=\"Luiz Ant\u00f4nio Pr\u00f3speri\" \/>\n<meta name=\"twitter:card\" content=\"summary_large_image\" \/>\n<meta name=\"twitter:creator\" content=\"@Luizprosperi\" \/>\n<meta name=\"twitter:site\" content=\"@Luizprosperi\" \/>\n<meta name=\"twitter:label1\" content=\"Escrito por\" \/>\n\t<meta name=\"twitter:data1\" content=\"Luiz Ant\u00f4nio Pr\u00f3speri\" \/>\n\t<meta name=\"twitter:label2\" content=\"Est. tempo de leitura\" \/>\n\t<meta name=\"twitter:data2\" content=\"4 minutos\" \/>\n<script type=\"application\/ld+json\" class=\"yoast-schema-graph\">{\"@context\":\"https:\\\/\\\/schema.org\",\"@graph\":[{\"@type\":\"Article\",\"@id\":\"https:\\\/\\\/blogdoprosperi.com\\\/?p=30035#article\",\"isPartOf\":{\"@id\":\"https:\\\/\\\/blogdoprosperi.com\\\/?p=30035\"},\"author\":{\"name\":\"Luiz Ant\u00f4nio Pr\u00f3speri\",\"@id\":\"https:\\\/\\\/blogdoprosperi.com\\\/#\\\/schema\\\/person\\\/38100755ce3601861ee4fab9b5aa78e9\"},\"headline\":\"Presidente do S\u00e3o Paulo admite fechar com Rogerio Ceni em dezembro\",\"datePublished\":\"2016-10-27T15:35:20+00:00\",\"mainEntityOfPage\":{\"@id\":\"https:\\\/\\\/blogdoprosperi.com\\\/?p=30035\"},\"wordCount\":816,\"commentCount\":3,\"publisher\":{\"@id\":\"https:\\\/\\\/blogdoprosperi.com\\\/#\\\/schema\\\/person\\\/38100755ce3601861ee4fab9b5aa78e9\"},\"image\":{\"@id\":\"https:\\\/\\\/blogdoprosperi.com\\\/?p=30035#primaryimage\"},\"thumbnailUrl\":\"https:\\\/\\\/blogdoprosperi.com\\\/wp-content\\\/uploads\\\/2016\\\/10\\\/rogerio_ceni_sao_paulo-284752-511562fbca901.jpg\",\"keywords\":[\"Carlos Augusto Barros e Silva\",\"futebol\",\"Leco\",\"Presidente Leco\",\"Ricardo Gomes\",\"Rog\u00e9rio Ceni\",\"S\u00e3o Paulo FC\",\"S\u00e9rie B do Brasileir\u00e3o\",\"Sevila\"],\"articleSection\":[\"Campeonato Brasileiro\",\"futebol\"],\"inLanguage\":\"pt-BR\",\"potentialAction\":[{\"@type\":\"CommentAction\",\"name\":\"Comment\",\"target\":[\"https:\\\/\\\/blogdoprosperi.com\\\/?p=30035#respond\"]}]},{\"@type\":\"WebPage\",\"@id\":\"https:\\\/\\\/blogdoprosperi.com\\\/?p=30035\",\"url\":\"https:\\\/\\\/blogdoprosperi.com\\\/?p=30035\",\"name\":\"Presidente do S\u00e3o Paulo admite fechar com Rogerio Ceni em dezembro - PR\u00d3SPERI NEWS\",\"isPartOf\":{\"@id\":\"https:\\\/\\\/blogdoprosperi.com\\\/#website\"},\"primaryImageOfPage\":{\"@id\":\"https:\\\/\\\/blogdoprosperi.com\\\/?p=30035#primaryimage\"},\"image\":{\"@id\":\"https:\\\/\\\/blogdoprosperi.com\\\/?p=30035#primaryimage\"},\"thumbnailUrl\":\"https:\\\/\\\/blogdoprosperi.com\\\/wp-content\\\/uploads\\\/2016\\\/10\\\/rogerio_ceni_sao_paulo-284752-511562fbca901.jpg\",\"datePublished\":\"2016-10-27T15:35:20+00:00\",\"breadcrumb\":{\"@id\":\"https:\\\/\\\/blogdoprosperi.com\\\/?p=30035#breadcrumb\"},\"inLanguage\":\"pt-BR\",\"potentialAction\":[{\"@type\":\"ReadAction\",\"target\":[\"https:\\\/\\\/blogdoprosperi.com\\\/?p=30035\"]}]},{\"@type\":\"ImageObject\",\"inLanguage\":\"pt-BR\",\"@id\":\"https:\\\/\\\/blogdoprosperi.com\\\/?p=30035#primaryimage\",\"url\":\"https:\\\/\\\/i0.wp.com\\\/blogdoprosperi.com\\\/wp-content\\\/uploads\\\/2016\\\/10\\\/rogerio_ceni_sao_paulo-284752-511562fbca901.jpg?fit=800%2C515&ssl=1\",\"contentUrl\":\"https:\\\/\\\/i0.wp.com\\\/blogdoprosperi.com\\\/wp-content\\\/uploads\\\/2016\\\/10\\\/rogerio_ceni_sao_paulo-284752-511562fbca901.jpg?fit=800%2C515&ssl=1\",\"width\":800,\"height\":515},{\"@type\":\"BreadcrumbList\",\"@id\":\"https:\\\/\\\/blogdoprosperi.com\\\/?p=30035#breadcrumb\",\"itemListElement\":[{\"@type\":\"ListItem\",\"position\":1,\"name\":\"In\u00edcio\",\"item\":\"https:\\\/\\\/blogdoprosperi.com\\\/\"},{\"@type\":\"ListItem\",\"position\":2,\"name\":\"Presidente do S\u00e3o Paulo admite fechar com Rogerio Ceni em dezembro\"}]},{\"@type\":\"WebSite\",\"@id\":\"https:\\\/\\\/blogdoprosperi.com\\\/#website\",\"url\":\"https:\\\/\\\/blogdoprosperi.com\\\/\",\"name\":\"PR\u00d3SPERI NEWS\",\"description\":\"TUDO \u00c9  FUTEBOL\",\"publisher\":{\"@id\":\"https:\\\/\\\/blogdoprosperi.com\\\/#\\\/schema\\\/person\\\/38100755ce3601861ee4fab9b5aa78e9\"},\"alternateName\":\"blogdoprosperi.com\",\"potentialAction\":[{\"@type\":\"SearchAction\",\"target\":{\"@type\":\"EntryPoint\",\"urlTemplate\":\"https:\\\/\\\/blogdoprosperi.com\\\/?s={search_term_string}\"},\"query-input\":{\"@type\":\"PropertyValueSpecification\",\"valueRequired\":true,\"valueName\":\"search_term_string\"}}],\"inLanguage\":\"pt-BR\"},{\"@type\":[\"Person\",\"Organization\"],\"@id\":\"https:\\\/\\\/blogdoprosperi.com\\\/#\\\/schema\\\/person\\\/38100755ce3601861ee4fab9b5aa78e9\",\"name\":\"Luiz Ant\u00f4nio Pr\u00f3speri\",\"pronouns\":\"ele\",\"image\":{\"@type\":\"ImageObject\",\"inLanguage\":\"pt-BR\",\"@id\":\"https:\\\/\\\/i0.wp.com\\\/blogdoprosperi.com\\\/wp-content\\\/uploads\\\/2026\\\/05\\\/cropped-8059e613-6002-42fa-961e-8e275f575d71-2-5.jpg?fit=1360%2C931&ssl=1\",\"url\":\"https:\\\/\\\/i0.wp.com\\\/blogdoprosperi.com\\\/wp-content\\\/uploads\\\/2026\\\/05\\\/cropped-8059e613-6002-42fa-961e-8e275f575d71-2-5.jpg?fit=1360%2C931&ssl=1\",\"contentUrl\":\"https:\\\/\\\/i0.wp.com\\\/blogdoprosperi.com\\\/wp-content\\\/uploads\\\/2026\\\/05\\\/cropped-8059e613-6002-42fa-961e-8e275f575d71-2-5.jpg?fit=1360%2C931&ssl=1\",\"width\":1360,\"height\":931,\"caption\":\"Luiz Ant\u00f4nio Pr\u00f3speri\"},\"logo\":{\"@id\":\"https:\\\/\\\/i0.wp.com\\\/blogdoprosperi.com\\\/wp-content\\\/uploads\\\/2026\\\/05\\\/cropped-8059e613-6002-42fa-961e-8e275f575d71-2-5.jpg?fit=1360%2C931&ssl=1\"},\"description\":\"Jornalista com carreira dedicada ao esporte. Cobriu 9 Copas do Mundo in loco, 1990 na It\u00e1lia, 1994 nos EUA, 1998 na Fran\u00e7a, 2002 na Coreia do Sul e Jap\u00e3o, 2006 na Alemanha, 2010 na \u00c1frica do Sul, 2014 no Brasil, 2018 na R\u00fassia e 2022 no Qatar. Eurocopas, 1992 na Su\u00e9cia e 1996 na Inglaterra. Copa das Confedera\u00e7\u00f5es de 2005 na Alemanha e 2009 na \u00c1frica do Sul. Rep\u00f3rter e Editor, trabalhou no Jornal da Tarde e Estad\u00e3o, de 1984 a fevereiro de 2016. Colunista, blogueiro. E comentarista de futebol na R\u00e1dio Estad\u00e3o, de 2013 a fevereiro de 2016. Jornalista respons\u00e1vel do \\\"Pr\u00f3speri News\\\" (blogdoprosperi.com).\",\"sameAs\":[\"http:\\\/\\\/blogdoprosperi.com\",\"Luiz Pr\u00f3speri\",\"@luiz_prosperi\",\"https:\\\/\\\/x.com\\\/Luizprosperi\",\"@prosperinacopa\",\"luiz.prosperi@icloud.com\"],\"url\":\"https:\\\/\\\/blogdoprosperi.com\\\/?author=102107496\"}]}<\/script>\n<!-- \/ Yoast SEO plugin. -->","yoast_head_json":{"title":"Presidente do S\u00e3o Paulo admite fechar com Rogerio Ceni em dezembro - PR\u00d3SPERI NEWS","robots":{"index":"index","follow":"follow","max-snippet":"max-snippet:-1","max-image-preview":"max-image-preview:large","max-video-preview":"max-video-preview:-1"},"canonical":"https:\/\/blogdoprosperi.com\/?p=30035","og_locale":"pt_BR","og_type":"article","og_title":"Presidente do S\u00e3o Paulo admite fechar com Rogerio Ceni em dezembro - PR\u00d3SPERI NEWS","og_description":"Presidente do S\u00e3o Paulo, Carlos Augusto de Barros e Silva, o Leco, admitiu nesta quinta-feira (27\/10) entregar o [&hellip;]","og_url":"https:\/\/blogdoprosperi.com\/?p=30035","og_site_name":"PR\u00d3SPERI NEWS","article_publisher":"Luiz Pr\u00f3speri","article_author":"Luiz Pr\u00f3speri","article_published_time":"2016-10-27T15:35:20+00:00","og_image":[{"url":"https:\/\/blogdoprosperi.com\/wp-content\/uploads\/2016\/10\/rogerio_ceni_sao_paulo-284752-511562fbca901.jpg","type":"","width":"","height":""}],"author":"Luiz Ant\u00f4nio Pr\u00f3speri","twitter_card":"summary_large_image","twitter_creator":"@Luizprosperi","twitter_site":"@Luizprosperi","twitter_misc":{"Escrito por":"Luiz Ant\u00f4nio Pr\u00f3speri","Est. tempo de leitura":"4 minutos"},"schema":{"@context":"https:\/\/schema.org","@graph":[{"@type":"Article","@id":"https:\/\/blogdoprosperi.com\/?p=30035#article","isPartOf":{"@id":"https:\/\/blogdoprosperi.com\/?p=30035"},"author":{"name":"Luiz Ant\u00f4nio Pr\u00f3speri","@id":"https:\/\/blogdoprosperi.com\/#\/schema\/person\/38100755ce3601861ee4fab9b5aa78e9"},"headline":"Presidente do S\u00e3o Paulo admite fechar com Rogerio Ceni em dezembro","datePublished":"2016-10-27T15:35:20+00:00","mainEntityOfPage":{"@id":"https:\/\/blogdoprosperi.com\/?p=30035"},"wordCount":816,"commentCount":3,"publisher":{"@id":"https:\/\/blogdoprosperi.com\/#\/schema\/person\/38100755ce3601861ee4fab9b5aa78e9"},"image":{"@id":"https:\/\/blogdoprosperi.com\/?p=30035#primaryimage"},"thumbnailUrl":"https:\/\/blogdoprosperi.com\/wp-content\/uploads\/2016\/10\/rogerio_ceni_sao_paulo-284752-511562fbca901.jpg","keywords":["Carlos Augusto Barros e Silva","futebol","Leco","Presidente Leco","Ricardo Gomes","Rog\u00e9rio Ceni","S\u00e3o Paulo FC","S\u00e9rie B do Brasileir\u00e3o","Sevila"],"articleSection":["Campeonato Brasileiro","futebol"],"inLanguage":"pt-BR","potentialAction":[{"@type":"CommentAction","name":"Comment","target":["https:\/\/blogdoprosperi.com\/?p=30035#respond"]}]},{"@type":"WebPage","@id":"https:\/\/blogdoprosperi.com\/?p=30035","url":"https:\/\/blogdoprosperi.com\/?p=30035","name":"Presidente do S\u00e3o Paulo admite fechar com Rogerio Ceni em dezembro - PR\u00d3SPERI NEWS","isPartOf":{"@id":"https:\/\/blogdoprosperi.com\/#website"},"primaryImageOfPage":{"@id":"https:\/\/blogdoprosperi.com\/?p=30035#primaryimage"},"image":{"@id":"https:\/\/blogdoprosperi.com\/?p=30035#primaryimage"},"thumbnailUrl":"https:\/\/blogdoprosperi.com\/wp-content\/uploads\/2016\/10\/rogerio_ceni_sao_paulo-284752-511562fbca901.jpg","datePublished":"2016-10-27T15:35:20+00:00","breadcrumb":{"@id":"https:\/\/blogdoprosperi.com\/?p=30035#breadcrumb"},"inLanguage":"pt-BR","potentialAction":[{"@type":"ReadAction","target":["https:\/\/blogdoprosperi.com\/?p=30035"]}]},{"@type":"ImageObject","inLanguage":"pt-BR","@id":"https:\/\/blogdoprosperi.com\/?p=30035#primaryimage","url":"https:\/\/i0.wp.com\/blogdoprosperi.com\/wp-content\/uploads\/2016\/10\/rogerio_ceni_sao_paulo-284752-511562fbca901.jpg?fit=800%2C515&ssl=1","contentUrl":"https:\/\/i0.wp.com\/blogdoprosperi.com\/wp-content\/uploads\/2016\/10\/rogerio_ceni_sao_paulo-284752-511562fbca901.jpg?fit=800%2C515&ssl=1","width":800,"height":515},{"@type":"BreadcrumbList","@id":"https:\/\/blogdoprosperi.com\/?p=30035#breadcrumb","itemListElement":[{"@type":"ListItem","position":1,"name":"In\u00edcio","item":"https:\/\/blogdoprosperi.com\/"},{"@type":"ListItem","position":2,"name":"Presidente do S\u00e3o Paulo admite fechar com Rogerio Ceni em dezembro"}]},{"@type":"WebSite","@id":"https:\/\/blogdoprosperi.com\/#website","url":"https:\/\/blogdoprosperi.com\/","name":"PR\u00d3SPERI NEWS","description":"TUDO \u00c9  FUTEBOL","publisher":{"@id":"https:\/\/blogdoprosperi.com\/#\/schema\/person\/38100755ce3601861ee4fab9b5aa78e9"},"alternateName":"blogdoprosperi.com","potentialAction":[{"@type":"SearchAction","target":{"@type":"EntryPoint","urlTemplate":"https:\/\/blogdoprosperi.com\/?s={search_term_string}"},"query-input":{"@type":"PropertyValueSpecification","valueRequired":true,"valueName":"search_term_string"}}],"inLanguage":"pt-BR"},{"@type":["Person","Organization"],"@id":"https:\/\/blogdoprosperi.com\/#\/schema\/person\/38100755ce3601861ee4fab9b5aa78e9","name":"Luiz Ant\u00f4nio Pr\u00f3speri","pronouns":"ele","image":{"@type":"ImageObject","inLanguage":"pt-BR","@id":"https:\/\/i0.wp.com\/blogdoprosperi.com\/wp-content\/uploads\/2026\/05\/cropped-8059e613-6002-42fa-961e-8e275f575d71-2-5.jpg?fit=1360%2C931&ssl=1","url":"https:\/\/i0.wp.com\/blogdoprosperi.com\/wp-content\/uploads\/2026\/05\/cropped-8059e613-6002-42fa-961e-8e275f575d71-2-5.jpg?fit=1360%2C931&ssl=1","contentUrl":"https:\/\/i0.wp.com\/blogdoprosperi.com\/wp-content\/uploads\/2026\/05\/cropped-8059e613-6002-42fa-961e-8e275f575d71-2-5.jpg?fit=1360%2C931&ssl=1","width":1360,"height":931,"caption":"Luiz Ant\u00f4nio Pr\u00f3speri"},"logo":{"@id":"https:\/\/i0.wp.com\/blogdoprosperi.com\/wp-content\/uploads\/2026\/05\/cropped-8059e613-6002-42fa-961e-8e275f575d71-2-5.jpg?fit=1360%2C931&ssl=1"},"description":"Jornalista com carreira dedicada ao esporte. Cobriu 9 Copas do Mundo in loco, 1990 na It\u00e1lia, 1994 nos EUA, 1998 na Fran\u00e7a, 2002 na Coreia do Sul e Jap\u00e3o, 2006 na Alemanha, 2010 na \u00c1frica do Sul, 2014 no Brasil, 2018 na R\u00fassia e 2022 no Qatar. Eurocopas, 1992 na Su\u00e9cia e 1996 na Inglaterra. Copa das Confedera\u00e7\u00f5es de 2005 na Alemanha e 2009 na \u00c1frica do Sul. Rep\u00f3rter e Editor, trabalhou no Jornal da Tarde e Estad\u00e3o, de 1984 a fevereiro de 2016. Colunista, blogueiro. E comentarista de futebol na R\u00e1dio Estad\u00e3o, de 2013 a fevereiro de 2016. Jornalista respons\u00e1vel do \"Pr\u00f3speri News\" (blogdoprosperi.com).","sameAs":["http:\/\/blogdoprosperi.com","Luiz Pr\u00f3speri","@luiz_prosperi","https:\/\/x.com\/Luizprosperi","@prosperinacopa","luiz.prosperi@icloud.com"],"url":"https:\/\/blogdoprosperi.com\/?author=102107496"}]}},"jetpack_publicize_connections":[],"jetpack_likes_enabled":false,"jetpack_sharing_enabled":true,"jetpack_shortlink":"https:\/\/wp.me\/p7jvdk-7Or","jetpack-related-posts":[{"id":33831,"url":"https:\/\/blogdoprosperi.com\/?p=33831","url_meta":{"origin":30035,"position":0},"title":"Rogerio Ceni revela: abandonou curso de t\u00e9cnico no futebol europeu para tirar S\u00e3o Paulo das trevas e viver dias de gl\u00f3ria","author":"Luiz Ant\u00f4nio Pr\u00f3speri","date":"8 de dezembro de 2016","format":false,"excerpt":"Rog\u00e9rio Ceni deu in\u00edcio ao seu trabalho de novo treinador de S\u00e3o Paulo, nesta quinta-feira (08\/12), ao ser apresentado pelo presidente Carlos Augusto de Barros e Silva no CT. De imediato, antes mesmo de informar do seu projeto, o ex-goleiro fez uma revela\u00e7\u00e3o importante. Disse que interrompeu os estudos no\u2026","rel":"","context":"Em &quot;futebol&quot;","block_context":{"text":"futebol","link":"https:\/\/blogdoprosperi.com\/?cat=53870"},"img":{"alt_text":"","src":"https:\/\/i0.wp.com\/blogdoprosperi.com\/wp-content\/uploads\/2016\/12\/81751109-6165-3f76-9745-7c73fe3fd8a1.jpg?resize=350%2C200&ssl=1","width":350,"height":200,"srcset":"https:\/\/i0.wp.com\/blogdoprosperi.com\/wp-content\/uploads\/2016\/12\/81751109-6165-3f76-9745-7c73fe3fd8a1.jpg?resize=350%2C200&ssl=1 1x, https:\/\/i0.wp.com\/blogdoprosperi.com\/wp-content\/uploads\/2016\/12\/81751109-6165-3f76-9745-7c73fe3fd8a1.jpg?resize=525%2C300&ssl=1 1.5x"},"classes":[]},{"id":33650,"url":"https:\/\/blogdoprosperi.com\/?p=33650","url_meta":{"origin":30035,"position":1},"title":"Rogerio Ceni tem projetos ambiciosos e n\u00e3o apenas comandar o S\u00e3o Paulo","author":"Luiz Ant\u00f4nio Pr\u00f3speri","date":"5 de dezembro de 2016","format":false,"excerpt":"Rogerio Ceni, agora t\u00e9cnico de futebol, vai ser apresentado nesta semana no S\u00e3o Paulo. Primeira oportunidade para se ter uma ideia de seus projetos e futuro. At\u00e9 aqui, sinais indicam um novo treinador em busca de uma revolu\u00e7\u00e3o no seu clube e, se tudo caminhar bem, fazer carreira no futebol\u2026","rel":"","context":"Em &quot;futebol&quot;","block_context":{"text":"futebol","link":"https:\/\/blogdoprosperi.com\/?cat=53870"},"img":{"alt_text":"","src":"https:\/\/i0.wp.com\/blogdoprosperi.com\/wp-content\/uploads\/2016\/12\/160822-066-chelsea_u23_liverpool_u23-e1472057797536.jpg?resize=350%2C200&ssl=1","width":350,"height":200,"srcset":"https:\/\/i0.wp.com\/blogdoprosperi.com\/wp-content\/uploads\/2016\/12\/160822-066-chelsea_u23_liverpool_u23-e1472057797536.jpg?resize=350%2C200&ssl=1 1x, https:\/\/i0.wp.com\/blogdoprosperi.com\/wp-content\/uploads\/2016\/12\/160822-066-chelsea_u23_liverpool_u23-e1472057797536.jpg?resize=525%2C300&ssl=1 1.5x, https:\/\/i0.wp.com\/blogdoprosperi.com\/wp-content\/uploads\/2016\/12\/160822-066-chelsea_u23_liverpool_u23-e1472057797536.jpg?resize=700%2C400&ssl=1 2x"},"classes":[]},{"id":36305,"url":"https:\/\/blogdoprosperi.com\/?p=36305","url_meta":{"origin":30035,"position":2},"title":"Rogerio Ceni n\u00e3o cabia no S\u00e3o Paulo","author":"Luiz Ant\u00f4nio Pr\u00f3speri","date":"3 de julho de 2017","format":false,"excerpt":"Discuss\u00f5es in\u00fateis a respeito da queda de Rogerio Ceni incendeiam o futebol nesta segunda-feira. H\u00e1 os que defendem o ex-goleiro \u2013 ele n\u00e3o seria o culpado pelo estado de calamidade t\u00e9cnica que vive o time. H\u00e1 ainda os que o condenam \u2013 seria arrogante por investir na carreia de treinador\u2026","rel":"","context":"Em &quot;Campeonato Brasileiro&quot;","block_context":{"text":"Campeonato Brasileiro","link":"https:\/\/blogdoprosperi.com\/?cat=355071"},"img":{"alt_text":"","src":"https:\/\/i0.wp.com\/blogdoprosperi.com\/wp-content\/uploads\/2017\/07\/pro13-3.jpg?fit=1200%2C800&ssl=1&resize=350%2C200","width":350,"height":200,"srcset":"https:\/\/i0.wp.com\/blogdoprosperi.com\/wp-content\/uploads\/2017\/07\/pro13-3.jpg?fit=1200%2C800&ssl=1&resize=350%2C200 1x, https:\/\/i0.wp.com\/blogdoprosperi.com\/wp-content\/uploads\/2017\/07\/pro13-3.jpg?fit=1200%2C800&ssl=1&resize=525%2C300 1.5x, https:\/\/i0.wp.com\/blogdoprosperi.com\/wp-content\/uploads\/2017\/07\/pro13-3.jpg?fit=1200%2C800&ssl=1&resize=700%2C400 2x, https:\/\/i0.wp.com\/blogdoprosperi.com\/wp-content\/uploads\/2017\/07\/pro13-3.jpg?fit=1200%2C800&ssl=1&resize=1050%2C600 3x"},"classes":[]},{"id":29971,"url":"https:\/\/blogdoprosperi.com\/?p=29971","url_meta":{"origin":30035,"position":3},"title":"S\u00e3o Paulo erra se apostar em Rogerio Ceni na temporada 2017","author":"Luiz Ant\u00f4nio Pr\u00f3speri","date":"26 de outubro de 2016","format":false,"excerpt":"S\u00e3o Paulo ainda n\u00e3o sabe o que fazer na pr\u00f3xima temporada. Um pouco mais tranquilo com duas vit\u00f3rias consecutivas no Brasileir\u00e3o, o comando do clube elogia Ricardo Gomes por aproveitar garotos da base nessa reta final do campeonato. Decis\u00e3o aprovada por unanimidade que encaminharia o treinador a permanecer no Morumbi\u2026","rel":"","context":"Em &quot;Campeonato Brasileiro&quot;","block_context":{"text":"Campeonato Brasileiro","link":"https:\/\/blogdoprosperi.com\/?cat=355071"},"img":{"alt_text":"","src":"https:\/\/i0.wp.com\/blogdoprosperi.com\/wp-content\/uploads\/2016\/10\/tele-santana-comanda-treino-observado-por-muricy-ramalho-em-1995-1393371946821_956x500.jpg?resize=350%2C200&ssl=1","width":350,"height":200,"srcset":"https:\/\/i0.wp.com\/blogdoprosperi.com\/wp-content\/uploads\/2016\/10\/tele-santana-comanda-treino-observado-por-muricy-ramalho-em-1995-1393371946821_956x500.jpg?resize=350%2C200&ssl=1 1x, https:\/\/i0.wp.com\/blogdoprosperi.com\/wp-content\/uploads\/2016\/10\/tele-santana-comanda-treino-observado-por-muricy-ramalho-em-1995-1393371946821_956x500.jpg?resize=525%2C300&ssl=1 1.5x, https:\/\/i0.wp.com\/blogdoprosperi.com\/wp-content\/uploads\/2016\/10\/tele-santana-comanda-treino-observado-por-muricy-ramalho-em-1995-1393371946821_956x500.jpg?resize=700%2C400&ssl=1 2x"},"classes":[]},{"id":34982,"url":"https:\/\/blogdoprosperi.com\/?p=34982","url_meta":{"origin":30035,"position":4},"title":"Conhe\u00e7a opera\u00e7\u00e3o do S\u00e3o Paulo em busca de Lucas Pratto","author":"Luiz Ant\u00f4nio Pr\u00f3speri","date":"9 de fevereiro de 2017","format":false,"excerpt":"S\u00e3o Paulo precisa de um jogador de peso, de nome no mercado. Uma contrata\u00e7\u00e3o para provocar impacto no time de Rogerio Ceni e refor\u00e7ar os alicerces da candidatura do atual presidente Carlos Augusto de Barros e Silva (Leco) \u00e0 reelei\u00e7\u00e3o no comando do clube. Lucas Pratto precisa de um time\u2026","rel":"","context":"Em &quot;futebol&quot;","block_context":{"text":"futebol","link":"https:\/\/blogdoprosperi.com\/?cat=53870"},"img":{"alt_text":"","src":"https:\/\/i0.wp.com\/blogdoprosperi.com\/wp-content\/uploads\/2017\/02\/32616769352_3aa202722d_z.jpg?resize=350%2C200&ssl=1","width":350,"height":200,"srcset":"https:\/\/i0.wp.com\/blogdoprosperi.com\/wp-content\/uploads\/2017\/02\/32616769352_3aa202722d_z.jpg?resize=350%2C200&ssl=1 1x, https:\/\/i0.wp.com\/blogdoprosperi.com\/wp-content\/uploads\/2017\/02\/32616769352_3aa202722d_z.jpg?resize=525%2C300&ssl=1 1.5x"},"classes":[]},{"id":34366,"url":"https:\/\/blogdoprosperi.com\/?p=34366","url_meta":{"origin":30035,"position":5},"title":"Palmeiras, Corinthians, S\u00e3o Paulo e Santos e seus tormentos em 2017","author":"Luiz Ant\u00f4nio Pr\u00f3speri","date":"26 de dezembro de 2016","format":false,"excerpt":"Dirigentes de Corinthians, Palmeiras, S\u00e3o Paulo e Santos entram em 2017 com demandas diferentes e em busca de prest\u00edgio. Os quatro clubes n\u00e3o navegam em \u00e1guas calmas. Quem ler a b\u00fassola de forma mais correta vai sobreviver \u00e0 tempestade. Vamos come\u00e7ar com o Corinthians. Seu presidente Roberto \u00a0Andrade tem ainda\u2026","rel":"","context":"Em &quot;futebol&quot;","block_context":{"text":"futebol","link":"https:\/\/blogdoprosperi.com\/?cat=53870"},"img":{"alt_text":"","src":"https:\/\/i0.wp.com\/blogdoprosperi.com\/wp-content\/uploads\/2016\/12\/pro3-26.jpg?resize=350%2C200","width":350,"height":200,"srcset":"https:\/\/i0.wp.com\/blogdoprosperi.com\/wp-content\/uploads\/2016\/12\/pro3-26.jpg?resize=350%2C200 1x, https:\/\/i0.wp.com\/blogdoprosperi.com\/wp-content\/uploads\/2016\/12\/pro3-26.jpg?resize=525%2C300 1.5x, https:\/\/i0.wp.com\/blogdoprosperi.com\/wp-content\/uploads\/2016\/12\/pro3-26.jpg?resize=700%2C400 2x, https:\/\/i0.wp.com\/blogdoprosperi.com\/wp-content\/uploads\/2016\/12\/pro3-26.jpg?resize=1050%2C600 3x, https:\/\/i0.wp.com\/blogdoprosperi.com\/wp-content\/uploads\/2016\/12\/pro3-26.jpg?resize=1400%2C800 4x"},"classes":[]}],"jetpack_featured_media_url":"","_links":{"self":[{"href":"https:\/\/blogdoprosperi.com\/index.php?rest_route=\/wp\/v2\/posts\/30035","targetHints":{"allow":["GET"]}}],"collection":[{"href":"https:\/\/blogdoprosperi.com\/index.php?rest_route=\/wp\/v2\/posts"}],"about":[{"href":"https:\/\/blogdoprosperi.com\/index.php?rest_route=\/wp\/v2\/types\/post"}],"author":[{"embeddable":true,"href":"https:\/\/blogdoprosperi.com\/index.php?rest_route=\/wp\/v2\/users\/102107496"}],"replies":[{"embeddable":true,"href":"https:\/\/blogdoprosperi.com\/index.php?rest_route=%2Fwp%2Fv2%2Fcomments&post=30035"}],"version-history":[{"count":25,"href":"https:\/\/blogdoprosperi.com\/index.php?rest_route=\/wp\/v2\/posts\/30035\/revisions"}],"predecessor-version":[{"id":30077,"href":"https:\/\/blogdoprosperi.com\/index.php?rest_route=\/wp\/v2\/posts\/30035\/revisions\/30077"}],"wp:attachment":[{"href":"https:\/\/blogdoprosperi.com\/index.php?rest_route=%2Fwp%2Fv2%2Fmedia&parent=30035"}],"wp:term":[{"taxonomy":"category","embeddable":true,"href":"https:\/\/blogdoprosperi.com\/index.php?rest_route=%2Fwp%2Fv2%2Fcategories&post=30035"},{"taxonomy":"post_tag","embeddable":true,"href":"https:\/\/blogdoprosperi.com\/index.php?rest_route=%2Fwp%2Fv2%2Ftags&post=30035"}],"curies":[{"name":"wp","href":"https:\/\/api.w.org\/{rel}","templated":true}]}}