{"id":30078,"date":"2016-10-27T16:59:49","date_gmt":"2016-10-27T18:59:49","guid":{"rendered":"http:\/\/blogdoprosperi.com\/?p=30078"},"modified":"2016-10-27T16:59:49","modified_gmt":"2016-10-27T18:59:49","slug":"cbf-tapa-nariz-no-caso-da-morte-no-mineirao-e-batalha-no-maracana","status":"publish","type":"post","link":"https:\/\/blogdoprosperi.com\/?p=30078","title":{"rendered":"CBF tapa nariz no caso da morte no Mineir\u00e3o e batalha no Maracan\u00e3"},"content":{"rendered":"<p><span class=\"alignnone\"><img data-recalc-dims=\"1\" loading=\"lazy\" decoding=\"async\" data-attachment-id=\"30126\" data-permalink=\"https:\/\/blogdoprosperi.com\/?attachment_id=30126\" data-orig-file=\"https:\/\/i0.wp.com\/blogdoprosperi.com\/wp-content\/uploads\/2016\/10\/622_607425a8-9544-3e7a-bc84-49f19f9efab1-1.jpg?fit=622%2C350&amp;ssl=1\" data-orig-size=\"622,350\" data-comments-opened=\"1\" data-image-meta=\"{&quot;aperture&quot;:&quot;0&quot;,&quot;credit&quot;:&quot;&quot;,&quot;camera&quot;:&quot;&quot;,&quot;caption&quot;:&quot;&quot;,&quot;created_timestamp&quot;:&quot;0&quot;,&quot;copyright&quot;:&quot;&quot;,&quot;focal_length&quot;:&quot;0&quot;,&quot;iso&quot;:&quot;0&quot;,&quot;shutter_speed&quot;:&quot;0&quot;,&quot;title&quot;:&quot;&quot;,&quot;orientation&quot;:&quot;0&quot;}\" data-image-title=\"622_607425a8-9544-3e7a-bc84-49f19f9efab1-1\" data-image-description=\"\" data-image-caption=\"\" data-large-file=\"https:\/\/i0.wp.com\/blogdoprosperi.com\/wp-content\/uploads\/2016\/10\/622_607425a8-9544-3e7a-bc84-49f19f9efab1-1.jpg?fit=622%2C350&amp;ssl=1\" class=\"alignnone size-full wp-image-30126\" src=\"https:\/\/i0.wp.com\/blogdoprosperi.com\/wp-content\/uploads\/2016\/10\/622_607425a8-9544-3e7a-bc84-49f19f9efab1-1.jpg?resize=622%2C350&#038;ssl=1\" alt=\"622_607425a8-9544-3e7a-bc84-49f19f9efab1-1\" width=\"622\" height=\"350\" \/><\/span><\/p>\n<p>De domingo (23\/10) a esta quinta-feira (27\/10), dois acontecimentos dentro do Maracan\u00e3 e do Mineir\u00e3o alcan\u00e7am enorme repercuss\u00e3o em todo o Brasil. No Rio, 31 corintianos est\u00e3o detidos aguardando julgamento por se envolverem em confrontos com a Pol\u00edcia Militar no est\u00e1dio s\u00edmbolo do futebol brasileiro antes do jogo Flamengo x Corinthians. Em Belo Horizonte, se registrou a morte de um torcedor dentro da arena mineira nesta noite de quarta-feira durante a partida Cruzeiro x Gr\u00eamio. Epis\u00f3dios de extrema gravidade. A CBF, gestora e dona do poder do futebol no Pa\u00eds, ainda n\u00e3o havia se manifestado sobre os incidentes at\u00e9 \u00e0s 16h15 desta quinta-feira. Um descalabro.<!--more--><\/p>\n<p>O sil\u00eancio da CBF \u00e9 no m\u00ednimo constrangedor. Os dois casos aconteceram em jogos de competi\u00e7\u00f5es nacionais, Brasileir\u00e3o e Copa do Brasil, organizados pela CBF. Eventos que rendem generosos contratos de publicidade \u00e0 entidade.<\/p>\n<p>Nem o argumento que a batalha entre corintianos e PM do Rio e a morte de um torcedor dentro do Mineir\u00e3o s\u00e3o de responsabilidade das for\u00e7as de seguran\u00e7a serve como desculpa \u00e0 CBF.<\/p>\n<p>Todos os envolvidos nos epis\u00f3dios j\u00e1 se manifestaram. No caso do Maracan\u00e3, Flamengo divulgou nota oficial em apoio a a\u00e7\u00e3o da PM, o Corinthians condenou. PM e a Justi\u00e7a do Rio tamb\u00e9m apresentaram suas vers\u00f5es. Entre os 31 detidos, alguns questionam o ato alegando que n\u00e3o participaram da batalha, seriam inocentes. Relatos de familiares exp\u00f5em o drama de alguns deles.<\/p>\n<p><span class=\"alignnone\"><img data-recalc-dims=\"1\" loading=\"lazy\" decoding=\"async\" data-attachment-id=\"29925\" data-permalink=\"https:\/\/blogdoprosperi.com\/?attachment_id=29925\" data-orig-file=\"https:\/\/i0.wp.com\/blogdoprosperi.com\/wp-content\/uploads\/2016\/10\/ei.jpg?fit=690%2C320&amp;ssl=1\" data-orig-size=\"690,320\" data-comments-opened=\"1\" data-image-meta=\"{&quot;aperture&quot;:&quot;0&quot;,&quot;credit&quot;:&quot;&quot;,&quot;camera&quot;:&quot;&quot;,&quot;caption&quot;:&quot;&quot;,&quot;created_timestamp&quot;:&quot;0&quot;,&quot;copyright&quot;:&quot;&quot;,&quot;focal_length&quot;:&quot;0&quot;,&quot;iso&quot;:&quot;0&quot;,&quot;shutter_speed&quot;:&quot;0&quot;,&quot;title&quot;:&quot;&quot;,&quot;orientation&quot;:&quot;0&quot;}\" data-image-title=\"ei\" data-image-description=\"\" data-image-caption=\"\" data-large-file=\"https:\/\/i0.wp.com\/blogdoprosperi.com\/wp-content\/uploads\/2016\/10\/ei.jpg?fit=690%2C320&amp;ssl=1\" class=\"alignnone size-full wp-image-29925\" src=\"https:\/\/i0.wp.com\/blogdoprosperi.com\/wp-content\/uploads\/2016\/10\/ei.jpg?resize=690%2C320&#038;ssl=1\" alt=\"ei\" width=\"690\" height=\"320\" \/><\/span>No incidente no Mineir\u00e3o, a situa\u00e7\u00e3o \u00e9 mais grave ainda. O torcedor do Cruzeiro, Eros D\u00e1tilo Beliz\u00e1rio, de 37 anos, teria sido morto por a\u00e7\u00e3o de seguran\u00e7as dentro do Mineir\u00e3o. A primeira vers\u00e3o era de que ele havia sofrido um enfarte.<\/p>\n<p>Nota oficial da Secretaria Municipal de Sa\u00fade \u00a0(SMSA) de Belo Horizonte diz que &#8220;paciente E.D.B. deu entrada no Hospital Metropolitano Odilon Behrens, \u00e0s 23h07, encaminhado via ambul\u00e2ncia privada que atende ao Mineir\u00e3o. O paciente chegou ao hospital j\u00e1 sem vida &#8211; apresentando m\u00faltiplos traumas &#8211; e o \u00f3bito foi declarado \u00e0s 23h16&#8221;.<\/p>\n<p>O torcedor teria sido agredido por um seguran\u00e7a por causa de um tumulto nas arquibancadas do Mineir\u00e3o. Pol\u00edcia Militar confirma que seguran\u00e7as foram acionados na hora da confus\u00e3o. Pol\u00edcia Civil de Minas j\u00e1 abriu inqu\u00e9rito. Cruzeiro e Arena Minas, gestora do Mineir\u00e3o, emitiram nota a respeito do caso.<\/p>\n<p>Bom lembrar que o Mineir\u00e3o ser\u00e1 palco do jogo Brasil x Argentina, dia 10\/11, pelas Eliminat\u00f3rias da Copa do Mundo de 2018.<\/p>\n<p>Em S\u00e3o Paulo, Secretaria de Seguran\u00e7a P\u00fablica do Estado h\u00e1 cinco meses decretou torcida \u00fanica nos cl\u00e1ssicos paulistas nas arenas. Minist\u00e9rio P\u00fablico de SP vetou no domingo (23\/10) o acesso de torcedores em ruas aos arredores do Allianz Parque, est\u00e1dio do Palmeiras.<\/p>\n<p><span class=\"alignnone\"><img data-recalc-dims=\"1\" loading=\"lazy\" decoding=\"async\" data-attachment-id=\"30131\" data-permalink=\"https:\/\/blogdoprosperi.com\/?attachment_id=30131\" data-orig-file=\"https:\/\/i0.wp.com\/blogdoprosperi.com\/wp-content\/uploads\/2016\/10\/622_6335fbb3-9ed2-3912-9626-4fdcfa03acd2.jpg?fit=622%2C350&amp;ssl=1\" data-orig-size=\"622,350\" data-comments-opened=\"1\" data-image-meta=\"{&quot;aperture&quot;:&quot;0&quot;,&quot;credit&quot;:&quot;&quot;,&quot;camera&quot;:&quot;&quot;,&quot;caption&quot;:&quot;&quot;,&quot;created_timestamp&quot;:&quot;0&quot;,&quot;copyright&quot;:&quot;&quot;,&quot;focal_length&quot;:&quot;0&quot;,&quot;iso&quot;:&quot;0&quot;,&quot;shutter_speed&quot;:&quot;0&quot;,&quot;title&quot;:&quot;&quot;,&quot;orientation&quot;:&quot;0&quot;}\" data-image-title=\"Del Nero corre para eleger seu sucessor na CBF\" data-image-description=\"\" data-image-caption=\"&lt;p&gt;Del Nero corre risco de ser banido do futebol pela Fifa dia 15 de mar\u00e7o \u2013 foto: CBF&lt;\/p&gt;\n\" data-large-file=\"https:\/\/i0.wp.com\/blogdoprosperi.com\/wp-content\/uploads\/2016\/10\/622_6335fbb3-9ed2-3912-9626-4fdcfa03acd2.jpg?fit=622%2C350&amp;ssl=1\" class=\"alignnone size-full wp-image-30131\" src=\"https:\/\/i0.wp.com\/blogdoprosperi.com\/wp-content\/uploads\/2016\/10\/622_6335fbb3-9ed2-3912-9626-4fdcfa03acd2.jpg?resize=622%2C350&#038;ssl=1\" alt=\"622_6335fbb3-9ed2-3912-9626-4fdcfa03acd2\" width=\"622\" height=\"350\" \/><\/span><\/p>\n<p>Em nenhum desses casos, a CBF se manifestou. A sist\u00eamica viol\u00eancia no futebol brasileiro, parece, n\u00e3o incomoda os dirigentes da CBF. Eles preferem tapar o nariz e se esconder nos bunkers das salas frias do ar condicionado na sede da entidade.<\/p>\n<p>&nbsp;<\/p>\n","protected":false},"excerpt":{"rendered":"<p>De domingo (23\/10) a esta quinta-feira (27\/10), dois acontecimentos dentro do Maracan\u00e3 e do Mineir\u00e3o alcan\u00e7am enorme repercuss\u00e3o [&hellip;]<\/p>\n","protected":false},"author":102107496,"featured_media":0,"comment_status":"open","ping_status":"open","sticky":false,"template":"","format":"standard","meta":{"_coblocks_attr":"","_coblocks_dimensions":"","_coblocks_responsive_height":"","_coblocks_accordion_ie_support":"","_jetpack_newsletter_access":"","_jetpack_dont_email_post_to_subs":false,"_jetpack_newsletter_tier_id":0,"_jetpack_memberships_contains_paywalled_content":false,"_wpcom_ai_launchpad_first_post":false,"_jetpack_feature_clip_id":0,"_jetpack_memberships_contains_paid_content":false,"footnotes":"","jetpack_publicize_message":"","jetpack_publicize_feature_enabled":true,"jetpack_social_post_already_shared":false,"jetpack_social_options":{"image_generator_settings":{"template":"highway","default_image_id":0,"font":"","enabled":false},"version":2},"jetpack_post_was_ever_published":false},"categories":[355071,53870],"tags":[362595295,789560569,789560570,545671822,545671821,544758914,789560560,408967,1312872],"class_list":["post-30078","post","type-post","status-publish","format-standard","hentry","category-campeonato-brasileiro","category-futebol","tag-brasileirao-2016","tag-cbf","tag-copa-do-brasil","tag-cruzeiro-0-x-2-gremio","tag-eros-dactilo-belizardo","tag-flamengo-2-x-2-corinthians","tag-futebol","tag-maracana","tag-mineirao"],"yoast_head":"<!-- This site is optimized with the Yoast SEO plugin v28.4 - https:\/\/yoast.com\/product\/yoast-seo-wordpress\/ -->\n<title>CBF tapa nariz no caso da morte no Mineir\u00e3o e batalha no Maracan\u00e3 - PR\u00d3SPERI NEWS<\/title>\n<meta name=\"robots\" content=\"index, follow, max-snippet:-1, max-image-preview:large, max-video-preview:-1\" \/>\n<link rel=\"canonical\" href=\"https:\/\/blogdoprosperi.com\/?p=30078\" \/>\n<meta property=\"og:locale\" content=\"pt_BR\" \/>\n<meta property=\"og:type\" content=\"article\" \/>\n<meta property=\"og:title\" content=\"CBF tapa nariz no caso da morte no Mineir\u00e3o e batalha no Maracan\u00e3 - PR\u00d3SPERI NEWS\" \/>\n<meta property=\"og:description\" content=\"De domingo (23\/10) a esta quinta-feira (27\/10), dois acontecimentos dentro do Maracan\u00e3 e do Mineir\u00e3o alcan\u00e7am enorme repercuss\u00e3o [&hellip;]\" \/>\n<meta property=\"og:url\" content=\"https:\/\/blogdoprosperi.com\/?p=30078\" \/>\n<meta property=\"og:site_name\" content=\"PR\u00d3SPERI NEWS\" \/>\n<meta property=\"article:publisher\" content=\"Luiz Pr\u00f3speri\" \/>\n<meta property=\"article:author\" content=\"Luiz Pr\u00f3speri\" \/>\n<meta property=\"article:published_time\" content=\"2016-10-27T18:59:49+00:00\" \/>\n<meta property=\"og:image\" content=\"https:\/\/blogdoprosperi.com\/wp-content\/uploads\/2016\/10\/622_607425a8-9544-3e7a-bc84-49f19f9efab1-1.jpg\" \/>\n<meta name=\"author\" content=\"Luiz Ant\u00f4nio Pr\u00f3speri\" \/>\n<meta name=\"twitter:card\" content=\"summary_large_image\" \/>\n<meta name=\"twitter:creator\" content=\"@Luizprosperi\" \/>\n<meta name=\"twitter:site\" content=\"@Luizprosperi\" \/>\n<meta name=\"twitter:label1\" content=\"Escrito por\" \/>\n\t<meta name=\"twitter:data1\" content=\"Luiz Ant\u00f4nio Pr\u00f3speri\" \/>\n\t<meta name=\"twitter:label2\" content=\"Est. tempo de leitura\" \/>\n\t<meta name=\"twitter:data2\" content=\"3 minutos\" \/>\n<script type=\"application\/ld+json\" class=\"yoast-schema-graph\">{\"@context\":\"https:\\\/\\\/schema.org\",\"@graph\":[{\"@type\":\"Article\",\"@id\":\"https:\\\/\\\/blogdoprosperi.com\\\/?p=30078#article\",\"isPartOf\":{\"@id\":\"https:\\\/\\\/blogdoprosperi.com\\\/?p=30078\"},\"author\":{\"name\":\"Luiz Ant\u00f4nio Pr\u00f3speri\",\"@id\":\"https:\\\/\\\/blogdoprosperi.com\\\/#\\\/schema\\\/person\\\/38100755ce3601861ee4fab9b5aa78e9\"},\"headline\":\"CBF tapa nariz no caso da morte no Mineir\u00e3o e batalha no Maracan\u00e3\",\"datePublished\":\"2016-10-27T18:59:49+00:00\",\"mainEntityOfPage\":{\"@id\":\"https:\\\/\\\/blogdoprosperi.com\\\/?p=30078\"},\"wordCount\":541,\"commentCount\":3,\"publisher\":{\"@id\":\"https:\\\/\\\/blogdoprosperi.com\\\/#\\\/schema\\\/person\\\/38100755ce3601861ee4fab9b5aa78e9\"},\"image\":{\"@id\":\"https:\\\/\\\/blogdoprosperi.com\\\/?p=30078#primaryimage\"},\"thumbnailUrl\":\"https:\\\/\\\/blogdoprosperi.com\\\/wp-content\\\/uploads\\\/2016\\\/10\\\/622_607425a8-9544-3e7a-bc84-49f19f9efab1-1.jpg\",\"keywords\":[\"Brasileir\u00e3o-2016\",\"CBF\",\"Copa do Brasil\",\"Cruzeiro 0 x 2 Gr\u00eamio\",\"Eros D\u00e1ctilo Belizardo\",\"Flamengo 2 x 2 Corinthians\",\"futebol\",\"Maracan\u00e3\",\"Mineir\u00e3o\"],\"articleSection\":[\"Campeonato Brasileiro\",\"futebol\"],\"inLanguage\":\"pt-BR\",\"potentialAction\":[{\"@type\":\"CommentAction\",\"name\":\"Comment\",\"target\":[\"https:\\\/\\\/blogdoprosperi.com\\\/?p=30078#respond\"]}]},{\"@type\":\"WebPage\",\"@id\":\"https:\\\/\\\/blogdoprosperi.com\\\/?p=30078\",\"url\":\"https:\\\/\\\/blogdoprosperi.com\\\/?p=30078\",\"name\":\"CBF tapa nariz no caso da morte no Mineir\u00e3o e batalha no Maracan\u00e3 - PR\u00d3SPERI NEWS\",\"isPartOf\":{\"@id\":\"https:\\\/\\\/blogdoprosperi.com\\\/#website\"},\"primaryImageOfPage\":{\"@id\":\"https:\\\/\\\/blogdoprosperi.com\\\/?p=30078#primaryimage\"},\"image\":{\"@id\":\"https:\\\/\\\/blogdoprosperi.com\\\/?p=30078#primaryimage\"},\"thumbnailUrl\":\"https:\\\/\\\/blogdoprosperi.com\\\/wp-content\\\/uploads\\\/2016\\\/10\\\/622_607425a8-9544-3e7a-bc84-49f19f9efab1-1.jpg\",\"datePublished\":\"2016-10-27T18:59:49+00:00\",\"breadcrumb\":{\"@id\":\"https:\\\/\\\/blogdoprosperi.com\\\/?p=30078#breadcrumb\"},\"inLanguage\":\"pt-BR\",\"potentialAction\":[{\"@type\":\"ReadAction\",\"target\":[\"https:\\\/\\\/blogdoprosperi.com\\\/?p=30078\"]}]},{\"@type\":\"ImageObject\",\"inLanguage\":\"pt-BR\",\"@id\":\"https:\\\/\\\/blogdoprosperi.com\\\/?p=30078#primaryimage\",\"url\":\"https:\\\/\\\/i0.wp.com\\\/blogdoprosperi.com\\\/wp-content\\\/uploads\\\/2016\\\/10\\\/622_607425a8-9544-3e7a-bc84-49f19f9efab1-1.jpg?fit=622%2C350&ssl=1\",\"contentUrl\":\"https:\\\/\\\/i0.wp.com\\\/blogdoprosperi.com\\\/wp-content\\\/uploads\\\/2016\\\/10\\\/622_607425a8-9544-3e7a-bc84-49f19f9efab1-1.jpg?fit=622%2C350&ssl=1\",\"width\":622,\"height\":350},{\"@type\":\"BreadcrumbList\",\"@id\":\"https:\\\/\\\/blogdoprosperi.com\\\/?p=30078#breadcrumb\",\"itemListElement\":[{\"@type\":\"ListItem\",\"position\":1,\"name\":\"In\u00edcio\",\"item\":\"https:\\\/\\\/blogdoprosperi.com\\\/\"},{\"@type\":\"ListItem\",\"position\":2,\"name\":\"CBF tapa nariz no caso da morte no Mineir\u00e3o e batalha no Maracan\u00e3\"}]},{\"@type\":\"WebSite\",\"@id\":\"https:\\\/\\\/blogdoprosperi.com\\\/#website\",\"url\":\"https:\\\/\\\/blogdoprosperi.com\\\/\",\"name\":\"PR\u00d3SPERI NEWS\",\"description\":\"TUDO \u00c9  FUTEBOL\",\"publisher\":{\"@id\":\"https:\\\/\\\/blogdoprosperi.com\\\/#\\\/schema\\\/person\\\/38100755ce3601861ee4fab9b5aa78e9\"},\"alternateName\":\"blogdoprosperi.com\",\"potentialAction\":[{\"@type\":\"SearchAction\",\"target\":{\"@type\":\"EntryPoint\",\"urlTemplate\":\"https:\\\/\\\/blogdoprosperi.com\\\/?s={search_term_string}\"},\"query-input\":{\"@type\":\"PropertyValueSpecification\",\"valueRequired\":true,\"valueName\":\"search_term_string\"}}],\"inLanguage\":\"pt-BR\"},{\"@type\":[\"Person\",\"Organization\"],\"@id\":\"https:\\\/\\\/blogdoprosperi.com\\\/#\\\/schema\\\/person\\\/38100755ce3601861ee4fab9b5aa78e9\",\"name\":\"Luiz Ant\u00f4nio Pr\u00f3speri\",\"pronouns\":\"ele\",\"image\":{\"@type\":\"ImageObject\",\"inLanguage\":\"pt-BR\",\"@id\":\"https:\\\/\\\/i0.wp.com\\\/blogdoprosperi.com\\\/wp-content\\\/uploads\\\/2026\\\/05\\\/cropped-8059e613-6002-42fa-961e-8e275f575d71-2-5.jpg?fit=1360%2C931&ssl=1\",\"url\":\"https:\\\/\\\/i0.wp.com\\\/blogdoprosperi.com\\\/wp-content\\\/uploads\\\/2026\\\/05\\\/cropped-8059e613-6002-42fa-961e-8e275f575d71-2-5.jpg?fit=1360%2C931&ssl=1\",\"contentUrl\":\"https:\\\/\\\/i0.wp.com\\\/blogdoprosperi.com\\\/wp-content\\\/uploads\\\/2026\\\/05\\\/cropped-8059e613-6002-42fa-961e-8e275f575d71-2-5.jpg?fit=1360%2C931&ssl=1\",\"width\":1360,\"height\":931,\"caption\":\"Luiz Ant\u00f4nio Pr\u00f3speri\"},\"logo\":{\"@id\":\"https:\\\/\\\/i0.wp.com\\\/blogdoprosperi.com\\\/wp-content\\\/uploads\\\/2026\\\/05\\\/cropped-8059e613-6002-42fa-961e-8e275f575d71-2-5.jpg?fit=1360%2C931&ssl=1\"},\"description\":\"Jornalista com carreira dedicada ao esporte. Cobriu 9 Copas do Mundo in loco, 1990 na It\u00e1lia, 1994 nos EUA, 1998 na Fran\u00e7a, 2002 na Coreia do Sul e Jap\u00e3o, 2006 na Alemanha, 2010 na \u00c1frica do Sul, 2014 no Brasil, 2018 na R\u00fassia e 2022 no Qatar. Eurocopas, 1992 na Su\u00e9cia e 1996 na Inglaterra. Copa das Confedera\u00e7\u00f5es de 2005 na Alemanha e 2009 na \u00c1frica do Sul. Rep\u00f3rter e Editor, trabalhou no Jornal da Tarde e Estad\u00e3o, de 1984 a fevereiro de 2016. Colunista, blogueiro. E comentarista de futebol na R\u00e1dio Estad\u00e3o, de 2013 a fevereiro de 2016. Jornalista respons\u00e1vel do \\\"Pr\u00f3speri News\\\" (blogdoprosperi.com).\",\"sameAs\":[\"http:\\\/\\\/blogdoprosperi.com\",\"Luiz Pr\u00f3speri\",\"@luiz_prosperi\",\"https:\\\/\\\/x.com\\\/Luizprosperi\",\"@prosperinacopa\",\"luiz.prosperi@icloud.com\"],\"url\":\"https:\\\/\\\/blogdoprosperi.com\\\/?author=102107496\"}]}<\/script>\n<!-- \/ Yoast SEO plugin. -->","yoast_head_json":{"title":"CBF tapa nariz no caso da morte no Mineir\u00e3o e batalha no Maracan\u00e3 - PR\u00d3SPERI NEWS","robots":{"index":"index","follow":"follow","max-snippet":"max-snippet:-1","max-image-preview":"max-image-preview:large","max-video-preview":"max-video-preview:-1"},"canonical":"https:\/\/blogdoprosperi.com\/?p=30078","og_locale":"pt_BR","og_type":"article","og_title":"CBF tapa nariz no caso da morte no Mineir\u00e3o e batalha no Maracan\u00e3 - PR\u00d3SPERI NEWS","og_description":"De domingo (23\/10) a esta quinta-feira (27\/10), dois acontecimentos dentro do Maracan\u00e3 e do Mineir\u00e3o alcan\u00e7am enorme repercuss\u00e3o [&hellip;]","og_url":"https:\/\/blogdoprosperi.com\/?p=30078","og_site_name":"PR\u00d3SPERI NEWS","article_publisher":"Luiz Pr\u00f3speri","article_author":"Luiz Pr\u00f3speri","article_published_time":"2016-10-27T18:59:49+00:00","og_image":[{"url":"https:\/\/blogdoprosperi.com\/wp-content\/uploads\/2016\/10\/622_607425a8-9544-3e7a-bc84-49f19f9efab1-1.jpg","type":"","width":"","height":""}],"author":"Luiz Ant\u00f4nio Pr\u00f3speri","twitter_card":"summary_large_image","twitter_creator":"@Luizprosperi","twitter_site":"@Luizprosperi","twitter_misc":{"Escrito por":"Luiz Ant\u00f4nio Pr\u00f3speri","Est. tempo de leitura":"3 minutos"},"schema":{"@context":"https:\/\/schema.org","@graph":[{"@type":"Article","@id":"https:\/\/blogdoprosperi.com\/?p=30078#article","isPartOf":{"@id":"https:\/\/blogdoprosperi.com\/?p=30078"},"author":{"name":"Luiz Ant\u00f4nio Pr\u00f3speri","@id":"https:\/\/blogdoprosperi.com\/#\/schema\/person\/38100755ce3601861ee4fab9b5aa78e9"},"headline":"CBF tapa nariz no caso da morte no Mineir\u00e3o e batalha no Maracan\u00e3","datePublished":"2016-10-27T18:59:49+00:00","mainEntityOfPage":{"@id":"https:\/\/blogdoprosperi.com\/?p=30078"},"wordCount":541,"commentCount":3,"publisher":{"@id":"https:\/\/blogdoprosperi.com\/#\/schema\/person\/38100755ce3601861ee4fab9b5aa78e9"},"image":{"@id":"https:\/\/blogdoprosperi.com\/?p=30078#primaryimage"},"thumbnailUrl":"https:\/\/blogdoprosperi.com\/wp-content\/uploads\/2016\/10\/622_607425a8-9544-3e7a-bc84-49f19f9efab1-1.jpg","keywords":["Brasileir\u00e3o-2016","CBF","Copa do Brasil","Cruzeiro 0 x 2 Gr\u00eamio","Eros D\u00e1ctilo Belizardo","Flamengo 2 x 2 Corinthians","futebol","Maracan\u00e3","Mineir\u00e3o"],"articleSection":["Campeonato Brasileiro","futebol"],"inLanguage":"pt-BR","potentialAction":[{"@type":"CommentAction","name":"Comment","target":["https:\/\/blogdoprosperi.com\/?p=30078#respond"]}]},{"@type":"WebPage","@id":"https:\/\/blogdoprosperi.com\/?p=30078","url":"https:\/\/blogdoprosperi.com\/?p=30078","name":"CBF tapa nariz no caso da morte no Mineir\u00e3o e batalha no Maracan\u00e3 - PR\u00d3SPERI NEWS","isPartOf":{"@id":"https:\/\/blogdoprosperi.com\/#website"},"primaryImageOfPage":{"@id":"https:\/\/blogdoprosperi.com\/?p=30078#primaryimage"},"image":{"@id":"https:\/\/blogdoprosperi.com\/?p=30078#primaryimage"},"thumbnailUrl":"https:\/\/blogdoprosperi.com\/wp-content\/uploads\/2016\/10\/622_607425a8-9544-3e7a-bc84-49f19f9efab1-1.jpg","datePublished":"2016-10-27T18:59:49+00:00","breadcrumb":{"@id":"https:\/\/blogdoprosperi.com\/?p=30078#breadcrumb"},"inLanguage":"pt-BR","potentialAction":[{"@type":"ReadAction","target":["https:\/\/blogdoprosperi.com\/?p=30078"]}]},{"@type":"ImageObject","inLanguage":"pt-BR","@id":"https:\/\/blogdoprosperi.com\/?p=30078#primaryimage","url":"https:\/\/i0.wp.com\/blogdoprosperi.com\/wp-content\/uploads\/2016\/10\/622_607425a8-9544-3e7a-bc84-49f19f9efab1-1.jpg?fit=622%2C350&ssl=1","contentUrl":"https:\/\/i0.wp.com\/blogdoprosperi.com\/wp-content\/uploads\/2016\/10\/622_607425a8-9544-3e7a-bc84-49f19f9efab1-1.jpg?fit=622%2C350&ssl=1","width":622,"height":350},{"@type":"BreadcrumbList","@id":"https:\/\/blogdoprosperi.com\/?p=30078#breadcrumb","itemListElement":[{"@type":"ListItem","position":1,"name":"In\u00edcio","item":"https:\/\/blogdoprosperi.com\/"},{"@type":"ListItem","position":2,"name":"CBF tapa nariz no caso da morte no Mineir\u00e3o e batalha no Maracan\u00e3"}]},{"@type":"WebSite","@id":"https:\/\/blogdoprosperi.com\/#website","url":"https:\/\/blogdoprosperi.com\/","name":"PR\u00d3SPERI NEWS","description":"TUDO \u00c9  FUTEBOL","publisher":{"@id":"https:\/\/blogdoprosperi.com\/#\/schema\/person\/38100755ce3601861ee4fab9b5aa78e9"},"alternateName":"blogdoprosperi.com","potentialAction":[{"@type":"SearchAction","target":{"@type":"EntryPoint","urlTemplate":"https:\/\/blogdoprosperi.com\/?s={search_term_string}"},"query-input":{"@type":"PropertyValueSpecification","valueRequired":true,"valueName":"search_term_string"}}],"inLanguage":"pt-BR"},{"@type":["Person","Organization"],"@id":"https:\/\/blogdoprosperi.com\/#\/schema\/person\/38100755ce3601861ee4fab9b5aa78e9","name":"Luiz Ant\u00f4nio Pr\u00f3speri","pronouns":"ele","image":{"@type":"ImageObject","inLanguage":"pt-BR","@id":"https:\/\/i0.wp.com\/blogdoprosperi.com\/wp-content\/uploads\/2026\/05\/cropped-8059e613-6002-42fa-961e-8e275f575d71-2-5.jpg?fit=1360%2C931&ssl=1","url":"https:\/\/i0.wp.com\/blogdoprosperi.com\/wp-content\/uploads\/2026\/05\/cropped-8059e613-6002-42fa-961e-8e275f575d71-2-5.jpg?fit=1360%2C931&ssl=1","contentUrl":"https:\/\/i0.wp.com\/blogdoprosperi.com\/wp-content\/uploads\/2026\/05\/cropped-8059e613-6002-42fa-961e-8e275f575d71-2-5.jpg?fit=1360%2C931&ssl=1","width":1360,"height":931,"caption":"Luiz Ant\u00f4nio Pr\u00f3speri"},"logo":{"@id":"https:\/\/i0.wp.com\/blogdoprosperi.com\/wp-content\/uploads\/2026\/05\/cropped-8059e613-6002-42fa-961e-8e275f575d71-2-5.jpg?fit=1360%2C931&ssl=1"},"description":"Jornalista com carreira dedicada ao esporte. Cobriu 9 Copas do Mundo in loco, 1990 na It\u00e1lia, 1994 nos EUA, 1998 na Fran\u00e7a, 2002 na Coreia do Sul e Jap\u00e3o, 2006 na Alemanha, 2010 na \u00c1frica do Sul, 2014 no Brasil, 2018 na R\u00fassia e 2022 no Qatar. Eurocopas, 1992 na Su\u00e9cia e 1996 na Inglaterra. Copa das Confedera\u00e7\u00f5es de 2005 na Alemanha e 2009 na \u00c1frica do Sul. Rep\u00f3rter e Editor, trabalhou no Jornal da Tarde e Estad\u00e3o, de 1984 a fevereiro de 2016. Colunista, blogueiro. E comentarista de futebol na R\u00e1dio Estad\u00e3o, de 2013 a fevereiro de 2016. Jornalista respons\u00e1vel do \"Pr\u00f3speri News\" (blogdoprosperi.com).","sameAs":["http:\/\/blogdoprosperi.com","Luiz Pr\u00f3speri","@luiz_prosperi","https:\/\/x.com\/Luizprosperi","@prosperinacopa","luiz.prosperi@icloud.com"],"url":"https:\/\/blogdoprosperi.com\/?author=102107496"}]}},"jetpack_publicize_connections":[],"jetpack_likes_enabled":false,"jetpack_sharing_enabled":true,"jetpack_shortlink":"https:\/\/wp.me\/p7jvdk-7P8","jetpack-related-posts":[{"id":54204,"url":"https:\/\/blogdoprosperi.com\/?p=54204","url_meta":{"origin":30078,"position":0},"title":"Copa do Brasil | A Quem Interessa?","author":"Luiz Ant\u00f4nio Pr\u00f3speri","date":"1 de agosto de 2025","format":false,"excerpt":"Luiz Ant\u00f4nio Pr\u00f3speri \u2013 1 agosto 2025 (12h07) \u2013 Copa do Brasil paga ao campe\u00e3o algo perto de R$ 100 milh\u00f5es na soma geral de fases e premia\u00e7\u00e3o. Grana alta. Qual clube brasileiro desprezaria essa f\u00e1bula? Nenhum. Apontada como a mais democr\u00e1tica das competi\u00e7\u00f5es nacionais, a CB n\u00e3o \u00e9 levada\u2026","rel":"","context":"Em &quot;Copa do Brasil&quot;","block_context":{"text":"Copa do Brasil","link":"https:\/\/blogdoprosperi.com\/?cat=821950"},"img":{"alt_text":"Atl\u00e9tico-MG vence Flamengo na Copa do Brasil","src":"https:\/\/i0.wp.com\/blogdoprosperi.com\/wp-content\/uploads\/2025\/08\/whatsapp-image-2025-07-31-at-23.50.35-1.jpg?fit=1200%2C800&ssl=1&resize=350%2C200","width":350,"height":200,"srcset":"https:\/\/i0.wp.com\/blogdoprosperi.com\/wp-content\/uploads\/2025\/08\/whatsapp-image-2025-07-31-at-23.50.35-1.jpg?fit=1200%2C800&ssl=1&resize=350%2C200 1x, https:\/\/i0.wp.com\/blogdoprosperi.com\/wp-content\/uploads\/2025\/08\/whatsapp-image-2025-07-31-at-23.50.35-1.jpg?fit=1200%2C800&ssl=1&resize=525%2C300 1.5x, https:\/\/i0.wp.com\/blogdoprosperi.com\/wp-content\/uploads\/2025\/08\/whatsapp-image-2025-07-31-at-23.50.35-1.jpg?fit=1200%2C800&ssl=1&resize=700%2C400 2x, https:\/\/i0.wp.com\/blogdoprosperi.com\/wp-content\/uploads\/2025\/08\/whatsapp-image-2025-07-31-at-23.50.35-1.jpg?fit=1200%2C800&ssl=1&resize=1050%2C600 3x"},"classes":[]},{"id":46700,"url":"https:\/\/blogdoprosperi.com\/?p=46700","url_meta":{"origin":30078,"position":1},"title":"John Textor | I Love Flamengo","author":"Luiz Ant\u00f4nio Pr\u00f3speri","date":"2 de dezembro de 2024","format":false,"excerpt":"Luiz Ant\u00f4nio Pr\u00f3speri \u2013 2 dezembro (10h35) \u2013 Praia de Botafogo abarrotada de torcedores, domingo (01\/12), \u00e0 noite. Tr\u00eas trios el\u00e9tricos embalando a massa. Do alto de um deles, o americano John Textor se esbalda na comemora\u00e7\u00e3o da conquista da Libertadores da Am\u00e9rica. Ao ser entrevistado por uma rep\u00f3rter do\u2026","rel":"","context":"Em &quot;futebol&quot;","block_context":{"text":"futebol","link":"https:\/\/blogdoprosperi.com\/?cat=53870"},"img":{"alt_text":"Textor repete gesto de Tulio Maravilha em 1995","src":"https:\/\/i0.wp.com\/blogdoprosperi.com\/wp-content\/uploads\/2024\/12\/john-textor-replica-tulio-maravilha-em-chegada-epica-do-botafogo-ao-rio2c-apos-titulo-da-libertadores.jpg.webp?fit=984%2C656&ssl=1&resize=350%2C200","width":350,"height":200,"srcset":"https:\/\/i0.wp.com\/blogdoprosperi.com\/wp-content\/uploads\/2024\/12\/john-textor-replica-tulio-maravilha-em-chegada-epica-do-botafogo-ao-rio2c-apos-titulo-da-libertadores.jpg.webp?fit=984%2C656&ssl=1&resize=350%2C200 1x, https:\/\/i0.wp.com\/blogdoprosperi.com\/wp-content\/uploads\/2024\/12\/john-textor-replica-tulio-maravilha-em-chegada-epica-do-botafogo-ao-rio2c-apos-titulo-da-libertadores.jpg.webp?fit=984%2C656&ssl=1&resize=525%2C300 1.5x, https:\/\/i0.wp.com\/blogdoprosperi.com\/wp-content\/uploads\/2024\/12\/john-textor-replica-tulio-maravilha-em-chegada-epica-do-botafogo-ao-rio2c-apos-titulo-da-libertadores.jpg.webp?fit=984%2C656&ssl=1&resize=700%2C400 2x"},"classes":[]},{"id":61848,"url":"https:\/\/blogdoprosperi.com\/?p=61848","url_meta":{"origin":30078,"position":2},"title":"Ao Vivo 11 jogos: para voc\u00ea ficar ligado na TV e Youtube neste fim de semana","author":"Luiz Ant\u00f4nio Pr\u00f3speri","date":"7 de agosto de 2026","format":false,"excerpt":"Fim de Semana \u2013 8 e 9 agosto 2026 Futebol neste fim de semana (08 e 09\/8) tem Sele\u00e7\u00e3o Brasileira Sub-20, com a gera\u00e7\u00e3o da Copa do Mundo 2030 entrando em campo. E a 22\u00aa rodada completa \u00a0do Brasileir\u00e3o 2026 na volta do campeonato ap\u00f3s pausa para os jogos das\u2026","rel":"","context":"Em &quot;brasileir\u00e3o 2026&quot;","block_context":{"text":"brasileir\u00e3o 2026","link":"https:\/\/blogdoprosperi.com\/?cat=786956679"},"img":{"alt_text":"","src":"https:\/\/i0.wp.com\/blogdoprosperi.com\/wp-content\/uploads\/2026\/08\/Captura-de-Tela-2026-08-07-as-19.23.28.png?fit=1200%2C787&ssl=1&resize=350%2C200","width":350,"height":200,"srcset":"https:\/\/i0.wp.com\/blogdoprosperi.com\/wp-content\/uploads\/2026\/08\/Captura-de-Tela-2026-08-07-as-19.23.28.png?fit=1200%2C787&ssl=1&resize=350%2C200 1x, https:\/\/i0.wp.com\/blogdoprosperi.com\/wp-content\/uploads\/2026\/08\/Captura-de-Tela-2026-08-07-as-19.23.28.png?fit=1200%2C787&ssl=1&resize=525%2C300 1.5x, https:\/\/i0.wp.com\/blogdoprosperi.com\/wp-content\/uploads\/2026\/08\/Captura-de-Tela-2026-08-07-as-19.23.28.png?fit=1200%2C787&ssl=1&resize=700%2C400 2x, https:\/\/i0.wp.com\/blogdoprosperi.com\/wp-content\/uploads\/2026\/08\/Captura-de-Tela-2026-08-07-as-19.23.28.png?fit=1200%2C787&ssl=1&resize=1050%2C600 3x"},"classes":[]},{"id":30141,"url":"https:\/\/blogdoprosperi.com\/?p=30141","url_meta":{"origin":30078,"position":3},"title":"Podres poderes do futebol brasileiro","author":"Luiz Ant\u00f4nio Pr\u00f3speri","date":"28 de outubro de 2016","format":false,"excerpt":"Presidentes de clubes cobram a CBF apenas em dois casos. Primeiro, quando v\u00e3o dividir a grana e, segundo, ao se sentirem prejudicados por erros de arbitragem. De resto, alisam as mangas do palet\u00f3 do presidente para tirar um fiapinho de sujeira e, depois, um beijo na face para selar um\u2026","rel":"","context":"Em &quot;Campeonato Brasileiro&quot;","block_context":{"text":"Campeonato Brasileiro","link":"https:\/\/blogdoprosperi.com\/?cat=355071"},"img":{"alt_text":"","src":"https:\/\/i0.wp.com\/blogdoprosperi.com\/wp-content\/uploads\/2016\/10\/e6c161_dd3a09aaf02d4d9aa5a87c53f3f92fb2.jpg?resize=350%2C200&ssl=1","width":350,"height":200,"srcset":"https:\/\/i0.wp.com\/blogdoprosperi.com\/wp-content\/uploads\/2016\/10\/e6c161_dd3a09aaf02d4d9aa5a87c53f3f92fb2.jpg?resize=350%2C200&ssl=1 1x, https:\/\/i0.wp.com\/blogdoprosperi.com\/wp-content\/uploads\/2016\/10\/e6c161_dd3a09aaf02d4d9aa5a87c53f3f92fb2.jpg?resize=525%2C300&ssl=1 1.5x"},"classes":[]},{"id":29405,"url":"https:\/\/blogdoprosperi.com\/?p=29405","url_meta":{"origin":30078,"position":4},"title":"Corinthians sai da Copa do Brasil, uma resposta de Mano Menezes ao presidente Roberto Andrade","author":"Luiz Ant\u00f4nio Pr\u00f3speri","date":"20 de outubro de 2016","format":false,"excerpt":"Corinthians vai ter um fim de temporada de muita press\u00e3o. Ao cair eliminado na Copa do Brasil, com um derrota impactante por 4 a 2 para o Cruzeiro nesta quarta-feira, s\u00f3 tem o Brasileir\u00e3o para se agarrar. Assim mesmo, na desesperada corrida por uma vaga na Libertadores 2017. T\u00edtulo, nem\u2026","rel":"","context":"Em &quot;futebol&quot;","block_context":{"text":"futebol","link":"https:\/\/blogdoprosperi.com\/?cat=53870"},"img":{"alt_text":"","src":"https:\/\/i0.wp.com\/blogdoprosperi.com\/wp-content\/uploads\/2016\/10\/manomouraopandagp.jpg?resize=350%2C200&ssl=1","width":350,"height":200},"classes":[]},{"id":53374,"url":"https:\/\/blogdoprosperi.com\/?p=53374","url_meta":{"origin":30078,"position":5},"title":"Brasileir\u00e3o 2025, De Volta \u00e0 Terra Batida | Entenda a 13.\u00aa Rodada","author":"Luiz Ant\u00f4nio Pr\u00f3speri","date":"14 de julho de 2025","format":false,"excerpt":"\u2295 Gramados entupidos de areia, t\u00e9cnico demitido, arbitragens de baixa qualidade e gols espetaculares \u2295 Crise interna de t\u00e9cnico x \u00eddolo, chilique de estrangeiro, treinador dando gra\u00e7as a Deus depois de derrota Luiz Ant\u00f4nio Pr\u00f3speri \u2013 14 julho (18h10) Brasileir\u00e3o 2025 n\u00e3o muda absolutamente nada depois de 30 dias paralisado\u2026","rel":"","context":"Em &quot;brasileir\u00e3o 2025&quot;","block_context":{"text":"brasileir\u00e3o 2025","link":"https:\/\/blogdoprosperi.com\/?cat=775970846"},"img":{"alt_text":"Vojvoda cai o t\u00e9cnico longevo no Fortaleza","src":"https:\/\/i0.wp.com\/blogdoprosperi.com\/wp-content\/uploads\/2024\/09\/captura-de-tela-2024-09-19-as-12.50.08.png?fit=992%2C846&ssl=1&resize=350%2C200","width":350,"height":200,"srcset":"https:\/\/i0.wp.com\/blogdoprosperi.com\/wp-content\/uploads\/2024\/09\/captura-de-tela-2024-09-19-as-12.50.08.png?fit=992%2C846&ssl=1&resize=350%2C200 1x, https:\/\/i0.wp.com\/blogdoprosperi.com\/wp-content\/uploads\/2024\/09\/captura-de-tela-2024-09-19-as-12.50.08.png?fit=992%2C846&ssl=1&resize=525%2C300 1.5x, https:\/\/i0.wp.com\/blogdoprosperi.com\/wp-content\/uploads\/2024\/09\/captura-de-tela-2024-09-19-as-12.50.08.png?fit=992%2C846&ssl=1&resize=700%2C400 2x"},"classes":[]}],"jetpack_featured_media_url":"","_links":{"self":[{"href":"https:\/\/blogdoprosperi.com\/index.php?rest_route=\/wp\/v2\/posts\/30078","targetHints":{"allow":["GET"]}}],"collection":[{"href":"https:\/\/blogdoprosperi.com\/index.php?rest_route=\/wp\/v2\/posts"}],"about":[{"href":"https:\/\/blogdoprosperi.com\/index.php?rest_route=\/wp\/v2\/types\/post"}],"author":[{"embeddable":true,"href":"https:\/\/blogdoprosperi.com\/index.php?rest_route=\/wp\/v2\/users\/102107496"}],"replies":[{"embeddable":true,"href":"https:\/\/blogdoprosperi.com\/index.php?rest_route=%2Fwp%2Fv2%2Fcomments&post=30078"}],"version-history":[{"count":25,"href":"https:\/\/blogdoprosperi.com\/index.php?rest_route=\/wp\/v2\/posts\/30078\/revisions"}],"predecessor-version":[{"id":30133,"href":"https:\/\/blogdoprosperi.com\/index.php?rest_route=\/wp\/v2\/posts\/30078\/revisions\/30133"}],"wp:attachment":[{"href":"https:\/\/blogdoprosperi.com\/index.php?rest_route=%2Fwp%2Fv2%2Fmedia&parent=30078"}],"wp:term":[{"taxonomy":"category","embeddable":true,"href":"https:\/\/blogdoprosperi.com\/index.php?rest_route=%2Fwp%2Fv2%2Fcategories&post=30078"},{"taxonomy":"post_tag","embeddable":true,"href":"https:\/\/blogdoprosperi.com\/index.php?rest_route=%2Fwp%2Fv2%2Ftags&post=30078"}],"curies":[{"name":"wp","href":"https:\/\/api.w.org\/{rel}","templated":true}]}}